{"id":606349,"date":"2025-05-22T12:54:55","date_gmt":"2025-05-22T15:54:55","guid":{"rendered":"https:\/\/www.suno.com.br\/noticias\/?p=606349"},"modified":"2025-05-22T12:59:01","modified_gmt":"2025-05-22T15:59:01","slug":"mercado-livre-novo-ceo","status":"publish","type":"post","link":"https:\/\/www.suno.com.br\/noticias\/mercado-livre-novo-ceo\/","title":{"rendered":"Mercado Livre (MELI34) ter\u00e1 novo CEO em 1\u00ba de janeiro; XP segue recomendando compra"},"content":{"rendered":"<p>O <strong>Mercado Livre <\/strong>(<a class=\"suno-keyword\" data-force=\"yes\" data-priority=\"2\" href=\"https:\/\/www.suno.com.br\/bdrs\/meli34\/\" target=\"_blank\" rel=\"noopener\">MELI34<\/a>) anunciou nesta semana uma troca em sua c\u00fapula. Marcos Gasperin deixar\u00e1 o cargo de CEO da companhia e assumir\u00e1 a Presid\u00eancia Executiva do Conselho. A mudan\u00e7a acontecer\u00e1 em 1\u00ba de janeiro.<\/p>\t<div class=\"wrapper-featured-image\">\n\t\t<figure class=\"spotlightImg\">\n\n\t\t\t<picture>\n\t\t\t\t<source media=\"(max-width: 768px)\" srcset=\"https:\/\/files.sunoresearch.com.br\/n\/uploads\/2022\/11\/mercado-livre-meli34-favorita-santander-divulgacao-400x200.jpg\">\n\t\t\t\t<img loading=\"lazy\" decoding=\"async\" class=\"newsContent__article__imgCapa lazyloadDisabled \" src=\"https:\/\/files.sunoresearch.com.br\/n\/uploads\/2022\/11\/mercado-livre-meli34-favorita-santander-divulgacao-800x450.jpg\" width=\"800\" height=\"450\" alt=\"Mercado Livre (MELI34) ter\u00e1 novo CEO em 1\u00ba de janeiro; XP segue recomendando compra\" fetchpriority=high \/>\n\t\t\t<\/picture>\n\n\t\t\t<figcaption class=\"wp-caption-text wp-caption-text--show\">Mercado Livre. Foto: Divulga\u00e7\u00e3o<\/figcaption>\n\t\t<\/figure>\n\t<\/div>\n\n\n\n\n\n\t<p>\n\t\t<a href=\"https:\/\/lp.suno.com.br\/planilha-da-vida-financeira\/\" target=\"_blank\" data-element=\"shortcode-suno-banner\" title=\"Banner SUNO, clique e saiba mais\">\n\t\t\t<picture>\n\t\t\t\t<source media=\"(max-width: 500px)\" srcset=\"https:\/\/files.sunoresearch.com.br\/n\/uploads\/2023\/04\/400x300-Planilha-vida-financeira-true.png\">\n\t\t\t\t<img class=\"newsContent__article__imgCapa newsContent__article__imgCapa--banner\"\n\t\t\t\t\tsrc=\"https:\/\/files.sunoresearch.com.br\/n\/uploads\/2023\/04\/1420x240-Planilha-vida-financeira-true.png\"\n\t\t\t\t\tdata-promo-id=\"106682\"\t\t\t\t\t\t\t\t\t\twidth='1420' height='240'\t\t\t\t\talt=\"https:\/\/files.sunoresearch.com.br\/n\/uploads\/2023\/04\/1420x240-Planilha-vida-financeira-true.png\"\n\t\t\t\t>\n\t\t\t<\/picture>\n\t\t<\/a>\n\t<\/p>\n\n\n\n\n\n<p>O novo CEO do Mercado Livre ser\u00e1 Ariel Szarfsztejn, atual vice-presidente de Com\u00e9rcio da empresa. Em carta aos funcion\u00e1rios, Galperin creditou a mudan\u00e7a a uma estrat\u00e9gia de transi\u00e7\u00e3o suave de comando para manter as expectativas de crescimento a <a class=\"suno-keyword\" data-force=\"no\" data-priority=\"1\" href=\"https:\/\/www.suno.com.br\/artigos\/longo-prazo\/\" target=\"_blank\" rel=\"noopener\">longo prazo<\/a> da companhia. <\/p>\n\n\n\n<p>Segundo ele, as empresas de tecnologia t\u00eam enfrentado obst\u00e1culos ao realizar a sucess\u00e3o em postos-chave, especialmente em caso de CEOs fundadores.<\/p>\n\n\n\n<h2 class=\"wp-block-heading\">Mercado Livre: relembre a trajet\u00f3ria da empresa<\/h2>\n\n\n\n<p>O Mercado Livre come\u00e7ou a ser idealizado no final dos anos 1990, quando Galperin e outros tr\u00eas colegas estudavam na Universidade de Stanford, nos EUA. Ap\u00f3s trabalhar em empresas como J.P. Morgan Securities e na estatal petrol\u00edfera argentina YPF, ele fundou a companhia em 1999, em um galp\u00e3o em Buenos Aires.<\/p>\n\n\n\n<p>Inicialmente, a empresa era uma plataforma de compra e venda de produtos usados, mas em pouco tempo expandiu suas opera\u00e7\u00f5es, inclusive chegando a outros pa\u00edses como o Brasil, se tornando o maior marketplace latino-americano e uma das maiores empresas do Hemisf\u00e9rio Sul.<\/p>\n\n\n\n<p>Em 2007, o Mercado Livre abriu seu capital, arregimentando cerca de US$ 300 milh\u00f5es. Hoje \u00e9 a empresa mais valiosa da Am\u00e9rica Latina, com <a class=\"suno-keyword\" target=\"_blank\" data-force=\"no\" data-priority=\"1\" href=\"https:\/\/www.suno.com.br\/artigos\/valor-de-mercado\/\" rel=\"noopener\">valor de mercado<\/a> superando os US$ 130 bilh\u00f5es.<\/p>\n\n\n\t<p>\n\t\t<a href=\"https:\/\/lp.suno.com.br\/ebook-como-analisar-uma-acao\/\" target=\"_blank\" data-element=\"shortcode-suno-banner\" title=\"Banner SUNO, clique e saiba mais\">\n\t\t\t<picture>\n\t\t\t\t<source media=\"(max-width: 500px)\" srcset=\"https:\/\/files.sunoresearch.com.br\/n\/uploads\/2023\/03\/Ebook-Acoes-Mobile.jpg\">\n\t\t\t\t<img class=\"newsContent__article__imgCapa newsContent__article__imgCapa--banner\"\n\t\t\t\t\tsrc=\"https:\/\/files.sunoresearch.com.br\/n\/uploads\/2023\/03\/Ebook-Acoes-Desktop.jpg\"\n\t\t\t\t\tdata-promo-id=\"378302\"\t\t\t\t\t\t\t\t\t\twidth='1420' height='286'\t\t\t\t\talt=\"https:\/\/files.sunoresearch.com.br\/n\/uploads\/2023\/03\/Ebook-Acoes-Desktop.jpg\"\n\t\t\t\t>\n\t\t\t<\/picture>\n\t\t<\/a>\n\t<\/p>\n\n\n\n\n\n<h2 class=\"wp-block-heading\">An\u00e1lise da XP<\/h2>\n\n\n\n<p>A XP Investimentos divulgou informe mantendo a recomenda\u00e7\u00e3o de compra dos pap\u00e9is do Mercado Livre. Embora demonstrando surpresa com o an\u00fancio, os analistas acreditam em uma rea\u00e7\u00e3o imediatamente negativa, mas que n\u00e3o seguir\u00e1 em m\u00e9dio prazo.<\/p>\n\n\n\n<p>\u201cUma mudan\u00e7a natural em um momento inesperado. Vemos a transi\u00e7\u00e3o de Galperin para um papel mais estrat\u00e9gico como natural, uma vez que a MELI j\u00e1 est\u00e1 bem consolidada e Galperin tem liderado a empresa nos \u00faltimos 26 anos (desde sua cria\u00e7\u00e3o)\u201d, informa a nota. \u201cOs pre\u00e7os das a\u00e7\u00f5es podem reagir negativamente, mas n\u00e3o de forma disruptiva\u201d.<\/p>\n\n\n\t<p>\n\t\t<a href=\"https:\/\/lp.suno.com.br\/planilha-da-vida-financeira\/\" target=\"_blank\" data-element=\"shortcode-suno-banner\" title=\"Banner SUNO, clique e saiba mais\">\n\t\t\t<picture>\n\t\t\t\t<source media=\"(max-width: 500px)\" srcset=\"https:\/\/files.sunoresearch.com.br\/n\/uploads\/2023\/04\/400x300-Planilha-vida-financeira-true.png\">\n\t\t\t\t<img class=\"newsContent__article__imgCapa newsContent__article__imgCapa--banner\"\n\t\t\t\t\tsrc=\"https:\/\/files.sunoresearch.com.br\/n\/uploads\/2023\/04\/1420x240-Planilha-vida-financeira-true.png\"\n\t\t\t\t\tdata-promo-id=\"383123\"\t\t\t\t\t\t\t\t\t\twidth='1420' height='240'\t\t\t\t\talt=\"https:\/\/files.sunoresearch.com.br\/n\/uploads\/2023\/04\/1420x240-Planilha-vida-financeira-true.png\"\n\t\t\t\t>\n\t\t\t<\/picture>\n\t\t<\/a>\n\t<\/p>\n\n\n","protected":false},"excerpt":{"rendered":"<p>O Mercado Livre (MELI34) anunciou nesta semana uma troca em sua c\u00fapula. Marcos Gasperin deixar\u00e1 o cargo de CEO da companhia e assumir\u00e1 a Presid\u00eancia Executiva do Conselho. A mudan\u00e7a acontecer\u00e1 em 1\u00ba de janeiro. Mercado Livre. Foto: Divulga\u00e7\u00e3o O novo CEO do Mercado Livre ser\u00e1 Ariel Szarfsztejn, atual vice-presidente de Com\u00e9rcio da empresa. Em [&hellip;]<\/p>\n","protected":false},"author":377,"featured_media":321973,"comment_status":"closed","ping_status":"closed","sticky":false,"template":"","format":"standard","meta":[],"categories":[64],"tags":[1235],"suno_strategy":[],"class_list":["post-606349","post","type-post","status-publish","format-standard","has-post-thumbnail","hentry","category-negocios","tag-mercado-livre-meli34"],"yoast_head":"<!-- This site is optimized with the Yoast SEO plugin v24.4 - https:\/\/yoast.com\/wordpress\/plugins\/seo\/ -->\n<title>Mercado Livre anuncia novo CEO, que assumir\u00e1 em 1\u00ba de janeiro<\/title>\n<meta name=\"description\" content=\"Marcos Gasperin deixar\u00e1 cargo de CEO do Mercado Livre, dando lugar a Ariel Szarfsztejn, atual Vice-Presidente Executivo de Com\u00e9rcio\" \/>\n<meta name=\"robots\" content=\"index, follow, max-snippet:-1, max-image-preview:large, max-video-preview:-1\" \/>\n<link rel=\"canonical\" href=\"https:\/\/www.suno.com.br\/noticias\/mercado-livre-novo-ceo\/\" \/>\n<meta property=\"og:locale\" content=\"pt_BR\" \/>\n<meta property=\"og:type\" content=\"article\" \/>\n<meta property=\"og:title\" content=\"Mercado Livre anuncia novo CEO, que assumir\u00e1 em 1\u00ba de janeiro\" \/>\n<meta property=\"og:description\" content=\"Marcos Gasperin deixar\u00e1 cargo de CEO do Mercado Livre, dando lugar a Ariel Szarfsztejn, atual Vice-Presidente Executivo de Com\u00e9rcio\" \/>\n<meta property=\"og:url\" content=\"https:\/\/www.suno.com.br\/noticias\/mercado-livre-novo-ceo\/\" \/>\n<meta property=\"og:site_name\" content=\"Suno Not\u00edcias\" \/>\n<meta property=\"article:publisher\" content=\"https:\/\/facebook.com\/sunoresearch\" \/>\n<meta property=\"og:image\" content=\"https:\/\/files.sunoresearch.com.br\/n\/uploads\/2022\/11\/mercado-livre-meli34-favorita-santander-divulgacao.jpg\" \/>\n\t<meta property=\"og:image:width\" content=\"1200\" \/>\n\t<meta property=\"og:image:height\" content=\"675\" \/>\n\t<meta property=\"og:image:type\" content=\"image\/jpeg\" \/>\n<meta name=\"author\" content=\"F\u00e1bio Mendes do Nascimento\" \/>\n<meta name=\"twitter:card\" content=\"summary_large_image\" \/>\n<meta name=\"twitter:creator\" content=\"@sunoresearch\" \/>\n<meta name=\"twitter:site\" content=\"@sunoresearch\" \/>\n<meta name=\"twitter:label1\" content=\"Escrito por\" \/>\n\t<meta name=\"twitter:data1\" content=\"F\u00e1bio Mendes do Nascimento\" \/>\n\t<meta name=\"twitter:label2\" content=\"Est. tempo de leitura\" \/>\n\t<meta name=\"twitter:data2\" content=\"2 minutos\" \/>\n<script type=\"application\/ld+json\" class=\"yoast-schema-graph\">{\"@context\":\"https:\/\/schema.org\",\"@graph\":[{\"@type\":\"NewsArticle\",\"@id\":\"https:\/\/www.suno.com.br\/noticias\/mercado-livre-novo-ceo\/#article\",\"isPartOf\":{\"@id\":\"https:\/\/www.suno.com.br\/noticias\/mercado-livre-novo-ceo\/\"},\"author\":{\"name\":\"F\u00e1bio Mendes do Nascimento\",\"@id\":\"https:\/\/www.suno.com.br\/noticias\/#\/schema\/person\/1c784a30f1a51d526ba332d9e9865e89\"},\"headline\":\"Mercado Livre (MELI34) ter\u00e1 novo CEO em 1\u00ba de janeiro; XP segue recomendando compra\",\"datePublished\":\"2025-05-22T15:54:55+00:00\",\"dateModified\":\"2025-05-22T15:59:01+00:00\",\"mainEntityOfPage\":{\"@id\":\"https:\/\/www.suno.com.br\/noticias\/mercado-livre-novo-ceo\/\"},\"wordCount\":377,\"publisher\":{\"@id\":\"https:\/\/www.suno.com.br\/noticias\/#organization\"},\"image\":{\"@id\":\"https:\/\/www.suno.com.br\/noticias\/mercado-livre-novo-ceo\/#primaryimage\"},\"thumbnailUrl\":\"https:\/\/files.sunoresearch.com.br\/n\/uploads\/2022\/11\/mercado-livre-meli34-favorita-santander-divulgacao.jpg\",\"keywords\":[\"Mercado Livre (MELI34)\"],\"articleSection\":[\"Neg\u00f3cios\"],\"inLanguage\":\"pt-BR\"},{\"@type\":\"WebPage\",\"@id\":\"https:\/\/www.suno.com.br\/noticias\/mercado-livre-novo-ceo\/\",\"url\":\"https:\/\/www.suno.com.br\/noticias\/mercado-livre-novo-ceo\/\",\"name\":\"Mercado Livre anuncia novo CEO, que assumir\u00e1 em 1\u00ba de janeiro\",\"isPartOf\":{\"@id\":\"https:\/\/www.suno.com.br\/noticias\/#website\"},\"primaryImageOfPage\":{\"@id\":\"https:\/\/www.suno.com.br\/noticias\/mercado-livre-novo-ceo\/#primaryimage\"},\"image\":{\"@id\":\"https:\/\/www.suno.com.br\/noticias\/mercado-livre-novo-ceo\/#primaryimage\"},\"thumbnailUrl\":\"https:\/\/files.sunoresearch.com.br\/n\/uploads\/2022\/11\/mercado-livre-meli34-favorita-santander-divulgacao.jpg\",\"datePublished\":\"2025-05-22T15:54:55+00:00\",\"dateModified\":\"2025-05-22T15:59:01+00:00\",\"description\":\"Marcos Gasperin deixar\u00e1 cargo de CEO do Mercado Livre, dando lugar a Ariel Szarfsztejn, atual Vice-Presidente Executivo de Com\u00e9rcio\",\"breadcrumb\":{\"@id\":\"https:\/\/www.suno.com.br\/noticias\/mercado-livre-novo-ceo\/#breadcrumb\"},\"inLanguage\":\"pt-BR\",\"potentialAction\":[{\"@type\":\"ReadAction\",\"target\":[\"https:\/\/www.suno.com.br\/noticias\/mercado-livre-novo-ceo\/\"]}]},{\"@type\":\"ImageObject\",\"inLanguage\":\"pt-BR\",\"@id\":\"https:\/\/www.suno.com.br\/noticias\/mercado-livre-novo-ceo\/#primaryimage\",\"url\":\"https:\/\/files.sunoresearch.com.br\/n\/uploads\/2022\/11\/mercado-livre-meli34-favorita-santander-divulgacao.jpg\",\"contentUrl\":\"https:\/\/files.sunoresearch.com.br\/n\/uploads\/2022\/11\/mercado-livre-meli34-favorita-santander-divulgacao.jpg\",\"width\":1200,\"height\":675,\"caption\":\"Mercado Livre. Foto: Divulga\u00e7\u00e3o\"},{\"@type\":\"BreadcrumbList\",\"@id\":\"https:\/\/www.suno.com.br\/noticias\/mercado-livre-novo-ceo\/#breadcrumb\",\"itemListElement\":[{\"@type\":\"ListItem\",\"position\":1,\"name\":\"Not\u00edcias\",\"item\":\"https:\/\/www.suno.com.br\/noticias\/\"},{\"@type\":\"ListItem\",\"position\":2,\"name\":\"Neg\u00f3cios\",\"item\":\"https:\/\/www.suno.com.br\/noticias\/negocios\/\"},{\"@type\":\"ListItem\",\"position\":3,\"name\":\"Mercado Livre (MELI34) ter\u00e1 novo CEO em 1\u00ba de janeiro; XP segue recomendando compra\"}]},{\"@type\":\"WebSite\",\"@id\":\"https:\/\/www.suno.com.br\/noticias\/#website\",\"url\":\"https:\/\/www.suno.com.br\/noticias\/\",\"name\":\"Suno Not\u00edcias\",\"description\":\"Seu portal de informa\u00e7\u00e3o sobre o mundo dos investimentos\",\"publisher\":{\"@id\":\"https:\/\/www.suno.com.br\/noticias\/#organization\"},\"potentialAction\":[{\"@type\":\"SearchAction\",\"target\":{\"@type\":\"EntryPoint\",\"urlTemplate\":\"https:\/\/www.suno.com.br\/noticias\/?s={search_term_string}\"},\"query-input\":{\"@type\":\"PropertyValueSpecification\",\"valueRequired\":true,\"valueName\":\"search_term_string\"}}],\"inLanguage\":\"pt-BR\"},{\"@type\":\"Organization\",\"@id\":\"https:\/\/www.suno.com.br\/noticias\/#organization\",\"name\":\"Suno Not\u00edcias\",\"url\":\"https:\/\/www.suno.com.br\/noticias\/\",\"logo\":{\"@type\":\"ImageObject\",\"inLanguage\":\"pt-BR\",\"@id\":\"https:\/\/www.suno.com.br\/noticias\/#\/schema\/logo\/image\/\",\"url\":\"https:\/\/files.sunoresearch.com.br\/n\/uploads\/2021\/09\/suno-logo.png\",\"contentUrl\":\"https:\/\/files.sunoresearch.com.br\/n\/uploads\/2021\/09\/suno-logo.png\",\"width\":180,\"height\":180,\"caption\":\"Suno Not\u00edcias\"},\"image\":{\"@id\":\"https:\/\/www.suno.com.br\/noticias\/#\/schema\/logo\/image\/\"},\"sameAs\":[\"https:\/\/facebook.com\/sunoresearch\",\"https:\/\/x.com\/sunoresearch\",\"https:\/\/www.instagram.com\/suno\",\"https:\/\/www.linkedin.com\/company\/suno-research\/\",\"https:\/\/www.youtube.com\/c\/sunoresearch\"]},{\"@type\":\"Person\",\"@id\":\"https:\/\/www.suno.com.br\/noticias\/#\/schema\/person\/1c784a30f1a51d526ba332d9e9865e89\",\"name\":\"F\u00e1bio Mendes do Nascimento\",\"image\":{\"@type\":\"ImageObject\",\"inLanguage\":\"pt-BR\",\"@id\":\"https:\/\/www.suno.com.br\/noticias\/#\/schema\/person\/image\/\",\"url\":\"https:\/\/secure.gravatar.com\/avatar\/c405941bfde08b613fd06fbdefe26fe1?s=96&r=g\",\"contentUrl\":\"https:\/\/secure.gravatar.com\/avatar\/c405941bfde08b613fd06fbdefe26fe1?s=96&r=g\",\"caption\":\"F\u00e1bio Mendes do Nascimento\"},\"url\":\"https:\/\/www.suno.com.br\/noticias\/author\/fabionascimentoyahoo-com\/\"}]}<\/script>\n<!-- \/ Yoast SEO plugin. -->","yoast_head_json":{"title":"Mercado Livre anuncia novo CEO, que assumir\u00e1 em 1\u00ba de janeiro","description":"Marcos Gasperin deixar\u00e1 cargo de CEO do Mercado Livre, dando lugar a Ariel Szarfsztejn, atual Vice-Presidente Executivo de Com\u00e9rcio","robots":{"index":"index","follow":"follow","max-snippet":"max-snippet:-1","max-image-preview":"max-image-preview:large","max-video-preview":"max-video-preview:-1"},"canonical":"https:\/\/www.suno.com.br\/noticias\/mercado-livre-novo-ceo\/","og_locale":"pt_BR","og_type":"article","og_title":"Mercado Livre anuncia novo CEO, que assumir\u00e1 em 1\u00ba de janeiro","og_description":"Marcos Gasperin deixar\u00e1 cargo de CEO do Mercado Livre, dando lugar a Ariel Szarfsztejn, atual Vice-Presidente Executivo de Com\u00e9rcio","og_url":"https:\/\/www.suno.com.br\/noticias\/mercado-livre-novo-ceo\/","og_site_name":"Suno Not\u00edcias","article_publisher":"https:\/\/facebook.com\/sunoresearch","og_image":[{"width":1200,"height":675,"url":"https:\/\/files.sunoresearch.com.br\/n\/uploads\/2022\/11\/mercado-livre-meli34-favorita-santander-divulgacao.jpg","type":"image\/jpeg"}],"author":"F\u00e1bio Mendes do Nascimento","twitter_card":"summary_large_image","twitter_creator":"@sunoresearch","twitter_site":"@sunoresearch","twitter_misc":{"Escrito por":"F\u00e1bio Mendes do Nascimento","Est. tempo de leitura":"2 minutos"},"schema":{"@context":"https:\/\/schema.org","@graph":[{"@type":"NewsArticle","@id":"https:\/\/www.suno.com.br\/noticias\/mercado-livre-novo-ceo\/#article","isPartOf":{"@id":"https:\/\/www.suno.com.br\/noticias\/mercado-livre-novo-ceo\/"},"author":{"name":"F\u00e1bio Mendes do Nascimento","@id":"https:\/\/www.suno.com.br\/noticias\/#\/schema\/person\/1c784a30f1a51d526ba332d9e9865e89"},"headline":"Mercado Livre (MELI34) ter\u00e1 novo CEO em 1\u00ba de janeiro; XP segue recomendando compra","datePublished":"2025-05-22T15:54:55+00:00","dateModified":"2025-05-22T15:59:01+00:00","mainEntityOfPage":{"@id":"https:\/\/www.suno.com.br\/noticias\/mercado-livre-novo-ceo\/"},"wordCount":377,"publisher":{"@id":"https:\/\/www.suno.com.br\/noticias\/#organization"},"image":{"@id":"https:\/\/www.suno.com.br\/noticias\/mercado-livre-novo-ceo\/#primaryimage"},"thumbnailUrl":"https:\/\/files.sunoresearch.com.br\/n\/uploads\/2022\/11\/mercado-livre-meli34-favorita-santander-divulgacao.jpg","keywords":["Mercado Livre (MELI34)"],"articleSection":["Neg\u00f3cios"],"inLanguage":"pt-BR"},{"@type":"WebPage","@id":"https:\/\/www.suno.com.br\/noticias\/mercado-livre-novo-ceo\/","url":"https:\/\/www.suno.com.br\/noticias\/mercado-livre-novo-ceo\/","name":"Mercado Livre anuncia novo CEO, que assumir\u00e1 em 1\u00ba de janeiro","isPartOf":{"@id":"https:\/\/www.suno.com.br\/noticias\/#website"},"primaryImageOfPage":{"@id":"https:\/\/www.suno.com.br\/noticias\/mercado-livre-novo-ceo\/#primaryimage"},"image":{"@id":"https:\/\/www.suno.com.br\/noticias\/mercado-livre-novo-ceo\/#primaryimage"},"thumbnailUrl":"https:\/\/files.sunoresearch.com.br\/n\/uploads\/2022\/11\/mercado-livre-meli34-favorita-santander-divulgacao.jpg","datePublished":"2025-05-22T15:54:55+00:00","dateModified":"2025-05-22T15:59:01+00:00","description":"Marcos Gasperin deixar\u00e1 cargo de CEO do Mercado Livre, dando lugar a Ariel Szarfsztejn, atual Vice-Presidente Executivo de Com\u00e9rcio","breadcrumb":{"@id":"https:\/\/www.suno.com.br\/noticias\/mercado-livre-novo-ceo\/#breadcrumb"},"inLanguage":"pt-BR","potentialAction":[{"@type":"ReadAction","target":["https:\/\/www.suno.com.br\/noticias\/mercado-livre-novo-ceo\/"]}]},{"@type":"ImageObject","inLanguage":"pt-BR","@id":"https:\/\/www.suno.com.br\/noticias\/mercado-livre-novo-ceo\/#primaryimage","url":"https:\/\/files.sunoresearch.com.br\/n\/uploads\/2022\/11\/mercado-livre-meli34-favorita-santander-divulgacao.jpg","contentUrl":"https:\/\/files.sunoresearch.com.br\/n\/uploads\/2022\/11\/mercado-livre-meli34-favorita-santander-divulgacao.jpg","width":1200,"height":675,"caption":"Mercado Livre. Foto: Divulga\u00e7\u00e3o"},{"@type":"BreadcrumbList","@id":"https:\/\/www.suno.com.br\/noticias\/mercado-livre-novo-ceo\/#breadcrumb","itemListElement":[{"@type":"ListItem","position":1,"name":"Not\u00edcias","item":"https:\/\/www.suno.com.br\/noticias\/"},{"@type":"ListItem","position":2,"name":"Neg\u00f3cios","item":"https:\/\/www.suno.com.br\/noticias\/negocios\/"},{"@type":"ListItem","position":3,"name":"Mercado Livre (MELI34) ter\u00e1 novo CEO em 1\u00ba de janeiro; XP segue recomendando compra"}]},{"@type":"WebSite","@id":"https:\/\/www.suno.com.br\/noticias\/#website","url":"https:\/\/www.suno.com.br\/noticias\/","name":"Suno Not\u00edcias","description":"Seu portal de informa\u00e7\u00e3o sobre o mundo dos investimentos","publisher":{"@id":"https:\/\/www.suno.com.br\/noticias\/#organization"},"potentialAction":[{"@type":"SearchAction","target":{"@type":"EntryPoint","urlTemplate":"https:\/\/www.suno.com.br\/noticias\/?s={search_term_string}"},"query-input":{"@type":"PropertyValueSpecification","valueRequired":true,"valueName":"search_term_string"}}],"inLanguage":"pt-BR"},{"@type":"Organization","@id":"https:\/\/www.suno.com.br\/noticias\/#organization","name":"Suno Not\u00edcias","url":"https:\/\/www.suno.com.br\/noticias\/","logo":{"@type":"ImageObject","inLanguage":"pt-BR","@id":"https:\/\/www.suno.com.br\/noticias\/#\/schema\/logo\/image\/","url":"https:\/\/files.sunoresearch.com.br\/n\/uploads\/2021\/09\/suno-logo.png","contentUrl":"https:\/\/files.sunoresearch.com.br\/n\/uploads\/2021\/09\/suno-logo.png","width":180,"height":180,"caption":"Suno Not\u00edcias"},"image":{"@id":"https:\/\/www.suno.com.br\/noticias\/#\/schema\/logo\/image\/"},"sameAs":["https:\/\/facebook.com\/sunoresearch","https:\/\/x.com\/sunoresearch","https:\/\/www.instagram.com\/suno","https:\/\/www.linkedin.com\/company\/suno-research\/","https:\/\/www.youtube.com\/c\/sunoresearch"]},{"@type":"Person","@id":"https:\/\/www.suno.com.br\/noticias\/#\/schema\/person\/1c784a30f1a51d526ba332d9e9865e89","name":"F\u00e1bio Mendes do Nascimento","image":{"@type":"ImageObject","inLanguage":"pt-BR","@id":"https:\/\/www.suno.com.br\/noticias\/#\/schema\/person\/image\/","url":"https:\/\/secure.gravatar.com\/avatar\/c405941bfde08b613fd06fbdefe26fe1?s=96&r=g","contentUrl":"https:\/\/secure.gravatar.com\/avatar\/c405941bfde08b613fd06fbdefe26fe1?s=96&r=g","caption":"F\u00e1bio Mendes do Nascimento"},"url":"https:\/\/www.suno.com.br\/noticias\/author\/fabionascimentoyahoo-com\/"}]}},"default_loop_html":"<div class=\"cardsPage__listCard__boxs\"><div class=\"cardsPage__listCard__boxs__img\"><a href=\"https:\/\/www.suno.com.br\/noticias\/mercado-livre-novo-ceo\/\"><img class=\"mask\" src=\"https:\/\/www.suno.com.br\/noticias\/wp-content\/themes\/suno\/resources\/images\/spotlight\/spotlight1img\/bg-mask.png\" alt=\"Image Mask\"\/><img src=\"https:\/\/files.sunoresearch.com.br\/n\/uploads\/2022\/11\/mercado-livre-meli34-favorita-santander-divulgacao-400x200.jpg\" alt=\"Mercado Livre (MELI34) ter\u00e1 novo CEO em 1\u00ba de janeiro; XP segue recomendando compra\"\/><\/a><span class=\"spotlightCategory\"><a href=\"https:\/\/www.suno.com.br\/noticias\/negocios\/\">Neg\u00f3cios<\/a><\/span><\/div><div class=\"cardsPage__listCard__boxs__content\"><a href=\"https:\/\/www.suno.com.br\/noticias\/mercado-livre-novo-ceo\/\"><h2 class=\"content__title\">Mercado Livre (MELI34) ter\u00e1 novo CEO em 1\u00ba de janeiro; XP segue recomendando compra<\/h2><\/a><div class=\"newsContent__article__meta\"><div class=\"newsContent__article__meta__authorBox\"><a href=\"https:\/\/www.suno.com.br\/noticias\/author\/fabionascimentoyahoo-com\/\" class=\"authorBox__avatar noMobi\"><img src=\"https:\/\/secure.gravatar.com\/avatar\/c405941bfde08b613fd06fbdefe26fe1?s=96&#038;r=g\" alt=\"F\u00e1bio Mendes do Nascimento\"><\/a><div class=\"authorBox__name\"><span>por\n\t\t\t<a href=\"https:\/\/www.suno.com.br\/noticias\/author\/fabionascimentoyahoo-com\/\"><span itemprop=\"author\">F\u00e1bio Mendes do Nascimento<\/span><\/a><\/span><time datetime=\"2025-05-22T12:54:55-03:00\" itemprop=\"datePublished\">22\/05\/2025 12:54<\/time><\/div><\/div><\/div><\/div><\/div>","single_layout":"posts","amp_enabled":true,"_links":{"self":[{"href":"https:\/\/www.suno.com.br\/noticias\/wp-json\/wp\/v2\/posts\/606349"}],"collection":[{"href":"https:\/\/www.suno.com.br\/noticias\/wp-json\/wp\/v2\/posts"}],"about":[{"href":"https:\/\/www.suno.com.br\/noticias\/wp-json\/wp\/v2\/types\/post"}],"author":[{"embeddable":true,"href":"https:\/\/www.suno.com.br\/noticias\/wp-json\/wp\/v2\/users\/377"}],"replies":[{"embeddable":true,"href":"https:\/\/www.suno.com.br\/noticias\/wp-json\/wp\/v2\/comments?post=606349"}],"version-history":[{"count":2,"href":"https:\/\/www.suno.com.br\/noticias\/wp-json\/wp\/v2\/posts\/606349\/revisions"}],"predecessor-version":[{"id":606364,"href":"https:\/\/www.suno.com.br\/noticias\/wp-json\/wp\/v2\/posts\/606349\/revisions\/606364"}],"wp:featuredmedia":[{"embeddable":true,"href":"https:\/\/www.suno.com.br\/noticias\/wp-json\/wp\/v2\/media\/321973"}],"wp:attachment":[{"href":"https:\/\/www.suno.com.br\/noticias\/wp-json\/wp\/v2\/media?parent=606349"}],"wp:term":[{"taxonomy":"category","embeddable":true,"href":"https:\/\/www.suno.com.br\/noticias\/wp-json\/wp\/v2\/categories?post=606349"},{"taxonomy":"post_tag","embeddable":true,"href":"https:\/\/www.suno.com.br\/noticias\/wp-json\/wp\/v2\/tags?post=606349"},{"taxonomy":"suno_strategy","embeddable":true,"href":"https:\/\/www.suno.com.br\/noticias\/wp-json\/wp\/v2\/suno_strategy?post=606349"}],"curies":[{"name":"wp","href":"https:\/\/api.w.org\/{rel}","templated":true}]}}