{"id":60630,"date":"2020-04-06T16:12:13","date_gmt":"2020-04-06T19:12:13","guid":{"rendered":"https:\/\/www.suno.com.br\/noticias\/?p=60630"},"modified":"2021-02-17T19:45:37","modified_gmt":"2021-02-17T22:45:37","slug":"goldman-sachs-preve-que-deficit-primario-do-brasil-deve-ser-de-9-do-pib","status":"publish","type":"post","link":"https:\/\/www.suno.com.br\/noticias\/goldman-sachs-preve-que-deficit-primario-do-brasil-deve-ser-de-9-do-pib\/","title":{"rendered":"Goldman Sachs prev\u00ea que d\u00e9ficit prim\u00e1rio do Brasil ser\u00e1 9% do PIB"},"content":{"rendered":"<p>O Goldman Sachs informou que o d\u00e9ficit prim\u00e1rio do Brasil deve ficar entre 7% e 9% do <a href=\"https:\/\/www.suno.com.br\/artigos\/pib-produto-interno-bruto\/\">Produto Interno Bruto (<strong>PIB<\/strong>)<\/a> e a d\u00edvida bruta deve ser de 87% a 91% do <strong>PIB<\/strong> brasileiro, em 2020. A informa\u00e7\u00e3o foi divulgada nessa segunda-feira (6) em um relat\u00f3rio do banco que analisa os impactos da pandemia do novo coronav\u00edrus (Covid-19) em 7 pa\u00edses da Am\u00e9rica Latina.<\/p>\t<div class=\"wrapper-featured-image\">\n\t\t<figure class=\"spotlightImg\">\n\n\t\t\t<picture>\n\t\t\t\t<source media=\"(max-width: 768px)\" srcset=\"https:\/\/files.sunoresearch.com.br\/n\/uploads\/2019\/12\/a03b4401-goldman-sachs-400x200.webp\">\n\t\t\t\t<img loading=\"lazy\" decoding=\"async\" class=\"newsContent__article__imgCapa lazyloadDisabled newsContent__article__imgCapa--noCaption\" src=\"https:\/\/files.sunoresearch.com.br\/n\/uploads\/2019\/12\/a03b4401-goldman-sachs-800x450.webp\" width=\"800\" height=\"450\" alt=\"Goldman Sachs prev\u00ea que d\u00e9ficit prim\u00e1rio do Brasil ser\u00e1 9% do PIB\" fetchpriority=high \/>\n\t\t\t<\/picture>\n\n\t\t\t<figcaption class=\"wp-caption-text wp-caption-text--hide\">A unidade do Goldman Sachs se declarou culpada de integrar um esquema de corrup\u00e7\u00e3o envolvendo uma empresa de desenvolvimento na Mal\u00e1sia<\/figcaption>\n\t\t<\/figure>\n\t<\/div>\n\n\n\n<p>No ano passado, o <a href=\"https:\/\/www.suno.com.br\/artigos\/deficit-primario\/\">d\u00e9ficit prim\u00e1rio<\/a> do Brasil foi 0,9% do PIB, enquanto a d\u00edvida p\u00fablica foi 75,8% do Produto. Al\u00e9m disso, o Goldman Sachs informou que o pacote fiscal anunciado para combater os danos na economia, causados pela nova doen\u00e7a, ir\u00e3o danificar ainda mais o quadro fiscal do brasileiro.<\/p>\n<p>O Brasil \u00e9, entre os pa\u00edses analisados pela institui\u00e7\u00e3o, que tem a d\u00edvida mais alta e por isso poder\u00e1 apresentar o maior <a href=\"https:\/\/www.suno.com.br\/artigos\/deficit-publico\/\">d\u00e9ficit prim\u00e1rio.<\/a><\/p>\n<p><a href=\"https:\/\/www.suno.com.br\/nossas-assinaturas\/suno-premium\/\">Bolsa em queda livre!? Aproveita as maiores oportunidades da bolsa brasileira com nosso acesso Suno Premium<\/a><\/p>\n<p>Entretanto, antes do novo coronav\u00edrus come\u00e7ar a afetar a economia mundial, o <strong>Bank<\/strong>\u00a0<strong>of America<\/strong> (BofA) havia previsto que o d\u00e9ficit prim\u00e1rio brasileiro seria 1,2% do PIB, j\u00e1 o d\u00e9ficit nominal poderia variar entre 11,5% e 13,5%.<\/p>\n<p>Ademais o BofA indicou que as medidas ficas que o governo anunciou, somaram cerca de R$ 400 bilh\u00f5es, ou seja, aproximadamente 5,5% do PIB que era estimado para 2020.<\/p>\n<p>Atualmente, as proje\u00e7\u00f5es do banco para esse ano, s\u00e3o de queda de 3,4% do PIB do Brasil. Em rela\u00e7\u00e3o a arrecada\u00e7\u00e3o de impostos, a previs\u00e3o tamb\u00e9m \u00e9 de redu\u00e7\u00e3o, essa de 8%.<\/p>\n\t<p>\n\t\t<a href=\"https:\/\/lp.suno.com.br\/minicurso-investindo-fiis\/\" target=\"_blank\" data-element=\"shortcode-suno-banner\" title=\"Banner SUNO, clique e saiba mais\">\n\t\t\t<picture>\n\t\t\t\t<source media=\"(max-width: 500px)\" srcset=\"https:\/\/files.sunoresearch.com.br\/n\/uploads\/2023\/07\/400x300-Minicurso-FIIS.png\">\n\t\t\t\t<img class=\"newsContent__article__imgCapa newsContent__article__imgCapa--banner\"\n\t\t\t\t\tsrc=\"https:\/\/files.sunoresearch.com.br\/n\/uploads\/2023\/07\/1420x240-Minicurso-FIIS.png\"\n\t\t\t\t\tdata-promo-id=\"311935\"\t\t\t\t\t\t\t\t\t\twidth='1420' height='240'\t\t\t\t\talt=\"https:\/\/files.sunoresearch.com.br\/n\/uploads\/2023\/07\/1420x240-Minicurso-FIIS.png\"\n\t\t\t\t>\n\t\t\t<\/picture>\n\t\t<\/a>\n\t<\/p>\n\n\n<p>O banco ainda anunciou, &#8220;a inevit\u00e1vel deteriora\u00e7\u00e3o de curto prazo dos saldos fiscais e indicadores de d\u00edvida pode aumentar as preocupa\u00e7\u00f5es dos investidores sobre a sustentabilidade futura da d\u00edvida, a menos que as autoridades consigam comprometer-se, com credibilidade, em resolver quest\u00f5es de sustentabilidade fiscal t\u00e3o logo a pandemia passe&#8221; Indicando que as providencias tomadas sejam tempor\u00e1rias, e que s\u00e3o necess\u00e1rias reformas de ajuste fiscal para que haja um equil\u00edbrio no m\u00e9dio e longo prazo.<\/p>\n<h2>Oxford Economics prev\u00ea queda no PIB brasileiro<\/h2>\n<p>Al\u00e9m disso, a consultoria brit\u00e2nica <strong>Oxford Economics, <\/strong>informou na \u00a0\u00faltima sexta-feira (3), que prev\u00ea a redu\u00e7\u00e3o do PIB do Brasil em 2,7% em 2020 por causa da pandemia de coronav\u00edrus.<\/p>\n<p><a class=\"LinkSuggestion__Link-sc-1mdih4x-2 jZPuuT\" href=\"https:\/\/www.suno.com.br\/noticias\/itau-reduz-a-previsao-do-crescimento-do-pib-deste-ano-para-18\/\" target=\"_blank\" rel=\"noopener noreferrer\">Saiba mais: Ita\u00fa reduz a previs\u00e3o do crescimento do PIB deste ano para 1,8%<\/a><\/p>\n<p>Segundo Joan Domene, economista da Oxford Economics, a implementa\u00e7\u00e3o de bloqueios e medidas de isolamento social aumentar\u00e3o o custo econ\u00f4mico da crise, com uma repercuss\u00e3o negativa sobre o PIB deste ano.<\/p>\n<p>Al\u00e9m do <strong>PIB<\/strong> do Brasil, projetado anteriormente em expans\u00e3o de 0,3%, foram alteradas as previs\u00f5es do crescimento de toda a Am\u00e9rica Latina, que deveria sofrer uma redu\u00e7\u00e3o de 3,4% este ano.<\/p>\n\n","protected":false},"excerpt":{"rendered":"<p>O Goldman Sachs informou que o d\u00e9ficit prim\u00e1rio do Brasil deve ficar entre 7% e 9% do Produto Interno Bruto (PIB) e a d\u00edvida bruta deve ser de 87% a 91% do PIB brasileiro, em 2020. A informa\u00e7\u00e3o foi divulgada nessa segunda-feira (6) em um relat\u00f3rio do banco que analisa os impactos da pandemia do [&hellip;]<\/p>\n","protected":false},"author":39,"featured_media":48436,"comment_status":"closed","ping_status":"closed","sticky":false,"template":"","format":"standard","meta":[],"categories":[62],"tags":[1941,775,807],"suno_strategy":[],"class_list":["post-60630","post","type-post","status-publish","format-standard","has-post-thumbnail","hentry","category-economia","tag-bank-of-america-boac34","tag-goldman-sachs-gsgi34","tag-produto-interno-bruto-pib"],"yoast_head":"<!-- This site is optimized with the Yoast SEO plugin v24.4 - https:\/\/yoast.com\/wordpress\/plugins\/seo\/ -->\n<title>Goldman Sachs prev\u00ea que d\u00e9ficit prim\u00e1rio do Brasil ser\u00e1 9% do PIB<\/title>\n<meta name=\"description\" content=\"O Goldman Sachs informou que o d\u00e9ficit prim\u00e1rio do Brasil deve ficar entre 7% e 9% do PIB em 2020. Clique aqui para saber mais\" \/>\n<meta name=\"robots\" content=\"index, follow, max-snippet:-1, max-image-preview:large, max-video-preview:-1\" \/>\n<link rel=\"canonical\" href=\"https:\/\/www.suno.com.br\/noticias\/goldman-sachs-preve-que-deficit-primario-do-brasil-deve-ser-de-9-do-pib\/\" \/>\n<meta property=\"og:locale\" content=\"pt_BR\" \/>\n<meta property=\"og:type\" content=\"article\" \/>\n<meta property=\"og:title\" content=\"Goldman Sachs prev\u00ea que d\u00e9ficit prim\u00e1rio do Brasil ser\u00e1 9% do PIB\" \/>\n<meta property=\"og:description\" content=\"O Goldman Sachs informou que o d\u00e9ficit prim\u00e1rio do Brasil deve ficar entre 7% e 9% do PIB em 2020. Clique aqui para saber mais\" \/>\n<meta property=\"og:url\" content=\"https:\/\/www.suno.com.br\/noticias\/goldman-sachs-preve-que-deficit-primario-do-brasil-deve-ser-de-9-do-pib\/\" \/>\n<meta property=\"og:site_name\" content=\"Suno Not\u00edcias\" \/>\n<meta property=\"article:publisher\" content=\"https:\/\/facebook.com\/sunoresearch\" \/>\n<meta property=\"og:image\" content=\"https:\/\/files.sunoresearch.com.br\/n\/uploads\/2019\/12\/a03b4401-goldman-sachs.jpg\" \/>\n\t<meta property=\"og:image:width\" content=\"868\" \/>\n\t<meta property=\"og:image:height\" content=\"644\" \/>\n\t<meta property=\"og:image:type\" content=\"image\/jpeg\" \/>\n<meta name=\"author\" content=\"Laura Moutinho\" \/>\n<meta name=\"twitter:card\" content=\"summary_large_image\" \/>\n<meta name=\"twitter:creator\" content=\"@sunoresearch\" \/>\n<meta name=\"twitter:site\" content=\"@sunoresearch\" \/>\n<meta name=\"twitter:label1\" content=\"Escrito por\" \/>\n\t<meta name=\"twitter:data1\" content=\"Laura Moutinho\" \/>\n\t<meta name=\"twitter:label2\" content=\"Est. tempo de leitura\" \/>\n\t<meta name=\"twitter:data2\" content=\"2 minutos\" \/>\n<script type=\"application\/ld+json\" class=\"yoast-schema-graph\">{\"@context\":\"https:\/\/schema.org\",\"@graph\":[{\"@type\":\"NewsArticle\",\"@id\":\"https:\/\/www.suno.com.br\/noticias\/goldman-sachs-preve-que-deficit-primario-do-brasil-deve-ser-de-9-do-pib\/#article\",\"isPartOf\":{\"@id\":\"https:\/\/www.suno.com.br\/noticias\/goldman-sachs-preve-que-deficit-primario-do-brasil-deve-ser-de-9-do-pib\/\"},\"author\":{\"name\":\"Laura Moutinho\",\"@id\":\"https:\/\/www.suno.com.br\/noticias\/#\/schema\/person\/3df0d2808748b74496efe5dbeaef2c72\"},\"headline\":\"Goldman Sachs prev\u00ea que d\u00e9ficit prim\u00e1rio do Brasil ser\u00e1 9% do PIB\",\"datePublished\":\"2020-04-06T19:12:13+00:00\",\"dateModified\":\"2021-02-17T22:45:37+00:00\",\"mainEntityOfPage\":{\"@id\":\"https:\/\/www.suno.com.br\/noticias\/goldman-sachs-preve-que-deficit-primario-do-brasil-deve-ser-de-9-do-pib\/\"},\"wordCount\":497,\"publisher\":{\"@id\":\"https:\/\/www.suno.com.br\/noticias\/#organization\"},\"image\":{\"@id\":\"https:\/\/www.suno.com.br\/noticias\/goldman-sachs-preve-que-deficit-primario-do-brasil-deve-ser-de-9-do-pib\/#primaryimage\"},\"thumbnailUrl\":\"https:\/\/files.sunoresearch.com.br\/n\/uploads\/2019\/12\/a03b4401-goldman-sachs-jpg.webp\",\"keywords\":[\"Bank Of America (BOAC34)\",\"Goldman Sachs (GSGI34)\",\"Produto Interno Bruto (PIB)\"],\"articleSection\":[\"Economia\"],\"inLanguage\":\"pt-BR\"},{\"@type\":\"WebPage\",\"@id\":\"https:\/\/www.suno.com.br\/noticias\/goldman-sachs-preve-que-deficit-primario-do-brasil-deve-ser-de-9-do-pib\/\",\"url\":\"https:\/\/www.suno.com.br\/noticias\/goldman-sachs-preve-que-deficit-primario-do-brasil-deve-ser-de-9-do-pib\/\",\"name\":\"Goldman Sachs prev\u00ea que d\u00e9ficit prim\u00e1rio do Brasil ser\u00e1 9% do PIB\",\"isPartOf\":{\"@id\":\"https:\/\/www.suno.com.br\/noticias\/#website\"},\"primaryImageOfPage\":{\"@id\":\"https:\/\/www.suno.com.br\/noticias\/goldman-sachs-preve-que-deficit-primario-do-brasil-deve-ser-de-9-do-pib\/#primaryimage\"},\"image\":{\"@id\":\"https:\/\/www.suno.com.br\/noticias\/goldman-sachs-preve-que-deficit-primario-do-brasil-deve-ser-de-9-do-pib\/#primaryimage\"},\"thumbnailUrl\":\"https:\/\/files.sunoresearch.com.br\/n\/uploads\/2019\/12\/a03b4401-goldman-sachs-jpg.webp\",\"datePublished\":\"2020-04-06T19:12:13+00:00\",\"dateModified\":\"2021-02-17T22:45:37+00:00\",\"description\":\"O Goldman Sachs informou que o d\u00e9ficit prim\u00e1rio do Brasil deve ficar entre 7% e 9% do PIB em 2020. Clique aqui para saber mais\",\"breadcrumb\":{\"@id\":\"https:\/\/www.suno.com.br\/noticias\/goldman-sachs-preve-que-deficit-primario-do-brasil-deve-ser-de-9-do-pib\/#breadcrumb\"},\"inLanguage\":\"pt-BR\",\"potentialAction\":[{\"@type\":\"ReadAction\",\"target\":[\"https:\/\/www.suno.com.br\/noticias\/goldman-sachs-preve-que-deficit-primario-do-brasil-deve-ser-de-9-do-pib\/\"]}]},{\"@type\":\"ImageObject\",\"inLanguage\":\"pt-BR\",\"@id\":\"https:\/\/www.suno.com.br\/noticias\/goldman-sachs-preve-que-deficit-primario-do-brasil-deve-ser-de-9-do-pib\/#primaryimage\",\"url\":\"https:\/\/files.sunoresearch.com.br\/n\/uploads\/2019\/12\/a03b4401-goldman-sachs-jpg.webp\",\"contentUrl\":\"https:\/\/files.sunoresearch.com.br\/n\/uploads\/2019\/12\/a03b4401-goldman-sachs-jpg.webp\",\"width\":868,\"height\":644,\"caption\":\"A unidade do Goldman Sachs se declarou culpada de integrar um esquema de corrup\u00e7\u00e3o envolvendo uma empresa de desenvolvimento na Mal\u00e1sia\"},{\"@type\":\"BreadcrumbList\",\"@id\":\"https:\/\/www.suno.com.br\/noticias\/goldman-sachs-preve-que-deficit-primario-do-brasil-deve-ser-de-9-do-pib\/#breadcrumb\",\"itemListElement\":[{\"@type\":\"ListItem\",\"position\":1,\"name\":\"Not\u00edcias\",\"item\":\"https:\/\/www.suno.com.br\/noticias\/\"},{\"@type\":\"ListItem\",\"position\":2,\"name\":\"Economia\",\"item\":\"https:\/\/www.suno.com.br\/noticias\/economia\/\"},{\"@type\":\"ListItem\",\"position\":3,\"name\":\"Goldman Sachs prev\u00ea que d\u00e9ficit prim\u00e1rio do Brasil ser\u00e1 9% do PIB\"}]},{\"@type\":\"WebSite\",\"@id\":\"https:\/\/www.suno.com.br\/noticias\/#website\",\"url\":\"https:\/\/www.suno.com.br\/noticias\/\",\"name\":\"Suno Not\u00edcias\",\"description\":\"Seu portal de informa\u00e7\u00e3o sobre o mundo dos investimentos\",\"publisher\":{\"@id\":\"https:\/\/www.suno.com.br\/noticias\/#organization\"},\"potentialAction\":[{\"@type\":\"SearchAction\",\"target\":{\"@type\":\"EntryPoint\",\"urlTemplate\":\"https:\/\/www.suno.com.br\/noticias\/?s={search_term_string}\"},\"query-input\":{\"@type\":\"PropertyValueSpecification\",\"valueRequired\":true,\"valueName\":\"search_term_string\"}}],\"inLanguage\":\"pt-BR\"},{\"@type\":\"Organization\",\"@id\":\"https:\/\/www.suno.com.br\/noticias\/#organization\",\"name\":\"Suno Not\u00edcias\",\"url\":\"https:\/\/www.suno.com.br\/noticias\/\",\"logo\":{\"@type\":\"ImageObject\",\"inLanguage\":\"pt-BR\",\"@id\":\"https:\/\/www.suno.com.br\/noticias\/#\/schema\/logo\/image\/\",\"url\":\"https:\/\/files.sunoresearch.com.br\/n\/uploads\/2021\/09\/suno-logo.png\",\"contentUrl\":\"https:\/\/files.sunoresearch.com.br\/n\/uploads\/2021\/09\/suno-logo.png\",\"width\":180,\"height\":180,\"caption\":\"Suno Not\u00edcias\"},\"image\":{\"@id\":\"https:\/\/www.suno.com.br\/noticias\/#\/schema\/logo\/image\/\"},\"sameAs\":[\"https:\/\/facebook.com\/sunoresearch\",\"https:\/\/x.com\/sunoresearch\",\"https:\/\/www.instagram.com\/suno\",\"https:\/\/www.linkedin.com\/company\/suno-research\/\",\"https:\/\/www.youtube.com\/c\/sunoresearch\"]},{\"@type\":\"Person\",\"@id\":\"https:\/\/www.suno.com.br\/noticias\/#\/schema\/person\/3df0d2808748b74496efe5dbeaef2c72\",\"name\":\"Laura Moutinho\",\"image\":{\"@type\":\"ImageObject\",\"inLanguage\":\"pt-BR\",\"@id\":\"https:\/\/www.suno.com.br\/noticias\/#\/schema\/person\/image\/\",\"url\":\"https:\/\/secure.gravatar.com\/avatar\/7571c7c8ca3a6fca5e41384ece5557ff?s=96&r=g\",\"contentUrl\":\"https:\/\/secure.gravatar.com\/avatar\/7571c7c8ca3a6fca5e41384ece5557ff?s=96&r=g\",\"caption\":\"Laura Moutinho\"},\"description\":\"Estagi\u00e1ria na Suno Not\u00edcias, escreve not\u00edcias que afetam o mercado financeiro. Estuda administra\u00e7\u00e3o na Universidade Presbiteriana Mackenzie.\",\"url\":\"https:\/\/www.suno.com.br\/noticias\/author\/laura-moutinho\/\"}]}<\/script>\n<!-- \/ Yoast SEO plugin. -->","yoast_head_json":{"title":"Goldman Sachs prev\u00ea que d\u00e9ficit prim\u00e1rio do Brasil ser\u00e1 9% do PIB","description":"O Goldman Sachs informou que o d\u00e9ficit prim\u00e1rio do Brasil deve ficar entre 7% e 9% do PIB em 2020. Clique aqui para saber mais","robots":{"index":"index","follow":"follow","max-snippet":"max-snippet:-1","max-image-preview":"max-image-preview:large","max-video-preview":"max-video-preview:-1"},"canonical":"https:\/\/www.suno.com.br\/noticias\/goldman-sachs-preve-que-deficit-primario-do-brasil-deve-ser-de-9-do-pib\/","og_locale":"pt_BR","og_type":"article","og_title":"Goldman Sachs prev\u00ea que d\u00e9ficit prim\u00e1rio do Brasil ser\u00e1 9% do PIB","og_description":"O Goldman Sachs informou que o d\u00e9ficit prim\u00e1rio do Brasil deve ficar entre 7% e 9% do PIB em 2020. Clique aqui para saber mais","og_url":"https:\/\/www.suno.com.br\/noticias\/goldman-sachs-preve-que-deficit-primario-do-brasil-deve-ser-de-9-do-pib\/","og_site_name":"Suno Not\u00edcias","article_publisher":"https:\/\/facebook.com\/sunoresearch","og_image":[{"width":868,"height":644,"url":"https:\/\/files.sunoresearch.com.br\/n\/uploads\/2019\/12\/a03b4401-goldman-sachs.jpg","type":"image\/jpeg"}],"author":"Laura Moutinho","twitter_card":"summary_large_image","twitter_creator":"@sunoresearch","twitter_site":"@sunoresearch","twitter_misc":{"Escrito por":"Laura Moutinho","Est. tempo de leitura":"2 minutos"},"schema":{"@context":"https:\/\/schema.org","@graph":[{"@type":"NewsArticle","@id":"https:\/\/www.suno.com.br\/noticias\/goldman-sachs-preve-que-deficit-primario-do-brasil-deve-ser-de-9-do-pib\/#article","isPartOf":{"@id":"https:\/\/www.suno.com.br\/noticias\/goldman-sachs-preve-que-deficit-primario-do-brasil-deve-ser-de-9-do-pib\/"},"author":{"name":"Laura Moutinho","@id":"https:\/\/www.suno.com.br\/noticias\/#\/schema\/person\/3df0d2808748b74496efe5dbeaef2c72"},"headline":"Goldman Sachs prev\u00ea que d\u00e9ficit prim\u00e1rio do Brasil ser\u00e1 9% do PIB","datePublished":"2020-04-06T19:12:13+00:00","dateModified":"2021-02-17T22:45:37+00:00","mainEntityOfPage":{"@id":"https:\/\/www.suno.com.br\/noticias\/goldman-sachs-preve-que-deficit-primario-do-brasil-deve-ser-de-9-do-pib\/"},"wordCount":497,"publisher":{"@id":"https:\/\/www.suno.com.br\/noticias\/#organization"},"image":{"@id":"https:\/\/www.suno.com.br\/noticias\/goldman-sachs-preve-que-deficit-primario-do-brasil-deve-ser-de-9-do-pib\/#primaryimage"},"thumbnailUrl":"https:\/\/files.sunoresearch.com.br\/n\/uploads\/2019\/12\/a03b4401-goldman-sachs-jpg.webp","keywords":["Bank Of America (BOAC34)","Goldman Sachs (GSGI34)","Produto Interno Bruto (PIB)"],"articleSection":["Economia"],"inLanguage":"pt-BR"},{"@type":"WebPage","@id":"https:\/\/www.suno.com.br\/noticias\/goldman-sachs-preve-que-deficit-primario-do-brasil-deve-ser-de-9-do-pib\/","url":"https:\/\/www.suno.com.br\/noticias\/goldman-sachs-preve-que-deficit-primario-do-brasil-deve-ser-de-9-do-pib\/","name":"Goldman Sachs prev\u00ea que d\u00e9ficit prim\u00e1rio do Brasil ser\u00e1 9% do PIB","isPartOf":{"@id":"https:\/\/www.suno.com.br\/noticias\/#website"},"primaryImageOfPage":{"@id":"https:\/\/www.suno.com.br\/noticias\/goldman-sachs-preve-que-deficit-primario-do-brasil-deve-ser-de-9-do-pib\/#primaryimage"},"image":{"@id":"https:\/\/www.suno.com.br\/noticias\/goldman-sachs-preve-que-deficit-primario-do-brasil-deve-ser-de-9-do-pib\/#primaryimage"},"thumbnailUrl":"https:\/\/files.sunoresearch.com.br\/n\/uploads\/2019\/12\/a03b4401-goldman-sachs-jpg.webp","datePublished":"2020-04-06T19:12:13+00:00","dateModified":"2021-02-17T22:45:37+00:00","description":"O Goldman Sachs informou que o d\u00e9ficit prim\u00e1rio do Brasil deve ficar entre 7% e 9% do PIB em 2020. Clique aqui para saber mais","breadcrumb":{"@id":"https:\/\/www.suno.com.br\/noticias\/goldman-sachs-preve-que-deficit-primario-do-brasil-deve-ser-de-9-do-pib\/#breadcrumb"},"inLanguage":"pt-BR","potentialAction":[{"@type":"ReadAction","target":["https:\/\/www.suno.com.br\/noticias\/goldman-sachs-preve-que-deficit-primario-do-brasil-deve-ser-de-9-do-pib\/"]}]},{"@type":"ImageObject","inLanguage":"pt-BR","@id":"https:\/\/www.suno.com.br\/noticias\/goldman-sachs-preve-que-deficit-primario-do-brasil-deve-ser-de-9-do-pib\/#primaryimage","url":"https:\/\/files.sunoresearch.com.br\/n\/uploads\/2019\/12\/a03b4401-goldman-sachs-jpg.webp","contentUrl":"https:\/\/files.sunoresearch.com.br\/n\/uploads\/2019\/12\/a03b4401-goldman-sachs-jpg.webp","width":868,"height":644,"caption":"A unidade do Goldman Sachs se declarou culpada de integrar um esquema de corrup\u00e7\u00e3o envolvendo uma empresa de desenvolvimento na Mal\u00e1sia"},{"@type":"BreadcrumbList","@id":"https:\/\/www.suno.com.br\/noticias\/goldman-sachs-preve-que-deficit-primario-do-brasil-deve-ser-de-9-do-pib\/#breadcrumb","itemListElement":[{"@type":"ListItem","position":1,"name":"Not\u00edcias","item":"https:\/\/www.suno.com.br\/noticias\/"},{"@type":"ListItem","position":2,"name":"Economia","item":"https:\/\/www.suno.com.br\/noticias\/economia\/"},{"@type":"ListItem","position":3,"name":"Goldman Sachs prev\u00ea que d\u00e9ficit prim\u00e1rio do Brasil ser\u00e1 9% do PIB"}]},{"@type":"WebSite","@id":"https:\/\/www.suno.com.br\/noticias\/#website","url":"https:\/\/www.suno.com.br\/noticias\/","name":"Suno Not\u00edcias","description":"Seu portal de informa\u00e7\u00e3o sobre o mundo dos investimentos","publisher":{"@id":"https:\/\/www.suno.com.br\/noticias\/#organization"},"potentialAction":[{"@type":"SearchAction","target":{"@type":"EntryPoint","urlTemplate":"https:\/\/www.suno.com.br\/noticias\/?s={search_term_string}"},"query-input":{"@type":"PropertyValueSpecification","valueRequired":true,"valueName":"search_term_string"}}],"inLanguage":"pt-BR"},{"@type":"Organization","@id":"https:\/\/www.suno.com.br\/noticias\/#organization","name":"Suno Not\u00edcias","url":"https:\/\/www.suno.com.br\/noticias\/","logo":{"@type":"ImageObject","inLanguage":"pt-BR","@id":"https:\/\/www.suno.com.br\/noticias\/#\/schema\/logo\/image\/","url":"https:\/\/files.sunoresearch.com.br\/n\/uploads\/2021\/09\/suno-logo.png","contentUrl":"https:\/\/files.sunoresearch.com.br\/n\/uploads\/2021\/09\/suno-logo.png","width":180,"height":180,"caption":"Suno Not\u00edcias"},"image":{"@id":"https:\/\/www.suno.com.br\/noticias\/#\/schema\/logo\/image\/"},"sameAs":["https:\/\/facebook.com\/sunoresearch","https:\/\/x.com\/sunoresearch","https:\/\/www.instagram.com\/suno","https:\/\/www.linkedin.com\/company\/suno-research\/","https:\/\/www.youtube.com\/c\/sunoresearch"]},{"@type":"Person","@id":"https:\/\/www.suno.com.br\/noticias\/#\/schema\/person\/3df0d2808748b74496efe5dbeaef2c72","name":"Laura Moutinho","image":{"@type":"ImageObject","inLanguage":"pt-BR","@id":"https:\/\/www.suno.com.br\/noticias\/#\/schema\/person\/image\/","url":"https:\/\/secure.gravatar.com\/avatar\/7571c7c8ca3a6fca5e41384ece5557ff?s=96&r=g","contentUrl":"https:\/\/secure.gravatar.com\/avatar\/7571c7c8ca3a6fca5e41384ece5557ff?s=96&r=g","caption":"Laura Moutinho"},"description":"Estagi\u00e1ria na Suno Not\u00edcias, escreve not\u00edcias que afetam o mercado financeiro. Estuda administra\u00e7\u00e3o na Universidade Presbiteriana Mackenzie.","url":"https:\/\/www.suno.com.br\/noticias\/author\/laura-moutinho\/"}]}},"default_loop_html":"<div class=\"cardsPage__listCard__boxs\"><div class=\"cardsPage__listCard__boxs__img\"><a href=\"https:\/\/www.suno.com.br\/noticias\/goldman-sachs-preve-que-deficit-primario-do-brasil-deve-ser-de-9-do-pib\/\"><img class=\"mask\" src=\"https:\/\/www.suno.com.br\/noticias\/wp-content\/themes\/suno\/resources\/images\/spotlight\/spotlight1img\/bg-mask.png\" alt=\"Image Mask\"\/><img src=\"https:\/\/files.sunoresearch.com.br\/n\/uploads\/2019\/12\/a03b4401-goldman-sachs-400x200.webp\" alt=\"Goldman Sachs prev\u00ea que d\u00e9ficit prim\u00e1rio do Brasil ser\u00e1 9% do PIB\"\/><\/a><span class=\"spotlightCategory\"><a href=\"https:\/\/www.suno.com.br\/noticias\/economia\/\">Economia<\/a><\/span><\/div><div class=\"cardsPage__listCard__boxs__content\"><a href=\"https:\/\/www.suno.com.br\/noticias\/goldman-sachs-preve-que-deficit-primario-do-brasil-deve-ser-de-9-do-pib\/\"><h2 class=\"content__title\">Goldman Sachs prev\u00ea que d\u00e9ficit prim\u00e1rio do Brasil ser\u00e1 9% do PIB<\/h2><\/a><div class=\"newsContent__article__meta\"><div class=\"newsContent__article__meta__authorBox\"><a href=\"https:\/\/www.suno.com.br\/noticias\/author\/laura-moutinho\/\" class=\"authorBox__avatar noMobi\"><img src=\"https:\/\/files.sunoresearch.com.br\/n\/uploads\/2020\/08\/531ff69d-whatsapp-image-2020-08-03-at-14.54.38-150x150.webp\" alt=\"Laura Moutinho\"><\/a><div class=\"authorBox__name\"><span>por\n\t\t\t<a href=\"https:\/\/www.suno.com.br\/noticias\/author\/laura-moutinho\/\"><span itemprop=\"author\">Laura Moutinho<\/span><\/a><\/span><time datetime=\"2020-04-06T16:12:13-03:00\" itemprop=\"datePublished\">06\/04\/2020 16:12<\/time><\/div><\/div><\/div><\/div><\/div>","single_layout":"posts","amp_enabled":true,"_links":{"self":[{"href":"https:\/\/www.suno.com.br\/noticias\/wp-json\/wp\/v2\/posts\/60630"}],"collection":[{"href":"https:\/\/www.suno.com.br\/noticias\/wp-json\/wp\/v2\/posts"}],"about":[{"href":"https:\/\/www.suno.com.br\/noticias\/wp-json\/wp\/v2\/types\/post"}],"author":[{"embeddable":true,"href":"https:\/\/www.suno.com.br\/noticias\/wp-json\/wp\/v2\/users\/39"}],"replies":[{"embeddable":true,"href":"https:\/\/www.suno.com.br\/noticias\/wp-json\/wp\/v2\/comments?post=60630"}],"version-history":[{"count":0,"href":"https:\/\/www.suno.com.br\/noticias\/wp-json\/wp\/v2\/posts\/60630\/revisions"}],"wp:featuredmedia":[{"embeddable":true,"href":"https:\/\/www.suno.com.br\/noticias\/wp-json\/wp\/v2\/media\/48436"}],"wp:attachment":[{"href":"https:\/\/www.suno.com.br\/noticias\/wp-json\/wp\/v2\/media?parent=60630"}],"wp:term":[{"taxonomy":"category","embeddable":true,"href":"https:\/\/www.suno.com.br\/noticias\/wp-json\/wp\/v2\/categories?post=60630"},{"taxonomy":"post_tag","embeddable":true,"href":"https:\/\/www.suno.com.br\/noticias\/wp-json\/wp\/v2\/tags?post=60630"},{"taxonomy":"suno_strategy","embeddable":true,"href":"https:\/\/www.suno.com.br\/noticias\/wp-json\/wp\/v2\/suno_strategy?post=60630"}],"curies":[{"name":"wp","href":"https:\/\/api.w.org\/{rel}","templated":true}]}}