{"id":6063,"date":"2018-11-06T16:40:09","date_gmt":"2018-11-06T18:40:09","guid":{"rendered":"https:\/\/www.suno.com.br\/noticias\/?p=6063"},"modified":"2018-11-06T16:40:09","modified_gmt":"2018-11-06T18:40:09","slug":"paulo-guedes-divida-publica","status":"publish","type":"post","link":"https:\/\/www.suno.com.br\/noticias\/paulo-guedes-divida-publica\/","title":{"rendered":"Paulo Guedes deixa &#8220;fora de quest\u00e3o&#8221; a renegocia\u00e7\u00e3o da d\u00edvida p\u00fablica"},"content":{"rendered":"<p>Paulo Guedes, o Ministro da Fazenda escolhido por Jair Bolsonaro, comentou nesta ter\u00e7\u00e3-feira, 06 de novembro, sobre a d\u00edvida p\u00fablica. Segundo o economista, n\u00e3o existe a possibilidade do pr\u00f3ximo governo renegociar o valor.<\/p>\t<div class=\"wrapper-featured-image\">\n\t\t<figure class=\"spotlightImg\">\n\n\t\t\t<picture>\n\t\t\t\t<source media=\"(max-width: 768px)\" srcset=\"https:\/\/files.sunoresearch.com.br\/n\/uploads\/2018\/10\/1fa7b478-paulo-guedes-400x200.webp\">\n\t\t\t\t<img loading=\"lazy\" decoding=\"async\" class=\"newsContent__article__imgCapa lazyloadDisabled newsContent__article__imgCapa--noCaption\" src=\"https:\/\/files.sunoresearch.com.br\/n\/uploads\/2018\/10\/1fa7b478-paulo-guedes-800x450.webp\" width=\"800\" height=\"450\" alt=\"Paulo Guedes deixa &#8220;fora de quest\u00e3o&#8221; a renegocia\u00e7\u00e3o da d\u00edvida p\u00fablica\" fetchpriority=high \/>\n\t\t\t<\/picture>\n\n\t\t\t<figcaption class=\"wp-caption-text wp-caption-text--hide\">Guedes afirma que 17 estatais ser\u00e3o privatizadas esse ano<\/figcaption>\n\t\t<\/figure>\n\t<\/div>\n\n\n<p>As declara\u00e7\u00f5es de\u00a0<strong>Paulo Guedes\u00a0<\/strong>acontecem um dia ap\u00f3s a entrevista em que o capit\u00e3o reformado comentou sobre a d\u00edvida interna do Brasil.<\/p>\n<p>Em fala \u00e0 Band o presidente falou o seguinte trecho:<\/p>\n<p>&#8220;N\u00e3o vou dizer que \u00e9 impag\u00e1vel. D\u00e1 para voc\u00ea pagar isso da\u00ed se voc\u00ea tiver um bom ministro da economia, como temos o Paulo Guedes, para conduzir essas renegocia\u00e7\u00f5es de forma bastante respons\u00e1vel e mostrar para todos no Brasil que estamos todos no mesmo barco&#8221;.<\/p>\n<p>Contudo, o &#8220;posto Ipiranga&#8221; do capit\u00e3o da reserva fez quest\u00e3o de declarar aos jornalistas presentes no Minist\u00e9rio da Fazenda que a fala do presidente eleito foi equivocada.<\/p>\n<p>&#8220;Durante a campanha, falei que tinha uma despesa de juros demasiada, de US$ 100 bilh\u00f5es por ano. \u00c9 como reconstruir uma Europa por ano. Os juros s\u00e3o recessivos. Falei tantas vezes que o presidente pode ter entendido que \u00edamos renegociar a d\u00edvida, mas isso est\u00e1 fora de quest\u00e3o&#8221;.<\/p>\n<p>Contudo, Guedes concluiu sua fala amenizando a situa\u00e7\u00e3o:<\/p>\n<p>&#8220;N\u00e3o se pensa nisso. Isso n\u00e3o existe, isso n\u00e3o \u00e9 um problema. O que existe \u00e9 uma preocupa\u00e7\u00e3o com a d\u00edvida&#8221;.<\/p>\n<p><strong>Paulo Guedes\u00a0<\/strong>havia ido se encontrar com o atual Ministro da Fazenda, Eduardo Guardia, com objetivo, principalmente, de conversar sobre a transi\u00e7\u00e3o de governo.<\/p>\n","protected":false},"excerpt":{"rendered":"<p>Paulo Guedes, o Ministro da Fazenda escolhido por Jair Bolsonaro, comentou nesta ter\u00e7\u00e3-feira, 06 de novembro, sobre a d\u00edvida p\u00fablica. Segundo o economista, n\u00e3o existe a possibilidade do pr\u00f3ximo governo renegociar o valor. Guedes afirma que 17 estatais ser\u00e3o privatizadas esse ano As declara\u00e7\u00f5es de\u00a0Paulo Guedes\u00a0acontecem um dia ap\u00f3s a entrevista em que o capit\u00e3o [&hellip;]<\/p>\n","protected":false},"author":7,"featured_media":5125,"comment_status":"closed","ping_status":"closed","sticky":false,"template":"","format":"standard","meta":[],"categories":[62],"tags":[740,719],"suno_strategy":[],"class_list":["post-6063","post","type-post","status-publish","format-standard","has-post-thumbnail","hentry","category-economia","tag-economia","tag-jair-bolsonaro"],"yoast_head":"<!-- This site is optimized with the Yoast SEO plugin v24.4 - https:\/\/yoast.com\/wordpress\/plugins\/seo\/ -->\n<title>Paulo Guedes deixa &quot;fora de quest\u00e3o&quot; a renegocia\u00e7\u00e3o da d\u00edvida p\u00fablica<\/title>\n<meta name=\"description\" content=\"As declara\u00e7\u00f5es de\u00a0Paulo Guedes\u00a0acontecem um dia ap\u00f3s a entrevista em que Bolsonaro comentou sobre a d\u00edvida interna. Clique para saber mais.\" \/>\n<meta name=\"robots\" content=\"index, follow, max-snippet:-1, max-image-preview:large, max-video-preview:-1\" \/>\n<link rel=\"canonical\" href=\"https:\/\/www.suno.com.br\/noticias\/paulo-guedes-divida-publica\/\" \/>\n<meta property=\"og:locale\" content=\"pt_BR\" \/>\n<meta property=\"og:type\" content=\"article\" \/>\n<meta property=\"og:title\" content=\"Paulo Guedes deixa &quot;fora de quest\u00e3o&quot; a renegocia\u00e7\u00e3o da d\u00edvida p\u00fablica\" \/>\n<meta property=\"og:description\" content=\"As declara\u00e7\u00f5es de\u00a0Paulo Guedes\u00a0acontecem um dia ap\u00f3s a entrevista em que Bolsonaro comentou sobre a d\u00edvida interna. Clique para saber mais.\" \/>\n<meta property=\"og:url\" content=\"https:\/\/www.suno.com.br\/noticias\/paulo-guedes-divida-publica\/\" \/>\n<meta property=\"og:site_name\" content=\"Suno Not\u00edcias\" \/>\n<meta property=\"article:publisher\" content=\"https:\/\/facebook.com\/sunoresearch\" \/>\n<meta property=\"article:author\" content=\"https:\/\/www.linkedin.com\/in\/mateus-vasconcellos-4b3542123\/\" \/>\n<meta property=\"og:image\" content=\"https:\/\/files.sunoresearch.com.br\/n\/uploads\/2018\/10\/1fa7b478-paulo-guedes.jpg\" \/>\n\t<meta property=\"og:image:width\" content=\"2008\" \/>\n\t<meta property=\"og:image:height\" content=\"1339\" \/>\n\t<meta property=\"og:image:type\" content=\"image\/jpeg\" \/>\n<meta name=\"author\" content=\"Mateus Vasconcellos\" \/>\n<meta name=\"twitter:card\" content=\"summary_large_image\" \/>\n<meta name=\"twitter:creator\" content=\"@sunoresearch\" \/>\n<meta name=\"twitter:site\" content=\"@sunoresearch\" \/>\n<meta name=\"twitter:label1\" content=\"Escrito por\" \/>\n\t<meta name=\"twitter:data1\" content=\"Mateus Vasconcellos\" \/>\n\t<meta name=\"twitter:label2\" content=\"Est. tempo de leitura\" \/>\n\t<meta name=\"twitter:data2\" content=\"1 minuto\" \/>\n<script type=\"application\/ld+json\" class=\"yoast-schema-graph\">{\"@context\":\"https:\/\/schema.org\",\"@graph\":[{\"@type\":\"NewsArticle\",\"@id\":\"https:\/\/www.suno.com.br\/noticias\/paulo-guedes-divida-publica\/#article\",\"isPartOf\":{\"@id\":\"https:\/\/www.suno.com.br\/noticias\/paulo-guedes-divida-publica\/\"},\"author\":{\"name\":\"Mateus Vasconcellos\",\"@id\":\"https:\/\/www.suno.com.br\/noticias\/#\/schema\/person\/ff5cc30ec6c0b55b6d3f3cfc4378b74e\"},\"headline\":\"Paulo Guedes deixa &#8220;fora de quest\u00e3o&#8221; a renegocia\u00e7\u00e3o da d\u00edvida p\u00fablica\",\"datePublished\":\"2018-11-06T18:40:09+00:00\",\"mainEntityOfPage\":{\"@id\":\"https:\/\/www.suno.com.br\/noticias\/paulo-guedes-divida-publica\/\"},\"wordCount\":274,\"publisher\":{\"@id\":\"https:\/\/www.suno.com.br\/noticias\/#organization\"},\"image\":{\"@id\":\"https:\/\/www.suno.com.br\/noticias\/paulo-guedes-divida-publica\/#primaryimage\"},\"thumbnailUrl\":\"https:\/\/files.sunoresearch.com.br\/n\/uploads\/2018\/10\/1fa7b478-paulo-guedes-jpg.webp\",\"keywords\":[\"Economia\",\"Jair Bolsonaro\"],\"articleSection\":[\"Economia\"],\"inLanguage\":\"pt-BR\"},{\"@type\":\"WebPage\",\"@id\":\"https:\/\/www.suno.com.br\/noticias\/paulo-guedes-divida-publica\/\",\"url\":\"https:\/\/www.suno.com.br\/noticias\/paulo-guedes-divida-publica\/\",\"name\":\"Paulo Guedes deixa \\\"fora de quest\u00e3o\\\" a renegocia\u00e7\u00e3o da d\u00edvida p\u00fablica\",\"isPartOf\":{\"@id\":\"https:\/\/www.suno.com.br\/noticias\/#website\"},\"primaryImageOfPage\":{\"@id\":\"https:\/\/www.suno.com.br\/noticias\/paulo-guedes-divida-publica\/#primaryimage\"},\"image\":{\"@id\":\"https:\/\/www.suno.com.br\/noticias\/paulo-guedes-divida-publica\/#primaryimage\"},\"thumbnailUrl\":\"https:\/\/files.sunoresearch.com.br\/n\/uploads\/2018\/10\/1fa7b478-paulo-guedes-jpg.webp\",\"datePublished\":\"2018-11-06T18:40:09+00:00\",\"description\":\"As declara\u00e7\u00f5es de\u00a0Paulo Guedes\u00a0acontecem um dia ap\u00f3s a entrevista em que Bolsonaro comentou sobre a d\u00edvida interna. Clique para saber mais.\",\"breadcrumb\":{\"@id\":\"https:\/\/www.suno.com.br\/noticias\/paulo-guedes-divida-publica\/#breadcrumb\"},\"inLanguage\":\"pt-BR\",\"potentialAction\":[{\"@type\":\"ReadAction\",\"target\":[\"https:\/\/www.suno.com.br\/noticias\/paulo-guedes-divida-publica\/\"]}]},{\"@type\":\"ImageObject\",\"inLanguage\":\"pt-BR\",\"@id\":\"https:\/\/www.suno.com.br\/noticias\/paulo-guedes-divida-publica\/#primaryimage\",\"url\":\"https:\/\/files.sunoresearch.com.br\/n\/uploads\/2018\/10\/1fa7b478-paulo-guedes-jpg.webp\",\"contentUrl\":\"https:\/\/files.sunoresearch.com.br\/n\/uploads\/2018\/10\/1fa7b478-paulo-guedes-jpg.webp\",\"width\":2008,\"height\":1339,\"caption\":\"Guedes afirma que 17 estatais ser\u00e3o privatizadas esse ano\"},{\"@type\":\"BreadcrumbList\",\"@id\":\"https:\/\/www.suno.com.br\/noticias\/paulo-guedes-divida-publica\/#breadcrumb\",\"itemListElement\":[{\"@type\":\"ListItem\",\"position\":1,\"name\":\"Not\u00edcias\",\"item\":\"https:\/\/www.suno.com.br\/noticias\/\"},{\"@type\":\"ListItem\",\"position\":2,\"name\":\"Economia\",\"item\":\"https:\/\/www.suno.com.br\/noticias\/economia\/\"},{\"@type\":\"ListItem\",\"position\":3,\"name\":\"Paulo Guedes deixa &#8220;fora de quest\u00e3o&#8221; a renegocia\u00e7\u00e3o da d\u00edvida p\u00fablica\"}]},{\"@type\":\"WebSite\",\"@id\":\"https:\/\/www.suno.com.br\/noticias\/#website\",\"url\":\"https:\/\/www.suno.com.br\/noticias\/\",\"name\":\"Suno Not\u00edcias\",\"description\":\"Seu portal de informa\u00e7\u00e3o sobre o mundo dos investimentos\",\"publisher\":{\"@id\":\"https:\/\/www.suno.com.br\/noticias\/#organization\"},\"potentialAction\":[{\"@type\":\"SearchAction\",\"target\":{\"@type\":\"EntryPoint\",\"urlTemplate\":\"https:\/\/www.suno.com.br\/noticias\/?s={search_term_string}\"},\"query-input\":{\"@type\":\"PropertyValueSpecification\",\"valueRequired\":true,\"valueName\":\"search_term_string\"}}],\"inLanguage\":\"pt-BR\"},{\"@type\":\"Organization\",\"@id\":\"https:\/\/www.suno.com.br\/noticias\/#organization\",\"name\":\"Suno Not\u00edcias\",\"url\":\"https:\/\/www.suno.com.br\/noticias\/\",\"logo\":{\"@type\":\"ImageObject\",\"inLanguage\":\"pt-BR\",\"@id\":\"https:\/\/www.suno.com.br\/noticias\/#\/schema\/logo\/image\/\",\"url\":\"https:\/\/files.sunoresearch.com.br\/n\/uploads\/2021\/09\/suno-logo.png\",\"contentUrl\":\"https:\/\/files.sunoresearch.com.br\/n\/uploads\/2021\/09\/suno-logo.png\",\"width\":180,\"height\":180,\"caption\":\"Suno Not\u00edcias\"},\"image\":{\"@id\":\"https:\/\/www.suno.com.br\/noticias\/#\/schema\/logo\/image\/\"},\"sameAs\":[\"https:\/\/facebook.com\/sunoresearch\",\"https:\/\/x.com\/sunoresearch\",\"https:\/\/www.instagram.com\/suno\",\"https:\/\/www.linkedin.com\/company\/suno-research\/\",\"https:\/\/www.youtube.com\/c\/sunoresearch\"]},{\"@type\":\"Person\",\"@id\":\"https:\/\/www.suno.com.br\/noticias\/#\/schema\/person\/ff5cc30ec6c0b55b6d3f3cfc4378b74e\",\"name\":\"Mateus Vasconcellos\",\"image\":{\"@type\":\"ImageObject\",\"inLanguage\":\"pt-BR\",\"@id\":\"https:\/\/www.suno.com.br\/noticias\/#\/schema\/person\/image\/\",\"url\":\"https:\/\/secure.gravatar.com\/avatar\/8d725238a0ef7530bdf58578a222f948?s=96&r=g\",\"contentUrl\":\"https:\/\/secure.gravatar.com\/avatar\/8d725238a0ef7530bdf58578a222f948?s=96&r=g\",\"caption\":\"Mateus Vasconcellos\"},\"description\":\"Formado em jornalismo pela Universidade Presbiteriana Mackenzie, Mateus Vasconcellos escreve sobre o mercado financeiro para o portal de not\u00edcias da Suno Research. Antes da Suno, teve passagem pelo Observat\u00f3rio do Terceiro Setor e \u00e9 vencedor do 7\u00b0 Pr\u00eamio Jovem Jornalista Fernando Pacheco Jord\u00e3o.\",\"sameAs\":[\"https:\/\/www.suno.com.br\",\"https:\/\/www.linkedin.com\/in\/mateus-vasconcellos-4b3542123\/\"],\"url\":\"https:\/\/www.suno.com.br\/noticias\/author\/mateus-vasconcellos\/\"}]}<\/script>\n<!-- \/ Yoast SEO plugin. -->","yoast_head_json":{"title":"Paulo Guedes deixa \"fora de quest\u00e3o\" a renegocia\u00e7\u00e3o da d\u00edvida p\u00fablica","description":"As declara\u00e7\u00f5es de\u00a0Paulo Guedes\u00a0acontecem um dia ap\u00f3s a entrevista em que Bolsonaro comentou sobre a d\u00edvida interna. Clique para saber mais.","robots":{"index":"index","follow":"follow","max-snippet":"max-snippet:-1","max-image-preview":"max-image-preview:large","max-video-preview":"max-video-preview:-1"},"canonical":"https:\/\/www.suno.com.br\/noticias\/paulo-guedes-divida-publica\/","og_locale":"pt_BR","og_type":"article","og_title":"Paulo Guedes deixa \"fora de quest\u00e3o\" a renegocia\u00e7\u00e3o da d\u00edvida p\u00fablica","og_description":"As declara\u00e7\u00f5es de\u00a0Paulo Guedes\u00a0acontecem um dia ap\u00f3s a entrevista em que Bolsonaro comentou sobre a d\u00edvida interna. Clique para saber mais.","og_url":"https:\/\/www.suno.com.br\/noticias\/paulo-guedes-divida-publica\/","og_site_name":"Suno Not\u00edcias","article_publisher":"https:\/\/facebook.com\/sunoresearch","article_author":"https:\/\/www.linkedin.com\/in\/mateus-vasconcellos-4b3542123\/","og_image":[{"width":2008,"height":1339,"url":"https:\/\/files.sunoresearch.com.br\/n\/uploads\/2018\/10\/1fa7b478-paulo-guedes.jpg","type":"image\/jpeg"}],"author":"Mateus Vasconcellos","twitter_card":"summary_large_image","twitter_creator":"@sunoresearch","twitter_site":"@sunoresearch","twitter_misc":{"Escrito por":"Mateus Vasconcellos","Est. tempo de leitura":"1 minuto"},"schema":{"@context":"https:\/\/schema.org","@graph":[{"@type":"NewsArticle","@id":"https:\/\/www.suno.com.br\/noticias\/paulo-guedes-divida-publica\/#article","isPartOf":{"@id":"https:\/\/www.suno.com.br\/noticias\/paulo-guedes-divida-publica\/"},"author":{"name":"Mateus Vasconcellos","@id":"https:\/\/www.suno.com.br\/noticias\/#\/schema\/person\/ff5cc30ec6c0b55b6d3f3cfc4378b74e"},"headline":"Paulo Guedes deixa &#8220;fora de quest\u00e3o&#8221; a renegocia\u00e7\u00e3o da d\u00edvida p\u00fablica","datePublished":"2018-11-06T18:40:09+00:00","mainEntityOfPage":{"@id":"https:\/\/www.suno.com.br\/noticias\/paulo-guedes-divida-publica\/"},"wordCount":274,"publisher":{"@id":"https:\/\/www.suno.com.br\/noticias\/#organization"},"image":{"@id":"https:\/\/www.suno.com.br\/noticias\/paulo-guedes-divida-publica\/#primaryimage"},"thumbnailUrl":"https:\/\/files.sunoresearch.com.br\/n\/uploads\/2018\/10\/1fa7b478-paulo-guedes-jpg.webp","keywords":["Economia","Jair Bolsonaro"],"articleSection":["Economia"],"inLanguage":"pt-BR"},{"@type":"WebPage","@id":"https:\/\/www.suno.com.br\/noticias\/paulo-guedes-divida-publica\/","url":"https:\/\/www.suno.com.br\/noticias\/paulo-guedes-divida-publica\/","name":"Paulo Guedes deixa \"fora de quest\u00e3o\" a renegocia\u00e7\u00e3o da d\u00edvida p\u00fablica","isPartOf":{"@id":"https:\/\/www.suno.com.br\/noticias\/#website"},"primaryImageOfPage":{"@id":"https:\/\/www.suno.com.br\/noticias\/paulo-guedes-divida-publica\/#primaryimage"},"image":{"@id":"https:\/\/www.suno.com.br\/noticias\/paulo-guedes-divida-publica\/#primaryimage"},"thumbnailUrl":"https:\/\/files.sunoresearch.com.br\/n\/uploads\/2018\/10\/1fa7b478-paulo-guedes-jpg.webp","datePublished":"2018-11-06T18:40:09+00:00","description":"As declara\u00e7\u00f5es de\u00a0Paulo Guedes\u00a0acontecem um dia ap\u00f3s a entrevista em que Bolsonaro comentou sobre a d\u00edvida interna. Clique para saber mais.","breadcrumb":{"@id":"https:\/\/www.suno.com.br\/noticias\/paulo-guedes-divida-publica\/#breadcrumb"},"inLanguage":"pt-BR","potentialAction":[{"@type":"ReadAction","target":["https:\/\/www.suno.com.br\/noticias\/paulo-guedes-divida-publica\/"]}]},{"@type":"ImageObject","inLanguage":"pt-BR","@id":"https:\/\/www.suno.com.br\/noticias\/paulo-guedes-divida-publica\/#primaryimage","url":"https:\/\/files.sunoresearch.com.br\/n\/uploads\/2018\/10\/1fa7b478-paulo-guedes-jpg.webp","contentUrl":"https:\/\/files.sunoresearch.com.br\/n\/uploads\/2018\/10\/1fa7b478-paulo-guedes-jpg.webp","width":2008,"height":1339,"caption":"Guedes afirma que 17 estatais ser\u00e3o privatizadas esse ano"},{"@type":"BreadcrumbList","@id":"https:\/\/www.suno.com.br\/noticias\/paulo-guedes-divida-publica\/#breadcrumb","itemListElement":[{"@type":"ListItem","position":1,"name":"Not\u00edcias","item":"https:\/\/www.suno.com.br\/noticias\/"},{"@type":"ListItem","position":2,"name":"Economia","item":"https:\/\/www.suno.com.br\/noticias\/economia\/"},{"@type":"ListItem","position":3,"name":"Paulo Guedes deixa &#8220;fora de quest\u00e3o&#8221; a renegocia\u00e7\u00e3o da d\u00edvida p\u00fablica"}]},{"@type":"WebSite","@id":"https:\/\/www.suno.com.br\/noticias\/#website","url":"https:\/\/www.suno.com.br\/noticias\/","name":"Suno Not\u00edcias","description":"Seu portal de informa\u00e7\u00e3o sobre o mundo dos investimentos","publisher":{"@id":"https:\/\/www.suno.com.br\/noticias\/#organization"},"potentialAction":[{"@type":"SearchAction","target":{"@type":"EntryPoint","urlTemplate":"https:\/\/www.suno.com.br\/noticias\/?s={search_term_string}"},"query-input":{"@type":"PropertyValueSpecification","valueRequired":true,"valueName":"search_term_string"}}],"inLanguage":"pt-BR"},{"@type":"Organization","@id":"https:\/\/www.suno.com.br\/noticias\/#organization","name":"Suno Not\u00edcias","url":"https:\/\/www.suno.com.br\/noticias\/","logo":{"@type":"ImageObject","inLanguage":"pt-BR","@id":"https:\/\/www.suno.com.br\/noticias\/#\/schema\/logo\/image\/","url":"https:\/\/files.sunoresearch.com.br\/n\/uploads\/2021\/09\/suno-logo.png","contentUrl":"https:\/\/files.sunoresearch.com.br\/n\/uploads\/2021\/09\/suno-logo.png","width":180,"height":180,"caption":"Suno Not\u00edcias"},"image":{"@id":"https:\/\/www.suno.com.br\/noticias\/#\/schema\/logo\/image\/"},"sameAs":["https:\/\/facebook.com\/sunoresearch","https:\/\/x.com\/sunoresearch","https:\/\/www.instagram.com\/suno","https:\/\/www.linkedin.com\/company\/suno-research\/","https:\/\/www.youtube.com\/c\/sunoresearch"]},{"@type":"Person","@id":"https:\/\/www.suno.com.br\/noticias\/#\/schema\/person\/ff5cc30ec6c0b55b6d3f3cfc4378b74e","name":"Mateus Vasconcellos","image":{"@type":"ImageObject","inLanguage":"pt-BR","@id":"https:\/\/www.suno.com.br\/noticias\/#\/schema\/person\/image\/","url":"https:\/\/secure.gravatar.com\/avatar\/8d725238a0ef7530bdf58578a222f948?s=96&r=g","contentUrl":"https:\/\/secure.gravatar.com\/avatar\/8d725238a0ef7530bdf58578a222f948?s=96&r=g","caption":"Mateus Vasconcellos"},"description":"Formado em jornalismo pela Universidade Presbiteriana Mackenzie, Mateus Vasconcellos escreve sobre o mercado financeiro para o portal de not\u00edcias da Suno Research. Antes da Suno, teve passagem pelo Observat\u00f3rio do Terceiro Setor e \u00e9 vencedor do 7\u00b0 Pr\u00eamio Jovem Jornalista Fernando Pacheco Jord\u00e3o.","sameAs":["https:\/\/www.suno.com.br","https:\/\/www.linkedin.com\/in\/mateus-vasconcellos-4b3542123\/"],"url":"https:\/\/www.suno.com.br\/noticias\/author\/mateus-vasconcellos\/"}]}},"default_loop_html":"<div class=\"cardsPage__listCard__boxs\"><div class=\"cardsPage__listCard__boxs__img\"><a href=\"https:\/\/www.suno.com.br\/noticias\/paulo-guedes-divida-publica\/\"><img class=\"mask\" src=\"https:\/\/www.suno.com.br\/noticias\/wp-content\/themes\/suno\/resources\/images\/spotlight\/spotlight1img\/bg-mask.png\" alt=\"Image Mask\"\/><img src=\"https:\/\/files.sunoresearch.com.br\/n\/uploads\/2018\/10\/1fa7b478-paulo-guedes-400x200.webp\" alt=\"Paulo Guedes deixa &#8220;fora de quest\u00e3o&#8221; a renegocia\u00e7\u00e3o da d\u00edvida p\u00fablica\"\/><\/a><span class=\"spotlightCategory\"><a href=\"https:\/\/www.suno.com.br\/noticias\/economia\/\">Economia<\/a><\/span><\/div><div class=\"cardsPage__listCard__boxs__content\"><a href=\"https:\/\/www.suno.com.br\/noticias\/paulo-guedes-divida-publica\/\"><h2 class=\"content__title\">Paulo Guedes deixa &#8220;fora de quest\u00e3o&#8221; a renegocia\u00e7\u00e3o da d\u00edvida p\u00fablica<\/h2><\/a><div class=\"newsContent__article__meta\"><div class=\"newsContent__article__meta__authorBox\"><a href=\"https:\/\/www.suno.com.br\/noticias\/author\/mateus-vasconcellos\/\" class=\"authorBox__avatar noMobi\"><img src=\"https:\/\/secure.gravatar.com\/avatar\/8d725238a0ef7530bdf58578a222f948?s=96&#038;r=g\" alt=\"Mateus Vasconcellos\"><\/a><div class=\"authorBox__name\"><span>por\n\t\t\t<a href=\"https:\/\/www.suno.com.br\/noticias\/author\/mateus-vasconcellos\/\"><span itemprop=\"author\">Mateus Vasconcellos<\/span><\/a><\/span><time datetime=\"2018-11-06T16:40:09-02:00\" itemprop=\"datePublished\">06\/11\/2018 16:40<\/time><\/div><\/div><\/div><\/div><\/div>","single_layout":"posts","amp_enabled":true,"_links":{"self":[{"href":"https:\/\/www.suno.com.br\/noticias\/wp-json\/wp\/v2\/posts\/6063"}],"collection":[{"href":"https:\/\/www.suno.com.br\/noticias\/wp-json\/wp\/v2\/posts"}],"about":[{"href":"https:\/\/www.suno.com.br\/noticias\/wp-json\/wp\/v2\/types\/post"}],"author":[{"embeddable":true,"href":"https:\/\/www.suno.com.br\/noticias\/wp-json\/wp\/v2\/users\/7"}],"replies":[{"embeddable":true,"href":"https:\/\/www.suno.com.br\/noticias\/wp-json\/wp\/v2\/comments?post=6063"}],"version-history":[{"count":0,"href":"https:\/\/www.suno.com.br\/noticias\/wp-json\/wp\/v2\/posts\/6063\/revisions"}],"wp:featuredmedia":[{"embeddable":true,"href":"https:\/\/www.suno.com.br\/noticias\/wp-json\/wp\/v2\/media\/5125"}],"wp:attachment":[{"href":"https:\/\/www.suno.com.br\/noticias\/wp-json\/wp\/v2\/media?parent=6063"}],"wp:term":[{"taxonomy":"category","embeddable":true,"href":"https:\/\/www.suno.com.br\/noticias\/wp-json\/wp\/v2\/categories?post=6063"},{"taxonomy":"post_tag","embeddable":true,"href":"https:\/\/www.suno.com.br\/noticias\/wp-json\/wp\/v2\/tags?post=6063"},{"taxonomy":"suno_strategy","embeddable":true,"href":"https:\/\/www.suno.com.br\/noticias\/wp-json\/wp\/v2\/suno_strategy?post=6063"}],"curies":[{"name":"wp","href":"https:\/\/api.w.org\/{rel}","templated":true}]}}