{"id":60617,"date":"2020-04-06T13:42:35","date_gmt":"2020-04-06T16:42:35","guid":{"rendered":"https:\/\/www.suno.com.br\/noticias\/?p=60617"},"modified":"2020-04-06T13:42:35","modified_gmt":"2020-04-06T16:42:35","slug":"paulo-guedes-congelar-salarios-de-servidores-publicos","status":"publish","type":"post","link":"https:\/\/www.suno.com.br\/noticias\/paulo-guedes-congelar-salarios-de-servidores-publicos\/","title":{"rendered":"Paulo Guedes quer congelar sal\u00e1rios de servidores p\u00fablicos por dois anos"},"content":{"rendered":"<p>O ministro da Economia, <strong>Paulo Guedes<\/strong>, pretende congelar os sal\u00e1rios de servidores p\u00fablicos pelos pr\u00f3ximos dois anos, em raz\u00e3o do avan\u00e7o da pandemia do novo coronav\u00edrus (Covid-19). Segundo ele, no entanto, o corte na remunera\u00e7\u00e3o de servidores federais est\u00e1 descartada.<\/p>\t<div class=\"wrapper-featured-image\">\n\t\t<figure class=\"spotlightImg\">\n\n\t\t\t<picture>\n\t\t\t\t<source media=\"(max-width: 768px)\" srcset=\"https:\/\/files.sunoresearch.com.br\/n\/uploads\/2019\/04\/0a040f64-paulo-guedes-na-ccj-400x200.webp\">\n\t\t\t\t<img loading=\"lazy\" decoding=\"async\" class=\"newsContent__article__imgCapa lazyloadDisabled newsContent__article__imgCapa--noCaption\" src=\"https:\/\/files.sunoresearch.com.br\/n\/uploads\/2019\/04\/0a040f64-paulo-guedes-na-ccj-800x450.webp\" width=\"800\" height=\"450\" alt=\"Paulo Guedes quer congelar sal\u00e1rios de servidores p\u00fablicos por dois anos\" fetchpriority=high \/>\n\t\t\t<\/picture>\n\n\t\t\t<figcaption class=\"wp-caption-text wp-caption-text--hide\">Renda Brasil: governo criar\u00e1 programa de renda m\u00ednima permanente<\/figcaption>\n\t\t<\/figure>\n\t<\/div>\n\n\n\n<p>Em teleconfer\u00eancia com deputados do DEM no \u00faltimo domingo (5), Paulo Guedes afirmou que um corte de sal\u00e1rios poderia gerar uma <a href=\"https:\/\/www.suno.com.br\/artigos\/deflacao\/\">defla\u00e7\u00e3o<\/a> na economia. O ministro, ent\u00e3o, disse que a <a href=\"https:\/\/www.suno.com.br\/artigos\/deficit-publico\/\">redu\u00e7\u00e3o de <strong>gastos p\u00fablicos<\/strong><\/a> com o congelamento de sal\u00e1rios seria a mesma do corte de sal\u00e1rios, mas sem causar uma defla\u00e7\u00e3o.<\/p>\n<p>Guedes disse que o setor p\u00fablico precisa dar o exemplo, portanto, seria necess\u00e1rio &#8220;congelar os sal\u00e1rios durante dois anos&#8221;. A equipe econ\u00f4mica chegou a levantar uma <strong>Proposta de Emenda \u00e0 Constitui\u00e7\u00e3o (PEC)<\/strong> que cortaria cerca de 25% do sal\u00e1rio dos servidores, com um corte da jornada de trabalho proporcional. O presidente <strong>Jair Bolsonaro<\/strong>, todavia, n\u00e3o aceita tratar do tema, segundo Guedes.<\/p>\n\t<p>\n\t\t<a href=\"https:\/\/lp.suno.com.br\/cl\/webinario-suno-black-2024\/\" target=\"_blank\" data-element=\"shortcode-suno-banner\" title=\"Banner SUNO, clique e saiba mais\">\n\t\t\t<picture>\n\t\t\t\t<source media=\"(max-width: 500px)\" srcset=\"https:\/\/files.sunoresearch.com.br\/n\/uploads\/2024\/04\/400x300-Banner-Home-1.png\">\n\t\t\t\t<img class=\"newsContent__article__imgCapa newsContent__article__imgCapa--banner\"\n\t\t\t\t\tsrc=\"https:\/\/files.sunoresearch.com.br\/n\/uploads\/2024\/04\/400x300-Banner-Home-1.png\"\n\t\t\t\t\tdata-promo-id=\"102411\"\t\t\t\t\t\t\t\t\t\twidth='401' height='300'\t\t\t\t\talt=\"https:\/\/files.sunoresearch.com.br\/n\/uploads\/2024\/04\/400x300-Banner-Home-1.png\"\n\t\t\t\t>\n\t\t\t<\/picture>\n\t\t<\/a>\n\t<\/p>\n\n\n<p>Na conversa com os deputados, o chefe da pasta econ\u00f4mica disse que estima que a crise econ\u00f4mica ocasionada pelo coronav\u00edrus dure &#8220;tr\u00eas ou quatro meses&#8221;. Entretanto, o ministro disse que esse per\u00edodo turbulento n\u00e3o pode ser transformada &#8220;numa crise de tr\u00eas ou quatro anos&#8221;, por isso defendeu o progresso das reformas estruturantes.<\/p>\n<p>Guedes afirmou que n\u00e3o quer ver este ano como um &#8220;grande arrombamento&#8221;, mas garantiu que ser\u00e1 gasto o necess\u00e1rio para conter o <a href=\"https:\/\/www.youtube.com\/watch?v=0snRYzfHan0&amp;t=1s\">avan\u00e7o da doen\u00e7a<\/a> sobre a popula\u00e7\u00e3o brasileira.<\/p>\n<p><a href=\"https:\/\/www.suno.com.br\/noticias\/coronavoucher-pagamento-deve-iniciar-nesta-semana\/\">Saiba mais: Coronavoucher: pagamento deve se iniciar nesta semana<\/a><\/p>\n<p>De acordo com o <strong>Minist\u00e9rio da Economia<\/strong>, j\u00e1 foram anunciados pelo governo R$ 224 bilh\u00f5es em est\u00edmulos \u00e0 economia para o combate ao v\u00edrus. Para a pasta, esse valor, acrescido de uma queda na receita federal, ir\u00e1 gerar um impacto de R$ 419 bilh\u00f5es nos cofres p\u00fablicos neste ano, proporcional a aproximadamente 5,8% do <a href=\"https:\/\/www.suno.com.br\/artigos\/pib-produto-interno-bruto\/\">Produto Interno Bruto (<strong>PIB<\/strong>)<\/a> alcan\u00e7ado em 2019.<\/p>\n<p>Esse montante n\u00e3o inclui a possibilidade do aumento do limite de endividamento de prefeituras e estados, o qual <strong>Paulo Guedes<\/strong> se mostra favor\u00e1vel. Em 2020, estados e munic\u00edpios est\u00e3o autorizados a contrair R$ 8,4 bilh\u00f5es em empr\u00e9stimos federais, sendo que R$ 4,5 bilh\u00f5es com garantias federais e R$ 3,9 bilh\u00f5es sem garantia.<\/p>\n\n","protected":false},"excerpt":{"rendered":"<p>O ministro da Economia, Paulo Guedes, pretende congelar os sal\u00e1rios de servidores p\u00fablicos pelos pr\u00f3ximos dois anos, em raz\u00e3o do avan\u00e7o da pandemia do novo coronav\u00edrus (Covid-19). Segundo ele, no entanto, o corte na remunera\u00e7\u00e3o de servidores federais est\u00e1 descartada. Renda Brasil: governo criar\u00e1 programa de renda m\u00ednima permanente Em teleconfer\u00eancia com deputados do DEM [&hellip;]<\/p>\n","protected":false},"author":24,"featured_media":19887,"comment_status":"closed","ping_status":"closed","sticky":false,"template":"","format":"standard","meta":[],"categories":[61],"tags":[2487,719,796],"suno_strategy":[],"class_list":["post-60617","post","type-post","status-publish","format-standard","has-post-thumbnail","hentry","category-politica","tag-coronavirus","tag-jair-bolsonaro","tag-paulo-guedes"],"yoast_head":"<!-- This site is optimized with the Yoast SEO plugin v24.4 - https:\/\/yoast.com\/wordpress\/plugins\/seo\/ -->\n<title>Paulo Guedes quer congelar sal\u00e1rios de servidores p\u00fablicos por dois anos<\/title>\n<meta name=\"description\" content=\"O ministro da Economia, Paulo Guedes, pretende congelar os sal\u00e1rios de servidores p\u00fablicos pelos pr\u00f3ximos dois anos. Saiba mais.\" \/>\n<meta name=\"robots\" content=\"index, follow, max-snippet:-1, max-image-preview:large, max-video-preview:-1\" \/>\n<link rel=\"canonical\" href=\"https:\/\/www.suno.com.br\/noticias\/paulo-guedes-congelar-salarios-de-servidores-publicos\/\" \/>\n<meta property=\"og:locale\" content=\"pt_BR\" \/>\n<meta property=\"og:type\" content=\"article\" \/>\n<meta property=\"og:title\" content=\"Paulo Guedes quer congelar sal\u00e1rios de servidores p\u00fablicos por dois anos\" \/>\n<meta property=\"og:description\" content=\"O ministro da Economia, Paulo Guedes, pretende congelar os sal\u00e1rios de servidores p\u00fablicos pelos pr\u00f3ximos dois anos. Saiba mais.\" \/>\n<meta property=\"og:url\" content=\"https:\/\/www.suno.com.br\/noticias\/paulo-guedes-congelar-salarios-de-servidores-publicos\/\" \/>\n<meta property=\"og:site_name\" content=\"Suno Not\u00edcias\" \/>\n<meta property=\"article:publisher\" content=\"https:\/\/facebook.com\/sunoresearch\" \/>\n<meta property=\"og:image\" content=\"https:\/\/files.sunoresearch.com.br\/n\/uploads\/2019\/04\/0a040f64-paulo-guedes-na-ccj.jpg\" \/>\n\t<meta property=\"og:image:width\" content=\"1140\" \/>\n\t<meta property=\"og:image:height\" content=\"760\" \/>\n\t<meta property=\"og:image:type\" content=\"image\/jpeg\" \/>\n<meta name=\"author\" content=\"Jader Lazarini\" \/>\n<meta name=\"twitter:card\" content=\"summary_large_image\" \/>\n<meta name=\"twitter:creator\" content=\"@sunoresearch\" \/>\n<meta name=\"twitter:site\" content=\"@sunoresearch\" \/>\n<meta name=\"twitter:label1\" content=\"Escrito por\" \/>\n\t<meta name=\"twitter:data1\" content=\"Jader Lazarini\" \/>\n\t<meta name=\"twitter:label2\" content=\"Est. tempo de leitura\" \/>\n\t<meta name=\"twitter:data2\" content=\"2 minutos\" \/>\n<script type=\"application\/ld+json\" class=\"yoast-schema-graph\">{\"@context\":\"https:\/\/schema.org\",\"@graph\":[{\"@type\":\"NewsArticle\",\"@id\":\"https:\/\/www.suno.com.br\/noticias\/paulo-guedes-congelar-salarios-de-servidores-publicos\/#article\",\"isPartOf\":{\"@id\":\"https:\/\/www.suno.com.br\/noticias\/paulo-guedes-congelar-salarios-de-servidores-publicos\/\"},\"author\":{\"name\":\"Jader Lazarini\",\"@id\":\"https:\/\/www.suno.com.br\/noticias\/#\/schema\/person\/918d79de1f0281f01599b93f9ea6e23f\"},\"headline\":\"Paulo Guedes quer congelar sal\u00e1rios de servidores p\u00fablicos por dois anos\",\"datePublished\":\"2020-04-06T16:42:35+00:00\",\"mainEntityOfPage\":{\"@id\":\"https:\/\/www.suno.com.br\/noticias\/paulo-guedes-congelar-salarios-de-servidores-publicos\/\"},\"wordCount\":417,\"publisher\":{\"@id\":\"https:\/\/www.suno.com.br\/noticias\/#organization\"},\"image\":{\"@id\":\"https:\/\/www.suno.com.br\/noticias\/paulo-guedes-congelar-salarios-de-servidores-publicos\/#primaryimage\"},\"thumbnailUrl\":\"https:\/\/files.sunoresearch.com.br\/n\/uploads\/2019\/04\/0a040f64-paulo-guedes-na-ccj-jpg.webp\",\"keywords\":[\"coronav\u00edrus\",\"Jair Bolsonaro\",\"Paulo Guedes\"],\"articleSection\":[\"Pol\u00edtica\"],\"inLanguage\":\"pt-BR\"},{\"@type\":\"WebPage\",\"@id\":\"https:\/\/www.suno.com.br\/noticias\/paulo-guedes-congelar-salarios-de-servidores-publicos\/\",\"url\":\"https:\/\/www.suno.com.br\/noticias\/paulo-guedes-congelar-salarios-de-servidores-publicos\/\",\"name\":\"Paulo Guedes quer congelar sal\u00e1rios de servidores p\u00fablicos por dois anos\",\"isPartOf\":{\"@id\":\"https:\/\/www.suno.com.br\/noticias\/#website\"},\"primaryImageOfPage\":{\"@id\":\"https:\/\/www.suno.com.br\/noticias\/paulo-guedes-congelar-salarios-de-servidores-publicos\/#primaryimage\"},\"image\":{\"@id\":\"https:\/\/www.suno.com.br\/noticias\/paulo-guedes-congelar-salarios-de-servidores-publicos\/#primaryimage\"},\"thumbnailUrl\":\"https:\/\/files.sunoresearch.com.br\/n\/uploads\/2019\/04\/0a040f64-paulo-guedes-na-ccj-jpg.webp\",\"datePublished\":\"2020-04-06T16:42:35+00:00\",\"description\":\"O ministro da Economia, Paulo Guedes, pretende congelar os sal\u00e1rios de servidores p\u00fablicos pelos pr\u00f3ximos dois anos. Saiba mais.\",\"breadcrumb\":{\"@id\":\"https:\/\/www.suno.com.br\/noticias\/paulo-guedes-congelar-salarios-de-servidores-publicos\/#breadcrumb\"},\"inLanguage\":\"pt-BR\",\"potentialAction\":[{\"@type\":\"ReadAction\",\"target\":[\"https:\/\/www.suno.com.br\/noticias\/paulo-guedes-congelar-salarios-de-servidores-publicos\/\"]}]},{\"@type\":\"ImageObject\",\"inLanguage\":\"pt-BR\",\"@id\":\"https:\/\/www.suno.com.br\/noticias\/paulo-guedes-congelar-salarios-de-servidores-publicos\/#primaryimage\",\"url\":\"https:\/\/files.sunoresearch.com.br\/n\/uploads\/2019\/04\/0a040f64-paulo-guedes-na-ccj-jpg.webp\",\"contentUrl\":\"https:\/\/files.sunoresearch.com.br\/n\/uploads\/2019\/04\/0a040f64-paulo-guedes-na-ccj-jpg.webp\",\"width\":1140,\"height\":760,\"caption\":\"Renda Brasil: governo criar\u00e1 programa de renda m\u00ednima permanente\"},{\"@type\":\"BreadcrumbList\",\"@id\":\"https:\/\/www.suno.com.br\/noticias\/paulo-guedes-congelar-salarios-de-servidores-publicos\/#breadcrumb\",\"itemListElement\":[{\"@type\":\"ListItem\",\"position\":1,\"name\":\"Not\u00edcias\",\"item\":\"https:\/\/www.suno.com.br\/noticias\/\"},{\"@type\":\"ListItem\",\"position\":2,\"name\":\"Pol\u00edtica\",\"item\":\"https:\/\/www.suno.com.br\/noticias\/politica\/\"},{\"@type\":\"ListItem\",\"position\":3,\"name\":\"Paulo Guedes quer congelar sal\u00e1rios de servidores p\u00fablicos por dois anos\"}]},{\"@type\":\"WebSite\",\"@id\":\"https:\/\/www.suno.com.br\/noticias\/#website\",\"url\":\"https:\/\/www.suno.com.br\/noticias\/\",\"name\":\"Suno Not\u00edcias\",\"description\":\"Seu portal de informa\u00e7\u00e3o sobre o mundo dos investimentos\",\"publisher\":{\"@id\":\"https:\/\/www.suno.com.br\/noticias\/#organization\"},\"potentialAction\":[{\"@type\":\"SearchAction\",\"target\":{\"@type\":\"EntryPoint\",\"urlTemplate\":\"https:\/\/www.suno.com.br\/noticias\/?s={search_term_string}\"},\"query-input\":{\"@type\":\"PropertyValueSpecification\",\"valueRequired\":true,\"valueName\":\"search_term_string\"}}],\"inLanguage\":\"pt-BR\"},{\"@type\":\"Organization\",\"@id\":\"https:\/\/www.suno.com.br\/noticias\/#organization\",\"name\":\"Suno Not\u00edcias\",\"url\":\"https:\/\/www.suno.com.br\/noticias\/\",\"logo\":{\"@type\":\"ImageObject\",\"inLanguage\":\"pt-BR\",\"@id\":\"https:\/\/www.suno.com.br\/noticias\/#\/schema\/logo\/image\/\",\"url\":\"https:\/\/files.sunoresearch.com.br\/n\/uploads\/2021\/09\/suno-logo.png\",\"contentUrl\":\"https:\/\/files.sunoresearch.com.br\/n\/uploads\/2021\/09\/suno-logo.png\",\"width\":180,\"height\":180,\"caption\":\"Suno Not\u00edcias\"},\"image\":{\"@id\":\"https:\/\/www.suno.com.br\/noticias\/#\/schema\/logo\/image\/\"},\"sameAs\":[\"https:\/\/facebook.com\/sunoresearch\",\"https:\/\/x.com\/sunoresearch\",\"https:\/\/www.instagram.com\/suno\",\"https:\/\/www.linkedin.com\/company\/suno-research\/\",\"https:\/\/www.youtube.com\/c\/sunoresearch\"]},{\"@type\":\"Person\",\"@id\":\"https:\/\/www.suno.com.br\/noticias\/#\/schema\/person\/918d79de1f0281f01599b93f9ea6e23f\",\"name\":\"Jader Lazarini\",\"image\":{\"@type\":\"ImageObject\",\"inLanguage\":\"pt-BR\",\"@id\":\"https:\/\/www.suno.com.br\/noticias\/#\/schema\/person\/image\/\",\"url\":\"https:\/\/secure.gravatar.com\/avatar\/3c1ad8caa51589841baeb923fcddea97?s=96&r=g\",\"contentUrl\":\"https:\/\/secure.gravatar.com\/avatar\/3c1ad8caa51589841baeb923fcddea97?s=96&r=g\",\"caption\":\"Jader Lazarini\"},\"description\":\"Jader Lazarini escreve sobre investimentos, finan\u00e7as, economia e neg\u00f3cios. \u00c9 bacharel em Rela\u00e7\u00f5es Internacionais e analista CNPI (2619).\",\"url\":\"https:\/\/www.suno.com.br\/noticias\/author\/jader-lazarini\/\"}]}<\/script>\n<!-- \/ Yoast SEO plugin. -->","yoast_head_json":{"title":"Paulo Guedes quer congelar sal\u00e1rios de servidores p\u00fablicos por dois anos","description":"O ministro da Economia, Paulo Guedes, pretende congelar os sal\u00e1rios de servidores p\u00fablicos pelos pr\u00f3ximos dois anos. Saiba mais.","robots":{"index":"index","follow":"follow","max-snippet":"max-snippet:-1","max-image-preview":"max-image-preview:large","max-video-preview":"max-video-preview:-1"},"canonical":"https:\/\/www.suno.com.br\/noticias\/paulo-guedes-congelar-salarios-de-servidores-publicos\/","og_locale":"pt_BR","og_type":"article","og_title":"Paulo Guedes quer congelar sal\u00e1rios de servidores p\u00fablicos por dois anos","og_description":"O ministro da Economia, Paulo Guedes, pretende congelar os sal\u00e1rios de servidores p\u00fablicos pelos pr\u00f3ximos dois anos. Saiba mais.","og_url":"https:\/\/www.suno.com.br\/noticias\/paulo-guedes-congelar-salarios-de-servidores-publicos\/","og_site_name":"Suno Not\u00edcias","article_publisher":"https:\/\/facebook.com\/sunoresearch","og_image":[{"width":1140,"height":760,"url":"https:\/\/files.sunoresearch.com.br\/n\/uploads\/2019\/04\/0a040f64-paulo-guedes-na-ccj.jpg","type":"image\/jpeg"}],"author":"Jader Lazarini","twitter_card":"summary_large_image","twitter_creator":"@sunoresearch","twitter_site":"@sunoresearch","twitter_misc":{"Escrito por":"Jader Lazarini","Est. tempo de leitura":"2 minutos"},"schema":{"@context":"https:\/\/schema.org","@graph":[{"@type":"NewsArticle","@id":"https:\/\/www.suno.com.br\/noticias\/paulo-guedes-congelar-salarios-de-servidores-publicos\/#article","isPartOf":{"@id":"https:\/\/www.suno.com.br\/noticias\/paulo-guedes-congelar-salarios-de-servidores-publicos\/"},"author":{"name":"Jader Lazarini","@id":"https:\/\/www.suno.com.br\/noticias\/#\/schema\/person\/918d79de1f0281f01599b93f9ea6e23f"},"headline":"Paulo Guedes quer congelar sal\u00e1rios de servidores p\u00fablicos por dois anos","datePublished":"2020-04-06T16:42:35+00:00","mainEntityOfPage":{"@id":"https:\/\/www.suno.com.br\/noticias\/paulo-guedes-congelar-salarios-de-servidores-publicos\/"},"wordCount":417,"publisher":{"@id":"https:\/\/www.suno.com.br\/noticias\/#organization"},"image":{"@id":"https:\/\/www.suno.com.br\/noticias\/paulo-guedes-congelar-salarios-de-servidores-publicos\/#primaryimage"},"thumbnailUrl":"https:\/\/files.sunoresearch.com.br\/n\/uploads\/2019\/04\/0a040f64-paulo-guedes-na-ccj-jpg.webp","keywords":["coronav\u00edrus","Jair Bolsonaro","Paulo Guedes"],"articleSection":["Pol\u00edtica"],"inLanguage":"pt-BR"},{"@type":"WebPage","@id":"https:\/\/www.suno.com.br\/noticias\/paulo-guedes-congelar-salarios-de-servidores-publicos\/","url":"https:\/\/www.suno.com.br\/noticias\/paulo-guedes-congelar-salarios-de-servidores-publicos\/","name":"Paulo Guedes quer congelar sal\u00e1rios de servidores p\u00fablicos por dois anos","isPartOf":{"@id":"https:\/\/www.suno.com.br\/noticias\/#website"},"primaryImageOfPage":{"@id":"https:\/\/www.suno.com.br\/noticias\/paulo-guedes-congelar-salarios-de-servidores-publicos\/#primaryimage"},"image":{"@id":"https:\/\/www.suno.com.br\/noticias\/paulo-guedes-congelar-salarios-de-servidores-publicos\/#primaryimage"},"thumbnailUrl":"https:\/\/files.sunoresearch.com.br\/n\/uploads\/2019\/04\/0a040f64-paulo-guedes-na-ccj-jpg.webp","datePublished":"2020-04-06T16:42:35+00:00","description":"O ministro da Economia, Paulo Guedes, pretende congelar os sal\u00e1rios de servidores p\u00fablicos pelos pr\u00f3ximos dois anos. Saiba mais.","breadcrumb":{"@id":"https:\/\/www.suno.com.br\/noticias\/paulo-guedes-congelar-salarios-de-servidores-publicos\/#breadcrumb"},"inLanguage":"pt-BR","potentialAction":[{"@type":"ReadAction","target":["https:\/\/www.suno.com.br\/noticias\/paulo-guedes-congelar-salarios-de-servidores-publicos\/"]}]},{"@type":"ImageObject","inLanguage":"pt-BR","@id":"https:\/\/www.suno.com.br\/noticias\/paulo-guedes-congelar-salarios-de-servidores-publicos\/#primaryimage","url":"https:\/\/files.sunoresearch.com.br\/n\/uploads\/2019\/04\/0a040f64-paulo-guedes-na-ccj-jpg.webp","contentUrl":"https:\/\/files.sunoresearch.com.br\/n\/uploads\/2019\/04\/0a040f64-paulo-guedes-na-ccj-jpg.webp","width":1140,"height":760,"caption":"Renda Brasil: governo criar\u00e1 programa de renda m\u00ednima permanente"},{"@type":"BreadcrumbList","@id":"https:\/\/www.suno.com.br\/noticias\/paulo-guedes-congelar-salarios-de-servidores-publicos\/#breadcrumb","itemListElement":[{"@type":"ListItem","position":1,"name":"Not\u00edcias","item":"https:\/\/www.suno.com.br\/noticias\/"},{"@type":"ListItem","position":2,"name":"Pol\u00edtica","item":"https:\/\/www.suno.com.br\/noticias\/politica\/"},{"@type":"ListItem","position":3,"name":"Paulo Guedes quer congelar sal\u00e1rios de servidores p\u00fablicos por dois anos"}]},{"@type":"WebSite","@id":"https:\/\/www.suno.com.br\/noticias\/#website","url":"https:\/\/www.suno.com.br\/noticias\/","name":"Suno Not\u00edcias","description":"Seu portal de informa\u00e7\u00e3o sobre o mundo dos investimentos","publisher":{"@id":"https:\/\/www.suno.com.br\/noticias\/#organization"},"potentialAction":[{"@type":"SearchAction","target":{"@type":"EntryPoint","urlTemplate":"https:\/\/www.suno.com.br\/noticias\/?s={search_term_string}"},"query-input":{"@type":"PropertyValueSpecification","valueRequired":true,"valueName":"search_term_string"}}],"inLanguage":"pt-BR"},{"@type":"Organization","@id":"https:\/\/www.suno.com.br\/noticias\/#organization","name":"Suno Not\u00edcias","url":"https:\/\/www.suno.com.br\/noticias\/","logo":{"@type":"ImageObject","inLanguage":"pt-BR","@id":"https:\/\/www.suno.com.br\/noticias\/#\/schema\/logo\/image\/","url":"https:\/\/files.sunoresearch.com.br\/n\/uploads\/2021\/09\/suno-logo.png","contentUrl":"https:\/\/files.sunoresearch.com.br\/n\/uploads\/2021\/09\/suno-logo.png","width":180,"height":180,"caption":"Suno Not\u00edcias"},"image":{"@id":"https:\/\/www.suno.com.br\/noticias\/#\/schema\/logo\/image\/"},"sameAs":["https:\/\/facebook.com\/sunoresearch","https:\/\/x.com\/sunoresearch","https:\/\/www.instagram.com\/suno","https:\/\/www.linkedin.com\/company\/suno-research\/","https:\/\/www.youtube.com\/c\/sunoresearch"]},{"@type":"Person","@id":"https:\/\/www.suno.com.br\/noticias\/#\/schema\/person\/918d79de1f0281f01599b93f9ea6e23f","name":"Jader Lazarini","image":{"@type":"ImageObject","inLanguage":"pt-BR","@id":"https:\/\/www.suno.com.br\/noticias\/#\/schema\/person\/image\/","url":"https:\/\/secure.gravatar.com\/avatar\/3c1ad8caa51589841baeb923fcddea97?s=96&r=g","contentUrl":"https:\/\/secure.gravatar.com\/avatar\/3c1ad8caa51589841baeb923fcddea97?s=96&r=g","caption":"Jader Lazarini"},"description":"Jader Lazarini escreve sobre investimentos, finan\u00e7as, economia e neg\u00f3cios. \u00c9 bacharel em Rela\u00e7\u00f5es Internacionais e analista CNPI (2619).","url":"https:\/\/www.suno.com.br\/noticias\/author\/jader-lazarini\/"}]}},"default_loop_html":"<div class=\"cardsPage__listCard__boxs\"><div class=\"cardsPage__listCard__boxs__img\"><a href=\"https:\/\/www.suno.com.br\/noticias\/paulo-guedes-congelar-salarios-de-servidores-publicos\/\"><img class=\"mask\" src=\"https:\/\/www.suno.com.br\/noticias\/wp-content\/themes\/suno\/resources\/images\/spotlight\/spotlight1img\/bg-mask.png\" alt=\"Image Mask\"\/><img src=\"https:\/\/files.sunoresearch.com.br\/n\/uploads\/2019\/04\/0a040f64-paulo-guedes-na-ccj-400x200.webp\" alt=\"Paulo Guedes quer congelar sal\u00e1rios de servidores p\u00fablicos por dois anos\"\/><\/a><span class=\"spotlightCategory\"><a href=\"https:\/\/www.suno.com.br\/noticias\/politica\/\">Pol\u00edtica<\/a><\/span><\/div><div class=\"cardsPage__listCard__boxs__content\"><a href=\"https:\/\/www.suno.com.br\/noticias\/paulo-guedes-congelar-salarios-de-servidores-publicos\/\"><h2 class=\"content__title\">Paulo Guedes quer congelar sal\u00e1rios de servidores p\u00fablicos por dois anos<\/h2><\/a><div class=\"newsContent__article__meta\"><div class=\"newsContent__article__meta__authorBox\"><a href=\"https:\/\/www.suno.com.br\/noticias\/author\/jader-lazarini\/\" class=\"authorBox__avatar noMobi\"><img src=\"https:\/\/files.sunoresearch.com.br\/n\/uploads\/2021\/01\/178e6598-foto-perfil-2-150x150.jpg\" alt=\"Jader Lazarini\"><\/a><div class=\"authorBox__name\"><span>por\n\t\t\t<a href=\"https:\/\/www.suno.com.br\/noticias\/author\/jader-lazarini\/\"><span itemprop=\"author\">Jader Lazarini<\/span><\/a><\/span><time datetime=\"2020-04-06T13:42:35-03:00\" itemprop=\"datePublished\">06\/04\/2020 13:42<\/time><\/div><\/div><\/div><\/div><\/div>","single_layout":"posts","amp_enabled":true,"_links":{"self":[{"href":"https:\/\/www.suno.com.br\/noticias\/wp-json\/wp\/v2\/posts\/60617"}],"collection":[{"href":"https:\/\/www.suno.com.br\/noticias\/wp-json\/wp\/v2\/posts"}],"about":[{"href":"https:\/\/www.suno.com.br\/noticias\/wp-json\/wp\/v2\/types\/post"}],"author":[{"embeddable":true,"href":"https:\/\/www.suno.com.br\/noticias\/wp-json\/wp\/v2\/users\/24"}],"replies":[{"embeddable":true,"href":"https:\/\/www.suno.com.br\/noticias\/wp-json\/wp\/v2\/comments?post=60617"}],"version-history":[{"count":0,"href":"https:\/\/www.suno.com.br\/noticias\/wp-json\/wp\/v2\/posts\/60617\/revisions"}],"wp:featuredmedia":[{"embeddable":true,"href":"https:\/\/www.suno.com.br\/noticias\/wp-json\/wp\/v2\/media\/19887"}],"wp:attachment":[{"href":"https:\/\/www.suno.com.br\/noticias\/wp-json\/wp\/v2\/media?parent=60617"}],"wp:term":[{"taxonomy":"category","embeddable":true,"href":"https:\/\/www.suno.com.br\/noticias\/wp-json\/wp\/v2\/categories?post=60617"},{"taxonomy":"post_tag","embeddable":true,"href":"https:\/\/www.suno.com.br\/noticias\/wp-json\/wp\/v2\/tags?post=60617"},{"taxonomy":"suno_strategy","embeddable":true,"href":"https:\/\/www.suno.com.br\/noticias\/wp-json\/wp\/v2\/suno_strategy?post=60617"}],"curies":[{"name":"wp","href":"https:\/\/api.w.org\/{rel}","templated":true}]}}