{"id":605892,"date":"2025-05-20T08:12:15","date_gmt":"2025-05-20T11:12:15","guid":{"rendered":"https:\/\/www.suno.com.br\/noticias\/?p=605892"},"modified":"2025-05-20T08:12:20","modified_gmt":"2025-05-20T11:12:20","slug":"educacao-btg-cenario-desafiador-novo-marco","status":"publish","type":"post","link":"https:\/\/www.suno.com.br\/noticias\/educacao-btg-cenario-desafiador-novo-marco\/","title":{"rendered":"Educa\u00e7\u00e3o: BTG v\u00ea desafios diante de novo marco do ensino superior"},"content":{"rendered":"<p>O Minist\u00e9rio da Educa\u00e7\u00e3o (MEC) anunciou nesta segunda-feira (19), em Bras\u00edlia, o novo marco regulat\u00f3rio do ensino superior. O decreto, publicado no Di\u00e1rio Oficial da Uni\u00e3o, redefine as diretrizes para cursos a dist\u00e2ncia (EAD), h\u00edbridos e presenciais em todo o pa\u00eds, com impacto direto em empresas do setor de <strong>educa\u00e7\u00e3o<\/strong> listadas na B3<\/p>\t<div class=\"wrapper-featured-image\">\n\t\t<figure class=\"spotlightImg\">\n\n\t\t\t<picture>\n\t\t\t\t<source media=\"(max-width: 768px)\" srcset=\"https:\/\/files.sunoresearch.com.br\/n\/uploads\/2025\/05\/15e0d61d-0300-4ab5-8b9d-029be003e845-2-400x200.jpeg\">\n\t\t\t\t<img loading=\"lazy\" decoding=\"async\" class=\"newsContent__article__imgCapa lazyloadDisabled \" src=\"https:\/\/files.sunoresearch.com.br\/n\/uploads\/2025\/05\/15e0d61d-0300-4ab5-8b9d-029be003e845-2.jpeg\" width=\"800\" height=\"450\" alt=\"Educa\u00e7\u00e3o: BTG v\u00ea desafios diante de novo marco do ensino superior\" fetchpriority=high \/>\n\t\t\t<\/picture>\n\n\t\t\t<figcaption class=\"wp-caption-text wp-caption-text--show\">Mudan\u00e7as no ensino superior incluem exig\u00eancia de aulas ao vivo e novas regras para cursos EAD, h\u00edbridos e presenciais.\nFoto: Ricardo Stuckert<\/figcaption>\n\t\t<\/figure>\n\t<\/div>\n\n\n\n\n\n\t<p>\n\t\t<a href=\"https:\/\/lp.suno.com.br\/planilha-da-vida-financeira\/\" target=\"_blank\" data-element=\"shortcode-suno-banner\" title=\"Banner SUNO, clique e saiba mais\">\n\t\t\t<picture>\n\t\t\t\t<source media=\"(max-width: 500px)\" srcset=\"https:\/\/files.sunoresearch.com.br\/n\/uploads\/2023\/04\/400x300-Planilha-vida-financeira-true.png\">\n\t\t\t\t<img class=\"newsContent__article__imgCapa newsContent__article__imgCapa--banner\"\n\t\t\t\t\tsrc=\"https:\/\/files.sunoresearch.com.br\/n\/uploads\/2023\/04\/1420x240-Planilha-vida-financeira-true.png\"\n\t\t\t\t\tdata-promo-id=\"383123\"\t\t\t\t\t\t\t\t\t\twidth='1420' height='240'\t\t\t\t\talt=\"https:\/\/files.sunoresearch.com.br\/n\/uploads\/2023\/04\/1420x240-Planilha-vida-financeira-true.png\"\n\t\t\t\t>\n\t\t\t<\/picture>\n\t\t<\/a>\n\t<\/p>\n\n\n\n\n\n<p>As mudan\u00e7as incluem a obrigatoriedade de aulas ao vivo para parte da carga hor\u00e1ria, restri\u00e7\u00f5es \u00e0 oferta de cursos 100% online nas \u00e1reas de sa\u00fade e licenciatura, e a oficializa\u00e7\u00e3o da modalidade h\u00edbrida como nova categoria reconhecida pelo MEC.<\/p>\n\n\n\n<p>O <strong>BTG Pactual<\/strong>, em relat\u00f3rio setorial divulgado no mesmo dia, avalia que as novas regras criam um ambiente regulat\u00f3rio mais r\u00edgido, com impacto potencialmente negativo para o setor privado. De acordo com os analistas Samuel Alves, Yan Cesquim e Marcel Zambello, o aumento dos custos operacionais, especialmente com professores, pode pressionar margens de empresas com forte exposi\u00e7\u00e3o ao EAD \u2014 segmento que j\u00e1 representa 67% da base de alunos dos grupos educacionais listados na B3.<\/p>\n\n\n\n<h2 class=\"wp-block-heading\">Educa\u00e7\u00e3o a dist\u00e2ncia tem regras mais exigentes<\/h2>\n\n\n\n<p>As novas exig\u00eancias incluem a presen\u00e7a de pelo menos 10% de aulas s\u00edncronas (ao vivo) para cursos EAD, al\u00e9m de 10% de carga presencial e 80% online ass\u00edncrona. Para os cursos h\u00edbridos, a divis\u00e3o ser\u00e1 de 30% presencial, 20% ao vivo e at\u00e9 50% gravada. A exig\u00eancia de aulas presenciais e ao vivo implica maior necessidade de infraestrutura f\u00edsica, equipamentos e docentes em tempo real, o que aumenta os custos fixos para as institui\u00e7\u00f5es.<\/p>\n\n\n\n<p>Al\u00e9m disso, o marco determina que cursos de sa\u00fade e licenciatura \u2014 como pedagogia, enfermagem e educa\u00e7\u00e3o f\u00edsica \u2014 n\u00e3o poder\u00e3o mais ser oferecidos totalmente a dist\u00e2ncia. Segundo o BTG, isso \u00e9 especialmente relevante, pois mais de 20% dos estudantes EAD est\u00e3o matriculados nessas \u00e1reas. As institui\u00e7\u00f5es tamb\u00e9m dever\u00e3o seguir novas regras para a opera\u00e7\u00e3o de polos de ensino remoto, que passam a ter supervis\u00e3o regulat\u00f3ria mais estrita.<\/p>\n\n\n\n<p>Apesar de o texto do decreto prever uma transi\u00e7\u00e3o gradual e garantir que alunos j\u00e1 matriculados mantenham seus curr\u00edculos atuais, o banco v\u00ea risco de evas\u00e3o de estudantes e aumento de inadimpl\u00eancia caso as novas regras dificultem o acesso ou aumentem o valor das mensalidades.<\/p>\n\n\n\n<p>Segundo o relat\u00f3rio, o impacto pode ser menor \u2014 ou at\u00e9 positivo \u2014 para companhias com foco no ensino presencial e menor depend\u00eancia do modelo digital. Um exemplo \u00e9 a <strong>\u00c2nima Educa\u00e7\u00e3o<\/strong> (<a class=\"suno-keyword\" target=\"_blank\" data-force=\"yes\" data-priority=\"2\" href=\"https:\/\/www.suno.com.br\/analitica\/acoes\/anim3\/\" rel=\"noopener\">ANIM3<\/a>), que pode ganhar <a class=\"suno-keyword\" data-force=\"no\" data-priority=\"1\" href=\"https:\/\/www.suno.com.br\/artigos\/vantagem-competitiva\/\" target=\"_blank\" rel=\"noopener\">vantagem competitiva<\/a> se conseguir manter seus custos sob controle enquanto concorrentes se adaptam \u00e0s novas exig\u00eancias.<\/p>\n\n\n\n<p>Ainda n\u00e3o h\u00e1 clareza sobre todos os detalhes da implementa\u00e7\u00e3o, mas o BTG Pactual refor\u00e7a que o marco regulat\u00f3rio deve influenciar diretamente o planejamento estrat\u00e9gico, os investimentos e o perfil operacional das empresas do setor de <strong>educa\u00e7\u00e3o<\/strong> nos pr\u00f3ximos trimestres.<\/p>\n\n\n\t<p>\n\t\t<a href=\"https:\/\/lp.suno.com.br\/ebook-como-analisar-uma-acao\/\" target=\"_blank\" data-element=\"shortcode-suno-banner\" title=\"Banner SUNO, clique e saiba mais\">\n\t\t\t<picture>\n\t\t\t\t<source media=\"(max-width: 500px)\" srcset=\"https:\/\/files.sunoresearch.com.br\/n\/uploads\/2023\/03\/Ebook-Acoes-Mobile.jpg\">\n\t\t\t\t<img class=\"newsContent__article__imgCapa newsContent__article__imgCapa--banner\"\n\t\t\t\t\tsrc=\"https:\/\/files.sunoresearch.com.br\/n\/uploads\/2023\/03\/Ebook-Acoes-Desktop.jpg\"\n\t\t\t\t\tdata-promo-id=\"378302\"\t\t\t\t\t\t\t\t\t\twidth='1420' height='286'\t\t\t\t\talt=\"https:\/\/files.sunoresearch.com.br\/n\/uploads\/2023\/03\/Ebook-Acoes-Desktop.jpg\"\n\t\t\t\t>\n\t\t\t<\/picture>\n\t\t<\/a>\n\t<\/p>\n\n\n","protected":false},"excerpt":{"rendered":"<p>O Minist\u00e9rio da Educa\u00e7\u00e3o (MEC) anunciou nesta segunda-feira (19), em Bras\u00edlia, o novo marco regulat\u00f3rio do ensino superior. O decreto, publicado no Di\u00e1rio Oficial da Uni\u00e3o, redefine as diretrizes para cursos a dist\u00e2ncia (EAD), h\u00edbridos e presenciais em todo o pa\u00eds, com impacto direto em empresas do setor de educa\u00e7\u00e3o listadas na B3 Mudan\u00e7as no [&hellip;]<\/p>\n","protected":false},"author":402,"featured_media":605896,"comment_status":"closed","ping_status":"closed","sticky":false,"template":"","format":"standard","meta":[],"categories":[60],"tags":[361,399,2257,2031,632,2363],"suno_strategy":[],"class_list":["post-605892","post","type-post","status-publish","format-standard","has-post-thumbnail","hentry","category-mercado","tag-anima-anim3","tag-btg-pactual-bpac11-bpac3-bpac5","tag-cogna-cogn3","tag-cruzeiro-do-sul-csed3","tag-ser-educacional-seer3","tag-yduqs-yduq3"],"yoast_head":"<!-- This site is optimized with the Yoast SEO plugin v24.4 - https:\/\/yoast.com\/wordpress\/plugins\/seo\/ -->\n<title>Educa\u00e7\u00e3o: BTG v\u00ea desafios em novo marco do ensino superior<\/title>\n<meta name=\"description\" content=\"Novo marco regulat\u00f3rio da educa\u00e7\u00e3o superior foi anunciado pelo MEC. BTG avalia que medidas pressionam empresas com foco em EAD.\" \/>\n<meta name=\"robots\" content=\"index, follow, max-snippet:-1, max-image-preview:large, max-video-preview:-1\" \/>\n<link rel=\"canonical\" href=\"https:\/\/www.suno.com.br\/noticias\/educacao-btg-cenario-desafiador-novo-marco\/\" \/>\n<meta property=\"og:locale\" content=\"pt_BR\" \/>\n<meta property=\"og:type\" content=\"article\" \/>\n<meta property=\"og:title\" content=\"Educa\u00e7\u00e3o: BTG v\u00ea desafios em novo marco do ensino superior\" \/>\n<meta property=\"og:description\" content=\"Novo marco regulat\u00f3rio da educa\u00e7\u00e3o superior foi anunciado pelo MEC. BTG avalia que medidas pressionam empresas com foco em EAD.\" \/>\n<meta property=\"og:url\" content=\"https:\/\/www.suno.com.br\/noticias\/educacao-btg-cenario-desafiador-novo-marco\/\" \/>\n<meta property=\"og:site_name\" content=\"Suno Not\u00edcias\" \/>\n<meta property=\"article:publisher\" content=\"https:\/\/facebook.com\/sunoresearch\" \/>\n<meta property=\"og:image\" content=\"https:\/\/files.sunoresearch.com.br\/n\/uploads\/2025\/05\/15e0d61d-0300-4ab5-8b9d-029be003e845-2.jpeg\" \/>\n\t<meta property=\"og:image:width\" content=\"768\" \/>\n\t<meta property=\"og:image:height\" content=\"359\" \/>\n\t<meta property=\"og:image:type\" content=\"image\/jpeg\" \/>\n<meta name=\"author\" content=\"Ma\u00edra Telles\" \/>\n<meta name=\"twitter:card\" content=\"summary_large_image\" \/>\n<meta name=\"twitter:creator\" content=\"@sunoresearch\" \/>\n<meta name=\"twitter:site\" content=\"@sunoresearch\" \/>\n<meta name=\"twitter:label1\" content=\"Escrito por\" \/>\n\t<meta name=\"twitter:data1\" content=\"Ma\u00edra Telles\" \/>\n\t<meta name=\"twitter:label2\" content=\"Est. tempo de leitura\" \/>\n\t<meta name=\"twitter:data2\" content=\"3 minutos\" \/>\n<script type=\"application\/ld+json\" class=\"yoast-schema-graph\">{\"@context\":\"https:\/\/schema.org\",\"@graph\":[{\"@type\":\"NewsArticle\",\"@id\":\"https:\/\/www.suno.com.br\/noticias\/educacao-btg-cenario-desafiador-novo-marco\/#article\",\"isPartOf\":{\"@id\":\"https:\/\/www.suno.com.br\/noticias\/educacao-btg-cenario-desafiador-novo-marco\/\"},\"author\":{\"name\":\"Ma\u00edra Telles\",\"@id\":\"https:\/\/www.suno.com.br\/noticias\/#\/schema\/person\/0a8b51292bb96ee5f104094c0907eaef\"},\"headline\":\"Educa\u00e7\u00e3o: BTG v\u00ea desafios diante de novo marco do ensino superior\",\"datePublished\":\"2025-05-20T11:12:15+00:00\",\"dateModified\":\"2025-05-20T11:12:20+00:00\",\"mainEntityOfPage\":{\"@id\":\"https:\/\/www.suno.com.br\/noticias\/educacao-btg-cenario-desafiador-novo-marco\/\"},\"wordCount\":514,\"publisher\":{\"@id\":\"https:\/\/www.suno.com.br\/noticias\/#organization\"},\"image\":{\"@id\":\"https:\/\/www.suno.com.br\/noticias\/educacao-btg-cenario-desafiador-novo-marco\/#primaryimage\"},\"thumbnailUrl\":\"https:\/\/files.sunoresearch.com.br\/n\/uploads\/2025\/05\/15e0d61d-0300-4ab5-8b9d-029be003e845-2.jpeg\",\"keywords\":[\"Anima (ANIM3)\",\"BTG Pactual (BPAC11\/BPAC3\/BPAC5)\",\"Cogna (COGN3)\",\"Cruzeiro do Sul (CSED3)\",\"Ser Educacional (SEER3)\",\"Yduqs (YDUQ3)\"],\"articleSection\":[\"Mercado\"],\"inLanguage\":\"pt-BR\"},{\"@type\":\"WebPage\",\"@id\":\"https:\/\/www.suno.com.br\/noticias\/educacao-btg-cenario-desafiador-novo-marco\/\",\"url\":\"https:\/\/www.suno.com.br\/noticias\/educacao-btg-cenario-desafiador-novo-marco\/\",\"name\":\"Educa\u00e7\u00e3o: BTG v\u00ea desafios em novo marco do ensino superior\",\"isPartOf\":{\"@id\":\"https:\/\/www.suno.com.br\/noticias\/#website\"},\"primaryImageOfPage\":{\"@id\":\"https:\/\/www.suno.com.br\/noticias\/educacao-btg-cenario-desafiador-novo-marco\/#primaryimage\"},\"image\":{\"@id\":\"https:\/\/www.suno.com.br\/noticias\/educacao-btg-cenario-desafiador-novo-marco\/#primaryimage\"},\"thumbnailUrl\":\"https:\/\/files.sunoresearch.com.br\/n\/uploads\/2025\/05\/15e0d61d-0300-4ab5-8b9d-029be003e845-2.jpeg\",\"datePublished\":\"2025-05-20T11:12:15+00:00\",\"dateModified\":\"2025-05-20T11:12:20+00:00\",\"description\":\"Novo marco regulat\u00f3rio da educa\u00e7\u00e3o superior foi anunciado pelo MEC. BTG avalia que medidas pressionam empresas com foco em EAD.\",\"breadcrumb\":{\"@id\":\"https:\/\/www.suno.com.br\/noticias\/educacao-btg-cenario-desafiador-novo-marco\/#breadcrumb\"},\"inLanguage\":\"pt-BR\",\"potentialAction\":[{\"@type\":\"ReadAction\",\"target\":[\"https:\/\/www.suno.com.br\/noticias\/educacao-btg-cenario-desafiador-novo-marco\/\"]}]},{\"@type\":\"ImageObject\",\"inLanguage\":\"pt-BR\",\"@id\":\"https:\/\/www.suno.com.br\/noticias\/educacao-btg-cenario-desafiador-novo-marco\/#primaryimage\",\"url\":\"https:\/\/files.sunoresearch.com.br\/n\/uploads\/2025\/05\/15e0d61d-0300-4ab5-8b9d-029be003e845-2.jpeg\",\"contentUrl\":\"https:\/\/files.sunoresearch.com.br\/n\/uploads\/2025\/05\/15e0d61d-0300-4ab5-8b9d-029be003e845-2.jpeg\",\"width\":768,\"height\":359,\"caption\":\"Mudan\u00e7as no ensino superior incluem exig\u00eancia de aulas ao vivo e novas regras para cursos EAD, h\u00edbridos e presenciais. Foto: Ricardo Stuckert\"},{\"@type\":\"BreadcrumbList\",\"@id\":\"https:\/\/www.suno.com.br\/noticias\/educacao-btg-cenario-desafiador-novo-marco\/#breadcrumb\",\"itemListElement\":[{\"@type\":\"ListItem\",\"position\":1,\"name\":\"Not\u00edcias\",\"item\":\"https:\/\/www.suno.com.br\/noticias\/\"},{\"@type\":\"ListItem\",\"position\":2,\"name\":\"Mercado\",\"item\":\"https:\/\/www.suno.com.br\/noticias\/mercado\/\"},{\"@type\":\"ListItem\",\"position\":3,\"name\":\"Educa\u00e7\u00e3o: BTG v\u00ea desafios diante de novo marco do ensino superior\"}]},{\"@type\":\"WebSite\",\"@id\":\"https:\/\/www.suno.com.br\/noticias\/#website\",\"url\":\"https:\/\/www.suno.com.br\/noticias\/\",\"name\":\"Suno Not\u00edcias\",\"description\":\"Seu portal de informa\u00e7\u00e3o sobre o mundo dos investimentos\",\"publisher\":{\"@id\":\"https:\/\/www.suno.com.br\/noticias\/#organization\"},\"potentialAction\":[{\"@type\":\"SearchAction\",\"target\":{\"@type\":\"EntryPoint\",\"urlTemplate\":\"https:\/\/www.suno.com.br\/noticias\/?s={search_term_string}\"},\"query-input\":{\"@type\":\"PropertyValueSpecification\",\"valueRequired\":true,\"valueName\":\"search_term_string\"}}],\"inLanguage\":\"pt-BR\"},{\"@type\":\"Organization\",\"@id\":\"https:\/\/www.suno.com.br\/noticias\/#organization\",\"name\":\"Suno Not\u00edcias\",\"url\":\"https:\/\/www.suno.com.br\/noticias\/\",\"logo\":{\"@type\":\"ImageObject\",\"inLanguage\":\"pt-BR\",\"@id\":\"https:\/\/www.suno.com.br\/noticias\/#\/schema\/logo\/image\/\",\"url\":\"https:\/\/files.sunoresearch.com.br\/n\/uploads\/2021\/09\/suno-logo.png\",\"contentUrl\":\"https:\/\/files.sunoresearch.com.br\/n\/uploads\/2021\/09\/suno-logo.png\",\"width\":180,\"height\":180,\"caption\":\"Suno Not\u00edcias\"},\"image\":{\"@id\":\"https:\/\/www.suno.com.br\/noticias\/#\/schema\/logo\/image\/\"},\"sameAs\":[\"https:\/\/facebook.com\/sunoresearch\",\"https:\/\/x.com\/sunoresearch\",\"https:\/\/www.instagram.com\/suno\",\"https:\/\/www.linkedin.com\/company\/suno-research\/\",\"https:\/\/www.youtube.com\/c\/sunoresearch\"]},{\"@type\":\"Person\",\"@id\":\"https:\/\/www.suno.com.br\/noticias\/#\/schema\/person\/0a8b51292bb96ee5f104094c0907eaef\",\"name\":\"Ma\u00edra Telles\",\"image\":{\"@type\":\"ImageObject\",\"inLanguage\":\"pt-BR\",\"@id\":\"https:\/\/www.suno.com.br\/noticias\/#\/schema\/person\/image\/\",\"url\":\"https:\/\/secure.gravatar.com\/avatar\/8d13691eab6abc1d1050b62a4c2a6116?s=96&r=g\",\"contentUrl\":\"https:\/\/secure.gravatar.com\/avatar\/8d13691eab6abc1d1050b62a4c2a6116?s=96&r=g\",\"caption\":\"Ma\u00edra Telles\"},\"description\":\"Jornalista com passagem por reda\u00e7\u00f5es como ESPN, especializa\u00e7\u00e3o em marketing digital e em gest\u00e3o de crise. Com foco no mercado financeiro e no setor agropecu\u00e1rio, desenvolve conte\u00fados estrat\u00e9gicos e especializados para m\u00faltiplas plataformas, unindo an\u00e1lise de investimentos e neg\u00f3cios\",\"url\":\"https:\/\/www.suno.com.br\/noticias\/author\/mairaftellesgmail-com\/\"}]}<\/script>\n<!-- \/ Yoast SEO plugin. -->","yoast_head_json":{"title":"Educa\u00e7\u00e3o: BTG v\u00ea desafios em novo marco do ensino superior","description":"Novo marco regulat\u00f3rio da educa\u00e7\u00e3o superior foi anunciado pelo MEC. BTG avalia que medidas pressionam empresas com foco em EAD.","robots":{"index":"index","follow":"follow","max-snippet":"max-snippet:-1","max-image-preview":"max-image-preview:large","max-video-preview":"max-video-preview:-1"},"canonical":"https:\/\/www.suno.com.br\/noticias\/educacao-btg-cenario-desafiador-novo-marco\/","og_locale":"pt_BR","og_type":"article","og_title":"Educa\u00e7\u00e3o: BTG v\u00ea desafios em novo marco do ensino superior","og_description":"Novo marco regulat\u00f3rio da educa\u00e7\u00e3o superior foi anunciado pelo MEC. BTG avalia que medidas pressionam empresas com foco em EAD.","og_url":"https:\/\/www.suno.com.br\/noticias\/educacao-btg-cenario-desafiador-novo-marco\/","og_site_name":"Suno Not\u00edcias","article_publisher":"https:\/\/facebook.com\/sunoresearch","og_image":[{"width":768,"height":359,"url":"https:\/\/files.sunoresearch.com.br\/n\/uploads\/2025\/05\/15e0d61d-0300-4ab5-8b9d-029be003e845-2.jpeg","type":"image\/jpeg"}],"author":"Ma\u00edra Telles","twitter_card":"summary_large_image","twitter_creator":"@sunoresearch","twitter_site":"@sunoresearch","twitter_misc":{"Escrito por":"Ma\u00edra Telles","Est. tempo de leitura":"3 minutos"},"schema":{"@context":"https:\/\/schema.org","@graph":[{"@type":"NewsArticle","@id":"https:\/\/www.suno.com.br\/noticias\/educacao-btg-cenario-desafiador-novo-marco\/#article","isPartOf":{"@id":"https:\/\/www.suno.com.br\/noticias\/educacao-btg-cenario-desafiador-novo-marco\/"},"author":{"name":"Ma\u00edra Telles","@id":"https:\/\/www.suno.com.br\/noticias\/#\/schema\/person\/0a8b51292bb96ee5f104094c0907eaef"},"headline":"Educa\u00e7\u00e3o: BTG v\u00ea desafios diante de novo marco do ensino superior","datePublished":"2025-05-20T11:12:15+00:00","dateModified":"2025-05-20T11:12:20+00:00","mainEntityOfPage":{"@id":"https:\/\/www.suno.com.br\/noticias\/educacao-btg-cenario-desafiador-novo-marco\/"},"wordCount":514,"publisher":{"@id":"https:\/\/www.suno.com.br\/noticias\/#organization"},"image":{"@id":"https:\/\/www.suno.com.br\/noticias\/educacao-btg-cenario-desafiador-novo-marco\/#primaryimage"},"thumbnailUrl":"https:\/\/files.sunoresearch.com.br\/n\/uploads\/2025\/05\/15e0d61d-0300-4ab5-8b9d-029be003e845-2.jpeg","keywords":["Anima (ANIM3)","BTG Pactual (BPAC11\/BPAC3\/BPAC5)","Cogna (COGN3)","Cruzeiro do Sul (CSED3)","Ser Educacional (SEER3)","Yduqs (YDUQ3)"],"articleSection":["Mercado"],"inLanguage":"pt-BR"},{"@type":"WebPage","@id":"https:\/\/www.suno.com.br\/noticias\/educacao-btg-cenario-desafiador-novo-marco\/","url":"https:\/\/www.suno.com.br\/noticias\/educacao-btg-cenario-desafiador-novo-marco\/","name":"Educa\u00e7\u00e3o: BTG v\u00ea desafios em novo marco do ensino superior","isPartOf":{"@id":"https:\/\/www.suno.com.br\/noticias\/#website"},"primaryImageOfPage":{"@id":"https:\/\/www.suno.com.br\/noticias\/educacao-btg-cenario-desafiador-novo-marco\/#primaryimage"},"image":{"@id":"https:\/\/www.suno.com.br\/noticias\/educacao-btg-cenario-desafiador-novo-marco\/#primaryimage"},"thumbnailUrl":"https:\/\/files.sunoresearch.com.br\/n\/uploads\/2025\/05\/15e0d61d-0300-4ab5-8b9d-029be003e845-2.jpeg","datePublished":"2025-05-20T11:12:15+00:00","dateModified":"2025-05-20T11:12:20+00:00","description":"Novo marco regulat\u00f3rio da educa\u00e7\u00e3o superior foi anunciado pelo MEC. BTG avalia que medidas pressionam empresas com foco em EAD.","breadcrumb":{"@id":"https:\/\/www.suno.com.br\/noticias\/educacao-btg-cenario-desafiador-novo-marco\/#breadcrumb"},"inLanguage":"pt-BR","potentialAction":[{"@type":"ReadAction","target":["https:\/\/www.suno.com.br\/noticias\/educacao-btg-cenario-desafiador-novo-marco\/"]}]},{"@type":"ImageObject","inLanguage":"pt-BR","@id":"https:\/\/www.suno.com.br\/noticias\/educacao-btg-cenario-desafiador-novo-marco\/#primaryimage","url":"https:\/\/files.sunoresearch.com.br\/n\/uploads\/2025\/05\/15e0d61d-0300-4ab5-8b9d-029be003e845-2.jpeg","contentUrl":"https:\/\/files.sunoresearch.com.br\/n\/uploads\/2025\/05\/15e0d61d-0300-4ab5-8b9d-029be003e845-2.jpeg","width":768,"height":359,"caption":"Mudan\u00e7as no ensino superior incluem exig\u00eancia de aulas ao vivo e novas regras para cursos EAD, h\u00edbridos e presenciais. Foto: Ricardo Stuckert"},{"@type":"BreadcrumbList","@id":"https:\/\/www.suno.com.br\/noticias\/educacao-btg-cenario-desafiador-novo-marco\/#breadcrumb","itemListElement":[{"@type":"ListItem","position":1,"name":"Not\u00edcias","item":"https:\/\/www.suno.com.br\/noticias\/"},{"@type":"ListItem","position":2,"name":"Mercado","item":"https:\/\/www.suno.com.br\/noticias\/mercado\/"},{"@type":"ListItem","position":3,"name":"Educa\u00e7\u00e3o: BTG v\u00ea desafios diante de novo marco do ensino superior"}]},{"@type":"WebSite","@id":"https:\/\/www.suno.com.br\/noticias\/#website","url":"https:\/\/www.suno.com.br\/noticias\/","name":"Suno Not\u00edcias","description":"Seu portal de informa\u00e7\u00e3o sobre o mundo dos investimentos","publisher":{"@id":"https:\/\/www.suno.com.br\/noticias\/#organization"},"potentialAction":[{"@type":"SearchAction","target":{"@type":"EntryPoint","urlTemplate":"https:\/\/www.suno.com.br\/noticias\/?s={search_term_string}"},"query-input":{"@type":"PropertyValueSpecification","valueRequired":true,"valueName":"search_term_string"}}],"inLanguage":"pt-BR"},{"@type":"Organization","@id":"https:\/\/www.suno.com.br\/noticias\/#organization","name":"Suno Not\u00edcias","url":"https:\/\/www.suno.com.br\/noticias\/","logo":{"@type":"ImageObject","inLanguage":"pt-BR","@id":"https:\/\/www.suno.com.br\/noticias\/#\/schema\/logo\/image\/","url":"https:\/\/files.sunoresearch.com.br\/n\/uploads\/2021\/09\/suno-logo.png","contentUrl":"https:\/\/files.sunoresearch.com.br\/n\/uploads\/2021\/09\/suno-logo.png","width":180,"height":180,"caption":"Suno Not\u00edcias"},"image":{"@id":"https:\/\/www.suno.com.br\/noticias\/#\/schema\/logo\/image\/"},"sameAs":["https:\/\/facebook.com\/sunoresearch","https:\/\/x.com\/sunoresearch","https:\/\/www.instagram.com\/suno","https:\/\/www.linkedin.com\/company\/suno-research\/","https:\/\/www.youtube.com\/c\/sunoresearch"]},{"@type":"Person","@id":"https:\/\/www.suno.com.br\/noticias\/#\/schema\/person\/0a8b51292bb96ee5f104094c0907eaef","name":"Ma\u00edra Telles","image":{"@type":"ImageObject","inLanguage":"pt-BR","@id":"https:\/\/www.suno.com.br\/noticias\/#\/schema\/person\/image\/","url":"https:\/\/secure.gravatar.com\/avatar\/8d13691eab6abc1d1050b62a4c2a6116?s=96&r=g","contentUrl":"https:\/\/secure.gravatar.com\/avatar\/8d13691eab6abc1d1050b62a4c2a6116?s=96&r=g","caption":"Ma\u00edra Telles"},"description":"Jornalista com passagem por reda\u00e7\u00f5es como ESPN, especializa\u00e7\u00e3o em marketing digital e em gest\u00e3o de crise. Com foco no mercado financeiro e no setor agropecu\u00e1rio, desenvolve conte\u00fados estrat\u00e9gicos e especializados para m\u00faltiplas plataformas, unindo an\u00e1lise de investimentos e neg\u00f3cios","url":"https:\/\/www.suno.com.br\/noticias\/author\/mairaftellesgmail-com\/"}]}},"default_loop_html":"<div class=\"cardsPage__listCard__boxs\"><div class=\"cardsPage__listCard__boxs__img\"><a href=\"https:\/\/www.suno.com.br\/noticias\/educacao-btg-cenario-desafiador-novo-marco\/\"><img class=\"mask\" src=\"https:\/\/www.suno.com.br\/noticias\/wp-content\/themes\/suno\/resources\/images\/spotlight\/spotlight1img\/bg-mask.png\" alt=\"Image Mask\"\/><img src=\"https:\/\/files.sunoresearch.com.br\/n\/uploads\/2025\/05\/15e0d61d-0300-4ab5-8b9d-029be003e845-2-400x200.jpeg\" alt=\"Educa\u00e7\u00e3o: BTG v\u00ea desafios diante de novo marco do ensino superior\"\/><\/a><span class=\"spotlightCategory\"><a href=\"https:\/\/www.suno.com.br\/noticias\/mercado\/\">Mercado<\/a><\/span><\/div><div class=\"cardsPage__listCard__boxs__content\"><a href=\"https:\/\/www.suno.com.br\/noticias\/educacao-btg-cenario-desafiador-novo-marco\/\"><h2 class=\"content__title\">Educa\u00e7\u00e3o: BTG v\u00ea desafios diante de novo marco do ensino superior<\/h2><\/a><div class=\"newsContent__article__meta\"><div class=\"newsContent__article__meta__authorBox\"><a href=\"https:\/\/www.suno.com.br\/noticias\/author\/mairaftellesgmail-com\/\" class=\"authorBox__avatar noMobi\"><img src=\"https:\/\/secure.gravatar.com\/avatar\/8d13691eab6abc1d1050b62a4c2a6116?s=96&#038;r=g\" alt=\"Ma\u00edra Telles\"><\/a><div class=\"authorBox__name\"><span>por\n\t\t\t<a href=\"https:\/\/www.suno.com.br\/noticias\/author\/mairaftellesgmail-com\/\"><span itemprop=\"author\">Ma\u00edra Telles<\/span><\/a><\/span><time datetime=\"2025-05-20T08:12:15-03:00\" itemprop=\"datePublished\">20\/05\/2025 08:12<\/time><\/div><\/div><\/div><\/div><\/div>","single_layout":"posts","amp_enabled":true,"_links":{"self":[{"href":"https:\/\/www.suno.com.br\/noticias\/wp-json\/wp\/v2\/posts\/605892"}],"collection":[{"href":"https:\/\/www.suno.com.br\/noticias\/wp-json\/wp\/v2\/posts"}],"about":[{"href":"https:\/\/www.suno.com.br\/noticias\/wp-json\/wp\/v2\/types\/post"}],"author":[{"embeddable":true,"href":"https:\/\/www.suno.com.br\/noticias\/wp-json\/wp\/v2\/users\/402"}],"replies":[{"embeddable":true,"href":"https:\/\/www.suno.com.br\/noticias\/wp-json\/wp\/v2\/comments?post=605892"}],"version-history":[{"count":2,"href":"https:\/\/www.suno.com.br\/noticias\/wp-json\/wp\/v2\/posts\/605892\/revisions"}],"predecessor-version":[{"id":605939,"href":"https:\/\/www.suno.com.br\/noticias\/wp-json\/wp\/v2\/posts\/605892\/revisions\/605939"}],"wp:featuredmedia":[{"embeddable":true,"href":"https:\/\/www.suno.com.br\/noticias\/wp-json\/wp\/v2\/media\/605896"}],"wp:attachment":[{"href":"https:\/\/www.suno.com.br\/noticias\/wp-json\/wp\/v2\/media?parent=605892"}],"wp:term":[{"taxonomy":"category","embeddable":true,"href":"https:\/\/www.suno.com.br\/noticias\/wp-json\/wp\/v2\/categories?post=605892"},{"taxonomy":"post_tag","embeddable":true,"href":"https:\/\/www.suno.com.br\/noticias\/wp-json\/wp\/v2\/tags?post=605892"},{"taxonomy":"suno_strategy","embeddable":true,"href":"https:\/\/www.suno.com.br\/noticias\/wp-json\/wp\/v2\/suno_strategy?post=605892"}],"curies":[{"name":"wp","href":"https:\/\/api.w.org\/{rel}","templated":true}]}}