{"id":605553,"date":"2025-05-16T11:59:24","date_gmt":"2025-05-16T14:59:24","guid":{"rendered":"https:\/\/www.suno.com.br\/noticias\/?p=605553"},"modified":"2025-05-16T11:59:27","modified_gmt":"2025-05-16T14:59:27","slug":"trabalho-desocupacao-cresce-12-estados-1t2","status":"publish","type":"post","link":"https:\/\/www.suno.com.br\/noticias\/trabalho-desocupacao-cresce-12-estados-1t2\/","title":{"rendered":"Trabalho: desocupa\u00e7\u00e3o cresce em 12 Estados do Brasil no 1\u00ba trimestre, diz IBGE"},"content":{"rendered":"<p>A taxa de desocupa\u00e7\u00e3o do pa\u00eds no primeiro trimestre de 2025 ficou em 7,0%, cresceu em 12 das 27 Unidades da Federa\u00e7\u00e3o e ficou est\u00e1vel nas outras 15, na compara\u00e7\u00e3o com o quarto trimestre de 2024. Os dados s\u00e3o da <a class=\"suno-keyword\" target=\"_blank\" data-force=\"no\" data-priority=\"2\" href=\"https:\/\/www.suno.com.br\/artigos\/pnad\/\" rel=\"noopener\">Pesquisa Nacional por Amostra de Domic\u00edlios<\/a> (PNAD) Cont\u00ednua, um dos medidores nacionais do mercado de <strong>trabalho<\/strong>, divulgada nesta sexta-feira (16) pelo IBGE.<\/p>\t<div class=\"wrapper-featured-image\">\n\t\t<figure class=\"spotlightImg\">\n\n\t\t\t<picture>\n\t\t\t\t<source media=\"(max-width: 768px)\" srcset=\"https:\/\/files.sunoresearch.com.br\/n\/uploads\/2021\/11\/Fabrica-Positivo-400x200.png\">\n\t\t\t\t<img loading=\"lazy\" decoding=\"async\" class=\"newsContent__article__imgCapa lazyloadDisabled \" src=\"https:\/\/files.sunoresearch.com.br\/n\/uploads\/2021\/11\/Fabrica-Positivo-800x450.png\" width=\"800\" height=\"450\" alt=\"Trabalho: desocupa\u00e7\u00e3o cresce em 12 Estados do Brasil no 1\u00ba trimestre, diz IBGE\" fetchpriority=high \/>\n\t\t\t<\/picture>\n\n\t\t\t<figcaption class=\"wp-caption-text wp-caption-text--show\">Foto: Divulga\u00e7\u00e3o.<\/figcaption>\n\t\t<\/figure>\n\t<\/div>\n\n\n\n\n\n\t<p>\n\t\t<a href=\"https:\/\/lp.suno.com.br\/planilha-da-vida-financeira\/\" target=\"_blank\" data-element=\"shortcode-suno-banner\" title=\"Banner SUNO, clique e saiba mais\">\n\t\t\t<picture>\n\t\t\t\t<source media=\"(max-width: 500px)\" srcset=\"https:\/\/files.sunoresearch.com.br\/n\/uploads\/2023\/04\/400x300-Planilha-vida-financeira-true.png\">\n\t\t\t\t<img class=\"newsContent__article__imgCapa newsContent__article__imgCapa--banner\"\n\t\t\t\t\tsrc=\"https:\/\/files.sunoresearch.com.br\/n\/uploads\/2023\/04\/1420x240-Planilha-vida-financeira-true.png\"\n\t\t\t\t\tdata-promo-id=\"383123\"\t\t\t\t\t\t\t\t\t\twidth='1420' height='240'\t\t\t\t\talt=\"https:\/\/files.sunoresearch.com.br\/n\/uploads\/2023\/04\/1420x240-Planilha-vida-financeira-true.png\"\n\t\t\t\t>\n\t\t\t<\/picture>\n\t\t<\/a>\n\t<\/p>\n\n\n\n\n\n<p>Pernambuco (11,6%), Bahia (10,9%) e Piau\u00ed (10,2%) mostraram as maiores taxas, enquanto as menores foram de Santa Catarina (3,0%), Rond\u00f4nia (3,1%) e Mato Grosso (3,5%).&nbsp;<\/p>\n\n\n\n<p>Na compara\u00e7\u00e3o anual, o n\u00famero de desocupados das quatro faixas de tempo de procura por trabalho analisadas pela PNAD Cont\u00ednua recuou frente ao mesmo trimestre de 2024. Al\u00e9m disso, o n\u00famero de pessoas que buscavam trabalho por dois anos ou mais caiu para 1,4 milh\u00e3o, o menor n\u00famero de desocupados nesta faixa, para um primeiro trimestre, desde 2015.<\/p>\n\n\n\n<p>Na divis\u00e3o por g\u00eanero, a taxa de desocupa\u00e7\u00e3o foi de 5,7% para os homens e 8,7% para as mulheres. Por etnia, essa taxa ficou abaixo da m\u00e9dia nacional para os brancos (5,6%) e acima para pretos (8,4%) e pardos (8,0%).<\/p>\n\n\n\n<p>A taxa de desocupa\u00e7\u00e3o para as pessoas com ensino m\u00e9dio incompleto (11,4%) superou as dos demais n\u00edveis de instru\u00e7\u00e3o analisados. Para as pessoas com n\u00edvel superior incompleto, a taxa foi de 7,9%, mais que o dobro da verificada para o n\u00edvel superior completo (3,9%).<\/p>\n\n\n\n<p>A taxa de informalidade para o Brasil foi de 38,0% da popula\u00e7\u00e3o ocupada. As maiores taxas ficaram com Maranh\u00e3o (58,4%), Par\u00e1 (57,5%) e Piau\u00ed (54,6%) e as menores, com Santa Catarina (25,3%), Distrito Federal (28,2%) e S\u00e3o Paulo (29,3%).<\/p>\n\n\n\n<p>A taxa de informalidade da popula\u00e7\u00e3o ocupada \u00e9 calculada considerando-se os empregados no setor privado e os empregados dom\u00e9sticos sem carteira de trabalho assinada, al\u00e9m dos empregadores e trabalhadores por conta pr\u00f3pria sem registro no CNPJ e dos trabalhadores familiares auxiliares.<\/p>\n\n\n\n<h2 class=\"wp-block-heading\">Trabalho com carteira assinada: SC lidera ranking<\/h2>\n\n\n\n<p>No 1\u00ba trimestre de 2025, entre os empregados do setor privado do pa\u00eds, 74,6% tinham carteira de trabalho assinada. As Unidades da Federa\u00e7\u00e3o com os maiores percentuais de empregados com carteira assinada entre os trabalhadores do setor privado foram Santa Catarina (87,8%), S\u00e3o Paulo (83,4%) e Rio Grande do Sul (81,5%), e os menores, Maranh\u00e3o (51,8%), Piau\u00ed (52,0%), e Par\u00e1 (55,1%).<\/p>\n\n\n\n<p>J\u00e1 o percentual da popula\u00e7\u00e3o ocupada do pa\u00eds trabalhando por conta pr\u00f3pria chegou a 25,3%. Os maiores percentuais desse indicador foram de Rond\u00f4nia (35,6%), Maranh\u00e3o (32,7%) e Amazonas (31,2%), e os menores, do Distrito Federal (19,0%), Tocantins (20,6%) e Mato Grosso do Sul (21,2%).<\/p>\n\n\n\n<p>O rendimento m\u00e9dio real de todos os trabalhos habitualmente recebido foi estimado em R$ 3.410. Houve alta em ambas as compara\u00e7\u00f5es: frente ao trimestre imediatamente anterior (R$ 3.371) e ante o mesmo trimestre de 2024 (R$ 3.279).<\/p>\n\n\n\n<p>Tanto na compara\u00e7\u00e3o trimestral quanto na anual, o Nordeste (R$ 2.383) e o Sul (R$3.840) mostraram altas estatisticamente significativas dos rendimentos no 1 \u00ba trimestre de 2025, enquanto houve estabilidade nas demais regi\u00f5es.<\/p>\n\n\n\n<p>J\u00e1 a massa de rendimento real habitual (R$ 345,0 bilh\u00f5es) manteve estabilidade no trimestre e cresceu 6,6% (mais R$ 21,2 bilh\u00f5es) no ano. O Sudeste apresentou a maior massa de rendimento real (R$ 174,9 bilh\u00f5es) e o Norte, a menor (R$ 21,1 bilh\u00f5es).<\/p>\n\n\n\t<p>\n\t\t<a href=\"https:\/\/lp.suno.com.br\/ebook-gratuito-investindo-no-exterior\/\" target=\"_blank\" data-element=\"shortcode-suno-banner\" title=\"Banner SUNO, clique e saiba mais\">\n\t\t\t<picture>\n\t\t\t\t<source media=\"(max-width: 500px)\" srcset=\"https:\/\/files.sunoresearch.com.br\/n\/uploads\/2023\/03\/400x300-Investindo-no-exterior.png\">\n\t\t\t\t<img class=\"newsContent__article__imgCapa newsContent__article__imgCapa--banner\"\n\t\t\t\t\tsrc=\"https:\/\/files.sunoresearch.com.br\/n\/uploads\/2023\/03\/1420x240-Investindo-no-exterior.png\"\n\t\t\t\t\tdata-promo-id=\"383161\"\t\t\t\t\t\t\t\t\t\twidth='1420' height='240'\t\t\t\t\talt=\"https:\/\/files.sunoresearch.com.br\/n\/uploads\/2023\/03\/1420x240-Investindo-no-exterior.png\"\n\t\t\t\t>\n\t\t\t<\/picture>\n\t\t<\/a>\n\t<\/p>\n\n\n","protected":false},"excerpt":{"rendered":"<p>A taxa de desocupa\u00e7\u00e3o do pa\u00eds no primeiro trimestre de 2025 ficou em 7,0%, cresceu em 12 das 27 Unidades da Federa\u00e7\u00e3o e ficou est\u00e1vel nas outras 15, na compara\u00e7\u00e3o com o quarto trimestre de 2024. Os dados s\u00e3o da Pesquisa Nacional por Amostra de Domic\u00edlios (PNAD) Cont\u00ednua, um dos medidores nacionais do mercado de [&hellip;]<\/p>\n","protected":false},"author":339,"featured_media":207161,"comment_status":"closed","ping_status":"closed","sticky":false,"template":"","format":"standard","meta":[],"categories":[62],"tags":[1796,12842],"suno_strategy":[],"class_list":["post-605553","post","type-post","status-publish","format-standard","has-post-thumbnail","hentry","category-economia","tag-emprego","tag-trabalhado-informal"],"yoast_head":"<!-- This site is optimized with the Yoast SEO plugin v24.4 - https:\/\/yoast.com\/wordpress\/plugins\/seo\/ -->\n<title>Trabalho: desocupa\u00e7\u00e3o cresce em 12 Estados do Brasil<\/title>\n<meta name=\"description\" content=\"Fados s\u00e3o da PNAD Cont\u00ednua, um dos medidores nacionais do mercado de trabalho, divulgada nesta sexta-feira (16) pelo IBGE.\" \/>\n<meta name=\"robots\" content=\"index, follow, max-snippet:-1, max-image-preview:large, max-video-preview:-1\" \/>\n<link rel=\"canonical\" href=\"https:\/\/www.suno.com.br\/noticias\/trabalho-desocupacao-cresce-12-estados-1t2\/\" \/>\n<meta property=\"og:locale\" content=\"pt_BR\" \/>\n<meta property=\"og:type\" content=\"article\" \/>\n<meta property=\"og:title\" content=\"Trabalho: desocupa\u00e7\u00e3o cresce em 12 Estados do Brasil\" \/>\n<meta property=\"og:description\" content=\"Fados s\u00e3o da PNAD Cont\u00ednua, um dos medidores nacionais do mercado de trabalho, divulgada nesta sexta-feira (16) pelo IBGE.\" \/>\n<meta property=\"og:url\" content=\"https:\/\/www.suno.com.br\/noticias\/trabalho-desocupacao-cresce-12-estados-1t2\/\" \/>\n<meta property=\"og:site_name\" content=\"Suno Not\u00edcias\" \/>\n<meta property=\"article:publisher\" content=\"https:\/\/facebook.com\/sunoresearch\" \/>\n<meta property=\"og:image\" content=\"https:\/\/files.sunoresearch.com.br\/n\/uploads\/2021\/11\/Fabrica-Positivo.png\" \/>\n\t<meta property=\"og:image:width\" content=\"1069\" \/>\n\t<meta property=\"og:image:height\" content=\"603\" \/>\n\t<meta property=\"og:image:type\" content=\"image\/png\" \/>\n<meta name=\"author\" content=\"Fernando Cesarotti\" \/>\n<meta name=\"twitter:card\" content=\"summary_large_image\" \/>\n<meta name=\"twitter:creator\" content=\"@sunoresearch\" \/>\n<meta name=\"twitter:site\" content=\"@sunoresearch\" \/>\n<meta name=\"twitter:label1\" content=\"Escrito por\" \/>\n\t<meta name=\"twitter:data1\" content=\"Fernando Cesarotti\" \/>\n\t<meta name=\"twitter:label2\" content=\"Est. tempo de leitura\" \/>\n\t<meta name=\"twitter:data2\" content=\"4 minutos\" \/>\n<script type=\"application\/ld+json\" class=\"yoast-schema-graph\">{\"@context\":\"https:\/\/schema.org\",\"@graph\":[{\"@type\":\"NewsArticle\",\"@id\":\"https:\/\/www.suno.com.br\/noticias\/trabalho-desocupacao-cresce-12-estados-1t2\/#article\",\"isPartOf\":{\"@id\":\"https:\/\/www.suno.com.br\/noticias\/trabalho-desocupacao-cresce-12-estados-1t2\/\"},\"author\":{\"name\":\"Fernando Cesarotti\",\"@id\":\"https:\/\/www.suno.com.br\/noticias\/#\/schema\/person\/02171f82e02ec2306ed662847e114507\"},\"headline\":\"Trabalho: desocupa\u00e7\u00e3o cresce em 12 Estados do Brasil no 1\u00ba trimestre, diz IBGE\",\"datePublished\":\"2025-05-16T14:59:24+00:00\",\"dateModified\":\"2025-05-16T14:59:27+00:00\",\"mainEntityOfPage\":{\"@id\":\"https:\/\/www.suno.com.br\/noticias\/trabalho-desocupacao-cresce-12-estados-1t2\/\"},\"wordCount\":542,\"publisher\":{\"@id\":\"https:\/\/www.suno.com.br\/noticias\/#organization\"},\"image\":{\"@id\":\"https:\/\/www.suno.com.br\/noticias\/trabalho-desocupacao-cresce-12-estados-1t2\/#primaryimage\"},\"thumbnailUrl\":\"https:\/\/files.sunoresearch.com.br\/n\/uploads\/2021\/11\/Fabrica-Positivo.png\",\"keywords\":[\"Emprego\",\"trabalho informal\"],\"articleSection\":[\"Economia\"],\"inLanguage\":\"pt-BR\"},{\"@type\":\"WebPage\",\"@id\":\"https:\/\/www.suno.com.br\/noticias\/trabalho-desocupacao-cresce-12-estados-1t2\/\",\"url\":\"https:\/\/www.suno.com.br\/noticias\/trabalho-desocupacao-cresce-12-estados-1t2\/\",\"name\":\"Trabalho: desocupa\u00e7\u00e3o cresce em 12 Estados do Brasil\",\"isPartOf\":{\"@id\":\"https:\/\/www.suno.com.br\/noticias\/#website\"},\"primaryImageOfPage\":{\"@id\":\"https:\/\/www.suno.com.br\/noticias\/trabalho-desocupacao-cresce-12-estados-1t2\/#primaryimage\"},\"image\":{\"@id\":\"https:\/\/www.suno.com.br\/noticias\/trabalho-desocupacao-cresce-12-estados-1t2\/#primaryimage\"},\"thumbnailUrl\":\"https:\/\/files.sunoresearch.com.br\/n\/uploads\/2021\/11\/Fabrica-Positivo.png\",\"datePublished\":\"2025-05-16T14:59:24+00:00\",\"dateModified\":\"2025-05-16T14:59:27+00:00\",\"description\":\"Fados s\u00e3o da PNAD Cont\u00ednua, um dos medidores nacionais do mercado de trabalho, divulgada nesta sexta-feira (16) pelo IBGE.\",\"breadcrumb\":{\"@id\":\"https:\/\/www.suno.com.br\/noticias\/trabalho-desocupacao-cresce-12-estados-1t2\/#breadcrumb\"},\"inLanguage\":\"pt-BR\",\"potentialAction\":[{\"@type\":\"ReadAction\",\"target\":[\"https:\/\/www.suno.com.br\/noticias\/trabalho-desocupacao-cresce-12-estados-1t2\/\"]}]},{\"@type\":\"ImageObject\",\"inLanguage\":\"pt-BR\",\"@id\":\"https:\/\/www.suno.com.br\/noticias\/trabalho-desocupacao-cresce-12-estados-1t2\/#primaryimage\",\"url\":\"https:\/\/files.sunoresearch.com.br\/n\/uploads\/2021\/11\/Fabrica-Positivo.png\",\"contentUrl\":\"https:\/\/files.sunoresearch.com.br\/n\/uploads\/2021\/11\/Fabrica-Positivo.png\",\"width\":1069,\"height\":603,\"caption\":\"Foto: Divulga\u00e7\u00e3o.\"},{\"@type\":\"BreadcrumbList\",\"@id\":\"https:\/\/www.suno.com.br\/noticias\/trabalho-desocupacao-cresce-12-estados-1t2\/#breadcrumb\",\"itemListElement\":[{\"@type\":\"ListItem\",\"position\":1,\"name\":\"Not\u00edcias\",\"item\":\"https:\/\/www.suno.com.br\/noticias\/\"},{\"@type\":\"ListItem\",\"position\":2,\"name\":\"Economia\",\"item\":\"https:\/\/www.suno.com.br\/noticias\/economia\/\"},{\"@type\":\"ListItem\",\"position\":3,\"name\":\"Trabalho: desocupa\u00e7\u00e3o cresce em 12 Estados do Brasil no 1\u00ba trimestre, diz IBGE\"}]},{\"@type\":\"WebSite\",\"@id\":\"https:\/\/www.suno.com.br\/noticias\/#website\",\"url\":\"https:\/\/www.suno.com.br\/noticias\/\",\"name\":\"Suno Not\u00edcias\",\"description\":\"Seu portal de informa\u00e7\u00e3o sobre o mundo dos investimentos\",\"publisher\":{\"@id\":\"https:\/\/www.suno.com.br\/noticias\/#organization\"},\"potentialAction\":[{\"@type\":\"SearchAction\",\"target\":{\"@type\":\"EntryPoint\",\"urlTemplate\":\"https:\/\/www.suno.com.br\/noticias\/?s={search_term_string}\"},\"query-input\":{\"@type\":\"PropertyValueSpecification\",\"valueRequired\":true,\"valueName\":\"search_term_string\"}}],\"inLanguage\":\"pt-BR\"},{\"@type\":\"Organization\",\"@id\":\"https:\/\/www.suno.com.br\/noticias\/#organization\",\"name\":\"Suno Not\u00edcias\",\"url\":\"https:\/\/www.suno.com.br\/noticias\/\",\"logo\":{\"@type\":\"ImageObject\",\"inLanguage\":\"pt-BR\",\"@id\":\"https:\/\/www.suno.com.br\/noticias\/#\/schema\/logo\/image\/\",\"url\":\"https:\/\/files.sunoresearch.com.br\/n\/uploads\/2021\/09\/suno-logo.png\",\"contentUrl\":\"https:\/\/files.sunoresearch.com.br\/n\/uploads\/2021\/09\/suno-logo.png\",\"width\":180,\"height\":180,\"caption\":\"Suno Not\u00edcias\"},\"image\":{\"@id\":\"https:\/\/www.suno.com.br\/noticias\/#\/schema\/logo\/image\/\"},\"sameAs\":[\"https:\/\/facebook.com\/sunoresearch\",\"https:\/\/x.com\/sunoresearch\",\"https:\/\/www.instagram.com\/suno\",\"https:\/\/www.linkedin.com\/company\/suno-research\/\",\"https:\/\/www.youtube.com\/c\/sunoresearch\"]},{\"@type\":\"Person\",\"@id\":\"https:\/\/www.suno.com.br\/noticias\/#\/schema\/person\/02171f82e02ec2306ed662847e114507\",\"name\":\"Fernando Cesarotti\",\"image\":{\"@type\":\"ImageObject\",\"inLanguage\":\"pt-BR\",\"@id\":\"https:\/\/www.suno.com.br\/noticias\/#\/schema\/person\/image\/\",\"url\":\"https:\/\/secure.gravatar.com\/avatar\/fc3a37e1dd6249fd3cfdc1702d00d404?s=96&r=g\",\"contentUrl\":\"https:\/\/secure.gravatar.com\/avatar\/fc3a37e1dd6249fd3cfdc1702d00d404?s=96&r=g\",\"caption\":\"Fernando Cesarotti\"},\"description\":\"Jornalista, editor do FIIs.com.br. Graduado pela Unesp, com p\u00f3s-gradua\u00e7\u00e3o em Jornalismo Liter\u00e1rio, com mais de 20 anos de experi\u00eancia em coberturas de economia, pol\u00edtica e esportes. Passagem tamb\u00e9m pelo meio acad\u00eamico, como professor universit\u00e1rio em cursos de Comunica\u00e7\u00e3o e l\u00edder de empresa j\u00fanior.\",\"url\":\"https:\/\/www.suno.com.br\/noticias\/author\/fcesarottigmail-com\/\"}]}<\/script>\n<!-- \/ Yoast SEO plugin. -->","yoast_head_json":{"title":"Trabalho: desocupa\u00e7\u00e3o cresce em 12 Estados do Brasil","description":"Fados s\u00e3o da PNAD Cont\u00ednua, um dos medidores nacionais do mercado de trabalho, divulgada nesta sexta-feira (16) pelo IBGE.","robots":{"index":"index","follow":"follow","max-snippet":"max-snippet:-1","max-image-preview":"max-image-preview:large","max-video-preview":"max-video-preview:-1"},"canonical":"https:\/\/www.suno.com.br\/noticias\/trabalho-desocupacao-cresce-12-estados-1t2\/","og_locale":"pt_BR","og_type":"article","og_title":"Trabalho: desocupa\u00e7\u00e3o cresce em 12 Estados do Brasil","og_description":"Fados s\u00e3o da PNAD Cont\u00ednua, um dos medidores nacionais do mercado de trabalho, divulgada nesta sexta-feira (16) pelo IBGE.","og_url":"https:\/\/www.suno.com.br\/noticias\/trabalho-desocupacao-cresce-12-estados-1t2\/","og_site_name":"Suno Not\u00edcias","article_publisher":"https:\/\/facebook.com\/sunoresearch","og_image":[{"width":1069,"height":603,"url":"https:\/\/files.sunoresearch.com.br\/n\/uploads\/2021\/11\/Fabrica-Positivo.png","type":"image\/png"}],"author":"Fernando Cesarotti","twitter_card":"summary_large_image","twitter_creator":"@sunoresearch","twitter_site":"@sunoresearch","twitter_misc":{"Escrito por":"Fernando Cesarotti","Est. tempo de leitura":"4 minutos"},"schema":{"@context":"https:\/\/schema.org","@graph":[{"@type":"NewsArticle","@id":"https:\/\/www.suno.com.br\/noticias\/trabalho-desocupacao-cresce-12-estados-1t2\/#article","isPartOf":{"@id":"https:\/\/www.suno.com.br\/noticias\/trabalho-desocupacao-cresce-12-estados-1t2\/"},"author":{"name":"Fernando Cesarotti","@id":"https:\/\/www.suno.com.br\/noticias\/#\/schema\/person\/02171f82e02ec2306ed662847e114507"},"headline":"Trabalho: desocupa\u00e7\u00e3o cresce em 12 Estados do Brasil no 1\u00ba trimestre, diz IBGE","datePublished":"2025-05-16T14:59:24+00:00","dateModified":"2025-05-16T14:59:27+00:00","mainEntityOfPage":{"@id":"https:\/\/www.suno.com.br\/noticias\/trabalho-desocupacao-cresce-12-estados-1t2\/"},"wordCount":542,"publisher":{"@id":"https:\/\/www.suno.com.br\/noticias\/#organization"},"image":{"@id":"https:\/\/www.suno.com.br\/noticias\/trabalho-desocupacao-cresce-12-estados-1t2\/#primaryimage"},"thumbnailUrl":"https:\/\/files.sunoresearch.com.br\/n\/uploads\/2021\/11\/Fabrica-Positivo.png","keywords":["Emprego","trabalho informal"],"articleSection":["Economia"],"inLanguage":"pt-BR"},{"@type":"WebPage","@id":"https:\/\/www.suno.com.br\/noticias\/trabalho-desocupacao-cresce-12-estados-1t2\/","url":"https:\/\/www.suno.com.br\/noticias\/trabalho-desocupacao-cresce-12-estados-1t2\/","name":"Trabalho: desocupa\u00e7\u00e3o cresce em 12 Estados do Brasil","isPartOf":{"@id":"https:\/\/www.suno.com.br\/noticias\/#website"},"primaryImageOfPage":{"@id":"https:\/\/www.suno.com.br\/noticias\/trabalho-desocupacao-cresce-12-estados-1t2\/#primaryimage"},"image":{"@id":"https:\/\/www.suno.com.br\/noticias\/trabalho-desocupacao-cresce-12-estados-1t2\/#primaryimage"},"thumbnailUrl":"https:\/\/files.sunoresearch.com.br\/n\/uploads\/2021\/11\/Fabrica-Positivo.png","datePublished":"2025-05-16T14:59:24+00:00","dateModified":"2025-05-16T14:59:27+00:00","description":"Fados s\u00e3o da PNAD Cont\u00ednua, um dos medidores nacionais do mercado de trabalho, divulgada nesta sexta-feira (16) pelo IBGE.","breadcrumb":{"@id":"https:\/\/www.suno.com.br\/noticias\/trabalho-desocupacao-cresce-12-estados-1t2\/#breadcrumb"},"inLanguage":"pt-BR","potentialAction":[{"@type":"ReadAction","target":["https:\/\/www.suno.com.br\/noticias\/trabalho-desocupacao-cresce-12-estados-1t2\/"]}]},{"@type":"ImageObject","inLanguage":"pt-BR","@id":"https:\/\/www.suno.com.br\/noticias\/trabalho-desocupacao-cresce-12-estados-1t2\/#primaryimage","url":"https:\/\/files.sunoresearch.com.br\/n\/uploads\/2021\/11\/Fabrica-Positivo.png","contentUrl":"https:\/\/files.sunoresearch.com.br\/n\/uploads\/2021\/11\/Fabrica-Positivo.png","width":1069,"height":603,"caption":"Foto: Divulga\u00e7\u00e3o."},{"@type":"BreadcrumbList","@id":"https:\/\/www.suno.com.br\/noticias\/trabalho-desocupacao-cresce-12-estados-1t2\/#breadcrumb","itemListElement":[{"@type":"ListItem","position":1,"name":"Not\u00edcias","item":"https:\/\/www.suno.com.br\/noticias\/"},{"@type":"ListItem","position":2,"name":"Economia","item":"https:\/\/www.suno.com.br\/noticias\/economia\/"},{"@type":"ListItem","position":3,"name":"Trabalho: desocupa\u00e7\u00e3o cresce em 12 Estados do Brasil no 1\u00ba trimestre, diz IBGE"}]},{"@type":"WebSite","@id":"https:\/\/www.suno.com.br\/noticias\/#website","url":"https:\/\/www.suno.com.br\/noticias\/","name":"Suno Not\u00edcias","description":"Seu portal de informa\u00e7\u00e3o sobre o mundo dos investimentos","publisher":{"@id":"https:\/\/www.suno.com.br\/noticias\/#organization"},"potentialAction":[{"@type":"SearchAction","target":{"@type":"EntryPoint","urlTemplate":"https:\/\/www.suno.com.br\/noticias\/?s={search_term_string}"},"query-input":{"@type":"PropertyValueSpecification","valueRequired":true,"valueName":"search_term_string"}}],"inLanguage":"pt-BR"},{"@type":"Organization","@id":"https:\/\/www.suno.com.br\/noticias\/#organization","name":"Suno Not\u00edcias","url":"https:\/\/www.suno.com.br\/noticias\/","logo":{"@type":"ImageObject","inLanguage":"pt-BR","@id":"https:\/\/www.suno.com.br\/noticias\/#\/schema\/logo\/image\/","url":"https:\/\/files.sunoresearch.com.br\/n\/uploads\/2021\/09\/suno-logo.png","contentUrl":"https:\/\/files.sunoresearch.com.br\/n\/uploads\/2021\/09\/suno-logo.png","width":180,"height":180,"caption":"Suno Not\u00edcias"},"image":{"@id":"https:\/\/www.suno.com.br\/noticias\/#\/schema\/logo\/image\/"},"sameAs":["https:\/\/facebook.com\/sunoresearch","https:\/\/x.com\/sunoresearch","https:\/\/www.instagram.com\/suno","https:\/\/www.linkedin.com\/company\/suno-research\/","https:\/\/www.youtube.com\/c\/sunoresearch"]},{"@type":"Person","@id":"https:\/\/www.suno.com.br\/noticias\/#\/schema\/person\/02171f82e02ec2306ed662847e114507","name":"Fernando Cesarotti","image":{"@type":"ImageObject","inLanguage":"pt-BR","@id":"https:\/\/www.suno.com.br\/noticias\/#\/schema\/person\/image\/","url":"https:\/\/secure.gravatar.com\/avatar\/fc3a37e1dd6249fd3cfdc1702d00d404?s=96&r=g","contentUrl":"https:\/\/secure.gravatar.com\/avatar\/fc3a37e1dd6249fd3cfdc1702d00d404?s=96&r=g","caption":"Fernando Cesarotti"},"description":"Jornalista, editor do FIIs.com.br. Graduado pela Unesp, com p\u00f3s-gradua\u00e7\u00e3o em Jornalismo Liter\u00e1rio, com mais de 20 anos de experi\u00eancia em coberturas de economia, pol\u00edtica e esportes. Passagem tamb\u00e9m pelo meio acad\u00eamico, como professor universit\u00e1rio em cursos de Comunica\u00e7\u00e3o e l\u00edder de empresa j\u00fanior.","url":"https:\/\/www.suno.com.br\/noticias\/author\/fcesarottigmail-com\/"}]}},"default_loop_html":"<div class=\"cardsPage__listCard__boxs\"><div class=\"cardsPage__listCard__boxs__img\"><a href=\"https:\/\/www.suno.com.br\/noticias\/trabalho-desocupacao-cresce-12-estados-1t2\/\"><img class=\"mask\" src=\"https:\/\/www.suno.com.br\/noticias\/wp-content\/themes\/suno\/resources\/images\/spotlight\/spotlight1img\/bg-mask.png\" alt=\"Image Mask\"\/><img src=\"https:\/\/files.sunoresearch.com.br\/n\/uploads\/2021\/11\/Fabrica-Positivo-400x200.png\" alt=\"Trabalho: desocupa\u00e7\u00e3o cresce em 12 Estados do Brasil no 1\u00ba trimestre, diz IBGE\"\/><\/a><span class=\"spotlightCategory\"><a href=\"https:\/\/www.suno.com.br\/noticias\/economia\/\">Economia<\/a><\/span><\/div><div class=\"cardsPage__listCard__boxs__content\"><a href=\"https:\/\/www.suno.com.br\/noticias\/trabalho-desocupacao-cresce-12-estados-1t2\/\"><h2 class=\"content__title\">Trabalho: desocupa\u00e7\u00e3o cresce em 12 Estados do Brasil no 1\u00ba trimestre, diz IBGE<\/h2><\/a><div class=\"newsContent__article__meta\"><div class=\"newsContent__article__meta__authorBox\"><a href=\"https:\/\/www.suno.com.br\/noticias\/author\/fcesarottigmail-com\/\" class=\"authorBox__avatar noMobi\"><img src=\"https:\/\/files.sunoresearch.com.br\/n\/uploads\/2024\/02\/perfil-150x150.jpg\" alt=\"Fernando Cesarotti\"><\/a><div class=\"authorBox__name\"><span>por\n\t\t\t<a href=\"https:\/\/www.suno.com.br\/noticias\/author\/fcesarottigmail-com\/\"><span itemprop=\"author\">Fernando Cesarotti<\/span><\/a><\/span><time datetime=\"2025-05-16T11:59:24-03:00\" itemprop=\"datePublished\">16\/05\/2025 11:59<\/time><\/div><\/div><\/div><\/div><\/div>","single_layout":"posts","amp_enabled":true,"_links":{"self":[{"href":"https:\/\/www.suno.com.br\/noticias\/wp-json\/wp\/v2\/posts\/605553"}],"collection":[{"href":"https:\/\/www.suno.com.br\/noticias\/wp-json\/wp\/v2\/posts"}],"about":[{"href":"https:\/\/www.suno.com.br\/noticias\/wp-json\/wp\/v2\/types\/post"}],"author":[{"embeddable":true,"href":"https:\/\/www.suno.com.br\/noticias\/wp-json\/wp\/v2\/users\/339"}],"replies":[{"embeddable":true,"href":"https:\/\/www.suno.com.br\/noticias\/wp-json\/wp\/v2\/comments?post=605553"}],"version-history":[{"count":1,"href":"https:\/\/www.suno.com.br\/noticias\/wp-json\/wp\/v2\/posts\/605553\/revisions"}],"predecessor-version":[{"id":605554,"href":"https:\/\/www.suno.com.br\/noticias\/wp-json\/wp\/v2\/posts\/605553\/revisions\/605554"}],"wp:featuredmedia":[{"embeddable":true,"href":"https:\/\/www.suno.com.br\/noticias\/wp-json\/wp\/v2\/media\/207161"}],"wp:attachment":[{"href":"https:\/\/www.suno.com.br\/noticias\/wp-json\/wp\/v2\/media?parent=605553"}],"wp:term":[{"taxonomy":"category","embeddable":true,"href":"https:\/\/www.suno.com.br\/noticias\/wp-json\/wp\/v2\/categories?post=605553"},{"taxonomy":"post_tag","embeddable":true,"href":"https:\/\/www.suno.com.br\/noticias\/wp-json\/wp\/v2\/tags?post=605553"},{"taxonomy":"suno_strategy","embeddable":true,"href":"https:\/\/www.suno.com.br\/noticias\/wp-json\/wp\/v2\/suno_strategy?post=605553"}],"curies":[{"name":"wp","href":"https:\/\/api.w.org\/{rel}","templated":true}]}}