{"id":605537,"date":"2025-05-17T10:00:00","date_gmt":"2025-05-17T13:00:00","guid":{"rendered":"https:\/\/www.suno.com.br\/noticias\/?p=605537"},"modified":"2025-05-16T19:38:50","modified_gmt":"2025-05-16T22:38:50","slug":"campos-neto-conselheiro-forum-economico-davos","status":"publish","type":"post","link":"https:\/\/www.suno.com.br\/noticias\/campos-neto-conselheiro-forum-economico-davos\/","title":{"rendered":"Campos Neto ser\u00e1 conselheiro do F\u00f3rum Econ\u00f4mico de Davos"},"content":{"rendered":"<p>O economista Roberto <strong>Campos Neto<\/strong>, ex-presidente do Banco Central entre 2019 e 2024, vai fazer parte a partir deste ano do Conselho de Curadores do <a class=\"suno-keyword\" target=\"_blank\" data-force=\"no\" data-priority=\"1\" href=\"https:\/\/www.suno.com.br\/artigos\/forum-economico-mundial\/\" rel=\"noopener\">F\u00f3rum Econ\u00f4mico Mundial<\/a>, representando a Am\u00e9rica Latina. <\/p>\t<div class=\"wrapper-featured-image\">\n\t\t<figure class=\"spotlightImg\">\n\n\t\t\t<picture>\n\t\t\t\t<source media=\"(max-width: 768px)\" srcset=\"https:\/\/files.sunoresearch.com.br\/n\/uploads\/2023\/02\/roberto-campos-neto-roda-viva-banco-central-foto-tvcultura-400x200.jpg\">\n\t\t\t\t<img loading=\"lazy\" decoding=\"async\" class=\"newsContent__article__imgCapa lazyloadDisabled \" src=\"https:\/\/files.sunoresearch.com.br\/n\/uploads\/2023\/02\/roberto-campos-neto-roda-viva-banco-central-foto-tvcultura-800x450.jpg\" width=\"800\" height=\"450\" alt=\"Campos Neto ser\u00e1 conselheiro do F\u00f3rum Econ\u00f4mico de Davos\" fetchpriority=high \/>\n\t\t\t<\/picture>\n\n\t\t\t<figcaption class=\"wp-caption-text wp-caption-text--show\">Roberto Campos Neto. Foto: TV Cultura<\/figcaption>\n\t\t<\/figure>\n\t<\/div>\n\n\n\n\n\n\t<p>\n\t\t<a href=\"https:\/\/lp.suno.com.br\/plataforma-de-controle-de-investimentos\/\" target=\"_blank\" data-element=\"shortcode-suno-banner\" title=\"Banner SUNO, clique e saiba mais\">\n\t\t\t<picture>\n\t\t\t\t<source media=\"(max-width: 500px)\" srcset=\"https:\/\/files.sunoresearch.com.br\/n\/uploads\/2023\/03\/400x300-Controle-de-Investimentos.png\">\n\t\t\t\t<img class=\"newsContent__article__imgCapa newsContent__article__imgCapa--banner\"\n\t\t\t\t\tsrc=\"https:\/\/files.sunoresearch.com.br\/n\/uploads\/2023\/03\/1420x240-Controle-de-Investimentos.png\"\n\t\t\t\t\tdata-promo-id=\"383162\"\t\t\t\t\t\t\t\t\t\twidth='1420' height='240'\t\t\t\t\talt=\"https:\/\/files.sunoresearch.com.br\/n\/uploads\/2023\/03\/1420x240-Controle-de-Investimentos.png\"\n\t\t\t\t>\n\t\t\t<\/picture>\n\t\t<\/a>\n\t<\/p>\n\n\n\n\n\n<p>A informa\u00e7\u00e3o foi revelada pela <i>Folha de S.Paulo<\/i> e confirmada pelo pr\u00f3prio Campos Neto ao <i>Broadcast<\/i>, sistema de not\u00edcias em tempo real do Grupo Estado. Ele deve participar de uma primeira reuni\u00e3o presencial do conselho do F\u00f3rum em agosto. O encontro ser\u00e1 em Genebra, na Su\u00ed\u00e7a.<\/p>\n\n\n\n<p>A composi\u00e7\u00e3o atual do Conselho Consultivo do F\u00f3rum Econ\u00f4mico Mundial conta com nomes como Kristalina Georgieva, diretora-geral do Fundo Monet\u00e1rio Internacional (FMI), e Christine Lagarde, atual presidente do Banco Central Europeu (ECB, na sigla em ingl\u00eas). O evento \u00e9 realizado anualmente em Davos, na Su\u00ed\u00e7a, apontado como a principal reuni\u00e3o global para formula\u00e7\u00e3o de pol\u00edticas econ\u00f4micas e outros times de interesse do mercado.<\/p>\n\n\n\n<p>Campos Neto tamb\u00e9m foi convidado a ocupar uma posi\u00e7\u00e3o de <em>senior fellow <\/em>no Milken Institute, um <em>think-tank<\/em> americano sediado na Calif\u00f3rnia. Ele j\u00e1 participou de uma reuni\u00e3o introdut\u00f3ria, e deve estar presente em outros dois encontros no segundo semestre.<\/p>\n\n\n\n<h2 class=\"wp-block-heading\">Campos Neto assume posto no Nubank (ROXO34) em julho<\/h2>\n\n\n\n<p>Roberto Campos Neto teve sua contrata\u00e7\u00e3o anunciada na semana passada pelo <strong>Nubank (ROXO34)<\/strong> para ocupar as posi\u00e7\u00f5es de diretor global de Pol\u00edticas P\u00fablicas, vice-chairman e membro do <a class=\"suno-keyword\" target=\"_blank\" data-force=\"no\" data-priority=\"1\" href=\"https:\/\/www.suno.com.br\/artigos\/conselho-administracao\/\" rel=\"noopener\">conselho de administra\u00e7\u00e3o<\/a>.<\/p>\n\n\n\n<p>De acordo com a <strong>fintech<\/strong>, o executivo manifestou a inten\u00e7\u00e3o de aceitar os cargos ap\u00f3s 1\u00ba de julho, quando se encerra a quarentena de seis meses que deve cumprir ap\u00f3s deixar a presid\u00eancia do Banco Central.<\/p>\n\n\n\n<p>O destino de <strong>Campos Neto <\/strong>ap\u00f3s a passagem pelo BC vinha sendo alvo de especula\u00e7\u00f5es no mercado. Na imprensa, not\u00edcias deram conta de que ele recebeu sondagens de empresas como a JBS, algo que n\u00e3o chegou a ser confirmado. O convite do Nubank (ROXO34) foi o primeiro a ser oficializado.<\/p>\n\n\n\n<p class=\"newsProviderSignature\"><em>Com Estad\u00e3o Conte\u00fado<\/em><\/p>\n\n\n\t<p>\n\t\t<a href=\"\" target=\"_blank\" data-element=\"shortcode-suno-banner\" title=\"Banner SUNO, clique e saiba mais\">\n\t\t\t<picture>\n\t\t\t\t<source media=\"(max-width: 500px)\" srcset=\"\">\n\t\t\t\t<img class=\"newsContent__article__imgCapa newsContent__article__imgCapa--banner\"\n\t\t\t\t\tsrc=\"\"\n\t\t\t\t\tdata-promo-id=\"265278\"\t\t\t\t\t\t\t\t\t\t\t\t\t\t\talt=\"\"\n\t\t\t\t>\n\t\t\t<\/picture>\n\t\t<\/a>\n\t<\/p>\n\n\n\n\n\n<p><\/p>\n","protected":false},"excerpt":{"rendered":"<p>O economista Roberto Campos Neto, ex-presidente do Banco Central entre 2019 e 2024, vai fazer parte a partir deste ano do Conselho de Curadores do F\u00f3rum Econ\u00f4mico Mundial, representando a Am\u00e9rica Latina. Roberto Campos Neto. Foto: TV Cultura A informa\u00e7\u00e3o foi revelada pela Folha de S.Paulo e confirmada pelo pr\u00f3prio Campos Neto ao Broadcast, sistema [&hellip;]<\/p>\n","protected":false},"author":43,"featured_media":363540,"comment_status":"closed","ping_status":"closed","sticky":false,"template":"","format":"standard","meta":[],"categories":[64],"tags":[961,107160,1113],"suno_strategy":[],"class_list":["post-605537","post","type-post","status-publish","format-standard","has-post-thumbnail","hentry","category-negocios","tag-forum-economico-mundial","tag-nubank-roxo34","tag-roberto-campos-neto"],"yoast_head":"<!-- This site is optimized with the Yoast SEO plugin v24.4 - https:\/\/yoast.com\/wordpress\/plugins\/seo\/ -->\n<title>Campos Neto ser\u00e1 conselheiro do F\u00f3rum Econ\u00f4mico de Davos<\/title>\n<meta name=\"description\" content=\"Campos Neto vai fazer parte a partir deste ano do Conselho de Curadores do F\u00f3rum Econ\u00f4mico Mundial, representando a Am\u00e9rica Latina.\" \/>\n<meta name=\"robots\" content=\"index, follow, max-snippet:-1, max-image-preview:large, max-video-preview:-1\" \/>\n<link rel=\"canonical\" href=\"https:\/\/www.suno.com.br\/noticias\/campos-neto-conselheiro-forum-economico-davos\/\" \/>\n<meta property=\"og:locale\" content=\"pt_BR\" \/>\n<meta property=\"og:type\" content=\"article\" \/>\n<meta property=\"og:title\" content=\"Campos Neto ser\u00e1 conselheiro do F\u00f3rum Econ\u00f4mico de Davos\" \/>\n<meta property=\"og:description\" content=\"Campos Neto vai fazer parte a partir deste ano do Conselho de Curadores do F\u00f3rum Econ\u00f4mico Mundial, representando a Am\u00e9rica Latina.\" \/>\n<meta property=\"og:url\" content=\"https:\/\/www.suno.com.br\/noticias\/campos-neto-conselheiro-forum-economico-davos\/\" \/>\n<meta property=\"og:site_name\" content=\"Suno Not\u00edcias\" \/>\n<meta property=\"article:publisher\" content=\"https:\/\/facebook.com\/sunoresearch\" \/>\n<meta property=\"article:author\" content=\"https:\/\/www.facebook.com\/sunonoticias\/\" \/>\n<meta property=\"og:image\" content=\"http:\/\/files.sunoresearch.com.br\/n\/uploads\/2023\/02\/roberto-campos-neto-roda-viva-banco-central-foto-tvcultura.jpg\" \/>\n\t<meta property=\"og:image:width\" content=\"1200\" \/>\n\t<meta property=\"og:image:height\" content=\"675\" \/>\n\t<meta property=\"og:image:type\" content=\"image\/jpeg\" \/>\n<meta name=\"author\" content=\"Reda\u00e7\u00e3o Suno Not\u00edcias\" \/>\n<meta name=\"twitter:card\" content=\"summary_large_image\" \/>\n<meta name=\"twitter:creator\" content=\"@https:\/\/twitter.com\/sunoresearch\" \/>\n<meta name=\"twitter:site\" content=\"@sunoresearch\" \/>\n<meta name=\"twitter:label1\" content=\"Escrito por\" \/>\n\t<meta name=\"twitter:data1\" content=\"Reda\u00e7\u00e3o Suno Not\u00edcias\" \/>\n\t<meta name=\"twitter:label2\" content=\"Est. tempo de leitura\" \/>\n\t<meta name=\"twitter:data2\" content=\"2 minutos\" \/>\n<script type=\"application\/ld+json\" class=\"yoast-schema-graph\">{\"@context\":\"https:\/\/schema.org\",\"@graph\":[{\"@type\":\"NewsArticle\",\"@id\":\"https:\/\/www.suno.com.br\/noticias\/campos-neto-conselheiro-forum-economico-davos\/#article\",\"isPartOf\":{\"@id\":\"https:\/\/www.suno.com.br\/noticias\/campos-neto-conselheiro-forum-economico-davos\/\"},\"author\":{\"name\":\"Reda\u00e7\u00e3o Suno Not\u00edcias\",\"@id\":\"https:\/\/www.suno.com.br\/noticias\/#\/schema\/person\/c1b1bd3727fa852bd045e9dbff3673ea\"},\"headline\":\"Campos Neto ser\u00e1 conselheiro do F\u00f3rum Econ\u00f4mico de Davos\",\"datePublished\":\"2025-05-17T13:00:00+00:00\",\"mainEntityOfPage\":{\"@id\":\"https:\/\/www.suno.com.br\/noticias\/campos-neto-conselheiro-forum-economico-davos\/\"},\"wordCount\":361,\"publisher\":{\"@id\":\"https:\/\/www.suno.com.br\/noticias\/#organization\"},\"image\":{\"@id\":\"https:\/\/www.suno.com.br\/noticias\/campos-neto-conselheiro-forum-economico-davos\/#primaryimage\"},\"thumbnailUrl\":\"https:\/\/files.sunoresearch.com.br\/n\/uploads\/2023\/02\/roberto-campos-neto-roda-viva-banco-central-foto-tvcultura.jpg\",\"keywords\":[\"F\u00f3rum Econ\u00f4mico Mundial\",\"Nubank (ROXO34)\",\"Roberto Campos Neto\"],\"articleSection\":[\"Neg\u00f3cios\"],\"inLanguage\":\"pt-BR\"},{\"@type\":\"WebPage\",\"@id\":\"https:\/\/www.suno.com.br\/noticias\/campos-neto-conselheiro-forum-economico-davos\/\",\"url\":\"https:\/\/www.suno.com.br\/noticias\/campos-neto-conselheiro-forum-economico-davos\/\",\"name\":\"Campos Neto ser\u00e1 conselheiro do F\u00f3rum Econ\u00f4mico de Davos\",\"isPartOf\":{\"@id\":\"https:\/\/www.suno.com.br\/noticias\/#website\"},\"primaryImageOfPage\":{\"@id\":\"https:\/\/www.suno.com.br\/noticias\/campos-neto-conselheiro-forum-economico-davos\/#primaryimage\"},\"image\":{\"@id\":\"https:\/\/www.suno.com.br\/noticias\/campos-neto-conselheiro-forum-economico-davos\/#primaryimage\"},\"thumbnailUrl\":\"https:\/\/files.sunoresearch.com.br\/n\/uploads\/2023\/02\/roberto-campos-neto-roda-viva-banco-central-foto-tvcultura.jpg\",\"datePublished\":\"2025-05-17T13:00:00+00:00\",\"description\":\"Campos Neto vai fazer parte a partir deste ano do Conselho de Curadores do F\u00f3rum Econ\u00f4mico Mundial, representando a Am\u00e9rica Latina.\",\"breadcrumb\":{\"@id\":\"https:\/\/www.suno.com.br\/noticias\/campos-neto-conselheiro-forum-economico-davos\/#breadcrumb\"},\"inLanguage\":\"pt-BR\",\"potentialAction\":[{\"@type\":\"ReadAction\",\"target\":[\"https:\/\/www.suno.com.br\/noticias\/campos-neto-conselheiro-forum-economico-davos\/\"]}]},{\"@type\":\"ImageObject\",\"inLanguage\":\"pt-BR\",\"@id\":\"https:\/\/www.suno.com.br\/noticias\/campos-neto-conselheiro-forum-economico-davos\/#primaryimage\",\"url\":\"https:\/\/files.sunoresearch.com.br\/n\/uploads\/2023\/02\/roberto-campos-neto-roda-viva-banco-central-foto-tvcultura.jpg\",\"contentUrl\":\"https:\/\/files.sunoresearch.com.br\/n\/uploads\/2023\/02\/roberto-campos-neto-roda-viva-banco-central-foto-tvcultura.jpg\",\"width\":1200,\"height\":675,\"caption\":\"Roberto Campos Neto. Foto: TV Cultura\"},{\"@type\":\"BreadcrumbList\",\"@id\":\"https:\/\/www.suno.com.br\/noticias\/campos-neto-conselheiro-forum-economico-davos\/#breadcrumb\",\"itemListElement\":[{\"@type\":\"ListItem\",\"position\":1,\"name\":\"Not\u00edcias\",\"item\":\"https:\/\/www.suno.com.br\/noticias\/\"},{\"@type\":\"ListItem\",\"position\":2,\"name\":\"Neg\u00f3cios\",\"item\":\"https:\/\/www.suno.com.br\/noticias\/negocios\/\"},{\"@type\":\"ListItem\",\"position\":3,\"name\":\"Campos Neto ser\u00e1 conselheiro do F\u00f3rum Econ\u00f4mico de Davos\"}]},{\"@type\":\"WebSite\",\"@id\":\"https:\/\/www.suno.com.br\/noticias\/#website\",\"url\":\"https:\/\/www.suno.com.br\/noticias\/\",\"name\":\"Suno Not\u00edcias\",\"description\":\"Seu portal de informa\u00e7\u00e3o sobre o mundo dos investimentos\",\"publisher\":{\"@id\":\"https:\/\/www.suno.com.br\/noticias\/#organization\"},\"potentialAction\":[{\"@type\":\"SearchAction\",\"target\":{\"@type\":\"EntryPoint\",\"urlTemplate\":\"https:\/\/www.suno.com.br\/noticias\/?s={search_term_string}\"},\"query-input\":{\"@type\":\"PropertyValueSpecification\",\"valueRequired\":true,\"valueName\":\"search_term_string\"}}],\"inLanguage\":\"pt-BR\"},{\"@type\":\"Organization\",\"@id\":\"https:\/\/www.suno.com.br\/noticias\/#organization\",\"name\":\"Suno Not\u00edcias\",\"url\":\"https:\/\/www.suno.com.br\/noticias\/\",\"logo\":{\"@type\":\"ImageObject\",\"inLanguage\":\"pt-BR\",\"@id\":\"https:\/\/www.suno.com.br\/noticias\/#\/schema\/logo\/image\/\",\"url\":\"https:\/\/files.sunoresearch.com.br\/n\/uploads\/2021\/09\/suno-logo.png\",\"contentUrl\":\"https:\/\/files.sunoresearch.com.br\/n\/uploads\/2021\/09\/suno-logo.png\",\"width\":180,\"height\":180,\"caption\":\"Suno Not\u00edcias\"},\"image\":{\"@id\":\"https:\/\/www.suno.com.br\/noticias\/#\/schema\/logo\/image\/\"},\"sameAs\":[\"https:\/\/facebook.com\/sunoresearch\",\"https:\/\/x.com\/sunoresearch\",\"https:\/\/www.instagram.com\/suno\",\"https:\/\/www.linkedin.com\/company\/suno-research\/\",\"https:\/\/www.youtube.com\/c\/sunoresearch\"]},{\"@type\":\"Person\",\"@id\":\"https:\/\/www.suno.com.br\/noticias\/#\/schema\/person\/c1b1bd3727fa852bd045e9dbff3673ea\",\"name\":\"Reda\u00e7\u00e3o Suno Not\u00edcias\",\"image\":{\"@type\":\"ImageObject\",\"inLanguage\":\"pt-BR\",\"@id\":\"https:\/\/www.suno.com.br\/noticias\/#\/schema\/person\/image\/\",\"url\":\"https:\/\/secure.gravatar.com\/avatar\/b8104b9b5a71985d5238ee59fbe418af?s=96&r=g\",\"contentUrl\":\"https:\/\/secure.gravatar.com\/avatar\/b8104b9b5a71985d5238ee59fbe418af?s=96&r=g\",\"caption\":\"Reda\u00e7\u00e3o Suno Not\u00edcias\"},\"description\":\"O Suno Not\u00edcias \u00e9 um portal de informa\u00e7\u00f5es sobre Mercado Financeiro, Pol\u00edtica, Neg\u00f3cios, Economia e Finan\u00e7as Pessoais.\",\"sameAs\":[\"https:\/\/www.suno.com.br\/noticias\",\"https:\/\/www.facebook.com\/sunonoticias\/\",\"https:\/\/www.instagram.com\/sunonoticias\/\",\"https:\/\/x.com\/https:\/\/twitter.com\/sunoresearch\",\"https:\/\/www.youtube.com\/sunonoticias\"],\"url\":\"https:\/\/www.suno.com.br\/noticias\/author\/redacao-suno\/\"}]}<\/script>\n<!-- \/ Yoast SEO plugin. -->","yoast_head_json":{"title":"Campos Neto ser\u00e1 conselheiro do F\u00f3rum Econ\u00f4mico de Davos","description":"Campos Neto vai fazer parte a partir deste ano do Conselho de Curadores do F\u00f3rum Econ\u00f4mico Mundial, representando a Am\u00e9rica Latina.","robots":{"index":"index","follow":"follow","max-snippet":"max-snippet:-1","max-image-preview":"max-image-preview:large","max-video-preview":"max-video-preview:-1"},"canonical":"https:\/\/www.suno.com.br\/noticias\/campos-neto-conselheiro-forum-economico-davos\/","og_locale":"pt_BR","og_type":"article","og_title":"Campos Neto ser\u00e1 conselheiro do F\u00f3rum Econ\u00f4mico de Davos","og_description":"Campos Neto vai fazer parte a partir deste ano do Conselho de Curadores do F\u00f3rum Econ\u00f4mico Mundial, representando a Am\u00e9rica Latina.","og_url":"https:\/\/www.suno.com.br\/noticias\/campos-neto-conselheiro-forum-economico-davos\/","og_site_name":"Suno Not\u00edcias","article_publisher":"https:\/\/facebook.com\/sunoresearch","article_author":"https:\/\/www.facebook.com\/sunonoticias\/","og_image":[{"width":1200,"height":675,"url":"http:\/\/files.sunoresearch.com.br\/n\/uploads\/2023\/02\/roberto-campos-neto-roda-viva-banco-central-foto-tvcultura.jpg","type":"image\/jpeg"}],"author":"Reda\u00e7\u00e3o Suno Not\u00edcias","twitter_card":"summary_large_image","twitter_creator":"@https:\/\/twitter.com\/sunoresearch","twitter_site":"@sunoresearch","twitter_misc":{"Escrito por":"Reda\u00e7\u00e3o Suno Not\u00edcias","Est. tempo de leitura":"2 minutos"},"schema":{"@context":"https:\/\/schema.org","@graph":[{"@type":"NewsArticle","@id":"https:\/\/www.suno.com.br\/noticias\/campos-neto-conselheiro-forum-economico-davos\/#article","isPartOf":{"@id":"https:\/\/www.suno.com.br\/noticias\/campos-neto-conselheiro-forum-economico-davos\/"},"author":{"name":"Reda\u00e7\u00e3o Suno Not\u00edcias","@id":"https:\/\/www.suno.com.br\/noticias\/#\/schema\/person\/c1b1bd3727fa852bd045e9dbff3673ea"},"headline":"Campos Neto ser\u00e1 conselheiro do F\u00f3rum Econ\u00f4mico de Davos","datePublished":"2025-05-17T13:00:00+00:00","mainEntityOfPage":{"@id":"https:\/\/www.suno.com.br\/noticias\/campos-neto-conselheiro-forum-economico-davos\/"},"wordCount":361,"publisher":{"@id":"https:\/\/www.suno.com.br\/noticias\/#organization"},"image":{"@id":"https:\/\/www.suno.com.br\/noticias\/campos-neto-conselheiro-forum-economico-davos\/#primaryimage"},"thumbnailUrl":"https:\/\/files.sunoresearch.com.br\/n\/uploads\/2023\/02\/roberto-campos-neto-roda-viva-banco-central-foto-tvcultura.jpg","keywords":["F\u00f3rum Econ\u00f4mico Mundial","Nubank (ROXO34)","Roberto Campos Neto"],"articleSection":["Neg\u00f3cios"],"inLanguage":"pt-BR"},{"@type":"WebPage","@id":"https:\/\/www.suno.com.br\/noticias\/campos-neto-conselheiro-forum-economico-davos\/","url":"https:\/\/www.suno.com.br\/noticias\/campos-neto-conselheiro-forum-economico-davos\/","name":"Campos Neto ser\u00e1 conselheiro do F\u00f3rum Econ\u00f4mico de Davos","isPartOf":{"@id":"https:\/\/www.suno.com.br\/noticias\/#website"},"primaryImageOfPage":{"@id":"https:\/\/www.suno.com.br\/noticias\/campos-neto-conselheiro-forum-economico-davos\/#primaryimage"},"image":{"@id":"https:\/\/www.suno.com.br\/noticias\/campos-neto-conselheiro-forum-economico-davos\/#primaryimage"},"thumbnailUrl":"https:\/\/files.sunoresearch.com.br\/n\/uploads\/2023\/02\/roberto-campos-neto-roda-viva-banco-central-foto-tvcultura.jpg","datePublished":"2025-05-17T13:00:00+00:00","description":"Campos Neto vai fazer parte a partir deste ano do Conselho de Curadores do F\u00f3rum Econ\u00f4mico Mundial, representando a Am\u00e9rica Latina.","breadcrumb":{"@id":"https:\/\/www.suno.com.br\/noticias\/campos-neto-conselheiro-forum-economico-davos\/#breadcrumb"},"inLanguage":"pt-BR","potentialAction":[{"@type":"ReadAction","target":["https:\/\/www.suno.com.br\/noticias\/campos-neto-conselheiro-forum-economico-davos\/"]}]},{"@type":"ImageObject","inLanguage":"pt-BR","@id":"https:\/\/www.suno.com.br\/noticias\/campos-neto-conselheiro-forum-economico-davos\/#primaryimage","url":"https:\/\/files.sunoresearch.com.br\/n\/uploads\/2023\/02\/roberto-campos-neto-roda-viva-banco-central-foto-tvcultura.jpg","contentUrl":"https:\/\/files.sunoresearch.com.br\/n\/uploads\/2023\/02\/roberto-campos-neto-roda-viva-banco-central-foto-tvcultura.jpg","width":1200,"height":675,"caption":"Roberto Campos Neto. Foto: TV Cultura"},{"@type":"BreadcrumbList","@id":"https:\/\/www.suno.com.br\/noticias\/campos-neto-conselheiro-forum-economico-davos\/#breadcrumb","itemListElement":[{"@type":"ListItem","position":1,"name":"Not\u00edcias","item":"https:\/\/www.suno.com.br\/noticias\/"},{"@type":"ListItem","position":2,"name":"Neg\u00f3cios","item":"https:\/\/www.suno.com.br\/noticias\/negocios\/"},{"@type":"ListItem","position":3,"name":"Campos Neto ser\u00e1 conselheiro do F\u00f3rum Econ\u00f4mico de Davos"}]},{"@type":"WebSite","@id":"https:\/\/www.suno.com.br\/noticias\/#website","url":"https:\/\/www.suno.com.br\/noticias\/","name":"Suno Not\u00edcias","description":"Seu portal de informa\u00e7\u00e3o sobre o mundo dos investimentos","publisher":{"@id":"https:\/\/www.suno.com.br\/noticias\/#organization"},"potentialAction":[{"@type":"SearchAction","target":{"@type":"EntryPoint","urlTemplate":"https:\/\/www.suno.com.br\/noticias\/?s={search_term_string}"},"query-input":{"@type":"PropertyValueSpecification","valueRequired":true,"valueName":"search_term_string"}}],"inLanguage":"pt-BR"},{"@type":"Organization","@id":"https:\/\/www.suno.com.br\/noticias\/#organization","name":"Suno Not\u00edcias","url":"https:\/\/www.suno.com.br\/noticias\/","logo":{"@type":"ImageObject","inLanguage":"pt-BR","@id":"https:\/\/www.suno.com.br\/noticias\/#\/schema\/logo\/image\/","url":"https:\/\/files.sunoresearch.com.br\/n\/uploads\/2021\/09\/suno-logo.png","contentUrl":"https:\/\/files.sunoresearch.com.br\/n\/uploads\/2021\/09\/suno-logo.png","width":180,"height":180,"caption":"Suno Not\u00edcias"},"image":{"@id":"https:\/\/www.suno.com.br\/noticias\/#\/schema\/logo\/image\/"},"sameAs":["https:\/\/facebook.com\/sunoresearch","https:\/\/x.com\/sunoresearch","https:\/\/www.instagram.com\/suno","https:\/\/www.linkedin.com\/company\/suno-research\/","https:\/\/www.youtube.com\/c\/sunoresearch"]},{"@type":"Person","@id":"https:\/\/www.suno.com.br\/noticias\/#\/schema\/person\/c1b1bd3727fa852bd045e9dbff3673ea","name":"Reda\u00e7\u00e3o Suno Not\u00edcias","image":{"@type":"ImageObject","inLanguage":"pt-BR","@id":"https:\/\/www.suno.com.br\/noticias\/#\/schema\/person\/image\/","url":"https:\/\/secure.gravatar.com\/avatar\/b8104b9b5a71985d5238ee59fbe418af?s=96&r=g","contentUrl":"https:\/\/secure.gravatar.com\/avatar\/b8104b9b5a71985d5238ee59fbe418af?s=96&r=g","caption":"Reda\u00e7\u00e3o Suno Not\u00edcias"},"description":"O Suno Not\u00edcias \u00e9 um portal de informa\u00e7\u00f5es sobre Mercado Financeiro, Pol\u00edtica, Neg\u00f3cios, Economia e Finan\u00e7as Pessoais.","sameAs":["https:\/\/www.suno.com.br\/noticias","https:\/\/www.facebook.com\/sunonoticias\/","https:\/\/www.instagram.com\/sunonoticias\/","https:\/\/x.com\/https:\/\/twitter.com\/sunoresearch","https:\/\/www.youtube.com\/sunonoticias"],"url":"https:\/\/www.suno.com.br\/noticias\/author\/redacao-suno\/"}]}},"default_loop_html":"<div class=\"cardsPage__listCard__boxs\"><div class=\"cardsPage__listCard__boxs__img\"><a href=\"https:\/\/www.suno.com.br\/noticias\/campos-neto-conselheiro-forum-economico-davos\/\"><img class=\"mask\" src=\"https:\/\/www.suno.com.br\/noticias\/wp-content\/themes\/suno\/resources\/images\/spotlight\/spotlight1img\/bg-mask.png\" alt=\"Image Mask\"\/><img src=\"https:\/\/files.sunoresearch.com.br\/n\/uploads\/2023\/02\/roberto-campos-neto-roda-viva-banco-central-foto-tvcultura-400x200.jpg\" alt=\"Campos Neto ser\u00e1 conselheiro do F\u00f3rum Econ\u00f4mico de Davos\"\/><\/a><span class=\"spotlightCategory\"><a href=\"https:\/\/www.suno.com.br\/noticias\/negocios\/\">Neg\u00f3cios<\/a><\/span><\/div><div class=\"cardsPage__listCard__boxs__content\"><a href=\"https:\/\/www.suno.com.br\/noticias\/campos-neto-conselheiro-forum-economico-davos\/\"><h2 class=\"content__title\">Campos Neto ser\u00e1 conselheiro do F\u00f3rum Econ\u00f4mico de Davos<\/h2><\/a><div class=\"newsContent__article__meta\"><div class=\"newsContent__article__meta__authorBox\"><a href=\"https:\/\/www.suno.com.br\/noticias\/author\/redacao-suno\/\" class=\"authorBox__avatar noMobi\"><img src=\"https:\/\/files.sunoresearch.com.br\/n\/uploads\/2020\/08\/0ace682d-redacao-1-150x150.webp\" alt=\"Reda\u00e7\u00e3o Suno Not\u00edcias\"><\/a><div class=\"authorBox__name\"><span>por\n\t\t\t<a href=\"https:\/\/www.suno.com.br\/noticias\/author\/redacao-suno\/\"><span itemprop=\"author\">Reda\u00e7\u00e3o Suno Not\u00edcias<\/span><\/a><\/span><time datetime=\"2025-05-17T10:00:00-03:00\" itemprop=\"datePublished\">17\/05\/2025 10:00<\/time><\/div><\/div><\/div><\/div><\/div>","single_layout":"posts","amp_enabled":true,"_links":{"self":[{"href":"https:\/\/www.suno.com.br\/noticias\/wp-json\/wp\/v2\/posts\/605537"}],"collection":[{"href":"https:\/\/www.suno.com.br\/noticias\/wp-json\/wp\/v2\/posts"}],"about":[{"href":"https:\/\/www.suno.com.br\/noticias\/wp-json\/wp\/v2\/types\/post"}],"author":[{"embeddable":true,"href":"https:\/\/www.suno.com.br\/noticias\/wp-json\/wp\/v2\/users\/43"}],"replies":[{"embeddable":true,"href":"https:\/\/www.suno.com.br\/noticias\/wp-json\/wp\/v2\/comments?post=605537"}],"version-history":[{"count":1,"href":"https:\/\/www.suno.com.br\/noticias\/wp-json\/wp\/v2\/posts\/605537\/revisions"}],"predecessor-version":[{"id":605652,"href":"https:\/\/www.suno.com.br\/noticias\/wp-json\/wp\/v2\/posts\/605537\/revisions\/605652"}],"wp:featuredmedia":[{"embeddable":true,"href":"https:\/\/www.suno.com.br\/noticias\/wp-json\/wp\/v2\/media\/363540"}],"wp:attachment":[{"href":"https:\/\/www.suno.com.br\/noticias\/wp-json\/wp\/v2\/media?parent=605537"}],"wp:term":[{"taxonomy":"category","embeddable":true,"href":"https:\/\/www.suno.com.br\/noticias\/wp-json\/wp\/v2\/categories?post=605537"},{"taxonomy":"post_tag","embeddable":true,"href":"https:\/\/www.suno.com.br\/noticias\/wp-json\/wp\/v2\/tags?post=605537"},{"taxonomy":"suno_strategy","embeddable":true,"href":"https:\/\/www.suno.com.br\/noticias\/wp-json\/wp\/v2\/suno_strategy?post=605537"}],"curies":[{"name":"wp","href":"https:\/\/api.w.org\/{rel}","templated":true}]}}