{"id":60549,"date":"2020-04-06T08:57:22","date_gmt":"2020-04-06T11:57:22","guid":{"rendered":"https:\/\/www.suno.com.br\/noticias\/?p=60549"},"modified":"2020-04-13T09:51:49","modified_gmt":"2020-04-13T12:51:49","slug":"boletim-focus-preve-queda-de-118-no-pib-de-2020","status":"publish","type":"post","link":"https:\/\/www.suno.com.br\/noticias\/boletim-focus-preve-queda-de-118-no-pib-de-2020\/","title":{"rendered":"Boletim Focus prev\u00ea queda de 1,18% no PIB de 2020"},"content":{"rendered":"<p>Os especialistas do mercado financeiro, respons\u00e1veis pela elabora\u00e7\u00e3o do<strong> <a href=\"https:\/\/www.suno.com.br\/artigos\/relatorio-focus\/\">Boletim Focus<\/a><\/strong>, cortaram a previs\u00e3o do <a href=\"https:\/\/www.suno.com.br\/artigos\/pib-produto-interno-bruto\/\">Produto Interno Bruto (<strong>PIB<\/strong>)<\/a> de 2020 novamente. Na divulga\u00e7\u00e3o desta segunda-feira (6), a estimativa \u00e9 de uma recess\u00e3o na economia brasileira, com uma queda de 1,18%. Na semana passada a previs\u00e3o era de -0,48%.<\/p>\t<div class=\"wrapper-featured-image\">\n\t\t<figure class=\"spotlightImg\">\n\n\t\t\t<picture>\n\t\t\t\t<source media=\"(max-width: 768px)\" srcset=\"https:\/\/files.sunoresearch.com.br\/n\/uploads\/2018\/12\/a283475c-boletim-focus-400x200.webp\">\n\t\t\t\t<img loading=\"lazy\" decoding=\"async\" class=\"newsContent__article__imgCapa lazyloadDisabled newsContent__article__imgCapa--noCaption\" src=\"https:\/\/files.sunoresearch.com.br\/n\/uploads\/2018\/12\/a283475c-boletim-focus-800x450.webp\" width=\"800\" height=\"450\" alt=\"Boletim Focus prev\u00ea queda de 1,18% no PIB de 2020\" fetchpriority=high \/>\n\t\t\t<\/picture>\n\n\t\t\t<figcaption class=\"wp-caption-text wp-caption-text--hide\">Boletim Focus eleva previs\u00e3o da taxa Selic para 3% em 2021<\/figcaption>\n\t\t<\/figure>\n\t<\/div>\n\n\n\n<p>Na primeira elabora\u00e7\u00e3o do Boletim Focus deste ano, os economistas previam um crescimento de 2,30% no PIB. Devido aos impactos econ\u00f4micos da pandemia do <a href=\"https:\/\/www.suno.com.br\/noticias\/tags\/coronavirus\/\">novo <strong>coronav\u00edrus<\/strong> (Covid-19)<\/a>, essa \u00e9 a oitava semana consecutiva em que a previs\u00e3o da atividade econ\u00f4mica brasileira \u00e9 reduzida.<\/p>\n<p><a href=\"https:\/\/lp.suno.com.br\/suno-one\/\">Garanta acesso gratuito \u00e0 eBooks, Minicursos, Artigos e Video Aulas com um \u00fanico cadastro. Clique para saber mais.<\/a><\/p>\n<p>Para o ano que vem, os principais analistas do mercado financeiro estimam que a economia ir\u00e1 crescer 2,50%.<\/p>\n<h2>Taxa Selic<\/h2>\n<p>A previs\u00e3o da taxa b\u00e1sica de juros da economia (Selic) foi diminu\u00edda para 3,25%. H\u00e1 cerca de tr\u00eas semanas, o <a href=\"https:\/\/www.suno.com.br\/artigos\/copom\/\"><strong>Comit\u00ea de Pol\u00edtica Monet\u00e1ria <\/strong>(Copom)<\/a> decidiu cortar a taxa de juros mais uma vez, deixando-a em 3,75%, no menor patamar de sua s\u00e9rie hist\u00f3rica.<\/p>\n\t<p>\n\t\t<a href=\"https:\/\/lp.suno.com.br\/planilha-controle-gastos\/\" target=\"_blank\" data-element=\"shortcode-suno-banner\" title=\"Banner SUNO, clique e saiba mais\">\n\t\t\t<picture>\n\t\t\t\t<source media=\"(max-width: 500px)\" srcset=\"https:\/\/files.sunoresearch.com.br\/n\/uploads\/2023\/03\/400x300-Planilha-controle-de-gastos.png\">\n\t\t\t\t<img class=\"newsContent__article__imgCapa newsContent__article__imgCapa--banner\"\n\t\t\t\t\tsrc=\"https:\/\/files.sunoresearch.com.br\/n\/uploads\/2023\/03\/1420x240-Planilha-controle-de-gastos.png\"\n\t\t\t\t\tdata-promo-id=\"311945\"\t\t\t\t\t\t\t\t\t\twidth='1420' height='240'\t\t\t\t\talt=\"https:\/\/files.sunoresearch.com.br\/n\/uploads\/2023\/03\/1420x240-Planilha-controle-de-gastos.png\"\n\t\t\t\t>\n\t\t\t<\/picture>\n\t\t<\/a>\n\t<\/p>\n\n\n<p>No entanto, h\u00e1 quase tr\u00eas\u00a0 meses, a previs\u00e3o dos economistas no Boletim Focus para a taxa Selic deste ano era um pouco maior, de 4,50%. Para o ano que vem, o <a href=\"https:\/\/www.suno.com.br\/artigos\/bacen\/\">Banco Central (BC)<\/a> manteve a previs\u00e3o de 5,25%.<\/p>\n<h2>IPCA<\/h2>\n<p>A expectativa pelo <a href=\"https:\/\/www.suno.com.br\/artigos\/ipca\/\"><strong>\u00cdndice Nacional de Pre\u00e7os ao Consumidor Amplo <\/strong>(IPCA)<\/a> para este ano, de acordo com a divulga\u00e7\u00e3o do BC, foi cortada pela quarta semana consecutiva. Segundo os especialistas ouvidos pela autoridade monet\u00e1ria central do Brasil, a <strong>infla\u00e7\u00e3o<\/strong> de 2020 ser\u00e1 de 2,72%. Na \u00faltima semana, a estimativa era de 2,94%.<\/p>\n<p>Sendo assim, a <a href=\"https:\/\/www.suno.com.br\/artigos\/inflacao\/\">infla\u00e7\u00e3o<\/a> permanece abaixo da meta fixada pelo <a href=\"https:\/\/www.suno.com.br\/artigos\/cmn-conselho-monetario-nacional\/\">Conselho Monet\u00e1rio Nacional (CMN)<\/a> para 2020, de 4%. A meta tem uma toler\u00e2ncia de 1,5 ponto percentual, podendo ir de 2,5% at\u00e9 5,5%.<\/p>\n<p><a href=\"https:\/\/www.suno.com.br\/nossas-assinaturas\/suno-premium\/\">Bolsa em queda livre!? Aproveita as maiores oportunidades da bolsa brasileira com nosso acesso Suno Premium<\/a><\/p>\n<p>Em rela\u00e7\u00e3o a 2021, os economistas ouvidos pelo BC esperam uma queda nos pre\u00e7os de 3,50%. Esse \u00e9 o quarto corte consecutivo desta estimativa. H\u00e1 quatro semanas, a previs\u00e3o era de um crescimento de 3,75%.<\/p>\n<p>O IPCA \u00e9 o indicador oficial da infla\u00e7\u00e3o no Brasil, e \u00e9 divulgado pelo <strong>Instituto Brasileiro de Geografia e Estat\u00edstica <\/strong>(IBGE) mensalmente. H\u00e1 ainda o IPCA-15, a pr\u00e9via mensal do indicador.<\/p>\n<p>Confira, em detalhes, as expectativas do mercado para 2020 e 2021, expressas no Boletim Focus.<\/p>\n<h2>2020<\/h2>\n<ul>\n<li><strong>PIB:<\/strong> a proje\u00e7\u00e3o do crescimento da economia caiu para -1,18%.<\/li>\n<li><strong>IPCA: <\/strong>a proje\u00e7\u00e3o diminuiu de 2,94% para 2,72%. A meta central para 2020 ser\u00e1 de 4%, com intervalo de toler\u00e2ncia entre 2,5% e 5,5%.<\/li>\n<li><strong>Taxa Selic:<\/strong> a previs\u00e3o caiu para 3,25%.<\/li>\n<li><strong>D\u00f3lar:<\/strong> os <a href=\"https:\/\/www.youtube.com\/watch?v=1npgrRjO7iE\">investidores<\/a> mantiveram a previs\u00e3o para R$ 4,50.<\/li>\n<li><strong>Balan\u00e7a Comercial:<\/strong> a expectativa para o super\u00e1vit caiu de US$ 35,00 bilh\u00f5es para US$34,10 bilh\u00f5es.<\/li>\n<li><strong>Investimento Estrangeiro Direto: <\/strong>os economistas indicaram que ser\u00e1 de US$ 76,50 bilh\u00f5es.<\/li>\n<\/ul>\n<h2>2021<\/h2>\n<ul>\n<li><strong>PIB:<\/strong> a proje\u00e7\u00e3o do crescimento da economia foi mantida em 2,50%.<\/li>\n<li><strong>IPCA: <\/strong>o mercado reduziu a proje\u00e7\u00e3o para 3,50%.<\/li>\n<li><strong>Taxa Selic:<\/strong> a previs\u00e3o caiu para 4,75%.<\/li>\n<li><strong>D\u00f3lar:<\/strong> os <a href=\"https:\/\/www.youtube.com\/watch?v=1npgrRjO7iE\">investidores<\/a> aumentaram a previs\u00e3o de R$ 4,30 para R$ 4,40.<\/li>\n<li><strong>Balan\u00e7a Comercial:<\/strong> a expectativa para o super\u00e1vit manteve em US$ 35,30 bilh\u00f5es.<\/li>\n<li><strong>Investimento Estrangeiro Direto: <\/strong>a previs\u00e3o teve queda de US$ 81,40 bilh\u00f5es para US$ 80 bilh\u00f5es.<\/li>\n<\/ul>\n<p>O <strong>Boletim Focus<\/strong> \u00e9 elaborado semanalmente pelo Banco Central na base das previs\u00f5es dos analistas de\u00a0mais de 100 institui\u00e7\u00f5es financeiras.<\/p>\n\n","protected":false},"excerpt":{"rendered":"<p>Os especialistas do mercado financeiro, respons\u00e1veis pela elabora\u00e7\u00e3o do Boletim Focus, cortaram a previs\u00e3o do Produto Interno Bruto (PIB) de 2020 novamente. Na divulga\u00e7\u00e3o desta segunda-feira (6), a estimativa \u00e9 de uma recess\u00e3o na economia brasileira, com uma queda de 1,18%. Na semana passada a previs\u00e3o era de -0,48%. Boletim Focus eleva previs\u00e3o da taxa [&hellip;]<\/p>\n","protected":false},"author":15,"featured_media":7741,"comment_status":"closed","ping_status":"closed","sticky":false,"template":"","format":"standard","meta":[],"categories":[60],"tags":[834,807],"suno_strategy":[],"class_list":["post-60549","post","type-post","status-publish","format-standard","has-post-thumbnail","hentry","category-mercado","tag-boletim-focus","tag-produto-interno-bruto-pib"],"yoast_head":"<!-- This site is optimized with the Yoast SEO plugin v24.4 - https:\/\/yoast.com\/wordpress\/plugins\/seo\/ -->\n<title>Boletim Focus prev\u00ea queda de 1,18% no PIB de 2020<\/title>\n<meta name=\"description\" content=\"Os especialistas do mercado financeiro, respons\u00e1veis pela elabora\u00e7\u00e3o do Boletim Focus, cortaram a previs\u00e3o PIB de 2020 novamente. Clique aqui\" \/>\n<meta name=\"robots\" content=\"index, follow, max-snippet:-1, max-image-preview:large, max-video-preview:-1\" \/>\n<link rel=\"canonical\" href=\"https:\/\/www.suno.com.br\/noticias\/boletim-focus-preve-queda-de-118-no-pib-de-2020\/\" \/>\n<meta property=\"og:locale\" content=\"pt_BR\" \/>\n<meta property=\"og:type\" content=\"article\" \/>\n<meta property=\"og:title\" content=\"Boletim Focus prev\u00ea queda de 1,18% no PIB de 2020\" \/>\n<meta property=\"og:description\" content=\"Os especialistas do mercado financeiro, respons\u00e1veis pela elabora\u00e7\u00e3o do Boletim Focus, cortaram a previs\u00e3o PIB de 2020 novamente. Clique aqui\" \/>\n<meta property=\"og:url\" content=\"https:\/\/www.suno.com.br\/noticias\/boletim-focus-preve-queda-de-118-no-pib-de-2020\/\" \/>\n<meta property=\"og:site_name\" content=\"Suno Not\u00edcias\" \/>\n<meta property=\"article:publisher\" content=\"https:\/\/facebook.com\/sunoresearch\" \/>\n<meta property=\"og:image\" content=\"https:\/\/files.sunoresearch.com.br\/n\/uploads\/2018\/12\/a283475c-boletim-focus.jpg\" \/>\n\t<meta property=\"og:image:width\" content=\"1024\" \/>\n\t<meta property=\"og:image:height\" content=\"661\" \/>\n\t<meta property=\"og:image:type\" content=\"image\/jpeg\" \/>\n<meta name=\"author\" content=\"Poliana Santos\" \/>\n<meta name=\"twitter:card\" content=\"summary_large_image\" \/>\n<meta name=\"twitter:creator\" content=\"@sunoresearch\" \/>\n<meta name=\"twitter:site\" content=\"@sunoresearch\" \/>\n<meta name=\"twitter:label1\" content=\"Escrito por\" \/>\n\t<meta name=\"twitter:data1\" content=\"Poliana Santos\" \/>\n\t<meta name=\"twitter:label2\" content=\"Est. tempo de leitura\" \/>\n\t<meta name=\"twitter:data2\" content=\"3 minutos\" \/>\n<script type=\"application\/ld+json\" class=\"yoast-schema-graph\">{\"@context\":\"https:\/\/schema.org\",\"@graph\":[{\"@type\":\"NewsArticle\",\"@id\":\"https:\/\/www.suno.com.br\/noticias\/boletim-focus-preve-queda-de-118-no-pib-de-2020\/#article\",\"isPartOf\":{\"@id\":\"https:\/\/www.suno.com.br\/noticias\/boletim-focus-preve-queda-de-118-no-pib-de-2020\/\"},\"author\":{\"name\":\"Poliana Santos\",\"@id\":\"https:\/\/www.suno.com.br\/noticias\/#\/schema\/person\/02ec1f752758247878a2bf4abee1aeda\"},\"headline\":\"Boletim Focus prev\u00ea queda de 1,18% no PIB de 2020\",\"datePublished\":\"2020-04-06T11:57:22+00:00\",\"dateModified\":\"2020-04-13T12:51:49+00:00\",\"mainEntityOfPage\":{\"@id\":\"https:\/\/www.suno.com.br\/noticias\/boletim-focus-preve-queda-de-118-no-pib-de-2020\/\"},\"wordCount\":588,\"publisher\":{\"@id\":\"https:\/\/www.suno.com.br\/noticias\/#organization\"},\"image\":{\"@id\":\"https:\/\/www.suno.com.br\/noticias\/boletim-focus-preve-queda-de-118-no-pib-de-2020\/#primaryimage\"},\"thumbnailUrl\":\"https:\/\/files.sunoresearch.com.br\/n\/uploads\/2018\/12\/a283475c-boletim-focus-jpg.webp\",\"keywords\":[\"Boletim Focus\",\"Produto Interno Bruto (PIB)\"],\"articleSection\":[\"Mercado\"],\"inLanguage\":\"pt-BR\"},{\"@type\":\"WebPage\",\"@id\":\"https:\/\/www.suno.com.br\/noticias\/boletim-focus-preve-queda-de-118-no-pib-de-2020\/\",\"url\":\"https:\/\/www.suno.com.br\/noticias\/boletim-focus-preve-queda-de-118-no-pib-de-2020\/\",\"name\":\"Boletim Focus prev\u00ea queda de 1,18% no PIB de 2020\",\"isPartOf\":{\"@id\":\"https:\/\/www.suno.com.br\/noticias\/#website\"},\"primaryImageOfPage\":{\"@id\":\"https:\/\/www.suno.com.br\/noticias\/boletim-focus-preve-queda-de-118-no-pib-de-2020\/#primaryimage\"},\"image\":{\"@id\":\"https:\/\/www.suno.com.br\/noticias\/boletim-focus-preve-queda-de-118-no-pib-de-2020\/#primaryimage\"},\"thumbnailUrl\":\"https:\/\/files.sunoresearch.com.br\/n\/uploads\/2018\/12\/a283475c-boletim-focus-jpg.webp\",\"datePublished\":\"2020-04-06T11:57:22+00:00\",\"dateModified\":\"2020-04-13T12:51:49+00:00\",\"description\":\"Os especialistas do mercado financeiro, respons\u00e1veis pela elabora\u00e7\u00e3o do Boletim Focus, cortaram a previs\u00e3o PIB de 2020 novamente. Clique aqui\",\"breadcrumb\":{\"@id\":\"https:\/\/www.suno.com.br\/noticias\/boletim-focus-preve-queda-de-118-no-pib-de-2020\/#breadcrumb\"},\"inLanguage\":\"pt-BR\",\"potentialAction\":[{\"@type\":\"ReadAction\",\"target\":[\"https:\/\/www.suno.com.br\/noticias\/boletim-focus-preve-queda-de-118-no-pib-de-2020\/\"]}]},{\"@type\":\"ImageObject\",\"inLanguage\":\"pt-BR\",\"@id\":\"https:\/\/www.suno.com.br\/noticias\/boletim-focus-preve-queda-de-118-no-pib-de-2020\/#primaryimage\",\"url\":\"https:\/\/files.sunoresearch.com.br\/n\/uploads\/2018\/12\/a283475c-boletim-focus-jpg.webp\",\"contentUrl\":\"https:\/\/files.sunoresearch.com.br\/n\/uploads\/2018\/12\/a283475c-boletim-focus-jpg.webp\",\"width\":1024,\"height\":661,\"caption\":\"Boletim Focus eleva previs\u00e3o da taxa Selic para 3% em 2021\"},{\"@type\":\"BreadcrumbList\",\"@id\":\"https:\/\/www.suno.com.br\/noticias\/boletim-focus-preve-queda-de-118-no-pib-de-2020\/#breadcrumb\",\"itemListElement\":[{\"@type\":\"ListItem\",\"position\":1,\"name\":\"Not\u00edcias\",\"item\":\"https:\/\/www.suno.com.br\/noticias\/\"},{\"@type\":\"ListItem\",\"position\":2,\"name\":\"Mercado\",\"item\":\"https:\/\/www.suno.com.br\/noticias\/mercado\/\"},{\"@type\":\"ListItem\",\"position\":3,\"name\":\"Boletim Focus prev\u00ea queda de 1,18% no PIB de 2020\"}]},{\"@type\":\"WebSite\",\"@id\":\"https:\/\/www.suno.com.br\/noticias\/#website\",\"url\":\"https:\/\/www.suno.com.br\/noticias\/\",\"name\":\"Suno Not\u00edcias\",\"description\":\"Seu portal de informa\u00e7\u00e3o sobre o mundo dos investimentos\",\"publisher\":{\"@id\":\"https:\/\/www.suno.com.br\/noticias\/#organization\"},\"potentialAction\":[{\"@type\":\"SearchAction\",\"target\":{\"@type\":\"EntryPoint\",\"urlTemplate\":\"https:\/\/www.suno.com.br\/noticias\/?s={search_term_string}\"},\"query-input\":{\"@type\":\"PropertyValueSpecification\",\"valueRequired\":true,\"valueName\":\"search_term_string\"}}],\"inLanguage\":\"pt-BR\"},{\"@type\":\"Organization\",\"@id\":\"https:\/\/www.suno.com.br\/noticias\/#organization\",\"name\":\"Suno Not\u00edcias\",\"url\":\"https:\/\/www.suno.com.br\/noticias\/\",\"logo\":{\"@type\":\"ImageObject\",\"inLanguage\":\"pt-BR\",\"@id\":\"https:\/\/www.suno.com.br\/noticias\/#\/schema\/logo\/image\/\",\"url\":\"https:\/\/files.sunoresearch.com.br\/n\/uploads\/2021\/09\/suno-logo.png\",\"contentUrl\":\"https:\/\/files.sunoresearch.com.br\/n\/uploads\/2021\/09\/suno-logo.png\",\"width\":180,\"height\":180,\"caption\":\"Suno Not\u00edcias\"},\"image\":{\"@id\":\"https:\/\/www.suno.com.br\/noticias\/#\/schema\/logo\/image\/\"},\"sameAs\":[\"https:\/\/facebook.com\/sunoresearch\",\"https:\/\/x.com\/sunoresearch\",\"https:\/\/www.instagram.com\/suno\",\"https:\/\/www.linkedin.com\/company\/suno-research\/\",\"https:\/\/www.youtube.com\/c\/sunoresearch\"]},{\"@type\":\"Person\",\"@id\":\"https:\/\/www.suno.com.br\/noticias\/#\/schema\/person\/02ec1f752758247878a2bf4abee1aeda\",\"name\":\"Poliana Santos\",\"image\":{\"@type\":\"ImageObject\",\"inLanguage\":\"pt-BR\",\"@id\":\"https:\/\/www.suno.com.br\/noticias\/#\/schema\/person\/image\/\",\"url\":\"https:\/\/secure.gravatar.com\/avatar\/0645bd32f23d87b2130f2b2dff1d3f8d?s=96&r=g\",\"contentUrl\":\"https:\/\/secure.gravatar.com\/avatar\/0645bd32f23d87b2130f2b2dff1d3f8d?s=96&r=g\",\"caption\":\"Poliana Santos\"},\"description\":\"Rep\u00f3rter no Suno Not\u00edcias, com cobertura em mercado financeiro, economia, finan\u00e7as pessoais, renda fixa e varejo. Jornalista formada pela Faculdade C\u00e1sper L\u00edbero e possui passagem na R\u00e1dio Gazeta AM com a produ\u00e7\u00e3o de conte\u00fado sobre economia, pol\u00edtica, sa\u00fade, moda e m\u00fasica. Possui certificado de conclus\u00e3o do curso de An\u00e1lise de Balan\u00e7os pela Funda\u00e7\u00e3o Bradesco, Agenda Brasil pela FAAP, Educa\u00e7\u00e3o Pol\u00edtica por Alexandre Garcia e do Tesouro Direto e Mercado de A\u00e7\u00f5es pela B3.\",\"url\":\"https:\/\/www.suno.com.br\/noticias\/author\/poliana-santos\/\"}]}<\/script>\n<!-- \/ Yoast SEO plugin. -->","yoast_head_json":{"title":"Boletim Focus prev\u00ea queda de 1,18% no PIB de 2020","description":"Os especialistas do mercado financeiro, respons\u00e1veis pela elabora\u00e7\u00e3o do Boletim Focus, cortaram a previs\u00e3o PIB de 2020 novamente. Clique aqui","robots":{"index":"index","follow":"follow","max-snippet":"max-snippet:-1","max-image-preview":"max-image-preview:large","max-video-preview":"max-video-preview:-1"},"canonical":"https:\/\/www.suno.com.br\/noticias\/boletim-focus-preve-queda-de-118-no-pib-de-2020\/","og_locale":"pt_BR","og_type":"article","og_title":"Boletim Focus prev\u00ea queda de 1,18% no PIB de 2020","og_description":"Os especialistas do mercado financeiro, respons\u00e1veis pela elabora\u00e7\u00e3o do Boletim Focus, cortaram a previs\u00e3o PIB de 2020 novamente. Clique aqui","og_url":"https:\/\/www.suno.com.br\/noticias\/boletim-focus-preve-queda-de-118-no-pib-de-2020\/","og_site_name":"Suno Not\u00edcias","article_publisher":"https:\/\/facebook.com\/sunoresearch","og_image":[{"width":1024,"height":661,"url":"https:\/\/files.sunoresearch.com.br\/n\/uploads\/2018\/12\/a283475c-boletim-focus.jpg","type":"image\/jpeg"}],"author":"Poliana Santos","twitter_card":"summary_large_image","twitter_creator":"@sunoresearch","twitter_site":"@sunoresearch","twitter_misc":{"Escrito por":"Poliana Santos","Est. tempo de leitura":"3 minutos"},"schema":{"@context":"https:\/\/schema.org","@graph":[{"@type":"NewsArticle","@id":"https:\/\/www.suno.com.br\/noticias\/boletim-focus-preve-queda-de-118-no-pib-de-2020\/#article","isPartOf":{"@id":"https:\/\/www.suno.com.br\/noticias\/boletim-focus-preve-queda-de-118-no-pib-de-2020\/"},"author":{"name":"Poliana Santos","@id":"https:\/\/www.suno.com.br\/noticias\/#\/schema\/person\/02ec1f752758247878a2bf4abee1aeda"},"headline":"Boletim Focus prev\u00ea queda de 1,18% no PIB de 2020","datePublished":"2020-04-06T11:57:22+00:00","dateModified":"2020-04-13T12:51:49+00:00","mainEntityOfPage":{"@id":"https:\/\/www.suno.com.br\/noticias\/boletim-focus-preve-queda-de-118-no-pib-de-2020\/"},"wordCount":588,"publisher":{"@id":"https:\/\/www.suno.com.br\/noticias\/#organization"},"image":{"@id":"https:\/\/www.suno.com.br\/noticias\/boletim-focus-preve-queda-de-118-no-pib-de-2020\/#primaryimage"},"thumbnailUrl":"https:\/\/files.sunoresearch.com.br\/n\/uploads\/2018\/12\/a283475c-boletim-focus-jpg.webp","keywords":["Boletim Focus","Produto Interno Bruto (PIB)"],"articleSection":["Mercado"],"inLanguage":"pt-BR"},{"@type":"WebPage","@id":"https:\/\/www.suno.com.br\/noticias\/boletim-focus-preve-queda-de-118-no-pib-de-2020\/","url":"https:\/\/www.suno.com.br\/noticias\/boletim-focus-preve-queda-de-118-no-pib-de-2020\/","name":"Boletim Focus prev\u00ea queda de 1,18% no PIB de 2020","isPartOf":{"@id":"https:\/\/www.suno.com.br\/noticias\/#website"},"primaryImageOfPage":{"@id":"https:\/\/www.suno.com.br\/noticias\/boletim-focus-preve-queda-de-118-no-pib-de-2020\/#primaryimage"},"image":{"@id":"https:\/\/www.suno.com.br\/noticias\/boletim-focus-preve-queda-de-118-no-pib-de-2020\/#primaryimage"},"thumbnailUrl":"https:\/\/files.sunoresearch.com.br\/n\/uploads\/2018\/12\/a283475c-boletim-focus-jpg.webp","datePublished":"2020-04-06T11:57:22+00:00","dateModified":"2020-04-13T12:51:49+00:00","description":"Os especialistas do mercado financeiro, respons\u00e1veis pela elabora\u00e7\u00e3o do Boletim Focus, cortaram a previs\u00e3o PIB de 2020 novamente. Clique aqui","breadcrumb":{"@id":"https:\/\/www.suno.com.br\/noticias\/boletim-focus-preve-queda-de-118-no-pib-de-2020\/#breadcrumb"},"inLanguage":"pt-BR","potentialAction":[{"@type":"ReadAction","target":["https:\/\/www.suno.com.br\/noticias\/boletim-focus-preve-queda-de-118-no-pib-de-2020\/"]}]},{"@type":"ImageObject","inLanguage":"pt-BR","@id":"https:\/\/www.suno.com.br\/noticias\/boletim-focus-preve-queda-de-118-no-pib-de-2020\/#primaryimage","url":"https:\/\/files.sunoresearch.com.br\/n\/uploads\/2018\/12\/a283475c-boletim-focus-jpg.webp","contentUrl":"https:\/\/files.sunoresearch.com.br\/n\/uploads\/2018\/12\/a283475c-boletim-focus-jpg.webp","width":1024,"height":661,"caption":"Boletim Focus eleva previs\u00e3o da taxa Selic para 3% em 2021"},{"@type":"BreadcrumbList","@id":"https:\/\/www.suno.com.br\/noticias\/boletim-focus-preve-queda-de-118-no-pib-de-2020\/#breadcrumb","itemListElement":[{"@type":"ListItem","position":1,"name":"Not\u00edcias","item":"https:\/\/www.suno.com.br\/noticias\/"},{"@type":"ListItem","position":2,"name":"Mercado","item":"https:\/\/www.suno.com.br\/noticias\/mercado\/"},{"@type":"ListItem","position":3,"name":"Boletim Focus prev\u00ea queda de 1,18% no PIB de 2020"}]},{"@type":"WebSite","@id":"https:\/\/www.suno.com.br\/noticias\/#website","url":"https:\/\/www.suno.com.br\/noticias\/","name":"Suno Not\u00edcias","description":"Seu portal de informa\u00e7\u00e3o sobre o mundo dos investimentos","publisher":{"@id":"https:\/\/www.suno.com.br\/noticias\/#organization"},"potentialAction":[{"@type":"SearchAction","target":{"@type":"EntryPoint","urlTemplate":"https:\/\/www.suno.com.br\/noticias\/?s={search_term_string}"},"query-input":{"@type":"PropertyValueSpecification","valueRequired":true,"valueName":"search_term_string"}}],"inLanguage":"pt-BR"},{"@type":"Organization","@id":"https:\/\/www.suno.com.br\/noticias\/#organization","name":"Suno Not\u00edcias","url":"https:\/\/www.suno.com.br\/noticias\/","logo":{"@type":"ImageObject","inLanguage":"pt-BR","@id":"https:\/\/www.suno.com.br\/noticias\/#\/schema\/logo\/image\/","url":"https:\/\/files.sunoresearch.com.br\/n\/uploads\/2021\/09\/suno-logo.png","contentUrl":"https:\/\/files.sunoresearch.com.br\/n\/uploads\/2021\/09\/suno-logo.png","width":180,"height":180,"caption":"Suno Not\u00edcias"},"image":{"@id":"https:\/\/www.suno.com.br\/noticias\/#\/schema\/logo\/image\/"},"sameAs":["https:\/\/facebook.com\/sunoresearch","https:\/\/x.com\/sunoresearch","https:\/\/www.instagram.com\/suno","https:\/\/www.linkedin.com\/company\/suno-research\/","https:\/\/www.youtube.com\/c\/sunoresearch"]},{"@type":"Person","@id":"https:\/\/www.suno.com.br\/noticias\/#\/schema\/person\/02ec1f752758247878a2bf4abee1aeda","name":"Poliana Santos","image":{"@type":"ImageObject","inLanguage":"pt-BR","@id":"https:\/\/www.suno.com.br\/noticias\/#\/schema\/person\/image\/","url":"https:\/\/secure.gravatar.com\/avatar\/0645bd32f23d87b2130f2b2dff1d3f8d?s=96&r=g","contentUrl":"https:\/\/secure.gravatar.com\/avatar\/0645bd32f23d87b2130f2b2dff1d3f8d?s=96&r=g","caption":"Poliana Santos"},"description":"Rep\u00f3rter no Suno Not\u00edcias, com cobertura em mercado financeiro, economia, finan\u00e7as pessoais, renda fixa e varejo. Jornalista formada pela Faculdade C\u00e1sper L\u00edbero e possui passagem na R\u00e1dio Gazeta AM com a produ\u00e7\u00e3o de conte\u00fado sobre economia, pol\u00edtica, sa\u00fade, moda e m\u00fasica. Possui certificado de conclus\u00e3o do curso de An\u00e1lise de Balan\u00e7os pela Funda\u00e7\u00e3o Bradesco, Agenda Brasil pela FAAP, Educa\u00e7\u00e3o Pol\u00edtica por Alexandre Garcia e do Tesouro Direto e Mercado de A\u00e7\u00f5es pela B3.","url":"https:\/\/www.suno.com.br\/noticias\/author\/poliana-santos\/"}]}},"default_loop_html":"<div class=\"cardsPage__listCard__boxs\"><div class=\"cardsPage__listCard__boxs__img\"><a href=\"https:\/\/www.suno.com.br\/noticias\/boletim-focus-preve-queda-de-118-no-pib-de-2020\/\"><img class=\"mask\" src=\"https:\/\/www.suno.com.br\/noticias\/wp-content\/themes\/suno\/resources\/images\/spotlight\/spotlight1img\/bg-mask.png\" alt=\"Image Mask\"\/><img src=\"https:\/\/files.sunoresearch.com.br\/n\/uploads\/2018\/12\/a283475c-boletim-focus-400x200.webp\" alt=\"Boletim Focus prev\u00ea queda de 1,18% no PIB de 2020\"\/><\/a><span class=\"spotlightCategory\"><a href=\"https:\/\/www.suno.com.br\/noticias\/mercado\/\">Mercado<\/a><\/span><\/div><div class=\"cardsPage__listCard__boxs__content\"><a href=\"https:\/\/www.suno.com.br\/noticias\/boletim-focus-preve-queda-de-118-no-pib-de-2020\/\"><h2 class=\"content__title\">Boletim Focus prev\u00ea queda de 1,18% no PIB de 2020<\/h2><\/a><div class=\"newsContent__article__meta\"><div class=\"newsContent__article__meta__authorBox\"><a href=\"https:\/\/www.suno.com.br\/noticias\/author\/poliana-santos\/\" class=\"authorBox__avatar noMobi\"><img src=\"https:\/\/files.sunoresearch.com.br\/n\/uploads\/2020\/08\/7ef34026-whatsapp-image-2020-08-03-at-12.37.57-150x150.webp\" alt=\"Poliana Santos\"><\/a><div class=\"authorBox__name\"><span>por\n\t\t\t<a href=\"https:\/\/www.suno.com.br\/noticias\/author\/poliana-santos\/\"><span itemprop=\"author\">Poliana Santos<\/span><\/a><\/span><time datetime=\"2020-04-06T08:57:22-03:00\" itemprop=\"datePublished\">06\/04\/2020 08:57<\/time><\/div><\/div><\/div><\/div><\/div>","single_layout":"posts","amp_enabled":true,"_links":{"self":[{"href":"https:\/\/www.suno.com.br\/noticias\/wp-json\/wp\/v2\/posts\/60549"}],"collection":[{"href":"https:\/\/www.suno.com.br\/noticias\/wp-json\/wp\/v2\/posts"}],"about":[{"href":"https:\/\/www.suno.com.br\/noticias\/wp-json\/wp\/v2\/types\/post"}],"author":[{"embeddable":true,"href":"https:\/\/www.suno.com.br\/noticias\/wp-json\/wp\/v2\/users\/15"}],"replies":[{"embeddable":true,"href":"https:\/\/www.suno.com.br\/noticias\/wp-json\/wp\/v2\/comments?post=60549"}],"version-history":[{"count":0,"href":"https:\/\/www.suno.com.br\/noticias\/wp-json\/wp\/v2\/posts\/60549\/revisions"}],"wp:featuredmedia":[{"embeddable":true,"href":"https:\/\/www.suno.com.br\/noticias\/wp-json\/wp\/v2\/media\/7741"}],"wp:attachment":[{"href":"https:\/\/www.suno.com.br\/noticias\/wp-json\/wp\/v2\/media?parent=60549"}],"wp:term":[{"taxonomy":"category","embeddable":true,"href":"https:\/\/www.suno.com.br\/noticias\/wp-json\/wp\/v2\/categories?post=60549"},{"taxonomy":"post_tag","embeddable":true,"href":"https:\/\/www.suno.com.br\/noticias\/wp-json\/wp\/v2\/tags?post=60549"},{"taxonomy":"suno_strategy","embeddable":true,"href":"https:\/\/www.suno.com.br\/noticias\/wp-json\/wp\/v2\/suno_strategy?post=60549"}],"curies":[{"name":"wp","href":"https:\/\/api.w.org\/{rel}","templated":true}]}}