{"id":605386,"date":"2025-05-15T11:20:41","date_gmt":"2025-05-15T14:20:41","guid":{"rendered":"https:\/\/www.suno.com.br\/noticias\/?p=605386"},"modified":"2025-05-15T11:20:45","modified_gmt":"2025-05-15T14:20:45","slug":"varejo-ibge-marco-2025","status":"publish","type":"post","link":"https:\/\/www.suno.com.br\/noticias\/varejo-ibge-marco-2025\/","title":{"rendered":"Varejo brasileiro cresce 0,8% em mar\u00e7o, com terceira alta consecutiva"},"content":{"rendered":"<p>As vendas no <strong>varejo <\/strong>brasileiro cresceram 0,8% em mar\u00e7o, na compara\u00e7\u00e3o com fevereiro. Os dados s\u00e3o da Pesquisa Mensal de Com\u00e9rcio (PMC), divulgada nesta quinta-feira (15) pelo IBGE.<\/p>\t<div class=\"wrapper-featured-image\">\n\t\t<figure class=\"spotlightImg\">\n\n\t\t\t<picture>\n\t\t\t\t<source media=\"(max-width: 768px)\" srcset=\"https:\/\/files.sunoresearch.com.br\/n\/uploads\/2025\/05\/TRXF11-mercado-400x200.jpg\">\n\t\t\t\t<img loading=\"lazy\" decoding=\"async\" class=\"newsContent__article__imgCapa lazyloadDisabled \" src=\"https:\/\/files.sunoresearch.com.br\/n\/uploads\/2025\/05\/TRXF11-mercado-800x450.jpg\" width=\"800\" height=\"450\" alt=\"Varejo brasileiro cresce 0,8% em mar\u00e7o, com terceira alta consecutiva\" fetchpriority=high \/>\n\t\t\t<\/picture>\n\n\t\t\t<figcaption class=\"wp-caption-text wp-caption-text--show\">Foto: Pixabay<\/figcaption>\n\t\t<\/figure>\n\t<\/div>\n\n\n\n\n\n\t<p>\n\t\t<a href=\"https:\/\/lp.suno.com.br\/planilha-da-vida-financeira\/\" target=\"_blank\" data-element=\"shortcode-suno-banner\" title=\"Banner SUNO, clique e saiba mais\">\n\t\t\t<picture>\n\t\t\t\t<source media=\"(max-width: 500px)\" srcset=\"https:\/\/files.sunoresearch.com.br\/n\/uploads\/2023\/04\/400x300-Planilha-vida-financeira-true.png\">\n\t\t\t\t<img class=\"newsContent__article__imgCapa newsContent__article__imgCapa--banner\"\n\t\t\t\t\tsrc=\"https:\/\/files.sunoresearch.com.br\/n\/uploads\/2023\/04\/1420x240-Planilha-vida-financeira-true.png\"\n\t\t\t\t\tdata-promo-id=\"383123\"\t\t\t\t\t\t\t\t\t\twidth='1420' height='240'\t\t\t\t\talt=\"https:\/\/files.sunoresearch.com.br\/n\/uploads\/2023\/04\/1420x240-Planilha-vida-financeira-true.png\"\n\t\t\t\t>\n\t\t\t<\/picture>\n\t\t<\/a>\n\t<\/p>\n\n\n\n\n\n<p>\u00c9 a terceira taxa positiva seguida, levando o \u00edndice de m\u00e9dia m\u00f3vel trimestral a 0,6%, ap\u00f3s avan\u00e7o de 0,3% no trimestre encerrado em fevereiro. Seis das oito atividades investigadas na pesquisa avan\u00e7aram em mar\u00e7o. Dentre elas, os destaques foram os setores de Livros, jornais, revistas e papelaria (28,2%) e Equipamentos e material para escrit\u00f3rio, inform\u00e1tica e comunica\u00e7\u00e3o (3,0%).<\/p>\n\n\n\n<p>\u201cO setor de livros, jornais, revistas e papelaria tem experienciado nos \u00faltimos anos um m\u00eas de fevereiro com crescimento pronunciado, sobretudo por conta de vendas de livros did\u00e1ticos. No ano de 2025 esse desempenho se deslocou para mar\u00e7o, por conta de varia\u00e7\u00f5es no calend\u00e1rio escolar e nos momentos de fechamento de contratos novos\u201d, explica Cristiano Santos, gerente da Pesquisa Mensal de Com\u00e9rcio do <strong>IBGE<\/strong>.<\/p>\n\n\n\n<p>J\u00e1 os movimentos do setor de <strong>equipamentos <\/strong>e material para escrit\u00f3rio, inform\u00e1tica e comunica\u00e7\u00e3o, segundo o analista, se devem \u00e0 influ\u00eancia das oscila\u00e7\u00f5es do <a class=\"suno-keyword\" target=\"_blank\" data-force=\"no\" data-priority=\"2\" href=\"https:\/\/www.suno.com.br\/analitica\/moedas\/dolar-hoje\/\" rel=\"noopener\">d\u00f3lar<\/a>, que tem levado as empresas a esperar momentos mais adequados para a renova\u00e7\u00e3o de estoques, provocando alta volatilidade no indicador de volume.<\/p>\n\n\n\n<p>Os demais resultados positivos em mar\u00e7o vieram de Outros artigos de uso pessoal e dom\u00e9stico (1,5%), Artigos farmac\u00eauticos, m\u00e9dicos, ortop\u00e9dicos e de perfumaria (1,2%), Tecidos, vestu\u00e1rio e cal\u00e7ados (1,2%) e Hiper, supermercados, produtos&nbsp; aliment\u00edcios, bebidas e fumo (0,4%).<\/p>\n\n\n\t<p>\n\t\t<a href=\"https:\/\/lp.suno.com.br\/ebook-gratuito-investindo-no-exterior\/\" target=\"_blank\" data-element=\"shortcode-suno-banner\" title=\"Banner SUNO, clique e saiba mais\">\n\t\t\t<picture>\n\t\t\t\t<source media=\"(max-width: 500px)\" srcset=\"https:\/\/files.sunoresearch.com.br\/n\/uploads\/2023\/03\/400x300-Investindo-no-exterior.png\">\n\t\t\t\t<img class=\"newsContent__article__imgCapa newsContent__article__imgCapa--banner\"\n\t\t\t\t\tsrc=\"https:\/\/files.sunoresearch.com.br\/n\/uploads\/2023\/03\/1420x240-Investindo-no-exterior.png\"\n\t\t\t\t\tdata-promo-id=\"383161\"\t\t\t\t\t\t\t\t\t\twidth='1420' height='240'\t\t\t\t\talt=\"https:\/\/files.sunoresearch.com.br\/n\/uploads\/2023\/03\/1420x240-Investindo-no-exterior.png\"\n\t\t\t\t>\n\t\t\t<\/picture>\n\t\t<\/a>\n\t<\/p>\n\n\n\n\n\n<p>Dois dos grupamentos registraram resultados negativos: M\u00f3veis e eletrodom\u00e9sticos (-0,4%) e Combust\u00edveis e lubrificantes (-2,1%).<\/p>\n\n\n\n<p>O <strong>com\u00e9rcio varejista ampliado<\/strong> avan\u00e7ou 1,9% frente ao m\u00eas imediatamente anterior, ap\u00f3s varia\u00e7\u00e3o de -0,2% em fevereiro de 2025. Material de constru\u00e7\u00e3o registrou 0,6% de alta entre fevereiro e mar\u00e7o, e Ve\u00edculos e motos, partes e pe\u00e7as, 1,7%.<\/p>\n\n\n\n<h2 class=\"wp-block-heading\">Varejo: compara\u00e7\u00e3o anual tem queda de 1%<\/h2>\n\n\n\n<p>Em rela\u00e7\u00e3o a mar\u00e7o de 2024, o volume de vendas no <strong>com\u00e9rcio varejista<\/strong> recuou 1,0%, com cinco dos oito setores investigados em queda: Livros, jornais, revistas e papelaria (-6,9%), Outros artigos de uso pessoal e dom\u00e9stico (-6,3%), Equipamentos e material para escrit\u00f3rio, inform\u00e1tica e comunica\u00e7\u00e3o (-2,1%), Hiper, supermercados, produtos&nbsp; aliment\u00edcios, bebidas e fumo (-1,4%) e Combust\u00edveis e lubrificantes (-0,8%).<\/p>\n\n\n\n<p>Outros tr\u00eas setores apresentaram crescimento na compara\u00e7\u00e3o interanual: M\u00f3veis e eletrodom\u00e9sticos (3,3%), Artigos farmac\u00eauticos, m\u00e9dicos, ortop\u00e9dicos e de perfumaria (2,1%) e Tecidos, vestu\u00e1rio e cal\u00e7ados (1,4%).<\/p>\n\n\n\n<p>No <strong>varejo ampliado<\/strong>, na compara\u00e7\u00e3o anual, houve queda de 1,2% foi seguida pelos setores de Ve\u00edculos e motos, partes e pe\u00e7as (-2,2%) e Atacado especializado em produtos aliment\u00edcios, bebidas e fumo (-3,6%). J\u00e1 a atividade de Material de constru\u00e7\u00e3o teve alta de 5,2% nesta mesma compara\u00e7\u00e3o.<br>A PMC produz indicadores que permitem acompanhar o comportamento conjuntural do <strong>varejo<\/strong> no pa\u00eds, investigando a <a class=\"suno-keyword\" target=\"_blank\" data-force=\"no\" data-priority=\"1\" href=\"https:\/\/www.suno.com.br\/artigos\/o-que-receita-bruta\/\" rel=\"noopener\">receita bruta<\/a> de revenda nas empresas formalmente constitu\u00eddas, com 20 ou mais pessoas ocupadas, e cuja atividade principal \u00e9 o com\u00e9rcio varejista.<\/p>\n\n\n\t<p>\n\t\t<a href=\"\" target=\"_blank\" data-element=\"shortcode-suno-banner\" title=\"Banner SUNO, clique e saiba mais\">\n\t\t\t<picture>\n\t\t\t\t<source media=\"(max-width: 500px)\" srcset=\"\">\n\t\t\t\t<img class=\"newsContent__article__imgCapa newsContent__article__imgCapa--banner\"\n\t\t\t\t\tsrc=\"\"\n\t\t\t\t\tdata-promo-id=\"240038\"\t\t\t\t\t\t\t\t\t\t\t\t\t\t\talt=\"\"\n\t\t\t\t>\n\t\t\t<\/picture>\n\t\t<\/a>\n\t<\/p>\n\n\n","protected":false},"excerpt":{"rendered":"<p>As vendas no varejo brasileiro cresceram 0,8% em mar\u00e7o, na compara\u00e7\u00e3o com fevereiro. Os dados s\u00e3o da Pesquisa Mensal de Com\u00e9rcio (PMC), divulgada nesta quinta-feira (15) pelo IBGE. Foto: Pixabay \u00c9 a terceira taxa positiva seguida, levando o \u00edndice de m\u00e9dia m\u00f3vel trimestral a 0,6%, ap\u00f3s avan\u00e7o de 0,3% no trimestre encerrado em fevereiro. Seis [&hellip;]<\/p>\n","protected":false},"author":339,"featured_media":605387,"comment_status":"closed","ping_status":"closed","sticky":false,"template":"","format":"standard","meta":[],"categories":[62],"tags":[821,803],"suno_strategy":[],"class_list":["post-605386","post","type-post","status-publish","format-standard","has-post-thumbnail","hentry","category-economia","tag-ibge","tag-varejo"],"yoast_head":"<!-- This site is optimized with the Yoast SEO plugin v24.4 - https:\/\/yoast.com\/wordpress\/plugins\/seo\/ -->\n<title>Varejo brasileiro cresce 0,8% em mar\u00e7o, com 3\u00aa alta consecutiva<\/title>\n<meta name=\"description\" content=\"Varejo teve alta de 0,8% nas vendas em mar\u00e7o, na compara\u00e7\u00e3o com fevereiro. Os dados foram divulgados nesta quinta-feira (15) pelo IBGE.\" \/>\n<meta name=\"robots\" content=\"index, follow, max-snippet:-1, max-image-preview:large, max-video-preview:-1\" \/>\n<link rel=\"canonical\" href=\"https:\/\/www.suno.com.br\/noticias\/varejo-ibge-marco-2025\/\" \/>\n<meta property=\"og:locale\" content=\"pt_BR\" \/>\n<meta property=\"og:type\" content=\"article\" \/>\n<meta property=\"og:title\" content=\"Varejo brasileiro cresce 0,8% em mar\u00e7o, com 3\u00aa alta consecutiva\" \/>\n<meta property=\"og:description\" content=\"Varejo teve alta de 0,8% nas vendas em mar\u00e7o, na compara\u00e7\u00e3o com fevereiro. Os dados foram divulgados nesta quinta-feira (15) pelo IBGE.\" \/>\n<meta property=\"og:url\" content=\"https:\/\/www.suno.com.br\/noticias\/varejo-ibge-marco-2025\/\" \/>\n<meta property=\"og:site_name\" content=\"Suno Not\u00edcias\" \/>\n<meta property=\"article:publisher\" content=\"https:\/\/facebook.com\/sunoresearch\" \/>\n<meta property=\"og:image\" content=\"https:\/\/files.sunoresearch.com.br\/n\/uploads\/2025\/05\/TRXF11-mercado.jpg\" \/>\n\t<meta property=\"og:image:width\" content=\"1280\" \/>\n\t<meta property=\"og:image:height\" content=\"848\" \/>\n\t<meta property=\"og:image:type\" content=\"image\/jpeg\" \/>\n<meta name=\"author\" content=\"Fernando Cesarotti\" \/>\n<meta name=\"twitter:card\" content=\"summary_large_image\" \/>\n<meta name=\"twitter:creator\" content=\"@sunoresearch\" \/>\n<meta name=\"twitter:site\" content=\"@sunoresearch\" \/>\n<meta name=\"twitter:label1\" content=\"Escrito por\" \/>\n\t<meta name=\"twitter:data1\" content=\"Fernando Cesarotti\" \/>\n\t<meta name=\"twitter:label2\" content=\"Est. tempo de leitura\" \/>\n\t<meta name=\"twitter:data2\" content=\"3 minutos\" \/>\n<script type=\"application\/ld+json\" class=\"yoast-schema-graph\">{\"@context\":\"https:\/\/schema.org\",\"@graph\":[{\"@type\":\"NewsArticle\",\"@id\":\"https:\/\/www.suno.com.br\/noticias\/varejo-ibge-marco-2025\/#article\",\"isPartOf\":{\"@id\":\"https:\/\/www.suno.com.br\/noticias\/varejo-ibge-marco-2025\/\"},\"author\":{\"name\":\"Fernando Cesarotti\",\"@id\":\"https:\/\/www.suno.com.br\/noticias\/#\/schema\/person\/02171f82e02ec2306ed662847e114507\"},\"headline\":\"Varejo brasileiro cresce 0,8% em mar\u00e7o, com terceira alta consecutiva\",\"datePublished\":\"2025-05-15T14:20:41+00:00\",\"dateModified\":\"2025-05-15T14:20:45+00:00\",\"mainEntityOfPage\":{\"@id\":\"https:\/\/www.suno.com.br\/noticias\/varejo-ibge-marco-2025\/\"},\"wordCount\":532,\"publisher\":{\"@id\":\"https:\/\/www.suno.com.br\/noticias\/#organization\"},\"image\":{\"@id\":\"https:\/\/www.suno.com.br\/noticias\/varejo-ibge-marco-2025\/#primaryimage\"},\"thumbnailUrl\":\"https:\/\/files.sunoresearch.com.br\/n\/uploads\/2025\/05\/TRXF11-mercado.jpg\",\"keywords\":[\"IBGE\",\"varejo\"],\"articleSection\":[\"Economia\"],\"inLanguage\":\"pt-BR\"},{\"@type\":\"WebPage\",\"@id\":\"https:\/\/www.suno.com.br\/noticias\/varejo-ibge-marco-2025\/\",\"url\":\"https:\/\/www.suno.com.br\/noticias\/varejo-ibge-marco-2025\/\",\"name\":\"Varejo brasileiro cresce 0,8% em mar\u00e7o, com 3\u00aa alta consecutiva\",\"isPartOf\":{\"@id\":\"https:\/\/www.suno.com.br\/noticias\/#website\"},\"primaryImageOfPage\":{\"@id\":\"https:\/\/www.suno.com.br\/noticias\/varejo-ibge-marco-2025\/#primaryimage\"},\"image\":{\"@id\":\"https:\/\/www.suno.com.br\/noticias\/varejo-ibge-marco-2025\/#primaryimage\"},\"thumbnailUrl\":\"https:\/\/files.sunoresearch.com.br\/n\/uploads\/2025\/05\/TRXF11-mercado.jpg\",\"datePublished\":\"2025-05-15T14:20:41+00:00\",\"dateModified\":\"2025-05-15T14:20:45+00:00\",\"description\":\"Varejo teve alta de 0,8% nas vendas em mar\u00e7o, na compara\u00e7\u00e3o com fevereiro. Os dados foram divulgados nesta quinta-feira (15) pelo IBGE.\",\"breadcrumb\":{\"@id\":\"https:\/\/www.suno.com.br\/noticias\/varejo-ibge-marco-2025\/#breadcrumb\"},\"inLanguage\":\"pt-BR\",\"potentialAction\":[{\"@type\":\"ReadAction\",\"target\":[\"https:\/\/www.suno.com.br\/noticias\/varejo-ibge-marco-2025\/\"]}]},{\"@type\":\"ImageObject\",\"inLanguage\":\"pt-BR\",\"@id\":\"https:\/\/www.suno.com.br\/noticias\/varejo-ibge-marco-2025\/#primaryimage\",\"url\":\"https:\/\/files.sunoresearch.com.br\/n\/uploads\/2025\/05\/TRXF11-mercado.jpg\",\"contentUrl\":\"https:\/\/files.sunoresearch.com.br\/n\/uploads\/2025\/05\/TRXF11-mercado.jpg\",\"width\":1280,\"height\":848,\"caption\":\"Foto: Pixabay\"},{\"@type\":\"BreadcrumbList\",\"@id\":\"https:\/\/www.suno.com.br\/noticias\/varejo-ibge-marco-2025\/#breadcrumb\",\"itemListElement\":[{\"@type\":\"ListItem\",\"position\":1,\"name\":\"Not\u00edcias\",\"item\":\"https:\/\/www.suno.com.br\/noticias\/\"},{\"@type\":\"ListItem\",\"position\":2,\"name\":\"Economia\",\"item\":\"https:\/\/www.suno.com.br\/noticias\/economia\/\"},{\"@type\":\"ListItem\",\"position\":3,\"name\":\"Varejo brasileiro cresce 0,8% em mar\u00e7o, com terceira alta consecutiva\"}]},{\"@type\":\"WebSite\",\"@id\":\"https:\/\/www.suno.com.br\/noticias\/#website\",\"url\":\"https:\/\/www.suno.com.br\/noticias\/\",\"name\":\"Suno Not\u00edcias\",\"description\":\"Seu portal de informa\u00e7\u00e3o sobre o mundo dos investimentos\",\"publisher\":{\"@id\":\"https:\/\/www.suno.com.br\/noticias\/#organization\"},\"potentialAction\":[{\"@type\":\"SearchAction\",\"target\":{\"@type\":\"EntryPoint\",\"urlTemplate\":\"https:\/\/www.suno.com.br\/noticias\/?s={search_term_string}\"},\"query-input\":{\"@type\":\"PropertyValueSpecification\",\"valueRequired\":true,\"valueName\":\"search_term_string\"}}],\"inLanguage\":\"pt-BR\"},{\"@type\":\"Organization\",\"@id\":\"https:\/\/www.suno.com.br\/noticias\/#organization\",\"name\":\"Suno Not\u00edcias\",\"url\":\"https:\/\/www.suno.com.br\/noticias\/\",\"logo\":{\"@type\":\"ImageObject\",\"inLanguage\":\"pt-BR\",\"@id\":\"https:\/\/www.suno.com.br\/noticias\/#\/schema\/logo\/image\/\",\"url\":\"https:\/\/files.sunoresearch.com.br\/n\/uploads\/2021\/09\/suno-logo.png\",\"contentUrl\":\"https:\/\/files.sunoresearch.com.br\/n\/uploads\/2021\/09\/suno-logo.png\",\"width\":180,\"height\":180,\"caption\":\"Suno Not\u00edcias\"},\"image\":{\"@id\":\"https:\/\/www.suno.com.br\/noticias\/#\/schema\/logo\/image\/\"},\"sameAs\":[\"https:\/\/facebook.com\/sunoresearch\",\"https:\/\/x.com\/sunoresearch\",\"https:\/\/www.instagram.com\/suno\",\"https:\/\/www.linkedin.com\/company\/suno-research\/\",\"https:\/\/www.youtube.com\/c\/sunoresearch\"]},{\"@type\":\"Person\",\"@id\":\"https:\/\/www.suno.com.br\/noticias\/#\/schema\/person\/02171f82e02ec2306ed662847e114507\",\"name\":\"Fernando Cesarotti\",\"image\":{\"@type\":\"ImageObject\",\"inLanguage\":\"pt-BR\",\"@id\":\"https:\/\/www.suno.com.br\/noticias\/#\/schema\/person\/image\/\",\"url\":\"https:\/\/secure.gravatar.com\/avatar\/fc3a37e1dd6249fd3cfdc1702d00d404?s=96&r=g\",\"contentUrl\":\"https:\/\/secure.gravatar.com\/avatar\/fc3a37e1dd6249fd3cfdc1702d00d404?s=96&r=g\",\"caption\":\"Fernando Cesarotti\"},\"description\":\"Jornalista, editor do FIIs.com.br. Graduado pela Unesp, com p\u00f3s-gradua\u00e7\u00e3o em Jornalismo Liter\u00e1rio, com mais de 20 anos de experi\u00eancia em coberturas de economia, pol\u00edtica e esportes. Passagem tamb\u00e9m pelo meio acad\u00eamico, como professor universit\u00e1rio em cursos de Comunica\u00e7\u00e3o e l\u00edder de empresa j\u00fanior.\",\"url\":\"https:\/\/www.suno.com.br\/noticias\/author\/fcesarottigmail-com\/\"}]}<\/script>\n<!-- \/ Yoast SEO plugin. -->","yoast_head_json":{"title":"Varejo brasileiro cresce 0,8% em mar\u00e7o, com 3\u00aa alta consecutiva","description":"Varejo teve alta de 0,8% nas vendas em mar\u00e7o, na compara\u00e7\u00e3o com fevereiro. Os dados foram divulgados nesta quinta-feira (15) pelo IBGE.","robots":{"index":"index","follow":"follow","max-snippet":"max-snippet:-1","max-image-preview":"max-image-preview:large","max-video-preview":"max-video-preview:-1"},"canonical":"https:\/\/www.suno.com.br\/noticias\/varejo-ibge-marco-2025\/","og_locale":"pt_BR","og_type":"article","og_title":"Varejo brasileiro cresce 0,8% em mar\u00e7o, com 3\u00aa alta consecutiva","og_description":"Varejo teve alta de 0,8% nas vendas em mar\u00e7o, na compara\u00e7\u00e3o com fevereiro. Os dados foram divulgados nesta quinta-feira (15) pelo IBGE.","og_url":"https:\/\/www.suno.com.br\/noticias\/varejo-ibge-marco-2025\/","og_site_name":"Suno Not\u00edcias","article_publisher":"https:\/\/facebook.com\/sunoresearch","og_image":[{"width":1280,"height":848,"url":"https:\/\/files.sunoresearch.com.br\/n\/uploads\/2025\/05\/TRXF11-mercado.jpg","type":"image\/jpeg"}],"author":"Fernando Cesarotti","twitter_card":"summary_large_image","twitter_creator":"@sunoresearch","twitter_site":"@sunoresearch","twitter_misc":{"Escrito por":"Fernando Cesarotti","Est. tempo de leitura":"3 minutos"},"schema":{"@context":"https:\/\/schema.org","@graph":[{"@type":"NewsArticle","@id":"https:\/\/www.suno.com.br\/noticias\/varejo-ibge-marco-2025\/#article","isPartOf":{"@id":"https:\/\/www.suno.com.br\/noticias\/varejo-ibge-marco-2025\/"},"author":{"name":"Fernando Cesarotti","@id":"https:\/\/www.suno.com.br\/noticias\/#\/schema\/person\/02171f82e02ec2306ed662847e114507"},"headline":"Varejo brasileiro cresce 0,8% em mar\u00e7o, com terceira alta consecutiva","datePublished":"2025-05-15T14:20:41+00:00","dateModified":"2025-05-15T14:20:45+00:00","mainEntityOfPage":{"@id":"https:\/\/www.suno.com.br\/noticias\/varejo-ibge-marco-2025\/"},"wordCount":532,"publisher":{"@id":"https:\/\/www.suno.com.br\/noticias\/#organization"},"image":{"@id":"https:\/\/www.suno.com.br\/noticias\/varejo-ibge-marco-2025\/#primaryimage"},"thumbnailUrl":"https:\/\/files.sunoresearch.com.br\/n\/uploads\/2025\/05\/TRXF11-mercado.jpg","keywords":["IBGE","varejo"],"articleSection":["Economia"],"inLanguage":"pt-BR"},{"@type":"WebPage","@id":"https:\/\/www.suno.com.br\/noticias\/varejo-ibge-marco-2025\/","url":"https:\/\/www.suno.com.br\/noticias\/varejo-ibge-marco-2025\/","name":"Varejo brasileiro cresce 0,8% em mar\u00e7o, com 3\u00aa alta consecutiva","isPartOf":{"@id":"https:\/\/www.suno.com.br\/noticias\/#website"},"primaryImageOfPage":{"@id":"https:\/\/www.suno.com.br\/noticias\/varejo-ibge-marco-2025\/#primaryimage"},"image":{"@id":"https:\/\/www.suno.com.br\/noticias\/varejo-ibge-marco-2025\/#primaryimage"},"thumbnailUrl":"https:\/\/files.sunoresearch.com.br\/n\/uploads\/2025\/05\/TRXF11-mercado.jpg","datePublished":"2025-05-15T14:20:41+00:00","dateModified":"2025-05-15T14:20:45+00:00","description":"Varejo teve alta de 0,8% nas vendas em mar\u00e7o, na compara\u00e7\u00e3o com fevereiro. Os dados foram divulgados nesta quinta-feira (15) pelo IBGE.","breadcrumb":{"@id":"https:\/\/www.suno.com.br\/noticias\/varejo-ibge-marco-2025\/#breadcrumb"},"inLanguage":"pt-BR","potentialAction":[{"@type":"ReadAction","target":["https:\/\/www.suno.com.br\/noticias\/varejo-ibge-marco-2025\/"]}]},{"@type":"ImageObject","inLanguage":"pt-BR","@id":"https:\/\/www.suno.com.br\/noticias\/varejo-ibge-marco-2025\/#primaryimage","url":"https:\/\/files.sunoresearch.com.br\/n\/uploads\/2025\/05\/TRXF11-mercado.jpg","contentUrl":"https:\/\/files.sunoresearch.com.br\/n\/uploads\/2025\/05\/TRXF11-mercado.jpg","width":1280,"height":848,"caption":"Foto: Pixabay"},{"@type":"BreadcrumbList","@id":"https:\/\/www.suno.com.br\/noticias\/varejo-ibge-marco-2025\/#breadcrumb","itemListElement":[{"@type":"ListItem","position":1,"name":"Not\u00edcias","item":"https:\/\/www.suno.com.br\/noticias\/"},{"@type":"ListItem","position":2,"name":"Economia","item":"https:\/\/www.suno.com.br\/noticias\/economia\/"},{"@type":"ListItem","position":3,"name":"Varejo brasileiro cresce 0,8% em mar\u00e7o, com terceira alta consecutiva"}]},{"@type":"WebSite","@id":"https:\/\/www.suno.com.br\/noticias\/#website","url":"https:\/\/www.suno.com.br\/noticias\/","name":"Suno Not\u00edcias","description":"Seu portal de informa\u00e7\u00e3o sobre o mundo dos investimentos","publisher":{"@id":"https:\/\/www.suno.com.br\/noticias\/#organization"},"potentialAction":[{"@type":"SearchAction","target":{"@type":"EntryPoint","urlTemplate":"https:\/\/www.suno.com.br\/noticias\/?s={search_term_string}"},"query-input":{"@type":"PropertyValueSpecification","valueRequired":true,"valueName":"search_term_string"}}],"inLanguage":"pt-BR"},{"@type":"Organization","@id":"https:\/\/www.suno.com.br\/noticias\/#organization","name":"Suno Not\u00edcias","url":"https:\/\/www.suno.com.br\/noticias\/","logo":{"@type":"ImageObject","inLanguage":"pt-BR","@id":"https:\/\/www.suno.com.br\/noticias\/#\/schema\/logo\/image\/","url":"https:\/\/files.sunoresearch.com.br\/n\/uploads\/2021\/09\/suno-logo.png","contentUrl":"https:\/\/files.sunoresearch.com.br\/n\/uploads\/2021\/09\/suno-logo.png","width":180,"height":180,"caption":"Suno Not\u00edcias"},"image":{"@id":"https:\/\/www.suno.com.br\/noticias\/#\/schema\/logo\/image\/"},"sameAs":["https:\/\/facebook.com\/sunoresearch","https:\/\/x.com\/sunoresearch","https:\/\/www.instagram.com\/suno","https:\/\/www.linkedin.com\/company\/suno-research\/","https:\/\/www.youtube.com\/c\/sunoresearch"]},{"@type":"Person","@id":"https:\/\/www.suno.com.br\/noticias\/#\/schema\/person\/02171f82e02ec2306ed662847e114507","name":"Fernando Cesarotti","image":{"@type":"ImageObject","inLanguage":"pt-BR","@id":"https:\/\/www.suno.com.br\/noticias\/#\/schema\/person\/image\/","url":"https:\/\/secure.gravatar.com\/avatar\/fc3a37e1dd6249fd3cfdc1702d00d404?s=96&r=g","contentUrl":"https:\/\/secure.gravatar.com\/avatar\/fc3a37e1dd6249fd3cfdc1702d00d404?s=96&r=g","caption":"Fernando Cesarotti"},"description":"Jornalista, editor do FIIs.com.br. Graduado pela Unesp, com p\u00f3s-gradua\u00e7\u00e3o em Jornalismo Liter\u00e1rio, com mais de 20 anos de experi\u00eancia em coberturas de economia, pol\u00edtica e esportes. Passagem tamb\u00e9m pelo meio acad\u00eamico, como professor universit\u00e1rio em cursos de Comunica\u00e7\u00e3o e l\u00edder de empresa j\u00fanior.","url":"https:\/\/www.suno.com.br\/noticias\/author\/fcesarottigmail-com\/"}]}},"default_loop_html":"<div class=\"cardsPage__listCard__boxs\"><div class=\"cardsPage__listCard__boxs__img\"><a href=\"https:\/\/www.suno.com.br\/noticias\/varejo-ibge-marco-2025\/\"><img class=\"mask\" src=\"https:\/\/www.suno.com.br\/noticias\/wp-content\/themes\/suno\/resources\/images\/spotlight\/spotlight1img\/bg-mask.png\" alt=\"Image Mask\"\/><img src=\"https:\/\/files.sunoresearch.com.br\/n\/uploads\/2025\/05\/TRXF11-mercado-400x200.jpg\" alt=\"Varejo brasileiro cresce 0,8% em mar\u00e7o, com terceira alta consecutiva\"\/><\/a><span class=\"spotlightCategory\"><a href=\"https:\/\/www.suno.com.br\/noticias\/economia\/\">Economia<\/a><\/span><\/div><div class=\"cardsPage__listCard__boxs__content\"><a href=\"https:\/\/www.suno.com.br\/noticias\/varejo-ibge-marco-2025\/\"><h2 class=\"content__title\">Varejo brasileiro cresce 0,8% em mar\u00e7o, com terceira alta consecutiva<\/h2><\/a><div class=\"newsContent__article__meta\"><div class=\"newsContent__article__meta__authorBox\"><a href=\"https:\/\/www.suno.com.br\/noticias\/author\/fcesarottigmail-com\/\" class=\"authorBox__avatar noMobi\"><img src=\"https:\/\/files.sunoresearch.com.br\/n\/uploads\/2024\/02\/perfil-150x150.jpg\" alt=\"Fernando Cesarotti\"><\/a><div class=\"authorBox__name\"><span>por\n\t\t\t<a href=\"https:\/\/www.suno.com.br\/noticias\/author\/fcesarottigmail-com\/\"><span itemprop=\"author\">Fernando Cesarotti<\/span><\/a><\/span><time datetime=\"2025-05-15T11:20:41-03:00\" itemprop=\"datePublished\">15\/05\/2025 11:20<\/time><\/div><\/div><\/div><\/div><\/div>","single_layout":"posts","amp_enabled":true,"_links":{"self":[{"href":"https:\/\/www.suno.com.br\/noticias\/wp-json\/wp\/v2\/posts\/605386"}],"collection":[{"href":"https:\/\/www.suno.com.br\/noticias\/wp-json\/wp\/v2\/posts"}],"about":[{"href":"https:\/\/www.suno.com.br\/noticias\/wp-json\/wp\/v2\/types\/post"}],"author":[{"embeddable":true,"href":"https:\/\/www.suno.com.br\/noticias\/wp-json\/wp\/v2\/users\/339"}],"replies":[{"embeddable":true,"href":"https:\/\/www.suno.com.br\/noticias\/wp-json\/wp\/v2\/comments?post=605386"}],"version-history":[{"count":1,"href":"https:\/\/www.suno.com.br\/noticias\/wp-json\/wp\/v2\/posts\/605386\/revisions"}],"predecessor-version":[{"id":605388,"href":"https:\/\/www.suno.com.br\/noticias\/wp-json\/wp\/v2\/posts\/605386\/revisions\/605388"}],"wp:featuredmedia":[{"embeddable":true,"href":"https:\/\/www.suno.com.br\/noticias\/wp-json\/wp\/v2\/media\/605387"}],"wp:attachment":[{"href":"https:\/\/www.suno.com.br\/noticias\/wp-json\/wp\/v2\/media?parent=605386"}],"wp:term":[{"taxonomy":"category","embeddable":true,"href":"https:\/\/www.suno.com.br\/noticias\/wp-json\/wp\/v2\/categories?post=605386"},{"taxonomy":"post_tag","embeddable":true,"href":"https:\/\/www.suno.com.br\/noticias\/wp-json\/wp\/v2\/tags?post=605386"},{"taxonomy":"suno_strategy","embeddable":true,"href":"https:\/\/www.suno.com.br\/noticias\/wp-json\/wp\/v2\/suno_strategy?post=605386"}],"curies":[{"name":"wp","href":"https:\/\/api.w.org\/{rel}","templated":true}]}}