{"id":605138,"date":"2025-05-14T10:29:14","date_gmt":"2025-05-14T13:29:14","guid":{"rendered":"https:\/\/www.suno.com.br\/noticias\/?p=605138"},"modified":"2025-05-14T11:06:37","modified_gmt":"2025-05-14T14:06:37","slug":"china-acordos-credito-america-latina","status":"publish","type":"post","link":"https:\/\/www.suno.com.br\/noticias\/china-acordos-credito-america-latina\/","title":{"rendered":"China fecha acordos de coopera\u00e7\u00e3o e promete fundos de cr\u00e9dito para pa\u00edses latino-americanos"},"content":{"rendered":"<p>A C\u00fapula de Estados Latino-Americanos e Caribenhos (Celac) e a <strong>China <\/strong>assinaram um plano de a\u00e7\u00e3o ap\u00f3s reuni\u00e3o em Pequim. No documento, divulgado pelo Itamaraty, foram definidos acordos de coopera\u00e7\u00e3o em diversos setores econ\u00f4micos.<\/p>\t<div class=\"wrapper-featured-image\">\n\t\t<figure class=\"spotlightImg\">\n\n\t\t\t<picture>\n\t\t\t\t<source media=\"(max-width: 768px)\" srcset=\"https:\/\/files.sunoresearch.com.br\/n\/uploads\/2025\/05\/China-Brasil-negociacoes-400x200.jpeg\">\n\t\t\t\t<img loading=\"lazy\" decoding=\"async\" class=\"newsContent__article__imgCapa lazyloadDisabled \" src=\"https:\/\/files.sunoresearch.com.br\/n\/uploads\/2025\/05\/China-Brasil-negociacoes-800x450.jpeg\" width=\"800\" height=\"450\" alt=\"China fecha acordos de coopera\u00e7\u00e3o e promete fundos de cr\u00e9dito para pa\u00edses latino-americanos\" fetchpriority=high \/>\n\t\t\t<\/picture>\n\n\t\t\t<figcaption class=\"wp-caption-text wp-caption-text--show\">Mesa de negocia\u00e7\u00f5es entre brasileiros e chineses em Pequim - Foto: Yue Yuewe\/Xinhua<\/figcaption>\n\t\t<\/figure>\n\t<\/div>\n\n\n\n\n\n\t<p>\n\t\t<a href=\"https:\/\/lp.suno.com.br\/planilha-da-vida-financeira\/\" target=\"_blank\" data-element=\"shortcode-suno-banner\" title=\"Banner SUNO, clique e saiba mais\">\n\t\t\t<picture>\n\t\t\t\t<source media=\"(max-width: 500px)\" srcset=\"https:\/\/files.sunoresearch.com.br\/n\/uploads\/2023\/04\/400x300-Planilha-vida-financeira-true.png\">\n\t\t\t\t<img class=\"newsContent__article__imgCapa newsContent__article__imgCapa--banner\"\n\t\t\t\t\tsrc=\"https:\/\/files.sunoresearch.com.br\/n\/uploads\/2023\/04\/1420x240-Planilha-vida-financeira-true.png\"\n\t\t\t\t\tdata-promo-id=\"383123\"\t\t\t\t\t\t\t\t\t\twidth='1420' height='240'\t\t\t\t\talt=\"https:\/\/files.sunoresearch.com.br\/n\/uploads\/2023\/04\/1420x240-Planilha-vida-financeira-true.png\"\n\t\t\t\t>\n\t\t\t<\/picture>\n\t\t<\/a>\n\t<\/p>\n\n\n\n\n\n<p>Segundo o acordo, a China se comprometeu a enviar <strong>fundos de cr\u00e9dito<\/strong> estimados em 66 bilh\u00f5es de yuans, o equivalente a R$ 51 bilh\u00f5es na cota\u00e7\u00e3o atual da moeda chinesa, para os pa\u00edses que integram a Celac. O pa\u00eds tamb\u00e9m oferecer\u00e1 3,5 mil bolsas de estudo e 10 mil oportunidades de treinamento entre 2025 e 2027.<\/p>\n\n\n\n<p>Os setores que devem ser beneficiados pelos acordos de coopera\u00e7\u00e3o s\u00e3o sa\u00fade, infraestrutura de transportes, agropecu\u00e1ria, ind\u00fastria sustent\u00e1vel, tecnologia da informa\u00e7\u00e3o, energia, cinema e telecomunica\u00e7\u00f5es. As na\u00e7\u00f5es tamb\u00e9m prometeram se unir para promover inova\u00e7\u00e3o cient\u00edfica e tecnol\u00f3gica.<\/p>\n\n\n\n<p>Tamb\u00e9m foi firmada uma parceria para combater as mudan\u00e7as clim\u00e1ticas, al\u00e9m de crimes como terrorismo, corrup\u00e7\u00e3o, tr\u00e1fico de animais, drogas e pessoas e o garimpo ilegal. Os pa\u00edses ainda v\u00e3o organizar uma oficina que vai priorizar a discuss\u00e3o de estrat\u00e9gias para a erradica\u00e7\u00e3o da pobreza.<\/p>\n\n\n\n<p>Os pa\u00edses se comprometeram, ainda, em coordenar a\u00e7\u00f5es que busquem aprofundar a coopera\u00e7\u00e3o financeira entre a China e a Celac. Foi definido tamb\u00e9m que as na\u00e7\u00f5es v\u00e3o refor\u00e7ar, na <a class=\"suno-keyword\" target=\"_blank\" data-force=\"no\" data-priority=\"1\" href=\"https:\/\/www.suno.com.br\/artigos\/omc-organizacao-mundial-do-comercio\/\" rel=\"noopener\">Organiza\u00e7\u00e3o Mundial do Com\u00e9rcio<\/a> (<strong>OMC<\/strong>), a defesa conjunta de um sistema multilateral baseado em &#8220;regras justas, razo\u00e1veis e transparentes&#8221; para o com\u00e9rcio exterior.<\/p>\n\n\n\n<h2 class=\"wp-block-heading\">China e EUA: Lula celebra negocia\u00e7\u00e3o de tarifas<\/h2>\n\n\n\n<p>Em fala na noite desta ter\u00e7a, pelo hor\u00e1rio brasileiro, manh\u00e3 de quarta-feira (14) em Pequim, o presidente Luiz In\u00e1cio Lula da Silva elogiou o acordo para redu\u00e7\u00e3o de tarifas comerciais anunciado na segunda-feira (12) entre China e Estados Unidos, ap\u00f3s rodada de negocia\u00e7\u00e3o reunindo representantes os dois pa\u00edses, realizada na Su\u00ed\u00e7a.<\/p>\n\n\n\n<p>&#8220;O acordo entre EUA e China \u00e9 uma demonstra\u00e7\u00e3o, pura e simplesmente, de que tudo seria mais f\u00e1cil se antes de anunciar de forma unilateral as taxa\u00e7\u00f5es, os EUA tivessem conversado com a China. Seria muito mais f\u00e1cil, muito mais simples e muito menos penoso para o mundo. \u00c9 uma demonstra\u00e7\u00e3o de que tarda, mas n\u00e3o falha. A sabedoria leva a gente sempre \u00e0 mesa de negocia\u00e7\u00e3o&#8221;, disse Lula.<\/p>\n\n\n\n<p>O presidente brasileiro cumpriu visita oficial nos \u00faltimos dias em Pequim e defendeu a volta da OMC como principal mecanismo para discuss\u00e3o de tarifas comerciais.&nbsp;Aproveitou para enfatizar a import\u00e2ncia de organismos multilaterais de governan\u00e7a global para enfrentar desafios como o combate ao aquecimento global.<\/p>\n\n\n\n<p>&#8220;Se n\u00e3o tiver a ONU [Organiza\u00e7\u00e3o das Na\u00e7\u00f5es Unidas] com for\u00e7a, a quest\u00e3o clim\u00e1tica vai ser tratada de forma secund\u00e1ria. N\u00e3o adianta tomar decis\u00e3o nas COPs [confer\u00eancias do clima da ONU], se depois voc\u00ea n\u00e3o tem uma inst\u00e2ncia de governan\u00e7a mundial que obriga a execu\u00e7\u00e3o. Isso vai cansando, porque voc\u00ea toma decis\u00e3o e n\u00e3o acontece nada. Chega um dia e desanima&#8221;, pontuou.<\/p>\n\n\n\n<p class=\"newsProviderSignature\"><em>Com Estad\u00e3o Conte\u00fado e Ag\u00eancia Brasil<\/em><\/p>\n\n\n\t<p>\n\t\t<a href=\"\" target=\"_blank\" data-element=\"shortcode-suno-banner\" title=\"Banner SUNO, clique e saiba mais\">\n\t\t\t<picture>\n\t\t\t\t<source media=\"(max-width: 500px)\" srcset=\"\">\n\t\t\t\t<img class=\"newsContent__article__imgCapa newsContent__article__imgCapa--banner\"\n\t\t\t\t\tsrc=\"\"\n\t\t\t\t\tdata-promo-id=\"89005\"\t\t\t\t\t\t\t\t\t\t\t\t\t\t\talt=\"\"\n\t\t\t\t>\n\t\t\t<\/picture>\n\t\t<\/a>\n\t<\/p>\n\n\n","protected":false},"excerpt":{"rendered":"<p>A C\u00fapula de Estados Latino-Americanos e Caribenhos (Celac) e a China assinaram um plano de a\u00e7\u00e3o ap\u00f3s reuni\u00e3o em Pequim. No documento, divulgado pelo Itamaraty, foram definidos acordos de coopera\u00e7\u00e3o em diversos setores econ\u00f4micos. Mesa de negocia\u00e7\u00f5es entre brasileiros e chineses em Pequim &#8211; Foto: Yue Yuewe\/Xinhua Segundo o acordo, a China se comprometeu a [&hellip;]<\/p>\n","protected":false},"author":43,"featured_media":605190,"comment_status":"closed","ping_status":"closed","sticky":false,"template":"","format":"standard","meta":[],"categories":[61],"tags":[986,711],"suno_strategy":[],"class_list":["post-605138","post","type-post","status-publish","format-standard","has-post-thumbnail","hentry","category-politica","tag-america-latina","tag-china"],"yoast_head":"<!-- This site is optimized with the Yoast SEO plugin v24.4 - https:\/\/yoast.com\/wordpress\/plugins\/seo\/ -->\n<title>China fecha acordos e promete cr\u00e9dito para latino-americanos<\/title>\n<meta name=\"description\" content=\"China e Celac assinaram plano de a\u00e7\u00e3o com acordos de coopera\u00e7\u00e3o em diversos setores econ\u00f4micos e promessa de fundos de cr\u00e9dito.\" \/>\n<meta name=\"robots\" content=\"index, follow, max-snippet:-1, max-image-preview:large, max-video-preview:-1\" \/>\n<link rel=\"canonical\" href=\"https:\/\/www.suno.com.br\/noticias\/china-acordos-credito-america-latina\/\" \/>\n<meta property=\"og:locale\" content=\"pt_BR\" \/>\n<meta property=\"og:type\" content=\"article\" \/>\n<meta property=\"og:title\" content=\"China fecha acordos e promete cr\u00e9dito para latino-americanos\" \/>\n<meta property=\"og:description\" content=\"China e Celac assinaram plano de a\u00e7\u00e3o com acordos de coopera\u00e7\u00e3o em diversos setores econ\u00f4micos e promessa de fundos de cr\u00e9dito.\" \/>\n<meta property=\"og:url\" content=\"https:\/\/www.suno.com.br\/noticias\/china-acordos-credito-america-latina\/\" \/>\n<meta property=\"og:site_name\" content=\"Suno Not\u00edcias\" \/>\n<meta property=\"article:publisher\" content=\"https:\/\/facebook.com\/sunoresearch\" \/>\n<meta property=\"article:author\" content=\"https:\/\/www.facebook.com\/sunonoticias\/\" \/>\n<meta property=\"og:image\" content=\"https:\/\/files.sunoresearch.com.br\/n\/uploads\/2025\/05\/China-Brasil-negociacoes.jpeg\" \/>\n\t<meta property=\"og:image:width\" content=\"1024\" \/>\n\t<meta property=\"og:image:height\" content=\"683\" \/>\n\t<meta property=\"og:image:type\" content=\"image\/jpeg\" \/>\n<meta name=\"author\" content=\"Reda\u00e7\u00e3o Suno Not\u00edcias\" \/>\n<meta name=\"twitter:card\" content=\"summary_large_image\" \/>\n<meta name=\"twitter:creator\" content=\"@https:\/\/twitter.com\/sunoresearch\" \/>\n<meta name=\"twitter:site\" content=\"@sunoresearch\" \/>\n<meta name=\"twitter:label1\" content=\"Escrito por\" \/>\n\t<meta name=\"twitter:data1\" content=\"Reda\u00e7\u00e3o Suno Not\u00edcias\" \/>\n\t<meta name=\"twitter:label2\" content=\"Est. tempo de leitura\" \/>\n\t<meta name=\"twitter:data2\" content=\"3 minutos\" \/>\n<script type=\"application\/ld+json\" class=\"yoast-schema-graph\">{\"@context\":\"https:\/\/schema.org\",\"@graph\":[{\"@type\":\"NewsArticle\",\"@id\":\"https:\/\/www.suno.com.br\/noticias\/china-acordos-credito-america-latina\/#article\",\"isPartOf\":{\"@id\":\"https:\/\/www.suno.com.br\/noticias\/china-acordos-credito-america-latina\/\"},\"author\":{\"name\":\"Reda\u00e7\u00e3o Suno Not\u00edcias\",\"@id\":\"https:\/\/www.suno.com.br\/noticias\/#\/schema\/person\/c1b1bd3727fa852bd045e9dbff3673ea\"},\"headline\":\"China fecha acordos de coopera\u00e7\u00e3o e promete fundos de cr\u00e9dito para pa\u00edses latino-americanos\",\"datePublished\":\"2025-05-14T13:29:14+00:00\",\"dateModified\":\"2025-05-14T14:06:37+00:00\",\"mainEntityOfPage\":{\"@id\":\"https:\/\/www.suno.com.br\/noticias\/china-acordos-credito-america-latina\/\"},\"wordCount\":563,\"publisher\":{\"@id\":\"https:\/\/www.suno.com.br\/noticias\/#organization\"},\"image\":{\"@id\":\"https:\/\/www.suno.com.br\/noticias\/china-acordos-credito-america-latina\/#primaryimage\"},\"thumbnailUrl\":\"https:\/\/files.sunoresearch.com.br\/n\/uploads\/2025\/05\/China-Brasil-negociacoes.jpeg\",\"keywords\":[\"Am\u00e9rica Latina\",\"China\"],\"articleSection\":[\"Pol\u00edtica\"],\"inLanguage\":\"pt-BR\"},{\"@type\":\"WebPage\",\"@id\":\"https:\/\/www.suno.com.br\/noticias\/china-acordos-credito-america-latina\/\",\"url\":\"https:\/\/www.suno.com.br\/noticias\/china-acordos-credito-america-latina\/\",\"name\":\"China fecha acordos e promete cr\u00e9dito para latino-americanos\",\"isPartOf\":{\"@id\":\"https:\/\/www.suno.com.br\/noticias\/#website\"},\"primaryImageOfPage\":{\"@id\":\"https:\/\/www.suno.com.br\/noticias\/china-acordos-credito-america-latina\/#primaryimage\"},\"image\":{\"@id\":\"https:\/\/www.suno.com.br\/noticias\/china-acordos-credito-america-latina\/#primaryimage\"},\"thumbnailUrl\":\"https:\/\/files.sunoresearch.com.br\/n\/uploads\/2025\/05\/China-Brasil-negociacoes.jpeg\",\"datePublished\":\"2025-05-14T13:29:14+00:00\",\"dateModified\":\"2025-05-14T14:06:37+00:00\",\"description\":\"China e Celac assinaram plano de a\u00e7\u00e3o com acordos de coopera\u00e7\u00e3o em diversos setores econ\u00f4micos e promessa de fundos de cr\u00e9dito.\",\"breadcrumb\":{\"@id\":\"https:\/\/www.suno.com.br\/noticias\/china-acordos-credito-america-latina\/#breadcrumb\"},\"inLanguage\":\"pt-BR\",\"potentialAction\":[{\"@type\":\"ReadAction\",\"target\":[\"https:\/\/www.suno.com.br\/noticias\/china-acordos-credito-america-latina\/\"]}]},{\"@type\":\"ImageObject\",\"inLanguage\":\"pt-BR\",\"@id\":\"https:\/\/www.suno.com.br\/noticias\/china-acordos-credito-america-latina\/#primaryimage\",\"url\":\"https:\/\/files.sunoresearch.com.br\/n\/uploads\/2025\/05\/China-Brasil-negociacoes.jpeg\",\"contentUrl\":\"https:\/\/files.sunoresearch.com.br\/n\/uploads\/2025\/05\/China-Brasil-negociacoes.jpeg\",\"width\":1024,\"height\":683,\"caption\":\"Mesa de negocia\u00e7\u00f5es entre brasileiros e chineses em Pequim - Foto: Yue Yuewe\/Xinhua\"},{\"@type\":\"BreadcrumbList\",\"@id\":\"https:\/\/www.suno.com.br\/noticias\/china-acordos-credito-america-latina\/#breadcrumb\",\"itemListElement\":[{\"@type\":\"ListItem\",\"position\":1,\"name\":\"Not\u00edcias\",\"item\":\"https:\/\/www.suno.com.br\/noticias\/\"},{\"@type\":\"ListItem\",\"position\":2,\"name\":\"Pol\u00edtica\",\"item\":\"https:\/\/www.suno.com.br\/noticias\/politica\/\"},{\"@type\":\"ListItem\",\"position\":3,\"name\":\"China fecha acordos de coopera\u00e7\u00e3o e promete fundos de cr\u00e9dito para pa\u00edses latino-americanos\"}]},{\"@type\":\"WebSite\",\"@id\":\"https:\/\/www.suno.com.br\/noticias\/#website\",\"url\":\"https:\/\/www.suno.com.br\/noticias\/\",\"name\":\"Suno Not\u00edcias\",\"description\":\"Seu portal de informa\u00e7\u00e3o sobre o mundo dos investimentos\",\"publisher\":{\"@id\":\"https:\/\/www.suno.com.br\/noticias\/#organization\"},\"potentialAction\":[{\"@type\":\"SearchAction\",\"target\":{\"@type\":\"EntryPoint\",\"urlTemplate\":\"https:\/\/www.suno.com.br\/noticias\/?s={search_term_string}\"},\"query-input\":{\"@type\":\"PropertyValueSpecification\",\"valueRequired\":true,\"valueName\":\"search_term_string\"}}],\"inLanguage\":\"pt-BR\"},{\"@type\":\"Organization\",\"@id\":\"https:\/\/www.suno.com.br\/noticias\/#organization\",\"name\":\"Suno Not\u00edcias\",\"url\":\"https:\/\/www.suno.com.br\/noticias\/\",\"logo\":{\"@type\":\"ImageObject\",\"inLanguage\":\"pt-BR\",\"@id\":\"https:\/\/www.suno.com.br\/noticias\/#\/schema\/logo\/image\/\",\"url\":\"https:\/\/files.sunoresearch.com.br\/n\/uploads\/2021\/09\/suno-logo.png\",\"contentUrl\":\"https:\/\/files.sunoresearch.com.br\/n\/uploads\/2021\/09\/suno-logo.png\",\"width\":180,\"height\":180,\"caption\":\"Suno Not\u00edcias\"},\"image\":{\"@id\":\"https:\/\/www.suno.com.br\/noticias\/#\/schema\/logo\/image\/\"},\"sameAs\":[\"https:\/\/facebook.com\/sunoresearch\",\"https:\/\/x.com\/sunoresearch\",\"https:\/\/www.instagram.com\/suno\",\"https:\/\/www.linkedin.com\/company\/suno-research\/\",\"https:\/\/www.youtube.com\/c\/sunoresearch\"]},{\"@type\":\"Person\",\"@id\":\"https:\/\/www.suno.com.br\/noticias\/#\/schema\/person\/c1b1bd3727fa852bd045e9dbff3673ea\",\"name\":\"Reda\u00e7\u00e3o Suno Not\u00edcias\",\"image\":{\"@type\":\"ImageObject\",\"inLanguage\":\"pt-BR\",\"@id\":\"https:\/\/www.suno.com.br\/noticias\/#\/schema\/person\/image\/\",\"url\":\"https:\/\/secure.gravatar.com\/avatar\/b8104b9b5a71985d5238ee59fbe418af?s=96&r=g\",\"contentUrl\":\"https:\/\/secure.gravatar.com\/avatar\/b8104b9b5a71985d5238ee59fbe418af?s=96&r=g\",\"caption\":\"Reda\u00e7\u00e3o Suno Not\u00edcias\"},\"description\":\"O Suno Not\u00edcias \u00e9 um portal de informa\u00e7\u00f5es sobre Mercado Financeiro, Pol\u00edtica, Neg\u00f3cios, Economia e Finan\u00e7as Pessoais.\",\"sameAs\":[\"https:\/\/www.suno.com.br\/noticias\",\"https:\/\/www.facebook.com\/sunonoticias\/\",\"https:\/\/www.instagram.com\/sunonoticias\/\",\"https:\/\/x.com\/https:\/\/twitter.com\/sunoresearch\",\"https:\/\/www.youtube.com\/sunonoticias\"],\"url\":\"https:\/\/www.suno.com.br\/noticias\/author\/redacao-suno\/\"}]}<\/script>\n<!-- \/ Yoast SEO plugin. -->","yoast_head_json":{"title":"China fecha acordos e promete cr\u00e9dito para latino-americanos","description":"China e Celac assinaram plano de a\u00e7\u00e3o com acordos de coopera\u00e7\u00e3o em diversos setores econ\u00f4micos e promessa de fundos de cr\u00e9dito.","robots":{"index":"index","follow":"follow","max-snippet":"max-snippet:-1","max-image-preview":"max-image-preview:large","max-video-preview":"max-video-preview:-1"},"canonical":"https:\/\/www.suno.com.br\/noticias\/china-acordos-credito-america-latina\/","og_locale":"pt_BR","og_type":"article","og_title":"China fecha acordos e promete cr\u00e9dito para latino-americanos","og_description":"China e Celac assinaram plano de a\u00e7\u00e3o com acordos de coopera\u00e7\u00e3o em diversos setores econ\u00f4micos e promessa de fundos de cr\u00e9dito.","og_url":"https:\/\/www.suno.com.br\/noticias\/china-acordos-credito-america-latina\/","og_site_name":"Suno Not\u00edcias","article_publisher":"https:\/\/facebook.com\/sunoresearch","article_author":"https:\/\/www.facebook.com\/sunonoticias\/","og_image":[{"width":1024,"height":683,"url":"https:\/\/files.sunoresearch.com.br\/n\/uploads\/2025\/05\/China-Brasil-negociacoes.jpeg","type":"image\/jpeg"}],"author":"Reda\u00e7\u00e3o Suno Not\u00edcias","twitter_card":"summary_large_image","twitter_creator":"@https:\/\/twitter.com\/sunoresearch","twitter_site":"@sunoresearch","twitter_misc":{"Escrito por":"Reda\u00e7\u00e3o Suno Not\u00edcias","Est. tempo de leitura":"3 minutos"},"schema":{"@context":"https:\/\/schema.org","@graph":[{"@type":"NewsArticle","@id":"https:\/\/www.suno.com.br\/noticias\/china-acordos-credito-america-latina\/#article","isPartOf":{"@id":"https:\/\/www.suno.com.br\/noticias\/china-acordos-credito-america-latina\/"},"author":{"name":"Reda\u00e7\u00e3o Suno Not\u00edcias","@id":"https:\/\/www.suno.com.br\/noticias\/#\/schema\/person\/c1b1bd3727fa852bd045e9dbff3673ea"},"headline":"China fecha acordos de coopera\u00e7\u00e3o e promete fundos de cr\u00e9dito para pa\u00edses latino-americanos","datePublished":"2025-05-14T13:29:14+00:00","dateModified":"2025-05-14T14:06:37+00:00","mainEntityOfPage":{"@id":"https:\/\/www.suno.com.br\/noticias\/china-acordos-credito-america-latina\/"},"wordCount":563,"publisher":{"@id":"https:\/\/www.suno.com.br\/noticias\/#organization"},"image":{"@id":"https:\/\/www.suno.com.br\/noticias\/china-acordos-credito-america-latina\/#primaryimage"},"thumbnailUrl":"https:\/\/files.sunoresearch.com.br\/n\/uploads\/2025\/05\/China-Brasil-negociacoes.jpeg","keywords":["Am\u00e9rica Latina","China"],"articleSection":["Pol\u00edtica"],"inLanguage":"pt-BR"},{"@type":"WebPage","@id":"https:\/\/www.suno.com.br\/noticias\/china-acordos-credito-america-latina\/","url":"https:\/\/www.suno.com.br\/noticias\/china-acordos-credito-america-latina\/","name":"China fecha acordos e promete cr\u00e9dito para latino-americanos","isPartOf":{"@id":"https:\/\/www.suno.com.br\/noticias\/#website"},"primaryImageOfPage":{"@id":"https:\/\/www.suno.com.br\/noticias\/china-acordos-credito-america-latina\/#primaryimage"},"image":{"@id":"https:\/\/www.suno.com.br\/noticias\/china-acordos-credito-america-latina\/#primaryimage"},"thumbnailUrl":"https:\/\/files.sunoresearch.com.br\/n\/uploads\/2025\/05\/China-Brasil-negociacoes.jpeg","datePublished":"2025-05-14T13:29:14+00:00","dateModified":"2025-05-14T14:06:37+00:00","description":"China e Celac assinaram plano de a\u00e7\u00e3o com acordos de coopera\u00e7\u00e3o em diversos setores econ\u00f4micos e promessa de fundos de cr\u00e9dito.","breadcrumb":{"@id":"https:\/\/www.suno.com.br\/noticias\/china-acordos-credito-america-latina\/#breadcrumb"},"inLanguage":"pt-BR","potentialAction":[{"@type":"ReadAction","target":["https:\/\/www.suno.com.br\/noticias\/china-acordos-credito-america-latina\/"]}]},{"@type":"ImageObject","inLanguage":"pt-BR","@id":"https:\/\/www.suno.com.br\/noticias\/china-acordos-credito-america-latina\/#primaryimage","url":"https:\/\/files.sunoresearch.com.br\/n\/uploads\/2025\/05\/China-Brasil-negociacoes.jpeg","contentUrl":"https:\/\/files.sunoresearch.com.br\/n\/uploads\/2025\/05\/China-Brasil-negociacoes.jpeg","width":1024,"height":683,"caption":"Mesa de negocia\u00e7\u00f5es entre brasileiros e chineses em Pequim - Foto: Yue Yuewe\/Xinhua"},{"@type":"BreadcrumbList","@id":"https:\/\/www.suno.com.br\/noticias\/china-acordos-credito-america-latina\/#breadcrumb","itemListElement":[{"@type":"ListItem","position":1,"name":"Not\u00edcias","item":"https:\/\/www.suno.com.br\/noticias\/"},{"@type":"ListItem","position":2,"name":"Pol\u00edtica","item":"https:\/\/www.suno.com.br\/noticias\/politica\/"},{"@type":"ListItem","position":3,"name":"China fecha acordos de coopera\u00e7\u00e3o e promete fundos de cr\u00e9dito para pa\u00edses latino-americanos"}]},{"@type":"WebSite","@id":"https:\/\/www.suno.com.br\/noticias\/#website","url":"https:\/\/www.suno.com.br\/noticias\/","name":"Suno Not\u00edcias","description":"Seu portal de informa\u00e7\u00e3o sobre o mundo dos investimentos","publisher":{"@id":"https:\/\/www.suno.com.br\/noticias\/#organization"},"potentialAction":[{"@type":"SearchAction","target":{"@type":"EntryPoint","urlTemplate":"https:\/\/www.suno.com.br\/noticias\/?s={search_term_string}"},"query-input":{"@type":"PropertyValueSpecification","valueRequired":true,"valueName":"search_term_string"}}],"inLanguage":"pt-BR"},{"@type":"Organization","@id":"https:\/\/www.suno.com.br\/noticias\/#organization","name":"Suno Not\u00edcias","url":"https:\/\/www.suno.com.br\/noticias\/","logo":{"@type":"ImageObject","inLanguage":"pt-BR","@id":"https:\/\/www.suno.com.br\/noticias\/#\/schema\/logo\/image\/","url":"https:\/\/files.sunoresearch.com.br\/n\/uploads\/2021\/09\/suno-logo.png","contentUrl":"https:\/\/files.sunoresearch.com.br\/n\/uploads\/2021\/09\/suno-logo.png","width":180,"height":180,"caption":"Suno Not\u00edcias"},"image":{"@id":"https:\/\/www.suno.com.br\/noticias\/#\/schema\/logo\/image\/"},"sameAs":["https:\/\/facebook.com\/sunoresearch","https:\/\/x.com\/sunoresearch","https:\/\/www.instagram.com\/suno","https:\/\/www.linkedin.com\/company\/suno-research\/","https:\/\/www.youtube.com\/c\/sunoresearch"]},{"@type":"Person","@id":"https:\/\/www.suno.com.br\/noticias\/#\/schema\/person\/c1b1bd3727fa852bd045e9dbff3673ea","name":"Reda\u00e7\u00e3o Suno Not\u00edcias","image":{"@type":"ImageObject","inLanguage":"pt-BR","@id":"https:\/\/www.suno.com.br\/noticias\/#\/schema\/person\/image\/","url":"https:\/\/secure.gravatar.com\/avatar\/b8104b9b5a71985d5238ee59fbe418af?s=96&r=g","contentUrl":"https:\/\/secure.gravatar.com\/avatar\/b8104b9b5a71985d5238ee59fbe418af?s=96&r=g","caption":"Reda\u00e7\u00e3o Suno Not\u00edcias"},"description":"O Suno Not\u00edcias \u00e9 um portal de informa\u00e7\u00f5es sobre Mercado Financeiro, Pol\u00edtica, Neg\u00f3cios, Economia e Finan\u00e7as Pessoais.","sameAs":["https:\/\/www.suno.com.br\/noticias","https:\/\/www.facebook.com\/sunonoticias\/","https:\/\/www.instagram.com\/sunonoticias\/","https:\/\/x.com\/https:\/\/twitter.com\/sunoresearch","https:\/\/www.youtube.com\/sunonoticias"],"url":"https:\/\/www.suno.com.br\/noticias\/author\/redacao-suno\/"}]}},"default_loop_html":"<div class=\"cardsPage__listCard__boxs\"><div class=\"cardsPage__listCard__boxs__img\"><a href=\"https:\/\/www.suno.com.br\/noticias\/china-acordos-credito-america-latina\/\"><img class=\"mask\" src=\"https:\/\/www.suno.com.br\/noticias\/wp-content\/themes\/suno\/resources\/images\/spotlight\/spotlight1img\/bg-mask.png\" alt=\"Image Mask\"\/><img src=\"https:\/\/files.sunoresearch.com.br\/n\/uploads\/2025\/05\/China-Brasil-negociacoes-400x200.jpeg\" alt=\"China fecha acordos de coopera\u00e7\u00e3o e promete fundos de cr\u00e9dito para pa\u00edses latino-americanos\"\/><\/a><span class=\"spotlightCategory\"><a href=\"https:\/\/www.suno.com.br\/noticias\/politica\/\">Pol\u00edtica<\/a><\/span><\/div><div class=\"cardsPage__listCard__boxs__content\"><a href=\"https:\/\/www.suno.com.br\/noticias\/china-acordos-credito-america-latina\/\"><h2 class=\"content__title\">China fecha acordos de coopera\u00e7\u00e3o e promete fundos de cr\u00e9dito para pa\u00edses latino-americanos<\/h2><\/a><div class=\"newsContent__article__meta\"><div class=\"newsContent__article__meta__authorBox\"><a href=\"https:\/\/www.suno.com.br\/noticias\/author\/redacao-suno\/\" class=\"authorBox__avatar noMobi\"><img src=\"https:\/\/files.sunoresearch.com.br\/n\/uploads\/2020\/08\/0ace682d-redacao-1-150x150.webp\" alt=\"Reda\u00e7\u00e3o Suno Not\u00edcias\"><\/a><div class=\"authorBox__name\"><span>por\n\t\t\t<a href=\"https:\/\/www.suno.com.br\/noticias\/author\/redacao-suno\/\"><span itemprop=\"author\">Reda\u00e7\u00e3o Suno Not\u00edcias<\/span><\/a><\/span><time datetime=\"2025-05-14T10:29:14-03:00\" itemprop=\"datePublished\">14\/05\/2025 10:29<\/time><\/div><\/div><\/div><\/div><\/div>","single_layout":"posts","amp_enabled":true,"_links":{"self":[{"href":"https:\/\/www.suno.com.br\/noticias\/wp-json\/wp\/v2\/posts\/605138"}],"collection":[{"href":"https:\/\/www.suno.com.br\/noticias\/wp-json\/wp\/v2\/posts"}],"about":[{"href":"https:\/\/www.suno.com.br\/noticias\/wp-json\/wp\/v2\/types\/post"}],"author":[{"embeddable":true,"href":"https:\/\/www.suno.com.br\/noticias\/wp-json\/wp\/v2\/users\/43"}],"replies":[{"embeddable":true,"href":"https:\/\/www.suno.com.br\/noticias\/wp-json\/wp\/v2\/comments?post=605138"}],"version-history":[{"count":2,"href":"https:\/\/www.suno.com.br\/noticias\/wp-json\/wp\/v2\/posts\/605138\/revisions"}],"predecessor-version":[{"id":605201,"href":"https:\/\/www.suno.com.br\/noticias\/wp-json\/wp\/v2\/posts\/605138\/revisions\/605201"}],"wp:featuredmedia":[{"embeddable":true,"href":"https:\/\/www.suno.com.br\/noticias\/wp-json\/wp\/v2\/media\/605190"}],"wp:attachment":[{"href":"https:\/\/www.suno.com.br\/noticias\/wp-json\/wp\/v2\/media?parent=605138"}],"wp:term":[{"taxonomy":"category","embeddable":true,"href":"https:\/\/www.suno.com.br\/noticias\/wp-json\/wp\/v2\/categories?post=605138"},{"taxonomy":"post_tag","embeddable":true,"href":"https:\/\/www.suno.com.br\/noticias\/wp-json\/wp\/v2\/tags?post=605138"},{"taxonomy":"suno_strategy","embeddable":true,"href":"https:\/\/www.suno.com.br\/noticias\/wp-json\/wp\/v2\/suno_strategy?post=605138"}],"curies":[{"name":"wp","href":"https:\/\/api.w.org\/{rel}","templated":true}]}}