{"id":60471,"date":"2020-04-04T13:31:04","date_gmt":"2020-04-04T16:31:04","guid":{"rendered":"https:\/\/www.suno.com.br\/noticias\/?p=60471"},"modified":"2020-04-04T13:33:23","modified_gmt":"2020-04-04T16:33:23","slug":"coronavoucher-governo-usara-aplicativo-para-cadastrar-trabalhadores","status":"publish","type":"post","link":"https:\/\/www.suno.com.br\/noticias\/coronavoucher-governo-usara-aplicativo-para-cadastrar-trabalhadores\/","title":{"rendered":"Coronavoucher: governo usar\u00e1 aplicativo para cadastrar trabalhadores"},"content":{"rendered":"<p>O ministro da Cidadania, Onyx Lorenzoni, informou que os trabalhadores informais que n\u00e3o est\u00e3o listados em nenhum cadastro do governo ser\u00e3o identificados por meio de um aplicativo de celular para receber o <strong>coronavoucher<\/strong>. A informa\u00e7\u00e3o foi divulgada na \u00faltima sexta-feira (3) e o aplicativo estar\u00e1 dispon\u00edvel para download a partir da pr\u00f3xima ter\u00e7a-feira (7).<\/p>\t<div class=\"wrapper-featured-image\">\n\t\t<figure class=\"spotlightImg\">\n\n\t\t\t<picture>\n\t\t\t\t<source media=\"(max-width: 768px)\" srcset=\"https:\/\/files.sunoresearch.com.br\/n\/uploads\/2019\/08\/72dc15d5-dinheiro.jpg-400x200.webp\">\n\t\t\t\t<img loading=\"lazy\" decoding=\"async\" class=\"newsContent__article__imgCapa lazyloadDisabled newsContent__article__imgCapa--noCaption\" src=\"https:\/\/files.sunoresearch.com.br\/n\/uploads\/2019\/08\/72dc15d5-dinheiro.jpg-800x450.webp\" width=\"800\" height=\"450\" alt=\"Coronavoucher: governo usar\u00e1 aplicativo para cadastrar trabalhadores\" fetchpriority=high \/>\n\t\t\t<\/picture>\n\n\t\t\t<figcaption class=\"wp-caption-text wp-caption-text--hide\">O preg\u00e3o do Tesouro Direto funciona das 9h30 \u00e0s 18h.<\/figcaption>\n\t\t<\/figure>\n\t<\/div>\n\n\n\n<p>Al\u00e9m disso, o cadastro para receber o coronavoucher poder\u00e1 ser feito por telefone, atrav\u00e9s de uma plataforma online ou em ag\u00eanias. Entretanto, o endere\u00e7o do site e o n\u00famero do telefone n\u00e3o foram divulgados at\u00e9 a data de publica\u00e7\u00e3o da mat\u00e9ria.<\/p>\n<p>Contudo, \u00e9 recomendado que os trabalhadores priorizem o uso do telefone e das formas digitais e para se cadastrarem, a fim de evitar aglomera\u00e7\u00f5es nas ag\u00eancias f\u00edsicas.<\/p>\n<p><a class=\"LinkSuggestion__Link-sc-1mdih4x-2 jZPuuT\" href=\"https:\/\/www.suno.com.br\/noticias\/coronavoucher-pagamento-deve-iniciar-na-proxima-semana-diz-bolsonaro\/\" target=\"_blank\" rel=\"noopener noreferrer\">Saiba mais: Coronavoucher: pagamento deve iniciar na pr\u00f3xima semana, diz Bolsonaro<\/a><\/p>\n<p>Lorenzoni informou que cerca de 20 milh\u00f5es de trabalhadores informais que se encaixam nos requisitos para receber o aux\u00edlio financeiro, n\u00e3o constam em nenhum dos cadastros do governo. Desse modo, devem usar o aplicativo para se cadastrar:<\/p>\n<ul>\n<li>O trabalhador que n\u00e3o consta no Cadastro \u00danico do governo;<\/li>\n<li>O trabalhador que n\u00e3o \u00e9 contribuinte individual do INSS;<\/li>\n<li>O informal que n\u00e3o \u00e9 microempreendedor individual.<\/li>\n<\/ul>\n<p><a href=\"https:\/\/www.suno.com.br\/nossas-assinaturas\/suno-premium\/\">Bolsa em queda livre!? Aproveita as maiores oportunidades da bolsa brasileira com nosso acesso Suno Premium<\/a><\/p>\n<p>O valor do coronavoucher ser\u00e1 depositado em uma conta banc\u00e1ria em nome do benefici\u00e1rio, ou esse receber\u00e1 uma autoriza\u00e7\u00e3o para sacar o montante em lot\u00e9ricas.<\/p>\n<p>Al\u00e9m disso, o presidente da Caixa Econ\u00f4mica Federal informou que &#8220;aqueles que n\u00e3o t\u00eam conta, ter\u00e3o uma conta digital aberta de forma gratuita. Quem j\u00e1 tiver em outro banco, receber\u00e1 uma TED [transfer\u00eancia eletr\u00f4nica] de gra\u00e7a&#8221;. E acrescentou que um segundo aplicativo poder\u00e1 ser criado como uma op\u00e7\u00e3o para recebimento.<\/p>\n<p><a class=\"LinkSuggestion__Link-sc-1mdih4x-2 jZPuuT\" href=\"https:\/\/www.suno.com.br\/noticias\/coronavirus-coronavouvher-auxilio-600-reais\/\" target=\"_blank\" rel=\"noopener noreferrer\">Leia mais: Coronavoucher: Senado aprova projeto de aux\u00edlio de R$ 600<\/a><\/p>\n<p>O ministro da Cidadania ainda salientou que h\u00e1 a possibilidade do dinheiro referente ao aux\u00edlio ser sacado em caixas eletr\u00f4nicos. Segundo ele, o trabalhador deve ter acesso ao valor ap\u00f3s dois dias da realiza\u00e7\u00e3o do cadastro.<\/p>\n<p>&#8220;Queremos dar tranquilidade ao taxista, ao vendedor de pipoca, \u00e0 diarista, de que ela, a partir de ter\u00e7a-feira (7), ter\u00e1 as condi\u00e7\u00f5es de fazer o cadastramento e, em poucas horas, receber os recursos&#8221; disse Lorenzoni.<\/p>\n\t<p>\n\t\t<a href=\"https:\/\/lp.suno.com.br\/ao\/sessao-estrategica-consultoria-c\/?utm_source=suno-noticias&#038;utm_medium=banner&#038;utm_campaing=dolar-cair-juros\" target=\"_blank\" data-element=\"shortcode-suno-banner\" title=\"Banner SUNO, clique e saiba mais\">\n\t\t\t<picture>\n\t\t\t\t<source media=\"(max-width: 500px)\" srcset=\"https:\/\/files.sunoresearch.com.br\/n\/uploads\/2025\/09\/300x400.webp\">\n\t\t\t\t<img class=\"newsContent__article__imgCapa newsContent__article__imgCapa--banner\"\n\t\t\t\t\tsrc=\"https:\/\/files.sunoresearch.com.br\/n\/uploads\/2025\/09\/SN-DT-1420x240-1.webp\"\n\t\t\t\t\tdata-promo-id=\"624946\"\t\t\t\t\t\t\t\t\t\twidth='1420' height='240'\t\t\t\t\talt=\"https:\/\/files.sunoresearch.com.br\/n\/uploads\/2025\/09\/SN-DT-1420x240-1.webp\"\n\t\t\t\t>\n\t\t\t<\/picture>\n\t\t<\/a>\n\t<\/p>\n\n\n<p>Em rela\u00e7\u00e3o a seguran\u00e7a, o presidente da Caixa informou &#8220;quando lan\u00e7armos [o aplicativo], sabemos que teremos dezenas de milh\u00f5es de acessos em um s\u00f3 dia. At\u00e9 agora, n\u00e3o lan\u00e7amos ainda. Ent\u00e3o qualquer aplicativo que a popula\u00e7\u00e3o esteja vendo n\u00e3o \u00e9 um aplicativo do governo. Porque este aplicativo que a Caixa montou junto com o governo federal, \u00e9 o \u00fanico que concentrar\u00e1 essa base de dados&#8221;.<\/p>\n<p>Guimar\u00e3es indicou que o calend\u00e1rio de pagamento e os detalhes da opera\u00e7\u00e3o ser\u00e3o divulgados na pr\u00f3xima segunda-feira (6).<\/p>\n<h2>Quem pode receber o coronavoucher<\/h2>\n<p>O projeto que prev\u00ea uma aux\u00edlio financeiro de R$ 600 por m\u00eas para trabalhadores informais ficou ficou conhecido como &#8216;<strong>coronavoucher<\/strong>&#8216;\u00a0j\u00e1 que \u00e9 uma forma de minimizar os impactos causados pela pandemia de coronav\u00edrus para estas pessoas.<\/p>\n<p>Coronavoucher, ser\u00e1 mantido por tr\u00eas meses, mas a proposta ainda precisa da aprova\u00e7\u00e3o do presidente <strong>Jair Bolsonaro.<\/strong><\/p>\n<p><a href=\"https:\/\/www.suno.com.br\/nossas-assinaturas\/suno-premium\/\">Coronav\u00edrus e Mercado Financeiro | Saiba quais oportunidades voc\u00ea pode estar perdendo<\/a><\/p>\n<p>Al\u00e9m disso, h\u00e1 algumas condi\u00e7\u00f5es para que os trabalhadores\u00a0 possam receber esse valor. Entre os requisitos est\u00e3o:<\/p>\n<ul>\n<li>O favorecido deve ter mais de 18 anos de idade;<\/li>\n<li>N\u00e3o pode ter um emprego formal;<\/li>\n<li>N\u00e3o pode estar recebendo o seguro-desemprego;<\/li>\n<li>Deve ter uma renda familiar mensal de at\u00e9 3 sal\u00e1rios m\u00ednimos;<\/li>\n<li>Deve ser um <a href=\"https:\/\/www.suno.com.br\/noticias\/mei-microempreendedor-individual\/\">microempreendedor individual (MEI)<\/a>;<\/li>\n<li>Ser inscrito no Cadastro \u00danico\u00a0 para Programas Sociais do Governo Federal, at\u00e9 o dia 20 de mar\u00e7o;<\/li>\n<li>Ter renda familiar total de no m\u00e1ximo tr\u00eas sal\u00e1rios m\u00ednimos (R$ 3.135) ou renda mensal familiar per capita de at\u00e9 meio sal\u00e1rio m\u00ednimo (R$ 522,50);<\/li>\n<li>N\u00e3o ter recebido rendimentos tribut\u00e1veis acima de R$ 28.559,70 em 2018.<\/li>\n<\/ul>\n<p>Al\u00e9m disso, taxistas, pescadores artesanais e m\u00e3es menores de idade tamb\u00e9m receber\u00e3o o <strong>coronavoucher<\/strong>, mas o aux\u00edlio sera limitado a dois benefici\u00e1rios por fam\u00edlia. Entretanto, se a favorecida for m\u00e3e e chefe da fam\u00edlia, receber\u00e1 duas vezes o valor durante o per\u00edodo.<\/p>\n\n","protected":false},"excerpt":{"rendered":"<p>O ministro da Cidadania, Onyx Lorenzoni, informou que os trabalhadores informais que n\u00e3o est\u00e3o listados em nenhum cadastro do governo ser\u00e3o identificados por meio de um aplicativo de celular para receber o coronavoucher. A informa\u00e7\u00e3o foi divulgada na \u00faltima sexta-feira (3) e o aplicativo estar\u00e1 dispon\u00edvel para download a partir da pr\u00f3xima ter\u00e7a-feira (7). O [&hellip;]<\/p>\n","protected":false},"author":39,"featured_media":35812,"comment_status":"closed","ping_status":"closed","sticky":false,"template":"","format":"standard","meta":[],"categories":[62],"tags":[2487,12737],"suno_strategy":[],"class_list":["post-60471","post","type-post","status-publish","format-standard","has-post-thumbnail","hentry","category-economia","tag-coronavirus","tag-coronavoucher"],"yoast_head":"<!-- This site is optimized with the Yoast SEO plugin v24.4 - https:\/\/yoast.com\/wordpress\/plugins\/seo\/ -->\n<title>Coronavoucher: governo usar\u00e1 aplicativo para cadastrar trabalhadores<\/title>\n<meta name=\"description\" content=\"Trabalhadores n\u00e3o listados nos cadastros do governo devem se alistar usando aplicativo para receber coronavoucher. Clique aqui para saber mais\" \/>\n<meta name=\"robots\" content=\"index, follow, max-snippet:-1, max-image-preview:large, max-video-preview:-1\" \/>\n<link rel=\"canonical\" href=\"https:\/\/www.suno.com.br\/noticias\/coronavoucher-governo-usara-aplicativo-para-cadastrar-trabalhadores\/\" \/>\n<meta property=\"og:locale\" content=\"pt_BR\" \/>\n<meta property=\"og:type\" content=\"article\" \/>\n<meta property=\"og:title\" content=\"Coronavoucher: governo usar\u00e1 aplicativo para cadastrar trabalhadores\" \/>\n<meta property=\"og:description\" content=\"Trabalhadores n\u00e3o listados nos cadastros do governo devem se alistar usando aplicativo para receber coronavoucher. Clique aqui para saber mais\" \/>\n<meta property=\"og:url\" content=\"https:\/\/www.suno.com.br\/noticias\/coronavoucher-governo-usara-aplicativo-para-cadastrar-trabalhadores\/\" \/>\n<meta property=\"og:site_name\" content=\"Suno Not\u00edcias\" \/>\n<meta property=\"article:publisher\" content=\"https:\/\/facebook.com\/sunoresearch\" \/>\n<meta property=\"og:image\" content=\"https:\/\/files.sunoresearch.com.br\/n\/uploads\/2019\/08\/72dc15d5-dinheiro.jpg.jpeg\" \/>\n\t<meta property=\"og:image:width\" content=\"1201\" \/>\n\t<meta property=\"og:image:height\" content=\"800\" \/>\n\t<meta property=\"og:image:type\" content=\"image\/jpeg\" \/>\n<meta name=\"author\" content=\"Laura Moutinho\" \/>\n<meta name=\"twitter:card\" content=\"summary_large_image\" \/>\n<meta name=\"twitter:creator\" content=\"@sunoresearch\" \/>\n<meta name=\"twitter:site\" content=\"@sunoresearch\" \/>\n<meta name=\"twitter:label1\" content=\"Escrito por\" \/>\n\t<meta name=\"twitter:data1\" content=\"Laura Moutinho\" \/>\n\t<meta name=\"twitter:label2\" content=\"Est. tempo de leitura\" \/>\n\t<meta name=\"twitter:data2\" content=\"4 minutos\" \/>\n<script type=\"application\/ld+json\" class=\"yoast-schema-graph\">{\"@context\":\"https:\/\/schema.org\",\"@graph\":[{\"@type\":\"NewsArticle\",\"@id\":\"https:\/\/www.suno.com.br\/noticias\/coronavoucher-governo-usara-aplicativo-para-cadastrar-trabalhadores\/#article\",\"isPartOf\":{\"@id\":\"https:\/\/www.suno.com.br\/noticias\/coronavoucher-governo-usara-aplicativo-para-cadastrar-trabalhadores\/\"},\"author\":{\"name\":\"Laura Moutinho\",\"@id\":\"https:\/\/www.suno.com.br\/noticias\/#\/schema\/person\/3df0d2808748b74496efe5dbeaef2c72\"},\"headline\":\"Coronavoucher: governo usar\u00e1 aplicativo para cadastrar trabalhadores\",\"datePublished\":\"2020-04-04T16:31:04+00:00\",\"dateModified\":\"2020-04-04T16:33:23+00:00\",\"mainEntityOfPage\":{\"@id\":\"https:\/\/www.suno.com.br\/noticias\/coronavoucher-governo-usara-aplicativo-para-cadastrar-trabalhadores\/\"},\"wordCount\":761,\"publisher\":{\"@id\":\"https:\/\/www.suno.com.br\/noticias\/#organization\"},\"image\":{\"@id\":\"https:\/\/www.suno.com.br\/noticias\/coronavoucher-governo-usara-aplicativo-para-cadastrar-trabalhadores\/#primaryimage\"},\"thumbnailUrl\":\"https:\/\/files.sunoresearch.com.br\/n\/uploads\/2019\/08\/72dc15d5-dinheiro.jpg-jpeg.webp\",\"keywords\":[\"coronav\u00edrus\",\"coronavoucher\"],\"articleSection\":[\"Economia\"],\"inLanguage\":\"pt-BR\"},{\"@type\":\"WebPage\",\"@id\":\"https:\/\/www.suno.com.br\/noticias\/coronavoucher-governo-usara-aplicativo-para-cadastrar-trabalhadores\/\",\"url\":\"https:\/\/www.suno.com.br\/noticias\/coronavoucher-governo-usara-aplicativo-para-cadastrar-trabalhadores\/\",\"name\":\"Coronavoucher: governo usar\u00e1 aplicativo para cadastrar trabalhadores\",\"isPartOf\":{\"@id\":\"https:\/\/www.suno.com.br\/noticias\/#website\"},\"primaryImageOfPage\":{\"@id\":\"https:\/\/www.suno.com.br\/noticias\/coronavoucher-governo-usara-aplicativo-para-cadastrar-trabalhadores\/#primaryimage\"},\"image\":{\"@id\":\"https:\/\/www.suno.com.br\/noticias\/coronavoucher-governo-usara-aplicativo-para-cadastrar-trabalhadores\/#primaryimage\"},\"thumbnailUrl\":\"https:\/\/files.sunoresearch.com.br\/n\/uploads\/2019\/08\/72dc15d5-dinheiro.jpg-jpeg.webp\",\"datePublished\":\"2020-04-04T16:31:04+00:00\",\"dateModified\":\"2020-04-04T16:33:23+00:00\",\"description\":\"Trabalhadores n\u00e3o listados nos cadastros do governo devem se alistar usando aplicativo para receber coronavoucher. Clique aqui para saber mais\",\"breadcrumb\":{\"@id\":\"https:\/\/www.suno.com.br\/noticias\/coronavoucher-governo-usara-aplicativo-para-cadastrar-trabalhadores\/#breadcrumb\"},\"inLanguage\":\"pt-BR\",\"potentialAction\":[{\"@type\":\"ReadAction\",\"target\":[\"https:\/\/www.suno.com.br\/noticias\/coronavoucher-governo-usara-aplicativo-para-cadastrar-trabalhadores\/\"]}]},{\"@type\":\"ImageObject\",\"inLanguage\":\"pt-BR\",\"@id\":\"https:\/\/www.suno.com.br\/noticias\/coronavoucher-governo-usara-aplicativo-para-cadastrar-trabalhadores\/#primaryimage\",\"url\":\"https:\/\/files.sunoresearch.com.br\/n\/uploads\/2019\/08\/72dc15d5-dinheiro.jpg-jpeg.webp\",\"contentUrl\":\"https:\/\/files.sunoresearch.com.br\/n\/uploads\/2019\/08\/72dc15d5-dinheiro.jpg-jpeg.webp\",\"width\":1201,\"height\":800,\"caption\":\"O preg\u00e3o do Tesouro Direto funciona das 9h30 \u00e0s 18h.\"},{\"@type\":\"BreadcrumbList\",\"@id\":\"https:\/\/www.suno.com.br\/noticias\/coronavoucher-governo-usara-aplicativo-para-cadastrar-trabalhadores\/#breadcrumb\",\"itemListElement\":[{\"@type\":\"ListItem\",\"position\":1,\"name\":\"Not\u00edcias\",\"item\":\"https:\/\/www.suno.com.br\/noticias\/\"},{\"@type\":\"ListItem\",\"position\":2,\"name\":\"Economia\",\"item\":\"https:\/\/www.suno.com.br\/noticias\/economia\/\"},{\"@type\":\"ListItem\",\"position\":3,\"name\":\"Coronavoucher: governo usar\u00e1 aplicativo para cadastrar trabalhadores\"}]},{\"@type\":\"WebSite\",\"@id\":\"https:\/\/www.suno.com.br\/noticias\/#website\",\"url\":\"https:\/\/www.suno.com.br\/noticias\/\",\"name\":\"Suno Not\u00edcias\",\"description\":\"Seu portal de informa\u00e7\u00e3o sobre o mundo dos investimentos\",\"publisher\":{\"@id\":\"https:\/\/www.suno.com.br\/noticias\/#organization\"},\"potentialAction\":[{\"@type\":\"SearchAction\",\"target\":{\"@type\":\"EntryPoint\",\"urlTemplate\":\"https:\/\/www.suno.com.br\/noticias\/?s={search_term_string}\"},\"query-input\":{\"@type\":\"PropertyValueSpecification\",\"valueRequired\":true,\"valueName\":\"search_term_string\"}}],\"inLanguage\":\"pt-BR\"},{\"@type\":\"Organization\",\"@id\":\"https:\/\/www.suno.com.br\/noticias\/#organization\",\"name\":\"Suno Not\u00edcias\",\"url\":\"https:\/\/www.suno.com.br\/noticias\/\",\"logo\":{\"@type\":\"ImageObject\",\"inLanguage\":\"pt-BR\",\"@id\":\"https:\/\/www.suno.com.br\/noticias\/#\/schema\/logo\/image\/\",\"url\":\"https:\/\/files.sunoresearch.com.br\/n\/uploads\/2021\/09\/suno-logo.png\",\"contentUrl\":\"https:\/\/files.sunoresearch.com.br\/n\/uploads\/2021\/09\/suno-logo.png\",\"width\":180,\"height\":180,\"caption\":\"Suno Not\u00edcias\"},\"image\":{\"@id\":\"https:\/\/www.suno.com.br\/noticias\/#\/schema\/logo\/image\/\"},\"sameAs\":[\"https:\/\/facebook.com\/sunoresearch\",\"https:\/\/x.com\/sunoresearch\",\"https:\/\/www.instagram.com\/suno\",\"https:\/\/www.linkedin.com\/company\/suno-research\/\",\"https:\/\/www.youtube.com\/c\/sunoresearch\"]},{\"@type\":\"Person\",\"@id\":\"https:\/\/www.suno.com.br\/noticias\/#\/schema\/person\/3df0d2808748b74496efe5dbeaef2c72\",\"name\":\"Laura Moutinho\",\"image\":{\"@type\":\"ImageObject\",\"inLanguage\":\"pt-BR\",\"@id\":\"https:\/\/www.suno.com.br\/noticias\/#\/schema\/person\/image\/\",\"url\":\"https:\/\/secure.gravatar.com\/avatar\/7571c7c8ca3a6fca5e41384ece5557ff?s=96&r=g\",\"contentUrl\":\"https:\/\/secure.gravatar.com\/avatar\/7571c7c8ca3a6fca5e41384ece5557ff?s=96&r=g\",\"caption\":\"Laura Moutinho\"},\"description\":\"Estagi\u00e1ria na Suno Not\u00edcias, escreve not\u00edcias que afetam o mercado financeiro. Estuda administra\u00e7\u00e3o na Universidade Presbiteriana Mackenzie.\",\"url\":\"https:\/\/www.suno.com.br\/noticias\/author\/laura-moutinho\/\"}]}<\/script>\n<!-- \/ Yoast SEO plugin. -->","yoast_head_json":{"title":"Coronavoucher: governo usar\u00e1 aplicativo para cadastrar trabalhadores","description":"Trabalhadores n\u00e3o listados nos cadastros do governo devem se alistar usando aplicativo para receber coronavoucher. Clique aqui para saber mais","robots":{"index":"index","follow":"follow","max-snippet":"max-snippet:-1","max-image-preview":"max-image-preview:large","max-video-preview":"max-video-preview:-1"},"canonical":"https:\/\/www.suno.com.br\/noticias\/coronavoucher-governo-usara-aplicativo-para-cadastrar-trabalhadores\/","og_locale":"pt_BR","og_type":"article","og_title":"Coronavoucher: governo usar\u00e1 aplicativo para cadastrar trabalhadores","og_description":"Trabalhadores n\u00e3o listados nos cadastros do governo devem se alistar usando aplicativo para receber coronavoucher. Clique aqui para saber mais","og_url":"https:\/\/www.suno.com.br\/noticias\/coronavoucher-governo-usara-aplicativo-para-cadastrar-trabalhadores\/","og_site_name":"Suno Not\u00edcias","article_publisher":"https:\/\/facebook.com\/sunoresearch","og_image":[{"width":1201,"height":800,"url":"https:\/\/files.sunoresearch.com.br\/n\/uploads\/2019\/08\/72dc15d5-dinheiro.jpg.jpeg","type":"image\/jpeg"}],"author":"Laura Moutinho","twitter_card":"summary_large_image","twitter_creator":"@sunoresearch","twitter_site":"@sunoresearch","twitter_misc":{"Escrito por":"Laura Moutinho","Est. tempo de leitura":"4 minutos"},"schema":{"@context":"https:\/\/schema.org","@graph":[{"@type":"NewsArticle","@id":"https:\/\/www.suno.com.br\/noticias\/coronavoucher-governo-usara-aplicativo-para-cadastrar-trabalhadores\/#article","isPartOf":{"@id":"https:\/\/www.suno.com.br\/noticias\/coronavoucher-governo-usara-aplicativo-para-cadastrar-trabalhadores\/"},"author":{"name":"Laura Moutinho","@id":"https:\/\/www.suno.com.br\/noticias\/#\/schema\/person\/3df0d2808748b74496efe5dbeaef2c72"},"headline":"Coronavoucher: governo usar\u00e1 aplicativo para cadastrar trabalhadores","datePublished":"2020-04-04T16:31:04+00:00","dateModified":"2020-04-04T16:33:23+00:00","mainEntityOfPage":{"@id":"https:\/\/www.suno.com.br\/noticias\/coronavoucher-governo-usara-aplicativo-para-cadastrar-trabalhadores\/"},"wordCount":761,"publisher":{"@id":"https:\/\/www.suno.com.br\/noticias\/#organization"},"image":{"@id":"https:\/\/www.suno.com.br\/noticias\/coronavoucher-governo-usara-aplicativo-para-cadastrar-trabalhadores\/#primaryimage"},"thumbnailUrl":"https:\/\/files.sunoresearch.com.br\/n\/uploads\/2019\/08\/72dc15d5-dinheiro.jpg-jpeg.webp","keywords":["coronav\u00edrus","coronavoucher"],"articleSection":["Economia"],"inLanguage":"pt-BR"},{"@type":"WebPage","@id":"https:\/\/www.suno.com.br\/noticias\/coronavoucher-governo-usara-aplicativo-para-cadastrar-trabalhadores\/","url":"https:\/\/www.suno.com.br\/noticias\/coronavoucher-governo-usara-aplicativo-para-cadastrar-trabalhadores\/","name":"Coronavoucher: governo usar\u00e1 aplicativo para cadastrar trabalhadores","isPartOf":{"@id":"https:\/\/www.suno.com.br\/noticias\/#website"},"primaryImageOfPage":{"@id":"https:\/\/www.suno.com.br\/noticias\/coronavoucher-governo-usara-aplicativo-para-cadastrar-trabalhadores\/#primaryimage"},"image":{"@id":"https:\/\/www.suno.com.br\/noticias\/coronavoucher-governo-usara-aplicativo-para-cadastrar-trabalhadores\/#primaryimage"},"thumbnailUrl":"https:\/\/files.sunoresearch.com.br\/n\/uploads\/2019\/08\/72dc15d5-dinheiro.jpg-jpeg.webp","datePublished":"2020-04-04T16:31:04+00:00","dateModified":"2020-04-04T16:33:23+00:00","description":"Trabalhadores n\u00e3o listados nos cadastros do governo devem se alistar usando aplicativo para receber coronavoucher. Clique aqui para saber mais","breadcrumb":{"@id":"https:\/\/www.suno.com.br\/noticias\/coronavoucher-governo-usara-aplicativo-para-cadastrar-trabalhadores\/#breadcrumb"},"inLanguage":"pt-BR","potentialAction":[{"@type":"ReadAction","target":["https:\/\/www.suno.com.br\/noticias\/coronavoucher-governo-usara-aplicativo-para-cadastrar-trabalhadores\/"]}]},{"@type":"ImageObject","inLanguage":"pt-BR","@id":"https:\/\/www.suno.com.br\/noticias\/coronavoucher-governo-usara-aplicativo-para-cadastrar-trabalhadores\/#primaryimage","url":"https:\/\/files.sunoresearch.com.br\/n\/uploads\/2019\/08\/72dc15d5-dinheiro.jpg-jpeg.webp","contentUrl":"https:\/\/files.sunoresearch.com.br\/n\/uploads\/2019\/08\/72dc15d5-dinheiro.jpg-jpeg.webp","width":1201,"height":800,"caption":"O preg\u00e3o do Tesouro Direto funciona das 9h30 \u00e0s 18h."},{"@type":"BreadcrumbList","@id":"https:\/\/www.suno.com.br\/noticias\/coronavoucher-governo-usara-aplicativo-para-cadastrar-trabalhadores\/#breadcrumb","itemListElement":[{"@type":"ListItem","position":1,"name":"Not\u00edcias","item":"https:\/\/www.suno.com.br\/noticias\/"},{"@type":"ListItem","position":2,"name":"Economia","item":"https:\/\/www.suno.com.br\/noticias\/economia\/"},{"@type":"ListItem","position":3,"name":"Coronavoucher: governo usar\u00e1 aplicativo para cadastrar trabalhadores"}]},{"@type":"WebSite","@id":"https:\/\/www.suno.com.br\/noticias\/#website","url":"https:\/\/www.suno.com.br\/noticias\/","name":"Suno Not\u00edcias","description":"Seu portal de informa\u00e7\u00e3o sobre o mundo dos investimentos","publisher":{"@id":"https:\/\/www.suno.com.br\/noticias\/#organization"},"potentialAction":[{"@type":"SearchAction","target":{"@type":"EntryPoint","urlTemplate":"https:\/\/www.suno.com.br\/noticias\/?s={search_term_string}"},"query-input":{"@type":"PropertyValueSpecification","valueRequired":true,"valueName":"search_term_string"}}],"inLanguage":"pt-BR"},{"@type":"Organization","@id":"https:\/\/www.suno.com.br\/noticias\/#organization","name":"Suno Not\u00edcias","url":"https:\/\/www.suno.com.br\/noticias\/","logo":{"@type":"ImageObject","inLanguage":"pt-BR","@id":"https:\/\/www.suno.com.br\/noticias\/#\/schema\/logo\/image\/","url":"https:\/\/files.sunoresearch.com.br\/n\/uploads\/2021\/09\/suno-logo.png","contentUrl":"https:\/\/files.sunoresearch.com.br\/n\/uploads\/2021\/09\/suno-logo.png","width":180,"height":180,"caption":"Suno Not\u00edcias"},"image":{"@id":"https:\/\/www.suno.com.br\/noticias\/#\/schema\/logo\/image\/"},"sameAs":["https:\/\/facebook.com\/sunoresearch","https:\/\/x.com\/sunoresearch","https:\/\/www.instagram.com\/suno","https:\/\/www.linkedin.com\/company\/suno-research\/","https:\/\/www.youtube.com\/c\/sunoresearch"]},{"@type":"Person","@id":"https:\/\/www.suno.com.br\/noticias\/#\/schema\/person\/3df0d2808748b74496efe5dbeaef2c72","name":"Laura Moutinho","image":{"@type":"ImageObject","inLanguage":"pt-BR","@id":"https:\/\/www.suno.com.br\/noticias\/#\/schema\/person\/image\/","url":"https:\/\/secure.gravatar.com\/avatar\/7571c7c8ca3a6fca5e41384ece5557ff?s=96&r=g","contentUrl":"https:\/\/secure.gravatar.com\/avatar\/7571c7c8ca3a6fca5e41384ece5557ff?s=96&r=g","caption":"Laura Moutinho"},"description":"Estagi\u00e1ria na Suno Not\u00edcias, escreve not\u00edcias que afetam o mercado financeiro. Estuda administra\u00e7\u00e3o na Universidade Presbiteriana Mackenzie.","url":"https:\/\/www.suno.com.br\/noticias\/author\/laura-moutinho\/"}]}},"default_loop_html":"<div class=\"cardsPage__listCard__boxs\"><div class=\"cardsPage__listCard__boxs__img\"><a href=\"https:\/\/www.suno.com.br\/noticias\/coronavoucher-governo-usara-aplicativo-para-cadastrar-trabalhadores\/\"><img class=\"mask\" src=\"https:\/\/www.suno.com.br\/noticias\/wp-content\/themes\/suno\/resources\/images\/spotlight\/spotlight1img\/bg-mask.png\" alt=\"Image Mask\"\/><img src=\"https:\/\/files.sunoresearch.com.br\/n\/uploads\/2019\/08\/72dc15d5-dinheiro.jpg-400x200.webp\" alt=\"Coronavoucher: governo usar\u00e1 aplicativo para cadastrar trabalhadores\"\/><\/a><span class=\"spotlightCategory\"><a href=\"https:\/\/www.suno.com.br\/noticias\/economia\/\">Economia<\/a><\/span><\/div><div class=\"cardsPage__listCard__boxs__content\"><a href=\"https:\/\/www.suno.com.br\/noticias\/coronavoucher-governo-usara-aplicativo-para-cadastrar-trabalhadores\/\"><h2 class=\"content__title\">Coronavoucher: governo usar\u00e1 aplicativo para cadastrar trabalhadores<\/h2><\/a><div class=\"newsContent__article__meta\"><div class=\"newsContent__article__meta__authorBox\"><a href=\"https:\/\/www.suno.com.br\/noticias\/author\/laura-moutinho\/\" class=\"authorBox__avatar noMobi\"><img src=\"https:\/\/files.sunoresearch.com.br\/n\/uploads\/2020\/08\/531ff69d-whatsapp-image-2020-08-03-at-14.54.38-150x150.webp\" alt=\"Laura Moutinho\"><\/a><div class=\"authorBox__name\"><span>por\n\t\t\t<a href=\"https:\/\/www.suno.com.br\/noticias\/author\/laura-moutinho\/\"><span itemprop=\"author\">Laura Moutinho<\/span><\/a><\/span><time datetime=\"2020-04-04T13:31:04-03:00\" itemprop=\"datePublished\">04\/04\/2020 13:31<\/time><\/div><\/div><\/div><\/div><\/div>","single_layout":"posts","amp_enabled":true,"_links":{"self":[{"href":"https:\/\/www.suno.com.br\/noticias\/wp-json\/wp\/v2\/posts\/60471"}],"collection":[{"href":"https:\/\/www.suno.com.br\/noticias\/wp-json\/wp\/v2\/posts"}],"about":[{"href":"https:\/\/www.suno.com.br\/noticias\/wp-json\/wp\/v2\/types\/post"}],"author":[{"embeddable":true,"href":"https:\/\/www.suno.com.br\/noticias\/wp-json\/wp\/v2\/users\/39"}],"replies":[{"embeddable":true,"href":"https:\/\/www.suno.com.br\/noticias\/wp-json\/wp\/v2\/comments?post=60471"}],"version-history":[{"count":0,"href":"https:\/\/www.suno.com.br\/noticias\/wp-json\/wp\/v2\/posts\/60471\/revisions"}],"wp:featuredmedia":[{"embeddable":true,"href":"https:\/\/www.suno.com.br\/noticias\/wp-json\/wp\/v2\/media\/35812"}],"wp:attachment":[{"href":"https:\/\/www.suno.com.br\/noticias\/wp-json\/wp\/v2\/media?parent=60471"}],"wp:term":[{"taxonomy":"category","embeddable":true,"href":"https:\/\/www.suno.com.br\/noticias\/wp-json\/wp\/v2\/categories?post=60471"},{"taxonomy":"post_tag","embeddable":true,"href":"https:\/\/www.suno.com.br\/noticias\/wp-json\/wp\/v2\/tags?post=60471"},{"taxonomy":"suno_strategy","embeddable":true,"href":"https:\/\/www.suno.com.br\/noticias\/wp-json\/wp\/v2\/suno_strategy?post=60471"}],"curies":[{"name":"wp","href":"https:\/\/api.w.org\/{rel}","templated":true}]}}