{"id":60442,"date":"2020-04-03T21:03:23","date_gmt":"2020-04-04T00:03:23","guid":{"rendered":"https:\/\/www.suno.com.br\/noticias\/?p=60442"},"modified":"2020-04-03T21:08:56","modified_gmt":"2020-04-04T00:08:56","slug":"senado-zerar-tarifas-bancarias","status":"publish","type":"post","link":"https:\/\/www.suno.com.br\/noticias\/senado-zerar-tarifas-bancarias\/","title":{"rendered":"Senado avalia zerar tarifas banc\u00e1rias at\u00e9 o final do ano em fun\u00e7\u00e3o da crise"},"content":{"rendered":"<p>O Senado Federal analisa projeto de lei que suspende a cobran\u00e7a de tarifas banc\u00e1rias sobre opera\u00e7\u00f5es financeiras at\u00e9 o final do ano em fun\u00e7\u00e3o da crise provocada pelo novo coronav\u00edrus (covid-19).<\/p>\t<div class=\"wrapper-featured-image\">\n\t\t<figure class=\"spotlightImg\">\n\n\t\t\t<picture>\n\t\t\t\t<source media=\"(max-width: 768px)\" srcset=\"https:\/\/files.sunoresearch.com.br\/n\/uploads\/2019\/10\/556f9a6e-senado-400x200.webp\">\n\t\t\t\t<img loading=\"lazy\" decoding=\"async\" class=\"newsContent__article__imgCapa lazyloadDisabled newsContent__article__imgCapa--noCaption\" src=\"https:\/\/files.sunoresearch.com.br\/n\/uploads\/2019\/10\/556f9a6e-senado-800x450.webp\" width=\"800\" height=\"450\" alt=\"Senado avalia zerar tarifas banc\u00e1rias at\u00e9 o final do ano em fun\u00e7\u00e3o da crise\" fetchpriority=high \/>\n\t\t\t<\/picture>\n\n\t\t\t<figcaption class=\"wp-caption-text wp-caption-text--hide\">PEC dos Precat\u00f3rios: altera\u00e7\u00f5es propostas pelo Senado ser\u00e3o votadas na pr\u00f3xima ter\u00e7a-feira (14) no Plen\u00e1rio da C\u00e2mara<\/figcaption>\n\t\t<\/figure>\n\t<\/div>\n\n\n\n<p>A medida est\u00e1 prevista no PL 1.342\/2020, do senador Alvaro Dias (Podemos-PR). O parlamentar defende que, em meio \u00e0 pandemia, a suspens\u00e3o das tarifas banc\u00e1rias \u00e9 uma necessidade e a popula\u00e7\u00e3o precisa ter acesso\u201csem restri\u00e7\u00f5es\u201d, a servi\u00e7os essenciais.<\/p>\n<p><iframe loading=\"lazy\" title=\"?Coronavoucher inicia na semana que vem; Via Varejo cancela assembleias e JBS contrata\" width=\"1080\" height=\"608\" src=\"https:\/\/www.youtube.com\/embed\/bnjZelbocXg?feature=oembed\" frameborder=\"0\" allow=\"accelerometer; autoplay; encrypted-media; gyroscope; picture-in-picture\" allowfullscreen><\/iframe><\/p>\n<p>\u201cA situa\u00e7\u00e3o exige que as fam\u00edlias efetuem transfer\u00eancias entre seus membros e o fa\u00e7am para outras pessoas com dificuldades, em solidariedade\u201d, escreveu o Alvaro Dias em sua justificativa para o projeto de lei.<\/p>\n<p>O <a href=\"https:\/\/www.suno.com.br\/artigos\/bacen\/\">Banco Central (BC)<\/a> classifica as transfer\u00eancias banc\u00e1rias como servi\u00e7os essenciais a popula\u00e7\u00e3o\u00a0 (Resolu\u00e7\u00e3o 3.919, de 2010). A autarquia central identifica como fundamentais apenas opera\u00e7\u00f5es com limite de duas feitas por m\u00eas entre contas correntes da mesma institui\u00e7\u00e3o financeira. Ou ainda, duas por m\u00eas para contas de poupan\u00e7a do mesmo titular.<\/p>\n<p>Nessas condi\u00e7\u00f5es, segundo o Banco Central, n\u00e3o \u00e9 permitida a cobran\u00e7a tarifas. O projeto encabe\u00e7ado pelo senador Alvaro Dias veda a cobran\u00e7a em qualquer circunst\u00e2ncia\u00a0 at\u00e9 o dia 31 de dezembro deste ano.<\/p>\n<h2>Despesas com tarifas banc\u00e1rias crescem 150% desde 2009, diz IBGE<\/h2>\n<p>Segundo informa\u00e7\u00f5es do <strong>Instituto Brasileiro de Geografia e Estat\u00edstica (IBGE)<\/strong>, divulgadas em outubro do ano passado, o gasto dos brasileiros com tarifas banc\u00e1rias cresceu 150% em cerca de dez anos.<\/p>\n<p><a href=\"https:\/\/www.suno.com.br\/noticias\/despesas-tarifas-bancarias-150-ibge\/\">Saiba mais: Despesas com tarifas banc\u00e1rias crescem 150% desde 2009, diz IBGE<\/a><\/p>\n<p>Desde 2009 o n\u00famero de cart\u00f5es de cr\u00e9dito ativos no sistema financeiro cresceu 34%. Isso poderia explicar, em parte, o aumento t\u00e3o relevante das tarifas banc\u00e1rias.<\/p>\n<p>Segundo os dados do Banco Central divulgados em setembro do ano passado, as tarifas de anuidade cresceram de cerca de 80%, descontando a infla\u00e7\u00e3o. Um aumento registrado mesmo com o aumento do n\u00famero de cart\u00f5es que n\u00e3o cobram anuidade.<\/p>\n<p>Na Pesquisa de Or\u00e7amentos Familiares (POF), realizada pelo IBGE, as <strong>tarifas banc\u00e1rias<\/strong> em 2009 representavam 0,4% da renda familiar dos brasileiros, contra 1% registrado em 2018.<\/p>\n\n","protected":false},"excerpt":{"rendered":"<p>O Senado Federal analisa projeto de lei que suspende a cobran\u00e7a de tarifas banc\u00e1rias sobre opera\u00e7\u00f5es financeiras at\u00e9 o final do ano em fun\u00e7\u00e3o da crise provocada pelo novo coronav\u00edrus (covid-19). PEC dos Precat\u00f3rios: altera\u00e7\u00f5es propostas pelo Senado ser\u00e3o votadas na pr\u00f3xima ter\u00e7a-feira (14) no Plen\u00e1rio da C\u00e2mara A medida est\u00e1 prevista no PL 1.342\/2020, [&hellip;]<\/p>\n","protected":false},"author":35,"featured_media":39670,"comment_status":"closed","ping_status":"closed","sticky":false,"template":"","format":"standard","meta":[],"categories":[64],"tags":[1842,1068,1841],"suno_strategy":[],"class_list":["post-60442","post","type-post","status-publish","format-standard","has-post-thumbnail","hentry","category-negocios","tag-banco-central-bc","tag-senado-federal","tag-tarifas-bancarias"],"yoast_head":"<!-- This site is optimized with the Yoast SEO plugin v24.4 - https:\/\/yoast.com\/wordpress\/plugins\/seo\/ -->\n<title>Senado avalia zerar tarifas banc\u00e1rias at\u00e9 o final do ano em fun\u00e7\u00e3o da crise<\/title>\n<meta name=\"description\" content=\"O Senado analisa projeto que suspende a cobran\u00e7a de tarifas banc\u00e1rias at\u00e9 o final do ano devido \u00e0 crise do coronav\u00edrus.Clique para saber mais\" \/>\n<meta name=\"robots\" content=\"index, follow, max-snippet:-1, max-image-preview:large, max-video-preview:-1\" \/>\n<link rel=\"canonical\" href=\"https:\/\/www.suno.com.br\/noticias\/senado-zerar-tarifas-bancarias\/\" \/>\n<meta property=\"og:locale\" content=\"pt_BR\" \/>\n<meta property=\"og:type\" content=\"article\" \/>\n<meta property=\"og:title\" content=\"Senado avalia zerar tarifas banc\u00e1rias at\u00e9 o final do ano em fun\u00e7\u00e3o da crise\" \/>\n<meta property=\"og:description\" content=\"O Senado analisa projeto que suspende a cobran\u00e7a de tarifas banc\u00e1rias at\u00e9 o final do ano devido \u00e0 crise do coronav\u00edrus.Clique para saber mais\" \/>\n<meta property=\"og:url\" content=\"https:\/\/www.suno.com.br\/noticias\/senado-zerar-tarifas-bancarias\/\" \/>\n<meta property=\"og:site_name\" content=\"Suno Not\u00edcias\" \/>\n<meta property=\"article:publisher\" content=\"https:\/\/facebook.com\/sunoresearch\" \/>\n<meta property=\"og:image\" content=\"https:\/\/files.sunoresearch.com.br\/n\/uploads\/2019\/10\/556f9a6e-senado.jpg\" \/>\n\t<meta property=\"og:image:width\" content=\"1920\" \/>\n\t<meta property=\"og:image:height\" content=\"1080\" \/>\n\t<meta property=\"og:image:type\" content=\"image\/jpeg\" \/>\n<meta name=\"author\" content=\"Arthur Guimar\u00e3es\" \/>\n<meta name=\"twitter:card\" content=\"summary_large_image\" \/>\n<meta name=\"twitter:creator\" content=\"@sunoresearch\" \/>\n<meta name=\"twitter:site\" content=\"@sunoresearch\" \/>\n<meta name=\"twitter:label1\" content=\"Escrito por\" \/>\n\t<meta name=\"twitter:data1\" content=\"Arthur Guimar\u00e3es\" \/>\n\t<meta name=\"twitter:label2\" content=\"Est. tempo de leitura\" \/>\n\t<meta name=\"twitter:data2\" content=\"2 minutos\" \/>\n<script type=\"application\/ld+json\" class=\"yoast-schema-graph\">{\"@context\":\"https:\/\/schema.org\",\"@graph\":[{\"@type\":\"NewsArticle\",\"@id\":\"https:\/\/www.suno.com.br\/noticias\/senado-zerar-tarifas-bancarias\/#article\",\"isPartOf\":{\"@id\":\"https:\/\/www.suno.com.br\/noticias\/senado-zerar-tarifas-bancarias\/\"},\"author\":{\"name\":\"Arthur Guimar\u00e3es\",\"@id\":\"https:\/\/www.suno.com.br\/noticias\/#\/schema\/person\/053a750a709a263919a20f976caae91c\"},\"headline\":\"Senado avalia zerar tarifas banc\u00e1rias at\u00e9 o final do ano em fun\u00e7\u00e3o da crise\",\"datePublished\":\"2020-04-04T00:03:23+00:00\",\"dateModified\":\"2020-04-04T00:08:56+00:00\",\"mainEntityOfPage\":{\"@id\":\"https:\/\/www.suno.com.br\/noticias\/senado-zerar-tarifas-bancarias\/\"},\"wordCount\":390,\"publisher\":{\"@id\":\"https:\/\/www.suno.com.br\/noticias\/#organization\"},\"image\":{\"@id\":\"https:\/\/www.suno.com.br\/noticias\/senado-zerar-tarifas-bancarias\/#primaryimage\"},\"thumbnailUrl\":\"https:\/\/files.sunoresearch.com.br\/n\/uploads\/2019\/10\/556f9a6e-senado-jpg.webp\",\"keywords\":[\"Banco Central (BC)\",\"Senado Federal\",\"tarifas banc\u00e1rias\"],\"articleSection\":[\"Neg\u00f3cios\"],\"inLanguage\":\"pt-BR\"},{\"@type\":\"WebPage\",\"@id\":\"https:\/\/www.suno.com.br\/noticias\/senado-zerar-tarifas-bancarias\/\",\"url\":\"https:\/\/www.suno.com.br\/noticias\/senado-zerar-tarifas-bancarias\/\",\"name\":\"Senado avalia zerar tarifas banc\u00e1rias at\u00e9 o final do ano em fun\u00e7\u00e3o da crise\",\"isPartOf\":{\"@id\":\"https:\/\/www.suno.com.br\/noticias\/#website\"},\"primaryImageOfPage\":{\"@id\":\"https:\/\/www.suno.com.br\/noticias\/senado-zerar-tarifas-bancarias\/#primaryimage\"},\"image\":{\"@id\":\"https:\/\/www.suno.com.br\/noticias\/senado-zerar-tarifas-bancarias\/#primaryimage\"},\"thumbnailUrl\":\"https:\/\/files.sunoresearch.com.br\/n\/uploads\/2019\/10\/556f9a6e-senado-jpg.webp\",\"datePublished\":\"2020-04-04T00:03:23+00:00\",\"dateModified\":\"2020-04-04T00:08:56+00:00\",\"description\":\"O Senado analisa projeto que suspende a cobran\u00e7a de tarifas banc\u00e1rias at\u00e9 o final do ano devido \u00e0 crise do coronav\u00edrus.Clique para saber mais\",\"breadcrumb\":{\"@id\":\"https:\/\/www.suno.com.br\/noticias\/senado-zerar-tarifas-bancarias\/#breadcrumb\"},\"inLanguage\":\"pt-BR\",\"potentialAction\":[{\"@type\":\"ReadAction\",\"target\":[\"https:\/\/www.suno.com.br\/noticias\/senado-zerar-tarifas-bancarias\/\"]}]},{\"@type\":\"ImageObject\",\"inLanguage\":\"pt-BR\",\"@id\":\"https:\/\/www.suno.com.br\/noticias\/senado-zerar-tarifas-bancarias\/#primaryimage\",\"url\":\"https:\/\/files.sunoresearch.com.br\/n\/uploads\/2019\/10\/556f9a6e-senado-jpg.webp\",\"contentUrl\":\"https:\/\/files.sunoresearch.com.br\/n\/uploads\/2019\/10\/556f9a6e-senado-jpg.webp\",\"width\":1920,\"height\":1080,\"caption\":\"PEC dos Precat\u00f3rios: altera\u00e7\u00f5es propostas pelo Senado ser\u00e3o votadas na pr\u00f3xima ter\u00e7a-feira (14) no Plen\u00e1rio da C\u00e2mara\"},{\"@type\":\"BreadcrumbList\",\"@id\":\"https:\/\/www.suno.com.br\/noticias\/senado-zerar-tarifas-bancarias\/#breadcrumb\",\"itemListElement\":[{\"@type\":\"ListItem\",\"position\":1,\"name\":\"Not\u00edcias\",\"item\":\"https:\/\/www.suno.com.br\/noticias\/\"},{\"@type\":\"ListItem\",\"position\":2,\"name\":\"Neg\u00f3cios\",\"item\":\"https:\/\/www.suno.com.br\/noticias\/negocios\/\"},{\"@type\":\"ListItem\",\"position\":3,\"name\":\"Senado avalia zerar tarifas banc\u00e1rias at\u00e9 o final do ano em fun\u00e7\u00e3o da crise\"}]},{\"@type\":\"WebSite\",\"@id\":\"https:\/\/www.suno.com.br\/noticias\/#website\",\"url\":\"https:\/\/www.suno.com.br\/noticias\/\",\"name\":\"Suno Not\u00edcias\",\"description\":\"Seu portal de informa\u00e7\u00e3o sobre o mundo dos investimentos\",\"publisher\":{\"@id\":\"https:\/\/www.suno.com.br\/noticias\/#organization\"},\"potentialAction\":[{\"@type\":\"SearchAction\",\"target\":{\"@type\":\"EntryPoint\",\"urlTemplate\":\"https:\/\/www.suno.com.br\/noticias\/?s={search_term_string}\"},\"query-input\":{\"@type\":\"PropertyValueSpecification\",\"valueRequired\":true,\"valueName\":\"search_term_string\"}}],\"inLanguage\":\"pt-BR\"},{\"@type\":\"Organization\",\"@id\":\"https:\/\/www.suno.com.br\/noticias\/#organization\",\"name\":\"Suno Not\u00edcias\",\"url\":\"https:\/\/www.suno.com.br\/noticias\/\",\"logo\":{\"@type\":\"ImageObject\",\"inLanguage\":\"pt-BR\",\"@id\":\"https:\/\/www.suno.com.br\/noticias\/#\/schema\/logo\/image\/\",\"url\":\"https:\/\/files.sunoresearch.com.br\/n\/uploads\/2021\/09\/suno-logo.png\",\"contentUrl\":\"https:\/\/files.sunoresearch.com.br\/n\/uploads\/2021\/09\/suno-logo.png\",\"width\":180,\"height\":180,\"caption\":\"Suno Not\u00edcias\"},\"image\":{\"@id\":\"https:\/\/www.suno.com.br\/noticias\/#\/schema\/logo\/image\/\"},\"sameAs\":[\"https:\/\/facebook.com\/sunoresearch\",\"https:\/\/x.com\/sunoresearch\",\"https:\/\/www.instagram.com\/suno\",\"https:\/\/www.linkedin.com\/company\/suno-research\/\",\"https:\/\/www.youtube.com\/c\/sunoresearch\"]},{\"@type\":\"Person\",\"@id\":\"https:\/\/www.suno.com.br\/noticias\/#\/schema\/person\/053a750a709a263919a20f976caae91c\",\"name\":\"Arthur Guimar\u00e3es\",\"image\":{\"@type\":\"ImageObject\",\"inLanguage\":\"pt-BR\",\"@id\":\"https:\/\/www.suno.com.br\/noticias\/#\/schema\/person\/image\/\",\"url\":\"https:\/\/secure.gravatar.com\/avatar\/1affd86a11209ae09eb6dd3bcad3e96c?s=96&r=g\",\"contentUrl\":\"https:\/\/secure.gravatar.com\/avatar\/1affd86a11209ae09eb6dd3bcad3e96c?s=96&r=g\",\"caption\":\"Arthur Guimar\u00e3es\"},\"description\":\"Arthur Guimar\u00e3es escreve sobre pol\u00edtica, economia e neg\u00f3cios para o portal de not\u00edcias da Suno Research. Atualmente, \u00e9 estudante de jornalismo pela Faculdade C\u00e1sper L\u00edbero.\",\"url\":\"https:\/\/www.suno.com.br\/noticias\/author\/arthur-guimaraes\/\"}]}<\/script>\n<!-- \/ Yoast SEO plugin. -->","yoast_head_json":{"title":"Senado avalia zerar tarifas banc\u00e1rias at\u00e9 o final do ano em fun\u00e7\u00e3o da crise","description":"O Senado analisa projeto que suspende a cobran\u00e7a de tarifas banc\u00e1rias at\u00e9 o final do ano devido \u00e0 crise do coronav\u00edrus.Clique para saber mais","robots":{"index":"index","follow":"follow","max-snippet":"max-snippet:-1","max-image-preview":"max-image-preview:large","max-video-preview":"max-video-preview:-1"},"canonical":"https:\/\/www.suno.com.br\/noticias\/senado-zerar-tarifas-bancarias\/","og_locale":"pt_BR","og_type":"article","og_title":"Senado avalia zerar tarifas banc\u00e1rias at\u00e9 o final do ano em fun\u00e7\u00e3o da crise","og_description":"O Senado analisa projeto que suspende a cobran\u00e7a de tarifas banc\u00e1rias at\u00e9 o final do ano devido \u00e0 crise do coronav\u00edrus.Clique para saber mais","og_url":"https:\/\/www.suno.com.br\/noticias\/senado-zerar-tarifas-bancarias\/","og_site_name":"Suno Not\u00edcias","article_publisher":"https:\/\/facebook.com\/sunoresearch","og_image":[{"width":1920,"height":1080,"url":"https:\/\/files.sunoresearch.com.br\/n\/uploads\/2019\/10\/556f9a6e-senado.jpg","type":"image\/jpeg"}],"author":"Arthur Guimar\u00e3es","twitter_card":"summary_large_image","twitter_creator":"@sunoresearch","twitter_site":"@sunoresearch","twitter_misc":{"Escrito por":"Arthur Guimar\u00e3es","Est. tempo de leitura":"2 minutos"},"schema":{"@context":"https:\/\/schema.org","@graph":[{"@type":"NewsArticle","@id":"https:\/\/www.suno.com.br\/noticias\/senado-zerar-tarifas-bancarias\/#article","isPartOf":{"@id":"https:\/\/www.suno.com.br\/noticias\/senado-zerar-tarifas-bancarias\/"},"author":{"name":"Arthur Guimar\u00e3es","@id":"https:\/\/www.suno.com.br\/noticias\/#\/schema\/person\/053a750a709a263919a20f976caae91c"},"headline":"Senado avalia zerar tarifas banc\u00e1rias at\u00e9 o final do ano em fun\u00e7\u00e3o da crise","datePublished":"2020-04-04T00:03:23+00:00","dateModified":"2020-04-04T00:08:56+00:00","mainEntityOfPage":{"@id":"https:\/\/www.suno.com.br\/noticias\/senado-zerar-tarifas-bancarias\/"},"wordCount":390,"publisher":{"@id":"https:\/\/www.suno.com.br\/noticias\/#organization"},"image":{"@id":"https:\/\/www.suno.com.br\/noticias\/senado-zerar-tarifas-bancarias\/#primaryimage"},"thumbnailUrl":"https:\/\/files.sunoresearch.com.br\/n\/uploads\/2019\/10\/556f9a6e-senado-jpg.webp","keywords":["Banco Central (BC)","Senado Federal","tarifas banc\u00e1rias"],"articleSection":["Neg\u00f3cios"],"inLanguage":"pt-BR"},{"@type":"WebPage","@id":"https:\/\/www.suno.com.br\/noticias\/senado-zerar-tarifas-bancarias\/","url":"https:\/\/www.suno.com.br\/noticias\/senado-zerar-tarifas-bancarias\/","name":"Senado avalia zerar tarifas banc\u00e1rias at\u00e9 o final do ano em fun\u00e7\u00e3o da crise","isPartOf":{"@id":"https:\/\/www.suno.com.br\/noticias\/#website"},"primaryImageOfPage":{"@id":"https:\/\/www.suno.com.br\/noticias\/senado-zerar-tarifas-bancarias\/#primaryimage"},"image":{"@id":"https:\/\/www.suno.com.br\/noticias\/senado-zerar-tarifas-bancarias\/#primaryimage"},"thumbnailUrl":"https:\/\/files.sunoresearch.com.br\/n\/uploads\/2019\/10\/556f9a6e-senado-jpg.webp","datePublished":"2020-04-04T00:03:23+00:00","dateModified":"2020-04-04T00:08:56+00:00","description":"O Senado analisa projeto que suspende a cobran\u00e7a de tarifas banc\u00e1rias at\u00e9 o final do ano devido \u00e0 crise do coronav\u00edrus.Clique para saber mais","breadcrumb":{"@id":"https:\/\/www.suno.com.br\/noticias\/senado-zerar-tarifas-bancarias\/#breadcrumb"},"inLanguage":"pt-BR","potentialAction":[{"@type":"ReadAction","target":["https:\/\/www.suno.com.br\/noticias\/senado-zerar-tarifas-bancarias\/"]}]},{"@type":"ImageObject","inLanguage":"pt-BR","@id":"https:\/\/www.suno.com.br\/noticias\/senado-zerar-tarifas-bancarias\/#primaryimage","url":"https:\/\/files.sunoresearch.com.br\/n\/uploads\/2019\/10\/556f9a6e-senado-jpg.webp","contentUrl":"https:\/\/files.sunoresearch.com.br\/n\/uploads\/2019\/10\/556f9a6e-senado-jpg.webp","width":1920,"height":1080,"caption":"PEC dos Precat\u00f3rios: altera\u00e7\u00f5es propostas pelo Senado ser\u00e3o votadas na pr\u00f3xima ter\u00e7a-feira (14) no Plen\u00e1rio da C\u00e2mara"},{"@type":"BreadcrumbList","@id":"https:\/\/www.suno.com.br\/noticias\/senado-zerar-tarifas-bancarias\/#breadcrumb","itemListElement":[{"@type":"ListItem","position":1,"name":"Not\u00edcias","item":"https:\/\/www.suno.com.br\/noticias\/"},{"@type":"ListItem","position":2,"name":"Neg\u00f3cios","item":"https:\/\/www.suno.com.br\/noticias\/negocios\/"},{"@type":"ListItem","position":3,"name":"Senado avalia zerar tarifas banc\u00e1rias at\u00e9 o final do ano em fun\u00e7\u00e3o da crise"}]},{"@type":"WebSite","@id":"https:\/\/www.suno.com.br\/noticias\/#website","url":"https:\/\/www.suno.com.br\/noticias\/","name":"Suno Not\u00edcias","description":"Seu portal de informa\u00e7\u00e3o sobre o mundo dos investimentos","publisher":{"@id":"https:\/\/www.suno.com.br\/noticias\/#organization"},"potentialAction":[{"@type":"SearchAction","target":{"@type":"EntryPoint","urlTemplate":"https:\/\/www.suno.com.br\/noticias\/?s={search_term_string}"},"query-input":{"@type":"PropertyValueSpecification","valueRequired":true,"valueName":"search_term_string"}}],"inLanguage":"pt-BR"},{"@type":"Organization","@id":"https:\/\/www.suno.com.br\/noticias\/#organization","name":"Suno Not\u00edcias","url":"https:\/\/www.suno.com.br\/noticias\/","logo":{"@type":"ImageObject","inLanguage":"pt-BR","@id":"https:\/\/www.suno.com.br\/noticias\/#\/schema\/logo\/image\/","url":"https:\/\/files.sunoresearch.com.br\/n\/uploads\/2021\/09\/suno-logo.png","contentUrl":"https:\/\/files.sunoresearch.com.br\/n\/uploads\/2021\/09\/suno-logo.png","width":180,"height":180,"caption":"Suno Not\u00edcias"},"image":{"@id":"https:\/\/www.suno.com.br\/noticias\/#\/schema\/logo\/image\/"},"sameAs":["https:\/\/facebook.com\/sunoresearch","https:\/\/x.com\/sunoresearch","https:\/\/www.instagram.com\/suno","https:\/\/www.linkedin.com\/company\/suno-research\/","https:\/\/www.youtube.com\/c\/sunoresearch"]},{"@type":"Person","@id":"https:\/\/www.suno.com.br\/noticias\/#\/schema\/person\/053a750a709a263919a20f976caae91c","name":"Arthur Guimar\u00e3es","image":{"@type":"ImageObject","inLanguage":"pt-BR","@id":"https:\/\/www.suno.com.br\/noticias\/#\/schema\/person\/image\/","url":"https:\/\/secure.gravatar.com\/avatar\/1affd86a11209ae09eb6dd3bcad3e96c?s=96&r=g","contentUrl":"https:\/\/secure.gravatar.com\/avatar\/1affd86a11209ae09eb6dd3bcad3e96c?s=96&r=g","caption":"Arthur Guimar\u00e3es"},"description":"Arthur Guimar\u00e3es escreve sobre pol\u00edtica, economia e neg\u00f3cios para o portal de not\u00edcias da Suno Research. Atualmente, \u00e9 estudante de jornalismo pela Faculdade C\u00e1sper L\u00edbero.","url":"https:\/\/www.suno.com.br\/noticias\/author\/arthur-guimaraes\/"}]}},"default_loop_html":"<div class=\"cardsPage__listCard__boxs\"><div class=\"cardsPage__listCard__boxs__img\"><a href=\"https:\/\/www.suno.com.br\/noticias\/senado-zerar-tarifas-bancarias\/\"><img class=\"mask\" src=\"https:\/\/www.suno.com.br\/noticias\/wp-content\/themes\/suno\/resources\/images\/spotlight\/spotlight1img\/bg-mask.png\" alt=\"Image Mask\"\/><img src=\"https:\/\/files.sunoresearch.com.br\/n\/uploads\/2019\/10\/556f9a6e-senado-400x200.webp\" alt=\"Senado avalia zerar tarifas banc\u00e1rias at\u00e9 o final do ano em fun\u00e7\u00e3o da crise\"\/><\/a><span class=\"spotlightCategory\"><a href=\"https:\/\/www.suno.com.br\/noticias\/negocios\/\">Neg\u00f3cios<\/a><\/span><\/div><div class=\"cardsPage__listCard__boxs__content\"><a href=\"https:\/\/www.suno.com.br\/noticias\/senado-zerar-tarifas-bancarias\/\"><h2 class=\"content__title\">Senado avalia zerar tarifas banc\u00e1rias at\u00e9 o final do ano em fun\u00e7\u00e3o da crise<\/h2><\/a><div class=\"newsContent__article__meta\"><div class=\"newsContent__article__meta__authorBox\"><a href=\"https:\/\/www.suno.com.br\/noticias\/author\/arthur-guimaraes\/\" class=\"authorBox__avatar noMobi\"><img src=\"https:\/\/files.sunoresearch.com.br\/n\/uploads\/2020\/02\/dfb40897-eu-150x150.webp\" alt=\"Arthur Guimar\u00e3es\"><\/a><div class=\"authorBox__name\"><span>por\n\t\t\t<a href=\"https:\/\/www.suno.com.br\/noticias\/author\/arthur-guimaraes\/\"><span itemprop=\"author\">Arthur Guimar\u00e3es<\/span><\/a><\/span><time datetime=\"2020-04-03T21:03:23-03:00\" itemprop=\"datePublished\">03\/04\/2020 21:03<\/time><\/div><\/div><\/div><\/div><\/div>","single_layout":"posts","amp_enabled":true,"_links":{"self":[{"href":"https:\/\/www.suno.com.br\/noticias\/wp-json\/wp\/v2\/posts\/60442"}],"collection":[{"href":"https:\/\/www.suno.com.br\/noticias\/wp-json\/wp\/v2\/posts"}],"about":[{"href":"https:\/\/www.suno.com.br\/noticias\/wp-json\/wp\/v2\/types\/post"}],"author":[{"embeddable":true,"href":"https:\/\/www.suno.com.br\/noticias\/wp-json\/wp\/v2\/users\/35"}],"replies":[{"embeddable":true,"href":"https:\/\/www.suno.com.br\/noticias\/wp-json\/wp\/v2\/comments?post=60442"}],"version-history":[{"count":0,"href":"https:\/\/www.suno.com.br\/noticias\/wp-json\/wp\/v2\/posts\/60442\/revisions"}],"wp:featuredmedia":[{"embeddable":true,"href":"https:\/\/www.suno.com.br\/noticias\/wp-json\/wp\/v2\/media\/39670"}],"wp:attachment":[{"href":"https:\/\/www.suno.com.br\/noticias\/wp-json\/wp\/v2\/media?parent=60442"}],"wp:term":[{"taxonomy":"category","embeddable":true,"href":"https:\/\/www.suno.com.br\/noticias\/wp-json\/wp\/v2\/categories?post=60442"},{"taxonomy":"post_tag","embeddable":true,"href":"https:\/\/www.suno.com.br\/noticias\/wp-json\/wp\/v2\/tags?post=60442"},{"taxonomy":"suno_strategy","embeddable":true,"href":"https:\/\/www.suno.com.br\/noticias\/wp-json\/wp\/v2\/suno_strategy?post=60442"}],"curies":[{"name":"wp","href":"https:\/\/api.w.org\/{rel}","templated":true}]}}