{"id":604156,"date":"2025-05-07T07:00:00","date_gmt":"2025-05-07T10:00:00","guid":{"rendered":"https:\/\/www.suno.com.br\/noticias\/?p=604156"},"modified":"2025-05-07T00:22:44","modified_gmt":"2025-05-07T03:22:44","slug":"nubank-roxo34-convite-roberto-campos-neto","status":"publish","type":"post","link":"https:\/\/www.suno.com.br\/noticias\/nubank-roxo34-convite-roberto-campos-neto\/","title":{"rendered":"Nubank (ROXO34) convida Campos Neto para ser diretor ap\u00f3s quarentena"},"content":{"rendered":"<p>O <strong>Nubank<\/strong> (ROXO34) convidou o economista <a class=\"suno-keyword\" target=\"_blank\" data-force=\"no\" data-priority=\"2\" href=\"https:\/\/www.suno.com.br\/tudo-sobre\/roberto-campos-neto\/\" rel=\"noopener\">Roberto Campos Neto<\/a>, ex-presidente do Banco Central, para ocupar postos em sua diretoria. De acordo com a institui\u00e7\u00e3o, o executivo manifestou a inten\u00e7\u00e3o de aceitar os cargos ap\u00f3s 1\u00ba de julho, quando se encerra a quarentena de seis meses que deve cumprir ap\u00f3s deixar o comando da autoridade monet\u00e1ria.<\/p>\t<div class=\"wrapper-featured-image\">\n\t\t<figure class=\"spotlightImg\">\n\n\t\t\t<picture>\n\t\t\t\t<source media=\"(max-width: 768px)\" srcset=\"https:\/\/files.sunoresearch.com.br\/n\/uploads\/2023\/08\/roberto-campos-neto-banco-central-400x200.jpg\">\n\t\t\t\t<img loading=\"lazy\" decoding=\"async\" class=\"newsContent__article__imgCapa lazyloadDisabled \" src=\"https:\/\/files.sunoresearch.com.br\/n\/uploads\/2023\/08\/roberto-campos-neto-banco-central-800x450.jpg\" width=\"800\" height=\"450\" alt=\"Nubank (ROXO34) convida Campos Neto para ser diretor ap\u00f3s quarentena\" fetchpriority=high \/>\n\t\t\t<\/picture>\n\n\t\t\t<figcaption class=\"wp-caption-text wp-caption-text--show\">Roberto Campos Neto - Foto: Raphael Ribeiro\/BCB<\/figcaption>\n\t\t<\/figure>\n\t<\/div>\n\n\n\n\n\n\n<p><\/p>\n\n\n\n<p>De acordo com a fintech, Campos Neto foi convidado para ocupar as posi\u00e7\u00f5es de diretor global de Pol\u00edticas P\u00fablicas, cargo que \u00e9 respons\u00e1vel pela intera\u00e7\u00e3o entre a empresa e os \u00f3rg\u00e3os reguladores dos pa\u00edses em que atua; e tamb\u00e9m de vice-chairman da fintech e de membro do <a class=\"suno-keyword\" target=\"_blank\" data-force=\"no\" data-priority=\"1\" href=\"https:\/\/www.suno.com.br\/artigos\/conselho-administracao\/\" rel=\"noopener\">conselho de administra\u00e7\u00e3o<\/a>.<\/p>\n\n\n\n<p>O executivo esteve \u00e0 frente do Banco Central entre 2019 e o final de 2024. Durante este per\u00edodo, no governo de Jair Bolsonaro, o Congresso aprovou a independ\u00eancia do Banco Central, e Campos Neto se tornou o primeiro presidente do regulador na nova fase, com mandato de quatro anos alternado com o do presidente da Rep\u00fablica.<\/p>\n\n\n\n<p>Desta forma, ele seguiu no BC mesmo com o in\u00edcio do terceiro mandato do presidente Luiz In\u00e1cio Lula da Silva, em 2023, sendo alvo de duras cr\u00edticas de v\u00e1rios pol\u00edticos da base governistas, al\u00e9m do pr\u00f3prio Lula.<\/p>\n\n\n\n<h2 class=\"wp-block-heading\">Nubank (ROXO34) convida Campos Neto: saiba mais<\/h2>\n\n\n\n<p>Antes de atuar no BC, Campos Neto fez carreira no <a class=\"suno-keyword\" target=\"_blank\" data-force=\"no\" data-priority=\"2\" href=\"https:\/\/www.suno.com.br\/guias\/mercado-financeiro\/\" rel=\"noopener\">mercado financeiro<\/a>, em quase todo o tempo nas mesas de opera\u00e7\u00f5es de bancos e de gestoras. Entre 2010 e 2019, foi o respons\u00e1vel pelas \u00e1reas de tesouraria e formador de mercado regional e internacional no <a class=\"suno-keyword\" target=\"_blank\" data-force=\"yes\" data-priority=\"2\" href=\"https:\/\/www.suno.com.br\/analitica\/acoes\/SANB11\/\" rel=\"noopener\">Santander (SANB11)<\/a>.<\/p>\n\n\n\n<p>Seu mandato no regulador foi marcado pelo lan\u00e7amento do Pix em 2020, fruto de um desenvolvimento que come\u00e7ou ainda sob a gest\u00e3o de Ilan Goldfajn, e do Open Finance. Al\u00e9m disso, tamb\u00e9m ocorreu em um contexto de salto da participa\u00e7\u00e3o de mercado das fintechs ap\u00f3s a pandemia da covid-19, que acelerou a digitaliza\u00e7\u00e3o dos servi\u00e7os financeiros. O Nubank liderou este processo.<\/p>\n\n\n\n<p>O destino de Campos Neto ap\u00f3s a passagem pelo BC vinha sendo alvo de especula\u00e7\u00f5es no mercado. Na imprensa, not\u00edcias deram conta de que ele recebeu sondagens de empresas como a JBS, algo que n\u00e3o chegou a ser confirmado. O convite do <strong>Nubank<\/strong> (ROXO34) foi o primeiro a ser oficializado.<\/p>\n\n\n\n<p class=\"newsProviderSignature\">Com Estad\u00e3o Conte\u00fado<\/p>\n","protected":false},"excerpt":{"rendered":"<p>O Nubank (ROXO34) convidou o economista Roberto Campos Neto, ex-presidente do Banco Central, para ocupar postos em sua diretoria. De acordo com a institui\u00e7\u00e3o, o executivo manifestou a inten\u00e7\u00e3o de aceitar os cargos ap\u00f3s 1\u00ba de julho, quando se encerra a quarentena de seis meses que deve cumprir ap\u00f3s deixar o comando da autoridade monet\u00e1ria. [&hellip;]<\/p>\n","protected":false},"author":43,"featured_media":437334,"comment_status":"closed","ping_status":"closed","sticky":false,"template":"","format":"standard","meta":[],"categories":[64],"tags":[107160,1113,107135],"suno_strategy":[],"class_list":["post-604156","post","type-post","status-publish","format-standard","has-post-thumbnail","hentry","category-negocios","tag-nubank-roxo34","tag-roberto-campos-neto","tag-roxo34"],"yoast_head":"<!-- This site is optimized with the Yoast SEO plugin v24.4 - https:\/\/yoast.com\/wordpress\/plugins\/seo\/ -->\n<title>Nubank (ROXO34) convida Campos Neto para ocupar cargos<\/title>\n<meta name=\"description\" content=\"Nubank (ROXO34) convidou ex-presidente do Banco Central para ser diretor global de Pol\u00edticas P\u00fablicas e vice-chairman.\" \/>\n<meta name=\"robots\" content=\"index, follow, max-snippet:-1, max-image-preview:large, max-video-preview:-1\" \/>\n<link rel=\"canonical\" href=\"https:\/\/www.suno.com.br\/noticias\/nubank-roxo34-convite-roberto-campos-neto\/\" \/>\n<meta property=\"og:locale\" content=\"pt_BR\" \/>\n<meta property=\"og:type\" content=\"article\" \/>\n<meta property=\"og:title\" content=\"Nubank (ROXO34) convida Campos Neto para ocupar cargos\" \/>\n<meta property=\"og:description\" content=\"Nubank (ROXO34) convidou ex-presidente do Banco Central para ser diretor global de Pol\u00edticas P\u00fablicas e vice-chairman.\" \/>\n<meta property=\"og:url\" content=\"https:\/\/www.suno.com.br\/noticias\/nubank-roxo34-convite-roberto-campos-neto\/\" \/>\n<meta property=\"og:site_name\" content=\"Suno Not\u00edcias\" \/>\n<meta property=\"article:publisher\" content=\"https:\/\/facebook.com\/sunoresearch\" \/>\n<meta property=\"article:author\" content=\"https:\/\/www.facebook.com\/sunonoticias\/\" \/>\n<meta property=\"og:image\" content=\"http:\/\/files.sunoresearch.com.br\/n\/uploads\/2023\/08\/roberto-campos-neto-banco-central.jpg\" \/>\n\t<meta property=\"og:image:width\" content=\"1200\" \/>\n\t<meta property=\"og:image:height\" content=\"800\" \/>\n\t<meta property=\"og:image:type\" content=\"image\/jpeg\" \/>\n<meta name=\"author\" content=\"Reda\u00e7\u00e3o Suno Not\u00edcias\" \/>\n<meta name=\"twitter:card\" content=\"summary_large_image\" \/>\n<meta name=\"twitter:creator\" content=\"@https:\/\/twitter.com\/sunoresearch\" \/>\n<meta name=\"twitter:site\" content=\"@sunoresearch\" \/>\n<meta name=\"twitter:label1\" content=\"Escrito por\" \/>\n\t<meta name=\"twitter:data1\" content=\"Reda\u00e7\u00e3o Suno Not\u00edcias\" \/>\n\t<meta name=\"twitter:label2\" content=\"Est. tempo de leitura\" \/>\n\t<meta name=\"twitter:data2\" content=\"3 minutos\" \/>\n<script type=\"application\/ld+json\" class=\"yoast-schema-graph\">{\"@context\":\"https:\/\/schema.org\",\"@graph\":[{\"@type\":\"NewsArticle\",\"@id\":\"https:\/\/www.suno.com.br\/noticias\/nubank-roxo34-convite-roberto-campos-neto\/#article\",\"isPartOf\":{\"@id\":\"https:\/\/www.suno.com.br\/noticias\/nubank-roxo34-convite-roberto-campos-neto\/\"},\"author\":{\"name\":\"Reda\u00e7\u00e3o Suno Not\u00edcias\",\"@id\":\"https:\/\/www.suno.com.br\/noticias\/#\/schema\/person\/c1b1bd3727fa852bd045e9dbff3673ea\"},\"headline\":\"Nubank (ROXO34) convida Campos Neto para ser diretor ap\u00f3s quarentena\",\"datePublished\":\"2025-05-07T10:00:00+00:00\",\"mainEntityOfPage\":{\"@id\":\"https:\/\/www.suno.com.br\/noticias\/nubank-roxo34-convite-roberto-campos-neto\/\"},\"wordCount\":409,\"publisher\":{\"@id\":\"https:\/\/www.suno.com.br\/noticias\/#organization\"},\"image\":{\"@id\":\"https:\/\/www.suno.com.br\/noticias\/nubank-roxo34-convite-roberto-campos-neto\/#primaryimage\"},\"thumbnailUrl\":\"https:\/\/files.sunoresearch.com.br\/n\/uploads\/2023\/08\/roberto-campos-neto-banco-central.jpg\",\"keywords\":[\"Nubank (ROXO34)\",\"Roberto Campos Neto\",\"ROXO34\"],\"articleSection\":[\"Neg\u00f3cios\"],\"inLanguage\":\"pt-BR\"},{\"@type\":\"WebPage\",\"@id\":\"https:\/\/www.suno.com.br\/noticias\/nubank-roxo34-convite-roberto-campos-neto\/\",\"url\":\"https:\/\/www.suno.com.br\/noticias\/nubank-roxo34-convite-roberto-campos-neto\/\",\"name\":\"Nubank (ROXO34) convida Campos Neto para ocupar cargos\",\"isPartOf\":{\"@id\":\"https:\/\/www.suno.com.br\/noticias\/#website\"},\"primaryImageOfPage\":{\"@id\":\"https:\/\/www.suno.com.br\/noticias\/nubank-roxo34-convite-roberto-campos-neto\/#primaryimage\"},\"image\":{\"@id\":\"https:\/\/www.suno.com.br\/noticias\/nubank-roxo34-convite-roberto-campos-neto\/#primaryimage\"},\"thumbnailUrl\":\"https:\/\/files.sunoresearch.com.br\/n\/uploads\/2023\/08\/roberto-campos-neto-banco-central.jpg\",\"datePublished\":\"2025-05-07T10:00:00+00:00\",\"description\":\"Nubank (ROXO34) convidou ex-presidente do Banco Central para ser diretor global de Pol\u00edticas P\u00fablicas e vice-chairman.\",\"breadcrumb\":{\"@id\":\"https:\/\/www.suno.com.br\/noticias\/nubank-roxo34-convite-roberto-campos-neto\/#breadcrumb\"},\"inLanguage\":\"pt-BR\",\"potentialAction\":[{\"@type\":\"ReadAction\",\"target\":[\"https:\/\/www.suno.com.br\/noticias\/nubank-roxo34-convite-roberto-campos-neto\/\"]}]},{\"@type\":\"ImageObject\",\"inLanguage\":\"pt-BR\",\"@id\":\"https:\/\/www.suno.com.br\/noticias\/nubank-roxo34-convite-roberto-campos-neto\/#primaryimage\",\"url\":\"https:\/\/files.sunoresearch.com.br\/n\/uploads\/2023\/08\/roberto-campos-neto-banco-central.jpg\",\"contentUrl\":\"https:\/\/files.sunoresearch.com.br\/n\/uploads\/2023\/08\/roberto-campos-neto-banco-central.jpg\",\"width\":1200,\"height\":800,\"caption\":\"Roberto Campos Neto - Foto: Raphael Ribeiro\/BCB\"},{\"@type\":\"BreadcrumbList\",\"@id\":\"https:\/\/www.suno.com.br\/noticias\/nubank-roxo34-convite-roberto-campos-neto\/#breadcrumb\",\"itemListElement\":[{\"@type\":\"ListItem\",\"position\":1,\"name\":\"Not\u00edcias\",\"item\":\"https:\/\/www.suno.com.br\/noticias\/\"},{\"@type\":\"ListItem\",\"position\":2,\"name\":\"Neg\u00f3cios\",\"item\":\"https:\/\/www.suno.com.br\/noticias\/negocios\/\"},{\"@type\":\"ListItem\",\"position\":3,\"name\":\"Nubank (ROXO34) convida Campos Neto para ser diretor ap\u00f3s quarentena\"}]},{\"@type\":\"WebSite\",\"@id\":\"https:\/\/www.suno.com.br\/noticias\/#website\",\"url\":\"https:\/\/www.suno.com.br\/noticias\/\",\"name\":\"Suno Not\u00edcias\",\"description\":\"Seu portal de informa\u00e7\u00e3o sobre o mundo dos investimentos\",\"publisher\":{\"@id\":\"https:\/\/www.suno.com.br\/noticias\/#organization\"},\"potentialAction\":[{\"@type\":\"SearchAction\",\"target\":{\"@type\":\"EntryPoint\",\"urlTemplate\":\"https:\/\/www.suno.com.br\/noticias\/?s={search_term_string}\"},\"query-input\":{\"@type\":\"PropertyValueSpecification\",\"valueRequired\":true,\"valueName\":\"search_term_string\"}}],\"inLanguage\":\"pt-BR\"},{\"@type\":\"Organization\",\"@id\":\"https:\/\/www.suno.com.br\/noticias\/#organization\",\"name\":\"Suno Not\u00edcias\",\"url\":\"https:\/\/www.suno.com.br\/noticias\/\",\"logo\":{\"@type\":\"ImageObject\",\"inLanguage\":\"pt-BR\",\"@id\":\"https:\/\/www.suno.com.br\/noticias\/#\/schema\/logo\/image\/\",\"url\":\"https:\/\/files.sunoresearch.com.br\/n\/uploads\/2021\/09\/suno-logo.png\",\"contentUrl\":\"https:\/\/files.sunoresearch.com.br\/n\/uploads\/2021\/09\/suno-logo.png\",\"width\":180,\"height\":180,\"caption\":\"Suno Not\u00edcias\"},\"image\":{\"@id\":\"https:\/\/www.suno.com.br\/noticias\/#\/schema\/logo\/image\/\"},\"sameAs\":[\"https:\/\/facebook.com\/sunoresearch\",\"https:\/\/x.com\/sunoresearch\",\"https:\/\/www.instagram.com\/suno\",\"https:\/\/www.linkedin.com\/company\/suno-research\/\",\"https:\/\/www.youtube.com\/c\/sunoresearch\"]},{\"@type\":\"Person\",\"@id\":\"https:\/\/www.suno.com.br\/noticias\/#\/schema\/person\/c1b1bd3727fa852bd045e9dbff3673ea\",\"name\":\"Reda\u00e7\u00e3o Suno Not\u00edcias\",\"image\":{\"@type\":\"ImageObject\",\"inLanguage\":\"pt-BR\",\"@id\":\"https:\/\/www.suno.com.br\/noticias\/#\/schema\/person\/image\/\",\"url\":\"https:\/\/secure.gravatar.com\/avatar\/b8104b9b5a71985d5238ee59fbe418af?s=96&r=g\",\"contentUrl\":\"https:\/\/secure.gravatar.com\/avatar\/b8104b9b5a71985d5238ee59fbe418af?s=96&r=g\",\"caption\":\"Reda\u00e7\u00e3o Suno Not\u00edcias\"},\"description\":\"O Suno Not\u00edcias \u00e9 um portal de informa\u00e7\u00f5es sobre Mercado Financeiro, Pol\u00edtica, Neg\u00f3cios, Economia e Finan\u00e7as Pessoais.\",\"sameAs\":[\"https:\/\/www.suno.com.br\/noticias\",\"https:\/\/www.facebook.com\/sunonoticias\/\",\"https:\/\/www.instagram.com\/sunonoticias\/\",\"https:\/\/x.com\/https:\/\/twitter.com\/sunoresearch\",\"https:\/\/www.youtube.com\/sunonoticias\"],\"url\":\"https:\/\/www.suno.com.br\/noticias\/author\/redacao-suno\/\"}]}<\/script>\n<!-- \/ Yoast SEO plugin. -->","yoast_head_json":{"title":"Nubank (ROXO34) convida Campos Neto para ocupar cargos","description":"Nubank (ROXO34) convidou ex-presidente do Banco Central para ser diretor global de Pol\u00edticas P\u00fablicas e vice-chairman.","robots":{"index":"index","follow":"follow","max-snippet":"max-snippet:-1","max-image-preview":"max-image-preview:large","max-video-preview":"max-video-preview:-1"},"canonical":"https:\/\/www.suno.com.br\/noticias\/nubank-roxo34-convite-roberto-campos-neto\/","og_locale":"pt_BR","og_type":"article","og_title":"Nubank (ROXO34) convida Campos Neto para ocupar cargos","og_description":"Nubank (ROXO34) convidou ex-presidente do Banco Central para ser diretor global de Pol\u00edticas P\u00fablicas e vice-chairman.","og_url":"https:\/\/www.suno.com.br\/noticias\/nubank-roxo34-convite-roberto-campos-neto\/","og_site_name":"Suno Not\u00edcias","article_publisher":"https:\/\/facebook.com\/sunoresearch","article_author":"https:\/\/www.facebook.com\/sunonoticias\/","og_image":[{"width":1200,"height":800,"url":"http:\/\/files.sunoresearch.com.br\/n\/uploads\/2023\/08\/roberto-campos-neto-banco-central.jpg","type":"image\/jpeg"}],"author":"Reda\u00e7\u00e3o Suno Not\u00edcias","twitter_card":"summary_large_image","twitter_creator":"@https:\/\/twitter.com\/sunoresearch","twitter_site":"@sunoresearch","twitter_misc":{"Escrito por":"Reda\u00e7\u00e3o Suno Not\u00edcias","Est. tempo de leitura":"3 minutos"},"schema":{"@context":"https:\/\/schema.org","@graph":[{"@type":"NewsArticle","@id":"https:\/\/www.suno.com.br\/noticias\/nubank-roxo34-convite-roberto-campos-neto\/#article","isPartOf":{"@id":"https:\/\/www.suno.com.br\/noticias\/nubank-roxo34-convite-roberto-campos-neto\/"},"author":{"name":"Reda\u00e7\u00e3o Suno Not\u00edcias","@id":"https:\/\/www.suno.com.br\/noticias\/#\/schema\/person\/c1b1bd3727fa852bd045e9dbff3673ea"},"headline":"Nubank (ROXO34) convida Campos Neto para ser diretor ap\u00f3s quarentena","datePublished":"2025-05-07T10:00:00+00:00","mainEntityOfPage":{"@id":"https:\/\/www.suno.com.br\/noticias\/nubank-roxo34-convite-roberto-campos-neto\/"},"wordCount":409,"publisher":{"@id":"https:\/\/www.suno.com.br\/noticias\/#organization"},"image":{"@id":"https:\/\/www.suno.com.br\/noticias\/nubank-roxo34-convite-roberto-campos-neto\/#primaryimage"},"thumbnailUrl":"https:\/\/files.sunoresearch.com.br\/n\/uploads\/2023\/08\/roberto-campos-neto-banco-central.jpg","keywords":["Nubank (ROXO34)","Roberto Campos Neto","ROXO34"],"articleSection":["Neg\u00f3cios"],"inLanguage":"pt-BR"},{"@type":"WebPage","@id":"https:\/\/www.suno.com.br\/noticias\/nubank-roxo34-convite-roberto-campos-neto\/","url":"https:\/\/www.suno.com.br\/noticias\/nubank-roxo34-convite-roberto-campos-neto\/","name":"Nubank (ROXO34) convida Campos Neto para ocupar cargos","isPartOf":{"@id":"https:\/\/www.suno.com.br\/noticias\/#website"},"primaryImageOfPage":{"@id":"https:\/\/www.suno.com.br\/noticias\/nubank-roxo34-convite-roberto-campos-neto\/#primaryimage"},"image":{"@id":"https:\/\/www.suno.com.br\/noticias\/nubank-roxo34-convite-roberto-campos-neto\/#primaryimage"},"thumbnailUrl":"https:\/\/files.sunoresearch.com.br\/n\/uploads\/2023\/08\/roberto-campos-neto-banco-central.jpg","datePublished":"2025-05-07T10:00:00+00:00","description":"Nubank (ROXO34) convidou ex-presidente do Banco Central para ser diretor global de Pol\u00edticas P\u00fablicas e vice-chairman.","breadcrumb":{"@id":"https:\/\/www.suno.com.br\/noticias\/nubank-roxo34-convite-roberto-campos-neto\/#breadcrumb"},"inLanguage":"pt-BR","potentialAction":[{"@type":"ReadAction","target":["https:\/\/www.suno.com.br\/noticias\/nubank-roxo34-convite-roberto-campos-neto\/"]}]},{"@type":"ImageObject","inLanguage":"pt-BR","@id":"https:\/\/www.suno.com.br\/noticias\/nubank-roxo34-convite-roberto-campos-neto\/#primaryimage","url":"https:\/\/files.sunoresearch.com.br\/n\/uploads\/2023\/08\/roberto-campos-neto-banco-central.jpg","contentUrl":"https:\/\/files.sunoresearch.com.br\/n\/uploads\/2023\/08\/roberto-campos-neto-banco-central.jpg","width":1200,"height":800,"caption":"Roberto Campos Neto - Foto: Raphael Ribeiro\/BCB"},{"@type":"BreadcrumbList","@id":"https:\/\/www.suno.com.br\/noticias\/nubank-roxo34-convite-roberto-campos-neto\/#breadcrumb","itemListElement":[{"@type":"ListItem","position":1,"name":"Not\u00edcias","item":"https:\/\/www.suno.com.br\/noticias\/"},{"@type":"ListItem","position":2,"name":"Neg\u00f3cios","item":"https:\/\/www.suno.com.br\/noticias\/negocios\/"},{"@type":"ListItem","position":3,"name":"Nubank (ROXO34) convida Campos Neto para ser diretor ap\u00f3s quarentena"}]},{"@type":"WebSite","@id":"https:\/\/www.suno.com.br\/noticias\/#website","url":"https:\/\/www.suno.com.br\/noticias\/","name":"Suno Not\u00edcias","description":"Seu portal de informa\u00e7\u00e3o sobre o mundo dos investimentos","publisher":{"@id":"https:\/\/www.suno.com.br\/noticias\/#organization"},"potentialAction":[{"@type":"SearchAction","target":{"@type":"EntryPoint","urlTemplate":"https:\/\/www.suno.com.br\/noticias\/?s={search_term_string}"},"query-input":{"@type":"PropertyValueSpecification","valueRequired":true,"valueName":"search_term_string"}}],"inLanguage":"pt-BR"},{"@type":"Organization","@id":"https:\/\/www.suno.com.br\/noticias\/#organization","name":"Suno Not\u00edcias","url":"https:\/\/www.suno.com.br\/noticias\/","logo":{"@type":"ImageObject","inLanguage":"pt-BR","@id":"https:\/\/www.suno.com.br\/noticias\/#\/schema\/logo\/image\/","url":"https:\/\/files.sunoresearch.com.br\/n\/uploads\/2021\/09\/suno-logo.png","contentUrl":"https:\/\/files.sunoresearch.com.br\/n\/uploads\/2021\/09\/suno-logo.png","width":180,"height":180,"caption":"Suno Not\u00edcias"},"image":{"@id":"https:\/\/www.suno.com.br\/noticias\/#\/schema\/logo\/image\/"},"sameAs":["https:\/\/facebook.com\/sunoresearch","https:\/\/x.com\/sunoresearch","https:\/\/www.instagram.com\/suno","https:\/\/www.linkedin.com\/company\/suno-research\/","https:\/\/www.youtube.com\/c\/sunoresearch"]},{"@type":"Person","@id":"https:\/\/www.suno.com.br\/noticias\/#\/schema\/person\/c1b1bd3727fa852bd045e9dbff3673ea","name":"Reda\u00e7\u00e3o Suno Not\u00edcias","image":{"@type":"ImageObject","inLanguage":"pt-BR","@id":"https:\/\/www.suno.com.br\/noticias\/#\/schema\/person\/image\/","url":"https:\/\/secure.gravatar.com\/avatar\/b8104b9b5a71985d5238ee59fbe418af?s=96&r=g","contentUrl":"https:\/\/secure.gravatar.com\/avatar\/b8104b9b5a71985d5238ee59fbe418af?s=96&r=g","caption":"Reda\u00e7\u00e3o Suno Not\u00edcias"},"description":"O Suno Not\u00edcias \u00e9 um portal de informa\u00e7\u00f5es sobre Mercado Financeiro, Pol\u00edtica, Neg\u00f3cios, Economia e Finan\u00e7as Pessoais.","sameAs":["https:\/\/www.suno.com.br\/noticias","https:\/\/www.facebook.com\/sunonoticias\/","https:\/\/www.instagram.com\/sunonoticias\/","https:\/\/x.com\/https:\/\/twitter.com\/sunoresearch","https:\/\/www.youtube.com\/sunonoticias"],"url":"https:\/\/www.suno.com.br\/noticias\/author\/redacao-suno\/"}]}},"default_loop_html":"<div class=\"cardsPage__listCard__boxs\"><div class=\"cardsPage__listCard__boxs__img\"><a href=\"https:\/\/www.suno.com.br\/noticias\/nubank-roxo34-convite-roberto-campos-neto\/\"><img class=\"mask\" src=\"https:\/\/www.suno.com.br\/noticias\/wp-content\/themes\/suno\/resources\/images\/spotlight\/spotlight1img\/bg-mask.png\" alt=\"Image Mask\"\/><img src=\"https:\/\/files.sunoresearch.com.br\/n\/uploads\/2023\/08\/roberto-campos-neto-banco-central-400x200.jpg\" alt=\"Nubank (ROXO34) convida Campos Neto para ser diretor ap\u00f3s quarentena\"\/><\/a><span class=\"spotlightCategory\"><a href=\"https:\/\/www.suno.com.br\/noticias\/negocios\/\">Neg\u00f3cios<\/a><\/span><\/div><div class=\"cardsPage__listCard__boxs__content\"><a href=\"https:\/\/www.suno.com.br\/noticias\/nubank-roxo34-convite-roberto-campos-neto\/\"><h2 class=\"content__title\">Nubank (ROXO34) convida Campos Neto para ser diretor ap\u00f3s quarentena<\/h2><\/a><div class=\"newsContent__article__meta\"><div class=\"newsContent__article__meta__authorBox\"><a href=\"https:\/\/www.suno.com.br\/noticias\/author\/redacao-suno\/\" class=\"authorBox__avatar noMobi\"><img src=\"https:\/\/files.sunoresearch.com.br\/n\/uploads\/2020\/08\/0ace682d-redacao-1-150x150.webp\" alt=\"Reda\u00e7\u00e3o Suno Not\u00edcias\"><\/a><div class=\"authorBox__name\"><span>por\n\t\t\t<a href=\"https:\/\/www.suno.com.br\/noticias\/author\/redacao-suno\/\"><span itemprop=\"author\">Reda\u00e7\u00e3o Suno Not\u00edcias<\/span><\/a><\/span><time datetime=\"2025-05-07T07:00:00-03:00\" itemprop=\"datePublished\">07\/05\/2025 07:00<\/time><\/div><\/div><\/div><\/div><\/div>","single_layout":"posts","amp_enabled":true,"_links":{"self":[{"href":"https:\/\/www.suno.com.br\/noticias\/wp-json\/wp\/v2\/posts\/604156"}],"collection":[{"href":"https:\/\/www.suno.com.br\/noticias\/wp-json\/wp\/v2\/posts"}],"about":[{"href":"https:\/\/www.suno.com.br\/noticias\/wp-json\/wp\/v2\/types\/post"}],"author":[{"embeddable":true,"href":"https:\/\/www.suno.com.br\/noticias\/wp-json\/wp\/v2\/users\/43"}],"replies":[{"embeddable":true,"href":"https:\/\/www.suno.com.br\/noticias\/wp-json\/wp\/v2\/comments?post=604156"}],"version-history":[{"count":1,"href":"https:\/\/www.suno.com.br\/noticias\/wp-json\/wp\/v2\/posts\/604156\/revisions"}],"predecessor-version":[{"id":604174,"href":"https:\/\/www.suno.com.br\/noticias\/wp-json\/wp\/v2\/posts\/604156\/revisions\/604174"}],"wp:featuredmedia":[{"embeddable":true,"href":"https:\/\/www.suno.com.br\/noticias\/wp-json\/wp\/v2\/media\/437334"}],"wp:attachment":[{"href":"https:\/\/www.suno.com.br\/noticias\/wp-json\/wp\/v2\/media?parent=604156"}],"wp:term":[{"taxonomy":"category","embeddable":true,"href":"https:\/\/www.suno.com.br\/noticias\/wp-json\/wp\/v2\/categories?post=604156"},{"taxonomy":"post_tag","embeddable":true,"href":"https:\/\/www.suno.com.br\/noticias\/wp-json\/wp\/v2\/tags?post=604156"},{"taxonomy":"suno_strategy","embeddable":true,"href":"https:\/\/www.suno.com.br\/noticias\/wp-json\/wp\/v2\/suno_strategy?post=604156"}],"curies":[{"name":"wp","href":"https:\/\/api.w.org\/{rel}","templated":true}]}}