{"id":60383,"date":"2020-04-03T19:04:58","date_gmt":"2020-04-03T22:04:58","guid":{"rendered":"https:\/\/www.suno.com.br\/noticias\/?p=60383"},"modified":"2020-04-03T19:08:25","modified_gmt":"2020-04-03T22:08:25","slug":"santander-estende-pagamento-parcelas","status":"publish","type":"post","link":"https:\/\/www.suno.com.br\/noticias\/santander-estende-pagamento-parcelas\/","title":{"rendered":"Santander (SANB11) estende prazo de pagamento das parcelas por 60 dias"},"content":{"rendered":"<p>O <a href=\"https:\/\/www.suno.com.br\/acoes\/sanb11\/\">Santander Brasil (SANB11)<\/a> anunciou nesta sexta-feira (3) que prorrogou por 60 dias o pagamento das parcelas de cr\u00e9dito. A medida foi feita de forma autom\u00e1tica e ser\u00e1 valida para as seguintes modalidades:<\/p>\t<div class=\"wrapper-featured-image\">\n\t\t<figure class=\"spotlightImg\">\n\n\t\t\t<picture>\n\t\t\t\t<source media=\"(max-width: 768px)\" srcset=\"https:\/\/files.sunoresearch.com.br\/n\/uploads\/2019\/05\/c6122004-santander-400x200.webp\">\n\t\t\t\t<img loading=\"lazy\" decoding=\"async\" class=\"newsContent__article__imgCapa lazyloadDisabled newsContent__article__imgCapa--noCaption\" src=\"https:\/\/files.sunoresearch.com.br\/n\/uploads\/2019\/05\/c6122004-santander-800x450.webp\" width=\"800\" height=\"450\" alt=\"Santander (SANB11) estende prazo de pagamento das parcelas por 60 dias\" fetchpriority=high \/>\n\t\t\t<\/picture>\n\n\t\t\t<figcaption class=\"wp-caption-text wp-caption-text--hide\">Santander estende prazo de pagamento de parcelas de cr\u00e9dito por 60 dias<\/figcaption>\n\t\t<\/figure>\n\t<\/div>\n\n\n<ul>\n<li>cr\u00e9dito pessoal;<\/li>\n<li>unificado e de renegocia\u00e7\u00e3o;<\/li>\n<li>cr\u00e9dito direto ao consumidor (CDC) feito na ag\u00eancia banc\u00e1ria.<\/li>\n<\/ul>\n\n<p>Os pagamentos ser\u00e3o prorrogados por 30 dias ap\u00f3s o primeiro vencimento, e por mais 30 dias depois do segundo vencimento (at\u00e9 o dia 16 de maio), somando os 60 dias de prazo adicional. O Santander ainda estuda a possibilidade de concess\u00e3o de novas extens\u00f5es at\u00e9 o final do per\u00edodo.<\/p>\n<p>Dessa forma, a medida serve para clientes do banco que tiverem d\u00edvidas vencidas ou n\u00e3o pagas desde o dia 16 de mar\u00e7o deste ano ou presta\u00e7\u00f5es com vencimento para at\u00e9 o dia 15 de maio. O prazo de ser\u00e1 estendido por at\u00e9 60 dias, sem acr\u00e9scimos.<\/p>\n<p><iframe loading=\"lazy\" title=\"?Coronavoucher inicia na semana que vem; Via Varejo cancela assembleias e JBS contrata\" width=\"1080\" height=\"608\" src=\"https:\/\/www.youtube.com\/embed\/bnjZelbocXg?feature=oembed\" frameborder=\"0\" allow=\"accelerometer; autoplay; encrypted-media; gyroscope; picture-in-picture\" allowfullscreen><\/iframe><\/p>\n<p>Para exercer a possibilidade n\u00e3o \u00e9 necess\u00e1rio ir at\u00e9 uma ag\u00eancia banc\u00e1ria ou ligar para uma central de atendimento. O Santander ir\u00e1 enviar uma mensagem de texto o recebimento do pedido e, em at\u00e9 uma semana, o cliente receber\u00e1 uma segunda mensagem confirmando a valida\u00e7\u00e3o da opera\u00e7\u00e3o.<\/p>\n<p><a href=\"https:\/\/www.suno.com.br\/noticias\/itau-itub4-bradesco-santander-doam-5-milhoes-testes-coronavirus\/\">Saiba mais: Ita\u00fa (ITUB4), Bradesco e Santander doam 5 milh\u00f5es de testes de coronav\u00edrus<\/a><\/p>\n<p>Para d\u00edvidas do cart\u00e3o de cr\u00e9dito, o banco disponibilizou ao cliente parcelar, por at\u00e9 24 meses, o pagamento de faturas com data de vencimento a partir do dia 15 de abril. Ser\u00e1 reduzida em 50% a taxa de juros e haver\u00e1 possibilidade de car\u00eancia de at\u00e9 60 dias at\u00e9 a primeira parcela.<\/p>\n<h2>Outras linhas disponibilizadas pelo Santander<\/h2>\n<p>Al\u00e9m da medida de prorroga\u00e7\u00e3o, o Santander tamb\u00e9m ofereceu uma car\u00eancia de 60 dias, com a mesma taxa de juros, para financiamento imobili\u00e1rio e de cr\u00e9dito com garantia de im\u00f3vel. A medida \u00e9 v\u00e1lida para pedidos realizados at\u00e9 16 de maio deste ano.<\/p>\n<p>Para linhas de financiamento de autom\u00f3veis e\u00a0 para bens de servi\u00e7o, a antecipa\u00e7\u00e3o vai estar dispon\u00edvel a partir do m\u00eas de maio.<\/p>\n<p>Para as micro e pequenas empresas a extens\u00e3o do prazo de pagamento tamb\u00e9m \u00e9 v\u00e1lida. A\u00a0 oferta estar\u00e1 dispon\u00edvel at\u00e9 16 de maio de 2020, para parcelas vencidas ou n\u00e3o pagas desde o \u00faltimo dia de 16 de mar\u00e7o.<\/p>\n<p>As empresas tamb\u00e9m poder\u00e3o solicitar a prorroga\u00e7\u00e3o por 60 dias das parcelas de <a href=\"https:\/\/www.suno.com.br\/artigos\/capital-giro\/\">Capital de Giro<\/a>, Renegocia\u00e7\u00e3o e <a href=\"https:\/\/www.suno.com.br\/artigos\/credito-direto-consumidor\/\">Cr\u00e9dito Direto ao Consumidor (CDC)<\/a>. Para aut\u00f4nomos e microempreendedores individuais (MEIs), o <strong>Santander<\/strong> ofereceu a possibilidade de car\u00eancia por 60 dias com o valor das parcelas mantido inalterado.<\/p>\n\n","protected":false},"excerpt":{"rendered":"<p>O Santander Brasil (SANB11) anunciou nesta sexta-feira (3) que prorrogou por 60 dias o pagamento das parcelas de cr\u00e9dito. A medida foi feita de forma autom\u00e1tica e ser\u00e1 valida para as seguintes modalidades: Santander estende prazo de pagamento de parcelas de cr\u00e9dito por 60 dias cr\u00e9dito pessoal; unificado e de renegocia\u00e7\u00e3o; cr\u00e9dito direto ao consumidor [&hellip;]<\/p>\n","protected":false},"author":35,"featured_media":26855,"comment_status":"closed","ping_status":"closed","sticky":false,"template":"","format":"standard","meta":[],"categories":[65],"tags":[1188,624],"suno_strategy":[],"class_list":["post-60383","post","type-post","status-publish","format-standard","has-post-thumbnail","hentry","category-financas-pessoais","tag-cartoes-de-credito","tag-santander-sanb11-sanb3-sanb4"],"yoast_head":"<!-- This site is optimized with the Yoast SEO plugin v24.4 - https:\/\/yoast.com\/wordpress\/plugins\/seo\/ -->\n<title>Santander (SANB11) estende prazo de pagamento das parcelas por 60 dias<\/title>\n<meta name=\"description\" content=\"O Santander anunciou a prorroga\u00e7\u00e3o por 60 dias do pagamento das parcelas de cr\u00e9dito, de forma autom\u00e1tica. Clique para saber mais\" \/>\n<meta name=\"robots\" content=\"index, follow, max-snippet:-1, max-image-preview:large, max-video-preview:-1\" \/>\n<link rel=\"canonical\" href=\"https:\/\/www.suno.com.br\/noticias\/santander-estende-pagamento-parcelas\/\" \/>\n<meta property=\"og:locale\" content=\"pt_BR\" \/>\n<meta property=\"og:type\" content=\"article\" \/>\n<meta property=\"og:title\" content=\"Santander (SANB11) estende prazo de pagamento das parcelas por 60 dias\" \/>\n<meta property=\"og:description\" content=\"O Santander anunciou a prorroga\u00e7\u00e3o por 60 dias do pagamento das parcelas de cr\u00e9dito, de forma autom\u00e1tica. Clique para saber mais\" \/>\n<meta property=\"og:url\" content=\"https:\/\/www.suno.com.br\/noticias\/santander-estende-pagamento-parcelas\/\" \/>\n<meta property=\"og:site_name\" content=\"Suno Not\u00edcias\" \/>\n<meta property=\"article:publisher\" content=\"https:\/\/facebook.com\/sunoresearch\" \/>\n<meta property=\"og:image\" content=\"https:\/\/files.sunoresearch.com.br\/n\/uploads\/2019\/05\/c6122004-santander.jpg\" \/>\n\t<meta property=\"og:image:width\" content=\"1269\" \/>\n\t<meta property=\"og:image:height\" content=\"818\" \/>\n\t<meta property=\"og:image:type\" content=\"image\/jpeg\" \/>\n<meta name=\"author\" content=\"Arthur Guimar\u00e3es\" \/>\n<meta name=\"twitter:card\" content=\"summary_large_image\" \/>\n<meta name=\"twitter:creator\" content=\"@sunoresearch\" \/>\n<meta name=\"twitter:site\" content=\"@sunoresearch\" \/>\n<meta name=\"twitter:label1\" content=\"Escrito por\" \/>\n\t<meta name=\"twitter:data1\" content=\"Arthur Guimar\u00e3es\" \/>\n\t<meta name=\"twitter:label2\" content=\"Est. tempo de leitura\" \/>\n\t<meta name=\"twitter:data2\" content=\"2 minutos\" \/>\n<script type=\"application\/ld+json\" class=\"yoast-schema-graph\">{\"@context\":\"https:\/\/schema.org\",\"@graph\":[{\"@type\":\"NewsArticle\",\"@id\":\"https:\/\/www.suno.com.br\/noticias\/santander-estende-pagamento-parcelas\/#article\",\"isPartOf\":{\"@id\":\"https:\/\/www.suno.com.br\/noticias\/santander-estende-pagamento-parcelas\/\"},\"author\":{\"name\":\"Arthur Guimar\u00e3es\",\"@id\":\"https:\/\/www.suno.com.br\/noticias\/#\/schema\/person\/053a750a709a263919a20f976caae91c\"},\"headline\":\"Santander (SANB11) estende prazo de pagamento das parcelas por 60 dias\",\"datePublished\":\"2020-04-03T22:04:58+00:00\",\"dateModified\":\"2020-04-03T22:08:25+00:00\",\"mainEntityOfPage\":{\"@id\":\"https:\/\/www.suno.com.br\/noticias\/santander-estende-pagamento-parcelas\/\"},\"wordCount\":469,\"publisher\":{\"@id\":\"https:\/\/www.suno.com.br\/noticias\/#organization\"},\"image\":{\"@id\":\"https:\/\/www.suno.com.br\/noticias\/santander-estende-pagamento-parcelas\/#primaryimage\"},\"thumbnailUrl\":\"https:\/\/files.sunoresearch.com.br\/n\/uploads\/2019\/05\/c6122004-santander-jpg.webp\",\"keywords\":[\"cart\u00f5es de cr\u00e9dito\",\"Santander (SANB11\/SANB3\/SANB4)\"],\"articleSection\":[\"Finan\u00e7as Pessoais\"],\"inLanguage\":\"pt-BR\"},{\"@type\":\"WebPage\",\"@id\":\"https:\/\/www.suno.com.br\/noticias\/santander-estende-pagamento-parcelas\/\",\"url\":\"https:\/\/www.suno.com.br\/noticias\/santander-estende-pagamento-parcelas\/\",\"name\":\"Santander (SANB11) estende prazo de pagamento das parcelas por 60 dias\",\"isPartOf\":{\"@id\":\"https:\/\/www.suno.com.br\/noticias\/#website\"},\"primaryImageOfPage\":{\"@id\":\"https:\/\/www.suno.com.br\/noticias\/santander-estende-pagamento-parcelas\/#primaryimage\"},\"image\":{\"@id\":\"https:\/\/www.suno.com.br\/noticias\/santander-estende-pagamento-parcelas\/#primaryimage\"},\"thumbnailUrl\":\"https:\/\/files.sunoresearch.com.br\/n\/uploads\/2019\/05\/c6122004-santander-jpg.webp\",\"datePublished\":\"2020-04-03T22:04:58+00:00\",\"dateModified\":\"2020-04-03T22:08:25+00:00\",\"description\":\"O Santander anunciou a prorroga\u00e7\u00e3o por 60 dias do pagamento das parcelas de cr\u00e9dito, de forma autom\u00e1tica. Clique para saber mais\",\"breadcrumb\":{\"@id\":\"https:\/\/www.suno.com.br\/noticias\/santander-estende-pagamento-parcelas\/#breadcrumb\"},\"inLanguage\":\"pt-BR\",\"potentialAction\":[{\"@type\":\"ReadAction\",\"target\":[\"https:\/\/www.suno.com.br\/noticias\/santander-estende-pagamento-parcelas\/\"]}]},{\"@type\":\"ImageObject\",\"inLanguage\":\"pt-BR\",\"@id\":\"https:\/\/www.suno.com.br\/noticias\/santander-estende-pagamento-parcelas\/#primaryimage\",\"url\":\"https:\/\/files.sunoresearch.com.br\/n\/uploads\/2019\/05\/c6122004-santander-jpg.webp\",\"contentUrl\":\"https:\/\/files.sunoresearch.com.br\/n\/uploads\/2019\/05\/c6122004-santander-jpg.webp\",\"width\":1269,\"height\":818,\"caption\":\"Santander estende prazo de pagamento de parcelas de cr\u00e9dito por 60 dias\"},{\"@type\":\"BreadcrumbList\",\"@id\":\"https:\/\/www.suno.com.br\/noticias\/santander-estende-pagamento-parcelas\/#breadcrumb\",\"itemListElement\":[{\"@type\":\"ListItem\",\"position\":1,\"name\":\"Not\u00edcias\",\"item\":\"https:\/\/www.suno.com.br\/noticias\/\"},{\"@type\":\"ListItem\",\"position\":2,\"name\":\"Finan\u00e7as Pessoais\",\"item\":\"https:\/\/www.suno.com.br\/noticias\/financas-pessoais\/\"},{\"@type\":\"ListItem\",\"position\":3,\"name\":\"Santander (SANB11) estende prazo de pagamento das parcelas por 60 dias\"}]},{\"@type\":\"WebSite\",\"@id\":\"https:\/\/www.suno.com.br\/noticias\/#website\",\"url\":\"https:\/\/www.suno.com.br\/noticias\/\",\"name\":\"Suno Not\u00edcias\",\"description\":\"Seu portal de informa\u00e7\u00e3o sobre o mundo dos investimentos\",\"publisher\":{\"@id\":\"https:\/\/www.suno.com.br\/noticias\/#organization\"},\"potentialAction\":[{\"@type\":\"SearchAction\",\"target\":{\"@type\":\"EntryPoint\",\"urlTemplate\":\"https:\/\/www.suno.com.br\/noticias\/?s={search_term_string}\"},\"query-input\":{\"@type\":\"PropertyValueSpecification\",\"valueRequired\":true,\"valueName\":\"search_term_string\"}}],\"inLanguage\":\"pt-BR\"},{\"@type\":\"Organization\",\"@id\":\"https:\/\/www.suno.com.br\/noticias\/#organization\",\"name\":\"Suno Not\u00edcias\",\"url\":\"https:\/\/www.suno.com.br\/noticias\/\",\"logo\":{\"@type\":\"ImageObject\",\"inLanguage\":\"pt-BR\",\"@id\":\"https:\/\/www.suno.com.br\/noticias\/#\/schema\/logo\/image\/\",\"url\":\"https:\/\/files.sunoresearch.com.br\/n\/uploads\/2021\/09\/suno-logo.png\",\"contentUrl\":\"https:\/\/files.sunoresearch.com.br\/n\/uploads\/2021\/09\/suno-logo.png\",\"width\":180,\"height\":180,\"caption\":\"Suno Not\u00edcias\"},\"image\":{\"@id\":\"https:\/\/www.suno.com.br\/noticias\/#\/schema\/logo\/image\/\"},\"sameAs\":[\"https:\/\/facebook.com\/sunoresearch\",\"https:\/\/x.com\/sunoresearch\",\"https:\/\/www.instagram.com\/suno\",\"https:\/\/www.linkedin.com\/company\/suno-research\/\",\"https:\/\/www.youtube.com\/c\/sunoresearch\"]},{\"@type\":\"Person\",\"@id\":\"https:\/\/www.suno.com.br\/noticias\/#\/schema\/person\/053a750a709a263919a20f976caae91c\",\"name\":\"Arthur Guimar\u00e3es\",\"image\":{\"@type\":\"ImageObject\",\"inLanguage\":\"pt-BR\",\"@id\":\"https:\/\/www.suno.com.br\/noticias\/#\/schema\/person\/image\/\",\"url\":\"https:\/\/secure.gravatar.com\/avatar\/1affd86a11209ae09eb6dd3bcad3e96c?s=96&r=g\",\"contentUrl\":\"https:\/\/secure.gravatar.com\/avatar\/1affd86a11209ae09eb6dd3bcad3e96c?s=96&r=g\",\"caption\":\"Arthur Guimar\u00e3es\"},\"description\":\"Arthur Guimar\u00e3es escreve sobre pol\u00edtica, economia e neg\u00f3cios para o portal de not\u00edcias da Suno Research. Atualmente, \u00e9 estudante de jornalismo pela Faculdade C\u00e1sper L\u00edbero.\",\"url\":\"https:\/\/www.suno.com.br\/noticias\/author\/arthur-guimaraes\/\"}]}<\/script>\n<!-- \/ Yoast SEO plugin. -->","yoast_head_json":{"title":"Santander (SANB11) estende prazo de pagamento das parcelas por 60 dias","description":"O Santander anunciou a prorroga\u00e7\u00e3o por 60 dias do pagamento das parcelas de cr\u00e9dito, de forma autom\u00e1tica. Clique para saber mais","robots":{"index":"index","follow":"follow","max-snippet":"max-snippet:-1","max-image-preview":"max-image-preview:large","max-video-preview":"max-video-preview:-1"},"canonical":"https:\/\/www.suno.com.br\/noticias\/santander-estende-pagamento-parcelas\/","og_locale":"pt_BR","og_type":"article","og_title":"Santander (SANB11) estende prazo de pagamento das parcelas por 60 dias","og_description":"O Santander anunciou a prorroga\u00e7\u00e3o por 60 dias do pagamento das parcelas de cr\u00e9dito, de forma autom\u00e1tica. Clique para saber mais","og_url":"https:\/\/www.suno.com.br\/noticias\/santander-estende-pagamento-parcelas\/","og_site_name":"Suno Not\u00edcias","article_publisher":"https:\/\/facebook.com\/sunoresearch","og_image":[{"width":1269,"height":818,"url":"https:\/\/files.sunoresearch.com.br\/n\/uploads\/2019\/05\/c6122004-santander.jpg","type":"image\/jpeg"}],"author":"Arthur Guimar\u00e3es","twitter_card":"summary_large_image","twitter_creator":"@sunoresearch","twitter_site":"@sunoresearch","twitter_misc":{"Escrito por":"Arthur Guimar\u00e3es","Est. tempo de leitura":"2 minutos"},"schema":{"@context":"https:\/\/schema.org","@graph":[{"@type":"NewsArticle","@id":"https:\/\/www.suno.com.br\/noticias\/santander-estende-pagamento-parcelas\/#article","isPartOf":{"@id":"https:\/\/www.suno.com.br\/noticias\/santander-estende-pagamento-parcelas\/"},"author":{"name":"Arthur Guimar\u00e3es","@id":"https:\/\/www.suno.com.br\/noticias\/#\/schema\/person\/053a750a709a263919a20f976caae91c"},"headline":"Santander (SANB11) estende prazo de pagamento das parcelas por 60 dias","datePublished":"2020-04-03T22:04:58+00:00","dateModified":"2020-04-03T22:08:25+00:00","mainEntityOfPage":{"@id":"https:\/\/www.suno.com.br\/noticias\/santander-estende-pagamento-parcelas\/"},"wordCount":469,"publisher":{"@id":"https:\/\/www.suno.com.br\/noticias\/#organization"},"image":{"@id":"https:\/\/www.suno.com.br\/noticias\/santander-estende-pagamento-parcelas\/#primaryimage"},"thumbnailUrl":"https:\/\/files.sunoresearch.com.br\/n\/uploads\/2019\/05\/c6122004-santander-jpg.webp","keywords":["cart\u00f5es de cr\u00e9dito","Santander (SANB11\/SANB3\/SANB4)"],"articleSection":["Finan\u00e7as Pessoais"],"inLanguage":"pt-BR"},{"@type":"WebPage","@id":"https:\/\/www.suno.com.br\/noticias\/santander-estende-pagamento-parcelas\/","url":"https:\/\/www.suno.com.br\/noticias\/santander-estende-pagamento-parcelas\/","name":"Santander (SANB11) estende prazo de pagamento das parcelas por 60 dias","isPartOf":{"@id":"https:\/\/www.suno.com.br\/noticias\/#website"},"primaryImageOfPage":{"@id":"https:\/\/www.suno.com.br\/noticias\/santander-estende-pagamento-parcelas\/#primaryimage"},"image":{"@id":"https:\/\/www.suno.com.br\/noticias\/santander-estende-pagamento-parcelas\/#primaryimage"},"thumbnailUrl":"https:\/\/files.sunoresearch.com.br\/n\/uploads\/2019\/05\/c6122004-santander-jpg.webp","datePublished":"2020-04-03T22:04:58+00:00","dateModified":"2020-04-03T22:08:25+00:00","description":"O Santander anunciou a prorroga\u00e7\u00e3o por 60 dias do pagamento das parcelas de cr\u00e9dito, de forma autom\u00e1tica. Clique para saber mais","breadcrumb":{"@id":"https:\/\/www.suno.com.br\/noticias\/santander-estende-pagamento-parcelas\/#breadcrumb"},"inLanguage":"pt-BR","potentialAction":[{"@type":"ReadAction","target":["https:\/\/www.suno.com.br\/noticias\/santander-estende-pagamento-parcelas\/"]}]},{"@type":"ImageObject","inLanguage":"pt-BR","@id":"https:\/\/www.suno.com.br\/noticias\/santander-estende-pagamento-parcelas\/#primaryimage","url":"https:\/\/files.sunoresearch.com.br\/n\/uploads\/2019\/05\/c6122004-santander-jpg.webp","contentUrl":"https:\/\/files.sunoresearch.com.br\/n\/uploads\/2019\/05\/c6122004-santander-jpg.webp","width":1269,"height":818,"caption":"Santander estende prazo de pagamento de parcelas de cr\u00e9dito por 60 dias"},{"@type":"BreadcrumbList","@id":"https:\/\/www.suno.com.br\/noticias\/santander-estende-pagamento-parcelas\/#breadcrumb","itemListElement":[{"@type":"ListItem","position":1,"name":"Not\u00edcias","item":"https:\/\/www.suno.com.br\/noticias\/"},{"@type":"ListItem","position":2,"name":"Finan\u00e7as Pessoais","item":"https:\/\/www.suno.com.br\/noticias\/financas-pessoais\/"},{"@type":"ListItem","position":3,"name":"Santander (SANB11) estende prazo de pagamento das parcelas por 60 dias"}]},{"@type":"WebSite","@id":"https:\/\/www.suno.com.br\/noticias\/#website","url":"https:\/\/www.suno.com.br\/noticias\/","name":"Suno Not\u00edcias","description":"Seu portal de informa\u00e7\u00e3o sobre o mundo dos investimentos","publisher":{"@id":"https:\/\/www.suno.com.br\/noticias\/#organization"},"potentialAction":[{"@type":"SearchAction","target":{"@type":"EntryPoint","urlTemplate":"https:\/\/www.suno.com.br\/noticias\/?s={search_term_string}"},"query-input":{"@type":"PropertyValueSpecification","valueRequired":true,"valueName":"search_term_string"}}],"inLanguage":"pt-BR"},{"@type":"Organization","@id":"https:\/\/www.suno.com.br\/noticias\/#organization","name":"Suno Not\u00edcias","url":"https:\/\/www.suno.com.br\/noticias\/","logo":{"@type":"ImageObject","inLanguage":"pt-BR","@id":"https:\/\/www.suno.com.br\/noticias\/#\/schema\/logo\/image\/","url":"https:\/\/files.sunoresearch.com.br\/n\/uploads\/2021\/09\/suno-logo.png","contentUrl":"https:\/\/files.sunoresearch.com.br\/n\/uploads\/2021\/09\/suno-logo.png","width":180,"height":180,"caption":"Suno Not\u00edcias"},"image":{"@id":"https:\/\/www.suno.com.br\/noticias\/#\/schema\/logo\/image\/"},"sameAs":["https:\/\/facebook.com\/sunoresearch","https:\/\/x.com\/sunoresearch","https:\/\/www.instagram.com\/suno","https:\/\/www.linkedin.com\/company\/suno-research\/","https:\/\/www.youtube.com\/c\/sunoresearch"]},{"@type":"Person","@id":"https:\/\/www.suno.com.br\/noticias\/#\/schema\/person\/053a750a709a263919a20f976caae91c","name":"Arthur Guimar\u00e3es","image":{"@type":"ImageObject","inLanguage":"pt-BR","@id":"https:\/\/www.suno.com.br\/noticias\/#\/schema\/person\/image\/","url":"https:\/\/secure.gravatar.com\/avatar\/1affd86a11209ae09eb6dd3bcad3e96c?s=96&r=g","contentUrl":"https:\/\/secure.gravatar.com\/avatar\/1affd86a11209ae09eb6dd3bcad3e96c?s=96&r=g","caption":"Arthur Guimar\u00e3es"},"description":"Arthur Guimar\u00e3es escreve sobre pol\u00edtica, economia e neg\u00f3cios para o portal de not\u00edcias da Suno Research. Atualmente, \u00e9 estudante de jornalismo pela Faculdade C\u00e1sper L\u00edbero.","url":"https:\/\/www.suno.com.br\/noticias\/author\/arthur-guimaraes\/"}]}},"default_loop_html":"<div class=\"cardsPage__listCard__boxs\"><div class=\"cardsPage__listCard__boxs__img\"><a href=\"https:\/\/www.suno.com.br\/noticias\/santander-estende-pagamento-parcelas\/\"><img class=\"mask\" src=\"https:\/\/www.suno.com.br\/noticias\/wp-content\/themes\/suno\/resources\/images\/spotlight\/spotlight1img\/bg-mask.png\" alt=\"Image Mask\"\/><img src=\"https:\/\/files.sunoresearch.com.br\/n\/uploads\/2019\/05\/c6122004-santander-400x200.webp\" alt=\"Santander (SANB11) estende prazo de pagamento das parcelas por 60 dias\"\/><\/a><span class=\"spotlightCategory\"><a href=\"https:\/\/www.suno.com.br\/noticias\/financas-pessoais\/\">Finan\u00e7as Pessoais<\/a><\/span><\/div><div class=\"cardsPage__listCard__boxs__content\"><a href=\"https:\/\/www.suno.com.br\/noticias\/santander-estende-pagamento-parcelas\/\"><h2 class=\"content__title\">Santander (SANB11) estende prazo de pagamento das parcelas por 60 dias<\/h2><\/a><div class=\"newsContent__article__meta\"><div class=\"newsContent__article__meta__authorBox\"><a href=\"https:\/\/www.suno.com.br\/noticias\/author\/arthur-guimaraes\/\" class=\"authorBox__avatar noMobi\"><img src=\"https:\/\/files.sunoresearch.com.br\/n\/uploads\/2020\/02\/dfb40897-eu-150x150.webp\" alt=\"Arthur Guimar\u00e3es\"><\/a><div class=\"authorBox__name\"><span>por\n\t\t\t<a href=\"https:\/\/www.suno.com.br\/noticias\/author\/arthur-guimaraes\/\"><span itemprop=\"author\">Arthur Guimar\u00e3es<\/span><\/a><\/span><time datetime=\"2020-04-03T19:04:58-03:00\" itemprop=\"datePublished\">03\/04\/2020 19:04<\/time><\/div><\/div><\/div><\/div><\/div>","single_layout":"posts","amp_enabled":true,"_links":{"self":[{"href":"https:\/\/www.suno.com.br\/noticias\/wp-json\/wp\/v2\/posts\/60383"}],"collection":[{"href":"https:\/\/www.suno.com.br\/noticias\/wp-json\/wp\/v2\/posts"}],"about":[{"href":"https:\/\/www.suno.com.br\/noticias\/wp-json\/wp\/v2\/types\/post"}],"author":[{"embeddable":true,"href":"https:\/\/www.suno.com.br\/noticias\/wp-json\/wp\/v2\/users\/35"}],"replies":[{"embeddable":true,"href":"https:\/\/www.suno.com.br\/noticias\/wp-json\/wp\/v2\/comments?post=60383"}],"version-history":[{"count":0,"href":"https:\/\/www.suno.com.br\/noticias\/wp-json\/wp\/v2\/posts\/60383\/revisions"}],"wp:featuredmedia":[{"embeddable":true,"href":"https:\/\/www.suno.com.br\/noticias\/wp-json\/wp\/v2\/media\/26855"}],"wp:attachment":[{"href":"https:\/\/www.suno.com.br\/noticias\/wp-json\/wp\/v2\/media?parent=60383"}],"wp:term":[{"taxonomy":"category","embeddable":true,"href":"https:\/\/www.suno.com.br\/noticias\/wp-json\/wp\/v2\/categories?post=60383"},{"taxonomy":"post_tag","embeddable":true,"href":"https:\/\/www.suno.com.br\/noticias\/wp-json\/wp\/v2\/tags?post=60383"},{"taxonomy":"suno_strategy","embeddable":true,"href":"https:\/\/www.suno.com.br\/noticias\/wp-json\/wp\/v2\/suno_strategy?post=60383"}],"curies":[{"name":"wp","href":"https:\/\/api.w.org\/{rel}","templated":true}]}}