{"id":60380,"date":"2020-04-03T16:50:51","date_gmt":"2020-04-03T19:50:51","guid":{"rendered":"https:\/\/www.suno.com.br\/noticias\/?p=60380"},"modified":"2020-04-03T16:50:51","modified_gmt":"2020-04-03T19:50:51","slug":"pib-brasil-cair-27-2020","status":"publish","type":"post","link":"https:\/\/www.suno.com.br\/noticias\/pib-brasil-cair-27-2020\/","title":{"rendered":"PIB do Brasil vai cair 2,7% em 2020, prev\u00ea Oxford Economics"},"content":{"rendered":"<p>O <a href=\"https:\/\/www.suno.com.br\/artigos\/pib-produto-interno-bruto\/\">Produto Interno Bruto (<strong>PIB<\/strong>)<\/a> do Brasil deveria encolher 2,7% em 2020 por causa da pandemia de <strong>coronav\u00edrus (covid-19)<\/strong>. \u00c9 essa a previs\u00e3o realizada pela consultoria brit\u00e2nica <strong>Oxford Economics,<\/strong> e divulgada nesta sexta-feira (3).<\/p>\t<div class=\"wrapper-featured-image\">\n\t\t<figure class=\"spotlightImg\">\n\n\t\t\t<picture>\n\t\t\t\t<source media=\"(max-width: 768px)\" srcset=\"https:\/\/files.sunoresearch.com.br\/n\/uploads\/2020\/04\/5695f528-mrb-with-border-400x200.webp\">\n\t\t\t\t<img loading=\"lazy\" decoding=\"async\" class=\"newsContent__article__imgCapa lazyloadDisabled newsContent__article__imgCapa--noCaption\" src=\"https:\/\/files.sunoresearch.com.br\/n\/uploads\/2020\/04\/5695f528-mrb-with-border-800x450.webp\" width=\"800\" height=\"450\" alt=\"PIB do Brasil vai cair 2,7% em 2020, prev\u00ea Oxford Economics\" fetchpriority=high \/>\n\t\t\t<\/picture>\n\n\t\t\t<figcaption class=\"wp-caption-text wp-caption-text--hide\">Ita\u00fa acredita em uma recupera\u00e7\u00e3o do PIB brasileiro<\/figcaption>\n\t\t<\/figure>\n\t<\/div>\n\n\n\n<p>Segundo Joan Domene, economista da Oxford Economics, a implementa\u00e7\u00e3o de bloqueios e medidas de isolamento social aumentar\u00e3o o custo econ\u00f4mico da crise, com uma repercuss\u00e3o negativa sobre o PIB deste ano.<\/p>\n<p>Al\u00e9m do PIB do <strong>Brasil,<\/strong> projetado anteriormente em expans\u00e3o de 0,3%, foram alteradas as previs\u00f5es do crescimento de toda a Am\u00e9rica Latina, que deveria sofrer uma redu\u00e7\u00e3o de 3,4% este ano.<\/p>\n<p><a href=\"https:\/\/www.suno.com.br\/nossas-assinaturas\/suno-premium\/\">Bolsa em queda livre!? Aproveita as maiores oportunidades da bolsa brasileira com nosso acesso Suno Premium<\/a><\/p>\n<p>No caso do M\u00e9xico, a Oxford Economics prev\u00ea uma contra\u00e7\u00e3o de 3,9% do PIB, contra uma redu\u00e7\u00e3o de 0,2% anteriormente prevista.<\/p>\n<p>\u201cAs revis\u00f5es semelhantes devem-se \u00e0 relut\u00e2ncia de ambos os governos em implementar medidas de conten\u00e7\u00e3o longas e rigorosas\u201d, explicou Domene.<\/p>\n<p>Segundo o economista, apesar da not\u00edcia positiva sobre a produ\u00e7\u00e3o industrial divulgada essa semana, j\u00e1 em fevereiro os temores dos consumidores eram evidentes nos resultados do varejo. A previs\u00e3o a Oxford Economics \u00e9 que o varejo diminua 3% entre janeiro e fevereiro.<\/p>\n<p><a href=\"https:\/\/www.suno.com.br\/noticias\/pib-do-brasil-cair-07-2020-aponta-sp\/\">Saiba mais: PIB do Brasil deve cair 0,7% em 2020, aponta S&amp;P<\/a><\/p>\n<p>\u201cNo entanto, achamos que o pior est\u00e1 longe de terminar porque o \u2018lockdown\u2019 em mar\u00e7o e em abril produzir\u00e1 contra\u00e7\u00f5es agudas no consumo e na produ\u00e7\u00e3o\u201d, salientou Domene.<\/p>\n<h2>Outras institui\u00e7\u00f5es tamb\u00e9m est\u00e3o revendo suas previs\u00f5es sobre o PIB<\/h2>\n<p>Al\u00e9m da Oxford Economics, outras institui\u00e7\u00f5es financeiras est\u00e3o revendo suas previs\u00f5es sobre o PIB. Por exemplo, o <strong>Bank<\/strong> <strong>of<\/strong> <strong>America<\/strong> (BofA) informou que o PIB do Brasil deve cair at\u00e9 3,5% em 2020, devido a pandemia do novo\u00a0 coronav\u00edrus.<\/p>\n<p><a href=\"https:\/\/www.suno.com.br\/noticias\/pib-brasileiro-queda-35-bofa\/\">Saiba mais: PIB brasileiro pode cair at\u00e9 3,5% de acordo com BofA<\/a><\/p>\n<p>Em contrapartida a retra\u00e7\u00e3o nesse ano, o BofA estima um avan\u00e7o, na mesma porcentagem, 3,5% para o PIB brasileiro em 2021. Os economistas informaram &#8220;o crescimento deve atingir 3,5% no pr\u00f3ximo ano, em rela\u00e7\u00e3o \u00e0 nossa previs\u00e3o anterior de crescimento de 2,5%&#8221;.<\/p>\n<p>Por sua vez, o <strong>Departamento das Na\u00e7\u00f5es Unidas para Assuntos Econ\u00f4micos e Sociais<\/strong> (DESA, na sigla em ingl\u00eas) prev\u00ea uma contra\u00e7\u00e3o do PIB do Brasil de pelo menos 0,3% em 2020.<\/p>\n\t<p>\n\t\t<a href=\"https:\/\/lp.suno.com.br\/asset\/suno-fundo-de-fundos-snff11\/\" target=\"_blank\" data-element=\"shortcode-suno-banner\" title=\"Banner SUNO, clique e saiba mais\">\n\t\t\t<picture>\n\t\t\t\t<source media=\"(max-width: 500px)\" srcset=\"https:\/\/files.sunoresearch.com.br\/n\/uploads\/2024\/01\/400x300-Mobile-Artigos-3-SNFF-AO.png\">\n\t\t\t\t<img class=\"newsContent__article__imgCapa newsContent__article__imgCapa--banner\"\n\t\t\t\t\tsrc=\"https:\/\/files.sunoresearch.com.br\/n\/uploads\/2024\/01\/1420x240-Banner-Artigos-1-_-Banner-Materias-1-SNFF-AO.png\"\n\t\t\t\t\tdata-promo-id=\"364418\"\t\t\t\t\t\t\t\t\t\twidth='1420' height='240'\t\t\t\t\talt=\"https:\/\/files.sunoresearch.com.br\/n\/uploads\/2024\/01\/1420x240-Banner-Artigos-1-_-Banner-Materias-1-SNFF-AO.png\"\n\t\t\t\t>\n\t\t\t<\/picture>\n\t\t<\/a>\n\t<\/p>\n\n\n<p>A estimativa da <strong>ONU<\/strong> para o PIB brasileiro fica abaixo da proje\u00e7\u00e3o do <a href=\"https:\/\/www.suno.com.br\/artigos\/bacen\/\"><strong>Banco Central<\/strong> (BC)<\/a>, o qual, na semana passada, cortou de 2,2% para zero. Al\u00e9m disso, o documento revelado pela organiza\u00e7\u00e3o alerta que a economia mundial poder\u00e1 cair at\u00e9 0,9%.<\/p>\n<p>&#8220;Embora as previs\u00f5es de crescimento nesta fase estejam sujeitas a um alto grau de incerteza, a ONU projeta atualmente uma leve contra\u00e7\u00e3o do PIB brasileiro (-0,3%) em 2020, seguida de uma recupera\u00e7\u00e3o em 2021&#8221;, indicou o departamento econ\u00f4mico da organiza\u00e7\u00e3o internacional.<\/p>\n<p><a href=\"https:\/\/www.suno.com.br\/noticias\/pib-do-brasil-podera-cair-informa-onu\/\">Saiba mais: PIB do Brasil poder\u00e1 cair 0,3% em 2020, informa ONU<\/a><\/p>\n<p>Por sua vez, a <a href=\"https:\/\/www.suno.com.br\/artigos\/agencias-de-rating\/\">ag\u00eancia de classifica\u00e7\u00e3o de risco<\/a> S&amp;P Global Ratings informou que o <strong>PIB<\/strong>\u00a0dever\u00e1 cair 0,7% em 2020. Em contrapartida a retra\u00e7\u00e3o neste ano, a <strong>S&amp;P<\/strong> prev\u00ea um avan\u00e7o de 2,9% da economia brasileira em 2021. J\u00e1 para 2022, a proje\u00e7\u00e3o \u00e9 que o Brasil Pa\u00eds cres\u00e7a 2,5%.<\/p>\n\n","protected":false},"excerpt":{"rendered":"<p>O Produto Interno Bruto (PIB) do Brasil deveria encolher 2,7% em 2020 por causa da pandemia de coronav\u00edrus (covid-19). \u00c9 essa a previs\u00e3o realizada pela consultoria brit\u00e2nica Oxford Economics, e divulgada nesta sexta-feira (3). Ita\u00fa acredita em uma recupera\u00e7\u00e3o do PIB brasileiro Segundo Joan Domene, economista da Oxford Economics, a implementa\u00e7\u00e3o de bloqueios e medidas [&hellip;]<\/p>\n","protected":false},"author":9,"featured_media":60384,"comment_status":"closed","ping_status":"closed","sticky":false,"template":"","format":"standard","meta":[],"categories":[62],"tags":[2487,807],"suno_strategy":[],"class_list":["post-60380","post","type-post","status-publish","format-standard","has-post-thumbnail","hentry","category-economia","tag-coronavirus","tag-produto-interno-bruto-pib"],"yoast_head":"<!-- This site is optimized with the Yoast SEO plugin v24.4 - https:\/\/yoast.com\/wordpress\/plugins\/seo\/ -->\n<title>PIB do Brasil vai cair 2,7% em 2020, prev\u00ea Oxford Economics<\/title>\n<meta name=\"description\" content=\"A consultoria Oxford Economics prev\u00ea que o PIB do Brasil dever\u00e1 cair 2,7% por causa do coroanv\u00edrus. Clique aqui e saiba mais.\" \/>\n<meta name=\"robots\" content=\"index, follow, max-snippet:-1, max-image-preview:large, max-video-preview:-1\" \/>\n<link rel=\"canonical\" href=\"https:\/\/www.suno.com.br\/noticias\/pib-brasil-cair-27-2020\/\" \/>\n<meta property=\"og:locale\" content=\"pt_BR\" \/>\n<meta property=\"og:type\" content=\"article\" \/>\n<meta property=\"og:title\" content=\"PIB do Brasil vai cair 2,7% em 2020, prev\u00ea Oxford Economics\" \/>\n<meta property=\"og:description\" content=\"A consultoria Oxford Economics prev\u00ea que o PIB do Brasil dever\u00e1 cair 2,7% por causa do coroanv\u00edrus. Clique aqui e saiba mais.\" \/>\n<meta property=\"og:url\" content=\"https:\/\/www.suno.com.br\/noticias\/pib-brasil-cair-27-2020\/\" \/>\n<meta property=\"og:site_name\" content=\"Suno Not\u00edcias\" \/>\n<meta property=\"article:publisher\" content=\"https:\/\/facebook.com\/sunoresearch\" \/>\n<meta property=\"og:image\" content=\"https:\/\/files.sunoresearch.com.br\/n\/uploads\/2020\/04\/5695f528-mrb-with-border.jpg\" \/>\n\t<meta property=\"og:image:width\" content=\"1714\" \/>\n\t<meta property=\"og:image:height\" content=\"1151\" \/>\n\t<meta property=\"og:image:type\" content=\"image\/jpeg\" \/>\n<meta name=\"author\" content=\"Carlo Cauti\" \/>\n<meta name=\"twitter:card\" content=\"summary_large_image\" \/>\n<meta name=\"twitter:creator\" content=\"@sunoresearch\" \/>\n<meta name=\"twitter:site\" content=\"@sunoresearch\" \/>\n<meta name=\"twitter:label1\" content=\"Escrito por\" \/>\n\t<meta name=\"twitter:data1\" content=\"Carlo Cauti\" \/>\n\t<meta name=\"twitter:label2\" content=\"Est. tempo de leitura\" \/>\n\t<meta name=\"twitter:data2\" content=\"3 minutos\" \/>\n<script type=\"application\/ld+json\" class=\"yoast-schema-graph\">{\"@context\":\"https:\/\/schema.org\",\"@graph\":[{\"@type\":\"NewsArticle\",\"@id\":\"https:\/\/www.suno.com.br\/noticias\/pib-brasil-cair-27-2020\/#article\",\"isPartOf\":{\"@id\":\"https:\/\/www.suno.com.br\/noticias\/pib-brasil-cair-27-2020\/\"},\"author\":{\"name\":\"Carlo Cauti\",\"@id\":\"https:\/\/www.suno.com.br\/noticias\/#\/schema\/person\/e6e0f723cc177805027f4566c1d5e0c8\"},\"headline\":\"PIB do Brasil vai cair 2,7% em 2020, prev\u00ea Oxford Economics\",\"datePublished\":\"2020-04-03T19:50:51+00:00\",\"mainEntityOfPage\":{\"@id\":\"https:\/\/www.suno.com.br\/noticias\/pib-brasil-cair-27-2020\/\"},\"wordCount\":562,\"publisher\":{\"@id\":\"https:\/\/www.suno.com.br\/noticias\/#organization\"},\"image\":{\"@id\":\"https:\/\/www.suno.com.br\/noticias\/pib-brasil-cair-27-2020\/#primaryimage\"},\"thumbnailUrl\":\"https:\/\/files.sunoresearch.com.br\/n\/uploads\/2020\/04\/5695f528-mrb-with-border-jpg.webp\",\"keywords\":[\"coronav\u00edrus\",\"Produto Interno Bruto (PIB)\"],\"articleSection\":[\"Economia\"],\"inLanguage\":\"pt-BR\"},{\"@type\":\"WebPage\",\"@id\":\"https:\/\/www.suno.com.br\/noticias\/pib-brasil-cair-27-2020\/\",\"url\":\"https:\/\/www.suno.com.br\/noticias\/pib-brasil-cair-27-2020\/\",\"name\":\"PIB do Brasil vai cair 2,7% em 2020, prev\u00ea Oxford Economics\",\"isPartOf\":{\"@id\":\"https:\/\/www.suno.com.br\/noticias\/#website\"},\"primaryImageOfPage\":{\"@id\":\"https:\/\/www.suno.com.br\/noticias\/pib-brasil-cair-27-2020\/#primaryimage\"},\"image\":{\"@id\":\"https:\/\/www.suno.com.br\/noticias\/pib-brasil-cair-27-2020\/#primaryimage\"},\"thumbnailUrl\":\"https:\/\/files.sunoresearch.com.br\/n\/uploads\/2020\/04\/5695f528-mrb-with-border-jpg.webp\",\"datePublished\":\"2020-04-03T19:50:51+00:00\",\"description\":\"A consultoria Oxford Economics prev\u00ea que o PIB do Brasil dever\u00e1 cair 2,7% por causa do coroanv\u00edrus. Clique aqui e saiba mais.\",\"breadcrumb\":{\"@id\":\"https:\/\/www.suno.com.br\/noticias\/pib-brasil-cair-27-2020\/#breadcrumb\"},\"inLanguage\":\"pt-BR\",\"potentialAction\":[{\"@type\":\"ReadAction\",\"target\":[\"https:\/\/www.suno.com.br\/noticias\/pib-brasil-cair-27-2020\/\"]}]},{\"@type\":\"ImageObject\",\"inLanguage\":\"pt-BR\",\"@id\":\"https:\/\/www.suno.com.br\/noticias\/pib-brasil-cair-27-2020\/#primaryimage\",\"url\":\"https:\/\/files.sunoresearch.com.br\/n\/uploads\/2020\/04\/5695f528-mrb-with-border-jpg.webp\",\"contentUrl\":\"https:\/\/files.sunoresearch.com.br\/n\/uploads\/2020\/04\/5695f528-mrb-with-border-jpg.webp\",\"width\":1714,\"height\":1151,\"caption\":\"Ita\u00fa acredita em uma recupera\u00e7\u00e3o do PIB brasileiro\"},{\"@type\":\"BreadcrumbList\",\"@id\":\"https:\/\/www.suno.com.br\/noticias\/pib-brasil-cair-27-2020\/#breadcrumb\",\"itemListElement\":[{\"@type\":\"ListItem\",\"position\":1,\"name\":\"Not\u00edcias\",\"item\":\"https:\/\/www.suno.com.br\/noticias\/\"},{\"@type\":\"ListItem\",\"position\":2,\"name\":\"Economia\",\"item\":\"https:\/\/www.suno.com.br\/noticias\/economia\/\"},{\"@type\":\"ListItem\",\"position\":3,\"name\":\"PIB do Brasil vai cair 2,7% em 2020, prev\u00ea Oxford Economics\"}]},{\"@type\":\"WebSite\",\"@id\":\"https:\/\/www.suno.com.br\/noticias\/#website\",\"url\":\"https:\/\/www.suno.com.br\/noticias\/\",\"name\":\"Suno Not\u00edcias\",\"description\":\"Seu portal de informa\u00e7\u00e3o sobre o mundo dos investimentos\",\"publisher\":{\"@id\":\"https:\/\/www.suno.com.br\/noticias\/#organization\"},\"potentialAction\":[{\"@type\":\"SearchAction\",\"target\":{\"@type\":\"EntryPoint\",\"urlTemplate\":\"https:\/\/www.suno.com.br\/noticias\/?s={search_term_string}\"},\"query-input\":{\"@type\":\"PropertyValueSpecification\",\"valueRequired\":true,\"valueName\":\"search_term_string\"}}],\"inLanguage\":\"pt-BR\"},{\"@type\":\"Organization\",\"@id\":\"https:\/\/www.suno.com.br\/noticias\/#organization\",\"name\":\"Suno Not\u00edcias\",\"url\":\"https:\/\/www.suno.com.br\/noticias\/\",\"logo\":{\"@type\":\"ImageObject\",\"inLanguage\":\"pt-BR\",\"@id\":\"https:\/\/www.suno.com.br\/noticias\/#\/schema\/logo\/image\/\",\"url\":\"https:\/\/files.sunoresearch.com.br\/n\/uploads\/2021\/09\/suno-logo.png\",\"contentUrl\":\"https:\/\/files.sunoresearch.com.br\/n\/uploads\/2021\/09\/suno-logo.png\",\"width\":180,\"height\":180,\"caption\":\"Suno Not\u00edcias\"},\"image\":{\"@id\":\"https:\/\/www.suno.com.br\/noticias\/#\/schema\/logo\/image\/\"},\"sameAs\":[\"https:\/\/facebook.com\/sunoresearch\",\"https:\/\/x.com\/sunoresearch\",\"https:\/\/www.instagram.com\/suno\",\"https:\/\/www.linkedin.com\/company\/suno-research\/\",\"https:\/\/www.youtube.com\/c\/sunoresearch\"]},{\"@type\":\"Person\",\"@id\":\"https:\/\/www.suno.com.br\/noticias\/#\/schema\/person\/e6e0f723cc177805027f4566c1d5e0c8\",\"name\":\"Carlo Cauti\",\"image\":{\"@type\":\"ImageObject\",\"inLanguage\":\"pt-BR\",\"@id\":\"https:\/\/www.suno.com.br\/noticias\/#\/schema\/person\/image\/\",\"url\":\"https:\/\/secure.gravatar.com\/avatar\/3ada9e0bd164c23abd4792a9606d583c?s=96&r=g\",\"contentUrl\":\"https:\/\/secure.gravatar.com\/avatar\/3ada9e0bd164c23abd4792a9606d583c?s=96&r=g\",\"caption\":\"Carlo Cauti\"},\"description\":\"Editor multim\u00eddia do SUNO Not\u00edcias. Italiano, formado em Ci\u00eancias Pol\u00edticas pela universidade LUISS G. Carli de Roma e mestre cum laude em Rela\u00e7\u00f5es Internacionais, Jornalismo Internacional e de Guerra e em Economia Internacional. Concluiu tamb\u00e9m um MBA em Finan\u00e7as na B3. No Brasil, teve passagem por ve\u00edculos como Estad\u00e3o, Globo, Veja e EXAME. e nas ag\u00eancias de not\u00edcias italianas ANSA e NOVA.\",\"url\":\"https:\/\/www.suno.com.br\/noticias\/author\/carlo-cauti\/\"}]}<\/script>\n<!-- \/ Yoast SEO plugin. -->","yoast_head_json":{"title":"PIB do Brasil vai cair 2,7% em 2020, prev\u00ea Oxford Economics","description":"A consultoria Oxford Economics prev\u00ea que o PIB do Brasil dever\u00e1 cair 2,7% por causa do coroanv\u00edrus. Clique aqui e saiba mais.","robots":{"index":"index","follow":"follow","max-snippet":"max-snippet:-1","max-image-preview":"max-image-preview:large","max-video-preview":"max-video-preview:-1"},"canonical":"https:\/\/www.suno.com.br\/noticias\/pib-brasil-cair-27-2020\/","og_locale":"pt_BR","og_type":"article","og_title":"PIB do Brasil vai cair 2,7% em 2020, prev\u00ea Oxford Economics","og_description":"A consultoria Oxford Economics prev\u00ea que o PIB do Brasil dever\u00e1 cair 2,7% por causa do coroanv\u00edrus. Clique aqui e saiba mais.","og_url":"https:\/\/www.suno.com.br\/noticias\/pib-brasil-cair-27-2020\/","og_site_name":"Suno Not\u00edcias","article_publisher":"https:\/\/facebook.com\/sunoresearch","og_image":[{"width":1714,"height":1151,"url":"https:\/\/files.sunoresearch.com.br\/n\/uploads\/2020\/04\/5695f528-mrb-with-border.jpg","type":"image\/jpeg"}],"author":"Carlo Cauti","twitter_card":"summary_large_image","twitter_creator":"@sunoresearch","twitter_site":"@sunoresearch","twitter_misc":{"Escrito por":"Carlo Cauti","Est. tempo de leitura":"3 minutos"},"schema":{"@context":"https:\/\/schema.org","@graph":[{"@type":"NewsArticle","@id":"https:\/\/www.suno.com.br\/noticias\/pib-brasil-cair-27-2020\/#article","isPartOf":{"@id":"https:\/\/www.suno.com.br\/noticias\/pib-brasil-cair-27-2020\/"},"author":{"name":"Carlo Cauti","@id":"https:\/\/www.suno.com.br\/noticias\/#\/schema\/person\/e6e0f723cc177805027f4566c1d5e0c8"},"headline":"PIB do Brasil vai cair 2,7% em 2020, prev\u00ea Oxford Economics","datePublished":"2020-04-03T19:50:51+00:00","mainEntityOfPage":{"@id":"https:\/\/www.suno.com.br\/noticias\/pib-brasil-cair-27-2020\/"},"wordCount":562,"publisher":{"@id":"https:\/\/www.suno.com.br\/noticias\/#organization"},"image":{"@id":"https:\/\/www.suno.com.br\/noticias\/pib-brasil-cair-27-2020\/#primaryimage"},"thumbnailUrl":"https:\/\/files.sunoresearch.com.br\/n\/uploads\/2020\/04\/5695f528-mrb-with-border-jpg.webp","keywords":["coronav\u00edrus","Produto Interno Bruto (PIB)"],"articleSection":["Economia"],"inLanguage":"pt-BR"},{"@type":"WebPage","@id":"https:\/\/www.suno.com.br\/noticias\/pib-brasil-cair-27-2020\/","url":"https:\/\/www.suno.com.br\/noticias\/pib-brasil-cair-27-2020\/","name":"PIB do Brasil vai cair 2,7% em 2020, prev\u00ea Oxford Economics","isPartOf":{"@id":"https:\/\/www.suno.com.br\/noticias\/#website"},"primaryImageOfPage":{"@id":"https:\/\/www.suno.com.br\/noticias\/pib-brasil-cair-27-2020\/#primaryimage"},"image":{"@id":"https:\/\/www.suno.com.br\/noticias\/pib-brasil-cair-27-2020\/#primaryimage"},"thumbnailUrl":"https:\/\/files.sunoresearch.com.br\/n\/uploads\/2020\/04\/5695f528-mrb-with-border-jpg.webp","datePublished":"2020-04-03T19:50:51+00:00","description":"A consultoria Oxford Economics prev\u00ea que o PIB do Brasil dever\u00e1 cair 2,7% por causa do coroanv\u00edrus. Clique aqui e saiba mais.","breadcrumb":{"@id":"https:\/\/www.suno.com.br\/noticias\/pib-brasil-cair-27-2020\/#breadcrumb"},"inLanguage":"pt-BR","potentialAction":[{"@type":"ReadAction","target":["https:\/\/www.suno.com.br\/noticias\/pib-brasil-cair-27-2020\/"]}]},{"@type":"ImageObject","inLanguage":"pt-BR","@id":"https:\/\/www.suno.com.br\/noticias\/pib-brasil-cair-27-2020\/#primaryimage","url":"https:\/\/files.sunoresearch.com.br\/n\/uploads\/2020\/04\/5695f528-mrb-with-border-jpg.webp","contentUrl":"https:\/\/files.sunoresearch.com.br\/n\/uploads\/2020\/04\/5695f528-mrb-with-border-jpg.webp","width":1714,"height":1151,"caption":"Ita\u00fa acredita em uma recupera\u00e7\u00e3o do PIB brasileiro"},{"@type":"BreadcrumbList","@id":"https:\/\/www.suno.com.br\/noticias\/pib-brasil-cair-27-2020\/#breadcrumb","itemListElement":[{"@type":"ListItem","position":1,"name":"Not\u00edcias","item":"https:\/\/www.suno.com.br\/noticias\/"},{"@type":"ListItem","position":2,"name":"Economia","item":"https:\/\/www.suno.com.br\/noticias\/economia\/"},{"@type":"ListItem","position":3,"name":"PIB do Brasil vai cair 2,7% em 2020, prev\u00ea Oxford Economics"}]},{"@type":"WebSite","@id":"https:\/\/www.suno.com.br\/noticias\/#website","url":"https:\/\/www.suno.com.br\/noticias\/","name":"Suno Not\u00edcias","description":"Seu portal de informa\u00e7\u00e3o sobre o mundo dos investimentos","publisher":{"@id":"https:\/\/www.suno.com.br\/noticias\/#organization"},"potentialAction":[{"@type":"SearchAction","target":{"@type":"EntryPoint","urlTemplate":"https:\/\/www.suno.com.br\/noticias\/?s={search_term_string}"},"query-input":{"@type":"PropertyValueSpecification","valueRequired":true,"valueName":"search_term_string"}}],"inLanguage":"pt-BR"},{"@type":"Organization","@id":"https:\/\/www.suno.com.br\/noticias\/#organization","name":"Suno Not\u00edcias","url":"https:\/\/www.suno.com.br\/noticias\/","logo":{"@type":"ImageObject","inLanguage":"pt-BR","@id":"https:\/\/www.suno.com.br\/noticias\/#\/schema\/logo\/image\/","url":"https:\/\/files.sunoresearch.com.br\/n\/uploads\/2021\/09\/suno-logo.png","contentUrl":"https:\/\/files.sunoresearch.com.br\/n\/uploads\/2021\/09\/suno-logo.png","width":180,"height":180,"caption":"Suno Not\u00edcias"},"image":{"@id":"https:\/\/www.suno.com.br\/noticias\/#\/schema\/logo\/image\/"},"sameAs":["https:\/\/facebook.com\/sunoresearch","https:\/\/x.com\/sunoresearch","https:\/\/www.instagram.com\/suno","https:\/\/www.linkedin.com\/company\/suno-research\/","https:\/\/www.youtube.com\/c\/sunoresearch"]},{"@type":"Person","@id":"https:\/\/www.suno.com.br\/noticias\/#\/schema\/person\/e6e0f723cc177805027f4566c1d5e0c8","name":"Carlo Cauti","image":{"@type":"ImageObject","inLanguage":"pt-BR","@id":"https:\/\/www.suno.com.br\/noticias\/#\/schema\/person\/image\/","url":"https:\/\/secure.gravatar.com\/avatar\/3ada9e0bd164c23abd4792a9606d583c?s=96&r=g","contentUrl":"https:\/\/secure.gravatar.com\/avatar\/3ada9e0bd164c23abd4792a9606d583c?s=96&r=g","caption":"Carlo Cauti"},"description":"Editor multim\u00eddia do SUNO Not\u00edcias. Italiano, formado em Ci\u00eancias Pol\u00edticas pela universidade LUISS G. Carli de Roma e mestre cum laude em Rela\u00e7\u00f5es Internacionais, Jornalismo Internacional e de Guerra e em Economia Internacional. Concluiu tamb\u00e9m um MBA em Finan\u00e7as na B3. No Brasil, teve passagem por ve\u00edculos como Estad\u00e3o, Globo, Veja e EXAME. e nas ag\u00eancias de not\u00edcias italianas ANSA e NOVA.","url":"https:\/\/www.suno.com.br\/noticias\/author\/carlo-cauti\/"}]}},"default_loop_html":"<div class=\"cardsPage__listCard__boxs\"><div class=\"cardsPage__listCard__boxs__img\"><a href=\"https:\/\/www.suno.com.br\/noticias\/pib-brasil-cair-27-2020\/\"><img class=\"mask\" src=\"https:\/\/www.suno.com.br\/noticias\/wp-content\/themes\/suno\/resources\/images\/spotlight\/spotlight1img\/bg-mask.png\" alt=\"Image Mask\"\/><img src=\"https:\/\/files.sunoresearch.com.br\/n\/uploads\/2020\/04\/5695f528-mrb-with-border-400x200.webp\" alt=\"PIB do Brasil vai cair 2,7% em 2020, prev\u00ea Oxford Economics\"\/><\/a><span class=\"spotlightCategory\"><a href=\"https:\/\/www.suno.com.br\/noticias\/economia\/\">Economia<\/a><\/span><\/div><div class=\"cardsPage__listCard__boxs__content\"><a href=\"https:\/\/www.suno.com.br\/noticias\/pib-brasil-cair-27-2020\/\"><h2 class=\"content__title\">PIB do Brasil vai cair 2,7% em 2020, prev\u00ea Oxford Economics<\/h2><\/a><div class=\"newsContent__article__meta\"><div class=\"newsContent__article__meta__authorBox\"><a href=\"https:\/\/www.suno.com.br\/noticias\/author\/carlo-cauti\/\" class=\"authorBox__avatar noMobi\"><img src=\"https:\/\/files.sunoresearch.com.br\/n\/uploads\/2020\/08\/e3745f9a-perfil-carlo-cauti-150x150.webp\" alt=\"Carlo Cauti\"><\/a><div class=\"authorBox__name\"><span>por\n\t\t\t<a href=\"https:\/\/www.suno.com.br\/noticias\/author\/carlo-cauti\/\"><span itemprop=\"author\">Carlo Cauti<\/span><\/a><\/span><time datetime=\"2020-04-03T16:50:51-03:00\" itemprop=\"datePublished\">03\/04\/2020 16:50<\/time><\/div><\/div><\/div><\/div><\/div>","single_layout":"posts","amp_enabled":true,"_links":{"self":[{"href":"https:\/\/www.suno.com.br\/noticias\/wp-json\/wp\/v2\/posts\/60380"}],"collection":[{"href":"https:\/\/www.suno.com.br\/noticias\/wp-json\/wp\/v2\/posts"}],"about":[{"href":"https:\/\/www.suno.com.br\/noticias\/wp-json\/wp\/v2\/types\/post"}],"author":[{"embeddable":true,"href":"https:\/\/www.suno.com.br\/noticias\/wp-json\/wp\/v2\/users\/9"}],"replies":[{"embeddable":true,"href":"https:\/\/www.suno.com.br\/noticias\/wp-json\/wp\/v2\/comments?post=60380"}],"version-history":[{"count":0,"href":"https:\/\/www.suno.com.br\/noticias\/wp-json\/wp\/v2\/posts\/60380\/revisions"}],"wp:featuredmedia":[{"embeddable":true,"href":"https:\/\/www.suno.com.br\/noticias\/wp-json\/wp\/v2\/media\/60384"}],"wp:attachment":[{"href":"https:\/\/www.suno.com.br\/noticias\/wp-json\/wp\/v2\/media?parent=60380"}],"wp:term":[{"taxonomy":"category","embeddable":true,"href":"https:\/\/www.suno.com.br\/noticias\/wp-json\/wp\/v2\/categories?post=60380"},{"taxonomy":"post_tag","embeddable":true,"href":"https:\/\/www.suno.com.br\/noticias\/wp-json\/wp\/v2\/tags?post=60380"},{"taxonomy":"suno_strategy","embeddable":true,"href":"https:\/\/www.suno.com.br\/noticias\/wp-json\/wp\/v2\/suno_strategy?post=60380"}],"curies":[{"name":"wp","href":"https:\/\/api.w.org\/{rel}","templated":true}]}}