{"id":603531,"date":"2025-05-01T10:00:00","date_gmt":"2025-05-01T13:00:00","guid":{"rendered":"https:\/\/www.suno.com.br\/noticias\/?p=603531"},"modified":"2025-04-30T22:36:49","modified_gmt":"2025-05-01T01:36:49","slug":"weg-balanco-1t25-queda-margem","status":"publish","type":"post","link":"https:\/\/www.suno.com.br\/noticias\/weg-balanco-1t25-queda-margem\/","title":{"rendered":"WEG (WEGE3) tem leve alta nos lucros em balan\u00e7o do 1T25; margem EBITDA cai"},"content":{"rendered":"<p>A <strong>WEG <\/strong>(WEGE3) divulgou nesta quarta-feira (30) os resultados do primeiro trimestre de 2025, reportando <a class=\"suno-keyword\" data-force=\"no\" data-priority=\"1\" href=\"https:\/\/www.suno.com.br\/artigos\/receita-liquida-operacional\/\" target=\"_blank\" rel=\"noopener\">receita operacional l\u00edquida<\/a> de R$ 10,08 bilh\u00f5es \u2014 alta de 25,5% em rela\u00e7\u00e3o ao 1T24, mas 6,9% abaixo do 4T24 \u2014 e <a class=\"suno-keyword\" data-force=\"no\" data-priority=\"1\" href=\"https:\/\/www.suno.com.br\/artigos\/lucro-liquido\/\" target=\"_blank\" rel=\"noopener\">lucro l\u00edquido<\/a> de R$ 1,27 bilh\u00e3o, avan\u00e7o de 2,9% na compara\u00e7\u00e3o anual.\u00a0<\/p>\t<div class=\"wrapper-featured-image\">\n\t\t<figure class=\"spotlightImg\">\n\n\t\t\t<picture>\n\t\t\t\t<source media=\"(max-width: 768px)\" srcset=\"https:\/\/files.sunoresearch.com.br\/n\/uploads\/2020\/11\/cropped-b8f998bb-weg-wege3-anuncia-compra-de-startup-de-tecnologia-400x200.jpg\">\n\t\t\t\t<img loading=\"lazy\" decoding=\"async\" class=\"newsContent__article__imgCapa lazyloadDisabled \" src=\"https:\/\/files.sunoresearch.com.br\/n\/uploads\/2020\/11\/cropped-b8f998bb-weg-wege3-anuncia-compra-de-startup-de-tecnologia.jpg\" width=\"800\" height=\"450\" alt=\"WEG (WEGE3) tem leve alta nos lucros em balan\u00e7o do 1T25; margem EBITDA cai\" fetchpriority=high \/>\n\t\t\t<\/picture>\n\n\t\t\t<figcaption class=\"wp-caption-text wp-caption-text--show\">Compra da Tupi Mob marca novo avan\u00e7o da WEG no ecossistema de ve\u00edculos el\u00e9tricos, segundo o BTG Pactual.<\/figcaption>\n\t\t<\/figure>\n\t<\/div>\n\n\n\n\n\n\t<p>\n\t\t<a href=\"https:\/\/lp.suno.com.br\/ebook-como-analisar-uma-acao\/\" target=\"_blank\" data-element=\"shortcode-suno-banner\" title=\"Banner SUNO, clique e saiba mais\">\n\t\t\t<picture>\n\t\t\t\t<source media=\"(max-width: 500px)\" srcset=\"https:\/\/files.sunoresearch.com.br\/n\/uploads\/2023\/03\/Ebook-Acoes-Mobile.jpg\">\n\t\t\t\t<img class=\"newsContent__article__imgCapa newsContent__article__imgCapa--banner\"\n\t\t\t\t\tsrc=\"https:\/\/files.sunoresearch.com.br\/n\/uploads\/2023\/03\/Ebook-Acoes-Desktop.jpg\"\n\t\t\t\t\tdata-promo-id=\"378302\"\t\t\t\t\t\t\t\t\t\twidth='1420' height='286'\t\t\t\t\talt=\"https:\/\/files.sunoresearch.com.br\/n\/uploads\/2023\/03\/Ebook-Acoes-Desktop.jpg\"\n\t\t\t\t>\n\t\t\t<\/picture>\n\t\t<\/a>\n\t<\/p>\n\n\n\n\n\n<p>Apesar do crescimento na receita, a queda na <a class=\"suno-keyword\" target=\"_blank\" data-force=\"no\" data-priority=\"1\" href=\"https:\/\/www.suno.com.br\/artigos\/margem-ebitda\/\" rel=\"noopener\">margem EBITDA<\/a> para 21,6% e no <a class=\"suno-keyword\" target=\"_blank\" data-force=\"no\" data-priority=\"1\" href=\"https:\/\/www.suno.com.br\/artigos\/retorno-capital-investido\/\" rel=\"noopener\">retorno sobre o capital investido<\/a> (ROIC), que recuou 5,7 p.p. em um ano, pressionou as a\u00e7\u00f5es da companhia, que encerraram o dia com baixa superior a 3% na B3.<\/p>\n\n\n\n<p>Antes do impacto em bolsa, o BTG Pactual j\u00e1 alertava que os n\u00fameros vinham \u201cem linha com nossas proje\u00e7\u00f5es, embora abaixo do consenso, com leve surpresa positiva na receita e decep\u00e7\u00e3o no lucro l\u00edquido\u201d.&nbsp;<\/p>\n\n\n\n<p>O banco tamb\u00e9m apontou que a performance operacional do trimestre reflete o aumento do SG&amp;A e os custos com frete internacional \u2014 especialmente associados ao segmento solar \u2014 al\u00e9m da integra\u00e7\u00e3o de aquisi\u00e7\u00f5es recentes que ainda n\u00e3o operam nos n\u00edveis de efici\u00eancia esperados.<\/p>\n\n\n\n<h2 class=\"wp-block-heading\">WEG (WEGE3): SG&amp;A sobe 15% e pressiona rentabilidade da opera\u00e7\u00e3o<\/h2>\n\n\n\n<p>Durante a confer\u00eancia com analistas, o CFO da WEG, Andr\u00e9 Rodrigues, explicou: \u201cA consolida\u00e7\u00e3o dos neg\u00f3cios da Marathon, Rotterdamp e Volt, n\u00e3o presentes no 1T24, e o aumento dos custos de frete internacional, em especial pelo maior volume de vendas de projetos solares, foram os principais fatores de eleva\u00e7\u00e3o do SG&amp;A. A desvaloriza\u00e7\u00e3o do real tamb\u00e9m contribuiu para esse efeito.\u201d<\/p>\n\n\n\n<p>O EBITDA totalizou R$ 2,17 bilh\u00f5es, avan\u00e7o de 22,8% ante 1T24, mas com recuo de 9% em rela\u00e7\u00e3o ao 4T24. A margem EBITDA caiu 0,4 ponto percentual na compara\u00e7\u00e3o anual e 0,5 p.p. frente ao trimestre imediatamente anterior. J\u00e1 o ROIC caiu para 33,2%, contra 38,9% no mesmo per\u00edodo do ano anterior.<\/p>\n\n\n\n<p>Segundo a administra\u00e7\u00e3o da empresa, o crescimento da receita foi sustentado, sobretudo, pela \u00e1rea de Gera\u00e7\u00e3o, Transmiss\u00e3o e Distribui\u00e7\u00e3o de Energia (GTD), com destaque para os neg\u00f3cios de gera\u00e7\u00e3o solar e os projetos em T&amp;D no Brasil. <\/p>\n\n\n\n<p>Apesar da queda em indicadores de rentabilidade, a companhia refor\u00e7ou sua confian\u00e7a no modelo de neg\u00f3cios diversificado e na presen\u00e7a global como fatores que ajudam a mitigar riscos.<\/p>\n\n\n\n<p>\u201cSeguimos com nossa forte estrat\u00e9gia industrial, que aliada \u00e0 constante busca por <a class=\"suno-keyword\" target=\"_blank\" data-force=\"no\" data-priority=\"1\" href=\"https:\/\/www.suno.com.br\/artigos\/eficiencia-operacional\/\" rel=\"noopener\">efici\u00eancia operacional<\/a>, contribui para entrega de margens operacionais s\u00f3lidas e retorno sobre o capital investido superior \u00e0 m\u00e9dia da ind\u00fastria\u201d, afirmou a empresa no release de resultados.<\/p>\n\n\n\n<p>Com presen\u00e7a consolidada em mercados como Brasil, M\u00e9xico, China e Am\u00e9rica do Norte, a empresa refor\u00e7ou que seu plano estrat\u00e9gico permanece inalterado, mesmo diante de um cen\u00e1rio global vol\u00e1til.&nbsp;<\/p>\n\n\n\n<p>Para os pr\u00f3ximos trimestres, analistas do BTG e da XP destacam que a aten\u00e7\u00e3o do mercado deve se voltar \u00e0 evolu\u00e7\u00e3o das margens e \u00e0 integra\u00e7\u00e3o das recentes aquisi\u00e7\u00f5es.&nbsp;<\/p>\n\n\n\n<p>Com presen\u00e7a diversificada e atua\u00e7\u00e3o relevante em setores estrat\u00e9gicos, como energia e automa\u00e7\u00e3o industrial, a <strong>WEG<\/strong> segue bem posicionada para capturar oportunidades de crescimento, apesar dos desafios de <a class=\"suno-keyword\" target=\"_blank\" data-force=\"no\" data-priority=\"1\" href=\"https:\/\/www.suno.com.br\/artigos\/curto-prazo\/\" rel=\"noopener\">curto prazo<\/a>.<\/p>\n\n\n\t<p>\n\t\t<a href=\"https:\/\/lp.suno.com.br\/plataforma-de-controle-de-investimentos\/\" target=\"_blank\" data-element=\"shortcode-suno-banner\" title=\"Banner SUNO, clique e saiba mais\">\n\t\t\t<picture>\n\t\t\t\t<source media=\"(max-width: 500px)\" srcset=\"https:\/\/files.sunoresearch.com.br\/n\/uploads\/2023\/03\/400x300-Controle-de-Investimentos.png\">\n\t\t\t\t<img class=\"newsContent__article__imgCapa newsContent__article__imgCapa--banner\"\n\t\t\t\t\tsrc=\"https:\/\/files.sunoresearch.com.br\/n\/uploads\/2023\/03\/1420x240-Controle-de-Investimentos.png\"\n\t\t\t\t\tdata-promo-id=\"383162\"\t\t\t\t\t\t\t\t\t\twidth='1420' height='240'\t\t\t\t\talt=\"https:\/\/files.sunoresearch.com.br\/n\/uploads\/2023\/03\/1420x240-Controle-de-Investimentos.png\"\n\t\t\t\t>\n\t\t\t<\/picture>\n\t\t<\/a>\n\t<\/p>\n\n\n","protected":false},"excerpt":{"rendered":"<p>A WEG (WEGE3) divulgou nesta quarta-feira (30) os resultados do primeiro trimestre de 2025, reportando receita operacional l\u00edquida de R$ 10,08 bilh\u00f5es \u2014 alta de 25,5% em rela\u00e7\u00e3o ao 1T24, mas 6,9% abaixo do 4T24 \u2014 e lucro l\u00edquido de R$ 1,27 bilh\u00e3o, avan\u00e7o de 2,9% na compara\u00e7\u00e3o anual.\u00a0 Compra da Tupi Mob marca novo [&hellip;]<\/p>\n","protected":false},"author":402,"featured_media":290870,"comment_status":"closed","ping_status":"closed","sticky":false,"template":"","format":"standard","meta":[],"categories":[60],"tags":[1029,681],"suno_strategy":[],"class_list":["post-603531","post","type-post","status-publish","format-standard","has-post-thumbnail","hentry","category-mercado","tag-balancos-trimestrais","tag-weg-wege3"],"yoast_head":"<!-- This site is optimized with the Yoast SEO plugin v24.4 - https:\/\/yoast.com\/wordpress\/plugins\/seo\/ -->\n<title>WEG (WEGE3): a\u00e7\u00f5es recuam ap\u00f3s balan\u00e7o do 1T25<\/title>\n<meta name=\"description\" content=\"A WEG (WEGE3) divulgou os resultados do primeiro trimestre de 2025, reportando receita operacional l\u00edquida de R$ 10,08 bilh\u00f5es.\" \/>\n<meta name=\"robots\" content=\"index, follow, max-snippet:-1, max-image-preview:large, max-video-preview:-1\" \/>\n<link rel=\"canonical\" href=\"https:\/\/www.suno.com.br\/noticias\/weg-balanco-1t25-queda-margem\/\" \/>\n<meta property=\"og:locale\" content=\"pt_BR\" \/>\n<meta property=\"og:type\" content=\"article\" \/>\n<meta property=\"og:title\" content=\"WEG (WEGE3): a\u00e7\u00f5es recuam ap\u00f3s balan\u00e7o do 1T25\" \/>\n<meta property=\"og:description\" content=\"A WEG (WEGE3) divulgou os resultados do primeiro trimestre de 2025, reportando receita operacional l\u00edquida de R$ 10,08 bilh\u00f5es.\" \/>\n<meta property=\"og:url\" content=\"https:\/\/www.suno.com.br\/noticias\/weg-balanco-1t25-queda-margem\/\" \/>\n<meta property=\"og:site_name\" content=\"Suno Not\u00edcias\" \/>\n<meta property=\"article:publisher\" content=\"https:\/\/facebook.com\/sunoresearch\" \/>\n<meta property=\"og:image\" content=\"http:\/\/files.sunoresearch.com.br\/n\/uploads\/2020\/11\/cropped-b8f998bb-weg-wege3-anuncia-compra-de-startup-de-tecnologia.jpg\" \/>\n\t<meta property=\"og:image:width\" content=\"640\" \/>\n\t<meta property=\"og:image:height\" content=\"853\" \/>\n\t<meta property=\"og:image:type\" content=\"image\/jpeg\" \/>\n<meta name=\"author\" content=\"Ma\u00edra Telles\" \/>\n<meta name=\"twitter:card\" content=\"summary_large_image\" \/>\n<meta name=\"twitter:creator\" content=\"@sunoresearch\" \/>\n<meta name=\"twitter:site\" content=\"@sunoresearch\" \/>\n<meta name=\"twitter:label1\" content=\"Escrito por\" \/>\n\t<meta name=\"twitter:data1\" content=\"Ma\u00edra Telles\" \/>\n\t<meta name=\"twitter:label2\" content=\"Est. tempo de leitura\" \/>\n\t<meta name=\"twitter:data2\" content=\"3 minutos\" \/>\n<script type=\"application\/ld+json\" class=\"yoast-schema-graph\">{\"@context\":\"https:\/\/schema.org\",\"@graph\":[{\"@type\":\"NewsArticle\",\"@id\":\"https:\/\/www.suno.com.br\/noticias\/weg-balanco-1t25-queda-margem\/#article\",\"isPartOf\":{\"@id\":\"https:\/\/www.suno.com.br\/noticias\/weg-balanco-1t25-queda-margem\/\"},\"author\":{\"name\":\"Ma\u00edra Telles\",\"@id\":\"https:\/\/www.suno.com.br\/noticias\/#\/schema\/person\/0a8b51292bb96ee5f104094c0907eaef\"},\"headline\":\"WEG (WEGE3) tem leve alta nos lucros em balan\u00e7o do 1T25; margem EBITDA cai\",\"datePublished\":\"2025-05-01T13:00:00+00:00\",\"mainEntityOfPage\":{\"@id\":\"https:\/\/www.suno.com.br\/noticias\/weg-balanco-1t25-queda-margem\/\"},\"wordCount\":554,\"publisher\":{\"@id\":\"https:\/\/www.suno.com.br\/noticias\/#organization\"},\"image\":{\"@id\":\"https:\/\/www.suno.com.br\/noticias\/weg-balanco-1t25-queda-margem\/#primaryimage\"},\"thumbnailUrl\":\"https:\/\/files.sunoresearch.com.br\/n\/uploads\/2020\/11\/cropped-b8f998bb-weg-wege3-anuncia-compra-de-startup-de-tecnologia.jpg\",\"keywords\":[\"balan\u00e7os trimestrais\",\"Weg (WEGE3)\"],\"articleSection\":[\"Mercado\"],\"inLanguage\":\"pt-BR\"},{\"@type\":\"WebPage\",\"@id\":\"https:\/\/www.suno.com.br\/noticias\/weg-balanco-1t25-queda-margem\/\",\"url\":\"https:\/\/www.suno.com.br\/noticias\/weg-balanco-1t25-queda-margem\/\",\"name\":\"WEG (WEGE3): a\u00e7\u00f5es recuam ap\u00f3s balan\u00e7o do 1T25\",\"isPartOf\":{\"@id\":\"https:\/\/www.suno.com.br\/noticias\/#website\"},\"primaryImageOfPage\":{\"@id\":\"https:\/\/www.suno.com.br\/noticias\/weg-balanco-1t25-queda-margem\/#primaryimage\"},\"image\":{\"@id\":\"https:\/\/www.suno.com.br\/noticias\/weg-balanco-1t25-queda-margem\/#primaryimage\"},\"thumbnailUrl\":\"https:\/\/files.sunoresearch.com.br\/n\/uploads\/2020\/11\/cropped-b8f998bb-weg-wege3-anuncia-compra-de-startup-de-tecnologia.jpg\",\"datePublished\":\"2025-05-01T13:00:00+00:00\",\"description\":\"A WEG (WEGE3) divulgou os resultados do primeiro trimestre de 2025, reportando receita operacional l\u00edquida de R$ 10,08 bilh\u00f5es.\",\"breadcrumb\":{\"@id\":\"https:\/\/www.suno.com.br\/noticias\/weg-balanco-1t25-queda-margem\/#breadcrumb\"},\"inLanguage\":\"pt-BR\",\"potentialAction\":[{\"@type\":\"ReadAction\",\"target\":[\"https:\/\/www.suno.com.br\/noticias\/weg-balanco-1t25-queda-margem\/\"]}]},{\"@type\":\"ImageObject\",\"inLanguage\":\"pt-BR\",\"@id\":\"https:\/\/www.suno.com.br\/noticias\/weg-balanco-1t25-queda-margem\/#primaryimage\",\"url\":\"https:\/\/files.sunoresearch.com.br\/n\/uploads\/2020\/11\/cropped-b8f998bb-weg-wege3-anuncia-compra-de-startup-de-tecnologia.jpg\",\"contentUrl\":\"https:\/\/files.sunoresearch.com.br\/n\/uploads\/2020\/11\/cropped-b8f998bb-weg-wege3-anuncia-compra-de-startup-de-tecnologia.jpg\",\"width\":640,\"height\":853,\"caption\":\"Compra da Tupi Mob marca novo avan\u00e7o da WEG no ecossistema de ve\u00edculos el\u00e9tricos, segundo o BTG Pactual.\"},{\"@type\":\"BreadcrumbList\",\"@id\":\"https:\/\/www.suno.com.br\/noticias\/weg-balanco-1t25-queda-margem\/#breadcrumb\",\"itemListElement\":[{\"@type\":\"ListItem\",\"position\":1,\"name\":\"Not\u00edcias\",\"item\":\"https:\/\/www.suno.com.br\/noticias\/\"},{\"@type\":\"ListItem\",\"position\":2,\"name\":\"Mercado\",\"item\":\"https:\/\/www.suno.com.br\/noticias\/mercado\/\"},{\"@type\":\"ListItem\",\"position\":3,\"name\":\"WEG (WEGE3) tem leve alta nos lucros em balan\u00e7o do 1T25; margem EBITDA cai\"}]},{\"@type\":\"WebSite\",\"@id\":\"https:\/\/www.suno.com.br\/noticias\/#website\",\"url\":\"https:\/\/www.suno.com.br\/noticias\/\",\"name\":\"Suno Not\u00edcias\",\"description\":\"Seu portal de informa\u00e7\u00e3o sobre o mundo dos investimentos\",\"publisher\":{\"@id\":\"https:\/\/www.suno.com.br\/noticias\/#organization\"},\"potentialAction\":[{\"@type\":\"SearchAction\",\"target\":{\"@type\":\"EntryPoint\",\"urlTemplate\":\"https:\/\/www.suno.com.br\/noticias\/?s={search_term_string}\"},\"query-input\":{\"@type\":\"PropertyValueSpecification\",\"valueRequired\":true,\"valueName\":\"search_term_string\"}}],\"inLanguage\":\"pt-BR\"},{\"@type\":\"Organization\",\"@id\":\"https:\/\/www.suno.com.br\/noticias\/#organization\",\"name\":\"Suno Not\u00edcias\",\"url\":\"https:\/\/www.suno.com.br\/noticias\/\",\"logo\":{\"@type\":\"ImageObject\",\"inLanguage\":\"pt-BR\",\"@id\":\"https:\/\/www.suno.com.br\/noticias\/#\/schema\/logo\/image\/\",\"url\":\"https:\/\/files.sunoresearch.com.br\/n\/uploads\/2021\/09\/suno-logo.png\",\"contentUrl\":\"https:\/\/files.sunoresearch.com.br\/n\/uploads\/2021\/09\/suno-logo.png\",\"width\":180,\"height\":180,\"caption\":\"Suno Not\u00edcias\"},\"image\":{\"@id\":\"https:\/\/www.suno.com.br\/noticias\/#\/schema\/logo\/image\/\"},\"sameAs\":[\"https:\/\/facebook.com\/sunoresearch\",\"https:\/\/x.com\/sunoresearch\",\"https:\/\/www.instagram.com\/suno\",\"https:\/\/www.linkedin.com\/company\/suno-research\/\",\"https:\/\/www.youtube.com\/c\/sunoresearch\"]},{\"@type\":\"Person\",\"@id\":\"https:\/\/www.suno.com.br\/noticias\/#\/schema\/person\/0a8b51292bb96ee5f104094c0907eaef\",\"name\":\"Ma\u00edra Telles\",\"image\":{\"@type\":\"ImageObject\",\"inLanguage\":\"pt-BR\",\"@id\":\"https:\/\/www.suno.com.br\/noticias\/#\/schema\/person\/image\/\",\"url\":\"https:\/\/secure.gravatar.com\/avatar\/8d13691eab6abc1d1050b62a4c2a6116?s=96&r=g\",\"contentUrl\":\"https:\/\/secure.gravatar.com\/avatar\/8d13691eab6abc1d1050b62a4c2a6116?s=96&r=g\",\"caption\":\"Ma\u00edra Telles\"},\"description\":\"Jornalista com passagem por reda\u00e7\u00f5es como ESPN, especializa\u00e7\u00e3o em marketing digital e em gest\u00e3o de crise. Com foco no mercado financeiro e no setor agropecu\u00e1rio, desenvolve conte\u00fados estrat\u00e9gicos e especializados para m\u00faltiplas plataformas, unindo an\u00e1lise de investimentos e neg\u00f3cios\",\"url\":\"https:\/\/www.suno.com.br\/noticias\/author\/mairaftellesgmail-com\/\"}]}<\/script>\n<!-- \/ Yoast SEO plugin. -->","yoast_head_json":{"title":"WEG (WEGE3): a\u00e7\u00f5es recuam ap\u00f3s balan\u00e7o do 1T25","description":"A WEG (WEGE3) divulgou os resultados do primeiro trimestre de 2025, reportando receita operacional l\u00edquida de R$ 10,08 bilh\u00f5es.","robots":{"index":"index","follow":"follow","max-snippet":"max-snippet:-1","max-image-preview":"max-image-preview:large","max-video-preview":"max-video-preview:-1"},"canonical":"https:\/\/www.suno.com.br\/noticias\/weg-balanco-1t25-queda-margem\/","og_locale":"pt_BR","og_type":"article","og_title":"WEG (WEGE3): a\u00e7\u00f5es recuam ap\u00f3s balan\u00e7o do 1T25","og_description":"A WEG (WEGE3) divulgou os resultados do primeiro trimestre de 2025, reportando receita operacional l\u00edquida de R$ 10,08 bilh\u00f5es.","og_url":"https:\/\/www.suno.com.br\/noticias\/weg-balanco-1t25-queda-margem\/","og_site_name":"Suno Not\u00edcias","article_publisher":"https:\/\/facebook.com\/sunoresearch","og_image":[{"width":640,"height":853,"url":"http:\/\/files.sunoresearch.com.br\/n\/uploads\/2020\/11\/cropped-b8f998bb-weg-wege3-anuncia-compra-de-startup-de-tecnologia.jpg","type":"image\/jpeg"}],"author":"Ma\u00edra Telles","twitter_card":"summary_large_image","twitter_creator":"@sunoresearch","twitter_site":"@sunoresearch","twitter_misc":{"Escrito por":"Ma\u00edra Telles","Est. tempo de leitura":"3 minutos"},"schema":{"@context":"https:\/\/schema.org","@graph":[{"@type":"NewsArticle","@id":"https:\/\/www.suno.com.br\/noticias\/weg-balanco-1t25-queda-margem\/#article","isPartOf":{"@id":"https:\/\/www.suno.com.br\/noticias\/weg-balanco-1t25-queda-margem\/"},"author":{"name":"Ma\u00edra Telles","@id":"https:\/\/www.suno.com.br\/noticias\/#\/schema\/person\/0a8b51292bb96ee5f104094c0907eaef"},"headline":"WEG (WEGE3) tem leve alta nos lucros em balan\u00e7o do 1T25; margem EBITDA cai","datePublished":"2025-05-01T13:00:00+00:00","mainEntityOfPage":{"@id":"https:\/\/www.suno.com.br\/noticias\/weg-balanco-1t25-queda-margem\/"},"wordCount":554,"publisher":{"@id":"https:\/\/www.suno.com.br\/noticias\/#organization"},"image":{"@id":"https:\/\/www.suno.com.br\/noticias\/weg-balanco-1t25-queda-margem\/#primaryimage"},"thumbnailUrl":"https:\/\/files.sunoresearch.com.br\/n\/uploads\/2020\/11\/cropped-b8f998bb-weg-wege3-anuncia-compra-de-startup-de-tecnologia.jpg","keywords":["balan\u00e7os trimestrais","Weg (WEGE3)"],"articleSection":["Mercado"],"inLanguage":"pt-BR"},{"@type":"WebPage","@id":"https:\/\/www.suno.com.br\/noticias\/weg-balanco-1t25-queda-margem\/","url":"https:\/\/www.suno.com.br\/noticias\/weg-balanco-1t25-queda-margem\/","name":"WEG (WEGE3): a\u00e7\u00f5es recuam ap\u00f3s balan\u00e7o do 1T25","isPartOf":{"@id":"https:\/\/www.suno.com.br\/noticias\/#website"},"primaryImageOfPage":{"@id":"https:\/\/www.suno.com.br\/noticias\/weg-balanco-1t25-queda-margem\/#primaryimage"},"image":{"@id":"https:\/\/www.suno.com.br\/noticias\/weg-balanco-1t25-queda-margem\/#primaryimage"},"thumbnailUrl":"https:\/\/files.sunoresearch.com.br\/n\/uploads\/2020\/11\/cropped-b8f998bb-weg-wege3-anuncia-compra-de-startup-de-tecnologia.jpg","datePublished":"2025-05-01T13:00:00+00:00","description":"A WEG (WEGE3) divulgou os resultados do primeiro trimestre de 2025, reportando receita operacional l\u00edquida de R$ 10,08 bilh\u00f5es.","breadcrumb":{"@id":"https:\/\/www.suno.com.br\/noticias\/weg-balanco-1t25-queda-margem\/#breadcrumb"},"inLanguage":"pt-BR","potentialAction":[{"@type":"ReadAction","target":["https:\/\/www.suno.com.br\/noticias\/weg-balanco-1t25-queda-margem\/"]}]},{"@type":"ImageObject","inLanguage":"pt-BR","@id":"https:\/\/www.suno.com.br\/noticias\/weg-balanco-1t25-queda-margem\/#primaryimage","url":"https:\/\/files.sunoresearch.com.br\/n\/uploads\/2020\/11\/cropped-b8f998bb-weg-wege3-anuncia-compra-de-startup-de-tecnologia.jpg","contentUrl":"https:\/\/files.sunoresearch.com.br\/n\/uploads\/2020\/11\/cropped-b8f998bb-weg-wege3-anuncia-compra-de-startup-de-tecnologia.jpg","width":640,"height":853,"caption":"Compra da Tupi Mob marca novo avan\u00e7o da WEG no ecossistema de ve\u00edculos el\u00e9tricos, segundo o BTG Pactual."},{"@type":"BreadcrumbList","@id":"https:\/\/www.suno.com.br\/noticias\/weg-balanco-1t25-queda-margem\/#breadcrumb","itemListElement":[{"@type":"ListItem","position":1,"name":"Not\u00edcias","item":"https:\/\/www.suno.com.br\/noticias\/"},{"@type":"ListItem","position":2,"name":"Mercado","item":"https:\/\/www.suno.com.br\/noticias\/mercado\/"},{"@type":"ListItem","position":3,"name":"WEG (WEGE3) tem leve alta nos lucros em balan\u00e7o do 1T25; margem EBITDA cai"}]},{"@type":"WebSite","@id":"https:\/\/www.suno.com.br\/noticias\/#website","url":"https:\/\/www.suno.com.br\/noticias\/","name":"Suno Not\u00edcias","description":"Seu portal de informa\u00e7\u00e3o sobre o mundo dos investimentos","publisher":{"@id":"https:\/\/www.suno.com.br\/noticias\/#organization"},"potentialAction":[{"@type":"SearchAction","target":{"@type":"EntryPoint","urlTemplate":"https:\/\/www.suno.com.br\/noticias\/?s={search_term_string}"},"query-input":{"@type":"PropertyValueSpecification","valueRequired":true,"valueName":"search_term_string"}}],"inLanguage":"pt-BR"},{"@type":"Organization","@id":"https:\/\/www.suno.com.br\/noticias\/#organization","name":"Suno Not\u00edcias","url":"https:\/\/www.suno.com.br\/noticias\/","logo":{"@type":"ImageObject","inLanguage":"pt-BR","@id":"https:\/\/www.suno.com.br\/noticias\/#\/schema\/logo\/image\/","url":"https:\/\/files.sunoresearch.com.br\/n\/uploads\/2021\/09\/suno-logo.png","contentUrl":"https:\/\/files.sunoresearch.com.br\/n\/uploads\/2021\/09\/suno-logo.png","width":180,"height":180,"caption":"Suno Not\u00edcias"},"image":{"@id":"https:\/\/www.suno.com.br\/noticias\/#\/schema\/logo\/image\/"},"sameAs":["https:\/\/facebook.com\/sunoresearch","https:\/\/x.com\/sunoresearch","https:\/\/www.instagram.com\/suno","https:\/\/www.linkedin.com\/company\/suno-research\/","https:\/\/www.youtube.com\/c\/sunoresearch"]},{"@type":"Person","@id":"https:\/\/www.suno.com.br\/noticias\/#\/schema\/person\/0a8b51292bb96ee5f104094c0907eaef","name":"Ma\u00edra Telles","image":{"@type":"ImageObject","inLanguage":"pt-BR","@id":"https:\/\/www.suno.com.br\/noticias\/#\/schema\/person\/image\/","url":"https:\/\/secure.gravatar.com\/avatar\/8d13691eab6abc1d1050b62a4c2a6116?s=96&r=g","contentUrl":"https:\/\/secure.gravatar.com\/avatar\/8d13691eab6abc1d1050b62a4c2a6116?s=96&r=g","caption":"Ma\u00edra Telles"},"description":"Jornalista com passagem por reda\u00e7\u00f5es como ESPN, especializa\u00e7\u00e3o em marketing digital e em gest\u00e3o de crise. Com foco no mercado financeiro e no setor agropecu\u00e1rio, desenvolve conte\u00fados estrat\u00e9gicos e especializados para m\u00faltiplas plataformas, unindo an\u00e1lise de investimentos e neg\u00f3cios","url":"https:\/\/www.suno.com.br\/noticias\/author\/mairaftellesgmail-com\/"}]}},"default_loop_html":"<div class=\"cardsPage__listCard__boxs\"><div class=\"cardsPage__listCard__boxs__img\"><a href=\"https:\/\/www.suno.com.br\/noticias\/weg-balanco-1t25-queda-margem\/\"><img class=\"mask\" src=\"https:\/\/www.suno.com.br\/noticias\/wp-content\/themes\/suno\/resources\/images\/spotlight\/spotlight1img\/bg-mask.png\" alt=\"Image Mask\"\/><img src=\"https:\/\/files.sunoresearch.com.br\/n\/uploads\/2020\/11\/cropped-b8f998bb-weg-wege3-anuncia-compra-de-startup-de-tecnologia-400x200.jpg\" alt=\"WEG (WEGE3) tem leve alta nos lucros em balan\u00e7o do 1T25; margem EBITDA cai\"\/><\/a><span class=\"spotlightCategory\"><a href=\"https:\/\/www.suno.com.br\/noticias\/mercado\/\">Mercado<\/a><\/span><\/div><div class=\"cardsPage__listCard__boxs__content\"><a href=\"https:\/\/www.suno.com.br\/noticias\/weg-balanco-1t25-queda-margem\/\"><h2 class=\"content__title\">WEG (WEGE3) tem leve alta nos lucros em balan\u00e7o do 1T25; margem EBITDA cai<\/h2><\/a><div class=\"newsContent__article__meta\"><div class=\"newsContent__article__meta__authorBox\"><a href=\"https:\/\/www.suno.com.br\/noticias\/author\/mairaftellesgmail-com\/\" class=\"authorBox__avatar noMobi\"><img src=\"https:\/\/secure.gravatar.com\/avatar\/8d13691eab6abc1d1050b62a4c2a6116?s=96&#038;r=g\" alt=\"Ma\u00edra Telles\"><\/a><div class=\"authorBox__name\"><span>por\n\t\t\t<a href=\"https:\/\/www.suno.com.br\/noticias\/author\/mairaftellesgmail-com\/\"><span itemprop=\"author\">Ma\u00edra Telles<\/span><\/a><\/span><time datetime=\"2025-05-01T10:00:00-03:00\" itemprop=\"datePublished\">01\/05\/2025 10:00<\/time><\/div><\/div><\/div><\/div><\/div>","single_layout":"posts","amp_enabled":true,"_links":{"self":[{"href":"https:\/\/www.suno.com.br\/noticias\/wp-json\/wp\/v2\/posts\/603531"}],"collection":[{"href":"https:\/\/www.suno.com.br\/noticias\/wp-json\/wp\/v2\/posts"}],"about":[{"href":"https:\/\/www.suno.com.br\/noticias\/wp-json\/wp\/v2\/types\/post"}],"author":[{"embeddable":true,"href":"https:\/\/www.suno.com.br\/noticias\/wp-json\/wp\/v2\/users\/402"}],"replies":[{"embeddable":true,"href":"https:\/\/www.suno.com.br\/noticias\/wp-json\/wp\/v2\/comments?post=603531"}],"version-history":[{"count":2,"href":"https:\/\/www.suno.com.br\/noticias\/wp-json\/wp\/v2\/posts\/603531\/revisions"}],"predecessor-version":[{"id":603559,"href":"https:\/\/www.suno.com.br\/noticias\/wp-json\/wp\/v2\/posts\/603531\/revisions\/603559"}],"wp:featuredmedia":[{"embeddable":true,"href":"https:\/\/www.suno.com.br\/noticias\/wp-json\/wp\/v2\/media\/290870"}],"wp:attachment":[{"href":"https:\/\/www.suno.com.br\/noticias\/wp-json\/wp\/v2\/media?parent=603531"}],"wp:term":[{"taxonomy":"category","embeddable":true,"href":"https:\/\/www.suno.com.br\/noticias\/wp-json\/wp\/v2\/categories?post=603531"},{"taxonomy":"post_tag","embeddable":true,"href":"https:\/\/www.suno.com.br\/noticias\/wp-json\/wp\/v2\/tags?post=603531"},{"taxonomy":"suno_strategy","embeddable":true,"href":"https:\/\/www.suno.com.br\/noticias\/wp-json\/wp\/v2\/suno_strategy?post=603531"}],"curies":[{"name":"wp","href":"https:\/\/api.w.org\/{rel}","templated":true}]}}