{"id":603366,"date":"2025-04-30T10:57:02","date_gmt":"2025-04-30T13:57:02","guid":{"rendered":"https:\/\/www.suno.com.br\/noticias\/?p=603366"},"modified":"2025-04-30T12:27:13","modified_gmt":"2025-04-30T15:27:13","slug":"emprego-pnad-continua-marco-2025","status":"publish","type":"post","link":"https:\/\/www.suno.com.br\/noticias\/emprego-pnad-continua-marco-2025\/","title":{"rendered":"Emprego: IBGE registra desocupa\u00e7\u00e3o de 7% no trimestre at\u00e9 mar\u00e7o"},"content":{"rendered":"<p>A taxa de desocupa\u00e7\u00e3o no Brasil ficou em 7% no trimestre encerrado em mar\u00e7o, de acordo com os dados da <a class=\"suno-keyword\" target=\"_blank\" data-force=\"no\" data-priority=\"2\" href=\"https:\/\/www.suno.com.br\/artigos\/pnad\/\" rel=\"noopener\">Pesquisa Nacional por Amostra de Domic\u00edlios<\/a> Cont\u00ednua (Pnad Cont\u00ednua) divulgados nesta quarta-feira (30) pelo Instituto Brasileiro de Geografia e Estat\u00edstica (IBGE). Este \u00e9 um dos \u00edndices que mede o <strong>emprego <\/strong>no pa\u00eds, considerando tanto dados do mercado formal de trabalho quanto informais.<\/p>\t<div class=\"wrapper-featured-image\">\n\t\t<figure class=\"spotlightImg\">\n\n\t\t\t<picture>\n\t\t\t\t<source media=\"(max-width: 768px)\" srcset=\"https:\/\/files.sunoresearch.com.br\/n\/uploads\/2023\/07\/cropped-taxa-desemprego-estabiliza-trimestre-junho-1-400x200.jpg\">\n\t\t\t\t<img loading=\"lazy\" decoding=\"async\" class=\"newsContent__article__imgCapa lazyloadDisabled \" src=\"https:\/\/files.sunoresearch.com.br\/n\/uploads\/2023\/07\/cropped-taxa-desemprego-estabiliza-trimestre-junho-1.jpg\" width=\"800\" height=\"450\" alt=\"Emprego: IBGE registra desocupa\u00e7\u00e3o de 7% no trimestre at\u00e9 mar\u00e7o\" fetchpriority=high \/>\n\t\t\t<\/picture>\n\n\t\t\t<figcaption class=\"wp-caption-text wp-caption-text--show\">Foto: Reprodu\u00e7\u00e3o<\/figcaption>\n\t\t<\/figure>\n\t<\/div>\n\n\n\n\n\n\t<p>\n\t\t<a href=\"https:\/\/lp.suno.com.br\/planilha-da-vida-financeira\/\" target=\"_blank\" data-element=\"shortcode-suno-banner\" title=\"Banner SUNO, clique e saiba mais\">\n\t\t\t<picture>\n\t\t\t\t<source media=\"(max-width: 500px)\" srcset=\"https:\/\/files.sunoresearch.com.br\/n\/uploads\/2023\/04\/400x300-Planilha-vida-financeira-true.png\">\n\t\t\t\t<img class=\"newsContent__article__imgCapa newsContent__article__imgCapa--banner\"\n\t\t\t\t\tsrc=\"https:\/\/files.sunoresearch.com.br\/n\/uploads\/2023\/04\/1420x240-Planilha-vida-financeira-true.png\"\n\t\t\t\t\tdata-promo-id=\"383123\"\t\t\t\t\t\t\t\t\t\twidth='1420' height='240'\t\t\t\t\talt=\"https:\/\/files.sunoresearch.com.br\/n\/uploads\/2023\/04\/1420x240-Planilha-vida-financeira-true.png\"\n\t\t\t\t>\n\t\t\t<\/picture>\n\t\t<\/a>\n\t<\/p>\n\n\n\n\n\n<p>Em igual per\u00edodo do ano anterior, a <strong>taxa de desemprego <\/strong>medida pela Pnad Cont\u00ednua estava em 7,9%. No trimestre encerrado em fevereiro, a taxa de desocupa\u00e7\u00e3o estava em 6,8%.<\/p>\n\n\n\n<p>A alta da desocupa\u00e7\u00e3o na compara\u00e7\u00e3o trimestral foi puxada pelo aumento no n\u00famero de pessoas em busca de trabalho, a chamada popula\u00e7\u00e3o desocupada, que cresceu 13,1% frente ao trimestre encerrado em dezembro de 2024, um aumento de 891 mil pessoas em busca de trabalho. Apesar da alta, a popula\u00e7\u00e3o desocupada permanece 10,5% abaixo do contingente registrado no mesmo trimestre m\u00f3vel de 2024.<\/p>\n\n\n\n<p>Segundo o <strong>IBGE<\/strong>, o aumento da taxa de desocupa\u00e7\u00e3o na compara\u00e7\u00e3o mensal se deve \u00e0 redu\u00e7\u00e3o da popula\u00e7\u00e3o ocupada do pa\u00eds. Esse contingente recuou em 1,3 milh\u00e3o de pessoas (-1,3%) na compara\u00e7\u00e3o trimestral, embora permane\u00e7a 2,3% acima do n\u00famero de trabalhadores encontrados pela pesquisa no primeiro trimestre de 2024 (2,3 milh\u00f5es a mais).<\/p>\n\n\n\n<p>\u201cO bom desempenho do <a class=\"suno-keyword\" target=\"_blank\" data-force=\"no\" data-priority=\"2\" href=\"https:\/\/www.suno.com.br\/artigos\/mercado-de-trabalho\/\" rel=\"noopener\">mercado de trabalho<\/a> nos \u00faltimos trimestres n\u00e3o chega a ser comprometido pelo crescimento sazonal da desocupa\u00e7\u00e3o. Mesmo com expans\u00e3o trimestral, a taxa de desocupa\u00e7\u00e3o do 1\u00ba trimestre de 2025 \u00e9 menor que todas as registradas nesse mesmo per\u00edodo de anos anteriores\u201d, destaca a coordenadora de pesquisas domiciliares do IBGE, Adriana Beringuy.<\/p>\n\n\n\n<p>O n\u00famero de trabalhadores com carteira assinada n\u00e3o teve varia\u00e7\u00e3o significativa na compara\u00e7\u00e3o com o trimestre m\u00f3vel anterior (encerrado em dezembro), permanecendo em 39,4 milh\u00f5es. J\u00e1 o n\u00famero de empregados sem carteira no setor privado (13,5 milh\u00f5es) caiu 5,3% (menos 751 mil pessoas) em rela\u00e7\u00e3o ao \u00faltimo trimestre de 2024.<\/p>\n\n\n\n<p>&#8220;O <strong>mercado de trabalho<\/strong> continua resiliente mesmo diante de uma atividade dando sinais de desacelera\u00e7\u00e3o. A sazonalidade do emprego, que no in\u00edcio do ano costuma mostrar um aumento na desocupa\u00e7\u00e3o, devido ao encerramento de contratos tempor\u00e1rios firmados no final do ano anterior, ajuda a explicar esse movimento de aumento da taxa de desemprego nos tr\u00eas primeiros meses do ano&#8221;, explica Rafael Perez, economista da Suno Research.<\/p>\n\n\n\n<h2 class=\"wp-block-heading\">Emprego: renda m\u00e9dia tem alta de 4%<\/h2>\n\n\n\n<p>A renda m\u00e9dia real do trabalhador foi de R$ 3.410 no trimestre encerrado em mar\u00e7o. O resultado representa alta de 4,0% em rela\u00e7\u00e3o ao mesmo per\u00edodo do ano anterior. A massa de renda real habitual paga aos ocupados somou R$ 345,048 bilh\u00f5es no trimestre at\u00e9 mar\u00e7o, alta de 6,6% ante igual per\u00edodo do ano anterior.<\/p>\n\n\n\n<p>Entre os grupamentos de atividade investigados pela pesquisa, a compara\u00e7\u00e3o com o trimestre encerrado em dezembro de 2024 mostra aumento no rendimento de Agricultura, pecu\u00e1ria, produ\u00e7\u00e3o florestal, pesca e aquicultura (4,1%, ou mais R$ 85) e Administra\u00e7\u00e3o p\u00fablica, defesa, seguridade social, educa\u00e7\u00e3o, sa\u00fade humana e servi\u00e7os sociais (3,2%, ou mais R$ 145), sem varia\u00e7\u00f5es significativas nos demais grupamentos.<\/p>\n\n\n\n<p>&#8220;O cen\u00e1rio de crescimento dos empregos com carteira assinada, que costumam pagar sal\u00e1rios mais elevados, tem se refletido em aumento nos rendimentos do trabalho e na massa salarial. Ambos os indicadores est\u00e3o nas m\u00e1ximas hist\u00f3ricas e representam um desafio para o Banco Central, pois tendem a pressionar a infla\u00e7\u00e3o, especialmente no setor de servi\u00e7os.\u00a0 Os dados revelam que o mercado de trabalho continua bastante resiliente e ser\u00e1 um vetor importante para sustentar o consumo e a renda das fam\u00edlias&#8221;, completa Rafael Perez, da <strong>Suno Research<\/strong>.\u00a0<\/p>\n\n\n\n<p>\u00c0 tarde, o Minist\u00e9rio do Trabalho divulga os dados de mar\u00e7o do <a class=\"suno-keyword\" target=\"_blank\" data-force=\"no\" data-priority=\"2\" href=\"https:\/\/www.suno.com.br\/artigos\/caged\/\" rel=\"noopener\">Cadastro Geral de Empregados e Desempregados (Caged)<\/a>, que registra apenas os dados formais de <strong>emprego<\/strong>, a partir das informa\u00e7\u00f5es cedidas pelas empresas ao governo.<\/p>\n\n\n\n\n\n<p class=\"newsProviderSignature\"><em>Com Estad\u00e3o Conte\u00fado<\/em><\/p>\n\n\n\t<p>\n\t\t<a href=\"https:\/\/lp.suno.com.br\/ebook-gratuito-investindo-no-exterior\/\" target=\"_blank\" data-element=\"shortcode-suno-banner\" title=\"Banner SUNO, clique e saiba mais\">\n\t\t\t<picture>\n\t\t\t\t<source media=\"(max-width: 500px)\" srcset=\"https:\/\/files.sunoresearch.com.br\/n\/uploads\/2023\/03\/400x300-Investindo-no-exterior.png\">\n\t\t\t\t<img class=\"newsContent__article__imgCapa newsContent__article__imgCapa--banner\"\n\t\t\t\t\tsrc=\"https:\/\/files.sunoresearch.com.br\/n\/uploads\/2023\/03\/1420x240-Investindo-no-exterior.png\"\n\t\t\t\t\tdata-promo-id=\"383161\"\t\t\t\t\t\t\t\t\t\twidth='1420' height='240'\t\t\t\t\talt=\"https:\/\/files.sunoresearch.com.br\/n\/uploads\/2023\/03\/1420x240-Investindo-no-exterior.png\"\n\t\t\t\t>\n\t\t\t<\/picture>\n\t\t<\/a>\n\t<\/p>\n\n\n","protected":false},"excerpt":{"rendered":"<p>A taxa de desocupa\u00e7\u00e3o no Brasil ficou em 7% no trimestre encerrado em mar\u00e7o, de acordo com os dados da Pesquisa Nacional por Amostra de Domic\u00edlios Cont\u00ednua (Pnad Cont\u00ednua) divulgados nesta quarta-feira (30) pelo Instituto Brasileiro de Geografia e Estat\u00edstica (IBGE). Este \u00e9 um dos \u00edndices que mede o emprego no pa\u00eds, considerando tanto dados [&hellip;]<\/p>\n","protected":false},"author":43,"featured_media":477734,"comment_status":"closed","ping_status":"closed","sticky":false,"template":"","format":"standard","meta":[],"categories":[62],"tags":[1796,821,1191],"suno_strategy":[],"class_list":["post-603366","post","type-post","status-publish","format-standard","has-post-thumbnail","hentry","category-economia","tag-emprego","tag-ibge","tag-pnad"],"yoast_head":"<!-- This site is optimized with the Yoast SEO plugin v24.4 - https:\/\/yoast.com\/wordpress\/plugins\/seo\/ -->\n<title>Emprego: IBGE tem desocupa\u00e7\u00e3o de 7% no trimestre at\u00e9 mar\u00e7o<\/title>\n<meta name=\"description\" content=\"A taxa de desocupa\u00e7\u00e3o, um dos \u00edndices de emprego do Brasil, ficou em 7% no trimestre encerrado em mar\u00e7o, de acordo com o IBGE.\" \/>\n<meta name=\"robots\" content=\"index, follow, max-snippet:-1, max-image-preview:large, max-video-preview:-1\" \/>\n<link rel=\"canonical\" href=\"https:\/\/www.suno.com.br\/noticias\/emprego-pnad-continua-marco-2025\/\" \/>\n<meta property=\"og:locale\" content=\"pt_BR\" \/>\n<meta property=\"og:type\" content=\"article\" \/>\n<meta property=\"og:title\" content=\"Emprego: IBGE tem desocupa\u00e7\u00e3o de 7% no trimestre at\u00e9 mar\u00e7o\" \/>\n<meta property=\"og:description\" content=\"A taxa de desocupa\u00e7\u00e3o, um dos \u00edndices de emprego do Brasil, ficou em 7% no trimestre encerrado em mar\u00e7o, de acordo com o IBGE.\" \/>\n<meta property=\"og:url\" content=\"https:\/\/www.suno.com.br\/noticias\/emprego-pnad-continua-marco-2025\/\" \/>\n<meta property=\"og:site_name\" content=\"Suno Not\u00edcias\" \/>\n<meta property=\"article:publisher\" content=\"https:\/\/facebook.com\/sunoresearch\" \/>\n<meta property=\"article:author\" content=\"https:\/\/www.facebook.com\/sunonoticias\/\" \/>\n<meta property=\"og:image\" content=\"https:\/\/files.sunoresearch.com.br\/n\/uploads\/2023\/07\/cropped-taxa-desemprego-estabiliza-trimestre-junho-1.jpg\" \/>\n\t<meta property=\"og:image:width\" content=\"640\" \/>\n\t<meta property=\"og:image:height\" content=\"853\" \/>\n\t<meta property=\"og:image:type\" content=\"image\/jpeg\" \/>\n<meta name=\"author\" content=\"Reda\u00e7\u00e3o Suno Not\u00edcias\" \/>\n<meta name=\"twitter:card\" content=\"summary_large_image\" \/>\n<meta name=\"twitter:creator\" content=\"@https:\/\/twitter.com\/sunoresearch\" \/>\n<meta name=\"twitter:site\" content=\"@sunoresearch\" \/>\n<meta name=\"twitter:label1\" content=\"Escrito por\" \/>\n\t<meta name=\"twitter:data1\" content=\"Reda\u00e7\u00e3o Suno Not\u00edcias\" \/>\n\t<meta name=\"twitter:label2\" content=\"Est. tempo de leitura\" \/>\n\t<meta name=\"twitter:data2\" content=\"4 minutos\" \/>\n<script type=\"application\/ld+json\" class=\"yoast-schema-graph\">{\"@context\":\"https:\/\/schema.org\",\"@graph\":[{\"@type\":\"NewsArticle\",\"@id\":\"https:\/\/www.suno.com.br\/noticias\/emprego-pnad-continua-marco-2025\/#article\",\"isPartOf\":{\"@id\":\"https:\/\/www.suno.com.br\/noticias\/emprego-pnad-continua-marco-2025\/\"},\"author\":{\"name\":\"Reda\u00e7\u00e3o Suno Not\u00edcias\",\"@id\":\"https:\/\/www.suno.com.br\/noticias\/#\/schema\/person\/c1b1bd3727fa852bd045e9dbff3673ea\"},\"headline\":\"Emprego: IBGE registra desocupa\u00e7\u00e3o de 7% no trimestre at\u00e9 mar\u00e7o\",\"datePublished\":\"2025-04-30T13:57:02+00:00\",\"dateModified\":\"2025-04-30T15:27:13+00:00\",\"mainEntityOfPage\":{\"@id\":\"https:\/\/www.suno.com.br\/noticias\/emprego-pnad-continua-marco-2025\/\"},\"wordCount\":679,\"publisher\":{\"@id\":\"https:\/\/www.suno.com.br\/noticias\/#organization\"},\"image\":{\"@id\":\"https:\/\/www.suno.com.br\/noticias\/emprego-pnad-continua-marco-2025\/#primaryimage\"},\"thumbnailUrl\":\"https:\/\/files.sunoresearch.com.br\/n\/uploads\/2023\/07\/cropped-taxa-desemprego-estabiliza-trimestre-junho-1.jpg\",\"keywords\":[\"Emprego\",\"IBGE\",\"PNAD\"],\"articleSection\":[\"Economia\"],\"inLanguage\":\"pt-BR\"},{\"@type\":\"WebPage\",\"@id\":\"https:\/\/www.suno.com.br\/noticias\/emprego-pnad-continua-marco-2025\/\",\"url\":\"https:\/\/www.suno.com.br\/noticias\/emprego-pnad-continua-marco-2025\/\",\"name\":\"Emprego: IBGE tem desocupa\u00e7\u00e3o de 7% no trimestre at\u00e9 mar\u00e7o\",\"isPartOf\":{\"@id\":\"https:\/\/www.suno.com.br\/noticias\/#website\"},\"primaryImageOfPage\":{\"@id\":\"https:\/\/www.suno.com.br\/noticias\/emprego-pnad-continua-marco-2025\/#primaryimage\"},\"image\":{\"@id\":\"https:\/\/www.suno.com.br\/noticias\/emprego-pnad-continua-marco-2025\/#primaryimage\"},\"thumbnailUrl\":\"https:\/\/files.sunoresearch.com.br\/n\/uploads\/2023\/07\/cropped-taxa-desemprego-estabiliza-trimestre-junho-1.jpg\",\"datePublished\":\"2025-04-30T13:57:02+00:00\",\"dateModified\":\"2025-04-30T15:27:13+00:00\",\"description\":\"A taxa de desocupa\u00e7\u00e3o, um dos \u00edndices de emprego do Brasil, ficou em 7% no trimestre encerrado em mar\u00e7o, de acordo com o IBGE.\",\"breadcrumb\":{\"@id\":\"https:\/\/www.suno.com.br\/noticias\/emprego-pnad-continua-marco-2025\/#breadcrumb\"},\"inLanguage\":\"pt-BR\",\"potentialAction\":[{\"@type\":\"ReadAction\",\"target\":[\"https:\/\/www.suno.com.br\/noticias\/emprego-pnad-continua-marco-2025\/\"]}]},{\"@type\":\"ImageObject\",\"inLanguage\":\"pt-BR\",\"@id\":\"https:\/\/www.suno.com.br\/noticias\/emprego-pnad-continua-marco-2025\/#primaryimage\",\"url\":\"https:\/\/files.sunoresearch.com.br\/n\/uploads\/2023\/07\/cropped-taxa-desemprego-estabiliza-trimestre-junho-1.jpg\",\"contentUrl\":\"https:\/\/files.sunoresearch.com.br\/n\/uploads\/2023\/07\/cropped-taxa-desemprego-estabiliza-trimestre-junho-1.jpg\",\"width\":640,\"height\":853,\"caption\":\"Foto: Reprodu\u00e7\u00e3o\"},{\"@type\":\"BreadcrumbList\",\"@id\":\"https:\/\/www.suno.com.br\/noticias\/emprego-pnad-continua-marco-2025\/#breadcrumb\",\"itemListElement\":[{\"@type\":\"ListItem\",\"position\":1,\"name\":\"Not\u00edcias\",\"item\":\"https:\/\/www.suno.com.br\/noticias\/\"},{\"@type\":\"ListItem\",\"position\":2,\"name\":\"Economia\",\"item\":\"https:\/\/www.suno.com.br\/noticias\/economia\/\"},{\"@type\":\"ListItem\",\"position\":3,\"name\":\"Emprego: IBGE registra desocupa\u00e7\u00e3o de 7% no trimestre at\u00e9 mar\u00e7o\"}]},{\"@type\":\"WebSite\",\"@id\":\"https:\/\/www.suno.com.br\/noticias\/#website\",\"url\":\"https:\/\/www.suno.com.br\/noticias\/\",\"name\":\"Suno Not\u00edcias\",\"description\":\"Seu portal de informa\u00e7\u00e3o sobre o mundo dos investimentos\",\"publisher\":{\"@id\":\"https:\/\/www.suno.com.br\/noticias\/#organization\"},\"potentialAction\":[{\"@type\":\"SearchAction\",\"target\":{\"@type\":\"EntryPoint\",\"urlTemplate\":\"https:\/\/www.suno.com.br\/noticias\/?s={search_term_string}\"},\"query-input\":{\"@type\":\"PropertyValueSpecification\",\"valueRequired\":true,\"valueName\":\"search_term_string\"}}],\"inLanguage\":\"pt-BR\"},{\"@type\":\"Organization\",\"@id\":\"https:\/\/www.suno.com.br\/noticias\/#organization\",\"name\":\"Suno Not\u00edcias\",\"url\":\"https:\/\/www.suno.com.br\/noticias\/\",\"logo\":{\"@type\":\"ImageObject\",\"inLanguage\":\"pt-BR\",\"@id\":\"https:\/\/www.suno.com.br\/noticias\/#\/schema\/logo\/image\/\",\"url\":\"https:\/\/files.sunoresearch.com.br\/n\/uploads\/2021\/09\/suno-logo.png\",\"contentUrl\":\"https:\/\/files.sunoresearch.com.br\/n\/uploads\/2021\/09\/suno-logo.png\",\"width\":180,\"height\":180,\"caption\":\"Suno Not\u00edcias\"},\"image\":{\"@id\":\"https:\/\/www.suno.com.br\/noticias\/#\/schema\/logo\/image\/\"},\"sameAs\":[\"https:\/\/facebook.com\/sunoresearch\",\"https:\/\/x.com\/sunoresearch\",\"https:\/\/www.instagram.com\/suno\",\"https:\/\/www.linkedin.com\/company\/suno-research\/\",\"https:\/\/www.youtube.com\/c\/sunoresearch\"]},{\"@type\":\"Person\",\"@id\":\"https:\/\/www.suno.com.br\/noticias\/#\/schema\/person\/c1b1bd3727fa852bd045e9dbff3673ea\",\"name\":\"Reda\u00e7\u00e3o Suno Not\u00edcias\",\"image\":{\"@type\":\"ImageObject\",\"inLanguage\":\"pt-BR\",\"@id\":\"https:\/\/www.suno.com.br\/noticias\/#\/schema\/person\/image\/\",\"url\":\"https:\/\/secure.gravatar.com\/avatar\/b8104b9b5a71985d5238ee59fbe418af?s=96&r=g\",\"contentUrl\":\"https:\/\/secure.gravatar.com\/avatar\/b8104b9b5a71985d5238ee59fbe418af?s=96&r=g\",\"caption\":\"Reda\u00e7\u00e3o Suno Not\u00edcias\"},\"description\":\"O Suno Not\u00edcias \u00e9 um portal de informa\u00e7\u00f5es sobre Mercado Financeiro, Pol\u00edtica, Neg\u00f3cios, Economia e Finan\u00e7as Pessoais.\",\"sameAs\":[\"https:\/\/www.suno.com.br\/noticias\",\"https:\/\/www.facebook.com\/sunonoticias\/\",\"https:\/\/www.instagram.com\/sunonoticias\/\",\"https:\/\/x.com\/https:\/\/twitter.com\/sunoresearch\",\"https:\/\/www.youtube.com\/sunonoticias\"],\"url\":\"https:\/\/www.suno.com.br\/noticias\/author\/redacao-suno\/\"}]}<\/script>\n<!-- \/ Yoast SEO plugin. -->","yoast_head_json":{"title":"Emprego: IBGE tem desocupa\u00e7\u00e3o de 7% no trimestre at\u00e9 mar\u00e7o","description":"A taxa de desocupa\u00e7\u00e3o, um dos \u00edndices de emprego do Brasil, ficou em 7% no trimestre encerrado em mar\u00e7o, de acordo com o IBGE.","robots":{"index":"index","follow":"follow","max-snippet":"max-snippet:-1","max-image-preview":"max-image-preview:large","max-video-preview":"max-video-preview:-1"},"canonical":"https:\/\/www.suno.com.br\/noticias\/emprego-pnad-continua-marco-2025\/","og_locale":"pt_BR","og_type":"article","og_title":"Emprego: IBGE tem desocupa\u00e7\u00e3o de 7% no trimestre at\u00e9 mar\u00e7o","og_description":"A taxa de desocupa\u00e7\u00e3o, um dos \u00edndices de emprego do Brasil, ficou em 7% no trimestre encerrado em mar\u00e7o, de acordo com o IBGE.","og_url":"https:\/\/www.suno.com.br\/noticias\/emprego-pnad-continua-marco-2025\/","og_site_name":"Suno Not\u00edcias","article_publisher":"https:\/\/facebook.com\/sunoresearch","article_author":"https:\/\/www.facebook.com\/sunonoticias\/","og_image":[{"width":640,"height":853,"url":"https:\/\/files.sunoresearch.com.br\/n\/uploads\/2023\/07\/cropped-taxa-desemprego-estabiliza-trimestre-junho-1.jpg","type":"image\/jpeg"}],"author":"Reda\u00e7\u00e3o Suno Not\u00edcias","twitter_card":"summary_large_image","twitter_creator":"@https:\/\/twitter.com\/sunoresearch","twitter_site":"@sunoresearch","twitter_misc":{"Escrito por":"Reda\u00e7\u00e3o Suno Not\u00edcias","Est. tempo de leitura":"4 minutos"},"schema":{"@context":"https:\/\/schema.org","@graph":[{"@type":"NewsArticle","@id":"https:\/\/www.suno.com.br\/noticias\/emprego-pnad-continua-marco-2025\/#article","isPartOf":{"@id":"https:\/\/www.suno.com.br\/noticias\/emprego-pnad-continua-marco-2025\/"},"author":{"name":"Reda\u00e7\u00e3o Suno Not\u00edcias","@id":"https:\/\/www.suno.com.br\/noticias\/#\/schema\/person\/c1b1bd3727fa852bd045e9dbff3673ea"},"headline":"Emprego: IBGE registra desocupa\u00e7\u00e3o de 7% no trimestre at\u00e9 mar\u00e7o","datePublished":"2025-04-30T13:57:02+00:00","dateModified":"2025-04-30T15:27:13+00:00","mainEntityOfPage":{"@id":"https:\/\/www.suno.com.br\/noticias\/emprego-pnad-continua-marco-2025\/"},"wordCount":679,"publisher":{"@id":"https:\/\/www.suno.com.br\/noticias\/#organization"},"image":{"@id":"https:\/\/www.suno.com.br\/noticias\/emprego-pnad-continua-marco-2025\/#primaryimage"},"thumbnailUrl":"https:\/\/files.sunoresearch.com.br\/n\/uploads\/2023\/07\/cropped-taxa-desemprego-estabiliza-trimestre-junho-1.jpg","keywords":["Emprego","IBGE","PNAD"],"articleSection":["Economia"],"inLanguage":"pt-BR"},{"@type":"WebPage","@id":"https:\/\/www.suno.com.br\/noticias\/emprego-pnad-continua-marco-2025\/","url":"https:\/\/www.suno.com.br\/noticias\/emprego-pnad-continua-marco-2025\/","name":"Emprego: IBGE tem desocupa\u00e7\u00e3o de 7% no trimestre at\u00e9 mar\u00e7o","isPartOf":{"@id":"https:\/\/www.suno.com.br\/noticias\/#website"},"primaryImageOfPage":{"@id":"https:\/\/www.suno.com.br\/noticias\/emprego-pnad-continua-marco-2025\/#primaryimage"},"image":{"@id":"https:\/\/www.suno.com.br\/noticias\/emprego-pnad-continua-marco-2025\/#primaryimage"},"thumbnailUrl":"https:\/\/files.sunoresearch.com.br\/n\/uploads\/2023\/07\/cropped-taxa-desemprego-estabiliza-trimestre-junho-1.jpg","datePublished":"2025-04-30T13:57:02+00:00","dateModified":"2025-04-30T15:27:13+00:00","description":"A taxa de desocupa\u00e7\u00e3o, um dos \u00edndices de emprego do Brasil, ficou em 7% no trimestre encerrado em mar\u00e7o, de acordo com o IBGE.","breadcrumb":{"@id":"https:\/\/www.suno.com.br\/noticias\/emprego-pnad-continua-marco-2025\/#breadcrumb"},"inLanguage":"pt-BR","potentialAction":[{"@type":"ReadAction","target":["https:\/\/www.suno.com.br\/noticias\/emprego-pnad-continua-marco-2025\/"]}]},{"@type":"ImageObject","inLanguage":"pt-BR","@id":"https:\/\/www.suno.com.br\/noticias\/emprego-pnad-continua-marco-2025\/#primaryimage","url":"https:\/\/files.sunoresearch.com.br\/n\/uploads\/2023\/07\/cropped-taxa-desemprego-estabiliza-trimestre-junho-1.jpg","contentUrl":"https:\/\/files.sunoresearch.com.br\/n\/uploads\/2023\/07\/cropped-taxa-desemprego-estabiliza-trimestre-junho-1.jpg","width":640,"height":853,"caption":"Foto: Reprodu\u00e7\u00e3o"},{"@type":"BreadcrumbList","@id":"https:\/\/www.suno.com.br\/noticias\/emprego-pnad-continua-marco-2025\/#breadcrumb","itemListElement":[{"@type":"ListItem","position":1,"name":"Not\u00edcias","item":"https:\/\/www.suno.com.br\/noticias\/"},{"@type":"ListItem","position":2,"name":"Economia","item":"https:\/\/www.suno.com.br\/noticias\/economia\/"},{"@type":"ListItem","position":3,"name":"Emprego: IBGE registra desocupa\u00e7\u00e3o de 7% no trimestre at\u00e9 mar\u00e7o"}]},{"@type":"WebSite","@id":"https:\/\/www.suno.com.br\/noticias\/#website","url":"https:\/\/www.suno.com.br\/noticias\/","name":"Suno Not\u00edcias","description":"Seu portal de informa\u00e7\u00e3o sobre o mundo dos investimentos","publisher":{"@id":"https:\/\/www.suno.com.br\/noticias\/#organization"},"potentialAction":[{"@type":"SearchAction","target":{"@type":"EntryPoint","urlTemplate":"https:\/\/www.suno.com.br\/noticias\/?s={search_term_string}"},"query-input":{"@type":"PropertyValueSpecification","valueRequired":true,"valueName":"search_term_string"}}],"inLanguage":"pt-BR"},{"@type":"Organization","@id":"https:\/\/www.suno.com.br\/noticias\/#organization","name":"Suno Not\u00edcias","url":"https:\/\/www.suno.com.br\/noticias\/","logo":{"@type":"ImageObject","inLanguage":"pt-BR","@id":"https:\/\/www.suno.com.br\/noticias\/#\/schema\/logo\/image\/","url":"https:\/\/files.sunoresearch.com.br\/n\/uploads\/2021\/09\/suno-logo.png","contentUrl":"https:\/\/files.sunoresearch.com.br\/n\/uploads\/2021\/09\/suno-logo.png","width":180,"height":180,"caption":"Suno Not\u00edcias"},"image":{"@id":"https:\/\/www.suno.com.br\/noticias\/#\/schema\/logo\/image\/"},"sameAs":["https:\/\/facebook.com\/sunoresearch","https:\/\/x.com\/sunoresearch","https:\/\/www.instagram.com\/suno","https:\/\/www.linkedin.com\/company\/suno-research\/","https:\/\/www.youtube.com\/c\/sunoresearch"]},{"@type":"Person","@id":"https:\/\/www.suno.com.br\/noticias\/#\/schema\/person\/c1b1bd3727fa852bd045e9dbff3673ea","name":"Reda\u00e7\u00e3o Suno Not\u00edcias","image":{"@type":"ImageObject","inLanguage":"pt-BR","@id":"https:\/\/www.suno.com.br\/noticias\/#\/schema\/person\/image\/","url":"https:\/\/secure.gravatar.com\/avatar\/b8104b9b5a71985d5238ee59fbe418af?s=96&r=g","contentUrl":"https:\/\/secure.gravatar.com\/avatar\/b8104b9b5a71985d5238ee59fbe418af?s=96&r=g","caption":"Reda\u00e7\u00e3o Suno Not\u00edcias"},"description":"O Suno Not\u00edcias \u00e9 um portal de informa\u00e7\u00f5es sobre Mercado Financeiro, Pol\u00edtica, Neg\u00f3cios, Economia e Finan\u00e7as Pessoais.","sameAs":["https:\/\/www.suno.com.br\/noticias","https:\/\/www.facebook.com\/sunonoticias\/","https:\/\/www.instagram.com\/sunonoticias\/","https:\/\/x.com\/https:\/\/twitter.com\/sunoresearch","https:\/\/www.youtube.com\/sunonoticias"],"url":"https:\/\/www.suno.com.br\/noticias\/author\/redacao-suno\/"}]}},"default_loop_html":"<div class=\"cardsPage__listCard__boxs\"><div class=\"cardsPage__listCard__boxs__img\"><a href=\"https:\/\/www.suno.com.br\/noticias\/emprego-pnad-continua-marco-2025\/\"><img class=\"mask\" src=\"https:\/\/www.suno.com.br\/noticias\/wp-content\/themes\/suno\/resources\/images\/spotlight\/spotlight1img\/bg-mask.png\" alt=\"Image Mask\"\/><img src=\"https:\/\/files.sunoresearch.com.br\/n\/uploads\/2023\/07\/cropped-taxa-desemprego-estabiliza-trimestre-junho-1-400x200.jpg\" alt=\"Emprego: IBGE registra desocupa\u00e7\u00e3o de 7% no trimestre at\u00e9 mar\u00e7o\"\/><\/a><span class=\"spotlightCategory\"><a href=\"https:\/\/www.suno.com.br\/noticias\/economia\/\">Economia<\/a><\/span><\/div><div class=\"cardsPage__listCard__boxs__content\"><a href=\"https:\/\/www.suno.com.br\/noticias\/emprego-pnad-continua-marco-2025\/\"><h2 class=\"content__title\">Emprego: IBGE registra desocupa\u00e7\u00e3o de 7% no trimestre at\u00e9 mar\u00e7o<\/h2><\/a><div class=\"newsContent__article__meta\"><div class=\"newsContent__article__meta__authorBox\"><a href=\"https:\/\/www.suno.com.br\/noticias\/author\/redacao-suno\/\" class=\"authorBox__avatar noMobi\"><img src=\"https:\/\/files.sunoresearch.com.br\/n\/uploads\/2020\/08\/0ace682d-redacao-1-150x150.webp\" alt=\"Reda\u00e7\u00e3o Suno Not\u00edcias\"><\/a><div class=\"authorBox__name\"><span>por\n\t\t\t<a href=\"https:\/\/www.suno.com.br\/noticias\/author\/redacao-suno\/\"><span itemprop=\"author\">Reda\u00e7\u00e3o Suno Not\u00edcias<\/span><\/a><\/span><time datetime=\"2025-04-30T10:57:02-03:00\" itemprop=\"datePublished\">30\/04\/2025 10:57<\/time><\/div><\/div><\/div><\/div><\/div>","single_layout":"posts","amp_enabled":true,"_links":{"self":[{"href":"https:\/\/www.suno.com.br\/noticias\/wp-json\/wp\/v2\/posts\/603366"}],"collection":[{"href":"https:\/\/www.suno.com.br\/noticias\/wp-json\/wp\/v2\/posts"}],"about":[{"href":"https:\/\/www.suno.com.br\/noticias\/wp-json\/wp\/v2\/types\/post"}],"author":[{"embeddable":true,"href":"https:\/\/www.suno.com.br\/noticias\/wp-json\/wp\/v2\/users\/43"}],"replies":[{"embeddable":true,"href":"https:\/\/www.suno.com.br\/noticias\/wp-json\/wp\/v2\/comments?post=603366"}],"version-history":[{"count":2,"href":"https:\/\/www.suno.com.br\/noticias\/wp-json\/wp\/v2\/posts\/603366\/revisions"}],"predecessor-version":[{"id":603418,"href":"https:\/\/www.suno.com.br\/noticias\/wp-json\/wp\/v2\/posts\/603366\/revisions\/603418"}],"wp:featuredmedia":[{"embeddable":true,"href":"https:\/\/www.suno.com.br\/noticias\/wp-json\/wp\/v2\/media\/477734"}],"wp:attachment":[{"href":"https:\/\/www.suno.com.br\/noticias\/wp-json\/wp\/v2\/media?parent=603366"}],"wp:term":[{"taxonomy":"category","embeddable":true,"href":"https:\/\/www.suno.com.br\/noticias\/wp-json\/wp\/v2\/categories?post=603366"},{"taxonomy":"post_tag","embeddable":true,"href":"https:\/\/www.suno.com.br\/noticias\/wp-json\/wp\/v2\/tags?post=603366"},{"taxonomy":"suno_strategy","embeddable":true,"href":"https:\/\/www.suno.com.br\/noticias\/wp-json\/wp\/v2\/suno_strategy?post=603366"}],"curies":[{"name":"wp","href":"https:\/\/api.w.org\/{rel}","templated":true}]}}