{"id":603140,"date":"2025-04-28T19:01:54","date_gmt":"2025-04-28T22:01:54","guid":{"rendered":"https:\/\/www.suno.com.br\/noticias\/?p=603140"},"modified":"2025-04-28T19:01:57","modified_gmt":"2025-04-28T22:01:57","slug":"dolar-fecha-em-queda-e-abaixo-de-r-565-com-sinal-de-galipolo-sobre-selic","status":"publish","type":"post","link":"https:\/\/www.suno.com.br\/noticias\/dolar-fecha-em-queda-e-abaixo-de-r-565-com-sinal-de-galipolo-sobre-selic\/","title":{"rendered":"D\u00f3lar fecha em queda e abaixo de R$ 5,65 com sinal de Gal\u00edpolo sobre Selic"},"content":{"rendered":"<p>O <strong>d\u00f3lar <\/strong>se firmou em baixa ao longo da tarde, furou o piso de R$ 5,65 e emendou nesta segunda-feira (28) o s\u00e9timo preg\u00e3o consecutivo de queda. Com m\u00ednima a R$ 5,6470, o <a class=\"suno-keyword\" target=\"_blank\" data-force=\"no\" data-priority=\"2\" href=\"https:\/\/www.suno.com.br\/analitica\/moedas\/dolar-hoje\/\" rel=\"noopener\">d\u00f3lar<\/a> \u00e0 vista encerrou o preg\u00e3o em baixa de 0,70%, a R$ 5,6480 &#8211; menor valor de fechamento desde 3 de abril (R$ 5,6281), dia seguinte ao tarifa\u00e7o anunciado por Donald Trump.<\/p>\t<div class=\"wrapper-featured-image\">\n\t\t<figure class=\"spotlightImg\">\n\n\t\t\t<picture>\n\t\t\t\t<source media=\"(max-width: 768px)\" srcset=\"https:\/\/files.sunoresearch.com.br\/n\/uploads\/2024\/04\/iStock-1455502576-400x200.jpg\">\n\t\t\t\t<img loading=\"lazy\" decoding=\"async\" class=\"newsContent__article__imgCapa lazyloadDisabled \" src=\"https:\/\/files.sunoresearch.com.br\/n\/uploads\/2024\/04\/iStock-1455502576-800x450.jpg\" width=\"800\" height=\"450\" alt=\"D\u00f3lar fecha em queda e abaixo de R$ 5,65 com sinal de Gal\u00edpolo sobre Selic\" fetchpriority=high \/>\n\t\t\t<\/picture>\n\n\t\t\t<figcaption class=\"wp-caption-text wp-caption-text--show\">D\u00f3lar. Foto: iStock<\/figcaption>\n\t\t<\/figure>\n\t<\/div>\n\n\n\n\n\n\t<p>\n\t\t<a href=\"https:\/\/lp.suno.com.br\/planilha-da-vida-financeira\/\" target=\"_blank\" data-element=\"shortcode-suno-banner\" title=\"Banner SUNO, clique e saiba mais\">\n\t\t\t<picture>\n\t\t\t\t<source media=\"(max-width: 500px)\" srcset=\"https:\/\/files.sunoresearch.com.br\/n\/uploads\/2023\/04\/400x300-Planilha-vida-financeira-true.png\">\n\t\t\t\t<img class=\"newsContent__article__imgCapa newsContent__article__imgCapa--banner\"\n\t\t\t\t\tsrc=\"https:\/\/files.sunoresearch.com.br\/n\/uploads\/2023\/04\/1420x240-Planilha-vida-financeira-true.png\"\n\t\t\t\t\tdata-promo-id=\"383123\"\t\t\t\t\t\t\t\t\t\twidth='1420' height='240'\t\t\t\t\talt=\"https:\/\/files.sunoresearch.com.br\/n\/uploads\/2023\/04\/1420x240-Planilha-vida-financeira-true.png\"\n\t\t\t\t>\n\t\t\t<\/picture>\n\t\t<\/a>\n\t<\/p>\n\n\n\n\n\n<p>A divisa norte-americana acumula desvaloriza\u00e7\u00e3o de 4,11% nos \u00faltimos sete preg\u00f5es, o que leva a desvaloriza\u00e7\u00e3o em rela\u00e7\u00e3o ao real, desde o in\u00edcio do ano, a 8,1%. <\/p>\n\n\n\n<p>A moeda brasileira se apreciou apesar do dia negativo para seus principais pares latino-americanos, os pesos mexicano e chileno, e o ambiente externo marcado por pouco apetite ao risco, diante da aus\u00eancia de sinais concretos de negocia\u00e7\u00f5es comerciais entre <strong>EUA <\/strong>e China.<\/p>\n\n\n\n<p>Operadores afirmam que a moeda brasileira pode ter se beneficiado de fluxo pontual de recursos externos para a bolsa e a <a class=\"suno-keyword\" target=\"_blank\" data-force=\"no\" data-priority=\"2\" href=\"https:\/\/www.suno.com.br\/guias\/investimento-renda-fixa\/\" rel=\"noopener\">renda fixa<\/a> dom\u00e9sticas. Um ponto que chamou a aten\u00e7\u00e3o foi a fala do presidente do Banco Central, <strong>Gabriel Gal\u00edpolo<\/strong>, reiterando nesta segunda-feira o desconforto com as expectativas de infla\u00e7\u00e3o.<\/p>\n\n\n\n<p>A perspectiva de pelo menos mais uma eleva\u00e7\u00e3o da taxa Selic e de manuten\u00e7\u00e3o da <a class=\"suno-keyword\" target=\"_blank\" data-force=\"no\" data-priority=\"1\" href=\"https:\/\/www.suno.com.br\/artigos\/politica-monetaria\/\" rel=\"noopener\">pol\u00edtica monet\u00e1ria<\/a> em campo restritivo por per\u00edodo prolongado n\u00e3o apenas aumenta a atratividade das opera\u00e7\u00f5es de <a class=\"suno-keyword\" target=\"_blank\" data-force=\"no\" data-priority=\"1\" href=\"https:\/\/www.suno.com.br\/artigos\/carry-trade\/\" rel=\"noopener\">carry trade<\/a> como desestimula a manuten\u00e7\u00e3o de posi\u00e7\u00f5es compradas na moeda americana contra o real.<\/p>\n\n\n\n<h2 class=\"wp-block-heading\">D\u00f3lar: DXY cai abaixo de 100 pontos<\/h2>\n\n\n\n<p>Term\u00f4metro do comportamento do d\u00f3lar em rela\u00e7\u00e3o a uma cesta de seis divisas fortes, em especial euro e iene, o <a class=\"suno-keyword\" target=\"_blank\" data-force=\"no\" data-priority=\"1\" href=\"https:\/\/www.suno.com.br\/artigos\/dxy\/\" rel=\"noopener\">\u00edndice DXY<\/a> recuou e voltou a furar o piso dos 99,900 pontos. A moeda americana caiu na compara\u00e7\u00e3o com a maioria das divisas emergentes e de pa\u00edses exportadores de commodities. Em abril, o Dollar Index desce mais de 5%.<\/p>\n\n\n\n<p>O diretor de Investimentos da Azimut <a class=\"suno-keyword\" target=\"_blank\" data-force=\"no\" data-priority=\"1\" href=\"https:\/\/www.suno.com.br\/artigos\/wealth-management\/\" rel=\"noopener\">Wealth Management<\/a>, Leonardo Monoli, observa que o d\u00f3lar perde for\u00e7a globalmente tanto no m\u00eas quanto no ano em meio \u00e0s incertezas em torno da <a class=\"suno-keyword\" target=\"_blank\" data-force=\"no\" data-priority=\"1\" href=\"https:\/\/www.suno.com.br\/artigos\/politica-economica\/\" rel=\"noopener\">pol\u00edtica econ\u00f4mica<\/a> americana com o comportamento err\u00e1tico de Donald Trump.<\/p>\n\n\n\t<p>\n\t\t<a href=\"\" target=\"_blank\" data-element=\"shortcode-suno-banner\" title=\"Banner SUNO, clique e saiba mais\">\n\t\t\t<picture>\n\t\t\t\t<source media=\"(max-width: 500px)\" srcset=\"\">\n\t\t\t\t<img class=\"newsContent__article__imgCapa newsContent__article__imgCapa--banner\"\n\t\t\t\t\tsrc=\"\"\n\t\t\t\t\tdata-promo-id=\"240038\"\t\t\t\t\t\t\t\t\t\t\t\t\t\t\talt=\"\"\n\t\t\t\t>\n\t\t\t<\/picture>\n\t\t<\/a>\n\t<\/p>\n\n\n\n\n\n<p>&#8220;Houve em abril a ado\u00e7\u00e3o da pol\u00edtica protecionista e os ataques do Trump ao Federal Reserve, que foram corrigidos, mas podem retornar. Os investidores, que estavam com excesso de aloca\u00e7\u00e3o nos EUA, procuraram outras geografias&#8221;, afirma Monoli. &#8220;Esse movimento beneficiou moedas desenvolvidas, como iene e o euro, mas tamb\u00e9m emergentes.&#8221;<\/p>\n\n\n\n<p>Em tal quadro, o real pode ter sido impulsionado por <a class=\"suno-keyword\" target=\"_blank\" data-force=\"no\" data-priority=\"1\" href=\"https:\/\/www.suno.com.br\/artigos\/fluxo-cambial\/\" rel=\"noopener\">fluxo cambial<\/a> melhor na margem, com investidores em busca de ativos descontados, e tamb\u00e9m pelo desmonte de posi\u00e7\u00f5es de estrangeiros compradas em d\u00f3lar por meio de derivativos cambiais, observa Monoli. Ele destaca que, apesar da aprecia\u00e7\u00e3o recente, as moedas emergentes como real continuam vulner\u00e1veis a epis\u00f3dios de <a class=\"suno-keyword\" target=\"_blank\" data-force=\"no\" data-priority=\"1\" href=\"https:\/\/www.suno.com.br\/artigos\/aversao-ao-risco\/\" rel=\"noopener\">avers\u00e3o ao risco<\/a> no exterior, em um ambiente marcado por incertezas.<\/p>\n\n\n\n<p>No epis\u00f3dio desta segunda-feira da <a class=\"suno-keyword\" target=\"_blank\" data-force=\"no\" data-priority=\"1\" href=\"https:\/\/www.suno.com.br\/artigos\/guerra-comercial\/\" rel=\"noopener\">guerra comercial<\/a>, o secret\u00e1rio do Tesouro, Scott Bessent, demonstrou otimismo com as negocia\u00e7\u00f5es comerciais com asi\u00e1ticos, citando Jap\u00e3o e Coreia do Sul, mas ponderou que as tratativas com a China s\u00e3o mais complicadas e ter\u00e3o de ser &#8220;conduzidas \u00e0 parte&#8221;. Bessent voltou a dizer que cabe aos chineses diminuir as tens\u00f5es comerciais, dado que o n\u00edvel atual das tarifas &#8220;\u00e9 insustent\u00e1vel&#8221;.<\/p>\n\n\n\n<p>Do lado chin\u00eas, o minist\u00e9rio das Rela\u00e7\u00f5es Exteriores afirmou que n\u00e3o houve di\u00e1logo recente entre o presidente Xi Jinping e Trump &#8211; e que os dois governos n\u00e3o est\u00e3o tentando neste momento fechar um acordo. &#8220;Se os EUA realmente querem resolver o problema por meio do di\u00e1logo e da negocia\u00e7\u00e3o, precisam parar de amea\u00e7ar e chantagear &#8220;, disse o porta-voz do minist\u00e9rio, Guo Jiakun. Na sexta-feira, em entrevista publicada pela <i>Time<\/i>, Trump disse que Xi havia ligado para ele.<\/p>\n\n\n\n<p>Monoli, da Azimut, afirma que a conjuntura tende a continuar dominada pelas tens\u00f5es comerciais e pelas tentativas de estimar a desacelera\u00e7\u00e3o da atividade provocada pela guerra tarif\u00e1ria, em especial nos Estados Unidos. Ele pondera que os sinais vindos da China s\u00e3o de que as autoridades est\u00e3o preparadas sustentar o embate comercial pelo tempo que for necess\u00e1rio e n\u00e3o devem se pautar por recuos t\u00e1ticos da administra\u00e7\u00e3o Trump.<\/p>\n\n\n\n<p>&#8220;A postura da China \u00e9 de combate cont\u00ednuo no <a class=\"suno-keyword\" target=\"_blank\" data-force=\"no\" data-priority=\"1\" href=\"https:\/\/www.suno.com.br\/artigos\/longo-prazo\/\" rel=\"noopener\">longo prazo<\/a>. As moedas emergentes e o real experimentaram uma melhora, mas \u00e9 preciso saber como vai ser o impacto no crescimento econ\u00f4mico e como fica o novo palco global de com\u00e9rcio para ver se isso se sustenta&#8221;, diz o diretor da Azimut.<\/p>\n\n\n\n<p>Por aqui, depois das falas vistas como moderadas dos diretores do BC Nilton David (Pol\u00edtica Monet\u00e1ria) e Diogo Guillen (Pol\u00edtica Econ\u00f4mica), o tom do presidente do BC nesta segunda em um evento do J. Safra soou um pouco mais duro aos investidores e pode ter contribu\u00eddo para o recuo da taxa de c\u00e2mbio.<\/p>\n\n\n\n<p>Gal\u00edpolo afirmou que o <strong>BC <\/strong>tem uma certeza razo\u00e1vel de que a taxa Selic est\u00e1 em n\u00edvel contracionista, mas ainda tenta entender se o juro j\u00e1 \u00e9 restritivo o bastante. &#8220;Estamos aqui tateando para entender se o n\u00edvel que a gente est\u00e1 caminhando &#8211; importante o ger\u00fandio aqui -, se o n\u00edvel que n\u00f3s estamos caminhando est\u00e1 chegando no patamar contracionista o suficiente para a converg\u00eancia da infla\u00e7\u00e3o&#8221;, disse.<\/p>\n\n\n\n<p>&#8220;Galipolo adotou um tom bem adequado e n\u00e3o desautorizou os outros diretores. Reiterou o inc\u00f4modo com a desancoragem das expectativas, mas disse que \u00e9 preciso dar tempo para ver os efeitos desasados da pol\u00edtica monet\u00e1ria&#8221;, afirma Monoli, para quem provavelmente o BC promova uma eleva\u00e7\u00e3o da taxa <strong>Selic <\/strong>em maio, mas n\u00e3o se comprometa com a continuidade do aperto.<\/p>\n\n\n\n<p class=\"newsProviderSignature\"><em>Com Estad\u00e3o Conte\u00fado<\/em><\/p>\n\n\n\t<p>\n\t\t<a href=\"https:\/\/lp.suno.com.br\/ebook-gratuito-investindo-no-exterior\/\" target=\"_blank\" data-element=\"shortcode-suno-banner\" title=\"Banner SUNO, clique e saiba mais\">\n\t\t\t<picture>\n\t\t\t\t<source media=\"(max-width: 500px)\" srcset=\"https:\/\/files.sunoresearch.com.br\/n\/uploads\/2023\/03\/400x300-Investindo-no-exterior.png\">\n\t\t\t\t<img class=\"newsContent__article__imgCapa newsContent__article__imgCapa--banner\"\n\t\t\t\t\tsrc=\"https:\/\/files.sunoresearch.com.br\/n\/uploads\/2023\/03\/1420x240-Investindo-no-exterior.png\"\n\t\t\t\t\tdata-promo-id=\"383161\"\t\t\t\t\t\t\t\t\t\twidth='1420' height='240'\t\t\t\t\talt=\"https:\/\/files.sunoresearch.com.br\/n\/uploads\/2023\/03\/1420x240-Investindo-no-exterior.png\"\n\t\t\t\t>\n\t\t\t<\/picture>\n\t\t<\/a>\n\t<\/p>\n\n\n","protected":false},"excerpt":{"rendered":"<p>O d\u00f3lar se firmou em baixa ao longo da tarde, furou o piso de R$ 5,65 e emendou nesta segunda-feira (28) o s\u00e9timo preg\u00e3o consecutivo de queda. Com m\u00ednima a R$ 5,6470, o d\u00f3lar \u00e0 vista encerrou o preg\u00e3o em baixa de 0,70%, a R$ 5,6480 &#8211; menor valor de fechamento desde 3 de abril [&hellip;]<\/p>\n","protected":false},"author":43,"featured_media":545255,"comment_status":"closed","ping_status":"closed","sticky":false,"template":"","format":"standard","meta":[],"categories":[60],"tags":[326],"suno_strategy":[],"class_list":["post-603140","post","type-post","status-publish","format-standard","has-post-thumbnail","hentry","category-mercado","tag-dolar"],"yoast_head":"<!-- This site is optimized with the Yoast SEO plugin v24.4 - https:\/\/yoast.com\/wordpress\/plugins\/seo\/ -->\n<title>D\u00f3lar cai abaixo de R$ 5,65 com sinal de Gal\u00edpolo sobre Selic<\/title>\n<meta name=\"description\" content=\"D\u00f3lar se firmou em baixa ao longo da tarde, furou o piso de R$ 5,65 e emendou nesta segunda-feira (28) o s\u00e9timo preg\u00e3o consecutivo de queda.\" \/>\n<meta name=\"robots\" content=\"index, follow, max-snippet:-1, max-image-preview:large, max-video-preview:-1\" \/>\n<link rel=\"canonical\" href=\"https:\/\/www.suno.com.br\/noticias\/dolar-fecha-em-queda-e-abaixo-de-r-565-com-sinal-de-galipolo-sobre-selic\/\" \/>\n<meta property=\"og:locale\" content=\"pt_BR\" \/>\n<meta property=\"og:type\" content=\"article\" \/>\n<meta property=\"og:title\" content=\"D\u00f3lar cai abaixo de R$ 5,65 com sinal de Gal\u00edpolo sobre Selic\" \/>\n<meta property=\"og:description\" content=\"D\u00f3lar se firmou em baixa ao longo da tarde, furou o piso de R$ 5,65 e emendou nesta segunda-feira (28) o s\u00e9timo preg\u00e3o consecutivo de queda.\" \/>\n<meta property=\"og:url\" content=\"https:\/\/www.suno.com.br\/noticias\/dolar-fecha-em-queda-e-abaixo-de-r-565-com-sinal-de-galipolo-sobre-selic\/\" \/>\n<meta property=\"og:site_name\" content=\"Suno Not\u00edcias\" \/>\n<meta property=\"article:publisher\" content=\"https:\/\/facebook.com\/sunoresearch\" \/>\n<meta property=\"article:author\" content=\"https:\/\/www.facebook.com\/sunonoticias\/\" \/>\n<meta property=\"og:image\" content=\"https:\/\/files.sunoresearch.com.br\/n\/uploads\/2024\/04\/iStock-1455502576.jpg\" \/>\n\t<meta property=\"og:image:width\" content=\"1254\" \/>\n\t<meta property=\"og:image:height\" content=\"836\" \/>\n\t<meta property=\"og:image:type\" content=\"image\/jpeg\" \/>\n<meta name=\"author\" content=\"Reda\u00e7\u00e3o Suno Not\u00edcias\" \/>\n<meta name=\"twitter:card\" content=\"summary_large_image\" \/>\n<meta name=\"twitter:creator\" content=\"@https:\/\/twitter.com\/sunoresearch\" \/>\n<meta name=\"twitter:site\" content=\"@sunoresearch\" \/>\n<meta name=\"twitter:label1\" content=\"Escrito por\" \/>\n\t<meta name=\"twitter:data1\" content=\"Reda\u00e7\u00e3o Suno Not\u00edcias\" \/>\n\t<meta name=\"twitter:label2\" content=\"Est. tempo de leitura\" \/>\n\t<meta name=\"twitter:data2\" content=\"6 minutos\" \/>\n<script type=\"application\/ld+json\" class=\"yoast-schema-graph\">{\"@context\":\"https:\/\/schema.org\",\"@graph\":[{\"@type\":\"NewsArticle\",\"@id\":\"https:\/\/www.suno.com.br\/noticias\/dolar-fecha-em-queda-e-abaixo-de-r-565-com-sinal-de-galipolo-sobre-selic\/#article\",\"isPartOf\":{\"@id\":\"https:\/\/www.suno.com.br\/noticias\/dolar-fecha-em-queda-e-abaixo-de-r-565-com-sinal-de-galipolo-sobre-selic\/\"},\"author\":{\"name\":\"Reda\u00e7\u00e3o Suno Not\u00edcias\",\"@id\":\"https:\/\/www.suno.com.br\/noticias\/#\/schema\/person\/c1b1bd3727fa852bd045e9dbff3673ea\"},\"headline\":\"D\u00f3lar fecha em queda e abaixo de R$ 5,65 com sinal de Gal\u00edpolo sobre Selic\",\"datePublished\":\"2025-04-28T22:01:54+00:00\",\"dateModified\":\"2025-04-28T22:01:57+00:00\",\"mainEntityOfPage\":{\"@id\":\"https:\/\/www.suno.com.br\/noticias\/dolar-fecha-em-queda-e-abaixo-de-r-565-com-sinal-de-galipolo-sobre-selic\/\"},\"wordCount\":1013,\"publisher\":{\"@id\":\"https:\/\/www.suno.com.br\/noticias\/#organization\"},\"image\":{\"@id\":\"https:\/\/www.suno.com.br\/noticias\/dolar-fecha-em-queda-e-abaixo-de-r-565-com-sinal-de-galipolo-sobre-selic\/#primaryimage\"},\"thumbnailUrl\":\"https:\/\/files.sunoresearch.com.br\/n\/uploads\/2024\/04\/iStock-1455502576.jpg\",\"keywords\":[\"d\u00f3lar\"],\"articleSection\":[\"Mercado\"],\"inLanguage\":\"pt-BR\"},{\"@type\":\"WebPage\",\"@id\":\"https:\/\/www.suno.com.br\/noticias\/dolar-fecha-em-queda-e-abaixo-de-r-565-com-sinal-de-galipolo-sobre-selic\/\",\"url\":\"https:\/\/www.suno.com.br\/noticias\/dolar-fecha-em-queda-e-abaixo-de-r-565-com-sinal-de-galipolo-sobre-selic\/\",\"name\":\"D\u00f3lar cai abaixo de R$ 5,65 com sinal de Gal\u00edpolo sobre Selic\",\"isPartOf\":{\"@id\":\"https:\/\/www.suno.com.br\/noticias\/#website\"},\"primaryImageOfPage\":{\"@id\":\"https:\/\/www.suno.com.br\/noticias\/dolar-fecha-em-queda-e-abaixo-de-r-565-com-sinal-de-galipolo-sobre-selic\/#primaryimage\"},\"image\":{\"@id\":\"https:\/\/www.suno.com.br\/noticias\/dolar-fecha-em-queda-e-abaixo-de-r-565-com-sinal-de-galipolo-sobre-selic\/#primaryimage\"},\"thumbnailUrl\":\"https:\/\/files.sunoresearch.com.br\/n\/uploads\/2024\/04\/iStock-1455502576.jpg\",\"datePublished\":\"2025-04-28T22:01:54+00:00\",\"dateModified\":\"2025-04-28T22:01:57+00:00\",\"description\":\"D\u00f3lar se firmou em baixa ao longo da tarde, furou o piso de R$ 5,65 e emendou nesta segunda-feira (28) o s\u00e9timo preg\u00e3o consecutivo de queda.\",\"breadcrumb\":{\"@id\":\"https:\/\/www.suno.com.br\/noticias\/dolar-fecha-em-queda-e-abaixo-de-r-565-com-sinal-de-galipolo-sobre-selic\/#breadcrumb\"},\"inLanguage\":\"pt-BR\",\"potentialAction\":[{\"@type\":\"ReadAction\",\"target\":[\"https:\/\/www.suno.com.br\/noticias\/dolar-fecha-em-queda-e-abaixo-de-r-565-com-sinal-de-galipolo-sobre-selic\/\"]}]},{\"@type\":\"ImageObject\",\"inLanguage\":\"pt-BR\",\"@id\":\"https:\/\/www.suno.com.br\/noticias\/dolar-fecha-em-queda-e-abaixo-de-r-565-com-sinal-de-galipolo-sobre-selic\/#primaryimage\",\"url\":\"https:\/\/files.sunoresearch.com.br\/n\/uploads\/2024\/04\/iStock-1455502576.jpg\",\"contentUrl\":\"https:\/\/files.sunoresearch.com.br\/n\/uploads\/2024\/04\/iStock-1455502576.jpg\",\"width\":1254,\"height\":836,\"caption\":\"D\u00f3lar. Foto: iStock\"},{\"@type\":\"BreadcrumbList\",\"@id\":\"https:\/\/www.suno.com.br\/noticias\/dolar-fecha-em-queda-e-abaixo-de-r-565-com-sinal-de-galipolo-sobre-selic\/#breadcrumb\",\"itemListElement\":[{\"@type\":\"ListItem\",\"position\":1,\"name\":\"Not\u00edcias\",\"item\":\"https:\/\/www.suno.com.br\/noticias\/\"},{\"@type\":\"ListItem\",\"position\":2,\"name\":\"Mercado\",\"item\":\"https:\/\/www.suno.com.br\/noticias\/mercado\/\"},{\"@type\":\"ListItem\",\"position\":3,\"name\":\"D\u00f3lar fecha em queda e abaixo de R$ 5,65 com sinal de Gal\u00edpolo sobre Selic\"}]},{\"@type\":\"WebSite\",\"@id\":\"https:\/\/www.suno.com.br\/noticias\/#website\",\"url\":\"https:\/\/www.suno.com.br\/noticias\/\",\"name\":\"Suno Not\u00edcias\",\"description\":\"Seu portal de informa\u00e7\u00e3o sobre o mundo dos investimentos\",\"publisher\":{\"@id\":\"https:\/\/www.suno.com.br\/noticias\/#organization\"},\"potentialAction\":[{\"@type\":\"SearchAction\",\"target\":{\"@type\":\"EntryPoint\",\"urlTemplate\":\"https:\/\/www.suno.com.br\/noticias\/?s={search_term_string}\"},\"query-input\":{\"@type\":\"PropertyValueSpecification\",\"valueRequired\":true,\"valueName\":\"search_term_string\"}}],\"inLanguage\":\"pt-BR\"},{\"@type\":\"Organization\",\"@id\":\"https:\/\/www.suno.com.br\/noticias\/#organization\",\"name\":\"Suno Not\u00edcias\",\"url\":\"https:\/\/www.suno.com.br\/noticias\/\",\"logo\":{\"@type\":\"ImageObject\",\"inLanguage\":\"pt-BR\",\"@id\":\"https:\/\/www.suno.com.br\/noticias\/#\/schema\/logo\/image\/\",\"url\":\"https:\/\/files.sunoresearch.com.br\/n\/uploads\/2021\/09\/suno-logo.png\",\"contentUrl\":\"https:\/\/files.sunoresearch.com.br\/n\/uploads\/2021\/09\/suno-logo.png\",\"width\":180,\"height\":180,\"caption\":\"Suno Not\u00edcias\"},\"image\":{\"@id\":\"https:\/\/www.suno.com.br\/noticias\/#\/schema\/logo\/image\/\"},\"sameAs\":[\"https:\/\/facebook.com\/sunoresearch\",\"https:\/\/x.com\/sunoresearch\",\"https:\/\/www.instagram.com\/suno\",\"https:\/\/www.linkedin.com\/company\/suno-research\/\",\"https:\/\/www.youtube.com\/c\/sunoresearch\"]},{\"@type\":\"Person\",\"@id\":\"https:\/\/www.suno.com.br\/noticias\/#\/schema\/person\/c1b1bd3727fa852bd045e9dbff3673ea\",\"name\":\"Reda\u00e7\u00e3o Suno Not\u00edcias\",\"image\":{\"@type\":\"ImageObject\",\"inLanguage\":\"pt-BR\",\"@id\":\"https:\/\/www.suno.com.br\/noticias\/#\/schema\/person\/image\/\",\"url\":\"https:\/\/secure.gravatar.com\/avatar\/b8104b9b5a71985d5238ee59fbe418af?s=96&r=g\",\"contentUrl\":\"https:\/\/secure.gravatar.com\/avatar\/b8104b9b5a71985d5238ee59fbe418af?s=96&r=g\",\"caption\":\"Reda\u00e7\u00e3o Suno Not\u00edcias\"},\"description\":\"O Suno Not\u00edcias \u00e9 um portal de informa\u00e7\u00f5es sobre Mercado Financeiro, Pol\u00edtica, Neg\u00f3cios, Economia e Finan\u00e7as Pessoais.\",\"sameAs\":[\"https:\/\/www.suno.com.br\/noticias\",\"https:\/\/www.facebook.com\/sunonoticias\/\",\"https:\/\/www.instagram.com\/sunonoticias\/\",\"https:\/\/x.com\/https:\/\/twitter.com\/sunoresearch\",\"https:\/\/www.youtube.com\/sunonoticias\"],\"url\":\"https:\/\/www.suno.com.br\/noticias\/author\/redacao-suno\/\"}]}<\/script>\n<!-- \/ Yoast SEO plugin. -->","yoast_head_json":{"title":"D\u00f3lar cai abaixo de R$ 5,65 com sinal de Gal\u00edpolo sobre Selic","description":"D\u00f3lar se firmou em baixa ao longo da tarde, furou o piso de R$ 5,65 e emendou nesta segunda-feira (28) o s\u00e9timo preg\u00e3o consecutivo de queda.","robots":{"index":"index","follow":"follow","max-snippet":"max-snippet:-1","max-image-preview":"max-image-preview:large","max-video-preview":"max-video-preview:-1"},"canonical":"https:\/\/www.suno.com.br\/noticias\/dolar-fecha-em-queda-e-abaixo-de-r-565-com-sinal-de-galipolo-sobre-selic\/","og_locale":"pt_BR","og_type":"article","og_title":"D\u00f3lar cai abaixo de R$ 5,65 com sinal de Gal\u00edpolo sobre Selic","og_description":"D\u00f3lar se firmou em baixa ao longo da tarde, furou o piso de R$ 5,65 e emendou nesta segunda-feira (28) o s\u00e9timo preg\u00e3o consecutivo de queda.","og_url":"https:\/\/www.suno.com.br\/noticias\/dolar-fecha-em-queda-e-abaixo-de-r-565-com-sinal-de-galipolo-sobre-selic\/","og_site_name":"Suno Not\u00edcias","article_publisher":"https:\/\/facebook.com\/sunoresearch","article_author":"https:\/\/www.facebook.com\/sunonoticias\/","og_image":[{"width":1254,"height":836,"url":"https:\/\/files.sunoresearch.com.br\/n\/uploads\/2024\/04\/iStock-1455502576.jpg","type":"image\/jpeg"}],"author":"Reda\u00e7\u00e3o Suno Not\u00edcias","twitter_card":"summary_large_image","twitter_creator":"@https:\/\/twitter.com\/sunoresearch","twitter_site":"@sunoresearch","twitter_misc":{"Escrito por":"Reda\u00e7\u00e3o Suno Not\u00edcias","Est. tempo de leitura":"6 minutos"},"schema":{"@context":"https:\/\/schema.org","@graph":[{"@type":"NewsArticle","@id":"https:\/\/www.suno.com.br\/noticias\/dolar-fecha-em-queda-e-abaixo-de-r-565-com-sinal-de-galipolo-sobre-selic\/#article","isPartOf":{"@id":"https:\/\/www.suno.com.br\/noticias\/dolar-fecha-em-queda-e-abaixo-de-r-565-com-sinal-de-galipolo-sobre-selic\/"},"author":{"name":"Reda\u00e7\u00e3o Suno Not\u00edcias","@id":"https:\/\/www.suno.com.br\/noticias\/#\/schema\/person\/c1b1bd3727fa852bd045e9dbff3673ea"},"headline":"D\u00f3lar fecha em queda e abaixo de R$ 5,65 com sinal de Gal\u00edpolo sobre Selic","datePublished":"2025-04-28T22:01:54+00:00","dateModified":"2025-04-28T22:01:57+00:00","mainEntityOfPage":{"@id":"https:\/\/www.suno.com.br\/noticias\/dolar-fecha-em-queda-e-abaixo-de-r-565-com-sinal-de-galipolo-sobre-selic\/"},"wordCount":1013,"publisher":{"@id":"https:\/\/www.suno.com.br\/noticias\/#organization"},"image":{"@id":"https:\/\/www.suno.com.br\/noticias\/dolar-fecha-em-queda-e-abaixo-de-r-565-com-sinal-de-galipolo-sobre-selic\/#primaryimage"},"thumbnailUrl":"https:\/\/files.sunoresearch.com.br\/n\/uploads\/2024\/04\/iStock-1455502576.jpg","keywords":["d\u00f3lar"],"articleSection":["Mercado"],"inLanguage":"pt-BR"},{"@type":"WebPage","@id":"https:\/\/www.suno.com.br\/noticias\/dolar-fecha-em-queda-e-abaixo-de-r-565-com-sinal-de-galipolo-sobre-selic\/","url":"https:\/\/www.suno.com.br\/noticias\/dolar-fecha-em-queda-e-abaixo-de-r-565-com-sinal-de-galipolo-sobre-selic\/","name":"D\u00f3lar cai abaixo de R$ 5,65 com sinal de Gal\u00edpolo sobre Selic","isPartOf":{"@id":"https:\/\/www.suno.com.br\/noticias\/#website"},"primaryImageOfPage":{"@id":"https:\/\/www.suno.com.br\/noticias\/dolar-fecha-em-queda-e-abaixo-de-r-565-com-sinal-de-galipolo-sobre-selic\/#primaryimage"},"image":{"@id":"https:\/\/www.suno.com.br\/noticias\/dolar-fecha-em-queda-e-abaixo-de-r-565-com-sinal-de-galipolo-sobre-selic\/#primaryimage"},"thumbnailUrl":"https:\/\/files.sunoresearch.com.br\/n\/uploads\/2024\/04\/iStock-1455502576.jpg","datePublished":"2025-04-28T22:01:54+00:00","dateModified":"2025-04-28T22:01:57+00:00","description":"D\u00f3lar se firmou em baixa ao longo da tarde, furou o piso de R$ 5,65 e emendou nesta segunda-feira (28) o s\u00e9timo preg\u00e3o consecutivo de queda.","breadcrumb":{"@id":"https:\/\/www.suno.com.br\/noticias\/dolar-fecha-em-queda-e-abaixo-de-r-565-com-sinal-de-galipolo-sobre-selic\/#breadcrumb"},"inLanguage":"pt-BR","potentialAction":[{"@type":"ReadAction","target":["https:\/\/www.suno.com.br\/noticias\/dolar-fecha-em-queda-e-abaixo-de-r-565-com-sinal-de-galipolo-sobre-selic\/"]}]},{"@type":"ImageObject","inLanguage":"pt-BR","@id":"https:\/\/www.suno.com.br\/noticias\/dolar-fecha-em-queda-e-abaixo-de-r-565-com-sinal-de-galipolo-sobre-selic\/#primaryimage","url":"https:\/\/files.sunoresearch.com.br\/n\/uploads\/2024\/04\/iStock-1455502576.jpg","contentUrl":"https:\/\/files.sunoresearch.com.br\/n\/uploads\/2024\/04\/iStock-1455502576.jpg","width":1254,"height":836,"caption":"D\u00f3lar. Foto: iStock"},{"@type":"BreadcrumbList","@id":"https:\/\/www.suno.com.br\/noticias\/dolar-fecha-em-queda-e-abaixo-de-r-565-com-sinal-de-galipolo-sobre-selic\/#breadcrumb","itemListElement":[{"@type":"ListItem","position":1,"name":"Not\u00edcias","item":"https:\/\/www.suno.com.br\/noticias\/"},{"@type":"ListItem","position":2,"name":"Mercado","item":"https:\/\/www.suno.com.br\/noticias\/mercado\/"},{"@type":"ListItem","position":3,"name":"D\u00f3lar fecha em queda e abaixo de R$ 5,65 com sinal de Gal\u00edpolo sobre Selic"}]},{"@type":"WebSite","@id":"https:\/\/www.suno.com.br\/noticias\/#website","url":"https:\/\/www.suno.com.br\/noticias\/","name":"Suno Not\u00edcias","description":"Seu portal de informa\u00e7\u00e3o sobre o mundo dos investimentos","publisher":{"@id":"https:\/\/www.suno.com.br\/noticias\/#organization"},"potentialAction":[{"@type":"SearchAction","target":{"@type":"EntryPoint","urlTemplate":"https:\/\/www.suno.com.br\/noticias\/?s={search_term_string}"},"query-input":{"@type":"PropertyValueSpecification","valueRequired":true,"valueName":"search_term_string"}}],"inLanguage":"pt-BR"},{"@type":"Organization","@id":"https:\/\/www.suno.com.br\/noticias\/#organization","name":"Suno Not\u00edcias","url":"https:\/\/www.suno.com.br\/noticias\/","logo":{"@type":"ImageObject","inLanguage":"pt-BR","@id":"https:\/\/www.suno.com.br\/noticias\/#\/schema\/logo\/image\/","url":"https:\/\/files.sunoresearch.com.br\/n\/uploads\/2021\/09\/suno-logo.png","contentUrl":"https:\/\/files.sunoresearch.com.br\/n\/uploads\/2021\/09\/suno-logo.png","width":180,"height":180,"caption":"Suno Not\u00edcias"},"image":{"@id":"https:\/\/www.suno.com.br\/noticias\/#\/schema\/logo\/image\/"},"sameAs":["https:\/\/facebook.com\/sunoresearch","https:\/\/x.com\/sunoresearch","https:\/\/www.instagram.com\/suno","https:\/\/www.linkedin.com\/company\/suno-research\/","https:\/\/www.youtube.com\/c\/sunoresearch"]},{"@type":"Person","@id":"https:\/\/www.suno.com.br\/noticias\/#\/schema\/person\/c1b1bd3727fa852bd045e9dbff3673ea","name":"Reda\u00e7\u00e3o Suno Not\u00edcias","image":{"@type":"ImageObject","inLanguage":"pt-BR","@id":"https:\/\/www.suno.com.br\/noticias\/#\/schema\/person\/image\/","url":"https:\/\/secure.gravatar.com\/avatar\/b8104b9b5a71985d5238ee59fbe418af?s=96&r=g","contentUrl":"https:\/\/secure.gravatar.com\/avatar\/b8104b9b5a71985d5238ee59fbe418af?s=96&r=g","caption":"Reda\u00e7\u00e3o Suno Not\u00edcias"},"description":"O Suno Not\u00edcias \u00e9 um portal de informa\u00e7\u00f5es sobre Mercado Financeiro, Pol\u00edtica, Neg\u00f3cios, Economia e Finan\u00e7as Pessoais.","sameAs":["https:\/\/www.suno.com.br\/noticias","https:\/\/www.facebook.com\/sunonoticias\/","https:\/\/www.instagram.com\/sunonoticias\/","https:\/\/x.com\/https:\/\/twitter.com\/sunoresearch","https:\/\/www.youtube.com\/sunonoticias"],"url":"https:\/\/www.suno.com.br\/noticias\/author\/redacao-suno\/"}]}},"default_loop_html":"<div class=\"cardsPage__listCard__boxs\"><div class=\"cardsPage__listCard__boxs__img\"><a href=\"https:\/\/www.suno.com.br\/noticias\/dolar-fecha-em-queda-e-abaixo-de-r-565-com-sinal-de-galipolo-sobre-selic\/\"><img class=\"mask\" src=\"https:\/\/www.suno.com.br\/noticias\/wp-content\/themes\/suno\/resources\/images\/spotlight\/spotlight1img\/bg-mask.png\" alt=\"Image Mask\"\/><img src=\"https:\/\/files.sunoresearch.com.br\/n\/uploads\/2024\/04\/iStock-1455502576-400x200.jpg\" alt=\"D\u00f3lar fecha em queda e abaixo de R$ 5,65 com sinal de Gal\u00edpolo sobre Selic\"\/><\/a><span class=\"spotlightCategory\"><a href=\"https:\/\/www.suno.com.br\/noticias\/mercado\/\">Mercado<\/a><\/span><\/div><div class=\"cardsPage__listCard__boxs__content\"><a href=\"https:\/\/www.suno.com.br\/noticias\/dolar-fecha-em-queda-e-abaixo-de-r-565-com-sinal-de-galipolo-sobre-selic\/\"><h2 class=\"content__title\">D\u00f3lar fecha em queda e abaixo de R$ 5,65 com sinal de Gal\u00edpolo sobre Selic<\/h2><\/a><div class=\"newsContent__article__meta\"><div class=\"newsContent__article__meta__authorBox\"><a href=\"https:\/\/www.suno.com.br\/noticias\/author\/redacao-suno\/\" class=\"authorBox__avatar noMobi\"><img src=\"https:\/\/files.sunoresearch.com.br\/n\/uploads\/2020\/08\/0ace682d-redacao-1-150x150.webp\" alt=\"Reda\u00e7\u00e3o Suno Not\u00edcias\"><\/a><div class=\"authorBox__name\"><span>por\n\t\t\t<a href=\"https:\/\/www.suno.com.br\/noticias\/author\/redacao-suno\/\"><span itemprop=\"author\">Reda\u00e7\u00e3o Suno Not\u00edcias<\/span><\/a><\/span><time datetime=\"2025-04-28T19:01:54-03:00\" itemprop=\"datePublished\">28\/04\/2025 19:01<\/time><\/div><\/div><\/div><\/div><\/div>","single_layout":"posts","amp_enabled":true,"_links":{"self":[{"href":"https:\/\/www.suno.com.br\/noticias\/wp-json\/wp\/v2\/posts\/603140"}],"collection":[{"href":"https:\/\/www.suno.com.br\/noticias\/wp-json\/wp\/v2\/posts"}],"about":[{"href":"https:\/\/www.suno.com.br\/noticias\/wp-json\/wp\/v2\/types\/post"}],"author":[{"embeddable":true,"href":"https:\/\/www.suno.com.br\/noticias\/wp-json\/wp\/v2\/users\/43"}],"replies":[{"embeddable":true,"href":"https:\/\/www.suno.com.br\/noticias\/wp-json\/wp\/v2\/comments?post=603140"}],"version-history":[{"count":1,"href":"https:\/\/www.suno.com.br\/noticias\/wp-json\/wp\/v2\/posts\/603140\/revisions"}],"predecessor-version":[{"id":603150,"href":"https:\/\/www.suno.com.br\/noticias\/wp-json\/wp\/v2\/posts\/603140\/revisions\/603150"}],"wp:featuredmedia":[{"embeddable":true,"href":"https:\/\/www.suno.com.br\/noticias\/wp-json\/wp\/v2\/media\/545255"}],"wp:attachment":[{"href":"https:\/\/www.suno.com.br\/noticias\/wp-json\/wp\/v2\/media?parent=603140"}],"wp:term":[{"taxonomy":"category","embeddable":true,"href":"https:\/\/www.suno.com.br\/noticias\/wp-json\/wp\/v2\/categories?post=603140"},{"taxonomy":"post_tag","embeddable":true,"href":"https:\/\/www.suno.com.br\/noticias\/wp-json\/wp\/v2\/tags?post=603140"},{"taxonomy":"suno_strategy","embeddable":true,"href":"https:\/\/www.suno.com.br\/noticias\/wp-json\/wp\/v2\/suno_strategy?post=603140"}],"curies":[{"name":"wp","href":"https:\/\/api.w.org\/{rel}","templated":true}]}}