{"id":60308,"date":"2020-04-03T10:58:23","date_gmt":"2020-04-03T13:58:23","guid":{"rendered":"https:\/\/www.suno.com.br\/noticias\/?p=60308"},"modified":"2020-04-03T10:58:23","modified_gmt":"2020-04-03T13:58:23","slug":"coronavirus-atividade-de-servicos-na-zona-do-euro-cai","status":"publish","type":"post","link":"https:\/\/www.suno.com.br\/noticias\/coronavirus-atividade-de-servicos-na-zona-do-euro-cai\/","title":{"rendered":"Coronav\u00edrus: atividade de servi\u00e7os na zona do euro cai \u00e0 m\u00ednima hist\u00f3rica"},"content":{"rendered":"<p>O \u00cdndice Gerente de Compras (<strong>PMI<\/strong>, na sigla em ingl\u00eas) do setor de servi\u00e7os da zona do euro caiu para 26,4 pontos em mar\u00e7o, o m\u00ednimo da s\u00e9rie hist\u00f3rica, impactado pelo avan\u00e7o da pandemia do novo <strong>coronav\u00edrus<\/strong> (Covid-19). As informa\u00e7\u00f5es foram divulgadas nesta sexta-feira (3) pelo IHS Markit.<\/p>\t<div class=\"wrapper-featured-image\">\n\t\t<figure class=\"spotlightImg\">\n\n\t\t\t<picture>\n\t\t\t\t<source media=\"(max-width: 768px)\" srcset=\"https:\/\/files.sunoresearch.com.br\/n\/uploads\/2020\/04\/cf70e7b9-zona-do-euro-400x200.webp\">\n\t\t\t\t<img loading=\"lazy\" decoding=\"async\" class=\"newsContent__article__imgCapa lazyloadDisabled newsContent__article__imgCapa--noCaption\" src=\"https:\/\/files.sunoresearch.com.br\/n\/uploads\/2020\/04\/cf70e7b9-zona-do-euro-800x450.webp\" width=\"800\" height=\"450\" alt=\"Coronav\u00edrus: atividade de servi\u00e7os na zona do euro cai \u00e0 m\u00ednima hist\u00f3rica\" fetchpriority=high \/>\n\t\t\t<\/picture>\n\n\t\t\t<figcaption class=\"wp-caption-text wp-caption-text--hide\">O PIB da zona do euro avan\u00e7ou 12,7% no terceiro trimestre, em compara\u00e7\u00e3o com os tr\u00eas meses anteriores. <\/figcaption>\n\t\t<\/figure>\n\t<\/div>\n\n\n\n<p>O resultado oficial foi menor do que o esperado por economistas ouvidos pelo jornal &#8220;The Wall Street Journal&#8221;, que era de 28,4 pontos. Em fevereiro, j\u00e1 sob os <a href=\"https:\/\/www.youtube.com\/watch?v=0snRYzfHan0&amp;t=6s\">efeitos do coronav\u00edrus<\/a>, a atividade de servi\u00e7os da <strong><a href=\"https:\/\/www.suno.com.br\/artigos\/zona-do-euro\/\">zona do euro<\/a><\/strong> foi de 52,6 pontos, ent\u00e3o m\u00ednimo da s\u00e9rie hist\u00f3rica.<\/p>\n<p>Qualquer resultado acima de 50 pontos demonstra crescimento do setor estudado, assim como resultados abaixo de 50 representam contra\u00e7\u00e3o do setor.<\/p>\n<p>Na It\u00e1lia, o mais mais impactado pela doen\u00e7a, o \u00edndice PMI caiu para 17,4, o pior resultado de toda a Europa. Na <strong>Alemanha<\/strong>, a maior economia da zona do euro, o \u00edndice caiu para 31,7, frente a 52,5 reportados em fevereiro. J\u00e1 na <strong>Fran\u00e7a<\/strong>, o PMI recuou de 52,5 para 37,4 em mar\u00e7o.<\/p>\n<p><a href=\"https:\/\/www.suno.com.br\/nossas-assinaturas\/suno-premium\/\">Bolsa em queda livre!? Aproveita as maiores oportunidades da bolsa brasileira com nosso acesso Suno Premium<\/a><\/p>\n<p>\u201cOs dados indicam que a economia da zona do euro j\u00e1 est\u00e1 se contraindo a uma taxa anualizada que se aproxima de 10%, com o pior inevitavelmente chegando em um futuro pr\u00f3ximo\u201d, afirmou Chris Williamson, economista-chefe de neg\u00f3cios da IHS Markit.<\/p>\n<h2>Coronav\u00edrus no mundo<\/h2>\n<p>At\u00e9 a manh\u00e3 desta sexta-feira (3), as secretarias estaduais de Sa\u00fade confirmaram 8.066 casos confirmados do novo coronav\u00edrus no <strong>Brasil<\/strong>, com 327 mortos. O Brasil \u00e9 o 17\u00ba pa\u00eds no mundo com mais casos da doen\u00e7a.<\/p>\n<p>O isolamento na <strong>Espanha<\/strong>, segundo pa\u00eds mais atingido na Europa e j\u00e1 tendo ultrapassado o n\u00famero de mortes na China, foi prorrogado para o dia 12 de abril. O pa\u00eds j\u00e1 reportou mais de 117 mil infectados e 10,9 mil mortes por causa de complica\u00e7\u00f5es do coronav\u00edrus.<\/p>\n<p>Na <strong>It\u00e1lia<\/strong>, foram registradas ao menos 13,9 mil mortes pelo Covid-19 e mais de 115,2 mil casos. H\u00e1 cerca de 45 dias, o pa\u00eds ainda mantinha medidas de isolamento parcial.<\/p>\n<p>Segundo a universidade norte-americana John Hopkins, desde o primeiro caso confirmado, o <strong>coronav\u00edrus<\/strong> j\u00e1 matou mais de 6 mil pessoas no territ\u00f3rio dos Estados Unidos. Mais de 245,6 mil pessoas foram infectadas, se tornando o novo epicentro da doen\u00e7a no planeta.<\/p>\n\n","protected":false},"excerpt":{"rendered":"<p>O \u00cdndice Gerente de Compras (PMI, na sigla em ingl\u00eas) do setor de servi\u00e7os da zona do euro caiu para 26,4 pontos em mar\u00e7o, o m\u00ednimo da s\u00e9rie hist\u00f3rica, impactado pelo avan\u00e7o da pandemia do novo coronav\u00edrus (Covid-19). As informa\u00e7\u00f5es foram divulgadas nesta sexta-feira (3) pelo IHS Markit. O PIB da zona do euro avan\u00e7ou [&hellip;]<\/p>\n","protected":false},"author":24,"featured_media":60310,"comment_status":"closed","ping_status":"closed","sticky":false,"template":"","format":"standard","meta":[],"categories":[63],"tags":[2487,1245,991],"suno_strategy":[],"class_list":["post-60308","post","type-post","status-publish","format-standard","has-post-thumbnail","hentry","category-internacional","tag-coronavirus","tag-setor-de-servicos","tag-zona-do-euro"],"yoast_head":"<!-- This site is optimized with the Yoast SEO plugin v24.4 - https:\/\/yoast.com\/wordpress\/plugins\/seo\/ -->\n<title>Coronav\u00edrus: atividade de servi\u00e7os na zona do euro cai \u00e0 m\u00ednima hist\u00f3rica<\/title>\n<meta name=\"description\" content=\"Devido ao coronav\u00edrus, o PMI do setor de servi\u00e7os da zona do euro caiu para o m\u00ednimo da s\u00e9rie hist\u00f3rica. Clique aqui e saiba mais.\" \/>\n<meta name=\"robots\" content=\"index, follow, max-snippet:-1, max-image-preview:large, max-video-preview:-1\" \/>\n<link rel=\"canonical\" href=\"https:\/\/www.suno.com.br\/noticias\/coronavirus-atividade-de-servicos-na-zona-do-euro-cai\/\" \/>\n<meta property=\"og:locale\" content=\"pt_BR\" \/>\n<meta property=\"og:type\" content=\"article\" \/>\n<meta property=\"og:title\" content=\"Coronav\u00edrus: atividade de servi\u00e7os na zona do euro cai \u00e0 m\u00ednima hist\u00f3rica\" \/>\n<meta property=\"og:description\" content=\"Devido ao coronav\u00edrus, o PMI do setor de servi\u00e7os da zona do euro caiu para o m\u00ednimo da s\u00e9rie hist\u00f3rica. Clique aqui e saiba mais.\" \/>\n<meta property=\"og:url\" content=\"https:\/\/www.suno.com.br\/noticias\/coronavirus-atividade-de-servicos-na-zona-do-euro-cai\/\" \/>\n<meta property=\"og:site_name\" content=\"Suno Not\u00edcias\" \/>\n<meta property=\"article:publisher\" content=\"https:\/\/facebook.com\/sunoresearch\" \/>\n<meta property=\"og:image\" content=\"https:\/\/files.sunoresearch.com.br\/n\/uploads\/2020\/04\/cf70e7b9-zona-do-euro.jpg\" \/>\n\t<meta property=\"og:image:width\" content=\"1920\" \/>\n\t<meta property=\"og:image:height\" content=\"1280\" \/>\n\t<meta property=\"og:image:type\" content=\"image\/jpeg\" \/>\n<meta name=\"author\" content=\"Jader Lazarini\" \/>\n<meta name=\"twitter:card\" content=\"summary_large_image\" \/>\n<meta name=\"twitter:creator\" content=\"@sunoresearch\" \/>\n<meta name=\"twitter:site\" content=\"@sunoresearch\" \/>\n<meta name=\"twitter:label1\" content=\"Escrito por\" \/>\n\t<meta name=\"twitter:data1\" content=\"Jader Lazarini\" \/>\n\t<meta name=\"twitter:label2\" content=\"Est. tempo de leitura\" \/>\n\t<meta name=\"twitter:data2\" content=\"2 minutos\" \/>\n<script type=\"application\/ld+json\" class=\"yoast-schema-graph\">{\"@context\":\"https:\/\/schema.org\",\"@graph\":[{\"@type\":\"NewsArticle\",\"@id\":\"https:\/\/www.suno.com.br\/noticias\/coronavirus-atividade-de-servicos-na-zona-do-euro-cai\/#article\",\"isPartOf\":{\"@id\":\"https:\/\/www.suno.com.br\/noticias\/coronavirus-atividade-de-servicos-na-zona-do-euro-cai\/\"},\"author\":{\"name\":\"Jader Lazarini\",\"@id\":\"https:\/\/www.suno.com.br\/noticias\/#\/schema\/person\/918d79de1f0281f01599b93f9ea6e23f\"},\"headline\":\"Coronav\u00edrus: atividade de servi\u00e7os na zona do euro cai \u00e0 m\u00ednima hist\u00f3rica\",\"datePublished\":\"2020-04-03T13:58:23+00:00\",\"mainEntityOfPage\":{\"@id\":\"https:\/\/www.suno.com.br\/noticias\/coronavirus-atividade-de-servicos-na-zona-do-euro-cai\/\"},\"wordCount\":419,\"publisher\":{\"@id\":\"https:\/\/www.suno.com.br\/noticias\/#organization\"},\"image\":{\"@id\":\"https:\/\/www.suno.com.br\/noticias\/coronavirus-atividade-de-servicos-na-zona-do-euro-cai\/#primaryimage\"},\"thumbnailUrl\":\"https:\/\/files.sunoresearch.com.br\/n\/uploads\/2020\/04\/cf70e7b9-zona-do-euro-jpg.webp\",\"keywords\":[\"coronav\u00edrus\",\"setor de servi\u00e7os\",\"zona do euro\"],\"articleSection\":[\"Internacional\"],\"inLanguage\":\"pt-BR\"},{\"@type\":\"WebPage\",\"@id\":\"https:\/\/www.suno.com.br\/noticias\/coronavirus-atividade-de-servicos-na-zona-do-euro-cai\/\",\"url\":\"https:\/\/www.suno.com.br\/noticias\/coronavirus-atividade-de-servicos-na-zona-do-euro-cai\/\",\"name\":\"Coronav\u00edrus: atividade de servi\u00e7os na zona do euro cai \u00e0 m\u00ednima hist\u00f3rica\",\"isPartOf\":{\"@id\":\"https:\/\/www.suno.com.br\/noticias\/#website\"},\"primaryImageOfPage\":{\"@id\":\"https:\/\/www.suno.com.br\/noticias\/coronavirus-atividade-de-servicos-na-zona-do-euro-cai\/#primaryimage\"},\"image\":{\"@id\":\"https:\/\/www.suno.com.br\/noticias\/coronavirus-atividade-de-servicos-na-zona-do-euro-cai\/#primaryimage\"},\"thumbnailUrl\":\"https:\/\/files.sunoresearch.com.br\/n\/uploads\/2020\/04\/cf70e7b9-zona-do-euro-jpg.webp\",\"datePublished\":\"2020-04-03T13:58:23+00:00\",\"description\":\"Devido ao coronav\u00edrus, o PMI do setor de servi\u00e7os da zona do euro caiu para o m\u00ednimo da s\u00e9rie hist\u00f3rica. Clique aqui e saiba mais.\",\"breadcrumb\":{\"@id\":\"https:\/\/www.suno.com.br\/noticias\/coronavirus-atividade-de-servicos-na-zona-do-euro-cai\/#breadcrumb\"},\"inLanguage\":\"pt-BR\",\"potentialAction\":[{\"@type\":\"ReadAction\",\"target\":[\"https:\/\/www.suno.com.br\/noticias\/coronavirus-atividade-de-servicos-na-zona-do-euro-cai\/\"]}]},{\"@type\":\"ImageObject\",\"inLanguage\":\"pt-BR\",\"@id\":\"https:\/\/www.suno.com.br\/noticias\/coronavirus-atividade-de-servicos-na-zona-do-euro-cai\/#primaryimage\",\"url\":\"https:\/\/files.sunoresearch.com.br\/n\/uploads\/2020\/04\/cf70e7b9-zona-do-euro-jpg.webp\",\"contentUrl\":\"https:\/\/files.sunoresearch.com.br\/n\/uploads\/2020\/04\/cf70e7b9-zona-do-euro-jpg.webp\",\"width\":1920,\"height\":1280,\"caption\":\"O PIB da zona do euro avan\u00e7ou 12,7% no terceiro trimestre, em compara\u00e7\u00e3o com os tr\u00eas meses anteriores.\"},{\"@type\":\"BreadcrumbList\",\"@id\":\"https:\/\/www.suno.com.br\/noticias\/coronavirus-atividade-de-servicos-na-zona-do-euro-cai\/#breadcrumb\",\"itemListElement\":[{\"@type\":\"ListItem\",\"position\":1,\"name\":\"Not\u00edcias\",\"item\":\"https:\/\/www.suno.com.br\/noticias\/\"},{\"@type\":\"ListItem\",\"position\":2,\"name\":\"Internacional\",\"item\":\"https:\/\/www.suno.com.br\/noticias\/internacional\/\"},{\"@type\":\"ListItem\",\"position\":3,\"name\":\"Coronav\u00edrus: atividade de servi\u00e7os na zona do euro cai \u00e0 m\u00ednima hist\u00f3rica\"}]},{\"@type\":\"WebSite\",\"@id\":\"https:\/\/www.suno.com.br\/noticias\/#website\",\"url\":\"https:\/\/www.suno.com.br\/noticias\/\",\"name\":\"Suno Not\u00edcias\",\"description\":\"Seu portal de informa\u00e7\u00e3o sobre o mundo dos investimentos\",\"publisher\":{\"@id\":\"https:\/\/www.suno.com.br\/noticias\/#organization\"},\"potentialAction\":[{\"@type\":\"SearchAction\",\"target\":{\"@type\":\"EntryPoint\",\"urlTemplate\":\"https:\/\/www.suno.com.br\/noticias\/?s={search_term_string}\"},\"query-input\":{\"@type\":\"PropertyValueSpecification\",\"valueRequired\":true,\"valueName\":\"search_term_string\"}}],\"inLanguage\":\"pt-BR\"},{\"@type\":\"Organization\",\"@id\":\"https:\/\/www.suno.com.br\/noticias\/#organization\",\"name\":\"Suno Not\u00edcias\",\"url\":\"https:\/\/www.suno.com.br\/noticias\/\",\"logo\":{\"@type\":\"ImageObject\",\"inLanguage\":\"pt-BR\",\"@id\":\"https:\/\/www.suno.com.br\/noticias\/#\/schema\/logo\/image\/\",\"url\":\"https:\/\/files.sunoresearch.com.br\/n\/uploads\/2021\/09\/suno-logo.png\",\"contentUrl\":\"https:\/\/files.sunoresearch.com.br\/n\/uploads\/2021\/09\/suno-logo.png\",\"width\":180,\"height\":180,\"caption\":\"Suno Not\u00edcias\"},\"image\":{\"@id\":\"https:\/\/www.suno.com.br\/noticias\/#\/schema\/logo\/image\/\"},\"sameAs\":[\"https:\/\/facebook.com\/sunoresearch\",\"https:\/\/x.com\/sunoresearch\",\"https:\/\/www.instagram.com\/suno\",\"https:\/\/www.linkedin.com\/company\/suno-research\/\",\"https:\/\/www.youtube.com\/c\/sunoresearch\"]},{\"@type\":\"Person\",\"@id\":\"https:\/\/www.suno.com.br\/noticias\/#\/schema\/person\/918d79de1f0281f01599b93f9ea6e23f\",\"name\":\"Jader Lazarini\",\"image\":{\"@type\":\"ImageObject\",\"inLanguage\":\"pt-BR\",\"@id\":\"https:\/\/www.suno.com.br\/noticias\/#\/schema\/person\/image\/\",\"url\":\"https:\/\/secure.gravatar.com\/avatar\/3c1ad8caa51589841baeb923fcddea97?s=96&r=g\",\"contentUrl\":\"https:\/\/secure.gravatar.com\/avatar\/3c1ad8caa51589841baeb923fcddea97?s=96&r=g\",\"caption\":\"Jader Lazarini\"},\"description\":\"Jader Lazarini escreve sobre investimentos, finan\u00e7as, economia e neg\u00f3cios. \u00c9 bacharel em Rela\u00e7\u00f5es Internacionais e analista CNPI (2619).\",\"url\":\"https:\/\/www.suno.com.br\/noticias\/author\/jader-lazarini\/\"}]}<\/script>\n<!-- \/ Yoast SEO plugin. -->","yoast_head_json":{"title":"Coronav\u00edrus: atividade de servi\u00e7os na zona do euro cai \u00e0 m\u00ednima hist\u00f3rica","description":"Devido ao coronav\u00edrus, o PMI do setor de servi\u00e7os da zona do euro caiu para o m\u00ednimo da s\u00e9rie hist\u00f3rica. Clique aqui e saiba mais.","robots":{"index":"index","follow":"follow","max-snippet":"max-snippet:-1","max-image-preview":"max-image-preview:large","max-video-preview":"max-video-preview:-1"},"canonical":"https:\/\/www.suno.com.br\/noticias\/coronavirus-atividade-de-servicos-na-zona-do-euro-cai\/","og_locale":"pt_BR","og_type":"article","og_title":"Coronav\u00edrus: atividade de servi\u00e7os na zona do euro cai \u00e0 m\u00ednima hist\u00f3rica","og_description":"Devido ao coronav\u00edrus, o PMI do setor de servi\u00e7os da zona do euro caiu para o m\u00ednimo da s\u00e9rie hist\u00f3rica. Clique aqui e saiba mais.","og_url":"https:\/\/www.suno.com.br\/noticias\/coronavirus-atividade-de-servicos-na-zona-do-euro-cai\/","og_site_name":"Suno Not\u00edcias","article_publisher":"https:\/\/facebook.com\/sunoresearch","og_image":[{"width":1920,"height":1280,"url":"https:\/\/files.sunoresearch.com.br\/n\/uploads\/2020\/04\/cf70e7b9-zona-do-euro.jpg","type":"image\/jpeg"}],"author":"Jader Lazarini","twitter_card":"summary_large_image","twitter_creator":"@sunoresearch","twitter_site":"@sunoresearch","twitter_misc":{"Escrito por":"Jader Lazarini","Est. tempo de leitura":"2 minutos"},"schema":{"@context":"https:\/\/schema.org","@graph":[{"@type":"NewsArticle","@id":"https:\/\/www.suno.com.br\/noticias\/coronavirus-atividade-de-servicos-na-zona-do-euro-cai\/#article","isPartOf":{"@id":"https:\/\/www.suno.com.br\/noticias\/coronavirus-atividade-de-servicos-na-zona-do-euro-cai\/"},"author":{"name":"Jader Lazarini","@id":"https:\/\/www.suno.com.br\/noticias\/#\/schema\/person\/918d79de1f0281f01599b93f9ea6e23f"},"headline":"Coronav\u00edrus: atividade de servi\u00e7os na zona do euro cai \u00e0 m\u00ednima hist\u00f3rica","datePublished":"2020-04-03T13:58:23+00:00","mainEntityOfPage":{"@id":"https:\/\/www.suno.com.br\/noticias\/coronavirus-atividade-de-servicos-na-zona-do-euro-cai\/"},"wordCount":419,"publisher":{"@id":"https:\/\/www.suno.com.br\/noticias\/#organization"},"image":{"@id":"https:\/\/www.suno.com.br\/noticias\/coronavirus-atividade-de-servicos-na-zona-do-euro-cai\/#primaryimage"},"thumbnailUrl":"https:\/\/files.sunoresearch.com.br\/n\/uploads\/2020\/04\/cf70e7b9-zona-do-euro-jpg.webp","keywords":["coronav\u00edrus","setor de servi\u00e7os","zona do euro"],"articleSection":["Internacional"],"inLanguage":"pt-BR"},{"@type":"WebPage","@id":"https:\/\/www.suno.com.br\/noticias\/coronavirus-atividade-de-servicos-na-zona-do-euro-cai\/","url":"https:\/\/www.suno.com.br\/noticias\/coronavirus-atividade-de-servicos-na-zona-do-euro-cai\/","name":"Coronav\u00edrus: atividade de servi\u00e7os na zona do euro cai \u00e0 m\u00ednima hist\u00f3rica","isPartOf":{"@id":"https:\/\/www.suno.com.br\/noticias\/#website"},"primaryImageOfPage":{"@id":"https:\/\/www.suno.com.br\/noticias\/coronavirus-atividade-de-servicos-na-zona-do-euro-cai\/#primaryimage"},"image":{"@id":"https:\/\/www.suno.com.br\/noticias\/coronavirus-atividade-de-servicos-na-zona-do-euro-cai\/#primaryimage"},"thumbnailUrl":"https:\/\/files.sunoresearch.com.br\/n\/uploads\/2020\/04\/cf70e7b9-zona-do-euro-jpg.webp","datePublished":"2020-04-03T13:58:23+00:00","description":"Devido ao coronav\u00edrus, o PMI do setor de servi\u00e7os da zona do euro caiu para o m\u00ednimo da s\u00e9rie hist\u00f3rica. Clique aqui e saiba mais.","breadcrumb":{"@id":"https:\/\/www.suno.com.br\/noticias\/coronavirus-atividade-de-servicos-na-zona-do-euro-cai\/#breadcrumb"},"inLanguage":"pt-BR","potentialAction":[{"@type":"ReadAction","target":["https:\/\/www.suno.com.br\/noticias\/coronavirus-atividade-de-servicos-na-zona-do-euro-cai\/"]}]},{"@type":"ImageObject","inLanguage":"pt-BR","@id":"https:\/\/www.suno.com.br\/noticias\/coronavirus-atividade-de-servicos-na-zona-do-euro-cai\/#primaryimage","url":"https:\/\/files.sunoresearch.com.br\/n\/uploads\/2020\/04\/cf70e7b9-zona-do-euro-jpg.webp","contentUrl":"https:\/\/files.sunoresearch.com.br\/n\/uploads\/2020\/04\/cf70e7b9-zona-do-euro-jpg.webp","width":1920,"height":1280,"caption":"O PIB da zona do euro avan\u00e7ou 12,7% no terceiro trimestre, em compara\u00e7\u00e3o com os tr\u00eas meses anteriores."},{"@type":"BreadcrumbList","@id":"https:\/\/www.suno.com.br\/noticias\/coronavirus-atividade-de-servicos-na-zona-do-euro-cai\/#breadcrumb","itemListElement":[{"@type":"ListItem","position":1,"name":"Not\u00edcias","item":"https:\/\/www.suno.com.br\/noticias\/"},{"@type":"ListItem","position":2,"name":"Internacional","item":"https:\/\/www.suno.com.br\/noticias\/internacional\/"},{"@type":"ListItem","position":3,"name":"Coronav\u00edrus: atividade de servi\u00e7os na zona do euro cai \u00e0 m\u00ednima hist\u00f3rica"}]},{"@type":"WebSite","@id":"https:\/\/www.suno.com.br\/noticias\/#website","url":"https:\/\/www.suno.com.br\/noticias\/","name":"Suno Not\u00edcias","description":"Seu portal de informa\u00e7\u00e3o sobre o mundo dos investimentos","publisher":{"@id":"https:\/\/www.suno.com.br\/noticias\/#organization"},"potentialAction":[{"@type":"SearchAction","target":{"@type":"EntryPoint","urlTemplate":"https:\/\/www.suno.com.br\/noticias\/?s={search_term_string}"},"query-input":{"@type":"PropertyValueSpecification","valueRequired":true,"valueName":"search_term_string"}}],"inLanguage":"pt-BR"},{"@type":"Organization","@id":"https:\/\/www.suno.com.br\/noticias\/#organization","name":"Suno Not\u00edcias","url":"https:\/\/www.suno.com.br\/noticias\/","logo":{"@type":"ImageObject","inLanguage":"pt-BR","@id":"https:\/\/www.suno.com.br\/noticias\/#\/schema\/logo\/image\/","url":"https:\/\/files.sunoresearch.com.br\/n\/uploads\/2021\/09\/suno-logo.png","contentUrl":"https:\/\/files.sunoresearch.com.br\/n\/uploads\/2021\/09\/suno-logo.png","width":180,"height":180,"caption":"Suno Not\u00edcias"},"image":{"@id":"https:\/\/www.suno.com.br\/noticias\/#\/schema\/logo\/image\/"},"sameAs":["https:\/\/facebook.com\/sunoresearch","https:\/\/x.com\/sunoresearch","https:\/\/www.instagram.com\/suno","https:\/\/www.linkedin.com\/company\/suno-research\/","https:\/\/www.youtube.com\/c\/sunoresearch"]},{"@type":"Person","@id":"https:\/\/www.suno.com.br\/noticias\/#\/schema\/person\/918d79de1f0281f01599b93f9ea6e23f","name":"Jader Lazarini","image":{"@type":"ImageObject","inLanguage":"pt-BR","@id":"https:\/\/www.suno.com.br\/noticias\/#\/schema\/person\/image\/","url":"https:\/\/secure.gravatar.com\/avatar\/3c1ad8caa51589841baeb923fcddea97?s=96&r=g","contentUrl":"https:\/\/secure.gravatar.com\/avatar\/3c1ad8caa51589841baeb923fcddea97?s=96&r=g","caption":"Jader Lazarini"},"description":"Jader Lazarini escreve sobre investimentos, finan\u00e7as, economia e neg\u00f3cios. \u00c9 bacharel em Rela\u00e7\u00f5es Internacionais e analista CNPI (2619).","url":"https:\/\/www.suno.com.br\/noticias\/author\/jader-lazarini\/"}]}},"default_loop_html":"<div class=\"cardsPage__listCard__boxs\"><div class=\"cardsPage__listCard__boxs__img\"><a href=\"https:\/\/www.suno.com.br\/noticias\/coronavirus-atividade-de-servicos-na-zona-do-euro-cai\/\"><img class=\"mask\" src=\"https:\/\/www.suno.com.br\/noticias\/wp-content\/themes\/suno\/resources\/images\/spotlight\/spotlight1img\/bg-mask.png\" alt=\"Image Mask\"\/><img src=\"https:\/\/files.sunoresearch.com.br\/n\/uploads\/2020\/04\/cf70e7b9-zona-do-euro-400x200.webp\" alt=\"Coronav\u00edrus: atividade de servi\u00e7os na zona do euro cai \u00e0 m\u00ednima hist\u00f3rica\"\/><\/a><span class=\"spotlightCategory\"><a href=\"https:\/\/www.suno.com.br\/noticias\/internacional\/\">Internacional<\/a><\/span><\/div><div class=\"cardsPage__listCard__boxs__content\"><a href=\"https:\/\/www.suno.com.br\/noticias\/coronavirus-atividade-de-servicos-na-zona-do-euro-cai\/\"><h2 class=\"content__title\">Coronav\u00edrus: atividade de servi\u00e7os na zona do euro cai \u00e0 m\u00ednima hist\u00f3rica<\/h2><\/a><div class=\"newsContent__article__meta\"><div class=\"newsContent__article__meta__authorBox\"><a href=\"https:\/\/www.suno.com.br\/noticias\/author\/jader-lazarini\/\" class=\"authorBox__avatar noMobi\"><img src=\"https:\/\/files.sunoresearch.com.br\/n\/uploads\/2021\/01\/178e6598-foto-perfil-2-150x150.jpg\" alt=\"Jader Lazarini\"><\/a><div class=\"authorBox__name\"><span>por\n\t\t\t<a href=\"https:\/\/www.suno.com.br\/noticias\/author\/jader-lazarini\/\"><span itemprop=\"author\">Jader Lazarini<\/span><\/a><\/span><time datetime=\"2020-04-03T10:58:23-03:00\" itemprop=\"datePublished\">03\/04\/2020 10:58<\/time><\/div><\/div><\/div><\/div><\/div>","single_layout":"posts","amp_enabled":true,"_links":{"self":[{"href":"https:\/\/www.suno.com.br\/noticias\/wp-json\/wp\/v2\/posts\/60308"}],"collection":[{"href":"https:\/\/www.suno.com.br\/noticias\/wp-json\/wp\/v2\/posts"}],"about":[{"href":"https:\/\/www.suno.com.br\/noticias\/wp-json\/wp\/v2\/types\/post"}],"author":[{"embeddable":true,"href":"https:\/\/www.suno.com.br\/noticias\/wp-json\/wp\/v2\/users\/24"}],"replies":[{"embeddable":true,"href":"https:\/\/www.suno.com.br\/noticias\/wp-json\/wp\/v2\/comments?post=60308"}],"version-history":[{"count":0,"href":"https:\/\/www.suno.com.br\/noticias\/wp-json\/wp\/v2\/posts\/60308\/revisions"}],"wp:featuredmedia":[{"embeddable":true,"href":"https:\/\/www.suno.com.br\/noticias\/wp-json\/wp\/v2\/media\/60310"}],"wp:attachment":[{"href":"https:\/\/www.suno.com.br\/noticias\/wp-json\/wp\/v2\/media?parent=60308"}],"wp:term":[{"taxonomy":"category","embeddable":true,"href":"https:\/\/www.suno.com.br\/noticias\/wp-json\/wp\/v2\/categories?post=60308"},{"taxonomy":"post_tag","embeddable":true,"href":"https:\/\/www.suno.com.br\/noticias\/wp-json\/wp\/v2\/tags?post=60308"},{"taxonomy":"suno_strategy","embeddable":true,"href":"https:\/\/www.suno.com.br\/noticias\/wp-json\/wp\/v2\/suno_strategy?post=60308"}],"curies":[{"name":"wp","href":"https:\/\/api.w.org\/{rel}","templated":true}]}}