{"id":60286,"date":"2020-04-03T09:00:00","date_gmt":"2020-04-03T12:00:00","guid":{"rendered":"https:\/\/www.suno.com.br\/noticias\/?p=60286"},"modified":"2020-04-03T09:00:00","modified_gmt":"2020-04-03T12:00:00","slug":"indices-futuros-de-ny-e-bolsas-europeias-operam-em-queda-nesta-sexta","status":"publish","type":"post","link":"https:\/\/www.suno.com.br\/noticias\/indices-futuros-de-ny-e-bolsas-europeias-operam-em-queda-nesta-sexta\/","title":{"rendered":"\u00cdndices futuros de NY e bolsas europeias operam em queda nesta sexta"},"content":{"rendered":"<p>Os <strong>mercados internacionais<\/strong> operam de forma distinta nesta sexta-feira (3). Os<strong> \u00edndices futuros de Nova York<\/strong> operam em queda, assim como abrem as <strong>bolsas europeias<\/strong>, por\u00e9m, diferente de como encerram as <strong>asi\u00e1ticas<\/strong>.<\/p>\t<div class=\"wrapper-featured-image\">\n\t\t<figure class=\"spotlightImg\">\n\n\t\t\t<picture>\n\t\t\t\t<source media=\"(max-width: 768px)\" srcset=\"https:\/\/files.sunoresearch.com.br\/n\/uploads\/2020\/03\/f5fa6b53-stock-exchange-3972316_960_720-400x200.webp\">\n\t\t\t\t<img loading=\"lazy\" decoding=\"async\" class=\"newsContent__article__imgCapa lazyloadDisabled newsContent__article__imgCapa--noCaption\" src=\"https:\/\/files.sunoresearch.com.br\/n\/uploads\/2020\/03\/f5fa6b53-stock-exchange-3972316_960_720-800x450.webp\" width=\"800\" height=\"450\" alt=\"\u00cdndices futuros de NY e bolsas europeias operam em queda nesta sexta\" fetchpriority=high \/>\n\t\t\t<\/picture>\n\n\t\t\t<figcaption class=\"wp-caption-text wp-caption-text--hide\">futuros<\/figcaption>\n\t\t<\/figure>\n\t<\/div>\n\n\n\n<p>Por volta das 7h10, os \u00edndices norte-americanos apresentavam queda. O futuro Dow Jones registrava queda de 1,36% e o<a href=\"https:\/\/www.suno.com.br\/artigos\/vix\/\"> S&amp;P500<\/a> futuro ca\u00eda 1,29%. Por sua vez, a Nasdaq operava a -1,29%.<\/p>\n<p>Os indicadores acion\u00e1rios globais est\u00e3o esperando a divulga\u00e7\u00e3o do relat\u00f3rio de empregos dos Estados Unidos, que ser\u00e1 divulgado nesta sexta-feira \u00e0s 9h30. Na \u00faltima quinta-feira (2), o Departamento do Trabalho dos EUA apresentou que 6,6 milh\u00f5es de empregos foram eliminados devido ao impacto da<a href=\"https:\/\/www.suno.com.br\/noticias\/coronavirus\/\"> pandemia do novo coronav\u00edrus (covid-19)<\/a>.<\/p>\n\t<p>\n\t\t<a href=\"https:\/\/lp.suno.com.br\/ao\/cadastro-whatsapp\/\" target=\"_blank\" data-element=\"shortcode-suno-banner\" title=\"Banner SUNO, clique e saiba mais\">\n\t\t\t<picture>\n\t\t\t\t<source media=\"(max-width: 500px)\" srcset=\"https:\/\/files.sunoresearch.com.br\/n\/uploads\/2024\/03\/400x300-whatsapp-Suno.png\">\n\t\t\t\t<img class=\"newsContent__article__imgCapa newsContent__article__imgCapa--banner\"\n\t\t\t\t\tsrc=\"https:\/\/files.sunoresearch.com.br\/n\/uploads\/2024\/03\/1420x240-whatsapp-Suno.png\"\n\t\t\t\t\tdata-promo-id=\"101743\"\t\t\t\t\t\t\t\t\t\twidth='1420' height='240'\t\t\t\t\talt=\"https:\/\/files.sunoresearch.com.br\/n\/uploads\/2024\/03\/1420x240-whatsapp-Suno.png\"\n\t\t\t\t>\n\t\t\t<\/picture>\n\t\t<\/a>\n\t<\/p>\n\n\n<p>Na Europa, os \u00edndices das bolsas registravam queda. O Reino Unido operava em queda de 1,23% e Fran\u00e7a ca\u00eda 1,03%. Na It\u00e1lia a bolsa desvalorizava 1,18% e Alemanha queda de 0,46%.<\/p>\n<p>As bolsa europeias abriram em queda com a queda no \u00edndice de gerentes de compras (PMI) da zona do euro. O indicador caiu de 51,6 em fevereiro para a m\u00ednima hist\u00f3rica de 29,7 em mar\u00e7o, em meio aos efeitos da crise da pandemia da covid-19. A pesquisa foi divulgada na \u00faltima quinta pela IHS Markit.<\/p>\n<p><a href=\"https:\/\/www.suno.com.br\/nossas-assinaturas\/suno-premium\/\">Bolsa em queda livre!? Aproveita as maiores oportunidades da bolsa brasileira com nosso acesso Suno Premium<\/a><\/p>\n<p>Algumas bolsas asi\u00e1ticas encerraram em alta e outras em queda. A bolsa de Hong Kong encerrou o preg\u00e3o com uma desvaloriza\u00e7\u00e3o de 0,19% e a da Coreia do Sul com alta de 0,03%. Na China, o principal \u00edndice das a\u00e7\u00f5es das bolsas finalizou o dia em queda de 0,60%. A bolsa do Jap\u00e3o foi a \u00fanica que encerrou em alta de 0,01%.<\/p>\n<p>O Petr\u00f3leo WTI avan\u00e7ava 2,05%, sendo negociado a US$ 25,84o barril. Por sua vez, o Petr\u00f3leo Brent subia 5,88%, a US$ 31,60 o barril.<\/p>\n<p>O medo do <a href=\"https:\/\/www.youtube.com\/watch?v=nUaf1yjK7m0&amp;t=1s\">avan\u00e7o da pandemia<\/a> que assola o mundo preocupa os investidores, que procuram ativos livres de risco ou menos arriscados, como os t\u00edtulos p\u00fablicos norte-americanos e o d\u00f3lar. A moeda estadunidense apresenta forte valoriza\u00e7\u00e3o frente \u00e0s moedas emergentes, o que se reflete nos <strong>\u00edndices<\/strong> mundiais.<\/p>\n\n","protected":false},"excerpt":{"rendered":"<p>Os mercados internacionais operam de forma distinta nesta sexta-feira (3). Os \u00edndices futuros de Nova York operam em queda, assim como abrem as bolsas europeias, por\u00e9m, diferente de como encerram as asi\u00e1ticas. futuros Por volta das 7h10, os \u00edndices norte-americanos apresentavam queda. O futuro Dow Jones registrava queda de 1,36% e o S&amp;P500 futuro ca\u00eda [&hellip;]<\/p>\n","protected":false},"author":15,"featured_media":57745,"comment_status":"closed","ping_status":"closed","sticky":false,"template":"","format":"standard","meta":[],"categories":[60],"tags":[309,2204],"suno_strategy":[],"class_list":["post-60286","post","type-post","status-publish","format-standard","has-post-thumbnail","hentry","category-mercado","tag-bolsa-de-valores","tag-bolsa-de-valores-de-hong-kong"],"yoast_head":"<!-- This site is optimized with the Yoast SEO plugin v24.4 - https:\/\/yoast.com\/wordpress\/plugins\/seo\/ -->\n<title>\u00cdndices futuros de NY e bolsas europeias operam em queda<\/title>\n<meta name=\"description\" content=\"Os mercados internacionais operam de forma distinta nesta sexta-feira (3). Os \u00edndices futuros de Nova York operam em queda. Clique aqui\" \/>\n<meta name=\"robots\" content=\"index, follow, max-snippet:-1, max-image-preview:large, max-video-preview:-1\" \/>\n<link rel=\"canonical\" href=\"https:\/\/www.suno.com.br\/noticias\/indices-futuros-de-ny-e-bolsas-europeias-operam-em-queda-nesta-sexta\/\" \/>\n<meta property=\"og:locale\" content=\"pt_BR\" \/>\n<meta property=\"og:type\" content=\"article\" \/>\n<meta property=\"og:title\" content=\"\u00cdndices futuros de NY e bolsas europeias operam em queda\" \/>\n<meta property=\"og:description\" content=\"Os mercados internacionais operam de forma distinta nesta sexta-feira (3). Os \u00edndices futuros de Nova York operam em queda. Clique aqui\" \/>\n<meta property=\"og:url\" content=\"https:\/\/www.suno.com.br\/noticias\/indices-futuros-de-ny-e-bolsas-europeias-operam-em-queda-nesta-sexta\/\" \/>\n<meta property=\"og:site_name\" content=\"Suno Not\u00edcias\" \/>\n<meta property=\"article:publisher\" content=\"https:\/\/facebook.com\/sunoresearch\" \/>\n<meta property=\"og:image\" content=\"https:\/\/files.sunoresearch.com.br\/n\/uploads\/2020\/03\/f5fa6b53-stock-exchange-3972316_960_720.jpg\" \/>\n\t<meta property=\"og:image:width\" content=\"960\" \/>\n\t<meta property=\"og:image:height\" content=\"640\" \/>\n\t<meta property=\"og:image:type\" content=\"image\/jpeg\" \/>\n<meta name=\"author\" content=\"Poliana Santos\" \/>\n<meta name=\"twitter:card\" content=\"summary_large_image\" \/>\n<meta name=\"twitter:creator\" content=\"@sunoresearch\" \/>\n<meta name=\"twitter:site\" content=\"@sunoresearch\" \/>\n<meta name=\"twitter:label1\" content=\"Escrito por\" \/>\n\t<meta name=\"twitter:data1\" content=\"Poliana Santos\" \/>\n\t<meta name=\"twitter:label2\" content=\"Est. tempo de leitura\" \/>\n\t<meta name=\"twitter:data2\" content=\"2 minutos\" \/>\n<script type=\"application\/ld+json\" class=\"yoast-schema-graph\">{\"@context\":\"https:\/\/schema.org\",\"@graph\":[{\"@type\":\"NewsArticle\",\"@id\":\"https:\/\/www.suno.com.br\/noticias\/indices-futuros-de-ny-e-bolsas-europeias-operam-em-queda-nesta-sexta\/#article\",\"isPartOf\":{\"@id\":\"https:\/\/www.suno.com.br\/noticias\/indices-futuros-de-ny-e-bolsas-europeias-operam-em-queda-nesta-sexta\/\"},\"author\":{\"name\":\"Poliana Santos\",\"@id\":\"https:\/\/www.suno.com.br\/noticias\/#\/schema\/person\/02ec1f752758247878a2bf4abee1aeda\"},\"headline\":\"\u00cdndices futuros de NY e bolsas europeias operam em queda nesta sexta\",\"datePublished\":\"2020-04-03T12:00:00+00:00\",\"mainEntityOfPage\":{\"@id\":\"https:\/\/www.suno.com.br\/noticias\/indices-futuros-de-ny-e-bolsas-europeias-operam-em-queda-nesta-sexta\/\"},\"wordCount\":382,\"publisher\":{\"@id\":\"https:\/\/www.suno.com.br\/noticias\/#organization\"},\"image\":{\"@id\":\"https:\/\/www.suno.com.br\/noticias\/indices-futuros-de-ny-e-bolsas-europeias-operam-em-queda-nesta-sexta\/#primaryimage\"},\"thumbnailUrl\":\"https:\/\/files.sunoresearch.com.br\/n\/uploads\/2020\/03\/f5fa6b53-stock-exchange-3972316_960_720-jpg.webp\",\"keywords\":[\"Bolsa de Valores\",\"Bolsa de Valores de Hong Kong\"],\"articleSection\":[\"Mercado\"],\"inLanguage\":\"pt-BR\"},{\"@type\":\"WebPage\",\"@id\":\"https:\/\/www.suno.com.br\/noticias\/indices-futuros-de-ny-e-bolsas-europeias-operam-em-queda-nesta-sexta\/\",\"url\":\"https:\/\/www.suno.com.br\/noticias\/indices-futuros-de-ny-e-bolsas-europeias-operam-em-queda-nesta-sexta\/\",\"name\":\"\u00cdndices futuros de NY e bolsas europeias operam em queda\",\"isPartOf\":{\"@id\":\"https:\/\/www.suno.com.br\/noticias\/#website\"},\"primaryImageOfPage\":{\"@id\":\"https:\/\/www.suno.com.br\/noticias\/indices-futuros-de-ny-e-bolsas-europeias-operam-em-queda-nesta-sexta\/#primaryimage\"},\"image\":{\"@id\":\"https:\/\/www.suno.com.br\/noticias\/indices-futuros-de-ny-e-bolsas-europeias-operam-em-queda-nesta-sexta\/#primaryimage\"},\"thumbnailUrl\":\"https:\/\/files.sunoresearch.com.br\/n\/uploads\/2020\/03\/f5fa6b53-stock-exchange-3972316_960_720-jpg.webp\",\"datePublished\":\"2020-04-03T12:00:00+00:00\",\"description\":\"Os mercados internacionais operam de forma distinta nesta sexta-feira (3). Os \u00edndices futuros de Nova York operam em queda. Clique aqui\",\"breadcrumb\":{\"@id\":\"https:\/\/www.suno.com.br\/noticias\/indices-futuros-de-ny-e-bolsas-europeias-operam-em-queda-nesta-sexta\/#breadcrumb\"},\"inLanguage\":\"pt-BR\",\"potentialAction\":[{\"@type\":\"ReadAction\",\"target\":[\"https:\/\/www.suno.com.br\/noticias\/indices-futuros-de-ny-e-bolsas-europeias-operam-em-queda-nesta-sexta\/\"]}]},{\"@type\":\"ImageObject\",\"inLanguage\":\"pt-BR\",\"@id\":\"https:\/\/www.suno.com.br\/noticias\/indices-futuros-de-ny-e-bolsas-europeias-operam-em-queda-nesta-sexta\/#primaryimage\",\"url\":\"https:\/\/files.sunoresearch.com.br\/n\/uploads\/2020\/03\/f5fa6b53-stock-exchange-3972316_960_720-jpg.webp\",\"contentUrl\":\"https:\/\/files.sunoresearch.com.br\/n\/uploads\/2020\/03\/f5fa6b53-stock-exchange-3972316_960_720-jpg.webp\",\"width\":960,\"height\":640,\"caption\":\"futuros\"},{\"@type\":\"BreadcrumbList\",\"@id\":\"https:\/\/www.suno.com.br\/noticias\/indices-futuros-de-ny-e-bolsas-europeias-operam-em-queda-nesta-sexta\/#breadcrumb\",\"itemListElement\":[{\"@type\":\"ListItem\",\"position\":1,\"name\":\"Not\u00edcias\",\"item\":\"https:\/\/www.suno.com.br\/noticias\/\"},{\"@type\":\"ListItem\",\"position\":2,\"name\":\"Mercado\",\"item\":\"https:\/\/www.suno.com.br\/noticias\/mercado\/\"},{\"@type\":\"ListItem\",\"position\":3,\"name\":\"\u00cdndices futuros de NY e bolsas europeias operam em queda nesta sexta\"}]},{\"@type\":\"WebSite\",\"@id\":\"https:\/\/www.suno.com.br\/noticias\/#website\",\"url\":\"https:\/\/www.suno.com.br\/noticias\/\",\"name\":\"Suno Not\u00edcias\",\"description\":\"Seu portal de informa\u00e7\u00e3o sobre o mundo dos investimentos\",\"publisher\":{\"@id\":\"https:\/\/www.suno.com.br\/noticias\/#organization\"},\"potentialAction\":[{\"@type\":\"SearchAction\",\"target\":{\"@type\":\"EntryPoint\",\"urlTemplate\":\"https:\/\/www.suno.com.br\/noticias\/?s={search_term_string}\"},\"query-input\":{\"@type\":\"PropertyValueSpecification\",\"valueRequired\":true,\"valueName\":\"search_term_string\"}}],\"inLanguage\":\"pt-BR\"},{\"@type\":\"Organization\",\"@id\":\"https:\/\/www.suno.com.br\/noticias\/#organization\",\"name\":\"Suno Not\u00edcias\",\"url\":\"https:\/\/www.suno.com.br\/noticias\/\",\"logo\":{\"@type\":\"ImageObject\",\"inLanguage\":\"pt-BR\",\"@id\":\"https:\/\/www.suno.com.br\/noticias\/#\/schema\/logo\/image\/\",\"url\":\"https:\/\/files.sunoresearch.com.br\/n\/uploads\/2021\/09\/suno-logo.png\",\"contentUrl\":\"https:\/\/files.sunoresearch.com.br\/n\/uploads\/2021\/09\/suno-logo.png\",\"width\":180,\"height\":180,\"caption\":\"Suno Not\u00edcias\"},\"image\":{\"@id\":\"https:\/\/www.suno.com.br\/noticias\/#\/schema\/logo\/image\/\"},\"sameAs\":[\"https:\/\/facebook.com\/sunoresearch\",\"https:\/\/x.com\/sunoresearch\",\"https:\/\/www.instagram.com\/suno\",\"https:\/\/www.linkedin.com\/company\/suno-research\/\",\"https:\/\/www.youtube.com\/c\/sunoresearch\"]},{\"@type\":\"Person\",\"@id\":\"https:\/\/www.suno.com.br\/noticias\/#\/schema\/person\/02ec1f752758247878a2bf4abee1aeda\",\"name\":\"Poliana Santos\",\"image\":{\"@type\":\"ImageObject\",\"inLanguage\":\"pt-BR\",\"@id\":\"https:\/\/www.suno.com.br\/noticias\/#\/schema\/person\/image\/\",\"url\":\"https:\/\/secure.gravatar.com\/avatar\/0645bd32f23d87b2130f2b2dff1d3f8d?s=96&r=g\",\"contentUrl\":\"https:\/\/secure.gravatar.com\/avatar\/0645bd32f23d87b2130f2b2dff1d3f8d?s=96&r=g\",\"caption\":\"Poliana Santos\"},\"description\":\"Rep\u00f3rter no Suno Not\u00edcias, com cobertura em mercado financeiro, economia, finan\u00e7as pessoais, renda fixa e varejo. Jornalista formada pela Faculdade C\u00e1sper L\u00edbero e possui passagem na R\u00e1dio Gazeta AM com a produ\u00e7\u00e3o de conte\u00fado sobre economia, pol\u00edtica, sa\u00fade, moda e m\u00fasica. Possui certificado de conclus\u00e3o do curso de An\u00e1lise de Balan\u00e7os pela Funda\u00e7\u00e3o Bradesco, Agenda Brasil pela FAAP, Educa\u00e7\u00e3o Pol\u00edtica por Alexandre Garcia e do Tesouro Direto e Mercado de A\u00e7\u00f5es pela B3.\",\"url\":\"https:\/\/www.suno.com.br\/noticias\/author\/poliana-santos\/\"}]}<\/script>\n<!-- \/ Yoast SEO plugin. -->","yoast_head_json":{"title":"\u00cdndices futuros de NY e bolsas europeias operam em queda","description":"Os mercados internacionais operam de forma distinta nesta sexta-feira (3). Os \u00edndices futuros de Nova York operam em queda. Clique aqui","robots":{"index":"index","follow":"follow","max-snippet":"max-snippet:-1","max-image-preview":"max-image-preview:large","max-video-preview":"max-video-preview:-1"},"canonical":"https:\/\/www.suno.com.br\/noticias\/indices-futuros-de-ny-e-bolsas-europeias-operam-em-queda-nesta-sexta\/","og_locale":"pt_BR","og_type":"article","og_title":"\u00cdndices futuros de NY e bolsas europeias operam em queda","og_description":"Os mercados internacionais operam de forma distinta nesta sexta-feira (3). Os \u00edndices futuros de Nova York operam em queda. Clique aqui","og_url":"https:\/\/www.suno.com.br\/noticias\/indices-futuros-de-ny-e-bolsas-europeias-operam-em-queda-nesta-sexta\/","og_site_name":"Suno Not\u00edcias","article_publisher":"https:\/\/facebook.com\/sunoresearch","og_image":[{"width":960,"height":640,"url":"https:\/\/files.sunoresearch.com.br\/n\/uploads\/2020\/03\/f5fa6b53-stock-exchange-3972316_960_720.jpg","type":"image\/jpeg"}],"author":"Poliana Santos","twitter_card":"summary_large_image","twitter_creator":"@sunoresearch","twitter_site":"@sunoresearch","twitter_misc":{"Escrito por":"Poliana Santos","Est. tempo de leitura":"2 minutos"},"schema":{"@context":"https:\/\/schema.org","@graph":[{"@type":"NewsArticle","@id":"https:\/\/www.suno.com.br\/noticias\/indices-futuros-de-ny-e-bolsas-europeias-operam-em-queda-nesta-sexta\/#article","isPartOf":{"@id":"https:\/\/www.suno.com.br\/noticias\/indices-futuros-de-ny-e-bolsas-europeias-operam-em-queda-nesta-sexta\/"},"author":{"name":"Poliana Santos","@id":"https:\/\/www.suno.com.br\/noticias\/#\/schema\/person\/02ec1f752758247878a2bf4abee1aeda"},"headline":"\u00cdndices futuros de NY e bolsas europeias operam em queda nesta sexta","datePublished":"2020-04-03T12:00:00+00:00","mainEntityOfPage":{"@id":"https:\/\/www.suno.com.br\/noticias\/indices-futuros-de-ny-e-bolsas-europeias-operam-em-queda-nesta-sexta\/"},"wordCount":382,"publisher":{"@id":"https:\/\/www.suno.com.br\/noticias\/#organization"},"image":{"@id":"https:\/\/www.suno.com.br\/noticias\/indices-futuros-de-ny-e-bolsas-europeias-operam-em-queda-nesta-sexta\/#primaryimage"},"thumbnailUrl":"https:\/\/files.sunoresearch.com.br\/n\/uploads\/2020\/03\/f5fa6b53-stock-exchange-3972316_960_720-jpg.webp","keywords":["Bolsa de Valores","Bolsa de Valores de Hong Kong"],"articleSection":["Mercado"],"inLanguage":"pt-BR"},{"@type":"WebPage","@id":"https:\/\/www.suno.com.br\/noticias\/indices-futuros-de-ny-e-bolsas-europeias-operam-em-queda-nesta-sexta\/","url":"https:\/\/www.suno.com.br\/noticias\/indices-futuros-de-ny-e-bolsas-europeias-operam-em-queda-nesta-sexta\/","name":"\u00cdndices futuros de NY e bolsas europeias operam em queda","isPartOf":{"@id":"https:\/\/www.suno.com.br\/noticias\/#website"},"primaryImageOfPage":{"@id":"https:\/\/www.suno.com.br\/noticias\/indices-futuros-de-ny-e-bolsas-europeias-operam-em-queda-nesta-sexta\/#primaryimage"},"image":{"@id":"https:\/\/www.suno.com.br\/noticias\/indices-futuros-de-ny-e-bolsas-europeias-operam-em-queda-nesta-sexta\/#primaryimage"},"thumbnailUrl":"https:\/\/files.sunoresearch.com.br\/n\/uploads\/2020\/03\/f5fa6b53-stock-exchange-3972316_960_720-jpg.webp","datePublished":"2020-04-03T12:00:00+00:00","description":"Os mercados internacionais operam de forma distinta nesta sexta-feira (3). Os \u00edndices futuros de Nova York operam em queda. Clique aqui","breadcrumb":{"@id":"https:\/\/www.suno.com.br\/noticias\/indices-futuros-de-ny-e-bolsas-europeias-operam-em-queda-nesta-sexta\/#breadcrumb"},"inLanguage":"pt-BR","potentialAction":[{"@type":"ReadAction","target":["https:\/\/www.suno.com.br\/noticias\/indices-futuros-de-ny-e-bolsas-europeias-operam-em-queda-nesta-sexta\/"]}]},{"@type":"ImageObject","inLanguage":"pt-BR","@id":"https:\/\/www.suno.com.br\/noticias\/indices-futuros-de-ny-e-bolsas-europeias-operam-em-queda-nesta-sexta\/#primaryimage","url":"https:\/\/files.sunoresearch.com.br\/n\/uploads\/2020\/03\/f5fa6b53-stock-exchange-3972316_960_720-jpg.webp","contentUrl":"https:\/\/files.sunoresearch.com.br\/n\/uploads\/2020\/03\/f5fa6b53-stock-exchange-3972316_960_720-jpg.webp","width":960,"height":640,"caption":"futuros"},{"@type":"BreadcrumbList","@id":"https:\/\/www.suno.com.br\/noticias\/indices-futuros-de-ny-e-bolsas-europeias-operam-em-queda-nesta-sexta\/#breadcrumb","itemListElement":[{"@type":"ListItem","position":1,"name":"Not\u00edcias","item":"https:\/\/www.suno.com.br\/noticias\/"},{"@type":"ListItem","position":2,"name":"Mercado","item":"https:\/\/www.suno.com.br\/noticias\/mercado\/"},{"@type":"ListItem","position":3,"name":"\u00cdndices futuros de NY e bolsas europeias operam em queda nesta sexta"}]},{"@type":"WebSite","@id":"https:\/\/www.suno.com.br\/noticias\/#website","url":"https:\/\/www.suno.com.br\/noticias\/","name":"Suno Not\u00edcias","description":"Seu portal de informa\u00e7\u00e3o sobre o mundo dos investimentos","publisher":{"@id":"https:\/\/www.suno.com.br\/noticias\/#organization"},"potentialAction":[{"@type":"SearchAction","target":{"@type":"EntryPoint","urlTemplate":"https:\/\/www.suno.com.br\/noticias\/?s={search_term_string}"},"query-input":{"@type":"PropertyValueSpecification","valueRequired":true,"valueName":"search_term_string"}}],"inLanguage":"pt-BR"},{"@type":"Organization","@id":"https:\/\/www.suno.com.br\/noticias\/#organization","name":"Suno Not\u00edcias","url":"https:\/\/www.suno.com.br\/noticias\/","logo":{"@type":"ImageObject","inLanguage":"pt-BR","@id":"https:\/\/www.suno.com.br\/noticias\/#\/schema\/logo\/image\/","url":"https:\/\/files.sunoresearch.com.br\/n\/uploads\/2021\/09\/suno-logo.png","contentUrl":"https:\/\/files.sunoresearch.com.br\/n\/uploads\/2021\/09\/suno-logo.png","width":180,"height":180,"caption":"Suno Not\u00edcias"},"image":{"@id":"https:\/\/www.suno.com.br\/noticias\/#\/schema\/logo\/image\/"},"sameAs":["https:\/\/facebook.com\/sunoresearch","https:\/\/x.com\/sunoresearch","https:\/\/www.instagram.com\/suno","https:\/\/www.linkedin.com\/company\/suno-research\/","https:\/\/www.youtube.com\/c\/sunoresearch"]},{"@type":"Person","@id":"https:\/\/www.suno.com.br\/noticias\/#\/schema\/person\/02ec1f752758247878a2bf4abee1aeda","name":"Poliana Santos","image":{"@type":"ImageObject","inLanguage":"pt-BR","@id":"https:\/\/www.suno.com.br\/noticias\/#\/schema\/person\/image\/","url":"https:\/\/secure.gravatar.com\/avatar\/0645bd32f23d87b2130f2b2dff1d3f8d?s=96&r=g","contentUrl":"https:\/\/secure.gravatar.com\/avatar\/0645bd32f23d87b2130f2b2dff1d3f8d?s=96&r=g","caption":"Poliana Santos"},"description":"Rep\u00f3rter no Suno Not\u00edcias, com cobertura em mercado financeiro, economia, finan\u00e7as pessoais, renda fixa e varejo. Jornalista formada pela Faculdade C\u00e1sper L\u00edbero e possui passagem na R\u00e1dio Gazeta AM com a produ\u00e7\u00e3o de conte\u00fado sobre economia, pol\u00edtica, sa\u00fade, moda e m\u00fasica. Possui certificado de conclus\u00e3o do curso de An\u00e1lise de Balan\u00e7os pela Funda\u00e7\u00e3o Bradesco, Agenda Brasil pela FAAP, Educa\u00e7\u00e3o Pol\u00edtica por Alexandre Garcia e do Tesouro Direto e Mercado de A\u00e7\u00f5es pela B3.","url":"https:\/\/www.suno.com.br\/noticias\/author\/poliana-santos\/"}]}},"default_loop_html":"<div class=\"cardsPage__listCard__boxs\"><div class=\"cardsPage__listCard__boxs__img\"><a href=\"https:\/\/www.suno.com.br\/noticias\/indices-futuros-de-ny-e-bolsas-europeias-operam-em-queda-nesta-sexta\/\"><img class=\"mask\" src=\"https:\/\/www.suno.com.br\/noticias\/wp-content\/themes\/suno\/resources\/images\/spotlight\/spotlight1img\/bg-mask.png\" alt=\"Image Mask\"\/><img src=\"https:\/\/files.sunoresearch.com.br\/n\/uploads\/2020\/03\/f5fa6b53-stock-exchange-3972316_960_720-400x200.webp\" alt=\"\u00cdndices futuros de NY e bolsas europeias operam em queda nesta sexta\"\/><\/a><span class=\"spotlightCategory\"><a href=\"https:\/\/www.suno.com.br\/noticias\/mercado\/\">Mercado<\/a><\/span><\/div><div class=\"cardsPage__listCard__boxs__content\"><a href=\"https:\/\/www.suno.com.br\/noticias\/indices-futuros-de-ny-e-bolsas-europeias-operam-em-queda-nesta-sexta\/\"><h2 class=\"content__title\">\u00cdndices futuros de NY e bolsas europeias operam em queda nesta sexta<\/h2><\/a><div class=\"newsContent__article__meta\"><div class=\"newsContent__article__meta__authorBox\"><a href=\"https:\/\/www.suno.com.br\/noticias\/author\/poliana-santos\/\" class=\"authorBox__avatar noMobi\"><img src=\"https:\/\/files.sunoresearch.com.br\/n\/uploads\/2020\/08\/7ef34026-whatsapp-image-2020-08-03-at-12.37.57-150x150.webp\" alt=\"Poliana Santos\"><\/a><div class=\"authorBox__name\"><span>por\n\t\t\t<a href=\"https:\/\/www.suno.com.br\/noticias\/author\/poliana-santos\/\"><span itemprop=\"author\">Poliana Santos<\/span><\/a><\/span><time datetime=\"2020-04-03T09:00:00-03:00\" itemprop=\"datePublished\">03\/04\/2020 09:00<\/time><\/div><\/div><\/div><\/div><\/div>","single_layout":"posts","amp_enabled":true,"_links":{"self":[{"href":"https:\/\/www.suno.com.br\/noticias\/wp-json\/wp\/v2\/posts\/60286"}],"collection":[{"href":"https:\/\/www.suno.com.br\/noticias\/wp-json\/wp\/v2\/posts"}],"about":[{"href":"https:\/\/www.suno.com.br\/noticias\/wp-json\/wp\/v2\/types\/post"}],"author":[{"embeddable":true,"href":"https:\/\/www.suno.com.br\/noticias\/wp-json\/wp\/v2\/users\/15"}],"replies":[{"embeddable":true,"href":"https:\/\/www.suno.com.br\/noticias\/wp-json\/wp\/v2\/comments?post=60286"}],"version-history":[{"count":0,"href":"https:\/\/www.suno.com.br\/noticias\/wp-json\/wp\/v2\/posts\/60286\/revisions"}],"wp:featuredmedia":[{"embeddable":true,"href":"https:\/\/www.suno.com.br\/noticias\/wp-json\/wp\/v2\/media\/57745"}],"wp:attachment":[{"href":"https:\/\/www.suno.com.br\/noticias\/wp-json\/wp\/v2\/media?parent=60286"}],"wp:term":[{"taxonomy":"category","embeddable":true,"href":"https:\/\/www.suno.com.br\/noticias\/wp-json\/wp\/v2\/categories?post=60286"},{"taxonomy":"post_tag","embeddable":true,"href":"https:\/\/www.suno.com.br\/noticias\/wp-json\/wp\/v2\/tags?post=60286"},{"taxonomy":"suno_strategy","embeddable":true,"href":"https:\/\/www.suno.com.br\/noticias\/wp-json\/wp\/v2\/suno_strategy?post=60286"}],"curies":[{"name":"wp","href":"https:\/\/api.w.org\/{rel}","templated":true}]}}