{"id":602238,"date":"2025-04-21T17:00:17","date_gmt":"2025-04-21T20:00:17","guid":{"rendered":"https:\/\/www.suno.com.br\/noticias\/?p=602238"},"modified":"2025-04-21T17:00:21","modified_gmt":"2025-04-21T20:00:21","slug":"trump-cortes-hueros-fed-powell","status":"publish","type":"post","link":"https:\/\/www.suno.com.br\/noticias\/trump-cortes-hueros-fed-powell\/","title":{"rendered":"Trump volta a pedir cortes de juros pelo Fed e acusa Powell de favoritismo pol\u00edtico"},"content":{"rendered":"<p>O presidente dos Estados Unidos, Donald <strong>Trump<\/strong>, voltou a pedir cortes nas taxas de juros pelo <a class=\"suno-keyword\" target=\"_blank\" data-force=\"no\" data-priority=\"2\" href=\"https:\/\/www.suno.com.br\/artigos\/fed\/\" rel=\"noopener\">Federal Reserve (Fed)<\/a> e a atacar a postura de Jerome Powell na presid\u00eancia do BC norte-americano, acusando-o de favoritismo pol\u00edtico sobre a gest\u00e3o anterior, do ex-presidente Joe Biden. <\/p>\t<div class=\"wrapper-featured-image\">\n\t\t<figure class=\"spotlightImg\">\n\n\t\t\t<picture>\n\t\t\t\t<source media=\"(max-width: 768px)\" srcset=\"https:\/\/files.sunoresearch.com.br\/n\/uploads\/2025\/04\/Trump-evento-republicanos-400x200.webp\">\n\t\t\t\t<img loading=\"lazy\" decoding=\"async\" class=\"newsContent__article__imgCapa lazyloadDisabled \" src=\"https:\/\/files.sunoresearch.com.br\/n\/uploads\/2025\/04\/Trump-evento-republicanos-800x450.webp\" width=\"800\" height=\"450\" alt=\"Trump volta a pedir cortes de juros pelo Fed e acusa Powell de favoritismo pol\u00edtico\" fetchpriority=high \/>\n\t\t\t<\/picture>\n\n\t\t\t<figcaption class=\"wp-caption-text wp-caption-text--show\">Aumento de 50% nas tarifas sobre exporta\u00e7\u00f5es do Brasil para os EUA, com isen\u00e7\u00f5es para itens essenciais. Foto: Casa Branca<\/figcaption>\n\t\t<\/figure>\n\t<\/div>\n\n\n\n\n\n\t<p>\n\t\t<a href=\"https:\/\/lp.suno.com.br\/planilha-da-vida-financeira\/\" target=\"_blank\" data-element=\"shortcode-suno-banner\" title=\"Banner SUNO, clique e saiba mais\">\n\t\t\t<picture>\n\t\t\t\t<source media=\"(max-width: 500px)\" srcset=\"https:\/\/files.sunoresearch.com.br\/n\/uploads\/2023\/04\/400x300-Planilha-vida-financeira-true.png\">\n\t\t\t\t<img class=\"newsContent__article__imgCapa newsContent__article__imgCapa--banner\"\n\t\t\t\t\tsrc=\"https:\/\/files.sunoresearch.com.br\/n\/uploads\/2023\/04\/1420x240-Planilha-vida-financeira-true.png\"\n\t\t\t\t\tdata-promo-id=\"383123\"\t\t\t\t\t\t\t\t\t\twidth='1420' height='240'\t\t\t\t\talt=\"https:\/\/files.sunoresearch.com.br\/n\/uploads\/2023\/04\/1420x240-Planilha-vida-financeira-true.png\"\n\t\t\t\t>\n\t\t\t<\/picture>\n\t\t<\/a>\n\t<\/p>\n\n\n\n\n\n<p>Trump retomou argumento de que &#8220;praticamente n\u00e3o h\u00e1 infla\u00e7\u00e3o&#8221; no pa\u00eds, em publica\u00e7\u00e3o divulgada na manh\u00e3 desta segunda-feira (21) em postagem na rede Truth Social. <\/p>\n\n\n\n<p>&#8220;Muitos est\u00e3o pedindo por &#8216;cortes preventivos&#8217; nas taxas de juros&#8221;, escreveu o republicano, sem detalhar a quem se referia. &#8220;Powell est\u00e1 sempre &#8216;atrasado demais&#8217;, exceto no per\u00edodo de elei\u00e7\u00f5es, quando baixou juros para ajudar o sonolento Joe Biden, e depois Kamala [Harris]. E no que deu isso?&#8221;<\/p>\n\n\n\n<p>Trump defendeu que os pre\u00e7os e custos &#8220;da maior parte das coisas&#8221; nos EUA est\u00e3o em uma &#8220;boa trajet\u00f3ria de queda&#8221;, como ele &#8220;previu que aconteceria&#8221;, incluindo nos setores de energia e alimentos. <\/p>\n\n\n\n<p>&#8220;Mas pode ocorrer uma desacelera\u00e7\u00e3o da economia, a menos que o sr. Atrasado Demais, um grande perdedor, reduza as taxas de juros, AGORA&#8221;, disse Trump, voltando a citar como exemplo o ciclo de relaxamento monet\u00e1rio do <a class=\"suno-keyword\" target=\"_blank\" data-force=\"no\" data-priority=\"1\" href=\"https:\/\/www.suno.com.br\/artigos\/bce\/\" rel=\"noopener\">Banco Central Europeu (BCE)<\/a> na Europa. A pr\u00f3xima reuni\u00e3o do Fed ser\u00e1 em 6 e 7 de meio.<\/p>\n\n\n\t<p>\n\t\t<a href=\"\" target=\"_blank\" data-element=\"shortcode-suno-banner\" title=\"Banner SUNO, clique e saiba mais\">\n\t\t\t<picture>\n\t\t\t\t<source media=\"(max-width: 500px)\" srcset=\"\">\n\t\t\t\t<img class=\"newsContent__article__imgCapa newsContent__article__imgCapa--banner\"\n\t\t\t\t\tsrc=\"\"\n\t\t\t\t\tdata-promo-id=\"89005\"\t\t\t\t\t\t\t\t\t\t\t\t\t\t\talt=\"\"\n\t\t\t\t>\n\t\t\t<\/picture>\n\t\t<\/a>\n\t<\/p>\n\n\n\n\n\n<h2 class=\"wp-block-heading\">Trump x Powell: dirigente do Fed pede respeito \u00e0 independ\u00eancia<\/h2>\n\n\n\n<p>Trump tem intensificado os ataques a Jerome Powell, falando at\u00e9 numa poss\u00edvel demiss\u00e3o. Com mandato at\u00e9 maio de 2026, o presidente do Fed tem estabilidade, e sua dispensa poderia acabar numa crise com risco de decis\u00e3o na Suprema Corte.<\/p>\n\n\n\n<p>Em entrevista \u00e0 CNBC, o presidente do Fed de Chicago, Austan Goolsbee, afirmou que a independ\u00eancia da institui\u00e7\u00e3o \u00e9 essencial para controlar o desemprego e a infla\u00e7\u00e3o dos Estados Unidos. \u201cQuando n\u00e3o h\u00e1 independ\u00eancia temos desemprego e infla\u00e7\u00e3o elevados, crescimento \u2018quebrado\u2019. Nossos mandatos e condi\u00e7\u00f5es s\u00e3o estabilidade de pre\u00e7os e emprego pleno\u201d, afirmou Goolsbee.<\/p>\n\n\n\n<p>Ele disse, no entanto, que n\u00e3o falaria especificamente sobre as declara\u00e7\u00f5es de Trump a respeito da institui\u00e7\u00e3o ou do presidente do Fed, Jerome Powell. Declarou, ainda, que a desacelera\u00e7\u00e3o da economia pode representar um risco maior que a quest\u00e3o inflacion\u00e1ria, mas que ainda \u00e9 preciso aguardar o impacto da guerra tarif\u00e1ria iniciada por Trump para entender o impacto das tarifas na economia do pa\u00eds.<\/p>\n\n\n\n<p>\u201cPrecisamos esperar o fim das negocia\u00e7\u00f5es com outros pa\u00edses e ver o rumo dos acordos. Vamos ver como a cadeia de negocia\u00e7\u00f5es comerciais com outros pa\u00edses vai se sair e, se no final disso tivermos novos acordos e a produtividade continuar alta, podemos ter uma recupera\u00e7\u00e3o da ind\u00fastria\u201d, afirmou Goolsbee.<\/p>\n\n\n\n\n\n<p class=\"newsProviderSignature\"><em>Com Estad\u00e3o Conte\u00fado<\/em><\/p>\n\n\n\t<p>\n\t\t<a href=\"https:\/\/lp.suno.com.br\/minicurso-investindo-fiis\/\" target=\"_blank\" data-element=\"shortcode-suno-banner\" title=\"Banner SUNO, clique e saiba mais\">\n\t\t\t<picture>\n\t\t\t\t<source media=\"(max-width: 500px)\" srcset=\"https:\/\/files.sunoresearch.com.br\/n\/uploads\/2023\/03\/400x300-Minicurso-FIIS.png\">\n\t\t\t\t<img class=\"newsContent__article__imgCapa newsContent__article__imgCapa--banner\"\n\t\t\t\t\tsrc=\"https:\/\/files.sunoresearch.com.br\/n\/uploads\/2023\/03\/1420x240-Minicurso-FIIS.png\"\n\t\t\t\t\tdata-promo-id=\"383125\"\t\t\t\t\t\t\t\t\t\twidth='1420' height='240'\t\t\t\t\talt=\"https:\/\/files.sunoresearch.com.br\/n\/uploads\/2023\/03\/1420x240-Minicurso-FIIS.png\"\n\t\t\t\t>\n\t\t\t<\/picture>\n\t\t<\/a>\n\t<\/p>\n\n\n","protected":false},"excerpt":{"rendered":"<p>O presidente dos Estados Unidos, Donald Trump, voltou a pedir cortes nas taxas de juros pelo Federal Reserve (Fed) e a atacar a postura de Jerome Powell na presid\u00eancia do BC norte-americano, acusando-o de favoritismo pol\u00edtico sobre a gest\u00e3o anterior, do ex-presidente Joe Biden. Aumento de 50% nas tarifas sobre exporta\u00e7\u00f5es do Brasil para os [&hellip;]<\/p>\n","protected":false},"author":43,"featured_media":601620,"comment_status":"closed","ping_status":"closed","sticky":false,"template":"","format":"standard","meta":[],"categories":[62],"tags":[724,776,1899],"suno_strategy":[],"class_list":["post-602238","post","type-post","status-publish","format-standard","has-post-thumbnail","hentry","category-economia","tag-donald-trump","tag-federal-reseve-fed","tag-jerome-powell"],"yoast_head":"<!-- This site is optimized with the Yoast SEO plugin v24.4 - https:\/\/yoast.com\/wordpress\/plugins\/seo\/ -->\n<title>Trump volta a pedir cortes de juros pelo Fed<\/title>\n<meta name=\"description\" content=\"Trump voltou a pedir cortes nas taxas de juros pelo Federal Reserve (Fed) e a atacar a postura de Jerome Powell na presid\u00eancia do banco.\" \/>\n<meta name=\"robots\" content=\"index, follow, max-snippet:-1, max-image-preview:large, max-video-preview:-1\" \/>\n<link rel=\"canonical\" href=\"https:\/\/www.suno.com.br\/noticias\/trump-cortes-hueros-fed-powell\/\" \/>\n<meta property=\"og:locale\" content=\"pt_BR\" \/>\n<meta property=\"og:type\" content=\"article\" \/>\n<meta property=\"og:title\" content=\"Trump volta a pedir cortes de juros pelo Fed\" \/>\n<meta property=\"og:description\" content=\"Trump voltou a pedir cortes nas taxas de juros pelo Federal Reserve (Fed) e a atacar a postura de Jerome Powell na presid\u00eancia do banco.\" \/>\n<meta property=\"og:url\" content=\"https:\/\/www.suno.com.br\/noticias\/trump-cortes-hueros-fed-powell\/\" \/>\n<meta property=\"og:site_name\" content=\"Suno Not\u00edcias\" \/>\n<meta property=\"article:publisher\" content=\"https:\/\/facebook.com\/sunoresearch\" \/>\n<meta property=\"article:author\" content=\"https:\/\/www.facebook.com\/sunonoticias\/\" \/>\n<meta property=\"og:image\" content=\"https:\/\/files.sunoresearch.com.br\/n\/uploads\/2025\/04\/Trump-evento-republicanos-scaled.webp\" \/>\n\t<meta property=\"og:image:width\" content=\"2560\" \/>\n\t<meta property=\"og:image:height\" content=\"1707\" \/>\n\t<meta property=\"og:image:type\" content=\"image\/webp\" \/>\n<meta name=\"author\" content=\"Reda\u00e7\u00e3o Suno Not\u00edcias\" \/>\n<meta name=\"twitter:card\" content=\"summary_large_image\" \/>\n<meta name=\"twitter:creator\" content=\"@https:\/\/twitter.com\/sunoresearch\" \/>\n<meta name=\"twitter:site\" content=\"@sunoresearch\" \/>\n<meta name=\"twitter:label1\" content=\"Escrito por\" \/>\n\t<meta name=\"twitter:data1\" content=\"Reda\u00e7\u00e3o Suno Not\u00edcias\" \/>\n\t<meta name=\"twitter:label2\" content=\"Est. tempo de leitura\" \/>\n\t<meta name=\"twitter:data2\" content=\"3 minutos\" \/>\n<script type=\"application\/ld+json\" class=\"yoast-schema-graph\">{\"@context\":\"https:\/\/schema.org\",\"@graph\":[{\"@type\":\"NewsArticle\",\"@id\":\"https:\/\/www.suno.com.br\/noticias\/trump-cortes-hueros-fed-powell\/#article\",\"isPartOf\":{\"@id\":\"https:\/\/www.suno.com.br\/noticias\/trump-cortes-hueros-fed-powell\/\"},\"author\":{\"name\":\"Reda\u00e7\u00e3o Suno Not\u00edcias\",\"@id\":\"https:\/\/www.suno.com.br\/noticias\/#\/schema\/person\/c1b1bd3727fa852bd045e9dbff3673ea\"},\"headline\":\"Trump volta a pedir cortes de juros pelo Fed e acusa Powell de favoritismo pol\u00edtico\",\"datePublished\":\"2025-04-21T20:00:17+00:00\",\"dateModified\":\"2025-04-21T20:00:21+00:00\",\"mainEntityOfPage\":{\"@id\":\"https:\/\/www.suno.com.br\/noticias\/trump-cortes-hueros-fed-powell\/\"},\"wordCount\":486,\"publisher\":{\"@id\":\"https:\/\/www.suno.com.br\/noticias\/#organization\"},\"image\":{\"@id\":\"https:\/\/www.suno.com.br\/noticias\/trump-cortes-hueros-fed-powell\/#primaryimage\"},\"thumbnailUrl\":\"https:\/\/files.sunoresearch.com.br\/n\/uploads\/2025\/04\/Trump-evento-republicanos-scaled.webp\",\"keywords\":[\"Donald Trump\",\"Federal Reserve (FED)\",\"Jerome Powell\"],\"articleSection\":[\"Economia\"],\"inLanguage\":\"pt-BR\"},{\"@type\":\"WebPage\",\"@id\":\"https:\/\/www.suno.com.br\/noticias\/trump-cortes-hueros-fed-powell\/\",\"url\":\"https:\/\/www.suno.com.br\/noticias\/trump-cortes-hueros-fed-powell\/\",\"name\":\"Trump volta a pedir cortes de juros pelo Fed\",\"isPartOf\":{\"@id\":\"https:\/\/www.suno.com.br\/noticias\/#website\"},\"primaryImageOfPage\":{\"@id\":\"https:\/\/www.suno.com.br\/noticias\/trump-cortes-hueros-fed-powell\/#primaryimage\"},\"image\":{\"@id\":\"https:\/\/www.suno.com.br\/noticias\/trump-cortes-hueros-fed-powell\/#primaryimage\"},\"thumbnailUrl\":\"https:\/\/files.sunoresearch.com.br\/n\/uploads\/2025\/04\/Trump-evento-republicanos-scaled.webp\",\"datePublished\":\"2025-04-21T20:00:17+00:00\",\"dateModified\":\"2025-04-21T20:00:21+00:00\",\"description\":\"Trump voltou a pedir cortes nas taxas de juros pelo Federal Reserve (Fed) e a atacar a postura de Jerome Powell na presid\u00eancia do banco.\",\"breadcrumb\":{\"@id\":\"https:\/\/www.suno.com.br\/noticias\/trump-cortes-hueros-fed-powell\/#breadcrumb\"},\"inLanguage\":\"pt-BR\",\"potentialAction\":[{\"@type\":\"ReadAction\",\"target\":[\"https:\/\/www.suno.com.br\/noticias\/trump-cortes-hueros-fed-powell\/\"]}]},{\"@type\":\"ImageObject\",\"inLanguage\":\"pt-BR\",\"@id\":\"https:\/\/www.suno.com.br\/noticias\/trump-cortes-hueros-fed-powell\/#primaryimage\",\"url\":\"https:\/\/files.sunoresearch.com.br\/n\/uploads\/2025\/04\/Trump-evento-republicanos-scaled.webp\",\"contentUrl\":\"https:\/\/files.sunoresearch.com.br\/n\/uploads\/2025\/04\/Trump-evento-republicanos-scaled.webp\",\"width\":2560,\"height\":1707,\"caption\":\"Aumento de 50% nas tarifas sobre exporta\u00e7\u00f5es do Brasil para os EUA, com isen\u00e7\u00f5es para itens essenciais. Foto: Casa Branca\"},{\"@type\":\"BreadcrumbList\",\"@id\":\"https:\/\/www.suno.com.br\/noticias\/trump-cortes-hueros-fed-powell\/#breadcrumb\",\"itemListElement\":[{\"@type\":\"ListItem\",\"position\":1,\"name\":\"Not\u00edcias\",\"item\":\"https:\/\/www.suno.com.br\/noticias\/\"},{\"@type\":\"ListItem\",\"position\":2,\"name\":\"Economia\",\"item\":\"https:\/\/www.suno.com.br\/noticias\/economia\/\"},{\"@type\":\"ListItem\",\"position\":3,\"name\":\"Trump volta a pedir cortes de juros pelo Fed e acusa Powell de favoritismo pol\u00edtico\"}]},{\"@type\":\"WebSite\",\"@id\":\"https:\/\/www.suno.com.br\/noticias\/#website\",\"url\":\"https:\/\/www.suno.com.br\/noticias\/\",\"name\":\"Suno Not\u00edcias\",\"description\":\"Seu portal de informa\u00e7\u00e3o sobre o mundo dos investimentos\",\"publisher\":{\"@id\":\"https:\/\/www.suno.com.br\/noticias\/#organization\"},\"potentialAction\":[{\"@type\":\"SearchAction\",\"target\":{\"@type\":\"EntryPoint\",\"urlTemplate\":\"https:\/\/www.suno.com.br\/noticias\/?s={search_term_string}\"},\"query-input\":{\"@type\":\"PropertyValueSpecification\",\"valueRequired\":true,\"valueName\":\"search_term_string\"}}],\"inLanguage\":\"pt-BR\"},{\"@type\":\"Organization\",\"@id\":\"https:\/\/www.suno.com.br\/noticias\/#organization\",\"name\":\"Suno Not\u00edcias\",\"url\":\"https:\/\/www.suno.com.br\/noticias\/\",\"logo\":{\"@type\":\"ImageObject\",\"inLanguage\":\"pt-BR\",\"@id\":\"https:\/\/www.suno.com.br\/noticias\/#\/schema\/logo\/image\/\",\"url\":\"https:\/\/files.sunoresearch.com.br\/n\/uploads\/2021\/09\/suno-logo.png\",\"contentUrl\":\"https:\/\/files.sunoresearch.com.br\/n\/uploads\/2021\/09\/suno-logo.png\",\"width\":180,\"height\":180,\"caption\":\"Suno Not\u00edcias\"},\"image\":{\"@id\":\"https:\/\/www.suno.com.br\/noticias\/#\/schema\/logo\/image\/\"},\"sameAs\":[\"https:\/\/facebook.com\/sunoresearch\",\"https:\/\/x.com\/sunoresearch\",\"https:\/\/www.instagram.com\/suno\",\"https:\/\/www.linkedin.com\/company\/suno-research\/\",\"https:\/\/www.youtube.com\/c\/sunoresearch\"]},{\"@type\":\"Person\",\"@id\":\"https:\/\/www.suno.com.br\/noticias\/#\/schema\/person\/c1b1bd3727fa852bd045e9dbff3673ea\",\"name\":\"Reda\u00e7\u00e3o Suno Not\u00edcias\",\"image\":{\"@type\":\"ImageObject\",\"inLanguage\":\"pt-BR\",\"@id\":\"https:\/\/www.suno.com.br\/noticias\/#\/schema\/person\/image\/\",\"url\":\"https:\/\/secure.gravatar.com\/avatar\/b8104b9b5a71985d5238ee59fbe418af?s=96&r=g\",\"contentUrl\":\"https:\/\/secure.gravatar.com\/avatar\/b8104b9b5a71985d5238ee59fbe418af?s=96&r=g\",\"caption\":\"Reda\u00e7\u00e3o Suno Not\u00edcias\"},\"description\":\"O Suno Not\u00edcias \u00e9 um portal de informa\u00e7\u00f5es sobre Mercado Financeiro, Pol\u00edtica, Neg\u00f3cios, Economia e Finan\u00e7as Pessoais.\",\"sameAs\":[\"https:\/\/www.suno.com.br\/noticias\",\"https:\/\/www.facebook.com\/sunonoticias\/\",\"https:\/\/www.instagram.com\/sunonoticias\/\",\"https:\/\/x.com\/https:\/\/twitter.com\/sunoresearch\",\"https:\/\/www.youtube.com\/sunonoticias\"],\"url\":\"https:\/\/www.suno.com.br\/noticias\/author\/redacao-suno\/\"}]}<\/script>\n<!-- \/ Yoast SEO plugin. -->","yoast_head_json":{"title":"Trump volta a pedir cortes de juros pelo Fed","description":"Trump voltou a pedir cortes nas taxas de juros pelo Federal Reserve (Fed) e a atacar a postura de Jerome Powell na presid\u00eancia do banco.","robots":{"index":"index","follow":"follow","max-snippet":"max-snippet:-1","max-image-preview":"max-image-preview:large","max-video-preview":"max-video-preview:-1"},"canonical":"https:\/\/www.suno.com.br\/noticias\/trump-cortes-hueros-fed-powell\/","og_locale":"pt_BR","og_type":"article","og_title":"Trump volta a pedir cortes de juros pelo Fed","og_description":"Trump voltou a pedir cortes nas taxas de juros pelo Federal Reserve (Fed) e a atacar a postura de Jerome Powell na presid\u00eancia do banco.","og_url":"https:\/\/www.suno.com.br\/noticias\/trump-cortes-hueros-fed-powell\/","og_site_name":"Suno Not\u00edcias","article_publisher":"https:\/\/facebook.com\/sunoresearch","article_author":"https:\/\/www.facebook.com\/sunonoticias\/","og_image":[{"width":2560,"height":1707,"url":"https:\/\/files.sunoresearch.com.br\/n\/uploads\/2025\/04\/Trump-evento-republicanos-scaled.webp","type":"image\/webp"}],"author":"Reda\u00e7\u00e3o Suno Not\u00edcias","twitter_card":"summary_large_image","twitter_creator":"@https:\/\/twitter.com\/sunoresearch","twitter_site":"@sunoresearch","twitter_misc":{"Escrito por":"Reda\u00e7\u00e3o Suno Not\u00edcias","Est. tempo de leitura":"3 minutos"},"schema":{"@context":"https:\/\/schema.org","@graph":[{"@type":"NewsArticle","@id":"https:\/\/www.suno.com.br\/noticias\/trump-cortes-hueros-fed-powell\/#article","isPartOf":{"@id":"https:\/\/www.suno.com.br\/noticias\/trump-cortes-hueros-fed-powell\/"},"author":{"name":"Reda\u00e7\u00e3o Suno Not\u00edcias","@id":"https:\/\/www.suno.com.br\/noticias\/#\/schema\/person\/c1b1bd3727fa852bd045e9dbff3673ea"},"headline":"Trump volta a pedir cortes de juros pelo Fed e acusa Powell de favoritismo pol\u00edtico","datePublished":"2025-04-21T20:00:17+00:00","dateModified":"2025-04-21T20:00:21+00:00","mainEntityOfPage":{"@id":"https:\/\/www.suno.com.br\/noticias\/trump-cortes-hueros-fed-powell\/"},"wordCount":486,"publisher":{"@id":"https:\/\/www.suno.com.br\/noticias\/#organization"},"image":{"@id":"https:\/\/www.suno.com.br\/noticias\/trump-cortes-hueros-fed-powell\/#primaryimage"},"thumbnailUrl":"https:\/\/files.sunoresearch.com.br\/n\/uploads\/2025\/04\/Trump-evento-republicanos-scaled.webp","keywords":["Donald Trump","Federal Reserve (FED)","Jerome Powell"],"articleSection":["Economia"],"inLanguage":"pt-BR"},{"@type":"WebPage","@id":"https:\/\/www.suno.com.br\/noticias\/trump-cortes-hueros-fed-powell\/","url":"https:\/\/www.suno.com.br\/noticias\/trump-cortes-hueros-fed-powell\/","name":"Trump volta a pedir cortes de juros pelo Fed","isPartOf":{"@id":"https:\/\/www.suno.com.br\/noticias\/#website"},"primaryImageOfPage":{"@id":"https:\/\/www.suno.com.br\/noticias\/trump-cortes-hueros-fed-powell\/#primaryimage"},"image":{"@id":"https:\/\/www.suno.com.br\/noticias\/trump-cortes-hueros-fed-powell\/#primaryimage"},"thumbnailUrl":"https:\/\/files.sunoresearch.com.br\/n\/uploads\/2025\/04\/Trump-evento-republicanos-scaled.webp","datePublished":"2025-04-21T20:00:17+00:00","dateModified":"2025-04-21T20:00:21+00:00","description":"Trump voltou a pedir cortes nas taxas de juros pelo Federal Reserve (Fed) e a atacar a postura de Jerome Powell na presid\u00eancia do banco.","breadcrumb":{"@id":"https:\/\/www.suno.com.br\/noticias\/trump-cortes-hueros-fed-powell\/#breadcrumb"},"inLanguage":"pt-BR","potentialAction":[{"@type":"ReadAction","target":["https:\/\/www.suno.com.br\/noticias\/trump-cortes-hueros-fed-powell\/"]}]},{"@type":"ImageObject","inLanguage":"pt-BR","@id":"https:\/\/www.suno.com.br\/noticias\/trump-cortes-hueros-fed-powell\/#primaryimage","url":"https:\/\/files.sunoresearch.com.br\/n\/uploads\/2025\/04\/Trump-evento-republicanos-scaled.webp","contentUrl":"https:\/\/files.sunoresearch.com.br\/n\/uploads\/2025\/04\/Trump-evento-republicanos-scaled.webp","width":2560,"height":1707,"caption":"Aumento de 50% nas tarifas sobre exporta\u00e7\u00f5es do Brasil para os EUA, com isen\u00e7\u00f5es para itens essenciais. Foto: Casa Branca"},{"@type":"BreadcrumbList","@id":"https:\/\/www.suno.com.br\/noticias\/trump-cortes-hueros-fed-powell\/#breadcrumb","itemListElement":[{"@type":"ListItem","position":1,"name":"Not\u00edcias","item":"https:\/\/www.suno.com.br\/noticias\/"},{"@type":"ListItem","position":2,"name":"Economia","item":"https:\/\/www.suno.com.br\/noticias\/economia\/"},{"@type":"ListItem","position":3,"name":"Trump volta a pedir cortes de juros pelo Fed e acusa Powell de favoritismo pol\u00edtico"}]},{"@type":"WebSite","@id":"https:\/\/www.suno.com.br\/noticias\/#website","url":"https:\/\/www.suno.com.br\/noticias\/","name":"Suno Not\u00edcias","description":"Seu portal de informa\u00e7\u00e3o sobre o mundo dos investimentos","publisher":{"@id":"https:\/\/www.suno.com.br\/noticias\/#organization"},"potentialAction":[{"@type":"SearchAction","target":{"@type":"EntryPoint","urlTemplate":"https:\/\/www.suno.com.br\/noticias\/?s={search_term_string}"},"query-input":{"@type":"PropertyValueSpecification","valueRequired":true,"valueName":"search_term_string"}}],"inLanguage":"pt-BR"},{"@type":"Organization","@id":"https:\/\/www.suno.com.br\/noticias\/#organization","name":"Suno Not\u00edcias","url":"https:\/\/www.suno.com.br\/noticias\/","logo":{"@type":"ImageObject","inLanguage":"pt-BR","@id":"https:\/\/www.suno.com.br\/noticias\/#\/schema\/logo\/image\/","url":"https:\/\/files.sunoresearch.com.br\/n\/uploads\/2021\/09\/suno-logo.png","contentUrl":"https:\/\/files.sunoresearch.com.br\/n\/uploads\/2021\/09\/suno-logo.png","width":180,"height":180,"caption":"Suno Not\u00edcias"},"image":{"@id":"https:\/\/www.suno.com.br\/noticias\/#\/schema\/logo\/image\/"},"sameAs":["https:\/\/facebook.com\/sunoresearch","https:\/\/x.com\/sunoresearch","https:\/\/www.instagram.com\/suno","https:\/\/www.linkedin.com\/company\/suno-research\/","https:\/\/www.youtube.com\/c\/sunoresearch"]},{"@type":"Person","@id":"https:\/\/www.suno.com.br\/noticias\/#\/schema\/person\/c1b1bd3727fa852bd045e9dbff3673ea","name":"Reda\u00e7\u00e3o Suno Not\u00edcias","image":{"@type":"ImageObject","inLanguage":"pt-BR","@id":"https:\/\/www.suno.com.br\/noticias\/#\/schema\/person\/image\/","url":"https:\/\/secure.gravatar.com\/avatar\/b8104b9b5a71985d5238ee59fbe418af?s=96&r=g","contentUrl":"https:\/\/secure.gravatar.com\/avatar\/b8104b9b5a71985d5238ee59fbe418af?s=96&r=g","caption":"Reda\u00e7\u00e3o Suno Not\u00edcias"},"description":"O Suno Not\u00edcias \u00e9 um portal de informa\u00e7\u00f5es sobre Mercado Financeiro, Pol\u00edtica, Neg\u00f3cios, Economia e Finan\u00e7as Pessoais.","sameAs":["https:\/\/www.suno.com.br\/noticias","https:\/\/www.facebook.com\/sunonoticias\/","https:\/\/www.instagram.com\/sunonoticias\/","https:\/\/x.com\/https:\/\/twitter.com\/sunoresearch","https:\/\/www.youtube.com\/sunonoticias"],"url":"https:\/\/www.suno.com.br\/noticias\/author\/redacao-suno\/"}]}},"default_loop_html":"<div class=\"cardsPage__listCard__boxs\"><div class=\"cardsPage__listCard__boxs__img\"><a href=\"https:\/\/www.suno.com.br\/noticias\/trump-cortes-hueros-fed-powell\/\"><img class=\"mask\" src=\"https:\/\/www.suno.com.br\/noticias\/wp-content\/themes\/suno\/resources\/images\/spotlight\/spotlight1img\/bg-mask.png\" alt=\"Image Mask\"\/><img src=\"https:\/\/files.sunoresearch.com.br\/n\/uploads\/2025\/04\/Trump-evento-republicanos-400x200.webp\" alt=\"Trump volta a pedir cortes de juros pelo Fed e acusa Powell de favoritismo pol\u00edtico\"\/><\/a><span class=\"spotlightCategory\"><a href=\"https:\/\/www.suno.com.br\/noticias\/economia\/\">Economia<\/a><\/span><\/div><div class=\"cardsPage__listCard__boxs__content\"><a href=\"https:\/\/www.suno.com.br\/noticias\/trump-cortes-hueros-fed-powell\/\"><h2 class=\"content__title\">Trump volta a pedir cortes de juros pelo Fed e acusa Powell de favoritismo pol\u00edtico<\/h2><\/a><div class=\"newsContent__article__meta\"><div class=\"newsContent__article__meta__authorBox\"><a href=\"https:\/\/www.suno.com.br\/noticias\/author\/redacao-suno\/\" class=\"authorBox__avatar noMobi\"><img src=\"https:\/\/files.sunoresearch.com.br\/n\/uploads\/2020\/08\/0ace682d-redacao-1-150x150.webp\" alt=\"Reda\u00e7\u00e3o Suno Not\u00edcias\"><\/a><div class=\"authorBox__name\"><span>por\n\t\t\t<a href=\"https:\/\/www.suno.com.br\/noticias\/author\/redacao-suno\/\"><span itemprop=\"author\">Reda\u00e7\u00e3o Suno Not\u00edcias<\/span><\/a><\/span><time datetime=\"2025-04-21T17:00:17-03:00\" itemprop=\"datePublished\">21\/04\/2025 17:00<\/time><\/div><\/div><\/div><\/div><\/div>","single_layout":"posts","amp_enabled":true,"_links":{"self":[{"href":"https:\/\/www.suno.com.br\/noticias\/wp-json\/wp\/v2\/posts\/602238"}],"collection":[{"href":"https:\/\/www.suno.com.br\/noticias\/wp-json\/wp\/v2\/posts"}],"about":[{"href":"https:\/\/www.suno.com.br\/noticias\/wp-json\/wp\/v2\/types\/post"}],"author":[{"embeddable":true,"href":"https:\/\/www.suno.com.br\/noticias\/wp-json\/wp\/v2\/users\/43"}],"replies":[{"embeddable":true,"href":"https:\/\/www.suno.com.br\/noticias\/wp-json\/wp\/v2\/comments?post=602238"}],"version-history":[{"count":1,"href":"https:\/\/www.suno.com.br\/noticias\/wp-json\/wp\/v2\/posts\/602238\/revisions"}],"predecessor-version":[{"id":602244,"href":"https:\/\/www.suno.com.br\/noticias\/wp-json\/wp\/v2\/posts\/602238\/revisions\/602244"}],"wp:featuredmedia":[{"embeddable":true,"href":"https:\/\/www.suno.com.br\/noticias\/wp-json\/wp\/v2\/media\/601620"}],"wp:attachment":[{"href":"https:\/\/www.suno.com.br\/noticias\/wp-json\/wp\/v2\/media?parent=602238"}],"wp:term":[{"taxonomy":"category","embeddable":true,"href":"https:\/\/www.suno.com.br\/noticias\/wp-json\/wp\/v2\/categories?post=602238"},{"taxonomy":"post_tag","embeddable":true,"href":"https:\/\/www.suno.com.br\/noticias\/wp-json\/wp\/v2\/tags?post=602238"},{"taxonomy":"suno_strategy","embeddable":true,"href":"https:\/\/www.suno.com.br\/noticias\/wp-json\/wp\/v2\/suno_strategy?post=602238"}],"curies":[{"name":"wp","href":"https:\/\/api.w.org\/{rel}","templated":true}]}}