{"id":602128,"date":"2025-04-17T20:59:58","date_gmt":"2025-04-17T23:59:58","guid":{"rendered":"https:\/\/www.suno.com.br\/noticias\/?p=602128"},"modified":"2025-04-17T21:00:03","modified_gmt":"2025-04-18T00:00:03","slug":"dolar-fechamento-170425","status":"publish","type":"post","link":"https:\/\/www.suno.com.br\/noticias\/dolar-fechamento-170425\/","title":{"rendered":"D\u00f3lar cai mais de 1% e fecha a R$ 5,80 em dia de altas de divisas emergentes e do petr\u00f3leo"},"content":{"rendered":"<p>O <strong>d\u00f3lar <\/strong>aprofundou o ritmo de queda no mercado local ao longo da tarde desta quinta-feira (17), atingindo a m\u00ednima de R$ 5,7974 e com fechamento em baixa de 1,05%, a R$ 5,8037. \u00c9 o menor valor de fechamento desde 3 de abril (R$ 5,6281), dia seguinte ao an\u00fancio do tarifa\u00e7o do presidente dos Estados Unidos, <a class=\"suno-keyword\" target=\"_blank\" data-force=\"no\" data-priority=\"2\" href=\"https:\/\/www.suno.com.br\/tudo-sobre\/donald-trump\/\" rel=\"noopener\">Donald Trump<\/a>, marcado por deprecia\u00e7\u00e3o global do d\u00f3lar. <\/p>\t<div class=\"wrapper-featured-image\">\n\t\t<figure class=\"spotlightImg\">\n\n\t\t\t<picture>\n\t\t\t\t<source media=\"(max-width: 768px)\" srcset=\"https:\/\/files.sunoresearch.com.br\/n\/uploads\/2024\/04\/dolar-eua-cambio-400x200.jpg\">\n\t\t\t\t<img loading=\"lazy\" decoding=\"async\" class=\"newsContent__article__imgCapa lazyloadDisabled \" src=\"https:\/\/files.sunoresearch.com.br\/n\/uploads\/2024\/04\/dolar-eua-cambio-800x450.jpg\" width=\"800\" height=\"450\" alt=\"D\u00f3lar cai mais de 1% e fecha a R$ 5,80 em dia de altas de divisas emergentes e do petr\u00f3leo\" fetchpriority=high \/>\n\t\t\t<\/picture>\n\n\t\t\t<figcaption class=\"wp-caption-text wp-caption-text--show\">tarifas - Foto: Pexels<\/figcaption>\n\t\t<\/figure>\n\t<\/div>\n\n\n\n\n\n\t<p>\n\t\t<a href=\"https:\/\/lp.suno.com.br\/planilha-da-vida-financeira\/\" target=\"_blank\" data-element=\"shortcode-suno-banner\" title=\"Banner SUNO, clique e saiba mais\">\n\t\t\t<picture>\n\t\t\t\t<source media=\"(max-width: 500px)\" srcset=\"https:\/\/files.sunoresearch.com.br\/n\/uploads\/2023\/04\/400x300-Planilha-vida-financeira-true.png\">\n\t\t\t\t<img class=\"newsContent__article__imgCapa newsContent__article__imgCapa--banner\"\n\t\t\t\t\tsrc=\"https:\/\/files.sunoresearch.com.br\/n\/uploads\/2023\/04\/1420x240-Planilha-vida-financeira-true.png\"\n\t\t\t\t\tdata-promo-id=\"383123\"\t\t\t\t\t\t\t\t\t\twidth='1420' height='240'\t\t\t\t\talt=\"https:\/\/files.sunoresearch.com.br\/n\/uploads\/2023\/04\/1420x240-Planilha-vida-financeira-true.png\"\n\t\t\t\t>\n\t\t\t<\/picture>\n\t\t<\/a>\n\t<\/p>\n\n\n\n\n\n<p>A divisa termina a semana, mais curta em raz\u00e3o do feriado da Sexta-feira Santa, com perdas de 1,14% na compara\u00e7\u00e3o com o real. Para analistas, a movimenta\u00e7\u00e3o se deu em sintonia com o movimento das divisas emergentes no exterior e a amplia\u00e7\u00e3o dos ganhos do petr\u00f3leo, diante de sinais de arrefecimento da <a class=\"suno-keyword\" target=\"_blank\" data-force=\"no\" data-priority=\"1\" href=\"https:\/\/www.suno.com.br\/artigos\/guerra-comercial\/\" rel=\"noopener\">guerra comercial<\/a> entre Estados Unidos e China.<\/p>\n\n\n\n<p>O real, que nas \u00faltimas sess\u00f5es sofreu mais que seus pares, apresentou nesta quinta o segundo melhor desempenho entre as divisas emergentes mais relevantes, atr\u00e1s apenas do peso mexicano. Moedas de pa\u00edses exportadores de commodities como d\u00f3lar australiano e neozeland\u00eas tamb\u00e9m se apreciaram.<\/p>\n\n\n\n<p>&#8220;O fato de Trump ter mostrado disposi\u00e7\u00e3o para um <a class=\"suno-keyword\" target=\"_blank\" data-force=\"no\" data-priority=\"1\" href=\"https:\/\/www.suno.com.br\/artigos\/acordo-comercial\/\" rel=\"noopener\">acordo comercial<\/a> com a China est\u00e1 impulsionado as moedas emergentes&#8221;, afirma a economista-chefe do Ouribank, Cristiane Quartaroli. &#8220;O real \u00e9 favorecido para valoriza\u00e7\u00e3o mais acentuada do petr\u00f3leo, porque o Brasil \u00e9 um grande exportador.&#8221;<\/p>\n\n\n\n<p>No in\u00edcio da tarde, antes de encontro com a primeira ministra da It\u00e1lia, Giorgia Meloni, Trump afirmou que acredita na possibilidade de fechar um &#8220;bom acordo com a China&#8221;. Em entrevista coletiva na Casa Branca ap\u00f3s a reuni\u00e3o, o presidente americano disse que as negocia\u00e7\u00f5es tarif\u00e1rias com outros pa\u00edses &#8220;t\u00eam avan\u00e7ado&#8221;.<\/p>\n\n\n\n<p>O secret\u00e1rio do Tesouro, Scott Bessent, revelou que a Coreia do Sul ser\u00e1 o foco na pr\u00f3xima semana, com a \u00cdndia entrando na pauta em breve. Ele disse ainda que j\u00e1 h\u00e1 interlocu\u00e7\u00e3o com a <a class=\"suno-keyword\" target=\"_blank\" data-force=\"no\" data-priority=\"2\" href=\"https:\/\/www.suno.com.br\/artigos\/uniao-europeia\/\" rel=\"noopener\">Uni\u00e3o Europeia<\/a>.<\/p>\n\n\n\n<p>Pela manh\u00e3, o minist\u00e9rio do Com\u00e9rcio da China, embora tenha ressaltado que a guerra comercial foi iniciada por Washington, a quem caberia por fim &#8220;\u00e0 coer\u00e7\u00e3o e \u00e0 chantagem&#8221;, afirmou que permanece aberto ao di\u00e1logo com os EUA tendo como base o &#8220;respeito m\u00fatuo&#8221; entre os pa\u00edses.<\/p>\n\n\n\n<h2 class=\"wp-block-heading\">D\u00f3lar: o que pensam os especialistas<\/h2>\n\n\n\n<p>O economista-chefe da Western Asset, Adauto Lima, observa que as moedas da Am\u00e9rica do Sul tiveram uma deprecia\u00e7\u00e3o forte logo ap\u00f3s o in\u00edcio do tarifa\u00e7o, com temores relacionados ao impacto da guerra comercial sobre a economia chinesa e os pre\u00e7os das commodities.<\/p>\n\n\n\t<p>\n\t\t<a href=\"\" target=\"_blank\" data-element=\"shortcode-suno-banner\" title=\"Banner SUNO, clique e saiba mais\">\n\t\t\t<picture>\n\t\t\t\t<source media=\"(max-width: 500px)\" srcset=\"\">\n\t\t\t\t<img class=\"newsContent__article__imgCapa newsContent__article__imgCapa--banner\"\n\t\t\t\t\tsrc=\"\"\n\t\t\t\t\tdata-promo-id=\"240038\"\t\t\t\t\t\t\t\t\t\t\t\t\t\t\talt=\"\"\n\t\t\t\t>\n\t\t\t<\/picture>\n\t\t<\/a>\n\t<\/p>\n\n\n\n\n\n<p>&#8220;Como a vis\u00e3o sobre a China melhorou nos \u00faltimos dias, essas moedas e o real tiveram um al\u00edvio&#8221;, afirma Lima, ressaltando que o ambiente \u00e9 ainda de muita incerteza, o que pode provocar picos de volatilidade.<\/p>\n\n\n\n<p>O economista ressalta que a administra\u00e7\u00e3o Trump resultou em um aumento de <a class=\"suno-keyword\" target=\"_blank\" data-force=\"no\" data-priority=\"1\" href=\"https:\/\/www.suno.com.br\/artigos\/premio-de-risco\/\" rel=\"noopener\">pr\u00eamio de risco<\/a> embutido nos ativos americanos, o que tende a levar a um realoca\u00e7\u00e3o global de capital, que pode at\u00e9 beneficiar emergentes.<\/p>\n\n\n\n<p>&#8220;Mas ningu\u00e9m sabe o quanto a retra\u00e7\u00e3o esperada da atividade nos EUA vai se espalhar para outras economias. E como vai ser essa realoca\u00e7\u00e3o de recursos&#8221;, afirma Lima, acrescentando que o comportamento das divisas latino-americanas tende a seguir atrelado \u00e0s expectativas sobre a China.<\/p>\n\n\n\n<p>Term\u00f4metro do comportamento do d\u00f3lar em rela\u00e7\u00e3o a uma cesta de seis divisas fortes, o \u00edndice <strong>DXY <\/strong>rondava a estabilidade no fim do dia, na casa dos 99,300 pontos. O euro teve leve deprecia\u00e7\u00e3o ap\u00f3s o <a class=\"suno-keyword\" target=\"_blank\" data-force=\"no\" data-priority=\"1\" href=\"https:\/\/www.suno.com.br\/artigos\/bce\/\" rel=\"noopener\">Banco Central Europeu (BCE)<\/a> cortar, como esperado, suas principais taxas de juros em 25 pontos-base. O Dollar Index recua mais de 4% no m\u00eas e de 8% no ano.<\/p>\n\n\n\n<p>O Bradesco avalia que a guerra comercial levar\u00e1 a uma desacelera\u00e7\u00e3o da economias chinesa e americana, o que deve deprimir a atividade global. Em tese, uma desacelera\u00e7\u00e3o do crescimento na China &#8220;tenderia a causar uma deprecia\u00e7\u00e3o do real, uma vez que a demanda pelas exporta\u00e7\u00f5es brasileiras seria menor&#8221;.<\/p>\n\n\n\n<p>O banco pondera, contudo, que os produtos exportados \u00e0 China &#8220;s\u00e3o um pouco menos sens\u00edveis aos ciclos econ\u00f4micos&#8221; e que espera est\u00edmulos chineses ao consumo, o que &#8220;tende a preservar as importa\u00e7\u00f5es de alimentos&#8221;.<\/p>\n\n\n\n<p>&#8220;Ao longo dos anos, o petr\u00f3leo e os alimentos se tornaram mais importantes do que o min\u00e9rio de ferro na pauta exportadora. Al\u00e9m disso, nossa vis\u00e3o de <strong>d\u00f3lar <\/strong>mais fraco no \u00e2mbito global nos permite reduzir nossa proje\u00e7\u00e3o de c\u00e2mbio para o final de 2025 e de 2026 para R$ 5,80&#8243;, afirma o banco, ressaltando que espera &#8220;elevada volatilidade ao redor da proje\u00e7\u00e3o central&#8221;.<\/p>\n\n\n\n<p class=\"newsProviderSignature\"><em>Com Estad\u00e3o Conte\u00fado<\/em><\/p>\n\n\n\t<p>\n\t\t<a href=\"https:\/\/lp.suno.com.br\/ebook-gratuito-investindo-no-exterior\/\" target=\"_blank\" data-element=\"shortcode-suno-banner\" title=\"Banner SUNO, clique e saiba mais\">\n\t\t\t<picture>\n\t\t\t\t<source media=\"(max-width: 500px)\" srcset=\"https:\/\/files.sunoresearch.com.br\/n\/uploads\/2023\/03\/400x300-Investindo-no-exterior.png\">\n\t\t\t\t<img class=\"newsContent__article__imgCapa newsContent__article__imgCapa--banner\"\n\t\t\t\t\tsrc=\"https:\/\/files.sunoresearch.com.br\/n\/uploads\/2023\/03\/1420x240-Investindo-no-exterior.png\"\n\t\t\t\t\tdata-promo-id=\"383161\"\t\t\t\t\t\t\t\t\t\twidth='1420' height='240'\t\t\t\t\talt=\"https:\/\/files.sunoresearch.com.br\/n\/uploads\/2023\/03\/1420x240-Investindo-no-exterior.png\"\n\t\t\t\t>\n\t\t\t<\/picture>\n\t\t<\/a>\n\t<\/p>\n\n\n","protected":false},"excerpt":{"rendered":"<p>O d\u00f3lar aprofundou o ritmo de queda no mercado local ao longo da tarde desta quinta-feira (17), atingindo a m\u00ednima de R$ 5,7974 e com fechamento em baixa de 1,05%, a R$ 5,8037. \u00c9 o menor valor de fechamento desde 3 de abril (R$ 5,6281), dia seguinte ao an\u00fancio do tarifa\u00e7o do presidente dos Estados [&hellip;]<\/p>\n","protected":false},"author":43,"featured_media":544434,"comment_status":"closed","ping_status":"closed","sticky":false,"template":"","format":"standard","meta":[],"categories":[60],"tags":[326],"suno_strategy":[],"class_list":["post-602128","post","type-post","status-publish","format-standard","has-post-thumbnail","hentry","category-mercado","tag-dolar"],"yoast_head":"<!-- This site is optimized with the Yoast SEO plugin v24.4 - https:\/\/yoast.com\/wordpress\/plugins\/seo\/ -->\n<title>D\u00f3lar tem recuo de mais de 1% e fecha a R$ 5,80<\/title>\n<meta name=\"description\" content=\"D\u00f3lar teve menor valor de fechamento desde 3 de abril (R$ 5,6281), dia seguinte ao an\u00fancio do tarifa\u00e7o por Donald Trump.\" \/>\n<meta name=\"robots\" content=\"index, follow, max-snippet:-1, max-image-preview:large, max-video-preview:-1\" \/>\n<link rel=\"canonical\" href=\"https:\/\/www.suno.com.br\/noticias\/dolar-fechamento-170425\/\" \/>\n<meta property=\"og:locale\" content=\"pt_BR\" \/>\n<meta property=\"og:type\" content=\"article\" \/>\n<meta property=\"og:title\" content=\"D\u00f3lar tem recuo de mais de 1% e fecha a R$ 5,80\" \/>\n<meta property=\"og:description\" content=\"D\u00f3lar teve menor valor de fechamento desde 3 de abril (R$ 5,6281), dia seguinte ao an\u00fancio do tarifa\u00e7o por Donald Trump.\" \/>\n<meta property=\"og:url\" content=\"https:\/\/www.suno.com.br\/noticias\/dolar-fechamento-170425\/\" \/>\n<meta property=\"og:site_name\" content=\"Suno Not\u00edcias\" \/>\n<meta property=\"article:publisher\" content=\"https:\/\/facebook.com\/sunoresearch\" \/>\n<meta property=\"article:author\" content=\"https:\/\/www.facebook.com\/sunonoticias\/\" \/>\n<meta property=\"og:image\" content=\"https:\/\/files.sunoresearch.com.br\/n\/uploads\/2024\/04\/dolar-eua-cambio.jpg\" \/>\n\t<meta property=\"og:image:width\" content=\"1200\" \/>\n\t<meta property=\"og:image:height\" content=\"800\" \/>\n\t<meta property=\"og:image:type\" content=\"image\/jpeg\" \/>\n<meta name=\"author\" content=\"Reda\u00e7\u00e3o Suno Not\u00edcias\" \/>\n<meta name=\"twitter:card\" content=\"summary_large_image\" \/>\n<meta name=\"twitter:creator\" content=\"@https:\/\/twitter.com\/sunoresearch\" \/>\n<meta name=\"twitter:site\" content=\"@sunoresearch\" \/>\n<meta name=\"twitter:label1\" content=\"Escrito por\" \/>\n\t<meta name=\"twitter:data1\" content=\"Reda\u00e7\u00e3o Suno Not\u00edcias\" \/>\n\t<meta name=\"twitter:label2\" content=\"Est. tempo de leitura\" \/>\n\t<meta name=\"twitter:data2\" content=\"5 minutos\" \/>\n<script type=\"application\/ld+json\" class=\"yoast-schema-graph\">{\"@context\":\"https:\/\/schema.org\",\"@graph\":[{\"@type\":\"NewsArticle\",\"@id\":\"https:\/\/www.suno.com.br\/noticias\/dolar-fechamento-170425\/#article\",\"isPartOf\":{\"@id\":\"https:\/\/www.suno.com.br\/noticias\/dolar-fechamento-170425\/\"},\"author\":{\"name\":\"Reda\u00e7\u00e3o Suno Not\u00edcias\",\"@id\":\"https:\/\/www.suno.com.br\/noticias\/#\/schema\/person\/c1b1bd3727fa852bd045e9dbff3673ea\"},\"headline\":\"D\u00f3lar cai mais de 1% e fecha a R$ 5,80 em dia de altas de divisas emergentes e do petr\u00f3leo\",\"datePublished\":\"2025-04-17T23:59:58+00:00\",\"dateModified\":\"2025-04-18T00:00:03+00:00\",\"mainEntityOfPage\":{\"@id\":\"https:\/\/www.suno.com.br\/noticias\/dolar-fechamento-170425\/\"},\"wordCount\":808,\"publisher\":{\"@id\":\"https:\/\/www.suno.com.br\/noticias\/#organization\"},\"image\":{\"@id\":\"https:\/\/www.suno.com.br\/noticias\/dolar-fechamento-170425\/#primaryimage\"},\"thumbnailUrl\":\"https:\/\/files.sunoresearch.com.br\/n\/uploads\/2024\/04\/dolar-eua-cambio.jpg\",\"keywords\":[\"d\u00f3lar\"],\"articleSection\":[\"Mercado\"],\"inLanguage\":\"pt-BR\"},{\"@type\":\"WebPage\",\"@id\":\"https:\/\/www.suno.com.br\/noticias\/dolar-fechamento-170425\/\",\"url\":\"https:\/\/www.suno.com.br\/noticias\/dolar-fechamento-170425\/\",\"name\":\"D\u00f3lar tem recuo de mais de 1% e fecha a R$ 5,80\",\"isPartOf\":{\"@id\":\"https:\/\/www.suno.com.br\/noticias\/#website\"},\"primaryImageOfPage\":{\"@id\":\"https:\/\/www.suno.com.br\/noticias\/dolar-fechamento-170425\/#primaryimage\"},\"image\":{\"@id\":\"https:\/\/www.suno.com.br\/noticias\/dolar-fechamento-170425\/#primaryimage\"},\"thumbnailUrl\":\"https:\/\/files.sunoresearch.com.br\/n\/uploads\/2024\/04\/dolar-eua-cambio.jpg\",\"datePublished\":\"2025-04-17T23:59:58+00:00\",\"dateModified\":\"2025-04-18T00:00:03+00:00\",\"description\":\"D\u00f3lar teve menor valor de fechamento desde 3 de abril (R$ 5,6281), dia seguinte ao an\u00fancio do tarifa\u00e7o por Donald Trump.\",\"breadcrumb\":{\"@id\":\"https:\/\/www.suno.com.br\/noticias\/dolar-fechamento-170425\/#breadcrumb\"},\"inLanguage\":\"pt-BR\",\"potentialAction\":[{\"@type\":\"ReadAction\",\"target\":[\"https:\/\/www.suno.com.br\/noticias\/dolar-fechamento-170425\/\"]}]},{\"@type\":\"ImageObject\",\"inLanguage\":\"pt-BR\",\"@id\":\"https:\/\/www.suno.com.br\/noticias\/dolar-fechamento-170425\/#primaryimage\",\"url\":\"https:\/\/files.sunoresearch.com.br\/n\/uploads\/2024\/04\/dolar-eua-cambio.jpg\",\"contentUrl\":\"https:\/\/files.sunoresearch.com.br\/n\/uploads\/2024\/04\/dolar-eua-cambio.jpg\",\"width\":1200,\"height\":800,\"caption\":\"tarifas - Foto: Pexels\"},{\"@type\":\"BreadcrumbList\",\"@id\":\"https:\/\/www.suno.com.br\/noticias\/dolar-fechamento-170425\/#breadcrumb\",\"itemListElement\":[{\"@type\":\"ListItem\",\"position\":1,\"name\":\"Not\u00edcias\",\"item\":\"https:\/\/www.suno.com.br\/noticias\/\"},{\"@type\":\"ListItem\",\"position\":2,\"name\":\"Mercado\",\"item\":\"https:\/\/www.suno.com.br\/noticias\/mercado\/\"},{\"@type\":\"ListItem\",\"position\":3,\"name\":\"D\u00f3lar cai mais de 1% e fecha a R$ 5,80 em dia de altas de divisas emergentes e do petr\u00f3leo\"}]},{\"@type\":\"WebSite\",\"@id\":\"https:\/\/www.suno.com.br\/noticias\/#website\",\"url\":\"https:\/\/www.suno.com.br\/noticias\/\",\"name\":\"Suno Not\u00edcias\",\"description\":\"Seu portal de informa\u00e7\u00e3o sobre o mundo dos investimentos\",\"publisher\":{\"@id\":\"https:\/\/www.suno.com.br\/noticias\/#organization\"},\"potentialAction\":[{\"@type\":\"SearchAction\",\"target\":{\"@type\":\"EntryPoint\",\"urlTemplate\":\"https:\/\/www.suno.com.br\/noticias\/?s={search_term_string}\"},\"query-input\":{\"@type\":\"PropertyValueSpecification\",\"valueRequired\":true,\"valueName\":\"search_term_string\"}}],\"inLanguage\":\"pt-BR\"},{\"@type\":\"Organization\",\"@id\":\"https:\/\/www.suno.com.br\/noticias\/#organization\",\"name\":\"Suno Not\u00edcias\",\"url\":\"https:\/\/www.suno.com.br\/noticias\/\",\"logo\":{\"@type\":\"ImageObject\",\"inLanguage\":\"pt-BR\",\"@id\":\"https:\/\/www.suno.com.br\/noticias\/#\/schema\/logo\/image\/\",\"url\":\"https:\/\/files.sunoresearch.com.br\/n\/uploads\/2021\/09\/suno-logo.png\",\"contentUrl\":\"https:\/\/files.sunoresearch.com.br\/n\/uploads\/2021\/09\/suno-logo.png\",\"width\":180,\"height\":180,\"caption\":\"Suno Not\u00edcias\"},\"image\":{\"@id\":\"https:\/\/www.suno.com.br\/noticias\/#\/schema\/logo\/image\/\"},\"sameAs\":[\"https:\/\/facebook.com\/sunoresearch\",\"https:\/\/x.com\/sunoresearch\",\"https:\/\/www.instagram.com\/suno\",\"https:\/\/www.linkedin.com\/company\/suno-research\/\",\"https:\/\/www.youtube.com\/c\/sunoresearch\"]},{\"@type\":\"Person\",\"@id\":\"https:\/\/www.suno.com.br\/noticias\/#\/schema\/person\/c1b1bd3727fa852bd045e9dbff3673ea\",\"name\":\"Reda\u00e7\u00e3o Suno Not\u00edcias\",\"image\":{\"@type\":\"ImageObject\",\"inLanguage\":\"pt-BR\",\"@id\":\"https:\/\/www.suno.com.br\/noticias\/#\/schema\/person\/image\/\",\"url\":\"https:\/\/secure.gravatar.com\/avatar\/b8104b9b5a71985d5238ee59fbe418af?s=96&r=g\",\"contentUrl\":\"https:\/\/secure.gravatar.com\/avatar\/b8104b9b5a71985d5238ee59fbe418af?s=96&r=g\",\"caption\":\"Reda\u00e7\u00e3o Suno Not\u00edcias\"},\"description\":\"O Suno Not\u00edcias \u00e9 um portal de informa\u00e7\u00f5es sobre Mercado Financeiro, Pol\u00edtica, Neg\u00f3cios, Economia e Finan\u00e7as Pessoais.\",\"sameAs\":[\"https:\/\/www.suno.com.br\/noticias\",\"https:\/\/www.facebook.com\/sunonoticias\/\",\"https:\/\/www.instagram.com\/sunonoticias\/\",\"https:\/\/x.com\/https:\/\/twitter.com\/sunoresearch\",\"https:\/\/www.youtube.com\/sunonoticias\"],\"url\":\"https:\/\/www.suno.com.br\/noticias\/author\/redacao-suno\/\"}]}<\/script>\n<!-- \/ Yoast SEO plugin. -->","yoast_head_json":{"title":"D\u00f3lar tem recuo de mais de 1% e fecha a R$ 5,80","description":"D\u00f3lar teve menor valor de fechamento desde 3 de abril (R$ 5,6281), dia seguinte ao an\u00fancio do tarifa\u00e7o por Donald Trump.","robots":{"index":"index","follow":"follow","max-snippet":"max-snippet:-1","max-image-preview":"max-image-preview:large","max-video-preview":"max-video-preview:-1"},"canonical":"https:\/\/www.suno.com.br\/noticias\/dolar-fechamento-170425\/","og_locale":"pt_BR","og_type":"article","og_title":"D\u00f3lar tem recuo de mais de 1% e fecha a R$ 5,80","og_description":"D\u00f3lar teve menor valor de fechamento desde 3 de abril (R$ 5,6281), dia seguinte ao an\u00fancio do tarifa\u00e7o por Donald Trump.","og_url":"https:\/\/www.suno.com.br\/noticias\/dolar-fechamento-170425\/","og_site_name":"Suno Not\u00edcias","article_publisher":"https:\/\/facebook.com\/sunoresearch","article_author":"https:\/\/www.facebook.com\/sunonoticias\/","og_image":[{"width":1200,"height":800,"url":"https:\/\/files.sunoresearch.com.br\/n\/uploads\/2024\/04\/dolar-eua-cambio.jpg","type":"image\/jpeg"}],"author":"Reda\u00e7\u00e3o Suno Not\u00edcias","twitter_card":"summary_large_image","twitter_creator":"@https:\/\/twitter.com\/sunoresearch","twitter_site":"@sunoresearch","twitter_misc":{"Escrito por":"Reda\u00e7\u00e3o Suno Not\u00edcias","Est. tempo de leitura":"5 minutos"},"schema":{"@context":"https:\/\/schema.org","@graph":[{"@type":"NewsArticle","@id":"https:\/\/www.suno.com.br\/noticias\/dolar-fechamento-170425\/#article","isPartOf":{"@id":"https:\/\/www.suno.com.br\/noticias\/dolar-fechamento-170425\/"},"author":{"name":"Reda\u00e7\u00e3o Suno Not\u00edcias","@id":"https:\/\/www.suno.com.br\/noticias\/#\/schema\/person\/c1b1bd3727fa852bd045e9dbff3673ea"},"headline":"D\u00f3lar cai mais de 1% e fecha a R$ 5,80 em dia de altas de divisas emergentes e do petr\u00f3leo","datePublished":"2025-04-17T23:59:58+00:00","dateModified":"2025-04-18T00:00:03+00:00","mainEntityOfPage":{"@id":"https:\/\/www.suno.com.br\/noticias\/dolar-fechamento-170425\/"},"wordCount":808,"publisher":{"@id":"https:\/\/www.suno.com.br\/noticias\/#organization"},"image":{"@id":"https:\/\/www.suno.com.br\/noticias\/dolar-fechamento-170425\/#primaryimage"},"thumbnailUrl":"https:\/\/files.sunoresearch.com.br\/n\/uploads\/2024\/04\/dolar-eua-cambio.jpg","keywords":["d\u00f3lar"],"articleSection":["Mercado"],"inLanguage":"pt-BR"},{"@type":"WebPage","@id":"https:\/\/www.suno.com.br\/noticias\/dolar-fechamento-170425\/","url":"https:\/\/www.suno.com.br\/noticias\/dolar-fechamento-170425\/","name":"D\u00f3lar tem recuo de mais de 1% e fecha a R$ 5,80","isPartOf":{"@id":"https:\/\/www.suno.com.br\/noticias\/#website"},"primaryImageOfPage":{"@id":"https:\/\/www.suno.com.br\/noticias\/dolar-fechamento-170425\/#primaryimage"},"image":{"@id":"https:\/\/www.suno.com.br\/noticias\/dolar-fechamento-170425\/#primaryimage"},"thumbnailUrl":"https:\/\/files.sunoresearch.com.br\/n\/uploads\/2024\/04\/dolar-eua-cambio.jpg","datePublished":"2025-04-17T23:59:58+00:00","dateModified":"2025-04-18T00:00:03+00:00","description":"D\u00f3lar teve menor valor de fechamento desde 3 de abril (R$ 5,6281), dia seguinte ao an\u00fancio do tarifa\u00e7o por Donald Trump.","breadcrumb":{"@id":"https:\/\/www.suno.com.br\/noticias\/dolar-fechamento-170425\/#breadcrumb"},"inLanguage":"pt-BR","potentialAction":[{"@type":"ReadAction","target":["https:\/\/www.suno.com.br\/noticias\/dolar-fechamento-170425\/"]}]},{"@type":"ImageObject","inLanguage":"pt-BR","@id":"https:\/\/www.suno.com.br\/noticias\/dolar-fechamento-170425\/#primaryimage","url":"https:\/\/files.sunoresearch.com.br\/n\/uploads\/2024\/04\/dolar-eua-cambio.jpg","contentUrl":"https:\/\/files.sunoresearch.com.br\/n\/uploads\/2024\/04\/dolar-eua-cambio.jpg","width":1200,"height":800,"caption":"tarifas - Foto: Pexels"},{"@type":"BreadcrumbList","@id":"https:\/\/www.suno.com.br\/noticias\/dolar-fechamento-170425\/#breadcrumb","itemListElement":[{"@type":"ListItem","position":1,"name":"Not\u00edcias","item":"https:\/\/www.suno.com.br\/noticias\/"},{"@type":"ListItem","position":2,"name":"Mercado","item":"https:\/\/www.suno.com.br\/noticias\/mercado\/"},{"@type":"ListItem","position":3,"name":"D\u00f3lar cai mais de 1% e fecha a R$ 5,80 em dia de altas de divisas emergentes e do petr\u00f3leo"}]},{"@type":"WebSite","@id":"https:\/\/www.suno.com.br\/noticias\/#website","url":"https:\/\/www.suno.com.br\/noticias\/","name":"Suno Not\u00edcias","description":"Seu portal de informa\u00e7\u00e3o sobre o mundo dos investimentos","publisher":{"@id":"https:\/\/www.suno.com.br\/noticias\/#organization"},"potentialAction":[{"@type":"SearchAction","target":{"@type":"EntryPoint","urlTemplate":"https:\/\/www.suno.com.br\/noticias\/?s={search_term_string}"},"query-input":{"@type":"PropertyValueSpecification","valueRequired":true,"valueName":"search_term_string"}}],"inLanguage":"pt-BR"},{"@type":"Organization","@id":"https:\/\/www.suno.com.br\/noticias\/#organization","name":"Suno Not\u00edcias","url":"https:\/\/www.suno.com.br\/noticias\/","logo":{"@type":"ImageObject","inLanguage":"pt-BR","@id":"https:\/\/www.suno.com.br\/noticias\/#\/schema\/logo\/image\/","url":"https:\/\/files.sunoresearch.com.br\/n\/uploads\/2021\/09\/suno-logo.png","contentUrl":"https:\/\/files.sunoresearch.com.br\/n\/uploads\/2021\/09\/suno-logo.png","width":180,"height":180,"caption":"Suno Not\u00edcias"},"image":{"@id":"https:\/\/www.suno.com.br\/noticias\/#\/schema\/logo\/image\/"},"sameAs":["https:\/\/facebook.com\/sunoresearch","https:\/\/x.com\/sunoresearch","https:\/\/www.instagram.com\/suno","https:\/\/www.linkedin.com\/company\/suno-research\/","https:\/\/www.youtube.com\/c\/sunoresearch"]},{"@type":"Person","@id":"https:\/\/www.suno.com.br\/noticias\/#\/schema\/person\/c1b1bd3727fa852bd045e9dbff3673ea","name":"Reda\u00e7\u00e3o Suno Not\u00edcias","image":{"@type":"ImageObject","inLanguage":"pt-BR","@id":"https:\/\/www.suno.com.br\/noticias\/#\/schema\/person\/image\/","url":"https:\/\/secure.gravatar.com\/avatar\/b8104b9b5a71985d5238ee59fbe418af?s=96&r=g","contentUrl":"https:\/\/secure.gravatar.com\/avatar\/b8104b9b5a71985d5238ee59fbe418af?s=96&r=g","caption":"Reda\u00e7\u00e3o Suno Not\u00edcias"},"description":"O Suno Not\u00edcias \u00e9 um portal de informa\u00e7\u00f5es sobre Mercado Financeiro, Pol\u00edtica, Neg\u00f3cios, Economia e Finan\u00e7as Pessoais.","sameAs":["https:\/\/www.suno.com.br\/noticias","https:\/\/www.facebook.com\/sunonoticias\/","https:\/\/www.instagram.com\/sunonoticias\/","https:\/\/x.com\/https:\/\/twitter.com\/sunoresearch","https:\/\/www.youtube.com\/sunonoticias"],"url":"https:\/\/www.suno.com.br\/noticias\/author\/redacao-suno\/"}]}},"default_loop_html":"<div class=\"cardsPage__listCard__boxs\"><div class=\"cardsPage__listCard__boxs__img\"><a href=\"https:\/\/www.suno.com.br\/noticias\/dolar-fechamento-170425\/\"><img class=\"mask\" src=\"https:\/\/www.suno.com.br\/noticias\/wp-content\/themes\/suno\/resources\/images\/spotlight\/spotlight1img\/bg-mask.png\" alt=\"Image Mask\"\/><img src=\"https:\/\/files.sunoresearch.com.br\/n\/uploads\/2024\/04\/dolar-eua-cambio-400x200.jpg\" alt=\"D\u00f3lar cai mais de 1% e fecha a R$ 5,80 em dia de altas de divisas emergentes e do petr\u00f3leo\"\/><\/a><span class=\"spotlightCategory\"><a href=\"https:\/\/www.suno.com.br\/noticias\/mercado\/\">Mercado<\/a><\/span><\/div><div class=\"cardsPage__listCard__boxs__content\"><a href=\"https:\/\/www.suno.com.br\/noticias\/dolar-fechamento-170425\/\"><h2 class=\"content__title\">D\u00f3lar cai mais de 1% e fecha a R$ 5,80 em dia de altas de divisas emergentes e do petr\u00f3leo<\/h2><\/a><div class=\"newsContent__article__meta\"><div class=\"newsContent__article__meta__authorBox\"><a href=\"https:\/\/www.suno.com.br\/noticias\/author\/redacao-suno\/\" class=\"authorBox__avatar noMobi\"><img src=\"https:\/\/files.sunoresearch.com.br\/n\/uploads\/2020\/08\/0ace682d-redacao-1-150x150.webp\" alt=\"Reda\u00e7\u00e3o Suno Not\u00edcias\"><\/a><div class=\"authorBox__name\"><span>por\n\t\t\t<a href=\"https:\/\/www.suno.com.br\/noticias\/author\/redacao-suno\/\"><span itemprop=\"author\">Reda\u00e7\u00e3o Suno Not\u00edcias<\/span><\/a><\/span><time datetime=\"2025-04-17T20:59:58-03:00\" itemprop=\"datePublished\">17\/04\/2025 20:59<\/time><\/div><\/div><\/div><\/div><\/div>","single_layout":"posts","amp_enabled":true,"_links":{"self":[{"href":"https:\/\/www.suno.com.br\/noticias\/wp-json\/wp\/v2\/posts\/602128"}],"collection":[{"href":"https:\/\/www.suno.com.br\/noticias\/wp-json\/wp\/v2\/posts"}],"about":[{"href":"https:\/\/www.suno.com.br\/noticias\/wp-json\/wp\/v2\/types\/post"}],"author":[{"embeddable":true,"href":"https:\/\/www.suno.com.br\/noticias\/wp-json\/wp\/v2\/users\/43"}],"replies":[{"embeddable":true,"href":"https:\/\/www.suno.com.br\/noticias\/wp-json\/wp\/v2\/comments?post=602128"}],"version-history":[{"count":1,"href":"https:\/\/www.suno.com.br\/noticias\/wp-json\/wp\/v2\/posts\/602128\/revisions"}],"predecessor-version":[{"id":602149,"href":"https:\/\/www.suno.com.br\/noticias\/wp-json\/wp\/v2\/posts\/602128\/revisions\/602149"}],"wp:featuredmedia":[{"embeddable":true,"href":"https:\/\/www.suno.com.br\/noticias\/wp-json\/wp\/v2\/media\/544434"}],"wp:attachment":[{"href":"https:\/\/www.suno.com.br\/noticias\/wp-json\/wp\/v2\/media?parent=602128"}],"wp:term":[{"taxonomy":"category","embeddable":true,"href":"https:\/\/www.suno.com.br\/noticias\/wp-json\/wp\/v2\/categories?post=602128"},{"taxonomy":"post_tag","embeddable":true,"href":"https:\/\/www.suno.com.br\/noticias\/wp-json\/wp\/v2\/tags?post=602128"},{"taxonomy":"suno_strategy","embeddable":true,"href":"https:\/\/www.suno.com.br\/noticias\/wp-json\/wp\/v2\/suno_strategy?post=602128"}],"curies":[{"name":"wp","href":"https:\/\/api.w.org\/{rel}","templated":true}]}}