{"id":601582,"date":"2025-04-14T17:55:17","date_gmt":"2025-04-14T20:55:17","guid":{"rendered":"https:\/\/www.suno.com.br\/noticias\/?p=601582"},"modified":"2025-04-14T17:55:20","modified_gmt":"2025-04-14T20:55:20","slug":"trump-promete-tarifas-farmacos-ajuda-montadoras","status":"publish","type":"post","link":"https:\/\/www.suno.com.br\/noticias\/trump-promete-tarifas-farmacos-ajuda-montadoras\/","title":{"rendered":"Trump promete tarifas sobre f\u00e1rmacos e ajuda \u00e0s montadoras"},"content":{"rendered":"<p>O presidente dos Estados Unidos, Donald <strong>Trump<\/strong>, voltou a defender sua pol\u00edtica de tarifas durante coletiva nesta segunda-feira (14), prometendo sobretaxar o setor farmac\u00eautico &#8220;muito em breve&#8221; e acenando com possibilidade de ajuda \u00e0s montadoras de autom\u00f3veis.<\/p>\t<div class=\"wrapper-featured-image\">\n\t\t<figure class=\"spotlightImg\">\n\n\t\t\t<picture>\n\t\t\t\t<source media=\"(max-width: 768px)\" srcset=\"https:\/\/files.sunoresearch.com.br\/n\/uploads\/2025\/04\/Trump-evento-CPAC-400x200.jpg\">\n\t\t\t\t<img loading=\"lazy\" decoding=\"async\" class=\"newsContent__article__imgCapa lazyloadDisabled \" src=\"https:\/\/files.sunoresearch.com.br\/n\/uploads\/2025\/04\/Trump-evento-CPAC-800x450.jpg\" width=\"800\" height=\"450\" alt=\"Trump promete tarifas sobre f\u00e1rmacos e ajuda \u00e0s montadoras\" fetchpriority=high \/>\n\t\t\t<\/picture>\n\n\t\t\t<figcaption class=\"wp-caption-text wp-caption-text--show\">Donald Trump - Foto: Casa Branca<\/figcaption>\n\t\t<\/figure>\n\t<\/div>\n\n\n\n\n\n\t<p>\n\t\t<a href=\"\" target=\"_blank\" data-element=\"shortcode-suno-banner\" title=\"Banner SUNO, clique e saiba mais\">\n\t\t\t<picture>\n\t\t\t\t<source media=\"(max-width: 500px)\" srcset=\"\">\n\t\t\t\t<img class=\"newsContent__article__imgCapa newsContent__article__imgCapa--banner\"\n\t\t\t\t\tsrc=\"\"\n\t\t\t\t\tdata-promo-id=\"240038\"\t\t\t\t\t\t\t\t\t\t\t\t\t\t\talt=\"\"\n\t\t\t\t>\n\t\t\t<\/picture>\n\t\t<\/a>\n\t<\/p>\n\n\n\n\n\n<p>&#8220;<strong>Tarifas <\/strong>sobre f\u00e1rmacos vir\u00e3o em futuro. Companhias farmac\u00eauticas est\u00e3o em outros lugares, como China, n\u00e3o mais nos EUA. N\u00e3o produzimos mais os nossos medicamentos&#8221;, disse, criticando a depend\u00eancia internacional do pa\u00eds. Para Trump, &#8220;quanto maiores as tarifas, mais r\u00e1pido as empresas v\u00eam para c\u00e1&#8221;.<\/p>\n\n\n\n<p>Ele usou como exemplo a Nvidia, fabricante de microchips que anunciou, pela primeira vez, a produ\u00e7\u00e3o de supercomputadores de intelig\u00eancia artificial (IA) inteiramente nos Estados Unidos. Segundo a empresa, o projeto ser\u00e1 viabilizado em parceria com ind\u00fastrias que v\u00e3o construir f\u00e1bricas no Arizona e no Texas.<\/p>\n\n\n\n<p>\u201cOs motores da infraestrutura de IA do mundo est\u00e3o sendo constru\u00eddos nos Estados Unidos pela primeira vez\u201d, disse <a class=\"suno-keyword\" target=\"_blank\" data-force=\"no\" data-priority=\"2\" href=\"https:\/\/www.suno.com.br\/tudo-sobre\/jensen-huang\/\" rel=\"noopener\">Jensen Huang<\/a>, fundador e CEO da <strong>Nvidia<\/strong>. Embora a empresa n\u00e3o tenha citado diretamente a quest\u00e3o das tarifas, ela foi citada diretamente pelo presidente norte-americano. &#8220;A Nvidia anunciou investimentos nos EUA por conta das tarifas&#8221;, afirmou. <\/p>\n\n\n\t<p>\n\t\t<a href=\"https:\/\/lp.suno.com.br\/planilha-da-vida-financeira\/\" target=\"_blank\" data-element=\"shortcode-suno-banner\" title=\"Banner SUNO, clique e saiba mais\">\n\t\t\t<picture>\n\t\t\t\t<source media=\"(max-width: 500px)\" srcset=\"https:\/\/files.sunoresearch.com.br\/n\/uploads\/2023\/04\/400x300-Planilha-vida-financeira-true.png\">\n\t\t\t\t<img class=\"newsContent__article__imgCapa newsContent__article__imgCapa--banner\"\n\t\t\t\t\tsrc=\"https:\/\/files.sunoresearch.com.br\/n\/uploads\/2023\/04\/1420x240-Planilha-vida-financeira-true.png\"\n\t\t\t\t\tdata-promo-id=\"383123\"\t\t\t\t\t\t\t\t\t\twidth='1420' height='240'\t\t\t\t\talt=\"https:\/\/files.sunoresearch.com.br\/n\/uploads\/2023\/04\/1420x240-Planilha-vida-financeira-true.png\"\n\t\t\t\t>\n\t\t\t<\/picture>\n\t\t<\/a>\n\t<\/p>\n\n\n\n\n\n<h2 class=\"wp-block-heading\">Trump: &#8220;Tudo que preciso fazer \u00e9 tarifar&#8221;<\/h2>\n\n\n\n<p>Ao lado do presidente de El Salvador, <strong>Nayib Bukele<\/strong>, Donald Trump prometeu buscar sa\u00eddas para aliviar os impactos das tarifas sobre a ind\u00fastria automobil\u00edstica. &#8220;Estou vendo uma maneira de ajudar montadoras de ve\u00edculos&#8221;, afirmou. &#8220;As montadoras precisam de um pouco mais de tempo para se ajustar&#8221;, disse.<\/p>\n\n\n\n<p>Ele sugeriu que as medidas podem incluir poss\u00edveis mudan\u00e7as no <a class=\"suno-keyword\" target=\"_blank\" data-force=\"no\" data-priority=\"1\" href=\"https:\/\/www.suno.com.br\/artigos\/acordo-comercial\/\" rel=\"noopener\">acordo comercial<\/a> <strong>USMCA<\/strong>, assinado com os vizinhos M\u00e9xico e Canad\u00e1. Afirmou ainda que o pa\u00eds &#8220;est\u00e1 fazendo US$ 3 bilh\u00f5es por dia&#8221; ap\u00f3s as tarifas, sem explicar se o valor significa aumento de arrecada\u00e7\u00e3o com impostos de importa\u00e7\u00e3o.<\/p>\n\n\n\n<p>Ele tamb\u00e9m disse que &#8220;depois de Deus, amor e fam\u00edlia, tarifa \u00e9 a palavra mais bonita do dicion\u00e1rio&#8221;. E completou: &#8220;Tudo que preciso fazer, \u00e9 tarifar.&#8221; Por mim, <strong>Trump <\/strong>declarou que a infla\u00e7\u00e3o nos Estados Unidos j\u00e1 est\u00e1 sob controle. &#8220;J\u00e1 resolvemos o problema de infla\u00e7\u00e3o no pa\u00eds. Os n\u00fameros est\u00e3o \u00f3timos&#8221;, concluiu.<\/p>\n\n\n\n\n\n<p class=\"newsProviderSignature\"><em>Com Estad\u00e3o Conte\u00fado<\/em><\/p>\n\n\n\t<p>\n\t\t<a href=\"https:\/\/lp.suno.com.br\/ebook-gratuito-investindo-no-exterior\/\" target=\"_blank\" data-element=\"shortcode-suno-banner\" title=\"Banner SUNO, clique e saiba mais\">\n\t\t\t<picture>\n\t\t\t\t<source media=\"(max-width: 500px)\" srcset=\"https:\/\/files.sunoresearch.com.br\/n\/uploads\/2023\/03\/400x300-Investindo-no-exterior.png\">\n\t\t\t\t<img class=\"newsContent__article__imgCapa newsContent__article__imgCapa--banner\"\n\t\t\t\t\tsrc=\"https:\/\/files.sunoresearch.com.br\/n\/uploads\/2023\/03\/1420x240-Investindo-no-exterior.png\"\n\t\t\t\t\tdata-promo-id=\"383161\"\t\t\t\t\t\t\t\t\t\twidth='1420' height='240'\t\t\t\t\talt=\"https:\/\/files.sunoresearch.com.br\/n\/uploads\/2023\/03\/1420x240-Investindo-no-exterior.png\"\n\t\t\t\t>\n\t\t\t<\/picture>\n\t\t<\/a>\n\t<\/p>\n\n\n","protected":false},"excerpt":{"rendered":"<p>O presidente dos Estados Unidos, Donald Trump, voltou a defender sua pol\u00edtica de tarifas durante coletiva nesta segunda-feira (14), prometendo sobretaxar o setor farmac\u00eautico &#8220;muito em breve&#8221; e acenando com possibilidade de ajuda \u00e0s montadoras de autom\u00f3veis. Donald Trump &#8211; Foto: Casa Branca &#8220;Tarifas sobre f\u00e1rmacos vir\u00e3o em futuro. Companhias farmac\u00eauticas est\u00e3o em outros lugares, [&hellip;]<\/p>\n","protected":false},"author":43,"featured_media":601619,"comment_status":"closed","ping_status":"closed","sticky":false,"template":"","format":"standard","meta":[],"categories":[62],"tags":[724,793],"suno_strategy":[],"class_list":["post-601582","post","type-post","status-publish","format-standard","has-post-thumbnail","hentry","category-economia","tag-donald-trump","tag-estados-unidos-eua"],"yoast_head":"<!-- This site is optimized with the Yoast SEO plugin v24.4 - https:\/\/yoast.com\/wordpress\/plugins\/seo\/ -->\n<title>Trump promete tarifas sobre f\u00e1rmacos e ajuda \u00e0s montadoras<\/title>\n<meta name=\"description\" content=\"Trump voltou a defender sua pol\u00edtica de tarifas durante coletiva, prometendo sobretaxar o setor farmac\u00eautico &quot;muito em breve&quot;.\" \/>\n<meta name=\"robots\" content=\"index, follow, max-snippet:-1, max-image-preview:large, max-video-preview:-1\" \/>\n<link rel=\"canonical\" href=\"https:\/\/www.suno.com.br\/noticias\/trump-promete-tarifas-farmacos-ajuda-montadoras\/\" \/>\n<meta property=\"og:locale\" content=\"pt_BR\" \/>\n<meta property=\"og:type\" content=\"article\" \/>\n<meta property=\"og:title\" content=\"Trump promete tarifas sobre f\u00e1rmacos e ajuda \u00e0s montadoras\" \/>\n<meta property=\"og:description\" content=\"Trump voltou a defender sua pol\u00edtica de tarifas durante coletiva, prometendo sobretaxar o setor farmac\u00eautico &quot;muito em breve&quot;.\" \/>\n<meta property=\"og:url\" content=\"https:\/\/www.suno.com.br\/noticias\/trump-promete-tarifas-farmacos-ajuda-montadoras\/\" \/>\n<meta property=\"og:site_name\" content=\"Suno Not\u00edcias\" \/>\n<meta property=\"article:publisher\" content=\"https:\/\/facebook.com\/sunoresearch\" \/>\n<meta property=\"article:author\" content=\"https:\/\/www.facebook.com\/sunonoticias\/\" \/>\n<meta property=\"og:image\" content=\"https:\/\/files.sunoresearch.com.br\/n\/uploads\/2025\/04\/Trump-evento-CPAC-scaled.jpg\" \/>\n\t<meta property=\"og:image:width\" content=\"2560\" \/>\n\t<meta property=\"og:image:height\" content=\"1707\" \/>\n\t<meta property=\"og:image:type\" content=\"image\/jpeg\" \/>\n<meta name=\"author\" content=\"Reda\u00e7\u00e3o Suno Not\u00edcias\" \/>\n<meta name=\"twitter:card\" content=\"summary_large_image\" \/>\n<meta name=\"twitter:creator\" content=\"@https:\/\/twitter.com\/sunoresearch\" \/>\n<meta name=\"twitter:site\" content=\"@sunoresearch\" \/>\n<meta name=\"twitter:label1\" content=\"Escrito por\" \/>\n\t<meta name=\"twitter:data1\" content=\"Reda\u00e7\u00e3o Suno Not\u00edcias\" \/>\n\t<meta name=\"twitter:label2\" content=\"Est. tempo de leitura\" \/>\n\t<meta name=\"twitter:data2\" content=\"3 minutos\" \/>\n<script type=\"application\/ld+json\" class=\"yoast-schema-graph\">{\"@context\":\"https:\/\/schema.org\",\"@graph\":[{\"@type\":\"NewsArticle\",\"@id\":\"https:\/\/www.suno.com.br\/noticias\/trump-promete-tarifas-farmacos-ajuda-montadoras\/#article\",\"isPartOf\":{\"@id\":\"https:\/\/www.suno.com.br\/noticias\/trump-promete-tarifas-farmacos-ajuda-montadoras\/\"},\"author\":{\"name\":\"Reda\u00e7\u00e3o Suno Not\u00edcias\",\"@id\":\"https:\/\/www.suno.com.br\/noticias\/#\/schema\/person\/c1b1bd3727fa852bd045e9dbff3673ea\"},\"headline\":\"Trump promete tarifas sobre f\u00e1rmacos e ajuda \u00e0s montadoras\",\"datePublished\":\"2025-04-14T20:55:17+00:00\",\"dateModified\":\"2025-04-14T20:55:20+00:00\",\"mainEntityOfPage\":{\"@id\":\"https:\/\/www.suno.com.br\/noticias\/trump-promete-tarifas-farmacos-ajuda-montadoras\/\"},\"wordCount\":397,\"publisher\":{\"@id\":\"https:\/\/www.suno.com.br\/noticias\/#organization\"},\"image\":{\"@id\":\"https:\/\/www.suno.com.br\/noticias\/trump-promete-tarifas-farmacos-ajuda-montadoras\/#primaryimage\"},\"thumbnailUrl\":\"https:\/\/files.sunoresearch.com.br\/n\/uploads\/2025\/04\/Trump-evento-CPAC-scaled.jpg\",\"keywords\":[\"Donald Trump\",\"Estados Unidos (EUA)\"],\"articleSection\":[\"Economia\"],\"inLanguage\":\"pt-BR\"},{\"@type\":\"WebPage\",\"@id\":\"https:\/\/www.suno.com.br\/noticias\/trump-promete-tarifas-farmacos-ajuda-montadoras\/\",\"url\":\"https:\/\/www.suno.com.br\/noticias\/trump-promete-tarifas-farmacos-ajuda-montadoras\/\",\"name\":\"Trump promete tarifas sobre f\u00e1rmacos e ajuda \u00e0s montadoras\",\"isPartOf\":{\"@id\":\"https:\/\/www.suno.com.br\/noticias\/#website\"},\"primaryImageOfPage\":{\"@id\":\"https:\/\/www.suno.com.br\/noticias\/trump-promete-tarifas-farmacos-ajuda-montadoras\/#primaryimage\"},\"image\":{\"@id\":\"https:\/\/www.suno.com.br\/noticias\/trump-promete-tarifas-farmacos-ajuda-montadoras\/#primaryimage\"},\"thumbnailUrl\":\"https:\/\/files.sunoresearch.com.br\/n\/uploads\/2025\/04\/Trump-evento-CPAC-scaled.jpg\",\"datePublished\":\"2025-04-14T20:55:17+00:00\",\"dateModified\":\"2025-04-14T20:55:20+00:00\",\"description\":\"Trump voltou a defender sua pol\u00edtica de tarifas durante coletiva, prometendo sobretaxar o setor farmac\u00eautico \\\"muito em breve\\\".\",\"breadcrumb\":{\"@id\":\"https:\/\/www.suno.com.br\/noticias\/trump-promete-tarifas-farmacos-ajuda-montadoras\/#breadcrumb\"},\"inLanguage\":\"pt-BR\",\"potentialAction\":[{\"@type\":\"ReadAction\",\"target\":[\"https:\/\/www.suno.com.br\/noticias\/trump-promete-tarifas-farmacos-ajuda-montadoras\/\"]}]},{\"@type\":\"ImageObject\",\"inLanguage\":\"pt-BR\",\"@id\":\"https:\/\/www.suno.com.br\/noticias\/trump-promete-tarifas-farmacos-ajuda-montadoras\/#primaryimage\",\"url\":\"https:\/\/files.sunoresearch.com.br\/n\/uploads\/2025\/04\/Trump-evento-CPAC-scaled.jpg\",\"contentUrl\":\"https:\/\/files.sunoresearch.com.br\/n\/uploads\/2025\/04\/Trump-evento-CPAC-scaled.jpg\",\"width\":2560,\"height\":1707,\"caption\":\"Donald Trump - Foto: Casa Branca\"},{\"@type\":\"BreadcrumbList\",\"@id\":\"https:\/\/www.suno.com.br\/noticias\/trump-promete-tarifas-farmacos-ajuda-montadoras\/#breadcrumb\",\"itemListElement\":[{\"@type\":\"ListItem\",\"position\":1,\"name\":\"Not\u00edcias\",\"item\":\"https:\/\/www.suno.com.br\/noticias\/\"},{\"@type\":\"ListItem\",\"position\":2,\"name\":\"Economia\",\"item\":\"https:\/\/www.suno.com.br\/noticias\/economia\/\"},{\"@type\":\"ListItem\",\"position\":3,\"name\":\"Trump promete tarifas sobre f\u00e1rmacos e ajuda \u00e0s montadoras\"}]},{\"@type\":\"WebSite\",\"@id\":\"https:\/\/www.suno.com.br\/noticias\/#website\",\"url\":\"https:\/\/www.suno.com.br\/noticias\/\",\"name\":\"Suno Not\u00edcias\",\"description\":\"Seu portal de informa\u00e7\u00e3o sobre o mundo dos investimentos\",\"publisher\":{\"@id\":\"https:\/\/www.suno.com.br\/noticias\/#organization\"},\"potentialAction\":[{\"@type\":\"SearchAction\",\"target\":{\"@type\":\"EntryPoint\",\"urlTemplate\":\"https:\/\/www.suno.com.br\/noticias\/?s={search_term_string}\"},\"query-input\":{\"@type\":\"PropertyValueSpecification\",\"valueRequired\":true,\"valueName\":\"search_term_string\"}}],\"inLanguage\":\"pt-BR\"},{\"@type\":\"Organization\",\"@id\":\"https:\/\/www.suno.com.br\/noticias\/#organization\",\"name\":\"Suno Not\u00edcias\",\"url\":\"https:\/\/www.suno.com.br\/noticias\/\",\"logo\":{\"@type\":\"ImageObject\",\"inLanguage\":\"pt-BR\",\"@id\":\"https:\/\/www.suno.com.br\/noticias\/#\/schema\/logo\/image\/\",\"url\":\"https:\/\/files.sunoresearch.com.br\/n\/uploads\/2021\/09\/suno-logo.png\",\"contentUrl\":\"https:\/\/files.sunoresearch.com.br\/n\/uploads\/2021\/09\/suno-logo.png\",\"width\":180,\"height\":180,\"caption\":\"Suno Not\u00edcias\"},\"image\":{\"@id\":\"https:\/\/www.suno.com.br\/noticias\/#\/schema\/logo\/image\/\"},\"sameAs\":[\"https:\/\/facebook.com\/sunoresearch\",\"https:\/\/x.com\/sunoresearch\",\"https:\/\/www.instagram.com\/suno\",\"https:\/\/www.linkedin.com\/company\/suno-research\/\",\"https:\/\/www.youtube.com\/c\/sunoresearch\"]},{\"@type\":\"Person\",\"@id\":\"https:\/\/www.suno.com.br\/noticias\/#\/schema\/person\/c1b1bd3727fa852bd045e9dbff3673ea\",\"name\":\"Reda\u00e7\u00e3o Suno Not\u00edcias\",\"image\":{\"@type\":\"ImageObject\",\"inLanguage\":\"pt-BR\",\"@id\":\"https:\/\/www.suno.com.br\/noticias\/#\/schema\/person\/image\/\",\"url\":\"https:\/\/secure.gravatar.com\/avatar\/b8104b9b5a71985d5238ee59fbe418af?s=96&r=g\",\"contentUrl\":\"https:\/\/secure.gravatar.com\/avatar\/b8104b9b5a71985d5238ee59fbe418af?s=96&r=g\",\"caption\":\"Reda\u00e7\u00e3o Suno Not\u00edcias\"},\"description\":\"O Suno Not\u00edcias \u00e9 um portal de informa\u00e7\u00f5es sobre Mercado Financeiro, Pol\u00edtica, Neg\u00f3cios, Economia e Finan\u00e7as Pessoais.\",\"sameAs\":[\"https:\/\/www.suno.com.br\/noticias\",\"https:\/\/www.facebook.com\/sunonoticias\/\",\"https:\/\/www.instagram.com\/sunonoticias\/\",\"https:\/\/x.com\/https:\/\/twitter.com\/sunoresearch\",\"https:\/\/www.youtube.com\/sunonoticias\"],\"url\":\"https:\/\/www.suno.com.br\/noticias\/author\/redacao-suno\/\"}]}<\/script>\n<!-- \/ Yoast SEO plugin. -->","yoast_head_json":{"title":"Trump promete tarifas sobre f\u00e1rmacos e ajuda \u00e0s montadoras","description":"Trump voltou a defender sua pol\u00edtica de tarifas durante coletiva, prometendo sobretaxar o setor farmac\u00eautico \"muito em breve\".","robots":{"index":"index","follow":"follow","max-snippet":"max-snippet:-1","max-image-preview":"max-image-preview:large","max-video-preview":"max-video-preview:-1"},"canonical":"https:\/\/www.suno.com.br\/noticias\/trump-promete-tarifas-farmacos-ajuda-montadoras\/","og_locale":"pt_BR","og_type":"article","og_title":"Trump promete tarifas sobre f\u00e1rmacos e ajuda \u00e0s montadoras","og_description":"Trump voltou a defender sua pol\u00edtica de tarifas durante coletiva, prometendo sobretaxar o setor farmac\u00eautico \"muito em breve\".","og_url":"https:\/\/www.suno.com.br\/noticias\/trump-promete-tarifas-farmacos-ajuda-montadoras\/","og_site_name":"Suno Not\u00edcias","article_publisher":"https:\/\/facebook.com\/sunoresearch","article_author":"https:\/\/www.facebook.com\/sunonoticias\/","og_image":[{"width":2560,"height":1707,"url":"https:\/\/files.sunoresearch.com.br\/n\/uploads\/2025\/04\/Trump-evento-CPAC-scaled.jpg","type":"image\/jpeg"}],"author":"Reda\u00e7\u00e3o Suno Not\u00edcias","twitter_card":"summary_large_image","twitter_creator":"@https:\/\/twitter.com\/sunoresearch","twitter_site":"@sunoresearch","twitter_misc":{"Escrito por":"Reda\u00e7\u00e3o Suno Not\u00edcias","Est. tempo de leitura":"3 minutos"},"schema":{"@context":"https:\/\/schema.org","@graph":[{"@type":"NewsArticle","@id":"https:\/\/www.suno.com.br\/noticias\/trump-promete-tarifas-farmacos-ajuda-montadoras\/#article","isPartOf":{"@id":"https:\/\/www.suno.com.br\/noticias\/trump-promete-tarifas-farmacos-ajuda-montadoras\/"},"author":{"name":"Reda\u00e7\u00e3o Suno Not\u00edcias","@id":"https:\/\/www.suno.com.br\/noticias\/#\/schema\/person\/c1b1bd3727fa852bd045e9dbff3673ea"},"headline":"Trump promete tarifas sobre f\u00e1rmacos e ajuda \u00e0s montadoras","datePublished":"2025-04-14T20:55:17+00:00","dateModified":"2025-04-14T20:55:20+00:00","mainEntityOfPage":{"@id":"https:\/\/www.suno.com.br\/noticias\/trump-promete-tarifas-farmacos-ajuda-montadoras\/"},"wordCount":397,"publisher":{"@id":"https:\/\/www.suno.com.br\/noticias\/#organization"},"image":{"@id":"https:\/\/www.suno.com.br\/noticias\/trump-promete-tarifas-farmacos-ajuda-montadoras\/#primaryimage"},"thumbnailUrl":"https:\/\/files.sunoresearch.com.br\/n\/uploads\/2025\/04\/Trump-evento-CPAC-scaled.jpg","keywords":["Donald Trump","Estados Unidos (EUA)"],"articleSection":["Economia"],"inLanguage":"pt-BR"},{"@type":"WebPage","@id":"https:\/\/www.suno.com.br\/noticias\/trump-promete-tarifas-farmacos-ajuda-montadoras\/","url":"https:\/\/www.suno.com.br\/noticias\/trump-promete-tarifas-farmacos-ajuda-montadoras\/","name":"Trump promete tarifas sobre f\u00e1rmacos e ajuda \u00e0s montadoras","isPartOf":{"@id":"https:\/\/www.suno.com.br\/noticias\/#website"},"primaryImageOfPage":{"@id":"https:\/\/www.suno.com.br\/noticias\/trump-promete-tarifas-farmacos-ajuda-montadoras\/#primaryimage"},"image":{"@id":"https:\/\/www.suno.com.br\/noticias\/trump-promete-tarifas-farmacos-ajuda-montadoras\/#primaryimage"},"thumbnailUrl":"https:\/\/files.sunoresearch.com.br\/n\/uploads\/2025\/04\/Trump-evento-CPAC-scaled.jpg","datePublished":"2025-04-14T20:55:17+00:00","dateModified":"2025-04-14T20:55:20+00:00","description":"Trump voltou a defender sua pol\u00edtica de tarifas durante coletiva, prometendo sobretaxar o setor farmac\u00eautico \"muito em breve\".","breadcrumb":{"@id":"https:\/\/www.suno.com.br\/noticias\/trump-promete-tarifas-farmacos-ajuda-montadoras\/#breadcrumb"},"inLanguage":"pt-BR","potentialAction":[{"@type":"ReadAction","target":["https:\/\/www.suno.com.br\/noticias\/trump-promete-tarifas-farmacos-ajuda-montadoras\/"]}]},{"@type":"ImageObject","inLanguage":"pt-BR","@id":"https:\/\/www.suno.com.br\/noticias\/trump-promete-tarifas-farmacos-ajuda-montadoras\/#primaryimage","url":"https:\/\/files.sunoresearch.com.br\/n\/uploads\/2025\/04\/Trump-evento-CPAC-scaled.jpg","contentUrl":"https:\/\/files.sunoresearch.com.br\/n\/uploads\/2025\/04\/Trump-evento-CPAC-scaled.jpg","width":2560,"height":1707,"caption":"Donald Trump - Foto: Casa Branca"},{"@type":"BreadcrumbList","@id":"https:\/\/www.suno.com.br\/noticias\/trump-promete-tarifas-farmacos-ajuda-montadoras\/#breadcrumb","itemListElement":[{"@type":"ListItem","position":1,"name":"Not\u00edcias","item":"https:\/\/www.suno.com.br\/noticias\/"},{"@type":"ListItem","position":2,"name":"Economia","item":"https:\/\/www.suno.com.br\/noticias\/economia\/"},{"@type":"ListItem","position":3,"name":"Trump promete tarifas sobre f\u00e1rmacos e ajuda \u00e0s montadoras"}]},{"@type":"WebSite","@id":"https:\/\/www.suno.com.br\/noticias\/#website","url":"https:\/\/www.suno.com.br\/noticias\/","name":"Suno Not\u00edcias","description":"Seu portal de informa\u00e7\u00e3o sobre o mundo dos investimentos","publisher":{"@id":"https:\/\/www.suno.com.br\/noticias\/#organization"},"potentialAction":[{"@type":"SearchAction","target":{"@type":"EntryPoint","urlTemplate":"https:\/\/www.suno.com.br\/noticias\/?s={search_term_string}"},"query-input":{"@type":"PropertyValueSpecification","valueRequired":true,"valueName":"search_term_string"}}],"inLanguage":"pt-BR"},{"@type":"Organization","@id":"https:\/\/www.suno.com.br\/noticias\/#organization","name":"Suno Not\u00edcias","url":"https:\/\/www.suno.com.br\/noticias\/","logo":{"@type":"ImageObject","inLanguage":"pt-BR","@id":"https:\/\/www.suno.com.br\/noticias\/#\/schema\/logo\/image\/","url":"https:\/\/files.sunoresearch.com.br\/n\/uploads\/2021\/09\/suno-logo.png","contentUrl":"https:\/\/files.sunoresearch.com.br\/n\/uploads\/2021\/09\/suno-logo.png","width":180,"height":180,"caption":"Suno Not\u00edcias"},"image":{"@id":"https:\/\/www.suno.com.br\/noticias\/#\/schema\/logo\/image\/"},"sameAs":["https:\/\/facebook.com\/sunoresearch","https:\/\/x.com\/sunoresearch","https:\/\/www.instagram.com\/suno","https:\/\/www.linkedin.com\/company\/suno-research\/","https:\/\/www.youtube.com\/c\/sunoresearch"]},{"@type":"Person","@id":"https:\/\/www.suno.com.br\/noticias\/#\/schema\/person\/c1b1bd3727fa852bd045e9dbff3673ea","name":"Reda\u00e7\u00e3o Suno Not\u00edcias","image":{"@type":"ImageObject","inLanguage":"pt-BR","@id":"https:\/\/www.suno.com.br\/noticias\/#\/schema\/person\/image\/","url":"https:\/\/secure.gravatar.com\/avatar\/b8104b9b5a71985d5238ee59fbe418af?s=96&r=g","contentUrl":"https:\/\/secure.gravatar.com\/avatar\/b8104b9b5a71985d5238ee59fbe418af?s=96&r=g","caption":"Reda\u00e7\u00e3o Suno Not\u00edcias"},"description":"O Suno Not\u00edcias \u00e9 um portal de informa\u00e7\u00f5es sobre Mercado Financeiro, Pol\u00edtica, Neg\u00f3cios, Economia e Finan\u00e7as Pessoais.","sameAs":["https:\/\/www.suno.com.br\/noticias","https:\/\/www.facebook.com\/sunonoticias\/","https:\/\/www.instagram.com\/sunonoticias\/","https:\/\/x.com\/https:\/\/twitter.com\/sunoresearch","https:\/\/www.youtube.com\/sunonoticias"],"url":"https:\/\/www.suno.com.br\/noticias\/author\/redacao-suno\/"}]}},"default_loop_html":"<div class=\"cardsPage__listCard__boxs\"><div class=\"cardsPage__listCard__boxs__img\"><a href=\"https:\/\/www.suno.com.br\/noticias\/trump-promete-tarifas-farmacos-ajuda-montadoras\/\"><img class=\"mask\" src=\"https:\/\/www.suno.com.br\/noticias\/wp-content\/themes\/suno\/resources\/images\/spotlight\/spotlight1img\/bg-mask.png\" alt=\"Image Mask\"\/><img src=\"https:\/\/files.sunoresearch.com.br\/n\/uploads\/2025\/04\/Trump-evento-CPAC-400x200.jpg\" alt=\"Trump promete tarifas sobre f\u00e1rmacos e ajuda \u00e0s montadoras\"\/><\/a><span class=\"spotlightCategory\"><a href=\"https:\/\/www.suno.com.br\/noticias\/economia\/\">Economia<\/a><\/span><\/div><div class=\"cardsPage__listCard__boxs__content\"><a href=\"https:\/\/www.suno.com.br\/noticias\/trump-promete-tarifas-farmacos-ajuda-montadoras\/\"><h2 class=\"content__title\">Trump promete tarifas sobre f\u00e1rmacos e ajuda \u00e0s montadoras<\/h2><\/a><div class=\"newsContent__article__meta\"><div class=\"newsContent__article__meta__authorBox\"><a href=\"https:\/\/www.suno.com.br\/noticias\/author\/redacao-suno\/\" class=\"authorBox__avatar noMobi\"><img src=\"https:\/\/files.sunoresearch.com.br\/n\/uploads\/2020\/08\/0ace682d-redacao-1-150x150.webp\" alt=\"Reda\u00e7\u00e3o Suno Not\u00edcias\"><\/a><div class=\"authorBox__name\"><span>por\n\t\t\t<a href=\"https:\/\/www.suno.com.br\/noticias\/author\/redacao-suno\/\"><span itemprop=\"author\">Reda\u00e7\u00e3o Suno Not\u00edcias<\/span><\/a><\/span><time datetime=\"2025-04-14T17:55:17-03:00\" itemprop=\"datePublished\">14\/04\/2025 17:55<\/time><\/div><\/div><\/div><\/div><\/div>","single_layout":"posts","amp_enabled":true,"_links":{"self":[{"href":"https:\/\/www.suno.com.br\/noticias\/wp-json\/wp\/v2\/posts\/601582"}],"collection":[{"href":"https:\/\/www.suno.com.br\/noticias\/wp-json\/wp\/v2\/posts"}],"about":[{"href":"https:\/\/www.suno.com.br\/noticias\/wp-json\/wp\/v2\/types\/post"}],"author":[{"embeddable":true,"href":"https:\/\/www.suno.com.br\/noticias\/wp-json\/wp\/v2\/users\/43"}],"replies":[{"embeddable":true,"href":"https:\/\/www.suno.com.br\/noticias\/wp-json\/wp\/v2\/comments?post=601582"}],"version-history":[{"count":1,"href":"https:\/\/www.suno.com.br\/noticias\/wp-json\/wp\/v2\/posts\/601582\/revisions"}],"predecessor-version":[{"id":601621,"href":"https:\/\/www.suno.com.br\/noticias\/wp-json\/wp\/v2\/posts\/601582\/revisions\/601621"}],"wp:featuredmedia":[{"embeddable":true,"href":"https:\/\/www.suno.com.br\/noticias\/wp-json\/wp\/v2\/media\/601619"}],"wp:attachment":[{"href":"https:\/\/www.suno.com.br\/noticias\/wp-json\/wp\/v2\/media?parent=601582"}],"wp:term":[{"taxonomy":"category","embeddable":true,"href":"https:\/\/www.suno.com.br\/noticias\/wp-json\/wp\/v2\/categories?post=601582"},{"taxonomy":"post_tag","embeddable":true,"href":"https:\/\/www.suno.com.br\/noticias\/wp-json\/wp\/v2\/tags?post=601582"},{"taxonomy":"suno_strategy","embeddable":true,"href":"https:\/\/www.suno.com.br\/noticias\/wp-json\/wp\/v2\/suno_strategy?post=601582"}],"curies":[{"name":"wp","href":"https:\/\/api.w.org\/{rel}","templated":true}]}}