{"id":601314,"date":"2025-04-11T11:55:03","date_gmt":"2025-04-11T14:55:03","guid":{"rendered":"https:\/\/www.suno.com.br\/noticias\/?p=601314"},"modified":"2025-04-11T11:55:06","modified_gmt":"2025-04-11T14:55:06","slug":"china-eleva-tarifas-eua-125","status":"publish","type":"post","link":"https:\/\/www.suno.com.br\/noticias\/china-eleva-tarifas-eua-125\/","title":{"rendered":"China eleva tarifas sobre importa\u00e7\u00f5es dos EUA para 125%; UE suspende retalia\u00e7\u00e3o"},"content":{"rendered":"<p>A China anunciou nesta sexta-feira (11) que vai elevar sua tarifa retaliat\u00f3ria sobre importa\u00e7\u00f5es dos EUA de 84% para 125%. A nova tarifa entra em vigor neste s\u00e1bado (12). O governo de Pequim sinalizou, no entanto, que n\u00e3o vai mais igualar eventuais novas eleva\u00e7\u00f5es de tarifas pelos EUA, com o argumento de que as importa\u00e7\u00f5es americanas n\u00e3o s\u00e3o mais comercializ\u00e1veis nos n\u00edveis atuais.<\/p>\t<div class=\"wrapper-featured-image\">\n\t\t<figure class=\"spotlightImg\">\n\n\t\t\t<picture>\n\t\t\t\t<source media=\"(max-width: 768px)\" srcset=\"https:\/\/files.sunoresearch.com.br\/n\/uploads\/2024\/03\/iStock-1432582592-400x200.jpg\">\n\t\t\t\t<img loading=\"lazy\" decoding=\"async\" class=\"newsContent__article__imgCapa lazyloadDisabled \" src=\"https:\/\/files.sunoresearch.com.br\/n\/uploads\/2024\/03\/iStock-1432582592-800x450.jpg\" width=\"800\" height=\"450\" alt=\"China eleva tarifas sobre importa\u00e7\u00f5es dos EUA para 125%; UE suspende retalia\u00e7\u00e3o\" fetchpriority=high \/>\n\t\t\t<\/picture>\n\n\t\t\t<figcaption class=\"wp-caption-text wp-caption-text--show\">China. Foto: iStock<\/figcaption>\n\t\t<\/figure>\n\t<\/div>\n\n\n\n\n\n\t<p>\n\t\t<a href=\"https:\/\/lp.suno.com.br\/planilha-da-vida-financeira\/\" target=\"_blank\" data-element=\"shortcode-suno-banner\" title=\"Banner SUNO, clique e saiba mais\">\n\t\t\t<picture>\n\t\t\t\t<source media=\"(max-width: 500px)\" srcset=\"https:\/\/files.sunoresearch.com.br\/n\/uploads\/2023\/04\/400x300-Planilha-vida-financeira-true.png\">\n\t\t\t\t<img class=\"newsContent__article__imgCapa newsContent__article__imgCapa--banner\"\n\t\t\t\t\tsrc=\"https:\/\/files.sunoresearch.com.br\/n\/uploads\/2023\/04\/1420x240-Planilha-vida-financeira-true.png\"\n\t\t\t\t\tdata-promo-id=\"383123\"\t\t\t\t\t\t\t\t\t\twidth='1420' height='240'\t\t\t\t\talt=\"https:\/\/files.sunoresearch.com.br\/n\/uploads\/2023\/04\/1420x240-Planilha-vida-financeira-true.png\"\n\t\t\t\t>\n\t\t\t<\/picture>\n\t\t<\/a>\n\t<\/p>\n\n\n\n\n\n<p>&#8220;Mesmo que os EUA continuem impondo tarifas mais altas, isso n\u00e3o far\u00e1 mais sentido econ\u00f4mico e se tornar\u00e1 uma piada na hist\u00f3ria da economia mundial&#8221;, diz comunicado da comiss\u00e3o de tarifas do Conselho Estatal chin\u00eas. &#8220;Se os EUA seguirem impondo tarifas a bens chineses exportados para os EUA, a China vai ignorar&#8221;, acrescenta.<\/p>\n\n\n\n<p>O governo chin\u00eas anunciou ainda que o presidente Xi Jinping visitar\u00e1 o Vietn\u00e3, a Mal\u00e1sia e o Camboja na pr\u00f3xima semana, Ser\u00e1 sua primeira viagem ao exterior desde novembro. Os tr\u00eas pa\u00edses do Sudeste Asi\u00e1tico s\u00e3o parceiros comerciais pr\u00f3ximos dos Estados Unidos e da China.<\/p>\n\n\n\n<p>Com o acesso ao mercado americano drasticamente restringido, a China tem falado sobre aprofundar la\u00e7os com outras na\u00e7\u00f5es asi\u00e1ticas. Pequim tamb\u00e9m contatou Europa, Austr\u00e1lia e Ar\u00e1bia Saudita, sugerindo um trabalho em conjunto para lidar com as tarifas estabelecidas pelo presidente <a class=\"suno-keyword\" target=\"_blank\" data-force=\"no\" data-priority=\"2\" href=\"https:\/\/www.suno.com.br\/tudo-sobre\/donald-trump\/\" rel=\"noopener\">Donald Trump<\/a>.<\/p>\n\n\n\n<h2 class=\"wp-block-heading\">China aumenta tarifas; europa suspende retalia\u00e7\u00e3o<\/h2>\n\n\n\n<p>A Comiss\u00e3o Europeia, que \u00e9 o bra\u00e7o executivo da Uni\u00e3o Europeia (UE), anunciou que suspender\u00e1, por 90 dias, medidas de retalia\u00e7\u00e3o aos Estados Unidos. A decis\u00e3o coincide com a pausa anunciada pelo governo Trump em suas novas e abrangentes tarifas sobre parceiros comerciais globais, abrindo espa\u00e7o para uma solu\u00e7\u00e3o negociada.<\/p>\n\n\n\t<p>\n\t\t<a href=\"\" target=\"_blank\" data-element=\"shortcode-suno-banner\" title=\"Banner SUNO, clique e saiba mais\">\n\t\t\t<picture>\n\t\t\t\t<source media=\"(max-width: 500px)\" srcset=\"\">\n\t\t\t\t<img class=\"newsContent__article__imgCapa newsContent__article__imgCapa--banner\"\n\t\t\t\t\tsrc=\"\"\n\t\t\t\t\tdata-promo-id=\"89005\"\t\t\t\t\t\t\t\t\t\t\t\t\t\t\talt=\"\"\n\t\t\t\t>\n\t\t\t<\/picture>\n\t\t<\/a>\n\t<\/p>\n\n\n\n\n\n<p>A presidente da Comiss\u00e3o Europeia, Ursula von der Leyen, disse que o \u00f3rg\u00e3o, que lida com o com\u00e9rcio para os 27 pa\u00edses-membros do bloco, \u201ctomou nota do an\u00fancio do presidente Trump\u201d.<\/p>\n\n\n\n<p>Assim, novas tarifas sobre \u20ac 20,9 bilh\u00f5es (R$ 138,1 bilh\u00f5es) de produtos americanos ser\u00e3o suspensas por 90 dias, porque \u201cqueremos dar uma chance \u00e0s negocia\u00e7\u00f5es\u201d, disse a gestora em comunicado. Mas advertiu: \u201cSe as negocia\u00e7\u00f5es n\u00e3o forem satisfat\u00f3rias, nossas contramedidas entrar\u00e3o em a\u00e7\u00e3o\u201d.<\/p>\n\n\n\n<p>Trump imp\u00f4s uma taxa de 20% sobre os produtos da UE como parte de sua ofensiva protecionista, mas disse na quarta-feira (9) que ela ficaria suspensa por 90 dias para dar aos pa\u00edses a chance de negociar solu\u00e7\u00f5es para as preocupa\u00e7\u00f5es comerciais dos EUA. Os pa\u00edses inclu\u00eddos na pausa ter\u00e3o, por\u00e9m, a tarifa b\u00e1sica de 10% imposta por Trump.<\/p>\n\n\n\n<p>Antes do an\u00fancio de Trump, os pa\u00edses-membros da UE votaram para aprovar um conjunto de tarifas retaliat\u00f3rias sobre US$ 23 bilh\u00f5es (R$ 135,9 bilh\u00f5es) em mercadorias, em resposta \u00e0s tarifas de 25% sobre o a\u00e7o e o alum\u00ednio importados que entraram em vigor em mar\u00e7o. Para a UE, maior parceiro comercial dos EUA, as tarifas s\u00e3o \u201cinjustificadas e prejudiciais\u201d.<\/p>\n\n\n\n<p>As tarifas da UE foram definidas para entrar em vigor por etapas, algumas em 15 de abril, e outras em 15 de maio e 1.\u00ba de dezembro. A comiss\u00e3o da UE n\u00e3o forneceu a lista dos produtos.<\/p>\n\n\n\n<p>Os pa\u00edses membros da UE \u2013 maior bloco comercial do mundo \u2013 disseram que preferem um acordo negociado para resolver uma <a class=\"suno-keyword\" target=\"_blank\" data-force=\"no\" data-priority=\"1\" href=\"https:\/\/www.suno.com.br\/artigos\/guerra-comercial\/\" rel=\"noopener\">guerra comercial<\/a> que prejudica as economias de ambos os lados. A principal autoridade comercial do bloco tem se deslocado entre Bruxelas e Washington h\u00e1 semanas, tentando evitar um conflito.<\/p>\n\n\n\n<p>Os produtos visados s\u00e3o uma pequena fra\u00e7\u00e3o do \u20ac 1,6 trilh\u00e3o (R$ 10,5 trilh\u00f5es) do com\u00e9rcio anual entre os EUA e a UE. Cerca de \u20ac 4,4 bilh\u00f5es (R$ 29 bilh\u00f5es) em mercadorias e servi\u00e7os cruzam o Atl\u00e2ntico todos os dias, no que a Comiss\u00e3o Europeia chama de \u201ca rela\u00e7\u00e3o comercial mais importante do mundo\u201d.<\/p>\n\n\n\n\n\n<p class=\"newsProviderSignature\"><em>Com Estad\u00e3o Conte\u00fado<\/em><\/p>\n\n\n\t<p>\n\t\t<a href=\"https:\/\/lp.suno.com.br\/minicurso-investindo-fiis\/\" target=\"_blank\" data-element=\"shortcode-suno-banner\" title=\"Banner SUNO, clique e saiba mais\">\n\t\t\t<picture>\n\t\t\t\t<source media=\"(max-width: 500px)\" srcset=\"https:\/\/files.sunoresearch.com.br\/n\/uploads\/2023\/03\/400x300-Minicurso-FIIS.png\">\n\t\t\t\t<img class=\"newsContent__article__imgCapa newsContent__article__imgCapa--banner\"\n\t\t\t\t\tsrc=\"https:\/\/files.sunoresearch.com.br\/n\/uploads\/2023\/03\/1420x240-Minicurso-FIIS.png\"\n\t\t\t\t\tdata-promo-id=\"383125\"\t\t\t\t\t\t\t\t\t\twidth='1420' height='240'\t\t\t\t\talt=\"https:\/\/files.sunoresearch.com.br\/n\/uploads\/2023\/03\/1420x240-Minicurso-FIIS.png\"\n\t\t\t\t>\n\t\t\t<\/picture>\n\t\t<\/a>\n\t<\/p>\n\n\n","protected":false},"excerpt":{"rendered":"<p>A China anunciou nesta sexta-feira (11) que vai elevar sua tarifa retaliat\u00f3ria sobre importa\u00e7\u00f5es dos EUA de 84% para 125%. A nova tarifa entra em vigor neste s\u00e1bado (12). O governo de Pequim sinalizou, no entanto, que n\u00e3o vai mais igualar eventuais novas eleva\u00e7\u00f5es de tarifas pelos EUA, com o argumento de que as importa\u00e7\u00f5es [&hellip;]<\/p>\n","protected":false},"author":43,"featured_media":533426,"comment_status":"closed","ping_status":"closed","sticky":false,"template":"","format":"standard","meta":[],"categories":[62],"tags":[],"suno_strategy":[],"class_list":["post-601314","post","type-post","status-publish","format-standard","has-post-thumbnail","hentry","category-economia"],"yoast_head":"<!-- This site is optimized with the Yoast SEO plugin v24.4 - https:\/\/yoast.com\/wordpress\/plugins\/seo\/ -->\n<title>China eleva tarifas sobre importa\u00e7\u00f5es dos EUA para 125%<\/title>\n<meta name=\"description\" content=\"China anunciou que medida \u00e9 a \u00faltima resposta \u00e0 tarifa de 145% anunciada por Trump; UE suspendeu medidas de retalia\u00e7\u00e3o.\" \/>\n<meta name=\"robots\" content=\"index, follow, max-snippet:-1, max-image-preview:large, max-video-preview:-1\" \/>\n<link rel=\"canonical\" href=\"https:\/\/www.suno.com.br\/noticias\/china-eleva-tarifas-eua-125\/\" \/>\n<meta property=\"og:locale\" content=\"pt_BR\" \/>\n<meta property=\"og:type\" content=\"article\" \/>\n<meta property=\"og:title\" content=\"China eleva tarifas sobre importa\u00e7\u00f5es dos EUA para 125%\" \/>\n<meta property=\"og:description\" content=\"China anunciou que medida \u00e9 a \u00faltima resposta \u00e0 tarifa de 145% anunciada por Trump; UE suspendeu medidas de retalia\u00e7\u00e3o.\" \/>\n<meta property=\"og:url\" content=\"https:\/\/www.suno.com.br\/noticias\/china-eleva-tarifas-eua-125\/\" \/>\n<meta property=\"og:site_name\" content=\"Suno Not\u00edcias\" \/>\n<meta property=\"article:publisher\" content=\"https:\/\/facebook.com\/sunoresearch\" \/>\n<meta property=\"article:author\" content=\"https:\/\/www.facebook.com\/sunonoticias\/\" \/>\n<meta property=\"og:image\" content=\"https:\/\/files.sunoresearch.com.br\/n\/uploads\/2024\/03\/iStock-1432582592.jpg\" \/>\n\t<meta property=\"og:image:width\" content=\"1254\" \/>\n\t<meta property=\"og:image:height\" content=\"836\" \/>\n\t<meta property=\"og:image:type\" content=\"image\/jpeg\" \/>\n<meta name=\"author\" content=\"Reda\u00e7\u00e3o Suno Not\u00edcias\" \/>\n<meta name=\"twitter:card\" content=\"summary_large_image\" \/>\n<meta name=\"twitter:creator\" content=\"@https:\/\/twitter.com\/sunoresearch\" \/>\n<meta name=\"twitter:site\" content=\"@sunoresearch\" \/>\n<meta name=\"twitter:label1\" content=\"Escrito por\" \/>\n\t<meta name=\"twitter:data1\" content=\"Reda\u00e7\u00e3o Suno Not\u00edcias\" \/>\n\t<meta name=\"twitter:label2\" content=\"Est. tempo de leitura\" \/>\n\t<meta name=\"twitter:data2\" content=\"4 minutos\" \/>\n<script type=\"application\/ld+json\" class=\"yoast-schema-graph\">{\"@context\":\"https:\/\/schema.org\",\"@graph\":[{\"@type\":\"NewsArticle\",\"@id\":\"https:\/\/www.suno.com.br\/noticias\/china-eleva-tarifas-eua-125\/#article\",\"isPartOf\":{\"@id\":\"https:\/\/www.suno.com.br\/noticias\/china-eleva-tarifas-eua-125\/\"},\"author\":{\"name\":\"Reda\u00e7\u00e3o Suno Not\u00edcias\",\"@id\":\"https:\/\/www.suno.com.br\/noticias\/#\/schema\/person\/c1b1bd3727fa852bd045e9dbff3673ea\"},\"headline\":\"China eleva tarifas sobre importa\u00e7\u00f5es dos EUA para 125%; UE suspende retalia\u00e7\u00e3o\",\"datePublished\":\"2025-04-11T14:55:03+00:00\",\"dateModified\":\"2025-04-11T14:55:06+00:00\",\"mainEntityOfPage\":{\"@id\":\"https:\/\/www.suno.com.br\/noticias\/china-eleva-tarifas-eua-125\/\"},\"wordCount\":674,\"publisher\":{\"@id\":\"https:\/\/www.suno.com.br\/noticias\/#organization\"},\"image\":{\"@id\":\"https:\/\/www.suno.com.br\/noticias\/china-eleva-tarifas-eua-125\/#primaryimage\"},\"thumbnailUrl\":\"https:\/\/files.sunoresearch.com.br\/n\/uploads\/2024\/03\/iStock-1432582592.jpg\",\"articleSection\":[\"Economia\"],\"inLanguage\":\"pt-BR\"},{\"@type\":\"WebPage\",\"@id\":\"https:\/\/www.suno.com.br\/noticias\/china-eleva-tarifas-eua-125\/\",\"url\":\"https:\/\/www.suno.com.br\/noticias\/china-eleva-tarifas-eua-125\/\",\"name\":\"China eleva tarifas sobre importa\u00e7\u00f5es dos EUA para 125%\",\"isPartOf\":{\"@id\":\"https:\/\/www.suno.com.br\/noticias\/#website\"},\"primaryImageOfPage\":{\"@id\":\"https:\/\/www.suno.com.br\/noticias\/china-eleva-tarifas-eua-125\/#primaryimage\"},\"image\":{\"@id\":\"https:\/\/www.suno.com.br\/noticias\/china-eleva-tarifas-eua-125\/#primaryimage\"},\"thumbnailUrl\":\"https:\/\/files.sunoresearch.com.br\/n\/uploads\/2024\/03\/iStock-1432582592.jpg\",\"datePublished\":\"2025-04-11T14:55:03+00:00\",\"dateModified\":\"2025-04-11T14:55:06+00:00\",\"description\":\"China anunciou que medida \u00e9 a \u00faltima resposta \u00e0 tarifa de 145% anunciada por Trump; UE suspendeu medidas de retalia\u00e7\u00e3o.\",\"breadcrumb\":{\"@id\":\"https:\/\/www.suno.com.br\/noticias\/china-eleva-tarifas-eua-125\/#breadcrumb\"},\"inLanguage\":\"pt-BR\",\"potentialAction\":[{\"@type\":\"ReadAction\",\"target\":[\"https:\/\/www.suno.com.br\/noticias\/china-eleva-tarifas-eua-125\/\"]}]},{\"@type\":\"ImageObject\",\"inLanguage\":\"pt-BR\",\"@id\":\"https:\/\/www.suno.com.br\/noticias\/china-eleva-tarifas-eua-125\/#primaryimage\",\"url\":\"https:\/\/files.sunoresearch.com.br\/n\/uploads\/2024\/03\/iStock-1432582592.jpg\",\"contentUrl\":\"https:\/\/files.sunoresearch.com.br\/n\/uploads\/2024\/03\/iStock-1432582592.jpg\",\"width\":1254,\"height\":836,\"caption\":\"China. Foto: iStock\"},{\"@type\":\"BreadcrumbList\",\"@id\":\"https:\/\/www.suno.com.br\/noticias\/china-eleva-tarifas-eua-125\/#breadcrumb\",\"itemListElement\":[{\"@type\":\"ListItem\",\"position\":1,\"name\":\"Not\u00edcias\",\"item\":\"https:\/\/www.suno.com.br\/noticias\/\"},{\"@type\":\"ListItem\",\"position\":2,\"name\":\"Economia\",\"item\":\"https:\/\/www.suno.com.br\/noticias\/economia\/\"},{\"@type\":\"ListItem\",\"position\":3,\"name\":\"China eleva tarifas sobre importa\u00e7\u00f5es dos EUA para 125%; UE suspende retalia\u00e7\u00e3o\"}]},{\"@type\":\"WebSite\",\"@id\":\"https:\/\/www.suno.com.br\/noticias\/#website\",\"url\":\"https:\/\/www.suno.com.br\/noticias\/\",\"name\":\"Suno Not\u00edcias\",\"description\":\"Seu portal de informa\u00e7\u00e3o sobre o mundo dos investimentos\",\"publisher\":{\"@id\":\"https:\/\/www.suno.com.br\/noticias\/#organization\"},\"potentialAction\":[{\"@type\":\"SearchAction\",\"target\":{\"@type\":\"EntryPoint\",\"urlTemplate\":\"https:\/\/www.suno.com.br\/noticias\/?s={search_term_string}\"},\"query-input\":{\"@type\":\"PropertyValueSpecification\",\"valueRequired\":true,\"valueName\":\"search_term_string\"}}],\"inLanguage\":\"pt-BR\"},{\"@type\":\"Organization\",\"@id\":\"https:\/\/www.suno.com.br\/noticias\/#organization\",\"name\":\"Suno Not\u00edcias\",\"url\":\"https:\/\/www.suno.com.br\/noticias\/\",\"logo\":{\"@type\":\"ImageObject\",\"inLanguage\":\"pt-BR\",\"@id\":\"https:\/\/www.suno.com.br\/noticias\/#\/schema\/logo\/image\/\",\"url\":\"https:\/\/files.sunoresearch.com.br\/n\/uploads\/2021\/09\/suno-logo.png\",\"contentUrl\":\"https:\/\/files.sunoresearch.com.br\/n\/uploads\/2021\/09\/suno-logo.png\",\"width\":180,\"height\":180,\"caption\":\"Suno Not\u00edcias\"},\"image\":{\"@id\":\"https:\/\/www.suno.com.br\/noticias\/#\/schema\/logo\/image\/\"},\"sameAs\":[\"https:\/\/facebook.com\/sunoresearch\",\"https:\/\/x.com\/sunoresearch\",\"https:\/\/www.instagram.com\/suno\",\"https:\/\/www.linkedin.com\/company\/suno-research\/\",\"https:\/\/www.youtube.com\/c\/sunoresearch\"]},{\"@type\":\"Person\",\"@id\":\"https:\/\/www.suno.com.br\/noticias\/#\/schema\/person\/c1b1bd3727fa852bd045e9dbff3673ea\",\"name\":\"Reda\u00e7\u00e3o Suno Not\u00edcias\",\"image\":{\"@type\":\"ImageObject\",\"inLanguage\":\"pt-BR\",\"@id\":\"https:\/\/www.suno.com.br\/noticias\/#\/schema\/person\/image\/\",\"url\":\"https:\/\/secure.gravatar.com\/avatar\/b8104b9b5a71985d5238ee59fbe418af?s=96&r=g\",\"contentUrl\":\"https:\/\/secure.gravatar.com\/avatar\/b8104b9b5a71985d5238ee59fbe418af?s=96&r=g\",\"caption\":\"Reda\u00e7\u00e3o Suno Not\u00edcias\"},\"description\":\"O Suno Not\u00edcias \u00e9 um portal de informa\u00e7\u00f5es sobre Mercado Financeiro, Pol\u00edtica, Neg\u00f3cios, Economia e Finan\u00e7as Pessoais.\",\"sameAs\":[\"https:\/\/www.suno.com.br\/noticias\",\"https:\/\/www.facebook.com\/sunonoticias\/\",\"https:\/\/www.instagram.com\/sunonoticias\/\",\"https:\/\/x.com\/https:\/\/twitter.com\/sunoresearch\",\"https:\/\/www.youtube.com\/sunonoticias\"],\"url\":\"https:\/\/www.suno.com.br\/noticias\/author\/redacao-suno\/\"}]}<\/script>\n<!-- \/ Yoast SEO plugin. -->","yoast_head_json":{"title":"China eleva tarifas sobre importa\u00e7\u00f5es dos EUA para 125%","description":"China anunciou que medida \u00e9 a \u00faltima resposta \u00e0 tarifa de 145% anunciada por Trump; UE suspendeu medidas de retalia\u00e7\u00e3o.","robots":{"index":"index","follow":"follow","max-snippet":"max-snippet:-1","max-image-preview":"max-image-preview:large","max-video-preview":"max-video-preview:-1"},"canonical":"https:\/\/www.suno.com.br\/noticias\/china-eleva-tarifas-eua-125\/","og_locale":"pt_BR","og_type":"article","og_title":"China eleva tarifas sobre importa\u00e7\u00f5es dos EUA para 125%","og_description":"China anunciou que medida \u00e9 a \u00faltima resposta \u00e0 tarifa de 145% anunciada por Trump; UE suspendeu medidas de retalia\u00e7\u00e3o.","og_url":"https:\/\/www.suno.com.br\/noticias\/china-eleva-tarifas-eua-125\/","og_site_name":"Suno Not\u00edcias","article_publisher":"https:\/\/facebook.com\/sunoresearch","article_author":"https:\/\/www.facebook.com\/sunonoticias\/","og_image":[{"width":1254,"height":836,"url":"https:\/\/files.sunoresearch.com.br\/n\/uploads\/2024\/03\/iStock-1432582592.jpg","type":"image\/jpeg"}],"author":"Reda\u00e7\u00e3o Suno Not\u00edcias","twitter_card":"summary_large_image","twitter_creator":"@https:\/\/twitter.com\/sunoresearch","twitter_site":"@sunoresearch","twitter_misc":{"Escrito por":"Reda\u00e7\u00e3o Suno Not\u00edcias","Est. tempo de leitura":"4 minutos"},"schema":{"@context":"https:\/\/schema.org","@graph":[{"@type":"NewsArticle","@id":"https:\/\/www.suno.com.br\/noticias\/china-eleva-tarifas-eua-125\/#article","isPartOf":{"@id":"https:\/\/www.suno.com.br\/noticias\/china-eleva-tarifas-eua-125\/"},"author":{"name":"Reda\u00e7\u00e3o Suno Not\u00edcias","@id":"https:\/\/www.suno.com.br\/noticias\/#\/schema\/person\/c1b1bd3727fa852bd045e9dbff3673ea"},"headline":"China eleva tarifas sobre importa\u00e7\u00f5es dos EUA para 125%; UE suspende retalia\u00e7\u00e3o","datePublished":"2025-04-11T14:55:03+00:00","dateModified":"2025-04-11T14:55:06+00:00","mainEntityOfPage":{"@id":"https:\/\/www.suno.com.br\/noticias\/china-eleva-tarifas-eua-125\/"},"wordCount":674,"publisher":{"@id":"https:\/\/www.suno.com.br\/noticias\/#organization"},"image":{"@id":"https:\/\/www.suno.com.br\/noticias\/china-eleva-tarifas-eua-125\/#primaryimage"},"thumbnailUrl":"https:\/\/files.sunoresearch.com.br\/n\/uploads\/2024\/03\/iStock-1432582592.jpg","articleSection":["Economia"],"inLanguage":"pt-BR"},{"@type":"WebPage","@id":"https:\/\/www.suno.com.br\/noticias\/china-eleva-tarifas-eua-125\/","url":"https:\/\/www.suno.com.br\/noticias\/china-eleva-tarifas-eua-125\/","name":"China eleva tarifas sobre importa\u00e7\u00f5es dos EUA para 125%","isPartOf":{"@id":"https:\/\/www.suno.com.br\/noticias\/#website"},"primaryImageOfPage":{"@id":"https:\/\/www.suno.com.br\/noticias\/china-eleva-tarifas-eua-125\/#primaryimage"},"image":{"@id":"https:\/\/www.suno.com.br\/noticias\/china-eleva-tarifas-eua-125\/#primaryimage"},"thumbnailUrl":"https:\/\/files.sunoresearch.com.br\/n\/uploads\/2024\/03\/iStock-1432582592.jpg","datePublished":"2025-04-11T14:55:03+00:00","dateModified":"2025-04-11T14:55:06+00:00","description":"China anunciou que medida \u00e9 a \u00faltima resposta \u00e0 tarifa de 145% anunciada por Trump; UE suspendeu medidas de retalia\u00e7\u00e3o.","breadcrumb":{"@id":"https:\/\/www.suno.com.br\/noticias\/china-eleva-tarifas-eua-125\/#breadcrumb"},"inLanguage":"pt-BR","potentialAction":[{"@type":"ReadAction","target":["https:\/\/www.suno.com.br\/noticias\/china-eleva-tarifas-eua-125\/"]}]},{"@type":"ImageObject","inLanguage":"pt-BR","@id":"https:\/\/www.suno.com.br\/noticias\/china-eleva-tarifas-eua-125\/#primaryimage","url":"https:\/\/files.sunoresearch.com.br\/n\/uploads\/2024\/03\/iStock-1432582592.jpg","contentUrl":"https:\/\/files.sunoresearch.com.br\/n\/uploads\/2024\/03\/iStock-1432582592.jpg","width":1254,"height":836,"caption":"China. Foto: iStock"},{"@type":"BreadcrumbList","@id":"https:\/\/www.suno.com.br\/noticias\/china-eleva-tarifas-eua-125\/#breadcrumb","itemListElement":[{"@type":"ListItem","position":1,"name":"Not\u00edcias","item":"https:\/\/www.suno.com.br\/noticias\/"},{"@type":"ListItem","position":2,"name":"Economia","item":"https:\/\/www.suno.com.br\/noticias\/economia\/"},{"@type":"ListItem","position":3,"name":"China eleva tarifas sobre importa\u00e7\u00f5es dos EUA para 125%; UE suspende retalia\u00e7\u00e3o"}]},{"@type":"WebSite","@id":"https:\/\/www.suno.com.br\/noticias\/#website","url":"https:\/\/www.suno.com.br\/noticias\/","name":"Suno Not\u00edcias","description":"Seu portal de informa\u00e7\u00e3o sobre o mundo dos investimentos","publisher":{"@id":"https:\/\/www.suno.com.br\/noticias\/#organization"},"potentialAction":[{"@type":"SearchAction","target":{"@type":"EntryPoint","urlTemplate":"https:\/\/www.suno.com.br\/noticias\/?s={search_term_string}"},"query-input":{"@type":"PropertyValueSpecification","valueRequired":true,"valueName":"search_term_string"}}],"inLanguage":"pt-BR"},{"@type":"Organization","@id":"https:\/\/www.suno.com.br\/noticias\/#organization","name":"Suno Not\u00edcias","url":"https:\/\/www.suno.com.br\/noticias\/","logo":{"@type":"ImageObject","inLanguage":"pt-BR","@id":"https:\/\/www.suno.com.br\/noticias\/#\/schema\/logo\/image\/","url":"https:\/\/files.sunoresearch.com.br\/n\/uploads\/2021\/09\/suno-logo.png","contentUrl":"https:\/\/files.sunoresearch.com.br\/n\/uploads\/2021\/09\/suno-logo.png","width":180,"height":180,"caption":"Suno Not\u00edcias"},"image":{"@id":"https:\/\/www.suno.com.br\/noticias\/#\/schema\/logo\/image\/"},"sameAs":["https:\/\/facebook.com\/sunoresearch","https:\/\/x.com\/sunoresearch","https:\/\/www.instagram.com\/suno","https:\/\/www.linkedin.com\/company\/suno-research\/","https:\/\/www.youtube.com\/c\/sunoresearch"]},{"@type":"Person","@id":"https:\/\/www.suno.com.br\/noticias\/#\/schema\/person\/c1b1bd3727fa852bd045e9dbff3673ea","name":"Reda\u00e7\u00e3o Suno Not\u00edcias","image":{"@type":"ImageObject","inLanguage":"pt-BR","@id":"https:\/\/www.suno.com.br\/noticias\/#\/schema\/person\/image\/","url":"https:\/\/secure.gravatar.com\/avatar\/b8104b9b5a71985d5238ee59fbe418af?s=96&r=g","contentUrl":"https:\/\/secure.gravatar.com\/avatar\/b8104b9b5a71985d5238ee59fbe418af?s=96&r=g","caption":"Reda\u00e7\u00e3o Suno Not\u00edcias"},"description":"O Suno Not\u00edcias \u00e9 um portal de informa\u00e7\u00f5es sobre Mercado Financeiro, Pol\u00edtica, Neg\u00f3cios, Economia e Finan\u00e7as Pessoais.","sameAs":["https:\/\/www.suno.com.br\/noticias","https:\/\/www.facebook.com\/sunonoticias\/","https:\/\/www.instagram.com\/sunonoticias\/","https:\/\/x.com\/https:\/\/twitter.com\/sunoresearch","https:\/\/www.youtube.com\/sunonoticias"],"url":"https:\/\/www.suno.com.br\/noticias\/author\/redacao-suno\/"}]}},"default_loop_html":"<div class=\"cardsPage__listCard__boxs\"><div class=\"cardsPage__listCard__boxs__img\"><a href=\"https:\/\/www.suno.com.br\/noticias\/china-eleva-tarifas-eua-125\/\"><img class=\"mask\" src=\"https:\/\/www.suno.com.br\/noticias\/wp-content\/themes\/suno\/resources\/images\/spotlight\/spotlight1img\/bg-mask.png\" alt=\"Image Mask\"\/><img src=\"https:\/\/files.sunoresearch.com.br\/n\/uploads\/2024\/03\/iStock-1432582592-400x200.jpg\" alt=\"China eleva tarifas sobre importa\u00e7\u00f5es dos EUA para 125%; UE suspende retalia\u00e7\u00e3o\"\/><\/a><span class=\"spotlightCategory\"><a href=\"https:\/\/www.suno.com.br\/noticias\/economia\/\">Economia<\/a><\/span><\/div><div class=\"cardsPage__listCard__boxs__content\"><a href=\"https:\/\/www.suno.com.br\/noticias\/china-eleva-tarifas-eua-125\/\"><h2 class=\"content__title\">China eleva tarifas sobre importa\u00e7\u00f5es dos EUA para 125%; UE suspende retalia\u00e7\u00e3o<\/h2><\/a><div class=\"newsContent__article__meta\"><div class=\"newsContent__article__meta__authorBox\"><a href=\"https:\/\/www.suno.com.br\/noticias\/author\/redacao-suno\/\" class=\"authorBox__avatar noMobi\"><img src=\"https:\/\/files.sunoresearch.com.br\/n\/uploads\/2020\/08\/0ace682d-redacao-1-150x150.webp\" alt=\"Reda\u00e7\u00e3o Suno Not\u00edcias\"><\/a><div class=\"authorBox__name\"><span>por\n\t\t\t<a href=\"https:\/\/www.suno.com.br\/noticias\/author\/redacao-suno\/\"><span itemprop=\"author\">Reda\u00e7\u00e3o Suno Not\u00edcias<\/span><\/a><\/span><time datetime=\"2025-04-11T11:55:03-03:00\" itemprop=\"datePublished\">11\/04\/2025 11:55<\/time><\/div><\/div><\/div><\/div><\/div>","single_layout":"posts","amp_enabled":true,"_links":{"self":[{"href":"https:\/\/www.suno.com.br\/noticias\/wp-json\/wp\/v2\/posts\/601314"}],"collection":[{"href":"https:\/\/www.suno.com.br\/noticias\/wp-json\/wp\/v2\/posts"}],"about":[{"href":"https:\/\/www.suno.com.br\/noticias\/wp-json\/wp\/v2\/types\/post"}],"author":[{"embeddable":true,"href":"https:\/\/www.suno.com.br\/noticias\/wp-json\/wp\/v2\/users\/43"}],"replies":[{"embeddable":true,"href":"https:\/\/www.suno.com.br\/noticias\/wp-json\/wp\/v2\/comments?post=601314"}],"version-history":[{"count":1,"href":"https:\/\/www.suno.com.br\/noticias\/wp-json\/wp\/v2\/posts\/601314\/revisions"}],"predecessor-version":[{"id":601368,"href":"https:\/\/www.suno.com.br\/noticias\/wp-json\/wp\/v2\/posts\/601314\/revisions\/601368"}],"wp:featuredmedia":[{"embeddable":true,"href":"https:\/\/www.suno.com.br\/noticias\/wp-json\/wp\/v2\/media\/533426"}],"wp:attachment":[{"href":"https:\/\/www.suno.com.br\/noticias\/wp-json\/wp\/v2\/media?parent=601314"}],"wp:term":[{"taxonomy":"category","embeddable":true,"href":"https:\/\/www.suno.com.br\/noticias\/wp-json\/wp\/v2\/categories?post=601314"},{"taxonomy":"post_tag","embeddable":true,"href":"https:\/\/www.suno.com.br\/noticias\/wp-json\/wp\/v2\/tags?post=601314"},{"taxonomy":"suno_strategy","embeddable":true,"href":"https:\/\/www.suno.com.br\/noticias\/wp-json\/wp\/v2\/suno_strategy?post=601314"}],"curies":[{"name":"wp","href":"https:\/\/api.w.org\/{rel}","templated":true}]}}