{"id":601082,"date":"2025-04-09T18:07:11","date_gmt":"2025-04-09T21:07:11","guid":{"rendered":"https:\/\/www.suno.com.br\/noticias\/?p=601082"},"modified":"2025-04-09T18:07:15","modified_gmt":"2025-04-09T21:07:15","slug":"dolar-fechamento-090425","status":"publish","type":"post","link":"https:\/\/www.suno.com.br\/noticias\/dolar-fechamento-090425\/","title":{"rendered":"D\u00f3lar encosta em R$ 6,10 pela manh\u00e3, recua e fecha a R$ 5,84 ap\u00f3s &#8220;tr\u00e9gua&#8221; de Trump"},"content":{"rendered":"<p>O <a class=\"suno-keyword\" target=\"_blank\" data-force=\"no\" data-priority=\"2\" href=\"https:\/\/www.suno.com.br\/analitica\/moedas\/usd-brl\/\" rel=\"noopener\">d\u00f3lar<\/a> \u00e0 vista oscilou mais de 25 centavos de real entre a m\u00e1xima (R$ 6,0967) e a m\u00ednima (R$ 5,8298) no mercado de c\u00e2mbio desta quarta-feira (9), acompanhando o comportamento da moeda americana em rela\u00e7\u00e3o a divisas de pa\u00edses emergentes. Os resultados foram impactados o tempo todo pela queda de bra\u00e7o entre Estados Unidos e China, em torno de tarifas de importa\u00e7\u00e3o.<\/p>\t<div class=\"wrapper-featured-image\">\n\t\t<figure class=\"spotlightImg\">\n\n\t\t\t<picture>\n\t\t\t\t<source media=\"(max-width: 768px)\" srcset=\"https:\/\/files.sunoresearch.com.br\/n\/uploads\/2022\/08\/dolar-unsplash-400x200.jpeg\">\n\t\t\t\t<img loading=\"lazy\" decoding=\"async\" class=\"newsContent__article__imgCapa lazyloadDisabled \" src=\"https:\/\/files.sunoresearch.com.br\/n\/uploads\/2022\/08\/dolar-unsplash-800x450.jpeg\" width=\"800\" height=\"450\" alt=\"D\u00f3lar encosta em R$ 6,10 pela manh\u00e3, recua e fecha a R$ 5,84 ap\u00f3s &#8220;tr\u00e9gua&#8221; de Trump\" fetchpriority=high \/>\n\t\t\t<\/picture>\n\n\t\t\t<figcaption class=\"wp-caption-text wp-caption-text--show\">D\u00f3lar em queda: Cota\u00e7\u00e3o fica abaixo de R$ 5,35 com foco no Fed e cen\u00e1rio internacional. Foto: Unsplash.<\/figcaption>\n\t\t<\/figure>\n\t<\/div>\n\n\n\n\n\n\t<p>\n\t\t<a href=\"https:\/\/lp.suno.com.br\/planilha-da-vida-financeira\/\" target=\"_blank\" data-element=\"shortcode-suno-banner\" title=\"Banner SUNO, clique e saiba mais\">\n\t\t\t<picture>\n\t\t\t\t<source media=\"(max-width: 500px)\" srcset=\"https:\/\/files.sunoresearch.com.br\/n\/uploads\/2023\/04\/400x300-Planilha-vida-financeira-true.png\">\n\t\t\t\t<img class=\"newsContent__article__imgCapa newsContent__article__imgCapa--banner\"\n\t\t\t\t\tsrc=\"https:\/\/files.sunoresearch.com.br\/n\/uploads\/2023\/04\/1420x240-Planilha-vida-financeira-true.png\"\n\t\t\t\t\tdata-promo-id=\"383123\"\t\t\t\t\t\t\t\t\t\twidth='1420' height='240'\t\t\t\t\talt=\"https:\/\/files.sunoresearch.com.br\/n\/uploads\/2023\/04\/1420x240-Planilha-vida-financeira-true.png\"\n\t\t\t\t>\n\t\t\t<\/picture>\n\t\t<\/a>\n\t<\/p>\n\n\n\n\n\n<p>No fim da sess\u00e3o, o d\u00f3lar \u00e0 vista era negociado a R$ 5,8473, em queda de 2,52% em rela\u00e7\u00e3o ao fechamento da v\u00e9spera. A moeda interrompeu uma sequ\u00eancia de tr\u00eas preg\u00f5es seguidos de alta, em que acumulou valoriza\u00e7\u00e3o de 6,57%. Apesar do escorreg\u00e3o nesta quarta-feira, o d\u00f3lar ainda apresenta ganhos de 2,49% em abril.<\/p>\n\n\n\n<p>Pela manh\u00e3, a divisa quase tocou R$ 6,10, impulsionada pela decis\u00e3o da China de elevar tarifas de importa\u00e7\u00e3o a produtos norte-americanos de 34% para 84%, em uma retalia\u00e7\u00e3o \u00e0 decis\u00e3o da ter\u00e7a de <a class=\"suno-keyword\" target=\"_blank\" data-force=\"no\" data-priority=\"2\" href=\"https:\/\/www.suno.com.br\/tudo-sobre\/donald-trump\/\" rel=\"noopener\">Donald Trump<\/a> de aplicar tarifas totais de 104% aos chineses.<\/p>\n\n\n\n<p>O acirramento da <a class=\"suno-keyword\" target=\"_blank\" data-force=\"no\" data-priority=\"1\" href=\"https:\/\/www.suno.com.br\/artigos\/guerra-comercial\/\" rel=\"noopener\">guerra comercial<\/a> avivou os temores de recess\u00e3o americana e global, empurrando os pre\u00e7os das commodities para baixo, com o barril do petr\u00f3leo operando abaixo da linha de US$ 60. Tamb\u00e9m jogava contra as moedas latino-americana a perspectiva de enfraquecimento do yuan, medida utilizada pela China para amenizar o efeito do tarifa\u00e7o de Trump.<\/p>\n\n\n\n<p>&#8220;As moedas emergentes, principalmente as da Am\u00e9rica Latina, refletem muito a din\u00e2mica das commodities, que estavam em queda livre pela manh\u00e3&#8221;, afirma o economista-chefe da Nova Futura Investimentos, Nicolas Borsoi. &#8220;Vale destacar que os investidores veem o Brasil com um substituto a ativos da China. No dia em que a China sofre e o yuan se deprecia, o real tamb\u00e9m cai.&#8221;<\/p>\n\n\n\n<h2 class=\"wp-block-heading\">D\u00f3lar: movimento de Trump acalma mercado<\/h2>\n\n\n\n<p>A mar\u00e9 virou ap\u00f3s as 14 horas, quanto o presidente norte-americano fez um movimento para evitar uma frente conjunta contra o tarifa\u00e7o e isolar a China. Em post em rede social, o presidente americano anunciou o aumento das tarifas dos chineses para 125%, mas limitou a tarifas a pa\u00edses que n\u00e3o retaliaram os EUA a 10% por 90 dias. Para Brasil, que j\u00e1 estava na faixa m\u00ednima de 10%, nada muda.<\/p>\n\n\n\t<p>\n\t\t<a href=\"\" target=\"_blank\" data-element=\"shortcode-suno-banner\" title=\"Banner SUNO, clique e saiba mais\">\n\t\t\t<picture>\n\t\t\t\t<source media=\"(max-width: 500px)\" srcset=\"\">\n\t\t\t\t<img class=\"newsContent__article__imgCapa newsContent__article__imgCapa--banner\"\n\t\t\t\t\tsrc=\"\"\n\t\t\t\t\tdata-promo-id=\"89005\"\t\t\t\t\t\t\t\t\t\t\t\t\t\t\talt=\"\"\n\t\t\t\t>\n\t\t\t<\/picture>\n\t\t<\/a>\n\t<\/p>\n\n\n\n\n\n<p>Na gangorra global do mercado de moedas, a mensagem de Trump fez o d\u00f3lar ganhar terreno em rela\u00e7\u00e3o a pares como o euro e iene japon\u00eas, mas perder for\u00e7a na compara\u00e7\u00e3o com as divisas emergentes e de pa\u00edses exportadores de commodities, com destaque para o real, os pesos mexicano e colombiano, al\u00e9m do rand sul-africano.<\/p>\n\n\n\n<p>As bolsas em Nova York dispararam, com o \u00edndice Nasdaq exibindo ganhos superiores a dois d\u00edgitos. Os pre\u00e7os do petr\u00f3leo trocaram de sinal, exibindo alta firme. O contrato do Brent para junho fechou com valoriza\u00e7\u00e3o de 4,23%, a US$ 65,48 o barril. Por aqui, o Ibovespa, que oscilava ao redor da estabilidade, subiu mais de 3%.<\/p>\n\n\n\n<p>Para Borsoi, da Nova Futura, Trump parece ter percebido que &#8220;passou do ponto&#8221; com o tarifa\u00e7o, cujo resultado poderia ser o mergulho da economia americana na recess\u00e3o. &#8220;Em um primeiro momento, a sensa\u00e7\u00e3o \u00e9 de al\u00edvio nos mercados. Mas ainda \u00e9 preciso ver se a China est\u00e1 disposta sentar \u00e0 mesa e negociar, cedendo em alguns pontos&#8221;, afirma o economista.<\/p>\n\n\n\n<p>Em entrevista coletiva por volta das 16 horas, Trump afirmou que &#8220;um acordo ser\u00e1 feito com a China e com todos os pa\u00edses&#8221; na quest\u00e3o das tarifas de importa\u00e7\u00e3o. &#8220;Quero acordos justos a todos&#8221;, disse. Segundo ele, o pa\u00eds asi\u00e1tico quer uma negocia\u00e7\u00e3o, &#8220;mas n\u00e3o sabe como come\u00e7ar&#8221;.<\/p>\n\n\n\n<p>Divulgada \u00e0 tarde, a ata do encontro do Federal Reserve (Fed, o banco central norte-americano) no m\u00eas passado refor\u00e7ou a perspectiva de que o tarifa\u00e7o de Trump resulte em mais infla\u00e7\u00e3o e menos crescimento. Mais uma vez, o Fed afirmou que a <a class=\"suno-keyword\" target=\"_blank\" data-force=\"no\" data-priority=\"1\" href=\"https:\/\/www.suno.com.br\/artigos\/politica-monetaria\/\" rel=\"noopener\">pol\u00edtica monet\u00e1ria<\/a> est\u00e1 bem posicionada para lidar com as incertezas provocadas pelo tarifa\u00e7o.<\/p>\n\n\n\n<p>&#8220;O Fed vai tentar levar o mercado em banho-maria, com um tom bem ameno, sem validar os cortes estimados pelo mercado. A postura \u00e9 de esperar para ver como as tarifas v\u00e3o bater na infla\u00e7\u00e3o e na atividade&#8221;, afirma Borsoi, da Nova Futura.<\/p>\n\n\n\n\n\n<p class=\"newsProviderSignature\"><em>Com Estad\u00e3o Conte\u00fado<\/em><\/p>\n\n\n\t<p>\n\t\t<a href=\"https:\/\/lp.suno.com.br\/minicurso-investindo-fiis\/\" target=\"_blank\" data-element=\"shortcode-suno-banner\" title=\"Banner SUNO, clique e saiba mais\">\n\t\t\t<picture>\n\t\t\t\t<source media=\"(max-width: 500px)\" srcset=\"https:\/\/files.sunoresearch.com.br\/n\/uploads\/2023\/03\/400x300-Minicurso-FIIS.png\">\n\t\t\t\t<img class=\"newsContent__article__imgCapa newsContent__article__imgCapa--banner\"\n\t\t\t\t\tsrc=\"https:\/\/files.sunoresearch.com.br\/n\/uploads\/2023\/03\/1420x240-Minicurso-FIIS.png\"\n\t\t\t\t\tdata-promo-id=\"383125\"\t\t\t\t\t\t\t\t\t\twidth='1420' height='240'\t\t\t\t\talt=\"https:\/\/files.sunoresearch.com.br\/n\/uploads\/2023\/03\/1420x240-Minicurso-FIIS.png\"\n\t\t\t\t>\n\t\t\t<\/picture>\n\t\t<\/a>\n\t<\/p>\n\n\n","protected":false},"excerpt":{"rendered":"<p>O d\u00f3lar \u00e0 vista oscilou mais de 25 centavos de real entre a m\u00e1xima (R$ 6,0967) e a m\u00ednima (R$ 5,8298) no mercado de c\u00e2mbio desta quarta-feira (9), acompanhando o comportamento da moeda americana em rela\u00e7\u00e3o a divisas de pa\u00edses emergentes. Os resultados foram impactados o tempo todo pela queda de bra\u00e7o entre Estados Unidos [&hellip;]<\/p>\n","protected":false},"author":43,"featured_media":287575,"comment_status":"closed","ping_status":"closed","sticky":false,"template":"","format":"standard","meta":[],"categories":[64],"tags":[326],"suno_strategy":[],"class_list":["post-601082","post","type-post","status-publish","format-standard","has-post-thumbnail","hentry","category-negocios","tag-dolar"],"yoast_head":"<!-- This site is optimized with the Yoast SEO plugin v24.4 - https:\/\/yoast.com\/wordpress\/plugins\/seo\/ -->\n<title>D\u00f3lar oscila com disputa de tarifas e fecha a R$ 5,84 ap\u00f3s &quot;tr\u00e9gua&quot;<\/title>\n<meta name=\"description\" content=\"D\u00f3lar subiu fortemente pela manh\u00e3 e recuou tamb\u00e9m com velocidade ap\u00f3s suspens\u00e3o tempor\u00e1ria de tarifas anunciadas na semana passada.\" \/>\n<meta name=\"robots\" content=\"index, follow, max-snippet:-1, max-image-preview:large, max-video-preview:-1\" \/>\n<link rel=\"canonical\" href=\"https:\/\/www.suno.com.br\/noticias\/dolar-fechamento-090425\/\" \/>\n<meta property=\"og:locale\" content=\"pt_BR\" \/>\n<meta property=\"og:type\" content=\"article\" \/>\n<meta property=\"og:title\" content=\"D\u00f3lar oscila com disputa de tarifas e fecha a R$ 5,84 ap\u00f3s &quot;tr\u00e9gua&quot;\" \/>\n<meta property=\"og:description\" content=\"D\u00f3lar subiu fortemente pela manh\u00e3 e recuou tamb\u00e9m com velocidade ap\u00f3s suspens\u00e3o tempor\u00e1ria de tarifas anunciadas na semana passada.\" \/>\n<meta property=\"og:url\" content=\"https:\/\/www.suno.com.br\/noticias\/dolar-fechamento-090425\/\" \/>\n<meta property=\"og:site_name\" content=\"Suno Not\u00edcias\" \/>\n<meta property=\"article:publisher\" content=\"https:\/\/facebook.com\/sunoresearch\" \/>\n<meta property=\"article:author\" content=\"https:\/\/www.facebook.com\/sunonoticias\/\" \/>\n<meta property=\"og:image\" content=\"https:\/\/files.sunoresearch.com.br\/n\/uploads\/2022\/08\/dolar-unsplash.jpeg\" \/>\n\t<meta property=\"og:image:width\" content=\"1200\" \/>\n\t<meta property=\"og:image:height\" content=\"800\" \/>\n\t<meta property=\"og:image:type\" content=\"image\/jpeg\" \/>\n<meta name=\"author\" content=\"Reda\u00e7\u00e3o Suno Not\u00edcias\" \/>\n<meta name=\"twitter:card\" content=\"summary_large_image\" \/>\n<meta name=\"twitter:creator\" content=\"@https:\/\/twitter.com\/sunoresearch\" \/>\n<meta name=\"twitter:site\" content=\"@sunoresearch\" \/>\n<meta name=\"twitter:label1\" content=\"Escrito por\" \/>\n\t<meta name=\"twitter:data1\" content=\"Reda\u00e7\u00e3o Suno Not\u00edcias\" \/>\n\t<meta name=\"twitter:label2\" content=\"Est. tempo de leitura\" \/>\n\t<meta name=\"twitter:data2\" content=\"4 minutos\" \/>\n<script type=\"application\/ld+json\" class=\"yoast-schema-graph\">{\"@context\":\"https:\/\/schema.org\",\"@graph\":[{\"@type\":\"NewsArticle\",\"@id\":\"https:\/\/www.suno.com.br\/noticias\/dolar-fechamento-090425\/#article\",\"isPartOf\":{\"@id\":\"https:\/\/www.suno.com.br\/noticias\/dolar-fechamento-090425\/\"},\"author\":{\"name\":\"Reda\u00e7\u00e3o Suno Not\u00edcias\",\"@id\":\"https:\/\/www.suno.com.br\/noticias\/#\/schema\/person\/c1b1bd3727fa852bd045e9dbff3673ea\"},\"headline\":\"D\u00f3lar encosta em R$ 6,10 pela manh\u00e3, recua e fecha a R$ 5,84 ap\u00f3s &#8220;tr\u00e9gua&#8221; de Trump\",\"datePublished\":\"2025-04-09T21:07:11+00:00\",\"dateModified\":\"2025-04-09T21:07:15+00:00\",\"mainEntityOfPage\":{\"@id\":\"https:\/\/www.suno.com.br\/noticias\/dolar-fechamento-090425\/\"},\"wordCount\":742,\"publisher\":{\"@id\":\"https:\/\/www.suno.com.br\/noticias\/#organization\"},\"image\":{\"@id\":\"https:\/\/www.suno.com.br\/noticias\/dolar-fechamento-090425\/#primaryimage\"},\"thumbnailUrl\":\"https:\/\/files.sunoresearch.com.br\/n\/uploads\/2022\/08\/dolar-unsplash.jpeg\",\"keywords\":[\"d\u00f3lar\"],\"articleSection\":[\"Neg\u00f3cios\"],\"inLanguage\":\"pt-BR\"},{\"@type\":\"WebPage\",\"@id\":\"https:\/\/www.suno.com.br\/noticias\/dolar-fechamento-090425\/\",\"url\":\"https:\/\/www.suno.com.br\/noticias\/dolar-fechamento-090425\/\",\"name\":\"D\u00f3lar oscila com disputa de tarifas e fecha a R$ 5,84 ap\u00f3s \\\"tr\u00e9gua\\\"\",\"isPartOf\":{\"@id\":\"https:\/\/www.suno.com.br\/noticias\/#website\"},\"primaryImageOfPage\":{\"@id\":\"https:\/\/www.suno.com.br\/noticias\/dolar-fechamento-090425\/#primaryimage\"},\"image\":{\"@id\":\"https:\/\/www.suno.com.br\/noticias\/dolar-fechamento-090425\/#primaryimage\"},\"thumbnailUrl\":\"https:\/\/files.sunoresearch.com.br\/n\/uploads\/2022\/08\/dolar-unsplash.jpeg\",\"datePublished\":\"2025-04-09T21:07:11+00:00\",\"dateModified\":\"2025-04-09T21:07:15+00:00\",\"description\":\"D\u00f3lar subiu fortemente pela manh\u00e3 e recuou tamb\u00e9m com velocidade ap\u00f3s suspens\u00e3o tempor\u00e1ria de tarifas anunciadas na semana passada.\",\"breadcrumb\":{\"@id\":\"https:\/\/www.suno.com.br\/noticias\/dolar-fechamento-090425\/#breadcrumb\"},\"inLanguage\":\"pt-BR\",\"potentialAction\":[{\"@type\":\"ReadAction\",\"target\":[\"https:\/\/www.suno.com.br\/noticias\/dolar-fechamento-090425\/\"]}]},{\"@type\":\"ImageObject\",\"inLanguage\":\"pt-BR\",\"@id\":\"https:\/\/www.suno.com.br\/noticias\/dolar-fechamento-090425\/#primaryimage\",\"url\":\"https:\/\/files.sunoresearch.com.br\/n\/uploads\/2022\/08\/dolar-unsplash.jpeg\",\"contentUrl\":\"https:\/\/files.sunoresearch.com.br\/n\/uploads\/2022\/08\/dolar-unsplash.jpeg\",\"width\":1200,\"height\":800,\"caption\":\"D\u00f3lar em queda: Cota\u00e7\u00e3o fica abaixo de R$ 5,35 com foco no Fed e cen\u00e1rio internacional. Foto: Unsplash.\"},{\"@type\":\"BreadcrumbList\",\"@id\":\"https:\/\/www.suno.com.br\/noticias\/dolar-fechamento-090425\/#breadcrumb\",\"itemListElement\":[{\"@type\":\"ListItem\",\"position\":1,\"name\":\"Not\u00edcias\",\"item\":\"https:\/\/www.suno.com.br\/noticias\/\"},{\"@type\":\"ListItem\",\"position\":2,\"name\":\"Neg\u00f3cios\",\"item\":\"https:\/\/www.suno.com.br\/noticias\/negocios\/\"},{\"@type\":\"ListItem\",\"position\":3,\"name\":\"D\u00f3lar encosta em R$ 6,10 pela manh\u00e3, recua e fecha a R$ 5,84 ap\u00f3s &#8220;tr\u00e9gua&#8221; de Trump\"}]},{\"@type\":\"WebSite\",\"@id\":\"https:\/\/www.suno.com.br\/noticias\/#website\",\"url\":\"https:\/\/www.suno.com.br\/noticias\/\",\"name\":\"Suno Not\u00edcias\",\"description\":\"Seu portal de informa\u00e7\u00e3o sobre o mundo dos investimentos\",\"publisher\":{\"@id\":\"https:\/\/www.suno.com.br\/noticias\/#organization\"},\"potentialAction\":[{\"@type\":\"SearchAction\",\"target\":{\"@type\":\"EntryPoint\",\"urlTemplate\":\"https:\/\/www.suno.com.br\/noticias\/?s={search_term_string}\"},\"query-input\":{\"@type\":\"PropertyValueSpecification\",\"valueRequired\":true,\"valueName\":\"search_term_string\"}}],\"inLanguage\":\"pt-BR\"},{\"@type\":\"Organization\",\"@id\":\"https:\/\/www.suno.com.br\/noticias\/#organization\",\"name\":\"Suno Not\u00edcias\",\"url\":\"https:\/\/www.suno.com.br\/noticias\/\",\"logo\":{\"@type\":\"ImageObject\",\"inLanguage\":\"pt-BR\",\"@id\":\"https:\/\/www.suno.com.br\/noticias\/#\/schema\/logo\/image\/\",\"url\":\"https:\/\/files.sunoresearch.com.br\/n\/uploads\/2021\/09\/suno-logo.png\",\"contentUrl\":\"https:\/\/files.sunoresearch.com.br\/n\/uploads\/2021\/09\/suno-logo.png\",\"width\":180,\"height\":180,\"caption\":\"Suno Not\u00edcias\"},\"image\":{\"@id\":\"https:\/\/www.suno.com.br\/noticias\/#\/schema\/logo\/image\/\"},\"sameAs\":[\"https:\/\/facebook.com\/sunoresearch\",\"https:\/\/x.com\/sunoresearch\",\"https:\/\/www.instagram.com\/suno\",\"https:\/\/www.linkedin.com\/company\/suno-research\/\",\"https:\/\/www.youtube.com\/c\/sunoresearch\"]},{\"@type\":\"Person\",\"@id\":\"https:\/\/www.suno.com.br\/noticias\/#\/schema\/person\/c1b1bd3727fa852bd045e9dbff3673ea\",\"name\":\"Reda\u00e7\u00e3o Suno Not\u00edcias\",\"image\":{\"@type\":\"ImageObject\",\"inLanguage\":\"pt-BR\",\"@id\":\"https:\/\/www.suno.com.br\/noticias\/#\/schema\/person\/image\/\",\"url\":\"https:\/\/secure.gravatar.com\/avatar\/b8104b9b5a71985d5238ee59fbe418af?s=96&r=g\",\"contentUrl\":\"https:\/\/secure.gravatar.com\/avatar\/b8104b9b5a71985d5238ee59fbe418af?s=96&r=g\",\"caption\":\"Reda\u00e7\u00e3o Suno Not\u00edcias\"},\"description\":\"O Suno Not\u00edcias \u00e9 um portal de informa\u00e7\u00f5es sobre Mercado Financeiro, Pol\u00edtica, Neg\u00f3cios, Economia e Finan\u00e7as Pessoais.\",\"sameAs\":[\"https:\/\/www.suno.com.br\/noticias\",\"https:\/\/www.facebook.com\/sunonoticias\/\",\"https:\/\/www.instagram.com\/sunonoticias\/\",\"https:\/\/x.com\/https:\/\/twitter.com\/sunoresearch\",\"https:\/\/www.youtube.com\/sunonoticias\"],\"url\":\"https:\/\/www.suno.com.br\/noticias\/author\/redacao-suno\/\"}]}<\/script>\n<!-- \/ Yoast SEO plugin. -->","yoast_head_json":{"title":"D\u00f3lar oscila com disputa de tarifas e fecha a R$ 5,84 ap\u00f3s \"tr\u00e9gua\"","description":"D\u00f3lar subiu fortemente pela manh\u00e3 e recuou tamb\u00e9m com velocidade ap\u00f3s suspens\u00e3o tempor\u00e1ria de tarifas anunciadas na semana passada.","robots":{"index":"index","follow":"follow","max-snippet":"max-snippet:-1","max-image-preview":"max-image-preview:large","max-video-preview":"max-video-preview:-1"},"canonical":"https:\/\/www.suno.com.br\/noticias\/dolar-fechamento-090425\/","og_locale":"pt_BR","og_type":"article","og_title":"D\u00f3lar oscila com disputa de tarifas e fecha a R$ 5,84 ap\u00f3s \"tr\u00e9gua\"","og_description":"D\u00f3lar subiu fortemente pela manh\u00e3 e recuou tamb\u00e9m com velocidade ap\u00f3s suspens\u00e3o tempor\u00e1ria de tarifas anunciadas na semana passada.","og_url":"https:\/\/www.suno.com.br\/noticias\/dolar-fechamento-090425\/","og_site_name":"Suno Not\u00edcias","article_publisher":"https:\/\/facebook.com\/sunoresearch","article_author":"https:\/\/www.facebook.com\/sunonoticias\/","og_image":[{"width":1200,"height":800,"url":"https:\/\/files.sunoresearch.com.br\/n\/uploads\/2022\/08\/dolar-unsplash.jpeg","type":"image\/jpeg"}],"author":"Reda\u00e7\u00e3o Suno Not\u00edcias","twitter_card":"summary_large_image","twitter_creator":"@https:\/\/twitter.com\/sunoresearch","twitter_site":"@sunoresearch","twitter_misc":{"Escrito por":"Reda\u00e7\u00e3o Suno Not\u00edcias","Est. tempo de leitura":"4 minutos"},"schema":{"@context":"https:\/\/schema.org","@graph":[{"@type":"NewsArticle","@id":"https:\/\/www.suno.com.br\/noticias\/dolar-fechamento-090425\/#article","isPartOf":{"@id":"https:\/\/www.suno.com.br\/noticias\/dolar-fechamento-090425\/"},"author":{"name":"Reda\u00e7\u00e3o Suno Not\u00edcias","@id":"https:\/\/www.suno.com.br\/noticias\/#\/schema\/person\/c1b1bd3727fa852bd045e9dbff3673ea"},"headline":"D\u00f3lar encosta em R$ 6,10 pela manh\u00e3, recua e fecha a R$ 5,84 ap\u00f3s &#8220;tr\u00e9gua&#8221; de Trump","datePublished":"2025-04-09T21:07:11+00:00","dateModified":"2025-04-09T21:07:15+00:00","mainEntityOfPage":{"@id":"https:\/\/www.suno.com.br\/noticias\/dolar-fechamento-090425\/"},"wordCount":742,"publisher":{"@id":"https:\/\/www.suno.com.br\/noticias\/#organization"},"image":{"@id":"https:\/\/www.suno.com.br\/noticias\/dolar-fechamento-090425\/#primaryimage"},"thumbnailUrl":"https:\/\/files.sunoresearch.com.br\/n\/uploads\/2022\/08\/dolar-unsplash.jpeg","keywords":["d\u00f3lar"],"articleSection":["Neg\u00f3cios"],"inLanguage":"pt-BR"},{"@type":"WebPage","@id":"https:\/\/www.suno.com.br\/noticias\/dolar-fechamento-090425\/","url":"https:\/\/www.suno.com.br\/noticias\/dolar-fechamento-090425\/","name":"D\u00f3lar oscila com disputa de tarifas e fecha a R$ 5,84 ap\u00f3s \"tr\u00e9gua\"","isPartOf":{"@id":"https:\/\/www.suno.com.br\/noticias\/#website"},"primaryImageOfPage":{"@id":"https:\/\/www.suno.com.br\/noticias\/dolar-fechamento-090425\/#primaryimage"},"image":{"@id":"https:\/\/www.suno.com.br\/noticias\/dolar-fechamento-090425\/#primaryimage"},"thumbnailUrl":"https:\/\/files.sunoresearch.com.br\/n\/uploads\/2022\/08\/dolar-unsplash.jpeg","datePublished":"2025-04-09T21:07:11+00:00","dateModified":"2025-04-09T21:07:15+00:00","description":"D\u00f3lar subiu fortemente pela manh\u00e3 e recuou tamb\u00e9m com velocidade ap\u00f3s suspens\u00e3o tempor\u00e1ria de tarifas anunciadas na semana passada.","breadcrumb":{"@id":"https:\/\/www.suno.com.br\/noticias\/dolar-fechamento-090425\/#breadcrumb"},"inLanguage":"pt-BR","potentialAction":[{"@type":"ReadAction","target":["https:\/\/www.suno.com.br\/noticias\/dolar-fechamento-090425\/"]}]},{"@type":"ImageObject","inLanguage":"pt-BR","@id":"https:\/\/www.suno.com.br\/noticias\/dolar-fechamento-090425\/#primaryimage","url":"https:\/\/files.sunoresearch.com.br\/n\/uploads\/2022\/08\/dolar-unsplash.jpeg","contentUrl":"https:\/\/files.sunoresearch.com.br\/n\/uploads\/2022\/08\/dolar-unsplash.jpeg","width":1200,"height":800,"caption":"D\u00f3lar em queda: Cota\u00e7\u00e3o fica abaixo de R$ 5,35 com foco no Fed e cen\u00e1rio internacional. Foto: Unsplash."},{"@type":"BreadcrumbList","@id":"https:\/\/www.suno.com.br\/noticias\/dolar-fechamento-090425\/#breadcrumb","itemListElement":[{"@type":"ListItem","position":1,"name":"Not\u00edcias","item":"https:\/\/www.suno.com.br\/noticias\/"},{"@type":"ListItem","position":2,"name":"Neg\u00f3cios","item":"https:\/\/www.suno.com.br\/noticias\/negocios\/"},{"@type":"ListItem","position":3,"name":"D\u00f3lar encosta em R$ 6,10 pela manh\u00e3, recua e fecha a R$ 5,84 ap\u00f3s &#8220;tr\u00e9gua&#8221; de Trump"}]},{"@type":"WebSite","@id":"https:\/\/www.suno.com.br\/noticias\/#website","url":"https:\/\/www.suno.com.br\/noticias\/","name":"Suno Not\u00edcias","description":"Seu portal de informa\u00e7\u00e3o sobre o mundo dos investimentos","publisher":{"@id":"https:\/\/www.suno.com.br\/noticias\/#organization"},"potentialAction":[{"@type":"SearchAction","target":{"@type":"EntryPoint","urlTemplate":"https:\/\/www.suno.com.br\/noticias\/?s={search_term_string}"},"query-input":{"@type":"PropertyValueSpecification","valueRequired":true,"valueName":"search_term_string"}}],"inLanguage":"pt-BR"},{"@type":"Organization","@id":"https:\/\/www.suno.com.br\/noticias\/#organization","name":"Suno Not\u00edcias","url":"https:\/\/www.suno.com.br\/noticias\/","logo":{"@type":"ImageObject","inLanguage":"pt-BR","@id":"https:\/\/www.suno.com.br\/noticias\/#\/schema\/logo\/image\/","url":"https:\/\/files.sunoresearch.com.br\/n\/uploads\/2021\/09\/suno-logo.png","contentUrl":"https:\/\/files.sunoresearch.com.br\/n\/uploads\/2021\/09\/suno-logo.png","width":180,"height":180,"caption":"Suno Not\u00edcias"},"image":{"@id":"https:\/\/www.suno.com.br\/noticias\/#\/schema\/logo\/image\/"},"sameAs":["https:\/\/facebook.com\/sunoresearch","https:\/\/x.com\/sunoresearch","https:\/\/www.instagram.com\/suno","https:\/\/www.linkedin.com\/company\/suno-research\/","https:\/\/www.youtube.com\/c\/sunoresearch"]},{"@type":"Person","@id":"https:\/\/www.suno.com.br\/noticias\/#\/schema\/person\/c1b1bd3727fa852bd045e9dbff3673ea","name":"Reda\u00e7\u00e3o Suno Not\u00edcias","image":{"@type":"ImageObject","inLanguage":"pt-BR","@id":"https:\/\/www.suno.com.br\/noticias\/#\/schema\/person\/image\/","url":"https:\/\/secure.gravatar.com\/avatar\/b8104b9b5a71985d5238ee59fbe418af?s=96&r=g","contentUrl":"https:\/\/secure.gravatar.com\/avatar\/b8104b9b5a71985d5238ee59fbe418af?s=96&r=g","caption":"Reda\u00e7\u00e3o Suno Not\u00edcias"},"description":"O Suno Not\u00edcias \u00e9 um portal de informa\u00e7\u00f5es sobre Mercado Financeiro, Pol\u00edtica, Neg\u00f3cios, Economia e Finan\u00e7as Pessoais.","sameAs":["https:\/\/www.suno.com.br\/noticias","https:\/\/www.facebook.com\/sunonoticias\/","https:\/\/www.instagram.com\/sunonoticias\/","https:\/\/x.com\/https:\/\/twitter.com\/sunoresearch","https:\/\/www.youtube.com\/sunonoticias"],"url":"https:\/\/www.suno.com.br\/noticias\/author\/redacao-suno\/"}]}},"default_loop_html":"<div class=\"cardsPage__listCard__boxs\"><div class=\"cardsPage__listCard__boxs__img\"><a href=\"https:\/\/www.suno.com.br\/noticias\/dolar-fechamento-090425\/\"><img class=\"mask\" src=\"https:\/\/www.suno.com.br\/noticias\/wp-content\/themes\/suno\/resources\/images\/spotlight\/spotlight1img\/bg-mask.png\" alt=\"Image Mask\"\/><img src=\"https:\/\/files.sunoresearch.com.br\/n\/uploads\/2022\/08\/dolar-unsplash-400x200.jpeg\" alt=\"D\u00f3lar encosta em R$ 6,10 pela manh\u00e3, recua e fecha a R$ 5,84 ap\u00f3s &#8220;tr\u00e9gua&#8221; de Trump\"\/><\/a><span class=\"spotlightCategory\"><a href=\"https:\/\/www.suno.com.br\/noticias\/negocios\/\">Neg\u00f3cios<\/a><\/span><\/div><div class=\"cardsPage__listCard__boxs__content\"><a href=\"https:\/\/www.suno.com.br\/noticias\/dolar-fechamento-090425\/\"><h2 class=\"content__title\">D\u00f3lar encosta em R$ 6,10 pela manh\u00e3, recua e fecha a R$ 5,84 ap\u00f3s &#8220;tr\u00e9gua&#8221; de Trump<\/h2><\/a><div class=\"newsContent__article__meta\"><div class=\"newsContent__article__meta__authorBox\"><a href=\"https:\/\/www.suno.com.br\/noticias\/author\/redacao-suno\/\" class=\"authorBox__avatar noMobi\"><img src=\"https:\/\/files.sunoresearch.com.br\/n\/uploads\/2020\/08\/0ace682d-redacao-1-150x150.webp\" alt=\"Reda\u00e7\u00e3o Suno Not\u00edcias\"><\/a><div class=\"authorBox__name\"><span>por\n\t\t\t<a href=\"https:\/\/www.suno.com.br\/noticias\/author\/redacao-suno\/\"><span itemprop=\"author\">Reda\u00e7\u00e3o Suno Not\u00edcias<\/span><\/a><\/span><time datetime=\"2025-04-09T18:07:11-03:00\" itemprop=\"datePublished\">09\/04\/2025 18:07<\/time><\/div><\/div><\/div><\/div><\/div>","single_layout":"posts","amp_enabled":true,"_links":{"self":[{"href":"https:\/\/www.suno.com.br\/noticias\/wp-json\/wp\/v2\/posts\/601082"}],"collection":[{"href":"https:\/\/www.suno.com.br\/noticias\/wp-json\/wp\/v2\/posts"}],"about":[{"href":"https:\/\/www.suno.com.br\/noticias\/wp-json\/wp\/v2\/types\/post"}],"author":[{"embeddable":true,"href":"https:\/\/www.suno.com.br\/noticias\/wp-json\/wp\/v2\/users\/43"}],"replies":[{"embeddable":true,"href":"https:\/\/www.suno.com.br\/noticias\/wp-json\/wp\/v2\/comments?post=601082"}],"version-history":[{"count":1,"href":"https:\/\/www.suno.com.br\/noticias\/wp-json\/wp\/v2\/posts\/601082\/revisions"}],"predecessor-version":[{"id":601086,"href":"https:\/\/www.suno.com.br\/noticias\/wp-json\/wp\/v2\/posts\/601082\/revisions\/601086"}],"wp:featuredmedia":[{"embeddable":true,"href":"https:\/\/www.suno.com.br\/noticias\/wp-json\/wp\/v2\/media\/287575"}],"wp:attachment":[{"href":"https:\/\/www.suno.com.br\/noticias\/wp-json\/wp\/v2\/media?parent=601082"}],"wp:term":[{"taxonomy":"category","embeddable":true,"href":"https:\/\/www.suno.com.br\/noticias\/wp-json\/wp\/v2\/categories?post=601082"},{"taxonomy":"post_tag","embeddable":true,"href":"https:\/\/www.suno.com.br\/noticias\/wp-json\/wp\/v2\/tags?post=601082"},{"taxonomy":"suno_strategy","embeddable":true,"href":"https:\/\/www.suno.com.br\/noticias\/wp-json\/wp\/v2\/suno_strategy?post=601082"}],"curies":[{"name":"wp","href":"https:\/\/api.w.org\/{rel}","templated":true}]}}