{"id":600738,"date":"2025-04-07T23:35:19","date_gmt":"2025-04-08T02:35:19","guid":{"rendered":"https:\/\/www.suno.com.br\/noticias\/?p=600738"},"modified":"2025-04-08T00:08:01","modified_gmt":"2025-04-08T03:08:01","slug":"equatorial-btg-venda","status":"publish","type":"post","link":"https:\/\/www.suno.com.br\/noticias\/equatorial-btg-venda\/","title":{"rendered":"Equatorial Energia (EQTL3): BTG Pactual recomenda compra ap\u00f3s venda de ativos"},"content":{"rendered":"<p>O BTG Pactual v\u00ea com bons olhos a opera\u00e7\u00e3o de venda de ativos de transmiss\u00e3o realizada pela <strong>Equatorial <\/strong>Energia (<a class=\"suno-keyword\" target=\"_blank\" data-force=\"yes\" data-priority=\"2\" href=\"https:\/\/www.suno.com.br\/analitica\/acoes\/eqtl3\/\" rel=\"noopener\">EQTL3<\/a>) para a Verene Energia S.A, companhia de portf\u00f3lio da canadense CDPQ. Em recente relat\u00f3rio, o banco aponta que a EQTL possui hoje uma <a class=\"suno-keyword\" target=\"_blank\" data-force=\"no\" data-priority=\"1\" href=\"https:\/\/www.suno.com.br\/artigos\/taxa-interna-de-retorno\/\" rel=\"noopener\">Taxa Interna de Retorno<\/a> de 11,3%, considerada boa e atrativa, para os potenciais investidores.<\/p>\t<div class=\"wrapper-featured-image\">\n\t\t<figure class=\"spotlightImg\">\n\n\t\t\t<picture>\n\t\t\t\t<source media=\"(max-width: 768px)\" srcset=\"https:\/\/files.sunoresearch.com.br\/n\/uploads\/2020\/08\/8bdbf1df-taee-400x200.webp\">\n\t\t\t\t<img loading=\"lazy\" decoding=\"async\" class=\"newsContent__article__imgCapa lazyloadDisabled \" src=\"https:\/\/files.sunoresearch.com.br\/n\/uploads\/2020\/08\/8bdbf1df-taee-800x450.webp\" width=\"800\" height=\"450\" alt=\"Equatorial Energia (EQTL3): BTG Pactual recomenda compra ap\u00f3s venda de ativos\" fetchpriority=high \/>\n\t\t\t<\/picture>\n\n\t\t\t<figcaption class=\"wp-caption-text wp-caption-text--show\">Linha de Transmiss\u00e3o. Foto: Pixabay<\/figcaption>\n\t\t<\/figure>\n\t<\/div>\n\n\n\n\n\n\t<p>\n\t\t<a href=\"https:\/\/lp.suno.com.br\/ebook-como-analisar-uma-acao\/\" target=\"_blank\" data-element=\"shortcode-suno-banner\" title=\"Banner SUNO, clique e saiba mais\">\n\t\t\t<picture>\n\t\t\t\t<source media=\"(max-width: 500px)\" srcset=\"https:\/\/files.sunoresearch.com.br\/n\/uploads\/2023\/03\/Ebook-Acoes-Mobile.jpg\">\n\t\t\t\t<img class=\"newsContent__article__imgCapa newsContent__article__imgCapa--banner\"\n\t\t\t\t\tsrc=\"https:\/\/files.sunoresearch.com.br\/n\/uploads\/2023\/03\/Ebook-Acoes-Desktop.jpg\"\n\t\t\t\t\tdata-promo-id=\"378302\"\t\t\t\t\t\t\t\t\t\twidth='1420' height='286'\t\t\t\t\talt=\"https:\/\/files.sunoresearch.com.br\/n\/uploads\/2023\/03\/Ebook-Acoes-Desktop.jpg\"\n\t\t\t\t>\n\t\t\t<\/picture>\n\t\t<\/a>\n\t<\/p>\n\n\n\n\n\n<p>A Equatorial vendeu a totalidade das a\u00e7\u00f5es de emiss\u00e3o da Equatorial Transmiss\u00e3o S.A para a Verene. A an\u00fancio foi feito em <a class=\"suno-keyword\" target=\"_blank\" data-force=\"no\" data-priority=\"1\" href=\"https:\/\/www.suno.com.br\/artigos\/fato-relevante\/\" rel=\"noopener\">fato relevante<\/a> enviado \u00e0 Comiss\u00e3o de Valores Mobili\u00e1rios (CVM) na noite de sexta-feira (4).<\/p>\n\n\n\n<p>Ainda de acordo com o relat\u00f3rio do BTG Pactual, o risco de alavancagem da Equatorial caiu para 0,45x ap\u00f3s o an\u00fancio da venda. &#8220;A temperatura caiu bastante e tranquilizou os investidores&#8221;, diz o relat\u00f3rio da equipe de research do banco. <\/p>\n\n\n\n<p>No texto, a recomenda\u00e7\u00e3o \u00e9 de compra para as a\u00e7\u00f5es EQTL3, com pre\u00e7o-alvo de R$ 48,00. Com isso, o potencial de valoriza\u00e7\u00e3o \u00e9 pr\u00f3ximo de 50%, considerando o fechamento em R$ 32,79 nesta segunda-feira (7).<\/p>\n\n\n\t<div data-element=\"shortcode-read-more\" class=\"knowMore\">\n\t\t\t\t<span class=\"knowMore__title\">Leia mais<\/span>\n\t\t\t\t<a class=\"knowMore__link\" href=\"https:\/\/www.suno.com.br\/noticias\/equatorial-eqtl3-venda-ativos-transmissao-verene-energia\/\">\n\t\t\tEquatorial Energia (EQTL3) informa venda de ativos de transmiss\u00e3o \u00e0 Verene\t\t<\/a>\n\t<\/div>\n\n\n\n\n<p>Atualmente, a TIR real da companhia \u00e9 11,3% quando se considera a venda anunciada e os benef\u00edcios da Sudam\/Sudene v\u00e1lidos at\u00e9 2038.<\/p>\n\n\n\n<p>Antes da venda, a Equatorial Transmiss\u00e3o distribuiu \u00e0 EQTL Holding R$ 1,5 bilh\u00e3o em <a class=\"suno-keyword\" target=\"_blank\" data-force=\"no\" data-priority=\"1\" href=\"https:\/\/www.suno.com.br\/guias\/dividendos\/\" rel=\"noopener\">dividendos<\/a> e <a class=\"suno-keyword\" target=\"_blank\" data-force=\"no\" data-priority=\"1\" href=\"https:\/\/www.suno.com.br\/artigos\/reducao-capital\/\" rel=\"noopener\">redu\u00e7\u00e3o de capital<\/a> (j\u00e1 refletidos no EV anunciado). A nota lembra ainda que a EQTL3 entrou no neg\u00f3cio de transmiss\u00e3o em 2016, ao participar de grandes leil\u00f5es, conquistando alguns blocos.<\/p>\n\n\n\n<h2 class=\"wp-block-heading\">Equatorial (EQTL3): mais sobre a venda<\/h2>\n\n\n\n<p>De acordo com o informe, o <a class=\"suno-keyword\" target=\"_blank\" data-force=\"no\" data-priority=\"1\" href=\"https:\/\/www.suno.com.br\/artigos\/enterprise-value-valor-da-firma\/\" rel=\"noopener\">enterprise value<\/a> da opera\u00e7\u00e3o \u00e9 de at\u00e9 R$ 9,395 bilh\u00f5es, considerando um <a class=\"suno-keyword\" target=\"_blank\" data-force=\"no\" data-priority=\"1\" href=\"https:\/\/www.suno.com.br\/artigos\/equity-value\/\" rel=\"noopener\">equity value<\/a> de at\u00e9 R$ 5,188 bilh\u00f5es na data-base de 30 de junho de 2025.<\/p>\n\n\n\n<p>A <a class=\"suno-keyword\" target=\"_blank\" data-force=\"no\" data-priority=\"1\" href=\"https:\/\/www.suno.com.br\/artigos\/divida-liquida\/\" rel=\"noopener\">d\u00edvida l\u00edquida<\/a> dos ativos de transmiss\u00e3o em dezembro de 2024 era de R$ 2,862 bilh\u00f5es e a projetada para data-base (junho\/25) ser\u00e1 ajustada de acordo com o pagamento dos dividendos declarados e redu\u00e7\u00e3o de capital do caixa excedente.<\/p>\n\n\n\n<p>A Equatorial informou que deixar\u00e1 de deter qualquer participa\u00e7\u00e3o direta e\/ou indireta na Equatorial Transmiss\u00e3o e nas Transmissoras, \u201ccujos ativos foram adquiridos em leil\u00f5es de 2016 e 2017, e formam um portf\u00f3lio representativo e de grande qualidade e rentabilidade no setor\u201d, diz, em fato relevante divulgado na semana passada.<\/p>\n\n\n\t<p>\n\t\t<a href=\"https:\/\/lp.suno.com.br\/planilha-da-vida-financeira\/\" target=\"_blank\" data-element=\"shortcode-suno-banner\" title=\"Banner SUNO, clique e saiba mais\">\n\t\t\t<picture>\n\t\t\t\t<source media=\"(max-width: 500px)\" srcset=\"https:\/\/files.sunoresearch.com.br\/n\/uploads\/2023\/04\/400x300-Planilha-vida-financeira-true.png\">\n\t\t\t\t<img class=\"newsContent__article__imgCapa newsContent__article__imgCapa--banner\"\n\t\t\t\t\tsrc=\"https:\/\/files.sunoresearch.com.br\/n\/uploads\/2023\/04\/1420x240-Planilha-vida-financeira-true.png\"\n\t\t\t\t\tdata-promo-id=\"383123\"\t\t\t\t\t\t\t\t\t\twidth='1420' height='240'\t\t\t\t\talt=\"https:\/\/files.sunoresearch.com.br\/n\/uploads\/2023\/04\/1420x240-Planilha-vida-financeira-true.png\"\n\t\t\t\t>\n\t\t\t<\/picture>\n\t\t<\/a>\n\t<\/p>\n\n\n","protected":false},"excerpt":{"rendered":"<p>O BTG Pactual v\u00ea com bons olhos a opera\u00e7\u00e3o de venda de ativos de transmiss\u00e3o realizada pela Equatorial Energia (EQTL3) para a Verene Energia S.A, companhia de portf\u00f3lio da canadense CDPQ. Em recente relat\u00f3rio, o banco aponta que a EQTL possui hoje uma Taxa Interna de Retorno de 11,3%, considerada boa e atrativa, para os [&hellip;]<\/p>\n","protected":false},"author":377,"featured_media":78037,"comment_status":"closed","ping_status":"closed","sticky":false,"template":"","format":"standard","meta":[],"categories":[60],"tags":[105039],"suno_strategy":[],"class_list":["post-600738","post","type-post","status-publish","format-standard","has-post-thumbnail","hentry","category-mercado","tag-equatorial-eqtl3"],"yoast_head":"<!-- This site is optimized with the Yoast SEO plugin v24.4 - https:\/\/yoast.com\/wordpress\/plugins\/seo\/ -->\n<title>Equatorial: BTG Pactual recomenda compra ap\u00f3s venda de ativos<\/title>\n<meta name=\"description\" content=\"BTG Pactual demonstrou \u00e2nimo com a venda de ativos de transmiss\u00e3o da Equatorial para a Verene Energia S.A. EQT possui hoje uma TIR de 11,3%.\" \/>\n<meta name=\"robots\" content=\"index, follow, max-snippet:-1, max-image-preview:large, max-video-preview:-1\" \/>\n<link rel=\"canonical\" href=\"https:\/\/www.suno.com.br\/noticias\/equatorial-btg-venda\/\" \/>\n<meta property=\"og:locale\" content=\"pt_BR\" \/>\n<meta property=\"og:type\" content=\"article\" \/>\n<meta property=\"og:title\" content=\"Equatorial: BTG Pactual recomenda compra ap\u00f3s venda de ativos\" \/>\n<meta property=\"og:description\" content=\"BTG Pactual demonstrou \u00e2nimo com a venda de ativos de transmiss\u00e3o da Equatorial para a Verene Energia S.A. EQT possui hoje uma TIR de 11,3%.\" \/>\n<meta property=\"og:url\" content=\"https:\/\/www.suno.com.br\/noticias\/equatorial-btg-venda\/\" \/>\n<meta property=\"og:site_name\" content=\"Suno Not\u00edcias\" \/>\n<meta property=\"article:publisher\" content=\"https:\/\/facebook.com\/sunoresearch\" \/>\n<meta property=\"og:image\" content=\"https:\/\/files.sunoresearch.com.br\/n\/uploads\/2020\/08\/8bdbf1df-taee.jpeg\" \/>\n\t<meta property=\"og:image:width\" content=\"1920\" \/>\n\t<meta property=\"og:image:height\" content=\"1080\" \/>\n\t<meta property=\"og:image:type\" content=\"image\/jpeg\" \/>\n<meta name=\"author\" content=\"F\u00e1bio Mendes do Nascimento\" \/>\n<meta name=\"twitter:card\" content=\"summary_large_image\" \/>\n<meta name=\"twitter:creator\" content=\"@sunoresearch\" \/>\n<meta name=\"twitter:site\" content=\"@sunoresearch\" \/>\n<meta name=\"twitter:label1\" content=\"Escrito por\" \/>\n\t<meta name=\"twitter:data1\" content=\"F\u00e1bio Mendes do Nascimento\" \/>\n\t<meta name=\"twitter:label2\" content=\"Est. tempo de leitura\" \/>\n\t<meta name=\"twitter:data2\" content=\"3 minutos\" \/>\n<script type=\"application\/ld+json\" class=\"yoast-schema-graph\">{\"@context\":\"https:\/\/schema.org\",\"@graph\":[{\"@type\":\"NewsArticle\",\"@id\":\"https:\/\/www.suno.com.br\/noticias\/equatorial-btg-venda\/#article\",\"isPartOf\":{\"@id\":\"https:\/\/www.suno.com.br\/noticias\/equatorial-btg-venda\/\"},\"author\":{\"name\":\"F\u00e1bio Mendes do Nascimento\",\"@id\":\"https:\/\/www.suno.com.br\/noticias\/#\/schema\/person\/1c784a30f1a51d526ba332d9e9865e89\"},\"headline\":\"Equatorial Energia (EQTL3): BTG Pactual recomenda compra ap\u00f3s venda de ativos\",\"datePublished\":\"2025-04-08T02:35:19+00:00\",\"dateModified\":\"2025-04-08T03:08:01+00:00\",\"mainEntityOfPage\":{\"@id\":\"https:\/\/www.suno.com.br\/noticias\/equatorial-btg-venda\/\"},\"wordCount\":399,\"publisher\":{\"@id\":\"https:\/\/www.suno.com.br\/noticias\/#organization\"},\"image\":{\"@id\":\"https:\/\/www.suno.com.br\/noticias\/equatorial-btg-venda\/#primaryimage\"},\"thumbnailUrl\":\"https:\/\/files.sunoresearch.com.br\/n\/uploads\/2020\/08\/8bdbf1df-taee-jpeg.webp\",\"keywords\":[\"Equatorial (EQTL3)\"],\"articleSection\":[\"Mercado\"],\"inLanguage\":\"pt-BR\"},{\"@type\":\"WebPage\",\"@id\":\"https:\/\/www.suno.com.br\/noticias\/equatorial-btg-venda\/\",\"url\":\"https:\/\/www.suno.com.br\/noticias\/equatorial-btg-venda\/\",\"name\":\"Equatorial: BTG Pactual recomenda compra ap\u00f3s venda de ativos\",\"isPartOf\":{\"@id\":\"https:\/\/www.suno.com.br\/noticias\/#website\"},\"primaryImageOfPage\":{\"@id\":\"https:\/\/www.suno.com.br\/noticias\/equatorial-btg-venda\/#primaryimage\"},\"image\":{\"@id\":\"https:\/\/www.suno.com.br\/noticias\/equatorial-btg-venda\/#primaryimage\"},\"thumbnailUrl\":\"https:\/\/files.sunoresearch.com.br\/n\/uploads\/2020\/08\/8bdbf1df-taee-jpeg.webp\",\"datePublished\":\"2025-04-08T02:35:19+00:00\",\"dateModified\":\"2025-04-08T03:08:01+00:00\",\"description\":\"BTG Pactual demonstrou \u00e2nimo com a venda de ativos de transmiss\u00e3o da Equatorial para a Verene Energia S.A. EQT possui hoje uma TIR de 11,3%.\",\"breadcrumb\":{\"@id\":\"https:\/\/www.suno.com.br\/noticias\/equatorial-btg-venda\/#breadcrumb\"},\"inLanguage\":\"pt-BR\",\"potentialAction\":[{\"@type\":\"ReadAction\",\"target\":[\"https:\/\/www.suno.com.br\/noticias\/equatorial-btg-venda\/\"]}]},{\"@type\":\"ImageObject\",\"inLanguage\":\"pt-BR\",\"@id\":\"https:\/\/www.suno.com.br\/noticias\/equatorial-btg-venda\/#primaryimage\",\"url\":\"https:\/\/files.sunoresearch.com.br\/n\/uploads\/2020\/08\/8bdbf1df-taee-jpeg.webp\",\"contentUrl\":\"https:\/\/files.sunoresearch.com.br\/n\/uploads\/2020\/08\/8bdbf1df-taee-jpeg.webp\",\"width\":1920,\"height\":1080,\"caption\":\"Linha de Transmiss\u00e3o. Foto: Pixabay\"},{\"@type\":\"BreadcrumbList\",\"@id\":\"https:\/\/www.suno.com.br\/noticias\/equatorial-btg-venda\/#breadcrumb\",\"itemListElement\":[{\"@type\":\"ListItem\",\"position\":1,\"name\":\"Not\u00edcias\",\"item\":\"https:\/\/www.suno.com.br\/noticias\/\"},{\"@type\":\"ListItem\",\"position\":2,\"name\":\"Mercado\",\"item\":\"https:\/\/www.suno.com.br\/noticias\/mercado\/\"},{\"@type\":\"ListItem\",\"position\":3,\"name\":\"Equatorial Energia (EQTL3): BTG Pactual recomenda compra ap\u00f3s venda de ativos\"}]},{\"@type\":\"WebSite\",\"@id\":\"https:\/\/www.suno.com.br\/noticias\/#website\",\"url\":\"https:\/\/www.suno.com.br\/noticias\/\",\"name\":\"Suno Not\u00edcias\",\"description\":\"Seu portal de informa\u00e7\u00e3o sobre o mundo dos investimentos\",\"publisher\":{\"@id\":\"https:\/\/www.suno.com.br\/noticias\/#organization\"},\"potentialAction\":[{\"@type\":\"SearchAction\",\"target\":{\"@type\":\"EntryPoint\",\"urlTemplate\":\"https:\/\/www.suno.com.br\/noticias\/?s={search_term_string}\"},\"query-input\":{\"@type\":\"PropertyValueSpecification\",\"valueRequired\":true,\"valueName\":\"search_term_string\"}}],\"inLanguage\":\"pt-BR\"},{\"@type\":\"Organization\",\"@id\":\"https:\/\/www.suno.com.br\/noticias\/#organization\",\"name\":\"Suno Not\u00edcias\",\"url\":\"https:\/\/www.suno.com.br\/noticias\/\",\"logo\":{\"@type\":\"ImageObject\",\"inLanguage\":\"pt-BR\",\"@id\":\"https:\/\/www.suno.com.br\/noticias\/#\/schema\/logo\/image\/\",\"url\":\"https:\/\/files.sunoresearch.com.br\/n\/uploads\/2021\/09\/suno-logo.png\",\"contentUrl\":\"https:\/\/files.sunoresearch.com.br\/n\/uploads\/2021\/09\/suno-logo.png\",\"width\":180,\"height\":180,\"caption\":\"Suno Not\u00edcias\"},\"image\":{\"@id\":\"https:\/\/www.suno.com.br\/noticias\/#\/schema\/logo\/image\/\"},\"sameAs\":[\"https:\/\/facebook.com\/sunoresearch\",\"https:\/\/x.com\/sunoresearch\",\"https:\/\/www.instagram.com\/suno\",\"https:\/\/www.linkedin.com\/company\/suno-research\/\",\"https:\/\/www.youtube.com\/c\/sunoresearch\"]},{\"@type\":\"Person\",\"@id\":\"https:\/\/www.suno.com.br\/noticias\/#\/schema\/person\/1c784a30f1a51d526ba332d9e9865e89\",\"name\":\"F\u00e1bio Mendes do Nascimento\",\"image\":{\"@type\":\"ImageObject\",\"inLanguage\":\"pt-BR\",\"@id\":\"https:\/\/www.suno.com.br\/noticias\/#\/schema\/person\/image\/\",\"url\":\"https:\/\/secure.gravatar.com\/avatar\/c405941bfde08b613fd06fbdefe26fe1?s=96&r=g\",\"contentUrl\":\"https:\/\/secure.gravatar.com\/avatar\/c405941bfde08b613fd06fbdefe26fe1?s=96&r=g\",\"caption\":\"F\u00e1bio Mendes do Nascimento\"},\"url\":\"https:\/\/www.suno.com.br\/noticias\/author\/fabionascimentoyahoo-com\/\"}]}<\/script>\n<!-- \/ Yoast SEO plugin. -->","yoast_head_json":{"title":"Equatorial: BTG Pactual recomenda compra ap\u00f3s venda de ativos","description":"BTG Pactual demonstrou \u00e2nimo com a venda de ativos de transmiss\u00e3o da Equatorial para a Verene Energia S.A. EQT possui hoje uma TIR de 11,3%.","robots":{"index":"index","follow":"follow","max-snippet":"max-snippet:-1","max-image-preview":"max-image-preview:large","max-video-preview":"max-video-preview:-1"},"canonical":"https:\/\/www.suno.com.br\/noticias\/equatorial-btg-venda\/","og_locale":"pt_BR","og_type":"article","og_title":"Equatorial: BTG Pactual recomenda compra ap\u00f3s venda de ativos","og_description":"BTG Pactual demonstrou \u00e2nimo com a venda de ativos de transmiss\u00e3o da Equatorial para a Verene Energia S.A. EQT possui hoje uma TIR de 11,3%.","og_url":"https:\/\/www.suno.com.br\/noticias\/equatorial-btg-venda\/","og_site_name":"Suno Not\u00edcias","article_publisher":"https:\/\/facebook.com\/sunoresearch","og_image":[{"width":1920,"height":1080,"url":"https:\/\/files.sunoresearch.com.br\/n\/uploads\/2020\/08\/8bdbf1df-taee.jpeg","type":"image\/jpeg"}],"author":"F\u00e1bio Mendes do Nascimento","twitter_card":"summary_large_image","twitter_creator":"@sunoresearch","twitter_site":"@sunoresearch","twitter_misc":{"Escrito por":"F\u00e1bio Mendes do Nascimento","Est. tempo de leitura":"3 minutos"},"schema":{"@context":"https:\/\/schema.org","@graph":[{"@type":"NewsArticle","@id":"https:\/\/www.suno.com.br\/noticias\/equatorial-btg-venda\/#article","isPartOf":{"@id":"https:\/\/www.suno.com.br\/noticias\/equatorial-btg-venda\/"},"author":{"name":"F\u00e1bio Mendes do Nascimento","@id":"https:\/\/www.suno.com.br\/noticias\/#\/schema\/person\/1c784a30f1a51d526ba332d9e9865e89"},"headline":"Equatorial Energia (EQTL3): BTG Pactual recomenda compra ap\u00f3s venda de ativos","datePublished":"2025-04-08T02:35:19+00:00","dateModified":"2025-04-08T03:08:01+00:00","mainEntityOfPage":{"@id":"https:\/\/www.suno.com.br\/noticias\/equatorial-btg-venda\/"},"wordCount":399,"publisher":{"@id":"https:\/\/www.suno.com.br\/noticias\/#organization"},"image":{"@id":"https:\/\/www.suno.com.br\/noticias\/equatorial-btg-venda\/#primaryimage"},"thumbnailUrl":"https:\/\/files.sunoresearch.com.br\/n\/uploads\/2020\/08\/8bdbf1df-taee-jpeg.webp","keywords":["Equatorial (EQTL3)"],"articleSection":["Mercado"],"inLanguage":"pt-BR"},{"@type":"WebPage","@id":"https:\/\/www.suno.com.br\/noticias\/equatorial-btg-venda\/","url":"https:\/\/www.suno.com.br\/noticias\/equatorial-btg-venda\/","name":"Equatorial: BTG Pactual recomenda compra ap\u00f3s venda de ativos","isPartOf":{"@id":"https:\/\/www.suno.com.br\/noticias\/#website"},"primaryImageOfPage":{"@id":"https:\/\/www.suno.com.br\/noticias\/equatorial-btg-venda\/#primaryimage"},"image":{"@id":"https:\/\/www.suno.com.br\/noticias\/equatorial-btg-venda\/#primaryimage"},"thumbnailUrl":"https:\/\/files.sunoresearch.com.br\/n\/uploads\/2020\/08\/8bdbf1df-taee-jpeg.webp","datePublished":"2025-04-08T02:35:19+00:00","dateModified":"2025-04-08T03:08:01+00:00","description":"BTG Pactual demonstrou \u00e2nimo com a venda de ativos de transmiss\u00e3o da Equatorial para a Verene Energia S.A. EQT possui hoje uma TIR de 11,3%.","breadcrumb":{"@id":"https:\/\/www.suno.com.br\/noticias\/equatorial-btg-venda\/#breadcrumb"},"inLanguage":"pt-BR","potentialAction":[{"@type":"ReadAction","target":["https:\/\/www.suno.com.br\/noticias\/equatorial-btg-venda\/"]}]},{"@type":"ImageObject","inLanguage":"pt-BR","@id":"https:\/\/www.suno.com.br\/noticias\/equatorial-btg-venda\/#primaryimage","url":"https:\/\/files.sunoresearch.com.br\/n\/uploads\/2020\/08\/8bdbf1df-taee-jpeg.webp","contentUrl":"https:\/\/files.sunoresearch.com.br\/n\/uploads\/2020\/08\/8bdbf1df-taee-jpeg.webp","width":1920,"height":1080,"caption":"Linha de Transmiss\u00e3o. Foto: Pixabay"},{"@type":"BreadcrumbList","@id":"https:\/\/www.suno.com.br\/noticias\/equatorial-btg-venda\/#breadcrumb","itemListElement":[{"@type":"ListItem","position":1,"name":"Not\u00edcias","item":"https:\/\/www.suno.com.br\/noticias\/"},{"@type":"ListItem","position":2,"name":"Mercado","item":"https:\/\/www.suno.com.br\/noticias\/mercado\/"},{"@type":"ListItem","position":3,"name":"Equatorial Energia (EQTL3): BTG Pactual recomenda compra ap\u00f3s venda de ativos"}]},{"@type":"WebSite","@id":"https:\/\/www.suno.com.br\/noticias\/#website","url":"https:\/\/www.suno.com.br\/noticias\/","name":"Suno Not\u00edcias","description":"Seu portal de informa\u00e7\u00e3o sobre o mundo dos investimentos","publisher":{"@id":"https:\/\/www.suno.com.br\/noticias\/#organization"},"potentialAction":[{"@type":"SearchAction","target":{"@type":"EntryPoint","urlTemplate":"https:\/\/www.suno.com.br\/noticias\/?s={search_term_string}"},"query-input":{"@type":"PropertyValueSpecification","valueRequired":true,"valueName":"search_term_string"}}],"inLanguage":"pt-BR"},{"@type":"Organization","@id":"https:\/\/www.suno.com.br\/noticias\/#organization","name":"Suno Not\u00edcias","url":"https:\/\/www.suno.com.br\/noticias\/","logo":{"@type":"ImageObject","inLanguage":"pt-BR","@id":"https:\/\/www.suno.com.br\/noticias\/#\/schema\/logo\/image\/","url":"https:\/\/files.sunoresearch.com.br\/n\/uploads\/2021\/09\/suno-logo.png","contentUrl":"https:\/\/files.sunoresearch.com.br\/n\/uploads\/2021\/09\/suno-logo.png","width":180,"height":180,"caption":"Suno Not\u00edcias"},"image":{"@id":"https:\/\/www.suno.com.br\/noticias\/#\/schema\/logo\/image\/"},"sameAs":["https:\/\/facebook.com\/sunoresearch","https:\/\/x.com\/sunoresearch","https:\/\/www.instagram.com\/suno","https:\/\/www.linkedin.com\/company\/suno-research\/","https:\/\/www.youtube.com\/c\/sunoresearch"]},{"@type":"Person","@id":"https:\/\/www.suno.com.br\/noticias\/#\/schema\/person\/1c784a30f1a51d526ba332d9e9865e89","name":"F\u00e1bio Mendes do Nascimento","image":{"@type":"ImageObject","inLanguage":"pt-BR","@id":"https:\/\/www.suno.com.br\/noticias\/#\/schema\/person\/image\/","url":"https:\/\/secure.gravatar.com\/avatar\/c405941bfde08b613fd06fbdefe26fe1?s=96&r=g","contentUrl":"https:\/\/secure.gravatar.com\/avatar\/c405941bfde08b613fd06fbdefe26fe1?s=96&r=g","caption":"F\u00e1bio Mendes do Nascimento"},"url":"https:\/\/www.suno.com.br\/noticias\/author\/fabionascimentoyahoo-com\/"}]}},"default_loop_html":"<div class=\"cardsPage__listCard__boxs\"><div class=\"cardsPage__listCard__boxs__img\"><a href=\"https:\/\/www.suno.com.br\/noticias\/equatorial-btg-venda\/\"><img class=\"mask\" src=\"https:\/\/www.suno.com.br\/noticias\/wp-content\/themes\/suno\/resources\/images\/spotlight\/spotlight1img\/bg-mask.png\" alt=\"Image Mask\"\/><img src=\"https:\/\/files.sunoresearch.com.br\/n\/uploads\/2020\/08\/8bdbf1df-taee-400x200.webp\" alt=\"Equatorial Energia (EQTL3): BTG Pactual recomenda compra ap\u00f3s venda de ativos\"\/><\/a><span class=\"spotlightCategory\"><a href=\"https:\/\/www.suno.com.br\/noticias\/mercado\/\">Mercado<\/a><\/span><\/div><div class=\"cardsPage__listCard__boxs__content\"><a href=\"https:\/\/www.suno.com.br\/noticias\/equatorial-btg-venda\/\"><h2 class=\"content__title\">Equatorial Energia (EQTL3): BTG Pactual recomenda compra ap\u00f3s venda de ativos<\/h2><\/a><div class=\"newsContent__article__meta\"><div class=\"newsContent__article__meta__authorBox\"><a href=\"https:\/\/www.suno.com.br\/noticias\/author\/fabionascimentoyahoo-com\/\" class=\"authorBox__avatar noMobi\"><img src=\"https:\/\/secure.gravatar.com\/avatar\/c405941bfde08b613fd06fbdefe26fe1?s=96&#038;r=g\" alt=\"F\u00e1bio Mendes do Nascimento\"><\/a><div class=\"authorBox__name\"><span>por\n\t\t\t<a href=\"https:\/\/www.suno.com.br\/noticias\/author\/fabionascimentoyahoo-com\/\"><span itemprop=\"author\">F\u00e1bio Mendes do Nascimento<\/span><\/a><\/span><time datetime=\"2025-04-07T23:35:19-03:00\" itemprop=\"datePublished\">07\/04\/2025 23:35<\/time><\/div><\/div><\/div><\/div><\/div>","single_layout":"posts","amp_enabled":true,"_links":{"self":[{"href":"https:\/\/www.suno.com.br\/noticias\/wp-json\/wp\/v2\/posts\/600738"}],"collection":[{"href":"https:\/\/www.suno.com.br\/noticias\/wp-json\/wp\/v2\/posts"}],"about":[{"href":"https:\/\/www.suno.com.br\/noticias\/wp-json\/wp\/v2\/types\/post"}],"author":[{"embeddable":true,"href":"https:\/\/www.suno.com.br\/noticias\/wp-json\/wp\/v2\/users\/377"}],"replies":[{"embeddable":true,"href":"https:\/\/www.suno.com.br\/noticias\/wp-json\/wp\/v2\/comments?post=600738"}],"version-history":[{"count":2,"href":"https:\/\/www.suno.com.br\/noticias\/wp-json\/wp\/v2\/posts\/600738\/revisions"}],"predecessor-version":[{"id":600749,"href":"https:\/\/www.suno.com.br\/noticias\/wp-json\/wp\/v2\/posts\/600738\/revisions\/600749"}],"wp:featuredmedia":[{"embeddable":true,"href":"https:\/\/www.suno.com.br\/noticias\/wp-json\/wp\/v2\/media\/78037"}],"wp:attachment":[{"href":"https:\/\/www.suno.com.br\/noticias\/wp-json\/wp\/v2\/media?parent=600738"}],"wp:term":[{"taxonomy":"category","embeddable":true,"href":"https:\/\/www.suno.com.br\/noticias\/wp-json\/wp\/v2\/categories?post=600738"},{"taxonomy":"post_tag","embeddable":true,"href":"https:\/\/www.suno.com.br\/noticias\/wp-json\/wp\/v2\/tags?post=600738"},{"taxonomy":"suno_strategy","embeddable":true,"href":"https:\/\/www.suno.com.br\/noticias\/wp-json\/wp\/v2\/suno_strategy?post=600738"}],"curies":[{"name":"wp","href":"https:\/\/api.w.org\/{rel}","templated":true}]}}