{"id":60071,"date":"2020-04-02T10:13:08","date_gmt":"2020-04-02T13:13:08","guid":{"rendered":"https:\/\/www.suno.com.br\/noticias\/?p=60071"},"modified":"2020-04-02T10:45:34","modified_gmt":"2020-04-02T13:45:34","slug":"coronavirus-madero-demite-600-colaboradores","status":"publish","type":"post","link":"https:\/\/www.suno.com.br\/noticias\/coronavirus-madero-demite-600-colaboradores\/","title":{"rendered":"Madero demite 600 colaboradores em meio \u00e0 crise provocada pelo Covid-19"},"content":{"rendered":"<p>De acordo com informa\u00e7\u00f5es do jornal &#8220;O Estado de S\u00e3o Paulo&#8221;, a rede de restaurantes <strong>Madero<\/strong> demitiu mais de 600 funcion\u00e1rios, nesta quarta-feira (1). As demiss\u00f5es est\u00e3o ligadas diretamente a crise causada pela pandemia de <a href=\"https:\/\/www.youtube.com\/watch?v=3isdrLdIEdM\">coronav\u00edrus (Covid-19)<\/a>.<\/p>\t<div class=\"wrapper-featured-image\">\n\t\t<figure class=\"spotlightImg\">\n\n\t\t\t<picture>\n\t\t\t\t<source media=\"(max-width: 768px)\" srcset=\"https:\/\/files.sunoresearch.com.br\/n\/uploads\/2019\/12\/1c30d98b-madero-400x200.webp\">\n\t\t\t\t<img loading=\"lazy\" decoding=\"async\" class=\"newsContent__article__imgCapa lazyloadDisabled newsContent__article__imgCapa--noCaption\" src=\"https:\/\/files.sunoresearch.com.br\/n\/uploads\/2019\/12\/1c30d98b-madero-800x450.webp\" width=\"800\" height=\"450\" alt=\"Madero demite 600 colaboradores em meio \u00e0 crise provocada pelo Covid-19\" fetchpriority=high \/>\n\t\t\t<\/picture>\n\n\t\t\t<figcaption class=\"wp-caption-text wp-caption-text--hide\">Madero. Foto: Divulga\u00e7\u00e3o<\/figcaption>\n\t\t<\/figure>\n\t<\/div>\n\n\n\n<p>De acordo com o jornal, o dono da rede de restaurantes, Junior Durski, afirmou que as demiss\u00f5es s\u00e3o de colaboradores ligados aos projetos de amplia\u00e7\u00e3o da rede Madero para 2020. Eram estimados pelo menos 65 novos restaurantes neste ano.<\/p>\n<p>As demiss\u00f5es acontecem nove dias ap\u00f3s o dono da empresa ter prometido que iria manter os empregos de seus colaboradores durante a crise econ\u00f4mica causada pelo coronav\u00edrus.<\/p>\n\t<p>\n\t\t<a href=\"https:\/\/lp.suno.com.br\/planilha-da-vida-financeira\/\" target=\"_blank\" data-element=\"shortcode-suno-banner\" title=\"Banner SUNO, clique e saiba mais\">\n\t\t\t<picture>\n\t\t\t\t<source media=\"(max-width: 500px)\" srcset=\"https:\/\/files.sunoresearch.com.br\/n\/uploads\/2023\/04\/400x300-Planilha-vida-financeira-true.png\">\n\t\t\t\t<img class=\"newsContent__article__imgCapa newsContent__article__imgCapa--banner\"\n\t\t\t\t\tsrc=\"https:\/\/files.sunoresearch.com.br\/n\/uploads\/2023\/04\/1420x240-Planilha-vida-financeira-true.png\"\n\t\t\t\t\tdata-promo-id=\"383123\"\t\t\t\t\t\t\t\t\t\twidth='1420' height='240'\t\t\t\t\talt=\"https:\/\/files.sunoresearch.com.br\/n\/uploads\/2023\/04\/1420x240-Planilha-vida-financeira-true.png\"\n\t\t\t\t>\n\t\t\t<\/picture>\n\t\t<\/a>\n\t<\/p>\n\n\n<p>Segundo o dono da Madero, a maioria dos colaboradores dispensados foram contratados recentemente e estavam em treinamento para trabalhar nos novos restaurantes que seriam inaugurados em breve. Entretanto, de acordo com informa\u00e7\u00f5es da &#8220;Exame&#8221;, executivos, arquitetos e engenheiros tamb\u00e9m foram desligados.<\/p>\n<p>Em uma publica\u00e7\u00e3o feita em seu Instagram, no dia 23 de mar\u00e7o, o dono do Madero se mostrou contra o isolamento que foi recomendado pelo Minist\u00e9rio da Sa\u00fade.<\/p>\n<p><a href=\"https:\/\/www.suno.com.br\/nossas-assinaturas\/suno-premium\/\">Bolsa em queda livre!? Aproveita as maiores oportunidades da bolsa brasileira com nosso acesso Suno Premium<\/a><\/p>\n<h2>Rede Madero e competi\u00e7\u00e3o com Graal e Frango Assado<\/h2>\n<p>Enquanto <a href=\"https:\/\/www.suno.com.br\/noticias\/madero-abertura-capital-estados-unidos\/\">se preparava para a oferta p\u00fablica inicial de a\u00e7\u00f5es (IPO)<\/a> e namorava a compra das opera\u00e7\u00f5es do <strong>Outback<\/strong> no Brasil, a rede de hamburguerias <strong>Madero<\/strong> estudava tamb\u00e9m entrar em um novo setor: o de restaurantes de estrada.<\/p>\n<p><a href=\"https:\/\/www.suno.com.br\/noticias\/madero-competir-graal-frango-assado\/\">Saiba mais: Exclusivo: Madero planeja competir com Graal e Frango Assado<\/a><\/p>\n<p>A Madero adquiriu, em janeiro deste ano, um posto de gasolina e toda a estrutura em torno do local, perto do quil\u00f4metro 44 da rodovia Castello Branco, que liga a capital de S\u00e3o Paulo ao interior do estado, pr\u00f3ximo a cidade de Itu.<\/p>\n<p>De acordo com fontes ouvidas pelo <a href=\"https:\/\/www.suno.com.br\/noticias\/madero-competir-graal-frango-assado\/\"><strong>SUNO Not\u00edcias<\/strong><\/a>, em fevereiro, o <strong>Madero<\/strong> aposta no local como parte da estrat\u00e9gia de come\u00e7ar a competir com os grandes players do setor no Brasil: Graal e Frango Assado.<\/p>\n\n","protected":false},"excerpt":{"rendered":"<p>De acordo com informa\u00e7\u00f5es do jornal &#8220;O Estado de S\u00e3o Paulo&#8221;, a rede de restaurantes Madero demitiu mais de 600 funcion\u00e1rios, nesta quarta-feira (1). As demiss\u00f5es est\u00e3o ligadas diretamente a crise causada pela pandemia de coronav\u00edrus (Covid-19). Madero. Foto: Divulga\u00e7\u00e3o De acordo com o jornal, o dono da rede de restaurantes, Junior Durski, afirmou que [&hellip;]<\/p>\n","protected":false},"author":19,"featured_media":47356,"comment_status":"closed","ping_status":"closed","sticky":false,"template":"","format":"standard","meta":[],"categories":[64],"tags":[2487,1250],"suno_strategy":[],"class_list":["post-60071","post","type-post","status-publish","format-standard","has-post-thumbnail","hentry","category-negocios","tag-coronavirus","tag-madero"],"yoast_head":"<!-- This site is optimized with the Yoast SEO plugin v24.4 - https:\/\/yoast.com\/wordpress\/plugins\/seo\/ -->\n<title>Coronav\u00edrus: Madero demite 600 colaboradores em meio \u00e0 crise<\/title>\n<meta name=\"description\" content=\"A rede de restaurantes Madero demitiu mais de 600 funcion\u00e1rios, nesta quarta-feira (1), em meio \u00e0 crise provocada pelo Covid-19.\" \/>\n<meta name=\"robots\" content=\"index, follow, max-snippet:-1, max-image-preview:large, max-video-preview:-1\" \/>\n<link rel=\"canonical\" href=\"https:\/\/www.suno.com.br\/noticias\/coronavirus-madero-demite-600-colaboradores\/\" \/>\n<meta property=\"og:locale\" content=\"pt_BR\" \/>\n<meta property=\"og:type\" content=\"article\" \/>\n<meta property=\"og:title\" content=\"Coronav\u00edrus: Madero demite 600 colaboradores em meio \u00e0 crise\" \/>\n<meta property=\"og:description\" content=\"A rede de restaurantes Madero demitiu mais de 600 funcion\u00e1rios, nesta quarta-feira (1), em meio \u00e0 crise provocada pelo Covid-19.\" \/>\n<meta property=\"og:url\" content=\"https:\/\/www.suno.com.br\/noticias\/coronavirus-madero-demite-600-colaboradores\/\" \/>\n<meta property=\"og:site_name\" content=\"Suno Not\u00edcias\" \/>\n<meta property=\"article:publisher\" content=\"https:\/\/facebook.com\/sunoresearch\" \/>\n<meta property=\"og:image\" content=\"https:\/\/files.sunoresearch.com.br\/n\/uploads\/2019\/12\/1c30d98b-madero.jpg\" \/>\n\t<meta property=\"og:image:width\" content=\"1600\" \/>\n\t<meta property=\"og:image:height\" content=\"900\" \/>\n\t<meta property=\"og:image:type\" content=\"image\/jpeg\" \/>\n<meta name=\"author\" content=\"Juliano Passaro\" \/>\n<meta name=\"twitter:card\" content=\"summary_large_image\" \/>\n<meta name=\"twitter:creator\" content=\"@sunoresearch\" \/>\n<meta name=\"twitter:site\" content=\"@sunoresearch\" \/>\n<meta name=\"twitter:label1\" content=\"Escrito por\" \/>\n\t<meta name=\"twitter:data1\" content=\"Juliano Passaro\" \/>\n\t<meta name=\"twitter:label2\" content=\"Est. tempo de leitura\" \/>\n\t<meta name=\"twitter:data2\" content=\"2 minutos\" \/>\n<script type=\"application\/ld+json\" class=\"yoast-schema-graph\">{\"@context\":\"https:\/\/schema.org\",\"@graph\":[{\"@type\":\"NewsArticle\",\"@id\":\"https:\/\/www.suno.com.br\/noticias\/coronavirus-madero-demite-600-colaboradores\/#article\",\"isPartOf\":{\"@id\":\"https:\/\/www.suno.com.br\/noticias\/coronavirus-madero-demite-600-colaboradores\/\"},\"author\":{\"name\":\"Juliano Passaro\",\"@id\":\"https:\/\/www.suno.com.br\/noticias\/#\/schema\/person\/1db762f78ffd8919a648a63e425953e3\"},\"headline\":\"Madero demite 600 colaboradores em meio \u00e0 crise provocada pelo Covid-19\",\"datePublished\":\"2020-04-02T13:13:08+00:00\",\"dateModified\":\"2020-04-02T13:45:34+00:00\",\"mainEntityOfPage\":{\"@id\":\"https:\/\/www.suno.com.br\/noticias\/coronavirus-madero-demite-600-colaboradores\/\"},\"wordCount\":368,\"publisher\":{\"@id\":\"https:\/\/www.suno.com.br\/noticias\/#organization\"},\"image\":{\"@id\":\"https:\/\/www.suno.com.br\/noticias\/coronavirus-madero-demite-600-colaboradores\/#primaryimage\"},\"thumbnailUrl\":\"https:\/\/files.sunoresearch.com.br\/n\/uploads\/2019\/12\/1c30d98b-madero-jpg.webp\",\"keywords\":[\"coronav\u00edrus\",\"Madero\"],\"articleSection\":[\"Neg\u00f3cios\"],\"inLanguage\":\"pt-BR\"},{\"@type\":\"WebPage\",\"@id\":\"https:\/\/www.suno.com.br\/noticias\/coronavirus-madero-demite-600-colaboradores\/\",\"url\":\"https:\/\/www.suno.com.br\/noticias\/coronavirus-madero-demite-600-colaboradores\/\",\"name\":\"Coronav\u00edrus: Madero demite 600 colaboradores em meio \u00e0 crise\",\"isPartOf\":{\"@id\":\"https:\/\/www.suno.com.br\/noticias\/#website\"},\"primaryImageOfPage\":{\"@id\":\"https:\/\/www.suno.com.br\/noticias\/coronavirus-madero-demite-600-colaboradores\/#primaryimage\"},\"image\":{\"@id\":\"https:\/\/www.suno.com.br\/noticias\/coronavirus-madero-demite-600-colaboradores\/#primaryimage\"},\"thumbnailUrl\":\"https:\/\/files.sunoresearch.com.br\/n\/uploads\/2019\/12\/1c30d98b-madero-jpg.webp\",\"datePublished\":\"2020-04-02T13:13:08+00:00\",\"dateModified\":\"2020-04-02T13:45:34+00:00\",\"description\":\"A rede de restaurantes Madero demitiu mais de 600 funcion\u00e1rios, nesta quarta-feira (1), em meio \u00e0 crise provocada pelo Covid-19.\",\"breadcrumb\":{\"@id\":\"https:\/\/www.suno.com.br\/noticias\/coronavirus-madero-demite-600-colaboradores\/#breadcrumb\"},\"inLanguage\":\"pt-BR\",\"potentialAction\":[{\"@type\":\"ReadAction\",\"target\":[\"https:\/\/www.suno.com.br\/noticias\/coronavirus-madero-demite-600-colaboradores\/\"]}]},{\"@type\":\"ImageObject\",\"inLanguage\":\"pt-BR\",\"@id\":\"https:\/\/www.suno.com.br\/noticias\/coronavirus-madero-demite-600-colaboradores\/#primaryimage\",\"url\":\"https:\/\/files.sunoresearch.com.br\/n\/uploads\/2019\/12\/1c30d98b-madero-jpg.webp\",\"contentUrl\":\"https:\/\/files.sunoresearch.com.br\/n\/uploads\/2019\/12\/1c30d98b-madero-jpg.webp\",\"width\":1600,\"height\":900,\"caption\":\"Madero. Foto: Divulga\u00e7\u00e3o\"},{\"@type\":\"BreadcrumbList\",\"@id\":\"https:\/\/www.suno.com.br\/noticias\/coronavirus-madero-demite-600-colaboradores\/#breadcrumb\",\"itemListElement\":[{\"@type\":\"ListItem\",\"position\":1,\"name\":\"Not\u00edcias\",\"item\":\"https:\/\/www.suno.com.br\/noticias\/\"},{\"@type\":\"ListItem\",\"position\":2,\"name\":\"Neg\u00f3cios\",\"item\":\"https:\/\/www.suno.com.br\/noticias\/negocios\/\"},{\"@type\":\"ListItem\",\"position\":3,\"name\":\"Madero demite 600 colaboradores em meio \u00e0 crise provocada pelo Covid-19\"}]},{\"@type\":\"WebSite\",\"@id\":\"https:\/\/www.suno.com.br\/noticias\/#website\",\"url\":\"https:\/\/www.suno.com.br\/noticias\/\",\"name\":\"Suno Not\u00edcias\",\"description\":\"Seu portal de informa\u00e7\u00e3o sobre o mundo dos investimentos\",\"publisher\":{\"@id\":\"https:\/\/www.suno.com.br\/noticias\/#organization\"},\"potentialAction\":[{\"@type\":\"SearchAction\",\"target\":{\"@type\":\"EntryPoint\",\"urlTemplate\":\"https:\/\/www.suno.com.br\/noticias\/?s={search_term_string}\"},\"query-input\":{\"@type\":\"PropertyValueSpecification\",\"valueRequired\":true,\"valueName\":\"search_term_string\"}}],\"inLanguage\":\"pt-BR\"},{\"@type\":\"Organization\",\"@id\":\"https:\/\/www.suno.com.br\/noticias\/#organization\",\"name\":\"Suno Not\u00edcias\",\"url\":\"https:\/\/www.suno.com.br\/noticias\/\",\"logo\":{\"@type\":\"ImageObject\",\"inLanguage\":\"pt-BR\",\"@id\":\"https:\/\/www.suno.com.br\/noticias\/#\/schema\/logo\/image\/\",\"url\":\"https:\/\/files.sunoresearch.com.br\/n\/uploads\/2021\/09\/suno-logo.png\",\"contentUrl\":\"https:\/\/files.sunoresearch.com.br\/n\/uploads\/2021\/09\/suno-logo.png\",\"width\":180,\"height\":180,\"caption\":\"Suno Not\u00edcias\"},\"image\":{\"@id\":\"https:\/\/www.suno.com.br\/noticias\/#\/schema\/logo\/image\/\"},\"sameAs\":[\"https:\/\/facebook.com\/sunoresearch\",\"https:\/\/x.com\/sunoresearch\",\"https:\/\/www.instagram.com\/suno\",\"https:\/\/www.linkedin.com\/company\/suno-research\/\",\"https:\/\/www.youtube.com\/c\/sunoresearch\"]},{\"@type\":\"Person\",\"@id\":\"https:\/\/www.suno.com.br\/noticias\/#\/schema\/person\/1db762f78ffd8919a648a63e425953e3\",\"name\":\"Juliano Passaro\",\"image\":{\"@type\":\"ImageObject\",\"inLanguage\":\"pt-BR\",\"@id\":\"https:\/\/www.suno.com.br\/noticias\/#\/schema\/person\/image\/\",\"url\":\"https:\/\/secure.gravatar.com\/avatar\/743d4df28eebf6dcc46b4ad03c319e92?s=96&r=g\",\"contentUrl\":\"https:\/\/secure.gravatar.com\/avatar\/743d4df28eebf6dcc46b4ad03c319e92?s=96&r=g\",\"caption\":\"Juliano Passaro\"},\"description\":\"Juliano Passaro escreve sobre pol\u00edtica, economia e neg\u00f3cios para o portal da Suno Research. Antes da Suno, trabalhou no Portal da Band. \u00c9 formado em jornalismo pela Universidade Presbiteriana Mackenzie.\",\"url\":\"https:\/\/www.suno.com.br\/noticias\/author\/juliano\/\"}]}<\/script>\n<!-- \/ Yoast SEO plugin. -->","yoast_head_json":{"title":"Coronav\u00edrus: Madero demite 600 colaboradores em meio \u00e0 crise","description":"A rede de restaurantes Madero demitiu mais de 600 funcion\u00e1rios, nesta quarta-feira (1), em meio \u00e0 crise provocada pelo Covid-19.","robots":{"index":"index","follow":"follow","max-snippet":"max-snippet:-1","max-image-preview":"max-image-preview:large","max-video-preview":"max-video-preview:-1"},"canonical":"https:\/\/www.suno.com.br\/noticias\/coronavirus-madero-demite-600-colaboradores\/","og_locale":"pt_BR","og_type":"article","og_title":"Coronav\u00edrus: Madero demite 600 colaboradores em meio \u00e0 crise","og_description":"A rede de restaurantes Madero demitiu mais de 600 funcion\u00e1rios, nesta quarta-feira (1), em meio \u00e0 crise provocada pelo Covid-19.","og_url":"https:\/\/www.suno.com.br\/noticias\/coronavirus-madero-demite-600-colaboradores\/","og_site_name":"Suno Not\u00edcias","article_publisher":"https:\/\/facebook.com\/sunoresearch","og_image":[{"width":1600,"height":900,"url":"https:\/\/files.sunoresearch.com.br\/n\/uploads\/2019\/12\/1c30d98b-madero.jpg","type":"image\/jpeg"}],"author":"Juliano Passaro","twitter_card":"summary_large_image","twitter_creator":"@sunoresearch","twitter_site":"@sunoresearch","twitter_misc":{"Escrito por":"Juliano Passaro","Est. tempo de leitura":"2 minutos"},"schema":{"@context":"https:\/\/schema.org","@graph":[{"@type":"NewsArticle","@id":"https:\/\/www.suno.com.br\/noticias\/coronavirus-madero-demite-600-colaboradores\/#article","isPartOf":{"@id":"https:\/\/www.suno.com.br\/noticias\/coronavirus-madero-demite-600-colaboradores\/"},"author":{"name":"Juliano Passaro","@id":"https:\/\/www.suno.com.br\/noticias\/#\/schema\/person\/1db762f78ffd8919a648a63e425953e3"},"headline":"Madero demite 600 colaboradores em meio \u00e0 crise provocada pelo Covid-19","datePublished":"2020-04-02T13:13:08+00:00","dateModified":"2020-04-02T13:45:34+00:00","mainEntityOfPage":{"@id":"https:\/\/www.suno.com.br\/noticias\/coronavirus-madero-demite-600-colaboradores\/"},"wordCount":368,"publisher":{"@id":"https:\/\/www.suno.com.br\/noticias\/#organization"},"image":{"@id":"https:\/\/www.suno.com.br\/noticias\/coronavirus-madero-demite-600-colaboradores\/#primaryimage"},"thumbnailUrl":"https:\/\/files.sunoresearch.com.br\/n\/uploads\/2019\/12\/1c30d98b-madero-jpg.webp","keywords":["coronav\u00edrus","Madero"],"articleSection":["Neg\u00f3cios"],"inLanguage":"pt-BR"},{"@type":"WebPage","@id":"https:\/\/www.suno.com.br\/noticias\/coronavirus-madero-demite-600-colaboradores\/","url":"https:\/\/www.suno.com.br\/noticias\/coronavirus-madero-demite-600-colaboradores\/","name":"Coronav\u00edrus: Madero demite 600 colaboradores em meio \u00e0 crise","isPartOf":{"@id":"https:\/\/www.suno.com.br\/noticias\/#website"},"primaryImageOfPage":{"@id":"https:\/\/www.suno.com.br\/noticias\/coronavirus-madero-demite-600-colaboradores\/#primaryimage"},"image":{"@id":"https:\/\/www.suno.com.br\/noticias\/coronavirus-madero-demite-600-colaboradores\/#primaryimage"},"thumbnailUrl":"https:\/\/files.sunoresearch.com.br\/n\/uploads\/2019\/12\/1c30d98b-madero-jpg.webp","datePublished":"2020-04-02T13:13:08+00:00","dateModified":"2020-04-02T13:45:34+00:00","description":"A rede de restaurantes Madero demitiu mais de 600 funcion\u00e1rios, nesta quarta-feira (1), em meio \u00e0 crise provocada pelo Covid-19.","breadcrumb":{"@id":"https:\/\/www.suno.com.br\/noticias\/coronavirus-madero-demite-600-colaboradores\/#breadcrumb"},"inLanguage":"pt-BR","potentialAction":[{"@type":"ReadAction","target":["https:\/\/www.suno.com.br\/noticias\/coronavirus-madero-demite-600-colaboradores\/"]}]},{"@type":"ImageObject","inLanguage":"pt-BR","@id":"https:\/\/www.suno.com.br\/noticias\/coronavirus-madero-demite-600-colaboradores\/#primaryimage","url":"https:\/\/files.sunoresearch.com.br\/n\/uploads\/2019\/12\/1c30d98b-madero-jpg.webp","contentUrl":"https:\/\/files.sunoresearch.com.br\/n\/uploads\/2019\/12\/1c30d98b-madero-jpg.webp","width":1600,"height":900,"caption":"Madero. Foto: Divulga\u00e7\u00e3o"},{"@type":"BreadcrumbList","@id":"https:\/\/www.suno.com.br\/noticias\/coronavirus-madero-demite-600-colaboradores\/#breadcrumb","itemListElement":[{"@type":"ListItem","position":1,"name":"Not\u00edcias","item":"https:\/\/www.suno.com.br\/noticias\/"},{"@type":"ListItem","position":2,"name":"Neg\u00f3cios","item":"https:\/\/www.suno.com.br\/noticias\/negocios\/"},{"@type":"ListItem","position":3,"name":"Madero demite 600 colaboradores em meio \u00e0 crise provocada pelo Covid-19"}]},{"@type":"WebSite","@id":"https:\/\/www.suno.com.br\/noticias\/#website","url":"https:\/\/www.suno.com.br\/noticias\/","name":"Suno Not\u00edcias","description":"Seu portal de informa\u00e7\u00e3o sobre o mundo dos investimentos","publisher":{"@id":"https:\/\/www.suno.com.br\/noticias\/#organization"},"potentialAction":[{"@type":"SearchAction","target":{"@type":"EntryPoint","urlTemplate":"https:\/\/www.suno.com.br\/noticias\/?s={search_term_string}"},"query-input":{"@type":"PropertyValueSpecification","valueRequired":true,"valueName":"search_term_string"}}],"inLanguage":"pt-BR"},{"@type":"Organization","@id":"https:\/\/www.suno.com.br\/noticias\/#organization","name":"Suno Not\u00edcias","url":"https:\/\/www.suno.com.br\/noticias\/","logo":{"@type":"ImageObject","inLanguage":"pt-BR","@id":"https:\/\/www.suno.com.br\/noticias\/#\/schema\/logo\/image\/","url":"https:\/\/files.sunoresearch.com.br\/n\/uploads\/2021\/09\/suno-logo.png","contentUrl":"https:\/\/files.sunoresearch.com.br\/n\/uploads\/2021\/09\/suno-logo.png","width":180,"height":180,"caption":"Suno Not\u00edcias"},"image":{"@id":"https:\/\/www.suno.com.br\/noticias\/#\/schema\/logo\/image\/"},"sameAs":["https:\/\/facebook.com\/sunoresearch","https:\/\/x.com\/sunoresearch","https:\/\/www.instagram.com\/suno","https:\/\/www.linkedin.com\/company\/suno-research\/","https:\/\/www.youtube.com\/c\/sunoresearch"]},{"@type":"Person","@id":"https:\/\/www.suno.com.br\/noticias\/#\/schema\/person\/1db762f78ffd8919a648a63e425953e3","name":"Juliano Passaro","image":{"@type":"ImageObject","inLanguage":"pt-BR","@id":"https:\/\/www.suno.com.br\/noticias\/#\/schema\/person\/image\/","url":"https:\/\/secure.gravatar.com\/avatar\/743d4df28eebf6dcc46b4ad03c319e92?s=96&r=g","contentUrl":"https:\/\/secure.gravatar.com\/avatar\/743d4df28eebf6dcc46b4ad03c319e92?s=96&r=g","caption":"Juliano Passaro"},"description":"Juliano Passaro escreve sobre pol\u00edtica, economia e neg\u00f3cios para o portal da Suno Research. Antes da Suno, trabalhou no Portal da Band. \u00c9 formado em jornalismo pela Universidade Presbiteriana Mackenzie.","url":"https:\/\/www.suno.com.br\/noticias\/author\/juliano\/"}]}},"default_loop_html":"<div class=\"cardsPage__listCard__boxs\"><div class=\"cardsPage__listCard__boxs__img\"><a href=\"https:\/\/www.suno.com.br\/noticias\/coronavirus-madero-demite-600-colaboradores\/\"><img class=\"mask\" src=\"https:\/\/www.suno.com.br\/noticias\/wp-content\/themes\/suno\/resources\/images\/spotlight\/spotlight1img\/bg-mask.png\" alt=\"Image Mask\"\/><img src=\"https:\/\/files.sunoresearch.com.br\/n\/uploads\/2019\/12\/1c30d98b-madero-400x200.webp\" alt=\"Madero demite 600 colaboradores em meio \u00e0 crise provocada pelo Covid-19\"\/><\/a><span class=\"spotlightCategory\"><a href=\"https:\/\/www.suno.com.br\/noticias\/negocios\/\">Neg\u00f3cios<\/a><\/span><\/div><div class=\"cardsPage__listCard__boxs__content\"><a href=\"https:\/\/www.suno.com.br\/noticias\/coronavirus-madero-demite-600-colaboradores\/\"><h2 class=\"content__title\">Madero demite 600 colaboradores em meio \u00e0 crise provocada pelo Covid-19<\/h2><\/a><div class=\"newsContent__article__meta\"><div class=\"newsContent__article__meta__authorBox\"><a href=\"https:\/\/www.suno.com.br\/noticias\/author\/juliano\/\" class=\"authorBox__avatar noMobi\"><img src=\"https:\/\/files.sunoresearch.com.br\/n\/uploads\/2019\/06\/7cc3efea-whatsapp-image-2019-07-18-at-21.59.33-e1563499821209-150x150.webp\" alt=\"Juliano Passaro\"><\/a><div class=\"authorBox__name\"><span>por\n\t\t\t<a href=\"https:\/\/www.suno.com.br\/noticias\/author\/juliano\/\"><span itemprop=\"author\">Juliano Passaro<\/span><\/a><\/span><time datetime=\"2020-04-02T10:13:08-03:00\" itemprop=\"datePublished\">02\/04\/2020 10:13<\/time><\/div><\/div><\/div><\/div><\/div>","single_layout":"posts","amp_enabled":true,"_links":{"self":[{"href":"https:\/\/www.suno.com.br\/noticias\/wp-json\/wp\/v2\/posts\/60071"}],"collection":[{"href":"https:\/\/www.suno.com.br\/noticias\/wp-json\/wp\/v2\/posts"}],"about":[{"href":"https:\/\/www.suno.com.br\/noticias\/wp-json\/wp\/v2\/types\/post"}],"author":[{"embeddable":true,"href":"https:\/\/www.suno.com.br\/noticias\/wp-json\/wp\/v2\/users\/19"}],"replies":[{"embeddable":true,"href":"https:\/\/www.suno.com.br\/noticias\/wp-json\/wp\/v2\/comments?post=60071"}],"version-history":[{"count":0,"href":"https:\/\/www.suno.com.br\/noticias\/wp-json\/wp\/v2\/posts\/60071\/revisions"}],"wp:featuredmedia":[{"embeddable":true,"href":"https:\/\/www.suno.com.br\/noticias\/wp-json\/wp\/v2\/media\/47356"}],"wp:attachment":[{"href":"https:\/\/www.suno.com.br\/noticias\/wp-json\/wp\/v2\/media?parent=60071"}],"wp:term":[{"taxonomy":"category","embeddable":true,"href":"https:\/\/www.suno.com.br\/noticias\/wp-json\/wp\/v2\/categories?post=60071"},{"taxonomy":"post_tag","embeddable":true,"href":"https:\/\/www.suno.com.br\/noticias\/wp-json\/wp\/v2\/tags?post=60071"},{"taxonomy":"suno_strategy","embeddable":true,"href":"https:\/\/www.suno.com.br\/noticias\/wp-json\/wp\/v2\/suno_strategy?post=60071"}],"curies":[{"name":"wp","href":"https:\/\/api.w.org\/{rel}","templated":true}]}}