{"id":600292,"date":"2025-04-03T20:34:38","date_gmt":"2025-04-03T23:34:38","guid":{"rendered":"https:\/\/www.suno.com.br\/noticias\/?p=600292"},"modified":"2025-04-03T20:34:43","modified_gmt":"2025-04-03T23:34:43","slug":"pix-parcelado-deve-ser-lancado-em-setembro-diz-banco-central","status":"publish","type":"post","link":"https:\/\/www.suno.com.br\/noticias\/pix-parcelado-deve-ser-lancado-em-setembro-diz-banco-central\/","title":{"rendered":"Pix parcelado deve ser lan\u00e7ado em setembro, diz Banco Central"},"content":{"rendered":"<p>Um dia depois de o presidente do <a class=\"suno-keyword\" target=\"_blank\" data-force=\"no\" data-priority=\"3\" href=\"https:\/\/www.suno.com.br\/artigos\/bacen\/\" rel=\"noopener\">Banco Central (BC)<\/a>, Gabriel Gal\u00edpolo, anunciar inova\u00e7\u00f5es no Pix,&nbsp;o \u00f3rg\u00e3o divulgou as datas prov\u00e1veis para o lan\u00e7amento do <strong>Pix parcelado<\/strong>, uma das novas funcionalidades no sistema de transfer\u00eancias instant\u00e2neas.<\/p>\t<div class=\"wrapper-featured-image\">\n\t\t<figure class=\"spotlightImg\">\n\n\t\t\t<picture>\n\t\t\t\t<source media=\"(max-width: 768px)\" srcset=\"https:\/\/files.sunoresearch.com.br\/n\/uploads\/2024\/06\/iStock-1765860554-400x200.jpg\">\n\t\t\t\t<img loading=\"lazy\" decoding=\"async\" class=\"newsContent__article__imgCapa lazyloadDisabled \" src=\"https:\/\/files.sunoresearch.com.br\/n\/uploads\/2024\/06\/iStock-1765860554-800x450.jpg\" width=\"800\" height=\"450\" alt=\"Pix parcelado deve ser lan\u00e7ado em setembro, diz Banco Central\" fetchpriority=high \/>\n\t\t\t<\/picture>\n\n\t\t\t<figcaption class=\"wp-caption-text wp-caption-text--show\">Pix. Foto: iStock<\/figcaption>\n\t\t<\/figure>\n\t<\/div>\n\n\n\n\n\n\t<p>\n\t\t<a href=\"https:\/\/lp.suno.com.br\/minicurso-investindo-fiis\/\" target=\"_blank\" data-element=\"shortcode-suno-banner\" title=\"Banner SUNO, clique e saiba mais\">\n\t\t\t<picture>\n\t\t\t\t<source media=\"(max-width: 500px)\" srcset=\"https:\/\/files.sunoresearch.com.br\/n\/uploads\/2023\/03\/400x300-Minicurso-FIIS.png\">\n\t\t\t\t<img class=\"newsContent__article__imgCapa newsContent__article__imgCapa--banner\"\n\t\t\t\t\tsrc=\"https:\/\/files.sunoresearch.com.br\/n\/uploads\/2023\/03\/1420x240-Minicurso-FIIS.png\"\n\t\t\t\t\tdata-promo-id=\"383125\"\t\t\t\t\t\t\t\t\t\twidth='1420' height='240'\t\t\t\t\talt=\"https:\/\/files.sunoresearch.com.br\/n\/uploads\/2023\/03\/1420x240-Minicurso-FIIS.png\"\n\t\t\t\t>\n\t\t\t<\/picture>\n\t\t<\/a>\n\t<\/p>\n\n\n\n\n\n<p>Segundo o BC, a ferramenta deve estar dispon\u00edvel em setembro deste ano. J\u00e1 o Pix em garantia deve ficar para 2026. O Pix parcelado permitir\u00e1 que o pagador contraia um cr\u00e9dito para permitir o parcelamento de uma transa\u00e7\u00e3o. <\/p>\n\n\n\n<p>Semelhante \u00e0 modalidade com juros do cart\u00e3o de cr\u00e9dito parcelado, o recebedor ter\u00e1 acesso instant\u00e2neo a todo o valor da transa\u00e7\u00e3o, mas o pagador poder\u00e1 parcelar o valor, com acr\u00e9scimo.<\/p>\n\n\n\n<p>Segundo o BC, a ferramenta dever\u00e1 estimular o uso do Pix no varejo para a compra de bens e servi\u00e7os de valor mais elevado, favorecendo quem n\u00e3o tem acesso a esse tipo de opera\u00e7\u00e3o. O Pix parcelado poder\u00e1 ser usado para qualquer tipo de transa\u00e7\u00e3o Pix, inclusive para transfer\u00eancias.<\/p>\n\n\n\n<h2 class=\"wp-block-heading\">Pix parcelado em setembro; em garantia, s\u00f3 em 2026<\/h2>\n\n\n\n<p>Com o objetivo de ajudar empreendedores, o Pix em garantia permitir\u00e1 que empresas ofere\u00e7am receb\u00edveis futuros de Pix como garantia em opera\u00e7\u00f5es de cr\u00e9dito. A modalidade poder\u00e1 baratear os juros das linhas de cr\u00e9dito a pessoas jur\u00eddicas, principalmente para as que usam mais o Pix.<\/p>\n\n\n\n<p>A garantia de uma linha de cr\u00e9dito permite que a institui\u00e7\u00e3o financeira tome bens e recursos para cobrir eventuais calotes. O Banco Central esclareceu que o Pix em garantia ser\u00e1 voltado apenas para estabelecimentos comerciais e empresas, sem mudan\u00e7as na forma como as <a class=\"suno-keyword\" target=\"_blank\" data-force=\"no\" data-priority=\"2\" href=\"https:\/\/www.suno.com.br\/artigos\/pessoa-fisica\/\" rel=\"noopener\">pessoas f\u00edsicas<\/a> usam o Pix. <\/p>\n\n\n\n<p>Segundo o BC, o lan\u00e7amento s\u00f3 ocorrer\u00e1 em 2026 porque a ferramenta exige uma infraestrutura mais complexa.<\/p>\n\n\n\t<p>\n\t\t<a href=\"\" target=\"_blank\" data-element=\"shortcode-suno-banner\" title=\"Banner SUNO, clique e saiba mais\">\n\t\t\t<picture>\n\t\t\t\t<source media=\"(max-width: 500px)\" srcset=\"\">\n\t\t\t\t<img class=\"newsContent__article__imgCapa newsContent__article__imgCapa--banner\"\n\t\t\t\t\tsrc=\"\"\n\t\t\t\t\tdata-promo-id=\"89005\"\t\t\t\t\t\t\t\t\t\t\t\t\t\t\talt=\"\"\n\t\t\t\t>\n\t\t\t<\/picture>\n\t\t<\/a>\n\t<\/p>\n\n\n\n\n\n<p>Outra novidade ser\u00e1 o autoatendimento do Mecanismo Especial de Devolu\u00e7\u00e3o (MED), que entrar\u00e1 em funcionamento em outubro. Aplic\u00e1vel somente para fraudes, golpes e crimes, o autoatendimento permite a contesta\u00e7\u00e3o de transa\u00e7\u00f5es Pix de forma simples e intuitiva diretamente por meio do aplicativo dos bancos. <\/p>\n\n\n\n<p>O processo moderniza o MED porque passa a ser feito de forma 100% digital, sem a necessidade de intera\u00e7\u00e3o com o atendimento da institui\u00e7\u00e3o financeira. Existente desde 2021,&nbsp;o Mecanismo Especial de Devolu\u00e7\u00e3o s\u00f3 pode ser usado em caso comprovado de fraudes ou de erros operacionais da institui\u00e7\u00e3o financeira. <\/p>\n\n\n\n<p>A ferramenta n\u00e3o pode ser usada para desacordos comerciais, casos entre terceiros de boa-f\u00e9 e envio de Pix para a pessoa errada por erro do pr\u00f3prio usu\u00e1rio pagador (como erro de digita\u00e7\u00e3o de uma chave).<\/p>\n\n\n\n<p>Com o autoatendimento do MED, o usu\u00e1rio poder\u00e1 consultar o <em>status<\/em> e a evolu\u00e7\u00e3o dos pedidos de devolu\u00e7\u00e3o efetuados. Segundo o BC, a moderniza\u00e7\u00e3o acelerar\u00e1 os pedidos de devolu\u00e7\u00e3o, aumentando a chance de os recursos transferidos por fraude serem bloqueados na conta do fraudador e devolvidos para a v\u00edtima.<\/p>\n\n\n\n<h2 class=\"wp-block-heading\">Diferencia\u00e7\u00e3o de comprovantes<\/h2>\n\n\n\n<p>Desde ter\u00e7a-feira (1\u00ba), o comprovante de agendamento de um Pix deve conter o termo &#8220;Agendamento Pix&#8221; e \u00edcone do tipo <em>calendar clock<\/em> (rel\u00f3gio e calend\u00e1rio). Os comprovantes de pagamentos conclu\u00eddos devem conter o \u00edcone do tipo <em>check<\/em> (sinal de conclu\u00eddo). A medida passou a ser obrigat\u00f3ria para todos os bancos.<\/p>\n\n\n\n<p>Segundo o BC, a diferencia\u00e7\u00e3o ajudar\u00e1 a combater o golpe do falso comprovante e facilitar\u00e1 para o recebedor a identifica\u00e7\u00e3o de que uma transa\u00e7\u00e3o foi de fato conclu\u00edda. Nos \u00faltimos tempos, tornou-se comum um golpe em que o pagador mostra o comprovante de Pix agendado ao vendedor. Por ter de olhar r\u00e1pido e sem elementos visuais para identificar facilmente se a transa\u00e7\u00e3o n\u00e3o foi conclu\u00edda, o vendedor fica sem receber os recursos quando o pagador cancela o agendamento.<\/p>\n\n\n\n\n\n<p>&nbsp;<\/p>\n\n\n\n<p class=\"newsProviderSignature\">Com Ag\u00eancia Brasil<\/p>\n","protected":false},"excerpt":{"rendered":"<p>Um dia depois de o presidente do Banco Central (BC), Gabriel Gal\u00edpolo, anunciar inova\u00e7\u00f5es no Pix,&nbsp;o \u00f3rg\u00e3o divulgou as datas prov\u00e1veis para o lan\u00e7amento do Pix parcelado, uma das novas funcionalidades no sistema de transfer\u00eancias instant\u00e2neas. Pix. Foto: iStock Segundo o BC, a ferramenta deve estar dispon\u00edvel em setembro deste ano. J\u00e1 o Pix em [&hellip;]<\/p>\n","protected":false},"author":43,"featured_media":559486,"comment_status":"closed","ping_status":"closed","sticky":false,"template":"","format":"standard","meta":[],"categories":[62],"tags":[2637],"suno_strategy":[],"class_list":["post-600292","post","type-post","status-publish","format-standard","has-post-thumbnail","hentry","category-economia","tag-pix"],"yoast_head":"<!-- This site is optimized with the Yoast SEO plugin v24.4 - https:\/\/yoast.com\/wordpress\/plugins\/seo\/ -->\n<title>Pix parcelado deve ser lan\u00e7ado em setembro, diz Banco Central<\/title>\n<meta name=\"description\" content=\"Pix parcelado funcionar\u00e1 como transa\u00e7\u00f5es a prazo no cart\u00e3o de cr\u00e9dito; Pix em garantia, para PJs, ser\u00e1 lan\u00e7ado em 2026.\" \/>\n<meta name=\"robots\" content=\"index, follow, max-snippet:-1, max-image-preview:large, max-video-preview:-1\" \/>\n<link rel=\"canonical\" href=\"https:\/\/www.suno.com.br\/noticias\/pix-parcelado-deve-ser-lancado-em-setembro-diz-banco-central\/\" \/>\n<meta property=\"og:locale\" content=\"pt_BR\" \/>\n<meta property=\"og:type\" content=\"article\" \/>\n<meta property=\"og:title\" content=\"Pix parcelado deve ser lan\u00e7ado em setembro, diz Banco Central\" \/>\n<meta property=\"og:description\" content=\"Pix parcelado funcionar\u00e1 como transa\u00e7\u00f5es a prazo no cart\u00e3o de cr\u00e9dito; Pix em garantia, para PJs, ser\u00e1 lan\u00e7ado em 2026.\" \/>\n<meta property=\"og:url\" content=\"https:\/\/www.suno.com.br\/noticias\/pix-parcelado-deve-ser-lancado-em-setembro-diz-banco-central\/\" \/>\n<meta property=\"og:site_name\" content=\"Suno Not\u00edcias\" \/>\n<meta property=\"article:publisher\" content=\"https:\/\/facebook.com\/sunoresearch\" \/>\n<meta property=\"article:author\" content=\"https:\/\/www.facebook.com\/sunonoticias\/\" \/>\n<meta property=\"og:image\" content=\"https:\/\/files.sunoresearch.com.br\/n\/uploads\/2024\/06\/iStock-1765860554.jpg\" \/>\n\t<meta property=\"og:image:width\" content=\"1254\" \/>\n\t<meta property=\"og:image:height\" content=\"836\" \/>\n\t<meta property=\"og:image:type\" content=\"image\/jpeg\" \/>\n<meta name=\"author\" content=\"Reda\u00e7\u00e3o Suno Not\u00edcias\" \/>\n<meta name=\"twitter:card\" content=\"summary_large_image\" \/>\n<meta name=\"twitter:creator\" content=\"@https:\/\/twitter.com\/sunoresearch\" \/>\n<meta name=\"twitter:site\" content=\"@sunoresearch\" \/>\n<meta name=\"twitter:label1\" content=\"Escrito por\" \/>\n\t<meta name=\"twitter:data1\" content=\"Reda\u00e7\u00e3o Suno Not\u00edcias\" \/>\n\t<meta name=\"twitter:label2\" content=\"Est. tempo de leitura\" \/>\n\t<meta name=\"twitter:data2\" content=\"4 minutos\" \/>\n<script type=\"application\/ld+json\" class=\"yoast-schema-graph\">{\"@context\":\"https:\/\/schema.org\",\"@graph\":[{\"@type\":\"NewsArticle\",\"@id\":\"https:\/\/www.suno.com.br\/noticias\/pix-parcelado-deve-ser-lancado-em-setembro-diz-banco-central\/#article\",\"isPartOf\":{\"@id\":\"https:\/\/www.suno.com.br\/noticias\/pix-parcelado-deve-ser-lancado-em-setembro-diz-banco-central\/\"},\"author\":{\"name\":\"Reda\u00e7\u00e3o Suno Not\u00edcias\",\"@id\":\"https:\/\/www.suno.com.br\/noticias\/#\/schema\/person\/c1b1bd3727fa852bd045e9dbff3673ea\"},\"headline\":\"Pix parcelado deve ser lan\u00e7ado em setembro, diz Banco Central\",\"datePublished\":\"2025-04-03T23:34:38+00:00\",\"dateModified\":\"2025-04-03T23:34:43+00:00\",\"mainEntityOfPage\":{\"@id\":\"https:\/\/www.suno.com.br\/noticias\/pix-parcelado-deve-ser-lancado-em-setembro-diz-banco-central\/\"},\"wordCount\":662,\"publisher\":{\"@id\":\"https:\/\/www.suno.com.br\/noticias\/#organization\"},\"image\":{\"@id\":\"https:\/\/www.suno.com.br\/noticias\/pix-parcelado-deve-ser-lancado-em-setembro-diz-banco-central\/#primaryimage\"},\"thumbnailUrl\":\"https:\/\/files.sunoresearch.com.br\/n\/uploads\/2024\/06\/iStock-1765860554.jpg\",\"keywords\":[\"PIX\"],\"articleSection\":[\"Economia\"],\"inLanguage\":\"pt-BR\"},{\"@type\":\"WebPage\",\"@id\":\"https:\/\/www.suno.com.br\/noticias\/pix-parcelado-deve-ser-lancado-em-setembro-diz-banco-central\/\",\"url\":\"https:\/\/www.suno.com.br\/noticias\/pix-parcelado-deve-ser-lancado-em-setembro-diz-banco-central\/\",\"name\":\"Pix parcelado deve ser lan\u00e7ado em setembro, diz Banco Central\",\"isPartOf\":{\"@id\":\"https:\/\/www.suno.com.br\/noticias\/#website\"},\"primaryImageOfPage\":{\"@id\":\"https:\/\/www.suno.com.br\/noticias\/pix-parcelado-deve-ser-lancado-em-setembro-diz-banco-central\/#primaryimage\"},\"image\":{\"@id\":\"https:\/\/www.suno.com.br\/noticias\/pix-parcelado-deve-ser-lancado-em-setembro-diz-banco-central\/#primaryimage\"},\"thumbnailUrl\":\"https:\/\/files.sunoresearch.com.br\/n\/uploads\/2024\/06\/iStock-1765860554.jpg\",\"datePublished\":\"2025-04-03T23:34:38+00:00\",\"dateModified\":\"2025-04-03T23:34:43+00:00\",\"description\":\"Pix parcelado funcionar\u00e1 como transa\u00e7\u00f5es a prazo no cart\u00e3o de cr\u00e9dito; Pix em garantia, para PJs, ser\u00e1 lan\u00e7ado em 2026.\",\"breadcrumb\":{\"@id\":\"https:\/\/www.suno.com.br\/noticias\/pix-parcelado-deve-ser-lancado-em-setembro-diz-banco-central\/#breadcrumb\"},\"inLanguage\":\"pt-BR\",\"potentialAction\":[{\"@type\":\"ReadAction\",\"target\":[\"https:\/\/www.suno.com.br\/noticias\/pix-parcelado-deve-ser-lancado-em-setembro-diz-banco-central\/\"]}]},{\"@type\":\"ImageObject\",\"inLanguage\":\"pt-BR\",\"@id\":\"https:\/\/www.suno.com.br\/noticias\/pix-parcelado-deve-ser-lancado-em-setembro-diz-banco-central\/#primaryimage\",\"url\":\"https:\/\/files.sunoresearch.com.br\/n\/uploads\/2024\/06\/iStock-1765860554.jpg\",\"contentUrl\":\"https:\/\/files.sunoresearch.com.br\/n\/uploads\/2024\/06\/iStock-1765860554.jpg\",\"width\":1254,\"height\":836,\"caption\":\"Pix. Foto: iStock\"},{\"@type\":\"BreadcrumbList\",\"@id\":\"https:\/\/www.suno.com.br\/noticias\/pix-parcelado-deve-ser-lancado-em-setembro-diz-banco-central\/#breadcrumb\",\"itemListElement\":[{\"@type\":\"ListItem\",\"position\":1,\"name\":\"Not\u00edcias\",\"item\":\"https:\/\/www.suno.com.br\/noticias\/\"},{\"@type\":\"ListItem\",\"position\":2,\"name\":\"Economia\",\"item\":\"https:\/\/www.suno.com.br\/noticias\/economia\/\"},{\"@type\":\"ListItem\",\"position\":3,\"name\":\"Pix parcelado deve ser lan\u00e7ado em setembro, diz Banco Central\"}]},{\"@type\":\"WebSite\",\"@id\":\"https:\/\/www.suno.com.br\/noticias\/#website\",\"url\":\"https:\/\/www.suno.com.br\/noticias\/\",\"name\":\"Suno Not\u00edcias\",\"description\":\"Seu portal de informa\u00e7\u00e3o sobre o mundo dos investimentos\",\"publisher\":{\"@id\":\"https:\/\/www.suno.com.br\/noticias\/#organization\"},\"potentialAction\":[{\"@type\":\"SearchAction\",\"target\":{\"@type\":\"EntryPoint\",\"urlTemplate\":\"https:\/\/www.suno.com.br\/noticias\/?s={search_term_string}\"},\"query-input\":{\"@type\":\"PropertyValueSpecification\",\"valueRequired\":true,\"valueName\":\"search_term_string\"}}],\"inLanguage\":\"pt-BR\"},{\"@type\":\"Organization\",\"@id\":\"https:\/\/www.suno.com.br\/noticias\/#organization\",\"name\":\"Suno Not\u00edcias\",\"url\":\"https:\/\/www.suno.com.br\/noticias\/\",\"logo\":{\"@type\":\"ImageObject\",\"inLanguage\":\"pt-BR\",\"@id\":\"https:\/\/www.suno.com.br\/noticias\/#\/schema\/logo\/image\/\",\"url\":\"https:\/\/files.sunoresearch.com.br\/n\/uploads\/2021\/09\/suno-logo.png\",\"contentUrl\":\"https:\/\/files.sunoresearch.com.br\/n\/uploads\/2021\/09\/suno-logo.png\",\"width\":180,\"height\":180,\"caption\":\"Suno Not\u00edcias\"},\"image\":{\"@id\":\"https:\/\/www.suno.com.br\/noticias\/#\/schema\/logo\/image\/\"},\"sameAs\":[\"https:\/\/facebook.com\/sunoresearch\",\"https:\/\/x.com\/sunoresearch\",\"https:\/\/www.instagram.com\/suno\",\"https:\/\/www.linkedin.com\/company\/suno-research\/\",\"https:\/\/www.youtube.com\/c\/sunoresearch\"]},{\"@type\":\"Person\",\"@id\":\"https:\/\/www.suno.com.br\/noticias\/#\/schema\/person\/c1b1bd3727fa852bd045e9dbff3673ea\",\"name\":\"Reda\u00e7\u00e3o Suno Not\u00edcias\",\"image\":{\"@type\":\"ImageObject\",\"inLanguage\":\"pt-BR\",\"@id\":\"https:\/\/www.suno.com.br\/noticias\/#\/schema\/person\/image\/\",\"url\":\"https:\/\/secure.gravatar.com\/avatar\/b8104b9b5a71985d5238ee59fbe418af?s=96&r=g\",\"contentUrl\":\"https:\/\/secure.gravatar.com\/avatar\/b8104b9b5a71985d5238ee59fbe418af?s=96&r=g\",\"caption\":\"Reda\u00e7\u00e3o Suno Not\u00edcias\"},\"description\":\"O Suno Not\u00edcias \u00e9 um portal de informa\u00e7\u00f5es sobre Mercado Financeiro, Pol\u00edtica, Neg\u00f3cios, Economia e Finan\u00e7as Pessoais.\",\"sameAs\":[\"https:\/\/www.suno.com.br\/noticias\",\"https:\/\/www.facebook.com\/sunonoticias\/\",\"https:\/\/www.instagram.com\/sunonoticias\/\",\"https:\/\/x.com\/https:\/\/twitter.com\/sunoresearch\",\"https:\/\/www.youtube.com\/sunonoticias\"],\"url\":\"https:\/\/www.suno.com.br\/noticias\/author\/redacao-suno\/\"}]}<\/script>\n<!-- \/ Yoast SEO plugin. -->","yoast_head_json":{"title":"Pix parcelado deve ser lan\u00e7ado em setembro, diz Banco Central","description":"Pix parcelado funcionar\u00e1 como transa\u00e7\u00f5es a prazo no cart\u00e3o de cr\u00e9dito; Pix em garantia, para PJs, ser\u00e1 lan\u00e7ado em 2026.","robots":{"index":"index","follow":"follow","max-snippet":"max-snippet:-1","max-image-preview":"max-image-preview:large","max-video-preview":"max-video-preview:-1"},"canonical":"https:\/\/www.suno.com.br\/noticias\/pix-parcelado-deve-ser-lancado-em-setembro-diz-banco-central\/","og_locale":"pt_BR","og_type":"article","og_title":"Pix parcelado deve ser lan\u00e7ado em setembro, diz Banco Central","og_description":"Pix parcelado funcionar\u00e1 como transa\u00e7\u00f5es a prazo no cart\u00e3o de cr\u00e9dito; Pix em garantia, para PJs, ser\u00e1 lan\u00e7ado em 2026.","og_url":"https:\/\/www.suno.com.br\/noticias\/pix-parcelado-deve-ser-lancado-em-setembro-diz-banco-central\/","og_site_name":"Suno Not\u00edcias","article_publisher":"https:\/\/facebook.com\/sunoresearch","article_author":"https:\/\/www.facebook.com\/sunonoticias\/","og_image":[{"width":1254,"height":836,"url":"https:\/\/files.sunoresearch.com.br\/n\/uploads\/2024\/06\/iStock-1765860554.jpg","type":"image\/jpeg"}],"author":"Reda\u00e7\u00e3o Suno Not\u00edcias","twitter_card":"summary_large_image","twitter_creator":"@https:\/\/twitter.com\/sunoresearch","twitter_site":"@sunoresearch","twitter_misc":{"Escrito por":"Reda\u00e7\u00e3o Suno Not\u00edcias","Est. tempo de leitura":"4 minutos"},"schema":{"@context":"https:\/\/schema.org","@graph":[{"@type":"NewsArticle","@id":"https:\/\/www.suno.com.br\/noticias\/pix-parcelado-deve-ser-lancado-em-setembro-diz-banco-central\/#article","isPartOf":{"@id":"https:\/\/www.suno.com.br\/noticias\/pix-parcelado-deve-ser-lancado-em-setembro-diz-banco-central\/"},"author":{"name":"Reda\u00e7\u00e3o Suno Not\u00edcias","@id":"https:\/\/www.suno.com.br\/noticias\/#\/schema\/person\/c1b1bd3727fa852bd045e9dbff3673ea"},"headline":"Pix parcelado deve ser lan\u00e7ado em setembro, diz Banco Central","datePublished":"2025-04-03T23:34:38+00:00","dateModified":"2025-04-03T23:34:43+00:00","mainEntityOfPage":{"@id":"https:\/\/www.suno.com.br\/noticias\/pix-parcelado-deve-ser-lancado-em-setembro-diz-banco-central\/"},"wordCount":662,"publisher":{"@id":"https:\/\/www.suno.com.br\/noticias\/#organization"},"image":{"@id":"https:\/\/www.suno.com.br\/noticias\/pix-parcelado-deve-ser-lancado-em-setembro-diz-banco-central\/#primaryimage"},"thumbnailUrl":"https:\/\/files.sunoresearch.com.br\/n\/uploads\/2024\/06\/iStock-1765860554.jpg","keywords":["PIX"],"articleSection":["Economia"],"inLanguage":"pt-BR"},{"@type":"WebPage","@id":"https:\/\/www.suno.com.br\/noticias\/pix-parcelado-deve-ser-lancado-em-setembro-diz-banco-central\/","url":"https:\/\/www.suno.com.br\/noticias\/pix-parcelado-deve-ser-lancado-em-setembro-diz-banco-central\/","name":"Pix parcelado deve ser lan\u00e7ado em setembro, diz Banco Central","isPartOf":{"@id":"https:\/\/www.suno.com.br\/noticias\/#website"},"primaryImageOfPage":{"@id":"https:\/\/www.suno.com.br\/noticias\/pix-parcelado-deve-ser-lancado-em-setembro-diz-banco-central\/#primaryimage"},"image":{"@id":"https:\/\/www.suno.com.br\/noticias\/pix-parcelado-deve-ser-lancado-em-setembro-diz-banco-central\/#primaryimage"},"thumbnailUrl":"https:\/\/files.sunoresearch.com.br\/n\/uploads\/2024\/06\/iStock-1765860554.jpg","datePublished":"2025-04-03T23:34:38+00:00","dateModified":"2025-04-03T23:34:43+00:00","description":"Pix parcelado funcionar\u00e1 como transa\u00e7\u00f5es a prazo no cart\u00e3o de cr\u00e9dito; Pix em garantia, para PJs, ser\u00e1 lan\u00e7ado em 2026.","breadcrumb":{"@id":"https:\/\/www.suno.com.br\/noticias\/pix-parcelado-deve-ser-lancado-em-setembro-diz-banco-central\/#breadcrumb"},"inLanguage":"pt-BR","potentialAction":[{"@type":"ReadAction","target":["https:\/\/www.suno.com.br\/noticias\/pix-parcelado-deve-ser-lancado-em-setembro-diz-banco-central\/"]}]},{"@type":"ImageObject","inLanguage":"pt-BR","@id":"https:\/\/www.suno.com.br\/noticias\/pix-parcelado-deve-ser-lancado-em-setembro-diz-banco-central\/#primaryimage","url":"https:\/\/files.sunoresearch.com.br\/n\/uploads\/2024\/06\/iStock-1765860554.jpg","contentUrl":"https:\/\/files.sunoresearch.com.br\/n\/uploads\/2024\/06\/iStock-1765860554.jpg","width":1254,"height":836,"caption":"Pix. Foto: iStock"},{"@type":"BreadcrumbList","@id":"https:\/\/www.suno.com.br\/noticias\/pix-parcelado-deve-ser-lancado-em-setembro-diz-banco-central\/#breadcrumb","itemListElement":[{"@type":"ListItem","position":1,"name":"Not\u00edcias","item":"https:\/\/www.suno.com.br\/noticias\/"},{"@type":"ListItem","position":2,"name":"Economia","item":"https:\/\/www.suno.com.br\/noticias\/economia\/"},{"@type":"ListItem","position":3,"name":"Pix parcelado deve ser lan\u00e7ado em setembro, diz Banco Central"}]},{"@type":"WebSite","@id":"https:\/\/www.suno.com.br\/noticias\/#website","url":"https:\/\/www.suno.com.br\/noticias\/","name":"Suno Not\u00edcias","description":"Seu portal de informa\u00e7\u00e3o sobre o mundo dos investimentos","publisher":{"@id":"https:\/\/www.suno.com.br\/noticias\/#organization"},"potentialAction":[{"@type":"SearchAction","target":{"@type":"EntryPoint","urlTemplate":"https:\/\/www.suno.com.br\/noticias\/?s={search_term_string}"},"query-input":{"@type":"PropertyValueSpecification","valueRequired":true,"valueName":"search_term_string"}}],"inLanguage":"pt-BR"},{"@type":"Organization","@id":"https:\/\/www.suno.com.br\/noticias\/#organization","name":"Suno Not\u00edcias","url":"https:\/\/www.suno.com.br\/noticias\/","logo":{"@type":"ImageObject","inLanguage":"pt-BR","@id":"https:\/\/www.suno.com.br\/noticias\/#\/schema\/logo\/image\/","url":"https:\/\/files.sunoresearch.com.br\/n\/uploads\/2021\/09\/suno-logo.png","contentUrl":"https:\/\/files.sunoresearch.com.br\/n\/uploads\/2021\/09\/suno-logo.png","width":180,"height":180,"caption":"Suno Not\u00edcias"},"image":{"@id":"https:\/\/www.suno.com.br\/noticias\/#\/schema\/logo\/image\/"},"sameAs":["https:\/\/facebook.com\/sunoresearch","https:\/\/x.com\/sunoresearch","https:\/\/www.instagram.com\/suno","https:\/\/www.linkedin.com\/company\/suno-research\/","https:\/\/www.youtube.com\/c\/sunoresearch"]},{"@type":"Person","@id":"https:\/\/www.suno.com.br\/noticias\/#\/schema\/person\/c1b1bd3727fa852bd045e9dbff3673ea","name":"Reda\u00e7\u00e3o Suno Not\u00edcias","image":{"@type":"ImageObject","inLanguage":"pt-BR","@id":"https:\/\/www.suno.com.br\/noticias\/#\/schema\/person\/image\/","url":"https:\/\/secure.gravatar.com\/avatar\/b8104b9b5a71985d5238ee59fbe418af?s=96&r=g","contentUrl":"https:\/\/secure.gravatar.com\/avatar\/b8104b9b5a71985d5238ee59fbe418af?s=96&r=g","caption":"Reda\u00e7\u00e3o Suno Not\u00edcias"},"description":"O Suno Not\u00edcias \u00e9 um portal de informa\u00e7\u00f5es sobre Mercado Financeiro, Pol\u00edtica, Neg\u00f3cios, Economia e Finan\u00e7as Pessoais.","sameAs":["https:\/\/www.suno.com.br\/noticias","https:\/\/www.facebook.com\/sunonoticias\/","https:\/\/www.instagram.com\/sunonoticias\/","https:\/\/x.com\/https:\/\/twitter.com\/sunoresearch","https:\/\/www.youtube.com\/sunonoticias"],"url":"https:\/\/www.suno.com.br\/noticias\/author\/redacao-suno\/"}]}},"default_loop_html":"<div class=\"cardsPage__listCard__boxs\"><div class=\"cardsPage__listCard__boxs__img\"><a href=\"https:\/\/www.suno.com.br\/noticias\/pix-parcelado-deve-ser-lancado-em-setembro-diz-banco-central\/\"><img class=\"mask\" src=\"https:\/\/www.suno.com.br\/noticias\/wp-content\/themes\/suno\/resources\/images\/spotlight\/spotlight1img\/bg-mask.png\" alt=\"Image Mask\"\/><img src=\"https:\/\/files.sunoresearch.com.br\/n\/uploads\/2024\/06\/iStock-1765860554-400x200.jpg\" alt=\"Pix parcelado deve ser lan\u00e7ado em setembro, diz Banco Central\"\/><\/a><span class=\"spotlightCategory\"><a href=\"https:\/\/www.suno.com.br\/noticias\/economia\/\">Economia<\/a><\/span><\/div><div class=\"cardsPage__listCard__boxs__content\"><a href=\"https:\/\/www.suno.com.br\/noticias\/pix-parcelado-deve-ser-lancado-em-setembro-diz-banco-central\/\"><h2 class=\"content__title\">Pix parcelado deve ser lan\u00e7ado em setembro, diz Banco Central<\/h2><\/a><div class=\"newsContent__article__meta\"><div class=\"newsContent__article__meta__authorBox\"><a href=\"https:\/\/www.suno.com.br\/noticias\/author\/redacao-suno\/\" class=\"authorBox__avatar noMobi\"><img src=\"https:\/\/files.sunoresearch.com.br\/n\/uploads\/2020\/08\/0ace682d-redacao-1-150x150.webp\" alt=\"Reda\u00e7\u00e3o Suno Not\u00edcias\"><\/a><div class=\"authorBox__name\"><span>por\n\t\t\t<a href=\"https:\/\/www.suno.com.br\/noticias\/author\/redacao-suno\/\"><span itemprop=\"author\">Reda\u00e7\u00e3o Suno Not\u00edcias<\/span><\/a><\/span><time datetime=\"2025-04-03T20:34:38-03:00\" itemprop=\"datePublished\">03\/04\/2025 20:34<\/time><\/div><\/div><\/div><\/div><\/div>","single_layout":"posts","amp_enabled":true,"_links":{"self":[{"href":"https:\/\/www.suno.com.br\/noticias\/wp-json\/wp\/v2\/posts\/600292"}],"collection":[{"href":"https:\/\/www.suno.com.br\/noticias\/wp-json\/wp\/v2\/posts"}],"about":[{"href":"https:\/\/www.suno.com.br\/noticias\/wp-json\/wp\/v2\/types\/post"}],"author":[{"embeddable":true,"href":"https:\/\/www.suno.com.br\/noticias\/wp-json\/wp\/v2\/users\/43"}],"replies":[{"embeddable":true,"href":"https:\/\/www.suno.com.br\/noticias\/wp-json\/wp\/v2\/comments?post=600292"}],"version-history":[{"count":3,"href":"https:\/\/www.suno.com.br\/noticias\/wp-json\/wp\/v2\/posts\/600292\/revisions"}],"predecessor-version":[{"id":600303,"href":"https:\/\/www.suno.com.br\/noticias\/wp-json\/wp\/v2\/posts\/600292\/revisions\/600303"}],"wp:featuredmedia":[{"embeddable":true,"href":"https:\/\/www.suno.com.br\/noticias\/wp-json\/wp\/v2\/media\/559486"}],"wp:attachment":[{"href":"https:\/\/www.suno.com.br\/noticias\/wp-json\/wp\/v2\/media?parent=600292"}],"wp:term":[{"taxonomy":"category","embeddable":true,"href":"https:\/\/www.suno.com.br\/noticias\/wp-json\/wp\/v2\/categories?post=600292"},{"taxonomy":"post_tag","embeddable":true,"href":"https:\/\/www.suno.com.br\/noticias\/wp-json\/wp\/v2\/tags?post=600292"},{"taxonomy":"suno_strategy","embeddable":true,"href":"https:\/\/www.suno.com.br\/noticias\/wp-json\/wp\/v2\/suno_strategy?post=600292"}],"curies":[{"name":"wp","href":"https:\/\/api.w.org\/{rel}","templated":true}]}}