{"id":599726,"date":"2025-03-31T19:38:41","date_gmt":"2025-03-31T22:38:41","guid":{"rendered":"https:\/\/www.suno.com.br\/noticias\/?p=599726"},"modified":"2025-03-31T19:38:45","modified_gmt":"2025-03-31T22:38:45","slug":"dolar-fechamento-310325","status":"publish","type":"post","link":"https:\/\/www.suno.com.br\/noticias\/dolar-fechamento-310325\/","title":{"rendered":"D\u00f3lar cai, volta a R$ 5,70 e encerra mar\u00e7o com recuo de 3,57%"},"content":{"rendered":"<p>O d\u00f3lar \u00e0 vista acentuou o ritmo de baixa ao longo da tarde desta segunda-feira (31) e fechou a R$ 5,7053, em queda de 0,98% em rela\u00e7\u00e3o ao valor de sexta-feira (28), ap\u00f3s tr\u00eas preg\u00f5es seguidos de valoriza\u00e7\u00e3o.<\/p>\t<div class=\"wrapper-featured-image\">\n\t\t<figure class=\"spotlightImg\">\n\n\t\t\t<picture>\n\t\t\t\t<source media=\"(max-width: 768px)\" srcset=\"https:\/\/files.sunoresearch.com.br\/n\/uploads\/2023\/10\/cropped-alexander-grey-8lnbXtxFGZw-unsplash-scaled-1-400x200.jpg\">\n\t\t\t\t<img loading=\"lazy\" decoding=\"async\" class=\"newsContent__article__imgCapa lazyloadDisabled \" src=\"https:\/\/files.sunoresearch.com.br\/n\/uploads\/2023\/10\/cropped-alexander-grey-8lnbXtxFGZw-unsplash-scaled-1.jpg\" width=\"800\" height=\"450\" alt=\"D\u00f3lar cai, volta a R$ 5,70 e encerra mar\u00e7o com recuo de 3,57%\" fetchpriority=high \/>\n\t\t\t<\/picture>\n\n\t\t\t<figcaption class=\"wp-caption-text wp-caption-text--show\">D\u00f3lar. Foto: Pixabay.<\/figcaption>\n\t\t<\/figure>\n\t<\/div>\n\n\n\n\n\n\t<p>\n\t\t<a href=\"https:\/\/lp.suno.com.br\/planilha-da-vida-financeira\/\" target=\"_blank\" data-element=\"shortcode-suno-banner\" title=\"Banner SUNO, clique e saiba mais\">\n\t\t\t<picture>\n\t\t\t\t<source media=\"(max-width: 500px)\" srcset=\"https:\/\/files.sunoresearch.com.br\/n\/uploads\/2023\/04\/400x300-Planilha-vida-financeira-true.png\">\n\t\t\t\t<img class=\"newsContent__article__imgCapa newsContent__article__imgCapa--banner\"\n\t\t\t\t\tsrc=\"https:\/\/files.sunoresearch.com.br\/n\/uploads\/2023\/04\/1420x240-Planilha-vida-financeira-true.png\"\n\t\t\t\t\tdata-promo-id=\"383123\"\t\t\t\t\t\t\t\t\t\twidth='1420' height='240'\t\t\t\t\talt=\"https:\/\/files.sunoresearch.com.br\/n\/uploads\/2023\/04\/1420x240-Planilha-vida-financeira-true.png\"\n\t\t\t\t>\n\t\t\t<\/picture>\n\t\t<\/a>\n\t<\/p>\n\n\n\n\n\n<p>Com m\u00ednima a R$ 5,7016, a moeda norte-americana acompanhou a diminui\u00e7\u00e3o da <a class=\"suno-keyword\" target=\"_blank\" data-force=\"no\" data-priority=\"1\" href=\"https:\/\/www.suno.com.br\/artigos\/aversao-ao-risco\/\" rel=\"noopener\">avers\u00e3o ao risco<\/a> no exterior, com a virada das bolsas em Nova York para o campo positivo. Por aqui, afora uma alta pontual e limitada nos primeiros minutos, o d\u00f3lar trabalhou em terreno negativo no restante do dia. Em mar\u00e7o, o d\u00f3lar recuou 3,57%. No ano, a baixa j\u00e1 \u00e9 de 7,68%.<\/p>\n\n\n\n<p>A semana come\u00e7ou com o mercado arisco com a contagem regressiva para o an\u00fancio de tarifas rec\u00edprocas pela administra\u00e7\u00e3o Donald Trump, na quarta-feira, 2, no que pode ser o estopim para uma <a class=\"suno-keyword\" target=\"_blank\" data-force=\"no\" data-priority=\"1\" href=\"https:\/\/www.suno.com.br\/artigos\/guerra-comercial\/\" rel=\"noopener\">guerra comercial<\/a>.<\/p>\n\n\n\n<p>A moeda avan\u00e7ou na compara\u00e7\u00e3o com pares e em rela\u00e7\u00e3o \u00e0 maioria das divisas emergentes e de exportadores de commodities. O real exibiu melhor desempenho entre as principais divisas globais, desconsiderando o rublo russo. Dois outros pares da moeda brasileira, o peso colombiano e o rand sul-africano, tamb\u00e9m se apreciaram, mas com ganhos menores.<\/p>\n\n\n\n<p>&#8220;O Brasil \u00e9 menos afetado pelas tarifas e o carrego ajuda muito. Os estrangeiros j\u00e1 diminu\u00edram bastante a posi\u00e7\u00e3o comprada em d\u00f3lar, que \u00e9 muito cara&#8221;, afirma o head da Tesouraria do Travelex Bank, Marcos Weigt, que n\u00e3o descarta a possibilidade de entrada de fluxo externo nesta segunda-feira.<\/p>\n\n\n\n<p>Pela manh\u00e3, o diretor de <a class=\"suno-keyword\" target=\"_blank\" data-force=\"no\" data-priority=\"1\" href=\"https:\/\/www.suno.com.br\/artigos\/politica-monetaria\/\" rel=\"noopener\">Pol\u00edtica Monet\u00e1ria<\/a> do Banco Central, Nilton David, afirmou que a institui\u00e7\u00e3o vai buscar a <a class=\"suno-keyword\" target=\"_blank\" data-force=\"no\" data-priority=\"1\" href=\"https:\/\/www.suno.com.br\/artigos\/meta-de-inflacao\/\" rel=\"noopener\">meta de infla\u00e7\u00e3o<\/a> de 3%. Ele reiterou que o BC interv\u00e9m no mercado de c\u00e2mbio apenas quando h\u00e1 &#8220;disfuncionalidade&#8221;, seja no segmento spot, seja no mercado de derivativos.<\/p>\n\n\n\n<p>Operadores at\u00e9 esperavam que a divisa pudesse ganhar for\u00e7a em rela\u00e7\u00e3o ao real ao longo da tarde, ap\u00f3s a defini\u00e7\u00e3o da \u00faltima taxa ptax de mar\u00e7o e do primeiro trimestre, mas isso n\u00e3o aconteceu. Quest\u00f5es t\u00e9cnicas t\u00edpicas de fim de m\u00eas como ajustes de carteira e rolagem de posi\u00e7\u00f5es no segmento futuro tamb\u00e9m influenciaram as negocia\u00e7\u00f5es.<\/p>\n\n\n\t<p>\n\t\t<a href=\"\" target=\"_blank\" data-element=\"shortcode-suno-banner\" title=\"Banner SUNO, clique e saiba mais\">\n\t\t\t<picture>\n\t\t\t\t<source media=\"(max-width: 500px)\" srcset=\"\">\n\t\t\t\t<img class=\"newsContent__article__imgCapa newsContent__article__imgCapa--banner\"\n\t\t\t\t\tsrc=\"\"\n\t\t\t\t\tdata-promo-id=\"89005\"\t\t\t\t\t\t\t\t\t\t\t\t\t\t\talt=\"\"\n\t\t\t\t>\n\t\t\t<\/picture>\n\t\t<\/a>\n\t<\/p>\n\n\n\n\n\n<h2 class=\"wp-block-heading\">D\u00f3lar: proje\u00e7\u00f5es para abril<\/h2>\n\n\n\n<p>O gerente de c\u00e2mbio da Treviso Corretora, Reginaldo Galhardo, observa que a partir da ter\u00e7a-feira (1), com menos influ\u00eancia de fatores como a disputa pela ptax, o mercado de c\u00e2mbio local deve ser guiado pela agenda pesada da semana. &#8220;O clima \u00e9 de avers\u00e3o ao risco e desconforto com a expectativa pelas tarifas de Trump, o que aumenta a volatilidade dos ativos&#8221;, diz Galhardo.<\/p>\n\n\n\n<p>Al\u00e9m do tarifa\u00e7o prometido para quarta-feira pelo presidente dos Estadis Unidos, Donald Trump, investidores aguardam a divulga\u00e7\u00e3o do relat\u00f3rio de emprego (payroll) nos EUA referente a mar\u00e7o e a fala do presidente do Federal Reserve, <a class=\"suno-keyword\" target=\"_blank\" data-force=\"no\" data-priority=\"2\" href=\"https:\/\/www.suno.com.br\/tudo-sobre\/jerome-powell\/\" rel=\"noopener\">Jerome Powell<\/a>, ambos na sexta-feira (4). Por ora, os indicadores ainda mostram atividade americana s\u00f3lida. Mas houve recentemente piora do sentimento do consumidor e aumento das expectativas inflacion\u00e1rias<\/p>\n\n\n\n<p>H\u00e1 temores de que retalia\u00e7\u00f5es de outros pa\u00edses deflagrem uma guerra comercial que tire fogo da economia global. Bancos j\u00e1 veem chances maiores de recess\u00e3o nos EUA com infla\u00e7\u00e3o ainda elevada, a chamada &#8220;estagfla\u00e7\u00e3o&#8221;. \u00c0 tarde, o presidente do Federal Reserve de Nova York, John Williams, disse esperar que a economia continue crescendo, mas em ritmo mais lento do que no ano passado.<\/p>\n\n\n\n<p>Williams pontuou que as incertezas em rela\u00e7\u00e3o \u00e0s tarifas de Trump ainda s\u00e3o elevadas e que ainda \u00e9 necess\u00e1rio avaliar qual ser\u00e1 o impacto da pol\u00edtica comercial americana sobre a atividade. &#8220;N\u00e3o vou prever chances de uma recess\u00e3o nos EUA&#8221;, disse Willians. J\u00e1 o presidente do Fed de Richmond, Thomas Barkin, afirmou que n\u00e3o v\u00ea &#8220;cen\u00e1rio de estagfla\u00e7\u00e3o no momento&#8221;.<\/p>\n\n\n\n<p>Em linhas gerais, a avalia\u00e7\u00e3o dos analistas \u00e9 que a mudan\u00e7a na pol\u00edtica comercial americana vai levar a uma desacelera\u00e7\u00e3o da economia dos EUA e, consequentemente, a um cen\u00e1rio de juros mais baixos. Isso, teoricamente, seria positivo para o real em rela\u00e7\u00e3o ao <strong>d\u00f3lar<\/strong> &#8211; mas o aumento da avers\u00e3o ao risco pode enfraquecer a moeda brasileira e pressionar a infla\u00e7\u00e3o.<\/p>\n\n\n\n\n\n<p class=\"newsProviderSignature\"><em>Com Estad\u00e3o Conte\u00fado<\/em><\/p>\n\n\n\t<p>\n\t\t<a href=\"https:\/\/lp.suno.com.br\/minicurso-investindo-fiis\/\" target=\"_blank\" data-element=\"shortcode-suno-banner\" title=\"Banner SUNO, clique e saiba mais\">\n\t\t\t<picture>\n\t\t\t\t<source media=\"(max-width: 500px)\" srcset=\"https:\/\/files.sunoresearch.com.br\/n\/uploads\/2023\/03\/400x300-Minicurso-FIIS.png\">\n\t\t\t\t<img class=\"newsContent__article__imgCapa newsContent__article__imgCapa--banner\"\n\t\t\t\t\tsrc=\"https:\/\/files.sunoresearch.com.br\/n\/uploads\/2023\/03\/1420x240-Minicurso-FIIS.png\"\n\t\t\t\t\tdata-promo-id=\"383125\"\t\t\t\t\t\t\t\t\t\twidth='1420' height='240'\t\t\t\t\talt=\"https:\/\/files.sunoresearch.com.br\/n\/uploads\/2023\/03\/1420x240-Minicurso-FIIS.png\"\n\t\t\t\t>\n\t\t\t<\/picture>\n\t\t<\/a>\n\t<\/p>\n\n\n","protected":false},"excerpt":{"rendered":"<p>D\u00f3lar opera em baixa durante praticamente todo o dia, ap\u00f3s tr\u00eas preg\u00f5es positivos na semana passada, e encerra mar\u00e7o com recuo de 3,57%.<\/p>\n","protected":false},"author":43,"featured_media":479815,"comment_status":"closed","ping_status":"closed","sticky":false,"template":"","format":"standard","meta":[],"categories":[1],"tags":[326,1852],"suno_strategy":[],"class_list":["post-599726","post","type-post","status-publish","format-standard","has-post-thumbnail","hentry","category-uncategorized","tag-dolar","tag-dolar-futuro"],"yoast_head":"<!-- This site is optimized with the Yoast SEO plugin v24.4 - https:\/\/yoast.com\/wordpress\/plugins\/seo\/ -->\n<title>D\u00f3lar cai, volta a R$ 5,70 e encerra mar\u00e7o com recuo de 3,57%<\/title>\n<meta name=\"description\" content=\"D\u00f3lar opera em baixa durante praticamente todo o dia, ap\u00f3s tr\u00eas preg\u00f5es positivos na semana passada, e encerra mar\u00e7o com recuo de 3,57%.\" \/>\n<meta name=\"robots\" content=\"index, follow, max-snippet:-1, max-image-preview:large, max-video-preview:-1\" \/>\n<link rel=\"canonical\" href=\"https:\/\/www.suno.com.br\/noticias\/dolar-fechamento-310325\/\" \/>\n<meta property=\"og:locale\" content=\"pt_BR\" \/>\n<meta property=\"og:type\" content=\"article\" \/>\n<meta property=\"og:title\" content=\"D\u00f3lar cai, volta a R$ 5,70 e encerra mar\u00e7o com recuo de 3,57%\" \/>\n<meta property=\"og:description\" content=\"D\u00f3lar opera em baixa durante praticamente todo o dia, ap\u00f3s tr\u00eas preg\u00f5es positivos na semana passada, e encerra mar\u00e7o com recuo de 3,57%.\" \/>\n<meta property=\"og:url\" content=\"https:\/\/www.suno.com.br\/noticias\/dolar-fechamento-310325\/\" \/>\n<meta property=\"og:site_name\" content=\"Suno Not\u00edcias\" \/>\n<meta property=\"article:publisher\" content=\"https:\/\/facebook.com\/sunoresearch\" \/>\n<meta property=\"article:author\" content=\"https:\/\/www.facebook.com\/sunonoticias\/\" \/>\n<meta property=\"og:image\" content=\"https:\/\/files.sunoresearch.com.br\/n\/uploads\/2023\/10\/cropped-alexander-grey-8lnbXtxFGZw-unsplash-scaled-1.jpg\" \/>\n\t<meta property=\"og:image:width\" content=\"640\" \/>\n\t<meta property=\"og:image:height\" content=\"853\" \/>\n\t<meta property=\"og:image:type\" content=\"image\/jpeg\" \/>\n<meta name=\"author\" content=\"Reda\u00e7\u00e3o Suno Not\u00edcias\" \/>\n<meta name=\"twitter:card\" content=\"summary_large_image\" \/>\n<meta name=\"twitter:creator\" content=\"@https:\/\/twitter.com\/sunoresearch\" \/>\n<meta name=\"twitter:site\" content=\"@sunoresearch\" \/>\n<meta name=\"twitter:label1\" content=\"Escrito por\" \/>\n\t<meta name=\"twitter:data1\" content=\"Reda\u00e7\u00e3o Suno Not\u00edcias\" \/>\n\t<meta name=\"twitter:label2\" content=\"Est. tempo de leitura\" \/>\n\t<meta name=\"twitter:data2\" content=\"4 minutos\" \/>\n<script type=\"application\/ld+json\" class=\"yoast-schema-graph\">{\"@context\":\"https:\/\/schema.org\",\"@graph\":[{\"@type\":\"NewsArticle\",\"@id\":\"https:\/\/www.suno.com.br\/noticias\/dolar-fechamento-310325\/#article\",\"isPartOf\":{\"@id\":\"https:\/\/www.suno.com.br\/noticias\/dolar-fechamento-310325\/\"},\"author\":{\"name\":\"Reda\u00e7\u00e3o Suno Not\u00edcias\",\"@id\":\"https:\/\/www.suno.com.br\/noticias\/#\/schema\/person\/c1b1bd3727fa852bd045e9dbff3673ea\"},\"headline\":\"D\u00f3lar cai, volta a R$ 5,70 e encerra mar\u00e7o com recuo de 3,57%\",\"datePublished\":\"2025-03-31T22:38:41+00:00\",\"dateModified\":\"2025-03-31T22:38:45+00:00\",\"mainEntityOfPage\":{\"@id\":\"https:\/\/www.suno.com.br\/noticias\/dolar-fechamento-310325\/\"},\"wordCount\":743,\"publisher\":{\"@id\":\"https:\/\/www.suno.com.br\/noticias\/#organization\"},\"image\":{\"@id\":\"https:\/\/www.suno.com.br\/noticias\/dolar-fechamento-310325\/#primaryimage\"},\"thumbnailUrl\":\"https:\/\/files.sunoresearch.com.br\/n\/uploads\/2023\/10\/cropped-alexander-grey-8lnbXtxFGZw-unsplash-scaled-1.jpg\",\"keywords\":[\"d\u00f3lar\",\"d\u00f3lar futuro\"],\"articleSection\":[\"Mercado Financeiro\"],\"inLanguage\":\"pt-BR\"},{\"@type\":\"WebPage\",\"@id\":\"https:\/\/www.suno.com.br\/noticias\/dolar-fechamento-310325\/\",\"url\":\"https:\/\/www.suno.com.br\/noticias\/dolar-fechamento-310325\/\",\"name\":\"D\u00f3lar cai, volta a R$ 5,70 e encerra mar\u00e7o com recuo de 3,57%\",\"isPartOf\":{\"@id\":\"https:\/\/www.suno.com.br\/noticias\/#website\"},\"primaryImageOfPage\":{\"@id\":\"https:\/\/www.suno.com.br\/noticias\/dolar-fechamento-310325\/#primaryimage\"},\"image\":{\"@id\":\"https:\/\/www.suno.com.br\/noticias\/dolar-fechamento-310325\/#primaryimage\"},\"thumbnailUrl\":\"https:\/\/files.sunoresearch.com.br\/n\/uploads\/2023\/10\/cropped-alexander-grey-8lnbXtxFGZw-unsplash-scaled-1.jpg\",\"datePublished\":\"2025-03-31T22:38:41+00:00\",\"dateModified\":\"2025-03-31T22:38:45+00:00\",\"description\":\"D\u00f3lar opera em baixa durante praticamente todo o dia, ap\u00f3s tr\u00eas preg\u00f5es positivos na semana passada, e encerra mar\u00e7o com recuo de 3,57%.\",\"breadcrumb\":{\"@id\":\"https:\/\/www.suno.com.br\/noticias\/dolar-fechamento-310325\/#breadcrumb\"},\"inLanguage\":\"pt-BR\",\"potentialAction\":[{\"@type\":\"ReadAction\",\"target\":[\"https:\/\/www.suno.com.br\/noticias\/dolar-fechamento-310325\/\"]}]},{\"@type\":\"ImageObject\",\"inLanguage\":\"pt-BR\",\"@id\":\"https:\/\/www.suno.com.br\/noticias\/dolar-fechamento-310325\/#primaryimage\",\"url\":\"https:\/\/files.sunoresearch.com.br\/n\/uploads\/2023\/10\/cropped-alexander-grey-8lnbXtxFGZw-unsplash-scaled-1.jpg\",\"contentUrl\":\"https:\/\/files.sunoresearch.com.br\/n\/uploads\/2023\/10\/cropped-alexander-grey-8lnbXtxFGZw-unsplash-scaled-1.jpg\",\"width\":640,\"height\":853,\"caption\":\"D\u00f3lar. Foto: Pixabay.\"},{\"@type\":\"BreadcrumbList\",\"@id\":\"https:\/\/www.suno.com.br\/noticias\/dolar-fechamento-310325\/#breadcrumb\",\"itemListElement\":[{\"@type\":\"ListItem\",\"position\":1,\"name\":\"Not\u00edcias\",\"item\":\"https:\/\/www.suno.com.br\/noticias\/\"},{\"@type\":\"ListItem\",\"position\":2,\"name\":\"Mercado Financeiro\",\"item\":\"https:\/\/www.suno.com.br\/noticias\/uncategorized\/\"},{\"@type\":\"ListItem\",\"position\":3,\"name\":\"D\u00f3lar cai, volta a R$ 5,70 e encerra mar\u00e7o com recuo de 3,57%\"}]},{\"@type\":\"WebSite\",\"@id\":\"https:\/\/www.suno.com.br\/noticias\/#website\",\"url\":\"https:\/\/www.suno.com.br\/noticias\/\",\"name\":\"Suno Not\u00edcias\",\"description\":\"Seu portal de informa\u00e7\u00e3o sobre o mundo dos investimentos\",\"publisher\":{\"@id\":\"https:\/\/www.suno.com.br\/noticias\/#organization\"},\"potentialAction\":[{\"@type\":\"SearchAction\",\"target\":{\"@type\":\"EntryPoint\",\"urlTemplate\":\"https:\/\/www.suno.com.br\/noticias\/?s={search_term_string}\"},\"query-input\":{\"@type\":\"PropertyValueSpecification\",\"valueRequired\":true,\"valueName\":\"search_term_string\"}}],\"inLanguage\":\"pt-BR\"},{\"@type\":\"Organization\",\"@id\":\"https:\/\/www.suno.com.br\/noticias\/#organization\",\"name\":\"Suno Not\u00edcias\",\"url\":\"https:\/\/www.suno.com.br\/noticias\/\",\"logo\":{\"@type\":\"ImageObject\",\"inLanguage\":\"pt-BR\",\"@id\":\"https:\/\/www.suno.com.br\/noticias\/#\/schema\/logo\/image\/\",\"url\":\"https:\/\/files.sunoresearch.com.br\/n\/uploads\/2021\/09\/suno-logo.png\",\"contentUrl\":\"https:\/\/files.sunoresearch.com.br\/n\/uploads\/2021\/09\/suno-logo.png\",\"width\":180,\"height\":180,\"caption\":\"Suno Not\u00edcias\"},\"image\":{\"@id\":\"https:\/\/www.suno.com.br\/noticias\/#\/schema\/logo\/image\/\"},\"sameAs\":[\"https:\/\/facebook.com\/sunoresearch\",\"https:\/\/x.com\/sunoresearch\",\"https:\/\/www.instagram.com\/suno\",\"https:\/\/www.linkedin.com\/company\/suno-research\/\",\"https:\/\/www.youtube.com\/c\/sunoresearch\"]},{\"@type\":\"Person\",\"@id\":\"https:\/\/www.suno.com.br\/noticias\/#\/schema\/person\/c1b1bd3727fa852bd045e9dbff3673ea\",\"name\":\"Reda\u00e7\u00e3o Suno Not\u00edcias\",\"image\":{\"@type\":\"ImageObject\",\"inLanguage\":\"pt-BR\",\"@id\":\"https:\/\/www.suno.com.br\/noticias\/#\/schema\/person\/image\/\",\"url\":\"https:\/\/secure.gravatar.com\/avatar\/b8104b9b5a71985d5238ee59fbe418af?s=96&r=g\",\"contentUrl\":\"https:\/\/secure.gravatar.com\/avatar\/b8104b9b5a71985d5238ee59fbe418af?s=96&r=g\",\"caption\":\"Reda\u00e7\u00e3o Suno Not\u00edcias\"},\"description\":\"O Suno Not\u00edcias \u00e9 um portal de informa\u00e7\u00f5es sobre Mercado Financeiro, Pol\u00edtica, Neg\u00f3cios, Economia e Finan\u00e7as Pessoais.\",\"sameAs\":[\"https:\/\/www.suno.com.br\/noticias\",\"https:\/\/www.facebook.com\/sunonoticias\/\",\"https:\/\/www.instagram.com\/sunonoticias\/\",\"https:\/\/x.com\/https:\/\/twitter.com\/sunoresearch\",\"https:\/\/www.youtube.com\/sunonoticias\"],\"url\":\"https:\/\/www.suno.com.br\/noticias\/author\/redacao-suno\/\"}]}<\/script>\n<!-- \/ Yoast SEO plugin. -->","yoast_head_json":{"title":"D\u00f3lar cai, volta a R$ 5,70 e encerra mar\u00e7o com recuo de 3,57%","description":"D\u00f3lar opera em baixa durante praticamente todo o dia, ap\u00f3s tr\u00eas preg\u00f5es positivos na semana passada, e encerra mar\u00e7o com recuo de 3,57%.","robots":{"index":"index","follow":"follow","max-snippet":"max-snippet:-1","max-image-preview":"max-image-preview:large","max-video-preview":"max-video-preview:-1"},"canonical":"https:\/\/www.suno.com.br\/noticias\/dolar-fechamento-310325\/","og_locale":"pt_BR","og_type":"article","og_title":"D\u00f3lar cai, volta a R$ 5,70 e encerra mar\u00e7o com recuo de 3,57%","og_description":"D\u00f3lar opera em baixa durante praticamente todo o dia, ap\u00f3s tr\u00eas preg\u00f5es positivos na semana passada, e encerra mar\u00e7o com recuo de 3,57%.","og_url":"https:\/\/www.suno.com.br\/noticias\/dolar-fechamento-310325\/","og_site_name":"Suno Not\u00edcias","article_publisher":"https:\/\/facebook.com\/sunoresearch","article_author":"https:\/\/www.facebook.com\/sunonoticias\/","og_image":[{"width":640,"height":853,"url":"https:\/\/files.sunoresearch.com.br\/n\/uploads\/2023\/10\/cropped-alexander-grey-8lnbXtxFGZw-unsplash-scaled-1.jpg","type":"image\/jpeg"}],"author":"Reda\u00e7\u00e3o Suno Not\u00edcias","twitter_card":"summary_large_image","twitter_creator":"@https:\/\/twitter.com\/sunoresearch","twitter_site":"@sunoresearch","twitter_misc":{"Escrito por":"Reda\u00e7\u00e3o Suno Not\u00edcias","Est. tempo de leitura":"4 minutos"},"schema":{"@context":"https:\/\/schema.org","@graph":[{"@type":"NewsArticle","@id":"https:\/\/www.suno.com.br\/noticias\/dolar-fechamento-310325\/#article","isPartOf":{"@id":"https:\/\/www.suno.com.br\/noticias\/dolar-fechamento-310325\/"},"author":{"name":"Reda\u00e7\u00e3o Suno Not\u00edcias","@id":"https:\/\/www.suno.com.br\/noticias\/#\/schema\/person\/c1b1bd3727fa852bd045e9dbff3673ea"},"headline":"D\u00f3lar cai, volta a R$ 5,70 e encerra mar\u00e7o com recuo de 3,57%","datePublished":"2025-03-31T22:38:41+00:00","dateModified":"2025-03-31T22:38:45+00:00","mainEntityOfPage":{"@id":"https:\/\/www.suno.com.br\/noticias\/dolar-fechamento-310325\/"},"wordCount":743,"publisher":{"@id":"https:\/\/www.suno.com.br\/noticias\/#organization"},"image":{"@id":"https:\/\/www.suno.com.br\/noticias\/dolar-fechamento-310325\/#primaryimage"},"thumbnailUrl":"https:\/\/files.sunoresearch.com.br\/n\/uploads\/2023\/10\/cropped-alexander-grey-8lnbXtxFGZw-unsplash-scaled-1.jpg","keywords":["d\u00f3lar","d\u00f3lar futuro"],"articleSection":["Mercado Financeiro"],"inLanguage":"pt-BR"},{"@type":"WebPage","@id":"https:\/\/www.suno.com.br\/noticias\/dolar-fechamento-310325\/","url":"https:\/\/www.suno.com.br\/noticias\/dolar-fechamento-310325\/","name":"D\u00f3lar cai, volta a R$ 5,70 e encerra mar\u00e7o com recuo de 3,57%","isPartOf":{"@id":"https:\/\/www.suno.com.br\/noticias\/#website"},"primaryImageOfPage":{"@id":"https:\/\/www.suno.com.br\/noticias\/dolar-fechamento-310325\/#primaryimage"},"image":{"@id":"https:\/\/www.suno.com.br\/noticias\/dolar-fechamento-310325\/#primaryimage"},"thumbnailUrl":"https:\/\/files.sunoresearch.com.br\/n\/uploads\/2023\/10\/cropped-alexander-grey-8lnbXtxFGZw-unsplash-scaled-1.jpg","datePublished":"2025-03-31T22:38:41+00:00","dateModified":"2025-03-31T22:38:45+00:00","description":"D\u00f3lar opera em baixa durante praticamente todo o dia, ap\u00f3s tr\u00eas preg\u00f5es positivos na semana passada, e encerra mar\u00e7o com recuo de 3,57%.","breadcrumb":{"@id":"https:\/\/www.suno.com.br\/noticias\/dolar-fechamento-310325\/#breadcrumb"},"inLanguage":"pt-BR","potentialAction":[{"@type":"ReadAction","target":["https:\/\/www.suno.com.br\/noticias\/dolar-fechamento-310325\/"]}]},{"@type":"ImageObject","inLanguage":"pt-BR","@id":"https:\/\/www.suno.com.br\/noticias\/dolar-fechamento-310325\/#primaryimage","url":"https:\/\/files.sunoresearch.com.br\/n\/uploads\/2023\/10\/cropped-alexander-grey-8lnbXtxFGZw-unsplash-scaled-1.jpg","contentUrl":"https:\/\/files.sunoresearch.com.br\/n\/uploads\/2023\/10\/cropped-alexander-grey-8lnbXtxFGZw-unsplash-scaled-1.jpg","width":640,"height":853,"caption":"D\u00f3lar. Foto: Pixabay."},{"@type":"BreadcrumbList","@id":"https:\/\/www.suno.com.br\/noticias\/dolar-fechamento-310325\/#breadcrumb","itemListElement":[{"@type":"ListItem","position":1,"name":"Not\u00edcias","item":"https:\/\/www.suno.com.br\/noticias\/"},{"@type":"ListItem","position":2,"name":"Mercado Financeiro","item":"https:\/\/www.suno.com.br\/noticias\/uncategorized\/"},{"@type":"ListItem","position":3,"name":"D\u00f3lar cai, volta a R$ 5,70 e encerra mar\u00e7o com recuo de 3,57%"}]},{"@type":"WebSite","@id":"https:\/\/www.suno.com.br\/noticias\/#website","url":"https:\/\/www.suno.com.br\/noticias\/","name":"Suno Not\u00edcias","description":"Seu portal de informa\u00e7\u00e3o sobre o mundo dos investimentos","publisher":{"@id":"https:\/\/www.suno.com.br\/noticias\/#organization"},"potentialAction":[{"@type":"SearchAction","target":{"@type":"EntryPoint","urlTemplate":"https:\/\/www.suno.com.br\/noticias\/?s={search_term_string}"},"query-input":{"@type":"PropertyValueSpecification","valueRequired":true,"valueName":"search_term_string"}}],"inLanguage":"pt-BR"},{"@type":"Organization","@id":"https:\/\/www.suno.com.br\/noticias\/#organization","name":"Suno Not\u00edcias","url":"https:\/\/www.suno.com.br\/noticias\/","logo":{"@type":"ImageObject","inLanguage":"pt-BR","@id":"https:\/\/www.suno.com.br\/noticias\/#\/schema\/logo\/image\/","url":"https:\/\/files.sunoresearch.com.br\/n\/uploads\/2021\/09\/suno-logo.png","contentUrl":"https:\/\/files.sunoresearch.com.br\/n\/uploads\/2021\/09\/suno-logo.png","width":180,"height":180,"caption":"Suno Not\u00edcias"},"image":{"@id":"https:\/\/www.suno.com.br\/noticias\/#\/schema\/logo\/image\/"},"sameAs":["https:\/\/facebook.com\/sunoresearch","https:\/\/x.com\/sunoresearch","https:\/\/www.instagram.com\/suno","https:\/\/www.linkedin.com\/company\/suno-research\/","https:\/\/www.youtube.com\/c\/sunoresearch"]},{"@type":"Person","@id":"https:\/\/www.suno.com.br\/noticias\/#\/schema\/person\/c1b1bd3727fa852bd045e9dbff3673ea","name":"Reda\u00e7\u00e3o Suno Not\u00edcias","image":{"@type":"ImageObject","inLanguage":"pt-BR","@id":"https:\/\/www.suno.com.br\/noticias\/#\/schema\/person\/image\/","url":"https:\/\/secure.gravatar.com\/avatar\/b8104b9b5a71985d5238ee59fbe418af?s=96&r=g","contentUrl":"https:\/\/secure.gravatar.com\/avatar\/b8104b9b5a71985d5238ee59fbe418af?s=96&r=g","caption":"Reda\u00e7\u00e3o Suno Not\u00edcias"},"description":"O Suno Not\u00edcias \u00e9 um portal de informa\u00e7\u00f5es sobre Mercado Financeiro, Pol\u00edtica, Neg\u00f3cios, Economia e Finan\u00e7as Pessoais.","sameAs":["https:\/\/www.suno.com.br\/noticias","https:\/\/www.facebook.com\/sunonoticias\/","https:\/\/www.instagram.com\/sunonoticias\/","https:\/\/x.com\/https:\/\/twitter.com\/sunoresearch","https:\/\/www.youtube.com\/sunonoticias"],"url":"https:\/\/www.suno.com.br\/noticias\/author\/redacao-suno\/"}]}},"default_loop_html":"<div class=\"cardsPage__listCard__boxs\"><div class=\"cardsPage__listCard__boxs__img\"><a href=\"https:\/\/www.suno.com.br\/noticias\/dolar-fechamento-310325\/\"><img class=\"mask\" src=\"https:\/\/www.suno.com.br\/noticias\/wp-content\/themes\/suno\/resources\/images\/spotlight\/spotlight1img\/bg-mask.png\" alt=\"Image Mask\"\/><img src=\"https:\/\/files.sunoresearch.com.br\/n\/uploads\/2023\/10\/cropped-alexander-grey-8lnbXtxFGZw-unsplash-scaled-1-400x200.jpg\" alt=\"D\u00f3lar cai, volta a R$ 5,70 e encerra mar\u00e7o com recuo de 3,57%\"\/><\/a><span class=\"spotlightCategory\"><a href=\"https:\/\/www.suno.com.br\/noticias\/uncategorized\/\">Mercado Financeiro<\/a><\/span><\/div><div class=\"cardsPage__listCard__boxs__content\"><a href=\"https:\/\/www.suno.com.br\/noticias\/dolar-fechamento-310325\/\"><h2 class=\"content__title\">D\u00f3lar cai, volta a R$ 5,70 e encerra mar\u00e7o com recuo de 3,57%<\/h2><\/a><div class=\"newsContent__article__meta\"><div class=\"newsContent__article__meta__authorBox\"><a href=\"https:\/\/www.suno.com.br\/noticias\/author\/redacao-suno\/\" class=\"authorBox__avatar noMobi\"><img src=\"https:\/\/files.sunoresearch.com.br\/n\/uploads\/2020\/08\/0ace682d-redacao-1-150x150.webp\" alt=\"Reda\u00e7\u00e3o Suno Not\u00edcias\"><\/a><div class=\"authorBox__name\"><span>por\n\t\t\t<a href=\"https:\/\/www.suno.com.br\/noticias\/author\/redacao-suno\/\"><span itemprop=\"author\">Reda\u00e7\u00e3o Suno Not\u00edcias<\/span><\/a><\/span><time datetime=\"2025-03-31T19:38:41-03:00\" itemprop=\"datePublished\">31\/03\/2025 19:38<\/time><\/div><\/div><\/div><\/div><\/div>","single_layout":"posts","amp_enabled":true,"_links":{"self":[{"href":"https:\/\/www.suno.com.br\/noticias\/wp-json\/wp\/v2\/posts\/599726"}],"collection":[{"href":"https:\/\/www.suno.com.br\/noticias\/wp-json\/wp\/v2\/posts"}],"about":[{"href":"https:\/\/www.suno.com.br\/noticias\/wp-json\/wp\/v2\/types\/post"}],"author":[{"embeddable":true,"href":"https:\/\/www.suno.com.br\/noticias\/wp-json\/wp\/v2\/users\/43"}],"replies":[{"embeddable":true,"href":"https:\/\/www.suno.com.br\/noticias\/wp-json\/wp\/v2\/comments?post=599726"}],"version-history":[{"count":1,"href":"https:\/\/www.suno.com.br\/noticias\/wp-json\/wp\/v2\/posts\/599726\/revisions"}],"predecessor-version":[{"id":599742,"href":"https:\/\/www.suno.com.br\/noticias\/wp-json\/wp\/v2\/posts\/599726\/revisions\/599742"}],"wp:featuredmedia":[{"embeddable":true,"href":"https:\/\/www.suno.com.br\/noticias\/wp-json\/wp\/v2\/media\/479815"}],"wp:attachment":[{"href":"https:\/\/www.suno.com.br\/noticias\/wp-json\/wp\/v2\/media?parent=599726"}],"wp:term":[{"taxonomy":"category","embeddable":true,"href":"https:\/\/www.suno.com.br\/noticias\/wp-json\/wp\/v2\/categories?post=599726"},{"taxonomy":"post_tag","embeddable":true,"href":"https:\/\/www.suno.com.br\/noticias\/wp-json\/wp\/v2\/tags?post=599726"},{"taxonomy":"suno_strategy","embeddable":true,"href":"https:\/\/www.suno.com.br\/noticias\/wp-json\/wp\/v2\/suno_strategy?post=599726"}],"curies":[{"name":"wp","href":"https:\/\/api.w.org\/{rel}","templated":true}]}}