{"id":59956,"date":"2020-04-01T17:51:51","date_gmt":"2020-04-01T20:51:51","guid":{"rendered":"https:\/\/www.suno.com.br\/noticias\/?p=59956"},"modified":"2021-02-17T22:50:53","modified_gmt":"2021-02-18T01:50:53","slug":"dolar-encerra-em-alta-de-cotado-em-r-x01042020","status":"publish","type":"post","link":"https:\/\/www.suno.com.br\/noticias\/dolar-encerra-em-alta-de-cotado-em-r-x01042020\/","title":{"rendered":"D\u00f3lar bate novo recorde e fecha cotado em R$ 5,2613"},"content":{"rendered":"<p>O <strong>d\u00f3lar<\/strong> encerrou nesta quarta-feira (1) em alta de 1,29%, negociado a R$ 5,2613 na venda, batendo novo record nominal.<\/p>\t<div class=\"wrapper-featured-image\">\n\t\t<figure class=\"spotlightImg\">\n\n\t\t\t<picture>\n\t\t\t\t<source media=\"(max-width: 768px)\" srcset=\"https:\/\/files.sunoresearch.com.br\/n\/uploads\/2020\/03\/7edad02a-dolar-400x200.webp\">\n\t\t\t\t<img loading=\"lazy\" decoding=\"async\" class=\"newsContent__article__imgCapa lazyloadDisabled newsContent__article__imgCapa--noCaption\" src=\"https:\/\/files.sunoresearch.com.br\/n\/uploads\/2020\/03\/7edad02a-dolar-800x450.webp\" width=\"800\" height=\"450\" alt=\"D\u00f3lar bate novo recorde e fecha cotado em R$ 5,2613\" fetchpriority=high \/>\n\t\t\t<\/picture>\n\n\t\t\t<figcaption class=\"wp-caption-text wp-caption-text--hide\">Na \u00faltima sess\u00e3o, sexta-feira (16), o d\u00f3lar encerrou em alta de 0,32%, a R$ 5,643.<\/figcaption>\n\t\t<\/figure>\n\t<\/div>\n\n\n\n<p>Confira as noticias que movimentaram o mercado nessa quarta-feira:<\/p>\n<ul>\n<li>Relat\u00f3rio de emprego dos Estados Unidos;<\/li>\n<li>Balan\u00e7a comercial tem super\u00e1vit de US$4,71 bi (R$ 23,71 bi);<\/li>\n<li>Banco Central faz swap cambiais.<\/li>\n<\/ul>\n<h2>Relat\u00f3rio de emprego<\/h2>\n<p>O Relat\u00f3rio de Emprego ADP do setor privado norte-americano demonstrou que no m\u00eas passado foram cortados 27 mil postos de trabalho.<\/p>\n<p>O resultado foi melhor que o esperado, segundo a mediana das expectativas dos economistas ouvidos pela ag\u00eancia de not\u00edcias &#8220;Bloomberg&#8221;, os quais apontavam para a elimina\u00e7\u00e3o de 150 mil vagas.<\/p>\n\t<p>\n\t\t<a href=\"https:\/\/lp.suno.com.br\/ebook-investindo-em-fiis\/\" target=\"_blank\" data-element=\"shortcode-suno-banner\" title=\"Banner SUNO, clique e saiba mais\">\n\t\t\t<picture>\n\t\t\t\t<source media=\"(max-width: 500px)\" srcset=\"https:\/\/files.sunoresearch.com.br\/n\/uploads\/2023\/07\/Ebook-Fundos-Imobiliarios-Mobile.jpg\">\n\t\t\t\t<img class=\"newsContent__article__imgCapa newsContent__article__imgCapa--banner\"\n\t\t\t\t\tsrc=\"https:\/\/files.sunoresearch.com.br\/n\/uploads\/2023\/07\/Ebook-Fundos-Imobiliarios-Desktop.jpg\"\n\t\t\t\t\tdata-promo-id=\"378301\"\t\t\t\t\t\t\t\t\t\twidth='1420' height='286'\t\t\t\t\talt=\"https:\/\/files.sunoresearch.com.br\/n\/uploads\/2023\/07\/Ebook-Fundos-Imobiliarios-Desktop.jpg\"\n\t\t\t\t>\n\t\t\t<\/picture>\n\t\t<\/a>\n\t<\/p>\n\n\n<p>Em fevereiro, o saldo havia sido da cria\u00e7\u00e3o de 183 mil empregos no setor privado da maior economia do planeta.<\/p>\n<p>Os dados empregat\u00edcios de mar\u00e7o demonstram o impacto econ\u00f4mico e financeiro gerados pelo coronav\u00edrus no pa\u00eds, ap\u00f3s a determina\u00e7\u00e3o da menor circula\u00e7\u00e3o de pessoas para conter a dissemina\u00e7\u00e3o da doen\u00e7a.<\/p>\n<h2>Balan\u00e7a comercial tem super\u00e1vit de US$4,71 bi<\/h2>\n<p>No m\u00eas de mar\u00e7o, a balan\u00e7a comercial fechou com um super\u00e1vit de US$4,71 bi (R$ 23,71 bi). O valor representa 9,7% a mais do que mar\u00e7o do ano passado.<\/p>\n<p>Referente ao primeiro trimestre de 2020, o super\u00e1vit registrado pela balan\u00e7a comercial foi de US$ 6,135 bilh\u00f5es (R$ 30,675 bilh\u00f5es), apresentando uma queda de aproximadamente 33% em rela\u00e7\u00e3o ao mesmo per\u00edodo do ano anterior.<\/p>\n<p>Entretanto, esse foi o pior resultado referente ao primeiro trimestre desde 2015.<\/p>\n<p><a href=\"https:\/\/www.suno.com.br\/nossas-assinaturas\/suno-premium\/\">Bolsa em queda livre!? Aproveita as maiores oportunidades da bolsa brasileira com nosso acesso Suno Premium<\/a><\/p>\n<p>Em fevereiro, A balan\u00e7a comercial brasileira registrou super\u00e1vit de US$ 3,096 bilh\u00f5es. O valor indicou alta de 10,4% em compara\u00e7\u00e3o ao mesmo per\u00edodo de 2019.<\/p>\n<p>Al\u00e9m disso, o acumulo ainda sofre influ\u00eancia do d\u00e9ficit de US$ 1,674 bilh\u00e3o (R$ 8,370 bi) em janeiro.<\/p>\n<h2>BC faz swap cambiais<\/h2>\n<p>At\u00e9 o dia 27 de mar\u00e7o, o Banco Central (BC) perdeu R$ 22,980 bilh\u00f5es em opera\u00e7\u00f5es de swaps cambiais. Contudo, desde o in\u00edcio do ano, perdeu R$ 38,201 bilh\u00f5es no acumulado.<\/p>\n<p>Com esses contratos, o Banco Central pode oferecer mais prote\u00e7\u00e3o ao mercado em ambientes de alta volatilidade no c\u00e2mbio. Entretanto, o BC ganha quando o real valoriza mas perde quando o d\u00f3lar sobe em rela\u00e7\u00e3o a moeda brasileira.<\/p>\n<p>Desse modo, os swaps n\u00e3o tem o objetivo de gerar lucros para a autoridade monet\u00e1ria.<\/p>\n<h2>\u00daltima cota\u00e7\u00e3o do d\u00f3lar<\/h2>\n<p>Na \u00faltima sess\u00e3o, ter\u00e7a-feira, o <strong>d\u00f3lar<\/strong> encerrou em alta de 0,23%, negociado a R$ 5,194 na venda.<\/p>\n\n","protected":false},"excerpt":{"rendered":"<p>O d\u00f3lar encerrou nesta quarta-feira (1) em alta de 1,29%, negociado a R$ 5,2613 na venda, batendo novo record nominal. Na \u00faltima sess\u00e3o, sexta-feira (16), o d\u00f3lar encerrou em alta de 0,32%, a R$ 5,643. Confira as noticias que movimentaram o mercado nessa quarta-feira: Relat\u00f3rio de emprego dos Estados Unidos; Balan\u00e7a comercial tem super\u00e1vit de [&hellip;]<\/p>\n","protected":false},"author":39,"featured_media":59636,"comment_status":"closed","ping_status":"closed","sticky":false,"template":"","format":"standard","meta":[],"categories":[60],"tags":[914,1842,326,1796],"suno_strategy":[],"class_list":["post-59956","post","type-post","status-publish","format-standard","has-post-thumbnail","hentry","category-mercado","tag-balanca-comercial","tag-banco-central-bc","tag-dolar","tag-emprego"],"yoast_head":"<!-- This site is optimized with the Yoast SEO plugin v24.4 - https:\/\/yoast.com\/wordpress\/plugins\/seo\/ -->\n<title>D\u00f3lar bate novo recorde e fecha cotado em R$ 5,2613<\/title>\n<meta name=\"description\" content=\"O d\u00f3lar encerrou nesta quarta-feira (1) em alta de 1,29%, negociado a R$ 5,261 na venda Clique aqui para saber mais\" \/>\n<meta name=\"robots\" content=\"index, follow, max-snippet:-1, max-image-preview:large, max-video-preview:-1\" \/>\n<link rel=\"canonical\" href=\"https:\/\/www.suno.com.br\/noticias\/dolar-encerra-em-alta-de-cotado-em-r-x01042020\/\" \/>\n<meta property=\"og:locale\" content=\"pt_BR\" \/>\n<meta property=\"og:type\" content=\"article\" \/>\n<meta property=\"og:title\" content=\"D\u00f3lar bate novo recorde e fecha cotado em R$ 5,2613\" \/>\n<meta property=\"og:description\" content=\"O d\u00f3lar encerrou nesta quarta-feira (1) em alta de 1,29%, negociado a R$ 5,261 na venda Clique aqui para saber mais\" \/>\n<meta property=\"og:url\" content=\"https:\/\/www.suno.com.br\/noticias\/dolar-encerra-em-alta-de-cotado-em-r-x01042020\/\" \/>\n<meta property=\"og:site_name\" content=\"Suno Not\u00edcias\" \/>\n<meta property=\"article:publisher\" content=\"https:\/\/facebook.com\/sunoresearch\" \/>\n<meta property=\"og:image\" content=\"https:\/\/files.sunoresearch.com.br\/n\/uploads\/2020\/03\/7edad02a-dolar.jpg\" \/>\n\t<meta property=\"og:image:width\" content=\"2598\" \/>\n\t<meta property=\"og:image:height\" content=\"1700\" \/>\n\t<meta property=\"og:image:type\" content=\"image\/jpeg\" \/>\n<meta name=\"author\" content=\"Laura Moutinho\" \/>\n<meta name=\"twitter:card\" content=\"summary_large_image\" \/>\n<meta name=\"twitter:creator\" content=\"@sunoresearch\" \/>\n<meta name=\"twitter:site\" content=\"@sunoresearch\" \/>\n<meta name=\"twitter:label1\" content=\"Escrito por\" \/>\n\t<meta name=\"twitter:data1\" content=\"Laura Moutinho\" \/>\n\t<meta name=\"twitter:label2\" content=\"Est. tempo de leitura\" \/>\n\t<meta name=\"twitter:data2\" content=\"2 minutos\" \/>\n<script type=\"application\/ld+json\" class=\"yoast-schema-graph\">{\"@context\":\"https:\/\/schema.org\",\"@graph\":[{\"@type\":\"NewsArticle\",\"@id\":\"https:\/\/www.suno.com.br\/noticias\/dolar-encerra-em-alta-de-cotado-em-r-x01042020\/#article\",\"isPartOf\":{\"@id\":\"https:\/\/www.suno.com.br\/noticias\/dolar-encerra-em-alta-de-cotado-em-r-x01042020\/\"},\"author\":{\"name\":\"Laura Moutinho\",\"@id\":\"https:\/\/www.suno.com.br\/noticias\/#\/schema\/person\/3df0d2808748b74496efe5dbeaef2c72\"},\"headline\":\"D\u00f3lar bate novo recorde e fecha cotado em R$ 5,2613\",\"datePublished\":\"2020-04-01T20:51:51+00:00\",\"dateModified\":\"2021-02-18T01:50:53+00:00\",\"mainEntityOfPage\":{\"@id\":\"https:\/\/www.suno.com.br\/noticias\/dolar-encerra-em-alta-de-cotado-em-r-x01042020\/\"},\"wordCount\":460,\"publisher\":{\"@id\":\"https:\/\/www.suno.com.br\/noticias\/#organization\"},\"image\":{\"@id\":\"https:\/\/www.suno.com.br\/noticias\/dolar-encerra-em-alta-de-cotado-em-r-x01042020\/#primaryimage\"},\"thumbnailUrl\":\"https:\/\/files.sunoresearch.com.br\/n\/uploads\/2020\/03\/7edad02a-dolar-scaled.webp\",\"keywords\":[\"balan\u00e7a comercial\",\"Banco Central (BC)\",\"d\u00f3lar\",\"Emprego\"],\"articleSection\":[\"Mercado\"],\"inLanguage\":\"pt-BR\"},{\"@type\":\"WebPage\",\"@id\":\"https:\/\/www.suno.com.br\/noticias\/dolar-encerra-em-alta-de-cotado-em-r-x01042020\/\",\"url\":\"https:\/\/www.suno.com.br\/noticias\/dolar-encerra-em-alta-de-cotado-em-r-x01042020\/\",\"name\":\"D\u00f3lar bate novo recorde e fecha cotado em R$ 5,2613\",\"isPartOf\":{\"@id\":\"https:\/\/www.suno.com.br\/noticias\/#website\"},\"primaryImageOfPage\":{\"@id\":\"https:\/\/www.suno.com.br\/noticias\/dolar-encerra-em-alta-de-cotado-em-r-x01042020\/#primaryimage\"},\"image\":{\"@id\":\"https:\/\/www.suno.com.br\/noticias\/dolar-encerra-em-alta-de-cotado-em-r-x01042020\/#primaryimage\"},\"thumbnailUrl\":\"https:\/\/files.sunoresearch.com.br\/n\/uploads\/2020\/03\/7edad02a-dolar-scaled.webp\",\"datePublished\":\"2020-04-01T20:51:51+00:00\",\"dateModified\":\"2021-02-18T01:50:53+00:00\",\"description\":\"O d\u00f3lar encerrou nesta quarta-feira (1) em alta de 1,29%, negociado a R$ 5,261 na venda Clique aqui para saber mais\",\"breadcrumb\":{\"@id\":\"https:\/\/www.suno.com.br\/noticias\/dolar-encerra-em-alta-de-cotado-em-r-x01042020\/#breadcrumb\"},\"inLanguage\":\"pt-BR\",\"potentialAction\":[{\"@type\":\"ReadAction\",\"target\":[\"https:\/\/www.suno.com.br\/noticias\/dolar-encerra-em-alta-de-cotado-em-r-x01042020\/\"]}]},{\"@type\":\"ImageObject\",\"inLanguage\":\"pt-BR\",\"@id\":\"https:\/\/www.suno.com.br\/noticias\/dolar-encerra-em-alta-de-cotado-em-r-x01042020\/#primaryimage\",\"url\":\"https:\/\/files.sunoresearch.com.br\/n\/uploads\/2020\/03\/7edad02a-dolar-scaled.webp\",\"contentUrl\":\"https:\/\/files.sunoresearch.com.br\/n\/uploads\/2020\/03\/7edad02a-dolar-scaled.webp\",\"width\":2560,\"height\":1675,\"caption\":\"Na \u00faltima sess\u00e3o, sexta-feira (16), o d\u00f3lar encerrou em alta de 0,32%, a R$ 5,643.\"},{\"@type\":\"BreadcrumbList\",\"@id\":\"https:\/\/www.suno.com.br\/noticias\/dolar-encerra-em-alta-de-cotado-em-r-x01042020\/#breadcrumb\",\"itemListElement\":[{\"@type\":\"ListItem\",\"position\":1,\"name\":\"Not\u00edcias\",\"item\":\"https:\/\/www.suno.com.br\/noticias\/\"},{\"@type\":\"ListItem\",\"position\":2,\"name\":\"Mercado\",\"item\":\"https:\/\/www.suno.com.br\/noticias\/mercado\/\"},{\"@type\":\"ListItem\",\"position\":3,\"name\":\"D\u00f3lar bate novo recorde e fecha cotado em R$ 5,2613\"}]},{\"@type\":\"WebSite\",\"@id\":\"https:\/\/www.suno.com.br\/noticias\/#website\",\"url\":\"https:\/\/www.suno.com.br\/noticias\/\",\"name\":\"Suno Not\u00edcias\",\"description\":\"Seu portal de informa\u00e7\u00e3o sobre o mundo dos investimentos\",\"publisher\":{\"@id\":\"https:\/\/www.suno.com.br\/noticias\/#organization\"},\"potentialAction\":[{\"@type\":\"SearchAction\",\"target\":{\"@type\":\"EntryPoint\",\"urlTemplate\":\"https:\/\/www.suno.com.br\/noticias\/?s={search_term_string}\"},\"query-input\":{\"@type\":\"PropertyValueSpecification\",\"valueRequired\":true,\"valueName\":\"search_term_string\"}}],\"inLanguage\":\"pt-BR\"},{\"@type\":\"Organization\",\"@id\":\"https:\/\/www.suno.com.br\/noticias\/#organization\",\"name\":\"Suno Not\u00edcias\",\"url\":\"https:\/\/www.suno.com.br\/noticias\/\",\"logo\":{\"@type\":\"ImageObject\",\"inLanguage\":\"pt-BR\",\"@id\":\"https:\/\/www.suno.com.br\/noticias\/#\/schema\/logo\/image\/\",\"url\":\"https:\/\/files.sunoresearch.com.br\/n\/uploads\/2021\/09\/suno-logo.png\",\"contentUrl\":\"https:\/\/files.sunoresearch.com.br\/n\/uploads\/2021\/09\/suno-logo.png\",\"width\":180,\"height\":180,\"caption\":\"Suno Not\u00edcias\"},\"image\":{\"@id\":\"https:\/\/www.suno.com.br\/noticias\/#\/schema\/logo\/image\/\"},\"sameAs\":[\"https:\/\/facebook.com\/sunoresearch\",\"https:\/\/x.com\/sunoresearch\",\"https:\/\/www.instagram.com\/suno\",\"https:\/\/www.linkedin.com\/company\/suno-research\/\",\"https:\/\/www.youtube.com\/c\/sunoresearch\"]},{\"@type\":\"Person\",\"@id\":\"https:\/\/www.suno.com.br\/noticias\/#\/schema\/person\/3df0d2808748b74496efe5dbeaef2c72\",\"name\":\"Laura Moutinho\",\"image\":{\"@type\":\"ImageObject\",\"inLanguage\":\"pt-BR\",\"@id\":\"https:\/\/www.suno.com.br\/noticias\/#\/schema\/person\/image\/\",\"url\":\"https:\/\/secure.gravatar.com\/avatar\/7571c7c8ca3a6fca5e41384ece5557ff?s=96&r=g\",\"contentUrl\":\"https:\/\/secure.gravatar.com\/avatar\/7571c7c8ca3a6fca5e41384ece5557ff?s=96&r=g\",\"caption\":\"Laura Moutinho\"},\"description\":\"Estagi\u00e1ria na Suno Not\u00edcias, escreve not\u00edcias que afetam o mercado financeiro. Estuda administra\u00e7\u00e3o na Universidade Presbiteriana Mackenzie.\",\"url\":\"https:\/\/www.suno.com.br\/noticias\/author\/laura-moutinho\/\"}]}<\/script>\n<!-- \/ Yoast SEO plugin. -->","yoast_head_json":{"title":"D\u00f3lar bate novo recorde e fecha cotado em R$ 5,2613","description":"O d\u00f3lar encerrou nesta quarta-feira (1) em alta de 1,29%, negociado a R$ 5,261 na venda Clique aqui para saber mais","robots":{"index":"index","follow":"follow","max-snippet":"max-snippet:-1","max-image-preview":"max-image-preview:large","max-video-preview":"max-video-preview:-1"},"canonical":"https:\/\/www.suno.com.br\/noticias\/dolar-encerra-em-alta-de-cotado-em-r-x01042020\/","og_locale":"pt_BR","og_type":"article","og_title":"D\u00f3lar bate novo recorde e fecha cotado em R$ 5,2613","og_description":"O d\u00f3lar encerrou nesta quarta-feira (1) em alta de 1,29%, negociado a R$ 5,261 na venda Clique aqui para saber mais","og_url":"https:\/\/www.suno.com.br\/noticias\/dolar-encerra-em-alta-de-cotado-em-r-x01042020\/","og_site_name":"Suno Not\u00edcias","article_publisher":"https:\/\/facebook.com\/sunoresearch","og_image":[{"width":2598,"height":1700,"url":"https:\/\/files.sunoresearch.com.br\/n\/uploads\/2020\/03\/7edad02a-dolar.jpg","type":"image\/jpeg"}],"author":"Laura Moutinho","twitter_card":"summary_large_image","twitter_creator":"@sunoresearch","twitter_site":"@sunoresearch","twitter_misc":{"Escrito por":"Laura Moutinho","Est. tempo de leitura":"2 minutos"},"schema":{"@context":"https:\/\/schema.org","@graph":[{"@type":"NewsArticle","@id":"https:\/\/www.suno.com.br\/noticias\/dolar-encerra-em-alta-de-cotado-em-r-x01042020\/#article","isPartOf":{"@id":"https:\/\/www.suno.com.br\/noticias\/dolar-encerra-em-alta-de-cotado-em-r-x01042020\/"},"author":{"name":"Laura Moutinho","@id":"https:\/\/www.suno.com.br\/noticias\/#\/schema\/person\/3df0d2808748b74496efe5dbeaef2c72"},"headline":"D\u00f3lar bate novo recorde e fecha cotado em R$ 5,2613","datePublished":"2020-04-01T20:51:51+00:00","dateModified":"2021-02-18T01:50:53+00:00","mainEntityOfPage":{"@id":"https:\/\/www.suno.com.br\/noticias\/dolar-encerra-em-alta-de-cotado-em-r-x01042020\/"},"wordCount":460,"publisher":{"@id":"https:\/\/www.suno.com.br\/noticias\/#organization"},"image":{"@id":"https:\/\/www.suno.com.br\/noticias\/dolar-encerra-em-alta-de-cotado-em-r-x01042020\/#primaryimage"},"thumbnailUrl":"https:\/\/files.sunoresearch.com.br\/n\/uploads\/2020\/03\/7edad02a-dolar-scaled.webp","keywords":["balan\u00e7a comercial","Banco Central (BC)","d\u00f3lar","Emprego"],"articleSection":["Mercado"],"inLanguage":"pt-BR"},{"@type":"WebPage","@id":"https:\/\/www.suno.com.br\/noticias\/dolar-encerra-em-alta-de-cotado-em-r-x01042020\/","url":"https:\/\/www.suno.com.br\/noticias\/dolar-encerra-em-alta-de-cotado-em-r-x01042020\/","name":"D\u00f3lar bate novo recorde e fecha cotado em R$ 5,2613","isPartOf":{"@id":"https:\/\/www.suno.com.br\/noticias\/#website"},"primaryImageOfPage":{"@id":"https:\/\/www.suno.com.br\/noticias\/dolar-encerra-em-alta-de-cotado-em-r-x01042020\/#primaryimage"},"image":{"@id":"https:\/\/www.suno.com.br\/noticias\/dolar-encerra-em-alta-de-cotado-em-r-x01042020\/#primaryimage"},"thumbnailUrl":"https:\/\/files.sunoresearch.com.br\/n\/uploads\/2020\/03\/7edad02a-dolar-scaled.webp","datePublished":"2020-04-01T20:51:51+00:00","dateModified":"2021-02-18T01:50:53+00:00","description":"O d\u00f3lar encerrou nesta quarta-feira (1) em alta de 1,29%, negociado a R$ 5,261 na venda Clique aqui para saber mais","breadcrumb":{"@id":"https:\/\/www.suno.com.br\/noticias\/dolar-encerra-em-alta-de-cotado-em-r-x01042020\/#breadcrumb"},"inLanguage":"pt-BR","potentialAction":[{"@type":"ReadAction","target":["https:\/\/www.suno.com.br\/noticias\/dolar-encerra-em-alta-de-cotado-em-r-x01042020\/"]}]},{"@type":"ImageObject","inLanguage":"pt-BR","@id":"https:\/\/www.suno.com.br\/noticias\/dolar-encerra-em-alta-de-cotado-em-r-x01042020\/#primaryimage","url":"https:\/\/files.sunoresearch.com.br\/n\/uploads\/2020\/03\/7edad02a-dolar-scaled.webp","contentUrl":"https:\/\/files.sunoresearch.com.br\/n\/uploads\/2020\/03\/7edad02a-dolar-scaled.webp","width":2560,"height":1675,"caption":"Na \u00faltima sess\u00e3o, sexta-feira (16), o d\u00f3lar encerrou em alta de 0,32%, a R$ 5,643."},{"@type":"BreadcrumbList","@id":"https:\/\/www.suno.com.br\/noticias\/dolar-encerra-em-alta-de-cotado-em-r-x01042020\/#breadcrumb","itemListElement":[{"@type":"ListItem","position":1,"name":"Not\u00edcias","item":"https:\/\/www.suno.com.br\/noticias\/"},{"@type":"ListItem","position":2,"name":"Mercado","item":"https:\/\/www.suno.com.br\/noticias\/mercado\/"},{"@type":"ListItem","position":3,"name":"D\u00f3lar bate novo recorde e fecha cotado em R$ 5,2613"}]},{"@type":"WebSite","@id":"https:\/\/www.suno.com.br\/noticias\/#website","url":"https:\/\/www.suno.com.br\/noticias\/","name":"Suno Not\u00edcias","description":"Seu portal de informa\u00e7\u00e3o sobre o mundo dos investimentos","publisher":{"@id":"https:\/\/www.suno.com.br\/noticias\/#organization"},"potentialAction":[{"@type":"SearchAction","target":{"@type":"EntryPoint","urlTemplate":"https:\/\/www.suno.com.br\/noticias\/?s={search_term_string}"},"query-input":{"@type":"PropertyValueSpecification","valueRequired":true,"valueName":"search_term_string"}}],"inLanguage":"pt-BR"},{"@type":"Organization","@id":"https:\/\/www.suno.com.br\/noticias\/#organization","name":"Suno Not\u00edcias","url":"https:\/\/www.suno.com.br\/noticias\/","logo":{"@type":"ImageObject","inLanguage":"pt-BR","@id":"https:\/\/www.suno.com.br\/noticias\/#\/schema\/logo\/image\/","url":"https:\/\/files.sunoresearch.com.br\/n\/uploads\/2021\/09\/suno-logo.png","contentUrl":"https:\/\/files.sunoresearch.com.br\/n\/uploads\/2021\/09\/suno-logo.png","width":180,"height":180,"caption":"Suno Not\u00edcias"},"image":{"@id":"https:\/\/www.suno.com.br\/noticias\/#\/schema\/logo\/image\/"},"sameAs":["https:\/\/facebook.com\/sunoresearch","https:\/\/x.com\/sunoresearch","https:\/\/www.instagram.com\/suno","https:\/\/www.linkedin.com\/company\/suno-research\/","https:\/\/www.youtube.com\/c\/sunoresearch"]},{"@type":"Person","@id":"https:\/\/www.suno.com.br\/noticias\/#\/schema\/person\/3df0d2808748b74496efe5dbeaef2c72","name":"Laura Moutinho","image":{"@type":"ImageObject","inLanguage":"pt-BR","@id":"https:\/\/www.suno.com.br\/noticias\/#\/schema\/person\/image\/","url":"https:\/\/secure.gravatar.com\/avatar\/7571c7c8ca3a6fca5e41384ece5557ff?s=96&r=g","contentUrl":"https:\/\/secure.gravatar.com\/avatar\/7571c7c8ca3a6fca5e41384ece5557ff?s=96&r=g","caption":"Laura Moutinho"},"description":"Estagi\u00e1ria na Suno Not\u00edcias, escreve not\u00edcias que afetam o mercado financeiro. Estuda administra\u00e7\u00e3o na Universidade Presbiteriana Mackenzie.","url":"https:\/\/www.suno.com.br\/noticias\/author\/laura-moutinho\/"}]}},"default_loop_html":"<div class=\"cardsPage__listCard__boxs\"><div class=\"cardsPage__listCard__boxs__img\"><a href=\"https:\/\/www.suno.com.br\/noticias\/dolar-encerra-em-alta-de-cotado-em-r-x01042020\/\"><img class=\"mask\" src=\"https:\/\/www.suno.com.br\/noticias\/wp-content\/themes\/suno\/resources\/images\/spotlight\/spotlight1img\/bg-mask.png\" alt=\"Image Mask\"\/><img src=\"https:\/\/files.sunoresearch.com.br\/n\/uploads\/2020\/03\/7edad02a-dolar-400x200.webp\" alt=\"D\u00f3lar bate novo recorde e fecha cotado em R$ 5,2613\"\/><\/a><span class=\"spotlightCategory\"><a href=\"https:\/\/www.suno.com.br\/noticias\/mercado\/\">Mercado<\/a><\/span><\/div><div class=\"cardsPage__listCard__boxs__content\"><a href=\"https:\/\/www.suno.com.br\/noticias\/dolar-encerra-em-alta-de-cotado-em-r-x01042020\/\"><h2 class=\"content__title\">D\u00f3lar bate novo recorde e fecha cotado em R$ 5,2613<\/h2><\/a><div class=\"newsContent__article__meta\"><div class=\"newsContent__article__meta__authorBox\"><a href=\"https:\/\/www.suno.com.br\/noticias\/author\/laura-moutinho\/\" class=\"authorBox__avatar noMobi\"><img src=\"https:\/\/files.sunoresearch.com.br\/n\/uploads\/2020\/08\/531ff69d-whatsapp-image-2020-08-03-at-14.54.38-150x150.webp\" alt=\"Laura Moutinho\"><\/a><div class=\"authorBox__name\"><span>por\n\t\t\t<a href=\"https:\/\/www.suno.com.br\/noticias\/author\/laura-moutinho\/\"><span itemprop=\"author\">Laura Moutinho<\/span><\/a><\/span><time datetime=\"2020-04-01T17:51:51-03:00\" itemprop=\"datePublished\">01\/04\/2020 17:51<\/time><\/div><\/div><\/div><\/div><\/div>","single_layout":"posts","amp_enabled":true,"_links":{"self":[{"href":"https:\/\/www.suno.com.br\/noticias\/wp-json\/wp\/v2\/posts\/59956"}],"collection":[{"href":"https:\/\/www.suno.com.br\/noticias\/wp-json\/wp\/v2\/posts"}],"about":[{"href":"https:\/\/www.suno.com.br\/noticias\/wp-json\/wp\/v2\/types\/post"}],"author":[{"embeddable":true,"href":"https:\/\/www.suno.com.br\/noticias\/wp-json\/wp\/v2\/users\/39"}],"replies":[{"embeddable":true,"href":"https:\/\/www.suno.com.br\/noticias\/wp-json\/wp\/v2\/comments?post=59956"}],"version-history":[{"count":0,"href":"https:\/\/www.suno.com.br\/noticias\/wp-json\/wp\/v2\/posts\/59956\/revisions"}],"wp:featuredmedia":[{"embeddable":true,"href":"https:\/\/www.suno.com.br\/noticias\/wp-json\/wp\/v2\/media\/59636"}],"wp:attachment":[{"href":"https:\/\/www.suno.com.br\/noticias\/wp-json\/wp\/v2\/media?parent=59956"}],"wp:term":[{"taxonomy":"category","embeddable":true,"href":"https:\/\/www.suno.com.br\/noticias\/wp-json\/wp\/v2\/categories?post=59956"},{"taxonomy":"post_tag","embeddable":true,"href":"https:\/\/www.suno.com.br\/noticias\/wp-json\/wp\/v2\/tags?post=59956"},{"taxonomy":"suno_strategy","embeddable":true,"href":"https:\/\/www.suno.com.br\/noticias\/wp-json\/wp\/v2\/suno_strategy?post=59956"}],"curies":[{"name":"wp","href":"https:\/\/api.w.org\/{rel}","templated":true}]}}