{"id":59955,"date":"2020-04-01T17:32:02","date_gmt":"2020-04-01T20:32:02","guid":{"rendered":"https:\/\/www.suno.com.br\/noticias\/?p=59955"},"modified":"2020-04-01T17:45:28","modified_gmt":"2020-04-01T20:45:28","slug":"ibovespa-acoes-da-cvc-cvcb3-e-br-distribuidora-brdt3-desabam","status":"publish","type":"post","link":"https:\/\/www.suno.com.br\/noticias\/ibovespa-acoes-da-cvc-cvcb3-e-br-distribuidora-brdt3-desabam\/","title":{"rendered":"Ibovespa: a\u00e7\u00f5es da CVC (CVCB3) e BR Distribuidora (BRDT3) desabam"},"content":{"rendered":"<p>As a\u00e7\u00f5es da <a href=\"https:\/\/www.suno.com.br\/acoes\/cvcb3\/\"><strong>CVC (CVCB3)<\/strong><\/a> e da <a href=\"https:\/\/www.suno.com.br\/acoes\/brdt3\/\"><strong>BR Distribuidora (BRDT3)<\/strong><\/a> registraram fortes quedas nesta quarta-feira (1) <a href=\"https:\/\/www.suno.com.br\/artigos\/ibovespa\/\">no <strong>Ibovespa<\/strong><\/a>, o principal \u00edndice acion\u00e1rio da <a href=\"https:\/\/www.suno.com.br\/artigos\/b3\/\">bolsa de valores de S\u00e3o Paulo (B3)<\/a>.<\/p>\t<div class=\"wrapper-featured-image\">\n\t\t<figure class=\"spotlightImg\">\n\n\t\t\t<picture>\n\t\t\t\t<source media=\"(max-width: 768px)\" srcset=\"https:\/\/files.sunoresearch.com.br\/n\/uploads\/2019\/11\/89851e25-cvc-400x200.webp\">\n\t\t\t\t<img loading=\"lazy\" decoding=\"async\" class=\"newsContent__article__imgCapa lazyloadDisabled newsContent__article__imgCapa--noCaption\" src=\"https:\/\/files.sunoresearch.com.br\/n\/uploads\/2019\/11\/89851e25-cvc-800x450.webp\" width=\"800\" height=\"450\" alt=\"Ibovespa: a\u00e7\u00f5es da CVC (CVCB3) e BR Distribuidora (BRDT3) desabam\" fetchpriority=high \/>\n\t\t\t<\/picture>\n\n\t\t\t<figcaption class=\"wp-caption-text wp-caption-text--hide\">CVC (CVCB3) <\/figcaption>\n\t\t<\/figure>\n\t<\/div>\n\n\n\n<p>Os pap\u00e9is da <strong>companhia de viagens<\/strong> ca\u00edram 15,32%, cotados a R$ 9,40, enquanto que as a\u00e7\u00f5es da <strong>distribuidora<\/strong> tiveram queda de 9,61%, a R$ 14,02.<\/p>\n<p>As quedas acompanham a desvaloriza\u00e7\u00e3o do <strong>Ibovespa<\/strong> nesta quarta, em meio a crise do <a href=\"https:\/\/www.suno.com.br\/noticias\/coronavirus\/\"><strong>coronav\u00edrus (covid-19)<\/strong><\/a>. O \u00edndice caiu 2,81%, aos 70.966 pontos.<\/p>\n<p>&#8220;O preg\u00e3o de abril em queda em todo mundo refletindo as preocupa\u00e7\u00f5es dos investidores sobre o impacto da recess\u00e3o econ\u00f4mica nos resultados das empresas, inclusive na distribui\u00e7\u00e3o de dividendos&#8221;, disse Rafael Ribeiro, analista da Clear Corretora.<\/p>\n<p><a href=\"https:\/\/www.suno.com.br\/nossas-assinaturas\/suno-premium\/\">Saiba mais: Oportunidades \u00fanicas surgiram com a queda na bolsa! Aproveite e acesse agora nossos relat\u00f3rios para assinantes.<\/a><\/p>\n<p>&#8220;Al\u00e9m disso, pela manh\u00e3, Trump alertou para duas semanas \u201cdolorosas\u201d \u00e0 frente e estimativas de que as mortes nos EUA podem chegar a 240 mil mesmo com os esfor\u00e7os adotados pelas autoridades&#8221;, afirmou Ribeiro.<\/p>\n<h2>CVC e BR Distribuidora com problemas no Ibovespa<\/h2>\n<p>Al\u00e9m de acompanhar o mau humor do <strong>mercado acion\u00e1rio<\/strong> como um todo, as a\u00e7\u00f5es da CVC e da BR Distribuidora tamb\u00e9m acumularam quedas pela avalia\u00e7\u00e3o negativa do mercado em rela\u00e7\u00e3o a <strong>not\u00edcias corporativas<\/strong>.<\/p>\n<p>Em meio a crise, a <strong>CVC<\/strong> (<a href=\"https:\/\/www.suno.com.br\/acoes\/cvcb3\/\">CVCB3<\/a>) <a href=\"https:\/\/www.suno.com.br\/noticias\/cvc-cvcb3-cancela-assembleia-geral-ordinaria-de-30-de-abril\/\">informou na \u00faltima ter\u00e7a-feira (31)<\/a> o cancelamento da Assembleia Geral Ordin\u00e1ria (AGO) que seria realizada no dia 30 de abril de 2020, prejudicando a imagem da empresa perante o mercado e ajudando na queda dos pap\u00e9is no <strong>Ibovespa<\/strong>.<\/p>\n\t<p>\n\t\t<a href=\"https:\/\/lp.suno.com.br\/4-emissao-snel11\/\" target=\"_blank\" data-element=\"shortcode-suno-banner\" title=\"Banner SUNO, clique e saiba mais\">\n\t\t\t<picture>\n\t\t\t\t<source media=\"(max-width: 500px)\" srcset=\"https:\/\/files.sunoresearch.com.br\/n\/uploads\/2025\/07\/400x300-Mobile-Artigos-7.webp\">\n\t\t\t\t<img class=\"newsContent__article__imgCapa newsContent__article__imgCapa--banner\"\n\t\t\t\t\tsrc=\"https:\/\/files.sunoresearch.com.br\/n\/uploads\/2025\/07\/1420x240-Banner-Artigos-1-_-Banner-Materias-5.webp\"\n\t\t\t\t\tdata-promo-id=\"364417\"\t\t\t\t\t\t\t\t\t\twidth='1420' height='240'\t\t\t\t\talt=\"https:\/\/files.sunoresearch.com.br\/n\/uploads\/2025\/07\/1420x240-Banner-Artigos-1-_-Banner-Materias-5.webp\"\n\t\t\t\t>\n\t\t\t<\/picture>\n\t\t<\/a>\n\t<\/p>\n\n\n<p>&#8220;A CVC entende que o cancelamento da AGO \u00e9 necess\u00e1rio diante dos impactos da pandemia do coronav\u00edrus nas atividades da companhia e de seus acionistas&#8221;, disse a empresa, em comunicado.<\/p>\n<p>&#8220;Adicionalmente, a companhia reafirma que est\u00e1 empenhada em concluir o processo de elabora\u00e7\u00e3o das demonstra\u00e7\u00f5es financeiras e submet\u00ea-las \u00e0 aprecia\u00e7\u00e3o dos acionistas na AGO, a ser realizada dentro do novo prazo regulamentar&#8221;, informou o fato relevante.<\/p>\n<p>J\u00e1 a BR Distribuidora informou que ir\u00e1 propor o adiamento de pagamento de<a href=\"https:\/\/www.suno.com.br\/artigos\/entenda-o-jcp\/\"> juros sobre capital pr\u00f3prio (JCP)<\/a> e dividendos aos seus acionistas. De acordo com o comunicado da empresa, a <a href=\"https:\/\/www.suno.com.br\/noticias\/br-distribuidora-proposta-adiar-pagamento-dividendos\/\">proposta visa preservar o caixa da companhia em meio a crise<\/a>.<\/p>\n<p>O prazo previsto para o pagamento dos recursos aos acionistas, que compram a a\u00e7\u00e3o no <strong>Ibovespa<\/strong>, era anterior ao dia 30 de junho. Com a mudan\u00e7a proposta, a ideia \u00e9 que sejam pagos os valores at\u00e9 o dia 30 de dezembro. O valor total em JCP a ser pago \u00e9 de R$ 540,3 milh\u00f5es e o de <strong><a href=\"https:\/\/www.suno.com.br\/dividendos\/\">dividendos<\/a> <\/strong>\u00e9 de R$ 49,8 milh\u00f5es.<\/p>\n\n","protected":false},"excerpt":{"rendered":"<p>As a\u00e7\u00f5es da CVC (CVCB3) e da BR Distribuidora (BRDT3) registraram fortes quedas nesta quarta-feira (1) no Ibovespa, o principal \u00edndice acion\u00e1rio da bolsa de valores de S\u00e3o Paulo (B3). CVC (CVCB3) Os pap\u00e9is da companhia de viagens ca\u00edram 15,32%, cotados a R$ 9,40, enquanto que as a\u00e7\u00f5es da distribuidora tiveram queda de 9,61%, a [&hellip;]<\/p>\n","protected":false},"author":27,"featured_media":45618,"comment_status":"closed","ping_status":"closed","sticky":false,"template":"","format":"standard","meta":[],"categories":[60],"tags":[1937,442,721,596],"suno_strategy":[],"class_list":["post-59955","post","type-post","status-publish","format-standard","has-post-thumbnail","hentry","category-mercado","tag-bolsa-de-valores-de-sao-paulo-b3","tag-cvc-cvcb3","tag-ibovespa","tag-vibra-energia-vbbr3"],"yoast_head":"<!-- This site is optimized with the Yoast SEO plugin v24.4 - https:\/\/yoast.com\/wordpress\/plugins\/seo\/ -->\n<title>Ibovespa: a\u00e7\u00f5es da CVC (CVCB3) e BR Distribuidora (BRDT3) desabam<\/title>\n<meta name=\"description\" content=\"As a\u00e7\u00f5es da CVC e da BR distrubuidora foram os destaques negativos desta quarta-feira no Ibovespa. Clique para ler mais sobre os motivos.\" \/>\n<meta name=\"robots\" content=\"index, follow, max-snippet:-1, max-image-preview:large, max-video-preview:-1\" \/>\n<link rel=\"canonical\" href=\"https:\/\/www.suno.com.br\/noticias\/ibovespa-acoes-da-cvc-cvcb3-e-br-distribuidora-brdt3-desabam\/\" \/>\n<meta property=\"og:locale\" content=\"pt_BR\" \/>\n<meta property=\"og:type\" content=\"article\" \/>\n<meta property=\"og:title\" content=\"Ibovespa: a\u00e7\u00f5es da CVC (CVCB3) e BR Distribuidora (BRDT3) desabam\" \/>\n<meta property=\"og:description\" content=\"As a\u00e7\u00f5es da CVC e da BR distrubuidora foram os destaques negativos desta quarta-feira no Ibovespa. Clique para ler mais sobre os motivos.\" \/>\n<meta property=\"og:url\" content=\"https:\/\/www.suno.com.br\/noticias\/ibovespa-acoes-da-cvc-cvcb3-e-br-distribuidora-brdt3-desabam\/\" \/>\n<meta property=\"og:site_name\" content=\"Suno Not\u00edcias\" \/>\n<meta property=\"article:publisher\" content=\"https:\/\/facebook.com\/sunoresearch\" \/>\n<meta property=\"og:image\" content=\"https:\/\/files.sunoresearch.com.br\/n\/uploads\/2019\/11\/89851e25-cvc.jpg\" \/>\n\t<meta property=\"og:image:width\" content=\"1380\" \/>\n\t<meta property=\"og:image:height\" content=\"920\" \/>\n\t<meta property=\"og:image:type\" content=\"image\/jpeg\" \/>\n<meta name=\"author\" content=\"Vinicius Pereira\" \/>\n<meta name=\"twitter:card\" content=\"summary_large_image\" \/>\n<meta name=\"twitter:creator\" content=\"@https:\/\/twitter.com\/viniciuspjornal\" \/>\n<meta name=\"twitter:site\" content=\"@sunoresearch\" \/>\n<meta name=\"twitter:label1\" content=\"Escrito por\" \/>\n\t<meta name=\"twitter:data1\" content=\"Vinicius Pereira\" \/>\n\t<meta name=\"twitter:label2\" content=\"Est. tempo de leitura\" \/>\n\t<meta name=\"twitter:data2\" content=\"2 minutos\" \/>\n<script type=\"application\/ld+json\" class=\"yoast-schema-graph\">{\"@context\":\"https:\/\/schema.org\",\"@graph\":[{\"@type\":\"NewsArticle\",\"@id\":\"https:\/\/www.suno.com.br\/noticias\/ibovespa-acoes-da-cvc-cvcb3-e-br-distribuidora-brdt3-desabam\/#article\",\"isPartOf\":{\"@id\":\"https:\/\/www.suno.com.br\/noticias\/ibovespa-acoes-da-cvc-cvcb3-e-br-distribuidora-brdt3-desabam\/\"},\"author\":{\"name\":\"Vinicius Pereira\",\"@id\":\"https:\/\/www.suno.com.br\/noticias\/#\/schema\/person\/a20761b96e4df7eb57f1f9e41be1dbf3\"},\"headline\":\"Ibovespa: a\u00e7\u00f5es da CVC (CVCB3) e BR Distribuidora (BRDT3) desabam\",\"datePublished\":\"2020-04-01T20:32:02+00:00\",\"dateModified\":\"2020-04-01T20:45:28+00:00\",\"mainEntityOfPage\":{\"@id\":\"https:\/\/www.suno.com.br\/noticias\/ibovespa-acoes-da-cvc-cvcb3-e-br-distribuidora-brdt3-desabam\/\"},\"wordCount\":461,\"publisher\":{\"@id\":\"https:\/\/www.suno.com.br\/noticias\/#organization\"},\"image\":{\"@id\":\"https:\/\/www.suno.com.br\/noticias\/ibovespa-acoes-da-cvc-cvcb3-e-br-distribuidora-brdt3-desabam\/#primaryimage\"},\"thumbnailUrl\":\"https:\/\/files.sunoresearch.com.br\/n\/uploads\/2019\/11\/89851e25-cvc-jpg.webp\",\"keywords\":[\"Bolsa de Valores de S\u00e3o Paulo (B3)\",\"CVC (CVCB3)\",\"Ibovespa\",\"Vibra Energia (VBBR3)\"],\"articleSection\":[\"Mercado\"],\"inLanguage\":\"pt-BR\"},{\"@type\":\"WebPage\",\"@id\":\"https:\/\/www.suno.com.br\/noticias\/ibovespa-acoes-da-cvc-cvcb3-e-br-distribuidora-brdt3-desabam\/\",\"url\":\"https:\/\/www.suno.com.br\/noticias\/ibovespa-acoes-da-cvc-cvcb3-e-br-distribuidora-brdt3-desabam\/\",\"name\":\"Ibovespa: a\u00e7\u00f5es da CVC (CVCB3) e BR Distribuidora (BRDT3) desabam\",\"isPartOf\":{\"@id\":\"https:\/\/www.suno.com.br\/noticias\/#website\"},\"primaryImageOfPage\":{\"@id\":\"https:\/\/www.suno.com.br\/noticias\/ibovespa-acoes-da-cvc-cvcb3-e-br-distribuidora-brdt3-desabam\/#primaryimage\"},\"image\":{\"@id\":\"https:\/\/www.suno.com.br\/noticias\/ibovespa-acoes-da-cvc-cvcb3-e-br-distribuidora-brdt3-desabam\/#primaryimage\"},\"thumbnailUrl\":\"https:\/\/files.sunoresearch.com.br\/n\/uploads\/2019\/11\/89851e25-cvc-jpg.webp\",\"datePublished\":\"2020-04-01T20:32:02+00:00\",\"dateModified\":\"2020-04-01T20:45:28+00:00\",\"description\":\"As a\u00e7\u00f5es da CVC e da BR distrubuidora foram os destaques negativos desta quarta-feira no Ibovespa. Clique para ler mais sobre os motivos.\",\"breadcrumb\":{\"@id\":\"https:\/\/www.suno.com.br\/noticias\/ibovespa-acoes-da-cvc-cvcb3-e-br-distribuidora-brdt3-desabam\/#breadcrumb\"},\"inLanguage\":\"pt-BR\",\"potentialAction\":[{\"@type\":\"ReadAction\",\"target\":[\"https:\/\/www.suno.com.br\/noticias\/ibovespa-acoes-da-cvc-cvcb3-e-br-distribuidora-brdt3-desabam\/\"]}]},{\"@type\":\"ImageObject\",\"inLanguage\":\"pt-BR\",\"@id\":\"https:\/\/www.suno.com.br\/noticias\/ibovespa-acoes-da-cvc-cvcb3-e-br-distribuidora-brdt3-desabam\/#primaryimage\",\"url\":\"https:\/\/files.sunoresearch.com.br\/n\/uploads\/2019\/11\/89851e25-cvc-jpg.webp\",\"contentUrl\":\"https:\/\/files.sunoresearch.com.br\/n\/uploads\/2019\/11\/89851e25-cvc-jpg.webp\",\"width\":1380,\"height\":920,\"caption\":\"CVC (CVCB3)\"},{\"@type\":\"BreadcrumbList\",\"@id\":\"https:\/\/www.suno.com.br\/noticias\/ibovespa-acoes-da-cvc-cvcb3-e-br-distribuidora-brdt3-desabam\/#breadcrumb\",\"itemListElement\":[{\"@type\":\"ListItem\",\"position\":1,\"name\":\"Not\u00edcias\",\"item\":\"https:\/\/www.suno.com.br\/noticias\/\"},{\"@type\":\"ListItem\",\"position\":2,\"name\":\"Mercado\",\"item\":\"https:\/\/www.suno.com.br\/noticias\/mercado\/\"},{\"@type\":\"ListItem\",\"position\":3,\"name\":\"Ibovespa: a\u00e7\u00f5es da CVC (CVCB3) e BR Distribuidora (BRDT3) desabam\"}]},{\"@type\":\"WebSite\",\"@id\":\"https:\/\/www.suno.com.br\/noticias\/#website\",\"url\":\"https:\/\/www.suno.com.br\/noticias\/\",\"name\":\"Suno Not\u00edcias\",\"description\":\"Seu portal de informa\u00e7\u00e3o sobre o mundo dos investimentos\",\"publisher\":{\"@id\":\"https:\/\/www.suno.com.br\/noticias\/#organization\"},\"potentialAction\":[{\"@type\":\"SearchAction\",\"target\":{\"@type\":\"EntryPoint\",\"urlTemplate\":\"https:\/\/www.suno.com.br\/noticias\/?s={search_term_string}\"},\"query-input\":{\"@type\":\"PropertyValueSpecification\",\"valueRequired\":true,\"valueName\":\"search_term_string\"}}],\"inLanguage\":\"pt-BR\"},{\"@type\":\"Organization\",\"@id\":\"https:\/\/www.suno.com.br\/noticias\/#organization\",\"name\":\"Suno Not\u00edcias\",\"url\":\"https:\/\/www.suno.com.br\/noticias\/\",\"logo\":{\"@type\":\"ImageObject\",\"inLanguage\":\"pt-BR\",\"@id\":\"https:\/\/www.suno.com.br\/noticias\/#\/schema\/logo\/image\/\",\"url\":\"https:\/\/files.sunoresearch.com.br\/n\/uploads\/2021\/09\/suno-logo.png\",\"contentUrl\":\"https:\/\/files.sunoresearch.com.br\/n\/uploads\/2021\/09\/suno-logo.png\",\"width\":180,\"height\":180,\"caption\":\"Suno Not\u00edcias\"},\"image\":{\"@id\":\"https:\/\/www.suno.com.br\/noticias\/#\/schema\/logo\/image\/\"},\"sameAs\":[\"https:\/\/facebook.com\/sunoresearch\",\"https:\/\/x.com\/sunoresearch\",\"https:\/\/www.instagram.com\/suno\",\"https:\/\/www.linkedin.com\/company\/suno-research\/\",\"https:\/\/www.youtube.com\/c\/sunoresearch\"]},{\"@type\":\"Person\",\"@id\":\"https:\/\/www.suno.com.br\/noticias\/#\/schema\/person\/a20761b96e4df7eb57f1f9e41be1dbf3\",\"name\":\"Vinicius Pereira\",\"image\":{\"@type\":\"ImageObject\",\"inLanguage\":\"pt-BR\",\"@id\":\"https:\/\/www.suno.com.br\/noticias\/#\/schema\/person\/image\/\",\"url\":\"https:\/\/secure.gravatar.com\/avatar\/783866b933198f5cc4c5d03fcc8b1301?s=96&r=g\",\"contentUrl\":\"https:\/\/secure.gravatar.com\/avatar\/783866b933198f5cc4c5d03fcc8b1301?s=96&r=g\",\"caption\":\"Vinicius Pereira\"},\"description\":\"Vinicius Pereira foi rep\u00f3rter de economia da Folha de S.Paulo, stringer do jornal no Canad\u00e1 e colaborador de VEJA. J\u00e1 escreveu tamb\u00e9m para BBC Brasil, The Intercept Brasil e UOL. Tem MBA em Informa\u00e7\u00f5es Econ\u00f4mico-Financeiras e Mercado de Capitais pela FIA\/B3.\",\"sameAs\":[\"https:\/\/x.com\/https:\/\/twitter.com\/viniciuspjornal\"],\"url\":\"https:\/\/www.suno.com.br\/noticias\/author\/vinicius-pereira\/\"}]}<\/script>\n<!-- \/ Yoast SEO plugin. -->","yoast_head_json":{"title":"Ibovespa: a\u00e7\u00f5es da CVC (CVCB3) e BR Distribuidora (BRDT3) desabam","description":"As a\u00e7\u00f5es da CVC e da BR distrubuidora foram os destaques negativos desta quarta-feira no Ibovespa. Clique para ler mais sobre os motivos.","robots":{"index":"index","follow":"follow","max-snippet":"max-snippet:-1","max-image-preview":"max-image-preview:large","max-video-preview":"max-video-preview:-1"},"canonical":"https:\/\/www.suno.com.br\/noticias\/ibovespa-acoes-da-cvc-cvcb3-e-br-distribuidora-brdt3-desabam\/","og_locale":"pt_BR","og_type":"article","og_title":"Ibovespa: a\u00e7\u00f5es da CVC (CVCB3) e BR Distribuidora (BRDT3) desabam","og_description":"As a\u00e7\u00f5es da CVC e da BR distrubuidora foram os destaques negativos desta quarta-feira no Ibovespa. Clique para ler mais sobre os motivos.","og_url":"https:\/\/www.suno.com.br\/noticias\/ibovespa-acoes-da-cvc-cvcb3-e-br-distribuidora-brdt3-desabam\/","og_site_name":"Suno Not\u00edcias","article_publisher":"https:\/\/facebook.com\/sunoresearch","og_image":[{"width":1380,"height":920,"url":"https:\/\/files.sunoresearch.com.br\/n\/uploads\/2019\/11\/89851e25-cvc.jpg","type":"image\/jpeg"}],"author":"Vinicius Pereira","twitter_card":"summary_large_image","twitter_creator":"@https:\/\/twitter.com\/viniciuspjornal","twitter_site":"@sunoresearch","twitter_misc":{"Escrito por":"Vinicius Pereira","Est. tempo de leitura":"2 minutos"},"schema":{"@context":"https:\/\/schema.org","@graph":[{"@type":"NewsArticle","@id":"https:\/\/www.suno.com.br\/noticias\/ibovespa-acoes-da-cvc-cvcb3-e-br-distribuidora-brdt3-desabam\/#article","isPartOf":{"@id":"https:\/\/www.suno.com.br\/noticias\/ibovespa-acoes-da-cvc-cvcb3-e-br-distribuidora-brdt3-desabam\/"},"author":{"name":"Vinicius Pereira","@id":"https:\/\/www.suno.com.br\/noticias\/#\/schema\/person\/a20761b96e4df7eb57f1f9e41be1dbf3"},"headline":"Ibovespa: a\u00e7\u00f5es da CVC (CVCB3) e BR Distribuidora (BRDT3) desabam","datePublished":"2020-04-01T20:32:02+00:00","dateModified":"2020-04-01T20:45:28+00:00","mainEntityOfPage":{"@id":"https:\/\/www.suno.com.br\/noticias\/ibovespa-acoes-da-cvc-cvcb3-e-br-distribuidora-brdt3-desabam\/"},"wordCount":461,"publisher":{"@id":"https:\/\/www.suno.com.br\/noticias\/#organization"},"image":{"@id":"https:\/\/www.suno.com.br\/noticias\/ibovespa-acoes-da-cvc-cvcb3-e-br-distribuidora-brdt3-desabam\/#primaryimage"},"thumbnailUrl":"https:\/\/files.sunoresearch.com.br\/n\/uploads\/2019\/11\/89851e25-cvc-jpg.webp","keywords":["Bolsa de Valores de S\u00e3o Paulo (B3)","CVC (CVCB3)","Ibovespa","Vibra Energia (VBBR3)"],"articleSection":["Mercado"],"inLanguage":"pt-BR"},{"@type":"WebPage","@id":"https:\/\/www.suno.com.br\/noticias\/ibovespa-acoes-da-cvc-cvcb3-e-br-distribuidora-brdt3-desabam\/","url":"https:\/\/www.suno.com.br\/noticias\/ibovespa-acoes-da-cvc-cvcb3-e-br-distribuidora-brdt3-desabam\/","name":"Ibovespa: a\u00e7\u00f5es da CVC (CVCB3) e BR Distribuidora (BRDT3) desabam","isPartOf":{"@id":"https:\/\/www.suno.com.br\/noticias\/#website"},"primaryImageOfPage":{"@id":"https:\/\/www.suno.com.br\/noticias\/ibovespa-acoes-da-cvc-cvcb3-e-br-distribuidora-brdt3-desabam\/#primaryimage"},"image":{"@id":"https:\/\/www.suno.com.br\/noticias\/ibovespa-acoes-da-cvc-cvcb3-e-br-distribuidora-brdt3-desabam\/#primaryimage"},"thumbnailUrl":"https:\/\/files.sunoresearch.com.br\/n\/uploads\/2019\/11\/89851e25-cvc-jpg.webp","datePublished":"2020-04-01T20:32:02+00:00","dateModified":"2020-04-01T20:45:28+00:00","description":"As a\u00e7\u00f5es da CVC e da BR distrubuidora foram os destaques negativos desta quarta-feira no Ibovespa. Clique para ler mais sobre os motivos.","breadcrumb":{"@id":"https:\/\/www.suno.com.br\/noticias\/ibovespa-acoes-da-cvc-cvcb3-e-br-distribuidora-brdt3-desabam\/#breadcrumb"},"inLanguage":"pt-BR","potentialAction":[{"@type":"ReadAction","target":["https:\/\/www.suno.com.br\/noticias\/ibovespa-acoes-da-cvc-cvcb3-e-br-distribuidora-brdt3-desabam\/"]}]},{"@type":"ImageObject","inLanguage":"pt-BR","@id":"https:\/\/www.suno.com.br\/noticias\/ibovespa-acoes-da-cvc-cvcb3-e-br-distribuidora-brdt3-desabam\/#primaryimage","url":"https:\/\/files.sunoresearch.com.br\/n\/uploads\/2019\/11\/89851e25-cvc-jpg.webp","contentUrl":"https:\/\/files.sunoresearch.com.br\/n\/uploads\/2019\/11\/89851e25-cvc-jpg.webp","width":1380,"height":920,"caption":"CVC (CVCB3)"},{"@type":"BreadcrumbList","@id":"https:\/\/www.suno.com.br\/noticias\/ibovespa-acoes-da-cvc-cvcb3-e-br-distribuidora-brdt3-desabam\/#breadcrumb","itemListElement":[{"@type":"ListItem","position":1,"name":"Not\u00edcias","item":"https:\/\/www.suno.com.br\/noticias\/"},{"@type":"ListItem","position":2,"name":"Mercado","item":"https:\/\/www.suno.com.br\/noticias\/mercado\/"},{"@type":"ListItem","position":3,"name":"Ibovespa: a\u00e7\u00f5es da CVC (CVCB3) e BR Distribuidora (BRDT3) desabam"}]},{"@type":"WebSite","@id":"https:\/\/www.suno.com.br\/noticias\/#website","url":"https:\/\/www.suno.com.br\/noticias\/","name":"Suno Not\u00edcias","description":"Seu portal de informa\u00e7\u00e3o sobre o mundo dos investimentos","publisher":{"@id":"https:\/\/www.suno.com.br\/noticias\/#organization"},"potentialAction":[{"@type":"SearchAction","target":{"@type":"EntryPoint","urlTemplate":"https:\/\/www.suno.com.br\/noticias\/?s={search_term_string}"},"query-input":{"@type":"PropertyValueSpecification","valueRequired":true,"valueName":"search_term_string"}}],"inLanguage":"pt-BR"},{"@type":"Organization","@id":"https:\/\/www.suno.com.br\/noticias\/#organization","name":"Suno Not\u00edcias","url":"https:\/\/www.suno.com.br\/noticias\/","logo":{"@type":"ImageObject","inLanguage":"pt-BR","@id":"https:\/\/www.suno.com.br\/noticias\/#\/schema\/logo\/image\/","url":"https:\/\/files.sunoresearch.com.br\/n\/uploads\/2021\/09\/suno-logo.png","contentUrl":"https:\/\/files.sunoresearch.com.br\/n\/uploads\/2021\/09\/suno-logo.png","width":180,"height":180,"caption":"Suno Not\u00edcias"},"image":{"@id":"https:\/\/www.suno.com.br\/noticias\/#\/schema\/logo\/image\/"},"sameAs":["https:\/\/facebook.com\/sunoresearch","https:\/\/x.com\/sunoresearch","https:\/\/www.instagram.com\/suno","https:\/\/www.linkedin.com\/company\/suno-research\/","https:\/\/www.youtube.com\/c\/sunoresearch"]},{"@type":"Person","@id":"https:\/\/www.suno.com.br\/noticias\/#\/schema\/person\/a20761b96e4df7eb57f1f9e41be1dbf3","name":"Vinicius Pereira","image":{"@type":"ImageObject","inLanguage":"pt-BR","@id":"https:\/\/www.suno.com.br\/noticias\/#\/schema\/person\/image\/","url":"https:\/\/secure.gravatar.com\/avatar\/783866b933198f5cc4c5d03fcc8b1301?s=96&r=g","contentUrl":"https:\/\/secure.gravatar.com\/avatar\/783866b933198f5cc4c5d03fcc8b1301?s=96&r=g","caption":"Vinicius Pereira"},"description":"Vinicius Pereira foi rep\u00f3rter de economia da Folha de S.Paulo, stringer do jornal no Canad\u00e1 e colaborador de VEJA. J\u00e1 escreveu tamb\u00e9m para BBC Brasil, The Intercept Brasil e UOL. Tem MBA em Informa\u00e7\u00f5es Econ\u00f4mico-Financeiras e Mercado de Capitais pela FIA\/B3.","sameAs":["https:\/\/x.com\/https:\/\/twitter.com\/viniciuspjornal"],"url":"https:\/\/www.suno.com.br\/noticias\/author\/vinicius-pereira\/"}]}},"default_loop_html":"<div class=\"cardsPage__listCard__boxs\"><div class=\"cardsPage__listCard__boxs__img\"><a href=\"https:\/\/www.suno.com.br\/noticias\/ibovespa-acoes-da-cvc-cvcb3-e-br-distribuidora-brdt3-desabam\/\"><img class=\"mask\" src=\"https:\/\/www.suno.com.br\/noticias\/wp-content\/themes\/suno\/resources\/images\/spotlight\/spotlight1img\/bg-mask.png\" alt=\"Image Mask\"\/><img src=\"https:\/\/files.sunoresearch.com.br\/n\/uploads\/2019\/11\/89851e25-cvc-400x200.webp\" alt=\"Ibovespa: a\u00e7\u00f5es da CVC (CVCB3) e BR Distribuidora (BRDT3) desabam\"\/><\/a><span class=\"spotlightCategory\"><a href=\"https:\/\/www.suno.com.br\/noticias\/mercado\/\">Mercado<\/a><\/span><\/div><div class=\"cardsPage__listCard__boxs__content\"><a href=\"https:\/\/www.suno.com.br\/noticias\/ibovespa-acoes-da-cvc-cvcb3-e-br-distribuidora-brdt3-desabam\/\"><h2 class=\"content__title\">Ibovespa: a\u00e7\u00f5es da CVC (CVCB3) e BR Distribuidora (BRDT3) desabam<\/h2><\/a><div class=\"newsContent__article__meta\"><div class=\"newsContent__article__meta__authorBox\"><a href=\"https:\/\/www.suno.com.br\/noticias\/author\/vinicius-pereira\/\" class=\"authorBox__avatar noMobi\"><img src=\"https:\/\/files.sunoresearch.com.br\/n\/uploads\/2020\/08\/77510613-whatsapp-image-2020-08-03-at-13.40.40-150x150.webp\" alt=\"Vinicius Pereira\"><\/a><div class=\"authorBox__name\"><span>por\n\t\t\t<a href=\"https:\/\/www.suno.com.br\/noticias\/author\/vinicius-pereira\/\"><span itemprop=\"author\">Vinicius Pereira<\/span><\/a><\/span><time datetime=\"2020-04-01T17:32:02-03:00\" itemprop=\"datePublished\">01\/04\/2020 17:32<\/time><\/div><\/div><\/div><\/div><\/div>","single_layout":"posts","amp_enabled":true,"_links":{"self":[{"href":"https:\/\/www.suno.com.br\/noticias\/wp-json\/wp\/v2\/posts\/59955"}],"collection":[{"href":"https:\/\/www.suno.com.br\/noticias\/wp-json\/wp\/v2\/posts"}],"about":[{"href":"https:\/\/www.suno.com.br\/noticias\/wp-json\/wp\/v2\/types\/post"}],"author":[{"embeddable":true,"href":"https:\/\/www.suno.com.br\/noticias\/wp-json\/wp\/v2\/users\/27"}],"replies":[{"embeddable":true,"href":"https:\/\/www.suno.com.br\/noticias\/wp-json\/wp\/v2\/comments?post=59955"}],"version-history":[{"count":0,"href":"https:\/\/www.suno.com.br\/noticias\/wp-json\/wp\/v2\/posts\/59955\/revisions"}],"wp:featuredmedia":[{"embeddable":true,"href":"https:\/\/www.suno.com.br\/noticias\/wp-json\/wp\/v2\/media\/45618"}],"wp:attachment":[{"href":"https:\/\/www.suno.com.br\/noticias\/wp-json\/wp\/v2\/media?parent=59955"}],"wp:term":[{"taxonomy":"category","embeddable":true,"href":"https:\/\/www.suno.com.br\/noticias\/wp-json\/wp\/v2\/categories?post=59955"},{"taxonomy":"post_tag","embeddable":true,"href":"https:\/\/www.suno.com.br\/noticias\/wp-json\/wp\/v2\/tags?post=59955"},{"taxonomy":"suno_strategy","embeddable":true,"href":"https:\/\/www.suno.com.br\/noticias\/wp-json\/wp\/v2\/suno_strategy?post=59955"}],"curies":[{"name":"wp","href":"https:\/\/api.w.org\/{rel}","templated":true}]}}