{"id":599375,"date":"2025-03-27T18:40:33","date_gmt":"2025-03-27T21:40:33","guid":{"rendered":"https:\/\/www.suno.com.br\/noticias\/?p=599375"},"modified":"2025-03-27T19:15:45","modified_gmt":"2025-03-27T22:15:45","slug":"ibovespa-fechamento-270325","status":"publish","type":"post","link":"https:\/\/www.suno.com.br\/noticias\/ibovespa-fechamento-270325\/","title":{"rendered":"Ibovespa fecha em alta de 0,47% e retorna aos 133 mil pontos"},"content":{"rendered":"<p>O Ibovespa fechou o preg\u00e3o desta quinta-feira (27) com alta de 0,47%, atingindo 133.148 pontos. \u00c9 a primeira vez este ano que a <a class=\"suno-keyword\" style=\"background: greenyellow\" target=\"_blank\" data-force=\"no\" data-priority=\"3\" href=\"https:\/\/www.suno.com.br\/guias\/bolsa-de-valores\/\" rel=\"noopener\">Bolsa de Valores<\/a> retorna \u00e0 marca dos q33 mil pontos.<\/p>\t<div class=\"wrapper-featured-image\">\n\t\t<figure class=\"spotlightImg\">\n\n\t\t\t<picture>\n\t\t\t\t<source media=\"(max-width: 768px)\" srcset=\"https:\/\/files.sunoresearch.com.br\/n\/uploads\/2024\/03\/cropped-iStock-656185158-400x200.jpg\">\n\t\t\t\t<img loading=\"lazy\" decoding=\"async\" class=\"newsContent__article__imgCapa lazyloadDisabled \" src=\"https:\/\/files.sunoresearch.com.br\/n\/uploads\/2024\/03\/cropped-iStock-656185158.jpg\" width=\"800\" height=\"450\" alt=\"Ibovespa fecha em alta de 0,47% e retorna aos 133 mil pontos\" fetchpriority=high \/>\n\t\t\t<\/picture>\n\n\t\t\t<figcaption class=\"wp-caption-text wp-caption-text--show\">Ibovespa. Foto: iStock<\/figcaption>\n\t\t<\/figure>\n\t<\/div>\n\n\n\n\n\n\n<p>Durante o dia, houve varia\u00e7\u00e3o de 132.478 a 133.904 pontos. O giro financeiro foi de R$ 20,8 bilh\u00f5es. Enquanto isso, as bolsas de Nova York fecharam em queda ap\u00f3s an\u00fancio de tarifas de Trump sobre carros, com destaque negativo para as a\u00e7\u00f5es da GM, que recuaram mais de 7%.<\/p>\n\n\n\n<p>Entre os fatores que impactaram no desempenho do dia, o principal destaque foi a divulga\u00e7\u00e3o pelo IBGE do \u00edndice do IPCA-15, que subiu 0,64% em mar\u00e7o, puxado especialmente por bebidas e alimenta\u00e7\u00e3o.<\/p>\n\n\n\n<p>Outro fator importante, desta vez no <a class=\"suno-keyword\" style=\"background: greenyellow\" target=\"_blank\" data-force=\"no\" data-priority=\"1\" href=\"https:\/\/www.suno.com.br\/artigos\/mercado-externo\/\" rel=\"noopener\">mercado externo<\/a>, foi o aumento do PIB (Produto Interno Bruto) dos Estados Unidos, que registrou eleva\u00e7\u00e3o de 2,4% no quarto trimestre de 2024. Os dados foram divulgados nesta quinta-feira pelo Bureau of Economic Analysis (BEA).<\/p>\n\n\n\n<p>At\u00e9 o \u00faltimo dia 25, a B3 informa que houve entrada de capital externo de R$ 4,7 bilh\u00f5es l\u00edquidos, chegando a R$ 13,4 bilh\u00f5es este ano.<\/p>\n\n\n\n<p>Na semana, o Ibovespa avan\u00e7a 0,61% e, no m\u00eas, acumula ganho de 8 43%. No ano, sobe 10,70%. No fechamento desta quinta, o Ibovespa marcava 133.148,75 pontos, em alta de 0,47%.<\/p>\n\n\n\n<h3 class=\"wp-block-heading\">Ibovespa: principais altas e baixas do dia<\/h3>\n\n\n\n\n\n<h2 class=\"wp-block-heading\">Nos EUA, mercados caem<\/h2>\n\n\n\n<p>Entre as <a class=\"suno-keyword\" style=\"background: greenyellow\" target=\"_blank\" data-force=\"no\" data-priority=\"1\" href=\"https:\/\/www.suno.com.br\/artigos\/acoes-de-primeira-linha\/\" rel=\"noopener\">a\u00e7\u00f5es de primeira linha<\/a>, os ganhos do dia foram puxados por Vale (<a class=\"suno-keyword\" style=\"background: greenyellow\" target=\"_blank\" data-force=\"yes\" data-priority=\"2\" href=\"https:\/\/www.suno.com.br\/analitica\/acoes\/vale3\/\" rel=\"noopener\">VALE3<\/a>, +0,80%) e Petrobras (<a class=\"suno-keyword\" style=\"background: greenyellow\" target=\"_blank\" data-force=\"yes\" data-priority=\"2\" href=\"https:\/\/www.suno.com.br\/analitica\/acoes\/petr3\/\" rel=\"noopener\">PETR3<\/a>, +1,02%; <a class=\"suno-keyword\" style=\"background: greenyellow\" target=\"_blank\" data-force=\"yes\" data-priority=\"2\" href=\"https:\/\/www.suno.com.br\/analitica\/acoes\/petr4\/\" rel=\"noopener\">PETR4<\/a>, +0,75%), enquanto os grandes bancos fecharam na maioria em baixa moderada \u00e0 exce\u00e7\u00e3o de Santander (<a class=\"suno-keyword\" style=\"background: greenyellow\" target=\"_blank\" data-force=\"yes\" data-priority=\"2\" href=\"https:\/\/www.suno.com.br\/analitica\/acoes\/sanb11\/\" rel=\"noopener\">SANB11<\/a>, +0,62%) e, ao fim, de Ita\u00fa (<a class=\"suno-keyword\" style=\"background: greenyellow\" target=\"_blank\" data-force=\"yes\" data-priority=\"2\" href=\"https:\/\/www.suno.com.br\/analitica\/acoes\/itub4\/\" rel=\"noopener\">ITUB4<\/a>, +0 12%).<\/p>\n\n\n\n<p>Para Cesar Mikail, gestor de renda vari\u00e1vel na Western Asset, desde que se iniciaram os \u201cmovimentos err\u00e1ticos\u201d do governo Trump com rela\u00e7\u00e3o \u00e0 pol\u00edtica tarif\u00e1ria, tem prevalecido nas bolsas de Nova York certa apreens\u00e3o com rela\u00e7\u00e3o ao risco de uma recess\u00e3o nos Estados Unidos \u2013 cautela que desencadeou uma rota\u00e7\u00e3o de ativos em dire\u00e7\u00e3o a mercados emergentes e da Europa, apreciando tamb\u00e9m as respectivas moedas. \u201cAinda \u00e9 pouco prov\u00e1vel que uma recess\u00e3o venha a ocorrer nos EUA, mas europeus e emergentes, inclusive o Brasil, e suas respectivas moedas, t\u00eam sido beneficiados nesse contexto\u201d, ressalta.<\/p>\n\n\n\n<p>Outro fator importante que tem sustentado fluxo estrangeiro para a B3 neste primeiro trimestre \u00e9 uma melhor percep\u00e7\u00e3o sobre a evolu\u00e7\u00e3o da economia chinesa, da qual o mercado brasileiro \u00e9 visto como \u2018proxy\u2019 pela exposi\u00e7\u00e3o a commodities. \u201cIsso favorece a \u2018compra de Brasil&#8217;\u201d, pelo foco que o estrangeiro tem em a\u00e7\u00f5es de grande capitaliza\u00e7\u00e3o de mercado, e liquidez, como as de Vale e Petrobras, produtoras de insumos com pre\u00e7os formados no exterior e sens\u00edveis \u00e0 demanda da China.<\/p>\n\n\n\n<p>Por fim, observa Mikail, h\u00e1 uma percep\u00e7\u00e3o relativamente mais equilibrada do mercado com rela\u00e7\u00e3o ao fiscal dom\u00e9stico, o que se reflete tamb\u00e9m na ponta longa da <a class=\"suno-keyword\" style=\"background: greenyellow\" target=\"_blank\" data-force=\"no\" data-priority=\"1\" href=\"https:\/\/www.suno.com.br\/artigos\/curva-de-juros\/\" rel=\"noopener\">curva de juros<\/a> \u2013 em ajuste de baixa, no DI, que desperta em especial o apetite do investidor dom\u00e9stico pelas a\u00e7\u00f5es c\u00edclicas, como as de construtoras e do setor de consumo. \u201cCom a defini\u00e7\u00e3o da isen\u00e7\u00e3o do IR para os que ganham at\u00e9 R$ 5 mil, n\u00e3o h\u00e1 espa\u00e7o para que o governo venha a fazer muito mais, ent\u00e3o \u00e9 algo que j\u00e1 est\u00e1 no pre\u00e7o. Ajuste nas contas p\u00fablicas, se vier, \u00e9 para depois de 2026. E, no momento, o governo parece em condi\u00e7\u00e3o dif\u00edcil de popularidade para o ano que vem\u201d, diz.<\/p>\n\n\n\n<p>No momento, Mikail considera que 65% do ajuste em andamento na Bolsa brasileira tem rela\u00e7\u00e3o com a realoca\u00e7\u00e3o global de ativos a partir da corre\u00e7\u00e3o nas bolsas dos Estados Unidos, e 25% com a vis\u00e3o mais favor\u00e1vel sobre a China. Os 10% restantes teriam rela\u00e7\u00e3o com a percep\u00e7\u00e3o sobre o dom\u00e9stico \u2013 fatia que tende a aumentar ao longo do tempo, \u00e0 medida que se aproximar o decisivo ano de 2026.<\/p>\n\n\n\n<p>Nesta quinta-feira, os principais \u00edndices de Nova York fecharam o dia com varia\u00e7\u00f5es contidas, e o fim negativas, entre -0,33% (<a class=\"suno-keyword\" style=\"background: greenyellow\" target=\"_blank\" data-force=\"no\" data-priority=\"3\" href=\"https:\/\/www.suno.com.br\/artigos\/sp-500\/\" rel=\"noopener\">S&amp;P 500<\/a>) e -0,53% (Nasdaq). O d\u00f3lar \u00e0 vista subiu 0,36%, a R$ 5,7533, mas a curva do DI teve retra\u00e7\u00e3o, embora moderada em dire\u00e7\u00e3o ao encerramento do dia.<\/p>\n\n\n\n<p>\u201cH\u00e1 um movimento interessante de descolamento da bolsa brasileira e da americana, com uma s\u00e9rie de dados a corroborar isso. O valuation da bolsa americana estava muito acima das m\u00e9dias hist\u00f3ricas, e o valuation da brasileira, abaixo do padr\u00e3o. Outro fator era a extrema concentra\u00e7\u00e3o das aloca\u00e7\u00f5es para o mercado americano, muito grande em rela\u00e7\u00e3o aos demais ativos listados no mundo, algo como 56% do total\u201d, diz Felipe Moura, s\u00f3cio e analista da Finacap Investimentos.<\/p>\n\n\n\n<p>\u201cContinuamos com um bom ingresso de <a class=\"suno-keyword\" style=\"background: greenyellow\" target=\"_blank\" data-force=\"no\" data-priority=\"1\" href=\"https:\/\/www.suno.com.br\/artigos\/capital-estrangeiro\/\" rel=\"noopener\">capital estrangeiro<\/a> no ano, com o rebalanceamento de carteira \u2013 essa troca de Estados Unidos por emergentes -, e o grande gatilho tem sido Trump e sua pol\u00edtica comercial\u201d, acrescenta Moura.<\/p>\n","protected":false},"excerpt":{"rendered":"<p>O Ibovespa fechou o preg\u00e3o desta quinta-feira (27) com alta de 0,47%, atingindo 133.148 pontos. \u00c9 a primeira vez este ano que a Bolsa de Valores retorna \u00e0 marca dos q33 mil pontos. Ibovespa. Foto: iStock Durante o dia, houve varia\u00e7\u00e3o de 132.478 a 133.904 pontos. O giro financeiro foi de R$ 20,8 bilh\u00f5es. Enquanto [&hellip;]<\/p>\n","protected":false},"author":377,"featured_media":534834,"comment_status":"closed","ping_status":"closed","sticky":false,"template":"","format":"standard","meta":[],"categories":[64],"tags":[107130,309,721,107185],"suno_strategy":[],"class_list":["post-599375","post","type-post","status-publish","format-standard","has-post-thumbnail","hentry","category-negocios","tag-b3","tag-bolsa-de-valores","tag-ibovespa","tag-pregao"],"yoast_head":"<!-- This site is optimized with the Yoast SEO plugin v24.4 - https:\/\/yoast.com\/wordpress\/plugins\/seo\/ -->\n<title>Ibovespa fecha em alta de 0,47% e retorna aos 133 mil pontos<\/title>\n<meta name=\"description\" content=\"O Ibovespa fechou o preg\u00e3o desta quinta-feira com alta de 0,47%. Foi a primeira vez neste ano que a B3 retorna \u00e0 marca dos 133 mil pontos\" \/>\n<meta name=\"robots\" content=\"index, follow, max-snippet:-1, max-image-preview:large, max-video-preview:-1\" \/>\n<link rel=\"canonical\" href=\"https:\/\/www.suno.com.br\/noticias\/ibovespa-fechamento-270325\/\" \/>\n<meta property=\"og:locale\" content=\"pt_BR\" \/>\n<meta property=\"og:type\" content=\"article\" \/>\n<meta property=\"og:title\" content=\"Ibovespa fecha em alta de 0,47% e retorna aos 133 mil pontos\" \/>\n<meta property=\"og:description\" content=\"O Ibovespa fechou o preg\u00e3o desta quinta-feira com alta de 0,47%. Foi a primeira vez neste ano que a B3 retorna \u00e0 marca dos 133 mil pontos\" \/>\n<meta property=\"og:url\" content=\"https:\/\/www.suno.com.br\/noticias\/ibovespa-fechamento-270325\/\" \/>\n<meta property=\"og:site_name\" content=\"Suno Not\u00edcias\" \/>\n<meta property=\"article:publisher\" content=\"https:\/\/facebook.com\/sunoresearch\" \/>\n<meta property=\"og:image\" content=\"https:\/\/files.sunoresearch.com.br\/n\/uploads\/2024\/03\/cropped-iStock-656185158.jpg\" \/>\n\t<meta property=\"og:image:width\" content=\"640\" \/>\n\t<meta property=\"og:image:height\" content=\"853\" \/>\n\t<meta property=\"og:image:type\" content=\"image\/jpeg\" \/>\n<meta name=\"author\" content=\"F\u00e1bio Mendes do Nascimento\" \/>\n<meta name=\"twitter:card\" content=\"summary_large_image\" \/>\n<meta name=\"twitter:creator\" content=\"@sunoresearch\" \/>\n<meta name=\"twitter:site\" content=\"@sunoresearch\" \/>\n<meta name=\"twitter:label1\" content=\"Escrito por\" \/>\n\t<meta name=\"twitter:data1\" content=\"F\u00e1bio Mendes do Nascimento\" \/>\n\t<meta name=\"twitter:label2\" content=\"Est. tempo de leitura\" \/>\n\t<meta name=\"twitter:data2\" content=\"5 minutos\" \/>\n<script type=\"application\/ld+json\" class=\"yoast-schema-graph\">{\"@context\":\"https:\/\/schema.org\",\"@graph\":[{\"@type\":\"NewsArticle\",\"@id\":\"https:\/\/www.suno.com.br\/noticias\/ibovespa-fechamento-270325\/#article\",\"isPartOf\":{\"@id\":\"https:\/\/www.suno.com.br\/noticias\/ibovespa-fechamento-270325\/\"},\"author\":{\"name\":\"F\u00e1bio Mendes do Nascimento\",\"@id\":\"https:\/\/www.suno.com.br\/noticias\/#\/schema\/person\/1c784a30f1a51d526ba332d9e9865e89\"},\"headline\":\"Ibovespa fecha em alta de 0,47% e retorna aos 133 mil pontos\",\"datePublished\":\"2025-03-27T21:40:33+00:00\",\"dateModified\":\"2025-03-27T22:15:45+00:00\",\"mainEntityOfPage\":{\"@id\":\"https:\/\/www.suno.com.br\/noticias\/ibovespa-fechamento-270325\/\"},\"wordCount\":829,\"publisher\":{\"@id\":\"https:\/\/www.suno.com.br\/noticias\/#organization\"},\"image\":{\"@id\":\"https:\/\/www.suno.com.br\/noticias\/ibovespa-fechamento-270325\/#primaryimage\"},\"thumbnailUrl\":\"https:\/\/files.sunoresearch.com.br\/n\/uploads\/2024\/03\/cropped-iStock-656185158.jpg\",\"keywords\":[\"b3\",\"Bolsa de Valores\",\"Ibovespa\",\"preg\u00e3o\"],\"articleSection\":[\"Neg\u00f3cios\"],\"inLanguage\":\"pt-BR\"},{\"@type\":\"WebPage\",\"@id\":\"https:\/\/www.suno.com.br\/noticias\/ibovespa-fechamento-270325\/\",\"url\":\"https:\/\/www.suno.com.br\/noticias\/ibovespa-fechamento-270325\/\",\"name\":\"Ibovespa fecha em alta de 0,47% e retorna aos 133 mil pontos\",\"isPartOf\":{\"@id\":\"https:\/\/www.suno.com.br\/noticias\/#website\"},\"primaryImageOfPage\":{\"@id\":\"https:\/\/www.suno.com.br\/noticias\/ibovespa-fechamento-270325\/#primaryimage\"},\"image\":{\"@id\":\"https:\/\/www.suno.com.br\/noticias\/ibovespa-fechamento-270325\/#primaryimage\"},\"thumbnailUrl\":\"https:\/\/files.sunoresearch.com.br\/n\/uploads\/2024\/03\/cropped-iStock-656185158.jpg\",\"datePublished\":\"2025-03-27T21:40:33+00:00\",\"dateModified\":\"2025-03-27T22:15:45+00:00\",\"description\":\"O Ibovespa fechou o preg\u00e3o desta quinta-feira com alta de 0,47%. Foi a primeira vez neste ano que a B3 retorna \u00e0 marca dos 133 mil pontos\",\"breadcrumb\":{\"@id\":\"https:\/\/www.suno.com.br\/noticias\/ibovespa-fechamento-270325\/#breadcrumb\"},\"inLanguage\":\"pt-BR\",\"potentialAction\":[{\"@type\":\"ReadAction\",\"target\":[\"https:\/\/www.suno.com.br\/noticias\/ibovespa-fechamento-270325\/\"]}]},{\"@type\":\"ImageObject\",\"inLanguage\":\"pt-BR\",\"@id\":\"https:\/\/www.suno.com.br\/noticias\/ibovespa-fechamento-270325\/#primaryimage\",\"url\":\"https:\/\/files.sunoresearch.com.br\/n\/uploads\/2024\/03\/cropped-iStock-656185158.jpg\",\"contentUrl\":\"https:\/\/files.sunoresearch.com.br\/n\/uploads\/2024\/03\/cropped-iStock-656185158.jpg\",\"width\":640,\"height\":853,\"caption\":\"Ibovespa. Foto: iStock\"},{\"@type\":\"BreadcrumbList\",\"@id\":\"https:\/\/www.suno.com.br\/noticias\/ibovespa-fechamento-270325\/#breadcrumb\",\"itemListElement\":[{\"@type\":\"ListItem\",\"position\":1,\"name\":\"Not\u00edcias\",\"item\":\"https:\/\/www.suno.com.br\/noticias\/\"},{\"@type\":\"ListItem\",\"position\":2,\"name\":\"Neg\u00f3cios\",\"item\":\"https:\/\/www.suno.com.br\/noticias\/negocios\/\"},{\"@type\":\"ListItem\",\"position\":3,\"name\":\"Ibovespa fecha em alta de 0,47% e retorna aos 133 mil pontos\"}]},{\"@type\":\"WebSite\",\"@id\":\"https:\/\/www.suno.com.br\/noticias\/#website\",\"url\":\"https:\/\/www.suno.com.br\/noticias\/\",\"name\":\"Suno Not\u00edcias\",\"description\":\"Seu portal de informa\u00e7\u00e3o sobre o mundo dos investimentos\",\"publisher\":{\"@id\":\"https:\/\/www.suno.com.br\/noticias\/#organization\"},\"potentialAction\":[{\"@type\":\"SearchAction\",\"target\":{\"@type\":\"EntryPoint\",\"urlTemplate\":\"https:\/\/www.suno.com.br\/noticias\/?s={search_term_string}\"},\"query-input\":{\"@type\":\"PropertyValueSpecification\",\"valueRequired\":true,\"valueName\":\"search_term_string\"}}],\"inLanguage\":\"pt-BR\"},{\"@type\":\"Organization\",\"@id\":\"https:\/\/www.suno.com.br\/noticias\/#organization\",\"name\":\"Suno Not\u00edcias\",\"url\":\"https:\/\/www.suno.com.br\/noticias\/\",\"logo\":{\"@type\":\"ImageObject\",\"inLanguage\":\"pt-BR\",\"@id\":\"https:\/\/www.suno.com.br\/noticias\/#\/schema\/logo\/image\/\",\"url\":\"https:\/\/files.sunoresearch.com.br\/n\/uploads\/2021\/09\/suno-logo.png\",\"contentUrl\":\"https:\/\/files.sunoresearch.com.br\/n\/uploads\/2021\/09\/suno-logo.png\",\"width\":180,\"height\":180,\"caption\":\"Suno Not\u00edcias\"},\"image\":{\"@id\":\"https:\/\/www.suno.com.br\/noticias\/#\/schema\/logo\/image\/\"},\"sameAs\":[\"https:\/\/facebook.com\/sunoresearch\",\"https:\/\/x.com\/sunoresearch\",\"https:\/\/www.instagram.com\/suno\",\"https:\/\/www.linkedin.com\/company\/suno-research\/\",\"https:\/\/www.youtube.com\/c\/sunoresearch\"]},{\"@type\":\"Person\",\"@id\":\"https:\/\/www.suno.com.br\/noticias\/#\/schema\/person\/1c784a30f1a51d526ba332d9e9865e89\",\"name\":\"F\u00e1bio Mendes do Nascimento\",\"image\":{\"@type\":\"ImageObject\",\"inLanguage\":\"pt-BR\",\"@id\":\"https:\/\/www.suno.com.br\/noticias\/#\/schema\/person\/image\/\",\"url\":\"https:\/\/secure.gravatar.com\/avatar\/c405941bfde08b613fd06fbdefe26fe1?s=96&r=g\",\"contentUrl\":\"https:\/\/secure.gravatar.com\/avatar\/c405941bfde08b613fd06fbdefe26fe1?s=96&r=g\",\"caption\":\"F\u00e1bio Mendes do Nascimento\"},\"url\":\"https:\/\/www.suno.com.br\/noticias\/author\/fabionascimentoyahoo-com\/\"}]}<\/script>\n<!-- \/ Yoast SEO plugin. -->","yoast_head_json":{"title":"Ibovespa fecha em alta de 0,47% e retorna aos 133 mil pontos","description":"O Ibovespa fechou o preg\u00e3o desta quinta-feira com alta de 0,47%. Foi a primeira vez neste ano que a B3 retorna \u00e0 marca dos 133 mil pontos","robots":{"index":"index","follow":"follow","max-snippet":"max-snippet:-1","max-image-preview":"max-image-preview:large","max-video-preview":"max-video-preview:-1"},"canonical":"https:\/\/www.suno.com.br\/noticias\/ibovespa-fechamento-270325\/","og_locale":"pt_BR","og_type":"article","og_title":"Ibovespa fecha em alta de 0,47% e retorna aos 133 mil pontos","og_description":"O Ibovespa fechou o preg\u00e3o desta quinta-feira com alta de 0,47%. Foi a primeira vez neste ano que a B3 retorna \u00e0 marca dos 133 mil pontos","og_url":"https:\/\/www.suno.com.br\/noticias\/ibovespa-fechamento-270325\/","og_site_name":"Suno Not\u00edcias","article_publisher":"https:\/\/facebook.com\/sunoresearch","og_image":[{"width":640,"height":853,"url":"https:\/\/files.sunoresearch.com.br\/n\/uploads\/2024\/03\/cropped-iStock-656185158.jpg","type":"image\/jpeg"}],"author":"F\u00e1bio Mendes do Nascimento","twitter_card":"summary_large_image","twitter_creator":"@sunoresearch","twitter_site":"@sunoresearch","twitter_misc":{"Escrito por":"F\u00e1bio Mendes do Nascimento","Est. tempo de leitura":"5 minutos"},"schema":{"@context":"https:\/\/schema.org","@graph":[{"@type":"NewsArticle","@id":"https:\/\/www.suno.com.br\/noticias\/ibovespa-fechamento-270325\/#article","isPartOf":{"@id":"https:\/\/www.suno.com.br\/noticias\/ibovespa-fechamento-270325\/"},"author":{"name":"F\u00e1bio Mendes do Nascimento","@id":"https:\/\/www.suno.com.br\/noticias\/#\/schema\/person\/1c784a30f1a51d526ba332d9e9865e89"},"headline":"Ibovespa fecha em alta de 0,47% e retorna aos 133 mil pontos","datePublished":"2025-03-27T21:40:33+00:00","dateModified":"2025-03-27T22:15:45+00:00","mainEntityOfPage":{"@id":"https:\/\/www.suno.com.br\/noticias\/ibovespa-fechamento-270325\/"},"wordCount":829,"publisher":{"@id":"https:\/\/www.suno.com.br\/noticias\/#organization"},"image":{"@id":"https:\/\/www.suno.com.br\/noticias\/ibovespa-fechamento-270325\/#primaryimage"},"thumbnailUrl":"https:\/\/files.sunoresearch.com.br\/n\/uploads\/2024\/03\/cropped-iStock-656185158.jpg","keywords":["b3","Bolsa de Valores","Ibovespa","preg\u00e3o"],"articleSection":["Neg\u00f3cios"],"inLanguage":"pt-BR"},{"@type":"WebPage","@id":"https:\/\/www.suno.com.br\/noticias\/ibovespa-fechamento-270325\/","url":"https:\/\/www.suno.com.br\/noticias\/ibovespa-fechamento-270325\/","name":"Ibovespa fecha em alta de 0,47% e retorna aos 133 mil pontos","isPartOf":{"@id":"https:\/\/www.suno.com.br\/noticias\/#website"},"primaryImageOfPage":{"@id":"https:\/\/www.suno.com.br\/noticias\/ibovespa-fechamento-270325\/#primaryimage"},"image":{"@id":"https:\/\/www.suno.com.br\/noticias\/ibovespa-fechamento-270325\/#primaryimage"},"thumbnailUrl":"https:\/\/files.sunoresearch.com.br\/n\/uploads\/2024\/03\/cropped-iStock-656185158.jpg","datePublished":"2025-03-27T21:40:33+00:00","dateModified":"2025-03-27T22:15:45+00:00","description":"O Ibovespa fechou o preg\u00e3o desta quinta-feira com alta de 0,47%. Foi a primeira vez neste ano que a B3 retorna \u00e0 marca dos 133 mil pontos","breadcrumb":{"@id":"https:\/\/www.suno.com.br\/noticias\/ibovespa-fechamento-270325\/#breadcrumb"},"inLanguage":"pt-BR","potentialAction":[{"@type":"ReadAction","target":["https:\/\/www.suno.com.br\/noticias\/ibovespa-fechamento-270325\/"]}]},{"@type":"ImageObject","inLanguage":"pt-BR","@id":"https:\/\/www.suno.com.br\/noticias\/ibovespa-fechamento-270325\/#primaryimage","url":"https:\/\/files.sunoresearch.com.br\/n\/uploads\/2024\/03\/cropped-iStock-656185158.jpg","contentUrl":"https:\/\/files.sunoresearch.com.br\/n\/uploads\/2024\/03\/cropped-iStock-656185158.jpg","width":640,"height":853,"caption":"Ibovespa. Foto: iStock"},{"@type":"BreadcrumbList","@id":"https:\/\/www.suno.com.br\/noticias\/ibovespa-fechamento-270325\/#breadcrumb","itemListElement":[{"@type":"ListItem","position":1,"name":"Not\u00edcias","item":"https:\/\/www.suno.com.br\/noticias\/"},{"@type":"ListItem","position":2,"name":"Neg\u00f3cios","item":"https:\/\/www.suno.com.br\/noticias\/negocios\/"},{"@type":"ListItem","position":3,"name":"Ibovespa fecha em alta de 0,47% e retorna aos 133 mil pontos"}]},{"@type":"WebSite","@id":"https:\/\/www.suno.com.br\/noticias\/#website","url":"https:\/\/www.suno.com.br\/noticias\/","name":"Suno Not\u00edcias","description":"Seu portal de informa\u00e7\u00e3o sobre o mundo dos investimentos","publisher":{"@id":"https:\/\/www.suno.com.br\/noticias\/#organization"},"potentialAction":[{"@type":"SearchAction","target":{"@type":"EntryPoint","urlTemplate":"https:\/\/www.suno.com.br\/noticias\/?s={search_term_string}"},"query-input":{"@type":"PropertyValueSpecification","valueRequired":true,"valueName":"search_term_string"}}],"inLanguage":"pt-BR"},{"@type":"Organization","@id":"https:\/\/www.suno.com.br\/noticias\/#organization","name":"Suno Not\u00edcias","url":"https:\/\/www.suno.com.br\/noticias\/","logo":{"@type":"ImageObject","inLanguage":"pt-BR","@id":"https:\/\/www.suno.com.br\/noticias\/#\/schema\/logo\/image\/","url":"https:\/\/files.sunoresearch.com.br\/n\/uploads\/2021\/09\/suno-logo.png","contentUrl":"https:\/\/files.sunoresearch.com.br\/n\/uploads\/2021\/09\/suno-logo.png","width":180,"height":180,"caption":"Suno Not\u00edcias"},"image":{"@id":"https:\/\/www.suno.com.br\/noticias\/#\/schema\/logo\/image\/"},"sameAs":["https:\/\/facebook.com\/sunoresearch","https:\/\/x.com\/sunoresearch","https:\/\/www.instagram.com\/suno","https:\/\/www.linkedin.com\/company\/suno-research\/","https:\/\/www.youtube.com\/c\/sunoresearch"]},{"@type":"Person","@id":"https:\/\/www.suno.com.br\/noticias\/#\/schema\/person\/1c784a30f1a51d526ba332d9e9865e89","name":"F\u00e1bio Mendes do Nascimento","image":{"@type":"ImageObject","inLanguage":"pt-BR","@id":"https:\/\/www.suno.com.br\/noticias\/#\/schema\/person\/image\/","url":"https:\/\/secure.gravatar.com\/avatar\/c405941bfde08b613fd06fbdefe26fe1?s=96&r=g","contentUrl":"https:\/\/secure.gravatar.com\/avatar\/c405941bfde08b613fd06fbdefe26fe1?s=96&r=g","caption":"F\u00e1bio Mendes do Nascimento"},"url":"https:\/\/www.suno.com.br\/noticias\/author\/fabionascimentoyahoo-com\/"}]}},"default_loop_html":"<div class=\"cardsPage__listCard__boxs\"><div class=\"cardsPage__listCard__boxs__img\"><a href=\"https:\/\/www.suno.com.br\/noticias\/ibovespa-fechamento-270325\/\"><img class=\"mask\" src=\"https:\/\/www.suno.com.br\/noticias\/wp-content\/themes\/suno\/resources\/images\/spotlight\/spotlight1img\/bg-mask.png\" alt=\"Image Mask\"\/><img src=\"https:\/\/files.sunoresearch.com.br\/n\/uploads\/2024\/03\/cropped-iStock-656185158-400x200.jpg\" alt=\"Ibovespa fecha em alta de 0,47% e retorna aos 133 mil pontos\"\/><\/a><span class=\"spotlightCategory\"><a href=\"https:\/\/www.suno.com.br\/noticias\/negocios\/\">Neg\u00f3cios<\/a><\/span><\/div><div class=\"cardsPage__listCard__boxs__content\"><a href=\"https:\/\/www.suno.com.br\/noticias\/ibovespa-fechamento-270325\/\"><h2 class=\"content__title\">Ibovespa fecha em alta de 0,47% e retorna aos 133 mil pontos<\/h2><\/a><div class=\"newsContent__article__meta\"><div class=\"newsContent__article__meta__authorBox\"><a href=\"https:\/\/www.suno.com.br\/noticias\/author\/fabionascimentoyahoo-com\/\" class=\"authorBox__avatar noMobi\"><img src=\"https:\/\/secure.gravatar.com\/avatar\/c405941bfde08b613fd06fbdefe26fe1?s=96&#038;r=g\" alt=\"F\u00e1bio Mendes do Nascimento\"><\/a><div class=\"authorBox__name\"><span>por\n\t\t\t<a href=\"https:\/\/www.suno.com.br\/noticias\/author\/fabionascimentoyahoo-com\/\"><span itemprop=\"author\">F\u00e1bio Mendes do Nascimento<\/span><\/a><\/span><time datetime=\"2025-03-27T18:40:33-03:00\" itemprop=\"datePublished\">27\/03\/2025 18:40<\/time><\/div><\/div><\/div><\/div><\/div>","single_layout":"posts","amp_enabled":true,"_links":{"self":[{"href":"https:\/\/www.suno.com.br\/noticias\/wp-json\/wp\/v2\/posts\/599375"}],"collection":[{"href":"https:\/\/www.suno.com.br\/noticias\/wp-json\/wp\/v2\/posts"}],"about":[{"href":"https:\/\/www.suno.com.br\/noticias\/wp-json\/wp\/v2\/types\/post"}],"author":[{"embeddable":true,"href":"https:\/\/www.suno.com.br\/noticias\/wp-json\/wp\/v2\/users\/377"}],"replies":[{"embeddable":true,"href":"https:\/\/www.suno.com.br\/noticias\/wp-json\/wp\/v2\/comments?post=599375"}],"version-history":[{"count":2,"href":"https:\/\/www.suno.com.br\/noticias\/wp-json\/wp\/v2\/posts\/599375\/revisions"}],"predecessor-version":[{"id":599389,"href":"https:\/\/www.suno.com.br\/noticias\/wp-json\/wp\/v2\/posts\/599375\/revisions\/599389"}],"wp:featuredmedia":[{"embeddable":true,"href":"https:\/\/www.suno.com.br\/noticias\/wp-json\/wp\/v2\/media\/534834"}],"wp:attachment":[{"href":"https:\/\/www.suno.com.br\/noticias\/wp-json\/wp\/v2\/media?parent=599375"}],"wp:term":[{"taxonomy":"category","embeddable":true,"href":"https:\/\/www.suno.com.br\/noticias\/wp-json\/wp\/v2\/categories?post=599375"},{"taxonomy":"post_tag","embeddable":true,"href":"https:\/\/www.suno.com.br\/noticias\/wp-json\/wp\/v2\/tags?post=599375"},{"taxonomy":"suno_strategy","embeddable":true,"href":"https:\/\/www.suno.com.br\/noticias\/wp-json\/wp\/v2\/suno_strategy?post=599375"}],"curies":[{"name":"wp","href":"https:\/\/api.w.org\/{rel}","templated":true}]}}