{"id":59932,"date":"2020-04-01T16:16:58","date_gmt":"2020-04-01T19:16:58","guid":{"rendered":"https:\/\/www.suno.com.br\/noticias\/?p=59932"},"modified":"2020-04-01T16:16:58","modified_gmt":"2020-04-01T19:16:58","slug":"empresas-tem-um-mes-para-se-cadastrar-no-site-consumidor-gov-br","status":"publish","type":"post","link":"https:\/\/www.suno.com.br\/noticias\/empresas-tem-um-mes-para-se-cadastrar-no-site-consumidor-gov-br\/","title":{"rendered":"Empresas tem um m\u00eas para se cadastrar no site consumidor.gov.br"},"content":{"rendered":"<p>Nessa quarta-feira (1),\u00a0 foi determinado no <strong>Di\u00e1rio Oficial da Uni\u00e3o<\/strong> que as empresas dever\u00e3o se cadastrar numa plataforma on-line, em at\u00e9 um m\u00eas, para que a <strong>Secretaria Nacional do Consumidor<\/strong> (Senacon) possa mediar os conflitos de consumo notificados eletronicamente.<\/p>\t<div class=\"wrapper-featured-image\">\n\t\t<figure class=\"spotlightImg\">\n\n\t\t\t<picture>\n\t\t\t\t<source media=\"(max-width: 768px)\" srcset=\"https:\/\/files.sunoresearch.com.br\/n\/uploads\/2018\/11\/93712db4-confian\u00e7a-do-consumidor-400x200.webp\">\n\t\t\t\t<img loading=\"lazy\" decoding=\"async\" class=\"newsContent__article__imgCapa lazyloadDisabled newsContent__article__imgCapa--noCaption\" src=\"https:\/\/files.sunoresearch.com.br\/n\/uploads\/2018\/11\/93712db4-confian\u00e7a-do-consumidor-jpg.webp\" width=\"800\" height=\"450\" alt=\"Empresas tem um m\u00eas para se cadastrar no site consumidor.gov.br\" fetchpriority=high \/>\n\t\t\t<\/picture>\n\n\t\t\t<figcaption class=\"wp-caption-text wp-caption-text--hide\">confian\u00e7a<\/figcaption>\n\t\t<\/figure>\n\t<\/div>\n\n\n\n<p>O cadastro deve ser feito na p\u00e1gina da internet, consumidor.gov.br e o prazo de 30 dias come\u00e7a a ser contando a partir dessa quarta-feira.<\/p>\n<p>Entretanto, n\u00e3o s\u00e3o todas as empresas que precisam se cadastrar, as empresas que devem ser cadastradas s\u00e3o aquelas que:<\/p>\n<ul>\n<li>Obtiveram o faturamento bruto de pelo menos de R$ 100 milh\u00f5es em 2019 ;<\/li>\n<li>Tenham recebido, n\u00e3o menos, que 1000 reclama\u00e7\u00f5es por m\u00eas em seus canais de atendimento ao consumidor;<\/li>\n<li>Ou tenha tenham recebido no m\u00ednimo 500 processos judiciais ligados as rela\u00e7\u00f5es de consumo.<\/li>\n<\/ul>\n<h2>Confian\u00e7a do consumidor cai devido a pandemia<\/h2>\n<p>O \u00cdndice de <a href=\"https:\/\/www.suno.com.br\/artigos\/incc\/\">Confian\u00e7a do Consumidor (ICC)<\/a> da Funda\u00e7\u00e3o Get\u00falio Vargas (FGV) caiu 7,6 pontos no m\u00eas mar\u00e7o, para 80,2 pontos. Trata-se do menor valor desde janeiro de 2017, quando havia registrado 78,3 pontos.<\/p>\n<p>De acordo com a coordenadora das sondagens da FGV, Viviane Seda Bittencourt, o aumento de incerteza gerado pela queda dos pre\u00e7os do petr\u00f3leo, e pelo avan\u00e7o da contamina\u00e7\u00e3o do <strong><a href=\"https:\/\/www.youtube.com\/watch?v=0snRYzfHan0&amp;t=6s\">coronav\u00edrus<\/a> <\/strong>\u201ccontribu\u00edram para o aumento do pessimismo em rela\u00e7\u00e3o ao futuro da economia\u201d.<\/p>\n\t<p>\n\t\t<a href=\"https:\/\/lp.suno.com.br\/ebook-como-analisar-uma-acao\/\" target=\"_blank\" data-element=\"shortcode-suno-banner\" title=\"Banner SUNO, clique e saiba mais\">\n\t\t\t<picture>\n\t\t\t\t<source media=\"(max-width: 500px)\" srcset=\"https:\/\/files.sunoresearch.com.br\/n\/uploads\/2023\/12\/Ebook-Acoes-Mobile.jpg\">\n\t\t\t\t<img class=\"newsContent__article__imgCapa newsContent__article__imgCapa--banner\"\n\t\t\t\t\tsrc=\"https:\/\/files.sunoresearch.com.br\/n\/uploads\/2023\/12\/Ebook-Acoes-Mobile.jpg\"\n\t\t\t\t\tdata-promo-id=\"101750\"\t\t\t\t\t\t\t\t\t\twidth='400' height='300'\t\t\t\t\talt=\"https:\/\/files.sunoresearch.com.br\/n\/uploads\/2023\/12\/Ebook-Acoes-Mobile.jpg\"\n\t\t\t\t>\n\t\t\t<\/picture>\n\t\t<\/a>\n\t<\/p>\n\n\n<p>O \u00cdndice de Situa\u00e7\u00e3o Atual (ISA) diminuiu 4,8 pontos, para 76,1 pontos, o menor n\u00edvel desde julho de 2019, quando havia registrado 75,6 pontos. O \u00cdndice de Expectativas (IE) caiu 9,3 pontos para 83,9 pontos, o menor desde dezembro de 2016 (81,6 pontos). O resultado gera uma perda de otimismo de 16,4 pontos no ano de 2020.<\/p>\n<p>O indicador que mede as expectativas sobre a economia para os pr\u00f3ximos meses, foi o que mais contribuiu para a queda da confian\u00e7a ao cair 12,0 pontos, para 104,9 pontos, o menor n\u00edvel desde setembro de 2018, quando havia registrado 100,6 pontos.<\/p>\n<p><a href=\"https:\/\/www.suno.com.br\/noticias\/sabesp-isentara-pagamento-contas-consumidores-duas-categorias\/\">Saiba mais: Sabesp isentar\u00e1 pagamento de contas aos consumidores de menor renda<\/a><\/p>\n<p>Al\u00e9m disso, Os gastos dos consumidores dos Estados Unidos tiveram um recuo no m\u00eas de janeiro e cresceram menos do que o estimado. A queda no movimento tamb\u00e9m pode ter sido causada por conta dos temores com a dissemina\u00e7\u00e3o da doen\u00e7a.<\/p>\n<p>O Departamento de Com\u00e9rcio dos EUA comunicou que os gastos dos <strong>consumidores<\/strong> avan\u00e7aram 0,2% em janeiro. Valor menor do que o esperado para o m\u00eas. O clima tamb\u00e9m foi um fator importante, j\u00e1 que era esperado um clima mais frio. Isso atrapalhou a venda do com\u00e9rcio varejista de moda, que esperava uma demanda maior por roupas \u2018quentes\u2019.<\/p>\n\n","protected":false},"excerpt":{"rendered":"<p>Nessa quarta-feira (1),\u00a0 foi determinado no Di\u00e1rio Oficial da Uni\u00e3o que as empresas dever\u00e3o se cadastrar numa plataforma on-line, em at\u00e9 um m\u00eas, para que a Secretaria Nacional do Consumidor (Senacon) possa mediar os conflitos de consumo notificados eletronicamente. confian\u00e7a O cadastro deve ser feito na p\u00e1gina da internet, consumidor.gov.br e o prazo de 30 [&hellip;]<\/p>\n","protected":false},"author":39,"featured_media":6992,"comment_status":"closed","ping_status":"closed","sticky":false,"template":"","format":"standard","meta":[],"categories":[64],"tags":[1814],"suno_strategy":[],"class_list":["post-59932","post","type-post","status-publish","format-standard","has-post-thumbnail","hentry","category-negocios","tag-diario-oficial-da-uniao"],"yoast_head":"<!-- This site is optimized with the Yoast SEO plugin v24.4 - https:\/\/yoast.com\/wordpress\/plugins\/seo\/ -->\n<title>Empresas tem um m\u00eas para se cadastrar no site consumidor.gov.br<\/title>\n<meta name=\"description\" content=\"foi determinado no DOU que as empresas dever\u00e3o se cadastrar na plataforma online consumidor.gov.br em at\u00e9 um m\u00eas. Clique aqui para saber mais\" \/>\n<meta name=\"robots\" content=\"index, follow, max-snippet:-1, max-image-preview:large, max-video-preview:-1\" \/>\n<link rel=\"canonical\" href=\"https:\/\/www.suno.com.br\/noticias\/empresas-tem-um-mes-para-se-cadastrar-no-site-consumidor-gov-br\/\" \/>\n<meta property=\"og:locale\" content=\"pt_BR\" \/>\n<meta property=\"og:type\" content=\"article\" \/>\n<meta property=\"og:title\" content=\"Empresas tem um m\u00eas para se cadastrar no site consumidor.gov.br\" \/>\n<meta property=\"og:description\" content=\"foi determinado no DOU que as empresas dever\u00e3o se cadastrar na plataforma online consumidor.gov.br em at\u00e9 um m\u00eas. Clique aqui para saber mais\" \/>\n<meta property=\"og:url\" content=\"https:\/\/www.suno.com.br\/noticias\/empresas-tem-um-mes-para-se-cadastrar-no-site-consumidor-gov-br\/\" \/>\n<meta property=\"og:site_name\" content=\"Suno Not\u00edcias\" \/>\n<meta property=\"article:publisher\" content=\"https:\/\/facebook.com\/sunoresearch\" \/>\n<meta property=\"og:image\" content=\"https:\/\/files.sunoresearch.com.br\/n\/uploads\/2018\/11\/93712db4-confian\u00e7a-do-consumidor.jpg\" \/>\n\t<meta property=\"og:image:width\" content=\"640\" \/>\n\t<meta property=\"og:image:height\" content=\"221\" \/>\n\t<meta property=\"og:image:type\" content=\"image\/jpeg\" \/>\n<meta name=\"author\" content=\"Laura Moutinho\" \/>\n<meta name=\"twitter:card\" content=\"summary_large_image\" \/>\n<meta name=\"twitter:creator\" content=\"@sunoresearch\" \/>\n<meta name=\"twitter:site\" content=\"@sunoresearch\" \/>\n<meta name=\"twitter:label1\" content=\"Escrito por\" \/>\n\t<meta name=\"twitter:data1\" content=\"Laura Moutinho\" \/>\n\t<meta name=\"twitter:label2\" content=\"Est. tempo de leitura\" \/>\n\t<meta name=\"twitter:data2\" content=\"2 minutos\" \/>\n<script type=\"application\/ld+json\" class=\"yoast-schema-graph\">{\"@context\":\"https:\/\/schema.org\",\"@graph\":[{\"@type\":\"NewsArticle\",\"@id\":\"https:\/\/www.suno.com.br\/noticias\/empresas-tem-um-mes-para-se-cadastrar-no-site-consumidor-gov-br\/#article\",\"isPartOf\":{\"@id\":\"https:\/\/www.suno.com.br\/noticias\/empresas-tem-um-mes-para-se-cadastrar-no-site-consumidor-gov-br\/\"},\"author\":{\"name\":\"Laura Moutinho\",\"@id\":\"https:\/\/www.suno.com.br\/noticias\/#\/schema\/person\/3df0d2808748b74496efe5dbeaef2c72\"},\"headline\":\"Empresas tem um m\u00eas para se cadastrar no site consumidor.gov.br\",\"datePublished\":\"2020-04-01T19:16:58+00:00\",\"mainEntityOfPage\":{\"@id\":\"https:\/\/www.suno.com.br\/noticias\/empresas-tem-um-mes-para-se-cadastrar-no-site-consumidor-gov-br\/\"},\"wordCount\":461,\"publisher\":{\"@id\":\"https:\/\/www.suno.com.br\/noticias\/#organization\"},\"image\":{\"@id\":\"https:\/\/www.suno.com.br\/noticias\/empresas-tem-um-mes-para-se-cadastrar-no-site-consumidor-gov-br\/#primaryimage\"},\"thumbnailUrl\":\"https:\/\/files.sunoresearch.com.br\/n\/uploads\/2018\/11\/93712db4-confian\u00e7a-do-consumidor-jpg.webp\",\"keywords\":[\"Di\u00e1rio Oficial da Uni\u00e3o\"],\"articleSection\":[\"Neg\u00f3cios\"],\"inLanguage\":\"pt-BR\"},{\"@type\":\"WebPage\",\"@id\":\"https:\/\/www.suno.com.br\/noticias\/empresas-tem-um-mes-para-se-cadastrar-no-site-consumidor-gov-br\/\",\"url\":\"https:\/\/www.suno.com.br\/noticias\/empresas-tem-um-mes-para-se-cadastrar-no-site-consumidor-gov-br\/\",\"name\":\"Empresas tem um m\u00eas para se cadastrar no site consumidor.gov.br\",\"isPartOf\":{\"@id\":\"https:\/\/www.suno.com.br\/noticias\/#website\"},\"primaryImageOfPage\":{\"@id\":\"https:\/\/www.suno.com.br\/noticias\/empresas-tem-um-mes-para-se-cadastrar-no-site-consumidor-gov-br\/#primaryimage\"},\"image\":{\"@id\":\"https:\/\/www.suno.com.br\/noticias\/empresas-tem-um-mes-para-se-cadastrar-no-site-consumidor-gov-br\/#primaryimage\"},\"thumbnailUrl\":\"https:\/\/files.sunoresearch.com.br\/n\/uploads\/2018\/11\/93712db4-confian\u00e7a-do-consumidor-jpg.webp\",\"datePublished\":\"2020-04-01T19:16:58+00:00\",\"description\":\"foi determinado no DOU que as empresas dever\u00e3o se cadastrar na plataforma online consumidor.gov.br em at\u00e9 um m\u00eas. Clique aqui para saber mais\",\"breadcrumb\":{\"@id\":\"https:\/\/www.suno.com.br\/noticias\/empresas-tem-um-mes-para-se-cadastrar-no-site-consumidor-gov-br\/#breadcrumb\"},\"inLanguage\":\"pt-BR\",\"potentialAction\":[{\"@type\":\"ReadAction\",\"target\":[\"https:\/\/www.suno.com.br\/noticias\/empresas-tem-um-mes-para-se-cadastrar-no-site-consumidor-gov-br\/\"]}]},{\"@type\":\"ImageObject\",\"inLanguage\":\"pt-BR\",\"@id\":\"https:\/\/www.suno.com.br\/noticias\/empresas-tem-um-mes-para-se-cadastrar-no-site-consumidor-gov-br\/#primaryimage\",\"url\":\"https:\/\/files.sunoresearch.com.br\/n\/uploads\/2018\/11\/93712db4-confian\u00e7a-do-consumidor-jpg.webp\",\"contentUrl\":\"https:\/\/files.sunoresearch.com.br\/n\/uploads\/2018\/11\/93712db4-confian\u00e7a-do-consumidor-jpg.webp\",\"width\":640,\"height\":221,\"caption\":\"confian\u00e7a\"},{\"@type\":\"BreadcrumbList\",\"@id\":\"https:\/\/www.suno.com.br\/noticias\/empresas-tem-um-mes-para-se-cadastrar-no-site-consumidor-gov-br\/#breadcrumb\",\"itemListElement\":[{\"@type\":\"ListItem\",\"position\":1,\"name\":\"Not\u00edcias\",\"item\":\"https:\/\/www.suno.com.br\/noticias\/\"},{\"@type\":\"ListItem\",\"position\":2,\"name\":\"Neg\u00f3cios\",\"item\":\"https:\/\/www.suno.com.br\/noticias\/negocios\/\"},{\"@type\":\"ListItem\",\"position\":3,\"name\":\"Empresas tem um m\u00eas para se cadastrar no site consumidor.gov.br\"}]},{\"@type\":\"WebSite\",\"@id\":\"https:\/\/www.suno.com.br\/noticias\/#website\",\"url\":\"https:\/\/www.suno.com.br\/noticias\/\",\"name\":\"Suno Not\u00edcias\",\"description\":\"Seu portal de informa\u00e7\u00e3o sobre o mundo dos investimentos\",\"publisher\":{\"@id\":\"https:\/\/www.suno.com.br\/noticias\/#organization\"},\"potentialAction\":[{\"@type\":\"SearchAction\",\"target\":{\"@type\":\"EntryPoint\",\"urlTemplate\":\"https:\/\/www.suno.com.br\/noticias\/?s={search_term_string}\"},\"query-input\":{\"@type\":\"PropertyValueSpecification\",\"valueRequired\":true,\"valueName\":\"search_term_string\"}}],\"inLanguage\":\"pt-BR\"},{\"@type\":\"Organization\",\"@id\":\"https:\/\/www.suno.com.br\/noticias\/#organization\",\"name\":\"Suno Not\u00edcias\",\"url\":\"https:\/\/www.suno.com.br\/noticias\/\",\"logo\":{\"@type\":\"ImageObject\",\"inLanguage\":\"pt-BR\",\"@id\":\"https:\/\/www.suno.com.br\/noticias\/#\/schema\/logo\/image\/\",\"url\":\"https:\/\/files.sunoresearch.com.br\/n\/uploads\/2021\/09\/suno-logo.png\",\"contentUrl\":\"https:\/\/files.sunoresearch.com.br\/n\/uploads\/2021\/09\/suno-logo.png\",\"width\":180,\"height\":180,\"caption\":\"Suno Not\u00edcias\"},\"image\":{\"@id\":\"https:\/\/www.suno.com.br\/noticias\/#\/schema\/logo\/image\/\"},\"sameAs\":[\"https:\/\/facebook.com\/sunoresearch\",\"https:\/\/x.com\/sunoresearch\",\"https:\/\/www.instagram.com\/suno\",\"https:\/\/www.linkedin.com\/company\/suno-research\/\",\"https:\/\/www.youtube.com\/c\/sunoresearch\"]},{\"@type\":\"Person\",\"@id\":\"https:\/\/www.suno.com.br\/noticias\/#\/schema\/person\/3df0d2808748b74496efe5dbeaef2c72\",\"name\":\"Laura Moutinho\",\"image\":{\"@type\":\"ImageObject\",\"inLanguage\":\"pt-BR\",\"@id\":\"https:\/\/www.suno.com.br\/noticias\/#\/schema\/person\/image\/\",\"url\":\"https:\/\/secure.gravatar.com\/avatar\/7571c7c8ca3a6fca5e41384ece5557ff?s=96&r=g\",\"contentUrl\":\"https:\/\/secure.gravatar.com\/avatar\/7571c7c8ca3a6fca5e41384ece5557ff?s=96&r=g\",\"caption\":\"Laura Moutinho\"},\"description\":\"Estagi\u00e1ria na Suno Not\u00edcias, escreve not\u00edcias que afetam o mercado financeiro. Estuda administra\u00e7\u00e3o na Universidade Presbiteriana Mackenzie.\",\"url\":\"https:\/\/www.suno.com.br\/noticias\/author\/laura-moutinho\/\"}]}<\/script>\n<!-- \/ Yoast SEO plugin. -->","yoast_head_json":{"title":"Empresas tem um m\u00eas para se cadastrar no site consumidor.gov.br","description":"foi determinado no DOU que as empresas dever\u00e3o se cadastrar na plataforma online consumidor.gov.br em at\u00e9 um m\u00eas. Clique aqui para saber mais","robots":{"index":"index","follow":"follow","max-snippet":"max-snippet:-1","max-image-preview":"max-image-preview:large","max-video-preview":"max-video-preview:-1"},"canonical":"https:\/\/www.suno.com.br\/noticias\/empresas-tem-um-mes-para-se-cadastrar-no-site-consumidor-gov-br\/","og_locale":"pt_BR","og_type":"article","og_title":"Empresas tem um m\u00eas para se cadastrar no site consumidor.gov.br","og_description":"foi determinado no DOU que as empresas dever\u00e3o se cadastrar na plataforma online consumidor.gov.br em at\u00e9 um m\u00eas. Clique aqui para saber mais","og_url":"https:\/\/www.suno.com.br\/noticias\/empresas-tem-um-mes-para-se-cadastrar-no-site-consumidor-gov-br\/","og_site_name":"Suno Not\u00edcias","article_publisher":"https:\/\/facebook.com\/sunoresearch","og_image":[{"width":640,"height":221,"url":"https:\/\/files.sunoresearch.com.br\/n\/uploads\/2018\/11\/93712db4-confian\u00e7a-do-consumidor.jpg","type":"image\/jpeg"}],"author":"Laura Moutinho","twitter_card":"summary_large_image","twitter_creator":"@sunoresearch","twitter_site":"@sunoresearch","twitter_misc":{"Escrito por":"Laura Moutinho","Est. tempo de leitura":"2 minutos"},"schema":{"@context":"https:\/\/schema.org","@graph":[{"@type":"NewsArticle","@id":"https:\/\/www.suno.com.br\/noticias\/empresas-tem-um-mes-para-se-cadastrar-no-site-consumidor-gov-br\/#article","isPartOf":{"@id":"https:\/\/www.suno.com.br\/noticias\/empresas-tem-um-mes-para-se-cadastrar-no-site-consumidor-gov-br\/"},"author":{"name":"Laura Moutinho","@id":"https:\/\/www.suno.com.br\/noticias\/#\/schema\/person\/3df0d2808748b74496efe5dbeaef2c72"},"headline":"Empresas tem um m\u00eas para se cadastrar no site consumidor.gov.br","datePublished":"2020-04-01T19:16:58+00:00","mainEntityOfPage":{"@id":"https:\/\/www.suno.com.br\/noticias\/empresas-tem-um-mes-para-se-cadastrar-no-site-consumidor-gov-br\/"},"wordCount":461,"publisher":{"@id":"https:\/\/www.suno.com.br\/noticias\/#organization"},"image":{"@id":"https:\/\/www.suno.com.br\/noticias\/empresas-tem-um-mes-para-se-cadastrar-no-site-consumidor-gov-br\/#primaryimage"},"thumbnailUrl":"https:\/\/files.sunoresearch.com.br\/n\/uploads\/2018\/11\/93712db4-confian\u00e7a-do-consumidor-jpg.webp","keywords":["Di\u00e1rio Oficial da Uni\u00e3o"],"articleSection":["Neg\u00f3cios"],"inLanguage":"pt-BR"},{"@type":"WebPage","@id":"https:\/\/www.suno.com.br\/noticias\/empresas-tem-um-mes-para-se-cadastrar-no-site-consumidor-gov-br\/","url":"https:\/\/www.suno.com.br\/noticias\/empresas-tem-um-mes-para-se-cadastrar-no-site-consumidor-gov-br\/","name":"Empresas tem um m\u00eas para se cadastrar no site consumidor.gov.br","isPartOf":{"@id":"https:\/\/www.suno.com.br\/noticias\/#website"},"primaryImageOfPage":{"@id":"https:\/\/www.suno.com.br\/noticias\/empresas-tem-um-mes-para-se-cadastrar-no-site-consumidor-gov-br\/#primaryimage"},"image":{"@id":"https:\/\/www.suno.com.br\/noticias\/empresas-tem-um-mes-para-se-cadastrar-no-site-consumidor-gov-br\/#primaryimage"},"thumbnailUrl":"https:\/\/files.sunoresearch.com.br\/n\/uploads\/2018\/11\/93712db4-confian\u00e7a-do-consumidor-jpg.webp","datePublished":"2020-04-01T19:16:58+00:00","description":"foi determinado no DOU que as empresas dever\u00e3o se cadastrar na plataforma online consumidor.gov.br em at\u00e9 um m\u00eas. Clique aqui para saber mais","breadcrumb":{"@id":"https:\/\/www.suno.com.br\/noticias\/empresas-tem-um-mes-para-se-cadastrar-no-site-consumidor-gov-br\/#breadcrumb"},"inLanguage":"pt-BR","potentialAction":[{"@type":"ReadAction","target":["https:\/\/www.suno.com.br\/noticias\/empresas-tem-um-mes-para-se-cadastrar-no-site-consumidor-gov-br\/"]}]},{"@type":"ImageObject","inLanguage":"pt-BR","@id":"https:\/\/www.suno.com.br\/noticias\/empresas-tem-um-mes-para-se-cadastrar-no-site-consumidor-gov-br\/#primaryimage","url":"https:\/\/files.sunoresearch.com.br\/n\/uploads\/2018\/11\/93712db4-confian\u00e7a-do-consumidor-jpg.webp","contentUrl":"https:\/\/files.sunoresearch.com.br\/n\/uploads\/2018\/11\/93712db4-confian\u00e7a-do-consumidor-jpg.webp","width":640,"height":221,"caption":"confian\u00e7a"},{"@type":"BreadcrumbList","@id":"https:\/\/www.suno.com.br\/noticias\/empresas-tem-um-mes-para-se-cadastrar-no-site-consumidor-gov-br\/#breadcrumb","itemListElement":[{"@type":"ListItem","position":1,"name":"Not\u00edcias","item":"https:\/\/www.suno.com.br\/noticias\/"},{"@type":"ListItem","position":2,"name":"Neg\u00f3cios","item":"https:\/\/www.suno.com.br\/noticias\/negocios\/"},{"@type":"ListItem","position":3,"name":"Empresas tem um m\u00eas para se cadastrar no site consumidor.gov.br"}]},{"@type":"WebSite","@id":"https:\/\/www.suno.com.br\/noticias\/#website","url":"https:\/\/www.suno.com.br\/noticias\/","name":"Suno Not\u00edcias","description":"Seu portal de informa\u00e7\u00e3o sobre o mundo dos investimentos","publisher":{"@id":"https:\/\/www.suno.com.br\/noticias\/#organization"},"potentialAction":[{"@type":"SearchAction","target":{"@type":"EntryPoint","urlTemplate":"https:\/\/www.suno.com.br\/noticias\/?s={search_term_string}"},"query-input":{"@type":"PropertyValueSpecification","valueRequired":true,"valueName":"search_term_string"}}],"inLanguage":"pt-BR"},{"@type":"Organization","@id":"https:\/\/www.suno.com.br\/noticias\/#organization","name":"Suno Not\u00edcias","url":"https:\/\/www.suno.com.br\/noticias\/","logo":{"@type":"ImageObject","inLanguage":"pt-BR","@id":"https:\/\/www.suno.com.br\/noticias\/#\/schema\/logo\/image\/","url":"https:\/\/files.sunoresearch.com.br\/n\/uploads\/2021\/09\/suno-logo.png","contentUrl":"https:\/\/files.sunoresearch.com.br\/n\/uploads\/2021\/09\/suno-logo.png","width":180,"height":180,"caption":"Suno Not\u00edcias"},"image":{"@id":"https:\/\/www.suno.com.br\/noticias\/#\/schema\/logo\/image\/"},"sameAs":["https:\/\/facebook.com\/sunoresearch","https:\/\/x.com\/sunoresearch","https:\/\/www.instagram.com\/suno","https:\/\/www.linkedin.com\/company\/suno-research\/","https:\/\/www.youtube.com\/c\/sunoresearch"]},{"@type":"Person","@id":"https:\/\/www.suno.com.br\/noticias\/#\/schema\/person\/3df0d2808748b74496efe5dbeaef2c72","name":"Laura Moutinho","image":{"@type":"ImageObject","inLanguage":"pt-BR","@id":"https:\/\/www.suno.com.br\/noticias\/#\/schema\/person\/image\/","url":"https:\/\/secure.gravatar.com\/avatar\/7571c7c8ca3a6fca5e41384ece5557ff?s=96&r=g","contentUrl":"https:\/\/secure.gravatar.com\/avatar\/7571c7c8ca3a6fca5e41384ece5557ff?s=96&r=g","caption":"Laura Moutinho"},"description":"Estagi\u00e1ria na Suno Not\u00edcias, escreve not\u00edcias que afetam o mercado financeiro. Estuda administra\u00e7\u00e3o na Universidade Presbiteriana Mackenzie.","url":"https:\/\/www.suno.com.br\/noticias\/author\/laura-moutinho\/"}]}},"default_loop_html":"<div class=\"cardsPage__listCard__boxs\"><div class=\"cardsPage__listCard__boxs__img\"><a href=\"https:\/\/www.suno.com.br\/noticias\/empresas-tem-um-mes-para-se-cadastrar-no-site-consumidor-gov-br\/\"><img class=\"mask\" src=\"https:\/\/www.suno.com.br\/noticias\/wp-content\/themes\/suno\/resources\/images\/spotlight\/spotlight1img\/bg-mask.png\" alt=\"Image Mask\"\/><img src=\"https:\/\/files.sunoresearch.com.br\/n\/uploads\/2018\/11\/93712db4-confian\u00e7a-do-consumidor-400x200.webp\" alt=\"Empresas tem um m\u00eas para se cadastrar no site consumidor.gov.br\"\/><\/a><span class=\"spotlightCategory\"><a href=\"https:\/\/www.suno.com.br\/noticias\/negocios\/\">Neg\u00f3cios<\/a><\/span><\/div><div class=\"cardsPage__listCard__boxs__content\"><a href=\"https:\/\/www.suno.com.br\/noticias\/empresas-tem-um-mes-para-se-cadastrar-no-site-consumidor-gov-br\/\"><h2 class=\"content__title\">Empresas tem um m\u00eas para se cadastrar no site consumidor.gov.br<\/h2><\/a><div class=\"newsContent__article__meta\"><div class=\"newsContent__article__meta__authorBox\"><a href=\"https:\/\/www.suno.com.br\/noticias\/author\/laura-moutinho\/\" class=\"authorBox__avatar noMobi\"><img src=\"https:\/\/files.sunoresearch.com.br\/n\/uploads\/2020\/08\/531ff69d-whatsapp-image-2020-08-03-at-14.54.38-150x150.webp\" alt=\"Laura Moutinho\"><\/a><div class=\"authorBox__name\"><span>por\n\t\t\t<a href=\"https:\/\/www.suno.com.br\/noticias\/author\/laura-moutinho\/\"><span itemprop=\"author\">Laura Moutinho<\/span><\/a><\/span><time datetime=\"2020-04-01T16:16:58-03:00\" itemprop=\"datePublished\">01\/04\/2020 16:16<\/time><\/div><\/div><\/div><\/div><\/div>","single_layout":"posts","amp_enabled":true,"_links":{"self":[{"href":"https:\/\/www.suno.com.br\/noticias\/wp-json\/wp\/v2\/posts\/59932"}],"collection":[{"href":"https:\/\/www.suno.com.br\/noticias\/wp-json\/wp\/v2\/posts"}],"about":[{"href":"https:\/\/www.suno.com.br\/noticias\/wp-json\/wp\/v2\/types\/post"}],"author":[{"embeddable":true,"href":"https:\/\/www.suno.com.br\/noticias\/wp-json\/wp\/v2\/users\/39"}],"replies":[{"embeddable":true,"href":"https:\/\/www.suno.com.br\/noticias\/wp-json\/wp\/v2\/comments?post=59932"}],"version-history":[{"count":0,"href":"https:\/\/www.suno.com.br\/noticias\/wp-json\/wp\/v2\/posts\/59932\/revisions"}],"wp:featuredmedia":[{"embeddable":true,"href":"https:\/\/www.suno.com.br\/noticias\/wp-json\/wp\/v2\/media\/6992"}],"wp:attachment":[{"href":"https:\/\/www.suno.com.br\/noticias\/wp-json\/wp\/v2\/media?parent=59932"}],"wp:term":[{"taxonomy":"category","embeddable":true,"href":"https:\/\/www.suno.com.br\/noticias\/wp-json\/wp\/v2\/categories?post=59932"},{"taxonomy":"post_tag","embeddable":true,"href":"https:\/\/www.suno.com.br\/noticias\/wp-json\/wp\/v2\/tags?post=59932"},{"taxonomy":"suno_strategy","embeddable":true,"href":"https:\/\/www.suno.com.br\/noticias\/wp-json\/wp\/v2\/suno_strategy?post=59932"}],"curies":[{"name":"wp","href":"https:\/\/api.w.org\/{rel}","templated":true}]}}