{"id":598805,"date":"2025-03-22T14:49:07","date_gmt":"2025-03-22T17:49:07","guid":{"rendered":"https:\/\/www.suno.com.br\/noticias\/?p=598805"},"modified":"2025-03-22T14:49:10","modified_gmt":"2025-03-22T17:49:10","slug":"veja-quem-precisa-declarar-o-imposto-de-renda-em-2025","status":"publish","type":"post","link":"https:\/\/www.suno.com.br\/noticias\/veja-quem-precisa-declarar-o-imposto-de-renda-em-2025\/","title":{"rendered":"Veja quem precisa declarar o imposto de renda em 2025"},"content":{"rendered":"<p style=\"text-align: center;\"><a class=\"\" href=\"https:\/\/agenciabrasil.ebc.com.br\/economia\/noticia\/2025-03\/ir-2025-veja-quem-precisa-declarar-o-imposto-de-renda\"><\/p>\t<div class=\"wrapper-featured-image\">\n\t\t<figure class=\"spotlightImg\">\n\n\t\t\t<picture>\n\t\t\t\t<source media=\"(max-width: 768px)\" srcset=\"https:\/\/files.sunoresearch.com.br\/n\/uploads\/2023\/07\/consulta-imposto-renda-2023-1-400x200.jpg\">\n\t\t\t\t<img loading=\"lazy\" decoding=\"async\" class=\"newsContent__article__imgCapa lazyloadDisabled \" src=\"https:\/\/files.sunoresearch.com.br\/n\/uploads\/2023\/07\/consulta-imposto-renda-2023-1-800x450.jpg\" width=\"800\" height=\"450\" alt=\"Veja quem precisa declarar o imposto de renda em 2025\" fetchpriority=high \/>\n\t\t\t<\/picture>\n\n\t\t\t<figcaption class=\"wp-caption-text wp-caption-text--show\">imposto de renda<\/figcaption>\n\t\t<\/figure>\n\t<\/div>\n\n<p style=\"text-align: center;\"><a class=\"\" href=\"https:\/\/agenciabrasil.ebc.com.br\/economia\/noticia\/2025-03\/ir-2025-veja-quem-precisa-declarar-o-imposto-de-renda\"><\/p>\n\n<p>Em 2025, a Receita Federal espera receber 46,2 milh\u00f5es de declara\u00e7\u00f5es do Imposto de Renda, ou seja, cerca de um quinto da popula\u00e7\u00e3o ter\u00e1 que prestar contas ao Fisco neste ano. <strong>Afinal, quem precisa declarar o <a href=\"https:\/\/www.suno.com.br\/noticias\/imposto-de-renda-como-declarar-acoes-status-invest-assessoria-gss\/\">Imposto de Renda<\/a>?<\/strong><img decoding=\"async\" style=\"width: 1px; height: 1px; display: inline;\" src=\"https:\/\/agenciabrasil.ebc.com.br\/ebc.png?id=1635554&amp;o=rss\" \/><img decoding=\"async\" style=\"width: 1px; height: 1px; display: inline;\" src=\"https:\/\/agenciabrasil.ebc.com.br\/ebc.gif?id=1635554&amp;o=rss\" \/><\/p>\n\t<p>\n\t\t<a href=\"\" target=\"_blank\" data-element=\"shortcode-suno-banner\" title=\"Banner SUNO, clique e saiba mais\">\n\t\t\t<picture>\n\t\t\t\t<source media=\"(max-width: 500px)\" srcset=\"\">\n\t\t\t\t<img class=\"newsContent__article__imgCapa newsContent__article__imgCapa--banner\"\n\t\t\t\t\tsrc=\"\"\n\t\t\t\t\tdata-promo-id=\"240038\"\t\t\t\t\t\t\t\t\t\t\t\t\t\t\talt=\"\"\n\t\t\t\t>\n\t\t\t<\/picture>\n\t\t<\/a>\n\t<\/p>\n\n\n<p>A <strong>obrigatoriedade est\u00e1 relacionada aos ganhos recebidos e o patrim\u00f4nio do contribuinte em 2024<\/strong>, conforme\u00a0a normativa 2255, divulgada pela Receita Federal em mar\u00e7o deste ano.<\/p>\n<h2>Veja quem precisa declarar o Imposto de Renda:<\/h2>\n<ul>\n<li><strong>Rendimentos acima de R$ 33.888:<\/strong> quem recebeu rendimentos tribut\u00e1veis, como sal\u00e1rio, f\u00e9rias, aposentadoria ou pens\u00e3o por morte, acima de R$ 33.888 \u00e9 obrigado\u00a0a fazer a declara\u00e7\u00e3o do Imposto de Renda.&#8221;Se, em 2024, a pessoa recebeu mais de R$ 33.888, ela tem que declarar este ano. Se ela recebeu outros tipos de rendimentos que n\u00e3o s\u00e3o os tribut\u00e1veis, mas s\u00e3o rendimentos isentos ou com tributa\u00e7\u00e3o exclusiva na fonte de\u00a0valor superior a R$ 200 mil, tamb\u00e9m est\u00e1 obrigada.\u00a0Quem possu\u00eda, em 31 de dezembro de 2024,\u00a0somat\u00f3rio de bens acima\u00a0de R$ 800 mil\u00a0tamb\u00e9m est\u00e1 obrigado a declarar&#8221;, explica o auditor-fiscal da Receita Federal, Jos\u00e9 Carlos Fonseca.<\/li>\n<li><strong>Atividade rural:<\/strong> \u00e9 obrigat\u00f3ria a declara\u00e7\u00e3o para quem teve receita bruta acima de R$ 169.440 ou pretende compensar preju\u00edzos de 2024 ou anos anteriores.<\/li>\n<li><strong>Investimentos fora do pa\u00eds:<\/strong>\u00a0&#8220;A Lei n\u00ba 14754 determinou\u00a0que o imposto que se paga desses rendimentos de aplica\u00e7\u00f5es no exterior deixou de ser mensal e passou a ser anual. Ent\u00e3o, ano passado, em 2024, n\u00e3o houve cobran\u00e7a de imposto sobre os rendimentos recebidos em 2024, porque agora, eles dever\u00e3o ser colocados na declara\u00e7\u00e3o deste ano, de 2025, e v\u00e3o ser\u00a0tributados nesta declara\u00e7\u00e3o&#8221;, diz o auditor-fiscal.<\/li>\n<li><strong>Valores de im\u00f3veis:<\/strong>\u00a0quem tem\u00a0im\u00f3veis e os valores foram atualizados no final de 2024, com o pagamento de um imposto sobre ganho de capital diferenciado de 4%,\u00a0tamb\u00e9m est\u00e1 obrigado a declarar, segundo o auditor-fiscal.<\/li>\n<li><strong>Residente no Brasil:<\/strong> quem passou \u00e0 condi\u00e7\u00e3o de residente no Brasil em 2024 tamb\u00e9m deve apresentar a declara\u00e7\u00e3o do Imposto de Renda.<\/li>\n<\/ul>\n<h2>N\u00e3o sou obrigado a declarar o IR, mas posso fazer?<\/h2>\n<p>Agora, surge outra quest\u00e3o: e <strong>se a pessoa n\u00e3o for obrigada a declarar, ela pode fazer isso voluntariamente?<\/strong><\/p>\n<p>O professor Deypson Carvalho, coordenador adjunto do curso de Ci\u00eancias Cont\u00e1beis do Centro Universit\u00e1rio do Distrito Federal\u00a0(UDF), esclarece:<\/p>\n<blockquote><p>&#8220;A pessoa f\u00edsica, ainda que desobrigada, pode apresentar a Declara\u00e7\u00e3o de Ajuste Anual \u00e0 Receita Federal do Brasil, observando-se que \u00e9 vedado a um mesmo contribuinte constar simultaneamente em mais de uma declara\u00e7\u00e3o, seja como titular ou dependente, exceto em casos de altera\u00e7\u00e3o na rela\u00e7\u00e3o de depend\u00eancia no ano-calend\u00e1rio de 2024&#8221;.<\/p><\/blockquote>\n<h2>O que mudou no IR de 2025?<\/h2>\n<p>A professora do curso de Ci\u00eancias Cont\u00e1beis da Faculdade Anhanguera, Val\u00e9ria Vanessa Eduardo, destaca uma <strong>mudan\u00e7a na ordem de restitui\u00e7\u00e3o do Imposto de Renda<\/strong>.<\/p>\n<blockquote><p>&#8220;Quem optar por receber atrav\u00e9s\u00a0de Pix e tamb\u00e9m fazer a declara\u00e7\u00e3o pr\u00e9-preenchida ter\u00e1 prioridade sobre quem apenas fizer a pr\u00e9-preenchida ou aceitar o pagamento via Pix. Vale lembrar que as prioridades legais foram mantidas, beneficiando idosos, pessoas com defici\u00eancia, doentes graves e aqueles cuja maior fonte de renda seja o magist\u00e9rio.&#8221;<\/p><\/blockquote>\n<p>H\u00e1 mudan\u00e7as, ainda, em campos da declara\u00e7\u00e3o como, por exemplo, no <strong>fim da exig\u00eancia do\u00a0preenchimento de t\u00edtulo de eleitor, c\u00f3digos de consulado e embaixada para residentes no exterior e n\u00famero da \u00faltima declara\u00e7\u00e3o<\/strong>.<\/p>\n<p>Al\u00e9m disso, o aplicativo Meu Imposto de Renda foi extinto. A declara\u00e7\u00e3o deve ser feita pelo aplicativo da\u00a0Receita Federal ou pela plataforma <a href=\"https:\/\/sso.acesso.gov.br\/login?client_id=portal-logado.estaleiro.serpro.gov.br&amp;authorization_id=195ba18c59b\" target=\"_blank\" rel=\"noopener\">Gov.br<\/a>.<\/p>\n<p>O <strong>prazo para declara\u00e7\u00e3o do Imposto de Renda 2025 come\u00e7ou no dia 17 de mar\u00e7o e vai at\u00e9 o dia 30 de maio<\/strong>. Para quem deseja fazer a declara\u00e7\u00e3o pr\u00e9-preenchida, os dados completos ser\u00e3o disponibilizados a partir de 1\u00ba de abril.<\/p>\n<h2>Se eu n\u00e3o declarar o IR, o que ocorre?<\/h2>\n<p>As <strong>san\u00e7\u00f5es para quem n\u00e3o entrega a declara\u00e7\u00e3o v\u00e3o desde multa m\u00ednima de R$ 165,74 a 20% do imposto devido<\/strong> at\u00e9 a altera\u00e7\u00e3o do CPF para &#8220;pendente de regulariza\u00e7\u00e3o&#8221; pela Receita Federal, o que impede o contribuinte de realizar transa\u00e7\u00f5es banc\u00e1rias.<\/p>\n<p>O prazo para declarar o Imposto de Renda 2025 vai at\u00e9 o dia 30 de maio.<\/p>\n<p class=\"newsProviderSignature\">Com Ag\u00eancia Brasil<\/p>\n\t<p>\n\t\t<a href=\"https:\/\/lp.suno.com.br\/planilha-da-vida-financeira\/\" target=\"_blank\" data-element=\"shortcode-suno-banner\" title=\"Banner SUNO, clique e saiba mais\">\n\t\t\t<picture>\n\t\t\t\t<source media=\"(max-width: 500px)\" srcset=\"https:\/\/files.sunoresearch.com.br\/n\/uploads\/2023\/04\/400x300-Planilha-vida-financeira-true.png\">\n\t\t\t\t<img class=\"newsContent__article__imgCapa newsContent__article__imgCapa--banner\"\n\t\t\t\t\tsrc=\"https:\/\/files.sunoresearch.com.br\/n\/uploads\/2023\/04\/1420x240-Planilha-vida-financeira-true.png\"\n\t\t\t\t\tdata-promo-id=\"383123\"\t\t\t\t\t\t\t\t\t\twidth='1420' height='240'\t\t\t\t\talt=\"https:\/\/files.sunoresearch.com.br\/n\/uploads\/2023\/04\/1420x240-Planilha-vida-financeira-true.png\"\n\t\t\t\t>\n\t\t\t<\/picture>\n\t\t<\/a>\n\t<\/p>\n\n\n","protected":false},"excerpt":{"rendered":"<p>imposto de renda Em 2025, a Receita Federal espera receber 46,2 milh\u00f5es de declara\u00e7\u00f5es do Imposto de Renda, ou seja, cerca de um quinto da popula\u00e7\u00e3o ter\u00e1 que prestar contas ao Fisco neste ano. Afinal, quem precisa declarar o Imposto de Renda? A obrigatoriedade est\u00e1 relacionada aos ganhos recebidos e o patrim\u00f4nio do contribuinte em [&hellip;]<\/p>\n","protected":false},"author":43,"featured_media":426368,"comment_status":"closed","ping_status":"closed","sticky":false,"template":"","format":"standard","meta":[],"categories":[62],"tags":[303],"suno_strategy":[],"class_list":["post-598805","post","type-post","status-publish","format-standard","has-post-thumbnail","hentry","category-economia","tag-imposto-de-renda"],"yoast_head":"<!-- This site is optimized with the Yoast SEO plugin v24.4 - https:\/\/yoast.com\/wordpress\/plugins\/seo\/ -->\n<title>Veja quem precisa declarar o imposto de renda em 2025<\/title>\n<meta name=\"robots\" content=\"index, follow, max-snippet:-1, max-image-preview:large, max-video-preview:-1\" \/>\n<link rel=\"canonical\" href=\"https:\/\/www.suno.com.br\/noticias\/veja-quem-precisa-declarar-o-imposto-de-renda-em-2025\/\" \/>\n<meta property=\"og:locale\" content=\"pt_BR\" \/>\n<meta property=\"og:type\" content=\"article\" \/>\n<meta property=\"og:title\" content=\"Veja quem precisa declarar o imposto de renda em 2025\" \/>\n<meta property=\"og:description\" content=\"imposto de renda Em 2025, a Receita Federal espera receber 46,2 milh\u00f5es de declara\u00e7\u00f5es do Imposto de Renda, ou seja, cerca de um quinto da popula\u00e7\u00e3o ter\u00e1 que prestar contas ao Fisco neste ano. Afinal, quem precisa declarar o Imposto de Renda? A obrigatoriedade est\u00e1 relacionada aos ganhos recebidos e o patrim\u00f4nio do contribuinte em [&hellip;]\" \/>\n<meta property=\"og:url\" content=\"https:\/\/www.suno.com.br\/noticias\/veja-quem-precisa-declarar-o-imposto-de-renda-em-2025\/\" \/>\n<meta property=\"og:site_name\" content=\"Suno Not\u00edcias\" \/>\n<meta property=\"article:publisher\" content=\"https:\/\/facebook.com\/sunoresearch\" \/>\n<meta property=\"article:author\" content=\"https:\/\/www.facebook.com\/sunonoticias\/\" \/>\n<meta property=\"og:image\" content=\"https:\/\/files.sunoresearch.com.br\/n\/uploads\/2023\/07\/consulta-imposto-renda-2023-1.jpg\" \/>\n\t<meta property=\"og:image:width\" content=\"1200\" \/>\n\t<meta property=\"og:image:height\" content=\"800\" \/>\n\t<meta property=\"og:image:type\" content=\"image\/jpeg\" \/>\n<meta name=\"author\" content=\"Reda\u00e7\u00e3o Suno Not\u00edcias\" \/>\n<meta name=\"twitter:card\" content=\"summary_large_image\" \/>\n<meta name=\"twitter:creator\" content=\"@https:\/\/twitter.com\/sunoresearch\" \/>\n<meta name=\"twitter:site\" content=\"@sunoresearch\" \/>\n<meta name=\"twitter:label1\" content=\"Escrito por\" \/>\n\t<meta name=\"twitter:data1\" content=\"Reda\u00e7\u00e3o Suno Not\u00edcias\" \/>\n\t<meta name=\"twitter:label2\" content=\"Est. tempo de leitura\" \/>\n\t<meta name=\"twitter:data2\" content=\"4 minutos\" \/>\n<script type=\"application\/ld+json\" class=\"yoast-schema-graph\">{\"@context\":\"https:\/\/schema.org\",\"@graph\":[{\"@type\":\"NewsArticle\",\"@id\":\"https:\/\/www.suno.com.br\/noticias\/veja-quem-precisa-declarar-o-imposto-de-renda-em-2025\/#article\",\"isPartOf\":{\"@id\":\"https:\/\/www.suno.com.br\/noticias\/veja-quem-precisa-declarar-o-imposto-de-renda-em-2025\/\"},\"author\":{\"name\":\"Reda\u00e7\u00e3o Suno Not\u00edcias\",\"@id\":\"https:\/\/www.suno.com.br\/noticias\/#\/schema\/person\/c1b1bd3727fa852bd045e9dbff3673ea\"},\"headline\":\"Veja quem precisa declarar o imposto de renda em 2025\",\"datePublished\":\"2025-03-22T17:49:07+00:00\",\"dateModified\":\"2025-03-22T17:49:10+00:00\",\"mainEntityOfPage\":{\"@id\":\"https:\/\/www.suno.com.br\/noticias\/veja-quem-precisa-declarar-o-imposto-de-renda-em-2025\/\"},\"wordCount\":748,\"publisher\":{\"@id\":\"https:\/\/www.suno.com.br\/noticias\/#organization\"},\"image\":{\"@id\":\"https:\/\/www.suno.com.br\/noticias\/veja-quem-precisa-declarar-o-imposto-de-renda-em-2025\/#primaryimage\"},\"thumbnailUrl\":\"https:\/\/files.sunoresearch.com.br\/n\/uploads\/2023\/07\/consulta-imposto-renda-2023-1.jpg\",\"keywords\":[\"Imposto de Renda\"],\"articleSection\":[\"Economia\"],\"inLanguage\":\"pt-BR\"},{\"@type\":\"WebPage\",\"@id\":\"https:\/\/www.suno.com.br\/noticias\/veja-quem-precisa-declarar-o-imposto-de-renda-em-2025\/\",\"url\":\"https:\/\/www.suno.com.br\/noticias\/veja-quem-precisa-declarar-o-imposto-de-renda-em-2025\/\",\"name\":\"Veja quem precisa declarar o imposto de renda em 2025\",\"isPartOf\":{\"@id\":\"https:\/\/www.suno.com.br\/noticias\/#website\"},\"primaryImageOfPage\":{\"@id\":\"https:\/\/www.suno.com.br\/noticias\/veja-quem-precisa-declarar-o-imposto-de-renda-em-2025\/#primaryimage\"},\"image\":{\"@id\":\"https:\/\/www.suno.com.br\/noticias\/veja-quem-precisa-declarar-o-imposto-de-renda-em-2025\/#primaryimage\"},\"thumbnailUrl\":\"https:\/\/files.sunoresearch.com.br\/n\/uploads\/2023\/07\/consulta-imposto-renda-2023-1.jpg\",\"datePublished\":\"2025-03-22T17:49:07+00:00\",\"dateModified\":\"2025-03-22T17:49:10+00:00\",\"breadcrumb\":{\"@id\":\"https:\/\/www.suno.com.br\/noticias\/veja-quem-precisa-declarar-o-imposto-de-renda-em-2025\/#breadcrumb\"},\"inLanguage\":\"pt-BR\",\"potentialAction\":[{\"@type\":\"ReadAction\",\"target\":[\"https:\/\/www.suno.com.br\/noticias\/veja-quem-precisa-declarar-o-imposto-de-renda-em-2025\/\"]}]},{\"@type\":\"ImageObject\",\"inLanguage\":\"pt-BR\",\"@id\":\"https:\/\/www.suno.com.br\/noticias\/veja-quem-precisa-declarar-o-imposto-de-renda-em-2025\/#primaryimage\",\"url\":\"https:\/\/files.sunoresearch.com.br\/n\/uploads\/2023\/07\/consulta-imposto-renda-2023-1.jpg\",\"contentUrl\":\"https:\/\/files.sunoresearch.com.br\/n\/uploads\/2023\/07\/consulta-imposto-renda-2023-1.jpg\",\"width\":1200,\"height\":800,\"caption\":\"imposto de renda\"},{\"@type\":\"BreadcrumbList\",\"@id\":\"https:\/\/www.suno.com.br\/noticias\/veja-quem-precisa-declarar-o-imposto-de-renda-em-2025\/#breadcrumb\",\"itemListElement\":[{\"@type\":\"ListItem\",\"position\":1,\"name\":\"Not\u00edcias\",\"item\":\"https:\/\/www.suno.com.br\/noticias\/\"},{\"@type\":\"ListItem\",\"position\":2,\"name\":\"Economia\",\"item\":\"https:\/\/www.suno.com.br\/noticias\/economia\/\"},{\"@type\":\"ListItem\",\"position\":3,\"name\":\"Veja quem precisa declarar o imposto de renda em 2025\"}]},{\"@type\":\"WebSite\",\"@id\":\"https:\/\/www.suno.com.br\/noticias\/#website\",\"url\":\"https:\/\/www.suno.com.br\/noticias\/\",\"name\":\"Suno Not\u00edcias\",\"description\":\"Seu portal de informa\u00e7\u00e3o sobre o mundo dos investimentos\",\"publisher\":{\"@id\":\"https:\/\/www.suno.com.br\/noticias\/#organization\"},\"potentialAction\":[{\"@type\":\"SearchAction\",\"target\":{\"@type\":\"EntryPoint\",\"urlTemplate\":\"https:\/\/www.suno.com.br\/noticias\/?s={search_term_string}\"},\"query-input\":{\"@type\":\"PropertyValueSpecification\",\"valueRequired\":true,\"valueName\":\"search_term_string\"}}],\"inLanguage\":\"pt-BR\"},{\"@type\":\"Organization\",\"@id\":\"https:\/\/www.suno.com.br\/noticias\/#organization\",\"name\":\"Suno Not\u00edcias\",\"url\":\"https:\/\/www.suno.com.br\/noticias\/\",\"logo\":{\"@type\":\"ImageObject\",\"inLanguage\":\"pt-BR\",\"@id\":\"https:\/\/www.suno.com.br\/noticias\/#\/schema\/logo\/image\/\",\"url\":\"https:\/\/files.sunoresearch.com.br\/n\/uploads\/2021\/09\/suno-logo.png\",\"contentUrl\":\"https:\/\/files.sunoresearch.com.br\/n\/uploads\/2021\/09\/suno-logo.png\",\"width\":180,\"height\":180,\"caption\":\"Suno Not\u00edcias\"},\"image\":{\"@id\":\"https:\/\/www.suno.com.br\/noticias\/#\/schema\/logo\/image\/\"},\"sameAs\":[\"https:\/\/facebook.com\/sunoresearch\",\"https:\/\/x.com\/sunoresearch\",\"https:\/\/www.instagram.com\/suno\",\"https:\/\/www.linkedin.com\/company\/suno-research\/\",\"https:\/\/www.youtube.com\/c\/sunoresearch\"]},{\"@type\":\"Person\",\"@id\":\"https:\/\/www.suno.com.br\/noticias\/#\/schema\/person\/c1b1bd3727fa852bd045e9dbff3673ea\",\"name\":\"Reda\u00e7\u00e3o Suno Not\u00edcias\",\"image\":{\"@type\":\"ImageObject\",\"inLanguage\":\"pt-BR\",\"@id\":\"https:\/\/www.suno.com.br\/noticias\/#\/schema\/person\/image\/\",\"url\":\"https:\/\/secure.gravatar.com\/avatar\/b8104b9b5a71985d5238ee59fbe418af?s=96&r=g\",\"contentUrl\":\"https:\/\/secure.gravatar.com\/avatar\/b8104b9b5a71985d5238ee59fbe418af?s=96&r=g\",\"caption\":\"Reda\u00e7\u00e3o Suno Not\u00edcias\"},\"description\":\"O Suno Not\u00edcias \u00e9 um portal de informa\u00e7\u00f5es sobre Mercado Financeiro, Pol\u00edtica, Neg\u00f3cios, Economia e Finan\u00e7as Pessoais.\",\"sameAs\":[\"https:\/\/www.suno.com.br\/noticias\",\"https:\/\/www.facebook.com\/sunonoticias\/\",\"https:\/\/www.instagram.com\/sunonoticias\/\",\"https:\/\/x.com\/https:\/\/twitter.com\/sunoresearch\",\"https:\/\/www.youtube.com\/sunonoticias\"],\"url\":\"https:\/\/www.suno.com.br\/noticias\/author\/redacao-suno\/\"}]}<\/script>\n<!-- \/ Yoast SEO plugin. -->","yoast_head_json":{"title":"Veja quem precisa declarar o imposto de renda em 2025","robots":{"index":"index","follow":"follow","max-snippet":"max-snippet:-1","max-image-preview":"max-image-preview:large","max-video-preview":"max-video-preview:-1"},"canonical":"https:\/\/www.suno.com.br\/noticias\/veja-quem-precisa-declarar-o-imposto-de-renda-em-2025\/","og_locale":"pt_BR","og_type":"article","og_title":"Veja quem precisa declarar o imposto de renda em 2025","og_description":"imposto de renda Em 2025, a Receita Federal espera receber 46,2 milh\u00f5es de declara\u00e7\u00f5es do Imposto de Renda, ou seja, cerca de um quinto da popula\u00e7\u00e3o ter\u00e1 que prestar contas ao Fisco neste ano. Afinal, quem precisa declarar o Imposto de Renda? A obrigatoriedade est\u00e1 relacionada aos ganhos recebidos e o patrim\u00f4nio do contribuinte em [&hellip;]","og_url":"https:\/\/www.suno.com.br\/noticias\/veja-quem-precisa-declarar-o-imposto-de-renda-em-2025\/","og_site_name":"Suno Not\u00edcias","article_publisher":"https:\/\/facebook.com\/sunoresearch","article_author":"https:\/\/www.facebook.com\/sunonoticias\/","og_image":[{"width":1200,"height":800,"url":"https:\/\/files.sunoresearch.com.br\/n\/uploads\/2023\/07\/consulta-imposto-renda-2023-1.jpg","type":"image\/jpeg"}],"author":"Reda\u00e7\u00e3o Suno Not\u00edcias","twitter_card":"summary_large_image","twitter_creator":"@https:\/\/twitter.com\/sunoresearch","twitter_site":"@sunoresearch","twitter_misc":{"Escrito por":"Reda\u00e7\u00e3o Suno Not\u00edcias","Est. tempo de leitura":"4 minutos"},"schema":{"@context":"https:\/\/schema.org","@graph":[{"@type":"NewsArticle","@id":"https:\/\/www.suno.com.br\/noticias\/veja-quem-precisa-declarar-o-imposto-de-renda-em-2025\/#article","isPartOf":{"@id":"https:\/\/www.suno.com.br\/noticias\/veja-quem-precisa-declarar-o-imposto-de-renda-em-2025\/"},"author":{"name":"Reda\u00e7\u00e3o Suno Not\u00edcias","@id":"https:\/\/www.suno.com.br\/noticias\/#\/schema\/person\/c1b1bd3727fa852bd045e9dbff3673ea"},"headline":"Veja quem precisa declarar o imposto de renda em 2025","datePublished":"2025-03-22T17:49:07+00:00","dateModified":"2025-03-22T17:49:10+00:00","mainEntityOfPage":{"@id":"https:\/\/www.suno.com.br\/noticias\/veja-quem-precisa-declarar-o-imposto-de-renda-em-2025\/"},"wordCount":748,"publisher":{"@id":"https:\/\/www.suno.com.br\/noticias\/#organization"},"image":{"@id":"https:\/\/www.suno.com.br\/noticias\/veja-quem-precisa-declarar-o-imposto-de-renda-em-2025\/#primaryimage"},"thumbnailUrl":"https:\/\/files.sunoresearch.com.br\/n\/uploads\/2023\/07\/consulta-imposto-renda-2023-1.jpg","keywords":["Imposto de Renda"],"articleSection":["Economia"],"inLanguage":"pt-BR"},{"@type":"WebPage","@id":"https:\/\/www.suno.com.br\/noticias\/veja-quem-precisa-declarar-o-imposto-de-renda-em-2025\/","url":"https:\/\/www.suno.com.br\/noticias\/veja-quem-precisa-declarar-o-imposto-de-renda-em-2025\/","name":"Veja quem precisa declarar o imposto de renda em 2025","isPartOf":{"@id":"https:\/\/www.suno.com.br\/noticias\/#website"},"primaryImageOfPage":{"@id":"https:\/\/www.suno.com.br\/noticias\/veja-quem-precisa-declarar-o-imposto-de-renda-em-2025\/#primaryimage"},"image":{"@id":"https:\/\/www.suno.com.br\/noticias\/veja-quem-precisa-declarar-o-imposto-de-renda-em-2025\/#primaryimage"},"thumbnailUrl":"https:\/\/files.sunoresearch.com.br\/n\/uploads\/2023\/07\/consulta-imposto-renda-2023-1.jpg","datePublished":"2025-03-22T17:49:07+00:00","dateModified":"2025-03-22T17:49:10+00:00","breadcrumb":{"@id":"https:\/\/www.suno.com.br\/noticias\/veja-quem-precisa-declarar-o-imposto-de-renda-em-2025\/#breadcrumb"},"inLanguage":"pt-BR","potentialAction":[{"@type":"ReadAction","target":["https:\/\/www.suno.com.br\/noticias\/veja-quem-precisa-declarar-o-imposto-de-renda-em-2025\/"]}]},{"@type":"ImageObject","inLanguage":"pt-BR","@id":"https:\/\/www.suno.com.br\/noticias\/veja-quem-precisa-declarar-o-imposto-de-renda-em-2025\/#primaryimage","url":"https:\/\/files.sunoresearch.com.br\/n\/uploads\/2023\/07\/consulta-imposto-renda-2023-1.jpg","contentUrl":"https:\/\/files.sunoresearch.com.br\/n\/uploads\/2023\/07\/consulta-imposto-renda-2023-1.jpg","width":1200,"height":800,"caption":"imposto de renda"},{"@type":"BreadcrumbList","@id":"https:\/\/www.suno.com.br\/noticias\/veja-quem-precisa-declarar-o-imposto-de-renda-em-2025\/#breadcrumb","itemListElement":[{"@type":"ListItem","position":1,"name":"Not\u00edcias","item":"https:\/\/www.suno.com.br\/noticias\/"},{"@type":"ListItem","position":2,"name":"Economia","item":"https:\/\/www.suno.com.br\/noticias\/economia\/"},{"@type":"ListItem","position":3,"name":"Veja quem precisa declarar o imposto de renda em 2025"}]},{"@type":"WebSite","@id":"https:\/\/www.suno.com.br\/noticias\/#website","url":"https:\/\/www.suno.com.br\/noticias\/","name":"Suno Not\u00edcias","description":"Seu portal de informa\u00e7\u00e3o sobre o mundo dos investimentos","publisher":{"@id":"https:\/\/www.suno.com.br\/noticias\/#organization"},"potentialAction":[{"@type":"SearchAction","target":{"@type":"EntryPoint","urlTemplate":"https:\/\/www.suno.com.br\/noticias\/?s={search_term_string}"},"query-input":{"@type":"PropertyValueSpecification","valueRequired":true,"valueName":"search_term_string"}}],"inLanguage":"pt-BR"},{"@type":"Organization","@id":"https:\/\/www.suno.com.br\/noticias\/#organization","name":"Suno Not\u00edcias","url":"https:\/\/www.suno.com.br\/noticias\/","logo":{"@type":"ImageObject","inLanguage":"pt-BR","@id":"https:\/\/www.suno.com.br\/noticias\/#\/schema\/logo\/image\/","url":"https:\/\/files.sunoresearch.com.br\/n\/uploads\/2021\/09\/suno-logo.png","contentUrl":"https:\/\/files.sunoresearch.com.br\/n\/uploads\/2021\/09\/suno-logo.png","width":180,"height":180,"caption":"Suno Not\u00edcias"},"image":{"@id":"https:\/\/www.suno.com.br\/noticias\/#\/schema\/logo\/image\/"},"sameAs":["https:\/\/facebook.com\/sunoresearch","https:\/\/x.com\/sunoresearch","https:\/\/www.instagram.com\/suno","https:\/\/www.linkedin.com\/company\/suno-research\/","https:\/\/www.youtube.com\/c\/sunoresearch"]},{"@type":"Person","@id":"https:\/\/www.suno.com.br\/noticias\/#\/schema\/person\/c1b1bd3727fa852bd045e9dbff3673ea","name":"Reda\u00e7\u00e3o Suno Not\u00edcias","image":{"@type":"ImageObject","inLanguage":"pt-BR","@id":"https:\/\/www.suno.com.br\/noticias\/#\/schema\/person\/image\/","url":"https:\/\/secure.gravatar.com\/avatar\/b8104b9b5a71985d5238ee59fbe418af?s=96&r=g","contentUrl":"https:\/\/secure.gravatar.com\/avatar\/b8104b9b5a71985d5238ee59fbe418af?s=96&r=g","caption":"Reda\u00e7\u00e3o Suno Not\u00edcias"},"description":"O Suno Not\u00edcias \u00e9 um portal de informa\u00e7\u00f5es sobre Mercado Financeiro, Pol\u00edtica, Neg\u00f3cios, Economia e Finan\u00e7as Pessoais.","sameAs":["https:\/\/www.suno.com.br\/noticias","https:\/\/www.facebook.com\/sunonoticias\/","https:\/\/www.instagram.com\/sunonoticias\/","https:\/\/x.com\/https:\/\/twitter.com\/sunoresearch","https:\/\/www.youtube.com\/sunonoticias"],"url":"https:\/\/www.suno.com.br\/noticias\/author\/redacao-suno\/"}]}},"default_loop_html":"<div class=\"cardsPage__listCard__boxs\"><div class=\"cardsPage__listCard__boxs__img\"><a href=\"https:\/\/www.suno.com.br\/noticias\/veja-quem-precisa-declarar-o-imposto-de-renda-em-2025\/\"><img class=\"mask\" src=\"https:\/\/www.suno.com.br\/noticias\/wp-content\/themes\/suno\/resources\/images\/spotlight\/spotlight1img\/bg-mask.png\" alt=\"Image Mask\"\/><img src=\"https:\/\/files.sunoresearch.com.br\/n\/uploads\/2023\/07\/consulta-imposto-renda-2023-1-400x200.jpg\" alt=\"Veja quem precisa declarar o imposto de renda em 2025\"\/><\/a><span class=\"spotlightCategory\"><a href=\"https:\/\/www.suno.com.br\/noticias\/economia\/\">Economia<\/a><\/span><\/div><div class=\"cardsPage__listCard__boxs__content\"><a href=\"https:\/\/www.suno.com.br\/noticias\/veja-quem-precisa-declarar-o-imposto-de-renda-em-2025\/\"><h2 class=\"content__title\">Veja quem precisa declarar o imposto de renda em 2025<\/h2><\/a><div class=\"newsContent__article__meta\"><div class=\"newsContent__article__meta__authorBox\"><a href=\"https:\/\/www.suno.com.br\/noticias\/author\/redacao-suno\/\" class=\"authorBox__avatar noMobi\"><img src=\"https:\/\/files.sunoresearch.com.br\/n\/uploads\/2020\/08\/0ace682d-redacao-1-150x150.webp\" alt=\"Reda\u00e7\u00e3o Suno Not\u00edcias\"><\/a><div class=\"authorBox__name\"><span>por\n\t\t\t<a href=\"https:\/\/www.suno.com.br\/noticias\/author\/redacao-suno\/\"><span itemprop=\"author\">Reda\u00e7\u00e3o Suno Not\u00edcias<\/span><\/a><\/span><time datetime=\"2025-03-22T14:49:07-03:00\" itemprop=\"datePublished\">22\/03\/2025 14:49<\/time><\/div><\/div><\/div><\/div><\/div>","single_layout":"posts","amp_enabled":true,"_links":{"self":[{"href":"https:\/\/www.suno.com.br\/noticias\/wp-json\/wp\/v2\/posts\/598805"}],"collection":[{"href":"https:\/\/www.suno.com.br\/noticias\/wp-json\/wp\/v2\/posts"}],"about":[{"href":"https:\/\/www.suno.com.br\/noticias\/wp-json\/wp\/v2\/types\/post"}],"author":[{"embeddable":true,"href":"https:\/\/www.suno.com.br\/noticias\/wp-json\/wp\/v2\/users\/43"}],"replies":[{"embeddable":true,"href":"https:\/\/www.suno.com.br\/noticias\/wp-json\/wp\/v2\/comments?post=598805"}],"version-history":[{"count":1,"href":"https:\/\/www.suno.com.br\/noticias\/wp-json\/wp\/v2\/posts\/598805\/revisions"}],"predecessor-version":[{"id":598809,"href":"https:\/\/www.suno.com.br\/noticias\/wp-json\/wp\/v2\/posts\/598805\/revisions\/598809"}],"wp:featuredmedia":[{"embeddable":true,"href":"https:\/\/www.suno.com.br\/noticias\/wp-json\/wp\/v2\/media\/426368"}],"wp:attachment":[{"href":"https:\/\/www.suno.com.br\/noticias\/wp-json\/wp\/v2\/media?parent=598805"}],"wp:term":[{"taxonomy":"category","embeddable":true,"href":"https:\/\/www.suno.com.br\/noticias\/wp-json\/wp\/v2\/categories?post=598805"},{"taxonomy":"post_tag","embeddable":true,"href":"https:\/\/www.suno.com.br\/noticias\/wp-json\/wp\/v2\/tags?post=598805"},{"taxonomy":"suno_strategy","embeddable":true,"href":"https:\/\/www.suno.com.br\/noticias\/wp-json\/wp\/v2\/suno_strategy?post=598805"}],"curies":[{"name":"wp","href":"https:\/\/api.w.org\/{rel}","templated":true}]}}