{"id":59858,"date":"2020-04-02T13:03:55","date_gmt":"2020-04-02T16:03:55","guid":{"rendered":"https:\/\/www.suno.com.br\/noticias\/?p=59858"},"modified":"2020-04-02T13:03:55","modified_gmt":"2020-04-02T16:03:55","slug":"ipo-crise-do-coronavirus-faz-com-que-ofertas-sejam-adiadas","status":"publish","type":"post","link":"https:\/\/www.suno.com.br\/noticias\/ipo-crise-do-coronavirus-faz-com-que-ofertas-sejam-adiadas\/","title":{"rendered":"IPO: crise do coronav\u00edrus faz com que ofertas sejam adiadas"},"content":{"rendered":"<p>O ano de 2020 parecia ser positivo para as empresas que pretendiam abrir o capital na <strong><a href=\"https:\/\/www.suno.com.br\/artigos\/b3\/\">bolsa de valores de S\u00e3o Paulo (B3)<\/a><\/strong>. Com um n\u00famero recorde de investidores e <a href=\"https:\/\/www.suno.com.br\/artigos\/bull-market\/\">o bull market com for\u00e7a<\/a>, a ideia de captar dinheiro no mercado acion\u00e1rio em um <strong>IPO<\/strong>, vendendo uma participa\u00e7\u00e3o da companhia por um bom pre\u00e7o, parecia ser \u00f3bvia.<\/p>\t<div class=\"wrapper-featured-image\">\n\t\t<figure class=\"spotlightImg\">\n\n\t\t\t<picture>\n\t\t\t\t<source media=\"(max-width: 768px)\" srcset=\"https:\/\/files.sunoresearch.com.br\/n\/uploads\/2019\/12\/e1edaf9e-b3-400x200.webp\">\n\t\t\t\t<img loading=\"lazy\" decoding=\"async\" class=\"newsContent__article__imgCapa lazyloadDisabled newsContent__article__imgCapa--noCaption\" src=\"https:\/\/files.sunoresearch.com.br\/n\/uploads\/2019\/12\/e1edaf9e-b3-jpg.webp\" width=\"800\" height=\"450\" alt=\"IPO: crise do coronav\u00edrus faz com que ofertas sejam adiadas\" fetchpriority=high \/>\n\t\t\t<\/picture>\n\n\t\t\t<figcaption class=\"wp-caption-text wp-caption-text--hide\">Os hor\u00e1rio de funcionamento da B3 ser\u00e3o alterados devido ao fim do hor\u00e1rio de ver\u00e7\u00e3o nos Estados Unidos<\/figcaption>\n\t\t<\/figure>\n\t<\/div>\n\n\n\n<p>Mas, n\u00e3o mais que de repente, o <strong>coronav\u00edrus (covid-19)<\/strong> chegou e arrasou os mercados. O <strong>Ibovespa<\/strong>, principal \u00edndice acion\u00e1rio do Pa\u00eds, despencou 30% apenas em mar\u00e7o.<\/p>\n<p>A queda assustou os agentes e tamb\u00e9m as empresas. Com menos disposi\u00e7\u00e3o ao risco, 25% dos pedidos de <a href=\"https:\/\/www.suno.com.br\/artigos\/vale-pena-investir-em-um-ipo\/\">ofertas p\u00fablicas iniciais de a\u00e7\u00f5es (<strong>IPO)<\/strong><\/a>\u00a0que j\u00e1 haviam sido registrado neste ano foram adiados at\u00e9 esta quarta-feira (1).<\/p>\n<p>Confira as empresas que j\u00e1 adiaram o IPO:<\/p>\n<ul>\n<li>Igu\u00e1 &#8211; Interrompida at\u00e9: 10\/09\/2020 &#8211; falei<\/li>\n<li>Vamos &#8211; Interrompida at\u00e9: 03\/12\/2020<\/li>\n<li>Pet Center &#8211; Interrompida at\u00e9: 17\/12\/2020<\/li>\n<li>Caixa Seguridade &#8211; Interrompida at\u00e9: 03\/12\/2020<\/li>\n<li>All Park &#8211; Ainda sem previs\u00e3o<\/li>\n<\/ul>\n<p>Segundo especialistas ouvidos pelo <strong>SUNO Not\u00edcias<\/strong>, a volatilidade dos mercados dado a incerteza do impacto da crise do coronav\u00edrus (covid-19) na economia e a possibilidade de a empresa captar menos dinheiro no mercado fazem com que os IPOs sejam adiados.<\/p>\n<p>&#8220;Tivemos uma queda de 40% na Bolsa desde o in\u00edcio do ano, em um ambiente de tamanha incerteza e volatilidade. As pessoas est\u00e3o vendendo e comprando baseados em pouqu\u00edssimas coisas. Ningu\u00e9m sabe realmente o que est\u00e1 acontecendo&#8221;, disse Vandyck Silveira, CEO da Trevisan.<\/p>\n<p><a href=\"https:\/\/www.suno.com.br\/nossas-assinaturas\/suno-premium\/\">Saiba mais: Oportunidades \u00fanicas surgiram com a queda na bolsa! Aproveite e acesse agora nossos relat\u00f3rios para assinantes.<\/a><\/p>\n<p>&#8220;N\u00e3o existe espa\u00e7o mental para investidores institucionais, que est\u00e3o em processo de prote\u00e7\u00e3o de caixa, de investimentos, analisar novos IPOs. Assim, h\u00e1 menos gente interessada nas ofertas, o que diminui o dinheiro captado pelas empresas&#8221;, completou.<\/p>\n<p>Procuradas, as empresas n\u00e3o se manifestaram sobre os adiamentos.<\/p>\n<h2>2020 parecia ser ano hist\u00f3rico; quedas adiam IPO<\/h2>\n<p>A onda que atingiu o mercado acion\u00e1rio parecia ter ares de brasilidade e ser algo exclusivamente do Pa\u00eds. Enquanto os EUA registraram apenas tr\u00eas pedidos de IPO no ano passado, o Brasil ficou com quatro.<\/p>\n<p>O \u201cboom\u201d, por\u00e9m, veio mesmo neste ano. Nada menos que 20 pedidos de abertura de capital na <a href=\"https:\/\/www.suno.com.br\/artigos\/b3\/\">B3 j\u00e1 foram protocolados at\u00e9 o in\u00edcio de mar\u00e7o.<\/a><\/p>\n<p>Tudo parecia ser favor\u00e1vel ao mercado acion\u00e1rio brasileiro. N\u00famero recorde de pessoas f\u00edsicas na B3, \u00edndices em alta e novas empresas entrando no mercado.<\/p>\n\t<p>\n\t\t<a href=\"https:\/\/lp.statusinvest.com.br\/ao\/assessoria-status-invest\/\" target=\"_blank\" data-element=\"shortcode-suno-banner\" title=\"Banner SUNO, clique e saiba mais\">\n\t\t\t<picture>\n\t\t\t\t<source media=\"(max-width: 500px)\" srcset=\"https:\/\/files.sunoresearch.com.br\/n\/uploads\/2024\/03\/400x300-Mobile.png\">\n\t\t\t\t<img class=\"newsContent__article__imgCapa newsContent__article__imgCapa--banner\"\n\t\t\t\t\tsrc=\"https:\/\/files.sunoresearch.com.br\/n\/uploads\/2024\/03\/1420x240-Desktop.png\"\n\t\t\t\t\tdata-promo-id=\"537248\"\t\t\t\t\t\t\t\t\t\twidth='1400' height='240'\t\t\t\t\talt=\"https:\/\/files.sunoresearch.com.br\/n\/uploads\/2024\/03\/1420x240-Desktop.png\"\n\t\t\t\t>\n\t\t\t<\/picture>\n\t\t<\/a>\n\t<\/p>\n\n\n<p>Os pedidos de IPOs seguiam uma l\u00f3gica baseada na redu\u00e7\u00e3o da taxa b\u00e1sica de juros, a Selic, e na expectativa da retomada.<\/p>\n<p>Mas, nos primeiros dias de mar\u00e7o, o coronav\u00edrus (covid-19) chegou ao Brasil, arrastando o Pa\u00eds a uma quarentena, derrubando o consumo e, consequentemente, arrastando a economia para baixo.<\/p>\n<p>A retomada n\u00e3o vai acontecer. Com a frustra\u00e7\u00e3o, obviamente, o mercado tamb\u00e9m caiu.<\/p>\n<h2>Quedas fazem empresas captar menos<\/h2>\n<p>Com tal queda do mercado, as empresas preferem esperar um momento de menos pessimismo no mercado para, dessa forma, captar mais dinheiro \u00e0 opera\u00e7\u00e3o.<\/p>\n\t<p>\n\t\t<a href=\"https:\/\/lp.suno.com.br\/nossas-assinaturas\/?utm_campaign=_SNC8166F3A4_\" target=\"_blank\" data-element=\"shortcode-suno-banner\" title=\"Banner SUNO, clique e saiba mais\">\n\t\t\t<picture>\n\t\t\t\t<source media=\"(max-width: 500px)\" srcset=\"https:\/\/files.sunoresearch.com.br\/n\/uploads\/2025\/08\/Artigos-e-Noticias-Banner-Materias-01-Mobile_-400x300-1-png.webp\">\n\t\t\t\t<img class=\"newsContent__article__imgCapa newsContent__article__imgCapa--banner\"\n\t\t\t\t\tsrc=\"https:\/\/files.sunoresearch.com.br\/n\/uploads\/2025\/08\/Artigos-e-Noticias-Banner-Materias-01-Desktop_-1420x240-4-png.webp\"\n\t\t\t\t\tdata-promo-id=\"620371\"\t\t\t\t\t\t\t\t\t\twidth='1420' height='240'\t\t\t\t\talt=\"https:\/\/files.sunoresearch.com.br\/n\/uploads\/2025\/08\/Artigos-e-Noticias-Banner-Materias-01-Desktop_-1420x240-4-png.webp\"\n\t\t\t\t>\n\t\t\t<\/picture>\n\t\t<\/a>\n\t<\/p>\n\n\n<p>&#8220;As empresas que estavam planejando ir ao mercado iriam arrecadar bem menos dinheiro. Mas muito mesmo. Ent\u00e3o, para os atuais acionistas, n\u00e3o \u00e9 interessante vender a participa\u00e7\u00e3o agora&#8221;, disse Jo\u00e3o Arthur Almeida, analista de investimentos do SUNO Research.<\/p>\n<p>Al\u00e9m disso, a queda dos \u00edndices tamb\u00e9m deixaram empresas mais s\u00f3lidas e com mais tempo no mercado mais baratas, aumentando a competi\u00e7\u00e3o e diminuindo o hype das novas companhias para com os investidores.<\/p>\n<p>&#8220;Tem op\u00e7\u00f5es de empresas com hist\u00f3rico maior e mais consolidados, com um <em>valuation<\/em> mais baixo. Ent\u00e3o, esse somat\u00f3rio dos fatores traz essa queda na demanda por <strong>IPOs<\/strong>&#8220;, afirmou Almeida.<\/p>\n\n","protected":false},"excerpt":{"rendered":"<p>O ano de 2020 parecia ser positivo para as empresas que pretendiam abrir o capital na bolsa de valores de S\u00e3o Paulo (B3). Com um n\u00famero recorde de investidores e o bull market com for\u00e7a, a ideia de captar dinheiro no mercado acion\u00e1rio em um IPO, vendendo uma participa\u00e7\u00e3o da companhia por um bom pre\u00e7o, [&hellip;]<\/p>\n","protected":false},"author":27,"featured_media":46681,"comment_status":"closed","ping_status":"closed","sticky":false,"template":"","format":"standard","meta":[],"categories":[60],"tags":[2487,5255,319],"suno_strategy":[],"class_list":["post-59858","post","type-post","status-publish","format-standard","has-post-thumbnail","hentry","category-mercado","tag-coronavirus","tag-covid-19","tag-ipo-oferta-inicial-de-acoes"],"yoast_head":"<!-- This site is optimized with the Yoast SEO plugin v24.4 - https:\/\/yoast.com\/wordpress\/plugins\/seo\/ -->\n<title>IPO: crise do coronav\u00edrus faz com que ofertas sejam adiadas<\/title>\n<meta name=\"description\" content=\"Crise causada pelo coronav\u00edrus (covid-19) fez com que 25% das empresas que j\u00e1 haviam anunciado um IPO suspendessem a oferta. Clique para ler.\" \/>\n<meta name=\"robots\" content=\"index, follow, max-snippet:-1, max-image-preview:large, max-video-preview:-1\" \/>\n<link rel=\"canonical\" href=\"https:\/\/www.suno.com.br\/noticias\/ipo-crise-do-coronavirus-faz-com-que-ofertas-sejam-adiadas\/\" \/>\n<meta property=\"og:locale\" content=\"pt_BR\" \/>\n<meta property=\"og:type\" content=\"article\" \/>\n<meta property=\"og:title\" content=\"IPO: crise do coronav\u00edrus faz com que ofertas sejam adiadas\" \/>\n<meta property=\"og:description\" content=\"Crise causada pelo coronav\u00edrus (covid-19) fez com que 25% das empresas que j\u00e1 haviam anunciado um IPO suspendessem a oferta. Clique para ler.\" \/>\n<meta property=\"og:url\" content=\"https:\/\/www.suno.com.br\/noticias\/ipo-crise-do-coronavirus-faz-com-que-ofertas-sejam-adiadas\/\" \/>\n<meta property=\"og:site_name\" content=\"Suno Not\u00edcias\" \/>\n<meta property=\"article:publisher\" content=\"https:\/\/facebook.com\/sunoresearch\" \/>\n<meta property=\"og:image\" content=\"https:\/\/files.sunoresearch.com.br\/n\/uploads\/2019\/12\/e1edaf9e-b3.jpg\" \/>\n\t<meta property=\"og:image:width\" content=\"770\" \/>\n\t<meta property=\"og:image:height\" content=\"400\" \/>\n\t<meta property=\"og:image:type\" content=\"image\/jpeg\" \/>\n<meta name=\"author\" content=\"Vinicius Pereira\" \/>\n<meta name=\"twitter:card\" content=\"summary_large_image\" \/>\n<meta name=\"twitter:creator\" content=\"@https:\/\/twitter.com\/viniciuspjornal\" \/>\n<meta name=\"twitter:site\" content=\"@sunoresearch\" \/>\n<meta name=\"twitter:label1\" content=\"Escrito por\" \/>\n\t<meta name=\"twitter:data1\" content=\"Vinicius Pereira\" \/>\n\t<meta name=\"twitter:label2\" content=\"Est. tempo de leitura\" \/>\n\t<meta name=\"twitter:data2\" content=\"3 minutos\" \/>\n<script type=\"application\/ld+json\" class=\"yoast-schema-graph\">{\"@context\":\"https:\/\/schema.org\",\"@graph\":[{\"@type\":\"NewsArticle\",\"@id\":\"https:\/\/www.suno.com.br\/noticias\/ipo-crise-do-coronavirus-faz-com-que-ofertas-sejam-adiadas\/#article\",\"isPartOf\":{\"@id\":\"https:\/\/www.suno.com.br\/noticias\/ipo-crise-do-coronavirus-faz-com-que-ofertas-sejam-adiadas\/\"},\"author\":{\"name\":\"Vinicius Pereira\",\"@id\":\"https:\/\/www.suno.com.br\/noticias\/#\/schema\/person\/a20761b96e4df7eb57f1f9e41be1dbf3\"},\"headline\":\"IPO: crise do coronav\u00edrus faz com que ofertas sejam adiadas\",\"datePublished\":\"2020-04-02T16:03:55+00:00\",\"mainEntityOfPage\":{\"@id\":\"https:\/\/www.suno.com.br\/noticias\/ipo-crise-do-coronavirus-faz-com-que-ofertas-sejam-adiadas\/\"},\"wordCount\":663,\"publisher\":{\"@id\":\"https:\/\/www.suno.com.br\/noticias\/#organization\"},\"image\":{\"@id\":\"https:\/\/www.suno.com.br\/noticias\/ipo-crise-do-coronavirus-faz-com-que-ofertas-sejam-adiadas\/#primaryimage\"},\"thumbnailUrl\":\"https:\/\/files.sunoresearch.com.br\/n\/uploads\/2019\/12\/e1edaf9e-b3-jpg.webp\",\"keywords\":[\"coronav\u00edrus\",\"covid-19\",\"IPO (Oferta Inicial de A\u00e7\u00f5es)\"],\"articleSection\":[\"Mercado\"],\"inLanguage\":\"pt-BR\"},{\"@type\":\"WebPage\",\"@id\":\"https:\/\/www.suno.com.br\/noticias\/ipo-crise-do-coronavirus-faz-com-que-ofertas-sejam-adiadas\/\",\"url\":\"https:\/\/www.suno.com.br\/noticias\/ipo-crise-do-coronavirus-faz-com-que-ofertas-sejam-adiadas\/\",\"name\":\"IPO: crise do coronav\u00edrus faz com que ofertas sejam adiadas\",\"isPartOf\":{\"@id\":\"https:\/\/www.suno.com.br\/noticias\/#website\"},\"primaryImageOfPage\":{\"@id\":\"https:\/\/www.suno.com.br\/noticias\/ipo-crise-do-coronavirus-faz-com-que-ofertas-sejam-adiadas\/#primaryimage\"},\"image\":{\"@id\":\"https:\/\/www.suno.com.br\/noticias\/ipo-crise-do-coronavirus-faz-com-que-ofertas-sejam-adiadas\/#primaryimage\"},\"thumbnailUrl\":\"https:\/\/files.sunoresearch.com.br\/n\/uploads\/2019\/12\/e1edaf9e-b3-jpg.webp\",\"datePublished\":\"2020-04-02T16:03:55+00:00\",\"description\":\"Crise causada pelo coronav\u00edrus (covid-19) fez com que 25% das empresas que j\u00e1 haviam anunciado um IPO suspendessem a oferta. Clique para ler.\",\"breadcrumb\":{\"@id\":\"https:\/\/www.suno.com.br\/noticias\/ipo-crise-do-coronavirus-faz-com-que-ofertas-sejam-adiadas\/#breadcrumb\"},\"inLanguage\":\"pt-BR\",\"potentialAction\":[{\"@type\":\"ReadAction\",\"target\":[\"https:\/\/www.suno.com.br\/noticias\/ipo-crise-do-coronavirus-faz-com-que-ofertas-sejam-adiadas\/\"]}]},{\"@type\":\"ImageObject\",\"inLanguage\":\"pt-BR\",\"@id\":\"https:\/\/www.suno.com.br\/noticias\/ipo-crise-do-coronavirus-faz-com-que-ofertas-sejam-adiadas\/#primaryimage\",\"url\":\"https:\/\/files.sunoresearch.com.br\/n\/uploads\/2019\/12\/e1edaf9e-b3-jpg.webp\",\"contentUrl\":\"https:\/\/files.sunoresearch.com.br\/n\/uploads\/2019\/12\/e1edaf9e-b3-jpg.webp\",\"width\":770,\"height\":400,\"caption\":\"Os hor\u00e1rio de funcionamento da B3 ser\u00e3o alterados devido ao fim do hor\u00e1rio de ver\u00e7\u00e3o nos Estados Unidos\"},{\"@type\":\"BreadcrumbList\",\"@id\":\"https:\/\/www.suno.com.br\/noticias\/ipo-crise-do-coronavirus-faz-com-que-ofertas-sejam-adiadas\/#breadcrumb\",\"itemListElement\":[{\"@type\":\"ListItem\",\"position\":1,\"name\":\"Not\u00edcias\",\"item\":\"https:\/\/www.suno.com.br\/noticias\/\"},{\"@type\":\"ListItem\",\"position\":2,\"name\":\"Mercado\",\"item\":\"https:\/\/www.suno.com.br\/noticias\/mercado\/\"},{\"@type\":\"ListItem\",\"position\":3,\"name\":\"IPO: crise do coronav\u00edrus faz com que ofertas sejam adiadas\"}]},{\"@type\":\"WebSite\",\"@id\":\"https:\/\/www.suno.com.br\/noticias\/#website\",\"url\":\"https:\/\/www.suno.com.br\/noticias\/\",\"name\":\"Suno Not\u00edcias\",\"description\":\"Seu portal de informa\u00e7\u00e3o sobre o mundo dos investimentos\",\"publisher\":{\"@id\":\"https:\/\/www.suno.com.br\/noticias\/#organization\"},\"potentialAction\":[{\"@type\":\"SearchAction\",\"target\":{\"@type\":\"EntryPoint\",\"urlTemplate\":\"https:\/\/www.suno.com.br\/noticias\/?s={search_term_string}\"},\"query-input\":{\"@type\":\"PropertyValueSpecification\",\"valueRequired\":true,\"valueName\":\"search_term_string\"}}],\"inLanguage\":\"pt-BR\"},{\"@type\":\"Organization\",\"@id\":\"https:\/\/www.suno.com.br\/noticias\/#organization\",\"name\":\"Suno Not\u00edcias\",\"url\":\"https:\/\/www.suno.com.br\/noticias\/\",\"logo\":{\"@type\":\"ImageObject\",\"inLanguage\":\"pt-BR\",\"@id\":\"https:\/\/www.suno.com.br\/noticias\/#\/schema\/logo\/image\/\",\"url\":\"https:\/\/files.sunoresearch.com.br\/n\/uploads\/2021\/09\/suno-logo.png\",\"contentUrl\":\"https:\/\/files.sunoresearch.com.br\/n\/uploads\/2021\/09\/suno-logo.png\",\"width\":180,\"height\":180,\"caption\":\"Suno Not\u00edcias\"},\"image\":{\"@id\":\"https:\/\/www.suno.com.br\/noticias\/#\/schema\/logo\/image\/\"},\"sameAs\":[\"https:\/\/facebook.com\/sunoresearch\",\"https:\/\/x.com\/sunoresearch\",\"https:\/\/www.instagram.com\/suno\",\"https:\/\/www.linkedin.com\/company\/suno-research\/\",\"https:\/\/www.youtube.com\/c\/sunoresearch\"]},{\"@type\":\"Person\",\"@id\":\"https:\/\/www.suno.com.br\/noticias\/#\/schema\/person\/a20761b96e4df7eb57f1f9e41be1dbf3\",\"name\":\"Vinicius Pereira\",\"image\":{\"@type\":\"ImageObject\",\"inLanguage\":\"pt-BR\",\"@id\":\"https:\/\/www.suno.com.br\/noticias\/#\/schema\/person\/image\/\",\"url\":\"https:\/\/secure.gravatar.com\/avatar\/783866b933198f5cc4c5d03fcc8b1301?s=96&r=g\",\"contentUrl\":\"https:\/\/secure.gravatar.com\/avatar\/783866b933198f5cc4c5d03fcc8b1301?s=96&r=g\",\"caption\":\"Vinicius Pereira\"},\"description\":\"Vinicius Pereira foi rep\u00f3rter de economia da Folha de S.Paulo, stringer do jornal no Canad\u00e1 e colaborador de VEJA. J\u00e1 escreveu tamb\u00e9m para BBC Brasil, The Intercept Brasil e UOL. Tem MBA em Informa\u00e7\u00f5es Econ\u00f4mico-Financeiras e Mercado de Capitais pela FIA\/B3.\",\"sameAs\":[\"https:\/\/x.com\/https:\/\/twitter.com\/viniciuspjornal\"],\"url\":\"https:\/\/www.suno.com.br\/noticias\/author\/vinicius-pereira\/\"}]}<\/script>\n<!-- \/ Yoast SEO plugin. -->","yoast_head_json":{"title":"IPO: crise do coronav\u00edrus faz com que ofertas sejam adiadas","description":"Crise causada pelo coronav\u00edrus (covid-19) fez com que 25% das empresas que j\u00e1 haviam anunciado um IPO suspendessem a oferta. Clique para ler.","robots":{"index":"index","follow":"follow","max-snippet":"max-snippet:-1","max-image-preview":"max-image-preview:large","max-video-preview":"max-video-preview:-1"},"canonical":"https:\/\/www.suno.com.br\/noticias\/ipo-crise-do-coronavirus-faz-com-que-ofertas-sejam-adiadas\/","og_locale":"pt_BR","og_type":"article","og_title":"IPO: crise do coronav\u00edrus faz com que ofertas sejam adiadas","og_description":"Crise causada pelo coronav\u00edrus (covid-19) fez com que 25% das empresas que j\u00e1 haviam anunciado um IPO suspendessem a oferta. Clique para ler.","og_url":"https:\/\/www.suno.com.br\/noticias\/ipo-crise-do-coronavirus-faz-com-que-ofertas-sejam-adiadas\/","og_site_name":"Suno Not\u00edcias","article_publisher":"https:\/\/facebook.com\/sunoresearch","og_image":[{"width":770,"height":400,"url":"https:\/\/files.sunoresearch.com.br\/n\/uploads\/2019\/12\/e1edaf9e-b3.jpg","type":"image\/jpeg"}],"author":"Vinicius Pereira","twitter_card":"summary_large_image","twitter_creator":"@https:\/\/twitter.com\/viniciuspjornal","twitter_site":"@sunoresearch","twitter_misc":{"Escrito por":"Vinicius Pereira","Est. tempo de leitura":"3 minutos"},"schema":{"@context":"https:\/\/schema.org","@graph":[{"@type":"NewsArticle","@id":"https:\/\/www.suno.com.br\/noticias\/ipo-crise-do-coronavirus-faz-com-que-ofertas-sejam-adiadas\/#article","isPartOf":{"@id":"https:\/\/www.suno.com.br\/noticias\/ipo-crise-do-coronavirus-faz-com-que-ofertas-sejam-adiadas\/"},"author":{"name":"Vinicius Pereira","@id":"https:\/\/www.suno.com.br\/noticias\/#\/schema\/person\/a20761b96e4df7eb57f1f9e41be1dbf3"},"headline":"IPO: crise do coronav\u00edrus faz com que ofertas sejam adiadas","datePublished":"2020-04-02T16:03:55+00:00","mainEntityOfPage":{"@id":"https:\/\/www.suno.com.br\/noticias\/ipo-crise-do-coronavirus-faz-com-que-ofertas-sejam-adiadas\/"},"wordCount":663,"publisher":{"@id":"https:\/\/www.suno.com.br\/noticias\/#organization"},"image":{"@id":"https:\/\/www.suno.com.br\/noticias\/ipo-crise-do-coronavirus-faz-com-que-ofertas-sejam-adiadas\/#primaryimage"},"thumbnailUrl":"https:\/\/files.sunoresearch.com.br\/n\/uploads\/2019\/12\/e1edaf9e-b3-jpg.webp","keywords":["coronav\u00edrus","covid-19","IPO (Oferta Inicial de A\u00e7\u00f5es)"],"articleSection":["Mercado"],"inLanguage":"pt-BR"},{"@type":"WebPage","@id":"https:\/\/www.suno.com.br\/noticias\/ipo-crise-do-coronavirus-faz-com-que-ofertas-sejam-adiadas\/","url":"https:\/\/www.suno.com.br\/noticias\/ipo-crise-do-coronavirus-faz-com-que-ofertas-sejam-adiadas\/","name":"IPO: crise do coronav\u00edrus faz com que ofertas sejam adiadas","isPartOf":{"@id":"https:\/\/www.suno.com.br\/noticias\/#website"},"primaryImageOfPage":{"@id":"https:\/\/www.suno.com.br\/noticias\/ipo-crise-do-coronavirus-faz-com-que-ofertas-sejam-adiadas\/#primaryimage"},"image":{"@id":"https:\/\/www.suno.com.br\/noticias\/ipo-crise-do-coronavirus-faz-com-que-ofertas-sejam-adiadas\/#primaryimage"},"thumbnailUrl":"https:\/\/files.sunoresearch.com.br\/n\/uploads\/2019\/12\/e1edaf9e-b3-jpg.webp","datePublished":"2020-04-02T16:03:55+00:00","description":"Crise causada pelo coronav\u00edrus (covid-19) fez com que 25% das empresas que j\u00e1 haviam anunciado um IPO suspendessem a oferta. Clique para ler.","breadcrumb":{"@id":"https:\/\/www.suno.com.br\/noticias\/ipo-crise-do-coronavirus-faz-com-que-ofertas-sejam-adiadas\/#breadcrumb"},"inLanguage":"pt-BR","potentialAction":[{"@type":"ReadAction","target":["https:\/\/www.suno.com.br\/noticias\/ipo-crise-do-coronavirus-faz-com-que-ofertas-sejam-adiadas\/"]}]},{"@type":"ImageObject","inLanguage":"pt-BR","@id":"https:\/\/www.suno.com.br\/noticias\/ipo-crise-do-coronavirus-faz-com-que-ofertas-sejam-adiadas\/#primaryimage","url":"https:\/\/files.sunoresearch.com.br\/n\/uploads\/2019\/12\/e1edaf9e-b3-jpg.webp","contentUrl":"https:\/\/files.sunoresearch.com.br\/n\/uploads\/2019\/12\/e1edaf9e-b3-jpg.webp","width":770,"height":400,"caption":"Os hor\u00e1rio de funcionamento da B3 ser\u00e3o alterados devido ao fim do hor\u00e1rio de ver\u00e7\u00e3o nos Estados Unidos"},{"@type":"BreadcrumbList","@id":"https:\/\/www.suno.com.br\/noticias\/ipo-crise-do-coronavirus-faz-com-que-ofertas-sejam-adiadas\/#breadcrumb","itemListElement":[{"@type":"ListItem","position":1,"name":"Not\u00edcias","item":"https:\/\/www.suno.com.br\/noticias\/"},{"@type":"ListItem","position":2,"name":"Mercado","item":"https:\/\/www.suno.com.br\/noticias\/mercado\/"},{"@type":"ListItem","position":3,"name":"IPO: crise do coronav\u00edrus faz com que ofertas sejam adiadas"}]},{"@type":"WebSite","@id":"https:\/\/www.suno.com.br\/noticias\/#website","url":"https:\/\/www.suno.com.br\/noticias\/","name":"Suno Not\u00edcias","description":"Seu portal de informa\u00e7\u00e3o sobre o mundo dos investimentos","publisher":{"@id":"https:\/\/www.suno.com.br\/noticias\/#organization"},"potentialAction":[{"@type":"SearchAction","target":{"@type":"EntryPoint","urlTemplate":"https:\/\/www.suno.com.br\/noticias\/?s={search_term_string}"},"query-input":{"@type":"PropertyValueSpecification","valueRequired":true,"valueName":"search_term_string"}}],"inLanguage":"pt-BR"},{"@type":"Organization","@id":"https:\/\/www.suno.com.br\/noticias\/#organization","name":"Suno Not\u00edcias","url":"https:\/\/www.suno.com.br\/noticias\/","logo":{"@type":"ImageObject","inLanguage":"pt-BR","@id":"https:\/\/www.suno.com.br\/noticias\/#\/schema\/logo\/image\/","url":"https:\/\/files.sunoresearch.com.br\/n\/uploads\/2021\/09\/suno-logo.png","contentUrl":"https:\/\/files.sunoresearch.com.br\/n\/uploads\/2021\/09\/suno-logo.png","width":180,"height":180,"caption":"Suno Not\u00edcias"},"image":{"@id":"https:\/\/www.suno.com.br\/noticias\/#\/schema\/logo\/image\/"},"sameAs":["https:\/\/facebook.com\/sunoresearch","https:\/\/x.com\/sunoresearch","https:\/\/www.instagram.com\/suno","https:\/\/www.linkedin.com\/company\/suno-research\/","https:\/\/www.youtube.com\/c\/sunoresearch"]},{"@type":"Person","@id":"https:\/\/www.suno.com.br\/noticias\/#\/schema\/person\/a20761b96e4df7eb57f1f9e41be1dbf3","name":"Vinicius Pereira","image":{"@type":"ImageObject","inLanguage":"pt-BR","@id":"https:\/\/www.suno.com.br\/noticias\/#\/schema\/person\/image\/","url":"https:\/\/secure.gravatar.com\/avatar\/783866b933198f5cc4c5d03fcc8b1301?s=96&r=g","contentUrl":"https:\/\/secure.gravatar.com\/avatar\/783866b933198f5cc4c5d03fcc8b1301?s=96&r=g","caption":"Vinicius Pereira"},"description":"Vinicius Pereira foi rep\u00f3rter de economia da Folha de S.Paulo, stringer do jornal no Canad\u00e1 e colaborador de VEJA. J\u00e1 escreveu tamb\u00e9m para BBC Brasil, The Intercept Brasil e UOL. Tem MBA em Informa\u00e7\u00f5es Econ\u00f4mico-Financeiras e Mercado de Capitais pela FIA\/B3.","sameAs":["https:\/\/x.com\/https:\/\/twitter.com\/viniciuspjornal"],"url":"https:\/\/www.suno.com.br\/noticias\/author\/vinicius-pereira\/"}]}},"default_loop_html":"<div class=\"cardsPage__listCard__boxs\"><div class=\"cardsPage__listCard__boxs__img\"><a href=\"https:\/\/www.suno.com.br\/noticias\/ipo-crise-do-coronavirus-faz-com-que-ofertas-sejam-adiadas\/\"><img class=\"mask\" src=\"https:\/\/www.suno.com.br\/noticias\/wp-content\/themes\/suno\/resources\/images\/spotlight\/spotlight1img\/bg-mask.png\" alt=\"Image Mask\"\/><img src=\"https:\/\/files.sunoresearch.com.br\/n\/uploads\/2019\/12\/e1edaf9e-b3-400x200.webp\" alt=\"IPO: crise do coronav\u00edrus faz com que ofertas sejam adiadas\"\/><\/a><span class=\"spotlightCategory\"><a href=\"https:\/\/www.suno.com.br\/noticias\/mercado\/\">Mercado<\/a><\/span><\/div><div class=\"cardsPage__listCard__boxs__content\"><a href=\"https:\/\/www.suno.com.br\/noticias\/ipo-crise-do-coronavirus-faz-com-que-ofertas-sejam-adiadas\/\"><h2 class=\"content__title\">IPO: crise do coronav\u00edrus faz com que ofertas sejam adiadas<\/h2><\/a><div class=\"newsContent__article__meta\"><div class=\"newsContent__article__meta__authorBox\"><a href=\"https:\/\/www.suno.com.br\/noticias\/author\/vinicius-pereira\/\" class=\"authorBox__avatar noMobi\"><img src=\"https:\/\/files.sunoresearch.com.br\/n\/uploads\/2020\/08\/77510613-whatsapp-image-2020-08-03-at-13.40.40-150x150.webp\" alt=\"Vinicius Pereira\"><\/a><div class=\"authorBox__name\"><span>por\n\t\t\t<a href=\"https:\/\/www.suno.com.br\/noticias\/author\/vinicius-pereira\/\"><span itemprop=\"author\">Vinicius Pereira<\/span><\/a><\/span><time datetime=\"2020-04-02T13:03:55-03:00\" itemprop=\"datePublished\">02\/04\/2020 13:03<\/time><\/div><\/div><\/div><\/div><\/div>","single_layout":"posts","amp_enabled":true,"_links":{"self":[{"href":"https:\/\/www.suno.com.br\/noticias\/wp-json\/wp\/v2\/posts\/59858"}],"collection":[{"href":"https:\/\/www.suno.com.br\/noticias\/wp-json\/wp\/v2\/posts"}],"about":[{"href":"https:\/\/www.suno.com.br\/noticias\/wp-json\/wp\/v2\/types\/post"}],"author":[{"embeddable":true,"href":"https:\/\/www.suno.com.br\/noticias\/wp-json\/wp\/v2\/users\/27"}],"replies":[{"embeddable":true,"href":"https:\/\/www.suno.com.br\/noticias\/wp-json\/wp\/v2\/comments?post=59858"}],"version-history":[{"count":0,"href":"https:\/\/www.suno.com.br\/noticias\/wp-json\/wp\/v2\/posts\/59858\/revisions"}],"wp:featuredmedia":[{"embeddable":true,"href":"https:\/\/www.suno.com.br\/noticias\/wp-json\/wp\/v2\/media\/46681"}],"wp:attachment":[{"href":"https:\/\/www.suno.com.br\/noticias\/wp-json\/wp\/v2\/media?parent=59858"}],"wp:term":[{"taxonomy":"category","embeddable":true,"href":"https:\/\/www.suno.com.br\/noticias\/wp-json\/wp\/v2\/categories?post=59858"},{"taxonomy":"post_tag","embeddable":true,"href":"https:\/\/www.suno.com.br\/noticias\/wp-json\/wp\/v2\/tags?post=59858"},{"taxonomy":"suno_strategy","embeddable":true,"href":"https:\/\/www.suno.com.br\/noticias\/wp-json\/wp\/v2\/suno_strategy?post=59858"}],"curies":[{"name":"wp","href":"https:\/\/api.w.org\/{rel}","templated":true}]}}