{"id":598430,"date":"2025-03-19T14:25:15","date_gmt":"2025-03-19T17:25:15","guid":{"rendered":"https:\/\/www.suno.com.br\/noticias\/?p=598430"},"modified":"2025-03-19T14:25:22","modified_gmt":"2025-03-19T17:25:22","slug":"como-declarar-etfs-imposto-de-renda-gb","status":"publish","type":"post","link":"https:\/\/www.suno.com.br\/noticias\/como-declarar-etfs-imposto-de-renda-gb\/","title":{"rendered":"Como declarar ETFs no imposto de renda?"},"content":{"rendered":"<p>Os <strong>ETFs<\/strong> (Exchange Traded Funds) s\u00e3o fundos que agregam uma variedade de ativos em um \u00fanico produto. Essa caracter\u00edstica os torna especialmente atraentes para investidores que desejam diversificar suas carteiras de forma eficiente. &nbsp;Mas como declarar os fundos de \u00edndice no <a href=\"https:\/\/www.suno.com.br\/guias\/como-declarar-acoes-no-imposto-de-renda-2025\/\">imposto de renda<\/a>?<\/p>\t<div class=\"wrapper-featured-image\">\n\t\t<figure class=\"spotlightImg\">\n\n\t\t\t<picture>\n\t\t\t\t<source media=\"(max-width: 768px)\" srcset=\"https:\/\/files.sunoresearch.com.br\/n\/uploads\/2025\/02\/image_fx_-400x200.png\">\n\t\t\t\t<img loading=\"lazy\" decoding=\"async\" class=\"newsContent__article__imgCapa lazyloadDisabled \" src=\"https:\/\/files.sunoresearch.com.br\/n\/uploads\/2025\/02\/image_fx_-800x450.png\" width=\"800\" height=\"450\" alt=\"Como declarar ETFs no imposto de renda?\" fetchpriority=high \/>\n\t\t\t<\/picture>\n\n\t\t\t<figcaption class=\"wp-caption-text wp-caption-text--show\">Foto: ImageFX<\/figcaption>\n\t\t<\/figure>\n\t<\/div>\n\n\n\n\n\n\t<p>\n\t\t<a href=\"https:\/\/lp.suno.com.br\/ebook-guia-ir\/\" target=\"_blank\" data-element=\"shortcode-suno-banner\" title=\"Banner SUNO, clique e saiba mais\">\n\t\t\t<picture>\n\t\t\t\t<source media=\"(max-width: 500px)\" srcset=\"https:\/\/files.sunoresearch.com.br\/n\/uploads\/2023\/03\/400x300-Ebook-IR.png\">\n\t\t\t\t<img class=\"newsContent__article__imgCapa newsContent__article__imgCapa--banner\"\n\t\t\t\t\tsrc=\"https:\/\/files.sunoresearch.com.br\/n\/uploads\/2023\/03\/1420x240-Ebook-IR.png\"\n\t\t\t\t\tdata-promo-id=\"383124\"\t\t\t\t\t\t\t\t\t\twidth='1420' height='240'\t\t\t\t\talt=\"https:\/\/files.sunoresearch.com.br\/n\/uploads\/2023\/03\/1420x240-Ebook-IR.png\"\n\t\t\t\t>\n\t\t\t<\/picture>\n\t\t<\/a>\n\t<\/p>\n\n\n\n\n\n<p>O <strong>IR<\/strong> incide quando o investidor obt\u00e9m <a class=\"suno-keyword\" target=\"_blank\" data-force=\"no\" data-priority=\"1\" href=\"https:\/\/www.suno.com.br\/artigos\/ganho-de-capital\/\" rel=\"noopener\">ganho de capital<\/a> na venda de suas cotas, ou seja, quando h\u00e1 lucro com a opera\u00e7\u00e3o. Para garantir que tudo esteja em conformidade com a legisla\u00e7\u00e3o, \u00e9 essencial que o investidor consulte os dados do informe de rendimentos, que \u00e9 o documento fornecido pela institui\u00e7\u00e3o financeira respons\u00e1vel pelas opera\u00e7\u00f5es.<\/p>\n\n\n\n<p>Vale destacar que a corretora n\u00e3o \u00e9 obrigada a calcular os ganhos para o investidor; a responsabilidade de apurar os lucros e realizar a declara\u00e7\u00e3o corretamente recai sobre a <a class=\"suno-keyword\" target=\"_blank\" data-force=\"no\" data-priority=\"1\" href=\"https:\/\/www.suno.com.br\/artigos\/pessoa-fisica\/\" rel=\"noopener\">pessoa f\u00edsica<\/a>.&nbsp;<\/p>\n\n\n\n<p>Desde 2023, a obrigatoriedade de <strong>declarar ETFs<\/strong> est\u00e1 atrelada a dois crit\u00e9rios:<\/p>\n\n\n\n<ul class=\"wp-block-list\">\n<li>O investidor deve ter realizado vendas de ETFs que, somadas, ultrapassam R$ 40 mil no ano anterior.<\/li>\n\n\n\n<li>O investidor deve ter obtido ganhos l\u00edquidos sujeitos \u00e0 tributa\u00e7\u00e3o.<\/li>\n<\/ul>\n\n\n\n<p>Al\u00e9m disso, \u00e9 necess\u00e1rio diferenciar a decla\u00e7\u00e3o dos ETFs de renda vari\u00e1vel e dos ETFs de renda fixa.&nbsp;<\/p>\n\n\n\t<div data-element=\"shortcode-read-more\" class=\"knowMore\">\n\t\t\t\t<span class=\"knowMore__title\">Leia mais<\/span>\n\t\t\t\t<a class=\"knowMore__link\" href=\"https:\/\/www.suno.com.br\/noticias\/etfs-rendem-lista-dos-mais-rentaveis-gb\/\">\n\t\t\tETFs rendem mais de 10% ao m\u00eas; confira a lista dos mais rent\u00e1veis\t\t<\/a>\n\t<\/div>\n\n\n\n\n<h2 class=\"wp-block-heading\">ETFs de Renda Vari\u00e1vel<\/h2>\n\n\n\n<p>Os <strong>ETFs de renda vari\u00e1vel<\/strong> s\u00e3o tributados de forma semelhante \u00e0s a\u00e7\u00f5es que comp\u00f5em a bolsa de valores. A principal caracter\u00edstica a ser lembrada \u00e9 que n\u00e3o h\u00e1 isen\u00e7\u00e3o na tributa\u00e7\u00e3o, mesmo para vendas abaixo de R$ 20 mil, como ocorre para a\u00e7\u00f5es.<\/p>\n\n\n\n<p>A al\u00edquota de imposto de renda para os lucros obtidos na venda de ETFs de renda vari\u00e1vel \u00e9 de 15%. Para opera\u00e7\u00f5es de <a class=\"suno-keyword\" target=\"_blank\" data-force=\"no\" data-priority=\"2\" href=\"https:\/\/www.suno.com.br\/artigos\/day-trade\/\" rel=\"noopener\">day trade<\/a>, esta taxa sobe para 20%.&nbsp;<\/p>\n\n\n\n<p>\u00c9 importante notar que o investidor deve recolher o imposto mensalmente, utilizando uma DARF (Documento de Arrecada\u00e7\u00e3o de Receitas Federais), e o pagamento deve ser feito at\u00e9 o \u00faltimo dia do m\u00eas subsequente ao da opera\u00e7\u00e3o que gerou lucro.<\/p>\n\n\n\n<h2 class=\"wp-block-heading\">ETFs de Renda Fixa: maior praticidade na declara\u00e7\u00e3o<\/h2>\n\n\n\n<p>J\u00e1 a tributa\u00e7\u00e3o para ETFs de renda fixa ocorre de forma mais simplificada. Aqui, o imposto \u00e9 recolhido na fonte, ou seja, voc\u00ea n\u00e3o precisa se preocupar em efetuar pagamentos mensais de imposto sobre os lucros. A tributa\u00e7\u00e3o \u00e9 \u00fanica e retida na fonte da corretora, n\u00e3o havendo necessidade de pagamento de DARF, comenta Melissa Beli, RI da <strong>Investo<\/strong>, gestora de ETFs.&nbsp;<\/p>\n\n\n\n<p>Ela ressalta que o preenchimento da informa\u00e7\u00e3o \u00e9 simples: basta indicar a posse do ETF na ficha de \u201cBens e Direitos\u201d e informar os rendimentos obtidos, caso tenha alguma venda com lucro.&nbsp;<\/p>\n\n\n\n<p>Al\u00e9m disso, os ETFs de renda fixa t\u00eam sua tributa\u00e7\u00e3o baseada no prazo de perman\u00eancia do investimento. As al\u00edquotas aplic\u00e1veis s\u00e3o as seguintes:<\/p>\n\n\n\n<ul class=\"wp-block-list\">\n<li>At\u00e9 180 dias: 25%<\/li>\n\n\n\n<li>Entre 181 e 720 dias: 20%<\/li>\n\n\n\n<li>Superior a 720 dias: 15%<\/li>\n<\/ul>\n\n\n\n<p>Essa tributa\u00e7\u00e3o \u00e9 realizada no momento do resgate da aplica\u00e7\u00e3o, pagamento de rendimentos ou venda do ativo no <a class=\"suno-keyword\" target=\"_blank\" data-force=\"no\" data-priority=\"1\" href=\"https:\/\/www.suno.com.br\/artigos\/mercado-secundario\/\" rel=\"noopener\">mercado secund\u00e1rio<\/a>. Diferente de a\u00e7\u00f5es e FIIs, os preju\u00edzos em ETFs de renda fixa n\u00e3o podem ser compensados, o que reduz a complexidade na declara\u00e7\u00e3o.<\/p>\n\n\n\n<h2 class=\"wp-block-heading\"><strong>Passo a passo para declarar ETFs no Imposto de Renda<\/strong><\/h2>\n\n\n\n<p>Para declarar seus investimentos em ETFs, \u00e9 importante seguir os passos abaixo:<\/p>\n\n\n\n<ul class=\"wp-block-list\">\n<li>Entre na ficha de \u201cBens e Direitos\u201d do seu programa da Receita Federal.<\/li>\n\n\n\n<li>Sele\u00e7\u00e3o de Grupo: Escolha o grupo \u201c07 &#8211; Fundos\u201d e depois o c\u00f3digo \u201c09 \u2013 Demais Fundos de \u00cdndice de Mercado (ETFs)\u201d.<\/li>\n\n\n\n<li>Novo Registro: Clique em \u201cnovo\u201d.<\/li>\n\n\n\n<li>Preencha o CNPJ da institui\u00e7\u00e3o financeira ou corretora que administra o ETF.<\/li>\n\n\n\n<li>Na discrimina\u00e7\u00e3o, insira os dados do ETF no formato \u201cETF \u2013 Nome do ETF \u2013 N\u00famero de cotas\u201d.<\/li>\n\n\n\n<li>Situa\u00e7\u00e3o Anterior: No campo \u201cSitua\u00e7\u00e3o 31\/12\/2024\u201d, insira zerado se n\u00e3o tinha ETFs no ano anterior; caso contr\u00e1rio, mantenha o valor informado anteriormente.<\/li>\n\n\n\n<li>Situa\u00e7\u00e3o Atual: No campo \u201cSitua\u00e7\u00e3o em 31\/12\/2024\u201d, some o valor de aquisi\u00e7\u00e3o das cotas do ETF (o valor que foi pago) com os custos de corretagem.<\/li>\n<\/ul>\n\n\n\n<p>Seguindo essas orienta\u00e7\u00f5es, \u00e9 poss\u00edvel declarar os<strong> ETFs<\/strong> corretamente e em conformidade com as exig\u00eancias da Receita Federal.&nbsp;<\/p>\n\n\n\n\n\t<p>\n\t\t<a href=\"https:\/\/lp.suno.com.br\/planilha-da-vida-financeira\/\" target=\"_blank\" data-element=\"shortcode-suno-banner\" title=\"Banner SUNO, clique e saiba mais\">\n\t\t\t<picture>\n\t\t\t\t<source media=\"(max-width: 500px)\" srcset=\"https:\/\/files.sunoresearch.com.br\/n\/uploads\/2023\/04\/400x300-Planilha-vida-financeira-true.png\">\n\t\t\t\t<img class=\"newsContent__article__imgCapa newsContent__article__imgCapa--banner\"\n\t\t\t\t\tsrc=\"https:\/\/files.sunoresearch.com.br\/n\/uploads\/2023\/04\/1420x240-Planilha-vida-financeira-true.png\"\n\t\t\t\t\tdata-promo-id=\"383123\"\t\t\t\t\t\t\t\t\t\twidth='1420' height='240'\t\t\t\t\talt=\"https:\/\/files.sunoresearch.com.br\/n\/uploads\/2023\/04\/1420x240-Planilha-vida-financeira-true.png\"\n\t\t\t\t>\n\t\t\t<\/picture>\n\t\t<\/a>\n\t<\/p>\n\n\n","protected":false},"excerpt":{"rendered":"<p>Os ETFs (Exchange Traded Funds) s\u00e3o fundos que agregam uma variedade de ativos em um \u00fanico produto. Essa caracter\u00edstica os torna especialmente atraentes para investidores que desejam diversificar suas carteiras de forma eficiente. &nbsp;Mas como declarar os fundos de \u00edndice no imposto de renda? Foto: ImageFX O IR incide quando o investidor obt\u00e9m ganho de [&hellip;]<\/p>\n","protected":false},"author":172,"featured_media":595213,"comment_status":"closed","ping_status":"closed","sticky":false,"template":"","format":"standard","meta":[],"categories":[64],"tags":[1270],"suno_strategy":[],"class_list":["post-598430","post","type-post","status-publish","format-standard","has-post-thumbnail","hentry","category-negocios","tag-etfs"],"yoast_head":"<!-- This site is optimized with the Yoast SEO plugin v24.4 - https:\/\/yoast.com\/wordpress\/plugins\/seo\/ -->\n<title>Como declarar ETFs no imposto de renda?<\/title>\n<meta name=\"description\" content=\"Veja um passo a passo bastante simples de como declarar os ETFs no imposto de renda, tanto de renda fixa como de renda vari\u00e1vel.\" \/>\n<meta name=\"robots\" content=\"index, follow, max-snippet:-1, max-image-preview:large, max-video-preview:-1\" \/>\n<link rel=\"canonical\" href=\"https:\/\/www.suno.com.br\/noticias\/como-declarar-etfs-imposto-de-renda-gb\/\" \/>\n<meta property=\"og:locale\" content=\"pt_BR\" \/>\n<meta property=\"og:type\" content=\"article\" \/>\n<meta property=\"og:title\" content=\"Como declarar ETFs no imposto de renda?\" \/>\n<meta property=\"og:description\" content=\"Veja um passo a passo bastante simples de como declarar os ETFs no imposto de renda, tanto de renda fixa como de renda vari\u00e1vel.\" \/>\n<meta property=\"og:url\" content=\"https:\/\/www.suno.com.br\/noticias\/como-declarar-etfs-imposto-de-renda-gb\/\" \/>\n<meta property=\"og:site_name\" content=\"Suno Not\u00edcias\" \/>\n<meta property=\"article:publisher\" content=\"https:\/\/facebook.com\/sunoresearch\" \/>\n<meta property=\"og:image\" content=\"https:\/\/files.sunoresearch.com.br\/n\/uploads\/2025\/02\/image_fx_.png\" \/>\n\t<meta property=\"og:image:width\" content=\"1408\" \/>\n\t<meta property=\"og:image:height\" content=\"768\" \/>\n\t<meta property=\"og:image:type\" content=\"image\/png\" \/>\n<meta name=\"author\" content=\"Gustavo Bianch\" \/>\n<meta name=\"twitter:card\" content=\"summary_large_image\" \/>\n<meta name=\"twitter:creator\" content=\"@sunoresearch\" \/>\n<meta name=\"twitter:site\" content=\"@sunoresearch\" \/>\n<meta name=\"twitter:label1\" content=\"Escrito por\" \/>\n\t<meta name=\"twitter:data1\" content=\"Gustavo Bianch\" \/>\n\t<meta name=\"twitter:label2\" content=\"Est. tempo de leitura\" \/>\n\t<meta name=\"twitter:data2\" content=\"4 minutos\" \/>\n<script type=\"application\/ld+json\" class=\"yoast-schema-graph\">{\"@context\":\"https:\/\/schema.org\",\"@graph\":[{\"@type\":\"NewsArticle\",\"@id\":\"https:\/\/www.suno.com.br\/noticias\/como-declarar-etfs-imposto-de-renda-gb\/#article\",\"isPartOf\":{\"@id\":\"https:\/\/www.suno.com.br\/noticias\/como-declarar-etfs-imposto-de-renda-gb\/\"},\"author\":{\"name\":\"Gustavo Bianch\",\"@id\":\"https:\/\/www.suno.com.br\/noticias\/#\/schema\/person\/a72c0794bc524e8100a01ae3d3b6becb\"},\"headline\":\"Como declarar ETFs no imposto de renda?\",\"datePublished\":\"2025-03-19T17:25:15+00:00\",\"dateModified\":\"2025-03-19T17:25:22+00:00\",\"mainEntityOfPage\":{\"@id\":\"https:\/\/www.suno.com.br\/noticias\/como-declarar-etfs-imposto-de-renda-gb\/\"},\"wordCount\":701,\"publisher\":{\"@id\":\"https:\/\/www.suno.com.br\/noticias\/#organization\"},\"image\":{\"@id\":\"https:\/\/www.suno.com.br\/noticias\/como-declarar-etfs-imposto-de-renda-gb\/#primaryimage\"},\"thumbnailUrl\":\"https:\/\/files.sunoresearch.com.br\/n\/uploads\/2025\/02\/image_fx_.png\",\"keywords\":[\"ETFs\"],\"articleSection\":[\"Neg\u00f3cios\"],\"inLanguage\":\"pt-BR\"},{\"@type\":\"WebPage\",\"@id\":\"https:\/\/www.suno.com.br\/noticias\/como-declarar-etfs-imposto-de-renda-gb\/\",\"url\":\"https:\/\/www.suno.com.br\/noticias\/como-declarar-etfs-imposto-de-renda-gb\/\",\"name\":\"Como declarar ETFs no imposto de renda?\",\"isPartOf\":{\"@id\":\"https:\/\/www.suno.com.br\/noticias\/#website\"},\"primaryImageOfPage\":{\"@id\":\"https:\/\/www.suno.com.br\/noticias\/como-declarar-etfs-imposto-de-renda-gb\/#primaryimage\"},\"image\":{\"@id\":\"https:\/\/www.suno.com.br\/noticias\/como-declarar-etfs-imposto-de-renda-gb\/#primaryimage\"},\"thumbnailUrl\":\"https:\/\/files.sunoresearch.com.br\/n\/uploads\/2025\/02\/image_fx_.png\",\"datePublished\":\"2025-03-19T17:25:15+00:00\",\"dateModified\":\"2025-03-19T17:25:22+00:00\",\"description\":\"Veja um passo a passo bastante simples de como declarar os ETFs no imposto de renda, tanto de renda fixa como de renda vari\u00e1vel.\",\"breadcrumb\":{\"@id\":\"https:\/\/www.suno.com.br\/noticias\/como-declarar-etfs-imposto-de-renda-gb\/#breadcrumb\"},\"inLanguage\":\"pt-BR\",\"potentialAction\":[{\"@type\":\"ReadAction\",\"target\":[\"https:\/\/www.suno.com.br\/noticias\/como-declarar-etfs-imposto-de-renda-gb\/\"]}]},{\"@type\":\"ImageObject\",\"inLanguage\":\"pt-BR\",\"@id\":\"https:\/\/www.suno.com.br\/noticias\/como-declarar-etfs-imposto-de-renda-gb\/#primaryimage\",\"url\":\"https:\/\/files.sunoresearch.com.br\/n\/uploads\/2025\/02\/image_fx_.png\",\"contentUrl\":\"https:\/\/files.sunoresearch.com.br\/n\/uploads\/2025\/02\/image_fx_.png\",\"width\":1408,\"height\":768,\"caption\":\"Foto: ImageFX\"},{\"@type\":\"BreadcrumbList\",\"@id\":\"https:\/\/www.suno.com.br\/noticias\/como-declarar-etfs-imposto-de-renda-gb\/#breadcrumb\",\"itemListElement\":[{\"@type\":\"ListItem\",\"position\":1,\"name\":\"Not\u00edcias\",\"item\":\"https:\/\/www.suno.com.br\/noticias\/\"},{\"@type\":\"ListItem\",\"position\":2,\"name\":\"Neg\u00f3cios\",\"item\":\"https:\/\/www.suno.com.br\/noticias\/negocios\/\"},{\"@type\":\"ListItem\",\"position\":3,\"name\":\"Como declarar ETFs no imposto de renda?\"}]},{\"@type\":\"WebSite\",\"@id\":\"https:\/\/www.suno.com.br\/noticias\/#website\",\"url\":\"https:\/\/www.suno.com.br\/noticias\/\",\"name\":\"Suno Not\u00edcias\",\"description\":\"Seu portal de informa\u00e7\u00e3o sobre o mundo dos investimentos\",\"publisher\":{\"@id\":\"https:\/\/www.suno.com.br\/noticias\/#organization\"},\"potentialAction\":[{\"@type\":\"SearchAction\",\"target\":{\"@type\":\"EntryPoint\",\"urlTemplate\":\"https:\/\/www.suno.com.br\/noticias\/?s={search_term_string}\"},\"query-input\":{\"@type\":\"PropertyValueSpecification\",\"valueRequired\":true,\"valueName\":\"search_term_string\"}}],\"inLanguage\":\"pt-BR\"},{\"@type\":\"Organization\",\"@id\":\"https:\/\/www.suno.com.br\/noticias\/#organization\",\"name\":\"Suno Not\u00edcias\",\"url\":\"https:\/\/www.suno.com.br\/noticias\/\",\"logo\":{\"@type\":\"ImageObject\",\"inLanguage\":\"pt-BR\",\"@id\":\"https:\/\/www.suno.com.br\/noticias\/#\/schema\/logo\/image\/\",\"url\":\"https:\/\/files.sunoresearch.com.br\/n\/uploads\/2021\/09\/suno-logo.png\",\"contentUrl\":\"https:\/\/files.sunoresearch.com.br\/n\/uploads\/2021\/09\/suno-logo.png\",\"width\":180,\"height\":180,\"caption\":\"Suno Not\u00edcias\"},\"image\":{\"@id\":\"https:\/\/www.suno.com.br\/noticias\/#\/schema\/logo\/image\/\"},\"sameAs\":[\"https:\/\/facebook.com\/sunoresearch\",\"https:\/\/x.com\/sunoresearch\",\"https:\/\/www.instagram.com\/suno\",\"https:\/\/www.linkedin.com\/company\/suno-research\/\",\"https:\/\/www.youtube.com\/c\/sunoresearch\"]},{\"@type\":\"Person\",\"@id\":\"https:\/\/www.suno.com.br\/noticias\/#\/schema\/person\/a72c0794bc524e8100a01ae3d3b6becb\",\"name\":\"Gustavo Bianch\",\"image\":{\"@type\":\"ImageObject\",\"inLanguage\":\"pt-BR\",\"@id\":\"https:\/\/www.suno.com.br\/noticias\/#\/schema\/person\/image\/\",\"url\":\"https:\/\/secure.gravatar.com\/avatar\/a8da2835aade1ac6c1eede0339ead827?s=96&r=g\",\"contentUrl\":\"https:\/\/secure.gravatar.com\/avatar\/a8da2835aade1ac6c1eede0339ead827?s=96&r=g\",\"caption\":\"Gustavo Bianch\"},\"description\":\"Jornalista com doutorado pela UFMG e produtor de conte\u00fado da unidade de m\u00eddias da Suno. Tamb\u00e9m trabalha no FIIs.com.br e Funds Explorer, fazendo a cobertura sobre FIIs, Fiagro e FI-Infra.\",\"url\":\"https:\/\/www.suno.com.br\/noticias\/author\/gustavo-silva\/\"}]}<\/script>\n<!-- \/ Yoast SEO plugin. -->","yoast_head_json":{"title":"Como declarar ETFs no imposto de renda?","description":"Veja um passo a passo bastante simples de como declarar os ETFs no imposto de renda, tanto de renda fixa como de renda vari\u00e1vel.","robots":{"index":"index","follow":"follow","max-snippet":"max-snippet:-1","max-image-preview":"max-image-preview:large","max-video-preview":"max-video-preview:-1"},"canonical":"https:\/\/www.suno.com.br\/noticias\/como-declarar-etfs-imposto-de-renda-gb\/","og_locale":"pt_BR","og_type":"article","og_title":"Como declarar ETFs no imposto de renda?","og_description":"Veja um passo a passo bastante simples de como declarar os ETFs no imposto de renda, tanto de renda fixa como de renda vari\u00e1vel.","og_url":"https:\/\/www.suno.com.br\/noticias\/como-declarar-etfs-imposto-de-renda-gb\/","og_site_name":"Suno Not\u00edcias","article_publisher":"https:\/\/facebook.com\/sunoresearch","og_image":[{"width":1408,"height":768,"url":"https:\/\/files.sunoresearch.com.br\/n\/uploads\/2025\/02\/image_fx_.png","type":"image\/png"}],"author":"Gustavo Bianch","twitter_card":"summary_large_image","twitter_creator":"@sunoresearch","twitter_site":"@sunoresearch","twitter_misc":{"Escrito por":"Gustavo Bianch","Est. tempo de leitura":"4 minutos"},"schema":{"@context":"https:\/\/schema.org","@graph":[{"@type":"NewsArticle","@id":"https:\/\/www.suno.com.br\/noticias\/como-declarar-etfs-imposto-de-renda-gb\/#article","isPartOf":{"@id":"https:\/\/www.suno.com.br\/noticias\/como-declarar-etfs-imposto-de-renda-gb\/"},"author":{"name":"Gustavo Bianch","@id":"https:\/\/www.suno.com.br\/noticias\/#\/schema\/person\/a72c0794bc524e8100a01ae3d3b6becb"},"headline":"Como declarar ETFs no imposto de renda?","datePublished":"2025-03-19T17:25:15+00:00","dateModified":"2025-03-19T17:25:22+00:00","mainEntityOfPage":{"@id":"https:\/\/www.suno.com.br\/noticias\/como-declarar-etfs-imposto-de-renda-gb\/"},"wordCount":701,"publisher":{"@id":"https:\/\/www.suno.com.br\/noticias\/#organization"},"image":{"@id":"https:\/\/www.suno.com.br\/noticias\/como-declarar-etfs-imposto-de-renda-gb\/#primaryimage"},"thumbnailUrl":"https:\/\/files.sunoresearch.com.br\/n\/uploads\/2025\/02\/image_fx_.png","keywords":["ETFs"],"articleSection":["Neg\u00f3cios"],"inLanguage":"pt-BR"},{"@type":"WebPage","@id":"https:\/\/www.suno.com.br\/noticias\/como-declarar-etfs-imposto-de-renda-gb\/","url":"https:\/\/www.suno.com.br\/noticias\/como-declarar-etfs-imposto-de-renda-gb\/","name":"Como declarar ETFs no imposto de renda?","isPartOf":{"@id":"https:\/\/www.suno.com.br\/noticias\/#website"},"primaryImageOfPage":{"@id":"https:\/\/www.suno.com.br\/noticias\/como-declarar-etfs-imposto-de-renda-gb\/#primaryimage"},"image":{"@id":"https:\/\/www.suno.com.br\/noticias\/como-declarar-etfs-imposto-de-renda-gb\/#primaryimage"},"thumbnailUrl":"https:\/\/files.sunoresearch.com.br\/n\/uploads\/2025\/02\/image_fx_.png","datePublished":"2025-03-19T17:25:15+00:00","dateModified":"2025-03-19T17:25:22+00:00","description":"Veja um passo a passo bastante simples de como declarar os ETFs no imposto de renda, tanto de renda fixa como de renda vari\u00e1vel.","breadcrumb":{"@id":"https:\/\/www.suno.com.br\/noticias\/como-declarar-etfs-imposto-de-renda-gb\/#breadcrumb"},"inLanguage":"pt-BR","potentialAction":[{"@type":"ReadAction","target":["https:\/\/www.suno.com.br\/noticias\/como-declarar-etfs-imposto-de-renda-gb\/"]}]},{"@type":"ImageObject","inLanguage":"pt-BR","@id":"https:\/\/www.suno.com.br\/noticias\/como-declarar-etfs-imposto-de-renda-gb\/#primaryimage","url":"https:\/\/files.sunoresearch.com.br\/n\/uploads\/2025\/02\/image_fx_.png","contentUrl":"https:\/\/files.sunoresearch.com.br\/n\/uploads\/2025\/02\/image_fx_.png","width":1408,"height":768,"caption":"Foto: ImageFX"},{"@type":"BreadcrumbList","@id":"https:\/\/www.suno.com.br\/noticias\/como-declarar-etfs-imposto-de-renda-gb\/#breadcrumb","itemListElement":[{"@type":"ListItem","position":1,"name":"Not\u00edcias","item":"https:\/\/www.suno.com.br\/noticias\/"},{"@type":"ListItem","position":2,"name":"Neg\u00f3cios","item":"https:\/\/www.suno.com.br\/noticias\/negocios\/"},{"@type":"ListItem","position":3,"name":"Como declarar ETFs no imposto de renda?"}]},{"@type":"WebSite","@id":"https:\/\/www.suno.com.br\/noticias\/#website","url":"https:\/\/www.suno.com.br\/noticias\/","name":"Suno Not\u00edcias","description":"Seu portal de informa\u00e7\u00e3o sobre o mundo dos investimentos","publisher":{"@id":"https:\/\/www.suno.com.br\/noticias\/#organization"},"potentialAction":[{"@type":"SearchAction","target":{"@type":"EntryPoint","urlTemplate":"https:\/\/www.suno.com.br\/noticias\/?s={search_term_string}"},"query-input":{"@type":"PropertyValueSpecification","valueRequired":true,"valueName":"search_term_string"}}],"inLanguage":"pt-BR"},{"@type":"Organization","@id":"https:\/\/www.suno.com.br\/noticias\/#organization","name":"Suno Not\u00edcias","url":"https:\/\/www.suno.com.br\/noticias\/","logo":{"@type":"ImageObject","inLanguage":"pt-BR","@id":"https:\/\/www.suno.com.br\/noticias\/#\/schema\/logo\/image\/","url":"https:\/\/files.sunoresearch.com.br\/n\/uploads\/2021\/09\/suno-logo.png","contentUrl":"https:\/\/files.sunoresearch.com.br\/n\/uploads\/2021\/09\/suno-logo.png","width":180,"height":180,"caption":"Suno Not\u00edcias"},"image":{"@id":"https:\/\/www.suno.com.br\/noticias\/#\/schema\/logo\/image\/"},"sameAs":["https:\/\/facebook.com\/sunoresearch","https:\/\/x.com\/sunoresearch","https:\/\/www.instagram.com\/suno","https:\/\/www.linkedin.com\/company\/suno-research\/","https:\/\/www.youtube.com\/c\/sunoresearch"]},{"@type":"Person","@id":"https:\/\/www.suno.com.br\/noticias\/#\/schema\/person\/a72c0794bc524e8100a01ae3d3b6becb","name":"Gustavo Bianch","image":{"@type":"ImageObject","inLanguage":"pt-BR","@id":"https:\/\/www.suno.com.br\/noticias\/#\/schema\/person\/image\/","url":"https:\/\/secure.gravatar.com\/avatar\/a8da2835aade1ac6c1eede0339ead827?s=96&r=g","contentUrl":"https:\/\/secure.gravatar.com\/avatar\/a8da2835aade1ac6c1eede0339ead827?s=96&r=g","caption":"Gustavo Bianch"},"description":"Jornalista com doutorado pela UFMG e produtor de conte\u00fado da unidade de m\u00eddias da Suno. Tamb\u00e9m trabalha no FIIs.com.br e Funds Explorer, fazendo a cobertura sobre FIIs, Fiagro e FI-Infra.","url":"https:\/\/www.suno.com.br\/noticias\/author\/gustavo-silva\/"}]}},"default_loop_html":"<div class=\"cardsPage__listCard__boxs\"><div class=\"cardsPage__listCard__boxs__img\"><a href=\"https:\/\/www.suno.com.br\/noticias\/como-declarar-etfs-imposto-de-renda-gb\/\"><img class=\"mask\" src=\"https:\/\/www.suno.com.br\/noticias\/wp-content\/themes\/suno\/resources\/images\/spotlight\/spotlight1img\/bg-mask.png\" alt=\"Image Mask\"\/><img src=\"https:\/\/files.sunoresearch.com.br\/n\/uploads\/2025\/02\/image_fx_-400x200.png\" alt=\"Como declarar ETFs no imposto de renda?\"\/><\/a><span class=\"spotlightCategory\"><a href=\"https:\/\/www.suno.com.br\/noticias\/negocios\/\">Neg\u00f3cios<\/a><\/span><\/div><div class=\"cardsPage__listCard__boxs__content\"><a href=\"https:\/\/www.suno.com.br\/noticias\/como-declarar-etfs-imposto-de-renda-gb\/\"><h2 class=\"content__title\">Como declarar ETFs no imposto de renda?<\/h2><\/a><div class=\"newsContent__article__meta\"><div class=\"newsContent__article__meta__authorBox\"><a href=\"https:\/\/www.suno.com.br\/noticias\/author\/gustavo-silva\/\" class=\"authorBox__avatar noMobi\"><img src=\"https:\/\/files.sunoresearch.com.br\/n\/uploads\/2024\/06\/41337ec3172142e15d749bd3a95a5216.jpeg\" alt=\"Gustavo Bianch\"><\/a><div class=\"authorBox__name\"><span>por\n\t\t\t<a href=\"https:\/\/www.suno.com.br\/noticias\/author\/gustavo-silva\/\"><span itemprop=\"author\">Gustavo Bianch<\/span><\/a><\/span><time datetime=\"2025-03-19T14:25:15-03:00\" itemprop=\"datePublished\">19\/03\/2025 14:25<\/time><\/div><\/div><\/div><\/div><\/div>","single_layout":"posts","amp_enabled":true,"_links":{"self":[{"href":"https:\/\/www.suno.com.br\/noticias\/wp-json\/wp\/v2\/posts\/598430"}],"collection":[{"href":"https:\/\/www.suno.com.br\/noticias\/wp-json\/wp\/v2\/posts"}],"about":[{"href":"https:\/\/www.suno.com.br\/noticias\/wp-json\/wp\/v2\/types\/post"}],"author":[{"embeddable":true,"href":"https:\/\/www.suno.com.br\/noticias\/wp-json\/wp\/v2\/users\/172"}],"replies":[{"embeddable":true,"href":"https:\/\/www.suno.com.br\/noticias\/wp-json\/wp\/v2\/comments?post=598430"}],"version-history":[{"count":2,"href":"https:\/\/www.suno.com.br\/noticias\/wp-json\/wp\/v2\/posts\/598430\/revisions"}],"predecessor-version":[{"id":598439,"href":"https:\/\/www.suno.com.br\/noticias\/wp-json\/wp\/v2\/posts\/598430\/revisions\/598439"}],"wp:featuredmedia":[{"embeddable":true,"href":"https:\/\/www.suno.com.br\/noticias\/wp-json\/wp\/v2\/media\/595213"}],"wp:attachment":[{"href":"https:\/\/www.suno.com.br\/noticias\/wp-json\/wp\/v2\/media?parent=598430"}],"wp:term":[{"taxonomy":"category","embeddable":true,"href":"https:\/\/www.suno.com.br\/noticias\/wp-json\/wp\/v2\/categories?post=598430"},{"taxonomy":"post_tag","embeddable":true,"href":"https:\/\/www.suno.com.br\/noticias\/wp-json\/wp\/v2\/tags?post=598430"},{"taxonomy":"suno_strategy","embeddable":true,"href":"https:\/\/www.suno.com.br\/noticias\/wp-json\/wp\/v2\/suno_strategy?post=598430"}],"curies":[{"name":"wp","href":"https:\/\/api.w.org\/{rel}","templated":true}]}}