{"id":59843,"date":"2020-04-01T10:01:44","date_gmt":"2020-04-01T13:01:44","guid":{"rendered":"https:\/\/www.suno.com.br\/noticias\/?p=59843"},"modified":"2021-06-01T22:03:30","modified_gmt":"2021-06-02T01:03:30","slug":"dolar-empregos-eua-omc-01042020","status":"publish","type":"post","link":"https:\/\/www.suno.com.br\/noticias\/dolar-empregos-eua-omc-01042020\/","title":{"rendered":"D\u00f3lar abre em alta; relat\u00f3rio de emprego dos EUA no radar"},"content":{"rendered":"<p>O <strong><a href=\"https:\/\/www.suno.com.br\/artigos\/dolar\/\">d\u00f3lar<\/a> <\/strong>abriu em alta nesta quarta-feira (1), de olho no relat\u00f3rio de emprego dos EUA impactado pela <a href=\"https:\/\/www.youtube.com\/watch?v=nUaf1yjK7m0\">pandemia do novo <strong>coronav\u00edrus<\/strong> (Covid-19)<\/a>.<\/p>\t<div class=\"wrapper-featured-image\">\n\t\t<figure class=\"spotlightImg\">\n\n\t\t\t<picture>\n\t\t\t\t<source media=\"(max-width: 768px)\" srcset=\"https:\/\/files.sunoresearch.com.br\/n\/uploads\/2020\/03\/b6bc3d9f-f33c7cf2-dolar-400x200.webp\">\n\t\t\t\t<img loading=\"lazy\" decoding=\"async\" class=\"newsContent__article__imgCapa lazyloadDisabled newsContent__article__imgCapa--noCaption\" src=\"https:\/\/files.sunoresearch.com.br\/n\/uploads\/2020\/03\/b6bc3d9f-f33c7cf2-dolar-800x450.webp\" width=\"800\" height=\"450\" alt=\"D\u00f3lar abre em alta; relat\u00f3rio de emprego dos EUA no radar\" fetchpriority=high \/>\n\t\t\t<\/picture>\n\n\t\t\t<figcaption class=\"wp-caption-text wp-caption-text--hide\">D\u00f3lar abre em leve queda ap\u00f3s renovar m\u00e1xima hist\u00f3rica<\/figcaption>\n\t\t<\/figure>\n\t<\/div>\n\n\n\n<p>Por volta das 9h30, o d\u00f3lar variava positivamente a 1,049%, sendo negociado a R$ 5,2482. O mercado est\u00e1 atento \u00e0 situa\u00e7\u00e3o econ\u00f4mica norte-americana, o qual, segundo a presidente do <strong>Fed<\/strong>, j\u00e1 est\u00e1 em recess\u00e3o.<\/p>\n<p>Al\u00e9m disso, segue no radar dos investidores o pedidos de organiza\u00e7\u00f5es internacionais pelo cont\u00ednuo movimento <strong>comercial<\/strong> entre os pa\u00edses para o abastecimento alimentar.<\/p>\n<h2>Relat\u00f3rio de emprego<\/h2>\n<p>O <strong>Relat\u00f3rio de Emprego<\/strong> ADP do setor privado norte-americano demonstrou que no m\u00eas passado foram cortados 27 mil postos de trabalho.<\/p>\n<p>O resultado foi melhor que o esperado, segundo a mediana das expectativas dos economistas ouvidos pela ag\u00eancia de not\u00edcias &#8220;Bloomberg&#8221;, os quais apontavam para a elimina\u00e7\u00e3o de 150 mil vagas.<\/p>\n<p><a href=\"https:\/\/www.suno.com.br\/nossas-assinaturas\/suno-premium\/\">Bolsa em queda livre!? Aproveita as maiores oportunidades da bolsa brasileira com nosso acesso Suno Premium<\/a><\/p>\n<p>Em fevereiro, o saldo havia sido da cria\u00e7\u00e3o de 183 mil empregos no setor privado da maior economia do planeta.<\/p>\n<p>Os dados empregat\u00edcios de mar\u00e7o demonstram o impacto econ\u00f4mico e financeiro gerados pelo coronav\u00edrus no pa\u00eds, ap\u00f3s a determina\u00e7\u00e3o da menor circula\u00e7\u00e3o de pessoas para conter a dissemina\u00e7\u00e3o da doen\u00e7a.<\/p>\n<h2>Recess\u00e3o dos EUA<\/h2>\n<p>A presidente do <a href=\"https:\/\/www.suno.com.br\/artigos\/fed\/\">Federal Reserve (Fed)<\/a> de San Franciso, nos Estados Unidos, Mary Daly, disse, na \u00faltima ter\u00e7a-feira (31), acreditar que o pa\u00eds j\u00e1 est\u00e1 em recess\u00e3o. Segundo ela, isso ocorre pois milh\u00f5es de pessoas perderam seus empregos e est\u00e3o em casa devido \u00e0 pandemia do v\u00edrus.<\/p>\n<p>&#8220;O Federal Reserve est\u00e1 preparado para fazer o que for necess\u00e1rio para garantir que sejamos parte da solu\u00e7\u00e3o de apoiar as pessoas contra o v\u00edrus, fortalecer a economia dos Estados Unidos e nos colocar na melhor posi\u00e7\u00e3o para crescer novamente quando o v\u00edrus recuar&#8221;, disse Daly em entrevista ao site &#8220;Yahoo Finance&#8221;.<\/p>\n\t<p>\n\t\t<a href=\"https:\/\/www.seculus.com.br\/blackfriday\" target=\"_blank\" data-element=\"shortcode-suno-banner\" title=\"Banner SUNO, clique e saiba mais\">\n\t\t\t<picture>\n\t\t\t\t<source media=\"(max-width: 500px)\" srcset=\"https:\/\/files.sunoresearch.com.br\/n\/uploads\/2023\/11\/seculus_suno_mobile_3.jpg\">\n\t\t\t\t<img class=\"newsContent__article__imgCapa newsContent__article__imgCapa--banner\"\n\t\t\t\t\tsrc=\"https:\/\/files.sunoresearch.com.br\/n\/uploads\/2023\/11\/seculus_suno_desktop_3.jpg\"\n\t\t\t\t\tdata-promo-id=\"474124\"\t\t\t\t\t\t\t\t\t\twidth='1420' height='240'\t\t\t\t\talt=\"https:\/\/files.sunoresearch.com.br\/n\/uploads\/2023\/11\/seculus_suno_desktop_3.jpg\"\n\t\t\t\t>\n\t\t\t<\/picture>\n\t\t<\/a>\n\t<\/p>\n\n\n<p>Daly diz que &#8220;se fizermos a coisa certa e nos protegermos e reduzirmos a dissemina\u00e7\u00e3o do v\u00edrus, a <strong>economia<\/strong> estar\u00e1 na melhor posi\u00e7\u00e3o para se recuperar&#8221;.<\/p>\n<p>Os EUA\u00a0 ultrapassaram a China em casos confirmados do coronav\u00edrus. Com mais de 189 mil casos e 4,08 mil mortes, at\u00e9 \u00e1s 9h40 desta quarta-feira, os pa\u00eds se tornou o novo epicentro da doen\u00e7a no mundo, conforme a <strong>Organiza\u00e7\u00e3o Mundial da Sa\u00fade (OMS)<\/strong> na \u00faltima semana. As informa\u00e7\u00f5es s\u00e3o da universidade norte-americana John Hopinks.<\/p>\n<h2>OMC, OMS e FAO pedem menores resist\u00eancias<\/h2>\n<p>Os diretores da OMS e da Organiza\u00e7\u00e3o das Na\u00e7\u00f5es Unidas para Agricultura e Alimenta\u00e7\u00e3o (<strong>FAO<\/strong>, na sigla em ingl\u00eas), e da <a href=\"https:\/\/www.suno.com.br\/artigos\/omc-organizacao-mundial-do-comercio\/\">Organiza\u00e7\u00e3o Mundial do Com\u00e9rcio (<strong>OMC<\/strong>)<\/a> em declara\u00e7\u00e3o conjunta na \u00faltima ter\u00e7a-feira, solicitaram aos governos que minimizem o impacto das restri\u00e7\u00f5es fronteiri\u00e7as ao com\u00e9rcio relacionadas ao coronav\u00edrus.<\/p>\n<p>Assinaram a declara\u00e7\u00e3o <strong>QU Dongyu<\/strong>, diretor da FAO, <strong>Tedros Adhanom Ghebreyesus<\/strong>, diretor da OMS e <strong>Roberto Azev\u00eado<\/strong>, diretor da OMC.<\/p>\n<p><a href=\"https:\/\/www.suno.com.br\/noticias\/coronavirus-omc-oms-e-fao-pedem-menores-resistencias-no-comercio\/\">Confira: Coronav\u00edrus: OMC, OMS e FAO pedem menores resist\u00eancias no com\u00e9rcio<\/a><\/p>\n<p>&#8220;Agora \u00e9 a hora de mostrar solidariedade, agir de forma respons\u00e1vel e aderir ao nosso objetivo comum de melhorar a seguran\u00e7a alimentar, a seguran\u00e7a alimentar e a nutri\u00e7\u00e3o e melhorar o bem-estar geral das pessoas em todo o mundo&#8221;, informa a nota em alus\u00e3o \u00e0 crise do coronav\u00edrus.<\/p>\n<p>Segundo a declara\u00e7\u00e3o, a incerteza sobre a disponibilidade de alimentos pode desencadear uma onda de restri\u00e7\u00f5es \u00e0 exporta\u00e7\u00e3o, criando uma escassez no mercado global, o que poderia acarretar em um desequil\u00edbrio da <strong>oferta e demanda<\/strong> dos alimentos, um alta custos e volatilidade de pre\u00e7os.<\/p>\n<h2>\u00daltima cota\u00e7\u00e3o do d\u00f3lar<\/h2>\n<p>Na \u00faltima sess\u00e3o, ter\u00e7a-feira, o <strong>d\u00f3lar<\/strong> encerrou em alta de 0,23%, negociado a R$ 5,194 na venda.<\/p>\n\n","protected":false},"excerpt":{"rendered":"<p>O d\u00f3lar abriu em alta nesta quarta-feira (1), de olho no relat\u00f3rio de emprego dos EUA impactado pela pandemia do novo coronav\u00edrus (Covid-19). D\u00f3lar abre em leve queda ap\u00f3s renovar m\u00e1xima hist\u00f3rica Por volta das 9h30, o d\u00f3lar variava positivamente a 1,049%, sendo negociado a R$ 5,2482. O mercado est\u00e1 atento \u00e0 situa\u00e7\u00e3o econ\u00f4mica norte-americana, [&hellip;]<\/p>\n","protected":false},"author":24,"featured_media":57990,"comment_status":"closed","ping_status":"closed","sticky":false,"template":"","format":"standard","meta":[],"categories":[60],"tags":[326,1796,2514,1881],"suno_strategy":[],"class_list":["post-59843","post","type-post","status-publish","format-standard","has-post-thumbnail","hentry","category-mercado","tag-dolar","tag-emprego","tag-oms","tag-recessao"],"yoast_head":"<!-- This site is optimized with the Yoast SEO plugin v24.4 - https:\/\/yoast.com\/wordpress\/plugins\/seo\/ -->\n<title>D\u00f3lar abre em alta; relat\u00f3rio de emprego dos EUA no radar<\/title>\n<meta name=\"description\" content=\"O d\u00f3lar abriu em alta nesta quarta-feira (1), de olho no relat\u00f3rio de emprego dos EUA impactado pela pandemia do novo coronav\u00edrus. Saiba mais.\" \/>\n<meta name=\"robots\" content=\"index, follow, max-snippet:-1, max-image-preview:large, max-video-preview:-1\" \/>\n<link rel=\"canonical\" href=\"https:\/\/www.suno.com.br\/noticias\/dolar-empregos-eua-omc-01042020\/\" \/>\n<meta property=\"og:locale\" content=\"pt_BR\" \/>\n<meta property=\"og:type\" content=\"article\" \/>\n<meta property=\"og:title\" content=\"D\u00f3lar abre em alta; relat\u00f3rio de emprego dos EUA no radar\" \/>\n<meta property=\"og:description\" content=\"O d\u00f3lar abriu em alta nesta quarta-feira (1), de olho no relat\u00f3rio de emprego dos EUA impactado pela pandemia do novo coronav\u00edrus. Saiba mais.\" \/>\n<meta property=\"og:url\" content=\"https:\/\/www.suno.com.br\/noticias\/dolar-empregos-eua-omc-01042020\/\" \/>\n<meta property=\"og:site_name\" content=\"Suno Not\u00edcias\" \/>\n<meta property=\"article:publisher\" content=\"https:\/\/facebook.com\/sunoresearch\" \/>\n<meta property=\"og:image\" content=\"https:\/\/files.sunoresearch.com.br\/n\/uploads\/2020\/03\/b6bc3d9f-f33c7cf2-dolar.jpg\" \/>\n\t<meta property=\"og:image:width\" content=\"1772\" \/>\n\t<meta property=\"og:image:height\" content=\"1181\" \/>\n\t<meta property=\"og:image:type\" content=\"image\/jpeg\" \/>\n<meta name=\"author\" content=\"Jader Lazarini\" \/>\n<meta name=\"twitter:card\" content=\"summary_large_image\" \/>\n<meta name=\"twitter:creator\" content=\"@sunoresearch\" \/>\n<meta name=\"twitter:site\" content=\"@sunoresearch\" \/>\n<meta name=\"twitter:label1\" content=\"Escrito por\" \/>\n\t<meta name=\"twitter:data1\" content=\"Jader Lazarini\" \/>\n\t<meta name=\"twitter:label2\" content=\"Est. tempo de leitura\" \/>\n\t<meta name=\"twitter:data2\" content=\"3 minutos\" \/>\n<script type=\"application\/ld+json\" class=\"yoast-schema-graph\">{\"@context\":\"https:\/\/schema.org\",\"@graph\":[{\"@type\":\"NewsArticle\",\"@id\":\"https:\/\/www.suno.com.br\/noticias\/dolar-empregos-eua-omc-01042020\/#article\",\"isPartOf\":{\"@id\":\"https:\/\/www.suno.com.br\/noticias\/dolar-empregos-eua-omc-01042020\/\"},\"author\":{\"name\":\"Jader Lazarini\",\"@id\":\"https:\/\/www.suno.com.br\/noticias\/#\/schema\/person\/918d79de1f0281f01599b93f9ea6e23f\"},\"headline\":\"D\u00f3lar abre em alta; relat\u00f3rio de emprego dos EUA no radar\",\"datePublished\":\"2020-04-01T13:01:44+00:00\",\"dateModified\":\"2021-06-02T01:03:30+00:00\",\"mainEntityOfPage\":{\"@id\":\"https:\/\/www.suno.com.br\/noticias\/dolar-empregos-eua-omc-01042020\/\"},\"wordCount\":672,\"publisher\":{\"@id\":\"https:\/\/www.suno.com.br\/noticias\/#organization\"},\"image\":{\"@id\":\"https:\/\/www.suno.com.br\/noticias\/dolar-empregos-eua-omc-01042020\/#primaryimage\"},\"thumbnailUrl\":\"https:\/\/files.sunoresearch.com.br\/n\/uploads\/2020\/03\/b6bc3d9f-f33c7cf2-dolar-jpg.webp\",\"keywords\":[\"d\u00f3lar\",\"Emprego\",\"OMS\",\"recess\u00e3o\"],\"articleSection\":[\"Mercado\"],\"inLanguage\":\"pt-BR\"},{\"@type\":\"WebPage\",\"@id\":\"https:\/\/www.suno.com.br\/noticias\/dolar-empregos-eua-omc-01042020\/\",\"url\":\"https:\/\/www.suno.com.br\/noticias\/dolar-empregos-eua-omc-01042020\/\",\"name\":\"D\u00f3lar abre em alta; relat\u00f3rio de emprego dos EUA no radar\",\"isPartOf\":{\"@id\":\"https:\/\/www.suno.com.br\/noticias\/#website\"},\"primaryImageOfPage\":{\"@id\":\"https:\/\/www.suno.com.br\/noticias\/dolar-empregos-eua-omc-01042020\/#primaryimage\"},\"image\":{\"@id\":\"https:\/\/www.suno.com.br\/noticias\/dolar-empregos-eua-omc-01042020\/#primaryimage\"},\"thumbnailUrl\":\"https:\/\/files.sunoresearch.com.br\/n\/uploads\/2020\/03\/b6bc3d9f-f33c7cf2-dolar-jpg.webp\",\"datePublished\":\"2020-04-01T13:01:44+00:00\",\"dateModified\":\"2021-06-02T01:03:30+00:00\",\"description\":\"O d\u00f3lar abriu em alta nesta quarta-feira (1), de olho no relat\u00f3rio de emprego dos EUA impactado pela pandemia do novo coronav\u00edrus. Saiba mais.\",\"breadcrumb\":{\"@id\":\"https:\/\/www.suno.com.br\/noticias\/dolar-empregos-eua-omc-01042020\/#breadcrumb\"},\"inLanguage\":\"pt-BR\",\"potentialAction\":[{\"@type\":\"ReadAction\",\"target\":[\"https:\/\/www.suno.com.br\/noticias\/dolar-empregos-eua-omc-01042020\/\"]}]},{\"@type\":\"ImageObject\",\"inLanguage\":\"pt-BR\",\"@id\":\"https:\/\/www.suno.com.br\/noticias\/dolar-empregos-eua-omc-01042020\/#primaryimage\",\"url\":\"https:\/\/files.sunoresearch.com.br\/n\/uploads\/2020\/03\/b6bc3d9f-f33c7cf2-dolar-jpg.webp\",\"contentUrl\":\"https:\/\/files.sunoresearch.com.br\/n\/uploads\/2020\/03\/b6bc3d9f-f33c7cf2-dolar-jpg.webp\",\"width\":1772,\"height\":1181,\"caption\":\"D\u00f3lar abre em leve queda ap\u00f3s renovar m\u00e1xima hist\u00f3rica\"},{\"@type\":\"BreadcrumbList\",\"@id\":\"https:\/\/www.suno.com.br\/noticias\/dolar-empregos-eua-omc-01042020\/#breadcrumb\",\"itemListElement\":[{\"@type\":\"ListItem\",\"position\":1,\"name\":\"Not\u00edcias\",\"item\":\"https:\/\/www.suno.com.br\/noticias\/\"},{\"@type\":\"ListItem\",\"position\":2,\"name\":\"Mercado\",\"item\":\"https:\/\/www.suno.com.br\/noticias\/mercado\/\"},{\"@type\":\"ListItem\",\"position\":3,\"name\":\"D\u00f3lar abre em alta; relat\u00f3rio de emprego dos EUA no radar\"}]},{\"@type\":\"WebSite\",\"@id\":\"https:\/\/www.suno.com.br\/noticias\/#website\",\"url\":\"https:\/\/www.suno.com.br\/noticias\/\",\"name\":\"Suno Not\u00edcias\",\"description\":\"Seu portal de informa\u00e7\u00e3o sobre o mundo dos investimentos\",\"publisher\":{\"@id\":\"https:\/\/www.suno.com.br\/noticias\/#organization\"},\"potentialAction\":[{\"@type\":\"SearchAction\",\"target\":{\"@type\":\"EntryPoint\",\"urlTemplate\":\"https:\/\/www.suno.com.br\/noticias\/?s={search_term_string}\"},\"query-input\":{\"@type\":\"PropertyValueSpecification\",\"valueRequired\":true,\"valueName\":\"search_term_string\"}}],\"inLanguage\":\"pt-BR\"},{\"@type\":\"Organization\",\"@id\":\"https:\/\/www.suno.com.br\/noticias\/#organization\",\"name\":\"Suno Not\u00edcias\",\"url\":\"https:\/\/www.suno.com.br\/noticias\/\",\"logo\":{\"@type\":\"ImageObject\",\"inLanguage\":\"pt-BR\",\"@id\":\"https:\/\/www.suno.com.br\/noticias\/#\/schema\/logo\/image\/\",\"url\":\"https:\/\/files.sunoresearch.com.br\/n\/uploads\/2021\/09\/suno-logo.png\",\"contentUrl\":\"https:\/\/files.sunoresearch.com.br\/n\/uploads\/2021\/09\/suno-logo.png\",\"width\":180,\"height\":180,\"caption\":\"Suno Not\u00edcias\"},\"image\":{\"@id\":\"https:\/\/www.suno.com.br\/noticias\/#\/schema\/logo\/image\/\"},\"sameAs\":[\"https:\/\/facebook.com\/sunoresearch\",\"https:\/\/x.com\/sunoresearch\",\"https:\/\/www.instagram.com\/suno\",\"https:\/\/www.linkedin.com\/company\/suno-research\/\",\"https:\/\/www.youtube.com\/c\/sunoresearch\"]},{\"@type\":\"Person\",\"@id\":\"https:\/\/www.suno.com.br\/noticias\/#\/schema\/person\/918d79de1f0281f01599b93f9ea6e23f\",\"name\":\"Jader Lazarini\",\"image\":{\"@type\":\"ImageObject\",\"inLanguage\":\"pt-BR\",\"@id\":\"https:\/\/www.suno.com.br\/noticias\/#\/schema\/person\/image\/\",\"url\":\"https:\/\/secure.gravatar.com\/avatar\/3c1ad8caa51589841baeb923fcddea97?s=96&r=g\",\"contentUrl\":\"https:\/\/secure.gravatar.com\/avatar\/3c1ad8caa51589841baeb923fcddea97?s=96&r=g\",\"caption\":\"Jader Lazarini\"},\"description\":\"Jader Lazarini escreve sobre investimentos, finan\u00e7as, economia e neg\u00f3cios. \u00c9 bacharel em Rela\u00e7\u00f5es Internacionais e analista CNPI (2619).\",\"url\":\"https:\/\/www.suno.com.br\/noticias\/author\/jader-lazarini\/\"}]}<\/script>\n<!-- \/ Yoast SEO plugin. -->","yoast_head_json":{"title":"D\u00f3lar abre em alta; relat\u00f3rio de emprego dos EUA no radar","description":"O d\u00f3lar abriu em alta nesta quarta-feira (1), de olho no relat\u00f3rio de emprego dos EUA impactado pela pandemia do novo coronav\u00edrus. Saiba mais.","robots":{"index":"index","follow":"follow","max-snippet":"max-snippet:-1","max-image-preview":"max-image-preview:large","max-video-preview":"max-video-preview:-1"},"canonical":"https:\/\/www.suno.com.br\/noticias\/dolar-empregos-eua-omc-01042020\/","og_locale":"pt_BR","og_type":"article","og_title":"D\u00f3lar abre em alta; relat\u00f3rio de emprego dos EUA no radar","og_description":"O d\u00f3lar abriu em alta nesta quarta-feira (1), de olho no relat\u00f3rio de emprego dos EUA impactado pela pandemia do novo coronav\u00edrus. Saiba mais.","og_url":"https:\/\/www.suno.com.br\/noticias\/dolar-empregos-eua-omc-01042020\/","og_site_name":"Suno Not\u00edcias","article_publisher":"https:\/\/facebook.com\/sunoresearch","og_image":[{"width":1772,"height":1181,"url":"https:\/\/files.sunoresearch.com.br\/n\/uploads\/2020\/03\/b6bc3d9f-f33c7cf2-dolar.jpg","type":"image\/jpeg"}],"author":"Jader Lazarini","twitter_card":"summary_large_image","twitter_creator":"@sunoresearch","twitter_site":"@sunoresearch","twitter_misc":{"Escrito por":"Jader Lazarini","Est. tempo de leitura":"3 minutos"},"schema":{"@context":"https:\/\/schema.org","@graph":[{"@type":"NewsArticle","@id":"https:\/\/www.suno.com.br\/noticias\/dolar-empregos-eua-omc-01042020\/#article","isPartOf":{"@id":"https:\/\/www.suno.com.br\/noticias\/dolar-empregos-eua-omc-01042020\/"},"author":{"name":"Jader Lazarini","@id":"https:\/\/www.suno.com.br\/noticias\/#\/schema\/person\/918d79de1f0281f01599b93f9ea6e23f"},"headline":"D\u00f3lar abre em alta; relat\u00f3rio de emprego dos EUA no radar","datePublished":"2020-04-01T13:01:44+00:00","dateModified":"2021-06-02T01:03:30+00:00","mainEntityOfPage":{"@id":"https:\/\/www.suno.com.br\/noticias\/dolar-empregos-eua-omc-01042020\/"},"wordCount":672,"publisher":{"@id":"https:\/\/www.suno.com.br\/noticias\/#organization"},"image":{"@id":"https:\/\/www.suno.com.br\/noticias\/dolar-empregos-eua-omc-01042020\/#primaryimage"},"thumbnailUrl":"https:\/\/files.sunoresearch.com.br\/n\/uploads\/2020\/03\/b6bc3d9f-f33c7cf2-dolar-jpg.webp","keywords":["d\u00f3lar","Emprego","OMS","recess\u00e3o"],"articleSection":["Mercado"],"inLanguage":"pt-BR"},{"@type":"WebPage","@id":"https:\/\/www.suno.com.br\/noticias\/dolar-empregos-eua-omc-01042020\/","url":"https:\/\/www.suno.com.br\/noticias\/dolar-empregos-eua-omc-01042020\/","name":"D\u00f3lar abre em alta; relat\u00f3rio de emprego dos EUA no radar","isPartOf":{"@id":"https:\/\/www.suno.com.br\/noticias\/#website"},"primaryImageOfPage":{"@id":"https:\/\/www.suno.com.br\/noticias\/dolar-empregos-eua-omc-01042020\/#primaryimage"},"image":{"@id":"https:\/\/www.suno.com.br\/noticias\/dolar-empregos-eua-omc-01042020\/#primaryimage"},"thumbnailUrl":"https:\/\/files.sunoresearch.com.br\/n\/uploads\/2020\/03\/b6bc3d9f-f33c7cf2-dolar-jpg.webp","datePublished":"2020-04-01T13:01:44+00:00","dateModified":"2021-06-02T01:03:30+00:00","description":"O d\u00f3lar abriu em alta nesta quarta-feira (1), de olho no relat\u00f3rio de emprego dos EUA impactado pela pandemia do novo coronav\u00edrus. Saiba mais.","breadcrumb":{"@id":"https:\/\/www.suno.com.br\/noticias\/dolar-empregos-eua-omc-01042020\/#breadcrumb"},"inLanguage":"pt-BR","potentialAction":[{"@type":"ReadAction","target":["https:\/\/www.suno.com.br\/noticias\/dolar-empregos-eua-omc-01042020\/"]}]},{"@type":"ImageObject","inLanguage":"pt-BR","@id":"https:\/\/www.suno.com.br\/noticias\/dolar-empregos-eua-omc-01042020\/#primaryimage","url":"https:\/\/files.sunoresearch.com.br\/n\/uploads\/2020\/03\/b6bc3d9f-f33c7cf2-dolar-jpg.webp","contentUrl":"https:\/\/files.sunoresearch.com.br\/n\/uploads\/2020\/03\/b6bc3d9f-f33c7cf2-dolar-jpg.webp","width":1772,"height":1181,"caption":"D\u00f3lar abre em leve queda ap\u00f3s renovar m\u00e1xima hist\u00f3rica"},{"@type":"BreadcrumbList","@id":"https:\/\/www.suno.com.br\/noticias\/dolar-empregos-eua-omc-01042020\/#breadcrumb","itemListElement":[{"@type":"ListItem","position":1,"name":"Not\u00edcias","item":"https:\/\/www.suno.com.br\/noticias\/"},{"@type":"ListItem","position":2,"name":"Mercado","item":"https:\/\/www.suno.com.br\/noticias\/mercado\/"},{"@type":"ListItem","position":3,"name":"D\u00f3lar abre em alta; relat\u00f3rio de emprego dos EUA no radar"}]},{"@type":"WebSite","@id":"https:\/\/www.suno.com.br\/noticias\/#website","url":"https:\/\/www.suno.com.br\/noticias\/","name":"Suno Not\u00edcias","description":"Seu portal de informa\u00e7\u00e3o sobre o mundo dos investimentos","publisher":{"@id":"https:\/\/www.suno.com.br\/noticias\/#organization"},"potentialAction":[{"@type":"SearchAction","target":{"@type":"EntryPoint","urlTemplate":"https:\/\/www.suno.com.br\/noticias\/?s={search_term_string}"},"query-input":{"@type":"PropertyValueSpecification","valueRequired":true,"valueName":"search_term_string"}}],"inLanguage":"pt-BR"},{"@type":"Organization","@id":"https:\/\/www.suno.com.br\/noticias\/#organization","name":"Suno Not\u00edcias","url":"https:\/\/www.suno.com.br\/noticias\/","logo":{"@type":"ImageObject","inLanguage":"pt-BR","@id":"https:\/\/www.suno.com.br\/noticias\/#\/schema\/logo\/image\/","url":"https:\/\/files.sunoresearch.com.br\/n\/uploads\/2021\/09\/suno-logo.png","contentUrl":"https:\/\/files.sunoresearch.com.br\/n\/uploads\/2021\/09\/suno-logo.png","width":180,"height":180,"caption":"Suno Not\u00edcias"},"image":{"@id":"https:\/\/www.suno.com.br\/noticias\/#\/schema\/logo\/image\/"},"sameAs":["https:\/\/facebook.com\/sunoresearch","https:\/\/x.com\/sunoresearch","https:\/\/www.instagram.com\/suno","https:\/\/www.linkedin.com\/company\/suno-research\/","https:\/\/www.youtube.com\/c\/sunoresearch"]},{"@type":"Person","@id":"https:\/\/www.suno.com.br\/noticias\/#\/schema\/person\/918d79de1f0281f01599b93f9ea6e23f","name":"Jader Lazarini","image":{"@type":"ImageObject","inLanguage":"pt-BR","@id":"https:\/\/www.suno.com.br\/noticias\/#\/schema\/person\/image\/","url":"https:\/\/secure.gravatar.com\/avatar\/3c1ad8caa51589841baeb923fcddea97?s=96&r=g","contentUrl":"https:\/\/secure.gravatar.com\/avatar\/3c1ad8caa51589841baeb923fcddea97?s=96&r=g","caption":"Jader Lazarini"},"description":"Jader Lazarini escreve sobre investimentos, finan\u00e7as, economia e neg\u00f3cios. \u00c9 bacharel em Rela\u00e7\u00f5es Internacionais e analista CNPI (2619).","url":"https:\/\/www.suno.com.br\/noticias\/author\/jader-lazarini\/"}]}},"default_loop_html":"<div class=\"cardsPage__listCard__boxs\"><div class=\"cardsPage__listCard__boxs__img\"><a href=\"https:\/\/www.suno.com.br\/noticias\/dolar-empregos-eua-omc-01042020\/\"><img class=\"mask\" src=\"https:\/\/www.suno.com.br\/noticias\/wp-content\/themes\/suno\/resources\/images\/spotlight\/spotlight1img\/bg-mask.png\" alt=\"Image Mask\"\/><img src=\"https:\/\/files.sunoresearch.com.br\/n\/uploads\/2020\/03\/b6bc3d9f-f33c7cf2-dolar-400x200.webp\" alt=\"D\u00f3lar abre em alta; relat\u00f3rio de emprego dos EUA no radar\"\/><\/a><span class=\"spotlightCategory\"><a href=\"https:\/\/www.suno.com.br\/noticias\/mercado\/\">Mercado<\/a><\/span><\/div><div class=\"cardsPage__listCard__boxs__content\"><a href=\"https:\/\/www.suno.com.br\/noticias\/dolar-empregos-eua-omc-01042020\/\"><h2 class=\"content__title\">D\u00f3lar abre em alta; relat\u00f3rio de emprego dos EUA no radar<\/h2><\/a><div class=\"newsContent__article__meta\"><div class=\"newsContent__article__meta__authorBox\"><a href=\"https:\/\/www.suno.com.br\/noticias\/author\/jader-lazarini\/\" class=\"authorBox__avatar noMobi\"><img src=\"https:\/\/files.sunoresearch.com.br\/n\/uploads\/2021\/01\/178e6598-foto-perfil-2-150x150.jpg\" alt=\"Jader Lazarini\"><\/a><div class=\"authorBox__name\"><span>por\n\t\t\t<a href=\"https:\/\/www.suno.com.br\/noticias\/author\/jader-lazarini\/\"><span itemprop=\"author\">Jader Lazarini<\/span><\/a><\/span><time datetime=\"2020-04-01T10:01:44-03:00\" itemprop=\"datePublished\">01\/04\/2020 10:01<\/time><\/div><\/div><\/div><\/div><\/div>","single_layout":"posts","amp_enabled":true,"_links":{"self":[{"href":"https:\/\/www.suno.com.br\/noticias\/wp-json\/wp\/v2\/posts\/59843"}],"collection":[{"href":"https:\/\/www.suno.com.br\/noticias\/wp-json\/wp\/v2\/posts"}],"about":[{"href":"https:\/\/www.suno.com.br\/noticias\/wp-json\/wp\/v2\/types\/post"}],"author":[{"embeddable":true,"href":"https:\/\/www.suno.com.br\/noticias\/wp-json\/wp\/v2\/users\/24"}],"replies":[{"embeddable":true,"href":"https:\/\/www.suno.com.br\/noticias\/wp-json\/wp\/v2\/comments?post=59843"}],"version-history":[{"count":1,"href":"https:\/\/www.suno.com.br\/noticias\/wp-json\/wp\/v2\/posts\/59843\/revisions"}],"predecessor-version":[{"id":153884,"href":"https:\/\/www.suno.com.br\/noticias\/wp-json\/wp\/v2\/posts\/59843\/revisions\/153884"}],"wp:featuredmedia":[{"embeddable":true,"href":"https:\/\/www.suno.com.br\/noticias\/wp-json\/wp\/v2\/media\/57990"}],"wp:attachment":[{"href":"https:\/\/www.suno.com.br\/noticias\/wp-json\/wp\/v2\/media?parent=59843"}],"wp:term":[{"taxonomy":"category","embeddable":true,"href":"https:\/\/www.suno.com.br\/noticias\/wp-json\/wp\/v2\/categories?post=59843"},{"taxonomy":"post_tag","embeddable":true,"href":"https:\/\/www.suno.com.br\/noticias\/wp-json\/wp\/v2\/tags?post=59843"},{"taxonomy":"suno_strategy","embeddable":true,"href":"https:\/\/www.suno.com.br\/noticias\/wp-json\/wp\/v2\/suno_strategy?post=59843"}],"curies":[{"name":"wp","href":"https:\/\/api.w.org\/{rel}","templated":true}]}}