{"id":598166,"date":"2025-03-17T14:34:46","date_gmt":"2025-03-17T17:34:46","guid":{"rendered":"https:\/\/www.suno.com.br\/noticias\/?p=598166"},"modified":"2025-03-17T15:30:38","modified_gmt":"2025-03-17T18:30:38","slug":"previa-do-pib-veio-acima-do-esperado-especialistas-gb","status":"publish","type":"post","link":"https:\/\/www.suno.com.br\/noticias\/previa-do-pib-veio-acima-do-esperado-especialistas-gb\/","title":{"rendered":"Pr\u00e9via do PIB veio acima do esperado; o que dizem os especialistas?"},"content":{"rendered":"<p>Os dados do \u00cdndice de Atividade Econ\u00f4mica do Banco Central (IBC-BR), a pr\u00e9via do <strong><a href=\"https:\/\/www.suno.com.br\/artigos\/pib-produto-interno-bruto\/\">PIB<\/a><\/strong>, apresentaram uma alta de 0,9% em janeiro, superando as expectativas do mercado. Esse desempenho sinaliza uma recupera\u00e7\u00e3o da atividade econ\u00f4mica, especialmente impulsionada pelo setor agr\u00edcola, conforme apontou Lucas Barbosa, economista da AZ Quest.&nbsp;<\/p>\t<div class=\"wrapper-featured-image\">\n\t\t<figure class=\"spotlightImg\">\n\n\t\t\t<picture>\n\t\t\t\t<source media=\"(max-width: 768px)\" srcset=\"https:\/\/files.sunoresearch.com.br\/n\/uploads\/2024\/06\/pib-moedas-economia-400x200.jpg\">\n\t\t\t\t<img loading=\"lazy\" decoding=\"async\" class=\"newsContent__article__imgCapa lazyloadDisabled \" src=\"https:\/\/files.sunoresearch.com.br\/n\/uploads\/2024\/06\/pib-moedas-economia-800x450.jpg\" width=\"800\" height=\"450\" alt=\"Pr\u00e9via do PIB veio acima do esperado; o que dizem os especialistas?\" fetchpriority=high \/>\n\t\t\t<\/picture>\n\n\t\t\t<figcaption class=\"wp-caption-text wp-caption-text--show\">IRDM11 vai pagar dividendos de 108,83% do CDI; veja os investimentos do FII. Foto: Freepik<\/figcaption>\n\t\t<\/figure>\n\t<\/div>\n\n\n\n\n\n\t<p>\n\t\t<a href=\"\" target=\"_blank\" data-element=\"shortcode-suno-banner\" title=\"Banner SUNO, clique e saiba mais\">\n\t\t\t<picture>\n\t\t\t\t<source media=\"(max-width: 500px)\" srcset=\"\">\n\t\t\t\t<img class=\"newsContent__article__imgCapa newsContent__article__imgCapa--banner\"\n\t\t\t\t\tsrc=\"\"\n\t\t\t\t\tdata-promo-id=\"240038\"\t\t\t\t\t\t\t\t\t\t\t\t\t\t\talt=\"\"\n\t\t\t\t>\n\t\t\t<\/picture>\n\t\t<\/a>\n\t<\/p>\n\n\n\n\n\n<p>Ele afirmou que \u201co dado de hoje mais forte \u00e9 explicado boa parte pelo agro\u201d, e que isso pode afastar as expectativas de uma desacelera\u00e7\u00e3o mais abrupta no primeiro trimestre.<\/p>\n\n\n\n<p>Apesar das leituras mais fracas dos \u00faltimos meses de 2024, Barbosa acredita que a atividade econ\u00f4mica ainda \u201ccontinua num n\u00edvel muito elevado\u201d.&nbsp;<\/p>\n\n\n\t<div data-element=\"shortcode-read-more\" class=\"knowMore\">\n\t\t\t\t<span class=\"knowMore__title\">Leia mais<\/span>\n\t\t\t\t<a class=\"knowMore__link\" href=\"https:\/\/www.suno.com.br\/noticias\/selic-boletim-focus-17032025-ec-gss\/\">\n\t\t\tSelic est\u00e1vel, IPCA, PIB e d\u00f3lar em baixa: veja proje\u00e7\u00f5es do Boletim Focus desta semana\t\t<\/a>\n\t<\/div>\n\n\n\n\n<h2 class=\"wp-block-heading\">A pr\u00e9via do PIB e a taxa Selic<\/h2>\n\n\n\n<p>O economista previu que a decis\u00e3o do Comit\u00ea de Pol\u00edtica Monet\u00e1ria (<strong>Copom<\/strong>) desta semana deve ser influenciada pelo dado citado, refor\u00e7ando a cautela em rela\u00e7\u00e3o ao encerramento do ciclo de juros. Ele projetou uma alta de 1% nesta reuni\u00e3o de ter\u00e7a-feira e quarta-feira, seguida por mais 0,5% na pr\u00f3xima, e um aumento final de 0,25%, culminando em uma taxa Selic de 15% no fim do ano.<\/p>\n\n\n\n<p>Outro especialista do mercado, Jorge Kotz, CEO da Holding Grupo X, comenta que a pr\u00e9via do PIB ainda n\u00e3o aponta uma economia pujante para 2025.&nbsp;<\/p>\n\n\n\n<p>Em sua an\u00e1lise, embora a alta tenha superado as expectativas, \u201c\u00e9 importante adotar uma vis\u00e3o cautelosa antes de considerar essa taxa como um sinal de recupera\u00e7\u00e3o econ\u00f4mica robusta\u201d.&nbsp;<\/p>\n\n\n\n<p>Kotz destacou que o crescimento ainda enfrenta riscos relacionados \u00e0 infla\u00e7\u00e3o persistente, pol\u00edticas monet\u00e1rias do <strong>Banco Central <\/strong>e volatilidade externa. Para ele, \u201ca alta do \u00edndice pode ser atribu\u00edda a ajustes pontuais em setores espec\u00edficos, sem refletir uma melhora generalizada da economia\u201d.<\/p>\n\n\n\n<p>Por sua vez, Volnei Eyng, CEO da gestora Multiplike, enfatiza que os dados apontam para uma atividade mais forte, indicando um impacto positivo sobre o PIB, renda e consumo. Contudo, ele alerta para a necessidade de uma postura conservadora do Banco Central devido \u00e0 infla\u00e7\u00e3o persistente.&nbsp;<\/p>\n\n\n\n<p>Eyng observou que a \u201cpr\u00e9via do <strong>PIB<\/strong> vem em contraponto\u201d \u00e0s an\u00e1lises anteriores que sugeriam uma desacelera\u00e7\u00e3o econ\u00f4mica e que isso deve influenciar as pr\u00f3ximas decis\u00f5es sobre a taxa Selic, que pode permanecer elevada por mais tempo.<\/p>\n\n\n\n\n\t<p>\n\t\t<a href=\"https:\/\/lp.suno.com.br\/planilha-da-vida-financeira\/\" target=\"_blank\" data-element=\"shortcode-suno-banner\" title=\"Banner SUNO, clique e saiba mais\">\n\t\t\t<picture>\n\t\t\t\t<source media=\"(max-width: 500px)\" srcset=\"https:\/\/files.sunoresearch.com.br\/n\/uploads\/2023\/04\/400x300-Planilha-vida-financeira-true.png\">\n\t\t\t\t<img class=\"newsContent__article__imgCapa newsContent__article__imgCapa--banner\"\n\t\t\t\t\tsrc=\"https:\/\/files.sunoresearch.com.br\/n\/uploads\/2023\/04\/1420x240-Planilha-vida-financeira-true.png\"\n\t\t\t\t\tdata-promo-id=\"383123\"\t\t\t\t\t\t\t\t\t\twidth='1420' height='240'\t\t\t\t\talt=\"https:\/\/files.sunoresearch.com.br\/n\/uploads\/2023\/04\/1420x240-Planilha-vida-financeira-true.png\"\n\t\t\t\t>\n\t\t\t<\/picture>\n\t\t<\/a>\n\t<\/p>\n\n\n","protected":false},"excerpt":{"rendered":"<p>Os dados do \u00cdndice de Atividade Econ\u00f4mica do Banco Central (IBC-BR), a pr\u00e9via do PIB, apresentaram uma alta de 0,9% em janeiro, superando as expectativas do mercado. Esse desempenho sinaliza uma recupera\u00e7\u00e3o da atividade econ\u00f4mica, especialmente impulsionada pelo setor agr\u00edcola, conforme apontou Lucas Barbosa, economista da AZ Quest.&nbsp; IRDM11 vai pagar dividendos de 108,83% do [&hellip;]<\/p>\n","protected":false},"author":172,"featured_media":559463,"comment_status":"closed","ping_status":"closed","sticky":false,"template":"","format":"standard","meta":[],"categories":[62],"tags":[875],"suno_strategy":[],"class_list":["post-598166","post","type-post","status-publish","format-standard","has-post-thumbnail","hentry","category-economia","tag-ibc-br"],"yoast_head":"<!-- This site is optimized with the Yoast SEO plugin v24.4 - https:\/\/yoast.com\/wordpress\/plugins\/seo\/ -->\n<title>Pr\u00e9via do PIB veio acima do esperado; o que dizem os especialistas?<\/title>\n<meta name=\"description\" content=\"Entenda o impacto da alta do IBC-BR, a pr\u00e9via do PIB, para a economia brasileira, na vis\u00e3o dos especialistas do mercado.\" \/>\n<meta name=\"robots\" content=\"index, follow, max-snippet:-1, max-image-preview:large, max-video-preview:-1\" \/>\n<link rel=\"canonical\" href=\"https:\/\/www.suno.com.br\/noticias\/previa-do-pib-veio-acima-do-esperado-especialistas-gb\/\" \/>\n<meta property=\"og:locale\" content=\"pt_BR\" \/>\n<meta property=\"og:type\" content=\"article\" \/>\n<meta property=\"og:title\" content=\"Pr\u00e9via do PIB veio acima do esperado; o que dizem os especialistas?\" \/>\n<meta property=\"og:description\" content=\"Entenda o impacto da alta do IBC-BR, a pr\u00e9via do PIB, para a economia brasileira, na vis\u00e3o dos especialistas do mercado.\" \/>\n<meta property=\"og:url\" content=\"https:\/\/www.suno.com.br\/noticias\/previa-do-pib-veio-acima-do-esperado-especialistas-gb\/\" \/>\n<meta property=\"og:site_name\" content=\"Suno Not\u00edcias\" \/>\n<meta property=\"article:publisher\" content=\"https:\/\/facebook.com\/sunoresearch\" \/>\n<meta property=\"og:image\" content=\"https:\/\/files.sunoresearch.com.br\/n\/uploads\/2024\/06\/pib-moedas-economia.jpg\" \/>\n\t<meta property=\"og:image:width\" content=\"1200\" \/>\n\t<meta property=\"og:image:height\" content=\"800\" \/>\n\t<meta property=\"og:image:type\" content=\"image\/jpeg\" \/>\n<meta name=\"author\" content=\"Gustavo Bianch\" \/>\n<meta name=\"twitter:card\" content=\"summary_large_image\" \/>\n<meta name=\"twitter:creator\" content=\"@sunoresearch\" \/>\n<meta name=\"twitter:site\" content=\"@sunoresearch\" \/>\n<meta name=\"twitter:label1\" content=\"Escrito por\" \/>\n\t<meta name=\"twitter:data1\" content=\"Gustavo Bianch\" \/>\n\t<meta name=\"twitter:label2\" content=\"Est. tempo de leitura\" \/>\n\t<meta name=\"twitter:data2\" content=\"2 minutos\" \/>\n<script type=\"application\/ld+json\" class=\"yoast-schema-graph\">{\"@context\":\"https:\/\/schema.org\",\"@graph\":[{\"@type\":\"NewsArticle\",\"@id\":\"https:\/\/www.suno.com.br\/noticias\/previa-do-pib-veio-acima-do-esperado-especialistas-gb\/#article\",\"isPartOf\":{\"@id\":\"https:\/\/www.suno.com.br\/noticias\/previa-do-pib-veio-acima-do-esperado-especialistas-gb\/\"},\"author\":{\"name\":\"Gustavo Bianch\",\"@id\":\"https:\/\/www.suno.com.br\/noticias\/#\/schema\/person\/a72c0794bc524e8100a01ae3d3b6becb\"},\"headline\":\"Pr\u00e9via do PIB veio acima do esperado; o que dizem os especialistas?\",\"datePublished\":\"2025-03-17T17:34:46+00:00\",\"dateModified\":\"2025-03-17T18:30:38+00:00\",\"mainEntityOfPage\":{\"@id\":\"https:\/\/www.suno.com.br\/noticias\/previa-do-pib-veio-acima-do-esperado-especialistas-gb\/\"},\"wordCount\":400,\"publisher\":{\"@id\":\"https:\/\/www.suno.com.br\/noticias\/#organization\"},\"image\":{\"@id\":\"https:\/\/www.suno.com.br\/noticias\/previa-do-pib-veio-acima-do-esperado-especialistas-gb\/#primaryimage\"},\"thumbnailUrl\":\"https:\/\/files.sunoresearch.com.br\/n\/uploads\/2024\/06\/pib-moedas-economia.jpg\",\"keywords\":[\"IBC-Br\"],\"articleSection\":[\"Economia\"],\"inLanguage\":\"pt-BR\"},{\"@type\":\"WebPage\",\"@id\":\"https:\/\/www.suno.com.br\/noticias\/previa-do-pib-veio-acima-do-esperado-especialistas-gb\/\",\"url\":\"https:\/\/www.suno.com.br\/noticias\/previa-do-pib-veio-acima-do-esperado-especialistas-gb\/\",\"name\":\"Pr\u00e9via do PIB veio acima do esperado; o que dizem os especialistas?\",\"isPartOf\":{\"@id\":\"https:\/\/www.suno.com.br\/noticias\/#website\"},\"primaryImageOfPage\":{\"@id\":\"https:\/\/www.suno.com.br\/noticias\/previa-do-pib-veio-acima-do-esperado-especialistas-gb\/#primaryimage\"},\"image\":{\"@id\":\"https:\/\/www.suno.com.br\/noticias\/previa-do-pib-veio-acima-do-esperado-especialistas-gb\/#primaryimage\"},\"thumbnailUrl\":\"https:\/\/files.sunoresearch.com.br\/n\/uploads\/2024\/06\/pib-moedas-economia.jpg\",\"datePublished\":\"2025-03-17T17:34:46+00:00\",\"dateModified\":\"2025-03-17T18:30:38+00:00\",\"description\":\"Entenda o impacto da alta do IBC-BR, a pr\u00e9via do PIB, para a economia brasileira, na vis\u00e3o dos especialistas do mercado.\",\"breadcrumb\":{\"@id\":\"https:\/\/www.suno.com.br\/noticias\/previa-do-pib-veio-acima-do-esperado-especialistas-gb\/#breadcrumb\"},\"inLanguage\":\"pt-BR\",\"potentialAction\":[{\"@type\":\"ReadAction\",\"target\":[\"https:\/\/www.suno.com.br\/noticias\/previa-do-pib-veio-acima-do-esperado-especialistas-gb\/\"]}]},{\"@type\":\"ImageObject\",\"inLanguage\":\"pt-BR\",\"@id\":\"https:\/\/www.suno.com.br\/noticias\/previa-do-pib-veio-acima-do-esperado-especialistas-gb\/#primaryimage\",\"url\":\"https:\/\/files.sunoresearch.com.br\/n\/uploads\/2024\/06\/pib-moedas-economia.jpg\",\"contentUrl\":\"https:\/\/files.sunoresearch.com.br\/n\/uploads\/2024\/06\/pib-moedas-economia.jpg\",\"width\":1200,\"height\":800,\"caption\":\"IRDM11 vai pagar dividendos de 108,83% do CDI; veja os investimentos do FII. Foto: Freepik\"},{\"@type\":\"BreadcrumbList\",\"@id\":\"https:\/\/www.suno.com.br\/noticias\/previa-do-pib-veio-acima-do-esperado-especialistas-gb\/#breadcrumb\",\"itemListElement\":[{\"@type\":\"ListItem\",\"position\":1,\"name\":\"Not\u00edcias\",\"item\":\"https:\/\/www.suno.com.br\/noticias\/\"},{\"@type\":\"ListItem\",\"position\":2,\"name\":\"Economia\",\"item\":\"https:\/\/www.suno.com.br\/noticias\/economia\/\"},{\"@type\":\"ListItem\",\"position\":3,\"name\":\"Pr\u00e9via do PIB veio acima do esperado; o que dizem os especialistas?\"}]},{\"@type\":\"WebSite\",\"@id\":\"https:\/\/www.suno.com.br\/noticias\/#website\",\"url\":\"https:\/\/www.suno.com.br\/noticias\/\",\"name\":\"Suno Not\u00edcias\",\"description\":\"Seu portal de informa\u00e7\u00e3o sobre o mundo dos investimentos\",\"publisher\":{\"@id\":\"https:\/\/www.suno.com.br\/noticias\/#organization\"},\"potentialAction\":[{\"@type\":\"SearchAction\",\"target\":{\"@type\":\"EntryPoint\",\"urlTemplate\":\"https:\/\/www.suno.com.br\/noticias\/?s={search_term_string}\"},\"query-input\":{\"@type\":\"PropertyValueSpecification\",\"valueRequired\":true,\"valueName\":\"search_term_string\"}}],\"inLanguage\":\"pt-BR\"},{\"@type\":\"Organization\",\"@id\":\"https:\/\/www.suno.com.br\/noticias\/#organization\",\"name\":\"Suno Not\u00edcias\",\"url\":\"https:\/\/www.suno.com.br\/noticias\/\",\"logo\":{\"@type\":\"ImageObject\",\"inLanguage\":\"pt-BR\",\"@id\":\"https:\/\/www.suno.com.br\/noticias\/#\/schema\/logo\/image\/\",\"url\":\"https:\/\/files.sunoresearch.com.br\/n\/uploads\/2021\/09\/suno-logo.png\",\"contentUrl\":\"https:\/\/files.sunoresearch.com.br\/n\/uploads\/2021\/09\/suno-logo.png\",\"width\":180,\"height\":180,\"caption\":\"Suno Not\u00edcias\"},\"image\":{\"@id\":\"https:\/\/www.suno.com.br\/noticias\/#\/schema\/logo\/image\/\"},\"sameAs\":[\"https:\/\/facebook.com\/sunoresearch\",\"https:\/\/x.com\/sunoresearch\",\"https:\/\/www.instagram.com\/suno\",\"https:\/\/www.linkedin.com\/company\/suno-research\/\",\"https:\/\/www.youtube.com\/c\/sunoresearch\"]},{\"@type\":\"Person\",\"@id\":\"https:\/\/www.suno.com.br\/noticias\/#\/schema\/person\/a72c0794bc524e8100a01ae3d3b6becb\",\"name\":\"Gustavo Bianch\",\"image\":{\"@type\":\"ImageObject\",\"inLanguage\":\"pt-BR\",\"@id\":\"https:\/\/www.suno.com.br\/noticias\/#\/schema\/person\/image\/\",\"url\":\"https:\/\/secure.gravatar.com\/avatar\/a8da2835aade1ac6c1eede0339ead827?s=96&r=g\",\"contentUrl\":\"https:\/\/secure.gravatar.com\/avatar\/a8da2835aade1ac6c1eede0339ead827?s=96&r=g\",\"caption\":\"Gustavo Bianch\"},\"description\":\"Jornalista com doutorado pela UFMG e produtor de conte\u00fado da unidade de m\u00eddias da Suno. Tamb\u00e9m trabalha no FIIs.com.br e Funds Explorer, fazendo a cobertura sobre FIIs, Fiagro e FI-Infra.\",\"url\":\"https:\/\/www.suno.com.br\/noticias\/author\/gustavo-silva\/\"}]}<\/script>\n<!-- \/ Yoast SEO plugin. -->","yoast_head_json":{"title":"Pr\u00e9via do PIB veio acima do esperado; o que dizem os especialistas?","description":"Entenda o impacto da alta do IBC-BR, a pr\u00e9via do PIB, para a economia brasileira, na vis\u00e3o dos especialistas do mercado.","robots":{"index":"index","follow":"follow","max-snippet":"max-snippet:-1","max-image-preview":"max-image-preview:large","max-video-preview":"max-video-preview:-1"},"canonical":"https:\/\/www.suno.com.br\/noticias\/previa-do-pib-veio-acima-do-esperado-especialistas-gb\/","og_locale":"pt_BR","og_type":"article","og_title":"Pr\u00e9via do PIB veio acima do esperado; o que dizem os especialistas?","og_description":"Entenda o impacto da alta do IBC-BR, a pr\u00e9via do PIB, para a economia brasileira, na vis\u00e3o dos especialistas do mercado.","og_url":"https:\/\/www.suno.com.br\/noticias\/previa-do-pib-veio-acima-do-esperado-especialistas-gb\/","og_site_name":"Suno Not\u00edcias","article_publisher":"https:\/\/facebook.com\/sunoresearch","og_image":[{"width":1200,"height":800,"url":"https:\/\/files.sunoresearch.com.br\/n\/uploads\/2024\/06\/pib-moedas-economia.jpg","type":"image\/jpeg"}],"author":"Gustavo Bianch","twitter_card":"summary_large_image","twitter_creator":"@sunoresearch","twitter_site":"@sunoresearch","twitter_misc":{"Escrito por":"Gustavo Bianch","Est. tempo de leitura":"2 minutos"},"schema":{"@context":"https:\/\/schema.org","@graph":[{"@type":"NewsArticle","@id":"https:\/\/www.suno.com.br\/noticias\/previa-do-pib-veio-acima-do-esperado-especialistas-gb\/#article","isPartOf":{"@id":"https:\/\/www.suno.com.br\/noticias\/previa-do-pib-veio-acima-do-esperado-especialistas-gb\/"},"author":{"name":"Gustavo Bianch","@id":"https:\/\/www.suno.com.br\/noticias\/#\/schema\/person\/a72c0794bc524e8100a01ae3d3b6becb"},"headline":"Pr\u00e9via do PIB veio acima do esperado; o que dizem os especialistas?","datePublished":"2025-03-17T17:34:46+00:00","dateModified":"2025-03-17T18:30:38+00:00","mainEntityOfPage":{"@id":"https:\/\/www.suno.com.br\/noticias\/previa-do-pib-veio-acima-do-esperado-especialistas-gb\/"},"wordCount":400,"publisher":{"@id":"https:\/\/www.suno.com.br\/noticias\/#organization"},"image":{"@id":"https:\/\/www.suno.com.br\/noticias\/previa-do-pib-veio-acima-do-esperado-especialistas-gb\/#primaryimage"},"thumbnailUrl":"https:\/\/files.sunoresearch.com.br\/n\/uploads\/2024\/06\/pib-moedas-economia.jpg","keywords":["IBC-Br"],"articleSection":["Economia"],"inLanguage":"pt-BR"},{"@type":"WebPage","@id":"https:\/\/www.suno.com.br\/noticias\/previa-do-pib-veio-acima-do-esperado-especialistas-gb\/","url":"https:\/\/www.suno.com.br\/noticias\/previa-do-pib-veio-acima-do-esperado-especialistas-gb\/","name":"Pr\u00e9via do PIB veio acima do esperado; o que dizem os especialistas?","isPartOf":{"@id":"https:\/\/www.suno.com.br\/noticias\/#website"},"primaryImageOfPage":{"@id":"https:\/\/www.suno.com.br\/noticias\/previa-do-pib-veio-acima-do-esperado-especialistas-gb\/#primaryimage"},"image":{"@id":"https:\/\/www.suno.com.br\/noticias\/previa-do-pib-veio-acima-do-esperado-especialistas-gb\/#primaryimage"},"thumbnailUrl":"https:\/\/files.sunoresearch.com.br\/n\/uploads\/2024\/06\/pib-moedas-economia.jpg","datePublished":"2025-03-17T17:34:46+00:00","dateModified":"2025-03-17T18:30:38+00:00","description":"Entenda o impacto da alta do IBC-BR, a pr\u00e9via do PIB, para a economia brasileira, na vis\u00e3o dos especialistas do mercado.","breadcrumb":{"@id":"https:\/\/www.suno.com.br\/noticias\/previa-do-pib-veio-acima-do-esperado-especialistas-gb\/#breadcrumb"},"inLanguage":"pt-BR","potentialAction":[{"@type":"ReadAction","target":["https:\/\/www.suno.com.br\/noticias\/previa-do-pib-veio-acima-do-esperado-especialistas-gb\/"]}]},{"@type":"ImageObject","inLanguage":"pt-BR","@id":"https:\/\/www.suno.com.br\/noticias\/previa-do-pib-veio-acima-do-esperado-especialistas-gb\/#primaryimage","url":"https:\/\/files.sunoresearch.com.br\/n\/uploads\/2024\/06\/pib-moedas-economia.jpg","contentUrl":"https:\/\/files.sunoresearch.com.br\/n\/uploads\/2024\/06\/pib-moedas-economia.jpg","width":1200,"height":800,"caption":"IRDM11 vai pagar dividendos de 108,83% do CDI; veja os investimentos do FII. Foto: Freepik"},{"@type":"BreadcrumbList","@id":"https:\/\/www.suno.com.br\/noticias\/previa-do-pib-veio-acima-do-esperado-especialistas-gb\/#breadcrumb","itemListElement":[{"@type":"ListItem","position":1,"name":"Not\u00edcias","item":"https:\/\/www.suno.com.br\/noticias\/"},{"@type":"ListItem","position":2,"name":"Economia","item":"https:\/\/www.suno.com.br\/noticias\/economia\/"},{"@type":"ListItem","position":3,"name":"Pr\u00e9via do PIB veio acima do esperado; o que dizem os especialistas?"}]},{"@type":"WebSite","@id":"https:\/\/www.suno.com.br\/noticias\/#website","url":"https:\/\/www.suno.com.br\/noticias\/","name":"Suno Not\u00edcias","description":"Seu portal de informa\u00e7\u00e3o sobre o mundo dos investimentos","publisher":{"@id":"https:\/\/www.suno.com.br\/noticias\/#organization"},"potentialAction":[{"@type":"SearchAction","target":{"@type":"EntryPoint","urlTemplate":"https:\/\/www.suno.com.br\/noticias\/?s={search_term_string}"},"query-input":{"@type":"PropertyValueSpecification","valueRequired":true,"valueName":"search_term_string"}}],"inLanguage":"pt-BR"},{"@type":"Organization","@id":"https:\/\/www.suno.com.br\/noticias\/#organization","name":"Suno Not\u00edcias","url":"https:\/\/www.suno.com.br\/noticias\/","logo":{"@type":"ImageObject","inLanguage":"pt-BR","@id":"https:\/\/www.suno.com.br\/noticias\/#\/schema\/logo\/image\/","url":"https:\/\/files.sunoresearch.com.br\/n\/uploads\/2021\/09\/suno-logo.png","contentUrl":"https:\/\/files.sunoresearch.com.br\/n\/uploads\/2021\/09\/suno-logo.png","width":180,"height":180,"caption":"Suno Not\u00edcias"},"image":{"@id":"https:\/\/www.suno.com.br\/noticias\/#\/schema\/logo\/image\/"},"sameAs":["https:\/\/facebook.com\/sunoresearch","https:\/\/x.com\/sunoresearch","https:\/\/www.instagram.com\/suno","https:\/\/www.linkedin.com\/company\/suno-research\/","https:\/\/www.youtube.com\/c\/sunoresearch"]},{"@type":"Person","@id":"https:\/\/www.suno.com.br\/noticias\/#\/schema\/person\/a72c0794bc524e8100a01ae3d3b6becb","name":"Gustavo Bianch","image":{"@type":"ImageObject","inLanguage":"pt-BR","@id":"https:\/\/www.suno.com.br\/noticias\/#\/schema\/person\/image\/","url":"https:\/\/secure.gravatar.com\/avatar\/a8da2835aade1ac6c1eede0339ead827?s=96&r=g","contentUrl":"https:\/\/secure.gravatar.com\/avatar\/a8da2835aade1ac6c1eede0339ead827?s=96&r=g","caption":"Gustavo Bianch"},"description":"Jornalista com doutorado pela UFMG e produtor de conte\u00fado da unidade de m\u00eddias da Suno. Tamb\u00e9m trabalha no FIIs.com.br e Funds Explorer, fazendo a cobertura sobre FIIs, Fiagro e FI-Infra.","url":"https:\/\/www.suno.com.br\/noticias\/author\/gustavo-silva\/"}]}},"default_loop_html":"<div class=\"cardsPage__listCard__boxs\"><div class=\"cardsPage__listCard__boxs__img\"><a href=\"https:\/\/www.suno.com.br\/noticias\/previa-do-pib-veio-acima-do-esperado-especialistas-gb\/\"><img class=\"mask\" src=\"https:\/\/www.suno.com.br\/noticias\/wp-content\/themes\/suno\/resources\/images\/spotlight\/spotlight1img\/bg-mask.png\" alt=\"Image Mask\"\/><img src=\"https:\/\/files.sunoresearch.com.br\/n\/uploads\/2024\/06\/pib-moedas-economia-400x200.jpg\" alt=\"Pr\u00e9via do PIB veio acima do esperado; o que dizem os especialistas?\"\/><\/a><span class=\"spotlightCategory\"><a href=\"https:\/\/www.suno.com.br\/noticias\/economia\/\">Economia<\/a><\/span><\/div><div class=\"cardsPage__listCard__boxs__content\"><a href=\"https:\/\/www.suno.com.br\/noticias\/previa-do-pib-veio-acima-do-esperado-especialistas-gb\/\"><h2 class=\"content__title\">Pr\u00e9via do PIB veio acima do esperado; o que dizem os especialistas?<\/h2><\/a><div class=\"newsContent__article__meta\"><div class=\"newsContent__article__meta__authorBox\"><a href=\"https:\/\/www.suno.com.br\/noticias\/author\/gustavo-silva\/\" class=\"authorBox__avatar noMobi\"><img src=\"https:\/\/files.sunoresearch.com.br\/n\/uploads\/2024\/06\/41337ec3172142e15d749bd3a95a5216.jpeg\" alt=\"Gustavo Bianch\"><\/a><div class=\"authorBox__name\"><span>por\n\t\t\t<a href=\"https:\/\/www.suno.com.br\/noticias\/author\/gustavo-silva\/\"><span itemprop=\"author\">Gustavo Bianch<\/span><\/a><\/span><time datetime=\"2025-03-17T14:34:46-03:00\" itemprop=\"datePublished\">17\/03\/2025 14:34<\/time><\/div><\/div><\/div><\/div><\/div>","single_layout":"posts","amp_enabled":true,"_links":{"self":[{"href":"https:\/\/www.suno.com.br\/noticias\/wp-json\/wp\/v2\/posts\/598166"}],"collection":[{"href":"https:\/\/www.suno.com.br\/noticias\/wp-json\/wp\/v2\/posts"}],"about":[{"href":"https:\/\/www.suno.com.br\/noticias\/wp-json\/wp\/v2\/types\/post"}],"author":[{"embeddable":true,"href":"https:\/\/www.suno.com.br\/noticias\/wp-json\/wp\/v2\/users\/172"}],"replies":[{"embeddable":true,"href":"https:\/\/www.suno.com.br\/noticias\/wp-json\/wp\/v2\/comments?post=598166"}],"version-history":[{"count":3,"href":"https:\/\/www.suno.com.br\/noticias\/wp-json\/wp\/v2\/posts\/598166\/revisions"}],"predecessor-version":[{"id":598197,"href":"https:\/\/www.suno.com.br\/noticias\/wp-json\/wp\/v2\/posts\/598166\/revisions\/598197"}],"wp:featuredmedia":[{"embeddable":true,"href":"https:\/\/www.suno.com.br\/noticias\/wp-json\/wp\/v2\/media\/559463"}],"wp:attachment":[{"href":"https:\/\/www.suno.com.br\/noticias\/wp-json\/wp\/v2\/media?parent=598166"}],"wp:term":[{"taxonomy":"category","embeddable":true,"href":"https:\/\/www.suno.com.br\/noticias\/wp-json\/wp\/v2\/categories?post=598166"},{"taxonomy":"post_tag","embeddable":true,"href":"https:\/\/www.suno.com.br\/noticias\/wp-json\/wp\/v2\/tags?post=598166"},{"taxonomy":"suno_strategy","embeddable":true,"href":"https:\/\/www.suno.com.br\/noticias\/wp-json\/wp\/v2\/suno_strategy?post=598166"}],"curies":[{"name":"wp","href":"https:\/\/api.w.org\/{rel}","templated":true}]}}