{"id":597769,"date":"2025-03-13T10:01:56","date_gmt":"2025-03-13T13:01:56","guid":{"rendered":"https:\/\/www.suno.com.br\/noticias\/?p=597769"},"modified":"2025-03-13T10:01:59","modified_gmt":"2025-03-13T13:01:59","slug":"ir-primeiro-lote-cronograma-2025-ab-gss","status":"publish","type":"post","link":"https:\/\/www.suno.com.br\/noticias\/ir-primeiro-lote-cronograma-2025-ab-gss\/","title":{"rendered":"Primeiro lote de restitui\u00e7\u00e3o do IR ser\u00e1 pago em 30 maio"},"content":{"rendered":"<p class=\"has-text-align-center\">Os contribuintes t\u00eam a partir da pr\u00f3xima segunda-feira (17) at\u00e9 o dia 30 de maio para entregar a Declara\u00e7\u00e3o do <a class=\"suno-keyword\" data-force=\"no\" data-priority=\"2\" href=\"https:\/\/www.suno.com.br\/guias\/imposto-de-renda-guia\/\" target=\"_blank\" rel=\"noopener\">Imposto de Renda<\/a> da <a class=\"suno-keyword\" data-force=\"no\" data-priority=\"1\" href=\"https:\/\/www.suno.com.br\/artigos\/pessoa-fisica\/\" target=\"_blank\" rel=\"noopener\">Pessoa F\u00edsica<\/a> (IR PF) de 2025.\u00a0<img decoding=\"async\" style=\"width: 1px; height: 1px; display: inline;\" src=\"https:\/\/agenciabrasil.ebc.com.br\/ebc.png?id=1634372&amp;o=rss\"><img decoding=\"async\" style=\"width: 1px; height: 1px; display: inline;\" src=\"https:\/\/agenciabrasil.ebc.com.br\/ebc.gif?id=1634372&amp;o=rss\"><\/p>\t<div class=\"wrapper-featured-image\">\n\t\t<figure class=\"spotlightImg\">\n\n\t\t\t<picture>\n\t\t\t\t<source media=\"(max-width: 768px)\" srcset=\"https:\/\/files.sunoresearch.com.br\/n\/uploads\/2022\/01\/income-tax-g87d5b78f7_1280-400x200.jpg\">\n\t\t\t\t<img loading=\"lazy\" decoding=\"async\" class=\"newsContent__article__imgCapa lazyloadDisabled \" src=\"https:\/\/files.sunoresearch.com.br\/n\/uploads\/2022\/01\/income-tax-g87d5b78f7_1280-800x450.jpg\" width=\"800\" height=\"450\" alt=\"Primeiro lote de restitui\u00e7\u00e3o do IR ser\u00e1 pago em 30 maio\" fetchpriority=high \/>\n\t\t\t<\/picture>\n\n\t\t\t<figcaption class=\"wp-caption-text wp-caption-text--show\">IR. Foto: Pixabay<\/figcaption>\n\t\t<\/figure>\n\t<\/div>\n\n\n<p class=\"has-text-align-center\">Os contribuintes t\u00eam a partir da pr\u00f3xima segunda-feira (17) at\u00e9 o dia 30 de maio para entregar a Declara\u00e7\u00e3o do <a class=\"suno-keyword\" data-force=\"no\" data-priority=\"2\" href=\"https:\/\/www.suno.com.br\/guias\/imposto-de-renda-guia\/\" target=\"_blank\" rel=\"noopener\">Imposto de Renda<\/a> da <a class=\"suno-keyword\" data-force=\"no\" data-priority=\"1\" href=\"https:\/\/www.suno.com.br\/artigos\/pessoa-fisica\/\" target=\"_blank\" rel=\"noopener\">Pessoa F\u00edsica<\/a> (IR PF) de 2025.\u00a0<img decoding=\"async\" style=\"width: 1px; height: 1px; display: inline;\" src=\"https:\/\/agenciabrasil.ebc.com.br\/ebc.png?id=1634372&amp;o=rss\"><img decoding=\"async\" style=\"width: 1px; height: 1px; display: inline;\" src=\"https:\/\/agenciabrasil.ebc.com.br\/ebc.gif?id=1634372&amp;o=rss\"><\/p>\n\n\n\n\n\t<p>\n\t\t<a href=\"\" target=\"_blank\" data-element=\"shortcode-suno-banner\" title=\"Banner SUNO, clique e saiba mais\">\n\t\t\t<picture>\n\t\t\t\t<source media=\"(max-width: 500px)\" srcset=\"\">\n\t\t\t\t<img class=\"newsContent__article__imgCapa newsContent__article__imgCapa--banner\"\n\t\t\t\t\tsrc=\"\"\n\t\t\t\t\tdata-promo-id=\"240038\"\t\t\t\t\t\t\t\t\t\t\t\t\t\t\talt=\"\"\n\t\t\t\t>\n\t\t\t<\/picture>\n\t\t<\/a>\n\t<\/p>\n\n\n\n\n\n\n\n\n\n<p>O primeiro lote ser\u00e1 pago no dia 30 de maio. E o \u00faltimo ser\u00e1 em 30 de setembro.&nbsp;<\/p>\n\n\n\n<h2 class=\"wp-block-heading\">&gt;&gt; Confira as demais datas:&nbsp;<\/h2>\n\n\n\n<ul class=\"wp-block-list\">\n<li>\u2002\u2002\u2002\u2002\u2002Primeiro lote: 30 de maio;<\/li>\n\n\n\n<li>\u2002\u2002\u2002\u2002\u2002Segundo lote: 30 de junho;<\/li>\n\n\n\n<li>\u2002\u2002\u2002\u2002\u2002Terceiro lote: 31 de julho;<\/li>\n\n\n\n<li>\u2002\u2002\u2002\u2002\u2002Quarto lote: 29 de agosto;<\/li>\n\n\n\n<li>\u2002\u2002\u2002\u2002\u2002Quinto e \u00faltimo lote: 30 de setembro.<\/li>\n<\/ul>\n\n\n\t<p>\n\t\t<a href=\"https:\/\/lp.suno.com.br\/ebook-gratuito-investindo-no-exterior\/\" target=\"_blank\" data-element=\"shortcode-suno-banner\" title=\"Banner SUNO, clique e saiba mais\">\n\t\t\t<picture>\n\t\t\t\t<source media=\"(max-width: 500px)\" srcset=\"https:\/\/files.sunoresearch.com.br\/n\/uploads\/2023\/03\/400x300-Investindo-no-exterior.png\">\n\t\t\t\t<img class=\"newsContent__article__imgCapa newsContent__article__imgCapa--banner\"\n\t\t\t\t\tsrc=\"https:\/\/files.sunoresearch.com.br\/n\/uploads\/2023\/03\/1420x240-Investindo-no-exterior.png\"\n\t\t\t\t\tdata-promo-id=\"383161\"\t\t\t\t\t\t\t\t\t\twidth='1420' height='240'\t\t\t\t\talt=\"https:\/\/files.sunoresearch.com.br\/n\/uploads\/2023\/03\/1420x240-Investindo-no-exterior.png\"\n\t\t\t\t>\n\t\t\t<\/picture>\n\t\t<\/a>\n\t<\/p>\n\n\n\n\n\n<h2 class=\"wp-block-heading\">Prioridade<\/h2>\n\n\n\n<p>Uma mudan\u00e7a neste ano \u00e9 a maior prioridade para quem simultaneamente utilizar&nbsp;a declara\u00e7\u00e3o pr\u00e9-preenchida e optar&nbsp;pelo recebimento da restitui\u00e7\u00e3o via Pix.&nbsp;<\/p>\n\n\n\n<p>At\u00e9 o ano passado, a prioridade era definida apenas com base na utiliza\u00e7\u00e3o de uma das duas ferramentas.<\/p>\n\n\n\n<p>Ao considerar as prioridades determinadas por lei, o pagamento das restitui\u00e7\u00f5es seguir\u00e1 a seguinte ordem:<\/p>\n\n\n\n<ul class=\"wp-block-list\">\n<li>\u2002\u2002\u2002\u2002\u2002idade igual ou superior a 80 anos;<\/li>\n\n\n\n<li>\u2002\u2002\u2002\u2002\u2002idade igual\/superior a 60 anos, pessoas com defici\u00eancia e pessoas com doen\u00e7a grave;<\/li>\n\n\n\n<li>\u2002\u2002\u2002\u2002\u2002pessoas cuja maior fonte de renda seja o magist\u00e9rio;<\/li>\n\n\n\n<li>\u2002\u2002\u2002\u2002\u2002utilizaram a pr\u00e9-preenchida e optaram por receber a restitui\u00e7\u00e3o por Pix;<\/li>\n\n\n\n<li>\u2002\u2002\u2002\u2002\u2002utilizaram a pr\u00e9-preenchida ou optaram por receber a restitui\u00e7\u00e3o por Pix;<\/li>\n\n\n\n<li>\u2002\u2002\u2002\u2002\u2002demais contribuintes.<\/li>\n<\/ul>\n\n\n\n<p>&nbsp;O Fisco espera receber 46,2 milh\u00f5es de declara\u00e7\u00f5es, quase 3 milh\u00f5es a mais que as 43.212.426 declara\u00e7\u00f5es entregues em 2024.<\/p>\n\n\n\n<p>Com Ag\u00eancia Brasil<\/p>\n\n\n\t<p>\n\t\t<a href=\"https:\/\/lp.suno.com.br\/planilha-da-vida-financeira\/\" target=\"_blank\" data-element=\"shortcode-suno-banner\" title=\"Banner SUNO, clique e saiba mais\">\n\t\t\t<picture>\n\t\t\t\t<source media=\"(max-width: 500px)\" srcset=\"https:\/\/files.sunoresearch.com.br\/n\/uploads\/2023\/04\/400x300-Planilha-vida-financeira-true.png\">\n\t\t\t\t<img class=\"newsContent__article__imgCapa newsContent__article__imgCapa--banner\"\n\t\t\t\t\tsrc=\"https:\/\/files.sunoresearch.com.br\/n\/uploads\/2023\/04\/1420x240-Planilha-vida-financeira-true.png\"\n\t\t\t\t\tdata-promo-id=\"383123\"\t\t\t\t\t\t\t\t\t\twidth='1420' height='240'\t\t\t\t\talt=\"https:\/\/files.sunoresearch.com.br\/n\/uploads\/2023\/04\/1420x240-Planilha-vida-financeira-true.png\"\n\t\t\t\t>\n\t\t\t<\/picture>\n\t\t<\/a>\n\t<\/p>\n\n\n","protected":false},"excerpt":{"rendered":"<p>Os contribuintes t\u00eam a partir da pr\u00f3xima segunda-feira (17) at\u00e9 o dia 30 de maio para entregar a Declara\u00e7\u00e3o do Imposto de Renda da Pessoa F\u00edsica (IR PF) de 2025.\u00a0 IR. Foto: Pixabay Os contribuintes t\u00eam a partir da pr\u00f3xima segunda-feira (17) at\u00e9 o dia 30 de maio para entregar a Declara\u00e7\u00e3o do Imposto de [&hellip;]<\/p>\n","protected":false},"author":43,"featured_media":224418,"comment_status":"closed","ping_status":"closed","sticky":false,"template":"","format":"standard","meta":[],"categories":[62],"tags":[303],"suno_strategy":[],"class_list":["post-597769","post","type-post","status-publish","format-standard","has-post-thumbnail","hentry","category-economia","tag-imposto-de-renda"],"yoast_head":"<!-- This site is optimized with the Yoast SEO plugin v24.4 - https:\/\/yoast.com\/wordpress\/plugins\/seo\/ -->\n<title>Primeiro lote de restitui\u00e7\u00e3o do IR ser\u00e1 pago em 30 maio<\/title>\n<meta name=\"description\" content=\"O prazo para entregar a declara\u00e7\u00e3o do Imposto de Renda (IR) come\u00e7a na pr\u00f3xima segunda-feira (17). Clique e veja detalhes.\" \/>\n<meta name=\"robots\" content=\"index, follow, max-snippet:-1, max-image-preview:large, max-video-preview:-1\" \/>\n<link rel=\"canonical\" href=\"https:\/\/www.suno.com.br\/noticias\/ir-primeiro-lote-cronograma-2025-ab-gss\/\" \/>\n<meta property=\"og:locale\" content=\"pt_BR\" \/>\n<meta property=\"og:type\" content=\"article\" \/>\n<meta property=\"og:title\" content=\"Primeiro lote de restitui\u00e7\u00e3o do IR ser\u00e1 pago em 30 maio\" \/>\n<meta property=\"og:description\" content=\"O prazo para entregar a declara\u00e7\u00e3o do Imposto de Renda (IR) come\u00e7a na pr\u00f3xima segunda-feira (17). Clique e veja detalhes.\" \/>\n<meta property=\"og:url\" content=\"https:\/\/www.suno.com.br\/noticias\/ir-primeiro-lote-cronograma-2025-ab-gss\/\" \/>\n<meta property=\"og:site_name\" content=\"Suno Not\u00edcias\" \/>\n<meta property=\"article:publisher\" content=\"https:\/\/facebook.com\/sunoresearch\" \/>\n<meta property=\"article:author\" content=\"https:\/\/www.facebook.com\/sunonoticias\/\" \/>\n<meta property=\"og:image\" content=\"https:\/\/files.sunoresearch.com.br\/n\/uploads\/2022\/01\/income-tax-g87d5b78f7_1280.jpg\" \/>\n\t<meta property=\"og:image:width\" content=\"1280\" \/>\n\t<meta property=\"og:image:height\" content=\"853\" \/>\n\t<meta property=\"og:image:type\" content=\"image\/jpeg\" \/>\n<meta name=\"author\" content=\"Reda\u00e7\u00e3o Suno Not\u00edcias\" \/>\n<meta name=\"twitter:card\" content=\"summary_large_image\" \/>\n<meta name=\"twitter:creator\" content=\"@https:\/\/twitter.com\/sunoresearch\" \/>\n<meta name=\"twitter:site\" content=\"@sunoresearch\" \/>\n<meta name=\"twitter:label1\" content=\"Escrito por\" \/>\n\t<meta name=\"twitter:data1\" content=\"Reda\u00e7\u00e3o Suno Not\u00edcias\" \/>\n\t<meta name=\"twitter:label2\" content=\"Est. tempo de leitura\" \/>\n\t<meta name=\"twitter:data2\" content=\"2 minutos\" \/>\n<script type=\"application\/ld+json\" class=\"yoast-schema-graph\">{\"@context\":\"https:\/\/schema.org\",\"@graph\":[{\"@type\":\"NewsArticle\",\"@id\":\"https:\/\/www.suno.com.br\/noticias\/ir-primeiro-lote-cronograma-2025-ab-gss\/#article\",\"isPartOf\":{\"@id\":\"https:\/\/www.suno.com.br\/noticias\/ir-primeiro-lote-cronograma-2025-ab-gss\/\"},\"author\":{\"name\":\"Reda\u00e7\u00e3o Suno Not\u00edcias\",\"@id\":\"https:\/\/www.suno.com.br\/noticias\/#\/schema\/person\/c1b1bd3727fa852bd045e9dbff3673ea\"},\"headline\":\"Primeiro lote de restitui\u00e7\u00e3o do IR ser\u00e1 pago em 30 maio\",\"datePublished\":\"2025-03-13T13:01:56+00:00\",\"dateModified\":\"2025-03-13T13:01:59+00:00\",\"mainEntityOfPage\":{\"@id\":\"https:\/\/www.suno.com.br\/noticias\/ir-primeiro-lote-cronograma-2025-ab-gss\/\"},\"wordCount\":270,\"publisher\":{\"@id\":\"https:\/\/www.suno.com.br\/noticias\/#organization\"},\"image\":{\"@id\":\"https:\/\/www.suno.com.br\/noticias\/ir-primeiro-lote-cronograma-2025-ab-gss\/#primaryimage\"},\"thumbnailUrl\":\"https:\/\/files.sunoresearch.com.br\/n\/uploads\/2022\/01\/income-tax-g87d5b78f7_1280.jpg\",\"keywords\":[\"Imposto de Renda\"],\"articleSection\":[\"Economia\"],\"inLanguage\":\"pt-BR\"},{\"@type\":\"WebPage\",\"@id\":\"https:\/\/www.suno.com.br\/noticias\/ir-primeiro-lote-cronograma-2025-ab-gss\/\",\"url\":\"https:\/\/www.suno.com.br\/noticias\/ir-primeiro-lote-cronograma-2025-ab-gss\/\",\"name\":\"Primeiro lote de restitui\u00e7\u00e3o do IR ser\u00e1 pago em 30 maio\",\"isPartOf\":{\"@id\":\"https:\/\/www.suno.com.br\/noticias\/#website\"},\"primaryImageOfPage\":{\"@id\":\"https:\/\/www.suno.com.br\/noticias\/ir-primeiro-lote-cronograma-2025-ab-gss\/#primaryimage\"},\"image\":{\"@id\":\"https:\/\/www.suno.com.br\/noticias\/ir-primeiro-lote-cronograma-2025-ab-gss\/#primaryimage\"},\"thumbnailUrl\":\"https:\/\/files.sunoresearch.com.br\/n\/uploads\/2022\/01\/income-tax-g87d5b78f7_1280.jpg\",\"datePublished\":\"2025-03-13T13:01:56+00:00\",\"dateModified\":\"2025-03-13T13:01:59+00:00\",\"description\":\"O prazo para entregar a declara\u00e7\u00e3o do Imposto de Renda (IR) come\u00e7a na pr\u00f3xima segunda-feira (17). Clique e veja detalhes.\",\"breadcrumb\":{\"@id\":\"https:\/\/www.suno.com.br\/noticias\/ir-primeiro-lote-cronograma-2025-ab-gss\/#breadcrumb\"},\"inLanguage\":\"pt-BR\",\"potentialAction\":[{\"@type\":\"ReadAction\",\"target\":[\"https:\/\/www.suno.com.br\/noticias\/ir-primeiro-lote-cronograma-2025-ab-gss\/\"]}]},{\"@type\":\"ImageObject\",\"inLanguage\":\"pt-BR\",\"@id\":\"https:\/\/www.suno.com.br\/noticias\/ir-primeiro-lote-cronograma-2025-ab-gss\/#primaryimage\",\"url\":\"https:\/\/files.sunoresearch.com.br\/n\/uploads\/2022\/01\/income-tax-g87d5b78f7_1280.jpg\",\"contentUrl\":\"https:\/\/files.sunoresearch.com.br\/n\/uploads\/2022\/01\/income-tax-g87d5b78f7_1280.jpg\",\"width\":1280,\"height\":853,\"caption\":\"IR. Foto: Pixabay\"},{\"@type\":\"BreadcrumbList\",\"@id\":\"https:\/\/www.suno.com.br\/noticias\/ir-primeiro-lote-cronograma-2025-ab-gss\/#breadcrumb\",\"itemListElement\":[{\"@type\":\"ListItem\",\"position\":1,\"name\":\"Not\u00edcias\",\"item\":\"https:\/\/www.suno.com.br\/noticias\/\"},{\"@type\":\"ListItem\",\"position\":2,\"name\":\"Economia\",\"item\":\"https:\/\/www.suno.com.br\/noticias\/economia\/\"},{\"@type\":\"ListItem\",\"position\":3,\"name\":\"Primeiro lote de restitui\u00e7\u00e3o do IR ser\u00e1 pago em 30 maio\"}]},{\"@type\":\"WebSite\",\"@id\":\"https:\/\/www.suno.com.br\/noticias\/#website\",\"url\":\"https:\/\/www.suno.com.br\/noticias\/\",\"name\":\"Suno Not\u00edcias\",\"description\":\"Seu portal de informa\u00e7\u00e3o sobre o mundo dos investimentos\",\"publisher\":{\"@id\":\"https:\/\/www.suno.com.br\/noticias\/#organization\"},\"potentialAction\":[{\"@type\":\"SearchAction\",\"target\":{\"@type\":\"EntryPoint\",\"urlTemplate\":\"https:\/\/www.suno.com.br\/noticias\/?s={search_term_string}\"},\"query-input\":{\"@type\":\"PropertyValueSpecification\",\"valueRequired\":true,\"valueName\":\"search_term_string\"}}],\"inLanguage\":\"pt-BR\"},{\"@type\":\"Organization\",\"@id\":\"https:\/\/www.suno.com.br\/noticias\/#organization\",\"name\":\"Suno Not\u00edcias\",\"url\":\"https:\/\/www.suno.com.br\/noticias\/\",\"logo\":{\"@type\":\"ImageObject\",\"inLanguage\":\"pt-BR\",\"@id\":\"https:\/\/www.suno.com.br\/noticias\/#\/schema\/logo\/image\/\",\"url\":\"https:\/\/files.sunoresearch.com.br\/n\/uploads\/2021\/09\/suno-logo.png\",\"contentUrl\":\"https:\/\/files.sunoresearch.com.br\/n\/uploads\/2021\/09\/suno-logo.png\",\"width\":180,\"height\":180,\"caption\":\"Suno Not\u00edcias\"},\"image\":{\"@id\":\"https:\/\/www.suno.com.br\/noticias\/#\/schema\/logo\/image\/\"},\"sameAs\":[\"https:\/\/facebook.com\/sunoresearch\",\"https:\/\/x.com\/sunoresearch\",\"https:\/\/www.instagram.com\/suno\",\"https:\/\/www.linkedin.com\/company\/suno-research\/\",\"https:\/\/www.youtube.com\/c\/sunoresearch\"]},{\"@type\":\"Person\",\"@id\":\"https:\/\/www.suno.com.br\/noticias\/#\/schema\/person\/c1b1bd3727fa852bd045e9dbff3673ea\",\"name\":\"Reda\u00e7\u00e3o Suno Not\u00edcias\",\"image\":{\"@type\":\"ImageObject\",\"inLanguage\":\"pt-BR\",\"@id\":\"https:\/\/www.suno.com.br\/noticias\/#\/schema\/person\/image\/\",\"url\":\"https:\/\/secure.gravatar.com\/avatar\/b8104b9b5a71985d5238ee59fbe418af?s=96&r=g\",\"contentUrl\":\"https:\/\/secure.gravatar.com\/avatar\/b8104b9b5a71985d5238ee59fbe418af?s=96&r=g\",\"caption\":\"Reda\u00e7\u00e3o Suno Not\u00edcias\"},\"description\":\"O Suno Not\u00edcias \u00e9 um portal de informa\u00e7\u00f5es sobre Mercado Financeiro, Pol\u00edtica, Neg\u00f3cios, Economia e Finan\u00e7as Pessoais.\",\"sameAs\":[\"https:\/\/www.suno.com.br\/noticias\",\"https:\/\/www.facebook.com\/sunonoticias\/\",\"https:\/\/www.instagram.com\/sunonoticias\/\",\"https:\/\/x.com\/https:\/\/twitter.com\/sunoresearch\",\"https:\/\/www.youtube.com\/sunonoticias\"],\"url\":\"https:\/\/www.suno.com.br\/noticias\/author\/redacao-suno\/\"}]}<\/script>\n<!-- \/ Yoast SEO plugin. -->","yoast_head_json":{"title":"Primeiro lote de restitui\u00e7\u00e3o do IR ser\u00e1 pago em 30 maio","description":"O prazo para entregar a declara\u00e7\u00e3o do Imposto de Renda (IR) come\u00e7a na pr\u00f3xima segunda-feira (17). Clique e veja detalhes.","robots":{"index":"index","follow":"follow","max-snippet":"max-snippet:-1","max-image-preview":"max-image-preview:large","max-video-preview":"max-video-preview:-1"},"canonical":"https:\/\/www.suno.com.br\/noticias\/ir-primeiro-lote-cronograma-2025-ab-gss\/","og_locale":"pt_BR","og_type":"article","og_title":"Primeiro lote de restitui\u00e7\u00e3o do IR ser\u00e1 pago em 30 maio","og_description":"O prazo para entregar a declara\u00e7\u00e3o do Imposto de Renda (IR) come\u00e7a na pr\u00f3xima segunda-feira (17). Clique e veja detalhes.","og_url":"https:\/\/www.suno.com.br\/noticias\/ir-primeiro-lote-cronograma-2025-ab-gss\/","og_site_name":"Suno Not\u00edcias","article_publisher":"https:\/\/facebook.com\/sunoresearch","article_author":"https:\/\/www.facebook.com\/sunonoticias\/","og_image":[{"width":1280,"height":853,"url":"https:\/\/files.sunoresearch.com.br\/n\/uploads\/2022\/01\/income-tax-g87d5b78f7_1280.jpg","type":"image\/jpeg"}],"author":"Reda\u00e7\u00e3o Suno Not\u00edcias","twitter_card":"summary_large_image","twitter_creator":"@https:\/\/twitter.com\/sunoresearch","twitter_site":"@sunoresearch","twitter_misc":{"Escrito por":"Reda\u00e7\u00e3o Suno Not\u00edcias","Est. tempo de leitura":"2 minutos"},"schema":{"@context":"https:\/\/schema.org","@graph":[{"@type":"NewsArticle","@id":"https:\/\/www.suno.com.br\/noticias\/ir-primeiro-lote-cronograma-2025-ab-gss\/#article","isPartOf":{"@id":"https:\/\/www.suno.com.br\/noticias\/ir-primeiro-lote-cronograma-2025-ab-gss\/"},"author":{"name":"Reda\u00e7\u00e3o Suno Not\u00edcias","@id":"https:\/\/www.suno.com.br\/noticias\/#\/schema\/person\/c1b1bd3727fa852bd045e9dbff3673ea"},"headline":"Primeiro lote de restitui\u00e7\u00e3o do IR ser\u00e1 pago em 30 maio","datePublished":"2025-03-13T13:01:56+00:00","dateModified":"2025-03-13T13:01:59+00:00","mainEntityOfPage":{"@id":"https:\/\/www.suno.com.br\/noticias\/ir-primeiro-lote-cronograma-2025-ab-gss\/"},"wordCount":270,"publisher":{"@id":"https:\/\/www.suno.com.br\/noticias\/#organization"},"image":{"@id":"https:\/\/www.suno.com.br\/noticias\/ir-primeiro-lote-cronograma-2025-ab-gss\/#primaryimage"},"thumbnailUrl":"https:\/\/files.sunoresearch.com.br\/n\/uploads\/2022\/01\/income-tax-g87d5b78f7_1280.jpg","keywords":["Imposto de Renda"],"articleSection":["Economia"],"inLanguage":"pt-BR"},{"@type":"WebPage","@id":"https:\/\/www.suno.com.br\/noticias\/ir-primeiro-lote-cronograma-2025-ab-gss\/","url":"https:\/\/www.suno.com.br\/noticias\/ir-primeiro-lote-cronograma-2025-ab-gss\/","name":"Primeiro lote de restitui\u00e7\u00e3o do IR ser\u00e1 pago em 30 maio","isPartOf":{"@id":"https:\/\/www.suno.com.br\/noticias\/#website"},"primaryImageOfPage":{"@id":"https:\/\/www.suno.com.br\/noticias\/ir-primeiro-lote-cronograma-2025-ab-gss\/#primaryimage"},"image":{"@id":"https:\/\/www.suno.com.br\/noticias\/ir-primeiro-lote-cronograma-2025-ab-gss\/#primaryimage"},"thumbnailUrl":"https:\/\/files.sunoresearch.com.br\/n\/uploads\/2022\/01\/income-tax-g87d5b78f7_1280.jpg","datePublished":"2025-03-13T13:01:56+00:00","dateModified":"2025-03-13T13:01:59+00:00","description":"O prazo para entregar a declara\u00e7\u00e3o do Imposto de Renda (IR) come\u00e7a na pr\u00f3xima segunda-feira (17). Clique e veja detalhes.","breadcrumb":{"@id":"https:\/\/www.suno.com.br\/noticias\/ir-primeiro-lote-cronograma-2025-ab-gss\/#breadcrumb"},"inLanguage":"pt-BR","potentialAction":[{"@type":"ReadAction","target":["https:\/\/www.suno.com.br\/noticias\/ir-primeiro-lote-cronograma-2025-ab-gss\/"]}]},{"@type":"ImageObject","inLanguage":"pt-BR","@id":"https:\/\/www.suno.com.br\/noticias\/ir-primeiro-lote-cronograma-2025-ab-gss\/#primaryimage","url":"https:\/\/files.sunoresearch.com.br\/n\/uploads\/2022\/01\/income-tax-g87d5b78f7_1280.jpg","contentUrl":"https:\/\/files.sunoresearch.com.br\/n\/uploads\/2022\/01\/income-tax-g87d5b78f7_1280.jpg","width":1280,"height":853,"caption":"IR. Foto: Pixabay"},{"@type":"BreadcrumbList","@id":"https:\/\/www.suno.com.br\/noticias\/ir-primeiro-lote-cronograma-2025-ab-gss\/#breadcrumb","itemListElement":[{"@type":"ListItem","position":1,"name":"Not\u00edcias","item":"https:\/\/www.suno.com.br\/noticias\/"},{"@type":"ListItem","position":2,"name":"Economia","item":"https:\/\/www.suno.com.br\/noticias\/economia\/"},{"@type":"ListItem","position":3,"name":"Primeiro lote de restitui\u00e7\u00e3o do IR ser\u00e1 pago em 30 maio"}]},{"@type":"WebSite","@id":"https:\/\/www.suno.com.br\/noticias\/#website","url":"https:\/\/www.suno.com.br\/noticias\/","name":"Suno Not\u00edcias","description":"Seu portal de informa\u00e7\u00e3o sobre o mundo dos investimentos","publisher":{"@id":"https:\/\/www.suno.com.br\/noticias\/#organization"},"potentialAction":[{"@type":"SearchAction","target":{"@type":"EntryPoint","urlTemplate":"https:\/\/www.suno.com.br\/noticias\/?s={search_term_string}"},"query-input":{"@type":"PropertyValueSpecification","valueRequired":true,"valueName":"search_term_string"}}],"inLanguage":"pt-BR"},{"@type":"Organization","@id":"https:\/\/www.suno.com.br\/noticias\/#organization","name":"Suno Not\u00edcias","url":"https:\/\/www.suno.com.br\/noticias\/","logo":{"@type":"ImageObject","inLanguage":"pt-BR","@id":"https:\/\/www.suno.com.br\/noticias\/#\/schema\/logo\/image\/","url":"https:\/\/files.sunoresearch.com.br\/n\/uploads\/2021\/09\/suno-logo.png","contentUrl":"https:\/\/files.sunoresearch.com.br\/n\/uploads\/2021\/09\/suno-logo.png","width":180,"height":180,"caption":"Suno Not\u00edcias"},"image":{"@id":"https:\/\/www.suno.com.br\/noticias\/#\/schema\/logo\/image\/"},"sameAs":["https:\/\/facebook.com\/sunoresearch","https:\/\/x.com\/sunoresearch","https:\/\/www.instagram.com\/suno","https:\/\/www.linkedin.com\/company\/suno-research\/","https:\/\/www.youtube.com\/c\/sunoresearch"]},{"@type":"Person","@id":"https:\/\/www.suno.com.br\/noticias\/#\/schema\/person\/c1b1bd3727fa852bd045e9dbff3673ea","name":"Reda\u00e7\u00e3o Suno Not\u00edcias","image":{"@type":"ImageObject","inLanguage":"pt-BR","@id":"https:\/\/www.suno.com.br\/noticias\/#\/schema\/person\/image\/","url":"https:\/\/secure.gravatar.com\/avatar\/b8104b9b5a71985d5238ee59fbe418af?s=96&r=g","contentUrl":"https:\/\/secure.gravatar.com\/avatar\/b8104b9b5a71985d5238ee59fbe418af?s=96&r=g","caption":"Reda\u00e7\u00e3o Suno Not\u00edcias"},"description":"O Suno Not\u00edcias \u00e9 um portal de informa\u00e7\u00f5es sobre Mercado Financeiro, Pol\u00edtica, Neg\u00f3cios, Economia e Finan\u00e7as Pessoais.","sameAs":["https:\/\/www.suno.com.br\/noticias","https:\/\/www.facebook.com\/sunonoticias\/","https:\/\/www.instagram.com\/sunonoticias\/","https:\/\/x.com\/https:\/\/twitter.com\/sunoresearch","https:\/\/www.youtube.com\/sunonoticias"],"url":"https:\/\/www.suno.com.br\/noticias\/author\/redacao-suno\/"}]}},"default_loop_html":"<div class=\"cardsPage__listCard__boxs\"><div class=\"cardsPage__listCard__boxs__img\"><a href=\"https:\/\/www.suno.com.br\/noticias\/ir-primeiro-lote-cronograma-2025-ab-gss\/\"><img class=\"mask\" src=\"https:\/\/www.suno.com.br\/noticias\/wp-content\/themes\/suno\/resources\/images\/spotlight\/spotlight1img\/bg-mask.png\" alt=\"Image Mask\"\/><img src=\"https:\/\/files.sunoresearch.com.br\/n\/uploads\/2022\/01\/income-tax-g87d5b78f7_1280-400x200.jpg\" alt=\"Primeiro lote de restitui\u00e7\u00e3o do IR ser\u00e1 pago em 30 maio\"\/><\/a><span class=\"spotlightCategory\"><a href=\"https:\/\/www.suno.com.br\/noticias\/economia\/\">Economia<\/a><\/span><\/div><div class=\"cardsPage__listCard__boxs__content\"><a href=\"https:\/\/www.suno.com.br\/noticias\/ir-primeiro-lote-cronograma-2025-ab-gss\/\"><h2 class=\"content__title\">Primeiro lote de restitui\u00e7\u00e3o do IR ser\u00e1 pago em 30 maio<\/h2><\/a><div class=\"newsContent__article__meta\"><div class=\"newsContent__article__meta__authorBox\"><a href=\"https:\/\/www.suno.com.br\/noticias\/author\/redacao-suno\/\" class=\"authorBox__avatar noMobi\"><img src=\"https:\/\/files.sunoresearch.com.br\/n\/uploads\/2020\/08\/0ace682d-redacao-1-150x150.webp\" alt=\"Reda\u00e7\u00e3o Suno Not\u00edcias\"><\/a><div class=\"authorBox__name\"><span>por\n\t\t\t<a href=\"https:\/\/www.suno.com.br\/noticias\/author\/redacao-suno\/\"><span itemprop=\"author\">Reda\u00e7\u00e3o Suno Not\u00edcias<\/span><\/a><\/span><time datetime=\"2025-03-13T10:01:56-03:00\" itemprop=\"datePublished\">13\/03\/2025 10:01<\/time><\/div><\/div><\/div><\/div><\/div>","single_layout":"posts","amp_enabled":true,"_links":{"self":[{"href":"https:\/\/www.suno.com.br\/noticias\/wp-json\/wp\/v2\/posts\/597769"}],"collection":[{"href":"https:\/\/www.suno.com.br\/noticias\/wp-json\/wp\/v2\/posts"}],"about":[{"href":"https:\/\/www.suno.com.br\/noticias\/wp-json\/wp\/v2\/types\/post"}],"author":[{"embeddable":true,"href":"https:\/\/www.suno.com.br\/noticias\/wp-json\/wp\/v2\/users\/43"}],"replies":[{"embeddable":true,"href":"https:\/\/www.suno.com.br\/noticias\/wp-json\/wp\/v2\/comments?post=597769"}],"version-history":[{"count":2,"href":"https:\/\/www.suno.com.br\/noticias\/wp-json\/wp\/v2\/posts\/597769\/revisions"}],"predecessor-version":[{"id":597809,"href":"https:\/\/www.suno.com.br\/noticias\/wp-json\/wp\/v2\/posts\/597769\/revisions\/597809"}],"wp:featuredmedia":[{"embeddable":true,"href":"https:\/\/www.suno.com.br\/noticias\/wp-json\/wp\/v2\/media\/224418"}],"wp:attachment":[{"href":"https:\/\/www.suno.com.br\/noticias\/wp-json\/wp\/v2\/media?parent=597769"}],"wp:term":[{"taxonomy":"category","embeddable":true,"href":"https:\/\/www.suno.com.br\/noticias\/wp-json\/wp\/v2\/categories?post=597769"},{"taxonomy":"post_tag","embeddable":true,"href":"https:\/\/www.suno.com.br\/noticias\/wp-json\/wp\/v2\/tags?post=597769"},{"taxonomy":"suno_strategy","embeddable":true,"href":"https:\/\/www.suno.com.br\/noticias\/wp-json\/wp\/v2\/suno_strategy?post=597769"}],"curies":[{"name":"wp","href":"https:\/\/api.w.org\/{rel}","templated":true}]}}