{"id":59716,"date":"2020-03-31T16:55:58","date_gmt":"2020-03-31T19:55:58","guid":{"rendered":"https:\/\/www.suno.com.br\/noticias\/?p=59716"},"modified":"2021-06-13T23:37:55","modified_gmt":"2021-06-14T02:37:55","slug":"estados-unidos-recessao-diz-fed","status":"publish","type":"post","link":"https:\/\/www.suno.com.br\/noticias\/estados-unidos-recessao-diz-fed\/","title":{"rendered":"Estados Unidos j\u00e1 est\u00e1 em recess\u00e3o, diz presidente do Fed"},"content":{"rendered":"<p>Mary Daly, a presidente do <a href=\"https:\/\/www.suno.com.br\/artigos\/fed\/\">Federal Reserve (Fed)<\/a> de San Franciso, nos <strong>Estados Unidos<\/strong>, disse, nesta ter\u00e7a-feira (31), acreditar que o pa\u00eds j\u00e1 est\u00e1 em recess\u00e3o. Segundo ela, isso ocorre pois milh\u00f5es de pessoas perderam seus empregos e est\u00e3o em casa devido \u00e0 pandemia do <a href=\"https:\/\/www.youtube.com\/watch?v=0snRYzfHan0&amp;t=44s\">novo <strong>coronav\u00edrus<\/strong> (Covid-19)<\/a>.<\/p>\t<div class=\"wrapper-featured-image\">\n\t\t<figure class=\"spotlightImg\">\n\n\t\t\t<picture>\n\t\t\t\t<source media=\"(max-width: 768px)\" srcset=\"https:\/\/files.sunoresearch.com.br\/n\/uploads\/2020\/03\/05d8d102-fed-la-400x200.webp\">\n\t\t\t\t<img loading=\"lazy\" decoding=\"async\" class=\"newsContent__article__imgCapa lazyloadDisabled newsContent__article__imgCapa--noCaption\" src=\"https:\/\/files.sunoresearch.com.br\/n\/uploads\/2020\/03\/05d8d102-fed-la-800x450.webp\" width=\"800\" height=\"450\" alt=\"Estados Unidos j\u00e1 est\u00e1 em recess\u00e3o, diz presidente do Fed\" fetchpriority=high \/>\n\t\t\t<\/picture>\n\n\t\t\t<figcaption class=\"wp-caption-text wp-caption-text--hide\">Estados Unidos j\u00e1 est\u00e1 em recess\u00e3o, diz presidente do Fed<\/figcaption>\n\t\t<\/figure>\n\t<\/div>\n\n\n\n<p>&#8220;O Federal Reserve est\u00e1 preparado para fazer o que for necess\u00e1rio para garantir que sejamos parte da solu\u00e7\u00e3o de apoiar as pessoas contra o v\u00edrus, fortalecer a economia dos Estados Unidos e nos colocar na melhor posi\u00e7\u00e3o para crescer novamente quando o v\u00edrus recuar&#8221;, afirmou Daly em entrevista ao site &#8220;Yahoo Finance&#8221;.<\/p>\n<p>Daly diz que &#8220;se fizermos a coisa certa e nos protegermos e reduzirmos a dissemina\u00e7\u00e3o do v\u00edrus, a <strong>economia<\/strong> estar\u00e1 na melhor posi\u00e7\u00e3o para se recuperar&#8221;.<\/p>\n<p>A fala da presidente da autoridade monet\u00e1ria estadunidense vai de encontro com o que <a href=\"https:\/\/www.suno.com.br\/tudo-sobre\/mario-draghi\/\">Mario Draghi<\/a>, presidente do <a href=\"https:\/\/www.suno.com.br\/artigos\/bce\/\"><strong>Banco Central Europeu<\/strong> (BCE)<\/a>, disse em 2012. \u00c0 \u00e9poca, a zona do euro estava em plena crise, com resgates de membros endividados sufocando a uni\u00e3o monet\u00e1ria entre os pa\u00edses europeus.<\/p>\n<p>O rendimento dos t\u00edtulos p\u00fablicos dos pa\u00edses com menor poder aquisitivo da regi\u00e3o estava subindo, e as empresas duvidavam de que as institui\u00e7\u00f5es nacionais, o euro e a <a href=\"https:\/\/www.suno.com.br\/artigos\/uniao-europeia\/\"><strong>Uni\u00e3o Europeia <\/strong>(UE)<\/a> poderiam evitar o colapso econ\u00f4mico. Em 26 de julho de 2012, Draghi disse que o &#8220;BCE est\u00e1 pronto para fazer o que for necess\u00e1rio para preservar o euro. E acredite em mim, ser\u00e1 o suficiente&#8221;.<\/p>\n<p><span data-sheets-value=\"{&quot;1&quot;:2,&quot;2&quot;:&quot;Coronav\u00edrus e Mercado Financeiro | Saiba quais oportunidades voc\u00ea pode estar perdendo&quot;}\" data-sheets-userformat=\"{&quot;2&quot;:513,&quot;3&quot;:{&quot;1&quot;:0},&quot;12&quot;:0}\"><a href=\"https:\/\/www.suno.com.br\/nossas-assinaturas\/suno-premium\/\">Coronav\u00edrus e Mercado Financeiro | Saiba quais oportunidades voc\u00ea pode estar perdendo<\/a><\/span><\/p>\n<p>Uma semana depois, as companhias europeias reagiram ao discurso de Draghi e passaram a comprar os t\u00edtulos de seus pa\u00edses em dificuldades. O suficiente para acalmar o mercado e reduzir a alta dos t\u00edtulos da <a href=\"https:\/\/www.suno.com.br\/artigos\/zona-do-euro\/\">zona do euro<\/a>.<\/p>\n<h2>Coronav\u00edrus nos Estados Unidos<\/h2>\n<p>Os Estados Unidos ultrapassaram a China em casos confirmados do coronav\u00edrus. Com mais de 177 mil casos e 3,44 mil mortes, at\u00e9 \u00e1s 17h desta ter\u00e7a-feira, os pa\u00eds se tornou o novo epicentro da doen\u00e7a no mundo, conforme a <strong>Organiza\u00e7\u00e3o Mundial da Sa\u00fade (OMS)<\/strong> na \u00faltima semana. As informa\u00e7\u00f5es s\u00e3o da universidade norte-americana John Hopinks.<\/p>\n\t<p>\n\t\t<a href=\"https:\/\/lp.suno.com.br\/ebook-como-analisar-uma-acao\/\" target=\"_blank\" data-element=\"shortcode-suno-banner\" title=\"Banner SUNO, clique e saiba mais\">\n\t\t\t<picture>\n\t\t\t\t<source media=\"(max-width: 500px)\" srcset=\"https:\/\/files.sunoresearch.com.br\/n\/uploads\/2023\/12\/Ebook-Acoes-Mobile.jpg\">\n\t\t\t\t<img class=\"newsContent__article__imgCapa newsContent__article__imgCapa--banner\"\n\t\t\t\t\tsrc=\"https:\/\/files.sunoresearch.com.br\/n\/uploads\/2023\/12\/Ebook-Acoes-Mobile.jpg\"\n\t\t\t\t\tdata-promo-id=\"101750\"\t\t\t\t\t\t\t\t\t\twidth='400' height='300'\t\t\t\t\talt=\"https:\/\/files.sunoresearch.com.br\/n\/uploads\/2023\/12\/Ebook-Acoes-Mobile.jpg\"\n\t\t\t\t>\n\t\t\t<\/picture>\n\t\t<\/a>\n\t<\/p>\n\n\n<p>A cidade mais afetada \u00e9 Nova York. De acordo com o governador do estado, Andrew Cuomo, s\u00e3o ao menos 75 mil pessoas contaminadas e 1,55 mil v\u00edtimas. O governador acrescentou que mais de 10 mil pessoas ainda est\u00e3o internadas por conta da doen\u00e7a.<\/p>\n<p>Devido \u00e0 conten\u00e7\u00e3o da dissemina\u00e7\u00e3o da doen\u00e7a e decreto de quarentena, o n\u00famero de pedidos de seguro-desemprego dos EUA cresceu exponencialmente, segundo o Departamento de Trabalho.<\/p>\n<p><a href=\"https:\/\/www.suno.com.br\/noticias\/coronavirus-fed-anuncia-compra-ilimitada-de-titulos-americanos\/\">Veja tamb\u00e9m: Coronav\u00edrus: Fed anuncia compra ilimitada de t\u00edtulos americanos<\/a><\/p>\n<p>Na semana encerrada no dia 13 de mar\u00e7o, foram realizados 282 mil pedidos, enquanto a semana encerrada no dia 20 de mar\u00e7o registrou 3,2 milh\u00f5es de pedidos. Esse n\u00famero \u00e9 maior que o total de pessoas que j\u00e1 recebem o aux\u00edlio.<\/p>\n<p>Para enfrentar o coronav\u00edrus, o congresso dos <strong>Estados Unidos<\/strong> aprovou, na \u00faltima sexta-feira (27), um pacote de est\u00edmulos \u00e0 economia de US$ 2 trilh\u00f5es (cerca de R$ 10,2 trilh\u00f5es). <span style=\"font-size: 1.21429rem;\">Entre as principais medidas, o pacote de est\u00edmulos prev\u00ea empr\u00e9stimo de dinheiro para estados, um programa de ajuda para empresas, al\u00e9m de remunera\u00e7\u00e3o direta para os cidad\u00e3os norte-americanos. A proposta passar\u00e1 pela san\u00e7\u00e3o do presidente norte-americano <a style=\"font-size: 1.21429rem;\" href=\"https:\/\/www.suno.com.br\/tudo-sobre\/donald-trump\/\">Donald Trump<\/a>.\u00a0<\/span><\/p>\n\n","protected":false},"excerpt":{"rendered":"<p>Mary Daly, a presidente do Federal Reserve (Fed) de San Franciso, nos Estados Unidos, disse, nesta ter\u00e7a-feira (31), acreditar que o pa\u00eds j\u00e1 est\u00e1 em recess\u00e3o. Segundo ela, isso ocorre pois milh\u00f5es de pessoas perderam seus empregos e est\u00e3o em casa devido \u00e0 pandemia do novo coronav\u00edrus (Covid-19). Estados Unidos j\u00e1 est\u00e1 em recess\u00e3o, diz [&hellip;]<\/p>\n","protected":false},"author":24,"featured_media":59728,"comment_status":"closed","ping_status":"closed","sticky":false,"template":"","format":"standard","meta":[],"categories":[63],"tags":[2487,793,776,1881],"suno_strategy":[],"class_list":["post-59716","post","type-post","status-publish","format-standard","has-post-thumbnail","hentry","category-internacional","tag-coronavirus","tag-estados-unidos-eua","tag-federal-reseve-fed","tag-recessao"],"yoast_head":"<!-- This site is optimized with the Yoast SEO plugin v24.4 - https:\/\/yoast.com\/wordpress\/plugins\/seo\/ -->\n<title>Estados Unidos j\u00e1 est\u00e1 em recess\u00e3o, diz presidente do Fed<\/title>\n<meta name=\"description\" content=\"Mary Daly, a presidente do Fed de San Franciso, nos Estados Unidos, disse, nesta ter\u00e7a, acreditar que o pa\u00eds j\u00e1 est\u00e1 em recess\u00e3o. Saiba mais.\" \/>\n<meta name=\"robots\" content=\"index, follow, max-snippet:-1, max-image-preview:large, max-video-preview:-1\" \/>\n<link rel=\"canonical\" href=\"https:\/\/www.suno.com.br\/noticias\/estados-unidos-recessao-diz-fed\/\" \/>\n<meta property=\"og:locale\" content=\"pt_BR\" \/>\n<meta property=\"og:type\" content=\"article\" \/>\n<meta property=\"og:title\" content=\"Estados Unidos j\u00e1 est\u00e1 em recess\u00e3o, diz presidente do Fed\" \/>\n<meta property=\"og:description\" content=\"Mary Daly, a presidente do Fed de San Franciso, nos Estados Unidos, disse, nesta ter\u00e7a, acreditar que o pa\u00eds j\u00e1 est\u00e1 em recess\u00e3o. Saiba mais.\" \/>\n<meta property=\"og:url\" content=\"https:\/\/www.suno.com.br\/noticias\/estados-unidos-recessao-diz-fed\/\" \/>\n<meta property=\"og:site_name\" content=\"Suno Not\u00edcias\" \/>\n<meta property=\"article:publisher\" content=\"https:\/\/facebook.com\/sunoresearch\" \/>\n<meta property=\"og:image\" content=\"https:\/\/files.sunoresearch.com.br\/n\/uploads\/2020\/03\/05d8d102-fed-la.jpg\" \/>\n\t<meta property=\"og:image:width\" content=\"1200\" \/>\n\t<meta property=\"og:image:height\" content=\"900\" \/>\n\t<meta property=\"og:image:type\" content=\"image\/jpeg\" \/>\n<meta name=\"author\" content=\"Jader Lazarini\" \/>\n<meta name=\"twitter:card\" content=\"summary_large_image\" \/>\n<meta name=\"twitter:creator\" content=\"@sunoresearch\" \/>\n<meta name=\"twitter:site\" content=\"@sunoresearch\" \/>\n<meta name=\"twitter:label1\" content=\"Escrito por\" \/>\n\t<meta name=\"twitter:data1\" content=\"Jader Lazarini\" \/>\n\t<meta name=\"twitter:label2\" content=\"Est. tempo de leitura\" \/>\n\t<meta name=\"twitter:data2\" content=\"3 minutos\" \/>\n<script type=\"application\/ld+json\" class=\"yoast-schema-graph\">{\"@context\":\"https:\/\/schema.org\",\"@graph\":[{\"@type\":\"NewsArticle\",\"@id\":\"https:\/\/www.suno.com.br\/noticias\/estados-unidos-recessao-diz-fed\/#article\",\"isPartOf\":{\"@id\":\"https:\/\/www.suno.com.br\/noticias\/estados-unidos-recessao-diz-fed\/\"},\"author\":{\"name\":\"Jader Lazarini\",\"@id\":\"https:\/\/www.suno.com.br\/noticias\/#\/schema\/person\/918d79de1f0281f01599b93f9ea6e23f\"},\"headline\":\"Estados Unidos j\u00e1 est\u00e1 em recess\u00e3o, diz presidente do Fed\",\"datePublished\":\"2020-03-31T19:55:58+00:00\",\"dateModified\":\"2021-06-14T02:37:55+00:00\",\"mainEntityOfPage\":{\"@id\":\"https:\/\/www.suno.com.br\/noticias\/estados-unidos-recessao-diz-fed\/\"},\"wordCount\":600,\"publisher\":{\"@id\":\"https:\/\/www.suno.com.br\/noticias\/#organization\"},\"image\":{\"@id\":\"https:\/\/www.suno.com.br\/noticias\/estados-unidos-recessao-diz-fed\/#primaryimage\"},\"thumbnailUrl\":\"https:\/\/files.sunoresearch.com.br\/n\/uploads\/2020\/03\/05d8d102-fed-la-jpg.webp\",\"keywords\":[\"coronav\u00edrus\",\"Estados Unidos (EUA)\",\"Federal Reserve (FED)\",\"recess\u00e3o\"],\"articleSection\":[\"Internacional\"],\"inLanguage\":\"pt-BR\"},{\"@type\":\"WebPage\",\"@id\":\"https:\/\/www.suno.com.br\/noticias\/estados-unidos-recessao-diz-fed\/\",\"url\":\"https:\/\/www.suno.com.br\/noticias\/estados-unidos-recessao-diz-fed\/\",\"name\":\"Estados Unidos j\u00e1 est\u00e1 em recess\u00e3o, diz presidente do Fed\",\"isPartOf\":{\"@id\":\"https:\/\/www.suno.com.br\/noticias\/#website\"},\"primaryImageOfPage\":{\"@id\":\"https:\/\/www.suno.com.br\/noticias\/estados-unidos-recessao-diz-fed\/#primaryimage\"},\"image\":{\"@id\":\"https:\/\/www.suno.com.br\/noticias\/estados-unidos-recessao-diz-fed\/#primaryimage\"},\"thumbnailUrl\":\"https:\/\/files.sunoresearch.com.br\/n\/uploads\/2020\/03\/05d8d102-fed-la-jpg.webp\",\"datePublished\":\"2020-03-31T19:55:58+00:00\",\"dateModified\":\"2021-06-14T02:37:55+00:00\",\"description\":\"Mary Daly, a presidente do Fed de San Franciso, nos Estados Unidos, disse, nesta ter\u00e7a, acreditar que o pa\u00eds j\u00e1 est\u00e1 em recess\u00e3o. Saiba mais.\",\"breadcrumb\":{\"@id\":\"https:\/\/www.suno.com.br\/noticias\/estados-unidos-recessao-diz-fed\/#breadcrumb\"},\"inLanguage\":\"pt-BR\",\"potentialAction\":[{\"@type\":\"ReadAction\",\"target\":[\"https:\/\/www.suno.com.br\/noticias\/estados-unidos-recessao-diz-fed\/\"]}]},{\"@type\":\"ImageObject\",\"inLanguage\":\"pt-BR\",\"@id\":\"https:\/\/www.suno.com.br\/noticias\/estados-unidos-recessao-diz-fed\/#primaryimage\",\"url\":\"https:\/\/files.sunoresearch.com.br\/n\/uploads\/2020\/03\/05d8d102-fed-la-jpg.webp\",\"contentUrl\":\"https:\/\/files.sunoresearch.com.br\/n\/uploads\/2020\/03\/05d8d102-fed-la-jpg.webp\",\"width\":1200,\"height\":900,\"caption\":\"Estados Unidos j\u00e1 est\u00e1 em recess\u00e3o, diz presidente do Fed\"},{\"@type\":\"BreadcrumbList\",\"@id\":\"https:\/\/www.suno.com.br\/noticias\/estados-unidos-recessao-diz-fed\/#breadcrumb\",\"itemListElement\":[{\"@type\":\"ListItem\",\"position\":1,\"name\":\"Not\u00edcias\",\"item\":\"https:\/\/www.suno.com.br\/noticias\/\"},{\"@type\":\"ListItem\",\"position\":2,\"name\":\"Internacional\",\"item\":\"https:\/\/www.suno.com.br\/noticias\/internacional\/\"},{\"@type\":\"ListItem\",\"position\":3,\"name\":\"Estados Unidos j\u00e1 est\u00e1 em recess\u00e3o, diz presidente do Fed\"}]},{\"@type\":\"WebSite\",\"@id\":\"https:\/\/www.suno.com.br\/noticias\/#website\",\"url\":\"https:\/\/www.suno.com.br\/noticias\/\",\"name\":\"Suno Not\u00edcias\",\"description\":\"Seu portal de informa\u00e7\u00e3o sobre o mundo dos investimentos\",\"publisher\":{\"@id\":\"https:\/\/www.suno.com.br\/noticias\/#organization\"},\"potentialAction\":[{\"@type\":\"SearchAction\",\"target\":{\"@type\":\"EntryPoint\",\"urlTemplate\":\"https:\/\/www.suno.com.br\/noticias\/?s={search_term_string}\"},\"query-input\":{\"@type\":\"PropertyValueSpecification\",\"valueRequired\":true,\"valueName\":\"search_term_string\"}}],\"inLanguage\":\"pt-BR\"},{\"@type\":\"Organization\",\"@id\":\"https:\/\/www.suno.com.br\/noticias\/#organization\",\"name\":\"Suno Not\u00edcias\",\"url\":\"https:\/\/www.suno.com.br\/noticias\/\",\"logo\":{\"@type\":\"ImageObject\",\"inLanguage\":\"pt-BR\",\"@id\":\"https:\/\/www.suno.com.br\/noticias\/#\/schema\/logo\/image\/\",\"url\":\"https:\/\/files.sunoresearch.com.br\/n\/uploads\/2021\/09\/suno-logo.png\",\"contentUrl\":\"https:\/\/files.sunoresearch.com.br\/n\/uploads\/2021\/09\/suno-logo.png\",\"width\":180,\"height\":180,\"caption\":\"Suno Not\u00edcias\"},\"image\":{\"@id\":\"https:\/\/www.suno.com.br\/noticias\/#\/schema\/logo\/image\/\"},\"sameAs\":[\"https:\/\/facebook.com\/sunoresearch\",\"https:\/\/x.com\/sunoresearch\",\"https:\/\/www.instagram.com\/suno\",\"https:\/\/www.linkedin.com\/company\/suno-research\/\",\"https:\/\/www.youtube.com\/c\/sunoresearch\"]},{\"@type\":\"Person\",\"@id\":\"https:\/\/www.suno.com.br\/noticias\/#\/schema\/person\/918d79de1f0281f01599b93f9ea6e23f\",\"name\":\"Jader Lazarini\",\"image\":{\"@type\":\"ImageObject\",\"inLanguage\":\"pt-BR\",\"@id\":\"https:\/\/www.suno.com.br\/noticias\/#\/schema\/person\/image\/\",\"url\":\"https:\/\/secure.gravatar.com\/avatar\/3c1ad8caa51589841baeb923fcddea97?s=96&r=g\",\"contentUrl\":\"https:\/\/secure.gravatar.com\/avatar\/3c1ad8caa51589841baeb923fcddea97?s=96&r=g\",\"caption\":\"Jader Lazarini\"},\"description\":\"Jader Lazarini escreve sobre investimentos, finan\u00e7as, economia e neg\u00f3cios. \u00c9 bacharel em Rela\u00e7\u00f5es Internacionais e analista CNPI (2619).\",\"url\":\"https:\/\/www.suno.com.br\/noticias\/author\/jader-lazarini\/\"}]}<\/script>\n<!-- \/ Yoast SEO plugin. -->","yoast_head_json":{"title":"Estados Unidos j\u00e1 est\u00e1 em recess\u00e3o, diz presidente do Fed","description":"Mary Daly, a presidente do Fed de San Franciso, nos Estados Unidos, disse, nesta ter\u00e7a, acreditar que o pa\u00eds j\u00e1 est\u00e1 em recess\u00e3o. Saiba mais.","robots":{"index":"index","follow":"follow","max-snippet":"max-snippet:-1","max-image-preview":"max-image-preview:large","max-video-preview":"max-video-preview:-1"},"canonical":"https:\/\/www.suno.com.br\/noticias\/estados-unidos-recessao-diz-fed\/","og_locale":"pt_BR","og_type":"article","og_title":"Estados Unidos j\u00e1 est\u00e1 em recess\u00e3o, diz presidente do Fed","og_description":"Mary Daly, a presidente do Fed de San Franciso, nos Estados Unidos, disse, nesta ter\u00e7a, acreditar que o pa\u00eds j\u00e1 est\u00e1 em recess\u00e3o. Saiba mais.","og_url":"https:\/\/www.suno.com.br\/noticias\/estados-unidos-recessao-diz-fed\/","og_site_name":"Suno Not\u00edcias","article_publisher":"https:\/\/facebook.com\/sunoresearch","og_image":[{"width":1200,"height":900,"url":"https:\/\/files.sunoresearch.com.br\/n\/uploads\/2020\/03\/05d8d102-fed-la.jpg","type":"image\/jpeg"}],"author":"Jader Lazarini","twitter_card":"summary_large_image","twitter_creator":"@sunoresearch","twitter_site":"@sunoresearch","twitter_misc":{"Escrito por":"Jader Lazarini","Est. tempo de leitura":"3 minutos"},"schema":{"@context":"https:\/\/schema.org","@graph":[{"@type":"NewsArticle","@id":"https:\/\/www.suno.com.br\/noticias\/estados-unidos-recessao-diz-fed\/#article","isPartOf":{"@id":"https:\/\/www.suno.com.br\/noticias\/estados-unidos-recessao-diz-fed\/"},"author":{"name":"Jader Lazarini","@id":"https:\/\/www.suno.com.br\/noticias\/#\/schema\/person\/918d79de1f0281f01599b93f9ea6e23f"},"headline":"Estados Unidos j\u00e1 est\u00e1 em recess\u00e3o, diz presidente do Fed","datePublished":"2020-03-31T19:55:58+00:00","dateModified":"2021-06-14T02:37:55+00:00","mainEntityOfPage":{"@id":"https:\/\/www.suno.com.br\/noticias\/estados-unidos-recessao-diz-fed\/"},"wordCount":600,"publisher":{"@id":"https:\/\/www.suno.com.br\/noticias\/#organization"},"image":{"@id":"https:\/\/www.suno.com.br\/noticias\/estados-unidos-recessao-diz-fed\/#primaryimage"},"thumbnailUrl":"https:\/\/files.sunoresearch.com.br\/n\/uploads\/2020\/03\/05d8d102-fed-la-jpg.webp","keywords":["coronav\u00edrus","Estados Unidos (EUA)","Federal Reserve (FED)","recess\u00e3o"],"articleSection":["Internacional"],"inLanguage":"pt-BR"},{"@type":"WebPage","@id":"https:\/\/www.suno.com.br\/noticias\/estados-unidos-recessao-diz-fed\/","url":"https:\/\/www.suno.com.br\/noticias\/estados-unidos-recessao-diz-fed\/","name":"Estados Unidos j\u00e1 est\u00e1 em recess\u00e3o, diz presidente do Fed","isPartOf":{"@id":"https:\/\/www.suno.com.br\/noticias\/#website"},"primaryImageOfPage":{"@id":"https:\/\/www.suno.com.br\/noticias\/estados-unidos-recessao-diz-fed\/#primaryimage"},"image":{"@id":"https:\/\/www.suno.com.br\/noticias\/estados-unidos-recessao-diz-fed\/#primaryimage"},"thumbnailUrl":"https:\/\/files.sunoresearch.com.br\/n\/uploads\/2020\/03\/05d8d102-fed-la-jpg.webp","datePublished":"2020-03-31T19:55:58+00:00","dateModified":"2021-06-14T02:37:55+00:00","description":"Mary Daly, a presidente do Fed de San Franciso, nos Estados Unidos, disse, nesta ter\u00e7a, acreditar que o pa\u00eds j\u00e1 est\u00e1 em recess\u00e3o. Saiba mais.","breadcrumb":{"@id":"https:\/\/www.suno.com.br\/noticias\/estados-unidos-recessao-diz-fed\/#breadcrumb"},"inLanguage":"pt-BR","potentialAction":[{"@type":"ReadAction","target":["https:\/\/www.suno.com.br\/noticias\/estados-unidos-recessao-diz-fed\/"]}]},{"@type":"ImageObject","inLanguage":"pt-BR","@id":"https:\/\/www.suno.com.br\/noticias\/estados-unidos-recessao-diz-fed\/#primaryimage","url":"https:\/\/files.sunoresearch.com.br\/n\/uploads\/2020\/03\/05d8d102-fed-la-jpg.webp","contentUrl":"https:\/\/files.sunoresearch.com.br\/n\/uploads\/2020\/03\/05d8d102-fed-la-jpg.webp","width":1200,"height":900,"caption":"Estados Unidos j\u00e1 est\u00e1 em recess\u00e3o, diz presidente do Fed"},{"@type":"BreadcrumbList","@id":"https:\/\/www.suno.com.br\/noticias\/estados-unidos-recessao-diz-fed\/#breadcrumb","itemListElement":[{"@type":"ListItem","position":1,"name":"Not\u00edcias","item":"https:\/\/www.suno.com.br\/noticias\/"},{"@type":"ListItem","position":2,"name":"Internacional","item":"https:\/\/www.suno.com.br\/noticias\/internacional\/"},{"@type":"ListItem","position":3,"name":"Estados Unidos j\u00e1 est\u00e1 em recess\u00e3o, diz presidente do Fed"}]},{"@type":"WebSite","@id":"https:\/\/www.suno.com.br\/noticias\/#website","url":"https:\/\/www.suno.com.br\/noticias\/","name":"Suno Not\u00edcias","description":"Seu portal de informa\u00e7\u00e3o sobre o mundo dos investimentos","publisher":{"@id":"https:\/\/www.suno.com.br\/noticias\/#organization"},"potentialAction":[{"@type":"SearchAction","target":{"@type":"EntryPoint","urlTemplate":"https:\/\/www.suno.com.br\/noticias\/?s={search_term_string}"},"query-input":{"@type":"PropertyValueSpecification","valueRequired":true,"valueName":"search_term_string"}}],"inLanguage":"pt-BR"},{"@type":"Organization","@id":"https:\/\/www.suno.com.br\/noticias\/#organization","name":"Suno Not\u00edcias","url":"https:\/\/www.suno.com.br\/noticias\/","logo":{"@type":"ImageObject","inLanguage":"pt-BR","@id":"https:\/\/www.suno.com.br\/noticias\/#\/schema\/logo\/image\/","url":"https:\/\/files.sunoresearch.com.br\/n\/uploads\/2021\/09\/suno-logo.png","contentUrl":"https:\/\/files.sunoresearch.com.br\/n\/uploads\/2021\/09\/suno-logo.png","width":180,"height":180,"caption":"Suno Not\u00edcias"},"image":{"@id":"https:\/\/www.suno.com.br\/noticias\/#\/schema\/logo\/image\/"},"sameAs":["https:\/\/facebook.com\/sunoresearch","https:\/\/x.com\/sunoresearch","https:\/\/www.instagram.com\/suno","https:\/\/www.linkedin.com\/company\/suno-research\/","https:\/\/www.youtube.com\/c\/sunoresearch"]},{"@type":"Person","@id":"https:\/\/www.suno.com.br\/noticias\/#\/schema\/person\/918d79de1f0281f01599b93f9ea6e23f","name":"Jader Lazarini","image":{"@type":"ImageObject","inLanguage":"pt-BR","@id":"https:\/\/www.suno.com.br\/noticias\/#\/schema\/person\/image\/","url":"https:\/\/secure.gravatar.com\/avatar\/3c1ad8caa51589841baeb923fcddea97?s=96&r=g","contentUrl":"https:\/\/secure.gravatar.com\/avatar\/3c1ad8caa51589841baeb923fcddea97?s=96&r=g","caption":"Jader Lazarini"},"description":"Jader Lazarini escreve sobre investimentos, finan\u00e7as, economia e neg\u00f3cios. \u00c9 bacharel em Rela\u00e7\u00f5es Internacionais e analista CNPI (2619).","url":"https:\/\/www.suno.com.br\/noticias\/author\/jader-lazarini\/"}]}},"default_loop_html":"<div class=\"cardsPage__listCard__boxs\"><div class=\"cardsPage__listCard__boxs__img\"><a href=\"https:\/\/www.suno.com.br\/noticias\/estados-unidos-recessao-diz-fed\/\"><img class=\"mask\" src=\"https:\/\/www.suno.com.br\/noticias\/wp-content\/themes\/suno\/resources\/images\/spotlight\/spotlight1img\/bg-mask.png\" alt=\"Image Mask\"\/><img src=\"https:\/\/files.sunoresearch.com.br\/n\/uploads\/2020\/03\/05d8d102-fed-la-400x200.webp\" alt=\"Estados Unidos j\u00e1 est\u00e1 em recess\u00e3o, diz presidente do Fed\"\/><\/a><span class=\"spotlightCategory\"><a href=\"https:\/\/www.suno.com.br\/noticias\/internacional\/\">Internacional<\/a><\/span><\/div><div class=\"cardsPage__listCard__boxs__content\"><a href=\"https:\/\/www.suno.com.br\/noticias\/estados-unidos-recessao-diz-fed\/\"><h2 class=\"content__title\">Estados Unidos j\u00e1 est\u00e1 em recess\u00e3o, diz presidente do Fed<\/h2><\/a><div class=\"newsContent__article__meta\"><div class=\"newsContent__article__meta__authorBox\"><a href=\"https:\/\/www.suno.com.br\/noticias\/author\/jader-lazarini\/\" class=\"authorBox__avatar noMobi\"><img src=\"https:\/\/files.sunoresearch.com.br\/n\/uploads\/2021\/01\/178e6598-foto-perfil-2-150x150.jpg\" alt=\"Jader Lazarini\"><\/a><div class=\"authorBox__name\"><span>por\n\t\t\t<a href=\"https:\/\/www.suno.com.br\/noticias\/author\/jader-lazarini\/\"><span itemprop=\"author\">Jader Lazarini<\/span><\/a><\/span><time datetime=\"2020-03-31T16:55:58-03:00\" itemprop=\"datePublished\">31\/03\/2020 16:55<\/time><\/div><\/div><\/div><\/div><\/div>","single_layout":"posts","amp_enabled":true,"_links":{"self":[{"href":"https:\/\/www.suno.com.br\/noticias\/wp-json\/wp\/v2\/posts\/59716"}],"collection":[{"href":"https:\/\/www.suno.com.br\/noticias\/wp-json\/wp\/v2\/posts"}],"about":[{"href":"https:\/\/www.suno.com.br\/noticias\/wp-json\/wp\/v2\/types\/post"}],"author":[{"embeddable":true,"href":"https:\/\/www.suno.com.br\/noticias\/wp-json\/wp\/v2\/users\/24"}],"replies":[{"embeddable":true,"href":"https:\/\/www.suno.com.br\/noticias\/wp-json\/wp\/v2\/comments?post=59716"}],"version-history":[{"count":1,"href":"https:\/\/www.suno.com.br\/noticias\/wp-json\/wp\/v2\/posts\/59716\/revisions"}],"predecessor-version":[{"id":157099,"href":"https:\/\/www.suno.com.br\/noticias\/wp-json\/wp\/v2\/posts\/59716\/revisions\/157099"}],"wp:featuredmedia":[{"embeddable":true,"href":"https:\/\/www.suno.com.br\/noticias\/wp-json\/wp\/v2\/media\/59728"}],"wp:attachment":[{"href":"https:\/\/www.suno.com.br\/noticias\/wp-json\/wp\/v2\/media?parent=59716"}],"wp:term":[{"taxonomy":"category","embeddable":true,"href":"https:\/\/www.suno.com.br\/noticias\/wp-json\/wp\/v2\/categories?post=59716"},{"taxonomy":"post_tag","embeddable":true,"href":"https:\/\/www.suno.com.br\/noticias\/wp-json\/wp\/v2\/tags?post=59716"},{"taxonomy":"suno_strategy","embeddable":true,"href":"https:\/\/www.suno.com.br\/noticias\/wp-json\/wp\/v2\/suno_strategy?post=59716"}],"curies":[{"name":"wp","href":"https:\/\/api.w.org\/{rel}","templated":true}]}}