{"id":59693,"date":"2020-03-31T16:00:26","date_gmt":"2020-03-31T19:00:26","guid":{"rendered":"https:\/\/www.suno.com.br\/noticias\/?p=59693"},"modified":"2020-03-31T16:00:26","modified_gmt":"2020-03-31T19:00:26","slug":"coronavirus-omc-oms-e-fao-pedem-menores-resistencias-no-comercio","status":"publish","type":"post","link":"https:\/\/www.suno.com.br\/noticias\/coronavirus-omc-oms-e-fao-pedem-menores-resistencias-no-comercio\/","title":{"rendered":"Coronav\u00edrus: OMC, OMS e FAO pedem menores resist\u00eancias no com\u00e9rcio"},"content":{"rendered":"<p>Os diretores da Organiza\u00e7\u00e3o Mundial da Sa\u00fade (<strong>OMS<\/strong>) e da Organiza\u00e7\u00e3o das Na\u00e7\u00f5es Unidas para Agricultura e Alimenta\u00e7\u00e3o (<strong>FAO<\/strong>, na sigla em ingl\u00eas), e da <a href=\"https:\/\/www.suno.com.br\/artigos\/omc-organizacao-mundial-do-comercio\/\">Organiza\u00e7\u00e3o Mundial do Com\u00e9rcio (<strong>OMC<\/strong>)<\/a> em declara\u00e7\u00e3o conjunta nesta ter\u00e7a-feira (31), solicitaram aos governos que minimizem o impacto das restri\u00e7\u00f5es fronteiri\u00e7as ao com\u00e9rcio relacionadas ao <a href=\"https:\/\/www.youtube.com\/watch?v=0snRYzfHan0&amp;t=32s\"><strong>coronav\u00edrus<\/strong> (Covid-19)<\/a>.<\/p>\t<div class=\"wrapper-featured-image\">\n\t\t<figure class=\"spotlightImg\">\n\n\t\t\t<picture>\n\t\t\t\t<source media=\"(max-width: 768px)\" srcset=\"https:\/\/files.sunoresearch.com.br\/n\/uploads\/2020\/01\/b757369f-sede-oms-1119845936-400x200.webp\">\n\t\t\t\t<img loading=\"lazy\" decoding=\"async\" class=\"newsContent__article__imgCapa lazyloadDisabled newsContent__article__imgCapa--noCaption\" src=\"https:\/\/files.sunoresearch.com.br\/n\/uploads\/2020\/01\/b757369f-sede-oms-1119845936-800x450.webp\" width=\"800\" height=\"450\" alt=\"Coronav\u00edrus: OMC, OMS e FAO pedem menores resist\u00eancias no com\u00e9rcio\" fetchpriority=high \/>\n\t\t\t<\/picture>\n\n\t\t\t<figcaption class=\"wp-caption-text wp-caption-text--hide\">Hidroxicloroquina<\/figcaption>\n\t\t<\/figure>\n\t<\/div>\n\n\n\n<p>&#8220;Agora \u00e9 a hora de mostrar solidariedade, agir de forma respons\u00e1vel e aderir ao nosso objetivo comum de melhorar a seguran\u00e7a alimentar, a seguran\u00e7a alimentar e a nutri\u00e7\u00e3o e melhorar o bem-estar geral das pessoas em todo o mundo&#8221;, informa a nota em alus\u00e3o \u00e0 crise do coronav\u00edrus. Assinaram a declara\u00e7\u00e3o <strong>QU Dongyu<\/strong>, diretor da FAO, <strong>Tedros Adhanom Ghebreyesus<\/strong>, diretor da OMS e <strong>Roberto Azev\u00eado<\/strong>, diretor da OMC.<\/p>\n<p>Milhares de pessoas ao redor do mundo dependem das <strong>transa\u00e7\u00f5es comerciais<\/strong> entre as na\u00e7\u00f5es em rela\u00e7\u00e3o a suprimentos aliment\u00edcios. Por conta disso, as organiza\u00e7\u00f5es internacionais orientam os governos para tomarem cuidado com as &#8220;consequ\u00eancias n\u00e3o intencionais no com\u00e9rcio e seguran\u00e7a alimentar&#8221; de todo o planeta.<\/p>\n\t<p>\n\t\t<a href=\"https:\/\/lp.suno.com.br\/cl\/webinario-suno-black-2024\/\" target=\"_blank\" data-element=\"shortcode-suno-banner\" title=\"Banner SUNO, clique e saiba mais\">\n\t\t\t<picture>\n\t\t\t\t<source media=\"(max-width: 500px)\" srcset=\"https:\/\/files.sunoresearch.com.br\/n\/uploads\/2024\/04\/400x300-Banner-Home-1.png\">\n\t\t\t\t<img class=\"newsContent__article__imgCapa newsContent__article__imgCapa--banner\"\n\t\t\t\t\tsrc=\"https:\/\/files.sunoresearch.com.br\/n\/uploads\/2024\/04\/400x300-Banner-Home-1.png\"\n\t\t\t\t\tdata-promo-id=\"102411\"\t\t\t\t\t\t\t\t\t\twidth='401' height='300'\t\t\t\t\talt=\"https:\/\/files.sunoresearch.com.br\/n\/uploads\/2024\/04\/400x300-Banner-Home-1.png\"\n\t\t\t\t>\n\t\t\t<\/picture>\n\t\t<\/a>\n\t<\/p>\n\n\n<p>De acordo com a declara\u00e7\u00e3o, a incerteza sobre a disponibilidade de alimentos pode desencadear uma onda de restri\u00e7\u00f5es \u00e0 exporta\u00e7\u00e3o, criando uma escassez no mercado global, o que poderia acarretar em um desequil\u00edbrio da <strong>oferta e demanda<\/strong> dos alimentos, um alta custos e volatilidade de pre\u00e7os.<\/p>\n<p>Os diretores afirmaram que &#8220;temos de impedir a repeti\u00e7\u00e3o de tais medidas prejudiciais. \u00c9 em momentos como este que mais, e n\u00e3o menos, coopera\u00e7\u00e3o internacional se torna vital&#8221;.<\/p>\n<p><a href=\"https:\/\/www.suno.com.br\/nossas-assinaturas\/suno-premium\/\">Bolsa em queda livre!? Aproveita as maiores oportunidades da bolsa brasileira com nosso acesso Suno Premium<\/a><\/p>\n<p>Kristalina Georgieva, diretora do <a href=\"https:\/\/www.suno.com.br\/artigos\/fmi\/\">Fundo Monet\u00e1rio Internacional (<strong>FMI<\/strong>)<\/a>, salientou na \u00faltima semana que \u00e9 necess\u00e1rio apoiar os pa\u00edses mais pobres, que ser\u00e3o particularmente impactados pelo coronav\u00edrus, tanto economicamente como na sa\u00fade.<\/p>\n<p>Segundo a institui\u00e7\u00e3o,\u00a0a pandemia do coronav\u00edrus pode trazer consequ\u00eancias iguais ou piores \u00e0 <a href=\"https:\/\/www.suno.com.br\/artigos\/crise-do-subprime\/\">crise financeira enfrentada em 2008<\/a>.<\/p>\n<p>Segundo os diretores-gerais, &#8220;agora \u00e9 a hora de mostrar solidariedade, agir com responsabilidade e aderir ao nosso objetivo comum de aumentar a seguran\u00e7a alimentar, a seguran\u00e7a alimentar e a nutri\u00e7\u00e3o e melhorar o bem-estar geral das pessoas em todo o mundo&#8221;, em resposta ao <strong>coronav\u00edrus<\/strong>.<\/p>\n\n","protected":false},"excerpt":{"rendered":"<p>Os diretores da Organiza\u00e7\u00e3o Mundial da Sa\u00fade (OMS) e da Organiza\u00e7\u00e3o das Na\u00e7\u00f5es Unidas para Agricultura e Alimenta\u00e7\u00e3o (FAO, na sigla em ingl\u00eas), e da Organiza\u00e7\u00e3o Mundial do Com\u00e9rcio (OMC) em declara\u00e7\u00e3o conjunta nesta ter\u00e7a-feira (31), solicitaram aos governos que minimizem o impacto das restri\u00e7\u00f5es fronteiri\u00e7as ao com\u00e9rcio relacionadas ao coronav\u00edrus (Covid-19). Hidroxicloroquina &#8220;Agora \u00e9 [&hellip;]<\/p>\n","protected":false},"author":24,"featured_media":51067,"comment_status":"closed","ping_status":"closed","sticky":false,"template":"","format":"standard","meta":[],"categories":[63],"tags":[2487,813,2514],"suno_strategy":[],"class_list":["post-59693","post","type-post","status-publish","format-standard","has-post-thumbnail","hentry","category-internacional","tag-coronavirus","tag-omc","tag-oms"],"yoast_head":"<!-- This site is optimized with the Yoast SEO plugin v24.4 - https:\/\/yoast.com\/wordpress\/plugins\/seo\/ -->\n<title>Coronav\u00edrus: OMC, OMS e FAO pedem menores resist\u00eancias no com\u00e9rcio<\/title>\n<meta name=\"description\" content=\"Os diretores da OMS e da FAO, em declara\u00e7\u00e3o conjunta nesta ter\u00e7a-feira, solicitaram cuidado em rela\u00e7\u00e3o ao coronav\u00edrus. Clique e saiba mais.\" \/>\n<meta name=\"robots\" content=\"index, follow, max-snippet:-1, max-image-preview:large, max-video-preview:-1\" \/>\n<link rel=\"canonical\" href=\"https:\/\/www.suno.com.br\/noticias\/coronavirus-omc-oms-e-fao-pedem-menores-resistencias-no-comercio\/\" \/>\n<meta property=\"og:locale\" content=\"pt_BR\" \/>\n<meta property=\"og:type\" content=\"article\" \/>\n<meta property=\"og:title\" content=\"Coronav\u00edrus: OMC, OMS e FAO pedem menores resist\u00eancias no com\u00e9rcio\" \/>\n<meta property=\"og:description\" content=\"Os diretores da OMS e da FAO, em declara\u00e7\u00e3o conjunta nesta ter\u00e7a-feira, solicitaram cuidado em rela\u00e7\u00e3o ao coronav\u00edrus. Clique e saiba mais.\" \/>\n<meta property=\"og:url\" content=\"https:\/\/www.suno.com.br\/noticias\/coronavirus-omc-oms-e-fao-pedem-menores-resistencias-no-comercio\/\" \/>\n<meta property=\"og:site_name\" content=\"Suno Not\u00edcias\" \/>\n<meta property=\"article:publisher\" content=\"https:\/\/facebook.com\/sunoresearch\" \/>\n<meta property=\"og:image\" content=\"https:\/\/files.sunoresearch.com.br\/n\/uploads\/2020\/01\/b757369f-sede-oms-1119845936.jpg\" \/>\n\t<meta property=\"og:image:width\" content=\"2500\" \/>\n\t<meta property=\"og:image:height\" content=\"1669\" \/>\n\t<meta property=\"og:image:type\" content=\"image\/jpeg\" \/>\n<meta name=\"author\" content=\"Jader Lazarini\" \/>\n<meta name=\"twitter:card\" content=\"summary_large_image\" \/>\n<meta name=\"twitter:creator\" content=\"@sunoresearch\" \/>\n<meta name=\"twitter:site\" content=\"@sunoresearch\" \/>\n<meta name=\"twitter:label1\" content=\"Escrito por\" \/>\n\t<meta name=\"twitter:data1\" content=\"Jader Lazarini\" \/>\n\t<meta name=\"twitter:label2\" content=\"Est. tempo de leitura\" \/>\n\t<meta name=\"twitter:data2\" content=\"2 minutos\" \/>\n<script type=\"application\/ld+json\" class=\"yoast-schema-graph\">{\"@context\":\"https:\/\/schema.org\",\"@graph\":[{\"@type\":\"NewsArticle\",\"@id\":\"https:\/\/www.suno.com.br\/noticias\/coronavirus-omc-oms-e-fao-pedem-menores-resistencias-no-comercio\/#article\",\"isPartOf\":{\"@id\":\"https:\/\/www.suno.com.br\/noticias\/coronavirus-omc-oms-e-fao-pedem-menores-resistencias-no-comercio\/\"},\"author\":{\"name\":\"Jader Lazarini\",\"@id\":\"https:\/\/www.suno.com.br\/noticias\/#\/schema\/person\/918d79de1f0281f01599b93f9ea6e23f\"},\"headline\":\"Coronav\u00edrus: OMC, OMS e FAO pedem menores resist\u00eancias no com\u00e9rcio\",\"datePublished\":\"2020-03-31T19:00:26+00:00\",\"mainEntityOfPage\":{\"@id\":\"https:\/\/www.suno.com.br\/noticias\/coronavirus-omc-oms-e-fao-pedem-menores-resistencias-no-comercio\/\"},\"wordCount\":417,\"publisher\":{\"@id\":\"https:\/\/www.suno.com.br\/noticias\/#organization\"},\"image\":{\"@id\":\"https:\/\/www.suno.com.br\/noticias\/coronavirus-omc-oms-e-fao-pedem-menores-resistencias-no-comercio\/#primaryimage\"},\"thumbnailUrl\":\"https:\/\/files.sunoresearch.com.br\/n\/uploads\/2020\/01\/b757369f-sede-oms-1119845936-jpg.webp\",\"keywords\":[\"coronav\u00edrus\",\"OMC\",\"OMS\"],\"articleSection\":[\"Internacional\"],\"inLanguage\":\"pt-BR\"},{\"@type\":\"WebPage\",\"@id\":\"https:\/\/www.suno.com.br\/noticias\/coronavirus-omc-oms-e-fao-pedem-menores-resistencias-no-comercio\/\",\"url\":\"https:\/\/www.suno.com.br\/noticias\/coronavirus-omc-oms-e-fao-pedem-menores-resistencias-no-comercio\/\",\"name\":\"Coronav\u00edrus: OMC, OMS e FAO pedem menores resist\u00eancias no com\u00e9rcio\",\"isPartOf\":{\"@id\":\"https:\/\/www.suno.com.br\/noticias\/#website\"},\"primaryImageOfPage\":{\"@id\":\"https:\/\/www.suno.com.br\/noticias\/coronavirus-omc-oms-e-fao-pedem-menores-resistencias-no-comercio\/#primaryimage\"},\"image\":{\"@id\":\"https:\/\/www.suno.com.br\/noticias\/coronavirus-omc-oms-e-fao-pedem-menores-resistencias-no-comercio\/#primaryimage\"},\"thumbnailUrl\":\"https:\/\/files.sunoresearch.com.br\/n\/uploads\/2020\/01\/b757369f-sede-oms-1119845936-jpg.webp\",\"datePublished\":\"2020-03-31T19:00:26+00:00\",\"description\":\"Os diretores da OMS e da FAO, em declara\u00e7\u00e3o conjunta nesta ter\u00e7a-feira, solicitaram cuidado em rela\u00e7\u00e3o ao coronav\u00edrus. Clique e saiba mais.\",\"breadcrumb\":{\"@id\":\"https:\/\/www.suno.com.br\/noticias\/coronavirus-omc-oms-e-fao-pedem-menores-resistencias-no-comercio\/#breadcrumb\"},\"inLanguage\":\"pt-BR\",\"potentialAction\":[{\"@type\":\"ReadAction\",\"target\":[\"https:\/\/www.suno.com.br\/noticias\/coronavirus-omc-oms-e-fao-pedem-menores-resistencias-no-comercio\/\"]}]},{\"@type\":\"ImageObject\",\"inLanguage\":\"pt-BR\",\"@id\":\"https:\/\/www.suno.com.br\/noticias\/coronavirus-omc-oms-e-fao-pedem-menores-resistencias-no-comercio\/#primaryimage\",\"url\":\"https:\/\/files.sunoresearch.com.br\/n\/uploads\/2020\/01\/b757369f-sede-oms-1119845936-jpg.webp\",\"contentUrl\":\"https:\/\/files.sunoresearch.com.br\/n\/uploads\/2020\/01\/b757369f-sede-oms-1119845936-jpg.webp\",\"width\":2500,\"height\":1669,\"caption\":\"Hidroxicloroquina\"},{\"@type\":\"BreadcrumbList\",\"@id\":\"https:\/\/www.suno.com.br\/noticias\/coronavirus-omc-oms-e-fao-pedem-menores-resistencias-no-comercio\/#breadcrumb\",\"itemListElement\":[{\"@type\":\"ListItem\",\"position\":1,\"name\":\"Not\u00edcias\",\"item\":\"https:\/\/www.suno.com.br\/noticias\/\"},{\"@type\":\"ListItem\",\"position\":2,\"name\":\"Internacional\",\"item\":\"https:\/\/www.suno.com.br\/noticias\/internacional\/\"},{\"@type\":\"ListItem\",\"position\":3,\"name\":\"Coronav\u00edrus: OMC, OMS e FAO pedem menores resist\u00eancias no com\u00e9rcio\"}]},{\"@type\":\"WebSite\",\"@id\":\"https:\/\/www.suno.com.br\/noticias\/#website\",\"url\":\"https:\/\/www.suno.com.br\/noticias\/\",\"name\":\"Suno Not\u00edcias\",\"description\":\"Seu portal de informa\u00e7\u00e3o sobre o mundo dos investimentos\",\"publisher\":{\"@id\":\"https:\/\/www.suno.com.br\/noticias\/#organization\"},\"potentialAction\":[{\"@type\":\"SearchAction\",\"target\":{\"@type\":\"EntryPoint\",\"urlTemplate\":\"https:\/\/www.suno.com.br\/noticias\/?s={search_term_string}\"},\"query-input\":{\"@type\":\"PropertyValueSpecification\",\"valueRequired\":true,\"valueName\":\"search_term_string\"}}],\"inLanguage\":\"pt-BR\"},{\"@type\":\"Organization\",\"@id\":\"https:\/\/www.suno.com.br\/noticias\/#organization\",\"name\":\"Suno Not\u00edcias\",\"url\":\"https:\/\/www.suno.com.br\/noticias\/\",\"logo\":{\"@type\":\"ImageObject\",\"inLanguage\":\"pt-BR\",\"@id\":\"https:\/\/www.suno.com.br\/noticias\/#\/schema\/logo\/image\/\",\"url\":\"https:\/\/files.sunoresearch.com.br\/n\/uploads\/2021\/09\/suno-logo.png\",\"contentUrl\":\"https:\/\/files.sunoresearch.com.br\/n\/uploads\/2021\/09\/suno-logo.png\",\"width\":180,\"height\":180,\"caption\":\"Suno Not\u00edcias\"},\"image\":{\"@id\":\"https:\/\/www.suno.com.br\/noticias\/#\/schema\/logo\/image\/\"},\"sameAs\":[\"https:\/\/facebook.com\/sunoresearch\",\"https:\/\/x.com\/sunoresearch\",\"https:\/\/www.instagram.com\/suno\",\"https:\/\/www.linkedin.com\/company\/suno-research\/\",\"https:\/\/www.youtube.com\/c\/sunoresearch\"]},{\"@type\":\"Person\",\"@id\":\"https:\/\/www.suno.com.br\/noticias\/#\/schema\/person\/918d79de1f0281f01599b93f9ea6e23f\",\"name\":\"Jader Lazarini\",\"image\":{\"@type\":\"ImageObject\",\"inLanguage\":\"pt-BR\",\"@id\":\"https:\/\/www.suno.com.br\/noticias\/#\/schema\/person\/image\/\",\"url\":\"https:\/\/secure.gravatar.com\/avatar\/3c1ad8caa51589841baeb923fcddea97?s=96&r=g\",\"contentUrl\":\"https:\/\/secure.gravatar.com\/avatar\/3c1ad8caa51589841baeb923fcddea97?s=96&r=g\",\"caption\":\"Jader Lazarini\"},\"description\":\"Jader Lazarini escreve sobre investimentos, finan\u00e7as, economia e neg\u00f3cios. \u00c9 bacharel em Rela\u00e7\u00f5es Internacionais e analista CNPI (2619).\",\"url\":\"https:\/\/www.suno.com.br\/noticias\/author\/jader-lazarini\/\"}]}<\/script>\n<!-- \/ Yoast SEO plugin. -->","yoast_head_json":{"title":"Coronav\u00edrus: OMC, OMS e FAO pedem menores resist\u00eancias no com\u00e9rcio","description":"Os diretores da OMS e da FAO, em declara\u00e7\u00e3o conjunta nesta ter\u00e7a-feira, solicitaram cuidado em rela\u00e7\u00e3o ao coronav\u00edrus. Clique e saiba mais.","robots":{"index":"index","follow":"follow","max-snippet":"max-snippet:-1","max-image-preview":"max-image-preview:large","max-video-preview":"max-video-preview:-1"},"canonical":"https:\/\/www.suno.com.br\/noticias\/coronavirus-omc-oms-e-fao-pedem-menores-resistencias-no-comercio\/","og_locale":"pt_BR","og_type":"article","og_title":"Coronav\u00edrus: OMC, OMS e FAO pedem menores resist\u00eancias no com\u00e9rcio","og_description":"Os diretores da OMS e da FAO, em declara\u00e7\u00e3o conjunta nesta ter\u00e7a-feira, solicitaram cuidado em rela\u00e7\u00e3o ao coronav\u00edrus. Clique e saiba mais.","og_url":"https:\/\/www.suno.com.br\/noticias\/coronavirus-omc-oms-e-fao-pedem-menores-resistencias-no-comercio\/","og_site_name":"Suno Not\u00edcias","article_publisher":"https:\/\/facebook.com\/sunoresearch","og_image":[{"width":2500,"height":1669,"url":"https:\/\/files.sunoresearch.com.br\/n\/uploads\/2020\/01\/b757369f-sede-oms-1119845936.jpg","type":"image\/jpeg"}],"author":"Jader Lazarini","twitter_card":"summary_large_image","twitter_creator":"@sunoresearch","twitter_site":"@sunoresearch","twitter_misc":{"Escrito por":"Jader Lazarini","Est. tempo de leitura":"2 minutos"},"schema":{"@context":"https:\/\/schema.org","@graph":[{"@type":"NewsArticle","@id":"https:\/\/www.suno.com.br\/noticias\/coronavirus-omc-oms-e-fao-pedem-menores-resistencias-no-comercio\/#article","isPartOf":{"@id":"https:\/\/www.suno.com.br\/noticias\/coronavirus-omc-oms-e-fao-pedem-menores-resistencias-no-comercio\/"},"author":{"name":"Jader Lazarini","@id":"https:\/\/www.suno.com.br\/noticias\/#\/schema\/person\/918d79de1f0281f01599b93f9ea6e23f"},"headline":"Coronav\u00edrus: OMC, OMS e FAO pedem menores resist\u00eancias no com\u00e9rcio","datePublished":"2020-03-31T19:00:26+00:00","mainEntityOfPage":{"@id":"https:\/\/www.suno.com.br\/noticias\/coronavirus-omc-oms-e-fao-pedem-menores-resistencias-no-comercio\/"},"wordCount":417,"publisher":{"@id":"https:\/\/www.suno.com.br\/noticias\/#organization"},"image":{"@id":"https:\/\/www.suno.com.br\/noticias\/coronavirus-omc-oms-e-fao-pedem-menores-resistencias-no-comercio\/#primaryimage"},"thumbnailUrl":"https:\/\/files.sunoresearch.com.br\/n\/uploads\/2020\/01\/b757369f-sede-oms-1119845936-jpg.webp","keywords":["coronav\u00edrus","OMC","OMS"],"articleSection":["Internacional"],"inLanguage":"pt-BR"},{"@type":"WebPage","@id":"https:\/\/www.suno.com.br\/noticias\/coronavirus-omc-oms-e-fao-pedem-menores-resistencias-no-comercio\/","url":"https:\/\/www.suno.com.br\/noticias\/coronavirus-omc-oms-e-fao-pedem-menores-resistencias-no-comercio\/","name":"Coronav\u00edrus: OMC, OMS e FAO pedem menores resist\u00eancias no com\u00e9rcio","isPartOf":{"@id":"https:\/\/www.suno.com.br\/noticias\/#website"},"primaryImageOfPage":{"@id":"https:\/\/www.suno.com.br\/noticias\/coronavirus-omc-oms-e-fao-pedem-menores-resistencias-no-comercio\/#primaryimage"},"image":{"@id":"https:\/\/www.suno.com.br\/noticias\/coronavirus-omc-oms-e-fao-pedem-menores-resistencias-no-comercio\/#primaryimage"},"thumbnailUrl":"https:\/\/files.sunoresearch.com.br\/n\/uploads\/2020\/01\/b757369f-sede-oms-1119845936-jpg.webp","datePublished":"2020-03-31T19:00:26+00:00","description":"Os diretores da OMS e da FAO, em declara\u00e7\u00e3o conjunta nesta ter\u00e7a-feira, solicitaram cuidado em rela\u00e7\u00e3o ao coronav\u00edrus. Clique e saiba mais.","breadcrumb":{"@id":"https:\/\/www.suno.com.br\/noticias\/coronavirus-omc-oms-e-fao-pedem-menores-resistencias-no-comercio\/#breadcrumb"},"inLanguage":"pt-BR","potentialAction":[{"@type":"ReadAction","target":["https:\/\/www.suno.com.br\/noticias\/coronavirus-omc-oms-e-fao-pedem-menores-resistencias-no-comercio\/"]}]},{"@type":"ImageObject","inLanguage":"pt-BR","@id":"https:\/\/www.suno.com.br\/noticias\/coronavirus-omc-oms-e-fao-pedem-menores-resistencias-no-comercio\/#primaryimage","url":"https:\/\/files.sunoresearch.com.br\/n\/uploads\/2020\/01\/b757369f-sede-oms-1119845936-jpg.webp","contentUrl":"https:\/\/files.sunoresearch.com.br\/n\/uploads\/2020\/01\/b757369f-sede-oms-1119845936-jpg.webp","width":2500,"height":1669,"caption":"Hidroxicloroquina"},{"@type":"BreadcrumbList","@id":"https:\/\/www.suno.com.br\/noticias\/coronavirus-omc-oms-e-fao-pedem-menores-resistencias-no-comercio\/#breadcrumb","itemListElement":[{"@type":"ListItem","position":1,"name":"Not\u00edcias","item":"https:\/\/www.suno.com.br\/noticias\/"},{"@type":"ListItem","position":2,"name":"Internacional","item":"https:\/\/www.suno.com.br\/noticias\/internacional\/"},{"@type":"ListItem","position":3,"name":"Coronav\u00edrus: OMC, OMS e FAO pedem menores resist\u00eancias no com\u00e9rcio"}]},{"@type":"WebSite","@id":"https:\/\/www.suno.com.br\/noticias\/#website","url":"https:\/\/www.suno.com.br\/noticias\/","name":"Suno Not\u00edcias","description":"Seu portal de informa\u00e7\u00e3o sobre o mundo dos investimentos","publisher":{"@id":"https:\/\/www.suno.com.br\/noticias\/#organization"},"potentialAction":[{"@type":"SearchAction","target":{"@type":"EntryPoint","urlTemplate":"https:\/\/www.suno.com.br\/noticias\/?s={search_term_string}"},"query-input":{"@type":"PropertyValueSpecification","valueRequired":true,"valueName":"search_term_string"}}],"inLanguage":"pt-BR"},{"@type":"Organization","@id":"https:\/\/www.suno.com.br\/noticias\/#organization","name":"Suno Not\u00edcias","url":"https:\/\/www.suno.com.br\/noticias\/","logo":{"@type":"ImageObject","inLanguage":"pt-BR","@id":"https:\/\/www.suno.com.br\/noticias\/#\/schema\/logo\/image\/","url":"https:\/\/files.sunoresearch.com.br\/n\/uploads\/2021\/09\/suno-logo.png","contentUrl":"https:\/\/files.sunoresearch.com.br\/n\/uploads\/2021\/09\/suno-logo.png","width":180,"height":180,"caption":"Suno Not\u00edcias"},"image":{"@id":"https:\/\/www.suno.com.br\/noticias\/#\/schema\/logo\/image\/"},"sameAs":["https:\/\/facebook.com\/sunoresearch","https:\/\/x.com\/sunoresearch","https:\/\/www.instagram.com\/suno","https:\/\/www.linkedin.com\/company\/suno-research\/","https:\/\/www.youtube.com\/c\/sunoresearch"]},{"@type":"Person","@id":"https:\/\/www.suno.com.br\/noticias\/#\/schema\/person\/918d79de1f0281f01599b93f9ea6e23f","name":"Jader Lazarini","image":{"@type":"ImageObject","inLanguage":"pt-BR","@id":"https:\/\/www.suno.com.br\/noticias\/#\/schema\/person\/image\/","url":"https:\/\/secure.gravatar.com\/avatar\/3c1ad8caa51589841baeb923fcddea97?s=96&r=g","contentUrl":"https:\/\/secure.gravatar.com\/avatar\/3c1ad8caa51589841baeb923fcddea97?s=96&r=g","caption":"Jader Lazarini"},"description":"Jader Lazarini escreve sobre investimentos, finan\u00e7as, economia e neg\u00f3cios. \u00c9 bacharel em Rela\u00e7\u00f5es Internacionais e analista CNPI (2619).","url":"https:\/\/www.suno.com.br\/noticias\/author\/jader-lazarini\/"}]}},"default_loop_html":"<div class=\"cardsPage__listCard__boxs\"><div class=\"cardsPage__listCard__boxs__img\"><a href=\"https:\/\/www.suno.com.br\/noticias\/coronavirus-omc-oms-e-fao-pedem-menores-resistencias-no-comercio\/\"><img class=\"mask\" src=\"https:\/\/www.suno.com.br\/noticias\/wp-content\/themes\/suno\/resources\/images\/spotlight\/spotlight1img\/bg-mask.png\" alt=\"Image Mask\"\/><img src=\"https:\/\/files.sunoresearch.com.br\/n\/uploads\/2020\/01\/b757369f-sede-oms-1119845936-400x200.webp\" alt=\"Coronav\u00edrus: OMC, OMS e FAO pedem menores resist\u00eancias no com\u00e9rcio\"\/><\/a><span class=\"spotlightCategory\"><a href=\"https:\/\/www.suno.com.br\/noticias\/internacional\/\">Internacional<\/a><\/span><\/div><div class=\"cardsPage__listCard__boxs__content\"><a href=\"https:\/\/www.suno.com.br\/noticias\/coronavirus-omc-oms-e-fao-pedem-menores-resistencias-no-comercio\/\"><h2 class=\"content__title\">Coronav\u00edrus: OMC, OMS e FAO pedem menores resist\u00eancias no com\u00e9rcio<\/h2><\/a><div class=\"newsContent__article__meta\"><div class=\"newsContent__article__meta__authorBox\"><a href=\"https:\/\/www.suno.com.br\/noticias\/author\/jader-lazarini\/\" class=\"authorBox__avatar noMobi\"><img src=\"https:\/\/files.sunoresearch.com.br\/n\/uploads\/2021\/01\/178e6598-foto-perfil-2-150x150.jpg\" alt=\"Jader Lazarini\"><\/a><div class=\"authorBox__name\"><span>por\n\t\t\t<a href=\"https:\/\/www.suno.com.br\/noticias\/author\/jader-lazarini\/\"><span itemprop=\"author\">Jader Lazarini<\/span><\/a><\/span><time datetime=\"2020-03-31T16:00:26-03:00\" itemprop=\"datePublished\">31\/03\/2020 16:00<\/time><\/div><\/div><\/div><\/div><\/div>","single_layout":"posts","amp_enabled":true,"_links":{"self":[{"href":"https:\/\/www.suno.com.br\/noticias\/wp-json\/wp\/v2\/posts\/59693"}],"collection":[{"href":"https:\/\/www.suno.com.br\/noticias\/wp-json\/wp\/v2\/posts"}],"about":[{"href":"https:\/\/www.suno.com.br\/noticias\/wp-json\/wp\/v2\/types\/post"}],"author":[{"embeddable":true,"href":"https:\/\/www.suno.com.br\/noticias\/wp-json\/wp\/v2\/users\/24"}],"replies":[{"embeddable":true,"href":"https:\/\/www.suno.com.br\/noticias\/wp-json\/wp\/v2\/comments?post=59693"}],"version-history":[{"count":0,"href":"https:\/\/www.suno.com.br\/noticias\/wp-json\/wp\/v2\/posts\/59693\/revisions"}],"wp:featuredmedia":[{"embeddable":true,"href":"https:\/\/www.suno.com.br\/noticias\/wp-json\/wp\/v2\/media\/51067"}],"wp:attachment":[{"href":"https:\/\/www.suno.com.br\/noticias\/wp-json\/wp\/v2\/media?parent=59693"}],"wp:term":[{"taxonomy":"category","embeddable":true,"href":"https:\/\/www.suno.com.br\/noticias\/wp-json\/wp\/v2\/categories?post=59693"},{"taxonomy":"post_tag","embeddable":true,"href":"https:\/\/www.suno.com.br\/noticias\/wp-json\/wp\/v2\/tags?post=59693"},{"taxonomy":"suno_strategy","embeddable":true,"href":"https:\/\/www.suno.com.br\/noticias\/wp-json\/wp\/v2\/suno_strategy?post=59693"}],"curies":[{"name":"wp","href":"https:\/\/api.w.org\/{rel}","templated":true}]}}