{"id":59655,"date":"2020-03-31T12:27:50","date_gmt":"2020-03-31T15:27:50","guid":{"rendered":"https:\/\/www.suno.com.br\/noticias\/?p=59655"},"modified":"2020-03-31T12:29:38","modified_gmt":"2020-03-31T15:29:38","slug":"arezzo-arzz3-anuncia-recompra-de-ate-44-milhoes-de-acoes","status":"publish","type":"post","link":"https:\/\/www.suno.com.br\/noticias\/arezzo-arzz3-anuncia-recompra-de-ate-44-milhoes-de-acoes\/","title":{"rendered":"Arezzo (ARZZ3) anuncia recompra de at\u00e9 4,4 milh\u00f5es de a\u00e7\u00f5es"},"content":{"rendered":"<p>A <a href=\"https:\/\/www.suno.com.br\/acoes\/arzz3\/\"><strong>Arezzo<\/strong> (ARZZ3)<\/a> informou na \u00faltima segunda-feira (30) que seu conselho aprovou a recompra de at\u00e9 4,4 milh\u00f5es de <strong><a href=\"https:\/\/www.suno.com.br\/artigos\/tipos-de-acoes\/\">a\u00e7\u00f5es ordin\u00e1rias<\/a><\/strong>, esse valor \u00e9 equivalente a 10% dos pap\u00e9is em circula\u00e7\u00e3o no mercado.<\/p>\t<div class=\"wrapper-featured-image\">\n\t\t<figure class=\"spotlightImg\">\n\n\t\t\t<picture>\n\t\t\t\t<source media=\"(max-width: 768px)\" srcset=\"https:\/\/files.sunoresearch.com.br\/n\/uploads\/2019\/10\/5b2399ba-arezzo--400x200.webp\">\n\t\t\t\t<img loading=\"lazy\" decoding=\"async\" class=\"newsContent__article__imgCapa lazyloadDisabled newsContent__article__imgCapa--noCaption\" src=\"https:\/\/files.sunoresearch.com.br\/n\/uploads\/2019\/10\/5b2399ba-arezzo--jpg.webp\" width=\"800\" height=\"450\" alt=\"Arezzo (ARZZ3) anuncia recompra de at\u00e9 4,4 milh\u00f5es de a\u00e7\u00f5es\" fetchpriority=high \/>\n\t\t\t<\/picture>\n\n\t\t\t<figcaption class=\"wp-caption-text wp-caption-text--hide\">Arezzo (ARZZ3): Conselho aprova incorpora\u00e7\u00e3o da VQV e aumento de capital <\/figcaption>\n\t\t<\/figure>\n\t<\/div>\n\n\n\n<p>De acordo com o fato relevante, o programa de recompra tem objetivo de incrementar gera\u00e7\u00e3o de valor para os acionistas da Arezzo &#8220;em raz\u00e3o do desconto atual das a\u00e7\u00f5es no mercado, por meio da aquisi\u00e7\u00e3o das a\u00e7\u00f5es ordin\u00e1rias de sua pr\u00f3pria emiss\u00e3o&#8221;.<\/p>\n<p>Atualmente, existem 44,8 milh\u00f5es de pap\u00e9is em circula\u00e7\u00e3o no mercado e 65,2 mil de a\u00e7\u00f5es em tesouraria. As negocia\u00e7\u00f5es poder\u00e3o ser realizadas pelo prazo de at\u00e9 18 meses contados a partir de 4 de abril de 2020 e encerrando-se em 4 de outubro de 2021.<\/p>\n<h2>Arezzo prev\u00ea aumento de dois d\u00edgitos nas vendas do 1T20<\/h2>\n<p>A Arezzo\u00a0informou que as vendas no primeiro trimestre de 2020 devem avan\u00e7ar cerca de dois d\u00edgitos. A informa\u00e7\u00e3o foi divulgada na \u00faltima quinta-feira (5) pelo presidente da companhia, Alexandre Birman, durante uma teleconfer\u00eancia com analistas.<\/p>\n<p>A previs\u00e3o divulgada desconsidera as vendas da Vans, adquirida pela Arezzo em outubro de 2019. Al\u00e9m da marca, a companhia possui as seguintes opera\u00e7\u00f5es:<\/p>\n<ul>\n<li>Schutz;<\/li>\n<li>Anacapri;<\/li>\n<li>Alexandre Birman;<\/li>\n<li>Fiever;<\/li>\n<li>Alme.<\/li>\n<\/ul>\n<p>\u201cExcluindo a opera\u00e7\u00e3o da Vans, que come\u00e7ou h\u00e1 pouco tempo, acredito que o crescimento de vendas no primeiro trimestre deve ser na casa dos dois d\u00edgitos\u201d, afirmou Birman.<\/p>\n\t<p>\n\t\t<a href=\"https:\/\/lp.suno.com.br\/ao\/servico-especializado-suno-tf\/?utm_source=adwords&#038;utm_medium=search&#038;utm_campaign=search.servico.funilconsultoria&#038;utm_content=1147_responsivo-a&#038;hsa_acc=2326072784&#038;hsa_cam=18022897917&#038;hsa_grp=141470255993&#038;hsa_ad=616145467912&#038;hsa_src=g&#038;hsa_tgt=kwd-303658942458&#038;hsa_kw=gestora+de+investimentos&#038;hsa_mt=b&#038;hsa_net=adwords&#038;hsa_ver=3&#038;gad_source=1&#038;gclid=CjwKCAjw1emzBhB8EiwAHwZZxQMvA3xJVRzLGZ70LmuSzR55X-KvxijSay8c5Hm88Sznnq97j8XbORoC-sMQAvD_BwE\" target=\"_blank\" data-element=\"shortcode-suno-banner\" title=\"Banner SUNO, clique e saiba mais\">\n\t\t\t<picture>\n\t\t\t\t<source media=\"(max-width: 500px)\" srcset=\"https:\/\/files.sunoresearch.com.br\/n\/uploads\/2024\/06\/400x300-Mobile-Artigos-5.png\">\n\t\t\t\t<img class=\"newsContent__article__imgCapa newsContent__article__imgCapa--banner\"\n\t\t\t\t\tsrc=\"https:\/\/files.sunoresearch.com.br\/n\/uploads\/2024\/06\/1420x240-Banner-Artigos-1-_-Banner-Materias-3.png\"\n\t\t\t\t\tdata-promo-id=\"563605\"\t\t\t\t\t\t\t\t\t\twidth='1420' height='240'\t\t\t\t\talt=\"https:\/\/files.sunoresearch.com.br\/n\/uploads\/2024\/06\/1420x240-Banner-Artigos-1-_-Banner-Materias-3.png\"\n\t\t\t\t>\n\t\t\t<\/picture>\n\t\t<\/a>\n\t<\/p>\n\n\n<p>De acordo com o executivo, a empresa pretende acelerar as reformas das lojas da Anacapri nos tr\u00eas primeiros meses deste ano. A medida \u00e9 uma forma de atrair mais clientes e ampliar no n\u00famero de vendas.<\/p>\n<p>Al\u00e9m disso, a empresa informou que prev\u00ea uma despesa n\u00e3o recorrente de R$ 3 milh\u00f5es a R$ 5 milh\u00f5es. Os custos estimados s\u00e3o oriundos do processo de integra\u00e7\u00e3o da Vans no Brasil \u00e0s opera\u00e7\u00f5es da Arezzo.<\/p>\n<h2>Resultado de 2019<\/h2>\n<p>A <strong>Arezzo<\/strong> divulgou na \u00faltima quarta-feira seu <a href=\"https:\/\/www.suno.com.br\/artigos\/lucro-liquido\/\"><strong>lucro l\u00edquido<\/strong><\/a> do quarto trimestre do ano passado. O lucro da empresa foi de R$ 58,655 milh\u00f5es entre outubro e dezembro de 2019, uma alta de 38,9% em rela\u00e7\u00e3o ao mesmo per\u00edodo de 2018.<\/p>\n<p>A <a href=\"https:\/\/www.suno.com.br\/artigos\/receita-liquida\/\">receita l\u00edquida<\/a> foi de R$ 467,7 milh\u00f5es, um crescimento de 13,4%. A companhia informou ainda que 67 lojas foram abertas no ano passado. Somente no quarto trimestre, 37 unidades foram inauguradas.<\/p>\n<p><a href=\"https:\/\/www.suno.com.br\/nossas-assinaturas\/suno-premium\/\">Bolsa em queda livre!? Aproveita as maiores oportunidades da bolsa brasileira com nosso acesso Suno Premium<\/a><\/p>\n<p>O <a href=\"https:\/\/www.suno.com.br\/artigos\/ebitda\/\">lucro antes de juros, impostos, deprecia\u00e7\u00e3o e amortiza\u00e7\u00e3o (<strong>Ebitda<\/strong>)<\/a> teve alta de 50,2%, chegando a R$ 96,3 milh\u00f5es. A margem Ebitda da <strong>Arezzo<\/strong> foi de 20,6%, avan\u00e7o de 5% ante o mesmo per\u00edodo de 2018.<\/p>\n\n","protected":false},"excerpt":{"rendered":"<p>A Arezzo (ARZZ3) informou na \u00faltima segunda-feira (30) que seu conselho aprovou a recompra de at\u00e9 4,4 milh\u00f5es de a\u00e7\u00f5es ordin\u00e1rias, esse valor \u00e9 equivalente a 10% dos pap\u00e9is em circula\u00e7\u00e3o no mercado. Arezzo (ARZZ3): Conselho aprova incorpora\u00e7\u00e3o da VQV e aumento de capital De acordo com o fato relevante, o programa de recompra tem [&hellip;]<\/p>\n","protected":false},"author":15,"featured_media":39635,"comment_status":"closed","ping_status":"closed","sticky":false,"template":"","format":"standard","meta":[],"categories":[64],"tags":[286,362],"suno_strategy":[],"class_list":["post-59655","post","type-post","status-publish","format-standard","has-post-thumbnail","hentry","category-negocios","tag-acoes","tag-arezzo-arzz3"],"yoast_head":"<!-- This site is optimized with the Yoast SEO plugin v24.4 - https:\/\/yoast.com\/wordpress\/plugins\/seo\/ -->\n<title>Arezzo (ARZZ3) anuncia recompra de at\u00e9 4,4 mi de a\u00e7\u00f5es<\/title>\n<meta name=\"description\" content=\"A Arezzo (ARZZ3) informou na \u00faltima segunda-feira (30) que seu conselho aprovou a recompra de at\u00e9 4,4 mi de a\u00e7\u00f5es ordin\u00e1rias. Clique aqui\" \/>\n<meta name=\"robots\" content=\"index, follow, max-snippet:-1, max-image-preview:large, max-video-preview:-1\" \/>\n<link rel=\"canonical\" href=\"https:\/\/www.suno.com.br\/noticias\/arezzo-arzz3-anuncia-recompra-de-ate-44-milhoes-de-acoes\/\" \/>\n<meta property=\"og:locale\" content=\"pt_BR\" \/>\n<meta property=\"og:type\" content=\"article\" \/>\n<meta property=\"og:title\" content=\"Arezzo (ARZZ3) anuncia recompra de at\u00e9 4,4 mi de a\u00e7\u00f5es\" \/>\n<meta property=\"og:description\" content=\"A Arezzo (ARZZ3) informou na \u00faltima segunda-feira (30) que seu conselho aprovou a recompra de at\u00e9 4,4 mi de a\u00e7\u00f5es ordin\u00e1rias. Clique aqui\" \/>\n<meta property=\"og:url\" content=\"https:\/\/www.suno.com.br\/noticias\/arezzo-arzz3-anuncia-recompra-de-ate-44-milhoes-de-acoes\/\" \/>\n<meta property=\"og:site_name\" content=\"Suno Not\u00edcias\" \/>\n<meta property=\"article:publisher\" content=\"https:\/\/facebook.com\/sunoresearch\" \/>\n<meta property=\"og:image\" content=\"https:\/\/files.sunoresearch.com.br\/n\/uploads\/2019\/10\/5b2399ba-arezzo-.jpg\" \/>\n\t<meta property=\"og:image:width\" content=\"498\" \/>\n\t<meta property=\"og:image:height\" content=\"312\" \/>\n\t<meta property=\"og:image:type\" content=\"image\/jpeg\" \/>\n<meta name=\"author\" content=\"Poliana Santos\" \/>\n<meta name=\"twitter:card\" content=\"summary_large_image\" \/>\n<meta name=\"twitter:creator\" content=\"@sunoresearch\" \/>\n<meta name=\"twitter:site\" content=\"@sunoresearch\" \/>\n<meta name=\"twitter:label1\" content=\"Escrito por\" \/>\n\t<meta name=\"twitter:data1\" content=\"Poliana Santos\" \/>\n\t<meta name=\"twitter:label2\" content=\"Est. tempo de leitura\" \/>\n\t<meta name=\"twitter:data2\" content=\"2 minutos\" \/>\n<script type=\"application\/ld+json\" class=\"yoast-schema-graph\">{\"@context\":\"https:\/\/schema.org\",\"@graph\":[{\"@type\":\"NewsArticle\",\"@id\":\"https:\/\/www.suno.com.br\/noticias\/arezzo-arzz3-anuncia-recompra-de-ate-44-milhoes-de-acoes\/#article\",\"isPartOf\":{\"@id\":\"https:\/\/www.suno.com.br\/noticias\/arezzo-arzz3-anuncia-recompra-de-ate-44-milhoes-de-acoes\/\"},\"author\":{\"name\":\"Poliana Santos\",\"@id\":\"https:\/\/www.suno.com.br\/noticias\/#\/schema\/person\/02ec1f752758247878a2bf4abee1aeda\"},\"headline\":\"Arezzo (ARZZ3) anuncia recompra de at\u00e9 4,4 milh\u00f5es de a\u00e7\u00f5es\",\"datePublished\":\"2020-03-31T15:27:50+00:00\",\"dateModified\":\"2020-03-31T15:29:38+00:00\",\"mainEntityOfPage\":{\"@id\":\"https:\/\/www.suno.com.br\/noticias\/arezzo-arzz3-anuncia-recompra-de-ate-44-milhoes-de-acoes\/\"},\"wordCount\":465,\"publisher\":{\"@id\":\"https:\/\/www.suno.com.br\/noticias\/#organization\"},\"image\":{\"@id\":\"https:\/\/www.suno.com.br\/noticias\/arezzo-arzz3-anuncia-recompra-de-ate-44-milhoes-de-acoes\/#primaryimage\"},\"thumbnailUrl\":\"https:\/\/files.sunoresearch.com.br\/n\/uploads\/2019\/10\/5b2399ba-arezzo--jpg.webp\",\"keywords\":[\"A\u00e7\u00f5es\",\"Arezzo (ARZZ3)\"],\"articleSection\":[\"Neg\u00f3cios\"],\"inLanguage\":\"pt-BR\"},{\"@type\":\"WebPage\",\"@id\":\"https:\/\/www.suno.com.br\/noticias\/arezzo-arzz3-anuncia-recompra-de-ate-44-milhoes-de-acoes\/\",\"url\":\"https:\/\/www.suno.com.br\/noticias\/arezzo-arzz3-anuncia-recompra-de-ate-44-milhoes-de-acoes\/\",\"name\":\"Arezzo (ARZZ3) anuncia recompra de at\u00e9 4,4 mi de a\u00e7\u00f5es\",\"isPartOf\":{\"@id\":\"https:\/\/www.suno.com.br\/noticias\/#website\"},\"primaryImageOfPage\":{\"@id\":\"https:\/\/www.suno.com.br\/noticias\/arezzo-arzz3-anuncia-recompra-de-ate-44-milhoes-de-acoes\/#primaryimage\"},\"image\":{\"@id\":\"https:\/\/www.suno.com.br\/noticias\/arezzo-arzz3-anuncia-recompra-de-ate-44-milhoes-de-acoes\/#primaryimage\"},\"thumbnailUrl\":\"https:\/\/files.sunoresearch.com.br\/n\/uploads\/2019\/10\/5b2399ba-arezzo--jpg.webp\",\"datePublished\":\"2020-03-31T15:27:50+00:00\",\"dateModified\":\"2020-03-31T15:29:38+00:00\",\"description\":\"A Arezzo (ARZZ3) informou na \u00faltima segunda-feira (30) que seu conselho aprovou a recompra de at\u00e9 4,4 mi de a\u00e7\u00f5es ordin\u00e1rias. Clique aqui\",\"breadcrumb\":{\"@id\":\"https:\/\/www.suno.com.br\/noticias\/arezzo-arzz3-anuncia-recompra-de-ate-44-milhoes-de-acoes\/#breadcrumb\"},\"inLanguage\":\"pt-BR\",\"potentialAction\":[{\"@type\":\"ReadAction\",\"target\":[\"https:\/\/www.suno.com.br\/noticias\/arezzo-arzz3-anuncia-recompra-de-ate-44-milhoes-de-acoes\/\"]}]},{\"@type\":\"ImageObject\",\"inLanguage\":\"pt-BR\",\"@id\":\"https:\/\/www.suno.com.br\/noticias\/arezzo-arzz3-anuncia-recompra-de-ate-44-milhoes-de-acoes\/#primaryimage\",\"url\":\"https:\/\/files.sunoresearch.com.br\/n\/uploads\/2019\/10\/5b2399ba-arezzo--jpg.webp\",\"contentUrl\":\"https:\/\/files.sunoresearch.com.br\/n\/uploads\/2019\/10\/5b2399ba-arezzo--jpg.webp\",\"width\":498,\"height\":312,\"caption\":\"Arezzo (ARZZ3): Conselho aprova incorpora\u00e7\u00e3o da VQV e aumento de capital\"},{\"@type\":\"BreadcrumbList\",\"@id\":\"https:\/\/www.suno.com.br\/noticias\/arezzo-arzz3-anuncia-recompra-de-ate-44-milhoes-de-acoes\/#breadcrumb\",\"itemListElement\":[{\"@type\":\"ListItem\",\"position\":1,\"name\":\"Not\u00edcias\",\"item\":\"https:\/\/www.suno.com.br\/noticias\/\"},{\"@type\":\"ListItem\",\"position\":2,\"name\":\"Neg\u00f3cios\",\"item\":\"https:\/\/www.suno.com.br\/noticias\/negocios\/\"},{\"@type\":\"ListItem\",\"position\":3,\"name\":\"Arezzo (ARZZ3) anuncia recompra de at\u00e9 4,4 milh\u00f5es de a\u00e7\u00f5es\"}]},{\"@type\":\"WebSite\",\"@id\":\"https:\/\/www.suno.com.br\/noticias\/#website\",\"url\":\"https:\/\/www.suno.com.br\/noticias\/\",\"name\":\"Suno Not\u00edcias\",\"description\":\"Seu portal de informa\u00e7\u00e3o sobre o mundo dos investimentos\",\"publisher\":{\"@id\":\"https:\/\/www.suno.com.br\/noticias\/#organization\"},\"potentialAction\":[{\"@type\":\"SearchAction\",\"target\":{\"@type\":\"EntryPoint\",\"urlTemplate\":\"https:\/\/www.suno.com.br\/noticias\/?s={search_term_string}\"},\"query-input\":{\"@type\":\"PropertyValueSpecification\",\"valueRequired\":true,\"valueName\":\"search_term_string\"}}],\"inLanguage\":\"pt-BR\"},{\"@type\":\"Organization\",\"@id\":\"https:\/\/www.suno.com.br\/noticias\/#organization\",\"name\":\"Suno Not\u00edcias\",\"url\":\"https:\/\/www.suno.com.br\/noticias\/\",\"logo\":{\"@type\":\"ImageObject\",\"inLanguage\":\"pt-BR\",\"@id\":\"https:\/\/www.suno.com.br\/noticias\/#\/schema\/logo\/image\/\",\"url\":\"https:\/\/files.sunoresearch.com.br\/n\/uploads\/2021\/09\/suno-logo.png\",\"contentUrl\":\"https:\/\/files.sunoresearch.com.br\/n\/uploads\/2021\/09\/suno-logo.png\",\"width\":180,\"height\":180,\"caption\":\"Suno Not\u00edcias\"},\"image\":{\"@id\":\"https:\/\/www.suno.com.br\/noticias\/#\/schema\/logo\/image\/\"},\"sameAs\":[\"https:\/\/facebook.com\/sunoresearch\",\"https:\/\/x.com\/sunoresearch\",\"https:\/\/www.instagram.com\/suno\",\"https:\/\/www.linkedin.com\/company\/suno-research\/\",\"https:\/\/www.youtube.com\/c\/sunoresearch\"]},{\"@type\":\"Person\",\"@id\":\"https:\/\/www.suno.com.br\/noticias\/#\/schema\/person\/02ec1f752758247878a2bf4abee1aeda\",\"name\":\"Poliana Santos\",\"image\":{\"@type\":\"ImageObject\",\"inLanguage\":\"pt-BR\",\"@id\":\"https:\/\/www.suno.com.br\/noticias\/#\/schema\/person\/image\/\",\"url\":\"https:\/\/secure.gravatar.com\/avatar\/0645bd32f23d87b2130f2b2dff1d3f8d?s=96&r=g\",\"contentUrl\":\"https:\/\/secure.gravatar.com\/avatar\/0645bd32f23d87b2130f2b2dff1d3f8d?s=96&r=g\",\"caption\":\"Poliana Santos\"},\"description\":\"Rep\u00f3rter no Suno Not\u00edcias, com cobertura em mercado financeiro, economia, finan\u00e7as pessoais, renda fixa e varejo. Jornalista formada pela Faculdade C\u00e1sper L\u00edbero e possui passagem na R\u00e1dio Gazeta AM com a produ\u00e7\u00e3o de conte\u00fado sobre economia, pol\u00edtica, sa\u00fade, moda e m\u00fasica. Possui certificado de conclus\u00e3o do curso de An\u00e1lise de Balan\u00e7os pela Funda\u00e7\u00e3o Bradesco, Agenda Brasil pela FAAP, Educa\u00e7\u00e3o Pol\u00edtica por Alexandre Garcia e do Tesouro Direto e Mercado de A\u00e7\u00f5es pela B3.\",\"url\":\"https:\/\/www.suno.com.br\/noticias\/author\/poliana-santos\/\"}]}<\/script>\n<!-- \/ Yoast SEO plugin. -->","yoast_head_json":{"title":"Arezzo (ARZZ3) anuncia recompra de at\u00e9 4,4 mi de a\u00e7\u00f5es","description":"A Arezzo (ARZZ3) informou na \u00faltima segunda-feira (30) que seu conselho aprovou a recompra de at\u00e9 4,4 mi de a\u00e7\u00f5es ordin\u00e1rias. Clique aqui","robots":{"index":"index","follow":"follow","max-snippet":"max-snippet:-1","max-image-preview":"max-image-preview:large","max-video-preview":"max-video-preview:-1"},"canonical":"https:\/\/www.suno.com.br\/noticias\/arezzo-arzz3-anuncia-recompra-de-ate-44-milhoes-de-acoes\/","og_locale":"pt_BR","og_type":"article","og_title":"Arezzo (ARZZ3) anuncia recompra de at\u00e9 4,4 mi de a\u00e7\u00f5es","og_description":"A Arezzo (ARZZ3) informou na \u00faltima segunda-feira (30) que seu conselho aprovou a recompra de at\u00e9 4,4 mi de a\u00e7\u00f5es ordin\u00e1rias. Clique aqui","og_url":"https:\/\/www.suno.com.br\/noticias\/arezzo-arzz3-anuncia-recompra-de-ate-44-milhoes-de-acoes\/","og_site_name":"Suno Not\u00edcias","article_publisher":"https:\/\/facebook.com\/sunoresearch","og_image":[{"width":498,"height":312,"url":"https:\/\/files.sunoresearch.com.br\/n\/uploads\/2019\/10\/5b2399ba-arezzo-.jpg","type":"image\/jpeg"}],"author":"Poliana Santos","twitter_card":"summary_large_image","twitter_creator":"@sunoresearch","twitter_site":"@sunoresearch","twitter_misc":{"Escrito por":"Poliana Santos","Est. tempo de leitura":"2 minutos"},"schema":{"@context":"https:\/\/schema.org","@graph":[{"@type":"NewsArticle","@id":"https:\/\/www.suno.com.br\/noticias\/arezzo-arzz3-anuncia-recompra-de-ate-44-milhoes-de-acoes\/#article","isPartOf":{"@id":"https:\/\/www.suno.com.br\/noticias\/arezzo-arzz3-anuncia-recompra-de-ate-44-milhoes-de-acoes\/"},"author":{"name":"Poliana Santos","@id":"https:\/\/www.suno.com.br\/noticias\/#\/schema\/person\/02ec1f752758247878a2bf4abee1aeda"},"headline":"Arezzo (ARZZ3) anuncia recompra de at\u00e9 4,4 milh\u00f5es de a\u00e7\u00f5es","datePublished":"2020-03-31T15:27:50+00:00","dateModified":"2020-03-31T15:29:38+00:00","mainEntityOfPage":{"@id":"https:\/\/www.suno.com.br\/noticias\/arezzo-arzz3-anuncia-recompra-de-ate-44-milhoes-de-acoes\/"},"wordCount":465,"publisher":{"@id":"https:\/\/www.suno.com.br\/noticias\/#organization"},"image":{"@id":"https:\/\/www.suno.com.br\/noticias\/arezzo-arzz3-anuncia-recompra-de-ate-44-milhoes-de-acoes\/#primaryimage"},"thumbnailUrl":"https:\/\/files.sunoresearch.com.br\/n\/uploads\/2019\/10\/5b2399ba-arezzo--jpg.webp","keywords":["A\u00e7\u00f5es","Arezzo (ARZZ3)"],"articleSection":["Neg\u00f3cios"],"inLanguage":"pt-BR"},{"@type":"WebPage","@id":"https:\/\/www.suno.com.br\/noticias\/arezzo-arzz3-anuncia-recompra-de-ate-44-milhoes-de-acoes\/","url":"https:\/\/www.suno.com.br\/noticias\/arezzo-arzz3-anuncia-recompra-de-ate-44-milhoes-de-acoes\/","name":"Arezzo (ARZZ3) anuncia recompra de at\u00e9 4,4 mi de a\u00e7\u00f5es","isPartOf":{"@id":"https:\/\/www.suno.com.br\/noticias\/#website"},"primaryImageOfPage":{"@id":"https:\/\/www.suno.com.br\/noticias\/arezzo-arzz3-anuncia-recompra-de-ate-44-milhoes-de-acoes\/#primaryimage"},"image":{"@id":"https:\/\/www.suno.com.br\/noticias\/arezzo-arzz3-anuncia-recompra-de-ate-44-milhoes-de-acoes\/#primaryimage"},"thumbnailUrl":"https:\/\/files.sunoresearch.com.br\/n\/uploads\/2019\/10\/5b2399ba-arezzo--jpg.webp","datePublished":"2020-03-31T15:27:50+00:00","dateModified":"2020-03-31T15:29:38+00:00","description":"A Arezzo (ARZZ3) informou na \u00faltima segunda-feira (30) que seu conselho aprovou a recompra de at\u00e9 4,4 mi de a\u00e7\u00f5es ordin\u00e1rias. Clique aqui","breadcrumb":{"@id":"https:\/\/www.suno.com.br\/noticias\/arezzo-arzz3-anuncia-recompra-de-ate-44-milhoes-de-acoes\/#breadcrumb"},"inLanguage":"pt-BR","potentialAction":[{"@type":"ReadAction","target":["https:\/\/www.suno.com.br\/noticias\/arezzo-arzz3-anuncia-recompra-de-ate-44-milhoes-de-acoes\/"]}]},{"@type":"ImageObject","inLanguage":"pt-BR","@id":"https:\/\/www.suno.com.br\/noticias\/arezzo-arzz3-anuncia-recompra-de-ate-44-milhoes-de-acoes\/#primaryimage","url":"https:\/\/files.sunoresearch.com.br\/n\/uploads\/2019\/10\/5b2399ba-arezzo--jpg.webp","contentUrl":"https:\/\/files.sunoresearch.com.br\/n\/uploads\/2019\/10\/5b2399ba-arezzo--jpg.webp","width":498,"height":312,"caption":"Arezzo (ARZZ3): Conselho aprova incorpora\u00e7\u00e3o da VQV e aumento de capital"},{"@type":"BreadcrumbList","@id":"https:\/\/www.suno.com.br\/noticias\/arezzo-arzz3-anuncia-recompra-de-ate-44-milhoes-de-acoes\/#breadcrumb","itemListElement":[{"@type":"ListItem","position":1,"name":"Not\u00edcias","item":"https:\/\/www.suno.com.br\/noticias\/"},{"@type":"ListItem","position":2,"name":"Neg\u00f3cios","item":"https:\/\/www.suno.com.br\/noticias\/negocios\/"},{"@type":"ListItem","position":3,"name":"Arezzo (ARZZ3) anuncia recompra de at\u00e9 4,4 milh\u00f5es de a\u00e7\u00f5es"}]},{"@type":"WebSite","@id":"https:\/\/www.suno.com.br\/noticias\/#website","url":"https:\/\/www.suno.com.br\/noticias\/","name":"Suno Not\u00edcias","description":"Seu portal de informa\u00e7\u00e3o sobre o mundo dos investimentos","publisher":{"@id":"https:\/\/www.suno.com.br\/noticias\/#organization"},"potentialAction":[{"@type":"SearchAction","target":{"@type":"EntryPoint","urlTemplate":"https:\/\/www.suno.com.br\/noticias\/?s={search_term_string}"},"query-input":{"@type":"PropertyValueSpecification","valueRequired":true,"valueName":"search_term_string"}}],"inLanguage":"pt-BR"},{"@type":"Organization","@id":"https:\/\/www.suno.com.br\/noticias\/#organization","name":"Suno Not\u00edcias","url":"https:\/\/www.suno.com.br\/noticias\/","logo":{"@type":"ImageObject","inLanguage":"pt-BR","@id":"https:\/\/www.suno.com.br\/noticias\/#\/schema\/logo\/image\/","url":"https:\/\/files.sunoresearch.com.br\/n\/uploads\/2021\/09\/suno-logo.png","contentUrl":"https:\/\/files.sunoresearch.com.br\/n\/uploads\/2021\/09\/suno-logo.png","width":180,"height":180,"caption":"Suno Not\u00edcias"},"image":{"@id":"https:\/\/www.suno.com.br\/noticias\/#\/schema\/logo\/image\/"},"sameAs":["https:\/\/facebook.com\/sunoresearch","https:\/\/x.com\/sunoresearch","https:\/\/www.instagram.com\/suno","https:\/\/www.linkedin.com\/company\/suno-research\/","https:\/\/www.youtube.com\/c\/sunoresearch"]},{"@type":"Person","@id":"https:\/\/www.suno.com.br\/noticias\/#\/schema\/person\/02ec1f752758247878a2bf4abee1aeda","name":"Poliana Santos","image":{"@type":"ImageObject","inLanguage":"pt-BR","@id":"https:\/\/www.suno.com.br\/noticias\/#\/schema\/person\/image\/","url":"https:\/\/secure.gravatar.com\/avatar\/0645bd32f23d87b2130f2b2dff1d3f8d?s=96&r=g","contentUrl":"https:\/\/secure.gravatar.com\/avatar\/0645bd32f23d87b2130f2b2dff1d3f8d?s=96&r=g","caption":"Poliana Santos"},"description":"Rep\u00f3rter no Suno Not\u00edcias, com cobertura em mercado financeiro, economia, finan\u00e7as pessoais, renda fixa e varejo. Jornalista formada pela Faculdade C\u00e1sper L\u00edbero e possui passagem na R\u00e1dio Gazeta AM com a produ\u00e7\u00e3o de conte\u00fado sobre economia, pol\u00edtica, sa\u00fade, moda e m\u00fasica. Possui certificado de conclus\u00e3o do curso de An\u00e1lise de Balan\u00e7os pela Funda\u00e7\u00e3o Bradesco, Agenda Brasil pela FAAP, Educa\u00e7\u00e3o Pol\u00edtica por Alexandre Garcia e do Tesouro Direto e Mercado de A\u00e7\u00f5es pela B3.","url":"https:\/\/www.suno.com.br\/noticias\/author\/poliana-santos\/"}]}},"default_loop_html":"<div class=\"cardsPage__listCard__boxs\"><div class=\"cardsPage__listCard__boxs__img\"><a href=\"https:\/\/www.suno.com.br\/noticias\/arezzo-arzz3-anuncia-recompra-de-ate-44-milhoes-de-acoes\/\"><img class=\"mask\" src=\"https:\/\/www.suno.com.br\/noticias\/wp-content\/themes\/suno\/resources\/images\/spotlight\/spotlight1img\/bg-mask.png\" alt=\"Image Mask\"\/><img src=\"https:\/\/files.sunoresearch.com.br\/n\/uploads\/2019\/10\/5b2399ba-arezzo--400x200.webp\" alt=\"Arezzo (ARZZ3) anuncia recompra de at\u00e9 4,4 milh\u00f5es de a\u00e7\u00f5es\"\/><\/a><span class=\"spotlightCategory\"><a href=\"https:\/\/www.suno.com.br\/noticias\/negocios\/\">Neg\u00f3cios<\/a><\/span><\/div><div class=\"cardsPage__listCard__boxs__content\"><a href=\"https:\/\/www.suno.com.br\/noticias\/arezzo-arzz3-anuncia-recompra-de-ate-44-milhoes-de-acoes\/\"><h2 class=\"content__title\">Arezzo (ARZZ3) anuncia recompra de at\u00e9 4,4 milh\u00f5es de a\u00e7\u00f5es<\/h2><\/a><div class=\"newsContent__article__meta\"><div class=\"newsContent__article__meta__authorBox\"><a href=\"https:\/\/www.suno.com.br\/noticias\/author\/poliana-santos\/\" class=\"authorBox__avatar noMobi\"><img src=\"https:\/\/files.sunoresearch.com.br\/n\/uploads\/2020\/08\/7ef34026-whatsapp-image-2020-08-03-at-12.37.57-150x150.webp\" alt=\"Poliana Santos\"><\/a><div class=\"authorBox__name\"><span>por\n\t\t\t<a href=\"https:\/\/www.suno.com.br\/noticias\/author\/poliana-santos\/\"><span itemprop=\"author\">Poliana Santos<\/span><\/a><\/span><time datetime=\"2020-03-31T12:27:50-03:00\" itemprop=\"datePublished\">31\/03\/2020 12:27<\/time><\/div><\/div><\/div><\/div><\/div>","single_layout":"posts","amp_enabled":true,"_links":{"self":[{"href":"https:\/\/www.suno.com.br\/noticias\/wp-json\/wp\/v2\/posts\/59655"}],"collection":[{"href":"https:\/\/www.suno.com.br\/noticias\/wp-json\/wp\/v2\/posts"}],"about":[{"href":"https:\/\/www.suno.com.br\/noticias\/wp-json\/wp\/v2\/types\/post"}],"author":[{"embeddable":true,"href":"https:\/\/www.suno.com.br\/noticias\/wp-json\/wp\/v2\/users\/15"}],"replies":[{"embeddable":true,"href":"https:\/\/www.suno.com.br\/noticias\/wp-json\/wp\/v2\/comments?post=59655"}],"version-history":[{"count":0,"href":"https:\/\/www.suno.com.br\/noticias\/wp-json\/wp\/v2\/posts\/59655\/revisions"}],"wp:featuredmedia":[{"embeddable":true,"href":"https:\/\/www.suno.com.br\/noticias\/wp-json\/wp\/v2\/media\/39635"}],"wp:attachment":[{"href":"https:\/\/www.suno.com.br\/noticias\/wp-json\/wp\/v2\/media?parent=59655"}],"wp:term":[{"taxonomy":"category","embeddable":true,"href":"https:\/\/www.suno.com.br\/noticias\/wp-json\/wp\/v2\/categories?post=59655"},{"taxonomy":"post_tag","embeddable":true,"href":"https:\/\/www.suno.com.br\/noticias\/wp-json\/wp\/v2\/tags?post=59655"},{"taxonomy":"suno_strategy","embeddable":true,"href":"https:\/\/www.suno.com.br\/noticias\/wp-json\/wp\/v2\/suno_strategy?post=59655"}],"curies":[{"name":"wp","href":"https:\/\/api.w.org\/{rel}","templated":true}]}}