{"id":59572,"date":"2020-03-30T19:58:56","date_gmt":"2020-03-30T22:58:56","guid":{"rendered":"https:\/\/www.suno.com.br\/noticias\/?p=59572"},"modified":"2020-03-31T09:09:59","modified_gmt":"2020-03-31T12:09:59","slug":"eletrobras-elet6-coronavirus-atrasar-privatizacao-ceo","status":"publish","type":"post","link":"https:\/\/www.suno.com.br\/noticias\/eletrobras-elet6-coronavirus-atrasar-privatizacao-ceo\/","title":{"rendered":"Eletrobras (ELET6): Coronav\u00edrus deve atrasar privatiza\u00e7\u00e3o, diz CEO"},"content":{"rendered":"<p>O avan\u00e7o da pandemia do <a href=\"https:\/\/www.suno.com.br\/noticias\/coronavirus\/\">novo coronav\u00edrus (covid-19)<\/a> poder\u00e1 atrasar o projeto de <a href=\"https:\/\/www.suno.com.br\/artigos\/privatizacao\/\">privatiza\u00e7\u00e3o<\/a> da <a href=\"https:\/\/www.suno.com.br\/acoes\/elet6\/\"><strong>Eletrobras<\/strong> (ELET6)<\/a>. A informa\u00e7\u00e3o foi divulgada nesta segunda-feira (30) pelo presidente da estatal, Wilson Ferreira Jr.<\/p>\t<div class=\"wrapper-featured-image\">\n\t\t<figure class=\"spotlightImg\">\n\n\t\t\t<picture>\n\t\t\t\t<source media=\"(max-width: 768px)\" srcset=\"https:\/\/files.sunoresearch.com.br\/n\/uploads\/2018\/11\/376041e7-eletrobras-400x200.webp\">\n\t\t\t\t<img loading=\"lazy\" decoding=\"async\" class=\"newsContent__article__imgCapa lazyloadDisabled newsContent__article__imgCapa--noCaption\" src=\"https:\/\/files.sunoresearch.com.br\/n\/uploads\/2018\/11\/376041e7-eletrobras-800x450.webp\" width=\"800\" height=\"450\" alt=\"Eletrobras (ELET6): Coronav\u00edrus deve atrasar privatiza\u00e7\u00e3o, diz CEO\" fetchpriority=high \/>\n\t\t\t<\/picture>\n\n\t\t\t<figcaption class=\"wp-caption-text wp-caption-text--hide\">Coronav\u00edrus: setor el\u00e9trico pode sofrer impacto de at\u00e9 R$ 25 bi<\/figcaption>\n\t\t<\/figure>\n\t<\/div>\n\n\n\n<p>O executivo estimou que a <strong>privatiza\u00e7\u00e3o<\/strong>, prevista para esse ano, deve acontecer apenas em 2021.\u00a0 \u201cPor \u00f3bvio, o covid-19 prorroga isso por um tempo, \u00e9 natural. Entendemos que isso deve ficar um pouco mais para a frente\u201d, afirmou o presidente da Eletrobras.<\/p>\n<p>De acordo com Ferreira Jr., a pandemia trar\u00e1 uma s\u00e9rie de consequ\u00eancias para o setor de energia. Entre elas, a crise trar\u00e1 problemas de liquidez para os distribuidores de energia por conta da queda da demanda. Al\u00e9m disso, o executivo ressaltou que consumidores poder\u00e3o ter dificuldades para pagar suas contas, at\u00e9 mesmo por conta do fechamento das lot\u00e9ricas.<\/p>\n<p><a href=\"https:\/\/www.suno.com.br\/nossas-assinaturas\/suno-premium\/\">Saiba mais: Oportunidades \u00fanicas surgiram com a queda na bolsa! Aproveite e acesse agora nossos relat\u00f3rios para assinantes.<\/a><\/p>\n<p>Como forma de minimizar os impactos da crise, o presidente da estatal de energia afirmou que o governo poderia realizar empr\u00e9stimos para as distribuidoras de energia. Estas concess\u00f5es ocorreriam, segundo Ferreira Jr., por meio da C\u00e2mara de Comercializa\u00e7\u00e3o de Energia El\u00e9trica (CCEE).<\/p>\n<p>Contudo, o <a href=\"https:\/\/www.suno.com.br\/artigos\/ceo\/\">CEO<\/a> da <strong>Eletrobras<\/strong> destacou que o governo e as companhias de distribui\u00e7\u00e3o j\u00e1 est\u00e3o discutindo quais ser\u00e3o as melhores formas de conter as consequ\u00eancias da pandemia para o setor.<\/p>\n<p>O governo planejava receber R$ 16,2 bilh\u00f5es com a venda da sua parcela da estatal, como forma de aliviar as contas p\u00fablicas.<\/p>\n<h2>Resultados da Eletrobras em 2019<\/h2>\n<p>A Eletrobras informou na \u00faltima sexta-feira (27) que registrou uma queda de seu <a href=\"https:\/\/www.suno.com.br\/artigos\/lucro-liquido\/\"><strong>lucro l\u00edquido<\/strong><\/a> de 20% em 2019. O valor totalizou R$ 10,744 bilh\u00f5es no ano passado, contra os R$ 13,348 bilh\u00f5es obtidos em 2018.<\/p>\n<p><a href=\"https:\/\/www.suno.com.br\/noticias\/eletrobras-elet6-registra-lucro-queda-2019\/\">Saiba mais: Eletrobras (ELET6) registra lucro em queda de 20% em 2019<\/a><\/p>\n<p>Entre outubro e dezembro do ano passado o lucro da estatal de energia caiu ainda mais, de 77,3%. O montante obtido no \u00faltimo trimestre de 2019 foi de R$ 3,12 bilh\u00f5es, contra os R$ 13,752 bilh\u00f5es obtidos no mesmo per\u00edodo de 2018.<\/p>\n<p>Essa forte queda no resultado da <strong>Eletrobras<\/strong> foi influenciado pelos efeitos n\u00e3o recorrentes positivos registrados em 2018. Entre os quais a revers\u00e3o de impairment e contrato oneroso da Eletronuclear de R$ 7,2 bilh\u00f5es.<\/p>\n\n","protected":false},"excerpt":{"rendered":"<p>O avan\u00e7o da pandemia do novo coronav\u00edrus (covid-19) poder\u00e1 atrasar o projeto de privatiza\u00e7\u00e3o da Eletrobras (ELET6). A informa\u00e7\u00e3o foi divulgada nesta segunda-feira (30) pelo presidente da estatal, Wilson Ferreira Jr. Coronav\u00edrus: setor el\u00e9trico pode sofrer impacto de at\u00e9 R$ 25 bi O executivo estimou que a privatiza\u00e7\u00e3o, prevista para esse ano, deve acontecer apenas [&hellip;]<\/p>\n","protected":false},"author":18,"featured_media":6799,"comment_status":"closed","ping_status":"closed","sticky":false,"template":"","format":"standard","meta":[],"categories":[64],"tags":[2487,455,945],"suno_strategy":[],"class_list":["post-59572","post","type-post","status-publish","format-standard","has-post-thumbnail","hentry","category-negocios","tag-coronavirus","tag-eletrobras-elet3-elet5-elet6","tag-privatizacoes"],"yoast_head":"<!-- This site is optimized with the Yoast SEO plugin v24.4 - https:\/\/yoast.com\/wordpress\/plugins\/seo\/ -->\n<title>Eletrobras (ELET6): Coronav\u00edrus atrasar\u00e1 privatiza\u00e7\u00e3o, diz CEO<\/title>\n<meta name=\"description\" content=\"O avan\u00e7o da pandemia do novo coronav\u00edrus (covid-19) poder\u00e1 atrasar o projeto de privatiza\u00e7\u00e3o da Eletrobras (ELET6). Clique para saber mais.\" \/>\n<meta name=\"robots\" content=\"index, follow, max-snippet:-1, max-image-preview:large, max-video-preview:-1\" \/>\n<link rel=\"canonical\" href=\"https:\/\/www.suno.com.br\/noticias\/eletrobras-elet6-coronavirus-atrasar-privatizacao-ceo\/\" \/>\n<meta property=\"og:locale\" content=\"pt_BR\" \/>\n<meta property=\"og:type\" content=\"article\" \/>\n<meta property=\"og:title\" content=\"Eletrobras (ELET6): Coronav\u00edrus atrasar\u00e1 privatiza\u00e7\u00e3o, diz CEO\" \/>\n<meta property=\"og:description\" content=\"O avan\u00e7o da pandemia do novo coronav\u00edrus (covid-19) poder\u00e1 atrasar o projeto de privatiza\u00e7\u00e3o da Eletrobras (ELET6). Clique para saber mais.\" \/>\n<meta property=\"og:url\" content=\"https:\/\/www.suno.com.br\/noticias\/eletrobras-elet6-coronavirus-atrasar-privatizacao-ceo\/\" \/>\n<meta property=\"og:site_name\" content=\"Suno Not\u00edcias\" \/>\n<meta property=\"article:publisher\" content=\"https:\/\/facebook.com\/sunoresearch\" \/>\n<meta property=\"og:image\" content=\"https:\/\/files.sunoresearch.com.br\/n\/uploads\/2018\/11\/376041e7-eletrobras.jpg\" \/>\n\t<meta property=\"og:image:width\" content=\"1140\" \/>\n\t<meta property=\"og:image:height\" content=\"760\" \/>\n\t<meta property=\"og:image:type\" content=\"image\/jpeg\" \/>\n<meta name=\"author\" content=\"Giovanna Oliveira\" \/>\n<meta name=\"twitter:card\" content=\"summary_large_image\" \/>\n<meta name=\"twitter:creator\" content=\"@sunoresearch\" \/>\n<meta name=\"twitter:site\" content=\"@sunoresearch\" \/>\n<meta name=\"twitter:label1\" content=\"Escrito por\" \/>\n\t<meta name=\"twitter:data1\" content=\"Giovanna Oliveira\" \/>\n\t<meta name=\"twitter:label2\" content=\"Est. tempo de leitura\" \/>\n\t<meta name=\"twitter:data2\" content=\"2 minutos\" \/>\n<script type=\"application\/ld+json\" class=\"yoast-schema-graph\">{\"@context\":\"https:\/\/schema.org\",\"@graph\":[{\"@type\":\"NewsArticle\",\"@id\":\"https:\/\/www.suno.com.br\/noticias\/eletrobras-elet6-coronavirus-atrasar-privatizacao-ceo\/#article\",\"isPartOf\":{\"@id\":\"https:\/\/www.suno.com.br\/noticias\/eletrobras-elet6-coronavirus-atrasar-privatizacao-ceo\/\"},\"author\":{\"name\":\"Giovanna Oliveira\",\"@id\":\"https:\/\/www.suno.com.br\/noticias\/#\/schema\/person\/4e19e3d2575736e5283d58eb3199d120\"},\"headline\":\"Eletrobras (ELET6): Coronav\u00edrus deve atrasar privatiza\u00e7\u00e3o, diz CEO\",\"datePublished\":\"2020-03-30T22:58:56+00:00\",\"dateModified\":\"2020-03-31T12:09:59+00:00\",\"mainEntityOfPage\":{\"@id\":\"https:\/\/www.suno.com.br\/noticias\/eletrobras-elet6-coronavirus-atrasar-privatizacao-ceo\/\"},\"wordCount\":401,\"publisher\":{\"@id\":\"https:\/\/www.suno.com.br\/noticias\/#organization\"},\"image\":{\"@id\":\"https:\/\/www.suno.com.br\/noticias\/eletrobras-elet6-coronavirus-atrasar-privatizacao-ceo\/#primaryimage\"},\"thumbnailUrl\":\"https:\/\/files.sunoresearch.com.br\/n\/uploads\/2018\/11\/376041e7-eletrobras-jpg.webp\",\"keywords\":[\"coronav\u00edrus\",\"Eletrobras (ELET3\/ELET5\/ELET6)\",\"privatiza\u00e7\u00f5es\"],\"articleSection\":[\"Neg\u00f3cios\"],\"inLanguage\":\"pt-BR\"},{\"@type\":\"WebPage\",\"@id\":\"https:\/\/www.suno.com.br\/noticias\/eletrobras-elet6-coronavirus-atrasar-privatizacao-ceo\/\",\"url\":\"https:\/\/www.suno.com.br\/noticias\/eletrobras-elet6-coronavirus-atrasar-privatizacao-ceo\/\",\"name\":\"Eletrobras (ELET6): Coronav\u00edrus atrasar\u00e1 privatiza\u00e7\u00e3o, diz CEO\",\"isPartOf\":{\"@id\":\"https:\/\/www.suno.com.br\/noticias\/#website\"},\"primaryImageOfPage\":{\"@id\":\"https:\/\/www.suno.com.br\/noticias\/eletrobras-elet6-coronavirus-atrasar-privatizacao-ceo\/#primaryimage\"},\"image\":{\"@id\":\"https:\/\/www.suno.com.br\/noticias\/eletrobras-elet6-coronavirus-atrasar-privatizacao-ceo\/#primaryimage\"},\"thumbnailUrl\":\"https:\/\/files.sunoresearch.com.br\/n\/uploads\/2018\/11\/376041e7-eletrobras-jpg.webp\",\"datePublished\":\"2020-03-30T22:58:56+00:00\",\"dateModified\":\"2020-03-31T12:09:59+00:00\",\"description\":\"O avan\u00e7o da pandemia do novo coronav\u00edrus (covid-19) poder\u00e1 atrasar o projeto de privatiza\u00e7\u00e3o da Eletrobras (ELET6). Clique para saber mais.\",\"breadcrumb\":{\"@id\":\"https:\/\/www.suno.com.br\/noticias\/eletrobras-elet6-coronavirus-atrasar-privatizacao-ceo\/#breadcrumb\"},\"inLanguage\":\"pt-BR\",\"potentialAction\":[{\"@type\":\"ReadAction\",\"target\":[\"https:\/\/www.suno.com.br\/noticias\/eletrobras-elet6-coronavirus-atrasar-privatizacao-ceo\/\"]}]},{\"@type\":\"ImageObject\",\"inLanguage\":\"pt-BR\",\"@id\":\"https:\/\/www.suno.com.br\/noticias\/eletrobras-elet6-coronavirus-atrasar-privatizacao-ceo\/#primaryimage\",\"url\":\"https:\/\/files.sunoresearch.com.br\/n\/uploads\/2018\/11\/376041e7-eletrobras-jpg.webp\",\"contentUrl\":\"https:\/\/files.sunoresearch.com.br\/n\/uploads\/2018\/11\/376041e7-eletrobras-jpg.webp\",\"width\":1140,\"height\":760,\"caption\":\"Coronav\u00edrus: setor el\u00e9trico pode sofrer impacto de at\u00e9 R$ 25 bi\"},{\"@type\":\"BreadcrumbList\",\"@id\":\"https:\/\/www.suno.com.br\/noticias\/eletrobras-elet6-coronavirus-atrasar-privatizacao-ceo\/#breadcrumb\",\"itemListElement\":[{\"@type\":\"ListItem\",\"position\":1,\"name\":\"Not\u00edcias\",\"item\":\"https:\/\/www.suno.com.br\/noticias\/\"},{\"@type\":\"ListItem\",\"position\":2,\"name\":\"Neg\u00f3cios\",\"item\":\"https:\/\/www.suno.com.br\/noticias\/negocios\/\"},{\"@type\":\"ListItem\",\"position\":3,\"name\":\"Eletrobras (ELET6): Coronav\u00edrus deve atrasar privatiza\u00e7\u00e3o, diz CEO\"}]},{\"@type\":\"WebSite\",\"@id\":\"https:\/\/www.suno.com.br\/noticias\/#website\",\"url\":\"https:\/\/www.suno.com.br\/noticias\/\",\"name\":\"Suno Not\u00edcias\",\"description\":\"Seu portal de informa\u00e7\u00e3o sobre o mundo dos investimentos\",\"publisher\":{\"@id\":\"https:\/\/www.suno.com.br\/noticias\/#organization\"},\"potentialAction\":[{\"@type\":\"SearchAction\",\"target\":{\"@type\":\"EntryPoint\",\"urlTemplate\":\"https:\/\/www.suno.com.br\/noticias\/?s={search_term_string}\"},\"query-input\":{\"@type\":\"PropertyValueSpecification\",\"valueRequired\":true,\"valueName\":\"search_term_string\"}}],\"inLanguage\":\"pt-BR\"},{\"@type\":\"Organization\",\"@id\":\"https:\/\/www.suno.com.br\/noticias\/#organization\",\"name\":\"Suno Not\u00edcias\",\"url\":\"https:\/\/www.suno.com.br\/noticias\/\",\"logo\":{\"@type\":\"ImageObject\",\"inLanguage\":\"pt-BR\",\"@id\":\"https:\/\/www.suno.com.br\/noticias\/#\/schema\/logo\/image\/\",\"url\":\"https:\/\/files.sunoresearch.com.br\/n\/uploads\/2021\/09\/suno-logo.png\",\"contentUrl\":\"https:\/\/files.sunoresearch.com.br\/n\/uploads\/2021\/09\/suno-logo.png\",\"width\":180,\"height\":180,\"caption\":\"Suno Not\u00edcias\"},\"image\":{\"@id\":\"https:\/\/www.suno.com.br\/noticias\/#\/schema\/logo\/image\/\"},\"sameAs\":[\"https:\/\/facebook.com\/sunoresearch\",\"https:\/\/x.com\/sunoresearch\",\"https:\/\/www.instagram.com\/suno\",\"https:\/\/www.linkedin.com\/company\/suno-research\/\",\"https:\/\/www.youtube.com\/c\/sunoresearch\"]},{\"@type\":\"Person\",\"@id\":\"https:\/\/www.suno.com.br\/noticias\/#\/schema\/person\/4e19e3d2575736e5283d58eb3199d120\",\"name\":\"Giovanna Oliveira\",\"image\":{\"@type\":\"ImageObject\",\"inLanguage\":\"pt-BR\",\"@id\":\"https:\/\/www.suno.com.br\/noticias\/#\/schema\/person\/image\/\",\"url\":\"https:\/\/secure.gravatar.com\/avatar\/9a37b3ae208962ac568992d0ffdbc2eb?s=96&r=g\",\"contentUrl\":\"https:\/\/secure.gravatar.com\/avatar\/9a37b3ae208962ac568992d0ffdbc2eb?s=96&r=g\",\"caption\":\"Giovanna Oliveira\"},\"description\":\"Giovanna Oliveira escreve sobre economia e pol\u00edtica. Foi rep\u00f3rter do portal de jornalismo da ESPM-SP e produziu conte\u00fado para a Corinthians TV. \u00c9 estudante da ESPM.\",\"url\":\"https:\/\/www.suno.com.br\/noticias\/author\/giovanna\/\"}]}<\/script>\n<!-- \/ Yoast SEO plugin. -->","yoast_head_json":{"title":"Eletrobras (ELET6): Coronav\u00edrus atrasar\u00e1 privatiza\u00e7\u00e3o, diz CEO","description":"O avan\u00e7o da pandemia do novo coronav\u00edrus (covid-19) poder\u00e1 atrasar o projeto de privatiza\u00e7\u00e3o da Eletrobras (ELET6). Clique para saber mais.","robots":{"index":"index","follow":"follow","max-snippet":"max-snippet:-1","max-image-preview":"max-image-preview:large","max-video-preview":"max-video-preview:-1"},"canonical":"https:\/\/www.suno.com.br\/noticias\/eletrobras-elet6-coronavirus-atrasar-privatizacao-ceo\/","og_locale":"pt_BR","og_type":"article","og_title":"Eletrobras (ELET6): Coronav\u00edrus atrasar\u00e1 privatiza\u00e7\u00e3o, diz CEO","og_description":"O avan\u00e7o da pandemia do novo coronav\u00edrus (covid-19) poder\u00e1 atrasar o projeto de privatiza\u00e7\u00e3o da Eletrobras (ELET6). Clique para saber mais.","og_url":"https:\/\/www.suno.com.br\/noticias\/eletrobras-elet6-coronavirus-atrasar-privatizacao-ceo\/","og_site_name":"Suno Not\u00edcias","article_publisher":"https:\/\/facebook.com\/sunoresearch","og_image":[{"width":1140,"height":760,"url":"https:\/\/files.sunoresearch.com.br\/n\/uploads\/2018\/11\/376041e7-eletrobras.jpg","type":"image\/jpeg"}],"author":"Giovanna Oliveira","twitter_card":"summary_large_image","twitter_creator":"@sunoresearch","twitter_site":"@sunoresearch","twitter_misc":{"Escrito por":"Giovanna Oliveira","Est. tempo de leitura":"2 minutos"},"schema":{"@context":"https:\/\/schema.org","@graph":[{"@type":"NewsArticle","@id":"https:\/\/www.suno.com.br\/noticias\/eletrobras-elet6-coronavirus-atrasar-privatizacao-ceo\/#article","isPartOf":{"@id":"https:\/\/www.suno.com.br\/noticias\/eletrobras-elet6-coronavirus-atrasar-privatizacao-ceo\/"},"author":{"name":"Giovanna Oliveira","@id":"https:\/\/www.suno.com.br\/noticias\/#\/schema\/person\/4e19e3d2575736e5283d58eb3199d120"},"headline":"Eletrobras (ELET6): Coronav\u00edrus deve atrasar privatiza\u00e7\u00e3o, diz CEO","datePublished":"2020-03-30T22:58:56+00:00","dateModified":"2020-03-31T12:09:59+00:00","mainEntityOfPage":{"@id":"https:\/\/www.suno.com.br\/noticias\/eletrobras-elet6-coronavirus-atrasar-privatizacao-ceo\/"},"wordCount":401,"publisher":{"@id":"https:\/\/www.suno.com.br\/noticias\/#organization"},"image":{"@id":"https:\/\/www.suno.com.br\/noticias\/eletrobras-elet6-coronavirus-atrasar-privatizacao-ceo\/#primaryimage"},"thumbnailUrl":"https:\/\/files.sunoresearch.com.br\/n\/uploads\/2018\/11\/376041e7-eletrobras-jpg.webp","keywords":["coronav\u00edrus","Eletrobras (ELET3\/ELET5\/ELET6)","privatiza\u00e7\u00f5es"],"articleSection":["Neg\u00f3cios"],"inLanguage":"pt-BR"},{"@type":"WebPage","@id":"https:\/\/www.suno.com.br\/noticias\/eletrobras-elet6-coronavirus-atrasar-privatizacao-ceo\/","url":"https:\/\/www.suno.com.br\/noticias\/eletrobras-elet6-coronavirus-atrasar-privatizacao-ceo\/","name":"Eletrobras (ELET6): Coronav\u00edrus atrasar\u00e1 privatiza\u00e7\u00e3o, diz CEO","isPartOf":{"@id":"https:\/\/www.suno.com.br\/noticias\/#website"},"primaryImageOfPage":{"@id":"https:\/\/www.suno.com.br\/noticias\/eletrobras-elet6-coronavirus-atrasar-privatizacao-ceo\/#primaryimage"},"image":{"@id":"https:\/\/www.suno.com.br\/noticias\/eletrobras-elet6-coronavirus-atrasar-privatizacao-ceo\/#primaryimage"},"thumbnailUrl":"https:\/\/files.sunoresearch.com.br\/n\/uploads\/2018\/11\/376041e7-eletrobras-jpg.webp","datePublished":"2020-03-30T22:58:56+00:00","dateModified":"2020-03-31T12:09:59+00:00","description":"O avan\u00e7o da pandemia do novo coronav\u00edrus (covid-19) poder\u00e1 atrasar o projeto de privatiza\u00e7\u00e3o da Eletrobras (ELET6). Clique para saber mais.","breadcrumb":{"@id":"https:\/\/www.suno.com.br\/noticias\/eletrobras-elet6-coronavirus-atrasar-privatizacao-ceo\/#breadcrumb"},"inLanguage":"pt-BR","potentialAction":[{"@type":"ReadAction","target":["https:\/\/www.suno.com.br\/noticias\/eletrobras-elet6-coronavirus-atrasar-privatizacao-ceo\/"]}]},{"@type":"ImageObject","inLanguage":"pt-BR","@id":"https:\/\/www.suno.com.br\/noticias\/eletrobras-elet6-coronavirus-atrasar-privatizacao-ceo\/#primaryimage","url":"https:\/\/files.sunoresearch.com.br\/n\/uploads\/2018\/11\/376041e7-eletrobras-jpg.webp","contentUrl":"https:\/\/files.sunoresearch.com.br\/n\/uploads\/2018\/11\/376041e7-eletrobras-jpg.webp","width":1140,"height":760,"caption":"Coronav\u00edrus: setor el\u00e9trico pode sofrer impacto de at\u00e9 R$ 25 bi"},{"@type":"BreadcrumbList","@id":"https:\/\/www.suno.com.br\/noticias\/eletrobras-elet6-coronavirus-atrasar-privatizacao-ceo\/#breadcrumb","itemListElement":[{"@type":"ListItem","position":1,"name":"Not\u00edcias","item":"https:\/\/www.suno.com.br\/noticias\/"},{"@type":"ListItem","position":2,"name":"Neg\u00f3cios","item":"https:\/\/www.suno.com.br\/noticias\/negocios\/"},{"@type":"ListItem","position":3,"name":"Eletrobras (ELET6): Coronav\u00edrus deve atrasar privatiza\u00e7\u00e3o, diz CEO"}]},{"@type":"WebSite","@id":"https:\/\/www.suno.com.br\/noticias\/#website","url":"https:\/\/www.suno.com.br\/noticias\/","name":"Suno Not\u00edcias","description":"Seu portal de informa\u00e7\u00e3o sobre o mundo dos investimentos","publisher":{"@id":"https:\/\/www.suno.com.br\/noticias\/#organization"},"potentialAction":[{"@type":"SearchAction","target":{"@type":"EntryPoint","urlTemplate":"https:\/\/www.suno.com.br\/noticias\/?s={search_term_string}"},"query-input":{"@type":"PropertyValueSpecification","valueRequired":true,"valueName":"search_term_string"}}],"inLanguage":"pt-BR"},{"@type":"Organization","@id":"https:\/\/www.suno.com.br\/noticias\/#organization","name":"Suno Not\u00edcias","url":"https:\/\/www.suno.com.br\/noticias\/","logo":{"@type":"ImageObject","inLanguage":"pt-BR","@id":"https:\/\/www.suno.com.br\/noticias\/#\/schema\/logo\/image\/","url":"https:\/\/files.sunoresearch.com.br\/n\/uploads\/2021\/09\/suno-logo.png","contentUrl":"https:\/\/files.sunoresearch.com.br\/n\/uploads\/2021\/09\/suno-logo.png","width":180,"height":180,"caption":"Suno Not\u00edcias"},"image":{"@id":"https:\/\/www.suno.com.br\/noticias\/#\/schema\/logo\/image\/"},"sameAs":["https:\/\/facebook.com\/sunoresearch","https:\/\/x.com\/sunoresearch","https:\/\/www.instagram.com\/suno","https:\/\/www.linkedin.com\/company\/suno-research\/","https:\/\/www.youtube.com\/c\/sunoresearch"]},{"@type":"Person","@id":"https:\/\/www.suno.com.br\/noticias\/#\/schema\/person\/4e19e3d2575736e5283d58eb3199d120","name":"Giovanna Oliveira","image":{"@type":"ImageObject","inLanguage":"pt-BR","@id":"https:\/\/www.suno.com.br\/noticias\/#\/schema\/person\/image\/","url":"https:\/\/secure.gravatar.com\/avatar\/9a37b3ae208962ac568992d0ffdbc2eb?s=96&r=g","contentUrl":"https:\/\/secure.gravatar.com\/avatar\/9a37b3ae208962ac568992d0ffdbc2eb?s=96&r=g","caption":"Giovanna Oliveira"},"description":"Giovanna Oliveira escreve sobre economia e pol\u00edtica. Foi rep\u00f3rter do portal de jornalismo da ESPM-SP e produziu conte\u00fado para a Corinthians TV. \u00c9 estudante da ESPM.","url":"https:\/\/www.suno.com.br\/noticias\/author\/giovanna\/"}]}},"default_loop_html":"<div class=\"cardsPage__listCard__boxs\"><div class=\"cardsPage__listCard__boxs__img\"><a href=\"https:\/\/www.suno.com.br\/noticias\/eletrobras-elet6-coronavirus-atrasar-privatizacao-ceo\/\"><img class=\"mask\" src=\"https:\/\/www.suno.com.br\/noticias\/wp-content\/themes\/suno\/resources\/images\/spotlight\/spotlight1img\/bg-mask.png\" alt=\"Image Mask\"\/><img src=\"https:\/\/files.sunoresearch.com.br\/n\/uploads\/2018\/11\/376041e7-eletrobras-400x200.webp\" alt=\"Eletrobras (ELET6): Coronav\u00edrus deve atrasar privatiza\u00e7\u00e3o, diz CEO\"\/><\/a><span class=\"spotlightCategory\"><a href=\"https:\/\/www.suno.com.br\/noticias\/negocios\/\">Neg\u00f3cios<\/a><\/span><\/div><div class=\"cardsPage__listCard__boxs__content\"><a href=\"https:\/\/www.suno.com.br\/noticias\/eletrobras-elet6-coronavirus-atrasar-privatizacao-ceo\/\"><h2 class=\"content__title\">Eletrobras (ELET6): Coronav\u00edrus deve atrasar privatiza\u00e7\u00e3o, diz CEO<\/h2><\/a><div class=\"newsContent__article__meta\"><div class=\"newsContent__article__meta__authorBox\"><a href=\"https:\/\/www.suno.com.br\/noticias\/author\/giovanna\/\" class=\"authorBox__avatar noMobi\"><img src=\"https:\/\/files.sunoresearch.com.br\/n\/uploads\/2019\/06\/952a89ca-screenshot_20190608-171507-150x150.webp\" alt=\"Giovanna Oliveira\"><\/a><div class=\"authorBox__name\"><span>por\n\t\t\t<a href=\"https:\/\/www.suno.com.br\/noticias\/author\/giovanna\/\"><span itemprop=\"author\">Giovanna Oliveira<\/span><\/a><\/span><time datetime=\"2020-03-30T19:58:56-03:00\" itemprop=\"datePublished\">30\/03\/2020 19:58<\/time><\/div><\/div><\/div><\/div><\/div>","single_layout":"posts","amp_enabled":true,"_links":{"self":[{"href":"https:\/\/www.suno.com.br\/noticias\/wp-json\/wp\/v2\/posts\/59572"}],"collection":[{"href":"https:\/\/www.suno.com.br\/noticias\/wp-json\/wp\/v2\/posts"}],"about":[{"href":"https:\/\/www.suno.com.br\/noticias\/wp-json\/wp\/v2\/types\/post"}],"author":[{"embeddable":true,"href":"https:\/\/www.suno.com.br\/noticias\/wp-json\/wp\/v2\/users\/18"}],"replies":[{"embeddable":true,"href":"https:\/\/www.suno.com.br\/noticias\/wp-json\/wp\/v2\/comments?post=59572"}],"version-history":[{"count":0,"href":"https:\/\/www.suno.com.br\/noticias\/wp-json\/wp\/v2\/posts\/59572\/revisions"}],"wp:featuredmedia":[{"embeddable":true,"href":"https:\/\/www.suno.com.br\/noticias\/wp-json\/wp\/v2\/media\/6799"}],"wp:attachment":[{"href":"https:\/\/www.suno.com.br\/noticias\/wp-json\/wp\/v2\/media?parent=59572"}],"wp:term":[{"taxonomy":"category","embeddable":true,"href":"https:\/\/www.suno.com.br\/noticias\/wp-json\/wp\/v2\/categories?post=59572"},{"taxonomy":"post_tag","embeddable":true,"href":"https:\/\/www.suno.com.br\/noticias\/wp-json\/wp\/v2\/tags?post=59572"},{"taxonomy":"suno_strategy","embeddable":true,"href":"https:\/\/www.suno.com.br\/noticias\/wp-json\/wp\/v2\/suno_strategy?post=59572"}],"curies":[{"name":"wp","href":"https:\/\/api.w.org\/{rel}","templated":true}]}}