{"id":595712,"date":"2025-02-20T14:30:26","date_gmt":"2025-02-20T17:30:26","guid":{"rendered":"https:\/\/www.suno.com.br\/noticias\/?p=595712"},"modified":"2025-02-20T14:30:29","modified_gmt":"2025-02-20T17:30:29","slug":"acoes-que-mais-se-valorizaram-gss-anv25","status":"publish","type":"post","link":"https:\/\/www.suno.com.br\/noticias\/acoes-que-mais-se-valorizaram-gss-anv25\/","title":{"rendered":"Confira as a\u00e7\u00f5es que mais se valorizaram nos \u00faltimos 8 anos"},"content":{"rendered":"<p>Em 2024, a <a class=\"suno-keyword\" data-force=\"yes\" data-priority=\"2\" href=\"https:\/\/www.suno.com.br\/analitica\/acoes\/EMBR3\/\" target=\"_blank\" rel=\"noopener\">Embraer (EMBR3)<\/a> foi o grande destaque no Ibovespa, com alta de mais de 150% ao longo do ano. Mas em uma janela de oito anos, voc\u00ea sabe quais foram as <strong>a\u00e7\u00f5es que mais se valorizaram<\/strong>?<\/p>\t<div class=\"wrapper-featured-image\">\n\t\t<figure class=\"spotlightImg\">\n\n\t\t\t<picture>\n\t\t\t\t<source media=\"(max-width: 768px)\" srcset=\"https:\/\/files.sunoresearch.com.br\/n\/uploads\/2024\/03\/iStock-1185440668-400x200.jpg\">\n\t\t\t\t<img loading=\"lazy\" decoding=\"async\" class=\"newsContent__article__imgCapa lazyloadDisabled \" src=\"https:\/\/files.sunoresearch.com.br\/n\/uploads\/2024\/03\/iStock-1185440668-800x450.jpg\" width=\"800\" height=\"450\" alt=\"Confira as a\u00e7\u00f5es que mais se valorizaram nos \u00faltimos 8 anos\" fetchpriority=high \/>\n\t\t\t<\/picture>\n\n\t\t\t<figcaption class=\"wp-caption-text wp-caption-text--show\">ETFs. Foto: iStock.<\/figcaption>\n\t\t<\/figure>\n\t<\/div>\n\n\n\n\n\n\n\n\t<p>\n\t\t<a href=\"https:\/\/lp.suno.com.br\/planilha-da-vida-financeira\/\" target=\"_blank\" data-element=\"shortcode-suno-banner\" title=\"Banner SUNO, clique e saiba mais\">\n\t\t\t<picture>\n\t\t\t\t<source media=\"(max-width: 500px)\" srcset=\"https:\/\/files.sunoresearch.com.br\/n\/uploads\/2023\/04\/400x300-Planilha-vida-financeira-true.png\">\n\t\t\t\t<img class=\"newsContent__article__imgCapa newsContent__article__imgCapa--banner\"\n\t\t\t\t\tsrc=\"https:\/\/files.sunoresearch.com.br\/n\/uploads\/2023\/04\/1420x240-Planilha-vida-financeira-true.png\"\n\t\t\t\t\tdata-promo-id=\"106682\"\t\t\t\t\t\t\t\t\t\twidth='1420' height='240'\t\t\t\t\talt=\"https:\/\/files.sunoresearch.com.br\/n\/uploads\/2023\/04\/1420x240-Planilha-vida-financeira-true.png\"\n\t\t\t\t>\n\t\t\t<\/picture>\n\t\t<\/a>\n\t<\/p>\n\n\n\n\n\n<p>No dia 07 de fevereiro de 2017, o <strong>\u00edndice Bovespa<\/strong> fechou em alta de 0,32%, aos 64.199 pontos. J\u00e1 em 07 de fevereiro de 2025, oito anos depois, houve queda de 1,27%, aos 124.619 pontos.<\/p>\n\n\n\n<p>Isso significa que, em oito anos, o<strong> Ibovespa<\/strong> avan\u00e7ou 94,1%, apresentando uma diferen\u00e7a de 60.420 pontos.<\/p>\n\n\n\n<p>Nesse per\u00edodo, a lista de <strong>a\u00e7\u00f5es que mais subiram<\/strong> conta com um papel que multiplicou o seu valor em 68 vezes.<\/p>\n\n\n\n<p>Confira a seguir a lista de <strong>a\u00e7\u00f5es que tiveram mais retorno<\/strong> nos \u00faltimos oito anos:<\/p>\n\n\n\t<p>\n\t\t<a href=\"https:\/\/lp.suno.com.br\/ebook-como-analisar-uma-acao\/\" target=\"_blank\" data-element=\"shortcode-suno-banner\" title=\"Banner SUNO, clique e saiba mais\">\n\t\t\t<picture>\n\t\t\t\t<source media=\"(max-width: 500px)\" srcset=\"https:\/\/files.sunoresearch.com.br\/n\/uploads\/2023\/03\/Ebook-Acoes-Mobile.jpg\">\n\t\t\t\t<img class=\"newsContent__article__imgCapa newsContent__article__imgCapa--banner\"\n\t\t\t\t\tsrc=\"https:\/\/files.sunoresearch.com.br\/n\/uploads\/2023\/03\/Ebook-Acoes-Desktop.jpg\"\n\t\t\t\t\tdata-promo-id=\"378302\"\t\t\t\t\t\t\t\t\t\twidth='1420' height='286'\t\t\t\t\talt=\"https:\/\/files.sunoresearch.com.br\/n\/uploads\/2023\/03\/Ebook-Acoes-Desktop.jpg\"\n\t\t\t\t>\n\t\t\t<\/picture>\n\t\t<\/a>\n\t<\/p>\n\n\n\n\n\n<figure class=\"wp-block-table\"><table><thead><tr><th>Nome<\/th><th>Classe<\/th><th>C\u00f3digo<\/th><th>Retorno do fechamento em 8 anos (Ajustado por proventos)<\/th><th>Multiplicou por quantas vezes?<\/th><\/tr><\/thead><tbody><tr><td>PetroRio<\/td><td>ON<\/td><td>PRIO3<\/td><td>6.770,44<\/td><td>68,7<\/td><\/tr><tr><td>Mercantil<\/td><td>PN<\/td><td>BMEB4<\/td><td>2.927,39<\/td><td>30,3<\/td><\/tr><tr><td>Unipar<\/td><td>PNB<\/td><td>UNIP6<\/td><td>2.826,23<\/td><td>29,3<\/td><\/tr><tr><td>Unipar<\/td><td>PNA<\/td><td>UNIP5<\/td><td>2.471,53<\/td><td>25,7<\/td><\/tr><tr><td>Unipar<\/td><td>ON<\/td><td>UNIP3<\/td><td>2.328,85<\/td><td>24,3<\/td><\/tr><tr><td>Nutriplant<\/td><td>ON<\/td><td>NUTR3<\/td><td>2.242,12<\/td><td>23,4<\/td><\/tr><tr><td>Mercantil<\/td><td>ON<\/td><td>BMEB3<\/td><td>1.597,15<\/td><td>17,0<\/td><\/tr><tr><td>Wlm Ind Com<\/td><td>PN<\/td><td>WLMM4<\/td><td>1.280,11<\/td><td>13,8<\/td><\/tr><tr><td>Ceb<\/td><td>PNB<\/td><td>CEBR6<\/td><td>1.161,29<\/td><td>12,6<\/td><\/tr><tr><td>Ceb<\/td><td>ON<\/td><td>CEBR3<\/td><td>1.025,45<\/td><td>11,3<\/td><\/tr><tr><td>Weg<\/td><td>ON<\/td><td>WEGE3<\/td><td>879,76<\/td><td>9,8<\/td><\/tr><tr><td>Cristal<\/td><td>PNA<\/td><td>CRPG5<\/td><td>865,09<\/td><td>9,7<\/td><\/tr><tr><td>Excelsior<\/td><td>PN<\/td><td>BAUH4<\/td><td>849,91<\/td><td>9,5<\/td><\/tr><tr><td>Santos Brp<\/td><td>ON<\/td><td>STBP3<\/td><td>827,24<\/td><td>9,3<\/td><\/tr><tr><td>Schulz<\/td><td>PN<\/td><td>SHUL4<\/td><td>800,92<\/td><td>9,0<\/td><\/tr><tr><td>Petrobras<\/td><td>PN<\/td><td>PETR4<\/td><td>790,11<\/td><td>8,9<\/td><\/tr><tr><td>Energisa Mt<\/td><td>ON<\/td><td>ENMT3<\/td><td>775,32<\/td><td>8,8<\/td><\/tr><tr><td>Dexxos Par<\/td><td>ON<\/td><td>DEXP3<\/td><td>750,93<\/td><td>8,5<\/td><\/tr><tr><td>Direcional<\/td><td>ON<\/td><td>DIRR3<\/td><td>731,03<\/td><td>8,3<\/td><\/tr><tr><td>Ferbasa<\/td><td>ON<\/td><td>FESA3<\/td><td>694,76<\/td><td>7,9<\/td><\/tr><tr><td>Petrobras<\/td><td>ON<\/td><td>PETR3<\/td><td>693,92<\/td><td>7,9<\/td><\/tr><tr><td>SLC Agr\u00edcola<\/td><td>ON<\/td><td>SLCE3<\/td><td>693,61<\/td><td>7,9<\/td><\/tr><tr><td>Celesc<\/td><td>PN<\/td><td>CLSC4<\/td><td>657,67<\/td><td>7,6<\/td><\/tr><tr><td>Minupar<\/td><td>ON<\/td><td>MNPR3<\/td><td>656,99<\/td><td>7,6<\/td><\/tr><tr><td>Vulcabr\u00e1s<\/td><td>ON<\/td><td>VULC3<\/td><td>643,48<\/td><td>7,4<\/td><\/tr><\/tbody><\/table><\/figure>\n\n\n\n<p>Portanto, mesmo com as diferentes crises pelas quais o Brasil passou nos \u00faltimos oito anos, quem investiu nas empresas certas nesse per\u00edodo conseguiu lucrar bastante.<\/p>\n\n\n\n<p>Quem age por medo, perde dinheiro. Quem age com estrat\u00e9gia, cresce. A crise n\u00e3o perdoa decis\u00f5es impulsivas. A diferen\u00e7a entre quem prospera e quem perde est\u00e1 no conhecimento. <\/p>\n\n\n\n<p>No dia 11\/03, \u00e0s 19h, <a href=\"https:\/\/lp.suno.com.br\/cl\/aniversario-suno-8-anos\/?utm_campaign=_SNC6F58BBB3_\">descubra como tomar as decis\u00f5es certas e multiplicar seu patrim\u00f4nio com intelig\u00eancia.<\/a><\/p>\n\n\n\t<p>\n\t\t<a href=\"https:\/\/lp.suno.com.br\/planilha-da-vida-financeira\/\" target=\"_blank\" data-element=\"shortcode-suno-banner\" title=\"Banner SUNO, clique e saiba mais\">\n\t\t\t<picture>\n\t\t\t\t<source media=\"(max-width: 500px)\" srcset=\"https:\/\/files.sunoresearch.com.br\/n\/uploads\/2023\/04\/400x300-Planilha-vida-financeira-true.png\">\n\t\t\t\t<img class=\"newsContent__article__imgCapa newsContent__article__imgCapa--banner\"\n\t\t\t\t\tsrc=\"https:\/\/files.sunoresearch.com.br\/n\/uploads\/2023\/04\/1420x240-Planilha-vida-financeira-true.png\"\n\t\t\t\t\tdata-promo-id=\"383123\"\t\t\t\t\t\t\t\t\t\twidth='1420' height='240'\t\t\t\t\talt=\"https:\/\/files.sunoresearch.com.br\/n\/uploads\/2023\/04\/1420x240-Planilha-vida-financeira-true.png\"\n\t\t\t\t>\n\t\t\t<\/picture>\n\t\t<\/a>\n\t<\/p>\n\n\n","protected":false},"excerpt":{"rendered":"<p>Em 2024, a Embraer (EMBR3) foi o grande destaque no Ibovespa, com alta de mais de 150% ao longo do ano. Mas em uma janela de oito anos, voc\u00ea sabe quais foram as a\u00e7\u00f5es que mais se valorizaram? ETFs. Foto: iStock. No dia 07 de fevereiro de 2017, o \u00edndice Bovespa fechou em alta de [&hellip;]<\/p>\n","protected":false},"author":376,"featured_media":538698,"comment_status":"closed","ping_status":"closed","sticky":false,"template":"","format":"standard","meta":[],"categories":[64],"tags":[286],"suno_strategy":[],"class_list":["post-595712","post","type-post","status-publish","format-standard","has-post-thumbnail","hentry","category-negocios","tag-acoes"],"yoast_head":"<!-- This site is optimized with the Yoast SEO plugin v24.4 - https:\/\/yoast.com\/wordpress\/plugins\/seo\/ -->\n<title>Confira as a\u00e7\u00f5es que mais se valorizaram nos \u00faltimos 8 anos<\/title>\n<meta name=\"description\" content=\"Quem age com estrat\u00e9gia, cresce. Clique para saber quais foram as a\u00e7\u00f5es que mais se valorizaram nos \u00faltimos 8 anos.\" \/>\n<meta name=\"robots\" content=\"index, follow, max-snippet:-1, max-image-preview:large, max-video-preview:-1\" \/>\n<link rel=\"canonical\" href=\"https:\/\/www.suno.com.br\/noticias\/acoes-que-mais-se-valorizaram-gss-anv25\/\" \/>\n<meta property=\"og:locale\" content=\"pt_BR\" \/>\n<meta property=\"og:type\" content=\"article\" \/>\n<meta property=\"og:title\" content=\"Confira as a\u00e7\u00f5es que mais se valorizaram nos \u00faltimos 8 anos\" \/>\n<meta property=\"og:description\" content=\"Quem age com estrat\u00e9gia, cresce. Clique para saber quais foram as a\u00e7\u00f5es que mais se valorizaram nos \u00faltimos 8 anos.\" \/>\n<meta property=\"og:url\" content=\"https:\/\/www.suno.com.br\/noticias\/acoes-que-mais-se-valorizaram-gss-anv25\/\" \/>\n<meta property=\"og:site_name\" content=\"Suno Not\u00edcias\" \/>\n<meta property=\"article:publisher\" content=\"https:\/\/facebook.com\/sunoresearch\" \/>\n<meta property=\"og:image\" content=\"https:\/\/files.sunoresearch.com.br\/n\/uploads\/2024\/03\/iStock-1185440668.jpg\" \/>\n\t<meta property=\"og:image:width\" content=\"1254\" \/>\n\t<meta property=\"og:image:height\" content=\"836\" \/>\n\t<meta property=\"og:image:type\" content=\"image\/jpeg\" \/>\n<meta name=\"author\" content=\"Guilherme Serrano\" \/>\n<meta name=\"twitter:card\" content=\"summary_large_image\" \/>\n<meta name=\"twitter:creator\" content=\"@sunoresearch\" \/>\n<meta name=\"twitter:site\" content=\"@sunoresearch\" \/>\n<meta name=\"twitter:label1\" content=\"Escrito por\" \/>\n\t<meta name=\"twitter:data1\" content=\"Guilherme Serrano\" \/>\n\t<meta name=\"twitter:label2\" content=\"Est. tempo de leitura\" \/>\n\t<meta name=\"twitter:data2\" content=\"2 minutos\" \/>\n<script type=\"application\/ld+json\" class=\"yoast-schema-graph\">{\"@context\":\"https:\/\/schema.org\",\"@graph\":[{\"@type\":\"NewsArticle\",\"@id\":\"https:\/\/www.suno.com.br\/noticias\/acoes-que-mais-se-valorizaram-gss-anv25\/#article\",\"isPartOf\":{\"@id\":\"https:\/\/www.suno.com.br\/noticias\/acoes-que-mais-se-valorizaram-gss-anv25\/\"},\"author\":{\"name\":\"Guilherme Serrano\",\"@id\":\"https:\/\/www.suno.com.br\/noticias\/#\/schema\/person\/d0f07e64bce64aa671feadfb844f04ca\"},\"headline\":\"Confira as a\u00e7\u00f5es que mais se valorizaram nos \u00faltimos 8 anos\",\"datePublished\":\"2025-02-20T17:30:26+00:00\",\"dateModified\":\"2025-02-20T17:30:29+00:00\",\"mainEntityOfPage\":{\"@id\":\"https:\/\/www.suno.com.br\/noticias\/acoes-que-mais-se-valorizaram-gss-anv25\/\"},\"wordCount\":314,\"publisher\":{\"@id\":\"https:\/\/www.suno.com.br\/noticias\/#organization\"},\"image\":{\"@id\":\"https:\/\/www.suno.com.br\/noticias\/acoes-que-mais-se-valorizaram-gss-anv25\/#primaryimage\"},\"thumbnailUrl\":\"https:\/\/files.sunoresearch.com.br\/n\/uploads\/2024\/03\/iStock-1185440668.jpg\",\"keywords\":[\"A\u00e7\u00f5es\"],\"articleSection\":[\"Neg\u00f3cios\"],\"inLanguage\":\"pt-BR\"},{\"@type\":\"WebPage\",\"@id\":\"https:\/\/www.suno.com.br\/noticias\/acoes-que-mais-se-valorizaram-gss-anv25\/\",\"url\":\"https:\/\/www.suno.com.br\/noticias\/acoes-que-mais-se-valorizaram-gss-anv25\/\",\"name\":\"Confira as a\u00e7\u00f5es que mais se valorizaram nos \u00faltimos 8 anos\",\"isPartOf\":{\"@id\":\"https:\/\/www.suno.com.br\/noticias\/#website\"},\"primaryImageOfPage\":{\"@id\":\"https:\/\/www.suno.com.br\/noticias\/acoes-que-mais-se-valorizaram-gss-anv25\/#primaryimage\"},\"image\":{\"@id\":\"https:\/\/www.suno.com.br\/noticias\/acoes-que-mais-se-valorizaram-gss-anv25\/#primaryimage\"},\"thumbnailUrl\":\"https:\/\/files.sunoresearch.com.br\/n\/uploads\/2024\/03\/iStock-1185440668.jpg\",\"datePublished\":\"2025-02-20T17:30:26+00:00\",\"dateModified\":\"2025-02-20T17:30:29+00:00\",\"description\":\"Quem age com estrat\u00e9gia, cresce. Clique para saber quais foram as a\u00e7\u00f5es que mais se valorizaram nos \u00faltimos 8 anos.\",\"breadcrumb\":{\"@id\":\"https:\/\/www.suno.com.br\/noticias\/acoes-que-mais-se-valorizaram-gss-anv25\/#breadcrumb\"},\"inLanguage\":\"pt-BR\",\"potentialAction\":[{\"@type\":\"ReadAction\",\"target\":[\"https:\/\/www.suno.com.br\/noticias\/acoes-que-mais-se-valorizaram-gss-anv25\/\"]}]},{\"@type\":\"ImageObject\",\"inLanguage\":\"pt-BR\",\"@id\":\"https:\/\/www.suno.com.br\/noticias\/acoes-que-mais-se-valorizaram-gss-anv25\/#primaryimage\",\"url\":\"https:\/\/files.sunoresearch.com.br\/n\/uploads\/2024\/03\/iStock-1185440668.jpg\",\"contentUrl\":\"https:\/\/files.sunoresearch.com.br\/n\/uploads\/2024\/03\/iStock-1185440668.jpg\",\"width\":1254,\"height\":836,\"caption\":\"ETFs. Foto: iStock.\"},{\"@type\":\"BreadcrumbList\",\"@id\":\"https:\/\/www.suno.com.br\/noticias\/acoes-que-mais-se-valorizaram-gss-anv25\/#breadcrumb\",\"itemListElement\":[{\"@type\":\"ListItem\",\"position\":1,\"name\":\"Not\u00edcias\",\"item\":\"https:\/\/www.suno.com.br\/noticias\/\"},{\"@type\":\"ListItem\",\"position\":2,\"name\":\"Neg\u00f3cios\",\"item\":\"https:\/\/www.suno.com.br\/noticias\/negocios\/\"},{\"@type\":\"ListItem\",\"position\":3,\"name\":\"Confira as a\u00e7\u00f5es que mais se valorizaram nos \u00faltimos 8 anos\"}]},{\"@type\":\"WebSite\",\"@id\":\"https:\/\/www.suno.com.br\/noticias\/#website\",\"url\":\"https:\/\/www.suno.com.br\/noticias\/\",\"name\":\"Suno Not\u00edcias\",\"description\":\"Seu portal de informa\u00e7\u00e3o sobre o mundo dos investimentos\",\"publisher\":{\"@id\":\"https:\/\/www.suno.com.br\/noticias\/#organization\"},\"potentialAction\":[{\"@type\":\"SearchAction\",\"target\":{\"@type\":\"EntryPoint\",\"urlTemplate\":\"https:\/\/www.suno.com.br\/noticias\/?s={search_term_string}\"},\"query-input\":{\"@type\":\"PropertyValueSpecification\",\"valueRequired\":true,\"valueName\":\"search_term_string\"}}],\"inLanguage\":\"pt-BR\"},{\"@type\":\"Organization\",\"@id\":\"https:\/\/www.suno.com.br\/noticias\/#organization\",\"name\":\"Suno Not\u00edcias\",\"url\":\"https:\/\/www.suno.com.br\/noticias\/\",\"logo\":{\"@type\":\"ImageObject\",\"inLanguage\":\"pt-BR\",\"@id\":\"https:\/\/www.suno.com.br\/noticias\/#\/schema\/logo\/image\/\",\"url\":\"https:\/\/files.sunoresearch.com.br\/n\/uploads\/2021\/09\/suno-logo.png\",\"contentUrl\":\"https:\/\/files.sunoresearch.com.br\/n\/uploads\/2021\/09\/suno-logo.png\",\"width\":180,\"height\":180,\"caption\":\"Suno Not\u00edcias\"},\"image\":{\"@id\":\"https:\/\/www.suno.com.br\/noticias\/#\/schema\/logo\/image\/\"},\"sameAs\":[\"https:\/\/facebook.com\/sunoresearch\",\"https:\/\/x.com\/sunoresearch\",\"https:\/\/www.instagram.com\/suno\",\"https:\/\/www.linkedin.com\/company\/suno-research\/\",\"https:\/\/www.youtube.com\/c\/sunoresearch\"]},{\"@type\":\"Person\",\"@id\":\"https:\/\/www.suno.com.br\/noticias\/#\/schema\/person\/d0f07e64bce64aa671feadfb844f04ca\",\"name\":\"Guilherme Serrano\",\"image\":{\"@type\":\"ImageObject\",\"inLanguage\":\"pt-BR\",\"@id\":\"https:\/\/www.suno.com.br\/noticias\/#\/schema\/person\/image\/\",\"url\":\"https:\/\/secure.gravatar.com\/avatar\/a90be19d8c67bef61497e4522de30ac4?s=96&r=g\",\"contentUrl\":\"https:\/\/secure.gravatar.com\/avatar\/a90be19d8c67bef61497e4522de30ac4?s=96&r=g\",\"caption\":\"Guilherme Serrano\"},\"description\":\"Jornalista formado pela Faculdade C\u00e1sper L\u00edbero e p\u00f3s-graduado em Can\u00e7\u00e3o Popular pela Faculdade Santa Marcelina. Passagens por R\u00e1dio Gazeta AM, gazetaesportiva.com e TC R\u00e1dio.\",\"url\":\"https:\/\/www.suno.com.br\/noticias\/author\/guilherme-silvasuno-com-br\/\"}]}<\/script>\n<!-- \/ Yoast SEO plugin. -->","yoast_head_json":{"title":"Confira as a\u00e7\u00f5es que mais se valorizaram nos \u00faltimos 8 anos","description":"Quem age com estrat\u00e9gia, cresce. Clique para saber quais foram as a\u00e7\u00f5es que mais se valorizaram nos \u00faltimos 8 anos.","robots":{"index":"index","follow":"follow","max-snippet":"max-snippet:-1","max-image-preview":"max-image-preview:large","max-video-preview":"max-video-preview:-1"},"canonical":"https:\/\/www.suno.com.br\/noticias\/acoes-que-mais-se-valorizaram-gss-anv25\/","og_locale":"pt_BR","og_type":"article","og_title":"Confira as a\u00e7\u00f5es que mais se valorizaram nos \u00faltimos 8 anos","og_description":"Quem age com estrat\u00e9gia, cresce. Clique para saber quais foram as a\u00e7\u00f5es que mais se valorizaram nos \u00faltimos 8 anos.","og_url":"https:\/\/www.suno.com.br\/noticias\/acoes-que-mais-se-valorizaram-gss-anv25\/","og_site_name":"Suno Not\u00edcias","article_publisher":"https:\/\/facebook.com\/sunoresearch","og_image":[{"width":1254,"height":836,"url":"https:\/\/files.sunoresearch.com.br\/n\/uploads\/2024\/03\/iStock-1185440668.jpg","type":"image\/jpeg"}],"author":"Guilherme Serrano","twitter_card":"summary_large_image","twitter_creator":"@sunoresearch","twitter_site":"@sunoresearch","twitter_misc":{"Escrito por":"Guilherme Serrano","Est. tempo de leitura":"2 minutos"},"schema":{"@context":"https:\/\/schema.org","@graph":[{"@type":"NewsArticle","@id":"https:\/\/www.suno.com.br\/noticias\/acoes-que-mais-se-valorizaram-gss-anv25\/#article","isPartOf":{"@id":"https:\/\/www.suno.com.br\/noticias\/acoes-que-mais-se-valorizaram-gss-anv25\/"},"author":{"name":"Guilherme Serrano","@id":"https:\/\/www.suno.com.br\/noticias\/#\/schema\/person\/d0f07e64bce64aa671feadfb844f04ca"},"headline":"Confira as a\u00e7\u00f5es que mais se valorizaram nos \u00faltimos 8 anos","datePublished":"2025-02-20T17:30:26+00:00","dateModified":"2025-02-20T17:30:29+00:00","mainEntityOfPage":{"@id":"https:\/\/www.suno.com.br\/noticias\/acoes-que-mais-se-valorizaram-gss-anv25\/"},"wordCount":314,"publisher":{"@id":"https:\/\/www.suno.com.br\/noticias\/#organization"},"image":{"@id":"https:\/\/www.suno.com.br\/noticias\/acoes-que-mais-se-valorizaram-gss-anv25\/#primaryimage"},"thumbnailUrl":"https:\/\/files.sunoresearch.com.br\/n\/uploads\/2024\/03\/iStock-1185440668.jpg","keywords":["A\u00e7\u00f5es"],"articleSection":["Neg\u00f3cios"],"inLanguage":"pt-BR"},{"@type":"WebPage","@id":"https:\/\/www.suno.com.br\/noticias\/acoes-que-mais-se-valorizaram-gss-anv25\/","url":"https:\/\/www.suno.com.br\/noticias\/acoes-que-mais-se-valorizaram-gss-anv25\/","name":"Confira as a\u00e7\u00f5es que mais se valorizaram nos \u00faltimos 8 anos","isPartOf":{"@id":"https:\/\/www.suno.com.br\/noticias\/#website"},"primaryImageOfPage":{"@id":"https:\/\/www.suno.com.br\/noticias\/acoes-que-mais-se-valorizaram-gss-anv25\/#primaryimage"},"image":{"@id":"https:\/\/www.suno.com.br\/noticias\/acoes-que-mais-se-valorizaram-gss-anv25\/#primaryimage"},"thumbnailUrl":"https:\/\/files.sunoresearch.com.br\/n\/uploads\/2024\/03\/iStock-1185440668.jpg","datePublished":"2025-02-20T17:30:26+00:00","dateModified":"2025-02-20T17:30:29+00:00","description":"Quem age com estrat\u00e9gia, cresce. Clique para saber quais foram as a\u00e7\u00f5es que mais se valorizaram nos \u00faltimos 8 anos.","breadcrumb":{"@id":"https:\/\/www.suno.com.br\/noticias\/acoes-que-mais-se-valorizaram-gss-anv25\/#breadcrumb"},"inLanguage":"pt-BR","potentialAction":[{"@type":"ReadAction","target":["https:\/\/www.suno.com.br\/noticias\/acoes-que-mais-se-valorizaram-gss-anv25\/"]}]},{"@type":"ImageObject","inLanguage":"pt-BR","@id":"https:\/\/www.suno.com.br\/noticias\/acoes-que-mais-se-valorizaram-gss-anv25\/#primaryimage","url":"https:\/\/files.sunoresearch.com.br\/n\/uploads\/2024\/03\/iStock-1185440668.jpg","contentUrl":"https:\/\/files.sunoresearch.com.br\/n\/uploads\/2024\/03\/iStock-1185440668.jpg","width":1254,"height":836,"caption":"ETFs. Foto: iStock."},{"@type":"BreadcrumbList","@id":"https:\/\/www.suno.com.br\/noticias\/acoes-que-mais-se-valorizaram-gss-anv25\/#breadcrumb","itemListElement":[{"@type":"ListItem","position":1,"name":"Not\u00edcias","item":"https:\/\/www.suno.com.br\/noticias\/"},{"@type":"ListItem","position":2,"name":"Neg\u00f3cios","item":"https:\/\/www.suno.com.br\/noticias\/negocios\/"},{"@type":"ListItem","position":3,"name":"Confira as a\u00e7\u00f5es que mais se valorizaram nos \u00faltimos 8 anos"}]},{"@type":"WebSite","@id":"https:\/\/www.suno.com.br\/noticias\/#website","url":"https:\/\/www.suno.com.br\/noticias\/","name":"Suno Not\u00edcias","description":"Seu portal de informa\u00e7\u00e3o sobre o mundo dos investimentos","publisher":{"@id":"https:\/\/www.suno.com.br\/noticias\/#organization"},"potentialAction":[{"@type":"SearchAction","target":{"@type":"EntryPoint","urlTemplate":"https:\/\/www.suno.com.br\/noticias\/?s={search_term_string}"},"query-input":{"@type":"PropertyValueSpecification","valueRequired":true,"valueName":"search_term_string"}}],"inLanguage":"pt-BR"},{"@type":"Organization","@id":"https:\/\/www.suno.com.br\/noticias\/#organization","name":"Suno Not\u00edcias","url":"https:\/\/www.suno.com.br\/noticias\/","logo":{"@type":"ImageObject","inLanguage":"pt-BR","@id":"https:\/\/www.suno.com.br\/noticias\/#\/schema\/logo\/image\/","url":"https:\/\/files.sunoresearch.com.br\/n\/uploads\/2021\/09\/suno-logo.png","contentUrl":"https:\/\/files.sunoresearch.com.br\/n\/uploads\/2021\/09\/suno-logo.png","width":180,"height":180,"caption":"Suno Not\u00edcias"},"image":{"@id":"https:\/\/www.suno.com.br\/noticias\/#\/schema\/logo\/image\/"},"sameAs":["https:\/\/facebook.com\/sunoresearch","https:\/\/x.com\/sunoresearch","https:\/\/www.instagram.com\/suno","https:\/\/www.linkedin.com\/company\/suno-research\/","https:\/\/www.youtube.com\/c\/sunoresearch"]},{"@type":"Person","@id":"https:\/\/www.suno.com.br\/noticias\/#\/schema\/person\/d0f07e64bce64aa671feadfb844f04ca","name":"Guilherme Serrano","image":{"@type":"ImageObject","inLanguage":"pt-BR","@id":"https:\/\/www.suno.com.br\/noticias\/#\/schema\/person\/image\/","url":"https:\/\/secure.gravatar.com\/avatar\/a90be19d8c67bef61497e4522de30ac4?s=96&r=g","contentUrl":"https:\/\/secure.gravatar.com\/avatar\/a90be19d8c67bef61497e4522de30ac4?s=96&r=g","caption":"Guilherme Serrano"},"description":"Jornalista formado pela Faculdade C\u00e1sper L\u00edbero e p\u00f3s-graduado em Can\u00e7\u00e3o Popular pela Faculdade Santa Marcelina. Passagens por R\u00e1dio Gazeta AM, gazetaesportiva.com e TC R\u00e1dio.","url":"https:\/\/www.suno.com.br\/noticias\/author\/guilherme-silvasuno-com-br\/"}]}},"default_loop_html":"<div class=\"cardsPage__listCard__boxs\"><div class=\"cardsPage__listCard__boxs__img\"><a href=\"https:\/\/www.suno.com.br\/noticias\/acoes-que-mais-se-valorizaram-gss-anv25\/\"><img class=\"mask\" src=\"https:\/\/www.suno.com.br\/noticias\/wp-content\/themes\/suno\/resources\/images\/spotlight\/spotlight1img\/bg-mask.png\" alt=\"Image Mask\"\/><img src=\"https:\/\/files.sunoresearch.com.br\/n\/uploads\/2024\/03\/iStock-1185440668-400x200.jpg\" alt=\"Confira as a\u00e7\u00f5es que mais se valorizaram nos \u00faltimos 8 anos\"\/><\/a><span class=\"spotlightCategory\"><a href=\"https:\/\/www.suno.com.br\/noticias\/negocios\/\">Neg\u00f3cios<\/a><\/span><\/div><div class=\"cardsPage__listCard__boxs__content\"><a href=\"https:\/\/www.suno.com.br\/noticias\/acoes-que-mais-se-valorizaram-gss-anv25\/\"><h2 class=\"content__title\">Confira as a\u00e7\u00f5es que mais se valorizaram nos \u00faltimos 8 anos<\/h2><\/a><div class=\"newsContent__article__meta\"><div class=\"newsContent__article__meta__authorBox\"><a href=\"https:\/\/www.suno.com.br\/noticias\/author\/guilherme-silvasuno-com-br\/\" class=\"authorBox__avatar noMobi\"><img src=\"https:\/\/secure.gravatar.com\/avatar\/a90be19d8c67bef61497e4522de30ac4?s=96&#038;r=g\" alt=\"Guilherme Serrano\"><\/a><div class=\"authorBox__name\"><span>por\n\t\t\t<a href=\"https:\/\/www.suno.com.br\/noticias\/author\/guilherme-silvasuno-com-br\/\"><span itemprop=\"author\">Guilherme Serrano<\/span><\/a><\/span><time datetime=\"2025-02-20T14:30:26-03:00\" itemprop=\"datePublished\">20\/02\/2025 14:30<\/time><\/div><\/div><\/div><\/div><\/div>","single_layout":"posts","amp_enabled":true,"_links":{"self":[{"href":"https:\/\/www.suno.com.br\/noticias\/wp-json\/wp\/v2\/posts\/595712"}],"collection":[{"href":"https:\/\/www.suno.com.br\/noticias\/wp-json\/wp\/v2\/posts"}],"about":[{"href":"https:\/\/www.suno.com.br\/noticias\/wp-json\/wp\/v2\/types\/post"}],"author":[{"embeddable":true,"href":"https:\/\/www.suno.com.br\/noticias\/wp-json\/wp\/v2\/users\/376"}],"replies":[{"embeddable":true,"href":"https:\/\/www.suno.com.br\/noticias\/wp-json\/wp\/v2\/comments?post=595712"}],"version-history":[{"count":2,"href":"https:\/\/www.suno.com.br\/noticias\/wp-json\/wp\/v2\/posts\/595712\/revisions"}],"predecessor-version":[{"id":595714,"href":"https:\/\/www.suno.com.br\/noticias\/wp-json\/wp\/v2\/posts\/595712\/revisions\/595714"}],"wp:featuredmedia":[{"embeddable":true,"href":"https:\/\/www.suno.com.br\/noticias\/wp-json\/wp\/v2\/media\/538698"}],"wp:attachment":[{"href":"https:\/\/www.suno.com.br\/noticias\/wp-json\/wp\/v2\/media?parent=595712"}],"wp:term":[{"taxonomy":"category","embeddable":true,"href":"https:\/\/www.suno.com.br\/noticias\/wp-json\/wp\/v2\/categories?post=595712"},{"taxonomy":"post_tag","embeddable":true,"href":"https:\/\/www.suno.com.br\/noticias\/wp-json\/wp\/v2\/tags?post=595712"},{"taxonomy":"suno_strategy","embeddable":true,"href":"https:\/\/www.suno.com.br\/noticias\/wp-json\/wp\/v2\/suno_strategy?post=595712"}],"curies":[{"name":"wp","href":"https:\/\/api.w.org\/{rel}","templated":true}]}}