{"id":59565,"date":"2020-03-30T19:53:13","date_gmt":"2020-03-30T22:53:13","guid":{"rendered":"https:\/\/www.suno.com.br\/noticias\/?p=59565"},"modified":"2020-03-30T19:53:13","modified_gmt":"2020-03-30T22:53:13","slug":"blackrock-coronavirus-economia-global","status":"publish","type":"post","link":"https:\/\/www.suno.com.br\/noticias\/blackrock-coronavirus-economia-global\/","title":{"rendered":"BlackRock prev\u00ea mudan\u00e7as na economia global ap\u00f3s a pandemia"},"content":{"rendered":"<p>Nessa segunda-feira (30) o executivo-chefe da <strong>BlackRock<\/strong>, Larry Fink, indicou os efeitos econ\u00f4micos, as mudan\u00e7as no mundo e na economia global\u00a0 que podem ser causados pela crise do <a href=\"https:\/\/www.suno.com.br\/noticias\/coronavirus\/\"><strong>coronav\u00edrus<\/strong> (Covid-19)<\/a>. O anuncio foi feito atrav\u00e9s da carta anual para os investidores da ag\u00eancia.<\/p>\t<div class=\"wrapper-featured-image\">\n\t\t<figure class=\"spotlightImg\">\n\n\t\t\t<picture>\n\t\t\t\t<source media=\"(max-width: 768px)\" srcset=\"https:\/\/files.sunoresearch.com.br\/n\/uploads\/2019\/04\/7ab43269-blackock-678x356-e1555429259340-400x200.webp\">\n\t\t\t\t<img loading=\"lazy\" decoding=\"async\" class=\"newsContent__article__imgCapa lazyloadDisabled newsContent__article__imgCapa--noCaption\" src=\"https:\/\/files.sunoresearch.com.br\/n\/uploads\/2019\/04\/7ab43269-blackock-678x356-e1555429259340-jpg.webp\" width=\"800\" height=\"450\" alt=\"BlackRock prev\u00ea mudan\u00e7as na economia global ap\u00f3s a pandemia\" fetchpriority=high \/>\n\t\t\t<\/picture>\n\n\t\t\t<figcaption class=\"wp-caption-text wp-caption-text--hide\">A BlackRock indicou nessa segunda-feira (30) os efeitos econ\u00f4micos causados pela crise do coronav\u00edrus. Clique aqui para saber mais.<\/figcaption>\n\t\t<\/figure>\n\t<\/div>\n\n\n\n<p>&#8220;Em 44 anos no mundo das finan\u00e7as, nunca vivi uma experi\u00eancia parecida&#8221;. &#8220;A pandemia tem impactado os mercados financeiros com uma rapidez e ferocidade normalmente vistas apenas em uma crise financeira cl\u00e1ssica&#8221;. Disse o representante da BlackRock.<\/p>\n<p>Em rela\u00e7\u00e3o a tecnologia, o executivo salientou que &#8220;a maior mudan\u00e7a para as gestoras de recursos ser\u00e1 como vamos usar a tecnologia. No futuro, as gestoras ter\u00e3o de ser t\u00e3o boas no uso da tecnologia quanto uma empresa de tecnologia&#8221;.<\/p>\n<p>Al\u00e9m disso, Fink informou que a popula\u00e7\u00e3o vai repensar fundamentalmente a maneira como trabalha, compra, viaja e se re\u00fane.<\/p>\n<p><a href=\"https:\/\/www.suno.com.br\/nossas-assinaturas\/suno-premium\/\">Leia tamb\u00e9m: Coronav\u00edrus e Mercado Financeiro | Saiba quais oportunidades voc\u00ea pode estar perdendo<\/a><\/p>\n<p>&#8220;Acredito que o pensamento de longo prazo nunca foi t\u00e3o essencial como hoje. Companhias e investidores com um forte senso de prop\u00f3sito e uma abordagem de longo prazo estar\u00e3o aptos a navegar por esta crise e suas consequ\u00eancias&#8221;. disse o CEO na carta.<\/p>\n<p>Fink ainda acrescentou que acredita na mudan\u00e7a de pensamento dos investidores &#8220;para alguns clientes, a recente onda de vendas criou uma oportunidade de rebalancear em a\u00e7\u00f5es&#8221;, e completou &#8220;de fato, muitos de nossos clientes &#8211; mesmo aqueles com pesada aloca\u00e7\u00e3o em renda fixa devido aos perfis de risco &#8211; est\u00e3o olhando para aumentar a aloca\u00e7\u00e3o em a\u00e7\u00f5es neste mercado.&#8221;<\/p>\n\t<p>\n\t\t<a href=\"https:\/\/www.seculus.com.br\/blackfriday\" target=\"_blank\" data-element=\"shortcode-suno-banner\" title=\"Banner SUNO, clique e saiba mais\">\n\t\t\t<picture>\n\t\t\t\t<source media=\"(max-width: 500px)\" srcset=\"https:\/\/files.sunoresearch.com.br\/n\/uploads\/2023\/11\/seculus_suno_mobile_3.jpg\">\n\t\t\t\t<img class=\"newsContent__article__imgCapa newsContent__article__imgCapa--banner\"\n\t\t\t\t\tsrc=\"https:\/\/files.sunoresearch.com.br\/n\/uploads\/2023\/11\/seculus_suno_desktop_3.jpg\"\n\t\t\t\t\tdata-promo-id=\"474124\"\t\t\t\t\t\t\t\t\t\twidth='1420' height='240'\t\t\t\t\talt=\"https:\/\/files.sunoresearch.com.br\/n\/uploads\/2023\/11\/seculus_suno_desktop_3.jpg\"\n\t\t\t\t>\n\t\t\t<\/picture>\n\t\t<\/a>\n\t<\/p>\n\n\n<p>O representante da BlackRock disse que os portf\u00f3lios s\u00e3o a abordagem mais importante atualmente, levando em considera\u00e7\u00e3o o &#8220;ambiente atual de taxas nas m\u00ednimas hist\u00f3ricas&#8221;. &#8220;Isso muda fundamentalmente o horizonte de distribui\u00e7\u00e3o nos anos a seguir&#8221; acrescentou ele.<\/p>\n<h2>BlackRock diz que investidor deve pensar no longo prazo<\/h2>\n<p>a gestora afirmou, em relat\u00f3rio divulgado no in\u00edcio do m\u00eas, que o investidor deve se manter com a cabe\u00e7a no longo prazo para evitar surpresas desagrad\u00e1veis em meio a atual tormenta, com foco em empresas &#8220;de qualidade, caixa e sustentabilidade&#8221;.<\/p>\n<p>&#8220;Este \u00e9 um momento para os investidores manterem uma perspectiva de longo prazo. O melhor profundidade e dura\u00e7\u00e3o do impacto econ\u00f4mico do coronav\u00edrus s\u00e3o altamente incerto, mas ainda acreditamos que o choque deve ser tempor\u00e1rio, pois o surto acabar\u00e1 se dissipando e a atividade econ\u00f4mica se normalizar\u00e1&#8221;, disse a gestora, em relat\u00f3rio.<\/p>\n<p>Al\u00e9m disso, para a <strong>BlackRock<\/strong>,\u00a0apesar de a movimenta\u00e7\u00e3o do mercado relembrar a crise financeira de 2008, a economia atual tem uma base mais s\u00f3lida.<\/p>\n\n","protected":false},"excerpt":{"rendered":"<p>Nessa segunda-feira (30) o executivo-chefe da BlackRock, Larry Fink, indicou os efeitos econ\u00f4micos, as mudan\u00e7as no mundo e na economia global\u00a0 que podem ser causados pela crise do coronav\u00edrus (Covid-19). O anuncio foi feito atrav\u00e9s da carta anual para os investidores da ag\u00eancia. A BlackRock indicou nessa segunda-feira (30) os efeitos econ\u00f4micos causados pela crise [&hellip;]<\/p>\n","protected":false},"author":39,"featured_media":21166,"comment_status":"closed","ping_status":"closed","sticky":false,"template":"","format":"standard","meta":[],"categories":[60],"tags":[1332,2487,5255],"suno_strategy":[],"class_list":["post-59565","post","type-post","status-publish","format-standard","has-post-thumbnail","hentry","category-mercado","tag-blackrock-blak34","tag-coronavirus","tag-covid-19"],"yoast_head":"<!-- This site is optimized with the Yoast SEO plugin v24.4 - https:\/\/yoast.com\/wordpress\/plugins\/seo\/ -->\n<title>BlackRock indica mudan\u00e7as na economia global ap\u00f3s a pandemia<\/title>\n<meta name=\"description\" content=\"A BlackRock indicou nessa segunda-feira (30) os efeitos econ\u00f4micos causados pela crise do coronav\u00edrus. Clique aqui para saber mais.\" \/>\n<meta name=\"robots\" content=\"index, follow, max-snippet:-1, max-image-preview:large, max-video-preview:-1\" \/>\n<link rel=\"canonical\" href=\"https:\/\/www.suno.com.br\/noticias\/blackrock-coronavirus-economia-global\/\" \/>\n<meta property=\"og:locale\" content=\"pt_BR\" \/>\n<meta property=\"og:type\" content=\"article\" \/>\n<meta property=\"og:title\" content=\"BlackRock indica mudan\u00e7as na economia global ap\u00f3s a pandemia\" \/>\n<meta property=\"og:description\" content=\"A BlackRock indicou nessa segunda-feira (30) os efeitos econ\u00f4micos causados pela crise do coronav\u00edrus. Clique aqui para saber mais.\" \/>\n<meta property=\"og:url\" content=\"https:\/\/www.suno.com.br\/noticias\/blackrock-coronavirus-economia-global\/\" \/>\n<meta property=\"og:site_name\" content=\"Suno Not\u00edcias\" \/>\n<meta property=\"article:publisher\" content=\"https:\/\/facebook.com\/sunoresearch\" \/>\n<meta property=\"og:image\" content=\"https:\/\/files.sunoresearch.com.br\/n\/uploads\/2019\/04\/7ab43269-blackock-678x356-e1555429259340.jpg\" \/>\n\t<meta property=\"og:image:width\" content=\"678\" \/>\n\t<meta property=\"og:image:height\" content=\"252\" \/>\n\t<meta property=\"og:image:type\" content=\"image\/jpeg\" \/>\n<meta name=\"author\" content=\"Laura Moutinho\" \/>\n<meta name=\"twitter:card\" content=\"summary_large_image\" \/>\n<meta name=\"twitter:creator\" content=\"@sunoresearch\" \/>\n<meta name=\"twitter:site\" content=\"@sunoresearch\" \/>\n<meta name=\"twitter:label1\" content=\"Escrito por\" \/>\n\t<meta name=\"twitter:data1\" content=\"Laura Moutinho\" \/>\n\t<meta name=\"twitter:label2\" content=\"Est. tempo de leitura\" \/>\n\t<meta name=\"twitter:data2\" content=\"2 minutos\" \/>\n<script type=\"application\/ld+json\" class=\"yoast-schema-graph\">{\"@context\":\"https:\/\/schema.org\",\"@graph\":[{\"@type\":\"NewsArticle\",\"@id\":\"https:\/\/www.suno.com.br\/noticias\/blackrock-coronavirus-economia-global\/#article\",\"isPartOf\":{\"@id\":\"https:\/\/www.suno.com.br\/noticias\/blackrock-coronavirus-economia-global\/\"},\"author\":{\"name\":\"Laura Moutinho\",\"@id\":\"https:\/\/www.suno.com.br\/noticias\/#\/schema\/person\/3df0d2808748b74496efe5dbeaef2c72\"},\"headline\":\"BlackRock prev\u00ea mudan\u00e7as na economia global ap\u00f3s a pandemia\",\"datePublished\":\"2020-03-30T22:53:13+00:00\",\"mainEntityOfPage\":{\"@id\":\"https:\/\/www.suno.com.br\/noticias\/blackrock-coronavirus-economia-global\/\"},\"wordCount\":484,\"publisher\":{\"@id\":\"https:\/\/www.suno.com.br\/noticias\/#organization\"},\"image\":{\"@id\":\"https:\/\/www.suno.com.br\/noticias\/blackrock-coronavirus-economia-global\/#primaryimage\"},\"thumbnailUrl\":\"https:\/\/files.sunoresearch.com.br\/n\/uploads\/2019\/04\/7ab43269-blackock-678x356-e1555429259340-jpg.webp\",\"keywords\":[\"Blackrock (BLAK34)\",\"coronav\u00edrus\",\"covid-19\"],\"articleSection\":[\"Mercado\"],\"inLanguage\":\"pt-BR\"},{\"@type\":\"WebPage\",\"@id\":\"https:\/\/www.suno.com.br\/noticias\/blackrock-coronavirus-economia-global\/\",\"url\":\"https:\/\/www.suno.com.br\/noticias\/blackrock-coronavirus-economia-global\/\",\"name\":\"BlackRock indica mudan\u00e7as na economia global ap\u00f3s a pandemia\",\"isPartOf\":{\"@id\":\"https:\/\/www.suno.com.br\/noticias\/#website\"},\"primaryImageOfPage\":{\"@id\":\"https:\/\/www.suno.com.br\/noticias\/blackrock-coronavirus-economia-global\/#primaryimage\"},\"image\":{\"@id\":\"https:\/\/www.suno.com.br\/noticias\/blackrock-coronavirus-economia-global\/#primaryimage\"},\"thumbnailUrl\":\"https:\/\/files.sunoresearch.com.br\/n\/uploads\/2019\/04\/7ab43269-blackock-678x356-e1555429259340-jpg.webp\",\"datePublished\":\"2020-03-30T22:53:13+00:00\",\"description\":\"A BlackRock indicou nessa segunda-feira (30) os efeitos econ\u00f4micos causados pela crise do coronav\u00edrus. Clique aqui para saber mais.\",\"breadcrumb\":{\"@id\":\"https:\/\/www.suno.com.br\/noticias\/blackrock-coronavirus-economia-global\/#breadcrumb\"},\"inLanguage\":\"pt-BR\",\"potentialAction\":[{\"@type\":\"ReadAction\",\"target\":[\"https:\/\/www.suno.com.br\/noticias\/blackrock-coronavirus-economia-global\/\"]}]},{\"@type\":\"ImageObject\",\"inLanguage\":\"pt-BR\",\"@id\":\"https:\/\/www.suno.com.br\/noticias\/blackrock-coronavirus-economia-global\/#primaryimage\",\"url\":\"https:\/\/files.sunoresearch.com.br\/n\/uploads\/2019\/04\/7ab43269-blackock-678x356-e1555429259340-jpg.webp\",\"contentUrl\":\"https:\/\/files.sunoresearch.com.br\/n\/uploads\/2019\/04\/7ab43269-blackock-678x356-e1555429259340-jpg.webp\",\"width\":678,\"height\":252,\"caption\":\"A BlackRock indicou nessa segunda-feira (30) os efeitos econ\u00f4micos causados pela crise do coronav\u00edrus. Clique aqui para saber mais.\"},{\"@type\":\"BreadcrumbList\",\"@id\":\"https:\/\/www.suno.com.br\/noticias\/blackrock-coronavirus-economia-global\/#breadcrumb\",\"itemListElement\":[{\"@type\":\"ListItem\",\"position\":1,\"name\":\"Not\u00edcias\",\"item\":\"https:\/\/www.suno.com.br\/noticias\/\"},{\"@type\":\"ListItem\",\"position\":2,\"name\":\"Mercado\",\"item\":\"https:\/\/www.suno.com.br\/noticias\/mercado\/\"},{\"@type\":\"ListItem\",\"position\":3,\"name\":\"BlackRock prev\u00ea mudan\u00e7as na economia global ap\u00f3s a pandemia\"}]},{\"@type\":\"WebSite\",\"@id\":\"https:\/\/www.suno.com.br\/noticias\/#website\",\"url\":\"https:\/\/www.suno.com.br\/noticias\/\",\"name\":\"Suno Not\u00edcias\",\"description\":\"Seu portal de informa\u00e7\u00e3o sobre o mundo dos investimentos\",\"publisher\":{\"@id\":\"https:\/\/www.suno.com.br\/noticias\/#organization\"},\"potentialAction\":[{\"@type\":\"SearchAction\",\"target\":{\"@type\":\"EntryPoint\",\"urlTemplate\":\"https:\/\/www.suno.com.br\/noticias\/?s={search_term_string}\"},\"query-input\":{\"@type\":\"PropertyValueSpecification\",\"valueRequired\":true,\"valueName\":\"search_term_string\"}}],\"inLanguage\":\"pt-BR\"},{\"@type\":\"Organization\",\"@id\":\"https:\/\/www.suno.com.br\/noticias\/#organization\",\"name\":\"Suno Not\u00edcias\",\"url\":\"https:\/\/www.suno.com.br\/noticias\/\",\"logo\":{\"@type\":\"ImageObject\",\"inLanguage\":\"pt-BR\",\"@id\":\"https:\/\/www.suno.com.br\/noticias\/#\/schema\/logo\/image\/\",\"url\":\"https:\/\/files.sunoresearch.com.br\/n\/uploads\/2021\/09\/suno-logo.png\",\"contentUrl\":\"https:\/\/files.sunoresearch.com.br\/n\/uploads\/2021\/09\/suno-logo.png\",\"width\":180,\"height\":180,\"caption\":\"Suno Not\u00edcias\"},\"image\":{\"@id\":\"https:\/\/www.suno.com.br\/noticias\/#\/schema\/logo\/image\/\"},\"sameAs\":[\"https:\/\/facebook.com\/sunoresearch\",\"https:\/\/x.com\/sunoresearch\",\"https:\/\/www.instagram.com\/suno\",\"https:\/\/www.linkedin.com\/company\/suno-research\/\",\"https:\/\/www.youtube.com\/c\/sunoresearch\"]},{\"@type\":\"Person\",\"@id\":\"https:\/\/www.suno.com.br\/noticias\/#\/schema\/person\/3df0d2808748b74496efe5dbeaef2c72\",\"name\":\"Laura Moutinho\",\"image\":{\"@type\":\"ImageObject\",\"inLanguage\":\"pt-BR\",\"@id\":\"https:\/\/www.suno.com.br\/noticias\/#\/schema\/person\/image\/\",\"url\":\"https:\/\/secure.gravatar.com\/avatar\/7571c7c8ca3a6fca5e41384ece5557ff?s=96&r=g\",\"contentUrl\":\"https:\/\/secure.gravatar.com\/avatar\/7571c7c8ca3a6fca5e41384ece5557ff?s=96&r=g\",\"caption\":\"Laura Moutinho\"},\"description\":\"Estagi\u00e1ria na Suno Not\u00edcias, escreve not\u00edcias que afetam o mercado financeiro. Estuda administra\u00e7\u00e3o na Universidade Presbiteriana Mackenzie.\",\"url\":\"https:\/\/www.suno.com.br\/noticias\/author\/laura-moutinho\/\"}]}<\/script>\n<!-- \/ Yoast SEO plugin. -->","yoast_head_json":{"title":"BlackRock indica mudan\u00e7as na economia global ap\u00f3s a pandemia","description":"A BlackRock indicou nessa segunda-feira (30) os efeitos econ\u00f4micos causados pela crise do coronav\u00edrus. Clique aqui para saber mais.","robots":{"index":"index","follow":"follow","max-snippet":"max-snippet:-1","max-image-preview":"max-image-preview:large","max-video-preview":"max-video-preview:-1"},"canonical":"https:\/\/www.suno.com.br\/noticias\/blackrock-coronavirus-economia-global\/","og_locale":"pt_BR","og_type":"article","og_title":"BlackRock indica mudan\u00e7as na economia global ap\u00f3s a pandemia","og_description":"A BlackRock indicou nessa segunda-feira (30) os efeitos econ\u00f4micos causados pela crise do coronav\u00edrus. Clique aqui para saber mais.","og_url":"https:\/\/www.suno.com.br\/noticias\/blackrock-coronavirus-economia-global\/","og_site_name":"Suno Not\u00edcias","article_publisher":"https:\/\/facebook.com\/sunoresearch","og_image":[{"width":678,"height":252,"url":"https:\/\/files.sunoresearch.com.br\/n\/uploads\/2019\/04\/7ab43269-blackock-678x356-e1555429259340.jpg","type":"image\/jpeg"}],"author":"Laura Moutinho","twitter_card":"summary_large_image","twitter_creator":"@sunoresearch","twitter_site":"@sunoresearch","twitter_misc":{"Escrito por":"Laura Moutinho","Est. tempo de leitura":"2 minutos"},"schema":{"@context":"https:\/\/schema.org","@graph":[{"@type":"NewsArticle","@id":"https:\/\/www.suno.com.br\/noticias\/blackrock-coronavirus-economia-global\/#article","isPartOf":{"@id":"https:\/\/www.suno.com.br\/noticias\/blackrock-coronavirus-economia-global\/"},"author":{"name":"Laura Moutinho","@id":"https:\/\/www.suno.com.br\/noticias\/#\/schema\/person\/3df0d2808748b74496efe5dbeaef2c72"},"headline":"BlackRock prev\u00ea mudan\u00e7as na economia global ap\u00f3s a pandemia","datePublished":"2020-03-30T22:53:13+00:00","mainEntityOfPage":{"@id":"https:\/\/www.suno.com.br\/noticias\/blackrock-coronavirus-economia-global\/"},"wordCount":484,"publisher":{"@id":"https:\/\/www.suno.com.br\/noticias\/#organization"},"image":{"@id":"https:\/\/www.suno.com.br\/noticias\/blackrock-coronavirus-economia-global\/#primaryimage"},"thumbnailUrl":"https:\/\/files.sunoresearch.com.br\/n\/uploads\/2019\/04\/7ab43269-blackock-678x356-e1555429259340-jpg.webp","keywords":["Blackrock (BLAK34)","coronav\u00edrus","covid-19"],"articleSection":["Mercado"],"inLanguage":"pt-BR"},{"@type":"WebPage","@id":"https:\/\/www.suno.com.br\/noticias\/blackrock-coronavirus-economia-global\/","url":"https:\/\/www.suno.com.br\/noticias\/blackrock-coronavirus-economia-global\/","name":"BlackRock indica mudan\u00e7as na economia global ap\u00f3s a pandemia","isPartOf":{"@id":"https:\/\/www.suno.com.br\/noticias\/#website"},"primaryImageOfPage":{"@id":"https:\/\/www.suno.com.br\/noticias\/blackrock-coronavirus-economia-global\/#primaryimage"},"image":{"@id":"https:\/\/www.suno.com.br\/noticias\/blackrock-coronavirus-economia-global\/#primaryimage"},"thumbnailUrl":"https:\/\/files.sunoresearch.com.br\/n\/uploads\/2019\/04\/7ab43269-blackock-678x356-e1555429259340-jpg.webp","datePublished":"2020-03-30T22:53:13+00:00","description":"A BlackRock indicou nessa segunda-feira (30) os efeitos econ\u00f4micos causados pela crise do coronav\u00edrus. Clique aqui para saber mais.","breadcrumb":{"@id":"https:\/\/www.suno.com.br\/noticias\/blackrock-coronavirus-economia-global\/#breadcrumb"},"inLanguage":"pt-BR","potentialAction":[{"@type":"ReadAction","target":["https:\/\/www.suno.com.br\/noticias\/blackrock-coronavirus-economia-global\/"]}]},{"@type":"ImageObject","inLanguage":"pt-BR","@id":"https:\/\/www.suno.com.br\/noticias\/blackrock-coronavirus-economia-global\/#primaryimage","url":"https:\/\/files.sunoresearch.com.br\/n\/uploads\/2019\/04\/7ab43269-blackock-678x356-e1555429259340-jpg.webp","contentUrl":"https:\/\/files.sunoresearch.com.br\/n\/uploads\/2019\/04\/7ab43269-blackock-678x356-e1555429259340-jpg.webp","width":678,"height":252,"caption":"A BlackRock indicou nessa segunda-feira (30) os efeitos econ\u00f4micos causados pela crise do coronav\u00edrus. Clique aqui para saber mais."},{"@type":"BreadcrumbList","@id":"https:\/\/www.suno.com.br\/noticias\/blackrock-coronavirus-economia-global\/#breadcrumb","itemListElement":[{"@type":"ListItem","position":1,"name":"Not\u00edcias","item":"https:\/\/www.suno.com.br\/noticias\/"},{"@type":"ListItem","position":2,"name":"Mercado","item":"https:\/\/www.suno.com.br\/noticias\/mercado\/"},{"@type":"ListItem","position":3,"name":"BlackRock prev\u00ea mudan\u00e7as na economia global ap\u00f3s a pandemia"}]},{"@type":"WebSite","@id":"https:\/\/www.suno.com.br\/noticias\/#website","url":"https:\/\/www.suno.com.br\/noticias\/","name":"Suno Not\u00edcias","description":"Seu portal de informa\u00e7\u00e3o sobre o mundo dos investimentos","publisher":{"@id":"https:\/\/www.suno.com.br\/noticias\/#organization"},"potentialAction":[{"@type":"SearchAction","target":{"@type":"EntryPoint","urlTemplate":"https:\/\/www.suno.com.br\/noticias\/?s={search_term_string}"},"query-input":{"@type":"PropertyValueSpecification","valueRequired":true,"valueName":"search_term_string"}}],"inLanguage":"pt-BR"},{"@type":"Organization","@id":"https:\/\/www.suno.com.br\/noticias\/#organization","name":"Suno Not\u00edcias","url":"https:\/\/www.suno.com.br\/noticias\/","logo":{"@type":"ImageObject","inLanguage":"pt-BR","@id":"https:\/\/www.suno.com.br\/noticias\/#\/schema\/logo\/image\/","url":"https:\/\/files.sunoresearch.com.br\/n\/uploads\/2021\/09\/suno-logo.png","contentUrl":"https:\/\/files.sunoresearch.com.br\/n\/uploads\/2021\/09\/suno-logo.png","width":180,"height":180,"caption":"Suno Not\u00edcias"},"image":{"@id":"https:\/\/www.suno.com.br\/noticias\/#\/schema\/logo\/image\/"},"sameAs":["https:\/\/facebook.com\/sunoresearch","https:\/\/x.com\/sunoresearch","https:\/\/www.instagram.com\/suno","https:\/\/www.linkedin.com\/company\/suno-research\/","https:\/\/www.youtube.com\/c\/sunoresearch"]},{"@type":"Person","@id":"https:\/\/www.suno.com.br\/noticias\/#\/schema\/person\/3df0d2808748b74496efe5dbeaef2c72","name":"Laura Moutinho","image":{"@type":"ImageObject","inLanguage":"pt-BR","@id":"https:\/\/www.suno.com.br\/noticias\/#\/schema\/person\/image\/","url":"https:\/\/secure.gravatar.com\/avatar\/7571c7c8ca3a6fca5e41384ece5557ff?s=96&r=g","contentUrl":"https:\/\/secure.gravatar.com\/avatar\/7571c7c8ca3a6fca5e41384ece5557ff?s=96&r=g","caption":"Laura Moutinho"},"description":"Estagi\u00e1ria na Suno Not\u00edcias, escreve not\u00edcias que afetam o mercado financeiro. Estuda administra\u00e7\u00e3o na Universidade Presbiteriana Mackenzie.","url":"https:\/\/www.suno.com.br\/noticias\/author\/laura-moutinho\/"}]}},"default_loop_html":"<div class=\"cardsPage__listCard__boxs\"><div class=\"cardsPage__listCard__boxs__img\"><a href=\"https:\/\/www.suno.com.br\/noticias\/blackrock-coronavirus-economia-global\/\"><img class=\"mask\" src=\"https:\/\/www.suno.com.br\/noticias\/wp-content\/themes\/suno\/resources\/images\/spotlight\/spotlight1img\/bg-mask.png\" alt=\"Image Mask\"\/><img src=\"https:\/\/files.sunoresearch.com.br\/n\/uploads\/2019\/04\/7ab43269-blackock-678x356-e1555429259340-400x200.webp\" alt=\"BlackRock prev\u00ea mudan\u00e7as na economia global ap\u00f3s a pandemia\"\/><\/a><span class=\"spotlightCategory\"><a href=\"https:\/\/www.suno.com.br\/noticias\/mercado\/\">Mercado<\/a><\/span><\/div><div class=\"cardsPage__listCard__boxs__content\"><a href=\"https:\/\/www.suno.com.br\/noticias\/blackrock-coronavirus-economia-global\/\"><h2 class=\"content__title\">BlackRock prev\u00ea mudan\u00e7as na economia global ap\u00f3s a pandemia<\/h2><\/a><div class=\"newsContent__article__meta\"><div class=\"newsContent__article__meta__authorBox\"><a href=\"https:\/\/www.suno.com.br\/noticias\/author\/laura-moutinho\/\" class=\"authorBox__avatar noMobi\"><img src=\"https:\/\/files.sunoresearch.com.br\/n\/uploads\/2020\/08\/531ff69d-whatsapp-image-2020-08-03-at-14.54.38-150x150.webp\" alt=\"Laura Moutinho\"><\/a><div class=\"authorBox__name\"><span>por\n\t\t\t<a href=\"https:\/\/www.suno.com.br\/noticias\/author\/laura-moutinho\/\"><span itemprop=\"author\">Laura Moutinho<\/span><\/a><\/span><time datetime=\"2020-03-30T19:53:13-03:00\" itemprop=\"datePublished\">30\/03\/2020 19:53<\/time><\/div><\/div><\/div><\/div><\/div>","single_layout":"posts","amp_enabled":true,"_links":{"self":[{"href":"https:\/\/www.suno.com.br\/noticias\/wp-json\/wp\/v2\/posts\/59565"}],"collection":[{"href":"https:\/\/www.suno.com.br\/noticias\/wp-json\/wp\/v2\/posts"}],"about":[{"href":"https:\/\/www.suno.com.br\/noticias\/wp-json\/wp\/v2\/types\/post"}],"author":[{"embeddable":true,"href":"https:\/\/www.suno.com.br\/noticias\/wp-json\/wp\/v2\/users\/39"}],"replies":[{"embeddable":true,"href":"https:\/\/www.suno.com.br\/noticias\/wp-json\/wp\/v2\/comments?post=59565"}],"version-history":[{"count":0,"href":"https:\/\/www.suno.com.br\/noticias\/wp-json\/wp\/v2\/posts\/59565\/revisions"}],"wp:featuredmedia":[{"embeddable":true,"href":"https:\/\/www.suno.com.br\/noticias\/wp-json\/wp\/v2\/media\/21166"}],"wp:attachment":[{"href":"https:\/\/www.suno.com.br\/noticias\/wp-json\/wp\/v2\/media?parent=59565"}],"wp:term":[{"taxonomy":"category","embeddable":true,"href":"https:\/\/www.suno.com.br\/noticias\/wp-json\/wp\/v2\/categories?post=59565"},{"taxonomy":"post_tag","embeddable":true,"href":"https:\/\/www.suno.com.br\/noticias\/wp-json\/wp\/v2\/tags?post=59565"},{"taxonomy":"suno_strategy","embeddable":true,"href":"https:\/\/www.suno.com.br\/noticias\/wp-json\/wp\/v2\/suno_strategy?post=59565"}],"curies":[{"name":"wp","href":"https:\/\/api.w.org\/{rel}","templated":true}]}}