{"id":59524,"date":"2020-03-30T18:02:29","date_gmt":"2020-03-30T21:02:29","guid":{"rendered":"https:\/\/www.suno.com.br\/noticias\/?p=59524"},"modified":"2020-03-30T18:02:29","modified_gmt":"2020-03-30T21:02:29","slug":"fitch-avalia-setor-bancario-brasil-perspectiva-negativa","status":"publish","type":"post","link":"https:\/\/www.suno.com.br\/noticias\/fitch-avalia-setor-bancario-brasil-perspectiva-negativa\/","title":{"rendered":"Fitch avalia setor banc\u00e1rio do Brasil com perspectiva negativa"},"content":{"rendered":"<p>A <a href=\"https:\/\/www.suno.com.br\/artigos\/agencias-de-rating\/\">ag\u00eancia de classifica\u00e7\u00e3o de risco<\/a> <strong>Fitch Ratings<\/strong>\u00a0revisou nesta segunda-feira (30) sua perspectiva para o setor banc\u00e1rio do Brasil. A avalia\u00e7\u00e3o caiu de &#8220;est\u00e1vel&#8221; para &#8220;negativa&#8221; por conta dos impactos da pandemia do <a href=\"https:\/\/www.suno.com.br\/noticias\/coronavirus\/\">novo coronav\u00edrus (covid-19)<\/a>.<\/p>\t<div class=\"wrapper-featured-image\">\n\t\t<figure class=\"spotlightImg\">\n\n\t\t\t<picture>\n\t\t\t\t<source media=\"(max-width: 768px)\" srcset=\"https:\/\/files.sunoresearch.com.br\/n\/uploads\/2019\/05\/dfa73471-fitch-ratings-400x200.webp\">\n\t\t\t\t<img loading=\"lazy\" decoding=\"async\" class=\"newsContent__article__imgCapa lazyloadDisabled newsContent__article__imgCapa--noCaption\" src=\"https:\/\/files.sunoresearch.com.br\/n\/uploads\/2019\/05\/dfa73471-fitch-ratings-800x450.webp\" width=\"800\" height=\"450\" alt=\"Fitch avalia setor banc\u00e1rio do Brasil com perspectiva negativa\" fetchpriority=high \/>\n\t\t\t<\/picture>\n\n\t\t\t<figcaption class=\"wp-caption-text wp-caption-text--hide\">Fitch projeta queda de 6% no PIB brasileiro em 2020<\/figcaption>\n\t\t<\/figure>\n\t<\/div>\n\n\n\n<p>De acordo com a ag\u00eancia, al\u00e9m dos <strong>bancos<\/strong>, a crise econ\u00f4mica causada pelo <strong>coronav\u00edrus<\/strong> trar\u00e1 desafios para todos os setores no Brasil. As medidas utilizadas para minimizar os impactos da doen\u00e7a, segundo a Fitch, afetar\u00e3o ainda mais as empresas, o <strong>setor de varejo<\/strong> e as pessoas f\u00edsicas.<\/p>\n<p>\u201cEste cen\u00e1rio naturalmente muda a din\u00e2mica de cr\u00e9dito para bancos e para todas as institui\u00e7\u00f5es financeiras n\u00e3o banc\u00e1rias no pa\u00eds e deve impactar seus perfis financeiros\u201d, informou a ag\u00eancia.<\/p>\n<p><a href=\"https:\/\/www.suno.com.br\/nossas-assinaturas\/suno-premium\/\">Saiba mais: Oportunidades \u00fanicas surgiram com a queda na bolsa! Aproveite e acesse agora nossos relat\u00f3rios para assinantes.<\/a><\/p>\n<p>Al\u00e9m disso, a empresa ressaltou ainda que a confian\u00e7a no Brasil estava melhorando, mesmo que de forma lenta, ap\u00f3s a aprova\u00e7\u00e3o da <strong>reforma da Previd\u00eancia<\/strong>.<\/p>\n<p>Em meio ao cen\u00e1rio otimista, marcado tamb\u00e9m pelos juros baixos, as empresas estavam levantando d\u00edvidas por meio do mercado de capital e reduzindo suas alavancagens com os bancos.<\/p>\n\t<p>\n\t\t<a href=\"https:\/\/lp.suno.com.br\/lm\/simulador-de-renda-passiva\/\" target=\"_blank\" data-element=\"shortcode-suno-banner\" title=\"Banner SUNO, clique e saiba mais\">\n\t\t\t<picture>\n\t\t\t\t<source media=\"(max-width: 500px)\" srcset=\"https:\/\/files.sunoresearch.com.br\/n\/uploads\/2024\/04\/Lead-Magnet-400x300-1.png\">\n\t\t\t\t<img class=\"newsContent__article__imgCapa newsContent__article__imgCapa--banner\"\n\t\t\t\t\tsrc=\"https:\/\/files.sunoresearch.com.br\/n\/uploads\/2024\/04\/Lead-Magnet-1420x240-1.png\"\n\t\t\t\t\tdata-promo-id=\"543552\"\t\t\t\t\t\t\t\t\t\twidth='1420' height='240'\t\t\t\t\talt=\"https:\/\/files.sunoresearch.com.br\/n\/uploads\/2024\/04\/Lead-Magnet-1420x240-1.png\"\n\t\t\t\t>\n\t\t\t<\/picture>\n\t\t<\/a>\n\t<\/p>\n\n\n<p>No entanto, segundo a ag\u00eancia, a liquidez no curto prazo da maior parte das companhias ser\u00e1 afetada por conta da pandemia.\u00a0\u201cO cen\u00e1rio levanta d\u00favidas sobre a gera\u00e7\u00e3o de caixa futura e, consequentemente, para a evolu\u00e7\u00e3o do desemprego no pa\u00eds, considerando as dificuldades de se prever o tempo de recupera\u00e7\u00e3o da economia\u201d, avalia a ag\u00eancia.<\/p>\n<h2>Fitch corta previs\u00e3o do PIB global<\/h2>\n<p>A Fitch reduziu sua proje\u00e7\u00e3o de crescimento da economia global. A expectativa \u00e9 que o <a href=\"https:\/\/www.suno.com.br\/artigos\/pib-produto-interno-bruto\/\">Produto Interno Bruto (<strong>PIB<\/strong>)<\/a> seja reduzido em US$ 850 bilh\u00f5es ante a previs\u00e3o anterior por conta dos impactos econ\u00f4micos da pandemia de coronav\u00edrus.<\/p>\n<p><a href=\"https:\/\/www.suno.com.br\/noticias\/coronavirus-fitch-corta-previsao-crescimento-pib-global\/\">Saiba mais: Coronav\u00edrus: Fitch corta previs\u00e3o de crescimento do PIB global<\/a><\/p>\n<p>Conforme o relat\u00f3rio divulgado pela ag\u00eancia, a expectativa \u00e9 que a economia global avance somente 1,3% em 2020. A proje\u00e7\u00e3o anterior, divulgada em dezembro do ano passado, previa um crescimento de 2,5%.<\/p>\n<p>A <a href=\"https:\/\/www.suno.com.br\/artigos\/agencias-de-rating\/\"><strong>Fitch<\/strong><\/a> salientou ainda que a redu\u00e7\u00e3o ser\u00e1 maior caso as economias do <a href=\"https:\/\/www.suno.com.br\/artigos\/g8\/\">G7<\/a> apliquem medidas restritivas mais severas para contar a propaga\u00e7\u00e3o da doen\u00e7a.<\/p>\n\n","protected":false},"excerpt":{"rendered":"<p>A ag\u00eancia de classifica\u00e7\u00e3o de risco Fitch Ratings\u00a0revisou nesta segunda-feira (30) sua perspectiva para o setor banc\u00e1rio do Brasil. A avalia\u00e7\u00e3o caiu de &#8220;est\u00e1vel&#8221; para &#8220;negativa&#8221; por conta dos impactos da pandemia do novo coronav\u00edrus (covid-19). Fitch projeta queda de 6% no PIB brasileiro em 2020 De acordo com a ag\u00eancia, al\u00e9m dos bancos, a [&hellip;]<\/p>\n","protected":false},"author":18,"featured_media":25421,"comment_status":"closed","ping_status":"closed","sticky":false,"template":"","format":"standard","meta":[],"categories":[64],"tags":[289,2487,1277],"suno_strategy":[],"class_list":["post-59524","post","type-post","status-publish","format-standard","has-post-thumbnail","hentry","category-negocios","tag-bancos","tag-coronavirus","tag-fitch"],"yoast_head":"<!-- This site is optimized with the Yoast SEO plugin v24.4 - https:\/\/yoast.com\/wordpress\/plugins\/seo\/ -->\n<title>Fitch avalia setor banc\u00e1rio do Brasil com perspectiva negativa<\/title>\n<meta name=\"description\" content=\"A Fitch\u00a0revisou nesta segunda-feira sua perspectiva para o setor banc\u00e1rio do Brasil de &quot;est\u00e1vel&quot; para &quot;negativa&quot;. Clique para saber mais.\" \/>\n<meta name=\"robots\" content=\"index, follow, max-snippet:-1, max-image-preview:large, max-video-preview:-1\" \/>\n<link rel=\"canonical\" href=\"https:\/\/www.suno.com.br\/noticias\/fitch-avalia-setor-bancario-brasil-perspectiva-negativa\/\" \/>\n<meta property=\"og:locale\" content=\"pt_BR\" \/>\n<meta property=\"og:type\" content=\"article\" \/>\n<meta property=\"og:title\" content=\"Fitch avalia setor banc\u00e1rio do Brasil com perspectiva negativa\" \/>\n<meta property=\"og:description\" content=\"A Fitch\u00a0revisou nesta segunda-feira sua perspectiva para o setor banc\u00e1rio do Brasil de &quot;est\u00e1vel&quot; para &quot;negativa&quot;. Clique para saber mais.\" \/>\n<meta property=\"og:url\" content=\"https:\/\/www.suno.com.br\/noticias\/fitch-avalia-setor-bancario-brasil-perspectiva-negativa\/\" \/>\n<meta property=\"og:site_name\" content=\"Suno Not\u00edcias\" \/>\n<meta property=\"article:publisher\" content=\"https:\/\/facebook.com\/sunoresearch\" \/>\n<meta property=\"og:image\" content=\"https:\/\/files.sunoresearch.com.br\/n\/uploads\/2019\/05\/dfa73471-fitch-ratings.jpg\" \/>\n\t<meta property=\"og:image:width\" content=\"800\" \/>\n\t<meta property=\"og:image:height\" content=\"500\" \/>\n\t<meta property=\"og:image:type\" content=\"image\/jpeg\" \/>\n<meta name=\"author\" content=\"Giovanna Oliveira\" \/>\n<meta name=\"twitter:card\" content=\"summary_large_image\" \/>\n<meta name=\"twitter:creator\" content=\"@sunoresearch\" \/>\n<meta name=\"twitter:site\" content=\"@sunoresearch\" \/>\n<meta name=\"twitter:label1\" content=\"Escrito por\" \/>\n\t<meta name=\"twitter:data1\" content=\"Giovanna Oliveira\" \/>\n\t<meta name=\"twitter:label2\" content=\"Est. tempo de leitura\" \/>\n\t<meta name=\"twitter:data2\" content=\"2 minutos\" \/>\n<script type=\"application\/ld+json\" class=\"yoast-schema-graph\">{\"@context\":\"https:\/\/schema.org\",\"@graph\":[{\"@type\":\"NewsArticle\",\"@id\":\"https:\/\/www.suno.com.br\/noticias\/fitch-avalia-setor-bancario-brasil-perspectiva-negativa\/#article\",\"isPartOf\":{\"@id\":\"https:\/\/www.suno.com.br\/noticias\/fitch-avalia-setor-bancario-brasil-perspectiva-negativa\/\"},\"author\":{\"name\":\"Giovanna Oliveira\",\"@id\":\"https:\/\/www.suno.com.br\/noticias\/#\/schema\/person\/4e19e3d2575736e5283d58eb3199d120\"},\"headline\":\"Fitch avalia setor banc\u00e1rio do Brasil com perspectiva negativa\",\"datePublished\":\"2020-03-30T21:02:29+00:00\",\"mainEntityOfPage\":{\"@id\":\"https:\/\/www.suno.com.br\/noticias\/fitch-avalia-setor-bancario-brasil-perspectiva-negativa\/\"},\"wordCount\":417,\"publisher\":{\"@id\":\"https:\/\/www.suno.com.br\/noticias\/#organization\"},\"image\":{\"@id\":\"https:\/\/www.suno.com.br\/noticias\/fitch-avalia-setor-bancario-brasil-perspectiva-negativa\/#primaryimage\"},\"thumbnailUrl\":\"https:\/\/files.sunoresearch.com.br\/n\/uploads\/2019\/05\/dfa73471-fitch-ratings-jpg.webp\",\"keywords\":[\"bancos\",\"coronav\u00edrus\",\"Fitch\"],\"articleSection\":[\"Neg\u00f3cios\"],\"inLanguage\":\"pt-BR\"},{\"@type\":\"WebPage\",\"@id\":\"https:\/\/www.suno.com.br\/noticias\/fitch-avalia-setor-bancario-brasil-perspectiva-negativa\/\",\"url\":\"https:\/\/www.suno.com.br\/noticias\/fitch-avalia-setor-bancario-brasil-perspectiva-negativa\/\",\"name\":\"Fitch avalia setor banc\u00e1rio do Brasil com perspectiva negativa\",\"isPartOf\":{\"@id\":\"https:\/\/www.suno.com.br\/noticias\/#website\"},\"primaryImageOfPage\":{\"@id\":\"https:\/\/www.suno.com.br\/noticias\/fitch-avalia-setor-bancario-brasil-perspectiva-negativa\/#primaryimage\"},\"image\":{\"@id\":\"https:\/\/www.suno.com.br\/noticias\/fitch-avalia-setor-bancario-brasil-perspectiva-negativa\/#primaryimage\"},\"thumbnailUrl\":\"https:\/\/files.sunoresearch.com.br\/n\/uploads\/2019\/05\/dfa73471-fitch-ratings-jpg.webp\",\"datePublished\":\"2020-03-30T21:02:29+00:00\",\"description\":\"A Fitch\u00a0revisou nesta segunda-feira sua perspectiva para o setor banc\u00e1rio do Brasil de \\\"est\u00e1vel\\\" para \\\"negativa\\\". Clique para saber mais.\",\"breadcrumb\":{\"@id\":\"https:\/\/www.suno.com.br\/noticias\/fitch-avalia-setor-bancario-brasil-perspectiva-negativa\/#breadcrumb\"},\"inLanguage\":\"pt-BR\",\"potentialAction\":[{\"@type\":\"ReadAction\",\"target\":[\"https:\/\/www.suno.com.br\/noticias\/fitch-avalia-setor-bancario-brasil-perspectiva-negativa\/\"]}]},{\"@type\":\"ImageObject\",\"inLanguage\":\"pt-BR\",\"@id\":\"https:\/\/www.suno.com.br\/noticias\/fitch-avalia-setor-bancario-brasil-perspectiva-negativa\/#primaryimage\",\"url\":\"https:\/\/files.sunoresearch.com.br\/n\/uploads\/2019\/05\/dfa73471-fitch-ratings-jpg.webp\",\"contentUrl\":\"https:\/\/files.sunoresearch.com.br\/n\/uploads\/2019\/05\/dfa73471-fitch-ratings-jpg.webp\",\"width\":800,\"height\":500,\"caption\":\"Fitch projeta queda de 6% no PIB brasileiro em 2020\"},{\"@type\":\"BreadcrumbList\",\"@id\":\"https:\/\/www.suno.com.br\/noticias\/fitch-avalia-setor-bancario-brasil-perspectiva-negativa\/#breadcrumb\",\"itemListElement\":[{\"@type\":\"ListItem\",\"position\":1,\"name\":\"Not\u00edcias\",\"item\":\"https:\/\/www.suno.com.br\/noticias\/\"},{\"@type\":\"ListItem\",\"position\":2,\"name\":\"Neg\u00f3cios\",\"item\":\"https:\/\/www.suno.com.br\/noticias\/negocios\/\"},{\"@type\":\"ListItem\",\"position\":3,\"name\":\"Fitch avalia setor banc\u00e1rio do Brasil com perspectiva negativa\"}]},{\"@type\":\"WebSite\",\"@id\":\"https:\/\/www.suno.com.br\/noticias\/#website\",\"url\":\"https:\/\/www.suno.com.br\/noticias\/\",\"name\":\"Suno Not\u00edcias\",\"description\":\"Seu portal de informa\u00e7\u00e3o sobre o mundo dos investimentos\",\"publisher\":{\"@id\":\"https:\/\/www.suno.com.br\/noticias\/#organization\"},\"potentialAction\":[{\"@type\":\"SearchAction\",\"target\":{\"@type\":\"EntryPoint\",\"urlTemplate\":\"https:\/\/www.suno.com.br\/noticias\/?s={search_term_string}\"},\"query-input\":{\"@type\":\"PropertyValueSpecification\",\"valueRequired\":true,\"valueName\":\"search_term_string\"}}],\"inLanguage\":\"pt-BR\"},{\"@type\":\"Organization\",\"@id\":\"https:\/\/www.suno.com.br\/noticias\/#organization\",\"name\":\"Suno Not\u00edcias\",\"url\":\"https:\/\/www.suno.com.br\/noticias\/\",\"logo\":{\"@type\":\"ImageObject\",\"inLanguage\":\"pt-BR\",\"@id\":\"https:\/\/www.suno.com.br\/noticias\/#\/schema\/logo\/image\/\",\"url\":\"https:\/\/files.sunoresearch.com.br\/n\/uploads\/2021\/09\/suno-logo.png\",\"contentUrl\":\"https:\/\/files.sunoresearch.com.br\/n\/uploads\/2021\/09\/suno-logo.png\",\"width\":180,\"height\":180,\"caption\":\"Suno Not\u00edcias\"},\"image\":{\"@id\":\"https:\/\/www.suno.com.br\/noticias\/#\/schema\/logo\/image\/\"},\"sameAs\":[\"https:\/\/facebook.com\/sunoresearch\",\"https:\/\/x.com\/sunoresearch\",\"https:\/\/www.instagram.com\/suno\",\"https:\/\/www.linkedin.com\/company\/suno-research\/\",\"https:\/\/www.youtube.com\/c\/sunoresearch\"]},{\"@type\":\"Person\",\"@id\":\"https:\/\/www.suno.com.br\/noticias\/#\/schema\/person\/4e19e3d2575736e5283d58eb3199d120\",\"name\":\"Giovanna Oliveira\",\"image\":{\"@type\":\"ImageObject\",\"inLanguage\":\"pt-BR\",\"@id\":\"https:\/\/www.suno.com.br\/noticias\/#\/schema\/person\/image\/\",\"url\":\"https:\/\/secure.gravatar.com\/avatar\/9a37b3ae208962ac568992d0ffdbc2eb?s=96&r=g\",\"contentUrl\":\"https:\/\/secure.gravatar.com\/avatar\/9a37b3ae208962ac568992d0ffdbc2eb?s=96&r=g\",\"caption\":\"Giovanna Oliveira\"},\"description\":\"Giovanna Oliveira escreve sobre economia e pol\u00edtica. Foi rep\u00f3rter do portal de jornalismo da ESPM-SP e produziu conte\u00fado para a Corinthians TV. \u00c9 estudante da ESPM.\",\"url\":\"https:\/\/www.suno.com.br\/noticias\/author\/giovanna\/\"}]}<\/script>\n<!-- \/ Yoast SEO plugin. -->","yoast_head_json":{"title":"Fitch avalia setor banc\u00e1rio do Brasil com perspectiva negativa","description":"A Fitch\u00a0revisou nesta segunda-feira sua perspectiva para o setor banc\u00e1rio do Brasil de \"est\u00e1vel\" para \"negativa\". Clique para saber mais.","robots":{"index":"index","follow":"follow","max-snippet":"max-snippet:-1","max-image-preview":"max-image-preview:large","max-video-preview":"max-video-preview:-1"},"canonical":"https:\/\/www.suno.com.br\/noticias\/fitch-avalia-setor-bancario-brasil-perspectiva-negativa\/","og_locale":"pt_BR","og_type":"article","og_title":"Fitch avalia setor banc\u00e1rio do Brasil com perspectiva negativa","og_description":"A Fitch\u00a0revisou nesta segunda-feira sua perspectiva para o setor banc\u00e1rio do Brasil de \"est\u00e1vel\" para \"negativa\". Clique para saber mais.","og_url":"https:\/\/www.suno.com.br\/noticias\/fitch-avalia-setor-bancario-brasil-perspectiva-negativa\/","og_site_name":"Suno Not\u00edcias","article_publisher":"https:\/\/facebook.com\/sunoresearch","og_image":[{"width":800,"height":500,"url":"https:\/\/files.sunoresearch.com.br\/n\/uploads\/2019\/05\/dfa73471-fitch-ratings.jpg","type":"image\/jpeg"}],"author":"Giovanna Oliveira","twitter_card":"summary_large_image","twitter_creator":"@sunoresearch","twitter_site":"@sunoresearch","twitter_misc":{"Escrito por":"Giovanna Oliveira","Est. tempo de leitura":"2 minutos"},"schema":{"@context":"https:\/\/schema.org","@graph":[{"@type":"NewsArticle","@id":"https:\/\/www.suno.com.br\/noticias\/fitch-avalia-setor-bancario-brasil-perspectiva-negativa\/#article","isPartOf":{"@id":"https:\/\/www.suno.com.br\/noticias\/fitch-avalia-setor-bancario-brasil-perspectiva-negativa\/"},"author":{"name":"Giovanna Oliveira","@id":"https:\/\/www.suno.com.br\/noticias\/#\/schema\/person\/4e19e3d2575736e5283d58eb3199d120"},"headline":"Fitch avalia setor banc\u00e1rio do Brasil com perspectiva negativa","datePublished":"2020-03-30T21:02:29+00:00","mainEntityOfPage":{"@id":"https:\/\/www.suno.com.br\/noticias\/fitch-avalia-setor-bancario-brasil-perspectiva-negativa\/"},"wordCount":417,"publisher":{"@id":"https:\/\/www.suno.com.br\/noticias\/#organization"},"image":{"@id":"https:\/\/www.suno.com.br\/noticias\/fitch-avalia-setor-bancario-brasil-perspectiva-negativa\/#primaryimage"},"thumbnailUrl":"https:\/\/files.sunoresearch.com.br\/n\/uploads\/2019\/05\/dfa73471-fitch-ratings-jpg.webp","keywords":["bancos","coronav\u00edrus","Fitch"],"articleSection":["Neg\u00f3cios"],"inLanguage":"pt-BR"},{"@type":"WebPage","@id":"https:\/\/www.suno.com.br\/noticias\/fitch-avalia-setor-bancario-brasil-perspectiva-negativa\/","url":"https:\/\/www.suno.com.br\/noticias\/fitch-avalia-setor-bancario-brasil-perspectiva-negativa\/","name":"Fitch avalia setor banc\u00e1rio do Brasil com perspectiva negativa","isPartOf":{"@id":"https:\/\/www.suno.com.br\/noticias\/#website"},"primaryImageOfPage":{"@id":"https:\/\/www.suno.com.br\/noticias\/fitch-avalia-setor-bancario-brasil-perspectiva-negativa\/#primaryimage"},"image":{"@id":"https:\/\/www.suno.com.br\/noticias\/fitch-avalia-setor-bancario-brasil-perspectiva-negativa\/#primaryimage"},"thumbnailUrl":"https:\/\/files.sunoresearch.com.br\/n\/uploads\/2019\/05\/dfa73471-fitch-ratings-jpg.webp","datePublished":"2020-03-30T21:02:29+00:00","description":"A Fitch\u00a0revisou nesta segunda-feira sua perspectiva para o setor banc\u00e1rio do Brasil de \"est\u00e1vel\" para \"negativa\". Clique para saber mais.","breadcrumb":{"@id":"https:\/\/www.suno.com.br\/noticias\/fitch-avalia-setor-bancario-brasil-perspectiva-negativa\/#breadcrumb"},"inLanguage":"pt-BR","potentialAction":[{"@type":"ReadAction","target":["https:\/\/www.suno.com.br\/noticias\/fitch-avalia-setor-bancario-brasil-perspectiva-negativa\/"]}]},{"@type":"ImageObject","inLanguage":"pt-BR","@id":"https:\/\/www.suno.com.br\/noticias\/fitch-avalia-setor-bancario-brasil-perspectiva-negativa\/#primaryimage","url":"https:\/\/files.sunoresearch.com.br\/n\/uploads\/2019\/05\/dfa73471-fitch-ratings-jpg.webp","contentUrl":"https:\/\/files.sunoresearch.com.br\/n\/uploads\/2019\/05\/dfa73471-fitch-ratings-jpg.webp","width":800,"height":500,"caption":"Fitch projeta queda de 6% no PIB brasileiro em 2020"},{"@type":"BreadcrumbList","@id":"https:\/\/www.suno.com.br\/noticias\/fitch-avalia-setor-bancario-brasil-perspectiva-negativa\/#breadcrumb","itemListElement":[{"@type":"ListItem","position":1,"name":"Not\u00edcias","item":"https:\/\/www.suno.com.br\/noticias\/"},{"@type":"ListItem","position":2,"name":"Neg\u00f3cios","item":"https:\/\/www.suno.com.br\/noticias\/negocios\/"},{"@type":"ListItem","position":3,"name":"Fitch avalia setor banc\u00e1rio do Brasil com perspectiva negativa"}]},{"@type":"WebSite","@id":"https:\/\/www.suno.com.br\/noticias\/#website","url":"https:\/\/www.suno.com.br\/noticias\/","name":"Suno Not\u00edcias","description":"Seu portal de informa\u00e7\u00e3o sobre o mundo dos investimentos","publisher":{"@id":"https:\/\/www.suno.com.br\/noticias\/#organization"},"potentialAction":[{"@type":"SearchAction","target":{"@type":"EntryPoint","urlTemplate":"https:\/\/www.suno.com.br\/noticias\/?s={search_term_string}"},"query-input":{"@type":"PropertyValueSpecification","valueRequired":true,"valueName":"search_term_string"}}],"inLanguage":"pt-BR"},{"@type":"Organization","@id":"https:\/\/www.suno.com.br\/noticias\/#organization","name":"Suno Not\u00edcias","url":"https:\/\/www.suno.com.br\/noticias\/","logo":{"@type":"ImageObject","inLanguage":"pt-BR","@id":"https:\/\/www.suno.com.br\/noticias\/#\/schema\/logo\/image\/","url":"https:\/\/files.sunoresearch.com.br\/n\/uploads\/2021\/09\/suno-logo.png","contentUrl":"https:\/\/files.sunoresearch.com.br\/n\/uploads\/2021\/09\/suno-logo.png","width":180,"height":180,"caption":"Suno Not\u00edcias"},"image":{"@id":"https:\/\/www.suno.com.br\/noticias\/#\/schema\/logo\/image\/"},"sameAs":["https:\/\/facebook.com\/sunoresearch","https:\/\/x.com\/sunoresearch","https:\/\/www.instagram.com\/suno","https:\/\/www.linkedin.com\/company\/suno-research\/","https:\/\/www.youtube.com\/c\/sunoresearch"]},{"@type":"Person","@id":"https:\/\/www.suno.com.br\/noticias\/#\/schema\/person\/4e19e3d2575736e5283d58eb3199d120","name":"Giovanna Oliveira","image":{"@type":"ImageObject","inLanguage":"pt-BR","@id":"https:\/\/www.suno.com.br\/noticias\/#\/schema\/person\/image\/","url":"https:\/\/secure.gravatar.com\/avatar\/9a37b3ae208962ac568992d0ffdbc2eb?s=96&r=g","contentUrl":"https:\/\/secure.gravatar.com\/avatar\/9a37b3ae208962ac568992d0ffdbc2eb?s=96&r=g","caption":"Giovanna Oliveira"},"description":"Giovanna Oliveira escreve sobre economia e pol\u00edtica. Foi rep\u00f3rter do portal de jornalismo da ESPM-SP e produziu conte\u00fado para a Corinthians TV. \u00c9 estudante da ESPM.","url":"https:\/\/www.suno.com.br\/noticias\/author\/giovanna\/"}]}},"default_loop_html":"<div class=\"cardsPage__listCard__boxs\"><div class=\"cardsPage__listCard__boxs__img\"><a href=\"https:\/\/www.suno.com.br\/noticias\/fitch-avalia-setor-bancario-brasil-perspectiva-negativa\/\"><img class=\"mask\" src=\"https:\/\/www.suno.com.br\/noticias\/wp-content\/themes\/suno\/resources\/images\/spotlight\/spotlight1img\/bg-mask.png\" alt=\"Image Mask\"\/><img src=\"https:\/\/files.sunoresearch.com.br\/n\/uploads\/2019\/05\/dfa73471-fitch-ratings-400x200.webp\" alt=\"Fitch avalia setor banc\u00e1rio do Brasil com perspectiva negativa\"\/><\/a><span class=\"spotlightCategory\"><a href=\"https:\/\/www.suno.com.br\/noticias\/negocios\/\">Neg\u00f3cios<\/a><\/span><\/div><div class=\"cardsPage__listCard__boxs__content\"><a href=\"https:\/\/www.suno.com.br\/noticias\/fitch-avalia-setor-bancario-brasil-perspectiva-negativa\/\"><h2 class=\"content__title\">Fitch avalia setor banc\u00e1rio do Brasil com perspectiva negativa<\/h2><\/a><div class=\"newsContent__article__meta\"><div class=\"newsContent__article__meta__authorBox\"><a href=\"https:\/\/www.suno.com.br\/noticias\/author\/giovanna\/\" class=\"authorBox__avatar noMobi\"><img src=\"https:\/\/files.sunoresearch.com.br\/n\/uploads\/2019\/06\/952a89ca-screenshot_20190608-171507-150x150.webp\" alt=\"Giovanna Oliveira\"><\/a><div class=\"authorBox__name\"><span>por\n\t\t\t<a href=\"https:\/\/www.suno.com.br\/noticias\/author\/giovanna\/\"><span itemprop=\"author\">Giovanna Oliveira<\/span><\/a><\/span><time datetime=\"2020-03-30T18:02:29-03:00\" itemprop=\"datePublished\">30\/03\/2020 18:02<\/time><\/div><\/div><\/div><\/div><\/div>","single_layout":"posts","amp_enabled":true,"_links":{"self":[{"href":"https:\/\/www.suno.com.br\/noticias\/wp-json\/wp\/v2\/posts\/59524"}],"collection":[{"href":"https:\/\/www.suno.com.br\/noticias\/wp-json\/wp\/v2\/posts"}],"about":[{"href":"https:\/\/www.suno.com.br\/noticias\/wp-json\/wp\/v2\/types\/post"}],"author":[{"embeddable":true,"href":"https:\/\/www.suno.com.br\/noticias\/wp-json\/wp\/v2\/users\/18"}],"replies":[{"embeddable":true,"href":"https:\/\/www.suno.com.br\/noticias\/wp-json\/wp\/v2\/comments?post=59524"}],"version-history":[{"count":0,"href":"https:\/\/www.suno.com.br\/noticias\/wp-json\/wp\/v2\/posts\/59524\/revisions"}],"wp:featuredmedia":[{"embeddable":true,"href":"https:\/\/www.suno.com.br\/noticias\/wp-json\/wp\/v2\/media\/25421"}],"wp:attachment":[{"href":"https:\/\/www.suno.com.br\/noticias\/wp-json\/wp\/v2\/media?parent=59524"}],"wp:term":[{"taxonomy":"category","embeddable":true,"href":"https:\/\/www.suno.com.br\/noticias\/wp-json\/wp\/v2\/categories?post=59524"},{"taxonomy":"post_tag","embeddable":true,"href":"https:\/\/www.suno.com.br\/noticias\/wp-json\/wp\/v2\/tags?post=59524"},{"taxonomy":"suno_strategy","embeddable":true,"href":"https:\/\/www.suno.com.br\/noticias\/wp-json\/wp\/v2\/suno_strategy?post=59524"}],"curies":[{"name":"wp","href":"https:\/\/api.w.org\/{rel}","templated":true}]}}