{"id":59476,"date":"2020-03-30T16:10:08","date_gmt":"2020-03-30T19:10:08","guid":{"rendered":"https:\/\/www.suno.com.br\/noticias\/?p=59476"},"modified":"2020-03-30T18:47:14","modified_gmt":"2020-03-30T21:47:14","slug":"coronavirus-alternativa-tributaria","status":"publish","type":"post","link":"https:\/\/www.suno.com.br\/noticias\/coronavirus-alternativa-tributaria\/","title":{"rendered":"Coronav\u00edrus: alternativas tribut\u00e1rias podem refor\u00e7ar caixa das empresas"},"content":{"rendered":"<p>A pandemia causada pelo <a href=\"https:\/\/www.youtube.com\/watch?v=3isdrLdIEdM\"><strong>coronav\u00edrus (covid-19)<\/strong> <\/a>atingiu as empresas de forma inesperada. Com uma demanda em inani\u00e7\u00e3o e sem contar com a opera\u00e7\u00e3o normal por conta do lockdown que atinge a maioria dos Estados brasileiros, muitas empresas veem seus caixas minguarem de forma acelerada.<\/p>\t<div class=\"wrapper-featured-image\">\n\t\t<figure class=\"spotlightImg\">\n\n\t\t\t<picture>\n\t\t\t\t<source media=\"(max-width: 768px)\" srcset=\"https:\/\/files.sunoresearch.com.br\/n\/uploads\/2018\/09\/6de92db4-imposto-renda-400x200.webp\">\n\t\t\t\t<img loading=\"lazy\" decoding=\"async\" class=\"newsContent__article__imgCapa lazyloadDisabled newsContent__article__imgCapa--noCaption\" src=\"https:\/\/files.sunoresearch.com.br\/n\/uploads\/2018\/09\/6de92db4-imposto-renda-800x450.webp\" width=\"800\" height=\"450\" alt=\"Coronav\u00edrus: alternativas tribut\u00e1rias podem refor\u00e7ar caixa das empresas\" fetchpriority=high \/>\n\t\t\t<\/picture>\n\n\t\t\t<figcaption class=\"wp-caption-text wp-caption-text--hide\">Imposto de Renda. Foto: Pixabay<\/figcaption>\n\t\t<\/figure>\n\t<\/div>\n\n\n\n<p>De acordo com especialistas consultados pelo <strong>SUNO Not\u00edcias<\/strong>, h\u00e1 alguns dispositivos jur\u00eddicos que podem auxiliar as companhias em crises desta magnitude, principalmente na forma de revis\u00f5es tribut\u00e1rias.<\/p>\n<p>&#8220;Vivemos uma conjuntura social sem precedentes, com pessoas confinadas em seus pr\u00f3prios lares. Existem, por\u00e9m, algumas medidas tribut\u00e1rias capazes de minimizar os impactos financeiros sofridos pelas empresas&#8221;, disse o advogado Marcelo Costa Censoni Filho, s\u00f3cio do Censoni Advogados Associados.<\/p>\n<p>&#8220;A principal medida para disponibiliza\u00e7\u00e3o de recursos \u00e9 a revis\u00e3o tribut\u00e1ria e fiscal, o que proporciona \u00e0 empresa em crise, gerar caixa (ganho de capital) de forma muito r\u00e1pida e sem desembolsar qualquer quantia&#8221;, afirmou o advogado.<\/p>\n<p>Ao <strong>SUNO Not\u00edcias<\/strong>, o advogado tributarista Matheus Bueno, do escrit\u00f3rio Bueno e Castro de S\u00e3o Paulo, listou algumas iniciativas que podem injetar dinheiro no caixa das empresas, grandes ou pequenas, em pouco tempo.<\/p>\n<h2>Medidas de combate ao impacto trazido pelo coronav\u00edrus<\/h2>\n<p>As medidas apoiadas por Bueno para combater os impactos do coronav\u00edrus s\u00e3o divididas em tr\u00eas grandes blocos: passivos, rotinas e ativos e cr\u00e9ditos.<\/p>\n<p>A primeira diz respeito a suspender ou postergar tributos federais, com calamidade declarada, al\u00e9m de substituir dep\u00f3sitos por cartas-fian\u00e7a, entre outras medidas.<\/p>\n<p><a href=\"https:\/\/www.suno.com.br\/nossas-assinaturas\/suno-premium\/\">Saiba mais: Bolsa em queda livre!? Aproveita as maiores oportunidades da bolsa brasileira com nosso acesso Suno Premium<\/a><\/p>\n<p>&#8220;Por conta da calamidade, os contribuintes est\u00e3o adiando os impostos por 90 dias sem juros e multas&#8221;, disse Matheus Bueno. Assim, as empresas encontram a possibilidade de n\u00e3o pagar os tributos imediatamente e colocar esse dinheiro diretamente na opera\u00e7\u00e3o.<\/p>\n<p>A segunda diz respeito a revis\u00e3o de rotinas internas, como a op\u00e7\u00e3o pela forma de tributa\u00e7\u00e3o ou o regime fiscal vigente, al\u00e9m da suspens\u00e3o de impostos como IPTU de locais fechados e INSS sobre a folha de pagamentos.<\/p>\n\t<p>\n\t\t<a href=\"https:\/\/lp.suno.com.br\/ebook-investindo-em-fiis\/\" target=\"_blank\" data-element=\"shortcode-suno-banner\" title=\"Banner SUNO, clique e saiba mais\">\n\t\t\t<picture>\n\t\t\t\t<source media=\"(max-width: 500px)\" srcset=\"https:\/\/files.sunoresearch.com.br\/n\/uploads\/2023\/07\/Ebook-Fundos-Imobiliarios-Mobile.jpg\">\n\t\t\t\t<img class=\"newsContent__article__imgCapa newsContent__article__imgCapa--banner\"\n\t\t\t\t\tsrc=\"https:\/\/files.sunoresearch.com.br\/n\/uploads\/2023\/07\/Ebook-Fundos-Imobiliarios-Desktop.jpg\"\n\t\t\t\t\tdata-promo-id=\"378301\"\t\t\t\t\t\t\t\t\t\twidth='1420' height='286'\t\t\t\t\talt=\"https:\/\/files.sunoresearch.com.br\/n\/uploads\/2023\/07\/Ebook-Fundos-Imobiliarios-Desktop.jpg\"\n\t\t\t\t>\n\t\t\t<\/picture>\n\t\t<\/a>\n\t<\/p>\n\n\n<p>&#8220;Ainda d\u00e1 tempo de mudar, pois estamos no in\u00edcio do ano. Ent\u00e3o, se uma empresa optar pelo lucro simples ou inv\u00e9s do lucro presumido, ainda d\u00e1 tempo&#8221;, disse.<\/p>\n<p>&#8220;No lucro presumido, o pagamento \u00e9 trimestral. E no real, \u00e9 anual ou trimestral. E se voc\u00ea est\u00e1 no anual, talvez valha a pena mudar para o trimestral para conseguir usar mais os cr\u00e9ditos ou, quem sabe, at\u00e9 n\u00e3o pagar devido a necessidade de ter lucro para a cobran\u00e7a de impostos&#8221;, afirmou Bueno.<\/p>\n<p>J\u00e1 o terceiro bloco de a\u00e7\u00f5es vai opta por revisar tributos j\u00e1 pagos e, assim, capturar cr\u00e9ditos que podem dar um f\u00f4lego ao caixa da empresa.<\/p>\n<p>Segundo Matheus Bueno, h\u00e1 a possibilidade de pedir o INSS de volta dado que o tributo s\u00f3 necessita ser pago sobre os sal\u00e1rios e n\u00e3o sobre naturezas indenizat\u00f3rias.<\/p>\n\t<p>\n\t\t<a href=\"https:\/\/lp.suno.com.br\/ebook-como-analisar-uma-acao\/\" target=\"_blank\" data-element=\"shortcode-suno-banner\" title=\"Banner SUNO, clique e saiba mais\">\n\t\t\t<picture>\n\t\t\t\t<source media=\"(max-width: 500px)\" srcset=\"https:\/\/files.sunoresearch.com.br\/n\/uploads\/2023\/03\/Ebook-Acoes-Mobile-1.jpg\">\n\t\t\t\t<img class=\"newsContent__article__imgCapa newsContent__article__imgCapa--banner\"\n\t\t\t\t\tsrc=\"https:\/\/files.sunoresearch.com.br\/n\/uploads\/2023\/03\/Ebook-Acoes-Desktop-1.jpg\"\n\t\t\t\t\tdata-promo-id=\"171998\"\t\t\t\t\t\t\t\t\t\twidth='1420' height='286'\t\t\t\t\talt=\"https:\/\/files.sunoresearch.com.br\/n\/uploads\/2023\/03\/Ebook-Acoes-Desktop-1.jpg\"\n\t\t\t\t>\n\t\t\t<\/picture>\n\t\t<\/a>\n\t<\/p>\n\n\n<p>&#8220;Uma indeniza\u00e7\u00e3o de 13\u00ba ou um auxilio doen\u00e7a ou vale transporte pode n\u00e3o ter natureza salarial. Ent\u00e3o, tudo que a empresa passou nos \u00faltimos cinco anos, ela pode pegar de volta&#8221;, completou.<\/p>\n<p>O advogado destaca ainda que as pessoas devem pensar bem antes de optar por simplesmente n\u00e3o pagar um imposto em meio a crise.<\/p>\n<p>&#8220;Tem muita gente que pensa em n\u00e3o pagar ningu\u00e9m. V\u00e1rios neg\u00f3cios v\u00e3o deliberadamente decidir por n\u00e3o pagar impostos. Ele precisa de caixa, ent\u00e3o prefere atrasar imposto. Mas o STF julgou, em dezembro, que isso pode ser crime caso seja uma conduta reiterada&#8221;, disse.<\/p>\n<p>Segundo ele, propriet\u00e1rios e diretores de empresas podem, assim, ser processados criminalmente caso isso ocorra.<\/p>\n<p>&#8220;H\u00e1 o risco de os diretores da empresa serem considerados criminosos por apropria\u00e7\u00e3o ind\u00e9bita. Se pararem de pagar imposto, h\u00e1 a necessidade de um plano de a\u00e7\u00e3o&#8221;, completou sobre o <strong>coronav\u00edrus<\/strong>.<\/p>\n\n","protected":false},"excerpt":{"rendered":"<p>A pandemia causada pelo coronav\u00edrus (covid-19) atingiu as empresas de forma inesperada. Com uma demanda em inani\u00e7\u00e3o e sem contar com a opera\u00e7\u00e3o normal por conta do lockdown que atinge a maioria dos Estados brasileiros, muitas empresas veem seus caixas minguarem de forma acelerada. Imposto de Renda. Foto: Pixabay De acordo com especialistas consultados pelo [&hellip;]<\/p>\n","protected":false},"author":27,"featured_media":4007,"comment_status":"closed","ping_status":"closed","sticky":false,"template":"","format":"standard","meta":[],"categories":[64],"tags":[2487,5255,704],"suno_strategy":[],"class_list":["post-59476","post","type-post","status-publish","format-standard","has-post-thumbnail","hentry","category-negocios","tag-coronavirus","tag-covid-19","tag-impostos"],"yoast_head":"<!-- This site is optimized with the Yoast SEO plugin v24.4 - https:\/\/yoast.com\/wordpress\/plugins\/seo\/ -->\n<title>Coronav\u00edrus: alternativa tribut\u00e1ria pode refor\u00e7ar caixa das empresas<\/title>\n<meta name=\"description\" content=\"Especialistas ouvidos pelo SUNO Not\u00edcias afirmam que h\u00e1 medidas tribut\u00e1rias que ajudma empresas afetadas pelo coronav\u00edrus. Clique para ler.\" \/>\n<meta name=\"robots\" content=\"index, follow, max-snippet:-1, max-image-preview:large, max-video-preview:-1\" \/>\n<link rel=\"canonical\" href=\"https:\/\/www.suno.com.br\/noticias\/coronavirus-alternativa-tributaria\/\" \/>\n<meta property=\"og:locale\" content=\"pt_BR\" \/>\n<meta property=\"og:type\" content=\"article\" \/>\n<meta property=\"og:title\" content=\"Coronav\u00edrus: alternativa tribut\u00e1ria pode refor\u00e7ar caixa das empresas\" \/>\n<meta property=\"og:description\" content=\"Especialistas ouvidos pelo SUNO Not\u00edcias afirmam que h\u00e1 medidas tribut\u00e1rias que ajudma empresas afetadas pelo coronav\u00edrus. Clique para ler.\" \/>\n<meta property=\"og:url\" content=\"https:\/\/www.suno.com.br\/noticias\/coronavirus-alternativa-tributaria\/\" \/>\n<meta property=\"og:site_name\" content=\"Suno Not\u00edcias\" \/>\n<meta property=\"article:publisher\" content=\"https:\/\/facebook.com\/sunoresearch\" \/>\n<meta property=\"og:image\" content=\"https:\/\/files.sunoresearch.com.br\/n\/uploads\/2018\/09\/6de92db4-imposto-renda.jpg\" \/>\n\t<meta property=\"og:image:width\" content=\"1920\" \/>\n\t<meta property=\"og:image:height\" content=\"1280\" \/>\n\t<meta property=\"og:image:type\" content=\"image\/jpeg\" \/>\n<meta name=\"author\" content=\"Vinicius Pereira\" \/>\n<meta name=\"twitter:card\" content=\"summary_large_image\" \/>\n<meta name=\"twitter:creator\" content=\"@https:\/\/twitter.com\/viniciuspjornal\" \/>\n<meta name=\"twitter:site\" content=\"@sunoresearch\" \/>\n<meta name=\"twitter:label1\" content=\"Escrito por\" \/>\n\t<meta name=\"twitter:data1\" content=\"Vinicius Pereira\" \/>\n\t<meta name=\"twitter:label2\" content=\"Est. tempo de leitura\" \/>\n\t<meta name=\"twitter:data2\" content=\"3 minutos\" \/>\n<script type=\"application\/ld+json\" class=\"yoast-schema-graph\">{\"@context\":\"https:\/\/schema.org\",\"@graph\":[{\"@type\":\"NewsArticle\",\"@id\":\"https:\/\/www.suno.com.br\/noticias\/coronavirus-alternativa-tributaria\/#article\",\"isPartOf\":{\"@id\":\"https:\/\/www.suno.com.br\/noticias\/coronavirus-alternativa-tributaria\/\"},\"author\":{\"name\":\"Vinicius Pereira\",\"@id\":\"https:\/\/www.suno.com.br\/noticias\/#\/schema\/person\/a20761b96e4df7eb57f1f9e41be1dbf3\"},\"headline\":\"Coronav\u00edrus: alternativas tribut\u00e1rias podem refor\u00e7ar caixa das empresas\",\"datePublished\":\"2020-03-30T19:10:08+00:00\",\"dateModified\":\"2020-03-30T21:47:14+00:00\",\"mainEntityOfPage\":{\"@id\":\"https:\/\/www.suno.com.br\/noticias\/coronavirus-alternativa-tributaria\/\"},\"wordCount\":689,\"publisher\":{\"@id\":\"https:\/\/www.suno.com.br\/noticias\/#organization\"},\"image\":{\"@id\":\"https:\/\/www.suno.com.br\/noticias\/coronavirus-alternativa-tributaria\/#primaryimage\"},\"thumbnailUrl\":\"https:\/\/files.sunoresearch.com.br\/n\/uploads\/2018\/09\/6de92db4-imposto-renda-jpg.webp\",\"keywords\":[\"coronav\u00edrus\",\"covid-19\",\"impostos\"],\"articleSection\":[\"Neg\u00f3cios\"],\"inLanguage\":\"pt-BR\"},{\"@type\":\"WebPage\",\"@id\":\"https:\/\/www.suno.com.br\/noticias\/coronavirus-alternativa-tributaria\/\",\"url\":\"https:\/\/www.suno.com.br\/noticias\/coronavirus-alternativa-tributaria\/\",\"name\":\"Coronav\u00edrus: alternativa tribut\u00e1ria pode refor\u00e7ar caixa das empresas\",\"isPartOf\":{\"@id\":\"https:\/\/www.suno.com.br\/noticias\/#website\"},\"primaryImageOfPage\":{\"@id\":\"https:\/\/www.suno.com.br\/noticias\/coronavirus-alternativa-tributaria\/#primaryimage\"},\"image\":{\"@id\":\"https:\/\/www.suno.com.br\/noticias\/coronavirus-alternativa-tributaria\/#primaryimage\"},\"thumbnailUrl\":\"https:\/\/files.sunoresearch.com.br\/n\/uploads\/2018\/09\/6de92db4-imposto-renda-jpg.webp\",\"datePublished\":\"2020-03-30T19:10:08+00:00\",\"dateModified\":\"2020-03-30T21:47:14+00:00\",\"description\":\"Especialistas ouvidos pelo SUNO Not\u00edcias afirmam que h\u00e1 medidas tribut\u00e1rias que ajudma empresas afetadas pelo coronav\u00edrus. Clique para ler.\",\"breadcrumb\":{\"@id\":\"https:\/\/www.suno.com.br\/noticias\/coronavirus-alternativa-tributaria\/#breadcrumb\"},\"inLanguage\":\"pt-BR\",\"potentialAction\":[{\"@type\":\"ReadAction\",\"target\":[\"https:\/\/www.suno.com.br\/noticias\/coronavirus-alternativa-tributaria\/\"]}]},{\"@type\":\"ImageObject\",\"inLanguage\":\"pt-BR\",\"@id\":\"https:\/\/www.suno.com.br\/noticias\/coronavirus-alternativa-tributaria\/#primaryimage\",\"url\":\"https:\/\/files.sunoresearch.com.br\/n\/uploads\/2018\/09\/6de92db4-imposto-renda-jpg.webp\",\"contentUrl\":\"https:\/\/files.sunoresearch.com.br\/n\/uploads\/2018\/09\/6de92db4-imposto-renda-jpg.webp\",\"width\":1920,\"height\":1280,\"caption\":\"Imposto de Renda. Foto: Pixabay\"},{\"@type\":\"BreadcrumbList\",\"@id\":\"https:\/\/www.suno.com.br\/noticias\/coronavirus-alternativa-tributaria\/#breadcrumb\",\"itemListElement\":[{\"@type\":\"ListItem\",\"position\":1,\"name\":\"Not\u00edcias\",\"item\":\"https:\/\/www.suno.com.br\/noticias\/\"},{\"@type\":\"ListItem\",\"position\":2,\"name\":\"Neg\u00f3cios\",\"item\":\"https:\/\/www.suno.com.br\/noticias\/negocios\/\"},{\"@type\":\"ListItem\",\"position\":3,\"name\":\"Coronav\u00edrus: alternativas tribut\u00e1rias podem refor\u00e7ar caixa das empresas\"}]},{\"@type\":\"WebSite\",\"@id\":\"https:\/\/www.suno.com.br\/noticias\/#website\",\"url\":\"https:\/\/www.suno.com.br\/noticias\/\",\"name\":\"Suno Not\u00edcias\",\"description\":\"Seu portal de informa\u00e7\u00e3o sobre o mundo dos investimentos\",\"publisher\":{\"@id\":\"https:\/\/www.suno.com.br\/noticias\/#organization\"},\"potentialAction\":[{\"@type\":\"SearchAction\",\"target\":{\"@type\":\"EntryPoint\",\"urlTemplate\":\"https:\/\/www.suno.com.br\/noticias\/?s={search_term_string}\"},\"query-input\":{\"@type\":\"PropertyValueSpecification\",\"valueRequired\":true,\"valueName\":\"search_term_string\"}}],\"inLanguage\":\"pt-BR\"},{\"@type\":\"Organization\",\"@id\":\"https:\/\/www.suno.com.br\/noticias\/#organization\",\"name\":\"Suno Not\u00edcias\",\"url\":\"https:\/\/www.suno.com.br\/noticias\/\",\"logo\":{\"@type\":\"ImageObject\",\"inLanguage\":\"pt-BR\",\"@id\":\"https:\/\/www.suno.com.br\/noticias\/#\/schema\/logo\/image\/\",\"url\":\"https:\/\/files.sunoresearch.com.br\/n\/uploads\/2021\/09\/suno-logo.png\",\"contentUrl\":\"https:\/\/files.sunoresearch.com.br\/n\/uploads\/2021\/09\/suno-logo.png\",\"width\":180,\"height\":180,\"caption\":\"Suno Not\u00edcias\"},\"image\":{\"@id\":\"https:\/\/www.suno.com.br\/noticias\/#\/schema\/logo\/image\/\"},\"sameAs\":[\"https:\/\/facebook.com\/sunoresearch\",\"https:\/\/x.com\/sunoresearch\",\"https:\/\/www.instagram.com\/suno\",\"https:\/\/www.linkedin.com\/company\/suno-research\/\",\"https:\/\/www.youtube.com\/c\/sunoresearch\"]},{\"@type\":\"Person\",\"@id\":\"https:\/\/www.suno.com.br\/noticias\/#\/schema\/person\/a20761b96e4df7eb57f1f9e41be1dbf3\",\"name\":\"Vinicius Pereira\",\"image\":{\"@type\":\"ImageObject\",\"inLanguage\":\"pt-BR\",\"@id\":\"https:\/\/www.suno.com.br\/noticias\/#\/schema\/person\/image\/\",\"url\":\"https:\/\/secure.gravatar.com\/avatar\/783866b933198f5cc4c5d03fcc8b1301?s=96&r=g\",\"contentUrl\":\"https:\/\/secure.gravatar.com\/avatar\/783866b933198f5cc4c5d03fcc8b1301?s=96&r=g\",\"caption\":\"Vinicius Pereira\"},\"description\":\"Vinicius Pereira foi rep\u00f3rter de economia da Folha de S.Paulo, stringer do jornal no Canad\u00e1 e colaborador de VEJA. J\u00e1 escreveu tamb\u00e9m para BBC Brasil, The Intercept Brasil e UOL. Tem MBA em Informa\u00e7\u00f5es Econ\u00f4mico-Financeiras e Mercado de Capitais pela FIA\/B3.\",\"sameAs\":[\"https:\/\/x.com\/https:\/\/twitter.com\/viniciuspjornal\"],\"url\":\"https:\/\/www.suno.com.br\/noticias\/author\/vinicius-pereira\/\"}]}<\/script>\n<!-- \/ Yoast SEO plugin. -->","yoast_head_json":{"title":"Coronav\u00edrus: alternativa tribut\u00e1ria pode refor\u00e7ar caixa das empresas","description":"Especialistas ouvidos pelo SUNO Not\u00edcias afirmam que h\u00e1 medidas tribut\u00e1rias que ajudma empresas afetadas pelo coronav\u00edrus. Clique para ler.","robots":{"index":"index","follow":"follow","max-snippet":"max-snippet:-1","max-image-preview":"max-image-preview:large","max-video-preview":"max-video-preview:-1"},"canonical":"https:\/\/www.suno.com.br\/noticias\/coronavirus-alternativa-tributaria\/","og_locale":"pt_BR","og_type":"article","og_title":"Coronav\u00edrus: alternativa tribut\u00e1ria pode refor\u00e7ar caixa das empresas","og_description":"Especialistas ouvidos pelo SUNO Not\u00edcias afirmam que h\u00e1 medidas tribut\u00e1rias que ajudma empresas afetadas pelo coronav\u00edrus. Clique para ler.","og_url":"https:\/\/www.suno.com.br\/noticias\/coronavirus-alternativa-tributaria\/","og_site_name":"Suno Not\u00edcias","article_publisher":"https:\/\/facebook.com\/sunoresearch","og_image":[{"width":1920,"height":1280,"url":"https:\/\/files.sunoresearch.com.br\/n\/uploads\/2018\/09\/6de92db4-imposto-renda.jpg","type":"image\/jpeg"}],"author":"Vinicius Pereira","twitter_card":"summary_large_image","twitter_creator":"@https:\/\/twitter.com\/viniciuspjornal","twitter_site":"@sunoresearch","twitter_misc":{"Escrito por":"Vinicius Pereira","Est. tempo de leitura":"3 minutos"},"schema":{"@context":"https:\/\/schema.org","@graph":[{"@type":"NewsArticle","@id":"https:\/\/www.suno.com.br\/noticias\/coronavirus-alternativa-tributaria\/#article","isPartOf":{"@id":"https:\/\/www.suno.com.br\/noticias\/coronavirus-alternativa-tributaria\/"},"author":{"name":"Vinicius Pereira","@id":"https:\/\/www.suno.com.br\/noticias\/#\/schema\/person\/a20761b96e4df7eb57f1f9e41be1dbf3"},"headline":"Coronav\u00edrus: alternativas tribut\u00e1rias podem refor\u00e7ar caixa das empresas","datePublished":"2020-03-30T19:10:08+00:00","dateModified":"2020-03-30T21:47:14+00:00","mainEntityOfPage":{"@id":"https:\/\/www.suno.com.br\/noticias\/coronavirus-alternativa-tributaria\/"},"wordCount":689,"publisher":{"@id":"https:\/\/www.suno.com.br\/noticias\/#organization"},"image":{"@id":"https:\/\/www.suno.com.br\/noticias\/coronavirus-alternativa-tributaria\/#primaryimage"},"thumbnailUrl":"https:\/\/files.sunoresearch.com.br\/n\/uploads\/2018\/09\/6de92db4-imposto-renda-jpg.webp","keywords":["coronav\u00edrus","covid-19","impostos"],"articleSection":["Neg\u00f3cios"],"inLanguage":"pt-BR"},{"@type":"WebPage","@id":"https:\/\/www.suno.com.br\/noticias\/coronavirus-alternativa-tributaria\/","url":"https:\/\/www.suno.com.br\/noticias\/coronavirus-alternativa-tributaria\/","name":"Coronav\u00edrus: alternativa tribut\u00e1ria pode refor\u00e7ar caixa das empresas","isPartOf":{"@id":"https:\/\/www.suno.com.br\/noticias\/#website"},"primaryImageOfPage":{"@id":"https:\/\/www.suno.com.br\/noticias\/coronavirus-alternativa-tributaria\/#primaryimage"},"image":{"@id":"https:\/\/www.suno.com.br\/noticias\/coronavirus-alternativa-tributaria\/#primaryimage"},"thumbnailUrl":"https:\/\/files.sunoresearch.com.br\/n\/uploads\/2018\/09\/6de92db4-imposto-renda-jpg.webp","datePublished":"2020-03-30T19:10:08+00:00","dateModified":"2020-03-30T21:47:14+00:00","description":"Especialistas ouvidos pelo SUNO Not\u00edcias afirmam que h\u00e1 medidas tribut\u00e1rias que ajudma empresas afetadas pelo coronav\u00edrus. Clique para ler.","breadcrumb":{"@id":"https:\/\/www.suno.com.br\/noticias\/coronavirus-alternativa-tributaria\/#breadcrumb"},"inLanguage":"pt-BR","potentialAction":[{"@type":"ReadAction","target":["https:\/\/www.suno.com.br\/noticias\/coronavirus-alternativa-tributaria\/"]}]},{"@type":"ImageObject","inLanguage":"pt-BR","@id":"https:\/\/www.suno.com.br\/noticias\/coronavirus-alternativa-tributaria\/#primaryimage","url":"https:\/\/files.sunoresearch.com.br\/n\/uploads\/2018\/09\/6de92db4-imposto-renda-jpg.webp","contentUrl":"https:\/\/files.sunoresearch.com.br\/n\/uploads\/2018\/09\/6de92db4-imposto-renda-jpg.webp","width":1920,"height":1280,"caption":"Imposto de Renda. Foto: Pixabay"},{"@type":"BreadcrumbList","@id":"https:\/\/www.suno.com.br\/noticias\/coronavirus-alternativa-tributaria\/#breadcrumb","itemListElement":[{"@type":"ListItem","position":1,"name":"Not\u00edcias","item":"https:\/\/www.suno.com.br\/noticias\/"},{"@type":"ListItem","position":2,"name":"Neg\u00f3cios","item":"https:\/\/www.suno.com.br\/noticias\/negocios\/"},{"@type":"ListItem","position":3,"name":"Coronav\u00edrus: alternativas tribut\u00e1rias podem refor\u00e7ar caixa das empresas"}]},{"@type":"WebSite","@id":"https:\/\/www.suno.com.br\/noticias\/#website","url":"https:\/\/www.suno.com.br\/noticias\/","name":"Suno Not\u00edcias","description":"Seu portal de informa\u00e7\u00e3o sobre o mundo dos investimentos","publisher":{"@id":"https:\/\/www.suno.com.br\/noticias\/#organization"},"potentialAction":[{"@type":"SearchAction","target":{"@type":"EntryPoint","urlTemplate":"https:\/\/www.suno.com.br\/noticias\/?s={search_term_string}"},"query-input":{"@type":"PropertyValueSpecification","valueRequired":true,"valueName":"search_term_string"}}],"inLanguage":"pt-BR"},{"@type":"Organization","@id":"https:\/\/www.suno.com.br\/noticias\/#organization","name":"Suno Not\u00edcias","url":"https:\/\/www.suno.com.br\/noticias\/","logo":{"@type":"ImageObject","inLanguage":"pt-BR","@id":"https:\/\/www.suno.com.br\/noticias\/#\/schema\/logo\/image\/","url":"https:\/\/files.sunoresearch.com.br\/n\/uploads\/2021\/09\/suno-logo.png","contentUrl":"https:\/\/files.sunoresearch.com.br\/n\/uploads\/2021\/09\/suno-logo.png","width":180,"height":180,"caption":"Suno Not\u00edcias"},"image":{"@id":"https:\/\/www.suno.com.br\/noticias\/#\/schema\/logo\/image\/"},"sameAs":["https:\/\/facebook.com\/sunoresearch","https:\/\/x.com\/sunoresearch","https:\/\/www.instagram.com\/suno","https:\/\/www.linkedin.com\/company\/suno-research\/","https:\/\/www.youtube.com\/c\/sunoresearch"]},{"@type":"Person","@id":"https:\/\/www.suno.com.br\/noticias\/#\/schema\/person\/a20761b96e4df7eb57f1f9e41be1dbf3","name":"Vinicius Pereira","image":{"@type":"ImageObject","inLanguage":"pt-BR","@id":"https:\/\/www.suno.com.br\/noticias\/#\/schema\/person\/image\/","url":"https:\/\/secure.gravatar.com\/avatar\/783866b933198f5cc4c5d03fcc8b1301?s=96&r=g","contentUrl":"https:\/\/secure.gravatar.com\/avatar\/783866b933198f5cc4c5d03fcc8b1301?s=96&r=g","caption":"Vinicius Pereira"},"description":"Vinicius Pereira foi rep\u00f3rter de economia da Folha de S.Paulo, stringer do jornal no Canad\u00e1 e colaborador de VEJA. J\u00e1 escreveu tamb\u00e9m para BBC Brasil, The Intercept Brasil e UOL. Tem MBA em Informa\u00e7\u00f5es Econ\u00f4mico-Financeiras e Mercado de Capitais pela FIA\/B3.","sameAs":["https:\/\/x.com\/https:\/\/twitter.com\/viniciuspjornal"],"url":"https:\/\/www.suno.com.br\/noticias\/author\/vinicius-pereira\/"}]}},"default_loop_html":"<div class=\"cardsPage__listCard__boxs\"><div class=\"cardsPage__listCard__boxs__img\"><a href=\"https:\/\/www.suno.com.br\/noticias\/coronavirus-alternativa-tributaria\/\"><img class=\"mask\" src=\"https:\/\/www.suno.com.br\/noticias\/wp-content\/themes\/suno\/resources\/images\/spotlight\/spotlight1img\/bg-mask.png\" alt=\"Image Mask\"\/><img src=\"https:\/\/files.sunoresearch.com.br\/n\/uploads\/2018\/09\/6de92db4-imposto-renda-400x200.webp\" alt=\"Coronav\u00edrus: alternativas tribut\u00e1rias podem refor\u00e7ar caixa das empresas\"\/><\/a><span class=\"spotlightCategory\"><a href=\"https:\/\/www.suno.com.br\/noticias\/negocios\/\">Neg\u00f3cios<\/a><\/span><\/div><div class=\"cardsPage__listCard__boxs__content\"><a href=\"https:\/\/www.suno.com.br\/noticias\/coronavirus-alternativa-tributaria\/\"><h2 class=\"content__title\">Coronav\u00edrus: alternativas tribut\u00e1rias podem refor\u00e7ar caixa das empresas<\/h2><\/a><div class=\"newsContent__article__meta\"><div class=\"newsContent__article__meta__authorBox\"><a href=\"https:\/\/www.suno.com.br\/noticias\/author\/vinicius-pereira\/\" class=\"authorBox__avatar noMobi\"><img src=\"https:\/\/files.sunoresearch.com.br\/n\/uploads\/2020\/08\/77510613-whatsapp-image-2020-08-03-at-13.40.40-150x150.webp\" alt=\"Vinicius Pereira\"><\/a><div class=\"authorBox__name\"><span>por\n\t\t\t<a href=\"https:\/\/www.suno.com.br\/noticias\/author\/vinicius-pereira\/\"><span itemprop=\"author\">Vinicius Pereira<\/span><\/a><\/span><time datetime=\"2020-03-30T16:10:08-03:00\" itemprop=\"datePublished\">30\/03\/2020 16:10<\/time><\/div><\/div><\/div><\/div><\/div>","single_layout":"posts","amp_enabled":true,"_links":{"self":[{"href":"https:\/\/www.suno.com.br\/noticias\/wp-json\/wp\/v2\/posts\/59476"}],"collection":[{"href":"https:\/\/www.suno.com.br\/noticias\/wp-json\/wp\/v2\/posts"}],"about":[{"href":"https:\/\/www.suno.com.br\/noticias\/wp-json\/wp\/v2\/types\/post"}],"author":[{"embeddable":true,"href":"https:\/\/www.suno.com.br\/noticias\/wp-json\/wp\/v2\/users\/27"}],"replies":[{"embeddable":true,"href":"https:\/\/www.suno.com.br\/noticias\/wp-json\/wp\/v2\/comments?post=59476"}],"version-history":[{"count":0,"href":"https:\/\/www.suno.com.br\/noticias\/wp-json\/wp\/v2\/posts\/59476\/revisions"}],"wp:featuredmedia":[{"embeddable":true,"href":"https:\/\/www.suno.com.br\/noticias\/wp-json\/wp\/v2\/media\/4007"}],"wp:attachment":[{"href":"https:\/\/www.suno.com.br\/noticias\/wp-json\/wp\/v2\/media?parent=59476"}],"wp:term":[{"taxonomy":"category","embeddable":true,"href":"https:\/\/www.suno.com.br\/noticias\/wp-json\/wp\/v2\/categories?post=59476"},{"taxonomy":"post_tag","embeddable":true,"href":"https:\/\/www.suno.com.br\/noticias\/wp-json\/wp\/v2\/tags?post=59476"},{"taxonomy":"suno_strategy","embeddable":true,"href":"https:\/\/www.suno.com.br\/noticias\/wp-json\/wp\/v2\/suno_strategy?post=59476"}],"curies":[{"name":"wp","href":"https:\/\/api.w.org\/{rel}","templated":true}]}}