{"id":59474,"date":"2020-03-30T14:16:40","date_gmt":"2020-03-30T17:16:40","guid":{"rendered":"https:\/\/www.suno.com.br\/noticias\/?p=59474"},"modified":"2020-04-01T11:08:07","modified_gmt":"2020-04-01T14:08:07","slug":"votorantim-doacao-r-50-mi-combate-coronavirus","status":"publish","type":"post","link":"https:\/\/www.suno.com.br\/noticias\/votorantim-doacao-r-50-mi-combate-coronavirus\/","title":{"rendered":"Votorantim anuncia doa\u00e7\u00e3o de R$ 50 mi para ajudar no combate ao coronav\u00edrus"},"content":{"rendered":"<p>O <strong>Grupo Votorantim<\/strong>, em comunicado ao mercado divulgado nesta segunda-feira (30), informou que ir\u00e1 doar R$ 50 milh\u00f5es para a compra de equipamentos necess\u00e1rios para ajudar no combate ao <strong><a href=\"https:\/\/www.youtube.com\/watch?v=3isdrLdIEdM\">coronav\u00edrus (Covid-19)<\/a><\/strong>.<\/p>\t<div class=\"wrapper-featured-image\">\n\t\t<figure class=\"spotlightImg\">\n\n\t\t\t<picture>\n\t\t\t\t<source media=\"(max-width: 768px)\" srcset=\"https:\/\/files.sunoresearch.com.br\/n\/uploads\/2020\/03\/86d63e16-votorantim-400x200.webp\">\n\t\t\t\t<img loading=\"lazy\" decoding=\"async\" class=\"newsContent__article__imgCapa lazyloadDisabled newsContent__article__imgCapa--noCaption\" src=\"https:\/\/files.sunoresearch.com.br\/n\/uploads\/2020\/03\/86d63e16-votorantim-800x450.webp\" width=\"800\" height=\"450\" alt=\"Votorantim anuncia doa\u00e7\u00e3o de R$ 50 mi para ajudar no combate ao coronav\u00edrus\" fetchpriority=high \/>\n\t\t\t<\/picture>\n\n\t\t\t<figcaption class=\"wp-caption-text wp-caption-text--hide\">Na semana passada, o grupo Votorantim registrou na Comiss\u00e3o de Valores Mobili\u00e1rios - Foto: Divulga\u00e7\u00e3o Votorantim<\/figcaption>\n\t\t<\/figure>\n\t<\/div>\n\n\n\n<p>O montante ser\u00e1 destinado a autoridades p\u00fablicas, institui\u00e7\u00f5es de sa\u00fade e entidades privadas da sociedade civil, que dever\u00e3o utilizar o valor para comprar equipamentos para teste do <strong>Covid-19<\/strong> e respiradores.<\/p>\n<p><a href=\"https:\/\/www.suno.com.br\/noticias\/coronavirus-johnson-johnson-inicio-testes-vacina-setembro\/\">Veja tamb\u00e9m: Coronav\u00edrus: Johnson &amp; Johnson dar\u00e1 in\u00edcio aos testes da vacina at\u00e9 setembro<\/a><\/p>\n<p>As cidades de pequeno e m\u00e9dio portes que possuem uma maior vulnerabilidade em rela\u00e7\u00e3o a dissemina\u00e7\u00e3o da doen\u00e7a tamb\u00e9m ir\u00e3o receber parte do valor doado pela Votorantim.<\/p>\n\t<p>\n\t\t<a href=\"https:\/\/lp.statusinvest.com.br\/ao\/assessoria-status-invest\/\" target=\"_blank\" data-element=\"shortcode-suno-banner\" title=\"Banner SUNO, clique e saiba mais\">\n\t\t\t<picture>\n\t\t\t\t<source media=\"(max-width: 500px)\" srcset=\"https:\/\/files.sunoresearch.com.br\/n\/uploads\/2024\/03\/400x300-Mobile.png\">\n\t\t\t\t<img class=\"newsContent__article__imgCapa newsContent__article__imgCapa--banner\"\n\t\t\t\t\tsrc=\"https:\/\/files.sunoresearch.com.br\/n\/uploads\/2024\/03\/1420x240-Desktop.png\"\n\t\t\t\t\tdata-promo-id=\"537248\"\t\t\t\t\t\t\t\t\t\twidth='1400' height='240'\t\t\t\t\talt=\"https:\/\/files.sunoresearch.com.br\/n\/uploads\/2024\/03\/1420x240-Desktop.png\"\n\t\t\t\t>\n\t\t\t<\/picture>\n\t\t<\/a>\n\t<\/p>\n\n\n<p>A empresa informou, em comunicado, que \u201co desafio de enfrentar os efeitos da Covid-19 \u00e9 enorme, mas a Votorantim refor\u00e7a a cren\u00e7a de que, com a uni\u00e3o de esfor\u00e7os de poder p\u00fablico, empresas e sociedade civil, trabalhando de forma coordenada e em sintonia, esta crise de sa\u00fade ser\u00e1 superada\u201d<\/p>\n<h2>Mudan\u00e7a no comando do Grupo Votorantim<\/h2>\n<p>O <strong>Grupo Votorantim<\/strong> anunciou, na \u00faltima quarta-feira (25), que acontecer\u00e1 uma altera\u00e7\u00e3o em sua presid\u00eancia. Jo\u00e3o Miranda, que esteve por 11 anos na empresa, tendo come\u00e7ado na diretoria financeira, e depois passado 6 anos na presid\u00eancia do Votorantim S.A, deixar\u00e1 o cargo para a entrada de Jo\u00e3o Schmidt. Miranda tamb\u00e9m passou por grandes institui\u00e7\u00f5es financeiras, como o Citi, e deixar\u00e1 o comando do grupo em maio.<\/p>\n<p><a href=\"https:\/\/www.suno.com.br\/nossas-assinaturas\/suno-premium\/\">Saiba mais: Bolsa em queda livre!? Aproveita as maiores oportunidades da bolsa brasileira com nosso acesso Suno Premium<\/a><\/p>\n<p>Em entrevista ao jornal &#8220;Valor Econ\u00f4mico&#8221;, Miranda falou sobre a passagem pelo banco. \u201cEstou muito feliz, pois encerro um ciclo na carreira grandioso\u201d, afirmou o executivo.<\/p>\n<p>O executivo, entretanto, n\u00e3o sair\u00e1 do grupo, pois ficar\u00e1 com um lugar no conselho da <strong>Votorantim Cimentos<\/strong>, al\u00e9m de voltar ao colegiado do <strong>Banco BV<\/strong>.<\/p>\n\t<p>\n\t\t<a href=\"https:\/\/www.suno.com.br\/asset\/fundos\/suno-acoes-xp-seg-prev\/\" target=\"_blank\" data-element=\"shortcode-suno-banner\" title=\"Banner SUNO, clique e saiba mais\">\n\t\t\t<picture>\n\t\t\t\t<source media=\"(max-width: 500px)\" srcset=\"https:\/\/files.sunoresearch.com.br\/n\/uploads\/2023\/10\/SUNOPREV-v2-400x300-Mobile-Artigos-3.png\">\n\t\t\t\t<img class=\"newsContent__article__imgCapa newsContent__article__imgCapa--banner\"\n\t\t\t\t\tsrc=\"https:\/\/files.sunoresearch.com.br\/n\/uploads\/2023\/10\/SUNOPREV-v2-1420x240-Banner-Artigos-1-_-Banner-Materias-1.png\"\n\t\t\t\t\tdata-promo-id=\"476311\"\t\t\t\t\t\t\t\t\t\twidth='1420' height='240'\t\t\t\t\talt=\"https:\/\/files.sunoresearch.com.br\/n\/uploads\/2023\/10\/SUNOPREV-v2-1420x240-Banner-Artigos-1-_-Banner-Materias-1.png\"\n\t\t\t\t>\n\t\t\t<\/picture>\n\t\t<\/a>\n\t<\/p>\n\n\n<p>Atualmente, Schmidt, que assumir\u00e1 a presid\u00eancia do <strong>Votorantim<\/strong>, ocupa o cargo de diretor de desenvolvimento corporativo da VSA, controladora que administra os neg\u00f3cios da fam\u00edlia Erm\u00edrio de Moraes.<\/p>\n\n","protected":false},"excerpt":{"rendered":"<p>O Grupo Votorantim, em comunicado ao mercado divulgado nesta segunda-feira (30), informou que ir\u00e1 doar R$ 50 milh\u00f5es para a compra de equipamentos necess\u00e1rios para ajudar no combate ao coronav\u00edrus (Covid-19). Na semana passada, o grupo Votorantim registrou na Comiss\u00e3o de Valores Mobili\u00e1rios &#8211; Foto: Divulga\u00e7\u00e3o Votorantim O montante ser\u00e1 destinado a autoridades p\u00fablicas, institui\u00e7\u00f5es [&hellip;]<\/p>\n","protected":false},"author":19,"featured_media":59486,"comment_status":"closed","ping_status":"closed","sticky":false,"template":"","format":"standard","meta":[],"categories":[64],"tags":[1137,2487,1279],"suno_strategy":[],"class_list":["post-59474","post","type-post","status-publish","format-standard","has-post-thumbnail","hentry","category-negocios","tag-banco-votorantim","tag-coronavirus","tag-grupo-votorantim"],"yoast_head":"<!-- This site is optimized with the Yoast SEO plugin v24.4 - https:\/\/yoast.com\/wordpress\/plugins\/seo\/ -->\n<title>Votorantim ir\u00e1 doar R$ 50 mi para ajudar no combate ao coronav\u00edrus<\/title>\n<meta name=\"description\" content=\"A Votorantim informou que ir\u00e1 doar R$ 50 milh\u00f5es para a compra de equipamentos necess\u00e1rios para ajudar no combate ao coronav\u00edrus. Saiba mais.\" \/>\n<meta name=\"robots\" content=\"index, follow, max-snippet:-1, max-image-preview:large, max-video-preview:-1\" \/>\n<link rel=\"canonical\" href=\"https:\/\/www.suno.com.br\/noticias\/votorantim-doacao-r-50-mi-combate-coronavirus\/\" \/>\n<meta property=\"og:locale\" content=\"pt_BR\" \/>\n<meta property=\"og:type\" content=\"article\" \/>\n<meta property=\"og:title\" content=\"Votorantim ir\u00e1 doar R$ 50 mi para ajudar no combate ao coronav\u00edrus\" \/>\n<meta property=\"og:description\" content=\"A Votorantim informou que ir\u00e1 doar R$ 50 milh\u00f5es para a compra de equipamentos necess\u00e1rios para ajudar no combate ao coronav\u00edrus. Saiba mais.\" \/>\n<meta property=\"og:url\" content=\"https:\/\/www.suno.com.br\/noticias\/votorantim-doacao-r-50-mi-combate-coronavirus\/\" \/>\n<meta property=\"og:site_name\" content=\"Suno Not\u00edcias\" \/>\n<meta property=\"article:publisher\" content=\"https:\/\/facebook.com\/sunoresearch\" \/>\n<meta property=\"og:image\" content=\"https:\/\/files.sunoresearch.com.br\/n\/uploads\/2020\/03\/86d63e16-votorantim.jpg\" \/>\n\t<meta property=\"og:image:width\" content=\"940\" \/>\n\t<meta property=\"og:image:height\" content=\"529\" \/>\n\t<meta property=\"og:image:type\" content=\"image\/jpeg\" \/>\n<meta name=\"author\" content=\"Juliano Passaro\" \/>\n<meta name=\"twitter:card\" content=\"summary_large_image\" \/>\n<meta name=\"twitter:creator\" content=\"@sunoresearch\" \/>\n<meta name=\"twitter:site\" content=\"@sunoresearch\" \/>\n<meta name=\"twitter:label1\" content=\"Escrito por\" \/>\n\t<meta name=\"twitter:data1\" content=\"Juliano Passaro\" \/>\n\t<meta name=\"twitter:label2\" content=\"Est. tempo de leitura\" \/>\n\t<meta name=\"twitter:data2\" content=\"2 minutos\" \/>\n<script type=\"application\/ld+json\" class=\"yoast-schema-graph\">{\"@context\":\"https:\/\/schema.org\",\"@graph\":[{\"@type\":\"NewsArticle\",\"@id\":\"https:\/\/www.suno.com.br\/noticias\/votorantim-doacao-r-50-mi-combate-coronavirus\/#article\",\"isPartOf\":{\"@id\":\"https:\/\/www.suno.com.br\/noticias\/votorantim-doacao-r-50-mi-combate-coronavirus\/\"},\"author\":{\"name\":\"Juliano Passaro\",\"@id\":\"https:\/\/www.suno.com.br\/noticias\/#\/schema\/person\/1db762f78ffd8919a648a63e425953e3\"},\"headline\":\"Votorantim anuncia doa\u00e7\u00e3o de R$ 50 mi para ajudar no combate ao coronav\u00edrus\",\"datePublished\":\"2020-03-30T17:16:40+00:00\",\"dateModified\":\"2020-04-01T14:08:07+00:00\",\"mainEntityOfPage\":{\"@id\":\"https:\/\/www.suno.com.br\/noticias\/votorantim-doacao-r-50-mi-combate-coronavirus\/\"},\"wordCount\":381,\"publisher\":{\"@id\":\"https:\/\/www.suno.com.br\/noticias\/#organization\"},\"image\":{\"@id\":\"https:\/\/www.suno.com.br\/noticias\/votorantim-doacao-r-50-mi-combate-coronavirus\/#primaryimage\"},\"thumbnailUrl\":\"https:\/\/files.sunoresearch.com.br\/n\/uploads\/2020\/03\/86d63e16-votorantim-jpg.webp\",\"keywords\":[\"Banco Votorantim\",\"coronav\u00edrus\",\"Grupo Votorantim\"],\"articleSection\":[\"Neg\u00f3cios\"],\"inLanguage\":\"pt-BR\"},{\"@type\":\"WebPage\",\"@id\":\"https:\/\/www.suno.com.br\/noticias\/votorantim-doacao-r-50-mi-combate-coronavirus\/\",\"url\":\"https:\/\/www.suno.com.br\/noticias\/votorantim-doacao-r-50-mi-combate-coronavirus\/\",\"name\":\"Votorantim ir\u00e1 doar R$ 50 mi para ajudar no combate ao coronav\u00edrus\",\"isPartOf\":{\"@id\":\"https:\/\/www.suno.com.br\/noticias\/#website\"},\"primaryImageOfPage\":{\"@id\":\"https:\/\/www.suno.com.br\/noticias\/votorantim-doacao-r-50-mi-combate-coronavirus\/#primaryimage\"},\"image\":{\"@id\":\"https:\/\/www.suno.com.br\/noticias\/votorantim-doacao-r-50-mi-combate-coronavirus\/#primaryimage\"},\"thumbnailUrl\":\"https:\/\/files.sunoresearch.com.br\/n\/uploads\/2020\/03\/86d63e16-votorantim-jpg.webp\",\"datePublished\":\"2020-03-30T17:16:40+00:00\",\"dateModified\":\"2020-04-01T14:08:07+00:00\",\"description\":\"A Votorantim informou que ir\u00e1 doar R$ 50 milh\u00f5es para a compra de equipamentos necess\u00e1rios para ajudar no combate ao coronav\u00edrus. Saiba mais.\",\"breadcrumb\":{\"@id\":\"https:\/\/www.suno.com.br\/noticias\/votorantim-doacao-r-50-mi-combate-coronavirus\/#breadcrumb\"},\"inLanguage\":\"pt-BR\",\"potentialAction\":[{\"@type\":\"ReadAction\",\"target\":[\"https:\/\/www.suno.com.br\/noticias\/votorantim-doacao-r-50-mi-combate-coronavirus\/\"]}]},{\"@type\":\"ImageObject\",\"inLanguage\":\"pt-BR\",\"@id\":\"https:\/\/www.suno.com.br\/noticias\/votorantim-doacao-r-50-mi-combate-coronavirus\/#primaryimage\",\"url\":\"https:\/\/files.sunoresearch.com.br\/n\/uploads\/2020\/03\/86d63e16-votorantim-jpg.webp\",\"contentUrl\":\"https:\/\/files.sunoresearch.com.br\/n\/uploads\/2020\/03\/86d63e16-votorantim-jpg.webp\",\"width\":940,\"height\":529,\"caption\":\"Na semana passada, o grupo Votorantim registrou na Comiss\u00e3o de Valores Mobili\u00e1rios - Foto: Divulga\u00e7\u00e3o Votorantim\"},{\"@type\":\"BreadcrumbList\",\"@id\":\"https:\/\/www.suno.com.br\/noticias\/votorantim-doacao-r-50-mi-combate-coronavirus\/#breadcrumb\",\"itemListElement\":[{\"@type\":\"ListItem\",\"position\":1,\"name\":\"Not\u00edcias\",\"item\":\"https:\/\/www.suno.com.br\/noticias\/\"},{\"@type\":\"ListItem\",\"position\":2,\"name\":\"Neg\u00f3cios\",\"item\":\"https:\/\/www.suno.com.br\/noticias\/negocios\/\"},{\"@type\":\"ListItem\",\"position\":3,\"name\":\"Votorantim anuncia doa\u00e7\u00e3o de R$ 50 mi para ajudar no combate ao coronav\u00edrus\"}]},{\"@type\":\"WebSite\",\"@id\":\"https:\/\/www.suno.com.br\/noticias\/#website\",\"url\":\"https:\/\/www.suno.com.br\/noticias\/\",\"name\":\"Suno Not\u00edcias\",\"description\":\"Seu portal de informa\u00e7\u00e3o sobre o mundo dos investimentos\",\"publisher\":{\"@id\":\"https:\/\/www.suno.com.br\/noticias\/#organization\"},\"potentialAction\":[{\"@type\":\"SearchAction\",\"target\":{\"@type\":\"EntryPoint\",\"urlTemplate\":\"https:\/\/www.suno.com.br\/noticias\/?s={search_term_string}\"},\"query-input\":{\"@type\":\"PropertyValueSpecification\",\"valueRequired\":true,\"valueName\":\"search_term_string\"}}],\"inLanguage\":\"pt-BR\"},{\"@type\":\"Organization\",\"@id\":\"https:\/\/www.suno.com.br\/noticias\/#organization\",\"name\":\"Suno Not\u00edcias\",\"url\":\"https:\/\/www.suno.com.br\/noticias\/\",\"logo\":{\"@type\":\"ImageObject\",\"inLanguage\":\"pt-BR\",\"@id\":\"https:\/\/www.suno.com.br\/noticias\/#\/schema\/logo\/image\/\",\"url\":\"https:\/\/files.sunoresearch.com.br\/n\/uploads\/2021\/09\/suno-logo.png\",\"contentUrl\":\"https:\/\/files.sunoresearch.com.br\/n\/uploads\/2021\/09\/suno-logo.png\",\"width\":180,\"height\":180,\"caption\":\"Suno Not\u00edcias\"},\"image\":{\"@id\":\"https:\/\/www.suno.com.br\/noticias\/#\/schema\/logo\/image\/\"},\"sameAs\":[\"https:\/\/facebook.com\/sunoresearch\",\"https:\/\/x.com\/sunoresearch\",\"https:\/\/www.instagram.com\/suno\",\"https:\/\/www.linkedin.com\/company\/suno-research\/\",\"https:\/\/www.youtube.com\/c\/sunoresearch\"]},{\"@type\":\"Person\",\"@id\":\"https:\/\/www.suno.com.br\/noticias\/#\/schema\/person\/1db762f78ffd8919a648a63e425953e3\",\"name\":\"Juliano Passaro\",\"image\":{\"@type\":\"ImageObject\",\"inLanguage\":\"pt-BR\",\"@id\":\"https:\/\/www.suno.com.br\/noticias\/#\/schema\/person\/image\/\",\"url\":\"https:\/\/secure.gravatar.com\/avatar\/743d4df28eebf6dcc46b4ad03c319e92?s=96&r=g\",\"contentUrl\":\"https:\/\/secure.gravatar.com\/avatar\/743d4df28eebf6dcc46b4ad03c319e92?s=96&r=g\",\"caption\":\"Juliano Passaro\"},\"description\":\"Juliano Passaro escreve sobre pol\u00edtica, economia e neg\u00f3cios para o portal da Suno Research. Antes da Suno, trabalhou no Portal da Band. \u00c9 formado em jornalismo pela Universidade Presbiteriana Mackenzie.\",\"url\":\"https:\/\/www.suno.com.br\/noticias\/author\/juliano\/\"}]}<\/script>\n<!-- \/ Yoast SEO plugin. -->","yoast_head_json":{"title":"Votorantim ir\u00e1 doar R$ 50 mi para ajudar no combate ao coronav\u00edrus","description":"A Votorantim informou que ir\u00e1 doar R$ 50 milh\u00f5es para a compra de equipamentos necess\u00e1rios para ajudar no combate ao coronav\u00edrus. Saiba mais.","robots":{"index":"index","follow":"follow","max-snippet":"max-snippet:-1","max-image-preview":"max-image-preview:large","max-video-preview":"max-video-preview:-1"},"canonical":"https:\/\/www.suno.com.br\/noticias\/votorantim-doacao-r-50-mi-combate-coronavirus\/","og_locale":"pt_BR","og_type":"article","og_title":"Votorantim ir\u00e1 doar R$ 50 mi para ajudar no combate ao coronav\u00edrus","og_description":"A Votorantim informou que ir\u00e1 doar R$ 50 milh\u00f5es para a compra de equipamentos necess\u00e1rios para ajudar no combate ao coronav\u00edrus. Saiba mais.","og_url":"https:\/\/www.suno.com.br\/noticias\/votorantim-doacao-r-50-mi-combate-coronavirus\/","og_site_name":"Suno Not\u00edcias","article_publisher":"https:\/\/facebook.com\/sunoresearch","og_image":[{"width":940,"height":529,"url":"https:\/\/files.sunoresearch.com.br\/n\/uploads\/2020\/03\/86d63e16-votorantim.jpg","type":"image\/jpeg"}],"author":"Juliano Passaro","twitter_card":"summary_large_image","twitter_creator":"@sunoresearch","twitter_site":"@sunoresearch","twitter_misc":{"Escrito por":"Juliano Passaro","Est. tempo de leitura":"2 minutos"},"schema":{"@context":"https:\/\/schema.org","@graph":[{"@type":"NewsArticle","@id":"https:\/\/www.suno.com.br\/noticias\/votorantim-doacao-r-50-mi-combate-coronavirus\/#article","isPartOf":{"@id":"https:\/\/www.suno.com.br\/noticias\/votorantim-doacao-r-50-mi-combate-coronavirus\/"},"author":{"name":"Juliano Passaro","@id":"https:\/\/www.suno.com.br\/noticias\/#\/schema\/person\/1db762f78ffd8919a648a63e425953e3"},"headline":"Votorantim anuncia doa\u00e7\u00e3o de R$ 50 mi para ajudar no combate ao coronav\u00edrus","datePublished":"2020-03-30T17:16:40+00:00","dateModified":"2020-04-01T14:08:07+00:00","mainEntityOfPage":{"@id":"https:\/\/www.suno.com.br\/noticias\/votorantim-doacao-r-50-mi-combate-coronavirus\/"},"wordCount":381,"publisher":{"@id":"https:\/\/www.suno.com.br\/noticias\/#organization"},"image":{"@id":"https:\/\/www.suno.com.br\/noticias\/votorantim-doacao-r-50-mi-combate-coronavirus\/#primaryimage"},"thumbnailUrl":"https:\/\/files.sunoresearch.com.br\/n\/uploads\/2020\/03\/86d63e16-votorantim-jpg.webp","keywords":["Banco Votorantim","coronav\u00edrus","Grupo Votorantim"],"articleSection":["Neg\u00f3cios"],"inLanguage":"pt-BR"},{"@type":"WebPage","@id":"https:\/\/www.suno.com.br\/noticias\/votorantim-doacao-r-50-mi-combate-coronavirus\/","url":"https:\/\/www.suno.com.br\/noticias\/votorantim-doacao-r-50-mi-combate-coronavirus\/","name":"Votorantim ir\u00e1 doar R$ 50 mi para ajudar no combate ao coronav\u00edrus","isPartOf":{"@id":"https:\/\/www.suno.com.br\/noticias\/#website"},"primaryImageOfPage":{"@id":"https:\/\/www.suno.com.br\/noticias\/votorantim-doacao-r-50-mi-combate-coronavirus\/#primaryimage"},"image":{"@id":"https:\/\/www.suno.com.br\/noticias\/votorantim-doacao-r-50-mi-combate-coronavirus\/#primaryimage"},"thumbnailUrl":"https:\/\/files.sunoresearch.com.br\/n\/uploads\/2020\/03\/86d63e16-votorantim-jpg.webp","datePublished":"2020-03-30T17:16:40+00:00","dateModified":"2020-04-01T14:08:07+00:00","description":"A Votorantim informou que ir\u00e1 doar R$ 50 milh\u00f5es para a compra de equipamentos necess\u00e1rios para ajudar no combate ao coronav\u00edrus. Saiba mais.","breadcrumb":{"@id":"https:\/\/www.suno.com.br\/noticias\/votorantim-doacao-r-50-mi-combate-coronavirus\/#breadcrumb"},"inLanguage":"pt-BR","potentialAction":[{"@type":"ReadAction","target":["https:\/\/www.suno.com.br\/noticias\/votorantim-doacao-r-50-mi-combate-coronavirus\/"]}]},{"@type":"ImageObject","inLanguage":"pt-BR","@id":"https:\/\/www.suno.com.br\/noticias\/votorantim-doacao-r-50-mi-combate-coronavirus\/#primaryimage","url":"https:\/\/files.sunoresearch.com.br\/n\/uploads\/2020\/03\/86d63e16-votorantim-jpg.webp","contentUrl":"https:\/\/files.sunoresearch.com.br\/n\/uploads\/2020\/03\/86d63e16-votorantim-jpg.webp","width":940,"height":529,"caption":"Na semana passada, o grupo Votorantim registrou na Comiss\u00e3o de Valores Mobili\u00e1rios - Foto: Divulga\u00e7\u00e3o Votorantim"},{"@type":"BreadcrumbList","@id":"https:\/\/www.suno.com.br\/noticias\/votorantim-doacao-r-50-mi-combate-coronavirus\/#breadcrumb","itemListElement":[{"@type":"ListItem","position":1,"name":"Not\u00edcias","item":"https:\/\/www.suno.com.br\/noticias\/"},{"@type":"ListItem","position":2,"name":"Neg\u00f3cios","item":"https:\/\/www.suno.com.br\/noticias\/negocios\/"},{"@type":"ListItem","position":3,"name":"Votorantim anuncia doa\u00e7\u00e3o de R$ 50 mi para ajudar no combate ao coronav\u00edrus"}]},{"@type":"WebSite","@id":"https:\/\/www.suno.com.br\/noticias\/#website","url":"https:\/\/www.suno.com.br\/noticias\/","name":"Suno Not\u00edcias","description":"Seu portal de informa\u00e7\u00e3o sobre o mundo dos investimentos","publisher":{"@id":"https:\/\/www.suno.com.br\/noticias\/#organization"},"potentialAction":[{"@type":"SearchAction","target":{"@type":"EntryPoint","urlTemplate":"https:\/\/www.suno.com.br\/noticias\/?s={search_term_string}"},"query-input":{"@type":"PropertyValueSpecification","valueRequired":true,"valueName":"search_term_string"}}],"inLanguage":"pt-BR"},{"@type":"Organization","@id":"https:\/\/www.suno.com.br\/noticias\/#organization","name":"Suno Not\u00edcias","url":"https:\/\/www.suno.com.br\/noticias\/","logo":{"@type":"ImageObject","inLanguage":"pt-BR","@id":"https:\/\/www.suno.com.br\/noticias\/#\/schema\/logo\/image\/","url":"https:\/\/files.sunoresearch.com.br\/n\/uploads\/2021\/09\/suno-logo.png","contentUrl":"https:\/\/files.sunoresearch.com.br\/n\/uploads\/2021\/09\/suno-logo.png","width":180,"height":180,"caption":"Suno Not\u00edcias"},"image":{"@id":"https:\/\/www.suno.com.br\/noticias\/#\/schema\/logo\/image\/"},"sameAs":["https:\/\/facebook.com\/sunoresearch","https:\/\/x.com\/sunoresearch","https:\/\/www.instagram.com\/suno","https:\/\/www.linkedin.com\/company\/suno-research\/","https:\/\/www.youtube.com\/c\/sunoresearch"]},{"@type":"Person","@id":"https:\/\/www.suno.com.br\/noticias\/#\/schema\/person\/1db762f78ffd8919a648a63e425953e3","name":"Juliano Passaro","image":{"@type":"ImageObject","inLanguage":"pt-BR","@id":"https:\/\/www.suno.com.br\/noticias\/#\/schema\/person\/image\/","url":"https:\/\/secure.gravatar.com\/avatar\/743d4df28eebf6dcc46b4ad03c319e92?s=96&r=g","contentUrl":"https:\/\/secure.gravatar.com\/avatar\/743d4df28eebf6dcc46b4ad03c319e92?s=96&r=g","caption":"Juliano Passaro"},"description":"Juliano Passaro escreve sobre pol\u00edtica, economia e neg\u00f3cios para o portal da Suno Research. Antes da Suno, trabalhou no Portal da Band. \u00c9 formado em jornalismo pela Universidade Presbiteriana Mackenzie.","url":"https:\/\/www.suno.com.br\/noticias\/author\/juliano\/"}]}},"default_loop_html":"<div class=\"cardsPage__listCard__boxs\"><div class=\"cardsPage__listCard__boxs__img\"><a href=\"https:\/\/www.suno.com.br\/noticias\/votorantim-doacao-r-50-mi-combate-coronavirus\/\"><img class=\"mask\" src=\"https:\/\/www.suno.com.br\/noticias\/wp-content\/themes\/suno\/resources\/images\/spotlight\/spotlight1img\/bg-mask.png\" alt=\"Image Mask\"\/><img src=\"https:\/\/files.sunoresearch.com.br\/n\/uploads\/2020\/03\/86d63e16-votorantim-400x200.webp\" alt=\"Votorantim anuncia doa\u00e7\u00e3o de R$ 50 mi para ajudar no combate ao coronav\u00edrus\"\/><\/a><span class=\"spotlightCategory\"><a href=\"https:\/\/www.suno.com.br\/noticias\/negocios\/\">Neg\u00f3cios<\/a><\/span><\/div><div class=\"cardsPage__listCard__boxs__content\"><a href=\"https:\/\/www.suno.com.br\/noticias\/votorantim-doacao-r-50-mi-combate-coronavirus\/\"><h2 class=\"content__title\">Votorantim anuncia doa\u00e7\u00e3o de R$ 50 mi para ajudar no combate ao coronav\u00edrus<\/h2><\/a><div class=\"newsContent__article__meta\"><div class=\"newsContent__article__meta__authorBox\"><a href=\"https:\/\/www.suno.com.br\/noticias\/author\/juliano\/\" class=\"authorBox__avatar noMobi\"><img src=\"https:\/\/files.sunoresearch.com.br\/n\/uploads\/2019\/06\/7cc3efea-whatsapp-image-2019-07-18-at-21.59.33-e1563499821209-150x150.webp\" alt=\"Juliano Passaro\"><\/a><div class=\"authorBox__name\"><span>por\n\t\t\t<a href=\"https:\/\/www.suno.com.br\/noticias\/author\/juliano\/\"><span itemprop=\"author\">Juliano Passaro<\/span><\/a><\/span><time datetime=\"2020-03-30T14:16:40-03:00\" itemprop=\"datePublished\">30\/03\/2020 14:16<\/time><\/div><\/div><\/div><\/div><\/div>","single_layout":"posts","amp_enabled":true,"_links":{"self":[{"href":"https:\/\/www.suno.com.br\/noticias\/wp-json\/wp\/v2\/posts\/59474"}],"collection":[{"href":"https:\/\/www.suno.com.br\/noticias\/wp-json\/wp\/v2\/posts"}],"about":[{"href":"https:\/\/www.suno.com.br\/noticias\/wp-json\/wp\/v2\/types\/post"}],"author":[{"embeddable":true,"href":"https:\/\/www.suno.com.br\/noticias\/wp-json\/wp\/v2\/users\/19"}],"replies":[{"embeddable":true,"href":"https:\/\/www.suno.com.br\/noticias\/wp-json\/wp\/v2\/comments?post=59474"}],"version-history":[{"count":0,"href":"https:\/\/www.suno.com.br\/noticias\/wp-json\/wp\/v2\/posts\/59474\/revisions"}],"wp:featuredmedia":[{"embeddable":true,"href":"https:\/\/www.suno.com.br\/noticias\/wp-json\/wp\/v2\/media\/59486"}],"wp:attachment":[{"href":"https:\/\/www.suno.com.br\/noticias\/wp-json\/wp\/v2\/media?parent=59474"}],"wp:term":[{"taxonomy":"category","embeddable":true,"href":"https:\/\/www.suno.com.br\/noticias\/wp-json\/wp\/v2\/categories?post=59474"},{"taxonomy":"post_tag","embeddable":true,"href":"https:\/\/www.suno.com.br\/noticias\/wp-json\/wp\/v2\/tags?post=59474"},{"taxonomy":"suno_strategy","embeddable":true,"href":"https:\/\/www.suno.com.br\/noticias\/wp-json\/wp\/v2\/suno_strategy?post=59474"}],"curies":[{"name":"wp","href":"https:\/\/api.w.org\/{rel}","templated":true}]}}