{"id":594572,"date":"2025-02-12T14:48:15","date_gmt":"2025-02-12T17:48:15","guid":{"rendered":"https:\/\/www.suno.com.br\/noticias\/?p=594572"},"modified":"2025-02-12T14:48:18","modified_gmt":"2025-02-12T17:48:18","slug":"gerdau-ggbr4-beneficiada-taxacao-genial-gss","status":"publish","type":"post","link":"https:\/\/www.suno.com.br\/noticias\/gerdau-ggbr4-beneficiada-taxacao-genial-gss\/","title":{"rendered":"Gerdau (GGBR4) \u00e9 principal beneficiada pela taxa\u00e7\u00e3o, diz Genial"},"content":{"rendered":"<p>Desde que o presidente dos Estados Unidos, <a href=\"https:\/\/www.suno.com.br\/noticias\/trump-confirma-tarifas-aco-aluminio-ec-gss\/\">Donald Trump, oficializou a taxa\u00e7\u00e3o de 25% sobre o a\u00e7o e o alum\u00ednio<\/a> importados pelo pa\u00eds norte-americano, muitos analistas vem tentando desvendar os<a href=\"https:\/\/www.suno.com.br\/noticias\/aco-aluminio-impactos-taxacao-goldman-sachs-gss\/\"> impactos da medida para o mercado<\/a> brasileiro. E, de acordo com a Genial Investimentos, a <strong>Gerdau<\/strong> (<a class=\"suno-keyword\" data-force=\"yes\" data-priority=\"2\" href=\"https:\/\/www.suno.com.br\/analitica\/acoes\/ggbr4\/\" target=\"_blank\" rel=\"noopener\">GGBR4<\/a>) pode se beneficiar desse cen\u00e1rio.<\/p>\t<div class=\"wrapper-featured-image\">\n\t\t<figure class=\"spotlightImg\">\n\n\t\t\t<picture>\n\t\t\t\t<source media=\"(max-width: 768px)\" srcset=\"https:\/\/files.sunoresearch.com.br\/n\/uploads\/2022\/07\/gerdau-fabrica-400x200.jpg\">\n\t\t\t\t<img loading=\"lazy\" decoding=\"async\" class=\"newsContent__article__imgCapa lazyloadDisabled \" src=\"https:\/\/files.sunoresearch.com.br\/n\/uploads\/2022\/07\/gerdau-fabrica-800x450.jpg\" width=\"800\" height=\"450\" alt=\"Gerdau (GGBR4) \u00e9 principal beneficiada pela taxa\u00e7\u00e3o, diz Genial\" fetchpriority=high \/>\n\t\t\t<\/picture>\n\n\t\t\t<figcaption class=\"wp-caption-text wp-caption-text--show\">Foto: Divulga\u00e7\u00e3o<\/figcaption>\n\t\t<\/figure>\n\t<\/div>\n\n\n\n\n\n\n\n\t<p>\n\t\t<a href=\"https:\/\/lp.suno.com.br\/planilha-da-vida-financeira\/\" target=\"_blank\" data-element=\"shortcode-suno-banner\" title=\"Banner SUNO, clique e saiba mais\">\n\t\t\t<picture>\n\t\t\t\t<source media=\"(max-width: 500px)\" srcset=\"https:\/\/files.sunoresearch.com.br\/n\/uploads\/2023\/04\/400x300-Planilha-vida-financeira-true.png\">\n\t\t\t\t<img class=\"newsContent__article__imgCapa newsContent__article__imgCapa--banner\"\n\t\t\t\t\tsrc=\"https:\/\/files.sunoresearch.com.br\/n\/uploads\/2023\/04\/1420x240-Planilha-vida-financeira-true.png\"\n\t\t\t\t\tdata-promo-id=\"106682\"\t\t\t\t\t\t\t\t\t\twidth='1420' height='240'\t\t\t\t\talt=\"https:\/\/files.sunoresearch.com.br\/n\/uploads\/2023\/04\/1420x240-Planilha-vida-financeira-true.png\"\n\t\t\t\t>\n\t\t\t<\/picture>\n\t\t<\/a>\n\t<\/p>\n\n\n\n\n\n<p>O principal ponto destacado pelos analistas \u00e9 o fato de que aproximadamente 35% das opera\u00e7\u00f5es da companhia est\u00e3o sediadas nos Estados Unidos.<\/p>\n\n\n\n<p>&#8220;A presen\u00e7a de usinas localizadas em solo norte-americano em seu portif\u00f3lio de ativos permite que a Gerdau seja uma das benefici\u00e1rias do aumento tarif\u00e1rio, tanto quanto usinas que operam e foram fundadas nos EUA&#8221;, diz o relat\u00f3rio.<\/p>\n\n\n\n<p>Com isso, segundo a Genial, a <strong>GGBR4<\/strong> poder\u00e1 se proteger no <a class=\"suno-keyword\" data-force=\"no\" data-priority=\"1\" href=\"https:\/\/www.suno.com.br\/artigos\/curto-prazo\/\" target=\"_blank\" rel=\"noopener\">curto prazo<\/a> de forma eficaz contra o aumento da penetra\u00e7\u00e3o do <strong>a\u00e7o importado<\/strong>, cuja participa\u00e7\u00e3o no consumo aparente, segundo a American Iron and Steel Institute, chegou a 23% em 2024 (vs. 21% em 2023).<\/p>\n\n\n\n\t<div data-element=\"shortcode-read-more\" class=\"readToo\">\n\t\t\t\t<span class=\"readToo__title\">Leia mais<\/span>\n\t\t\t\t<ul class=\"readToo__list\">\n\t\t\t<li><a href=\"https:\/\/www.suno.com.br\/noticias\/aco-empresas-beneficiadas-prejudicadas-itau-bba-gss\/\">Veja empresas beneficiadas e prejudicadas pela taxa\u00e7\u00e3o do a\u00e7o<\/a><\/li><li><a href=\"https:\/\/www.suno.com.br\/noticias\/gerdau-ggbr4-taxacao-aco-btg-gss\/\">Gerdau (GGBR4) pode se beneficiar de taxa\u00e7\u00e3o sobre o a\u00e7o?<\/a><\/li>\t\t<\/ul>\n\t<\/div>\n\n\n\n\n<p>&#8220;Entendemos que isso poder\u00e1 levar a uma recomposi\u00e7\u00e3o das margens locais via maior poder de precifica\u00e7\u00e3o e eventual eleva\u00e7\u00e3o da <a class=\"suno-keyword\" target=\"_blank\" data-force=\"no\" data-priority=\"1\" href=\"https:\/\/www.suno.com.br\/artigos\/capacidade-produtiva\/\" rel=\"noopener\">capacidade produtiva<\/a> local, uma vez que o setor sider\u00fargico nos EUA segue enfraquecido, operando com aproximadamente 73% de sua <a class=\"suno-keyword\" target=\"_blank\" data-force=\"no\" data-priority=\"1\" href=\"https:\/\/www.suno.com.br\/artigos\/capacidade-instalada\/\" rel=\"noopener\">capacidade instalada<\/a>&#8220;, afirmam os analistas.<\/p>\n\n\n\n<p>Como exemplifica\u00e7\u00e3o de que o cen\u00e1rio pr\u00e9-tarifas \u00e9 debilitado, a casa projeta uma <a class=\"suno-keyword\" data-force=\"no\" data-priority=\"1\" href=\"https:\/\/www.suno.com.br\/artigos\/margem-ebitda\/\" target=\"_blank\" rel=\"noopener\">margem Ebitda<\/a> de 12,2% para a divis\u00e3o da Am\u00e9rica do Norte da <strong>Gerdau no 4T24<\/strong>, o que representa uma queda de 5,1 pontos percentuais trimestre a trimestre e de 8,5 pontos percentuais na base anual. Caso se concretize, essa seria a margem mais baixa da Gerdau desde 2020.<\/p>\n\n\n\t<p>\n\t\t<a href=\"https:\/\/lp.suno.com.br\/ebook-como-analisar-uma-acao\/\" target=\"_blank\" data-element=\"shortcode-suno-banner\" title=\"Banner SUNO, clique e saiba mais\">\n\t\t\t<picture>\n\t\t\t\t<source media=\"(max-width: 500px)\" srcset=\"https:\/\/files.sunoresearch.com.br\/n\/uploads\/2023\/03\/Ebook-Acoes-Mobile.jpg\">\n\t\t\t\t<img class=\"newsContent__article__imgCapa newsContent__article__imgCapa--banner\"\n\t\t\t\t\tsrc=\"https:\/\/files.sunoresearch.com.br\/n\/uploads\/2023\/03\/Ebook-Acoes-Desktop.jpg\"\n\t\t\t\t\tdata-promo-id=\"378302\"\t\t\t\t\t\t\t\t\t\twidth='1420' height='286'\t\t\t\t\talt=\"https:\/\/files.sunoresearch.com.br\/n\/uploads\/2023\/03\/Ebook-Acoes-Desktop.jpg\"\n\t\t\t\t>\n\t\t\t<\/picture>\n\t\t<\/a>\n\t<\/p>\n\n\n\n\n\n<p>&#8220;Ao fazermos um exerc\u00edcio para tentar a sensibilidade dos efeitos tarif\u00e1rios, o modelo indica que a eleva\u00e7\u00e3o de +5% no pre\u00e7o realizado de vendas da <strong>Gerdau nos EUA<\/strong> pode resultar em uma acelera\u00e7\u00e3o de +12% no EBITDA da divis\u00e3o Am\u00e9rica do Norte&#8221;, diz a Genial.<\/p>\n\n\n\n<p>Al\u00e9m disso, segundo a casa, das exporta\u00e7\u00f5es de a\u00e7o da unidade Brasil, apenas 1% da <a class=\"suno-keyword\" target=\"_blank\" data-force=\"no\" data-priority=\"1\" href=\"https:\/\/www.suno.com.br\/artigos\/receita-total\/\" rel=\"noopener\">receita total<\/a> da divis\u00e3o de neg\u00f3cios adv\u00e9m de volumes direcionadas aos EUA, que s\u00e3o semiacabados nesse caso. Dessa forma, completa a Genial, os impactos s\u00e3o positivos no curto prazo em ajudar a recompor margens da <strong>Gerdau<\/strong>.<\/p>\n\n\n\t<p>\n\t\t<a href=\"https:\/\/lp.suno.com.br\/planilha-da-vida-financeira\/\" target=\"_blank\" data-element=\"shortcode-suno-banner\" title=\"Banner SUNO, clique e saiba mais\">\n\t\t\t<picture>\n\t\t\t\t<source media=\"(max-width: 500px)\" srcset=\"https:\/\/files.sunoresearch.com.br\/n\/uploads\/2023\/04\/400x300-Planilha-vida-financeira-true.png\">\n\t\t\t\t<img class=\"newsContent__article__imgCapa newsContent__article__imgCapa--banner\"\n\t\t\t\t\tsrc=\"https:\/\/files.sunoresearch.com.br\/n\/uploads\/2023\/04\/1420x240-Planilha-vida-financeira-true.png\"\n\t\t\t\t\tdata-promo-id=\"383123\"\t\t\t\t\t\t\t\t\t\twidth='1420' height='240'\t\t\t\t\talt=\"https:\/\/files.sunoresearch.com.br\/n\/uploads\/2023\/04\/1420x240-Planilha-vida-financeira-true.png\"\n\t\t\t\t>\n\t\t\t<\/picture>\n\t\t<\/a>\n\t<\/p>\n\n\n","protected":false},"excerpt":{"rendered":"<p>Desde que o presidente dos Estados Unidos, Donald Trump, oficializou a taxa\u00e7\u00e3o de 25% sobre o a\u00e7o e o alum\u00ednio importados pelo pa\u00eds norte-americano, muitos analistas vem tentando desvendar os impactos da medida para o mercado brasileiro. E, de acordo com a Genial Investimentos, a Gerdau (GGBR4) pode se beneficiar desse cen\u00e1rio. Foto: Divulga\u00e7\u00e3o O [&hellip;]<\/p>\n","protected":false},"author":376,"featured_media":278167,"comment_status":"closed","ping_status":"closed","sticky":false,"template":"","format":"standard","meta":[],"categories":[64],"tags":[488],"suno_strategy":[],"class_list":["post-594572","post","type-post","status-publish","format-standard","has-post-thumbnail","hentry","category-negocios","tag-gerdau-ggbr3-ggbr4"],"yoast_head":"<!-- This site is optimized with the Yoast SEO plugin v24.4 - https:\/\/yoast.com\/wordpress\/plugins\/seo\/ -->\n<title>Gerdau (GGBR4) \u00e9 principal beneficiada pela taxa\u00e7\u00e3o, diz Genial<\/title>\n<meta name=\"description\" content=\"A Genial Investimentos aponta a Gerdau como beneficiada pela taxa\u00e7\u00e3o do a\u00e7o importado pelos EUA. Clique para entender os motivos.\" \/>\n<meta name=\"robots\" content=\"index, follow, max-snippet:-1, max-image-preview:large, max-video-preview:-1\" \/>\n<link rel=\"canonical\" href=\"https:\/\/www.suno.com.br\/noticias\/gerdau-ggbr4-beneficiada-taxacao-genial-gss\/\" \/>\n<meta property=\"og:locale\" content=\"pt_BR\" \/>\n<meta property=\"og:type\" content=\"article\" \/>\n<meta property=\"og:title\" content=\"Gerdau (GGBR4) \u00e9 principal beneficiada pela taxa\u00e7\u00e3o, diz Genial\" \/>\n<meta property=\"og:description\" content=\"A Genial Investimentos aponta a Gerdau como beneficiada pela taxa\u00e7\u00e3o do a\u00e7o importado pelos EUA. Clique para entender os motivos.\" \/>\n<meta property=\"og:url\" content=\"https:\/\/www.suno.com.br\/noticias\/gerdau-ggbr4-beneficiada-taxacao-genial-gss\/\" \/>\n<meta property=\"og:site_name\" content=\"Suno Not\u00edcias\" \/>\n<meta property=\"article:publisher\" content=\"https:\/\/facebook.com\/sunoresearch\" \/>\n<meta property=\"og:image\" content=\"https:\/\/files.sunoresearch.com.br\/n\/uploads\/2022\/07\/gerdau-fabrica.jpg\" \/>\n\t<meta property=\"og:image:width\" content=\"1250\" \/>\n\t<meta property=\"og:image:height\" content=\"833\" \/>\n\t<meta property=\"og:image:type\" content=\"image\/jpeg\" \/>\n<meta name=\"author\" content=\"Guilherme Serrano\" \/>\n<meta name=\"twitter:card\" content=\"summary_large_image\" \/>\n<meta name=\"twitter:creator\" content=\"@sunoresearch\" \/>\n<meta name=\"twitter:site\" content=\"@sunoresearch\" \/>\n<meta name=\"twitter:label1\" content=\"Escrito por\" \/>\n\t<meta name=\"twitter:data1\" content=\"Guilherme Serrano\" \/>\n\t<meta name=\"twitter:label2\" content=\"Est. tempo de leitura\" \/>\n\t<meta name=\"twitter:data2\" content=\"3 minutos\" \/>\n<script type=\"application\/ld+json\" class=\"yoast-schema-graph\">{\"@context\":\"https:\/\/schema.org\",\"@graph\":[{\"@type\":\"NewsArticle\",\"@id\":\"https:\/\/www.suno.com.br\/noticias\/gerdau-ggbr4-beneficiada-taxacao-genial-gss\/#article\",\"isPartOf\":{\"@id\":\"https:\/\/www.suno.com.br\/noticias\/gerdau-ggbr4-beneficiada-taxacao-genial-gss\/\"},\"author\":{\"name\":\"Guilherme Serrano\",\"@id\":\"https:\/\/www.suno.com.br\/noticias\/#\/schema\/person\/d0f07e64bce64aa671feadfb844f04ca\"},\"headline\":\"Gerdau (GGBR4) \u00e9 principal beneficiada pela taxa\u00e7\u00e3o, diz Genial\",\"datePublished\":\"2025-02-12T17:48:15+00:00\",\"dateModified\":\"2025-02-12T17:48:18+00:00\",\"mainEntityOfPage\":{\"@id\":\"https:\/\/www.suno.com.br\/noticias\/gerdau-ggbr4-beneficiada-taxacao-genial-gss\/\"},\"wordCount\":398,\"publisher\":{\"@id\":\"https:\/\/www.suno.com.br\/noticias\/#organization\"},\"image\":{\"@id\":\"https:\/\/www.suno.com.br\/noticias\/gerdau-ggbr4-beneficiada-taxacao-genial-gss\/#primaryimage\"},\"thumbnailUrl\":\"https:\/\/files.sunoresearch.com.br\/n\/uploads\/2022\/07\/gerdau-fabrica.jpg\",\"keywords\":[\"Gerdau (GGBR3\/GGBR4)\"],\"articleSection\":[\"Neg\u00f3cios\"],\"inLanguage\":\"pt-BR\"},{\"@type\":\"WebPage\",\"@id\":\"https:\/\/www.suno.com.br\/noticias\/gerdau-ggbr4-beneficiada-taxacao-genial-gss\/\",\"url\":\"https:\/\/www.suno.com.br\/noticias\/gerdau-ggbr4-beneficiada-taxacao-genial-gss\/\",\"name\":\"Gerdau (GGBR4) \u00e9 principal beneficiada pela taxa\u00e7\u00e3o, diz Genial\",\"isPartOf\":{\"@id\":\"https:\/\/www.suno.com.br\/noticias\/#website\"},\"primaryImageOfPage\":{\"@id\":\"https:\/\/www.suno.com.br\/noticias\/gerdau-ggbr4-beneficiada-taxacao-genial-gss\/#primaryimage\"},\"image\":{\"@id\":\"https:\/\/www.suno.com.br\/noticias\/gerdau-ggbr4-beneficiada-taxacao-genial-gss\/#primaryimage\"},\"thumbnailUrl\":\"https:\/\/files.sunoresearch.com.br\/n\/uploads\/2022\/07\/gerdau-fabrica.jpg\",\"datePublished\":\"2025-02-12T17:48:15+00:00\",\"dateModified\":\"2025-02-12T17:48:18+00:00\",\"description\":\"A Genial Investimentos aponta a Gerdau como beneficiada pela taxa\u00e7\u00e3o do a\u00e7o importado pelos EUA. Clique para entender os motivos.\",\"breadcrumb\":{\"@id\":\"https:\/\/www.suno.com.br\/noticias\/gerdau-ggbr4-beneficiada-taxacao-genial-gss\/#breadcrumb\"},\"inLanguage\":\"pt-BR\",\"potentialAction\":[{\"@type\":\"ReadAction\",\"target\":[\"https:\/\/www.suno.com.br\/noticias\/gerdau-ggbr4-beneficiada-taxacao-genial-gss\/\"]}]},{\"@type\":\"ImageObject\",\"inLanguage\":\"pt-BR\",\"@id\":\"https:\/\/www.suno.com.br\/noticias\/gerdau-ggbr4-beneficiada-taxacao-genial-gss\/#primaryimage\",\"url\":\"https:\/\/files.sunoresearch.com.br\/n\/uploads\/2022\/07\/gerdau-fabrica.jpg\",\"contentUrl\":\"https:\/\/files.sunoresearch.com.br\/n\/uploads\/2022\/07\/gerdau-fabrica.jpg\",\"width\":1250,\"height\":833,\"caption\":\"Foto: Divulga\u00e7\u00e3o\"},{\"@type\":\"BreadcrumbList\",\"@id\":\"https:\/\/www.suno.com.br\/noticias\/gerdau-ggbr4-beneficiada-taxacao-genial-gss\/#breadcrumb\",\"itemListElement\":[{\"@type\":\"ListItem\",\"position\":1,\"name\":\"Not\u00edcias\",\"item\":\"https:\/\/www.suno.com.br\/noticias\/\"},{\"@type\":\"ListItem\",\"position\":2,\"name\":\"Neg\u00f3cios\",\"item\":\"https:\/\/www.suno.com.br\/noticias\/negocios\/\"},{\"@type\":\"ListItem\",\"position\":3,\"name\":\"Gerdau (GGBR4) \u00e9 principal beneficiada pela taxa\u00e7\u00e3o, diz Genial\"}]},{\"@type\":\"WebSite\",\"@id\":\"https:\/\/www.suno.com.br\/noticias\/#website\",\"url\":\"https:\/\/www.suno.com.br\/noticias\/\",\"name\":\"Suno Not\u00edcias\",\"description\":\"Seu portal de informa\u00e7\u00e3o sobre o mundo dos investimentos\",\"publisher\":{\"@id\":\"https:\/\/www.suno.com.br\/noticias\/#organization\"},\"potentialAction\":[{\"@type\":\"SearchAction\",\"target\":{\"@type\":\"EntryPoint\",\"urlTemplate\":\"https:\/\/www.suno.com.br\/noticias\/?s={search_term_string}\"},\"query-input\":{\"@type\":\"PropertyValueSpecification\",\"valueRequired\":true,\"valueName\":\"search_term_string\"}}],\"inLanguage\":\"pt-BR\"},{\"@type\":\"Organization\",\"@id\":\"https:\/\/www.suno.com.br\/noticias\/#organization\",\"name\":\"Suno Not\u00edcias\",\"url\":\"https:\/\/www.suno.com.br\/noticias\/\",\"logo\":{\"@type\":\"ImageObject\",\"inLanguage\":\"pt-BR\",\"@id\":\"https:\/\/www.suno.com.br\/noticias\/#\/schema\/logo\/image\/\",\"url\":\"https:\/\/files.sunoresearch.com.br\/n\/uploads\/2021\/09\/suno-logo.png\",\"contentUrl\":\"https:\/\/files.sunoresearch.com.br\/n\/uploads\/2021\/09\/suno-logo.png\",\"width\":180,\"height\":180,\"caption\":\"Suno Not\u00edcias\"},\"image\":{\"@id\":\"https:\/\/www.suno.com.br\/noticias\/#\/schema\/logo\/image\/\"},\"sameAs\":[\"https:\/\/facebook.com\/sunoresearch\",\"https:\/\/x.com\/sunoresearch\",\"https:\/\/www.instagram.com\/suno\",\"https:\/\/www.linkedin.com\/company\/suno-research\/\",\"https:\/\/www.youtube.com\/c\/sunoresearch\"]},{\"@type\":\"Person\",\"@id\":\"https:\/\/www.suno.com.br\/noticias\/#\/schema\/person\/d0f07e64bce64aa671feadfb844f04ca\",\"name\":\"Guilherme Serrano\",\"image\":{\"@type\":\"ImageObject\",\"inLanguage\":\"pt-BR\",\"@id\":\"https:\/\/www.suno.com.br\/noticias\/#\/schema\/person\/image\/\",\"url\":\"https:\/\/secure.gravatar.com\/avatar\/a90be19d8c67bef61497e4522de30ac4?s=96&r=g\",\"contentUrl\":\"https:\/\/secure.gravatar.com\/avatar\/a90be19d8c67bef61497e4522de30ac4?s=96&r=g\",\"caption\":\"Guilherme Serrano\"},\"description\":\"Jornalista formado pela Faculdade C\u00e1sper L\u00edbero e p\u00f3s-graduado em Can\u00e7\u00e3o Popular pela Faculdade Santa Marcelina. Passagens por R\u00e1dio Gazeta AM, gazetaesportiva.com e TC R\u00e1dio.\",\"url\":\"https:\/\/www.suno.com.br\/noticias\/author\/guilherme-silvasuno-com-br\/\"}]}<\/script>\n<!-- \/ Yoast SEO plugin. -->","yoast_head_json":{"title":"Gerdau (GGBR4) \u00e9 principal beneficiada pela taxa\u00e7\u00e3o, diz Genial","description":"A Genial Investimentos aponta a Gerdau como beneficiada pela taxa\u00e7\u00e3o do a\u00e7o importado pelos EUA. Clique para entender os motivos.","robots":{"index":"index","follow":"follow","max-snippet":"max-snippet:-1","max-image-preview":"max-image-preview:large","max-video-preview":"max-video-preview:-1"},"canonical":"https:\/\/www.suno.com.br\/noticias\/gerdau-ggbr4-beneficiada-taxacao-genial-gss\/","og_locale":"pt_BR","og_type":"article","og_title":"Gerdau (GGBR4) \u00e9 principal beneficiada pela taxa\u00e7\u00e3o, diz Genial","og_description":"A Genial Investimentos aponta a Gerdau como beneficiada pela taxa\u00e7\u00e3o do a\u00e7o importado pelos EUA. Clique para entender os motivos.","og_url":"https:\/\/www.suno.com.br\/noticias\/gerdau-ggbr4-beneficiada-taxacao-genial-gss\/","og_site_name":"Suno Not\u00edcias","article_publisher":"https:\/\/facebook.com\/sunoresearch","og_image":[{"width":1250,"height":833,"url":"https:\/\/files.sunoresearch.com.br\/n\/uploads\/2022\/07\/gerdau-fabrica.jpg","type":"image\/jpeg"}],"author":"Guilherme Serrano","twitter_card":"summary_large_image","twitter_creator":"@sunoresearch","twitter_site":"@sunoresearch","twitter_misc":{"Escrito por":"Guilherme Serrano","Est. tempo de leitura":"3 minutos"},"schema":{"@context":"https:\/\/schema.org","@graph":[{"@type":"NewsArticle","@id":"https:\/\/www.suno.com.br\/noticias\/gerdau-ggbr4-beneficiada-taxacao-genial-gss\/#article","isPartOf":{"@id":"https:\/\/www.suno.com.br\/noticias\/gerdau-ggbr4-beneficiada-taxacao-genial-gss\/"},"author":{"name":"Guilherme Serrano","@id":"https:\/\/www.suno.com.br\/noticias\/#\/schema\/person\/d0f07e64bce64aa671feadfb844f04ca"},"headline":"Gerdau (GGBR4) \u00e9 principal beneficiada pela taxa\u00e7\u00e3o, diz Genial","datePublished":"2025-02-12T17:48:15+00:00","dateModified":"2025-02-12T17:48:18+00:00","mainEntityOfPage":{"@id":"https:\/\/www.suno.com.br\/noticias\/gerdau-ggbr4-beneficiada-taxacao-genial-gss\/"},"wordCount":398,"publisher":{"@id":"https:\/\/www.suno.com.br\/noticias\/#organization"},"image":{"@id":"https:\/\/www.suno.com.br\/noticias\/gerdau-ggbr4-beneficiada-taxacao-genial-gss\/#primaryimage"},"thumbnailUrl":"https:\/\/files.sunoresearch.com.br\/n\/uploads\/2022\/07\/gerdau-fabrica.jpg","keywords":["Gerdau (GGBR3\/GGBR4)"],"articleSection":["Neg\u00f3cios"],"inLanguage":"pt-BR"},{"@type":"WebPage","@id":"https:\/\/www.suno.com.br\/noticias\/gerdau-ggbr4-beneficiada-taxacao-genial-gss\/","url":"https:\/\/www.suno.com.br\/noticias\/gerdau-ggbr4-beneficiada-taxacao-genial-gss\/","name":"Gerdau (GGBR4) \u00e9 principal beneficiada pela taxa\u00e7\u00e3o, diz Genial","isPartOf":{"@id":"https:\/\/www.suno.com.br\/noticias\/#website"},"primaryImageOfPage":{"@id":"https:\/\/www.suno.com.br\/noticias\/gerdau-ggbr4-beneficiada-taxacao-genial-gss\/#primaryimage"},"image":{"@id":"https:\/\/www.suno.com.br\/noticias\/gerdau-ggbr4-beneficiada-taxacao-genial-gss\/#primaryimage"},"thumbnailUrl":"https:\/\/files.sunoresearch.com.br\/n\/uploads\/2022\/07\/gerdau-fabrica.jpg","datePublished":"2025-02-12T17:48:15+00:00","dateModified":"2025-02-12T17:48:18+00:00","description":"A Genial Investimentos aponta a Gerdau como beneficiada pela taxa\u00e7\u00e3o do a\u00e7o importado pelos EUA. Clique para entender os motivos.","breadcrumb":{"@id":"https:\/\/www.suno.com.br\/noticias\/gerdau-ggbr4-beneficiada-taxacao-genial-gss\/#breadcrumb"},"inLanguage":"pt-BR","potentialAction":[{"@type":"ReadAction","target":["https:\/\/www.suno.com.br\/noticias\/gerdau-ggbr4-beneficiada-taxacao-genial-gss\/"]}]},{"@type":"ImageObject","inLanguage":"pt-BR","@id":"https:\/\/www.suno.com.br\/noticias\/gerdau-ggbr4-beneficiada-taxacao-genial-gss\/#primaryimage","url":"https:\/\/files.sunoresearch.com.br\/n\/uploads\/2022\/07\/gerdau-fabrica.jpg","contentUrl":"https:\/\/files.sunoresearch.com.br\/n\/uploads\/2022\/07\/gerdau-fabrica.jpg","width":1250,"height":833,"caption":"Foto: Divulga\u00e7\u00e3o"},{"@type":"BreadcrumbList","@id":"https:\/\/www.suno.com.br\/noticias\/gerdau-ggbr4-beneficiada-taxacao-genial-gss\/#breadcrumb","itemListElement":[{"@type":"ListItem","position":1,"name":"Not\u00edcias","item":"https:\/\/www.suno.com.br\/noticias\/"},{"@type":"ListItem","position":2,"name":"Neg\u00f3cios","item":"https:\/\/www.suno.com.br\/noticias\/negocios\/"},{"@type":"ListItem","position":3,"name":"Gerdau (GGBR4) \u00e9 principal beneficiada pela taxa\u00e7\u00e3o, diz Genial"}]},{"@type":"WebSite","@id":"https:\/\/www.suno.com.br\/noticias\/#website","url":"https:\/\/www.suno.com.br\/noticias\/","name":"Suno Not\u00edcias","description":"Seu portal de informa\u00e7\u00e3o sobre o mundo dos investimentos","publisher":{"@id":"https:\/\/www.suno.com.br\/noticias\/#organization"},"potentialAction":[{"@type":"SearchAction","target":{"@type":"EntryPoint","urlTemplate":"https:\/\/www.suno.com.br\/noticias\/?s={search_term_string}"},"query-input":{"@type":"PropertyValueSpecification","valueRequired":true,"valueName":"search_term_string"}}],"inLanguage":"pt-BR"},{"@type":"Organization","@id":"https:\/\/www.suno.com.br\/noticias\/#organization","name":"Suno Not\u00edcias","url":"https:\/\/www.suno.com.br\/noticias\/","logo":{"@type":"ImageObject","inLanguage":"pt-BR","@id":"https:\/\/www.suno.com.br\/noticias\/#\/schema\/logo\/image\/","url":"https:\/\/files.sunoresearch.com.br\/n\/uploads\/2021\/09\/suno-logo.png","contentUrl":"https:\/\/files.sunoresearch.com.br\/n\/uploads\/2021\/09\/suno-logo.png","width":180,"height":180,"caption":"Suno Not\u00edcias"},"image":{"@id":"https:\/\/www.suno.com.br\/noticias\/#\/schema\/logo\/image\/"},"sameAs":["https:\/\/facebook.com\/sunoresearch","https:\/\/x.com\/sunoresearch","https:\/\/www.instagram.com\/suno","https:\/\/www.linkedin.com\/company\/suno-research\/","https:\/\/www.youtube.com\/c\/sunoresearch"]},{"@type":"Person","@id":"https:\/\/www.suno.com.br\/noticias\/#\/schema\/person\/d0f07e64bce64aa671feadfb844f04ca","name":"Guilherme Serrano","image":{"@type":"ImageObject","inLanguage":"pt-BR","@id":"https:\/\/www.suno.com.br\/noticias\/#\/schema\/person\/image\/","url":"https:\/\/secure.gravatar.com\/avatar\/a90be19d8c67bef61497e4522de30ac4?s=96&r=g","contentUrl":"https:\/\/secure.gravatar.com\/avatar\/a90be19d8c67bef61497e4522de30ac4?s=96&r=g","caption":"Guilherme Serrano"},"description":"Jornalista formado pela Faculdade C\u00e1sper L\u00edbero e p\u00f3s-graduado em Can\u00e7\u00e3o Popular pela Faculdade Santa Marcelina. Passagens por R\u00e1dio Gazeta AM, gazetaesportiva.com e TC R\u00e1dio.","url":"https:\/\/www.suno.com.br\/noticias\/author\/guilherme-silvasuno-com-br\/"}]}},"default_loop_html":"<div class=\"cardsPage__listCard__boxs\"><div class=\"cardsPage__listCard__boxs__img\"><a href=\"https:\/\/www.suno.com.br\/noticias\/gerdau-ggbr4-beneficiada-taxacao-genial-gss\/\"><img class=\"mask\" src=\"https:\/\/www.suno.com.br\/noticias\/wp-content\/themes\/suno\/resources\/images\/spotlight\/spotlight1img\/bg-mask.png\" alt=\"Image Mask\"\/><img src=\"https:\/\/files.sunoresearch.com.br\/n\/uploads\/2022\/07\/gerdau-fabrica-400x200.jpg\" alt=\"Gerdau (GGBR4) \u00e9 principal beneficiada pela taxa\u00e7\u00e3o, diz Genial\"\/><\/a><span class=\"spotlightCategory\"><a href=\"https:\/\/www.suno.com.br\/noticias\/negocios\/\">Neg\u00f3cios<\/a><\/span><\/div><div class=\"cardsPage__listCard__boxs__content\"><a href=\"https:\/\/www.suno.com.br\/noticias\/gerdau-ggbr4-beneficiada-taxacao-genial-gss\/\"><h2 class=\"content__title\">Gerdau (GGBR4) \u00e9 principal beneficiada pela taxa\u00e7\u00e3o, diz Genial<\/h2><\/a><div class=\"newsContent__article__meta\"><div class=\"newsContent__article__meta__authorBox\"><a href=\"https:\/\/www.suno.com.br\/noticias\/author\/guilherme-silvasuno-com-br\/\" class=\"authorBox__avatar noMobi\"><img src=\"https:\/\/secure.gravatar.com\/avatar\/a90be19d8c67bef61497e4522de30ac4?s=96&#038;r=g\" alt=\"Guilherme Serrano\"><\/a><div class=\"authorBox__name\"><span>por\n\t\t\t<a href=\"https:\/\/www.suno.com.br\/noticias\/author\/guilherme-silvasuno-com-br\/\"><span itemprop=\"author\">Guilherme Serrano<\/span><\/a><\/span><time datetime=\"2025-02-12T14:48:15-03:00\" itemprop=\"datePublished\">12\/02\/2025 14:48<\/time><\/div><\/div><\/div><\/div><\/div>","single_layout":"posts","amp_enabled":true,"_links":{"self":[{"href":"https:\/\/www.suno.com.br\/noticias\/wp-json\/wp\/v2\/posts\/594572"}],"collection":[{"href":"https:\/\/www.suno.com.br\/noticias\/wp-json\/wp\/v2\/posts"}],"about":[{"href":"https:\/\/www.suno.com.br\/noticias\/wp-json\/wp\/v2\/types\/post"}],"author":[{"embeddable":true,"href":"https:\/\/www.suno.com.br\/noticias\/wp-json\/wp\/v2\/users\/376"}],"replies":[{"embeddable":true,"href":"https:\/\/www.suno.com.br\/noticias\/wp-json\/wp\/v2\/comments?post=594572"}],"version-history":[{"count":2,"href":"https:\/\/www.suno.com.br\/noticias\/wp-json\/wp\/v2\/posts\/594572\/revisions"}],"predecessor-version":[{"id":594577,"href":"https:\/\/www.suno.com.br\/noticias\/wp-json\/wp\/v2\/posts\/594572\/revisions\/594577"}],"wp:featuredmedia":[{"embeddable":true,"href":"https:\/\/www.suno.com.br\/noticias\/wp-json\/wp\/v2\/media\/278167"}],"wp:attachment":[{"href":"https:\/\/www.suno.com.br\/noticias\/wp-json\/wp\/v2\/media?parent=594572"}],"wp:term":[{"taxonomy":"category","embeddable":true,"href":"https:\/\/www.suno.com.br\/noticias\/wp-json\/wp\/v2\/categories?post=594572"},{"taxonomy":"post_tag","embeddable":true,"href":"https:\/\/www.suno.com.br\/noticias\/wp-json\/wp\/v2\/tags?post=594572"},{"taxonomy":"suno_strategy","embeddable":true,"href":"https:\/\/www.suno.com.br\/noticias\/wp-json\/wp\/v2\/suno_strategy?post=594572"}],"curies":[{"name":"wp","href":"https:\/\/api.w.org\/{rel}","templated":true}]}}