{"id":594496,"date":"2025-02-12T09:57:14","date_gmt":"2025-02-12T12:57:14","guid":{"rendered":"https:\/\/www.suno.com.br\/noticias\/?p=594496"},"modified":"2025-02-12T09:57:17","modified_gmt":"2025-02-12T12:57:17","slug":"carrefour-crfb3-fechamento-capital-atacadao-btg-gss","status":"publish","type":"post","link":"https:\/\/www.suno.com.br\/noticias\/carrefour-crfb3-fechamento-capital-atacadao-btg-gss\/","title":{"rendered":"Carrefour (CRFB3): entenda poss\u00edvel fechamento de capital"},"content":{"rendered":"<p>O <strong>Carrefour<\/strong> Brasil (<a class=\"suno-keyword\" data-force=\"yes\" data-priority=\"2\" href=\"https:\/\/www.suno.com.br\/analitica\/acoes\/crfb3\/\" target=\"_blank\" rel=\"noopener\">CRFB3<\/a>), dono do Atacad\u00e3o, anunciou uma proposta de fechamento de capital, que envolve sua convers\u00e3o em uma subsidi\u00e1ria integral do grupo franc\u00eas Carrefour S.A. e sua deslistagem do <a class=\"suno-keyword\" data-force=\"no\" data-priority=\"1\" href=\"https:\/\/www.suno.com.br\/artigos\/novo-mercado\/\" target=\"_blank\" rel=\"noopener\">Novo Mercado<\/a> da B3. <\/p>\t<div class=\"wrapper-featured-image\">\n\t\t<figure class=\"spotlightImg\">\n\n\t\t\t<picture>\n\t\t\t\t<source media=\"(max-width: 768px)\" srcset=\"https:\/\/files.sunoresearch.com.br\/n\/uploads\/2020\/12\/d7b61a05-carrefour-400x200.webp\">\n\t\t\t\t<img loading=\"lazy\" decoding=\"async\" class=\"newsContent__article__imgCapa lazyloadDisabled \" src=\"https:\/\/files.sunoresearch.com.br\/n\/uploads\/2020\/12\/d7b61a05-carrefour-800x450.webp\" width=\"800\" height=\"450\" alt=\"Carrefour (CRFB3): entenda poss\u00edvel fechamento de capital\" fetchpriority=high \/>\n\t\t\t<\/picture>\n\n\t\t\t<figcaption class=\"wp-caption-text wp-caption-text--show\">Carrefour Atacad\u00e3o (CRFB3) - Supermercado. Foto: Divulga\u00e7\u00e3o<\/figcaption>\n\t\t<\/figure>\n\t<\/div>\n\n\n\n\n\n\n\n\t<p>\n\t\t<a href=\"https:\/\/lp.suno.com.br\/planilha-da-vida-financeira\/\" target=\"_blank\" data-element=\"shortcode-suno-banner\" title=\"Banner SUNO, clique e saiba mais\">\n\t\t\t<picture>\n\t\t\t\t<source media=\"(max-width: 500px)\" srcset=\"https:\/\/files.sunoresearch.com.br\/n\/uploads\/2023\/04\/400x300-Planilha-vida-financeira-true.png\">\n\t\t\t\t<img class=\"newsContent__article__imgCapa newsContent__article__imgCapa--banner\"\n\t\t\t\t\tsrc=\"https:\/\/files.sunoresearch.com.br\/n\/uploads\/2023\/04\/1420x240-Planilha-vida-financeira-true.png\"\n\t\t\t\t\tdata-promo-id=\"106682\"\t\t\t\t\t\t\t\t\t\twidth='1420' height='240'\t\t\t\t\talt=\"https:\/\/files.sunoresearch.com.br\/n\/uploads\/2023\/04\/1420x240-Planilha-vida-financeira-true.png\"\n\t\t\t\t>\n\t\t\t<\/picture>\n\t\t<\/a>\n\t<\/p>\n\n\n\n\n\n<p>A transa\u00e7\u00e3o prev\u00ea a fus\u00e3o das <strong>a\u00e7\u00f5es do Atacad\u00e3o<\/strong> em uma nova entidade brasileira (<strong>MergerSub<\/strong>), controlada pelo Carrefour, e a troca dessas a\u00e7\u00f5es por ativos resgat\u00e1veis que podem ser convertidos em dinheiro ou a\u00e7\u00f5es do grupo franc\u00eas.<\/p>\n\n\n\n<p>A proposta prev\u00ea um pr\u00eamio de 32,4% sobre o <a class=\"suno-keyword\" target=\"_blank\" data-force=\"no\" data-priority=\"1\" href=\"https:\/\/www.suno.com.br\/artigos\/preco-medio\/\" rel=\"noopener\">pre\u00e7o m\u00e9dio<\/a> ponderado por volume (VWAP) das a\u00e7\u00f5es do <strong>Atacad\u00e3o<\/strong> no m\u00eas anterior a 10 de fevereiro de 2025. Considerando a rela\u00e7\u00e3o de troca com as <strong>a\u00e7\u00f5es do Carrefour <\/strong>S.A. (CSA), listadas na Euronext Paris, o pr\u00eamio oferecido \u00e9 de 27,3%.<\/p>\n\n\n\n<p>Os acionistas do Atacad\u00e3o ter\u00e3o tr\u00eas op\u00e7\u00f5es para a convers\u00e3o de suas a\u00e7\u00f5es:<\/p>\n\n\n\n<ul class=\"wp-block-list\">\n<li><strong>Classe A<\/strong>: Resgate por R$ 7,70 por a\u00e7\u00e3o em dinheiro (vs. R$ 7,10 da cota\u00e7\u00e3o atual).<\/li>\n\n\n\n<li><strong>Classe B<\/strong>: Convers\u00e3o para 0,045454545 a\u00e7\u00f5es da Carrefour S.A. (CSA) ou 0,045454545 BDRs lastreados em a\u00e7\u00f5es da CSA, al\u00e9m de um pagamento adicional de R$ 3,85 por a\u00e7\u00e3o.<\/li>\n\n\n\n<li><strong>Classe C<\/strong>: Convers\u00e3o para 0,090909090 CSA shares ou BDRs lastreados em CSA.<\/li>\n<\/ul>\n\n\n\n<p>A negocia\u00e7\u00e3o da transa\u00e7\u00e3o est\u00e1 sendo conduzida por um Comit\u00ea Especial Independente e, caso aprovada, ser\u00e1 submetida a vota\u00e7\u00e3o dos acionistas minorit\u00e1rios em assembleia geral. A conclus\u00e3o do processo \u00e9 esperada para o final do segundo trimestre de 2025.<\/p>\n\n\n\t<p>\n\t\t<a href=\"https:\/\/lp.suno.com.br\/ebook-como-analisar-uma-acao\/\" target=\"_blank\" data-element=\"shortcode-suno-banner\" title=\"Banner SUNO, clique e saiba mais\">\n\t\t\t<picture>\n\t\t\t\t<source media=\"(max-width: 500px)\" srcset=\"https:\/\/files.sunoresearch.com.br\/n\/uploads\/2023\/03\/Ebook-Acoes-Mobile.jpg\">\n\t\t\t\t<img class=\"newsContent__article__imgCapa newsContent__article__imgCapa--banner\"\n\t\t\t\t\tsrc=\"https:\/\/files.sunoresearch.com.br\/n\/uploads\/2023\/03\/Ebook-Acoes-Desktop.jpg\"\n\t\t\t\t\tdata-promo-id=\"378302\"\t\t\t\t\t\t\t\t\t\twidth='1420' height='286'\t\t\t\t\talt=\"https:\/\/files.sunoresearch.com.br\/n\/uploads\/2023\/03\/Ebook-Acoes-Desktop.jpg\"\n\t\t\t\t>\n\t\t\t<\/picture>\n\t\t<\/a>\n\t<\/p>\n\n\n\n\n\n<h3 class=\"wp-block-heading\"><strong>Motiva\u00e7\u00f5es e impactos da proposta<\/strong><\/h3>\n\n\n\n<p>Segundo relat\u00f3rio do BTG Pactual, o desempenho fraco do Atacad\u00e3o nos \u00faltimos trimestres, aliado \u00e0 sua alavancagem elevada, foram fatores determinantes para a proposta do Carrefour S.A. <\/p>\n\n\n\n<p>As <strong>a\u00e7\u00f5es CRFB3<\/strong> acumulam queda de 39% nos \u00faltimos 12 meses e a companhia possui um empr\u00e9stimo intercompany de R$ 8,6 bilh\u00f5es com sua controladora francesa.<\/p>\n\n\n\n<p>Al\u00e9m disso, a <strong>fam\u00edlia Diniz<\/strong>, que det\u00e9m 9,2% do Carrefour Global e 10,2% do <strong>Carrefour Brasil<\/strong>, manifestou interesse em vender suas participa\u00e7\u00f5es, o que pode ter acelerado a decis\u00e3o do grupo franc\u00eas, diz o BTG.<\/p>\n\n\n\n<p>O relat\u00f3rio afirma que, mesmo com o fechamento de capital, a estrat\u00e9gia do Atacad\u00e3o para 2025 seguir\u00e1 conservadora, com foco na aloca\u00e7\u00e3o de capital e na otimiza\u00e7\u00e3o do portf\u00f3lio de lojas. <\/p>\n\n\n\n<p>O cen\u00e1rio competitivo no varejo alimentar, especialmente na divis\u00e3o de atacarejo, segue desafiador, dizem os analistas, e a empresa ainda enfrenta dificuldades na integra\u00e7\u00e3o do <strong>Grupo BIG<\/strong>, adquirido em 2021.<\/p>\n\n\n\n<p>O BTG Pactual avalia que, apesar das dificuldades de <a class=\"suno-keyword\" target=\"_blank\" data-force=\"no\" data-priority=\"1\" href=\"https:\/\/www.suno.com.br\/artigos\/curto-prazo\/\" rel=\"noopener\">curto prazo<\/a>, os <strong>resultados do Atacad\u00e3o<\/strong> podem melhorar gradualmente nos pr\u00f3ximos trimestres, impulsionados pela otimiza\u00e7\u00e3o da opera\u00e7\u00e3o e pela recupera\u00e7\u00e3o da infla\u00e7\u00e3o de alimentos. No entanto, incertezas sobre o impacto da infla\u00e7\u00e3o no volume de vendas e os desafios operacionais mant\u00eam a empresa sob press\u00e3o no curto prazo.<\/p>\n\n\n\n<p>Nesta ter\u00e7a-feira (11), em linha com a not\u00edcia, o <strong>Carrefour<\/strong> encerrou a sess\u00e3o em alta de 10,08%, com as a\u00e7\u00f5es CRFB3 cotadas a R$ 7,10.<\/p>\n\n\n\t<p>\n\t\t<a href=\"https:\/\/lp.suno.com.br\/planilha-da-vida-financeira\/\" target=\"_blank\" data-element=\"shortcode-suno-banner\" title=\"Banner SUNO, clique e saiba mais\">\n\t\t\t<picture>\n\t\t\t\t<source media=\"(max-width: 500px)\" srcset=\"https:\/\/files.sunoresearch.com.br\/n\/uploads\/2023\/04\/400x300-Planilha-vida-financeira-true.png\">\n\t\t\t\t<img class=\"newsContent__article__imgCapa newsContent__article__imgCapa--banner\"\n\t\t\t\t\tsrc=\"https:\/\/files.sunoresearch.com.br\/n\/uploads\/2023\/04\/1420x240-Planilha-vida-financeira-true.png\"\n\t\t\t\t\tdata-promo-id=\"383123\"\t\t\t\t\t\t\t\t\t\twidth='1420' height='240'\t\t\t\t\talt=\"https:\/\/files.sunoresearch.com.br\/n\/uploads\/2023\/04\/1420x240-Planilha-vida-financeira-true.png\"\n\t\t\t\t>\n\t\t\t<\/picture>\n\t\t<\/a>\n\t<\/p>\n\n\n","protected":false},"excerpt":{"rendered":"<p>O Carrefour Brasil (CRFB3), dono do Atacad\u00e3o, anunciou uma proposta de fechamento de capital, que envolve sua convers\u00e3o em uma subsidi\u00e1ria integral do grupo franc\u00eas Carrefour S.A. e sua deslistagem do Novo Mercado da B3. Carrefour Atacad\u00e3o (CRFB3) &#8211; Supermercado. Foto: Divulga\u00e7\u00e3o A transa\u00e7\u00e3o prev\u00ea a fus\u00e3o das a\u00e7\u00f5es do Atacad\u00e3o em uma nova entidade [&hellip;]<\/p>\n","protected":false},"author":376,"featured_media":108886,"comment_status":"closed","ping_status":"closed","sticky":false,"template":"","format":"standard","meta":[],"categories":[64],"tags":[405],"suno_strategy":[],"class_list":["post-594496","post","type-post","status-publish","format-standard","has-post-thumbnail","hentry","category-negocios","tag-carrefour-crfb3"],"yoast_head":"<!-- This site is optimized with the Yoast SEO plugin v24.4 - https:\/\/yoast.com\/wordpress\/plugins\/seo\/ -->\n<title>Carrefour (CRFB3): entenda poss\u00edvel fechamento de capital<\/title>\n<meta name=\"description\" content=\"O Carrefour Brasil, dono do Atacad\u00e3o, pode fechar seu capital no Brasil. Clique para entender o contexto e os impactos do poss\u00edvel movimento.\" \/>\n<meta name=\"robots\" content=\"index, follow, max-snippet:-1, max-image-preview:large, max-video-preview:-1\" \/>\n<link rel=\"canonical\" href=\"https:\/\/www.suno.com.br\/noticias\/carrefour-crfb3-fechamento-capital-atacadao-btg-gss\/\" \/>\n<meta property=\"og:locale\" content=\"pt_BR\" \/>\n<meta property=\"og:type\" content=\"article\" \/>\n<meta property=\"og:title\" content=\"Carrefour (CRFB3): entenda poss\u00edvel fechamento de capital\" \/>\n<meta property=\"og:description\" content=\"O Carrefour Brasil, dono do Atacad\u00e3o, pode fechar seu capital no Brasil. Clique para entender o contexto e os impactos do poss\u00edvel movimento.\" \/>\n<meta property=\"og:url\" content=\"https:\/\/www.suno.com.br\/noticias\/carrefour-crfb3-fechamento-capital-atacadao-btg-gss\/\" \/>\n<meta property=\"og:site_name\" content=\"Suno Not\u00edcias\" \/>\n<meta property=\"article:publisher\" content=\"https:\/\/facebook.com\/sunoresearch\" \/>\n<meta property=\"og:image\" content=\"https:\/\/files.sunoresearch.com.br\/n\/uploads\/2020\/12\/d7b61a05-carrefour.jpg\" \/>\n\t<meta property=\"og:image:width\" content=\"1380\" \/>\n\t<meta property=\"og:image:height\" content=\"920\" \/>\n\t<meta property=\"og:image:type\" content=\"image\/jpeg\" \/>\n<meta name=\"author\" content=\"Guilherme Serrano\" \/>\n<meta name=\"twitter:card\" content=\"summary_large_image\" \/>\n<meta name=\"twitter:creator\" content=\"@sunoresearch\" \/>\n<meta name=\"twitter:site\" content=\"@sunoresearch\" \/>\n<meta name=\"twitter:label1\" content=\"Escrito por\" \/>\n\t<meta name=\"twitter:data1\" content=\"Guilherme Serrano\" \/>\n\t<meta name=\"twitter:label2\" content=\"Est. tempo de leitura\" \/>\n\t<meta name=\"twitter:data2\" content=\"3 minutos\" \/>\n<script type=\"application\/ld+json\" class=\"yoast-schema-graph\">{\"@context\":\"https:\/\/schema.org\",\"@graph\":[{\"@type\":\"NewsArticle\",\"@id\":\"https:\/\/www.suno.com.br\/noticias\/carrefour-crfb3-fechamento-capital-atacadao-btg-gss\/#article\",\"isPartOf\":{\"@id\":\"https:\/\/www.suno.com.br\/noticias\/carrefour-crfb3-fechamento-capital-atacadao-btg-gss\/\"},\"author\":{\"name\":\"Guilherme Serrano\",\"@id\":\"https:\/\/www.suno.com.br\/noticias\/#\/schema\/person\/d0f07e64bce64aa671feadfb844f04ca\"},\"headline\":\"Carrefour (CRFB3): entenda poss\u00edvel fechamento de capital\",\"datePublished\":\"2025-02-12T12:57:14+00:00\",\"dateModified\":\"2025-02-12T12:57:17+00:00\",\"mainEntityOfPage\":{\"@id\":\"https:\/\/www.suno.com.br\/noticias\/carrefour-crfb3-fechamento-capital-atacadao-btg-gss\/\"},\"wordCount\":537,\"publisher\":{\"@id\":\"https:\/\/www.suno.com.br\/noticias\/#organization\"},\"image\":{\"@id\":\"https:\/\/www.suno.com.br\/noticias\/carrefour-crfb3-fechamento-capital-atacadao-btg-gss\/#primaryimage\"},\"thumbnailUrl\":\"https:\/\/files.sunoresearch.com.br\/n\/uploads\/2020\/12\/d7b61a05-carrefour-jpg.webp\",\"keywords\":[\"Carrefour (CRFB3)\"],\"articleSection\":[\"Neg\u00f3cios\"],\"inLanguage\":\"pt-BR\"},{\"@type\":\"WebPage\",\"@id\":\"https:\/\/www.suno.com.br\/noticias\/carrefour-crfb3-fechamento-capital-atacadao-btg-gss\/\",\"url\":\"https:\/\/www.suno.com.br\/noticias\/carrefour-crfb3-fechamento-capital-atacadao-btg-gss\/\",\"name\":\"Carrefour (CRFB3): entenda poss\u00edvel fechamento de capital\",\"isPartOf\":{\"@id\":\"https:\/\/www.suno.com.br\/noticias\/#website\"},\"primaryImageOfPage\":{\"@id\":\"https:\/\/www.suno.com.br\/noticias\/carrefour-crfb3-fechamento-capital-atacadao-btg-gss\/#primaryimage\"},\"image\":{\"@id\":\"https:\/\/www.suno.com.br\/noticias\/carrefour-crfb3-fechamento-capital-atacadao-btg-gss\/#primaryimage\"},\"thumbnailUrl\":\"https:\/\/files.sunoresearch.com.br\/n\/uploads\/2020\/12\/d7b61a05-carrefour-jpg.webp\",\"datePublished\":\"2025-02-12T12:57:14+00:00\",\"dateModified\":\"2025-02-12T12:57:17+00:00\",\"description\":\"O Carrefour Brasil, dono do Atacad\u00e3o, pode fechar seu capital no Brasil. Clique para entender o contexto e os impactos do poss\u00edvel movimento.\",\"breadcrumb\":{\"@id\":\"https:\/\/www.suno.com.br\/noticias\/carrefour-crfb3-fechamento-capital-atacadao-btg-gss\/#breadcrumb\"},\"inLanguage\":\"pt-BR\",\"potentialAction\":[{\"@type\":\"ReadAction\",\"target\":[\"https:\/\/www.suno.com.br\/noticias\/carrefour-crfb3-fechamento-capital-atacadao-btg-gss\/\"]}]},{\"@type\":\"ImageObject\",\"inLanguage\":\"pt-BR\",\"@id\":\"https:\/\/www.suno.com.br\/noticias\/carrefour-crfb3-fechamento-capital-atacadao-btg-gss\/#primaryimage\",\"url\":\"https:\/\/files.sunoresearch.com.br\/n\/uploads\/2020\/12\/d7b61a05-carrefour-jpg.webp\",\"contentUrl\":\"https:\/\/files.sunoresearch.com.br\/n\/uploads\/2020\/12\/d7b61a05-carrefour-jpg.webp\",\"width\":1380,\"height\":920,\"caption\":\"Carrefour Atacad\u00e3o (CRFB3) - Supermercado. Foto: Divulga\u00e7\u00e3o\"},{\"@type\":\"BreadcrumbList\",\"@id\":\"https:\/\/www.suno.com.br\/noticias\/carrefour-crfb3-fechamento-capital-atacadao-btg-gss\/#breadcrumb\",\"itemListElement\":[{\"@type\":\"ListItem\",\"position\":1,\"name\":\"Not\u00edcias\",\"item\":\"https:\/\/www.suno.com.br\/noticias\/\"},{\"@type\":\"ListItem\",\"position\":2,\"name\":\"Neg\u00f3cios\",\"item\":\"https:\/\/www.suno.com.br\/noticias\/negocios\/\"},{\"@type\":\"ListItem\",\"position\":3,\"name\":\"Carrefour (CRFB3): entenda poss\u00edvel fechamento de capital\"}]},{\"@type\":\"WebSite\",\"@id\":\"https:\/\/www.suno.com.br\/noticias\/#website\",\"url\":\"https:\/\/www.suno.com.br\/noticias\/\",\"name\":\"Suno Not\u00edcias\",\"description\":\"Seu portal de informa\u00e7\u00e3o sobre o mundo dos investimentos\",\"publisher\":{\"@id\":\"https:\/\/www.suno.com.br\/noticias\/#organization\"},\"potentialAction\":[{\"@type\":\"SearchAction\",\"target\":{\"@type\":\"EntryPoint\",\"urlTemplate\":\"https:\/\/www.suno.com.br\/noticias\/?s={search_term_string}\"},\"query-input\":{\"@type\":\"PropertyValueSpecification\",\"valueRequired\":true,\"valueName\":\"search_term_string\"}}],\"inLanguage\":\"pt-BR\"},{\"@type\":\"Organization\",\"@id\":\"https:\/\/www.suno.com.br\/noticias\/#organization\",\"name\":\"Suno Not\u00edcias\",\"url\":\"https:\/\/www.suno.com.br\/noticias\/\",\"logo\":{\"@type\":\"ImageObject\",\"inLanguage\":\"pt-BR\",\"@id\":\"https:\/\/www.suno.com.br\/noticias\/#\/schema\/logo\/image\/\",\"url\":\"https:\/\/files.sunoresearch.com.br\/n\/uploads\/2021\/09\/suno-logo.png\",\"contentUrl\":\"https:\/\/files.sunoresearch.com.br\/n\/uploads\/2021\/09\/suno-logo.png\",\"width\":180,\"height\":180,\"caption\":\"Suno Not\u00edcias\"},\"image\":{\"@id\":\"https:\/\/www.suno.com.br\/noticias\/#\/schema\/logo\/image\/\"},\"sameAs\":[\"https:\/\/facebook.com\/sunoresearch\",\"https:\/\/x.com\/sunoresearch\",\"https:\/\/www.instagram.com\/suno\",\"https:\/\/www.linkedin.com\/company\/suno-research\/\",\"https:\/\/www.youtube.com\/c\/sunoresearch\"]},{\"@type\":\"Person\",\"@id\":\"https:\/\/www.suno.com.br\/noticias\/#\/schema\/person\/d0f07e64bce64aa671feadfb844f04ca\",\"name\":\"Guilherme Serrano\",\"image\":{\"@type\":\"ImageObject\",\"inLanguage\":\"pt-BR\",\"@id\":\"https:\/\/www.suno.com.br\/noticias\/#\/schema\/person\/image\/\",\"url\":\"https:\/\/secure.gravatar.com\/avatar\/a90be19d8c67bef61497e4522de30ac4?s=96&r=g\",\"contentUrl\":\"https:\/\/secure.gravatar.com\/avatar\/a90be19d8c67bef61497e4522de30ac4?s=96&r=g\",\"caption\":\"Guilherme Serrano\"},\"description\":\"Jornalista formado pela Faculdade C\u00e1sper L\u00edbero e p\u00f3s-graduado em Can\u00e7\u00e3o Popular pela Faculdade Santa Marcelina. Passagens por R\u00e1dio Gazeta AM, gazetaesportiva.com e TC R\u00e1dio.\",\"url\":\"https:\/\/www.suno.com.br\/noticias\/author\/guilherme-silvasuno-com-br\/\"}]}<\/script>\n<!-- \/ Yoast SEO plugin. -->","yoast_head_json":{"title":"Carrefour (CRFB3): entenda poss\u00edvel fechamento de capital","description":"O Carrefour Brasil, dono do Atacad\u00e3o, pode fechar seu capital no Brasil. Clique para entender o contexto e os impactos do poss\u00edvel movimento.","robots":{"index":"index","follow":"follow","max-snippet":"max-snippet:-1","max-image-preview":"max-image-preview:large","max-video-preview":"max-video-preview:-1"},"canonical":"https:\/\/www.suno.com.br\/noticias\/carrefour-crfb3-fechamento-capital-atacadao-btg-gss\/","og_locale":"pt_BR","og_type":"article","og_title":"Carrefour (CRFB3): entenda poss\u00edvel fechamento de capital","og_description":"O Carrefour Brasil, dono do Atacad\u00e3o, pode fechar seu capital no Brasil. Clique para entender o contexto e os impactos do poss\u00edvel movimento.","og_url":"https:\/\/www.suno.com.br\/noticias\/carrefour-crfb3-fechamento-capital-atacadao-btg-gss\/","og_site_name":"Suno Not\u00edcias","article_publisher":"https:\/\/facebook.com\/sunoresearch","og_image":[{"width":1380,"height":920,"url":"https:\/\/files.sunoresearch.com.br\/n\/uploads\/2020\/12\/d7b61a05-carrefour.jpg","type":"image\/jpeg"}],"author":"Guilherme Serrano","twitter_card":"summary_large_image","twitter_creator":"@sunoresearch","twitter_site":"@sunoresearch","twitter_misc":{"Escrito por":"Guilherme Serrano","Est. tempo de leitura":"3 minutos"},"schema":{"@context":"https:\/\/schema.org","@graph":[{"@type":"NewsArticle","@id":"https:\/\/www.suno.com.br\/noticias\/carrefour-crfb3-fechamento-capital-atacadao-btg-gss\/#article","isPartOf":{"@id":"https:\/\/www.suno.com.br\/noticias\/carrefour-crfb3-fechamento-capital-atacadao-btg-gss\/"},"author":{"name":"Guilherme Serrano","@id":"https:\/\/www.suno.com.br\/noticias\/#\/schema\/person\/d0f07e64bce64aa671feadfb844f04ca"},"headline":"Carrefour (CRFB3): entenda poss\u00edvel fechamento de capital","datePublished":"2025-02-12T12:57:14+00:00","dateModified":"2025-02-12T12:57:17+00:00","mainEntityOfPage":{"@id":"https:\/\/www.suno.com.br\/noticias\/carrefour-crfb3-fechamento-capital-atacadao-btg-gss\/"},"wordCount":537,"publisher":{"@id":"https:\/\/www.suno.com.br\/noticias\/#organization"},"image":{"@id":"https:\/\/www.suno.com.br\/noticias\/carrefour-crfb3-fechamento-capital-atacadao-btg-gss\/#primaryimage"},"thumbnailUrl":"https:\/\/files.sunoresearch.com.br\/n\/uploads\/2020\/12\/d7b61a05-carrefour-jpg.webp","keywords":["Carrefour (CRFB3)"],"articleSection":["Neg\u00f3cios"],"inLanguage":"pt-BR"},{"@type":"WebPage","@id":"https:\/\/www.suno.com.br\/noticias\/carrefour-crfb3-fechamento-capital-atacadao-btg-gss\/","url":"https:\/\/www.suno.com.br\/noticias\/carrefour-crfb3-fechamento-capital-atacadao-btg-gss\/","name":"Carrefour (CRFB3): entenda poss\u00edvel fechamento de capital","isPartOf":{"@id":"https:\/\/www.suno.com.br\/noticias\/#website"},"primaryImageOfPage":{"@id":"https:\/\/www.suno.com.br\/noticias\/carrefour-crfb3-fechamento-capital-atacadao-btg-gss\/#primaryimage"},"image":{"@id":"https:\/\/www.suno.com.br\/noticias\/carrefour-crfb3-fechamento-capital-atacadao-btg-gss\/#primaryimage"},"thumbnailUrl":"https:\/\/files.sunoresearch.com.br\/n\/uploads\/2020\/12\/d7b61a05-carrefour-jpg.webp","datePublished":"2025-02-12T12:57:14+00:00","dateModified":"2025-02-12T12:57:17+00:00","description":"O Carrefour Brasil, dono do Atacad\u00e3o, pode fechar seu capital no Brasil. Clique para entender o contexto e os impactos do poss\u00edvel movimento.","breadcrumb":{"@id":"https:\/\/www.suno.com.br\/noticias\/carrefour-crfb3-fechamento-capital-atacadao-btg-gss\/#breadcrumb"},"inLanguage":"pt-BR","potentialAction":[{"@type":"ReadAction","target":["https:\/\/www.suno.com.br\/noticias\/carrefour-crfb3-fechamento-capital-atacadao-btg-gss\/"]}]},{"@type":"ImageObject","inLanguage":"pt-BR","@id":"https:\/\/www.suno.com.br\/noticias\/carrefour-crfb3-fechamento-capital-atacadao-btg-gss\/#primaryimage","url":"https:\/\/files.sunoresearch.com.br\/n\/uploads\/2020\/12\/d7b61a05-carrefour-jpg.webp","contentUrl":"https:\/\/files.sunoresearch.com.br\/n\/uploads\/2020\/12\/d7b61a05-carrefour-jpg.webp","width":1380,"height":920,"caption":"Carrefour Atacad\u00e3o (CRFB3) - Supermercado. Foto: Divulga\u00e7\u00e3o"},{"@type":"BreadcrumbList","@id":"https:\/\/www.suno.com.br\/noticias\/carrefour-crfb3-fechamento-capital-atacadao-btg-gss\/#breadcrumb","itemListElement":[{"@type":"ListItem","position":1,"name":"Not\u00edcias","item":"https:\/\/www.suno.com.br\/noticias\/"},{"@type":"ListItem","position":2,"name":"Neg\u00f3cios","item":"https:\/\/www.suno.com.br\/noticias\/negocios\/"},{"@type":"ListItem","position":3,"name":"Carrefour (CRFB3): entenda poss\u00edvel fechamento de capital"}]},{"@type":"WebSite","@id":"https:\/\/www.suno.com.br\/noticias\/#website","url":"https:\/\/www.suno.com.br\/noticias\/","name":"Suno Not\u00edcias","description":"Seu portal de informa\u00e7\u00e3o sobre o mundo dos investimentos","publisher":{"@id":"https:\/\/www.suno.com.br\/noticias\/#organization"},"potentialAction":[{"@type":"SearchAction","target":{"@type":"EntryPoint","urlTemplate":"https:\/\/www.suno.com.br\/noticias\/?s={search_term_string}"},"query-input":{"@type":"PropertyValueSpecification","valueRequired":true,"valueName":"search_term_string"}}],"inLanguage":"pt-BR"},{"@type":"Organization","@id":"https:\/\/www.suno.com.br\/noticias\/#organization","name":"Suno Not\u00edcias","url":"https:\/\/www.suno.com.br\/noticias\/","logo":{"@type":"ImageObject","inLanguage":"pt-BR","@id":"https:\/\/www.suno.com.br\/noticias\/#\/schema\/logo\/image\/","url":"https:\/\/files.sunoresearch.com.br\/n\/uploads\/2021\/09\/suno-logo.png","contentUrl":"https:\/\/files.sunoresearch.com.br\/n\/uploads\/2021\/09\/suno-logo.png","width":180,"height":180,"caption":"Suno Not\u00edcias"},"image":{"@id":"https:\/\/www.suno.com.br\/noticias\/#\/schema\/logo\/image\/"},"sameAs":["https:\/\/facebook.com\/sunoresearch","https:\/\/x.com\/sunoresearch","https:\/\/www.instagram.com\/suno","https:\/\/www.linkedin.com\/company\/suno-research\/","https:\/\/www.youtube.com\/c\/sunoresearch"]},{"@type":"Person","@id":"https:\/\/www.suno.com.br\/noticias\/#\/schema\/person\/d0f07e64bce64aa671feadfb844f04ca","name":"Guilherme Serrano","image":{"@type":"ImageObject","inLanguage":"pt-BR","@id":"https:\/\/www.suno.com.br\/noticias\/#\/schema\/person\/image\/","url":"https:\/\/secure.gravatar.com\/avatar\/a90be19d8c67bef61497e4522de30ac4?s=96&r=g","contentUrl":"https:\/\/secure.gravatar.com\/avatar\/a90be19d8c67bef61497e4522de30ac4?s=96&r=g","caption":"Guilherme Serrano"},"description":"Jornalista formado pela Faculdade C\u00e1sper L\u00edbero e p\u00f3s-graduado em Can\u00e7\u00e3o Popular pela Faculdade Santa Marcelina. Passagens por R\u00e1dio Gazeta AM, gazetaesportiva.com e TC R\u00e1dio.","url":"https:\/\/www.suno.com.br\/noticias\/author\/guilherme-silvasuno-com-br\/"}]}},"default_loop_html":"<div class=\"cardsPage__listCard__boxs\"><div class=\"cardsPage__listCard__boxs__img\"><a href=\"https:\/\/www.suno.com.br\/noticias\/carrefour-crfb3-fechamento-capital-atacadao-btg-gss\/\"><img class=\"mask\" src=\"https:\/\/www.suno.com.br\/noticias\/wp-content\/themes\/suno\/resources\/images\/spotlight\/spotlight1img\/bg-mask.png\" alt=\"Image Mask\"\/><img src=\"https:\/\/files.sunoresearch.com.br\/n\/uploads\/2020\/12\/d7b61a05-carrefour-400x200.webp\" alt=\"Carrefour (CRFB3): entenda poss\u00edvel fechamento de capital\"\/><\/a><span class=\"spotlightCategory\"><a href=\"https:\/\/www.suno.com.br\/noticias\/negocios\/\">Neg\u00f3cios<\/a><\/span><\/div><div class=\"cardsPage__listCard__boxs__content\"><a href=\"https:\/\/www.suno.com.br\/noticias\/carrefour-crfb3-fechamento-capital-atacadao-btg-gss\/\"><h2 class=\"content__title\">Carrefour (CRFB3): entenda poss\u00edvel fechamento de capital<\/h2><\/a><div class=\"newsContent__article__meta\"><div class=\"newsContent__article__meta__authorBox\"><a href=\"https:\/\/www.suno.com.br\/noticias\/author\/guilherme-silvasuno-com-br\/\" class=\"authorBox__avatar noMobi\"><img src=\"https:\/\/secure.gravatar.com\/avatar\/a90be19d8c67bef61497e4522de30ac4?s=96&#038;r=g\" alt=\"Guilherme Serrano\"><\/a><div class=\"authorBox__name\"><span>por\n\t\t\t<a href=\"https:\/\/www.suno.com.br\/noticias\/author\/guilherme-silvasuno-com-br\/\"><span itemprop=\"author\">Guilherme Serrano<\/span><\/a><\/span><time datetime=\"2025-02-12T09:57:14-03:00\" itemprop=\"datePublished\">12\/02\/2025 09:57<\/time><\/div><\/div><\/div><\/div><\/div>","single_layout":"posts","amp_enabled":true,"_links":{"self":[{"href":"https:\/\/www.suno.com.br\/noticias\/wp-json\/wp\/v2\/posts\/594496"}],"collection":[{"href":"https:\/\/www.suno.com.br\/noticias\/wp-json\/wp\/v2\/posts"}],"about":[{"href":"https:\/\/www.suno.com.br\/noticias\/wp-json\/wp\/v2\/types\/post"}],"author":[{"embeddable":true,"href":"https:\/\/www.suno.com.br\/noticias\/wp-json\/wp\/v2\/users\/376"}],"replies":[{"embeddable":true,"href":"https:\/\/www.suno.com.br\/noticias\/wp-json\/wp\/v2\/comments?post=594496"}],"version-history":[{"count":2,"href":"https:\/\/www.suno.com.br\/noticias\/wp-json\/wp\/v2\/posts\/594496\/revisions"}],"predecessor-version":[{"id":594500,"href":"https:\/\/www.suno.com.br\/noticias\/wp-json\/wp\/v2\/posts\/594496\/revisions\/594500"}],"wp:featuredmedia":[{"embeddable":true,"href":"https:\/\/www.suno.com.br\/noticias\/wp-json\/wp\/v2\/media\/108886"}],"wp:attachment":[{"href":"https:\/\/www.suno.com.br\/noticias\/wp-json\/wp\/v2\/media?parent=594496"}],"wp:term":[{"taxonomy":"category","embeddable":true,"href":"https:\/\/www.suno.com.br\/noticias\/wp-json\/wp\/v2\/categories?post=594496"},{"taxonomy":"post_tag","embeddable":true,"href":"https:\/\/www.suno.com.br\/noticias\/wp-json\/wp\/v2\/tags?post=594496"},{"taxonomy":"suno_strategy","embeddable":true,"href":"https:\/\/www.suno.com.br\/noticias\/wp-json\/wp\/v2\/suno_strategy?post=594496"}],"curies":[{"name":"wp","href":"https:\/\/api.w.org\/{rel}","templated":true}]}}